{"id":28043,"date":"2022-10-19T15:50:46","date_gmt":"2022-10-19T18:50:46","guid":{"rendered":"https:\/\/med.estrategia.com\/portal\/?p=28043"},"modified":"2022-10-19T15:50:51","modified_gmt":"2022-10-19T18:50:51","slug":"hospital-san-julian-tudo-sobre-a-ultima-selecao-para-residencia-medica","status":"publish","type":"post","link":"https:\/\/med.estrategia.com\/portal\/residencia-medica\/hospital-san-julian-tudo-sobre-a-ultima-selecao-para-residencia-medica\/","title":{"rendered":"Hospital San Julian: tudo sobre a \u00faltima sele\u00e7\u00e3o para Resid\u00eancia M\u00e9dica!"},"content":{"rendered":"<p>Vem dar uma olhada nas principais informa&ccedil;&otilde;es do edital 2021\/2022 para Resid&ecirc;ncia M&eacute;dica do Hospital San Julian que o Estrat&eacute;gia MED separou para voc&ecirc;!<div id=\"ez-toc-container\" class=\"ez-toc-v2_0_79_2 counter-hierarchy ez-toc-counter ez-toc-transparent ez-toc-container-direction\">\n<div class=\"ez-toc-title-container\"><p class=\"ez-toc-title\" style=\"cursor:inherit\">Navegue pelo conte\u00fado<\/p>\n<\/div><nav><ul class='ez-toc-list ez-toc-list-level-1 ' ><li class='ez-toc-page-1 ez-toc-heading-level-2'><a class=\"ez-toc-link ez-toc-heading-1\" href=\"https:\/\/med.estrategia.com\/portal\/residencia-medica\/hospital-san-julian-tudo-sobre-a-ultima-selecao-para-residencia-medica\/#O-Hospital-San-Julian\" >O Hospital San Julian<\/a><\/li><li class='ez-toc-page-1 ez-toc-heading-level-2'><a class=\"ez-toc-link ez-toc-heading-2\" href=\"https:\/\/med.estrategia.com\/portal\/residencia-medica\/hospital-san-julian-tudo-sobre-a-ultima-selecao-para-residencia-medica\/#Cronograma-Hospital-San-Julian-2022\" >Cronograma Hospital San Julian 2022<\/a><\/li><li class='ez-toc-page-1 ez-toc-heading-level-2'><a class=\"ez-toc-link ez-toc-heading-3\" href=\"https:\/\/med.estrategia.com\/portal\/residencia-medica\/hospital-san-julian-tudo-sobre-a-ultima-selecao-para-residencia-medica\/#Inscricoes-e-vagas-oferecidas\" >Inscri&ccedil;&otilde;es e vagas oferecidas<\/a><\/li><li class='ez-toc-page-1 ez-toc-heading-level-2'><a class=\"ez-toc-link ez-toc-heading-4\" href=\"https:\/\/med.estrategia.com\/portal\/residencia-medica\/hospital-san-julian-tudo-sobre-a-ultima-selecao-para-residencia-medica\/#Sobre-o-processo-seletivo\" >Sobre o processo seletivo<\/a><\/li><li class='ez-toc-page-1 ez-toc-heading-level-2'><a class=\"ez-toc-link ez-toc-heading-5\" href=\"https:\/\/med.estrategia.com\/portal\/residencia-medica\/hospital-san-julian-tudo-sobre-a-ultima-selecao-para-residencia-medica\/#Resultado-final-e-matricula\" >Resultado final e matr&iacute;cula<\/a><\/li><li class='ez-toc-page-1 ez-toc-heading-level-2'><a class=\"ez-toc-link ez-toc-heading-6\" href=\"https:\/\/med.estrategia.com\/portal\/residencia-medica\/hospital-san-julian-tudo-sobre-a-ultima-selecao-para-residencia-medica\/#Voce-tambem-pode-se-interessar-por\" >Voc&ecirc; tamb&eacute;m pode se interessar por:<\/a><\/li><\/ul><\/nav><\/div>\n<h2 class=\"wp-block-heading\" id=\"h-o-hospital-san-julian\"><span class=\"ez-toc-section\" id=\"O-Hospital-San-Julian\"><\/span><strong>O Hospital San Julian<\/strong><span class=\"ez-toc-section-end\"><\/span><\/h2><p>Com foco na sa&uacute;de mental de seus pacientes, o Hospital San Julian foi fundado em 1968 na cidade de Piraquara, Paran&aacute;, por onze profissionais de diversas &aacute;reas.<br>Desde 2004 &eacute; mantido pela Associa&ccedil;&atilde;o San Julian Amigos e Colaboradores, institui&ccedil;&atilde;o filantr&oacute;pica sem fins lucrativos, e exerce exclusivamente suas atividades para o Sistema &Uacute;nico de Sa&uacute;de (SUS).<br><br>Hoje conta com uma equipe formada por m&eacute;dicos, enfermeiros, psic&oacute;logos, nutricionistas e outros para um completo e melhor atendimento.<\/p><figure class=\"wp-block-image size-large\"><img decoding=\"async\" width=\"1024\" height=\"462\" src=\"https:\/\/med.estrategia.com\/portal\/wp-content\/uploads\/2021\/09\/fachada-hospital-san-julian-1024x462.webp\" alt=\"Fachada Hospital San Julian\" class=\"wp-image-10650\" srcset=\"https:\/\/med.estrategia.com\/portal\/wp-content\/uploads\/2021\/09\/fachada-hospital-san-julian-1024x462.webp 1024w, https:\/\/med.estrategia.com\/portal\/wp-content\/uploads\/2021\/09\/fachada-hospital-san-julian-300x135.webp 300w, https:\/\/med.estrategia.com\/portal\/wp-content\/uploads\/2021\/09\/fachada-hospital-san-julian-768x346.webp 768w, https:\/\/med.estrategia.com\/portal\/wp-content\/uploads\/2021\/09\/fachada-hospital-san-julian-380x171.webp 380w, https:\/\/med.estrategia.com\/portal\/wp-content\/uploads\/2021\/09\/fachada-hospital-san-julian-800x361.webp 800w, https:\/\/med.estrategia.com\/portal\/wp-content\/uploads\/2021\/09\/fachada-hospital-san-julian-1160x523.webp 1160w, https:\/\/med.estrategia.com\/portal\/wp-content\/uploads\/2021\/09\/fachada-hospital-san-julian.jpg 1341w\" sizes=\"(max-width: 1024px) 100vw, 1024px\" \/><figcaption>Divulga&ccedil;&atilde;o: <a href=\"https:\/\/sanjulian.org.br\/\" target=\"_blank\">Hospital San Julian<\/a><\/figcaption><\/figure><h2 class=\"wp-block-heading\" id=\"h-cronograma-hospital-san-julian-2022\"><span class=\"ez-toc-section\" id=\"Cronograma-Hospital-San-Julian-2022\"><\/span><strong>Cronograma Hospital San Julian 2022<\/strong><span class=\"ez-toc-section-end\"><\/span><\/h2><ul class=\"wp-block-list\"><li><strong>Per&iacute;odo de Inscri&ccedil;&otilde;es:<\/strong> 11\/08\/2021 a 17\/01\/2022;<\/li><li><strong>Taxa de inscri&ccedil;&atilde;o:<\/strong> R$550,00;<\/li><li><strong>Prova Objetiva 1&ordf; fase:<\/strong> 18\/01\/2022;<\/li><li><strong>Gabarito 1&ordf; fase:<\/strong> 19\/01\/2022;&nbsp;<\/li><li><strong>Recurso para prova objetiva:<\/strong> at&eacute; 21\/01\/2022;<\/li><li><strong>Resultado 1&ordf; fase:<\/strong> 24\/01\/2022;<\/li><li><strong>Entrevista 2&ordf; fase:<\/strong> 27\/02\/2022;<\/li><li><strong>Resultado 2&ordf; fase:<\/strong> 31\/01\/\/2022;&nbsp;&nbsp;<\/li><li><strong>Recurso 2&ordf; fase:<\/strong> at&eacute;&nbsp; 02\/02\/2022;<\/li><li><strong>Resultado final:<\/strong> 04\/02\/2022;&nbsp;<\/li><li><strong>Matr&iacute;culas:<\/strong> 09 a 11\/02\/2022;<\/li><li><strong>Reuni&atilde;o Inicial:<\/strong> 08\/02\/\/2022.<\/li><\/ul><h2 class=\"wp-block-heading\" id=\"h-inscricoes-e-vagas-oferecidas\"><span class=\"ez-toc-section\" id=\"Inscricoes-e-vagas-oferecidas\"><\/span><strong>Inscri&ccedil;&otilde;es e vagas oferecidas<\/strong><span class=\"ez-toc-section-end\"><\/span><\/h2><p><strong>As inscri&ccedil;&otilde;es<\/strong> para o programa de Resid&ecirc;ncia M&eacute;dica do Hospital San Julian <strong>ficaram abertas <\/strong>entre os dias 14 de agosto<strong> <\/strong>e <strong>17 de janeiro de 2022, &agrave;s 23h59.<\/strong><br>Para se inscrever, o candidato precisou preencher a ficha de inscri&ccedil;&atilde;o dispon&iacute;vel no site do <a href=\"https:\/\/sanjulian.org.br\/residencia\/\" target=\"_blank\">Hospital<\/a>. A taxa &eacute; de <strong>R$550,00<\/strong>.<\/p><p>S&atilde;o <strong>seis vagas<\/strong> de <strong>acesso direto<\/strong> para <strong>Psiquiatria<\/strong>.<\/p><h2 class=\"wp-block-heading\" id=\"h-sobre-o-processo-seletivo\"><span class=\"ez-toc-section\" id=\"Sobre-o-processo-seletivo\"><\/span><strong>Sobre o processo seletivo<\/strong><span class=\"ez-toc-section-end\"><\/span><\/h2><p>O seletivo do Hospital San Julian foi composto por duas fases: Prova Objetiva e Entrevistas.<\/p><h3 class=\"wp-block-heading\" id=\"h-1&ordf;-fase\"><strong>1&ordf; fase<\/strong><\/h3><p>A 1&ordf; fase contou com <strong>prova escrita<\/strong> contendo <strong>100 quest&otilde;es<\/strong> distribu&iacute;das nas &aacute;reas de <strong>Psiquiatria, Cl&iacute;nica M&eacute;dica, Cirurgia, Pediatria, Obstetr&iacute;cia e Ginecologia, e Medicina da Fam&iacute;lia e Comunidade.<\/strong> Essa prova teve <strong>peso<\/strong> de <strong>80% na nota final<\/strong>.<br>Essa etapa do processo foi realizada na sede da Associa&ccedil;&atilde;o San Julian Amigos e Colaboradores no dia <strong>18\/01\/2022, &agrave;s 14h<\/strong>.<\/p><h3 class=\"wp-block-heading\" id=\"h-2&ordf;-fase\"><strong>2&ordf; fase<\/strong><\/h3><p>J&aacute; a 2&ordf; fase, teve a <strong>an&aacute;lise e argui&ccedil;&atilde;o do curr&iacute;culo<\/strong>,<strong> <\/strong>que precisou ser entregue no dia, e <strong>entrevista<\/strong> para os <strong>12 candidatos<\/strong> com melhor classifica&ccedil;&atilde;o. Essa etapa foi realizada no dia <strong>27\/01\/2022, &agrave;s 8h30<\/strong> na sala da Diretoria T&eacute;cnica da sede da Associa&ccedil;&atilde;o San Julian Amigos e Colaboradores.<br><br>Durante a an&aacute;lise do curr&iacute;culo e entrevista, foram avaliados os conte&uacute;dos voltados &agrave; sa&uacute;de mental. Os itens e suas pontua&ccedil;&otilde;es s&atilde;o:<br>1. Est&aacute;gios e experi&ecirc;ncias profissionais (3 pontos);<br>2. Participa&ccedil;&atilde;o em congressos, jornadas, simp&oacute;sios (2 pontos);<br>3. Produ&ccedil;&atilde;o cient&iacute;fica trabalho de conclus&atilde;o de curso (1 ponto);<br>4. Participa&ccedil;&atilde;o em monitoria e diretoria da liga acad&ecirc;mica (1 ponto);<br>5. Participa&ccedil;&atilde;o em cursos (1 ponto);<br>6. Fatores subjetivos &ndash; postura, seguran&ccedil;a na entrevista, estar em processo psicoterap&ecirc;utico (2 pontos).<\/p><h2 class=\"wp-block-heading\" id=\"h-resultado-final-e-matricula\"><span class=\"ez-toc-section\" id=\"Resultado-final-e-matricula\"><\/span><strong>Resultado final e matr&iacute;cula<\/strong><span class=\"ez-toc-section-end\"><\/span><\/h2><p>O <strong>resultado final <\/strong>foi publicado no site do Hospital San Julian no dia <strong>04 de janeiro de 2022<\/strong>. Confira clicando no bot&atilde;o abaixo:<br><\/p><div class=\"wp-block-buttons is-content-justification-center is-layout-flex wp-block-buttons-is-layout-flex\">\n<div class=\"wp-block-button\"><a class=\"wp-block-button__link has-light-green-cyan-to-vivid-green-cyan-gradient-background has-background\" href=\"https:\/\/med.estrategia.com\/portal\/wp-content\/uploads\/2022\/02\/Edital-no-11-Classificac%CC%A7a%CC%83o-Final-Residencia-Medica-2022.pdf\" target=\"_blank\">Resultado Final<\/a><\/div>\n<\/div><p> As matr&iacute;culas puderam ser realizadas pelos seis primeiros candidatos classificados entre os <strong>dias 9 a 11 de janeiro de 2022<\/strong>. <br>Em caso de desist&ecirc;ncia, o candidato melhor colocado na classifica&ccedil;&atilde;o geral ser&aacute; chamado at&eacute; o dia 14 de mar&ccedil;o de 2022. <br><br>O <strong>edital completo<\/strong> voc&ecirc; pode acessar <a href=\"https:\/\/sanjulian.org.br\/wp-content\/uploads\/2021\/08\/manual-do-candidato-2021-Residencia-Final2.pdf\" target=\"_blank\"><strong>aqui<\/strong><\/a>.<\/p><p><\/p><p>\n\n\n\n\n\n<a id=\"cta\" class=\"cta-imagem\" href=\"https:\/\/med.estrategia.com\/curso\/banco-de-questes-resumos-estrategicos-anual\/\" target=\"blank\">\n                <img decoding=\"async\" width=\"100%\" src=\"https:\/\/med.estrategia.com\/portal\/wp-content\/uploads\/2025\/08\/banco_questoes.png\" alt=\"banco_questoes\" title=\"banco_questoes\">\n        <\/a>\n\n\n\n<\/p><h2 class=\"wp-block-heading\" id=\"h-voce-tambem-pode-se-interessar-por\"><span class=\"ez-toc-section\" id=\"Voce-tambem-pode-se-interessar-por\"><\/span><strong>Voc&ecirc; tamb&eacute;m pode se interessar por:<\/strong><span class=\"ez-toc-section-end\"><\/span><\/h2><ul class=\"wp-block-list\"><li><a href=\"https:\/\/med.estrategia.com\/portal\/residencia-medica\/programa-de-residencia-medica\/usp-sp-residencia-medica\/\" target=\"_blank\">USP SP Resid&ecirc;ncia M&eacute;dica 2022: edital para 718 vagas!<\/a><\/li><li><a href=\"https:\/\/med.estrategia.com\/portal\/residencia-medica\/programa-de-residencia-medica\/amrigs-rs-residencia-medica\/\" target=\"_blank\">AMRIGS 2021: saiu o edital com mais de 1.400 vagas!<\/a><\/li><li><a href=\"https:\/\/med.estrategia.com\/portal\/residencia-medica\/programa-de-residencia-medica\/ufpel-residencia-medica\/\" target=\"_blank\">UFPEL 2022: saiu o edital para Resid&ecirc;ncia M&eacute;dica!<\/a><\/li><li><a href=\"https:\/\/med.estrategia.com\/portal\/aluno-de-medicina\/proximas-provas-residencia-medica\/\" target=\"_blank\">Calend&aacute;rio de Resid&ecirc;ncia M&eacute;dica<\/a><\/li><\/ul><\/p>\n","protected":false},"excerpt":{"rendered":"Vem dar uma olhada nas principais informa&ccedil;&otilde;es do edital 2021\/2022 para Resid&ecirc;ncia M&eacute;dica do Hospital San Julian que&hellip;\n","protected":false},"author":39,"featured_media":10649,"comment_status":"closed","ping_status":"closed","sticky":false,"template":"","format":"standard","meta":{"wl_entities_gutenberg":"","footnotes":""},"categories":[24],"tags":[],"wl_entity_type":[199],"class_list":{"0":"post-28043","1":"post","2":"type-post","3":"status-publish","4":"format-standard","5":"has-post-thumbnail","7":"category-residencia-medica","8":"wl_entity_type-article"},"acf":[],"yoast_head":"<!-- This site is optimized with the Yoast SEO Premium plugin v26.6 (Yoast SEO v26.6) - https:\/\/yoast.com\/wordpress\/plugins\/seo\/ -->\n<title>Hospital San Julian 2022: as inscri\u00e7\u00f5es est\u00e3o abertas! - Estrat\u00e9gia MED<\/title>\n<meta name=\"description\" content=\"Vem dar uma olhada nas principais informa\u00e7\u00f5es do edital para Resid\u00eancia M\u00e9dica do Hospital San Julian que o Estrat\u00e9gia MED separou para voc\u00ea!\" \/>\n<meta name=\"robots\" content=\"index, follow, max-snippet:-1, max-image-preview:large, max-video-preview:-1\" \/>\n<link rel=\"canonical\" href=\"https:\/\/med.estrategia.com\/portal\/residencia-medica\/hospital-san-julian-tudo-sobre-a-ultima-selecao-para-residencia-medica\/\" \/>\n<meta property=\"og:locale\" content=\"pt_BR\" \/>\n<meta property=\"og:type\" content=\"article\" \/>\n<meta property=\"og:title\" content=\"Hospital San Julian: tudo sobre a \u00faltima sele\u00e7\u00e3o para Resid\u00eancia M\u00e9dica!\" \/>\n<meta property=\"og:description\" content=\"Vem dar uma olhada nas principais informa\u00e7\u00f5es do edital para Resid\u00eancia M\u00e9dica do Hospital San Julian que o Estrat\u00e9gia MED separou para voc\u00ea!\" \/>\n<meta property=\"og:url\" content=\"https:\/\/med.estrategia.com\/portal\/residencia-medica\/hospital-san-julian-tudo-sobre-a-ultima-selecao-para-residencia-medica\/\" \/>\n<meta property=\"og:site_name\" content=\"Estrat\u00e9gia MED\" \/>\n<meta property=\"article:publisher\" content=\"https:\/\/www.facebook.com\/estrategiamed1\" \/>\n<meta property=\"article:published_time\" content=\"2022-10-19T18:50:46+00:00\" \/>\n<meta property=\"article:modified_time\" content=\"2022-10-19T18:50:51+00:00\" \/>\n<meta property=\"og:image\" content=\"https:\/\/cdn.medblog.estrategiaeducacional.com.br\/wp-content\/uploads\/2021\/09\/24103819\/Provao-de-bolsas-5.jpg\" \/>\n\t<meta property=\"og:image:width\" content=\"1920\" \/>\n\t<meta property=\"og:image:height\" content=\"1080\" \/>\n\t<meta property=\"og:image:type\" content=\"image\/jpeg\" \/>\n<meta name=\"author\" content=\"Ana Carolina Damasceno\" \/>\n<meta name=\"twitter:card\" content=\"summary_large_image\" \/>\n<meta name=\"twitter:creator\" content=\"@estrategiamed_\" \/>\n<meta name=\"twitter:site\" content=\"@estrategiamed_\" \/>\n<meta name=\"twitter:label1\" content=\"Escrito por\" \/>\n\t<meta name=\"twitter:data1\" content=\"Ana Carolina Damasceno\" \/>\n\t<meta name=\"twitter:label2\" content=\"Est. tempo de leitura\" \/>\n\t<meta name=\"twitter:data2\" content=\"4 minutos\" \/>\n<script type=\"application\/ld+json\" class=\"yoast-schema-graph\">{\"@context\":\"https:\/\/schema.org\",\"@graph\":[{\"@type\":\"WebPage\",\"@id\":\"https:\/\/med.estrategia.com\/portal\/residencia-medica\/hospital-san-julian-tudo-sobre-a-ultima-selecao-para-residencia-medica\/\",\"url\":\"https:\/\/med.estrategia.com\/portal\/residencia-medica\/hospital-san-julian-tudo-sobre-a-ultima-selecao-para-residencia-medica\/\",\"name\":\"Hospital San Julian 2022: as inscri\u00e7\u00f5es est\u00e3o abertas! - Estrat\u00e9gia MED\",\"isPartOf\":{\"@id\":\"https:\/\/med.estrategia.com\/portal\/#website\"},\"primaryImageOfPage\":{\"@id\":\"https:\/\/med.estrategia.com\/portal\/residencia-medica\/hospital-san-julian-tudo-sobre-a-ultima-selecao-para-residencia-medica\/#primaryimage\"},\"image\":{\"@id\":\"https:\/\/med.estrategia.com\/portal\/residencia-medica\/hospital-san-julian-tudo-sobre-a-ultima-selecao-para-residencia-medica\/#primaryimage\"},\"thumbnailUrl\":\"https:\/\/med.estrategia.com\/portal\/wp-content\/uploads\/2021\/09\/Provao-de-bolsas-5.jpg\",\"datePublished\":\"2022-10-19T18:50:46+00:00\",\"dateModified\":\"2022-10-19T18:50:51+00:00\",\"author\":{\"@id\":\"https:\/\/med.estrategia.com\/portal\/#\/schema\/person\/2f553adbb8e25fe39d145c5b2927f58c\"},\"description\":\"Vem dar uma olhada nas principais informa\u00e7\u00f5es do edital para Resid\u00eancia M\u00e9dica do Hospital San Julian que o Estrat\u00e9gia MED separou para voc\u00ea!\",\"breadcrumb\":{\"@id\":\"https:\/\/med.estrategia.com\/portal\/residencia-medica\/hospital-san-julian-tudo-sobre-a-ultima-selecao-para-residencia-medica\/#breadcrumb\"},\"inLanguage\":\"pt-BR\",\"potentialAction\":[{\"@type\":\"ReadAction\",\"target\":[\"https:\/\/med.estrategia.com\/portal\/residencia-medica\/hospital-san-julian-tudo-sobre-a-ultima-selecao-para-residencia-medica\/\"]}]},{\"@type\":\"ImageObject\",\"inLanguage\":\"pt-BR\",\"@id\":\"https:\/\/med.estrategia.com\/portal\/residencia-medica\/hospital-san-julian-tudo-sobre-a-ultima-selecao-para-residencia-medica\/#primaryimage\",\"url\":\"https:\/\/med.estrategia.com\/portal\/wp-content\/uploads\/2021\/09\/Provao-de-bolsas-5.jpg\",\"contentUrl\":\"https:\/\/med.estrategia.com\/portal\/wp-content\/uploads\/2021\/09\/Provao-de-bolsas-5.jpg\",\"width\":1920,\"height\":1080},{\"@type\":\"BreadcrumbList\",\"@id\":\"https:\/\/med.estrategia.com\/portal\/residencia-medica\/hospital-san-julian-tudo-sobre-a-ultima-selecao-para-residencia-medica\/#breadcrumb\",\"itemListElement\":[{\"@type\":\"ListItem\",\"position\":1,\"name\":\"Home\",\"item\":\"https:\/\/med.estrategia.com\/portal\/\"},{\"@type\":\"ListItem\",\"position\":2,\"name\":\"Resid\u00eancia M\u00e9dica\",\"item\":\"https:\/\/med.estrategia.com\/portal\/residencia-medica\/\"},{\"@type\":\"ListItem\",\"position\":3,\"name\":\"Hospital San Julian: tudo sobre a \u00faltima sele\u00e7\u00e3o para Resid\u00eancia M\u00e9dica!\"}]},{\"@type\":\"WebSite\",\"@id\":\"https:\/\/med.estrategia.com\/portal\/#website\",\"url\":\"https:\/\/med.estrategia.com\/portal\/\",\"name\":\"Estrat\u00e9gia MED\",\"description\":\"\",\"potentialAction\":[{\"@type\":\"SearchAction\",\"target\":{\"@type\":\"EntryPoint\",\"urlTemplate\":\"https:\/\/med.estrategia.com\/portal\/?s={search_term_string}\"},\"query-input\":{\"@type\":\"PropertyValueSpecification\",\"valueRequired\":true,\"valueName\":\"search_term_string\"}}],\"inLanguage\":\"pt-BR\"},{\"@type\":\"Person\",\"@id\":\"https:\/\/med.estrategia.com\/portal\/#\/schema\/person\/2f553adbb8e25fe39d145c5b2927f58c\",\"name\":\"Ana Carolina Damasceno\",\"image\":{\"@type\":\"ImageObject\",\"inLanguage\":\"pt-BR\",\"@id\":\"https:\/\/med.estrategia.com\/portal\/#\/schema\/person\/image\/\",\"url\":\"https:\/\/med.estrategia.com\/portal\/wp-content\/uploads\/2021\/09\/WhatsApp-Image-2023-08-18-at-16.46.43-150x150.jpeg\",\"contentUrl\":\"https:\/\/med.estrategia.com\/portal\/wp-content\/uploads\/2021\/09\/WhatsApp-Image-2023-08-18-at-16.46.43-150x150.jpeg\",\"caption\":\"Ana Carolina Damasceno\"},\"description\":\"Coordenadora de Jornalismo EMED. Comunicadora por natureza e forma\u00e7\u00e3o, que ama e perde a no\u00e7\u00e3o do tempo com m\u00fasica e s\u00e9rie.\",\"url\":\"https:\/\/med.estrategia.com\/portal\/author\/ana-carolina-damasceno\/\"}]}<\/script>\n<!-- \/ Yoast SEO Premium plugin. -->","yoast_head_json":{"title":"Hospital San Julian 2022: as inscri\u00e7\u00f5es est\u00e3o abertas! - Estrat\u00e9gia MED","description":"Vem dar uma olhada nas principais informa\u00e7\u00f5es do edital para Resid\u00eancia M\u00e9dica do Hospital San Julian que o Estrat\u00e9gia MED separou para voc\u00ea!","robots":{"index":"index","follow":"follow","max-snippet":"max-snippet:-1","max-image-preview":"max-image-preview:large","max-video-preview":"max-video-preview:-1"},"canonical":"https:\/\/med.estrategia.com\/portal\/residencia-medica\/hospital-san-julian-tudo-sobre-a-ultima-selecao-para-residencia-medica\/","og_locale":"pt_BR","og_type":"article","og_title":"Hospital San Julian: tudo sobre a \u00faltima sele\u00e7\u00e3o para Resid\u00eancia M\u00e9dica!","og_description":"Vem dar uma olhada nas principais informa\u00e7\u00f5es do edital para Resid\u00eancia M\u00e9dica do Hospital San Julian que o Estrat\u00e9gia MED separou para voc\u00ea!","og_url":"https:\/\/med.estrategia.com\/portal\/residencia-medica\/hospital-san-julian-tudo-sobre-a-ultima-selecao-para-residencia-medica\/","og_site_name":"Estrat\u00e9gia MED","article_publisher":"https:\/\/www.facebook.com\/estrategiamed1","article_published_time":"2022-10-19T18:50:46+00:00","article_modified_time":"2022-10-19T18:50:51+00:00","og_image":[{"width":1920,"height":1080,"url":"https:\/\/cdn.medblog.estrategiaeducacional.com.br\/wp-content\/uploads\/2021\/09\/24103819\/Provao-de-bolsas-5.jpg","type":"image\/jpeg"}],"author":"Ana Carolina Damasceno","twitter_card":"summary_large_image","twitter_creator":"@estrategiamed_","twitter_site":"@estrategiamed_","twitter_misc":{"Escrito por":"Ana Carolina Damasceno","Est. tempo de leitura":"4 minutos"},"schema":{"@context":"https:\/\/schema.org","@graph":[{"@type":"WebPage","@id":"https:\/\/med.estrategia.com\/portal\/residencia-medica\/hospital-san-julian-tudo-sobre-a-ultima-selecao-para-residencia-medica\/","url":"https:\/\/med.estrategia.com\/portal\/residencia-medica\/hospital-san-julian-tudo-sobre-a-ultima-selecao-para-residencia-medica\/","name":"Hospital San Julian 2022: as inscri\u00e7\u00f5es est\u00e3o abertas! - Estrat\u00e9gia MED","isPartOf":{"@id":"https:\/\/med.estrategia.com\/portal\/#website"},"primaryImageOfPage":{"@id":"https:\/\/med.estrategia.com\/portal\/residencia-medica\/hospital-san-julian-tudo-sobre-a-ultima-selecao-para-residencia-medica\/#primaryimage"},"image":{"@id":"https:\/\/med.estrategia.com\/portal\/residencia-medica\/hospital-san-julian-tudo-sobre-a-ultima-selecao-para-residencia-medica\/#primaryimage"},"thumbnailUrl":"https:\/\/med.estrategia.com\/portal\/wp-content\/uploads\/2021\/09\/Provao-de-bolsas-5.jpg","datePublished":"2022-10-19T18:50:46+00:00","dateModified":"2022-10-19T18:50:51+00:00","author":{"@id":"https:\/\/med.estrategia.com\/portal\/#\/schema\/person\/2f553adbb8e25fe39d145c5b2927f58c"},"description":"Vem dar uma olhada nas principais informa\u00e7\u00f5es do edital para Resid\u00eancia M\u00e9dica do Hospital San Julian que o Estrat\u00e9gia MED separou para voc\u00ea!","breadcrumb":{"@id":"https:\/\/med.estrategia.com\/portal\/residencia-medica\/hospital-san-julian-tudo-sobre-a-ultima-selecao-para-residencia-medica\/#breadcrumb"},"inLanguage":"pt-BR","potentialAction":[{"@type":"ReadAction","target":["https:\/\/med.estrategia.com\/portal\/residencia-medica\/hospital-san-julian-tudo-sobre-a-ultima-selecao-para-residencia-medica\/"]}]},{"@type":"ImageObject","inLanguage":"pt-BR","@id":"https:\/\/med.estrategia.com\/portal\/residencia-medica\/hospital-san-julian-tudo-sobre-a-ultima-selecao-para-residencia-medica\/#primaryimage","url":"https:\/\/med.estrategia.com\/portal\/wp-content\/uploads\/2021\/09\/Provao-de-bolsas-5.jpg","contentUrl":"https:\/\/med.estrategia.com\/portal\/wp-content\/uploads\/2021\/09\/Provao-de-bolsas-5.jpg","width":1920,"height":1080},{"@type":"BreadcrumbList","@id":"https:\/\/med.estrategia.com\/portal\/residencia-medica\/hospital-san-julian-tudo-sobre-a-ultima-selecao-para-residencia-medica\/#breadcrumb","itemListElement":[{"@type":"ListItem","position":1,"name":"Home","item":"https:\/\/med.estrategia.com\/portal\/"},{"@type":"ListItem","position":2,"name":"Resid\u00eancia M\u00e9dica","item":"https:\/\/med.estrategia.com\/portal\/residencia-medica\/"},{"@type":"ListItem","position":3,"name":"Hospital San Julian: tudo sobre a \u00faltima sele\u00e7\u00e3o para Resid\u00eancia M\u00e9dica!"}]},{"@type":"WebSite","@id":"https:\/\/med.estrategia.com\/portal\/#website","url":"https:\/\/med.estrategia.com\/portal\/","name":"Estrat\u00e9gia MED","description":"","potentialAction":[{"@type":"SearchAction","target":{"@type":"EntryPoint","urlTemplate":"https:\/\/med.estrategia.com\/portal\/?s={search_term_string}"},"query-input":{"@type":"PropertyValueSpecification","valueRequired":true,"valueName":"search_term_string"}}],"inLanguage":"pt-BR"},{"@type":"Person","@id":"https:\/\/med.estrategia.com\/portal\/#\/schema\/person\/2f553adbb8e25fe39d145c5b2927f58c","name":"Ana Carolina Damasceno","image":{"@type":"ImageObject","inLanguage":"pt-BR","@id":"https:\/\/med.estrategia.com\/portal\/#\/schema\/person\/image\/","url":"https:\/\/med.estrategia.com\/portal\/wp-content\/uploads\/2021\/09\/WhatsApp-Image-2023-08-18-at-16.46.43-150x150.jpeg","contentUrl":"https:\/\/med.estrategia.com\/portal\/wp-content\/uploads\/2021\/09\/WhatsApp-Image-2023-08-18-at-16.46.43-150x150.jpeg","caption":"Ana Carolina Damasceno"},"description":"Coordenadora de Jornalismo EMED. Comunicadora por natureza e forma\u00e7\u00e3o, que ama e perde a no\u00e7\u00e3o do tempo com m\u00fasica e s\u00e9rie.","url":"https:\/\/med.estrategia.com\/portal\/author\/ana-carolina-damasceno\/"}]}},"_wl_alt_label":[],"wl:entity_url":"\/post\/hospital-san-julian-tudo-sobre-a-ultima-selecao-para-residencia-medica","_links":{"self":[{"href":"https:\/\/med.estrategia.com\/portal\/wp-json\/wp\/v2\/posts\/28043","targetHints":{"allow":["GET"]}}],"collection":[{"href":"https:\/\/med.estrategia.com\/portal\/wp-json\/wp\/v2\/posts"}],"about":[{"href":"https:\/\/med.estrategia.com\/portal\/wp-json\/wp\/v2\/types\/post"}],"author":[{"embeddable":true,"href":"https:\/\/med.estrategia.com\/portal\/wp-json\/wp\/v2\/users\/39"}],"replies":[{"embeddable":true,"href":"https:\/\/med.estrategia.com\/portal\/wp-json\/wp\/v2\/comments?post=28043"}],"version-history":[{"count":1,"href":"https:\/\/med.estrategia.com\/portal\/wp-json\/wp\/v2\/posts\/28043\/revisions"}],"predecessor-version":[{"id":28397,"href":"https:\/\/med.estrategia.com\/portal\/wp-json\/wp\/v2\/posts\/28043\/revisions\/28397"}],"wp:featuredmedia":[{"embeddable":true,"href":"https:\/\/med.estrategia.com\/portal\/wp-json\/wp\/v2\/media\/10649"}],"wp:attachment":[{"href":"https:\/\/med.estrategia.com\/portal\/wp-json\/wp\/v2\/media?parent=28043"}],"wp:term":[{"taxonomy":"category","embeddable":true,"href":"https:\/\/med.estrategia.com\/portal\/wp-json\/wp\/v2\/categories?post=28043"},{"taxonomy":"post_tag","embeddable":true,"href":"https:\/\/med.estrategia.com\/portal\/wp-json\/wp\/v2\/tags?post=28043"},{"taxonomy":"wl_entity_type","embeddable":true,"href":"https:\/\/med.estrategia.com\/portal\/wp-json\/wp\/v2\/wl_entity_type?post=28043"}],"curies":[{"name":"wp","href":"https:\/\/api.w.org\/{rel}","templated":true}]}}