{"id":2807,"date":"2020-11-27T16:23:46","date_gmt":"2020-11-27T19:23:46","guid":{"rendered":"https:\/\/med.estrategiaeducacional.com.br\/blog\/?p=2807"},"modified":"2023-07-24T17:24:55","modified_gmt":"2023-07-24T20:24:55","slug":"ams-apucarana-residencia-medica","status":"publish","type":"post","link":"https:\/\/med.estrategia.com\/portal\/residencia-medica\/ams-apucarana-residencia-medica\/","title":{"rendered":"AMS &#8211; Apucarana 2022: cronograma, vagas e mais!"},"content":{"rendered":"<p>Confira aqui todas as informa&ccedil;&otilde;es referentes ao processo seletivo para <a class=\"wl-entity-page-link\" title=\"Resid&ecirc;ncia\" href=\"https:\/\/med.estrategia.com\/portal\/entidade\/residencia-medica\/\" data-id=\"\/entity\/residencia-medica;http:\/\/dbpedia.org\/resource\/Residency_(medicine);http:\/\/en.dbpedia.org\/resource\/Residency_(medicine);http:\/\/nl.dbpedia.org\/resource\/Arts-assistent;http:\/\/de.dbpedia.org\/resource\/&Auml;rztliche_Weiterbildung;http:\/\/fr.dbpedia.org\/resource\/R&eacute;sidence_(m&eacute;decine);http:\/\/lt.dbpedia.org\/resource\/Rezident&#363;ra_(studijos);http:\/\/pt.dbpedia.org\/resource\/Resid&ecirc;ncia_m&eacute;dica;http:\/\/ru.dbpedia.org\/resource\/&#1050;&#1083;&#1080;&#1085;&#1080;&#1095;&#1077;&#1089;&#1082;&#1072;&#1103;_&#1086;&#1088;&#1076;&#1080;&#1085;&#1072;&#1090;&#1091;&#1088;&#1072;;http:\/\/uk.dbpedia.org\/resource\/&#1054;&#1088;&#1076;&#1080;&#1085;&#1072;&#1090;&#1091;&#1088;&#1072;_&#1082;&#1083;&#1110;&#1085;&#1110;&#1095;&#1085;&#1072;;https:\/\/data.wordlift.io\/wl106637\/entity\/residencia-medica\">Resid&ecirc;ncia M&eacute;dica<\/a> da AMS &ndash; Apucarana 2022!<div id=\"ez-toc-container\" class=\"ez-toc-v2_0_79_2 counter-hierarchy ez-toc-counter ez-toc-transparent ez-toc-container-direction\">\n<div class=\"ez-toc-title-container\"><p class=\"ez-toc-title\" style=\"cursor:inherit\">Navegue pelo conte\u00fado<\/p>\n<\/div><nav><ul class='ez-toc-list ez-toc-list-level-1 ' ><li class='ez-toc-page-1 ez-toc-heading-level-2'><a class=\"ez-toc-link ez-toc-heading-1\" href=\"https:\/\/med.estrategia.com\/portal\/residencia-medica\/ams-apucarana-residencia-medica\/#O-que-e-AMS-%E2%80%93-Apucarana\" >O que &eacute; AMS &ndash; Apucarana?<\/a><\/li><li class='ez-toc-page-1 ez-toc-heading-level-2'><a class=\"ez-toc-link ez-toc-heading-2\" href=\"https:\/\/med.estrategia.com\/portal\/residencia-medica\/ams-apucarana-residencia-medica\/#Edital-AMS-%E2%80%93-Apucarana-2022\" >Edital AMS &ndash; Apucarana 2022<\/a><\/li><li class='ez-toc-page-1 ez-toc-heading-level-2'><a class=\"ez-toc-link ez-toc-heading-3\" href=\"https:\/\/med.estrategia.com\/portal\/residencia-medica\/ams-apucarana-residencia-medica\/#Cronograma-2022\" >Cronograma 2022<\/a><\/li><li class='ez-toc-page-1 ez-toc-heading-level-2'><a class=\"ez-toc-link ez-toc-heading-4\" href=\"https:\/\/med.estrategia.com\/portal\/residencia-medica\/ams-apucarana-residencia-medica\/#Vagas-ofertada-pela-AMS-%E2%80%93-Apucarana-2022\" >Vagas ofertada pela AMS &ndash; Apucarana 2022<\/a><\/li><li class='ez-toc-page-1 ez-toc-heading-level-2'><a class=\"ez-toc-link ez-toc-heading-5\" href=\"https:\/\/med.estrategia.com\/portal\/residencia-medica\/ams-apucarana-residencia-medica\/#Inscricoes-AMS-%E2%80%93-Apucarana-2022\" >Inscri&ccedil;&otilde;es AMS &ndash; Apucarana 2022<\/a><\/li><li class='ez-toc-page-1 ez-toc-heading-level-2'><a class=\"ez-toc-link ez-toc-heading-6\" href=\"https:\/\/med.estrategia.com\/portal\/residencia-medica\/ams-apucarana-residencia-medica\/#Sobre-a-Prova-Objetiva-da-AMS-%E2%80%93-Apucarana-2022\" >Sobre a Prova Objetiva da AMS &ndash; Apucarana 2022<\/a><\/li><li class='ez-toc-page-1 ez-toc-heading-level-2'><a class=\"ez-toc-link ez-toc-heading-7\" href=\"https:\/\/med.estrategia.com\/portal\/residencia-medica\/ams-apucarana-residencia-medica\/#A-Analise-Curricular\" >A An&aacute;lise Curricular<\/a><\/li><li class='ez-toc-page-1 ez-toc-heading-level-2'><a class=\"ez-toc-link ez-toc-heading-8\" href=\"https:\/\/med.estrategia.com\/portal\/residencia-medica\/ams-apucarana-residencia-medica\/#Resultado-final-e-empate\" >Resultado final e empate<\/a><\/li><li class='ez-toc-page-1 ez-toc-heading-level-2'><a class=\"ez-toc-link ez-toc-heading-9\" href=\"https:\/\/med.estrategia.com\/portal\/residencia-medica\/ams-apucarana-residencia-medica\/#Matricula\" >Matr&iacute;cula<\/a><\/li><\/ul><\/nav><\/div>\n<h2 class=\"wp-block-heading\" id=\"h-o-que-e-ams-apucarana\"><span class=\"ez-toc-section\" id=\"O-que-e-AMS-%E2%80%93-Apucarana\"><\/span>O que &eacute; AMS &ndash; Apucarana?<span class=\"ez-toc-section-end\"><\/span><\/h2><p>AMS &eacute; a sigla de Autarquia Municipal de Sa&uacute;de, localizada na cidade de Apucarana\/PR.<\/p><p><strong>Autarquia &eacute; definida <\/strong>como um <strong>servi&ccedil;o aut&ocirc;nomo<\/strong>, criado por lei, que<strong> fornece atividades do tipo administrativas e p&uacute;blicas<\/strong>. Tanto sua <strong>gest&atilde;o<\/strong> financeira, quanto sua gest&atilde;o administrativa s&atilde;o <strong>descentralizadas<\/strong>.<\/p><p>No caso da AMS de Apucarana, o <strong>servi&ccedil;o aut&ocirc;nomo prestado &eacute; voltado &agrave; sa&uacute;de<\/strong>. Essa Autarquia oferece tamb&eacute;m os programas de <strong><a href=\"https:\/\/med.estrategia.com\/portal\/aluno-de-medicina\/residencia-medica\/\" target=\"_blank\">resid&ecirc;ncia m&eacute;dica<\/a> <\/strong>da cidade.<\/p><h2 class=\"wp-block-heading\"><span class=\"ez-toc-section\" id=\"Edital-AMS-%E2%80%93-Apucarana-2022\"><\/span>Edital AMS &ndash; Apucarana 2022<span class=\"ez-toc-section-end\"><\/span><\/h2><p>Clique no bot&atilde;o abaixo e baixe o documento completo!<\/p><div class=\"wp-block-buttons is-horizontal is-content-justification-center is-layout-flex wp-container-core-buttons-is-layout-1 wp-block-buttons-is-layout-flex\">\n<div class=\"wp-block-button\"><a class=\"wp-block-button__link wp-element-button\" href=\"https:\/\/med.estrategia.com\/portal\/wp-content\/uploads\/2021\/11\/Edital-006-2021-de-Abertura-das-Vagas-de-Reside%CC%82ncia-Me%CC%81dica-Apucarana-PR.pdf\" target=\"_blank\"> Edital AMS &ndash; Apucarana 2022 <\/a><\/div>\n<\/div><h2 class=\"wp-block-heading\" id=\"h-cronograma-2022\"><span class=\"ez-toc-section\" id=\"Cronograma-2022\"><\/span>Cronograma 2022<span class=\"ez-toc-section-end\"><\/span><\/h2><ul class=\"wp-block-list\">\n<li><strong>Per&iacute;odo de Inscri&ccedil;&otilde;es:<\/strong> 11 a 23\/11\/2021;<\/li>\n\n\n\n<li><strong>Locais de prova: <\/strong>at&eacute; 25\/11\/2021;<\/li>\n\n\n\n<li><strong>Prova Objetiva:<\/strong> 28\/11\/2021;<\/li>\n\n\n\n<li><strong>Entrega dos curr&iacute;culos: <\/strong>28\/11\/2021;<\/li>\n\n\n\n<li><strong>Gabaritos provis&oacute;rios: <\/strong>at&eacute; 29\/11\/2021<\/li>\n\n\n\n<li><strong>Recursos contra o gabarito:<\/strong> 29\/11 a 01\/12\/2021;<\/li>\n\n\n\n<li><strong>An&aacute;lise Curricular:<\/strong> entre 07 e 15\/12\/2021;<\/li>\n\n\n\n<li><strong>Gabarito Oficial:<\/strong> at&eacute; 06\/12\/2021;<\/li>\n\n\n\n<li><strong>Resultado Final:<\/strong> 16\/12\/2021; e<\/li>\n\n\n\n<li><strong>Matr&iacute;culas:<\/strong> a definir.<\/li>\n<\/ul><h2 class=\"wp-block-heading\" id=\"h-vagas-ofertada-pela-ams-apucarana-2022\"><span class=\"ez-toc-section\" id=\"Vagas-ofertada-pela-AMS-%E2%80%93-Apucarana-2022\"><\/span>Vagas ofertada pela AMS &ndash; Apucarana 2022<span class=\"ez-toc-section-end\"><\/span><\/h2><p>Para o processo seletivo de Resid&ecirc;ncia M&eacute;dica 2022, a AMS &ndash; Apucarana oferece um total de 4 vagas, confira:<\/p><figure class=\"wp-block-table is-style-stripes\"><table class=\"has-background has-fixed-layout\" style=\"background-color:#e7f5fe\"><thead><tr><th><strong>Especialidade<\/strong><\/th><th class=\"has-text-align-center\" data-align=\"center\"><strong>Vagas<\/strong><\/th><\/tr><\/thead><tbody><tr><td>Dermatologia<\/td><td class=\"has-text-align-center\" data-align=\"center\">2<\/td><\/tr><tr><td>Medicina da Fam&iacute;lia e Comunidade<\/td><td class=\"has-text-align-center\" data-align=\"center\">2<\/td><\/tr><\/tbody><\/table><\/figure><h2 class=\"wp-block-heading\" id=\"h-inscricoes-ams-apucarana-2022\"><span class=\"ez-toc-section\" id=\"Inscricoes-AMS-%E2%80%93-Apucarana-2022\"><\/span>Inscri&ccedil;&otilde;es AMS &ndash; Apucarana 2022<span class=\"ez-toc-section-end\"><\/span><\/h2><p>Todo <strong>processo de inscri&ccedil;&atilde;o<\/strong> foi feito <strong>pela internet entre &agrave;s 8h, do dia 11 de novembro, at&eacute; &agrave;s 17h do dia 23 de novembro de 2021<\/strong>.&nbsp;O candidato precisou <strong>acessar o <a href=\"https:\/\/www.unioeste.br\/portal\/interno\/concurso-externo-realizados-pela-unioeste\/758-externos\/58339-residencia-medica-dermatologia-medicina-da-familia-comunidade-apucarana-ams\" target=\"_blank\">site<\/a> da banca organizadora da sele&ccedil;&atilde;o, preencher<\/strong> todos os campos obrigat&oacute;rios do<strong> formul&aacute;rio<\/strong> e, depois, <strong>imprimir o boleto<\/strong> da taxa de inscri&ccedil;&atilde;o. O valor da taxa foi de<strong> de R$ 500,00<\/strong> e precisou <strong>ser pago at&eacute; o dia 24 de novembro de 2021.<\/strong><\/p><p>Candidatos que precisaram de algum atendimento especial precisaram especific&aacute;-los no ato da inscri&ccedil;&atilde;o.&nbsp;<\/p><h2 class=\"wp-block-heading\" id=\"h-sobre-a-prova-objetiva-da-ams-apucarana-2022\"><span class=\"ez-toc-section\" id=\"Sobre-a-Prova-Objetiva-da-AMS-%E2%80%93-Apucarana-2022\"><\/span>Sobre a Prova Objetiva da AMS &ndash; Apucarana 2022<span class=\"ez-toc-section-end\"><\/span><\/h2><p>A prova objetiva foi <strong>a primeira das duas fases do processo seletivo da AMS &ndash; Apucarana 2022<\/strong>. Ela &eacute; <strong>classificat&oacute;ria<\/strong> e foi composta por <strong>100 quest&otilde;es<\/strong>, todas de m&uacute;ltipla escolha (A, B, C e D), divididas entre as seguintes grandes &aacute;reas:<\/p><ul class=\"wp-block-list\">\n<li>Cl&iacute;nica M&eacute;dica &ndash; 20 quest&otilde;es;<\/li>\n\n\n\n<li>Cirurgia Geral &ndash; 20 quest&otilde;es;<\/li>\n\n\n\n<li>Pediatria &ndash; 20 quest&otilde;es;<\/li>\n\n\n\n<li>Ginecologia e Obstetr&iacute;cia &ndash; 20 quest&otilde;es; e&nbsp;<\/li>\n\n\n\n<li>Medicina Preventiva e Social &ndash; 20 quest&otilde;es.<\/li>\n<\/ul><p>Para conferir o<strong> conte&uacute;do program&aacute;tico<\/strong> de cada uma das &aacute;reas acima, o candidato pode checar no<a href=\"http:\/\/www.apucarana.pr.gov.br\/residencias\/docs\/2021\/Edital%20006-2021%20de%20Abertura%20das%20Vagas%20de%20Reside%CC%82ncia%20Me%CC%81dica%20%20Apucarana%20%20PR.pdf\" target=\"_blank\"> edital<\/a>. O candidato pode <strong>atingir o m&aacute;ximo de dez pontos<\/strong>. Vale lembrar que a prova objetiva ter&aacute; <strong>peso nove<\/strong> na nota final.<\/p><p>O exame foi realizado <strong>&agrave;s 8h do dia 28 de novembro de 2021<\/strong>,<strong> terminando &agrave;s 12h<\/strong>. O candidato teve 4 horas para realizar toda avalia&ccedil;&atilde;o. Os locais de prova foram divulgados no dia 25 de novembro de 2021.<\/p><h3 class=\"wp-block-heading\">No dia da prova objetiva<\/h3><p>Para entrar no local de prova o candidato precisou <strong>apresentar um dos seguintes documentos<\/strong>:<\/p><ul class=\"wp-block-list\">\n<li>C&eacute;dula de Identidade &ndash;<strong> RG<\/strong>;&nbsp;<\/li>\n\n\n\n<li><strong>Carteira de Identidade<\/strong> fornecida <strong>por &oacute;rg&atilde;o ou Conselho de Classe<\/strong>;<\/li>\n\n\n\n<li><strong>Carteira Nacional de Habilita&ccedil;&atilde;o<\/strong> (modelo novo com fotografia), contendo o n&uacute;mero do RG;<\/li>\n\n\n\n<li><strong>Passaporte brasileiro<\/strong>, <strong>Certificado de Reservista<\/strong>, <strong>carteiras funcionais expedidas por &oacute;rg&atilde;o p&uacute;blico<\/strong>, que valham como identidade;<\/li>\n\n\n\n<li>Documento de <strong>identifica&ccedil;&atilde;o oficial de estrangeiro<\/strong>; e<\/li>\n\n\n\n<li><strong>Carteira de trabalho<\/strong> com foto.<\/li>\n<\/ul><p>O preenchimento do gabarito deveria ser feito com <strong>caneta esferogr&aacute;fica de tinta azul ou preta<\/strong>. Al&eacute;m disso, o candidato s&oacute; p&ocirc;de <strong>sair<\/strong> da sala de provas<strong> ap&oacute;s 1 hora do in&iacute;cio do exame<\/strong>.<\/p><p>Segundo o edital <em>&ldquo;os <strong>c<\/strong><\/em><strong><em>adernos de quest&otilde;es ser&atilde;o devolvidos<\/em><\/strong><em> aos candidatos ap&oacute;s o encerramento da aplica&ccedil;&atilde;o da Prova Objetiva, <\/em><strong><em>das 12h15min &agrave;s 12h30min<\/em><\/strong><em>, no mesmo local em que a prova foi aplicada<\/em>&rdquo;.<\/p><h2 class=\"wp-block-heading\" id=\"h-a-analise-curricular\"><span class=\"ez-toc-section\" id=\"A-Analise-Curricular\"><\/span>A An&aacute;lise Curricular<span class=\"ez-toc-section-end\"><\/span><\/h2><p>A an&aacute;lise curricular acontece na<strong>&nbsp;segunda fase do processo seletivo da AMS &ndash; Apucarana 2022<\/strong>. Ela &eacute; apenas classificat&oacute;ria e ter&aacute; peso 1,0 na nota final.&nbsp;<\/p><p>Os candidatos deveriam <strong>entregar seus curr&iacute;culo dia 28 de novembro de 2021<\/strong>, no mesmo dia da prova objetiva.&nbsp;<\/p><p>A AMS &ndash; Apucarana divulgou no <a href=\"http:\/\/www.apucarana.pr.gov.br\/residencias\/docs\/2021\/Edital%20006-2021%20de%20Abertura%20das%20Vagas%20de%20Reside%CC%82ncia%20Me%CC%81dica%20%20Apucarana%20%20PR.pdf\" target=\"_blank\"><strong>edital<\/strong><\/a> os crit&eacute;rios que ser&atilde;o avaliados. Confira abaixo os<strong> t&oacute;picos analisados<\/strong>:<\/p><ul class=\"wp-block-list\">\n<li>Hist&oacute;rico escolar;<\/li>\n\n\n\n<li>Est&aacute;gios e cursos extracurriculares;<\/li>\n\n\n\n<li>Monitoria;<\/li>\n\n\n\n<li>Inicia&ccedil;&atilde;o Cient&iacute;fica;<\/li>\n\n\n\n<li>Trabalhos cient&iacute;ficos;<\/li>\n\n\n\n<li>Participa&ccedil;&atilde;o em eventos;<\/li>\n\n\n\n<li>Forma&ccedil;&atilde;o diversa; e<\/li>\n\n\n\n<li>Outras atividades.<\/li>\n<\/ul><p>Apenas ter&atilde;o os seus curr&iacute;culos avaliados <strong>os 12 primeiros colocados na prova objetiva<\/strong>, daqueles que estiverem concorrendo &agrave; especialidade de Dermatologia e, na mesma propor&ccedil;&atilde;o para os candidatos &agrave; <a class=\"wl-entity-page-link\" title=\"MEDICINA DE FAM&Iacute;LIA E COMUNIDADE\" href=\"https:\/\/med.estrategia.com\/portal\/entidade\/medicina-de-familia-e-comunidade\/\" data-id=\"\/entity\/medicina-de-familia-e-comunidade;http:\/\/www.wikidata.org\/entity\/Q3853766;https:\/\/data.wordlift.io\/wl106637\/entity\/medicina-de-familia-e-comunidade\">Medicina de Fam&iacute;lia e Comunidade<\/a>.<\/p><p>Os curr&iacute;culos ser&atilde;o avaliados pela banca entre os dias<strong> 7 e 15 de dezembro de 2021. <\/strong><\/p><h2 class=\"wp-block-heading\" id=\"h-resultado-final-e-empate\"><span class=\"ez-toc-section\" id=\"Resultado-final-e-empate\"><\/span>Resultado final e empate<span class=\"ez-toc-section-end\"><\/span><\/h2><p>O<strong> resultado<\/strong> final, bem como as notas e a classifica&ccedil;&atilde;o dos candidatos, ser&aacute; disponibilizado <strong>pela AMS &ndash; Apucarana no dia 16 de dezembro de 2021. <\/strong>Confira abaixo a<strong> f&oacute;rmula usada para calcular as notas finais<\/strong>:&nbsp;<\/p><p class=\"has-text-align-center\"><strong>NF = NA x 9 + NC x 1\/10<\/strong><\/p><p>Onde:&nbsp;<\/p><ul class=\"wp-block-list\">\n<li>NF = Nota Final;<\/li>\n\n\n\n<li>NA = Nota Prova Objetiva; e<\/li>\n\n\n\n<li>NC = Nota do Curr&iacute;culo<\/li>\n<\/ul><p>Em caso de <strong>empate,<\/strong> os <strong>crit&eacute;rios que ser&atilde;o utilizados para solucionar esse processo ser&atilde;o:<\/strong><\/p><ol class=\"wp-block-list\">\n<li>Maior pontua&ccedil;&atilde;o na Prova;<\/li>\n\n\n\n<li>Maior pontua&ccedil;&atilde;o no Curriculum; e<\/li>\n\n\n\n<li>Maioridade.<\/li>\n<\/ol><h2 class=\"wp-block-heading\" id=\"h-matricula\"><span class=\"ez-toc-section\" id=\"Matricula\"><\/span>Matr&iacute;cula<span class=\"ez-toc-section-end\"><\/span><\/h2><p>Os candidatos aprovados dever&atilde;o comparecer no <strong>Departamento de Educa&ccedil;&atilde;o e Pesquisa da Autarquia Municipal de Sa&uacute;de de Apucarana, localizado em Apucarana, no Paran&aacute;<\/strong>. As datas para a matr&iacute;cula ainda est&atilde;o em defini&ccedil;&atilde;o.<\/p><p>Al&eacute;m disso, todos dever&atilde;o <strong>levar os seguintes documentos informados no edital<\/strong>:<\/p><ol class=\"wp-block-list\">\n<li>Duas c&oacute;pias autenticadas do <strong>diploma do curso de gradua&ccedil;&atilde;o<\/strong>;<\/li>\n\n\n\n<li>Duas c&oacute;pias autenticadas do diploma do curso de gradua&ccedil;&atilde;o. <strong>Quando expedidos no exterior<\/strong>, ser&atilde;o aceitos somente se revalidados por institui&ccedil;&atilde;o p&uacute;blica de ensino superior no Brasil;<\/li>\n\n\n\n<li>Duas c&oacute;pias da <strong>Carteira de Identidade e CPF;<\/strong><\/li>\n\n\n\n<li>Duas c&oacute;pias da <strong>C&eacute;dula de Identidade profissional<\/strong>, expedida pelo Conselho Regional de cada categoria profissional ou comprovante de inscri&ccedil;&atilde;o no Conselho;<\/li>\n\n\n\n<li>Uma c&oacute;pia da <strong>Carteira de Reservista<\/strong>, quando pertinente;<\/li>\n\n\n\n<li>Duas c&oacute;pias da <strong>Certid&atilde;o de nascimento ou casamento<\/strong>;<\/li>\n\n\n\n<li>Duas c&oacute;pias de<strong> comprovante de inscri&ccedil;&atilde;o no INSS\/PIS\/PASEP\/NIT<\/strong>;<\/li>\n\n\n\n<li>Duas c&oacute;pias de <strong>documento contendo o n&uacute;mero de conta sal&aacute;rio vinculada a uma conta corrente em nome do pr&oacute;prio residente<\/strong>, de um dos seguintes bancos:&nbsp;<\/li>\n<\/ol><ul class=\"wp-block-list\">\n<li>Banco do Brasil S\/A;<\/li>\n\n\n\n<li>Caixa Econ&ocirc;mica Federal;<\/li>\n\n\n\n<li>Banco Bradesco S\/A<\/li>\n\n\n\n<li>Ita&uacute; Unibanco S\/A; e&nbsp;<\/li>\n\n\n\n<li>Banco Santander S\/A.<\/li>\n<\/ul><ol class=\"wp-block-list\" start=\"9\">\n<li>Duas <strong>fotos 3X4, coloridas com fundo branco<\/strong>;<\/li>\n\n\n\n<li>Em caso de<strong> candidatos estrangeiros<\/strong>: deve-se apresentar documento de identidade (certid&atilde;o de nascimento) traduzido e autenticado por um &oacute;rg&atilde;o oficial do Brasil, visto de perman&ecirc;ncia atualizado e comprovante de profici&ecirc;ncia na l&iacute;ngua portuguesa;<\/li>\n\n\n\n<li>C&oacute;pia do <strong>Cart&atilde;o de Vacina&ccedil;&atilde;o<\/strong>, constando os dados referentes a cada dose de vacina obrigat&oacute;ria recebida &ndash;&nbsp; Hepatite B, dT (Dupla tipo adulto) &ndash; Difteria e T&eacute;tano, Febre Amarela e Tr&iacute;plice Viral Sarampo, Caxumba e Rub&eacute;ola, dispon&iacute;veis em todas as Unidades B&aacute;sicas de Sa&uacute;de (UBS); e<\/li>\n\n\n\n<li><strong>Ficha de matr&iacute;cula preenchida<\/strong>. Esta ficha est&aacute; dispon&iacute;vel no <strong>anexo IV<\/strong> do <a href=\"http:\/\/www.apucarana.pr.gov.br\/residencias\/docs\/2020-2021\/Edital%20de%20Abertura%20-%20COREME%202020.pdf\" target=\"_blank\">edital<\/a>.<\/li>\n<\/ol><p>Caso os candidatos convocados <strong>n&atilde;o preencham todas as vagas<\/strong>, <strong>ser&aacute; feita uma nova convoca&ccedil;&atilde;o por e-mail <\/strong>at&eacute; o preenchimento de todas as vagas.<\/p><p><strong><a id=\"cta\" class=\"cta-imagem\" href=\"https:\/\/med.estrategia.com\/cursos\/extensivo-de-residncia-mdica\/\" target=\"blank\">\n                <img decoding=\"async\" width=\"100%\" src=\"https:\/\/med.estrategia.com\/portal\/wp-content\/uploads\/2025\/08\/extensivo_rm.jpg\" alt=\"Extensivo RM\" title=\"extensivo_rm\">\n        <\/a><\/strong><\/p><\/p>\n","protected":false},"excerpt":{"rendered":"Confira aqui todas as informa&ccedil;&otilde;es referentes ao processo seletivo para Resid&ecirc;ncia M&eacute;dica da AMS &ndash; Apucarana 2022! O&hellip;\n","protected":false},"author":10,"featured_media":7117,"comment_status":"open","ping_status":"open","sticky":false,"template":"","format":"standard","meta":{"wl_entities_gutenberg":"","footnotes":""},"categories":[24],"tags":[],"wl_entity_type":[199],"class_list":{"0":"post-2807","1":"post","2":"type-post","3":"status-publish","4":"format-standard","5":"has-post-thumbnail","7":"category-residencia-medica","8":"wl_entity_type-article"},"acf":[],"yoast_head":"<!-- This site is optimized with the Yoast SEO Premium plugin v26.6 (Yoast SEO v26.6) - https:\/\/yoast.com\/wordpress\/plugins\/seo\/ -->\n<title>AMS - Apucarana 2022: tudo sobre a prova para RM! - Estrat\u00e9gia MED<\/title>\n<meta name=\"description\" content=\"Todas os detalhes sobre o processo seletivo para resid\u00eancia m\u00e9dica da AMS - Apucarana. Confira tudo que o Estrat\u00e9gia MED separou!\" \/>\n<meta name=\"robots\" content=\"index, follow, max-snippet:-1, max-image-preview:large, max-video-preview:-1\" \/>\n<link rel=\"canonical\" href=\"https:\/\/med.estrategia.com\/portal\/residencia-medica\/ams-apucarana-residencia-medica\/\" \/>\n<meta property=\"og:locale\" content=\"pt_BR\" \/>\n<meta property=\"og:type\" content=\"article\" \/>\n<meta property=\"og:title\" content=\"AMS - Apucarana 2022: cronograma, vagas e mais!\" \/>\n<meta property=\"og:description\" content=\"Todas os detalhes sobre o processo seletivo para resid\u00eancia m\u00e9dica da AMS - Apucarana. Confira tudo que o Estrat\u00e9gia MED separou!\" \/>\n<meta property=\"og:url\" content=\"https:\/\/med.estrategia.com\/portal\/residencia-medica\/ams-apucarana-residencia-medica\/\" \/>\n<meta property=\"og:site_name\" content=\"Estrat\u00e9gia MED\" \/>\n<meta property=\"article:publisher\" content=\"https:\/\/www.facebook.com\/estrategiamed1\" \/>\n<meta property=\"article:published_time\" content=\"2020-11-27T19:23:46+00:00\" \/>\n<meta property=\"article:modified_time\" content=\"2023-07-24T20:24:55+00:00\" \/>\n<meta property=\"og:image\" content=\"https:\/\/cdn.medblog.estrategiaeducacional.com.br\/wp-content\/uploads\/2021\/01\/28091533\/ams-apucarana.jpg\" \/>\n\t<meta property=\"og:image:width\" content=\"1920\" \/>\n\t<meta property=\"og:image:height\" content=\"1080\" \/>\n\t<meta property=\"og:image:type\" content=\"image\/jpeg\" \/>\n<meta name=\"author\" content=\"Beatriz Testa\" \/>\n<meta name=\"twitter:card\" content=\"summary_large_image\" \/>\n<meta name=\"twitter:creator\" content=\"@estrategiamed_\" \/>\n<meta name=\"twitter:site\" content=\"@estrategiamed_\" \/>\n<meta name=\"twitter:label1\" content=\"Escrito por\" \/>\n\t<meta name=\"twitter:data1\" content=\"Beatriz Testa\" \/>\n\t<meta name=\"twitter:label2\" content=\"Est. tempo de leitura\" \/>\n\t<meta name=\"twitter:data2\" content=\"5 minutos\" \/>\n<script type=\"application\/ld+json\" class=\"yoast-schema-graph\">{\"@context\":\"https:\/\/schema.org\",\"@graph\":[{\"@type\":\"WebPage\",\"@id\":\"https:\/\/med.estrategia.com\/portal\/residencia-medica\/ams-apucarana-residencia-medica\/\",\"url\":\"https:\/\/med.estrategia.com\/portal\/residencia-medica\/ams-apucarana-residencia-medica\/\",\"name\":\"AMS - Apucarana 2022: tudo sobre a prova para RM! - Estrat\u00e9gia MED\",\"isPartOf\":{\"@id\":\"https:\/\/med.estrategia.com\/portal\/#website\"},\"primaryImageOfPage\":{\"@id\":\"https:\/\/med.estrategia.com\/portal\/residencia-medica\/ams-apucarana-residencia-medica\/#primaryimage\"},\"image\":{\"@id\":\"https:\/\/med.estrategia.com\/portal\/residencia-medica\/ams-apucarana-residencia-medica\/#primaryimage\"},\"thumbnailUrl\":\"https:\/\/med.estrategia.com\/portal\/wp-content\/uploads\/2021\/01\/ams-apucarana.jpg\",\"datePublished\":\"2020-11-27T19:23:46+00:00\",\"dateModified\":\"2023-07-24T20:24:55+00:00\",\"author\":{\"@id\":\"https:\/\/med.estrategia.com\/portal\/#\/schema\/person\/b7dbcd5a280cfd98cc9f95fb82338fe3\"},\"description\":\"Todas os detalhes sobre o processo seletivo para resid\u00eancia m\u00e9dica da AMS - Apucarana. Confira tudo que o Estrat\u00e9gia MED separou!\",\"breadcrumb\":{\"@id\":\"https:\/\/med.estrategia.com\/portal\/residencia-medica\/ams-apucarana-residencia-medica\/#breadcrumb\"},\"inLanguage\":\"pt-BR\",\"potentialAction\":[{\"@type\":\"ReadAction\",\"target\":[\"https:\/\/med.estrategia.com\/portal\/residencia-medica\/ams-apucarana-residencia-medica\/\"]}]},{\"@type\":\"ImageObject\",\"inLanguage\":\"pt-BR\",\"@id\":\"https:\/\/med.estrategia.com\/portal\/residencia-medica\/ams-apucarana-residencia-medica\/#primaryimage\",\"url\":\"https:\/\/med.estrategia.com\/portal\/wp-content\/uploads\/2021\/01\/ams-apucarana.jpg\",\"contentUrl\":\"https:\/\/med.estrategia.com\/portal\/wp-content\/uploads\/2021\/01\/ams-apucarana.jpg\",\"width\":1920,\"height\":1080,\"caption\":\"ams apucarana\"},{\"@type\":\"BreadcrumbList\",\"@id\":\"https:\/\/med.estrategia.com\/portal\/residencia-medica\/ams-apucarana-residencia-medica\/#breadcrumb\",\"itemListElement\":[{\"@type\":\"ListItem\",\"position\":1,\"name\":\"Home\",\"item\":\"https:\/\/med.estrategia.com\/portal\/\"},{\"@type\":\"ListItem\",\"position\":2,\"name\":\"Resid\u00eancia M\u00e9dica\",\"item\":\"https:\/\/med.estrategia.com\/portal\/residencia-medica\/\"},{\"@type\":\"ListItem\",\"position\":3,\"name\":\"AMS &#8211; Apucarana 2022: cronograma, vagas e mais!\"}]},{\"@type\":\"WebSite\",\"@id\":\"https:\/\/med.estrategia.com\/portal\/#website\",\"url\":\"https:\/\/med.estrategia.com\/portal\/\",\"name\":\"Estrat\u00e9gia MED\",\"description\":\"\",\"potentialAction\":[{\"@type\":\"SearchAction\",\"target\":{\"@type\":\"EntryPoint\",\"urlTemplate\":\"https:\/\/med.estrategia.com\/portal\/?s={search_term_string}\"},\"query-input\":{\"@type\":\"PropertyValueSpecification\",\"valueRequired\":true,\"valueName\":\"search_term_string\"}}],\"inLanguage\":\"pt-BR\"},{\"@type\":\"Person\",\"@id\":\"https:\/\/med.estrategia.com\/portal\/#\/schema\/person\/b7dbcd5a280cfd98cc9f95fb82338fe3\",\"name\":\"Beatriz Testa\",\"image\":{\"@type\":\"ImageObject\",\"inLanguage\":\"pt-BR\",\"@id\":\"https:\/\/med.estrategia.com\/portal\/#\/schema\/person\/image\/\",\"url\":\"https:\/\/secure.gravatar.com\/avatar\/e87f00de46242bcd24922a3678dae2b5?s=96&d=mm&r=g\",\"contentUrl\":\"https:\/\/secure.gravatar.com\/avatar\/e87f00de46242bcd24922a3678dae2b5?s=96&d=mm&r=g\",\"caption\":\"Beatriz Testa\"},\"description\":\"Beatriz, a santista que cursa jornalismo na grande S\u00e3o Paulo. Amo dan\u00e7ar e ler, mas minha grande paix\u00e3o \u00e9 a escrita. Quando n\u00e3o consigo me expressar na fala, \u00e9 a\u00ed escrita entra em cena.\",\"url\":\"https:\/\/med.estrategia.com\/portal\/author\/beatriz-testa\/\"}]}<\/script>\n<!-- \/ Yoast SEO Premium plugin. -->","yoast_head_json":{"title":"AMS - Apucarana 2022: tudo sobre a prova para RM! - Estrat\u00e9gia MED","description":"Todas os detalhes sobre o processo seletivo para resid\u00eancia m\u00e9dica da AMS - Apucarana. Confira tudo que o Estrat\u00e9gia MED separou!","robots":{"index":"index","follow":"follow","max-snippet":"max-snippet:-1","max-image-preview":"max-image-preview:large","max-video-preview":"max-video-preview:-1"},"canonical":"https:\/\/med.estrategia.com\/portal\/residencia-medica\/ams-apucarana-residencia-medica\/","og_locale":"pt_BR","og_type":"article","og_title":"AMS - Apucarana 2022: cronograma, vagas e mais!","og_description":"Todas os detalhes sobre o processo seletivo para resid\u00eancia m\u00e9dica da AMS - Apucarana. Confira tudo que o Estrat\u00e9gia MED separou!","og_url":"https:\/\/med.estrategia.com\/portal\/residencia-medica\/ams-apucarana-residencia-medica\/","og_site_name":"Estrat\u00e9gia MED","article_publisher":"https:\/\/www.facebook.com\/estrategiamed1","article_published_time":"2020-11-27T19:23:46+00:00","article_modified_time":"2023-07-24T20:24:55+00:00","og_image":[{"width":1920,"height":1080,"url":"https:\/\/cdn.medblog.estrategiaeducacional.com.br\/wp-content\/uploads\/2021\/01\/28091533\/ams-apucarana.jpg","type":"image\/jpeg"}],"author":"Beatriz Testa","twitter_card":"summary_large_image","twitter_creator":"@estrategiamed_","twitter_site":"@estrategiamed_","twitter_misc":{"Escrito por":"Beatriz Testa","Est. tempo de leitura":"5 minutos"},"schema":{"@context":"https:\/\/schema.org","@graph":[{"@type":"WebPage","@id":"https:\/\/med.estrategia.com\/portal\/residencia-medica\/ams-apucarana-residencia-medica\/","url":"https:\/\/med.estrategia.com\/portal\/residencia-medica\/ams-apucarana-residencia-medica\/","name":"AMS - Apucarana 2022: tudo sobre a prova para RM! - Estrat\u00e9gia MED","isPartOf":{"@id":"https:\/\/med.estrategia.com\/portal\/#website"},"primaryImageOfPage":{"@id":"https:\/\/med.estrategia.com\/portal\/residencia-medica\/ams-apucarana-residencia-medica\/#primaryimage"},"image":{"@id":"https:\/\/med.estrategia.com\/portal\/residencia-medica\/ams-apucarana-residencia-medica\/#primaryimage"},"thumbnailUrl":"https:\/\/med.estrategia.com\/portal\/wp-content\/uploads\/2021\/01\/ams-apucarana.jpg","datePublished":"2020-11-27T19:23:46+00:00","dateModified":"2023-07-24T20:24:55+00:00","author":{"@id":"https:\/\/med.estrategia.com\/portal\/#\/schema\/person\/b7dbcd5a280cfd98cc9f95fb82338fe3"},"description":"Todas os detalhes sobre o processo seletivo para resid\u00eancia m\u00e9dica da AMS - Apucarana. Confira tudo que o Estrat\u00e9gia MED separou!","breadcrumb":{"@id":"https:\/\/med.estrategia.com\/portal\/residencia-medica\/ams-apucarana-residencia-medica\/#breadcrumb"},"inLanguage":"pt-BR","potentialAction":[{"@type":"ReadAction","target":["https:\/\/med.estrategia.com\/portal\/residencia-medica\/ams-apucarana-residencia-medica\/"]}]},{"@type":"ImageObject","inLanguage":"pt-BR","@id":"https:\/\/med.estrategia.com\/portal\/residencia-medica\/ams-apucarana-residencia-medica\/#primaryimage","url":"https:\/\/med.estrategia.com\/portal\/wp-content\/uploads\/2021\/01\/ams-apucarana.jpg","contentUrl":"https:\/\/med.estrategia.com\/portal\/wp-content\/uploads\/2021\/01\/ams-apucarana.jpg","width":1920,"height":1080,"caption":"ams apucarana"},{"@type":"BreadcrumbList","@id":"https:\/\/med.estrategia.com\/portal\/residencia-medica\/ams-apucarana-residencia-medica\/#breadcrumb","itemListElement":[{"@type":"ListItem","position":1,"name":"Home","item":"https:\/\/med.estrategia.com\/portal\/"},{"@type":"ListItem","position":2,"name":"Resid\u00eancia M\u00e9dica","item":"https:\/\/med.estrategia.com\/portal\/residencia-medica\/"},{"@type":"ListItem","position":3,"name":"AMS &#8211; Apucarana 2022: cronograma, vagas e mais!"}]},{"@type":"WebSite","@id":"https:\/\/med.estrategia.com\/portal\/#website","url":"https:\/\/med.estrategia.com\/portal\/","name":"Estrat\u00e9gia MED","description":"","potentialAction":[{"@type":"SearchAction","target":{"@type":"EntryPoint","urlTemplate":"https:\/\/med.estrategia.com\/portal\/?s={search_term_string}"},"query-input":{"@type":"PropertyValueSpecification","valueRequired":true,"valueName":"search_term_string"}}],"inLanguage":"pt-BR"},{"@type":"Person","@id":"https:\/\/med.estrategia.com\/portal\/#\/schema\/person\/b7dbcd5a280cfd98cc9f95fb82338fe3","name":"Beatriz Testa","image":{"@type":"ImageObject","inLanguage":"pt-BR","@id":"https:\/\/med.estrategia.com\/portal\/#\/schema\/person\/image\/","url":"https:\/\/secure.gravatar.com\/avatar\/e87f00de46242bcd24922a3678dae2b5?s=96&d=mm&r=g","contentUrl":"https:\/\/secure.gravatar.com\/avatar\/e87f00de46242bcd24922a3678dae2b5?s=96&d=mm&r=g","caption":"Beatriz Testa"},"description":"Beatriz, a santista que cursa jornalismo na grande S\u00e3o Paulo. Amo dan\u00e7ar e ler, mas minha grande paix\u00e3o \u00e9 a escrita. Quando n\u00e3o consigo me expressar na fala, \u00e9 a\u00ed escrita entra em cena.","url":"https:\/\/med.estrategia.com\/portal\/author\/beatriz-testa\/"}]}},"_wl_alt_label":[],"wl:entity_url":"\/post\/ams-apucarana-residencia-medica","_links":{"self":[{"href":"https:\/\/med.estrategia.com\/portal\/wp-json\/wp\/v2\/posts\/2807","targetHints":{"allow":["GET"]}}],"collection":[{"href":"https:\/\/med.estrategia.com\/portal\/wp-json\/wp\/v2\/posts"}],"about":[{"href":"https:\/\/med.estrategia.com\/portal\/wp-json\/wp\/v2\/types\/post"}],"author":[{"embeddable":true,"href":"https:\/\/med.estrategia.com\/portal\/wp-json\/wp\/v2\/users\/10"}],"replies":[{"embeddable":true,"href":"https:\/\/med.estrategia.com\/portal\/wp-json\/wp\/v2\/comments?post=2807"}],"version-history":[{"count":8,"href":"https:\/\/med.estrategia.com\/portal\/wp-json\/wp\/v2\/posts\/2807\/revisions"}],"predecessor-version":[{"id":43314,"href":"https:\/\/med.estrategia.com\/portal\/wp-json\/wp\/v2\/posts\/2807\/revisions\/43314"}],"wp:featuredmedia":[{"embeddable":true,"href":"https:\/\/med.estrategia.com\/portal\/wp-json\/wp\/v2\/media\/7117"}],"wp:attachment":[{"href":"https:\/\/med.estrategia.com\/portal\/wp-json\/wp\/v2\/media?parent=2807"}],"wp:term":[{"taxonomy":"category","embeddable":true,"href":"https:\/\/med.estrategia.com\/portal\/wp-json\/wp\/v2\/categories?post=2807"},{"taxonomy":"post_tag","embeddable":true,"href":"https:\/\/med.estrategia.com\/portal\/wp-json\/wp\/v2\/tags?post=2807"},{"taxonomy":"wl_entity_type","embeddable":true,"href":"https:\/\/med.estrategia.com\/portal\/wp-json\/wp\/v2\/wl_entity_type?post=2807"}],"curies":[{"name":"wp","href":"https:\/\/api.w.org\/{rel}","templated":true}]}}