{"id":28439,"date":"2022-10-19T21:22:52","date_gmt":"2022-10-20T00:22:52","guid":{"rendered":"https:\/\/med.estrategia.com\/portal\/?p=28439"},"modified":"2023-02-02T13:58:36","modified_gmt":"2023-02-02T16:58:36","slug":"medicos-pelo-brasil-confira-o-resultado-preliminar-da-selecao-de-medico-tutor","status":"publish","type":"post","link":"https:\/\/med.estrategia.com\/portal\/noticias\/medicos-pelo-brasil-confira-o-resultado-preliminar-da-selecao-de-medico-tutor\/","title":{"rendered":"M\u00e9dicos pelo Brasil: confira o resultado preliminar da sele\u00e7\u00e3o de m\u00e9dico tutor"},"content":{"rendered":"<p>O <a href=\"https:\/\/www.iades.com.br\/inscricao\/ProcessoSeletivo.aspx?id=d74f363f\" target=\"_blank\">Instituto Americano de Desenvolvimento (IADES)<\/a> divulgou antecipadamente, na noite de <strong>quarta-feira (19)<\/strong>, o resultado preliminar da prova objetiva do <strong>Programa M&eacute;dicos Pelo Brasil (PMpB)<\/strong> para o cargo de <strong>m&eacute;dico tutor<\/strong>. <p>Al&eacute;m da rela&ccedil;&atilde;o de classificados, o IADES publicou, tamb&eacute;m, o <strong>gabarito definitivo da prova<\/strong>, ap&oacute;s an&aacute;lise dos recursos interpostos. Confira os documentos: <br><\/p><p><\/p><div class=\"wp-block-buttons is-horizontal is-content-justification-center is-layout-flex wp-container-core-buttons-is-layout-1 wp-block-buttons-is-layout-flex\">\n<div class=\"wp-block-button\"><a class=\"wp-block-button__link wp-element-button\" href=\"https:\/\/med.estrategia.com\/portal\/wp-content\/uploads\/2022\/10\/resultado_preliminar_tutor_pdf.pdf\" target=\"_blank\">RESULTADO PRELIMINAR PMpB &ndash; TUTOR<\/a><\/div>\n\n\n\n<div class=\"wp-block-button\"><a class=\"wp-block-button__link wp-element-button\" href=\"https:\/\/med.estrategia.com\/portal\/wp-content\/uploads\/2022\/10\/GABARITOS_DEFINITIVOS.pdf\" target=\"_blank\">GABARITO DEFINITIVO PMpB &ndash; TUTOR<\/a><\/div>\n<\/div><div id=\"ez-toc-container\" class=\"ez-toc-v2_0_79_2 counter-hierarchy ez-toc-counter ez-toc-transparent ez-toc-container-direction\">\n<div class=\"ez-toc-title-container\"><p class=\"ez-toc-title\" style=\"cursor:inherit\">Navegue pelo conte\u00fado<\/p>\n<\/div><nav><ul class='ez-toc-list ez-toc-list-level-1 ' ><li class='ez-toc-page-1 ez-toc-heading-level-2'><a class=\"ez-toc-link ez-toc-heading-1\" href=\"https:\/\/med.estrategia.com\/portal\/noticias\/medicos-pelo-brasil-confira-o-resultado-preliminar-da-selecao-de-medico-tutor\/#Prova-de-Tutor-do-Programa-Medicos-pelo-Brasil\" >Prova de Tutor do Programa M&eacute;dicos pelo Brasil<\/a><\/li><li class='ez-toc-page-1 ez-toc-heading-level-2'><a class=\"ez-toc-link ez-toc-heading-2\" href=\"https:\/\/med.estrategia.com\/portal\/noticias\/medicos-pelo-brasil-confira-o-resultado-preliminar-da-selecao-de-medico-tutor\/#Proximas-Etapas-do-PMpB-%E2%80%93-Medico-Tutor\" >Pr&oacute;ximas Etapas do PMpB &ndash; M&eacute;dico Tutor<\/a><\/li><\/ul><\/nav><\/div>\n<h2 class=\"wp-block-heading\" id=\"h-prova-de-tutor-do-programa-medicos-pelo-brasil\"><span class=\"ez-toc-section\" id=\"Prova-de-Tutor-do-Programa-Medicos-pelo-Brasil\"><\/span>Prova de Tutor do Programa M&eacute;dicos pelo Brasil<span class=\"ez-toc-section-end\"><\/span><\/h2><p>&nbsp;Os <strong>2.511 candidatos<\/strong> inscritos concorreram a uma das <strong>312 vagas para o cargo de Tutor M&eacute;dico<\/strong>, com carga hor&aacute;ria de 40h semanais e remunera&ccedil;&atilde;o que pode chegar a <strong>R$23.870,00<\/strong>. <br><\/p><p>O certame possui apenas uma fase classificat&oacute;ria e eliminat&oacute;ria, a&nbsp;<strong>prova objetiva, composta por 50 quest&otilde;es de m&uacute;ltipla escolha<\/strong>&nbsp;e foi aplicada na modalidade online.<\/p><p>Apesar das in&uacute;meras orienta&ccedil;&otilde;es disponibilizadas pelo IADES, em edital e em comunica&ccedil;&otilde;es espec&iacute;ficas, <strong>882<\/strong> <strong>candidatos foram eliminados<\/strong> do certamente por n&atilde;o atender ao disposto nestes documentos. <br><br><\/p><h2 class=\"wp-block-heading\" id=\"h-proximas-etapas-do-pmpb-medico-tutor\"><span class=\"ez-toc-section\" id=\"Proximas-Etapas-do-PMpB-%E2%80%93-Medico-Tutor\"><\/span>Pr&oacute;ximas Etapas do PMpB &ndash; M&eacute;dico Tutor<br><span class=\"ez-toc-section-end\"><\/span><\/h2><p>O primeiro chamamento dos m&eacute;dicos tutores do PMpB est&aacute; previsto para o dia <strong>28 de outubro<\/strong>, quando o IADES disponibilizar&aacute; o link de acesso ao sistema de escolha de munic&iacute;pios de lota&ccedil;&atilde;o dos classificados. <\/p><p>A <a href=\"https:\/\/med.estrategia.com\/portal\/noticias\/ministerio-da-saude-divulga-municipios-com-adesao-confirmada-no-programa-medicos-pelo-brasil\/\" target=\"_blank\">lista de munic&iacute;pios que aderiram ao programa<\/a> foi publicada no &uacute;ltimo dia 7, mas a rela&ccedil;&atilde;o definitiva de vagas por munic&iacute;pio ser&aacute; disponibilizada apenas na ocasi&atilde;o de escolha de vagas. <\/p><p><\/p><p><strong><a id=\"cta\" class=\"cta-imagem\" href=\"https:\/\/med.estrategia.com\/cursos\/extensivo-de-residncia-mdica\/\" target=\"blank\">\n                <img decoding=\"async\" width=\"100%\" src=\"https:\/\/med.estrategia.com\/portal\/wp-content\/uploads\/2025\/08\/extensivo_rm.jpg\" alt=\"Extensivo RM\" title=\"extensivo_rm\">\n        <\/a><\/strong><\/p><\/p>\n","protected":false},"excerpt":{"rendered":"Os mais de 2500 inscritos na sele\u00e7\u00e3o de m\u00e9dico tutor do Programa M\u00e9dicos pelo Brasil j\u00e1 podem consultar o boletim de desempenho na prova objetiva\n","protected":false},"author":28,"featured_media":16792,"comment_status":"closed","ping_status":"closed","sticky":false,"template":"","format":"standard","meta":{"wl_entities_gutenberg":"","footnotes":""},"categories":[300],"tags":[],"wl_entity_type":[199],"class_list":{"0":"post-28439","1":"post","2":"type-post","3":"status-publish","4":"format-standard","5":"has-post-thumbnail","7":"category-noticias","8":"wl_entity_type-article"},"acf":[],"yoast_head":"<!-- This site is optimized with the Yoast SEO Premium plugin v26.6 (Yoast SEO v26.6) - https:\/\/yoast.com\/wordpress\/plugins\/seo\/ -->\n<title>M\u00e9dicos pelo Brasil: confira o resultado preliminar da sele\u00e7\u00e3o de m\u00e9dico tutor<\/title>\n<meta name=\"description\" content=\"Programa M\u00e9dicos pelo Brasil divulgou, na quarta-feira (19), o resultado preliminar e o gabarito definitivo da prova para m\u00e9dico tutor.\" \/>\n<meta name=\"robots\" content=\"index, follow, max-snippet:-1, max-image-preview:large, max-video-preview:-1\" \/>\n<link rel=\"canonical\" href=\"https:\/\/med.estrategia.com\/portal\/noticias\/medicos-pelo-brasil-confira-o-resultado-preliminar-da-selecao-de-medico-tutor\/\" \/>\n<meta property=\"og:locale\" content=\"pt_BR\" \/>\n<meta property=\"og:type\" content=\"article\" \/>\n<meta property=\"og:title\" content=\"M\u00e9dicos pelo Brasil: confira o resultado preliminar da sele\u00e7\u00e3o de m\u00e9dico tutor\" \/>\n<meta property=\"og:description\" content=\"Programa M\u00e9dicos pelo Brasil divulgou, na quarta-feira (19), o resultado preliminar e o gabarito definitivo da prova para m\u00e9dico tutor.\" \/>\n<meta property=\"og:url\" content=\"https:\/\/med.estrategia.com\/portal\/noticias\/medicos-pelo-brasil-confira-o-resultado-preliminar-da-selecao-de-medico-tutor\/\" \/>\n<meta property=\"og:site_name\" content=\"Estrat\u00e9gia MED\" \/>\n<meta property=\"article:publisher\" content=\"https:\/\/www.facebook.com\/estrategiamed1\" \/>\n<meta property=\"article:published_time\" content=\"2022-10-20T00:22:52+00:00\" \/>\n<meta property=\"article:modified_time\" content=\"2023-02-02T16:58:36+00:00\" \/>\n<meta property=\"og:image\" content=\"https:\/\/cdn.medblog.estrategiaeducacional.com.br\/wp-content\/uploads\/2022\/01\/Medicos-Pelo-Brasil.jpg\" \/>\n\t<meta property=\"og:image:width\" content=\"500\" \/>\n\t<meta property=\"og:image:height\" content=\"296\" \/>\n\t<meta property=\"og:image:type\" content=\"image\/jpeg\" \/>\n<meta name=\"author\" content=\"Mara Rodrigues\" \/>\n<meta name=\"twitter:card\" content=\"summary_large_image\" \/>\n<meta name=\"twitter:creator\" content=\"@estrategiamed_\" \/>\n<meta name=\"twitter:site\" content=\"@estrategiamed_\" \/>\n<meta name=\"twitter:label1\" content=\"Escrito por\" \/>\n\t<meta name=\"twitter:data1\" content=\"Mara Rodrigues\" \/>\n\t<meta name=\"twitter:label2\" content=\"Est. tempo de leitura\" \/>\n\t<meta name=\"twitter:data2\" content=\"1 minuto\" \/>\n<script type=\"application\/ld+json\" class=\"yoast-schema-graph\">{\"@context\":\"https:\/\/schema.org\",\"@graph\":[{\"@type\":\"WebPage\",\"@id\":\"https:\/\/med.estrategia.com\/portal\/noticias\/medicos-pelo-brasil-confira-o-resultado-preliminar-da-selecao-de-medico-tutor\/\",\"url\":\"https:\/\/med.estrategia.com\/portal\/noticias\/medicos-pelo-brasil-confira-o-resultado-preliminar-da-selecao-de-medico-tutor\/\",\"name\":\"M\u00e9dicos pelo Brasil: confira o resultado preliminar da sele\u00e7\u00e3o de m\u00e9dico tutor\",\"isPartOf\":{\"@id\":\"https:\/\/med.estrategia.com\/portal\/#website\"},\"primaryImageOfPage\":{\"@id\":\"https:\/\/med.estrategia.com\/portal\/noticias\/medicos-pelo-brasil-confira-o-resultado-preliminar-da-selecao-de-medico-tutor\/#primaryimage\"},\"image\":{\"@id\":\"https:\/\/med.estrategia.com\/portal\/noticias\/medicos-pelo-brasil-confira-o-resultado-preliminar-da-selecao-de-medico-tutor\/#primaryimage\"},\"thumbnailUrl\":\"https:\/\/med.estrategia.com\/portal\/wp-content\/uploads\/2022\/01\/Medicos-Pelo-Brasil.jpg\",\"datePublished\":\"2022-10-20T00:22:52+00:00\",\"dateModified\":\"2023-02-02T16:58:36+00:00\",\"author\":{\"@id\":\"https:\/\/med.estrategia.com\/portal\/#\/schema\/person\/470bd4c35f40db00b82b142e61897777\"},\"description\":\"Programa M\u00e9dicos pelo Brasil divulgou, na quarta-feira (19), o resultado preliminar e o gabarito definitivo da prova para m\u00e9dico tutor.\",\"breadcrumb\":{\"@id\":\"https:\/\/med.estrategia.com\/portal\/noticias\/medicos-pelo-brasil-confira-o-resultado-preliminar-da-selecao-de-medico-tutor\/#breadcrumb\"},\"inLanguage\":\"pt-BR\",\"potentialAction\":[{\"@type\":\"ReadAction\",\"target\":[\"https:\/\/med.estrategia.com\/portal\/noticias\/medicos-pelo-brasil-confira-o-resultado-preliminar-da-selecao-de-medico-tutor\/\"]}]},{\"@type\":\"ImageObject\",\"inLanguage\":\"pt-BR\",\"@id\":\"https:\/\/med.estrategia.com\/portal\/noticias\/medicos-pelo-brasil-confira-o-resultado-preliminar-da-selecao-de-medico-tutor\/#primaryimage\",\"url\":\"https:\/\/med.estrategia.com\/portal\/wp-content\/uploads\/2022\/01\/Medicos-Pelo-Brasil.jpg\",\"contentUrl\":\"https:\/\/med.estrategia.com\/portal\/wp-content\/uploads\/2022\/01\/Medicos-Pelo-Brasil.jpg\",\"width\":500,\"height\":296,\"caption\":\"resultado final m\u00e9dicos pelo brasil\"},{\"@type\":\"BreadcrumbList\",\"@id\":\"https:\/\/med.estrategia.com\/portal\/noticias\/medicos-pelo-brasil-confira-o-resultado-preliminar-da-selecao-de-medico-tutor\/#breadcrumb\",\"itemListElement\":[{\"@type\":\"ListItem\",\"position\":1,\"name\":\"Home\",\"item\":\"https:\/\/med.estrategia.com\/portal\/\"},{\"@type\":\"ListItem\",\"position\":2,\"name\":\"Not\u00edcias\",\"item\":\"https:\/\/med.estrategia.com\/portal\/noticias\/\"},{\"@type\":\"ListItem\",\"position\":3,\"name\":\"M\u00e9dicos pelo Brasil: confira o resultado preliminar da sele\u00e7\u00e3o de m\u00e9dico tutor\"}]},{\"@type\":\"WebSite\",\"@id\":\"https:\/\/med.estrategia.com\/portal\/#website\",\"url\":\"https:\/\/med.estrategia.com\/portal\/\",\"name\":\"Estrat\u00e9gia MED\",\"description\":\"\",\"potentialAction\":[{\"@type\":\"SearchAction\",\"target\":{\"@type\":\"EntryPoint\",\"urlTemplate\":\"https:\/\/med.estrategia.com\/portal\/?s={search_term_string}\"},\"query-input\":{\"@type\":\"PropertyValueSpecification\",\"valueRequired\":true,\"valueName\":\"search_term_string\"}}],\"inLanguage\":\"pt-BR\"},{\"@type\":\"Person\",\"@id\":\"https:\/\/med.estrategia.com\/portal\/#\/schema\/person\/470bd4c35f40db00b82b142e61897777\",\"name\":\"Mara Rodrigues\",\"image\":{\"@type\":\"ImageObject\",\"inLanguage\":\"pt-BR\",\"@id\":\"https:\/\/med.estrategia.com\/portal\/#\/schema\/person\/image\/\",\"url\":\"https:\/\/secure.gravatar.com\/avatar\/1a6bd78dce825b7052223bd3cf65790d?s=96&d=mm&r=g\",\"contentUrl\":\"https:\/\/secure.gravatar.com\/avatar\/1a6bd78dce825b7052223bd3cf65790d?s=96&d=mm&r=g\",\"caption\":\"Mara Rodrigues\"},\"description\":\"Cientista Social e Mestre em Filosofia (Estudos Culturais). Pesquisadora dos temas Sa\u00fade e Meio Ambiente, Ci\u00eancias Sociais e Sa\u00fade, Educa\u00e7\u00e3o M\u00e9dica e Pol\u00edticas P\u00fablicas em Sa\u00fade.\",\"sameAs\":[\"https:\/\/www.linkedin.com\/in\/jocimara\/\"],\"url\":\"https:\/\/med.estrategia.com\/portal\/author\/jocimara-souza\/\"}]}<\/script>\n<!-- \/ Yoast SEO Premium plugin. -->","yoast_head_json":{"title":"M\u00e9dicos pelo Brasil: confira o resultado preliminar da sele\u00e7\u00e3o de m\u00e9dico tutor","description":"Programa M\u00e9dicos pelo Brasil divulgou, na quarta-feira (19), o resultado preliminar e o gabarito definitivo da prova para m\u00e9dico tutor.","robots":{"index":"index","follow":"follow","max-snippet":"max-snippet:-1","max-image-preview":"max-image-preview:large","max-video-preview":"max-video-preview:-1"},"canonical":"https:\/\/med.estrategia.com\/portal\/noticias\/medicos-pelo-brasil-confira-o-resultado-preliminar-da-selecao-de-medico-tutor\/","og_locale":"pt_BR","og_type":"article","og_title":"M\u00e9dicos pelo Brasil: confira o resultado preliminar da sele\u00e7\u00e3o de m\u00e9dico tutor","og_description":"Programa M\u00e9dicos pelo Brasil divulgou, na quarta-feira (19), o resultado preliminar e o gabarito definitivo da prova para m\u00e9dico tutor.","og_url":"https:\/\/med.estrategia.com\/portal\/noticias\/medicos-pelo-brasil-confira-o-resultado-preliminar-da-selecao-de-medico-tutor\/","og_site_name":"Estrat\u00e9gia MED","article_publisher":"https:\/\/www.facebook.com\/estrategiamed1","article_published_time":"2022-10-20T00:22:52+00:00","article_modified_time":"2023-02-02T16:58:36+00:00","og_image":[{"width":500,"height":296,"url":"https:\/\/cdn.medblog.estrategiaeducacional.com.br\/wp-content\/uploads\/2022\/01\/Medicos-Pelo-Brasil.jpg","type":"image\/jpeg"}],"author":"Mara Rodrigues","twitter_card":"summary_large_image","twitter_creator":"@estrategiamed_","twitter_site":"@estrategiamed_","twitter_misc":{"Escrito por":"Mara Rodrigues","Est. tempo de leitura":"1 minuto"},"schema":{"@context":"https:\/\/schema.org","@graph":[{"@type":"WebPage","@id":"https:\/\/med.estrategia.com\/portal\/noticias\/medicos-pelo-brasil-confira-o-resultado-preliminar-da-selecao-de-medico-tutor\/","url":"https:\/\/med.estrategia.com\/portal\/noticias\/medicos-pelo-brasil-confira-o-resultado-preliminar-da-selecao-de-medico-tutor\/","name":"M\u00e9dicos pelo Brasil: confira o resultado preliminar da sele\u00e7\u00e3o de m\u00e9dico tutor","isPartOf":{"@id":"https:\/\/med.estrategia.com\/portal\/#website"},"primaryImageOfPage":{"@id":"https:\/\/med.estrategia.com\/portal\/noticias\/medicos-pelo-brasil-confira-o-resultado-preliminar-da-selecao-de-medico-tutor\/#primaryimage"},"image":{"@id":"https:\/\/med.estrategia.com\/portal\/noticias\/medicos-pelo-brasil-confira-o-resultado-preliminar-da-selecao-de-medico-tutor\/#primaryimage"},"thumbnailUrl":"https:\/\/med.estrategia.com\/portal\/wp-content\/uploads\/2022\/01\/Medicos-Pelo-Brasil.jpg","datePublished":"2022-10-20T00:22:52+00:00","dateModified":"2023-02-02T16:58:36+00:00","author":{"@id":"https:\/\/med.estrategia.com\/portal\/#\/schema\/person\/470bd4c35f40db00b82b142e61897777"},"description":"Programa M\u00e9dicos pelo Brasil divulgou, na quarta-feira (19), o resultado preliminar e o gabarito definitivo da prova para m\u00e9dico tutor.","breadcrumb":{"@id":"https:\/\/med.estrategia.com\/portal\/noticias\/medicos-pelo-brasil-confira-o-resultado-preliminar-da-selecao-de-medico-tutor\/#breadcrumb"},"inLanguage":"pt-BR","potentialAction":[{"@type":"ReadAction","target":["https:\/\/med.estrategia.com\/portal\/noticias\/medicos-pelo-brasil-confira-o-resultado-preliminar-da-selecao-de-medico-tutor\/"]}]},{"@type":"ImageObject","inLanguage":"pt-BR","@id":"https:\/\/med.estrategia.com\/portal\/noticias\/medicos-pelo-brasil-confira-o-resultado-preliminar-da-selecao-de-medico-tutor\/#primaryimage","url":"https:\/\/med.estrategia.com\/portal\/wp-content\/uploads\/2022\/01\/Medicos-Pelo-Brasil.jpg","contentUrl":"https:\/\/med.estrategia.com\/portal\/wp-content\/uploads\/2022\/01\/Medicos-Pelo-Brasil.jpg","width":500,"height":296,"caption":"resultado final m\u00e9dicos pelo brasil"},{"@type":"BreadcrumbList","@id":"https:\/\/med.estrategia.com\/portal\/noticias\/medicos-pelo-brasil-confira-o-resultado-preliminar-da-selecao-de-medico-tutor\/#breadcrumb","itemListElement":[{"@type":"ListItem","position":1,"name":"Home","item":"https:\/\/med.estrategia.com\/portal\/"},{"@type":"ListItem","position":2,"name":"Not\u00edcias","item":"https:\/\/med.estrategia.com\/portal\/noticias\/"},{"@type":"ListItem","position":3,"name":"M\u00e9dicos pelo Brasil: confira o resultado preliminar da sele\u00e7\u00e3o de m\u00e9dico tutor"}]},{"@type":"WebSite","@id":"https:\/\/med.estrategia.com\/portal\/#website","url":"https:\/\/med.estrategia.com\/portal\/","name":"Estrat\u00e9gia MED","description":"","potentialAction":[{"@type":"SearchAction","target":{"@type":"EntryPoint","urlTemplate":"https:\/\/med.estrategia.com\/portal\/?s={search_term_string}"},"query-input":{"@type":"PropertyValueSpecification","valueRequired":true,"valueName":"search_term_string"}}],"inLanguage":"pt-BR"},{"@type":"Person","@id":"https:\/\/med.estrategia.com\/portal\/#\/schema\/person\/470bd4c35f40db00b82b142e61897777","name":"Mara Rodrigues","image":{"@type":"ImageObject","inLanguage":"pt-BR","@id":"https:\/\/med.estrategia.com\/portal\/#\/schema\/person\/image\/","url":"https:\/\/secure.gravatar.com\/avatar\/1a6bd78dce825b7052223bd3cf65790d?s=96&d=mm&r=g","contentUrl":"https:\/\/secure.gravatar.com\/avatar\/1a6bd78dce825b7052223bd3cf65790d?s=96&d=mm&r=g","caption":"Mara Rodrigues"},"description":"Cientista Social e Mestre em Filosofia (Estudos Culturais). Pesquisadora dos temas Sa\u00fade e Meio Ambiente, Ci\u00eancias Sociais e Sa\u00fade, Educa\u00e7\u00e3o M\u00e9dica e Pol\u00edticas P\u00fablicas em Sa\u00fade.","sameAs":["https:\/\/www.linkedin.com\/in\/jocimara\/"],"url":"https:\/\/med.estrategia.com\/portal\/author\/jocimara-souza\/"}]}},"_wl_alt_label":[],"wl:entity_url":"\/post\/medicos-pelo-brasil-confira-o-resultado-preliminar-da-selecao-de-medico-tutor","_links":{"self":[{"href":"https:\/\/med.estrategia.com\/portal\/wp-json\/wp\/v2\/posts\/28439","targetHints":{"allow":["GET"]}}],"collection":[{"href":"https:\/\/med.estrategia.com\/portal\/wp-json\/wp\/v2\/posts"}],"about":[{"href":"https:\/\/med.estrategia.com\/portal\/wp-json\/wp\/v2\/types\/post"}],"author":[{"embeddable":true,"href":"https:\/\/med.estrategia.com\/portal\/wp-json\/wp\/v2\/users\/28"}],"replies":[{"embeddable":true,"href":"https:\/\/med.estrategia.com\/portal\/wp-json\/wp\/v2\/comments?post=28439"}],"version-history":[{"count":5,"href":"https:\/\/med.estrategia.com\/portal\/wp-json\/wp\/v2\/posts\/28439\/revisions"}],"predecessor-version":[{"id":34928,"href":"https:\/\/med.estrategia.com\/portal\/wp-json\/wp\/v2\/posts\/28439\/revisions\/34928"}],"wp:featuredmedia":[{"embeddable":true,"href":"https:\/\/med.estrategia.com\/portal\/wp-json\/wp\/v2\/media\/16792"}],"wp:attachment":[{"href":"https:\/\/med.estrategia.com\/portal\/wp-json\/wp\/v2\/media?parent=28439"}],"wp:term":[{"taxonomy":"category","embeddable":true,"href":"https:\/\/med.estrategia.com\/portal\/wp-json\/wp\/v2\/categories?post=28439"},{"taxonomy":"post_tag","embeddable":true,"href":"https:\/\/med.estrategia.com\/portal\/wp-json\/wp\/v2\/tags?post=28439"},{"taxonomy":"wl_entity_type","embeddable":true,"href":"https:\/\/med.estrategia.com\/portal\/wp-json\/wp\/v2\/wl_entity_type?post=28439"}],"curies":[{"name":"wp","href":"https:\/\/api.w.org\/{rel}","templated":true}]}}