{"id":28633,"date":"2022-10-24T11:40:03","date_gmt":"2022-10-24T14:40:03","guid":{"rendered":"https:\/\/med.estrategia.com\/portal\/?p=28633"},"modified":"2022-10-24T11:43:37","modified_gmt":"2022-10-24T14:43:37","slug":"iamspe-2023-inscricoes-abertas","status":"publish","type":"post","link":"https:\/\/med.estrategia.com\/portal\/noticias\/iamspe-2023-inscricoes-abertas\/","title":{"rendered":"IAMSPE 2023: inscri\u00e7\u00f5es abertas!"},"content":{"rendered":"<p>A partir desta segunda-feira (24), o&nbsp;per&iacute;odo de inscri&ccedil;&otilde;es&nbsp;para a edi&ccedil;&atilde;o de 2023 do&nbsp;processo seletivo de resid&ecirc;ncia m&eacute;dica do Instituto de Assist&ecirc;ncia M&eacute;dica ao Servidor P&uacute;blico Estadual (IAMSPE) est&aacute; aberto. Os candidatos interessados em uma das&nbsp;224 vagas ofertadas&nbsp;para o pr&oacute;ximo ano j&aacute;&nbsp;<a href=\"http:\/\/www.quadrix.org.br\/todos-os-concursos\/proximos-concursos\/iamspe-residencia-medica-2023.aspx\" target=\"_blank\">podem se inscrever atrav&eacute;s da p&aacute;gina oficial da sele&ccedil;&atilde;o<\/a> at&eacute; o dia 7 de novembro de 2022.<p>Para a inscri&ccedil;&atilde;o ser homologada ser&aacute; necess&aacute;rio o pagamento da&nbsp;taxa de inscri&ccedil;&atilde;o no valor de R$294,00, mas ainda ser&aacute; poss&iacute;vel solicitar a redu&ccedil;&atilde;o ou isen&ccedil;&atilde;o total deste valor at&eacute; amanh&atilde;, 25 de outubro.<br><br>A sele&ccedil;&atilde;o de resid&ecirc;ncia m&eacute;dica do IAMSPE conta com duas fases para todos os candidatos e uma terceira aplicada para especialidades espec&iacute;ficas.<\/p><p>\n\n\n<div id=\"new-form\">\n\t<form id=\"forms_layout\">\n\t<input type=\"hidden\" id=\"chave_de\" name=\"chave_de\" value=\"01_EMED_LEADS_TOTAIS\" \/>\n\t\t<input type=\"hidden\" id=\"mid\" name=\"mid\" value=\"515009018\" \/>\n\t\t<input type=\"hidden\" id=\"Objetivo\" name=\"Objetivo\" value=\"Medicina\" \/>\n\t\t<input type=\"hidden\" id=\"Estado_de_Origem_do_IP\" name=\"Estado_de_Origem_do_IP\"  value=\"\" \/>\n\t\t<input type=\"hidden\" id=\"Cidade_de_Origem_do_IP\" name=\"Cidade_de_Origem_do_IP\" value=\"\" \/>\n\t\t<input type=\"hidden\" id=\"Modo_de_entrada\" name=\"Modo_de_entrada\" value=\"Portal\" \/>\n\t\t<input type=\"hidden\" id=\"Pagina_Origem\" name=\"Pagina_Origem\" value=\"\" \/>\n\n\t\t<div class=\"texto\">\n\t\t\t<h3 class=\"news\">Inscreva-se em nossa newsletter!<\/h3>\n\t\t\t<p>Receba not\u00edcias sobre resid\u00eancia m\u00e9dica, revalida\u00e7\u00e3o de diplomas e concursos m\u00e9dicos, al\u00e9m de materiais de estudo gratuitos e informa\u00e7\u00f5es relevantes do mundo da Medicina.<\/p>\n\t\t<\/div>\n\t\t<div class=\"campos\">\n\t\t\t<div class=\"first_name labels\">\n\t\t\t\t<input type=\"text\" class=\"input_labels\" id=\"first_name\" name=\"Nome_Completo\" placeholder=\"Nome\" required \/>\n\t\t\t<\/div>\n\t\t\t<div class=\"email labels\">\n\t\t\t\t<input type=\"email\" class=\"input_labels\" id=\"email\" name=\"Email\" placeholder=\"E-mail\" required \/>\n\t\t\t<\/div>\n\t\t\t<button type=\"submit\" class=\"button_layout\">\n\t\t\t\t<div id=\"lblBotao\">Inscreva-se<\/div>\n\t\t\t\t<span id=\"divSpiner\" class=\"loader\" role=\"status\" style=\"display: none;\"><\/span>\t\n\t\t\t<\/button>\n\t\t<\/div><!-- \/campos -->\n\t\t\n\t\t<label class=\"container_checkbox\">Voc\u00ea concorda com a nossa\n\t\t\t<a class=\"politics_privacy_ahref\" target=\"_blank\" href=\"https:\/\/gratis.estrategiaconcursos.com.br\/politica-de-privacidade\/\">Pol\u00edtica de Privacidade<\/a> e aceita receber informa\u00e7\u00f5es adicionais do Estrat\u00e9gia Educacional.\n\t\t\t<input id=\"checkbox_layout\" type=\"checkbox\" checked=\"checked\" required \/>\n\t\t\t<span class=\"checkbox\"><\/span>\n\t\t<\/label>\n\t\t<div id=\"msg\"><\/div>\n\t\t<div id=\"error\" class=\"error\">\n\t\t<\/div>\n\t<\/form>\n<\/div><!-- \/new-form -->\n\n\n\n<\/p><div id=\"ez-toc-container\" class=\"ez-toc-v2_0_79_2 counter-hierarchy ez-toc-counter ez-toc-transparent ez-toc-container-direction\">\n<div class=\"ez-toc-title-container\"><p class=\"ez-toc-title\" style=\"cursor:inherit\">Navegue pelo conte\u00fado<\/p>\n<\/div><nav><ul class='ez-toc-list ez-toc-list-level-1 ' ><li class='ez-toc-page-1 ez-toc-heading-level-2'><a class=\"ez-toc-link ez-toc-heading-1\" href=\"https:\/\/med.estrategia.com\/portal\/noticias\/iamspe-2023-inscricoes-abertas\/#O-IAMSPE\" >O IAMSPE<\/a><\/li><li class='ez-toc-page-1 ez-toc-heading-level-2'><a class=\"ez-toc-link ez-toc-heading-2\" href=\"https:\/\/med.estrategia.com\/portal\/noticias\/iamspe-2023-inscricoes-abertas\/#Cronograma-IAMSPE-2023\" >Cronograma IAMSPE 2023<\/a><\/li><li class='ez-toc-page-1 ez-toc-heading-level-2'><a class=\"ez-toc-link ez-toc-heading-3\" href=\"https:\/\/med.estrategia.com\/portal\/noticias\/iamspe-2023-inscricoes-abertas\/#Processo-Seletivo-IAMSPE-2023\" >Processo Seletivo IAMSPE 2023<\/a><\/li><\/ul><\/nav><\/div>\n<h2 class=\"wp-block-heading\" id=\"h-o-iamspe\"><span class=\"ez-toc-section\" id=\"O-IAMSPE\"><\/span>O IAMSPE<span class=\"ez-toc-section-end\"><\/span><\/h2><p>IAMSPE &eacute; o Instituto de Assist&ecirc;ncia M&eacute;dica ao Servidor P&uacute;blico Estadual, que atende 1,3 milh&otilde;es de pessoas no Estado de S&atilde;o Paulo.&nbsp;Os usu&aacute;rios contam com rede pr&oacute;pria de atendimento, com mais de 3 mil op&ccedil;&otilde;es de servi&ccedil;os em 173 cidades.<\/p><p>O sistema inclui hospitais de qualidade, como o&nbsp;<strong><a href=\"https:\/\/www.prefeitura.sp.gov.br\/cidade\/secretarias\/saude\/hospital_do_servidor_publico_municipal\/\" target=\"_blank\">Hospital do Servidor P&uacute;blico Estadual (HSPE)<\/a><\/strong>, localizado na cidade de&nbsp;S&atilde;o Paulo&nbsp;e&nbsp;refer&ecirc;ncia em tratamentos de casos de alta complexidade. Al&eacute;m disso, usu&aacute;rios t&ecirc;m acesso a&nbsp;cl&iacute;nicas, consult&oacute;rios m&eacute;dicos, 17 postos de atendimento pr&oacute;prios e laborat&oacute;rios de an&aacute;lises cl&iacute;nicas e de imagem, segundo a descri&ccedil;&atilde;o do&nbsp;<a href=\"http:\/\/www.iamspe.sp.gov.br\/\" target=\"_blank\">site do IAMSPE<\/a>.<\/p><h2 class=\"wp-block-heading\" id=\"h-cronograma-iamspe-2023\"><span class=\"ez-toc-section\" id=\"Cronograma-IAMSPE-2023\"><\/span>Cronograma IAMSPE 2023<span class=\"ez-toc-section-end\"><\/span><\/h2><ul class=\"wp-block-list\"><li><strong>Inscri&ccedil;&otilde;es:<\/strong>&nbsp;24\/10 a 07\/11\/2022;<\/li><li><strong>Taxa de inscri&ccedil;&atilde;o:<\/strong>&nbsp;R$ 294,00;<\/li><li><strong>Solicita&ccedil;&atilde;o de isen&ccedil;&atilde;o:<\/strong>&nbsp;24 e 25\/10\/2022;<\/li><li><strong>Convoca&ccedil;&atilde;o para 1&ordf; e 2&ordf; Fase:<\/strong>&nbsp;30\/11\/2022;<\/li><li><strong>Prova objetiva (1&ordf; fase):&nbsp;<\/strong>03\/12\/2022, per&iacute;odo da manh&atilde;;<\/li><li><strong>Prova pr&aacute;tica (2&ordf; fase):&nbsp;<\/strong>03\/12\/2022, per&iacute;odo da tarde;<\/li><li><strong>Gabarito Preliminar Prova Objetiva:&nbsp;<\/strong>04\/12\/2022;<\/li><li><strong>Recursos Contra Gabarito:<\/strong>&nbsp;05 e 06\/12\/2022;<\/li><li><strong>Gabarito Definitivo e Resultado Preliminar da Prova Objetiva:<\/strong>&nbsp;28\/12\/2022;<\/li><li><strong>Recursos contra Resultado Preliminar:&nbsp;<\/strong>29 e 30\/12\/2022;<\/li><li><strong>Divulga&ccedil;&atilde;o do Resultado Definitivo da prova objetiva e da lista dos candidatos habilitados para corre&ccedil;&atilde;o da prova discursiva (casos cl&iacute;nicos)<\/strong>: 06\/01\/2023;<\/li><li><strong>Resultado Preliminar Prova Discursiva:<\/strong>&nbsp;23\/01\/2023;<\/li><li><strong>Recursos contra Resultado Preliminar da Prova Discursiva:<\/strong>&nbsp;24 e 25\/01\/2023;<\/li><li><strong>Resultado Definitivo da Prova Discursiva + Convoca&ccedil;&atilde;o para 3&ordf; Fase:&nbsp;<\/strong>01\/02\/2023;<\/li><li><strong>Resultado final + Convoca&ccedil;&atilde;o para matr&iacute;culas:&nbsp;<\/strong>02\/02\/2023 para especialidades com duas fases | 15\/02\/2023 para especialidades com tr&ecirc;s fases; e<\/li><li><strong>In&iacute;cio das atividades:<\/strong>&nbsp;01\/03\/2023.<\/li><\/ul><h2 class=\"wp-block-heading\" id=\"h-processo-seletivo-iamspe-2023\"><span class=\"ez-toc-section\" id=\"Processo-Seletivo-IAMSPE-2023\"><\/span>Processo Seletivo IAMSPE 2023<span class=\"ez-toc-section-end\"><\/span><\/h2><p>Para mais informa&ccedil;&otilde;es sobre o processo seletivo de resid&ecirc;ncia m&eacute;dica do IAMSPE, confira o texto que preparamos com os principais detalhes sobre a sele&ccedil;&atilde;o:<\/p><div class=\"wp-block-buttons is-content-justification-center is-layout-flex wp-block-buttons-is-layout-flex\">\n<div class=\"wp-block-button\"><a class=\"wp-block-button__link\" href=\"https:\/\/med.estrategia.com\/portal\/residencia-medica\/iamspe-residencia-medica\/\" target=\"_blank\">IAMSPE 2023<\/a><\/div>\n<\/div><p>\n\n\n\n\n\n<a id=\"cta\" class=\"cta-imagem\" href=\"https:\/\/med.estrategia.com\/curso\/banco-de-questes-resumos-estrategicos-anual\/\" target=\"blank\">\n                <img decoding=\"async\" width=\"100%\" src=\"https:\/\/med.estrategia.com\/portal\/wp-content\/uploads\/2025\/08\/banco_questoes.png\" alt=\"banco_questoes\" title=\"banco_questoes\">\n        <\/a>\n<\/p><\/p>\n","protected":false},"excerpt":{"rendered":"A partir desta segunda-feira (24), o&nbsp;per&iacute;odo de inscri&ccedil;&otilde;es&nbsp;para a edi&ccedil;&atilde;o de 2023 do&nbsp;processo seletivo de resid&ecirc;ncia m&eacute;dica do&hellip;\n","protected":false},"author":39,"featured_media":28634,"comment_status":"closed","ping_status":"closed","sticky":false,"template":"","format":"standard","meta":{"wl_entities_gutenberg":"","footnotes":""},"categories":[300],"tags":[],"wl_entity_type":[199],"class_list":{"0":"post-28633","1":"post","2":"type-post","3":"status-publish","4":"format-standard","5":"has-post-thumbnail","7":"category-noticias","8":"wl_entity_type-article"},"acf":[],"yoast_head":"<!-- This site is optimized with the Yoast SEO Premium plugin v26.6 (Yoast SEO v26.6) - https:\/\/yoast.com\/wordpress\/plugins\/seo\/ -->\n<title>IAMSPE 2023: inscri\u00e7\u00f5es abertas!<\/title>\n<meta name=\"description\" content=\"Inscri\u00e7\u00f5es abertas! Confira detalhes sobre o per\u00edodo de inscri\u00e7\u00f5es do processo seletivo de resid\u00eancia m\u00e9dica do IAMSPE 2023.\" \/>\n<meta name=\"robots\" content=\"index, follow, max-snippet:-1, max-image-preview:large, max-video-preview:-1\" \/>\n<link rel=\"canonical\" href=\"https:\/\/med.estrategia.com\/portal\/noticias\/iamspe-2023-inscricoes-abertas\/\" \/>\n<meta property=\"og:locale\" content=\"pt_BR\" \/>\n<meta property=\"og:type\" content=\"article\" \/>\n<meta property=\"og:title\" content=\"IAMSPE 2023: inscri\u00e7\u00f5es abertas!\" \/>\n<meta property=\"og:description\" content=\"Inscri\u00e7\u00f5es abertas! Confira detalhes sobre o per\u00edodo de inscri\u00e7\u00f5es do processo seletivo de resid\u00eancia m\u00e9dica do IAMSPE 2023.\" \/>\n<meta property=\"og:url\" content=\"https:\/\/med.estrategia.com\/portal\/noticias\/iamspe-2023-inscricoes-abertas\/\" \/>\n<meta property=\"og:site_name\" content=\"Estrat\u00e9gia MED\" \/>\n<meta property=\"article:publisher\" content=\"https:\/\/www.facebook.com\/estrategiamed1\" \/>\n<meta property=\"article:published_time\" content=\"2022-10-24T14:40:03+00:00\" \/>\n<meta property=\"article:modified_time\" content=\"2022-10-24T14:43:37+00:00\" \/>\n<meta property=\"og:image\" content=\"https:\/\/cdn.medblog.estrategiaeducacional.com.br\/wp-content\/uploads\/2022\/10\/cover_WP_editais-18.jpg\" \/>\n\t<meta property=\"og:image:width\" content=\"1920\" \/>\n\t<meta property=\"og:image:height\" content=\"1080\" \/>\n\t<meta property=\"og:image:type\" content=\"image\/jpeg\" \/>\n<meta name=\"author\" content=\"Ana Carolina Damasceno\" \/>\n<meta name=\"twitter:card\" content=\"summary_large_image\" \/>\n<meta name=\"twitter:creator\" content=\"@estrategiamed_\" \/>\n<meta name=\"twitter:site\" content=\"@estrategiamed_\" \/>\n<meta name=\"twitter:label1\" content=\"Escrito por\" \/>\n\t<meta name=\"twitter:data1\" content=\"Ana Carolina Damasceno\" \/>\n\t<meta name=\"twitter:label2\" content=\"Est. tempo de leitura\" \/>\n\t<meta name=\"twitter:data2\" content=\"2 minutos\" \/>\n<script type=\"application\/ld+json\" class=\"yoast-schema-graph\">{\"@context\":\"https:\/\/schema.org\",\"@graph\":[{\"@type\":\"WebPage\",\"@id\":\"https:\/\/med.estrategia.com\/portal\/noticias\/iamspe-2023-inscricoes-abertas\/\",\"url\":\"https:\/\/med.estrategia.com\/portal\/noticias\/iamspe-2023-inscricoes-abertas\/\",\"name\":\"IAMSPE 2023: inscri\u00e7\u00f5es abertas!\",\"isPartOf\":{\"@id\":\"https:\/\/med.estrategia.com\/portal\/#website\"},\"primaryImageOfPage\":{\"@id\":\"https:\/\/med.estrategia.com\/portal\/noticias\/iamspe-2023-inscricoes-abertas\/#primaryimage\"},\"image\":{\"@id\":\"https:\/\/med.estrategia.com\/portal\/noticias\/iamspe-2023-inscricoes-abertas\/#primaryimage\"},\"thumbnailUrl\":\"https:\/\/med.estrategia.com\/portal\/wp-content\/uploads\/2022\/10\/cover_WP_editais-18.jpg\",\"datePublished\":\"2022-10-24T14:40:03+00:00\",\"dateModified\":\"2022-10-24T14:43:37+00:00\",\"author\":{\"@id\":\"https:\/\/med.estrategia.com\/portal\/#\/schema\/person\/2f553adbb8e25fe39d145c5b2927f58c\"},\"description\":\"Inscri\u00e7\u00f5es abertas! Confira detalhes sobre o per\u00edodo de inscri\u00e7\u00f5es do processo seletivo de resid\u00eancia m\u00e9dica do IAMSPE 2023.\",\"breadcrumb\":{\"@id\":\"https:\/\/med.estrategia.com\/portal\/noticias\/iamspe-2023-inscricoes-abertas\/#breadcrumb\"},\"inLanguage\":\"pt-BR\",\"potentialAction\":[{\"@type\":\"ReadAction\",\"target\":[\"https:\/\/med.estrategia.com\/portal\/noticias\/iamspe-2023-inscricoes-abertas\/\"]}]},{\"@type\":\"ImageObject\",\"inLanguage\":\"pt-BR\",\"@id\":\"https:\/\/med.estrategia.com\/portal\/noticias\/iamspe-2023-inscricoes-abertas\/#primaryimage\",\"url\":\"https:\/\/med.estrategia.com\/portal\/wp-content\/uploads\/2022\/10\/cover_WP_editais-18.jpg\",\"contentUrl\":\"https:\/\/med.estrategia.com\/portal\/wp-content\/uploads\/2022\/10\/cover_WP_editais-18.jpg\",\"width\":1920,\"height\":1080,\"caption\":\"Cr\u00e9ditos: Estrat\u00e9gia MED e IAMSPE\"},{\"@type\":\"BreadcrumbList\",\"@id\":\"https:\/\/med.estrategia.com\/portal\/noticias\/iamspe-2023-inscricoes-abertas\/#breadcrumb\",\"itemListElement\":[{\"@type\":\"ListItem\",\"position\":1,\"name\":\"Home\",\"item\":\"https:\/\/med.estrategia.com\/portal\/\"},{\"@type\":\"ListItem\",\"position\":2,\"name\":\"Not\u00edcias\",\"item\":\"https:\/\/med.estrategia.com\/portal\/noticias\/\"},{\"@type\":\"ListItem\",\"position\":3,\"name\":\"IAMSPE 2023: inscri\u00e7\u00f5es abertas!\"}]},{\"@type\":\"WebSite\",\"@id\":\"https:\/\/med.estrategia.com\/portal\/#website\",\"url\":\"https:\/\/med.estrategia.com\/portal\/\",\"name\":\"Estrat\u00e9gia MED\",\"description\":\"\",\"potentialAction\":[{\"@type\":\"SearchAction\",\"target\":{\"@type\":\"EntryPoint\",\"urlTemplate\":\"https:\/\/med.estrategia.com\/portal\/?s={search_term_string}\"},\"query-input\":{\"@type\":\"PropertyValueSpecification\",\"valueRequired\":true,\"valueName\":\"search_term_string\"}}],\"inLanguage\":\"pt-BR\"},{\"@type\":\"Person\",\"@id\":\"https:\/\/med.estrategia.com\/portal\/#\/schema\/person\/2f553adbb8e25fe39d145c5b2927f58c\",\"name\":\"Ana Carolina Damasceno\",\"image\":{\"@type\":\"ImageObject\",\"inLanguage\":\"pt-BR\",\"@id\":\"https:\/\/med.estrategia.com\/portal\/#\/schema\/person\/image\/\",\"url\":\"https:\/\/med.estrategia.com\/portal\/wp-content\/uploads\/2021\/09\/WhatsApp-Image-2023-08-18-at-16.46.43-150x150.jpeg\",\"contentUrl\":\"https:\/\/med.estrategia.com\/portal\/wp-content\/uploads\/2021\/09\/WhatsApp-Image-2023-08-18-at-16.46.43-150x150.jpeg\",\"caption\":\"Ana Carolina Damasceno\"},\"description\":\"Coordenadora de Jornalismo EMED. Comunicadora por natureza e forma\u00e7\u00e3o, que ama e perde a no\u00e7\u00e3o do tempo com m\u00fasica e s\u00e9rie.\",\"url\":\"https:\/\/med.estrategia.com\/portal\/author\/ana-carolina-damasceno\/\"}]}<\/script>\n<!-- \/ Yoast SEO Premium plugin. -->","yoast_head_json":{"title":"IAMSPE 2023: inscri\u00e7\u00f5es abertas!","description":"Inscri\u00e7\u00f5es abertas! Confira detalhes sobre o per\u00edodo de inscri\u00e7\u00f5es do processo seletivo de resid\u00eancia m\u00e9dica do IAMSPE 2023.","robots":{"index":"index","follow":"follow","max-snippet":"max-snippet:-1","max-image-preview":"max-image-preview:large","max-video-preview":"max-video-preview:-1"},"canonical":"https:\/\/med.estrategia.com\/portal\/noticias\/iamspe-2023-inscricoes-abertas\/","og_locale":"pt_BR","og_type":"article","og_title":"IAMSPE 2023: inscri\u00e7\u00f5es abertas!","og_description":"Inscri\u00e7\u00f5es abertas! Confira detalhes sobre o per\u00edodo de inscri\u00e7\u00f5es do processo seletivo de resid\u00eancia m\u00e9dica do IAMSPE 2023.","og_url":"https:\/\/med.estrategia.com\/portal\/noticias\/iamspe-2023-inscricoes-abertas\/","og_site_name":"Estrat\u00e9gia MED","article_publisher":"https:\/\/www.facebook.com\/estrategiamed1","article_published_time":"2022-10-24T14:40:03+00:00","article_modified_time":"2022-10-24T14:43:37+00:00","og_image":[{"width":1920,"height":1080,"url":"https:\/\/cdn.medblog.estrategiaeducacional.com.br\/wp-content\/uploads\/2022\/10\/cover_WP_editais-18.jpg","type":"image\/jpeg"}],"author":"Ana Carolina Damasceno","twitter_card":"summary_large_image","twitter_creator":"@estrategiamed_","twitter_site":"@estrategiamed_","twitter_misc":{"Escrito por":"Ana Carolina Damasceno","Est. tempo de leitura":"2 minutos"},"schema":{"@context":"https:\/\/schema.org","@graph":[{"@type":"WebPage","@id":"https:\/\/med.estrategia.com\/portal\/noticias\/iamspe-2023-inscricoes-abertas\/","url":"https:\/\/med.estrategia.com\/portal\/noticias\/iamspe-2023-inscricoes-abertas\/","name":"IAMSPE 2023: inscri\u00e7\u00f5es abertas!","isPartOf":{"@id":"https:\/\/med.estrategia.com\/portal\/#website"},"primaryImageOfPage":{"@id":"https:\/\/med.estrategia.com\/portal\/noticias\/iamspe-2023-inscricoes-abertas\/#primaryimage"},"image":{"@id":"https:\/\/med.estrategia.com\/portal\/noticias\/iamspe-2023-inscricoes-abertas\/#primaryimage"},"thumbnailUrl":"https:\/\/med.estrategia.com\/portal\/wp-content\/uploads\/2022\/10\/cover_WP_editais-18.jpg","datePublished":"2022-10-24T14:40:03+00:00","dateModified":"2022-10-24T14:43:37+00:00","author":{"@id":"https:\/\/med.estrategia.com\/portal\/#\/schema\/person\/2f553adbb8e25fe39d145c5b2927f58c"},"description":"Inscri\u00e7\u00f5es abertas! Confira detalhes sobre o per\u00edodo de inscri\u00e7\u00f5es do processo seletivo de resid\u00eancia m\u00e9dica do IAMSPE 2023.","breadcrumb":{"@id":"https:\/\/med.estrategia.com\/portal\/noticias\/iamspe-2023-inscricoes-abertas\/#breadcrumb"},"inLanguage":"pt-BR","potentialAction":[{"@type":"ReadAction","target":["https:\/\/med.estrategia.com\/portal\/noticias\/iamspe-2023-inscricoes-abertas\/"]}]},{"@type":"ImageObject","inLanguage":"pt-BR","@id":"https:\/\/med.estrategia.com\/portal\/noticias\/iamspe-2023-inscricoes-abertas\/#primaryimage","url":"https:\/\/med.estrategia.com\/portal\/wp-content\/uploads\/2022\/10\/cover_WP_editais-18.jpg","contentUrl":"https:\/\/med.estrategia.com\/portal\/wp-content\/uploads\/2022\/10\/cover_WP_editais-18.jpg","width":1920,"height":1080,"caption":"Cr\u00e9ditos: Estrat\u00e9gia MED e IAMSPE"},{"@type":"BreadcrumbList","@id":"https:\/\/med.estrategia.com\/portal\/noticias\/iamspe-2023-inscricoes-abertas\/#breadcrumb","itemListElement":[{"@type":"ListItem","position":1,"name":"Home","item":"https:\/\/med.estrategia.com\/portal\/"},{"@type":"ListItem","position":2,"name":"Not\u00edcias","item":"https:\/\/med.estrategia.com\/portal\/noticias\/"},{"@type":"ListItem","position":3,"name":"IAMSPE 2023: inscri\u00e7\u00f5es abertas!"}]},{"@type":"WebSite","@id":"https:\/\/med.estrategia.com\/portal\/#website","url":"https:\/\/med.estrategia.com\/portal\/","name":"Estrat\u00e9gia MED","description":"","potentialAction":[{"@type":"SearchAction","target":{"@type":"EntryPoint","urlTemplate":"https:\/\/med.estrategia.com\/portal\/?s={search_term_string}"},"query-input":{"@type":"PropertyValueSpecification","valueRequired":true,"valueName":"search_term_string"}}],"inLanguage":"pt-BR"},{"@type":"Person","@id":"https:\/\/med.estrategia.com\/portal\/#\/schema\/person\/2f553adbb8e25fe39d145c5b2927f58c","name":"Ana Carolina Damasceno","image":{"@type":"ImageObject","inLanguage":"pt-BR","@id":"https:\/\/med.estrategia.com\/portal\/#\/schema\/person\/image\/","url":"https:\/\/med.estrategia.com\/portal\/wp-content\/uploads\/2021\/09\/WhatsApp-Image-2023-08-18-at-16.46.43-150x150.jpeg","contentUrl":"https:\/\/med.estrategia.com\/portal\/wp-content\/uploads\/2021\/09\/WhatsApp-Image-2023-08-18-at-16.46.43-150x150.jpeg","caption":"Ana Carolina Damasceno"},"description":"Coordenadora de Jornalismo EMED. Comunicadora por natureza e forma\u00e7\u00e3o, que ama e perde a no\u00e7\u00e3o do tempo com m\u00fasica e s\u00e9rie.","url":"https:\/\/med.estrategia.com\/portal\/author\/ana-carolina-damasceno\/"}]}},"_wl_alt_label":[],"wl:entity_url":"\/post\/iamspe-2023-inscricoes-abertas","_links":{"self":[{"href":"https:\/\/med.estrategia.com\/portal\/wp-json\/wp\/v2\/posts\/28633","targetHints":{"allow":["GET"]}}],"collection":[{"href":"https:\/\/med.estrategia.com\/portal\/wp-json\/wp\/v2\/posts"}],"about":[{"href":"https:\/\/med.estrategia.com\/portal\/wp-json\/wp\/v2\/types\/post"}],"author":[{"embeddable":true,"href":"https:\/\/med.estrategia.com\/portal\/wp-json\/wp\/v2\/users\/39"}],"replies":[{"embeddable":true,"href":"https:\/\/med.estrategia.com\/portal\/wp-json\/wp\/v2\/comments?post=28633"}],"version-history":[{"count":3,"href":"https:\/\/med.estrategia.com\/portal\/wp-json\/wp\/v2\/posts\/28633\/revisions"}],"predecessor-version":[{"id":28637,"href":"https:\/\/med.estrategia.com\/portal\/wp-json\/wp\/v2\/posts\/28633\/revisions\/28637"}],"wp:featuredmedia":[{"embeddable":true,"href":"https:\/\/med.estrategia.com\/portal\/wp-json\/wp\/v2\/media\/28634"}],"wp:attachment":[{"href":"https:\/\/med.estrategia.com\/portal\/wp-json\/wp\/v2\/media?parent=28633"}],"wp:term":[{"taxonomy":"category","embeddable":true,"href":"https:\/\/med.estrategia.com\/portal\/wp-json\/wp\/v2\/categories?post=28633"},{"taxonomy":"post_tag","embeddable":true,"href":"https:\/\/med.estrategia.com\/portal\/wp-json\/wp\/v2\/tags?post=28633"},{"taxonomy":"wl_entity_type","embeddable":true,"href":"https:\/\/med.estrategia.com\/portal\/wp-json\/wp\/v2\/wl_entity_type?post=28633"}],"curies":[{"name":"wp","href":"https:\/\/api.w.org\/{rel}","templated":true}]}}