{"id":28641,"date":"2022-10-24T15:10:37","date_gmt":"2022-10-24T18:10:37","guid":{"rendered":"https:\/\/med.estrategia.com\/portal\/?p=28641"},"modified":"2022-10-24T15:10:40","modified_gmt":"2022-10-24T18:10:40","slug":"ufpb-abre-inscricoes-para-processo-seletivo-de-residencia-medica","status":"publish","type":"post","link":"https:\/\/med.estrategia.com\/portal\/noticias\/ufpb-abre-inscricoes-para-processo-seletivo-de-residencia-medica\/","title":{"rendered":"UFPB abre inscri\u00e7\u00f5es para processo seletivo de resid\u00eancia m\u00e9dica"},"content":{"rendered":"<p>O prazo de inscri&ccedil;&otilde;es para o processo seletivo de resid&ecirc;ncia m&eacute;dica da <strong>Universidade Federal da Para&iacute;ba&nbsp;(UFPB)<\/strong> foi aberto hoje (24). As inscri&ccedil;&otilde;es devem ser feitas de forma<strong>&nbsp;on-line<\/strong>, por meio do formul&aacute;rio dispon&iacute;vel no&nbsp;<a href=\"https:\/\/sigaa.ufpb.br\/public\/processo-seletivo\/edital\/27906942\" target=\"_blank\"><strong>site<\/strong><\/a><strong>&nbsp;<\/strong>da SIGAA UFPB, entre os dias&nbsp;<strong><strong>24 de outubro a 22 de novembro de 2022<\/strong>.<\/strong> <p>Ap&oacute;s preencher a ficha de inscri&ccedil;&atilde;o, o participante deve efetuar o pagamento da&nbsp;<strong>taxa de<\/strong> <strong>R$ 500,00<\/strong>. O per&iacute;odo de&nbsp;<strong>pagamento&nbsp;<\/strong>ser&aacute; at&eacute; o dia&nbsp;<strong>22 de novembro de 2022<\/strong>. A solicita&ccedil;&atilde;o de isen&ccedil;&atilde;o desta taxa p&ocirc;de ser feita 23 de setembro e 3 de novembro de 2022 e o <a href=\"https:\/\/med.estrategia.com\/portal\/wp-content\/uploads\/2022\/10\/resultado_pedidos_isencao_inscricao_RESIDENCIAS.pdf\" target=\"_blank\">resultado foi divulgado<\/a> no dia 5 de novembro. <\/p><p>O per&iacute;odo de inscri&ccedil;&atilde;o tamb&eacute;m ficou estabelecido para a solicita&ccedil;&atilde;o da pontua&ccedil;&atilde;o adicional do <strong>PROVAB ou do PRMGFC <\/strong>na nota total da prova. A solicita&ccedil;&atilde;o para receber a pontua&ccedil;&atilde;o dever&aacute; ser efetuada pelo pr&oacute;prio candidato no link do processo seletivo no ato de sua inscri&ccedil;&atilde;o. Os candidatos que desejem <strong>atendimento especial&nbsp;<\/strong>na hora da prova tamb&eacute;m precisam solicitar os equipamentos ou estruturas necess&aacute;rias no ato da inscri&ccedil;&atilde;o.<\/p><p>\n\n\n<div id=\"new-form\">\n\t<form id=\"forms_layout\">\n\t<input type=\"hidden\" id=\"chave_de\" name=\"chave_de\" value=\"01_EMED_LEADS_TOTAIS\" \/>\n\t\t<input type=\"hidden\" id=\"mid\" name=\"mid\" value=\"515009018\" \/>\n\t\t<input type=\"hidden\" id=\"Objetivo\" name=\"Objetivo\" value=\"Medicina\" \/>\n\t\t<input type=\"hidden\" id=\"Estado_de_Origem_do_IP\" name=\"Estado_de_Origem_do_IP\"  value=\"\" \/>\n\t\t<input type=\"hidden\" id=\"Cidade_de_Origem_do_IP\" name=\"Cidade_de_Origem_do_IP\" value=\"\" \/>\n\t\t<input type=\"hidden\" id=\"Modo_de_entrada\" name=\"Modo_de_entrada\" value=\"Portal\" \/>\n\t\t<input type=\"hidden\" id=\"Pagina_Origem\" name=\"Pagina_Origem\" value=\"\" \/>\n\n\t\t<div class=\"texto\">\n\t\t\t<h3 class=\"news\">Inscreva-se em nossa newsletter!<\/h3>\n\t\t\t<p>Receba not\u00edcias sobre resid\u00eancia m\u00e9dica, revalida\u00e7\u00e3o de diplomas e concursos m\u00e9dicos, al\u00e9m de materiais de estudo gratuitos e informa\u00e7\u00f5es relevantes do mundo da Medicina.<\/p>\n\t\t<\/div>\n\t\t<div class=\"campos\">\n\t\t\t<div class=\"first_name labels\">\n\t\t\t\t<input type=\"text\" class=\"input_labels\" id=\"first_name\" name=\"Nome_Completo\" placeholder=\"Nome\" required \/>\n\t\t\t<\/div>\n\t\t\t<div class=\"email labels\">\n\t\t\t\t<input type=\"email\" class=\"input_labels\" id=\"email\" name=\"Email\" placeholder=\"E-mail\" required \/>\n\t\t\t<\/div>\n\t\t\t<button type=\"submit\" class=\"button_layout\">\n\t\t\t\t<div id=\"lblBotao\">Inscreva-se<\/div>\n\t\t\t\t<span id=\"divSpiner\" class=\"loader\" role=\"status\" style=\"display: none;\"><\/span>\t\n\t\t\t<\/button>\n\t\t<\/div><!-- \/campos -->\n\t\t\n\t\t<label class=\"container_checkbox\">Voc\u00ea concorda com a nossa\n\t\t\t<a class=\"politics_privacy_ahref\" target=\"_blank\" href=\"https:\/\/gratis.estrategiaconcursos.com.br\/politica-de-privacidade\/\">Pol\u00edtica de Privacidade<\/a> e aceita receber informa\u00e7\u00f5es adicionais do Estrat\u00e9gia Educacional.\n\t\t\t<input id=\"checkbox_layout\" type=\"checkbox\" checked=\"checked\" required \/>\n\t\t\t<span class=\"checkbox\"><\/span>\n\t\t<\/label>\n\t\t<div id=\"msg\"><\/div>\n\t\t<div id=\"error\" class=\"error\">\n\t\t<\/div>\n\t<\/form>\n<\/div><!-- \/new-form -->\n\n\n\n<\/p><h2 class=\"wp-block-heading\" id=\"h-cronograma-ufpb-residencia-medica-2023\"><strong>Cronograma UFPB Resid&ecirc;ncia M&eacute;dica 2023<\/strong><\/h2><ul class=\"wp-block-list\"><li><strong>Divulga&ccedil;&atilde;o do Edital:&nbsp;<\/strong>23\/09\/2022;<\/li><li><strong>Inscri&ccedil;&otilde;es:&nbsp;<\/strong>24\/10 a 21\/11\/2022;<\/li><li><strong>Solicita&ccedil;&atilde;o de Isen&ccedil;&atilde;o da Taxa de Inscri&ccedil;&atilde;o:<\/strong>&nbsp;23\/09 a 03\/10\/2022;<\/li><li><strong>Taxa de inscri&ccedil;&atilde;o:<\/strong>&nbsp;R$ 400,00;<\/li><li><strong>Locais de prova:&nbsp;<\/strong>07\/12\/2022;<\/li><li><strong>Prova:<\/strong>&nbsp;11\/12\/2022;<\/li><li><strong>Divulga&ccedil;&atilde;o do Gabarito Preliminar:&nbsp;<\/strong>at&eacute; 12\/12\/2022;&nbsp;<\/li><li><strong>Recursos ao Gabarito Preliminar:&nbsp;<\/strong>13 e 14\/11\/2022;<\/li><li><strong>Gabarito Oficial:&nbsp;<\/strong>at&eacute; 16\/12\/2022;<\/li><li><strong>Resultado Preliminar:<\/strong>&nbsp;at&eacute; 09\/01\/2022;<\/li><li><strong>Recurso ao Resultado Preliminar:&nbsp;<\/strong>10 a 20\/01\/2022;<\/li><li><strong>Resultado Final:&nbsp;<\/strong>at&eacute; 27\/01\/2022; e<\/li><li><strong>In&iacute;cio dos Programas:<\/strong>&nbsp;03\/03\/2022.<\/li><\/ul><p>Para saber mais informa&ccedil;&otilde;es sobre o processo de sele&ccedil;&atilde;o da UFPB,<a href=\"https:\/\/med.estrategia.com\/portal\/residencia-medica\/ufpb-residencia-medica\/\" target=\"_blank\"> clique aqui.<\/a><\/p><p>\n\n\n\n<a id=\"cta\" class=\"cta-imagem\" href=\"https:\/\/med.estrategia.com\/curso\/curso-intensivo-para-residencia-medica\/\" target=\"blank\">\n                <img decoding=\"async\" width=\"100%\" src=\"https:\/\/med.estrategia.com\/portal\/wp-content\/uploads\/2025\/08\/intensivo_rm.jpg\" alt=\"intensivo_rm\" title=\"intensivo_rm\">\n        <\/a>\n\n\n\n<\/p><p><\/p><p><\/p><\/p>\n","protected":false},"excerpt":{"rendered":"Inscri\u00e7\u00f5es v\u00e3o at\u00e9 22 de novembro de 2022 e possuem taxa de R$400,00.\n","protected":false},"author":22,"featured_media":28651,"comment_status":"closed","ping_status":"closed","sticky":false,"template":"","format":"standard","meta":{"wl_entities_gutenberg":"","footnotes":""},"categories":[300],"tags":[],"wl_entity_type":[199],"class_list":{"0":"post-28641","1":"post","2":"type-post","3":"status-publish","4":"format-standard","5":"has-post-thumbnail","7":"category-noticias","8":"wl_entity_type-article"},"acf":[],"yoast_head":"<!-- This site is optimized with the Yoast SEO Premium plugin v26.6 (Yoast SEO v26.6) - https:\/\/yoast.com\/wordpress\/plugins\/seo\/ -->\n<title>UFPB abre inscri\u00e7\u00f5es para processo seletivo de resid\u00eancia m\u00e9dica<\/title>\n<meta name=\"robots\" content=\"index, follow, max-snippet:-1, max-image-preview:large, max-video-preview:-1\" \/>\n<link rel=\"canonical\" href=\"https:\/\/med.estrategia.com\/portal\/noticias\/ufpb-abre-inscricoes-para-processo-seletivo-de-residencia-medica\/\" \/>\n<meta property=\"og:locale\" content=\"pt_BR\" \/>\n<meta property=\"og:type\" content=\"article\" \/>\n<meta property=\"og:title\" content=\"UFPB abre inscri\u00e7\u00f5es para processo seletivo de resid\u00eancia m\u00e9dica\" \/>\n<meta property=\"og:description\" content=\"Inscri\u00e7\u00f5es v\u00e3o at\u00e9 22 de novembro de 2022 e possuem taxa de R$400,00.\" \/>\n<meta property=\"og:url\" content=\"https:\/\/med.estrategia.com\/portal\/noticias\/ufpb-abre-inscricoes-para-processo-seletivo-de-residencia-medica\/\" \/>\n<meta property=\"og:site_name\" content=\"Estrat\u00e9gia MED\" \/>\n<meta property=\"article:publisher\" content=\"https:\/\/www.facebook.com\/estrategiamed1\" \/>\n<meta property=\"article:published_time\" content=\"2022-10-24T18:10:37+00:00\" \/>\n<meta property=\"article:modified_time\" content=\"2022-10-24T18:10:40+00:00\" \/>\n<meta property=\"og:image\" content=\"https:\/\/cdn.medblog.estrategiaeducacional.com.br\/wp-content\/uploads\/2022\/10\/cover_WP_editais-30.jpg\" \/>\n\t<meta property=\"og:image:width\" content=\"1920\" \/>\n\t<meta property=\"og:image:height\" content=\"1080\" \/>\n\t<meta property=\"og:image:type\" content=\"image\/jpeg\" \/>\n<meta name=\"author\" content=\"Erika Coelho\" \/>\n<meta name=\"twitter:card\" content=\"summary_large_image\" \/>\n<meta name=\"twitter:creator\" content=\"@estrategiamed_\" \/>\n<meta name=\"twitter:site\" content=\"@estrategiamed_\" \/>\n<meta name=\"twitter:label1\" content=\"Escrito por\" \/>\n\t<meta name=\"twitter:data1\" content=\"Erika Coelho\" \/>\n\t<meta name=\"twitter:label2\" content=\"Est. tempo de leitura\" \/>\n\t<meta name=\"twitter:data2\" content=\"1 minuto\" \/>\n<script type=\"application\/ld+json\" class=\"yoast-schema-graph\">{\"@context\":\"https:\/\/schema.org\",\"@graph\":[{\"@type\":\"WebPage\",\"@id\":\"https:\/\/med.estrategia.com\/portal\/noticias\/ufpb-abre-inscricoes-para-processo-seletivo-de-residencia-medica\/\",\"url\":\"https:\/\/med.estrategia.com\/portal\/noticias\/ufpb-abre-inscricoes-para-processo-seletivo-de-residencia-medica\/\",\"name\":\"UFPB abre inscri\u00e7\u00f5es para processo seletivo de resid\u00eancia m\u00e9dica\",\"isPartOf\":{\"@id\":\"https:\/\/med.estrategia.com\/portal\/#website\"},\"primaryImageOfPage\":{\"@id\":\"https:\/\/med.estrategia.com\/portal\/noticias\/ufpb-abre-inscricoes-para-processo-seletivo-de-residencia-medica\/#primaryimage\"},\"image\":{\"@id\":\"https:\/\/med.estrategia.com\/portal\/noticias\/ufpb-abre-inscricoes-para-processo-seletivo-de-residencia-medica\/#primaryimage\"},\"thumbnailUrl\":\"https:\/\/med.estrategia.com\/portal\/wp-content\/uploads\/2022\/10\/cover_WP_editais-30.jpg\",\"datePublished\":\"2022-10-24T18:10:37+00:00\",\"dateModified\":\"2022-10-24T18:10:40+00:00\",\"author\":{\"@id\":\"https:\/\/med.estrategia.com\/portal\/#\/schema\/person\/8e7c9b2f53f2eede3b8880ad86ff20a3\"},\"breadcrumb\":{\"@id\":\"https:\/\/med.estrategia.com\/portal\/noticias\/ufpb-abre-inscricoes-para-processo-seletivo-de-residencia-medica\/#breadcrumb\"},\"inLanguage\":\"pt-BR\",\"potentialAction\":[{\"@type\":\"ReadAction\",\"target\":[\"https:\/\/med.estrategia.com\/portal\/noticias\/ufpb-abre-inscricoes-para-processo-seletivo-de-residencia-medica\/\"]}]},{\"@type\":\"ImageObject\",\"inLanguage\":\"pt-BR\",\"@id\":\"https:\/\/med.estrategia.com\/portal\/noticias\/ufpb-abre-inscricoes-para-processo-seletivo-de-residencia-medica\/#primaryimage\",\"url\":\"https:\/\/med.estrategia.com\/portal\/wp-content\/uploads\/2022\/10\/cover_WP_editais-30.jpg\",\"contentUrl\":\"https:\/\/med.estrategia.com\/portal\/wp-content\/uploads\/2022\/10\/cover_WP_editais-30.jpg\",\"width\":1920,\"height\":1080,\"caption\":\"Cr\u00e9ditos: Estrat\u00e9gia MED e UFPB\"},{\"@type\":\"BreadcrumbList\",\"@id\":\"https:\/\/med.estrategia.com\/portal\/noticias\/ufpb-abre-inscricoes-para-processo-seletivo-de-residencia-medica\/#breadcrumb\",\"itemListElement\":[{\"@type\":\"ListItem\",\"position\":1,\"name\":\"Home\",\"item\":\"https:\/\/med.estrategia.com\/portal\/\"},{\"@type\":\"ListItem\",\"position\":2,\"name\":\"Not\u00edcias\",\"item\":\"https:\/\/med.estrategia.com\/portal\/noticias\/\"},{\"@type\":\"ListItem\",\"position\":3,\"name\":\"UFPB abre inscri\u00e7\u00f5es para processo seletivo de resid\u00eancia m\u00e9dica\"}]},{\"@type\":\"WebSite\",\"@id\":\"https:\/\/med.estrategia.com\/portal\/#website\",\"url\":\"https:\/\/med.estrategia.com\/portal\/\",\"name\":\"Estrat\u00e9gia MED\",\"description\":\"\",\"potentialAction\":[{\"@type\":\"SearchAction\",\"target\":{\"@type\":\"EntryPoint\",\"urlTemplate\":\"https:\/\/med.estrategia.com\/portal\/?s={search_term_string}\"},\"query-input\":{\"@type\":\"PropertyValueSpecification\",\"valueRequired\":true,\"valueName\":\"search_term_string\"}}],\"inLanguage\":\"pt-BR\"},{\"@type\":\"Person\",\"@id\":\"https:\/\/med.estrategia.com\/portal\/#\/schema\/person\/8e7c9b2f53f2eede3b8880ad86ff20a3\",\"name\":\"Erika Coelho\",\"image\":{\"@type\":\"ImageObject\",\"inLanguage\":\"pt-BR\",\"@id\":\"https:\/\/med.estrategia.com\/portal\/#\/schema\/person\/image\/\",\"url\":\"https:\/\/secure.gravatar.com\/avatar\/8ef9ff2e2fa53829c640cca8d1a45178?s=96&d=mm&r=g\",\"contentUrl\":\"https:\/\/secure.gravatar.com\/avatar\/8ef9ff2e2fa53829c640cca8d1a45178?s=96&d=mm&r=g\",\"caption\":\"Erika Coelho\"},\"description\":\"Jornalista pela Universidade Presbiteriana Mackenzie, escrevo sobre educa\u00e7\u00e3o, sa\u00fade e pol\u00edticas p\u00fablicas\",\"url\":\"https:\/\/med.estrategia.com\/portal\/author\/erika\/\"}]}<\/script>\n<!-- \/ Yoast SEO Premium plugin. -->","yoast_head_json":{"title":"UFPB abre inscri\u00e7\u00f5es para processo seletivo de resid\u00eancia m\u00e9dica","robots":{"index":"index","follow":"follow","max-snippet":"max-snippet:-1","max-image-preview":"max-image-preview:large","max-video-preview":"max-video-preview:-1"},"canonical":"https:\/\/med.estrategia.com\/portal\/noticias\/ufpb-abre-inscricoes-para-processo-seletivo-de-residencia-medica\/","og_locale":"pt_BR","og_type":"article","og_title":"UFPB abre inscri\u00e7\u00f5es para processo seletivo de resid\u00eancia m\u00e9dica","og_description":"Inscri\u00e7\u00f5es v\u00e3o at\u00e9 22 de novembro de 2022 e possuem taxa de R$400,00.","og_url":"https:\/\/med.estrategia.com\/portal\/noticias\/ufpb-abre-inscricoes-para-processo-seletivo-de-residencia-medica\/","og_site_name":"Estrat\u00e9gia MED","article_publisher":"https:\/\/www.facebook.com\/estrategiamed1","article_published_time":"2022-10-24T18:10:37+00:00","article_modified_time":"2022-10-24T18:10:40+00:00","og_image":[{"width":1920,"height":1080,"url":"https:\/\/cdn.medblog.estrategiaeducacional.com.br\/wp-content\/uploads\/2022\/10\/cover_WP_editais-30.jpg","type":"image\/jpeg"}],"author":"Erika Coelho","twitter_card":"summary_large_image","twitter_creator":"@estrategiamed_","twitter_site":"@estrategiamed_","twitter_misc":{"Escrito por":"Erika Coelho","Est. tempo de leitura":"1 minuto"},"schema":{"@context":"https:\/\/schema.org","@graph":[{"@type":"WebPage","@id":"https:\/\/med.estrategia.com\/portal\/noticias\/ufpb-abre-inscricoes-para-processo-seletivo-de-residencia-medica\/","url":"https:\/\/med.estrategia.com\/portal\/noticias\/ufpb-abre-inscricoes-para-processo-seletivo-de-residencia-medica\/","name":"UFPB abre inscri\u00e7\u00f5es para processo seletivo de resid\u00eancia m\u00e9dica","isPartOf":{"@id":"https:\/\/med.estrategia.com\/portal\/#website"},"primaryImageOfPage":{"@id":"https:\/\/med.estrategia.com\/portal\/noticias\/ufpb-abre-inscricoes-para-processo-seletivo-de-residencia-medica\/#primaryimage"},"image":{"@id":"https:\/\/med.estrategia.com\/portal\/noticias\/ufpb-abre-inscricoes-para-processo-seletivo-de-residencia-medica\/#primaryimage"},"thumbnailUrl":"https:\/\/med.estrategia.com\/portal\/wp-content\/uploads\/2022\/10\/cover_WP_editais-30.jpg","datePublished":"2022-10-24T18:10:37+00:00","dateModified":"2022-10-24T18:10:40+00:00","author":{"@id":"https:\/\/med.estrategia.com\/portal\/#\/schema\/person\/8e7c9b2f53f2eede3b8880ad86ff20a3"},"breadcrumb":{"@id":"https:\/\/med.estrategia.com\/portal\/noticias\/ufpb-abre-inscricoes-para-processo-seletivo-de-residencia-medica\/#breadcrumb"},"inLanguage":"pt-BR","potentialAction":[{"@type":"ReadAction","target":["https:\/\/med.estrategia.com\/portal\/noticias\/ufpb-abre-inscricoes-para-processo-seletivo-de-residencia-medica\/"]}]},{"@type":"ImageObject","inLanguage":"pt-BR","@id":"https:\/\/med.estrategia.com\/portal\/noticias\/ufpb-abre-inscricoes-para-processo-seletivo-de-residencia-medica\/#primaryimage","url":"https:\/\/med.estrategia.com\/portal\/wp-content\/uploads\/2022\/10\/cover_WP_editais-30.jpg","contentUrl":"https:\/\/med.estrategia.com\/portal\/wp-content\/uploads\/2022\/10\/cover_WP_editais-30.jpg","width":1920,"height":1080,"caption":"Cr\u00e9ditos: Estrat\u00e9gia MED e UFPB"},{"@type":"BreadcrumbList","@id":"https:\/\/med.estrategia.com\/portal\/noticias\/ufpb-abre-inscricoes-para-processo-seletivo-de-residencia-medica\/#breadcrumb","itemListElement":[{"@type":"ListItem","position":1,"name":"Home","item":"https:\/\/med.estrategia.com\/portal\/"},{"@type":"ListItem","position":2,"name":"Not\u00edcias","item":"https:\/\/med.estrategia.com\/portal\/noticias\/"},{"@type":"ListItem","position":3,"name":"UFPB abre inscri\u00e7\u00f5es para processo seletivo de resid\u00eancia m\u00e9dica"}]},{"@type":"WebSite","@id":"https:\/\/med.estrategia.com\/portal\/#website","url":"https:\/\/med.estrategia.com\/portal\/","name":"Estrat\u00e9gia MED","description":"","potentialAction":[{"@type":"SearchAction","target":{"@type":"EntryPoint","urlTemplate":"https:\/\/med.estrategia.com\/portal\/?s={search_term_string}"},"query-input":{"@type":"PropertyValueSpecification","valueRequired":true,"valueName":"search_term_string"}}],"inLanguage":"pt-BR"},{"@type":"Person","@id":"https:\/\/med.estrategia.com\/portal\/#\/schema\/person\/8e7c9b2f53f2eede3b8880ad86ff20a3","name":"Erika Coelho","image":{"@type":"ImageObject","inLanguage":"pt-BR","@id":"https:\/\/med.estrategia.com\/portal\/#\/schema\/person\/image\/","url":"https:\/\/secure.gravatar.com\/avatar\/8ef9ff2e2fa53829c640cca8d1a45178?s=96&d=mm&r=g","contentUrl":"https:\/\/secure.gravatar.com\/avatar\/8ef9ff2e2fa53829c640cca8d1a45178?s=96&d=mm&r=g","caption":"Erika Coelho"},"description":"Jornalista pela Universidade Presbiteriana Mackenzie, escrevo sobre educa\u00e7\u00e3o, sa\u00fade e pol\u00edticas p\u00fablicas","url":"https:\/\/med.estrategia.com\/portal\/author\/erika\/"}]}},"_wl_alt_label":[],"wl:entity_url":"\/post\/ufpb-abre-inscricoes-para-processo-seletivo-de-residencia-medica","_links":{"self":[{"href":"https:\/\/med.estrategia.com\/portal\/wp-json\/wp\/v2\/posts\/28641","targetHints":{"allow":["GET"]}}],"collection":[{"href":"https:\/\/med.estrategia.com\/portal\/wp-json\/wp\/v2\/posts"}],"about":[{"href":"https:\/\/med.estrategia.com\/portal\/wp-json\/wp\/v2\/types\/post"}],"author":[{"embeddable":true,"href":"https:\/\/med.estrategia.com\/portal\/wp-json\/wp\/v2\/users\/22"}],"replies":[{"embeddable":true,"href":"https:\/\/med.estrategia.com\/portal\/wp-json\/wp\/v2\/comments?post=28641"}],"version-history":[{"count":2,"href":"https:\/\/med.estrategia.com\/portal\/wp-json\/wp\/v2\/posts\/28641\/revisions"}],"predecessor-version":[{"id":28653,"href":"https:\/\/med.estrategia.com\/portal\/wp-json\/wp\/v2\/posts\/28641\/revisions\/28653"}],"wp:featuredmedia":[{"embeddable":true,"href":"https:\/\/med.estrategia.com\/portal\/wp-json\/wp\/v2\/media\/28651"}],"wp:attachment":[{"href":"https:\/\/med.estrategia.com\/portal\/wp-json\/wp\/v2\/media?parent=28641"}],"wp:term":[{"taxonomy":"category","embeddable":true,"href":"https:\/\/med.estrategia.com\/portal\/wp-json\/wp\/v2\/categories?post=28641"},{"taxonomy":"post_tag","embeddable":true,"href":"https:\/\/med.estrategia.com\/portal\/wp-json\/wp\/v2\/tags?post=28641"},{"taxonomy":"wl_entity_type","embeddable":true,"href":"https:\/\/med.estrategia.com\/portal\/wp-json\/wp\/v2\/wl_entity_type?post=28641"}],"curies":[{"name":"wp","href":"https:\/\/api.w.org\/{rel}","templated":true}]}}