{"id":29066,"date":"2022-10-31T13:23:28","date_gmt":"2022-10-31T16:23:28","guid":{"rendered":"https:\/\/med.estrategia.com\/portal\/?p=29066"},"modified":"2022-10-31T13:23:31","modified_gmt":"2022-10-31T16:23:31","slug":"santa-casa-de-misericordia-de-maceio-2022-tudo-sobre-o-processo-seletivo","status":"publish","type":"post","link":"https:\/\/med.estrategia.com\/portal\/residencia-medica\/santa-casa-de-misericordia-de-maceio-2022-tudo-sobre-o-processo-seletivo\/","title":{"rendered":"Santa Casa de Miseric\u00f3rdia de Macei\u00f3 2022: tudo sobre o processo seletivo!"},"content":{"rendered":"<p>Confira com o Estrat&eacute;gia MED todas as informa&ccedil;&otilde;es sobre o edital para o processo seletivo de Resid&ecirc;ncia M&eacute;dica da Santa Casa de Miseric&oacute;rdia de Macei&oacute;!<div id=\"ez-toc-container\" class=\"ez-toc-v2_0_79_2 counter-hierarchy ez-toc-counter ez-toc-transparent ez-toc-container-direction\">\n<div class=\"ez-toc-title-container\"><p class=\"ez-toc-title\" style=\"cursor:inherit\">Navegue pelo conte\u00fado<\/p>\n<\/div><nav><ul class='ez-toc-list ez-toc-list-level-1 ' ><li class='ez-toc-page-1 ez-toc-heading-level-2'><a class=\"ez-toc-link ez-toc-heading-1\" href=\"https:\/\/med.estrategia.com\/portal\/residencia-medica\/santa-casa-de-misericordia-de-maceio-2022-tudo-sobre-o-processo-seletivo\/#A-Santa-Casa-de-Misericordia-de-Maceio\" >A Santa Casa de Miseric&oacute;rdia de Macei&oacute;<\/a><\/li><li class='ez-toc-page-1 ez-toc-heading-level-2'><a class=\"ez-toc-link ez-toc-heading-2\" href=\"https:\/\/med.estrategia.com\/portal\/residencia-medica\/santa-casa-de-misericordia-de-maceio-2022-tudo-sobre-o-processo-seletivo\/#Cronograma-Santa-Casa-de-Misericordia-de-Maceio-2022\" >Cronograma Santa Casa de Miseric&oacute;rdia de Macei&oacute; 2022<\/a><\/li><li class='ez-toc-page-1 ez-toc-heading-level-2'><a class=\"ez-toc-link ez-toc-heading-3\" href=\"https:\/\/med.estrategia.com\/portal\/residencia-medica\/santa-casa-de-misericordia-de-maceio-2022-tudo-sobre-o-processo-seletivo\/#Especialidades-e-vagas-oferecidas\" >Especialidades e vagas oferecidas<\/a><\/li><li class='ez-toc-page-1 ez-toc-heading-level-2'><a class=\"ez-toc-link ez-toc-heading-4\" href=\"https:\/\/med.estrategia.com\/portal\/residencia-medica\/santa-casa-de-misericordia-de-maceio-2022-tudo-sobre-o-processo-seletivo\/#Inscricoes\" >Inscri&ccedil;&otilde;es<\/a><\/li><li class='ez-toc-page-1 ez-toc-heading-level-2'><a class=\"ez-toc-link ez-toc-heading-5\" href=\"https:\/\/med.estrategia.com\/portal\/residencia-medica\/santa-casa-de-misericordia-de-maceio-2022-tudo-sobre-o-processo-seletivo\/#Sobre-o-processo-Seletivo\" >Sobre o processo Seletivo<\/a><\/li><li class='ez-toc-page-1 ez-toc-heading-level-2'><a class=\"ez-toc-link ez-toc-heading-6\" href=\"https:\/\/med.estrategia.com\/portal\/residencia-medica\/santa-casa-de-misericordia-de-maceio-2022-tudo-sobre-o-processo-seletivo\/#Resultado-final-e-matricula\" >Resultado final e matr&iacute;cula<\/a><\/li><li class='ez-toc-page-1 ez-toc-heading-level-2'><a class=\"ez-toc-link ez-toc-heading-7\" href=\"https:\/\/med.estrategia.com\/portal\/residencia-medica\/santa-casa-de-misericordia-de-maceio-2022-tudo-sobre-o-processo-seletivo\/#Voce-tambem-pode-se-interessar-por\" >Voc&ecirc; tamb&eacute;m pode se interessar por:<\/a><\/li><\/ul><\/nav><\/div>\n<h2 class=\"wp-block-heading\" id=\"h-a-santa-casa-de-misericordia-de-maceio\"><span class=\"ez-toc-section\" id=\"A-Santa-Casa-de-Misericordia-de-Maceio\"><\/span><br>A Santa Casa de Miseric&oacute;rdia de Macei&oacute;<span class=\"ez-toc-section-end\"><\/span><\/h2><p>A <a href=\"http:\/\/www.santacasademaceio.com.br\/\" target=\"_blank\">Santa Casa de Miseric&oacute;rdia de Macei&oacute;<\/a> &eacute; uma das maiores institui&ccedil;&otilde;es do estado de Alagoas. Fundada em 1891, com o tempo foi se modernizando e expandindo sua infraestrutura para melhor atendimento de seus pacientes do SUS, conv&ecirc;nios e particulares.<br><br>Hoje conta com a matriz, maternidade, urg&ecirc;ncia oncol&oacute;gica, ambulat&oacute;rio geral, centro cir&uacute;rgico, enfermarias, emerg&ecirc;ncia e muito mais.<\/p><h2 class=\"wp-block-heading\" id=\"h-cronograma-santa-casa-de-misericordia-de-maceio-2022\"><span class=\"ez-toc-section\" id=\"Cronograma-Santa-Casa-de-Misericordia-de-Maceio-2022\"><\/span>Cronograma Santa Casa de Miseric&oacute;rdia de Macei&oacute; 2022<span class=\"ez-toc-section-end\"><\/span><\/h2><ul class=\"wp-block-list\"><li><strong>Inscri&ccedil;&otilde;es:<\/strong> 15\/10\/2021 a 09\/01\/2022;<\/li><li><strong>Taxa de Inscri&ccedil;&atilde;o:<\/strong> R$550,00;<\/li><li><strong>Prova:<\/strong> 23\/01\/2022;<\/li><li><strong>Gabarito preliminar:<\/strong> 23\/01\/2022 ap&oacute;s 15h;&nbsp;<\/li><li><strong>Recurso Gabarito Preliminar:<\/strong> 24 e 25\/02\/2022;<\/li><li><strong>Resultado 1&ordf; fase e Convoca&ccedil;&atilde;o para 2&ordf;:<\/strong> 28\/01\/2022;<\/li><li><strong>Recurso do Resultado da 1&ordf; fase:<\/strong> 29 e 30\/01\/2022;&nbsp;<\/li><li><strong>Resultado:<\/strong> 31\/01\/2022;<\/li><li><strong>Entrega dos Curr&iacute;culos + 2&ordf; fase:<\/strong> 01 a 04\/02\/2022;&nbsp;<\/li><li><strong>Resultado Final:<\/strong> 16\/02\/2022;<\/li><li><strong>Pr&eacute;-Matr&iacute;cula (online):<\/strong> 17\/02\/2022;<\/li><li><strong>Matr&iacute;culas:<\/strong> 18\/02\/2022; e<\/li><li><strong>In&iacute;cio do Programa:<\/strong> 02\/03\/2022.<\/li><\/ul><h2 class=\"wp-block-heading\" id=\"h-especialidades-e-vagas-oferecidas\"><span class=\"ez-toc-section\" id=\"Especialidades-e-vagas-oferecidas\"><\/span><strong>Especialidades e vagas oferecidas<\/strong><span class=\"ez-toc-section-end\"><\/span><\/h2><p>Para o ano de<strong> 2022<\/strong>, a Santa Casa de Miseric&oacute;rdia de Macei&oacute; ofereceu, no total, <strong>40 vagas <\/strong>para especialidades m&eacute;dicas de <a href=\"https:\/\/www.consesp.com.br\/imagens_arquivos\/concursos\/arquivos\/3604_maceiosantacasaresidencia2022acessodireto.pdf\" target=\"_blank\"><strong>Acesso Direto<\/strong><\/a> e <a href=\"https:\/\/www.consesp.com.br\/imagens_arquivos\/concursos\/arquivos\/3604_maceiosantacasaresidencia2022prerequisito.pdf\" target=\"_blank\"><strong>Pr&eacute;-Requisito<\/strong><\/a>.&nbsp;<\/p><h3 class=\"wp-block-heading\" id=\"h-acesso-direto\"><strong>Acesso Direto<\/strong><\/h3><figure class=\"wp-block-table is-style-stripes\"><table class=\"has-light-green-cyan-to-vivid-green-cyan-gradient-background has-background\"><thead><tr><th>Especialidades<\/th><th class=\"has-text-align-center\" data-align=\"center\">Vagas<\/th><\/tr><\/thead><tbody><tr><td>Anestesiologia<\/td><td class=\"has-text-align-center\" data-align=\"center\">4<\/td><\/tr><tr><td>Cirurgia Cardiovascular<\/td><td class=\"has-text-align-center\" data-align=\"center\">1<\/td><\/tr><tr><td>Cirurgia Geral<\/td><td class=\"has-text-align-center\" data-align=\"center\">2<\/td><\/tr><tr><td>Cl&iacute;nica M&eacute;dica<\/td><td class=\"has-text-align-center\" data-align=\"center\">6<\/td><\/tr><tr><td>Ginecologia e Obstetr&iacute;cia<\/td><td class=\"has-text-align-center\" data-align=\"center\">1*<\/td><\/tr><tr><td>Medicina Intensiva<\/td><td class=\"has-text-align-center\" data-align=\"center\">2<\/td><\/tr><tr><td>Ortopedia e Traumatologia<\/td><td class=\"has-text-align-center\" data-align=\"center\">2<\/td><\/tr><tr><td>Otorrinolaringologia<\/td><td class=\"has-text-align-center\" data-align=\"center\">2<\/td><\/tr><tr><td>Pediatria<\/td><td class=\"has-text-align-center\" data-align=\"center\">2<\/td><\/tr><tr><td>Radiologia e Diagn&oacute;stico por Imagem<\/td><td class=\"has-text-align-center\" data-align=\"center\">2<\/td><\/tr><tr><td>Radioterapia<\/td><td class=\"has-text-align-center\" data-align=\"center\">1<\/td><\/tr><\/tbody><\/table><figcaption>*Reserva Militar<\/figcaption><\/figure><h3 class=\"wp-block-heading\" id=\"h-pre-requisitos\"><strong>Pr&eacute;-Requisitos<\/strong><\/h3><figure class=\"wp-block-table is-style-stripes\"><table class=\"has-light-green-cyan-to-vivid-green-cyan-gradient-background has-background\"><thead><tr><th>Especialidades<\/th><th class=\"has-text-align-center\" data-align=\"center\">Vagas<\/th><\/tr><\/thead><tbody><tr><td><strong>Angiorradiologia e Cirurgia Endovascular<\/strong><\/td><td class=\"has-text-align-center\" data-align=\"center\"><strong>1<\/strong><\/td><\/tr><tr><td><strong>Cirurgia Oncol&oacute;gica<\/strong><\/td><td class=\"has-text-align-center\" data-align=\"center\"><strong>2<\/strong><\/td><\/tr><tr><td><strong>Cardiologia<\/strong><\/td><td class=\"has-text-align-center\" data-align=\"center\"><strong>2<\/strong><\/td><\/tr><tr><td><strong>Geriatria<\/strong><\/td><td class=\"has-text-align-center\" data-align=\"center\"><strong>2<\/strong><\/td><\/tr><tr><td><strong>Medicina Intensiva Pedi&aacute;trica<\/strong><\/td><td class=\"has-text-align-center\" data-align=\"center\"><strong>1<\/strong><\/td><\/tr><tr><td><strong>Nefrologia<\/strong><\/td><td class=\"has-text-align-center\" data-align=\"center\"><strong>2<\/strong><\/td><\/tr><tr><td><strong>Neonatologia<\/strong><\/td><td class=\"has-text-align-center\" data-align=\"center\"><strong>2<\/strong><\/td><\/tr><tr><td><strong>Oncologia Cl&iacute;nica<\/strong><\/td><td class=\"has-text-align-center\" data-align=\"center\"><strong>2<\/strong><\/td><\/tr><tr><td><strong>Oncologia Pedi&aacute;trica<\/strong><\/td><td class=\"has-text-align-center\" data-align=\"center\"><strong>1<\/strong><\/td><\/tr><\/tbody><\/table><\/figure><h2 class=\"wp-block-heading\" id=\"h-inscricoes\"><span class=\"ez-toc-section\" id=\"Inscricoes\"><\/span><strong><br>Inscri&ccedil;&otilde;es<\/strong><span class=\"ez-toc-section-end\"><\/span><\/h2><p>As inscri&ccedil;&otilde;es deveriam ser feitas de forma online,<strong> entre os dias 15 de outubro de 2021 e 09 de janeiro de 2022, <\/strong>pelo site da <a href=\"https:\/\/www.consesp.com.br\/site\/index.php?pg=concursos\/info&amp;codigo=3609\" target=\"_blank\">Consesp<\/a>, banca respons&aacute;vel pelo processo e pela divulga&ccedil;&atilde;o dos resultados de todas as suas fases.<\/p><p>A taxa de inscri&ccedil;&atilde;o foi de<strong> R$550,00<\/strong> e n&atilde;o teve possibilidade de isen&ccedil;&atilde;o.<\/p><h2 class=\"wp-block-heading\" id=\"h-sobre-o-processo-seletivo\"><span class=\"ez-toc-section\" id=\"Sobre-o-processo-Seletivo\"><\/span><strong>Sobre o processo Seletivo<\/strong><span class=\"ez-toc-section-end\"><\/span><\/h2><p>O processo para a Santa Casa de Miseric&oacute;rdia de Macei&oacute; foi realizado em <strong>duas fases<\/strong>, a primeira composta por uma <strong>prova objetiva<\/strong> e a segunda por <strong>an&aacute;lise curricular e entrevista<\/strong>.<\/p><h3 class=\"wp-block-heading\" id=\"h-prova-objetiva\"><strong>Prova Objetiva<\/strong><\/h3><p>A<strong> prova objetiva<\/strong>, foi realizada no dia <strong>23 de janeiro de 2022<\/strong>, &agrave;s 8h, teve dura&ccedil;&atilde;o de<strong> 2 horas e 30 minutos<\/strong> para os dois programas e contou com<strong> 50 quest&otilde;es de m&uacute;ltipla escolha<\/strong>.&nbsp;Essa fase teve valor de 90 pontos.<\/p><p>Para todas as vagas das especialidades de <strong>Acesso Direto<\/strong>, as quest&otilde;es foram distribu&iacute;das igualmente entre as &aacute;reas:<\/p><ul class=\"wp-block-list\"><li>Cl&iacute;nica M&eacute;dica;<\/li><li>Cirurgia Geral;<\/li><li>Ginecologia e Obstetr&iacute;cia;<\/li><li>Pediatria; e<\/li><li>Medicina Preventiva e Social.<\/li><\/ul><p>J&aacute; para as vagas da especialidade com <strong>Pr&eacute;-Requisito<\/strong>, as quest&otilde;es foram divididas da seguinte forma:<\/p><ul class=\"wp-block-list\"><li>Angiorradiologia e Cirurgia Endovascular: 17 quest&otilde;es sobre Angiologia, 17 quest&otilde;es sobre Cirurgia Vascular e 16 quest&otilde;es sobre Radiologia e Diagn&oacute;stico de Imagem;<\/li><li>Cirurgia Oncol&oacute;gica: 50 quest&otilde;es sobre Cirurgia Geral;<\/li><li>Cardiologia, Geriatria, Nefrologia e Oncologia Cl&iacute;nica: 50 quest&otilde;es sobre Cl&iacute;nica M&eacute;dica;<\/li><li>Medicina Intensiva Pedi&aacute;trica: 25 quest&otilde;es sobre Pediatria, 25 quest&otilde;es sobre Medicina Intensiva; e<\/li><li>Neonatologia e Oncologia Pedi&aacute;trica: 50 quest&otilde;es sobre Pediatria.<\/li><\/ul><h3 class=\"wp-block-heading\" id=\"h-analise-curricular\">&nbsp;<strong>An&aacute;lise Curricular<\/strong><\/h3><p>A segunda fase foi realizada nos dias <strong>01 a 04 de fevereiro de 2022<\/strong>, em local e hor&aacute;rio que foi divulgado junto ao resultado da primeira fase no dia 31 de janeiro de 2022. Essa fase teve valor de 10 pontos.<\/p><p>Os candidatos convocados para essa segunda fase, precisaram levar documentos originais e curr&iacute;culo para que fossem conferidos e analisados pela Banca. Foram crit&eacute;rios de an&aacute;lise:<\/p><figure class=\"wp-block-table is-style-stripes\"><table class=\"has-light-green-cyan-to-vivid-green-cyan-gradient-background has-background\"><tbody><tr><td class=\"has-text-align-center\" data-align=\"center\"><strong>Item Avaliado<\/strong><\/td><td><strong>Pontua&ccedil;&atilde;o<\/strong><\/td><td class=\"has-text-align-center\" data-align=\"center\"><strong>Metodologia de An&aacute;lise<\/strong><\/td><\/tr><tr><td class=\"has-text-align-center\" data-align=\"center\">Hist&oacute;rico Escolar do Curso de Medicina&nbsp;<\/td><td>3,5 pontos<\/td><td class=\"has-text-align-center\" data-align=\"center\">Soma de todas as notas durante a gradua&ccedil;&atilde;o, dividida pelo n&uacute;mero total de disciplinas.<\/td><\/tr><tr><td class=\"has-text-align-center\" data-align=\"center\">Monitoria Oficial<\/td><td>1 ponto<\/td><td class=\"has-text-align-center\" data-align=\"center\">0,2 pontos por monitoria oficial.<\/td><\/tr><tr><td class=\"has-text-align-center\" data-align=\"center\">Bolsa de Estudo ou de Pesquisa<\/td><td>1 ponto<\/td><td class=\"has-text-align-center\" data-align=\"center\">0,2 pontos por bolsa ou pesquisa<\/td><\/tr><tr><td class=\"has-text-align-center\" data-align=\"center\">Trabalhos Cient&iacute;ficos apresentados em congressos estudantis e\/ou congressos m&eacute;dicos<\/td><td>0,5 pontos<\/td><td class=\"has-text-align-center\" data-align=\"center\">A pontua&ccedil;&atilde;o ser&aacute; contada por trabalho e n&atilde;o por evento.Como autor: 0,05 pontos;Como co-autor: 0,025 pontos.<\/td><\/tr><tr><td class=\"has-text-align-center\" data-align=\"center\">Publica&ccedil;&otilde;es (em peri&oacute;dicos com corpo editorial)&nbsp;<\/td><td>1 ponto<\/td><td class=\"has-text-align-center\" data-align=\"center\">Como autor: 0,1 pontos;Como co-autor: 0,05 pontos.<\/td><\/tr><tr><td class=\"has-text-align-center\" data-align=\"center\">Atividades de Extens&atilde;o (Campanhas educativas, de vacina&ccedil;&atilde;o, coleta de dados populacionais, atividades comunit&aacute;rias)<\/td><td>0,5 pontos<\/td><td class=\"has-text-align-center\" data-align=\"center\">0,05 pontos por atividade.<\/td><\/tr><tr><td class=\"has-text-align-center\" data-align=\"center\">Atividades Extra-Curriculares (Cursos de extens&atilde;o, est&aacute;gios em institui&ccedil;&otilde;es de ensino, cursos de l&iacute;ngua e de computa&ccedil;&atilde;o, aprova&ccedil;&atilde;o em concursos)&nbsp;<\/td><td>0,5 pontos<\/td><td class=\"has-text-align-center\" data-align=\"center\">0,05 pontos por atividade.<\/td><\/tr><tr><td class=\"has-text-align-center\" data-align=\"center\">Entrevista<\/td><td>2 pontos<\/td><td class=\"has-text-align-center\" data-align=\"center\">Avalia&ccedil;&atilde;o de interesse, comprometimento, capacidade de lideran&ccedil;a e resolu&ccedil;&atilde;o de conflitos.<\/td><\/tr><\/tbody><\/table><\/figure><h2 class=\"wp-block-heading\" id=\"h-resultado-final-e-matricula\"><span class=\"ez-toc-section\" id=\"Resultado-final-e-matricula\"><\/span><strong>Resultado final e matr&iacute;cula<\/strong><span class=\"ez-toc-section-end\"><\/span><\/h2><p>O <strong>resultado final<\/strong> foi publicado no site da <strong>Consesp<\/strong> no dia <strong>16 de fevereiro de 2022<\/strong>.<\/p><p>A pr&eacute;-matr&iacute;cula precisou ser feita online no dia 17 de fevereiro de 2022, um e-mail foi encaminhado para os candidatos aprovados com um link para preenchimento de informa&ccedil;&otilde;es.<br>Seguindo, no dia 18 de fevereiro de 2022, as matr&iacute;culas foram feitas presencialmente junto &agrave; Comiss&atilde;o de Resid&ecirc;ncia M&eacute;dica da Santa Casa de Miseric&oacute;rdia de Macei&oacute;, para que o in&iacute;cio das atividades ocorressem no dia 2 de mar&ccedil;o de 2022.<\/p><p><\/p><p><strong><a id=\"cta\" class=\"cta-imagem\" href=\"https:\/\/med.estrategia.com\/cursos\/extensivo-de-residncia-mdica\/\" target=\"blank\">\n                <img decoding=\"async\" width=\"100%\" src=\"https:\/\/med.estrategia.com\/portal\/wp-content\/uploads\/2025\/08\/extensivo_rm.jpg\" alt=\"Extensivo RM\" title=\"extensivo_rm\">\n        <\/a><\/strong><\/p><h2 class=\"wp-block-heading\" id=\"h-voce-tambem-pode-se-interessar-por\"><span class=\"ez-toc-section\" id=\"Voce-tambem-pode-se-interessar-por\"><\/span><strong>Voc&ecirc; tamb&eacute;m pode se interessar por:<\/strong><span class=\"ez-toc-section-end\"><\/span><\/h2><ul class=\"wp-block-list\"><li><a href=\"https:\/\/med.estrategia.com\/portal\/residencia-medica\/programa-de-residencia-medica\/edital-enare\/\">ENARE 2021: vagas, provas, institui&ccedil;&otilde;es, concorr&ecirc;ncia e mais!<\/a><\/li><li><a href=\"https:\/\/med.estrategia.com\/portal\/residencia-medica\/programa-de-residencia-medica\/usp-sp-residencia-medica\/\" target=\"_blank\">USP SP Resid&ecirc;ncia M&eacute;dica 2022: edital para 718 vagas!<\/a><\/li><li><a href=\"https:\/\/med.estrategia.com\/portal\/residencia-medica\/programa-de-residencia-medica\/unicamp-residencia-medica\/\" target=\"_blank\">Unicamp Resid&ecirc;ncia M&eacute;dica 2022: edital publicado!<\/a><\/li><li><a href=\"https:\/\/med.estrategia.com\/portal\/residencia-medica\/programa-de-residencia-medica\/sus-ba-residencia-medica\/\" target=\"_blank\">SUS-BA Resid&ecirc;ncia M&eacute;dica 2022: saiu o edital!<\/a><\/li><li><a href=\"https:\/\/med.estrategia.com\/portal\/aluno-de-medicina\/proximas-provas-residencia-medica\/\" target=\"_blank\">Calend&aacute;rio de Resid&ecirc;ncia M&eacute;dica<\/a><\/li><\/ul><\/p>\n","protected":false},"excerpt":{"rendered":"Confira com o Estrat&eacute;gia MED todas as informa&ccedil;&otilde;es sobre o edital para o processo seletivo de Resid&ecirc;ncia M&eacute;dica&hellip;\n","protected":false},"author":39,"featured_media":18416,"comment_status":"closed","ping_status":"closed","sticky":false,"template":"","format":"standard","meta":{"wl_entities_gutenberg":"","footnotes":""},"categories":[24],"tags":[],"wl_entity_type":[199],"class_list":{"0":"post-29066","1":"post","2":"type-post","3":"status-publish","4":"format-standard","5":"has-post-thumbnail","7":"category-residencia-medica","8":"wl_entity_type-article"},"acf":[],"yoast_head":"<!-- This site is optimized with the Yoast SEO Premium plugin v26.6 (Yoast SEO v26.6) - https:\/\/yoast.com\/wordpress\/plugins\/seo\/ -->\n<title>Santa Casa de Miseric\u00f3rdia de Macei\u00f3 2022: tudo sobre o processo seletivo!<\/title>\n<meta name=\"description\" content=\"Confira todas as informa\u00e7\u00f5es sobre o edital para o processo seletivo de Resid\u00eancia M\u00e9dica da Santa Casa de Miseric\u00f3rdia de Macei\u00f3!\" \/>\n<meta name=\"robots\" content=\"index, follow, max-snippet:-1, max-image-preview:large, max-video-preview:-1\" \/>\n<link rel=\"canonical\" href=\"https:\/\/med.estrategia.com\/portal\/residencia-medica\/santa-casa-de-misericordia-de-maceio-2022-tudo-sobre-o-processo-seletivo\/\" \/>\n<meta property=\"og:locale\" content=\"pt_BR\" \/>\n<meta property=\"og:type\" content=\"article\" \/>\n<meta property=\"og:title\" content=\"Santa Casa de Miseric\u00f3rdia de Macei\u00f3 2022: tudo sobre o processo seletivo!\" \/>\n<meta property=\"og:description\" content=\"Confira todas as informa\u00e7\u00f5es sobre o edital para o processo seletivo de Resid\u00eancia M\u00e9dica da Santa Casa de Miseric\u00f3rdia de Macei\u00f3!\" \/>\n<meta property=\"og:url\" content=\"https:\/\/med.estrategia.com\/portal\/residencia-medica\/santa-casa-de-misericordia-de-maceio-2022-tudo-sobre-o-processo-seletivo\/\" \/>\n<meta property=\"og:site_name\" content=\"Estrat\u00e9gia MED\" \/>\n<meta property=\"article:publisher\" content=\"https:\/\/www.facebook.com\/estrategiamed1\" \/>\n<meta property=\"article:published_time\" content=\"2022-10-31T16:23:28+00:00\" \/>\n<meta property=\"article:modified_time\" content=\"2022-10-31T16:23:31+00:00\" \/>\n<meta property=\"og:image\" content=\"https:\/\/cdn.medblog.estrategiaeducacional.com.br\/wp-content\/uploads\/2021\/10\/Provao-de-bolsas-2.jpg\" \/>\n\t<meta property=\"og:image:width\" content=\"1920\" \/>\n\t<meta property=\"og:image:height\" content=\"1080\" \/>\n\t<meta property=\"og:image:type\" content=\"image\/jpeg\" \/>\n<meta name=\"author\" content=\"Ana Carolina Damasceno\" \/>\n<meta name=\"twitter:card\" content=\"summary_large_image\" \/>\n<meta name=\"twitter:creator\" content=\"@estrategiamed_\" \/>\n<meta name=\"twitter:site\" content=\"@estrategiamed_\" \/>\n<meta name=\"twitter:label1\" content=\"Escrito por\" \/>\n\t<meta name=\"twitter:data1\" content=\"Ana Carolina Damasceno\" \/>\n\t<meta name=\"twitter:label2\" content=\"Est. tempo de leitura\" \/>\n\t<meta name=\"twitter:data2\" content=\"5 minutos\" \/>\n<script type=\"application\/ld+json\" class=\"yoast-schema-graph\">{\"@context\":\"https:\/\/schema.org\",\"@graph\":[{\"@type\":\"WebPage\",\"@id\":\"https:\/\/med.estrategia.com\/portal\/residencia-medica\/santa-casa-de-misericordia-de-maceio-2022-tudo-sobre-o-processo-seletivo\/\",\"url\":\"https:\/\/med.estrategia.com\/portal\/residencia-medica\/santa-casa-de-misericordia-de-maceio-2022-tudo-sobre-o-processo-seletivo\/\",\"name\":\"Santa Casa de Miseric\u00f3rdia de Macei\u00f3 2022: tudo sobre o processo seletivo!\",\"isPartOf\":{\"@id\":\"https:\/\/med.estrategia.com\/portal\/#website\"},\"primaryImageOfPage\":{\"@id\":\"https:\/\/med.estrategia.com\/portal\/residencia-medica\/santa-casa-de-misericordia-de-maceio-2022-tudo-sobre-o-processo-seletivo\/#primaryimage\"},\"image\":{\"@id\":\"https:\/\/med.estrategia.com\/portal\/residencia-medica\/santa-casa-de-misericordia-de-maceio-2022-tudo-sobre-o-processo-seletivo\/#primaryimage\"},\"thumbnailUrl\":\"https:\/\/med.estrategia.com\/portal\/wp-content\/uploads\/2021\/10\/Provao-de-bolsas-2.jpg\",\"datePublished\":\"2022-10-31T16:23:28+00:00\",\"dateModified\":\"2022-10-31T16:23:31+00:00\",\"author\":{\"@id\":\"https:\/\/med.estrategia.com\/portal\/#\/schema\/person\/2f553adbb8e25fe39d145c5b2927f58c\"},\"description\":\"Confira todas as informa\u00e7\u00f5es sobre o edital para o processo seletivo de Resid\u00eancia M\u00e9dica da Santa Casa de Miseric\u00f3rdia de Macei\u00f3!\",\"breadcrumb\":{\"@id\":\"https:\/\/med.estrategia.com\/portal\/residencia-medica\/santa-casa-de-misericordia-de-maceio-2022-tudo-sobre-o-processo-seletivo\/#breadcrumb\"},\"inLanguage\":\"pt-BR\",\"potentialAction\":[{\"@type\":\"ReadAction\",\"target\":[\"https:\/\/med.estrategia.com\/portal\/residencia-medica\/santa-casa-de-misericordia-de-maceio-2022-tudo-sobre-o-processo-seletivo\/\"]}]},{\"@type\":\"ImageObject\",\"inLanguage\":\"pt-BR\",\"@id\":\"https:\/\/med.estrategia.com\/portal\/residencia-medica\/santa-casa-de-misericordia-de-maceio-2022-tudo-sobre-o-processo-seletivo\/#primaryimage\",\"url\":\"https:\/\/med.estrategia.com\/portal\/wp-content\/uploads\/2021\/10\/Provao-de-bolsas-2.jpg\",\"contentUrl\":\"https:\/\/med.estrategia.com\/portal\/wp-content\/uploads\/2021\/10\/Provao-de-bolsas-2.jpg\",\"width\":1920,\"height\":1080},{\"@type\":\"BreadcrumbList\",\"@id\":\"https:\/\/med.estrategia.com\/portal\/residencia-medica\/santa-casa-de-misericordia-de-maceio-2022-tudo-sobre-o-processo-seletivo\/#breadcrumb\",\"itemListElement\":[{\"@type\":\"ListItem\",\"position\":1,\"name\":\"Home\",\"item\":\"https:\/\/med.estrategia.com\/portal\/\"},{\"@type\":\"ListItem\",\"position\":2,\"name\":\"Resid\u00eancia M\u00e9dica\",\"item\":\"https:\/\/med.estrategia.com\/portal\/residencia-medica\/\"},{\"@type\":\"ListItem\",\"position\":3,\"name\":\"Santa Casa de Miseric\u00f3rdia de Macei\u00f3 2022: tudo sobre o processo seletivo!\"}]},{\"@type\":\"WebSite\",\"@id\":\"https:\/\/med.estrategia.com\/portal\/#website\",\"url\":\"https:\/\/med.estrategia.com\/portal\/\",\"name\":\"Estrat\u00e9gia MED\",\"description\":\"\",\"potentialAction\":[{\"@type\":\"SearchAction\",\"target\":{\"@type\":\"EntryPoint\",\"urlTemplate\":\"https:\/\/med.estrategia.com\/portal\/?s={search_term_string}\"},\"query-input\":{\"@type\":\"PropertyValueSpecification\",\"valueRequired\":true,\"valueName\":\"search_term_string\"}}],\"inLanguage\":\"pt-BR\"},{\"@type\":\"Person\",\"@id\":\"https:\/\/med.estrategia.com\/portal\/#\/schema\/person\/2f553adbb8e25fe39d145c5b2927f58c\",\"name\":\"Ana Carolina Damasceno\",\"image\":{\"@type\":\"ImageObject\",\"inLanguage\":\"pt-BR\",\"@id\":\"https:\/\/med.estrategia.com\/portal\/#\/schema\/person\/image\/\",\"url\":\"https:\/\/med.estrategia.com\/portal\/wp-content\/uploads\/2021\/09\/WhatsApp-Image-2023-08-18-at-16.46.43-150x150.jpeg\",\"contentUrl\":\"https:\/\/med.estrategia.com\/portal\/wp-content\/uploads\/2021\/09\/WhatsApp-Image-2023-08-18-at-16.46.43-150x150.jpeg\",\"caption\":\"Ana Carolina Damasceno\"},\"description\":\"Coordenadora de Jornalismo EMED. Comunicadora por natureza e forma\u00e7\u00e3o, que ama e perde a no\u00e7\u00e3o do tempo com m\u00fasica e s\u00e9rie.\",\"url\":\"https:\/\/med.estrategia.com\/portal\/author\/ana-carolina-damasceno\/\"}]}<\/script>\n<!-- \/ Yoast SEO Premium plugin. -->","yoast_head_json":{"title":"Santa Casa de Miseric\u00f3rdia de Macei\u00f3 2022: tudo sobre o processo seletivo!","description":"Confira todas as informa\u00e7\u00f5es sobre o edital para o processo seletivo de Resid\u00eancia M\u00e9dica da Santa Casa de Miseric\u00f3rdia de Macei\u00f3!","robots":{"index":"index","follow":"follow","max-snippet":"max-snippet:-1","max-image-preview":"max-image-preview:large","max-video-preview":"max-video-preview:-1"},"canonical":"https:\/\/med.estrategia.com\/portal\/residencia-medica\/santa-casa-de-misericordia-de-maceio-2022-tudo-sobre-o-processo-seletivo\/","og_locale":"pt_BR","og_type":"article","og_title":"Santa Casa de Miseric\u00f3rdia de Macei\u00f3 2022: tudo sobre o processo seletivo!","og_description":"Confira todas as informa\u00e7\u00f5es sobre o edital para o processo seletivo de Resid\u00eancia M\u00e9dica da Santa Casa de Miseric\u00f3rdia de Macei\u00f3!","og_url":"https:\/\/med.estrategia.com\/portal\/residencia-medica\/santa-casa-de-misericordia-de-maceio-2022-tudo-sobre-o-processo-seletivo\/","og_site_name":"Estrat\u00e9gia MED","article_publisher":"https:\/\/www.facebook.com\/estrategiamed1","article_published_time":"2022-10-31T16:23:28+00:00","article_modified_time":"2022-10-31T16:23:31+00:00","og_image":[{"width":1920,"height":1080,"url":"https:\/\/cdn.medblog.estrategiaeducacional.com.br\/wp-content\/uploads\/2021\/10\/Provao-de-bolsas-2.jpg","type":"image\/jpeg"}],"author":"Ana Carolina Damasceno","twitter_card":"summary_large_image","twitter_creator":"@estrategiamed_","twitter_site":"@estrategiamed_","twitter_misc":{"Escrito por":"Ana Carolina Damasceno","Est. tempo de leitura":"5 minutos"},"schema":{"@context":"https:\/\/schema.org","@graph":[{"@type":"WebPage","@id":"https:\/\/med.estrategia.com\/portal\/residencia-medica\/santa-casa-de-misericordia-de-maceio-2022-tudo-sobre-o-processo-seletivo\/","url":"https:\/\/med.estrategia.com\/portal\/residencia-medica\/santa-casa-de-misericordia-de-maceio-2022-tudo-sobre-o-processo-seletivo\/","name":"Santa Casa de Miseric\u00f3rdia de Macei\u00f3 2022: tudo sobre o processo seletivo!","isPartOf":{"@id":"https:\/\/med.estrategia.com\/portal\/#website"},"primaryImageOfPage":{"@id":"https:\/\/med.estrategia.com\/portal\/residencia-medica\/santa-casa-de-misericordia-de-maceio-2022-tudo-sobre-o-processo-seletivo\/#primaryimage"},"image":{"@id":"https:\/\/med.estrategia.com\/portal\/residencia-medica\/santa-casa-de-misericordia-de-maceio-2022-tudo-sobre-o-processo-seletivo\/#primaryimage"},"thumbnailUrl":"https:\/\/med.estrategia.com\/portal\/wp-content\/uploads\/2021\/10\/Provao-de-bolsas-2.jpg","datePublished":"2022-10-31T16:23:28+00:00","dateModified":"2022-10-31T16:23:31+00:00","author":{"@id":"https:\/\/med.estrategia.com\/portal\/#\/schema\/person\/2f553adbb8e25fe39d145c5b2927f58c"},"description":"Confira todas as informa\u00e7\u00f5es sobre o edital para o processo seletivo de Resid\u00eancia M\u00e9dica da Santa Casa de Miseric\u00f3rdia de Macei\u00f3!","breadcrumb":{"@id":"https:\/\/med.estrategia.com\/portal\/residencia-medica\/santa-casa-de-misericordia-de-maceio-2022-tudo-sobre-o-processo-seletivo\/#breadcrumb"},"inLanguage":"pt-BR","potentialAction":[{"@type":"ReadAction","target":["https:\/\/med.estrategia.com\/portal\/residencia-medica\/santa-casa-de-misericordia-de-maceio-2022-tudo-sobre-o-processo-seletivo\/"]}]},{"@type":"ImageObject","inLanguage":"pt-BR","@id":"https:\/\/med.estrategia.com\/portal\/residencia-medica\/santa-casa-de-misericordia-de-maceio-2022-tudo-sobre-o-processo-seletivo\/#primaryimage","url":"https:\/\/med.estrategia.com\/portal\/wp-content\/uploads\/2021\/10\/Provao-de-bolsas-2.jpg","contentUrl":"https:\/\/med.estrategia.com\/portal\/wp-content\/uploads\/2021\/10\/Provao-de-bolsas-2.jpg","width":1920,"height":1080},{"@type":"BreadcrumbList","@id":"https:\/\/med.estrategia.com\/portal\/residencia-medica\/santa-casa-de-misericordia-de-maceio-2022-tudo-sobre-o-processo-seletivo\/#breadcrumb","itemListElement":[{"@type":"ListItem","position":1,"name":"Home","item":"https:\/\/med.estrategia.com\/portal\/"},{"@type":"ListItem","position":2,"name":"Resid\u00eancia M\u00e9dica","item":"https:\/\/med.estrategia.com\/portal\/residencia-medica\/"},{"@type":"ListItem","position":3,"name":"Santa Casa de Miseric\u00f3rdia de Macei\u00f3 2022: tudo sobre o processo seletivo!"}]},{"@type":"WebSite","@id":"https:\/\/med.estrategia.com\/portal\/#website","url":"https:\/\/med.estrategia.com\/portal\/","name":"Estrat\u00e9gia MED","description":"","potentialAction":[{"@type":"SearchAction","target":{"@type":"EntryPoint","urlTemplate":"https:\/\/med.estrategia.com\/portal\/?s={search_term_string}"},"query-input":{"@type":"PropertyValueSpecification","valueRequired":true,"valueName":"search_term_string"}}],"inLanguage":"pt-BR"},{"@type":"Person","@id":"https:\/\/med.estrategia.com\/portal\/#\/schema\/person\/2f553adbb8e25fe39d145c5b2927f58c","name":"Ana Carolina Damasceno","image":{"@type":"ImageObject","inLanguage":"pt-BR","@id":"https:\/\/med.estrategia.com\/portal\/#\/schema\/person\/image\/","url":"https:\/\/med.estrategia.com\/portal\/wp-content\/uploads\/2021\/09\/WhatsApp-Image-2023-08-18-at-16.46.43-150x150.jpeg","contentUrl":"https:\/\/med.estrategia.com\/portal\/wp-content\/uploads\/2021\/09\/WhatsApp-Image-2023-08-18-at-16.46.43-150x150.jpeg","caption":"Ana Carolina Damasceno"},"description":"Coordenadora de Jornalismo EMED. Comunicadora por natureza e forma\u00e7\u00e3o, que ama e perde a no\u00e7\u00e3o do tempo com m\u00fasica e s\u00e9rie.","url":"https:\/\/med.estrategia.com\/portal\/author\/ana-carolina-damasceno\/"}]}},"_wl_alt_label":[],"wl:entity_url":"\/post\/santa-casa-de-misericordia-de-maceio-2022-tudo-sobre-o-processo-seletivo","_links":{"self":[{"href":"https:\/\/med.estrategia.com\/portal\/wp-json\/wp\/v2\/posts\/29066","targetHints":{"allow":["GET"]}}],"collection":[{"href":"https:\/\/med.estrategia.com\/portal\/wp-json\/wp\/v2\/posts"}],"about":[{"href":"https:\/\/med.estrategia.com\/portal\/wp-json\/wp\/v2\/types\/post"}],"author":[{"embeddable":true,"href":"https:\/\/med.estrategia.com\/portal\/wp-json\/wp\/v2\/users\/39"}],"replies":[{"embeddable":true,"href":"https:\/\/med.estrategia.com\/portal\/wp-json\/wp\/v2\/comments?post=29066"}],"version-history":[{"count":1,"href":"https:\/\/med.estrategia.com\/portal\/wp-json\/wp\/v2\/posts\/29066\/revisions"}],"predecessor-version":[{"id":29071,"href":"https:\/\/med.estrategia.com\/portal\/wp-json\/wp\/v2\/posts\/29066\/revisions\/29071"}],"wp:featuredmedia":[{"embeddable":true,"href":"https:\/\/med.estrategia.com\/portal\/wp-json\/wp\/v2\/media\/18416"}],"wp:attachment":[{"href":"https:\/\/med.estrategia.com\/portal\/wp-json\/wp\/v2\/media?parent=29066"}],"wp:term":[{"taxonomy":"category","embeddable":true,"href":"https:\/\/med.estrategia.com\/portal\/wp-json\/wp\/v2\/categories?post=29066"},{"taxonomy":"post_tag","embeddable":true,"href":"https:\/\/med.estrategia.com\/portal\/wp-json\/wp\/v2\/tags?post=29066"},{"taxonomy":"wl_entity_type","embeddable":true,"href":"https:\/\/med.estrategia.com\/portal\/wp-json\/wp\/v2\/wl_entity_type?post=29066"}],"curies":[{"name":"wp","href":"https:\/\/api.w.org\/{rel}","templated":true}]}}