{"id":29371,"date":"2022-11-04T19:06:39","date_gmt":"2022-11-04T22:06:39","guid":{"rendered":"https:\/\/med.estrategia.com\/portal\/?p=29371"},"modified":"2022-11-04T19:06:45","modified_gmt":"2022-11-04T22:06:45","slug":"unesp-2023-confira-a-relacao-candidato-vaga-do-seletivo-para-residencia-medica","status":"publish","type":"post","link":"https:\/\/med.estrategia.com\/portal\/noticias\/unesp-2023-confira-a-relacao-candidato-vaga-do-seletivo-para-residencia-medica\/","title":{"rendered":"Unesp 2023: confira a rela\u00e7\u00e3o candidato\/vaga do seletivo para resid\u00eancia m\u00e9dica"},"content":{"rendered":"<p>A Funda&ccedil;&atilde;o Vunesp divulgou hoje (04) o documento com a Estat&iacute;stica Geral de Candidatos Inscritos no processo seletivo de resid&ecirc;ncia m&eacute;dica da <strong>Faculdade de Medicina de Botucatu &ndash; UNESP<\/strong>, com ingresso dos residentes em 2023. Com base no documento oficial, o Estrat&eacute;gia MED trouxe, de maneira exclusiva, a rela&ccedil;&atilde;o candidato\/vaga do seletivo. <div id=\"ez-toc-container\" class=\"ez-toc-v2_0_79_2 counter-hierarchy ez-toc-counter ez-toc-transparent ez-toc-container-direction\">\n<div class=\"ez-toc-title-container\"><p class=\"ez-toc-title\" style=\"cursor:inherit\">Navegue pelo conte\u00fado<\/p>\n<\/div><nav><ul class='ez-toc-list ez-toc-list-level-1 ' ><li class='ez-toc-page-1 ez-toc-heading-level-2'><a class=\"ez-toc-link ez-toc-heading-1\" href=\"https:\/\/med.estrategia.com\/portal\/noticias\/unesp-2023-confira-a-relacao-candidato-vaga-do-seletivo-para-residencia-medica\/#Concorrencia-Unesp-2023\" >Concorr&ecirc;ncia Unesp 2023<\/a><\/li><li class='ez-toc-page-1 ez-toc-heading-level-2'><a class=\"ez-toc-link ez-toc-heading-2\" href=\"https:\/\/med.estrategia.com\/portal\/noticias\/unesp-2023-confira-a-relacao-candidato-vaga-do-seletivo-para-residencia-medica\/#Cronograma-Unesp-2023\" >Cronograma Unesp 2023<\/a><\/li><li class='ez-toc-page-1 ez-toc-heading-level-2'><a class=\"ez-toc-link ez-toc-heading-3\" href=\"https:\/\/med.estrategia.com\/portal\/noticias\/unesp-2023-confira-a-relacao-candidato-vaga-do-seletivo-para-residencia-medica\/#Processo-Seletivo-Unesp-2023\" >Processo Seletivo&nbsp;Unesp 2023<\/a><\/li><\/ul><\/nav><\/div>\n<h2 class=\"wp-block-heading\" id=\"h-concorrencia-unesp-2023\"><span class=\"ez-toc-section\" id=\"Concorrencia-Unesp-2023\"><\/span>Concorr&ecirc;ncia Unesp 2023<span class=\"ez-toc-section-end\"><\/span><\/h2><p>S&atilde;o, ao todo, <strong>1.381 candidatos<\/strong> inscritos no processo seletivo para 173 vagas ofertadas, o que acarreta em uma<strong> rela&ccedil;&atilde;o geral de 7,98 candidatos por vaga<\/strong>. Agora, confira como ficou a concorr&ecirc;ncia entre as especialidades:<\/p><h3 class=\"wp-block-heading\">Acesso Direto<\/h3><figure class=\"wp-block-table\"><table><thead><tr><th> PROGRAMA <\/th><th class=\"has-text-align-center\" data-align=\"center\"> VAGAS <\/th><th class=\"has-text-align-center\" data-align=\"center\"> INSCRITOS <\/th><th class=\"has-text-align-center\" data-align=\"center\"> CAND\/VAGA <\/th><\/tr><\/thead><tbody><tr><td>ANESTESIOLOGIA<\/td><td class=\"has-text-align-center\" data-align=\"center\">8<\/td><td class=\"has-text-align-center\" data-align=\"center\">69<\/td><td class=\"has-text-align-center\" data-align=\"center\">8,62<\/td><\/tr><tr><td>CIRURGIA CARDIOVASCULAR<\/td><td class=\"has-text-align-center\" data-align=\"center\">1<\/td><td class=\"has-text-align-center\" data-align=\"center\">15<\/td><td class=\"has-text-align-center\" data-align=\"center\">15<\/td><\/tr><tr><td>CIRURGIA GERAL<\/td><td class=\"has-text-align-center\" data-align=\"center\">7<\/td><td class=\"has-text-align-center\" data-align=\"center\">113<\/td><td class=\"has-text-align-center\" data-align=\"center\">16,14<\/td><\/tr><tr><td>CL&Iacute;NICA M&Eacute;DICA<\/td><td class=\"has-text-align-center\" data-align=\"center\">26<\/td><td class=\"has-text-align-center\" data-align=\"center\">211<\/td><td class=\"has-text-align-center\" data-align=\"center\">8,11<\/td><\/tr><tr><td>DERMATOLOGIA<\/td><td class=\"has-text-align-center\" data-align=\"center\">6<\/td><td class=\"has-text-align-center\" data-align=\"center\">127<\/td><td class=\"has-text-align-center\" data-align=\"center\">21,16<\/td><\/tr><tr><td>GINECOLOGIA E OBSTETR&Iacute;CIA<\/td><td class=\"has-text-align-center\" data-align=\"center\">8<\/td><td class=\"has-text-align-center\" data-align=\"center\">109<\/td><td class=\"has-text-align-center\" data-align=\"center\">13,62<\/td><\/tr><tr><td>INFECTOLOGIA<\/td><td class=\"has-text-align-center\" data-align=\"center\">3<\/td><td class=\"has-text-align-center\" data-align=\"center\">11<\/td><td class=\"has-text-align-center\" data-align=\"center\">3,66<\/td><\/tr><tr><td>MEDICINA DE EMERG&Ecirc;NCIA<\/td><td class=\"has-text-align-center\" data-align=\"center\">2<\/td><td class=\"has-text-align-center\" data-align=\"center\">15<\/td><td class=\"has-text-align-center\" data-align=\"center\">7,5<\/td><\/tr><tr><td>MEDICINA DE FAM&Iacute;LIA E COMUNIDADE<\/td><td class=\"has-text-align-center\" data-align=\"center\">1<\/td><td class=\"has-text-align-center\" data-align=\"center\">1<\/td><td class=\"has-text-align-center\" data-align=\"center\">1<\/td><\/tr><tr><td>MEDICINA INTENSIVA<\/td><td class=\"has-text-align-center\" data-align=\"center\">2<\/td><td class=\"has-text-align-center\" data-align=\"center\">13<\/td><td class=\"has-text-align-center\" data-align=\"center\">6,5<\/td><\/tr><tr><td>NEUROCIRURGIA<\/td><td class=\"has-text-align-center\" data-align=\"center\">2<\/td><td class=\"has-text-align-center\" data-align=\"center\">35<\/td><td class=\"has-text-align-center\" data-align=\"center\">17,5<\/td><\/tr><tr><td>NEUROLOGIA<\/td><td class=\"has-text-align-center\" data-align=\"center\">8<\/td><td class=\"has-text-align-center\" data-align=\"center\">84<\/td><td class=\"has-text-align-center\" data-align=\"center\">10,5<\/td><\/tr><tr><td>OFTALMOLOGIA<\/td><td class=\"has-text-align-center\" data-align=\"center\">7<\/td><td class=\"has-text-align-center\" data-align=\"center\">72<\/td><td class=\"has-text-align-center\" data-align=\"center\">10,28<\/td><\/tr><tr><td>ORTOPEDIA E TRAUMATOLOGIA<\/td><td class=\"has-text-align-center\" data-align=\"center\">5<\/td><td class=\"has-text-align-center\" data-align=\"center\">29<\/td><td class=\"has-text-align-center\" data-align=\"center\">5,8<\/td><\/tr><tr><td>OTORRINOLARINGOLOGIA<\/td><td class=\"has-text-align-center\" data-align=\"center\">4<\/td><td class=\"has-text-align-center\" data-align=\"center\">48<\/td><td class=\"has-text-align-center\" data-align=\"center\">12<\/td><\/tr><tr><td>PATOLOGIA<\/td><td class=\"has-text-align-center\" data-align=\"center\">3<\/td><td class=\"has-text-align-center\" data-align=\"center\">14<\/td><td class=\"has-text-align-center\" data-align=\"center\">4,66<\/td><\/tr><tr><td>PEDIATRIA<\/td><td class=\"has-text-align-center\" data-align=\"center\">17<\/td><td class=\"has-text-align-center\" data-align=\"center\">62<\/td><td class=\"has-text-align-center\" data-align=\"center\">3,64<\/td><\/tr><tr><td>PSIQUIATRIA<\/td><td class=\"has-text-align-center\" data-align=\"center\">6<\/td><td class=\"has-text-align-center\" data-align=\"center\">70<\/td><td class=\"has-text-align-center\" data-align=\"center\">11,66<\/td><\/tr><tr><td>RADIOLOGIA E DIAGN&Oacute;STICO POR IMAGEM<\/td><td class=\"has-text-align-center\" data-align=\"center\">7<\/td><td class=\"has-text-align-center\" data-align=\"center\">32<\/td><td class=\"has-text-align-center\" data-align=\"center\">4,57<\/td><\/tr><\/tbody><\/table><\/figure><h3 class=\"wp-block-heading\">Pr&eacute;-requisito<\/h3><figure class=\"wp-block-table\"><table><thead><tr><th> ESPECIALIDADES <\/th><th class=\"has-text-align-center\" data-align=\"center\"> VAGAS PREVISTAS <\/th><th class=\"has-text-align-center\" data-align=\"center\"> INSCRITOS <\/th><th class=\"has-text-align-center\" data-align=\"center\"> CAND\/VAGA <\/th><\/tr><\/thead><tbody><tr><td>CARDIOLOGIA<\/td><td class=\"has-text-align-center\" data-align=\"center\">5<\/td><td class=\"has-text-align-center\" data-align=\"center\">13<\/td><td class=\"has-text-align-center\" data-align=\"center\">2,6<\/td><\/tr><tr><td>CIRURGIA DA M&Atilde;O<\/td><td class=\"has-text-align-center\" data-align=\"center\">1<\/td><td class=\"has-text-align-center\" data-align=\"center\">7<\/td><td class=\"has-text-align-center\" data-align=\"center\">7<\/td><\/tr><tr><td>CIRURGIA DO APARELHO DIGESTIVO<\/td><td class=\"has-text-align-center\" data-align=\"center\">4<\/td><td class=\"has-text-align-center\" data-align=\"center\">13<\/td><td class=\"has-text-align-center\" data-align=\"center\">3,25<\/td><\/tr><tr><td>CIRURGIA PEDI&Aacute;TRICA<\/td><td class=\"has-text-align-center\" data-align=\"center\">1<\/td><td class=\"has-text-align-center\" data-align=\"center\">6<\/td><td class=\"has-text-align-center\" data-align=\"center\">6<\/td><\/tr><tr><td>CIRURGIA PL&Aacute;STICA<\/td><td class=\"has-text-align-center\" data-align=\"center\">2<\/td><td class=\"has-text-align-center\" data-align=\"center\">35<\/td><td class=\"has-text-align-center\" data-align=\"center\">17,5<\/td><\/tr><tr><td>CIRURGIA TOR&Aacute;CICA<\/td><td class=\"has-text-align-center\" data-align=\"center\">1<\/td><td class=\"has-text-align-center\" data-align=\"center\">5<\/td><td class=\"has-text-align-center\" data-align=\"center\">5<\/td><\/tr><tr><td>CIRURGIA VASCULAR<\/td><td class=\"has-text-align-center\" data-align=\"center\">3<\/td><td class=\"has-text-align-center\" data-align=\"center\">20<\/td><td class=\"has-text-align-center\" data-align=\"center\">6,66<\/td><\/tr><tr><td>ENDOCRINOLOGIA E METABOLOGIA<\/td><td class=\"has-text-align-center\" data-align=\"center\">3<\/td><td class=\"has-text-align-center\" data-align=\"center\">32<\/td><td class=\"has-text-align-center\" data-align=\"center\">10,66<\/td><\/tr><tr><td>ENDOSCOPIA<\/td><td class=\"has-text-align-center\" data-align=\"center\">2<\/td><td class=\"has-text-align-center\" data-align=\"center\">14<\/td><td class=\"has-text-align-center\" data-align=\"center\">7<\/td><\/tr><tr><td>GASTROENTEROLOGIA<\/td><td class=\"has-text-align-center\" data-align=\"center\">4<\/td><td class=\"has-text-align-center\" data-align=\"center\">7<\/td><td class=\"has-text-align-center\" data-align=\"center\">1,75<\/td><\/tr><tr><td>GERIATRIA<\/td><td class=\"has-text-align-center\" data-align=\"center\">4<\/td><td class=\"has-text-align-center\" data-align=\"center\">12<\/td><td class=\"has-text-align-center\" data-align=\"center\">3<\/td><\/tr><tr><td>HEMATOLOGIA E HEMOTERAPIA<\/td><td class=\"has-text-align-center\" data-align=\"center\">3<\/td><td class=\"has-text-align-center\" data-align=\"center\">15<\/td><td class=\"has-text-align-center\" data-align=\"center\">5<\/td><\/tr><tr><td>MASTOLOGIA<\/td><td class=\"has-text-align-center\" data-align=\"center\">1<\/td><td class=\"has-text-align-center\" data-align=\"center\">2<\/td><td class=\"has-text-align-center\" data-align=\"center\">2<\/td><\/tr><tr><td>NEFROLOGIA<\/td><td class=\"has-text-align-center\" data-align=\"center\">8<\/td><td class=\"has-text-align-center\" data-align=\"center\">23<\/td><td class=\"has-text-align-center\" data-align=\"center\">2,87<\/td><\/tr><tr><td>ONCOLOGIA CL&Iacute;NICA<\/td><td class=\"has-text-align-center\" data-align=\"center\">1<\/td><td class=\"has-text-align-center\" data-align=\"center\">1<\/td><td class=\"has-text-align-center\" data-align=\"center\">1<\/td><\/tr><tr><td>PNEUMOLOGIA<\/td><td class=\"has-text-align-center\" data-align=\"center\">3<\/td><td class=\"has-text-align-center\" data-align=\"center\">9<\/td><td class=\"has-text-align-center\" data-align=\"center\">3<\/td><\/tr><tr><td>REUMATOLOGIA<\/td><td class=\"has-text-align-center\" data-align=\"center\">2<\/td><td class=\"has-text-align-center\" data-align=\"center\">11<\/td><td class=\"has-text-align-center\" data-align=\"center\">5,5<\/td><\/tr><tr><td>UROLOGIA<\/td><td class=\"has-text-align-center\" data-align=\"center\">2<\/td><td class=\"has-text-align-center\" data-align=\"center\">26<\/td><td class=\"has-text-align-center\" data-align=\"center\">13<\/td><\/tr><\/tbody><\/table><\/figure><p>\n\n\n<div id=\"new-form\">\n\t<form id=\"forms_layout\">\n\t<input type=\"hidden\" id=\"chave_de\" name=\"chave_de\" value=\"01_EMED_LEADS_TOTAIS\" \/>\n\t\t<input type=\"hidden\" id=\"mid\" name=\"mid\" value=\"515009018\" \/>\n\t\t<input type=\"hidden\" id=\"Objetivo\" name=\"Objetivo\" value=\"Medicina\" \/>\n\t\t<input type=\"hidden\" id=\"Estado_de_Origem_do_IP\" name=\"Estado_de_Origem_do_IP\"  value=\"\" \/>\n\t\t<input type=\"hidden\" id=\"Cidade_de_Origem_do_IP\" name=\"Cidade_de_Origem_do_IP\" value=\"\" \/>\n\t\t<input type=\"hidden\" id=\"Modo_de_entrada\" name=\"Modo_de_entrada\" value=\"Portal\" \/>\n\t\t<input type=\"hidden\" id=\"Pagina_Origem\" name=\"Pagina_Origem\" value=\"\" \/>\n\n\t\t<div class=\"texto\">\n\t\t\t<h3 class=\"news\">Inscreva-se em nossa newsletter!<\/h3>\n\t\t\t<p>Receba not\u00edcias sobre resid\u00eancia m\u00e9dica, revalida\u00e7\u00e3o de diplomas e concursos m\u00e9dicos, al\u00e9m de materiais de estudo gratuitos e informa\u00e7\u00f5es relevantes do mundo da Medicina.<\/p>\n\t\t<\/div>\n\t\t<div class=\"campos\">\n\t\t\t<div class=\"first_name labels\">\n\t\t\t\t<input type=\"text\" class=\"input_labels\" id=\"first_name\" name=\"Nome_Completo\" placeholder=\"Nome\" required \/>\n\t\t\t<\/div>\n\t\t\t<div class=\"email labels\">\n\t\t\t\t<input type=\"email\" class=\"input_labels\" id=\"email\" name=\"Email\" placeholder=\"E-mail\" required \/>\n\t\t\t<\/div>\n\t\t\t<button type=\"submit\" class=\"button_layout\">\n\t\t\t\t<div id=\"lblBotao\">Inscreva-se<\/div>\n\t\t\t\t<span id=\"divSpiner\" class=\"loader\" role=\"status\" style=\"display: none;\"><\/span>\t\n\t\t\t<\/button>\n\t\t<\/div><!-- \/campos -->\n\t\t\n\t\t<label class=\"container_checkbox\">Voc\u00ea concorda com a nossa\n\t\t\t<a class=\"politics_privacy_ahref\" target=\"_blank\" href=\"https:\/\/gratis.estrategiaconcursos.com.br\/politica-de-privacidade\/\">Pol\u00edtica de Privacidade<\/a> e aceita receber informa\u00e7\u00f5es adicionais do Estrat\u00e9gia Educacional.\n\t\t\t<input id=\"checkbox_layout\" type=\"checkbox\" checked=\"checked\" required \/>\n\t\t\t<span class=\"checkbox\"><\/span>\n\t\t<\/label>\n\t\t<div id=\"msg\"><\/div>\n\t\t<div id=\"error\" class=\"error\">\n\t\t<\/div>\n\t<\/form>\n<\/div><!-- \/new-form -->\n\n\n\n<\/p><h2 class=\"wp-block-heading\"><span class=\"ez-toc-section\" id=\"Cronograma-Unesp-2023\"><\/span><strong>Cronograma Unesp 2023<\/strong><span class=\"ez-toc-section-end\"><\/span><\/h2><ul class=\"wp-block-list\"><li><strong>Per&iacute;odo de Inscri&ccedil;&otilde;es:<\/strong>&nbsp;03\/10\/2022 a 14\/10\/2022;<\/li><li><strong>Taxa de inscri&ccedil;&atilde;o:<\/strong>&nbsp;R$ 690,00 (AD) e R$590,00 (PR);<\/li><li><strong>Prova Objetiva:<\/strong>&nbsp;27\/11\/2022;<\/li><li><strong>Divulga&ccedil;&atilde;o do Gabarito Preliminar:<\/strong>&nbsp;28\/11\/2022;<\/li><li><strong>Recurso contra o Gabarito:<\/strong>&nbsp;29 a 30\/11\/2022;<\/li><li><strong>Convoca&ccedil;&atilde;o para a 2&ordf; fase:&nbsp;<\/strong>05\/12\/2022;<\/li><li><strong>Prova pr&aacute;tica:&nbsp;<\/strong>10\/12\/2022;<\/li><li><strong>Envio dos documentos para An&aacute;lise Curricular:<\/strong>&nbsp;12 a 16\/12\/2022; e<\/li><li><strong>Resultado Final:<\/strong>&nbsp;at&eacute; 20\/01\/2023.<\/li><\/ul><h2 class=\"wp-block-heading\"><span class=\"ez-toc-section\" id=\"Processo-Seletivo-Unesp-2023\"><\/span><strong>Processo Seletivo<\/strong>&nbsp;<strong>Unesp 2023<\/strong><span class=\"ez-toc-section-end\"><\/span><\/h2><p>A prova objetiva ser&aacute; a&nbsp;<strong>primeira fase<\/strong>&nbsp;do processo seletivo da Unesp. Ela ter&aacute; car&aacute;ter&nbsp;<strong>classificat&oacute;rio e eliminat&oacute;rio e corresponde a 50% da nota final<\/strong>&nbsp;para as especialidades de acesso direto. Esse exame acontecer&aacute; no dia&nbsp;<strong>27 de novembro de 2022, domingo, com in&iacute;cio &agrave;s 14h<\/strong>. O local de aplica&ccedil;&atilde;o exato ser&aacute; divulgado a partir do dia 21 de novembro.<\/p><p>J&aacute; a <strong>segunda fase, que &eacute; uma Prova Pr&aacute;tica<\/strong>, possui car&aacute;ter classificat&oacute;rio e conta com peso de 40% da nota final do processo seletivo. A prova ser&aacute; realizada em ambientes sucessivos, abordando as &aacute;reas b&aacute;sicas de Cl&iacute;nica M&eacute;dica, Cl&iacute;nica Cir&uacute;rgica, Obstetr&iacute;cia e Ginecologia, Pediatria e Medicina Preventiva e Social. A aplica&ccedil;&atilde;o, que ocorrer&aacute; no dia&nbsp;<strong>10 de dezembro de 2022<\/strong>, ser&aacute; realizada em dois per&iacute;odos para todos os candidatos convocados para a 2&ordf; etapa do processo seletivo.<\/p><p>Al&eacute;m disso, a<a href=\"https:\/\/med.estrategia.com\/portal\/residencia-medica\/analise-curricular\/analise-curricular-residencia-medica\/\" target=\"_blank\">&nbsp;an&aacute;lise curricular<\/a>&nbsp;corresponde &agrave;&nbsp;<strong>terceira e &uacute;ltima fase<\/strong>&nbsp;do processo seletivo da Unesp 2023 para os candidatos de ingresso direto. Ela ter&aacute;&nbsp;<strong>car&aacute;ter apenas classificat&oacute;rio e peso de 10%<\/strong>&nbsp;na nota final.&nbsp;<\/p><p class=\"wp-block-verse\">Tudo sobre o processo seletivo da Unesp 2023: <a href=\"https:\/\/med.estrategia.com\/portal\/residencia-medica\/unesp-residencia-medica\/#Processo-seletivo-de-Residencia-Medica-da-Unesp-2023\" target=\"_blank\">Resid&ecirc;ncia M&eacute;dica Unesp 2023: inscri&ccedil;&otilde;es, edital, vagas e mais!<\/a><\/p><p class=\"wp-block-verse\" id=\"block-98b732c0-5012-47fb-8a66-78ae580131e0\">Quer ter acesso a mais rela&ccedil;&otilde;es candidato\/vaga? N&atilde;o deixe de conferir: <a href=\"https:\/\/med.estrategia.com\/portal\/residencia-medica\/concorrencia-residencia-medica\/\" target=\"_blank\">Rela&ccedil;&atilde;o candidato\/vaga para Resid&ecirc;ncia M&eacute;dica 2022: confira a concorr&ecirc;ncia dos principais seletivos!<\/a> e a <a href=\"https:\/\/med.estrategia.com\/portal\/noticias\/\" target=\"_blank\">p&aacute;gina de not&iacute;cias<\/a> do Portal do Estrat&eacute;gia MED<\/p><p>Para n&atilde;o perder nenhuma atualiza&ccedil;&atilde;o no universo da medicina e ficar por dentro dos seletivos de Resid&ecirc;ncia M&eacute;dica, de revalida&ccedil;&atilde;o de diplomas e conte&uacute;dos t&eacute;cnicos, continue acessando o&nbsp;<a href=\"https:\/\/med.estrategia.com\/portal\/\" target=\"_blank\">Portal do Estrat&eacute;gia MED<\/a>!&nbsp;<\/p><p>\n\n\n\n\n\n<a id=\"cta\" class=\"cta-imagem\" href=\"https:\/\/med.estrategia.com\/curso\/banco-de-questes-resumos-estrategicos-anual\/\" target=\"blank\">\n                <img decoding=\"async\" width=\"100%\" src=\"https:\/\/med.estrategia.com\/portal\/wp-content\/uploads\/2025\/08\/banco_questoes.png\" alt=\"banco_questoes\" title=\"banco_questoes\">\n        <\/a>\n\n\n\n<\/p><p><\/p><\/p>\n","protected":false},"excerpt":{"rendered":"Processo seletivo de Resid\u00eancia M\u00e9dica da Universidade Estadual Paulista (Unesp) oferta 173 vagas livres no total\n","protected":false},"author":22,"featured_media":27224,"comment_status":"closed","ping_status":"closed","sticky":false,"template":"","format":"standard","meta":{"wl_entities_gutenberg":"","footnotes":""},"categories":[300],"tags":[],"wl_entity_type":[199],"class_list":{"0":"post-29371","1":"post","2":"type-post","3":"status-publish","4":"format-standard","5":"has-post-thumbnail","7":"category-noticias","8":"wl_entity_type-article"},"acf":[],"yoast_head":"<!-- This site is optimized with the Yoast SEO Premium plugin v26.6 (Yoast SEO v26.6) - https:\/\/yoast.com\/wordpress\/plugins\/seo\/ -->\n<title>Unesp 2023: confira a rela\u00e7\u00e3o candidato\/vaga do seletivo para resid\u00eancia m\u00e9dica<\/title>\n<meta name=\"robots\" content=\"index, follow, max-snippet:-1, max-image-preview:large, max-video-preview:-1\" \/>\n<link rel=\"canonical\" href=\"https:\/\/med.estrategia.com\/portal\/noticias\/unesp-2023-confira-a-relacao-candidato-vaga-do-seletivo-para-residencia-medica\/\" \/>\n<meta property=\"og:locale\" content=\"pt_BR\" \/>\n<meta property=\"og:type\" content=\"article\" \/>\n<meta property=\"og:title\" content=\"Unesp 2023: confira a rela\u00e7\u00e3o candidato\/vaga do seletivo para resid\u00eancia m\u00e9dica\" \/>\n<meta property=\"og:description\" content=\"Processo seletivo de Resid\u00eancia M\u00e9dica da Universidade Estadual Paulista (Unesp) oferta 173 vagas livres no total\" \/>\n<meta property=\"og:url\" content=\"https:\/\/med.estrategia.com\/portal\/noticias\/unesp-2023-confira-a-relacao-candidato-vaga-do-seletivo-para-residencia-medica\/\" \/>\n<meta property=\"og:site_name\" content=\"Estrat\u00e9gia MED\" \/>\n<meta property=\"article:publisher\" content=\"https:\/\/www.facebook.com\/estrategiamed1\" \/>\n<meta property=\"article:published_time\" content=\"2022-11-04T22:06:39+00:00\" \/>\n<meta property=\"article:modified_time\" content=\"2022-11-04T22:06:45+00:00\" \/>\n<meta property=\"og:image\" content=\"https:\/\/cdn.medblog.estrategiaeducacional.com.br\/wp-content\/uploads\/2022\/09\/cover_WP_editais-23-1.jpg\" \/>\n\t<meta property=\"og:image:width\" content=\"1920\" \/>\n\t<meta property=\"og:image:height\" content=\"1080\" \/>\n\t<meta property=\"og:image:type\" content=\"image\/jpeg\" \/>\n<meta name=\"author\" content=\"Erika Coelho\" \/>\n<meta name=\"twitter:card\" content=\"summary_large_image\" \/>\n<meta name=\"twitter:creator\" content=\"@estrategiamed_\" \/>\n<meta name=\"twitter:site\" content=\"@estrategiamed_\" \/>\n<meta name=\"twitter:label1\" content=\"Escrito por\" \/>\n\t<meta name=\"twitter:data1\" content=\"Erika Coelho\" \/>\n\t<meta name=\"twitter:label2\" content=\"Est. tempo de leitura\" \/>\n\t<meta name=\"twitter:data2\" content=\"3 minutos\" \/>\n<script type=\"application\/ld+json\" class=\"yoast-schema-graph\">{\"@context\":\"https:\/\/schema.org\",\"@graph\":[{\"@type\":\"WebPage\",\"@id\":\"https:\/\/med.estrategia.com\/portal\/noticias\/unesp-2023-confira-a-relacao-candidato-vaga-do-seletivo-para-residencia-medica\/\",\"url\":\"https:\/\/med.estrategia.com\/portal\/noticias\/unesp-2023-confira-a-relacao-candidato-vaga-do-seletivo-para-residencia-medica\/\",\"name\":\"Unesp 2023: confira a rela\u00e7\u00e3o candidato\/vaga do seletivo para resid\u00eancia m\u00e9dica\",\"isPartOf\":{\"@id\":\"https:\/\/med.estrategia.com\/portal\/#website\"},\"primaryImageOfPage\":{\"@id\":\"https:\/\/med.estrategia.com\/portal\/noticias\/unesp-2023-confira-a-relacao-candidato-vaga-do-seletivo-para-residencia-medica\/#primaryimage\"},\"image\":{\"@id\":\"https:\/\/med.estrategia.com\/portal\/noticias\/unesp-2023-confira-a-relacao-candidato-vaga-do-seletivo-para-residencia-medica\/#primaryimage\"},\"thumbnailUrl\":\"https:\/\/med.estrategia.com\/portal\/wp-content\/uploads\/2022\/09\/cover_WP_editais-23-1.jpg\",\"datePublished\":\"2022-11-04T22:06:39+00:00\",\"dateModified\":\"2022-11-04T22:06:45+00:00\",\"author\":{\"@id\":\"https:\/\/med.estrategia.com\/portal\/#\/schema\/person\/8e7c9b2f53f2eede3b8880ad86ff20a3\"},\"breadcrumb\":{\"@id\":\"https:\/\/med.estrategia.com\/portal\/noticias\/unesp-2023-confira-a-relacao-candidato-vaga-do-seletivo-para-residencia-medica\/#breadcrumb\"},\"inLanguage\":\"pt-BR\",\"potentialAction\":[{\"@type\":\"ReadAction\",\"target\":[\"https:\/\/med.estrategia.com\/portal\/noticias\/unesp-2023-confira-a-relacao-candidato-vaga-do-seletivo-para-residencia-medica\/\"]}]},{\"@type\":\"ImageObject\",\"inLanguage\":\"pt-BR\",\"@id\":\"https:\/\/med.estrategia.com\/portal\/noticias\/unesp-2023-confira-a-relacao-candidato-vaga-do-seletivo-para-residencia-medica\/#primaryimage\",\"url\":\"https:\/\/med.estrategia.com\/portal\/wp-content\/uploads\/2022\/09\/cover_WP_editais-23-1.jpg\",\"contentUrl\":\"https:\/\/med.estrategia.com\/portal\/wp-content\/uploads\/2022\/09\/cover_WP_editais-23-1.jpg\",\"width\":1920,\"height\":1080,\"caption\":\"Cr\u00e9ditos: Estrat\u00e9gia MED e Unesp\"},{\"@type\":\"BreadcrumbList\",\"@id\":\"https:\/\/med.estrategia.com\/portal\/noticias\/unesp-2023-confira-a-relacao-candidato-vaga-do-seletivo-para-residencia-medica\/#breadcrumb\",\"itemListElement\":[{\"@type\":\"ListItem\",\"position\":1,\"name\":\"Home\",\"item\":\"https:\/\/med.estrategia.com\/portal\/\"},{\"@type\":\"ListItem\",\"position\":2,\"name\":\"Not\u00edcias\",\"item\":\"https:\/\/med.estrategia.com\/portal\/noticias\/\"},{\"@type\":\"ListItem\",\"position\":3,\"name\":\"Unesp 2023: confira a rela\u00e7\u00e3o candidato\/vaga do seletivo para resid\u00eancia m\u00e9dica\"}]},{\"@type\":\"WebSite\",\"@id\":\"https:\/\/med.estrategia.com\/portal\/#website\",\"url\":\"https:\/\/med.estrategia.com\/portal\/\",\"name\":\"Estrat\u00e9gia MED\",\"description\":\"\",\"potentialAction\":[{\"@type\":\"SearchAction\",\"target\":{\"@type\":\"EntryPoint\",\"urlTemplate\":\"https:\/\/med.estrategia.com\/portal\/?s={search_term_string}\"},\"query-input\":{\"@type\":\"PropertyValueSpecification\",\"valueRequired\":true,\"valueName\":\"search_term_string\"}}],\"inLanguage\":\"pt-BR\"},{\"@type\":\"Person\",\"@id\":\"https:\/\/med.estrategia.com\/portal\/#\/schema\/person\/8e7c9b2f53f2eede3b8880ad86ff20a3\",\"name\":\"Erika Coelho\",\"image\":{\"@type\":\"ImageObject\",\"inLanguage\":\"pt-BR\",\"@id\":\"https:\/\/med.estrategia.com\/portal\/#\/schema\/person\/image\/\",\"url\":\"https:\/\/secure.gravatar.com\/avatar\/8ef9ff2e2fa53829c640cca8d1a45178?s=96&d=mm&r=g\",\"contentUrl\":\"https:\/\/secure.gravatar.com\/avatar\/8ef9ff2e2fa53829c640cca8d1a45178?s=96&d=mm&r=g\",\"caption\":\"Erika Coelho\"},\"description\":\"Jornalista pela Universidade Presbiteriana Mackenzie, escrevo sobre educa\u00e7\u00e3o, sa\u00fade e pol\u00edticas p\u00fablicas\",\"url\":\"https:\/\/med.estrategia.com\/portal\/author\/erika\/\"}]}<\/script>\n<!-- \/ Yoast SEO Premium plugin. -->","yoast_head_json":{"title":"Unesp 2023: confira a rela\u00e7\u00e3o candidato\/vaga do seletivo para resid\u00eancia m\u00e9dica","robots":{"index":"index","follow":"follow","max-snippet":"max-snippet:-1","max-image-preview":"max-image-preview:large","max-video-preview":"max-video-preview:-1"},"canonical":"https:\/\/med.estrategia.com\/portal\/noticias\/unesp-2023-confira-a-relacao-candidato-vaga-do-seletivo-para-residencia-medica\/","og_locale":"pt_BR","og_type":"article","og_title":"Unesp 2023: confira a rela\u00e7\u00e3o candidato\/vaga do seletivo para resid\u00eancia m\u00e9dica","og_description":"Processo seletivo de Resid\u00eancia M\u00e9dica da Universidade Estadual Paulista (Unesp) oferta 173 vagas livres no total","og_url":"https:\/\/med.estrategia.com\/portal\/noticias\/unesp-2023-confira-a-relacao-candidato-vaga-do-seletivo-para-residencia-medica\/","og_site_name":"Estrat\u00e9gia MED","article_publisher":"https:\/\/www.facebook.com\/estrategiamed1","article_published_time":"2022-11-04T22:06:39+00:00","article_modified_time":"2022-11-04T22:06:45+00:00","og_image":[{"width":1920,"height":1080,"url":"https:\/\/cdn.medblog.estrategiaeducacional.com.br\/wp-content\/uploads\/2022\/09\/cover_WP_editais-23-1.jpg","type":"image\/jpeg"}],"author":"Erika Coelho","twitter_card":"summary_large_image","twitter_creator":"@estrategiamed_","twitter_site":"@estrategiamed_","twitter_misc":{"Escrito por":"Erika Coelho","Est. tempo de leitura":"3 minutos"},"schema":{"@context":"https:\/\/schema.org","@graph":[{"@type":"WebPage","@id":"https:\/\/med.estrategia.com\/portal\/noticias\/unesp-2023-confira-a-relacao-candidato-vaga-do-seletivo-para-residencia-medica\/","url":"https:\/\/med.estrategia.com\/portal\/noticias\/unesp-2023-confira-a-relacao-candidato-vaga-do-seletivo-para-residencia-medica\/","name":"Unesp 2023: confira a rela\u00e7\u00e3o candidato\/vaga do seletivo para resid\u00eancia m\u00e9dica","isPartOf":{"@id":"https:\/\/med.estrategia.com\/portal\/#website"},"primaryImageOfPage":{"@id":"https:\/\/med.estrategia.com\/portal\/noticias\/unesp-2023-confira-a-relacao-candidato-vaga-do-seletivo-para-residencia-medica\/#primaryimage"},"image":{"@id":"https:\/\/med.estrategia.com\/portal\/noticias\/unesp-2023-confira-a-relacao-candidato-vaga-do-seletivo-para-residencia-medica\/#primaryimage"},"thumbnailUrl":"https:\/\/med.estrategia.com\/portal\/wp-content\/uploads\/2022\/09\/cover_WP_editais-23-1.jpg","datePublished":"2022-11-04T22:06:39+00:00","dateModified":"2022-11-04T22:06:45+00:00","author":{"@id":"https:\/\/med.estrategia.com\/portal\/#\/schema\/person\/8e7c9b2f53f2eede3b8880ad86ff20a3"},"breadcrumb":{"@id":"https:\/\/med.estrategia.com\/portal\/noticias\/unesp-2023-confira-a-relacao-candidato-vaga-do-seletivo-para-residencia-medica\/#breadcrumb"},"inLanguage":"pt-BR","potentialAction":[{"@type":"ReadAction","target":["https:\/\/med.estrategia.com\/portal\/noticias\/unesp-2023-confira-a-relacao-candidato-vaga-do-seletivo-para-residencia-medica\/"]}]},{"@type":"ImageObject","inLanguage":"pt-BR","@id":"https:\/\/med.estrategia.com\/portal\/noticias\/unesp-2023-confira-a-relacao-candidato-vaga-do-seletivo-para-residencia-medica\/#primaryimage","url":"https:\/\/med.estrategia.com\/portal\/wp-content\/uploads\/2022\/09\/cover_WP_editais-23-1.jpg","contentUrl":"https:\/\/med.estrategia.com\/portal\/wp-content\/uploads\/2022\/09\/cover_WP_editais-23-1.jpg","width":1920,"height":1080,"caption":"Cr\u00e9ditos: Estrat\u00e9gia MED e Unesp"},{"@type":"BreadcrumbList","@id":"https:\/\/med.estrategia.com\/portal\/noticias\/unesp-2023-confira-a-relacao-candidato-vaga-do-seletivo-para-residencia-medica\/#breadcrumb","itemListElement":[{"@type":"ListItem","position":1,"name":"Home","item":"https:\/\/med.estrategia.com\/portal\/"},{"@type":"ListItem","position":2,"name":"Not\u00edcias","item":"https:\/\/med.estrategia.com\/portal\/noticias\/"},{"@type":"ListItem","position":3,"name":"Unesp 2023: confira a rela\u00e7\u00e3o candidato\/vaga do seletivo para resid\u00eancia m\u00e9dica"}]},{"@type":"WebSite","@id":"https:\/\/med.estrategia.com\/portal\/#website","url":"https:\/\/med.estrategia.com\/portal\/","name":"Estrat\u00e9gia MED","description":"","potentialAction":[{"@type":"SearchAction","target":{"@type":"EntryPoint","urlTemplate":"https:\/\/med.estrategia.com\/portal\/?s={search_term_string}"},"query-input":{"@type":"PropertyValueSpecification","valueRequired":true,"valueName":"search_term_string"}}],"inLanguage":"pt-BR"},{"@type":"Person","@id":"https:\/\/med.estrategia.com\/portal\/#\/schema\/person\/8e7c9b2f53f2eede3b8880ad86ff20a3","name":"Erika Coelho","image":{"@type":"ImageObject","inLanguage":"pt-BR","@id":"https:\/\/med.estrategia.com\/portal\/#\/schema\/person\/image\/","url":"https:\/\/secure.gravatar.com\/avatar\/8ef9ff2e2fa53829c640cca8d1a45178?s=96&d=mm&r=g","contentUrl":"https:\/\/secure.gravatar.com\/avatar\/8ef9ff2e2fa53829c640cca8d1a45178?s=96&d=mm&r=g","caption":"Erika Coelho"},"description":"Jornalista pela Universidade Presbiteriana Mackenzie, escrevo sobre educa\u00e7\u00e3o, sa\u00fade e pol\u00edticas p\u00fablicas","url":"https:\/\/med.estrategia.com\/portal\/author\/erika\/"}]}},"_wl_alt_label":[],"wl:entity_url":"\/post\/unesp-2023-confira-a-relacao-candidato-vaga-do-seletivo-para-residencia-medica","_links":{"self":[{"href":"https:\/\/med.estrategia.com\/portal\/wp-json\/wp\/v2\/posts\/29371","targetHints":{"allow":["GET"]}}],"collection":[{"href":"https:\/\/med.estrategia.com\/portal\/wp-json\/wp\/v2\/posts"}],"about":[{"href":"https:\/\/med.estrategia.com\/portal\/wp-json\/wp\/v2\/types\/post"}],"author":[{"embeddable":true,"href":"https:\/\/med.estrategia.com\/portal\/wp-json\/wp\/v2\/users\/22"}],"replies":[{"embeddable":true,"href":"https:\/\/med.estrategia.com\/portal\/wp-json\/wp\/v2\/comments?post=29371"}],"version-history":[{"count":2,"href":"https:\/\/med.estrategia.com\/portal\/wp-json\/wp\/v2\/posts\/29371\/revisions"}],"predecessor-version":[{"id":29373,"href":"https:\/\/med.estrategia.com\/portal\/wp-json\/wp\/v2\/posts\/29371\/revisions\/29373"}],"wp:featuredmedia":[{"embeddable":true,"href":"https:\/\/med.estrategia.com\/portal\/wp-json\/wp\/v2\/media\/27224"}],"wp:attachment":[{"href":"https:\/\/med.estrategia.com\/portal\/wp-json\/wp\/v2\/media?parent=29371"}],"wp:term":[{"taxonomy":"category","embeddable":true,"href":"https:\/\/med.estrategia.com\/portal\/wp-json\/wp\/v2\/categories?post=29371"},{"taxonomy":"post_tag","embeddable":true,"href":"https:\/\/med.estrategia.com\/portal\/wp-json\/wp\/v2\/tags?post=29371"},{"taxonomy":"wl_entity_type","embeddable":true,"href":"https:\/\/med.estrategia.com\/portal\/wp-json\/wp\/v2\/wl_entity_type?post=29371"}],"curies":[{"name":"wp","href":"https:\/\/api.w.org\/{rel}","templated":true}]}}