{"id":30214,"date":"2022-11-14T13:00:24","date_gmt":"2022-11-14T16:00:24","guid":{"rendered":"https:\/\/med.estrategia.com\/portal\/?p=30214"},"modified":"2022-11-14T13:00:29","modified_gmt":"2022-11-14T16:00:29","slug":"cesupa-2023-prova-para-residencia-medica-acontece-no-dia-20-11","status":"publish","type":"post","link":"https:\/\/med.estrategia.com\/portal\/noticias\/cesupa-2023-prova-para-residencia-medica-acontece-no-dia-20-11\/","title":{"rendered":"CESUPA 2023: prova para Resid\u00eancia M\u00e9dica acontece no dia 20\/11"},"content":{"rendered":"<p>Confira as principais informa&ccedil;&otilde;es sobre o processo seletivo de resid&ecirc;ncia m&eacute;dica do Centro Universit&aacute;rio do Estado do Par&aacute; &ndash; CESUPA para ingresso de m&eacute;dicos residentes em 2023. Com 45 vagas ofertadas, inscri&ccedil;&otilde;es v&atilde;o at&eacute; o dia 9 de dezembro de 2022.<div id=\"ez-toc-container\" class=\"ez-toc-v2_0_79_2 counter-hierarchy ez-toc-counter ez-toc-transparent ez-toc-container-direction\">\n<div class=\"ez-toc-title-container\"><p class=\"ez-toc-title\" style=\"cursor:inherit\">Navegue pelo conte\u00fado<\/p>\n<\/div><nav><ul class='ez-toc-list ez-toc-list-level-1 ' ><li class='ez-toc-page-1 ez-toc-heading-level-2'><a class=\"ez-toc-link ez-toc-heading-1\" href=\"https:\/\/med.estrategia.com\/portal\/noticias\/cesupa-2023-prova-para-residencia-medica-acontece-no-dia-20-11\/#Resumo-Edital-CESUPA-2023\" >Resumo Edital CESUPA 2023<\/a><\/li><li class='ez-toc-page-1 ez-toc-heading-level-2'><a class=\"ez-toc-link ez-toc-heading-2\" href=\"https:\/\/med.estrategia.com\/portal\/noticias\/cesupa-2023-prova-para-residencia-medica-acontece-no-dia-20-11\/#Edital-CESUPA-2023\" >Edital CESUPA 2023<\/a><\/li><li class='ez-toc-page-1 ez-toc-heading-level-2'><a class=\"ez-toc-link ez-toc-heading-3\" href=\"https:\/\/med.estrategia.com\/portal\/noticias\/cesupa-2023-prova-para-residencia-medica-acontece-no-dia-20-11\/#O-CESUPA\" >O CESUPA<\/a><\/li><\/ul><\/nav><\/div>\n<h2 class=\"wp-block-heading\" id=\"h-resumo-edital-cesupa-2023\"><span class=\"ez-toc-section\" id=\"Resumo-Edital-CESUPA-2023\"><\/span>Resumo Edital CESUPA 2023<span class=\"ez-toc-section-end\"><\/span><\/h2><figure class=\"wp-block-table\"><table><tbody><tr><td><strong>Vagas Ofertadas<\/strong><\/td><td class=\"has-text-align-center\" data-align=\"center\">23 vagas<\/td><\/tr><tr><td><strong>Composi&ccedil;&atilde;o do Processo Seletivo<\/strong><\/td><td class=\"has-text-align-center\" data-align=\"center\">Acesso Direto: 1&ordf; Fase: Prova Objetiva (Peso 9) + 2&ordf; Fase: An&aacute;lise Curricular (Peso 1)<br>Pr&eacute;-Requisitos: 1&ordf; Fase: Prova Objetiva (Peso 6) + 2&ordf; Fase: An&aacute;lise Curricular (Peso 1) + 3&ordf; Fase: Prova de Habilidades (Peso 3)<\/td><\/tr><tr><td><strong>Taxa de Inscri&ccedil;&atilde;o<\/strong><\/td><td class=\"has-text-align-center\" data-align=\"center\">R$400,00<\/td><\/tr><tr><td><strong>Per&iacute;odo de Inscri&ccedil;&otilde;es<\/strong><\/td><td class=\"has-text-align-center\" data-align=\"center\">07\/10 a 07\/11\/2022<\/td><\/tr><tr><td><strong>Prova Objetiva<\/strong><\/td><td class=\"has-text-align-center\" data-align=\"center\">20\/11\/2022<\/td><\/tr><tr><td><strong>Gabarito Preliminar<\/strong><\/td><td class=\"has-text-align-center\" data-align=\"center\">21\/11\/2022<\/td><\/tr><tr><td><strong>Recursos da Prova Objetiva<\/strong><\/td><td class=\"has-text-align-center\" data-align=\"center\">22 e 23\/11\/2022<\/td><\/tr><tr><td><strong>Resultado da 1&ordf; Fase<\/strong><\/td><td class=\"has-text-align-center\" data-align=\"center\">12\/12\/2022<\/td><\/tr><tr><td><strong>Entrega dos curr&iacute;culos e comprovantes<\/strong><\/td><td class=\"has-text-align-center\" data-align=\"center\">13 e 14\/12\/2022<\/td><\/tr><tr><td><strong>An&aacute;lise do Curr&iacute;culo<\/strong><\/td><td class=\"has-text-align-center\" data-align=\"center\">15\/12\/2022 a 15\/01\/2023<\/td><\/tr><tr><td><strong>Resultado da An&aacute;lise<\/strong><\/td><td class=\"has-text-align-center\" data-align=\"center\">16\/01\/2023<\/td><\/tr><tr><td><strong>Recursos contra Resultado da An&aacute;lise<\/strong><\/td><td class=\"has-text-align-center\" data-align=\"center\">17 e 18\/01\/2023<\/td><\/tr><tr><td><strong>Prova de Habilidades (Pr&eacute;-Requisitos)<\/strong><\/td><td class=\"has-text-align-center\" data-align=\"center\">15\/01\/2023<\/td><\/tr><tr><td><strong>Resultado da Prova de Habilidades<\/strong><\/td><td class=\"has-text-align-center\" data-align=\"center\">16\/01\/2023<\/td><\/tr><tr><td><strong>Recursos contra Resultado da Prova de Habilidades<\/strong><\/td><td class=\"has-text-align-center\" data-align=\"center\">16 e 17\/01\/2023<\/td><\/tr><tr><td><strong>Resultado Final<\/strong><\/td><td class=\"has-text-align-center\" data-align=\"center\">at&eacute; 31\/01\/2023<\/td><\/tr><tr><td><strong>Matr&iacute;culas <\/strong><\/td><td class=\"has-text-align-center\" data-align=\"center\">03\/02\/2023<\/td><\/tr><tr><td><strong>In&iacute;cios dos Programas<\/strong><\/td><td class=\"has-text-align-center\" data-align=\"center\">01\/03\/2023<\/td><\/tr><\/tbody><\/table><\/figure><p>Quer saber em detalhes tudo sobre o processo seletivo para resid&ecirc;ncia m&eacute;dica do CESUPA?&nbsp;<a href=\"https:\/\/med.estrategia.com\/portal\/residencia-medica\/cesupa-residencia-medica\/\" target=\"_blank\">Clique aqui e confira o texto exclusivo<\/a>&nbsp;que preparamos para auxiliar voc&ecirc; a entender como funciona a inscri&ccedil;&atilde;o, prova, vagas ofertadas e mais do CESUPA 2023 para Resid&ecirc;ncia M&eacute;dica!&nbsp;<\/p><p>Quer ser o primeiro a receber informa&ccedil;&otilde;es sobre os editais 2023? Ent&atilde;o&nbsp;<a href=\"https:\/\/news.google.com\/search?q=estrat%C3%A9gia%20med&amp;hl=pt-BR&amp;gl=BR&amp;ceid=BR%3Apt-419\" target=\"_blank\">siga o Portal do Estrat&eacute;gia MED no Google News,<\/a>&nbsp;clicando na&nbsp;<strong>estrela do lado direito<\/strong>. Al&eacute;m disso, n&atilde;o deixe de assinar a nossa Newsletter para receber essas atualiza&ccedil;&otilde;es diretamente no seu e-mail:<\/p><p>\n\n\n<div id=\"new-form\">\n\t<form id=\"forms_layout\">\n\t<input type=\"hidden\" id=\"chave_de\" name=\"chave_de\" value=\"01_EMED_LEADS_TOTAIS\" \/>\n\t\t<input type=\"hidden\" id=\"mid\" name=\"mid\" value=\"515009018\" \/>\n\t\t<input type=\"hidden\" id=\"Objetivo\" name=\"Objetivo\" value=\"Medicina\" \/>\n\t\t<input type=\"hidden\" id=\"Estado_de_Origem_do_IP\" name=\"Estado_de_Origem_do_IP\"  value=\"\" \/>\n\t\t<input type=\"hidden\" id=\"Cidade_de_Origem_do_IP\" name=\"Cidade_de_Origem_do_IP\" value=\"\" \/>\n\t\t<input type=\"hidden\" id=\"Modo_de_entrada\" name=\"Modo_de_entrada\" value=\"Portal\" \/>\n\t\t<input type=\"hidden\" id=\"Pagina_Origem\" name=\"Pagina_Origem\" value=\"\" \/>\n\n\t\t<div class=\"texto\">\n\t\t\t<h3 class=\"news\">Inscreva-se em nossa newsletter!<\/h3>\n\t\t\t<p>Receba not\u00edcias sobre resid\u00eancia m\u00e9dica, revalida\u00e7\u00e3o de diplomas e concursos m\u00e9dicos, al\u00e9m de materiais de estudo gratuitos e informa\u00e7\u00f5es relevantes do mundo da Medicina.<\/p>\n\t\t<\/div>\n\t\t<div class=\"campos\">\n\t\t\t<div class=\"first_name labels\">\n\t\t\t\t<input type=\"text\" class=\"input_labels\" id=\"first_name\" name=\"Nome_Completo\" placeholder=\"Nome\" required \/>\n\t\t\t<\/div>\n\t\t\t<div class=\"email labels\">\n\t\t\t\t<input type=\"email\" class=\"input_labels\" id=\"email\" name=\"Email\" placeholder=\"E-mail\" required \/>\n\t\t\t<\/div>\n\t\t\t<button type=\"submit\" class=\"button_layout\">\n\t\t\t\t<div id=\"lblBotao\">Inscreva-se<\/div>\n\t\t\t\t<span id=\"divSpiner\" class=\"loader\" role=\"status\" style=\"display: none;\"><\/span>\t\n\t\t\t<\/button>\n\t\t<\/div><!-- \/campos -->\n\t\t\n\t\t<label class=\"container_checkbox\">Voc\u00ea concorda com a nossa\n\t\t\t<a class=\"politics_privacy_ahref\" target=\"_blank\" href=\"https:\/\/gratis.estrategiaconcursos.com.br\/politica-de-privacidade\/\">Pol\u00edtica de Privacidade<\/a> e aceita receber informa\u00e7\u00f5es adicionais do Estrat\u00e9gia Educacional.\n\t\t\t<input id=\"checkbox_layout\" type=\"checkbox\" checked=\"checked\" required \/>\n\t\t\t<span class=\"checkbox\"><\/span>\n\t\t<\/label>\n\t\t<div id=\"msg\"><\/div>\n\t\t<div id=\"error\" class=\"error\">\n\t\t<\/div>\n\t<\/form>\n<\/div><!-- \/new-form -->\n\n\n\n<\/p><h2 class=\"wp-block-heading\" id=\"h-edital-cesupa-2023\"><span class=\"ez-toc-section\" id=\"Edital-CESUPA-2023\"><\/span>Edital CESUPA 2023<span class=\"ez-toc-section-end\"><\/span><\/h2><p>O edital do <strong>CESUPA<\/strong>, com ingresso dos residentes em 2023, foi divulgado em outubro de 2022 no&nbsp;<a href=\"https:\/\/hospitalangelinacaron.org.br\/\" target=\"_blank\">site do processo seletivo<\/a>. Confira o documento clicando no bot&atilde;o abaixo:<\/p><div class=\"wp-block-buttons is-content-justification-center is-layout-flex wp-block-buttons-is-layout-flex\">\n<div class=\"wp-block-button\"><a class=\"wp-block-button__link\" href=\"https:\/\/med.estrategia.com\/portal\/wp-content\/uploads\/2022\/11\/cesupa_edital2023.pdf\" target=\"_blank\">EDITAL CESUPA 2023<\/a><\/div>\n<\/div><h2 class=\"wp-block-heading\" id=\"h-o-cesupa\"><span class=\"ez-toc-section\" id=\"O-CESUPA\"><\/span>O CESUPA<span class=\"ez-toc-section-end\"><\/span><\/h2><p>Com mais de 15 anos de hist&oacute;ria, O Centro Universit&aacute;rio do Estado do Par&aacute;&nbsp; &eacute; mantido pela Associa&ccedil;&atilde;o Cultural e Educacional do Par&aacute; (ACEPA). A institui&ccedil;&atilde;o visa formar integralmente o indiv&iacute;duo, sendo assim, o CESUPA une a teoria &agrave; pr&aacute;tica, visando a resolu&ccedil;&atilde;o de problemas, com a&ccedil;&otilde;es eficientes, cr&iacute;ticas e comprometidas &agrave; realidade social.<\/p><p>Sua miss&atilde;o &eacute; formar profissionais qualificados que dominem a realidade local e seu contexto, por meio de um projeto educacional inovador. Seus valores s&atilde;o:&nbsp;<\/p><ul class=\"wp-block-list\"><li>Conhecimento;<\/li><li>&Eacute;tica;<\/li><li>Inova&ccedil;&atilde;o;<\/li><li>Responsabilidade social;<\/li><li>Crescimento sustent&aacute;vel;<\/li><li>Compet&ecirc;ncia; e<\/li><li>Excel&ecirc;ncia.<\/li><\/ul><p>Al&eacute;m dos programas de gradua&ccedil;&atilde;o, como medicina, o CESUPA oferece programas de p&oacute;s-gradua&ccedil;&atilde;o, como especializa&ccedil;&atilde;o, mestrado e&nbsp;<a href=\"https:\/\/med.estrategia.com\/portal\/category\/residencia-medica\/\" target=\"_blank\">resid&ecirc;ncia m&eacute;dica<\/a>.<\/p><p>Para o processo seletivo deste ano, com ingresso dos residentes em 2023, o CESUPA est&aacute; ofertando vagas divididas entre especialidades m&eacute;dicas de acesso direto e pr&eacute;-requisito.&nbsp;<a href=\"https:\/\/med.estrategia.com\/portal\/residencia-medica\/cesupa-residencia-medica\/\" target=\"_blank\">Clique aqui<\/a>&nbsp;e confira a distribui&ccedil;&atilde;o das vagas, al&eacute;m de mais informa&ccedil;&otilde;es sobre a sele&ccedil;&atilde;o!&nbsp;<\/p><p class=\"wp-block-preformatted\">Para ter o edital totalmente explicado e informa&ccedil;&otilde;es detalhadas sobre o processo seletivo: <a href=\"https:\/\/med.estrategia.com\/portal\/residencia-medica\/cesupa-residencia-medica\/\" target=\"_blank\">Resid&ecirc;ncia M&eacute;dica CESUPA 2023: inscri&ccedil;&otilde;es, edital, vagas e mais!<\/a><\/p><p>Para n&atilde;o perder nenhuma atualiza&ccedil;&atilde;o no universo da medicina e ficar por dentro dos seletivos de Resid&ecirc;ncia M&eacute;dica, de revalida&ccedil;&atilde;o de diplomas e conte&uacute;dos t&eacute;cnicos, continue acessando o&nbsp;<a href=\"https:\/\/med.estrategia.com\/portal\/\" target=\"_blank\">Portal do Estrat&eacute;gia MED<\/a>!&nbsp;<\/p><p>\n\n\n\n\n\n<a id=\"cta\" class=\"cta-imagem\" href=\"https:\/\/med.estrategia.com\/curso\/banco-de-questes-resumos-estrategicos-anual\/\" target=\"blank\">\n                <img decoding=\"async\" width=\"100%\" src=\"https:\/\/med.estrategia.com\/portal\/wp-content\/uploads\/2025\/08\/banco_questoes.png\" alt=\"banco_questoes\" title=\"banco_questoes\">\n        <\/a>\n<\/p><\/p>\n","protected":false},"excerpt":{"rendered":"Confira as principais informa&ccedil;&otilde;es sobre o processo seletivo de resid&ecirc;ncia m&eacute;dica do Centro Universit&aacute;rio do Estado do Par&aacute;&hellip;\n","protected":false},"author":39,"featured_media":30215,"comment_status":"closed","ping_status":"closed","sticky":false,"template":"","format":"standard","meta":{"wl_entities_gutenberg":"","footnotes":""},"categories":[300],"tags":[],"wl_entity_type":[199],"class_list":{"0":"post-30214","1":"post","2":"type-post","3":"status-publish","4":"format-standard","5":"has-post-thumbnail","7":"category-noticias","8":"wl_entity_type-article"},"acf":[],"yoast_head":"<!-- This site is optimized with the Yoast SEO Premium plugin v26.6 (Yoast SEO v26.6) - https:\/\/yoast.com\/wordpress\/plugins\/seo\/ -->\n<title>CESUPA 2023: prova para Resid\u00eancia M\u00e9dica acontece no dia 20\/11<\/title>\n<meta name=\"description\" content=\"A prova objetiva da sele\u00e7\u00e3o de resid\u00eancia m\u00e9dica do CESUPA 2023 est\u00e1 chegando! Vem conferir os principais detalhes.\" \/>\n<meta name=\"robots\" content=\"index, follow, max-snippet:-1, max-image-preview:large, max-video-preview:-1\" \/>\n<link rel=\"canonical\" href=\"https:\/\/med.estrategia.com\/portal\/noticias\/cesupa-2023-prova-para-residencia-medica-acontece-no-dia-20-11\/\" \/>\n<meta property=\"og:locale\" content=\"pt_BR\" \/>\n<meta property=\"og:type\" content=\"article\" \/>\n<meta property=\"og:title\" content=\"CESUPA 2023: prova para Resid\u00eancia M\u00e9dica acontece no dia 20\/11\" \/>\n<meta property=\"og:description\" content=\"A prova objetiva da sele\u00e7\u00e3o de resid\u00eancia m\u00e9dica do CESUPA 2023 est\u00e1 chegando! Vem conferir os principais detalhes.\" \/>\n<meta property=\"og:url\" content=\"https:\/\/med.estrategia.com\/portal\/noticias\/cesupa-2023-prova-para-residencia-medica-acontece-no-dia-20-11\/\" \/>\n<meta property=\"og:site_name\" content=\"Estrat\u00e9gia MED\" \/>\n<meta property=\"article:publisher\" content=\"https:\/\/www.facebook.com\/estrategiamed1\" \/>\n<meta property=\"article:published_time\" content=\"2022-11-14T16:00:24+00:00\" \/>\n<meta property=\"article:modified_time\" content=\"2022-11-14T16:00:29+00:00\" \/>\n<meta property=\"og:image\" content=\"https:\/\/cdn.medblog.estrategiaeducacional.com.br\/wp-content\/uploads\/2022\/11\/cover_WP_editais-4.jpg\" \/>\n\t<meta property=\"og:image:width\" content=\"1920\" \/>\n\t<meta property=\"og:image:height\" content=\"1080\" \/>\n\t<meta property=\"og:image:type\" content=\"image\/jpeg\" \/>\n<meta name=\"author\" content=\"Ana Carolina Damasceno\" \/>\n<meta name=\"twitter:card\" content=\"summary_large_image\" \/>\n<meta name=\"twitter:creator\" content=\"@estrategiamed_\" \/>\n<meta name=\"twitter:site\" content=\"@estrategiamed_\" \/>\n<meta name=\"twitter:label1\" content=\"Escrito por\" \/>\n\t<meta name=\"twitter:data1\" content=\"Ana Carolina Damasceno\" \/>\n\t<meta name=\"twitter:label2\" content=\"Est. tempo de leitura\" \/>\n\t<meta name=\"twitter:data2\" content=\"3 minutos\" \/>\n<script type=\"application\/ld+json\" class=\"yoast-schema-graph\">{\"@context\":\"https:\/\/schema.org\",\"@graph\":[{\"@type\":\"WebPage\",\"@id\":\"https:\/\/med.estrategia.com\/portal\/noticias\/cesupa-2023-prova-para-residencia-medica-acontece-no-dia-20-11\/\",\"url\":\"https:\/\/med.estrategia.com\/portal\/noticias\/cesupa-2023-prova-para-residencia-medica-acontece-no-dia-20-11\/\",\"name\":\"CESUPA 2023: prova para Resid\u00eancia M\u00e9dica acontece no dia 20\/11\",\"isPartOf\":{\"@id\":\"https:\/\/med.estrategia.com\/portal\/#website\"},\"primaryImageOfPage\":{\"@id\":\"https:\/\/med.estrategia.com\/portal\/noticias\/cesupa-2023-prova-para-residencia-medica-acontece-no-dia-20-11\/#primaryimage\"},\"image\":{\"@id\":\"https:\/\/med.estrategia.com\/portal\/noticias\/cesupa-2023-prova-para-residencia-medica-acontece-no-dia-20-11\/#primaryimage\"},\"thumbnailUrl\":\"https:\/\/med.estrategia.com\/portal\/wp-content\/uploads\/2022\/11\/cover_WP_editais-4.jpg\",\"datePublished\":\"2022-11-14T16:00:24+00:00\",\"dateModified\":\"2022-11-14T16:00:29+00:00\",\"author\":{\"@id\":\"https:\/\/med.estrategia.com\/portal\/#\/schema\/person\/2f553adbb8e25fe39d145c5b2927f58c\"},\"description\":\"A prova objetiva da sele\u00e7\u00e3o de resid\u00eancia m\u00e9dica do CESUPA 2023 est\u00e1 chegando! Vem conferir os principais detalhes.\",\"breadcrumb\":{\"@id\":\"https:\/\/med.estrategia.com\/portal\/noticias\/cesupa-2023-prova-para-residencia-medica-acontece-no-dia-20-11\/#breadcrumb\"},\"inLanguage\":\"pt-BR\",\"potentialAction\":[{\"@type\":\"ReadAction\",\"target\":[\"https:\/\/med.estrategia.com\/portal\/noticias\/cesupa-2023-prova-para-residencia-medica-acontece-no-dia-20-11\/\"]}]},{\"@type\":\"ImageObject\",\"inLanguage\":\"pt-BR\",\"@id\":\"https:\/\/med.estrategia.com\/portal\/noticias\/cesupa-2023-prova-para-residencia-medica-acontece-no-dia-20-11\/#primaryimage\",\"url\":\"https:\/\/med.estrategia.com\/portal\/wp-content\/uploads\/2022\/11\/cover_WP_editais-4.jpg\",\"contentUrl\":\"https:\/\/med.estrategia.com\/portal\/wp-content\/uploads\/2022\/11\/cover_WP_editais-4.jpg\",\"width\":1920,\"height\":1080,\"caption\":\"Cr\u00e9ditos: Estrat\u00e9gia MED e Centro Universit\u00e1rio do Estado do Par\u00e1\"},{\"@type\":\"BreadcrumbList\",\"@id\":\"https:\/\/med.estrategia.com\/portal\/noticias\/cesupa-2023-prova-para-residencia-medica-acontece-no-dia-20-11\/#breadcrumb\",\"itemListElement\":[{\"@type\":\"ListItem\",\"position\":1,\"name\":\"Home\",\"item\":\"https:\/\/med.estrategia.com\/portal\/\"},{\"@type\":\"ListItem\",\"position\":2,\"name\":\"Not\u00edcias\",\"item\":\"https:\/\/med.estrategia.com\/portal\/noticias\/\"},{\"@type\":\"ListItem\",\"position\":3,\"name\":\"CESUPA 2023: prova para Resid\u00eancia M\u00e9dica acontece no dia 20\/11\"}]},{\"@type\":\"WebSite\",\"@id\":\"https:\/\/med.estrategia.com\/portal\/#website\",\"url\":\"https:\/\/med.estrategia.com\/portal\/\",\"name\":\"Estrat\u00e9gia MED\",\"description\":\"\",\"potentialAction\":[{\"@type\":\"SearchAction\",\"target\":{\"@type\":\"EntryPoint\",\"urlTemplate\":\"https:\/\/med.estrategia.com\/portal\/?s={search_term_string}\"},\"query-input\":{\"@type\":\"PropertyValueSpecification\",\"valueRequired\":true,\"valueName\":\"search_term_string\"}}],\"inLanguage\":\"pt-BR\"},{\"@type\":\"Person\",\"@id\":\"https:\/\/med.estrategia.com\/portal\/#\/schema\/person\/2f553adbb8e25fe39d145c5b2927f58c\",\"name\":\"Ana Carolina Damasceno\",\"image\":{\"@type\":\"ImageObject\",\"inLanguage\":\"pt-BR\",\"@id\":\"https:\/\/med.estrategia.com\/portal\/#\/schema\/person\/image\/\",\"url\":\"https:\/\/med.estrategia.com\/portal\/wp-content\/uploads\/2021\/09\/WhatsApp-Image-2023-08-18-at-16.46.43-150x150.jpeg\",\"contentUrl\":\"https:\/\/med.estrategia.com\/portal\/wp-content\/uploads\/2021\/09\/WhatsApp-Image-2023-08-18-at-16.46.43-150x150.jpeg\",\"caption\":\"Ana Carolina Damasceno\"},\"description\":\"Coordenadora de Jornalismo EMED. Comunicadora por natureza e forma\u00e7\u00e3o, que ama e perde a no\u00e7\u00e3o do tempo com m\u00fasica e s\u00e9rie.\",\"url\":\"https:\/\/med.estrategia.com\/portal\/author\/ana-carolina-damasceno\/\"}]}<\/script>\n<!-- \/ Yoast SEO Premium plugin. -->","yoast_head_json":{"title":"CESUPA 2023: prova para Resid\u00eancia M\u00e9dica acontece no dia 20\/11","description":"A prova objetiva da sele\u00e7\u00e3o de resid\u00eancia m\u00e9dica do CESUPA 2023 est\u00e1 chegando! Vem conferir os principais detalhes.","robots":{"index":"index","follow":"follow","max-snippet":"max-snippet:-1","max-image-preview":"max-image-preview:large","max-video-preview":"max-video-preview:-1"},"canonical":"https:\/\/med.estrategia.com\/portal\/noticias\/cesupa-2023-prova-para-residencia-medica-acontece-no-dia-20-11\/","og_locale":"pt_BR","og_type":"article","og_title":"CESUPA 2023: prova para Resid\u00eancia M\u00e9dica acontece no dia 20\/11","og_description":"A prova objetiva da sele\u00e7\u00e3o de resid\u00eancia m\u00e9dica do CESUPA 2023 est\u00e1 chegando! Vem conferir os principais detalhes.","og_url":"https:\/\/med.estrategia.com\/portal\/noticias\/cesupa-2023-prova-para-residencia-medica-acontece-no-dia-20-11\/","og_site_name":"Estrat\u00e9gia MED","article_publisher":"https:\/\/www.facebook.com\/estrategiamed1","article_published_time":"2022-11-14T16:00:24+00:00","article_modified_time":"2022-11-14T16:00:29+00:00","og_image":[{"width":1920,"height":1080,"url":"https:\/\/cdn.medblog.estrategiaeducacional.com.br\/wp-content\/uploads\/2022\/11\/cover_WP_editais-4.jpg","type":"image\/jpeg"}],"author":"Ana Carolina Damasceno","twitter_card":"summary_large_image","twitter_creator":"@estrategiamed_","twitter_site":"@estrategiamed_","twitter_misc":{"Escrito por":"Ana Carolina Damasceno","Est. tempo de leitura":"3 minutos"},"schema":{"@context":"https:\/\/schema.org","@graph":[{"@type":"WebPage","@id":"https:\/\/med.estrategia.com\/portal\/noticias\/cesupa-2023-prova-para-residencia-medica-acontece-no-dia-20-11\/","url":"https:\/\/med.estrategia.com\/portal\/noticias\/cesupa-2023-prova-para-residencia-medica-acontece-no-dia-20-11\/","name":"CESUPA 2023: prova para Resid\u00eancia M\u00e9dica acontece no dia 20\/11","isPartOf":{"@id":"https:\/\/med.estrategia.com\/portal\/#website"},"primaryImageOfPage":{"@id":"https:\/\/med.estrategia.com\/portal\/noticias\/cesupa-2023-prova-para-residencia-medica-acontece-no-dia-20-11\/#primaryimage"},"image":{"@id":"https:\/\/med.estrategia.com\/portal\/noticias\/cesupa-2023-prova-para-residencia-medica-acontece-no-dia-20-11\/#primaryimage"},"thumbnailUrl":"https:\/\/med.estrategia.com\/portal\/wp-content\/uploads\/2022\/11\/cover_WP_editais-4.jpg","datePublished":"2022-11-14T16:00:24+00:00","dateModified":"2022-11-14T16:00:29+00:00","author":{"@id":"https:\/\/med.estrategia.com\/portal\/#\/schema\/person\/2f553adbb8e25fe39d145c5b2927f58c"},"description":"A prova objetiva da sele\u00e7\u00e3o de resid\u00eancia m\u00e9dica do CESUPA 2023 est\u00e1 chegando! Vem conferir os principais detalhes.","breadcrumb":{"@id":"https:\/\/med.estrategia.com\/portal\/noticias\/cesupa-2023-prova-para-residencia-medica-acontece-no-dia-20-11\/#breadcrumb"},"inLanguage":"pt-BR","potentialAction":[{"@type":"ReadAction","target":["https:\/\/med.estrategia.com\/portal\/noticias\/cesupa-2023-prova-para-residencia-medica-acontece-no-dia-20-11\/"]}]},{"@type":"ImageObject","inLanguage":"pt-BR","@id":"https:\/\/med.estrategia.com\/portal\/noticias\/cesupa-2023-prova-para-residencia-medica-acontece-no-dia-20-11\/#primaryimage","url":"https:\/\/med.estrategia.com\/portal\/wp-content\/uploads\/2022\/11\/cover_WP_editais-4.jpg","contentUrl":"https:\/\/med.estrategia.com\/portal\/wp-content\/uploads\/2022\/11\/cover_WP_editais-4.jpg","width":1920,"height":1080,"caption":"Cr\u00e9ditos: Estrat\u00e9gia MED e Centro Universit\u00e1rio do Estado do Par\u00e1"},{"@type":"BreadcrumbList","@id":"https:\/\/med.estrategia.com\/portal\/noticias\/cesupa-2023-prova-para-residencia-medica-acontece-no-dia-20-11\/#breadcrumb","itemListElement":[{"@type":"ListItem","position":1,"name":"Home","item":"https:\/\/med.estrategia.com\/portal\/"},{"@type":"ListItem","position":2,"name":"Not\u00edcias","item":"https:\/\/med.estrategia.com\/portal\/noticias\/"},{"@type":"ListItem","position":3,"name":"CESUPA 2023: prova para Resid\u00eancia M\u00e9dica acontece no dia 20\/11"}]},{"@type":"WebSite","@id":"https:\/\/med.estrategia.com\/portal\/#website","url":"https:\/\/med.estrategia.com\/portal\/","name":"Estrat\u00e9gia MED","description":"","potentialAction":[{"@type":"SearchAction","target":{"@type":"EntryPoint","urlTemplate":"https:\/\/med.estrategia.com\/portal\/?s={search_term_string}"},"query-input":{"@type":"PropertyValueSpecification","valueRequired":true,"valueName":"search_term_string"}}],"inLanguage":"pt-BR"},{"@type":"Person","@id":"https:\/\/med.estrategia.com\/portal\/#\/schema\/person\/2f553adbb8e25fe39d145c5b2927f58c","name":"Ana Carolina Damasceno","image":{"@type":"ImageObject","inLanguage":"pt-BR","@id":"https:\/\/med.estrategia.com\/portal\/#\/schema\/person\/image\/","url":"https:\/\/med.estrategia.com\/portal\/wp-content\/uploads\/2021\/09\/WhatsApp-Image-2023-08-18-at-16.46.43-150x150.jpeg","contentUrl":"https:\/\/med.estrategia.com\/portal\/wp-content\/uploads\/2021\/09\/WhatsApp-Image-2023-08-18-at-16.46.43-150x150.jpeg","caption":"Ana Carolina Damasceno"},"description":"Coordenadora de Jornalismo EMED. Comunicadora por natureza e forma\u00e7\u00e3o, que ama e perde a no\u00e7\u00e3o do tempo com m\u00fasica e s\u00e9rie.","url":"https:\/\/med.estrategia.com\/portal\/author\/ana-carolina-damasceno\/"}]}},"_wl_alt_label":[],"wl:entity_url":"\/post\/cesupa-2023-prova-para-residencia-medica-acontece-no-dia-20-11","_links":{"self":[{"href":"https:\/\/med.estrategia.com\/portal\/wp-json\/wp\/v2\/posts\/30214","targetHints":{"allow":["GET"]}}],"collection":[{"href":"https:\/\/med.estrategia.com\/portal\/wp-json\/wp\/v2\/posts"}],"about":[{"href":"https:\/\/med.estrategia.com\/portal\/wp-json\/wp\/v2\/types\/post"}],"author":[{"embeddable":true,"href":"https:\/\/med.estrategia.com\/portal\/wp-json\/wp\/v2\/users\/39"}],"replies":[{"embeddable":true,"href":"https:\/\/med.estrategia.com\/portal\/wp-json\/wp\/v2\/comments?post=30214"}],"version-history":[{"count":1,"href":"https:\/\/med.estrategia.com\/portal\/wp-json\/wp\/v2\/posts\/30214\/revisions"}],"predecessor-version":[{"id":30216,"href":"https:\/\/med.estrategia.com\/portal\/wp-json\/wp\/v2\/posts\/30214\/revisions\/30216"}],"wp:featuredmedia":[{"embeddable":true,"href":"https:\/\/med.estrategia.com\/portal\/wp-json\/wp\/v2\/media\/30215"}],"wp:attachment":[{"href":"https:\/\/med.estrategia.com\/portal\/wp-json\/wp\/v2\/media?parent=30214"}],"wp:term":[{"taxonomy":"category","embeddable":true,"href":"https:\/\/med.estrategia.com\/portal\/wp-json\/wp\/v2\/categories?post=30214"},{"taxonomy":"post_tag","embeddable":true,"href":"https:\/\/med.estrategia.com\/portal\/wp-json\/wp\/v2\/tags?post=30214"},{"taxonomy":"wl_entity_type","embeddable":true,"href":"https:\/\/med.estrategia.com\/portal\/wp-json\/wp\/v2\/wl_entity_type?post=30214"}],"curies":[{"name":"wp","href":"https:\/\/api.w.org\/{rel}","templated":true}]}}