{"id":3069,"date":"2023-09-30T09:11:00","date_gmt":"2023-09-30T12:11:00","guid":{"rendered":"https:\/\/med.estrategiaeducacional.com.br\/blog\/?p=3069"},"modified":"2026-03-02T12:53:51","modified_gmt":"2026-03-02T15:53:51","slug":"famerp-residencia-medica","status":"publish","type":"post","link":"https:\/\/med.estrategia.com\/portal\/residencia-medica\/famerp-residencia-medica\/","title":{"rendered":"Resid\u00eancia M\u00e9dica FAMERP: edital 2026, cronograma, vagas e mais"},"content":{"rendered":"<p>Quer participar do pr&oacute;ximo processo seletivo para <a class=\"wl-entity-page-link\" title=\"Resid&ecirc;ncia\" href=\"https:\/\/med.estrategia.com\/portal\/entidade\/residencia-medica\/\" data-id=\"\/entity\/residencia-medica;http:\/\/dbpedia.org\/resource\/Residency_(medicine);http:\/\/en.dbpedia.org\/resource\/Residency_(medicine);http:\/\/nl.dbpedia.org\/resource\/Arts-assistent;http:\/\/de.dbpedia.org\/resource\/&Auml;rztliche_Weiterbildung;http:\/\/fr.dbpedia.org\/resource\/R&eacute;sidence_(m&eacute;decine);http:\/\/lt.dbpedia.org\/resource\/Rezident&#363;ra_(studijos);http:\/\/pt.dbpedia.org\/resource\/Resid&ecirc;ncia_m&eacute;dica;http:\/\/ru.dbpedia.org\/resource\/&#1050;&#1083;&#1080;&#1085;&#1080;&#1095;&#1077;&#1089;&#1082;&#1072;&#1103;_&#1086;&#1088;&#1076;&#1080;&#1085;&#1072;&#1090;&#1091;&#1088;&#1072;;http:\/\/uk.dbpedia.org\/resource\/&#1054;&#1088;&#1076;&#1080;&#1085;&#1072;&#1090;&#1091;&#1088;&#1072;_&#1082;&#1083;&#1110;&#1085;&#1110;&#1095;&#1085;&#1072;;https:\/\/data.wordlift.io\/wl106637\/entity\/residencia-medica\">Resid&ecirc;ncia M&eacute;dica<\/a> da FAMERP? Ent&atilde;o, n&atilde;o perca as informa&ccedil;&otilde;es que o <a class=\"wl-entity-page-link\" href=\"https:\/\/med.estrategia.com\/portal\/entidade\/estrategia-med-2\/\" data-id=\"\/entity\/estrategia-med-2;https:\/\/data.wordlift.io\/wl106637\/entity\/estrategia_med\">Estrat&eacute;gia MED<\/a> trouxe!<div id=\"ez-toc-container\" class=\"ez-toc-v2_0_79_2 counter-hierarchy ez-toc-counter ez-toc-transparent ez-toc-container-direction\">\n<div class=\"ez-toc-title-container\"><p class=\"ez-toc-title\" style=\"cursor:inherit\">Navegue pelo conte\u00fado<\/p>\n<\/div><nav><ul class='ez-toc-list ez-toc-list-level-1 ' ><li class='ez-toc-page-1 ez-toc-heading-level-2'><a class=\"ez-toc-link ez-toc-heading-1\" href=\"https:\/\/med.estrategia.com\/portal\/residencia-medica\/famerp-residencia-medica\/#A-FAMERP\" >A FAMERP<\/a><ul class='ez-toc-list-level-3' ><li class='ez-toc-heading-level-3'><a class=\"ez-toc-link ez-toc-heading-2\" href=\"https:\/\/med.estrategia.com\/portal\/residencia-medica\/famerp-residencia-medica\/#Inscreva-se-em-nossa-newsletter\" >Inscreva-se em nossa newsletter!<\/a><\/li><\/ul><\/li><li class='ez-toc-page-1 ez-toc-heading-level-2'><a class=\"ez-toc-link ez-toc-heading-3\" href=\"https:\/\/med.estrategia.com\/portal\/residencia-medica\/famerp-residencia-medica\/#Como-e-o-processo-seletivo-da-FAMERP\" >Como &eacute; o processo seletivo da FAMERP?<\/a><\/li><li class='ez-toc-page-1 ez-toc-heading-level-2'><a class=\"ez-toc-link ez-toc-heading-4\" href=\"https:\/\/med.estrategia.com\/portal\/residencia-medica\/famerp-residencia-medica\/#Como-se-inscrever-na-selecao-da-FAMERP\" >Como se inscrever na sele&ccedil;&atilde;o da FAMERP?<\/a><\/li><li class='ez-toc-page-1 ez-toc-heading-level-2'><a class=\"ez-toc-link ez-toc-heading-5\" href=\"https:\/\/med.estrategia.com\/portal\/residencia-medica\/famerp-residencia-medica\/#Saiba-como-sera-a-edicao-2026-da-FAMERP\" >Saiba como ser&aacute; a edi&ccedil;&atilde;o 2026 da FAMERP<\/a><ul class='ez-toc-list-level-3' ><li class='ez-toc-heading-level-3'><a class=\"ez-toc-link ez-toc-heading-6\" href=\"https:\/\/med.estrategia.com\/portal\/residencia-medica\/famerp-residencia-medica\/#Vagas-FAMERP-2026\" >Vagas FAMERP 2026<\/a><\/li><li class='ez-toc-page-1 ez-toc-heading-level-3'><a class=\"ez-toc-link ez-toc-heading-7\" href=\"https:\/\/med.estrategia.com\/portal\/residencia-medica\/famerp-residencia-medica\/#Cronograma-FAMERP-2026\" >Cronograma FAMERP 2026<\/a><\/li><li class='ez-toc-page-1 ez-toc-heading-level-3'><a class=\"ez-toc-link ez-toc-heading-8\" href=\"https:\/\/med.estrategia.com\/portal\/residencia-medica\/famerp-residencia-medica\/#Prova-Objetiva\" >Prova Objetiva<\/a><\/li><\/ul><\/li><li class='ez-toc-page-1 ez-toc-heading-level-2'><a class=\"ez-toc-link ez-toc-heading-9\" href=\"https:\/\/med.estrategia.com\/portal\/residencia-medica\/famerp-residencia-medica\/#Resultado-final\" >Resultado final<\/a><\/li><li class='ez-toc-page-1 ez-toc-heading-level-2'><a class=\"ez-toc-link ez-toc-heading-10\" href=\"https:\/\/med.estrategia.com\/portal\/residencia-medica\/famerp-residencia-medica\/#Concorrencia-FAMERP-2026\" >Concorr&ecirc;ncia FAMERP 2026<\/a><\/li><li class='ez-toc-page-1 ez-toc-heading-level-2'><a class=\"ez-toc-link ez-toc-heading-11\" href=\"https:\/\/med.estrategia.com\/portal\/residencia-medica\/famerp-residencia-medica\/#Nota-de-Corte-FAMERP-2026\" >Nota de Corte FAMERP 2026<\/a><\/li><li class='ez-toc-page-1 ez-toc-heading-level-2'><a class=\"ez-toc-link ez-toc-heading-12\" href=\"https:\/\/med.estrategia.com\/portal\/residencia-medica\/famerp-residencia-medica\/#FAMERP-vagas-remanescentes-2026\" >FAMERP vagas remanescentes 2026<\/a><\/li><li class='ez-toc-page-1 ez-toc-heading-level-2'><a class=\"ez-toc-link ez-toc-heading-13\" href=\"https:\/\/med.estrategia.com\/portal\/residencia-medica\/famerp-residencia-medica\/#Como-se-preparar-para-a-FAMERP-2026\" >Como se preparar para a FAMERP 2026<\/a><ul class='ez-toc-list-level-3' ><li class='ez-toc-heading-level-3'><a class=\"ez-toc-link ez-toc-heading-14\" href=\"https:\/\/med.estrategia.com\/portal\/residencia-medica\/famerp-residencia-medica\/#TAYNARA-FERNANDES-DE-SOUZA-1o-Lugar-em-Medicina-Intensiva\" >TAYNARA FERNANDES DE SOUZA 1&ordm; Lugar em Medicina Intensiva<\/a><\/li><\/ul><\/li><li class='ez-toc-page-1 ez-toc-heading-level-2'><a class=\"ez-toc-link ez-toc-heading-15\" href=\"https:\/\/med.estrategia.com\/portal\/residencia-medica\/famerp-residencia-medica\/#Veja-tambem\" >Veja tamb&eacute;m:<\/a><\/li><\/ul><\/nav><\/div>\n<h2 class=\"wp-block-heading\" id=\"h-a-famerp\"><span class=\"ez-toc-section\" id=\"A-FAMERP\"><\/span>A FAMERP<span class=\"ez-toc-section-end\"><\/span><\/h2><p>A Faculdade de Medicina de S&atilde;o Jos&eacute; do Rio Preto (FAMERP) <strong>oferece 64 programas<\/strong> de resid&ecirc;ncia m&eacute;dica para as categorias de Acesso Direto, com Pr&eacute;-Requisito e &Aacute;reas de Atua&ccedil;&atilde;o. <\/p><p>Al&eacute;m disso, a universidade ainda &eacute; respons&aacute;vel por aproximar o profissional da sa&uacute;de com a popula&ccedil;&atilde;o, realizando&nbsp;parcerias com a Secretaria Municipal de Sa&uacute;de e a FUNFARME, com o Programa intitulado <strong>&ldquo;Integra&ccedil;&atilde;o Ensino e Servi&ccedil;o&rdquo;<\/strong>.<\/p><div class=\"wp-block-image is-resized\">\n<figure class=\"aligncenter size-large\"><img decoding=\"async\" width=\"1024\" height=\"682\" src=\"https:\/\/med.estrategia.com\/portal\/wp-content\/uploads\/2021\/06\/Entrada-da-Famerp-1024x682-1.jpg\" alt=\"FAMERP Resid&ecirc;ncia M&eacute;dica\" class=\"wp-image-6522\" srcset=\"https:\/\/med.estrategia.com\/portal\/wp-content\/uploads\/2021\/06\/Entrada-da-Famerp-1024x682-1.jpg 1024w, https:\/\/med.estrategia.com\/portal\/wp-content\/uploads\/2021\/06\/Entrada-da-Famerp-1024x682-1-300x200.jpg 300w, https:\/\/med.estrategia.com\/portal\/wp-content\/uploads\/2021\/06\/Entrada-da-Famerp-1024x682-1-768x512.jpg 768w, https:\/\/med.estrategia.com\/portal\/wp-content\/uploads\/2021\/06\/Entrada-da-Famerp-1024x682-1-380x253.jpg 380w, https:\/\/med.estrategia.com\/portal\/wp-content\/uploads\/2021\/06\/Entrada-da-Famerp-1024x682-1-800x533.jpg 800w\" sizes=\"(max-width: 1024px) 100vw, 1024px\" \/><figcaption class=\"wp-element-caption\">Entrada da Faculdade de Medicina de S&atilde;o Jos&eacute; do Rio Preto, a FAMERP<\/figcaption><\/figure><\/div><div class=\"wp-block-buttons is-horizontal is-content-justification-center is-layout-flex wp-container-core-buttons-is-layout-1 wp-block-buttons-is-layout-flex\">\n<div class=\"wp-block-button\"><a class=\"wp-block-button__link has-background wp-element-button\" href=\"https:\/\/med.estrategia.com\/cursos\/\" style=\"background-color:#0ba4ae\" target=\"_blank\">Conhe&ccedil;a os cursos do Estrat&eacute;gia MED!<\/a><\/div>\n<\/div><p>\n\n\n<div id=\"new-form\">\n\t<form id=\"forms_layout\">\n\t<input type=\"hidden\" id=\"chave_de\" name=\"chave_de\" value=\"01_EMED_LEADS_TOTAIS\" \/>\n\t\t<input type=\"hidden\" id=\"mid\" name=\"mid\" value=\"515009018\" \/>\n\t\t<input type=\"hidden\" id=\"Objetivo\" name=\"Objetivo\" value=\"Medicina\" \/>\n\t\t<input type=\"hidden\" id=\"Estado_de_Origem_do_IP\" name=\"Estado_de_Origem_do_IP\"  value=\"\" \/>\n\t\t<input type=\"hidden\" id=\"Cidade_de_Origem_do_IP\" name=\"Cidade_de_Origem_do_IP\" value=\"\" \/>\n\t\t<input type=\"hidden\" id=\"Modo_de_entrada\" name=\"Modo_de_entrada\" value=\"Portal\" \/>\n\t\t<input type=\"hidden\" id=\"Pagina_Origem\" name=\"Pagina_Origem\" value=\"\" \/>\n\n\t\t<div class=\"texto\">\n\t\t\t<h3 class=\"news\"><span class=\"ez-toc-section\" id=\"Inscreva-se-em-nossa-newsletter\"><\/span>Inscreva-se em nossa newsletter!<span class=\"ez-toc-section-end\"><\/span><\/h3>\n\t\t\t<p>Receba not\u00edcias sobre resid\u00eancia m\u00e9dica, revalida\u00e7\u00e3o de diplomas e concursos m\u00e9dicos, al\u00e9m de materiais de estudo gratuitos e informa\u00e7\u00f5es relevantes do mundo da Medicina.<\/p>\n\t\t<\/div>\n\t\t<div class=\"campos\">\n\t\t\t<div class=\"first_name labels\">\n\t\t\t\t<input type=\"text\" class=\"input_labels\" id=\"first_name\" name=\"Nome_Completo\" placeholder=\"Nome\" required \/>\n\t\t\t<\/div>\n\t\t\t<div class=\"email labels\">\n\t\t\t\t<input type=\"email\" class=\"input_labels\" id=\"email\" name=\"Email\" placeholder=\"E-mail\" required \/>\n\t\t\t<\/div>\n\t\t\t<button type=\"submit\" class=\"button_layout\">\n\t\t\t\t<div id=\"lblBotao\">Inscreva-se<\/div>\n\t\t\t\t<span id=\"divSpiner\" class=\"loader\" role=\"status\" style=\"display: none;\"><\/span>\t\n\t\t\t<\/button>\n\t\t<\/div><!-- \/campos -->\n\t\t\n\t\t<label class=\"container_checkbox\">Voc\u00ea concorda com a nossa\n\t\t\t<a class=\"politics_privacy_ahref\" target=\"_blank\" href=\"https:\/\/gratis.estrategiaconcursos.com.br\/politica-de-privacidade\/\">Pol\u00edtica de Privacidade<\/a> e aceita receber informa\u00e7\u00f5es adicionais do Estrat\u00e9gia Educacional.\n\t\t\t<input id=\"checkbox_layout\" type=\"checkbox\" checked=\"checked\" required \/>\n\t\t\t<span class=\"checkbox\"><\/span>\n\t\t<\/label>\n\t\t<div id=\"msg\"><\/div>\n\t\t<div id=\"error\" class=\"error\">\n\t\t<\/div>\n\t<\/form>\n<\/div><!-- \/new-form -->\n\n\n\n<\/p><h2 class=\"wp-block-heading\" id=\"h-como-e-o-processo-seletivo-da-famerp\"><span class=\"ez-toc-section\" id=\"Como-e-o-processo-seletivo-da-FAMERP\"><\/span>Como &eacute; o processo seletivo da FAMERP?<span class=\"ez-toc-section-end\"><\/span><\/h2><p>O processo seletivo para ingresso na resid&ecirc;ncia m&eacute;dica da FAMERP &eacute; composto por&nbsp;<strong>duas etapas para todas as especialidades ofertadas<\/strong>.<\/p><p>Os candidatos inscritos s&atilde;o avaliados primeiramente a partir de uma&nbsp;<strong>prova te&oacute;rica<\/strong> composta por 80 quest&otilde;es para todas as especialidades, de car&aacute;ter classificat&oacute;ria e eliminat&oacute;ria, com distin&ccedil;&atilde;o entre os programas apenas no conte&uacute;do cobrado. Para as especialidades de&nbsp;<strong>Acesso Direto<\/strong>, as quest&otilde;es objetivas s&atilde;o baseadas nas grandes &aacute;reas da medicina: Cirurgia, Cl&iacute;nica M&eacute;dica, <a class=\"wl-entity-page-link\" title=\"OBSTETR&Iacute;CIA\" href=\"https:\/\/med.estrategia.com\/portal\/entidade\/obstetricia\/\" data-id=\"\/entity\/obstetricia;http:\/\/dbpedia.org\/resource\/Obstetrics;http:\/\/de.dbpedia.org\/resource\/Geburtshilfe;http:\/\/no.dbpedia.org\/resource\/Obstetrikk;http:\/\/fi.dbpedia.org\/resource\/Obstetriikka;http:\/\/id.dbpedia.org\/resource\/Obstetri;http:\/\/sv.dbpedia.org\/resource\/Obstetrik;http:\/\/en.dbpedia.org\/resource\/Obstetrics;http:\/\/it.dbpedia.org\/resource\/Ostetricia;http:\/\/es.dbpedia.org\/resource\/Obstetricia;http:\/\/da.dbpedia.org\/resource\/Obstetrik;http:\/\/nl.dbpedia.org\/resource\/Verloskundige;http:\/\/tr.dbpedia.org\/resource\/Obstetrik;https:\/\/data.wordlift.io\/wl106637\/entity\/obstetricia\">Obstetr&iacute;cia<\/a> e <a class=\"wl-entity-page-link\" title=\"Ginecol&oacute;gica\" href=\"https:\/\/med.estrategia.com\/portal\/entidade\/ginecologia\/\" data-id=\"\/entity\/ginecologia;http:\/\/dbpedia.org\/resource\/Gynaecology;http:\/\/pt.dbpedia.org\/resource\/Ginecologia;http:\/\/lt.dbpedia.org\/resource\/Ginekologija;http:\/\/hr.dbpedia.org\/resource\/Ginekologija;http:\/\/id.dbpedia.org\/resource\/Ginekologi;http:\/\/en.dbpedia.org\/resource\/Gynaecology;http:\/\/it.dbpedia.org\/resource\/Ginecologia;http:\/\/ro.dbpedia.org\/resource\/Ginecologie;http:\/\/nl.dbpedia.org\/resource\/Gynaecologie;http:\/\/no.dbpedia.org\/resource\/Gynekologi;http:\/\/fi.dbpedia.org\/resource\/Gynekologia;http:\/\/sl.dbpedia.org\/resource\/Ginekologija;http:\/\/sq.dbpedia.org\/resource\/Gjinekologjia;http:\/\/ca.dbpedia.org\/resource\/Ginecologia;http:\/\/sv.dbpedia.org\/resource\/Gynekologi;http:\/\/cs.dbpedia.org\/resource\/Gynekologie;http:\/\/pl.dbpedia.org\/resource\/Ginekologia;http:\/\/tr.dbpedia.org\/resource\/Jinekoloji;http:\/\/de.dbpedia.org\/resource\/Gyn&auml;kologie;http:\/\/lv.dbpedia.org\/resource\/Ginekolo&#291;ija;http:\/\/hu.dbpedia.org\/resource\/N&#337;gy&oacute;gy&aacute;szat;http:\/\/uk.dbpedia.org\/resource\/&#1043;&#1110;&#1085;&#1077;&#1082;&#1086;&#1083;&#1086;&#1075;&#1110;&#1103;;http:\/\/es.dbpedia.org\/resource\/Ginecolog&iacute;a;http:\/\/et.dbpedia.org\/resource\/G&uuml;nekoloogia;http:\/\/ru.dbpedia.org\/resource\/&#1043;&#1080;&#1085;&#1077;&#1082;&#1086;&#1083;&#1086;&#1075;&#1080;&#1103;;http:\/\/be.dbpedia.org\/resource\/&#1043;&#1110;&#1085;&#1077;&#1082;&#1072;&#1083;&#1086;&#1075;&#1110;&#1103;;http:\/\/bg.dbpedia.org\/resource\/&#1043;&#1080;&#1085;&#1077;&#1082;&#1086;&#1083;&#1086;&#1075;&#1080;&#1103;;http:\/\/fr.dbpedia.org\/resource\/Gyn&eacute;cologie;http:\/\/sk.dbpedia.org\/resource\/Gynekol&oacute;gia;http:\/\/sr.dbpedia.org\/resource\/&#1043;&#1080;&#1085;&#1077;&#1082;&#1086;&#1083;&#1086;&#1075;&#1080;&#1112;&#1072;;http:\/\/da.dbpedia.org\/resource\/Gyn&aelig;kologi;https:\/\/data.wordlift.io\/wl106637\/entity\/ginecologica\">Ginecologia<\/a>, Medicina Preventiva e Social e <a class=\"wl-entity-page-link\" title=\"Pediatra\" href=\"https:\/\/med.estrategia.com\/portal\/entidade\/pediatria\/\" data-id=\"\/entity\/pediatria;http:\/\/dbpedia.org\/resource\/Pediatrics;http:\/\/pt.dbpedia.org\/resource\/Pediatria;http:\/\/lt.dbpedia.org\/resource\/Pediatrija;http:\/\/hr.dbpedia.org\/resource\/Pedijatrija;http:\/\/lv.dbpedia.org\/resource\/Pediatrija;http:\/\/id.dbpedia.org\/resource\/Pediatri;http:\/\/en.dbpedia.org\/resource\/Pediatrics;http:\/\/it.dbpedia.org\/resource\/Pediatria;http:\/\/et.dbpedia.org\/resource\/Pediaatria;http:\/\/ro.dbpedia.org\/resource\/Pediatrie;http:\/\/nl.dbpedia.org\/resource\/Pediatrie;http:\/\/no.dbpedia.org\/resource\/Pediatri;http:\/\/fi.dbpedia.org\/resource\/Lastentaudit;http:\/\/sk.dbpedia.org\/resource\/Pediatria;http:\/\/sl.dbpedia.org\/resource\/Pediatrija;http:\/\/sq.dbpedia.org\/resource\/Pediatria;http:\/\/ca.dbpedia.org\/resource\/Pediatria;http:\/\/sv.dbpedia.org\/resource\/Pediatrik;http:\/\/cs.dbpedia.org\/resource\/Pediatrie;http:\/\/pl.dbpedia.org\/resource\/Pediatria;http:\/\/tr.dbpedia.org\/resource\/Pediyatri;http:\/\/de.dbpedia.org\/resource\/P&auml;diatrie;http:\/\/uk.dbpedia.org\/resource\/&#1055;&#1077;&#1076;&#1110;&#1072;&#1090;&#1088;&#1110;&#1103;;http:\/\/es.dbpedia.org\/resource\/Pediatr&iacute;a;http:\/\/ru.dbpedia.org\/resource\/&#1055;&#1077;&#1076;&#1080;&#1072;&#1090;&#1088;&#1080;&#1103;;http:\/\/be.dbpedia.org\/resource\/&#1055;&#1077;&#1076;&#1099;&#1103;&#1090;&#1088;&#1099;&#1103;;http:\/\/bg.dbpedia.org\/resource\/&#1055;&#1077;&#1076;&#1080;&#1072;&#1090;&#1088;&#1080;&#1103;;http:\/\/fr.dbpedia.org\/resource\/P&eacute;diatrie;http:\/\/sr.dbpedia.org\/resource\/&#1055;&#1077;&#1076;&#1080;&#1112;&#1072;&#1090;&#1088;&#1080;&#1112;&#1072;;http:\/\/da.dbpedia.org\/resource\/P&aelig;diatri;https:\/\/data.wordlift.io\/wl106637\/entity\/pediatria\">Pediatria<\/a>.&nbsp;J&aacute; para as especialidades com&nbsp;<strong>Pr&eacute;-Requisitos<\/strong>, as quest&otilde;es s&atilde;o referentes aos conte&uacute;dos do pr&eacute;-requisito definido para ingresso no programa de Resid&ecirc;ncia M&eacute;dica.<\/p><p>Em seguida, o<strong>s habilitados na primeira etapa s&atilde;o convocados para a an&aacute;lise curricular<\/strong>. O envio dos documentos que comprovem as atividades consideradas para a pontua&ccedil;&atilde;o ocorre em per&iacute;odo estipulado em edital.<\/p><h2 class=\"wp-block-heading\" id=\"h-como-se-inscrever-na-selecao-da-famerp\"><span class=\"ez-toc-section\" id=\"Como-se-inscrever-na-selecao-da-FAMERP\"><\/span>Como se inscrever na sele&ccedil;&atilde;o da FAMERP?<span class=\"ez-toc-section-end\"><\/span><\/h2><p>O per&iacute;odo de inscri&ccedil;&otilde;es para o processo seletivo de resid&ecirc;ncia m&eacute;dica da FAMERP &eacute; definido por edital e o ato da inscri&ccedil;&atilde;o deve ser feito exclusivamente pela internet, mediante preenchimento do formul&aacute;rio de inscri&ccedil;&atilde;o e pagamento da taxa no valor de <strong>R$800,00<\/strong>. Para ingresso em 2026, o processo de inscri&ccedil;&atilde;o acontece <strong>entre os dias 15 e 28 de outubro de 2025<\/strong>.<\/p><p>A institui&ccedil;&atilde;o tamb&eacute;m oferece a&nbsp;<strong>isen&ccedil;&atilde;o ou redu&ccedil;&atilde;o da taxa de inscri&ccedil;&atilde;o<\/strong>. Para isen&ccedil;&atilde;o completa, os candidatos precisam apresentar uma das seguintes condi&ccedil;&otilde;es:<\/p><ul class=\"wp-block-list\">\n<li>a taxa de inscri&ccedil;&atilde;o for superior a 30% (trinta por cento) do vencimento\/sal&aacute;rio mensal do candidato, quando n&atilde;o tiver dependente;<\/li>\n\n\n\n<li>a taxa for superior a 20% (vinte por cento) do vencimento\/sal&aacute;rio mensal do candidato e ele possuir at&eacute; dois dependentes;<\/li>\n\n\n\n<li>a taxa for superior a 10% (dez por cento) do vencimento\/sal&aacute;rio mensal do candidato e ele tiver mais de dois dependentes;<\/li>\n\n\n\n<li>o candidato declarar-se impossibilitado de arcar com o pagamento da taxa de inscri&ccedil;&atilde;o e comprovar renda familiar mensal igual ou inferior a tr&ecirc;s sal&aacute;rios m&iacute;nimos ou renda individual igual ou inferior a dois sal&aacute;rios m&iacute;nimos;<\/li>\n\n\n\n<li>inscri&ccedil;&atilde;o no Cadastro &Uacute;nico para Programas Sociais do Governo Federal (Cad&Uacute;nico) de que trata o Decreto n&ordm; 6.135, de 26 de junho de 2007, devendo indicar o N&uacute;mero de Identifica&ccedil;&atilde;o Social &ndash; NIS, atribu&iacute;do pelo Cad&Uacute;nico;<\/li>\n\n\n\n<li>comprovar ser membro de fam&iacute;lia de baixa renda, nos termos do Decreto Federal n&ordm; 6.135\/2007.<\/li>\n<\/ul><p>J&aacute; para a redu&ccedil;&atilde;o parcial da taxa, o candidato deve comprovar ser estudante regularmente matriculado em cursos de gradua&ccedil;&atilde;o ou p&oacute;s-gradua&ccedil;&atilde;o, al&eacute;m de receber remunera&ccedil;&atilde;o mensal inferior a 2 sal&aacute;rios m&iacute;nimos ou estar desempregado<\/p><div class=\"wp-block-buttons is-content-justification-center is-layout-flex wp-container-core-buttons-is-layout-2 wp-block-buttons-is-layout-flex\"><\/div><h2 class=\"wp-block-heading\" id=\"h-saiba-como-sera-a-edicao-2026-da-famerp\"><span class=\"ez-toc-section\" id=\"Saiba-como-sera-a-edicao-2026-da-FAMERP\"><\/span>Saiba como ser&aacute; a edi&ccedil;&atilde;o 2026 da FAMERP<span class=\"ez-toc-section-end\"><\/span><\/h2><p>O edital do processo seletivo para ingresso nos programas de resid&ecirc;ncia m&eacute;dica da FAMERP foi divulgado no dia&nbsp;30 de setembro de 2025 no Di&aacute;rio Oficial do Estado.<strong> <\/strong>Confira abaixo os documentos:<\/p><div class=\"wp-block-buttons is-horizontal is-content-justification-center is-layout-flex wp-container-core-buttons-is-layout-3 wp-block-buttons-is-layout-flex\">\n<div class=\"wp-block-button\"><a class=\"wp-block-button__link has-white-color has-light-green-cyan-to-vivid-green-cyan-gradient-background has-text-color has-background wp-element-button\" href=\"https:\/\/cdn.medblog.estrategiaeducacional.com.br\/wp-content\/uploads\/2025\/09\/Edital-040_2025_-Residencia-Medica-2026_FAMERP_Acesso-Direto_publicacao-site-FAMERP.pdf\" style=\"border-radius:50px\" target=\"_blank\"><strong>Edital FAMERP 202<\/strong>6 &ndash; ACESSO DIRETO<\/a><\/div>\n\n\n\n<div class=\"wp-block-button\"><a class=\"wp-block-button__link has-white-color has-light-green-cyan-to-vivid-green-cyan-gradient-background has-text-color has-background wp-element-button\" href=\"https:\/\/cdn.medblog.estrategiaeducacional.com.br\/wp-content\/uploads\/2025\/09\/Edital-041_2025_-Residencia-Medica-2026_FAMERP_Especialidades_publicacao-site-da-FAMERP.pdf\" style=\"border-radius:50px\" target=\"_blank\"><strong>Edital FAMERP 202<\/strong>6 &ndash; PR&Eacute;-REQUISITO<\/a><\/div>\n\n\n\n<div class=\"wp-block-button\"><a class=\"wp-block-button__link wp-element-button\" href=\"https:\/\/med.estrategia.com\/portal\/wp-content\/uploads\/2025\/10\/b2b651b5-9f32-47eb-ba52-6ffc3311a2f3.pdf\" target=\"_blank\">Retifica&ccedil;&atilde;o 08\/10<\/a><\/div>\n\n\n\n<div class=\"wp-block-button\"><a class=\"wp-block-button__link wp-element-button\" href=\"https:\/\/med.estrategia.com\/portal\/wp-content\/uploads\/2025\/10\/Retificacao_Edital-040_2025_-Residencia-Medica-2024_FAMERP_Acesso-Direto.pdf\" target=\"_blank\" rel=\"noopener noreferrer\">Retifica&ccedil;&atilde;o 14\/10<\/a><\/div>\n<\/div><h3 class=\"wp-block-heading\" id=\"h-vagas-famerp-2026\"><span class=\"ez-toc-section\" id=\"Vagas-FAMERP-2026\"><\/span>Vagas FAMERP 2026<span class=\"ez-toc-section-end\"><\/span><\/h3><p>O processo seletivo de 2026 da<strong> FAMERP<\/strong>&nbsp;conta com&nbsp;<strong>296 vagas<\/strong>&nbsp;em diversas especialidades da medicina. Elas foram distribu&iacute;das entre especialidades de&nbsp;<strong>Acesso Direto e com Pr&eacute;-Requisito<\/strong>. Confira:<\/p><h4 class=\"wp-block-heading\" id=\"h-acesso-direto\">Acesso Direto<\/h4><figure class=\"wp-block-table\"><table><thead><tr><th>PROGRAMA<\/th><th class=\"has-text-align-center\" data-align=\"center\">VAGAS<\/th><\/tr><\/thead><tbody><tr><td>Cirurgia Geral<\/td><td class=\"has-text-align-center\" data-align=\"center\">15<\/td><\/tr><tr><td>Cl&iacute;nica M&eacute;dica<\/td><td class=\"has-text-align-center\" data-align=\"center\">36<\/td><\/tr><tr><td>Ginecologia e Obstetr&iacute;cia<\/td><td class=\"has-text-align-center\" data-align=\"center\">14<\/td><\/tr><tr><td>Pediatria<\/td><td class=\"has-text-align-center\" data-align=\"center\">14<\/td><\/tr><tr><td>Acupuntura<\/td><td class=\"has-text-align-center\" data-align=\"center\">2<\/td><\/tr><tr><td>Anestesiologia<\/td><td class=\"has-text-align-center\" data-align=\"center\">15<\/td><\/tr><tr><td>Cirurgia Cardiovascular<\/td><td class=\"has-text-align-center\" data-align=\"center\">2<\/td><\/tr><tr><td>Dermatologia<\/td><td class=\"has-text-align-center\" data-align=\"center\">4<\/td><\/tr><tr><td>Infectologia<\/td><td class=\"has-text-align-center\" data-align=\"center\">3<\/td><\/tr><tr><td>Medicina de Emerg&ecirc;ncia<\/td><td class=\"has-text-align-center\" data-align=\"center\">3<\/td><\/tr><tr><td>Medicina de Fam&iacute;lia e Comunidade<\/td><td class=\"has-text-align-center\" data-align=\"center\">4<\/td><\/tr><tr><td>Medicina F&iacute;sica e Reabilita&ccedil;&atilde;o<\/td><td class=\"has-text-align-center\" data-align=\"center\">2<\/td><\/tr><tr><td>Medicina Intensiva<\/td><td class=\"has-text-align-center\" data-align=\"center\">5<\/td><\/tr><tr><td>Medicina Nuclear<\/td><td class=\"has-text-align-center\" data-align=\"center\">1<\/td><\/tr><tr><td>Neurocirurgia<\/td><td class=\"has-text-align-center\" data-align=\"center\">3<\/td><\/tr><tr><td>Neurologia<\/td><td class=\"has-text-align-center\" data-align=\"center\">6<\/td><\/tr><tr><td>Oftalmologia<\/td><td class=\"has-text-align-center\" data-align=\"center\">6<\/td><\/tr><tr><td>Ortopedia e Traumatologia<\/td><td class=\"has-text-align-center\" data-align=\"center\">8<\/td><\/tr><tr><td>Otorrinolaringologia<\/td><td class=\"has-text-align-center\" data-align=\"center\">4<\/td><\/tr><tr><td>Patologia<\/td><td class=\"has-text-align-center\" data-align=\"center\">3<\/td><\/tr><tr><td>Patologia Cl&iacute;nica\/Medicina Laboratorial<\/td><td class=\"has-text-align-center\" data-align=\"center\">1<\/td><\/tr><tr><td>Psiquiatria<\/td><td class=\"has-text-align-center\" data-align=\"center\">6<\/td><\/tr><tr><td>Radiologia e Diagn&oacute;stico por Imagem<\/td><td class=\"has-text-align-center\" data-align=\"center\">8<\/td><\/tr><tr><td>Radioterapia<\/td><td class=\"has-text-align-center\" data-align=\"center\">1<\/td><\/tr><\/tbody><\/table><\/figure><h4 class=\"wp-block-heading\" id=\"h-pre-requisito\">Pr&eacute;-Requisito<\/h4><figure class=\"wp-block-table\"><table><thead><tr><th>PROGRAMA<\/th><th class=\"has-text-align-center\" data-align=\"center\">VAGAS<\/th><\/tr><\/thead><tbody><tr><td>Alergia e Imunologia<\/td><td class=\"has-text-align-center\" data-align=\"center\">1<\/td><\/tr><tr><td>Angiorradiologia e Cirurgia Endovascular<\/td><td class=\"has-text-align-center\" data-align=\"center\">2<\/td><\/tr><tr><td>Cardiologia<\/td><td class=\"has-text-align-center\" data-align=\"center\">14<\/td><\/tr><tr><td>Cardiologia Pedi&aacute;trica<\/td><td class=\"has-text-align-center\" data-align=\"center\">5<\/td><\/tr><tr><td>Cirurgia Bari&aacute;trica<\/td><td class=\"has-text-align-center\" data-align=\"center\">2<\/td><\/tr><tr><td>Cirurgia Cr&acirc;nio-maxilo-facial<\/td><td class=\"has-text-align-center\" data-align=\"center\">1<\/td><\/tr><tr><td>Cirurgia do Aparelho Digestivo<\/td><td class=\"has-text-align-center\" data-align=\"center\">3<\/td><\/tr><tr><td>Cirurgia do Trauma<\/td><td class=\"has-text-align-center\" data-align=\"center\">3<\/td><\/tr><tr><td>Cirurgia Oncol&oacute;gica<\/td><td class=\"has-text-align-center\" data-align=\"center\">2<\/td><\/tr><tr><td>Cirurgia Pedi&aacute;trica<\/td><td class=\"has-text-align-center\" data-align=\"center\">2<\/td><\/tr><tr><td>Cirurgia Pl&aacute;stica<\/td><td class=\"has-text-align-center\" data-align=\"center\">3<\/td><\/tr><tr><td>Cirurgia Tor&aacute;cica<\/td><td class=\"has-text-align-center\" data-align=\"center\">2<\/td><\/tr><tr><td>Cirurgia Vascular<\/td><td class=\"has-text-align-center\" data-align=\"center\">5<\/td><\/tr><tr><td>Coloproctologia<\/td><td class=\"has-text-align-center\" data-align=\"center\">3<\/td><\/tr><tr><td>Ecografia Vascular com Doppler<\/td><td class=\"has-text-align-center\" data-align=\"center\">2<\/td><\/tr><tr><td>Emerg&ecirc;ncia Pedi&aacute;trica<\/td><td class=\"has-text-align-center\" data-align=\"center\">2<\/td><\/tr><tr><td>Endocrinologia e Metabologia<\/td><td class=\"has-text-align-center\" data-align=\"center\">3<\/td><\/tr><tr><td>Endocrinologia Pedi&aacute;trica<\/td><td class=\"has-text-align-center\" data-align=\"center\">2<\/td><\/tr><tr><td>Endoscopia<\/td><td class=\"has-text-align-center\" data-align=\"center\">3<\/td><\/tr><tr><td>Gastroenterologia<\/td><td class=\"has-text-align-center\" data-align=\"center\">4<\/td><\/tr><tr><td>Geriatria<\/td><td class=\"has-text-align-center\" data-align=\"center\">6<\/td><\/tr><tr><td>Hematologia e Hemoterapia<\/td><td class=\"has-text-align-center\" data-align=\"center\">7<\/td><\/tr><tr><td>Hemodin&acirc;mica e Cardiologia Intervencionista<\/td><td class=\"has-text-align-center\" data-align=\"center\">1<\/td><\/tr><tr><td>Hepatologia<\/td><td class=\"has-text-align-center\" data-align=\"center\">1<\/td><\/tr><tr><td>Mastologia<\/td><td class=\"has-text-align-center\" data-align=\"center\">2<\/td><\/tr><tr><td>Medicina Fetal<\/td><td class=\"has-text-align-center\" data-align=\"center\">1<\/td><\/tr><tr><td>Medicina Intensiva Pedi&aacute;trica<\/td><td class=\"has-text-align-center\" data-align=\"center\">2<\/td><\/tr><tr><td>Nefrologia<\/td><td class=\"has-text-align-center\" data-align=\"center\">12<\/td><\/tr><tr><td>Neonatologia<\/td><td class=\"has-text-align-center\" data-align=\"center\">6<\/td><\/tr><tr><td>Neurologia Pedi&aacute;trica<\/td><td class=\"has-text-align-center\" data-align=\"center\">2<\/td><\/tr><tr><td>Oncologia Cl&iacute;nica<\/td><td class=\"has-text-align-center\" data-align=\"center\">6<\/td><\/tr><tr><td>Pneumologia<\/td><td class=\"has-text-align-center\" data-align=\"center\">3<\/td><\/tr><tr><td>Pneumologia Pedi&aacute;trica<\/td><td class=\"has-text-align-center\" data-align=\"center\">2<\/td><\/tr><tr><td>Psiquiatria da Inf&acirc;ncia e Adolesc&ecirc;ncia<\/td><td class=\"has-text-align-center\" data-align=\"center\">1<\/td><\/tr><tr><td>Reumatologia<\/td><td class=\"has-text-align-center\" data-align=\"center\">4<\/td><\/tr><tr><td>Transplante do F&iacute;gado<\/td><td class=\"has-text-align-center\" data-align=\"center\">2<\/td><\/tr><tr><td>Transplante de Medula &Oacute;ssea<\/td><td class=\"has-text-align-center\" data-align=\"center\">2<\/td><\/tr><tr><td>Transplante do Rim<\/td><td class=\"has-text-align-center\" data-align=\"center\">2<\/td><\/tr><tr><td>Ultrassonografia em Ginecologia e Obstetr&iacute;cia<\/td><td class=\"has-text-align-center\" data-align=\"center\">2<\/td><\/tr><tr><td>Urologia<\/td><td class=\"has-text-align-center\" data-align=\"center\">4<\/td><\/tr><\/tbody><\/table><\/figure><h3 class=\"wp-block-heading\" id=\"h-cronograma-famerp-2026\"><span class=\"ez-toc-section\" id=\"Cronograma-FAMERP-2026\"><\/span>Cronograma FAMERP 2026<span class=\"ez-toc-section-end\"><\/span><\/h3><ul class=\"wp-block-list\">\n<li><strong>Per&iacute;odo de inscri&ccedil;&atilde;o<\/strong>: 15 a 28\/10\/2025;<\/li>\n\n\n\n<li><strong>Valor da taxa de inscri&ccedil;&atilde;o<\/strong>: R$800,00;<\/li>\n\n\n\n<li><strong>Per&iacute;odo de Isen&ccedil;&atilde;o<\/strong>: 06 e 07\/10\/2025;<\/li>\n\n\n\n<li><strong>Divulga&ccedil;&atilde;o Rela&ccedil;&atilde;o Candidato\/Vaga: <\/strong>14\/11\/2025;<\/li>\n\n\n\n<li><strong>Prova objetiva<\/strong>: 25\/11\/2025;<\/li>\n\n\n\n<li><strong>Gabarito da prova objetiva:<\/strong> 25\/11\/2025;<\/li>\n\n\n\n<li><strong>Recurso contra Gabarito: <\/strong>26 e 27\/11\/2025;<\/li>\n\n\n\n<li><strong>Gabarito definitivo e Resultado Preliminar da prova:<\/strong> 05\/12\/2025;<\/li>\n\n\n\n<li><strong>Recursos contra resultado: <\/strong>09\/12\/2025;<\/li>\n\n\n\n<li><strong>Convoca&ccedil;&atilde;o An&aacute;lise Curricular:<\/strong> 11\/12\/2025;<\/li>\n\n\n\n<li><strong>Envio do Curriculo: <\/strong>11 a 15\/12\/2025;<\/li>\n\n\n\n<li><strong>Resultado An&aacute;lise Curricular:<\/strong> 20\/01\/2026;<\/li>\n\n\n\n<li><strong>Resultado Final: <\/strong>30\/01\/2026;<\/li>\n\n\n\n<li><strong>Pr&eacute;-Matr&iacute;culas Online: <\/strong>30\/01 a 05\/02\/2026; e<\/li>\n\n\n\n<li><strong>Matr&iacute;culas 1&ordf; Chamada:<\/strong> 10 a 13\/02\/2026.<\/li>\n<\/ul><h3 class=\"wp-block-heading\" id=\"h-prova-objetiva\"><span class=\"ez-toc-section\" id=\"Prova-Objetiva\"><\/span>Prova Objetiva<span class=\"ez-toc-section-end\"><\/span><\/h3><p>A <strong>prova objetiva<\/strong> ser&aacute; aplicada no dia 25 de novembro de 2025, na cidade de <strong>S&atilde;o Jos&eacute; do Rio Preto\/SP<\/strong>, com dura&ccedil;&atilde;o de quatro horas. Tanto para as especialidades de Acesso Direto, quanto para as com Pr&eacute;-Requisito, a avalia&ccedil;&atilde;o &eacute; composta de<strong> 80 quest&otilde;es<\/strong> de <strong>m&uacute;ltipla escolha<\/strong>.<\/p><p>O gabarito preliminar das provas ser&aacute; divulgado no mesmo dia de aplica&ccedil;&atilde;o.<\/p><div class=\"wp-block-buttons is-content-justification-center is-layout-flex wp-container-core-buttons-is-layout-4 wp-block-buttons-is-layout-flex\">\n<div class=\"wp-block-button\"><a class=\"wp-block-button__link wp-element-button\" href=\"https:\/\/cdn.medblog.estrategiaeducacional.com.br\/wp-content\/uploads\/2025\/11\/Comunicado_-Datas-e-Horarios-das-Provas-ACESSO-DIRETO_2026.pdf\" target=\"_blank\" rel=\"noopener noreferrer\">hor&aacute;rio da prova &ndash; acesso direto<\/a><\/div>\n\n\n\n<div class=\"wp-block-button\"><a class=\"wp-block-button__link wp-element-button\" href=\"https:\/\/cdn.medblog.estrategiaeducacional.com.br\/wp-content\/uploads\/2025\/11\/Comunicado_-Datas-e-Horarios-das-Provas-_ESPECIALIDADES_2026.pdf\" target=\"_blank\" rel=\"noopener noreferrer\">hor&aacute;rio da prova &ndash; pr&eacute;-requisito<\/a><\/div>\n\n\n\n<div class=\"wp-block-button\"><a class=\"wp-block-button__link wp-element-button\" href=\"https:\/\/cdn.medblog.estrategiaeducacional.com.br\/wp-content\/uploads\/2025\/11\/Gabarito-da-Prova-Objetiva-1-acesso_direto.pdf\" target=\"_blank\">gabarito preliminar &ndash; acesso direto<\/a><\/div>\n\n\n\n<div class=\"wp-block-button\"><a class=\"wp-block-button__link wp-element-button\" href=\"https:\/\/www.famerp.br\/index.php\/diretoria-de-pos-graduacao\/coreme\/processo-seletivo-coreme-2026-acesso-direto-e-especialidades\/\" target=\"_blank\">gabaritos preliminares &ndash; Pr&eacute;-Requisito<\/a><\/div>\n<\/div><h2 class=\"wp-block-heading\" id=\"h-resultado-final\"><span class=\"ez-toc-section\" id=\"Resultado-final\"><\/span>Resultado final<span class=\"ez-toc-section-end\"><\/span><\/h2><p>A <strong>Faculdade de Medicina de S&atilde;o Jos&eacute; do Rio Preto (FAMERP)<\/strong> divulgou no dia 30 de janeiro de 2026, o <strong>resultado final<\/strong> de seu processo seletivo para ingresso nos programas de resid&ecirc;ncia m&eacute;dica em mar&ccedil;o de 2026. Confira abaixo a classifica&ccedil;&atilde;o final e as orienta&ccedil;&otilde;es para matr&iacute;cula:<\/p><div class=\"wp-block-buttons is-content-justification-center is-layout-flex wp-container-core-buttons-is-layout-5 wp-block-buttons-is-layout-flex\">\n<div class=\"wp-block-button\"><a class=\"wp-block-button__link wp-element-button\" href=\"https:\/\/med.estrategia.com\/portal\/wp-content\/uploads\/2026\/01\/ClassificacaoFinalConcurso-Todas-As-Notas-Escola-Oficial-COREME1.pdf\" target=\"_blank\">resultado final famerp 2026<\/a><\/div>\n\n\n\n<div class=\"wp-block-button\"><a class=\"wp-block-button__link wp-element-button\" href=\"https:\/\/med.estrategia.com\/portal\/wp-content\/uploads\/2026\/01\/PRE-MATRICULA-e-MATRICULA-2025-Orientacoes_atualizadoCOVID.pdf\" target=\"_blank\">Orienta&ccedil;&otilde;es para matr&iacute;cula<\/a><\/div>\n<\/div><h2 class=\"wp-block-heading\" id=\"h-concorrencia-famerp-2026\"><span class=\"ez-toc-section\" id=\"Concorrencia-FAMERP-2026\"><\/span>Concorr&ecirc;ncia FAMERP 2026<span class=\"ez-toc-section-end\"><\/span><\/h2><p>Para a edi&ccedil;&atilde;o de 2026, a FAMERP contou com a inscri&ccedil;&atilde;o de 4.680 candidatos! Confira a concorr&ecirc;ncia por especialidades abaixo:<\/p><figure class=\"wp-block-table\"><table><thead><tr><th>PROGRAMA<\/th><th class=\"has-text-align-center\" data-align=\"center\">N&ordm; DE INSCRI&Ccedil;&Otilde;ES POR ESPECIALIDADE<\/th><th class=\"has-text-align-center\" data-align=\"center\">N&ordm; DE VAGAS<\/th><th class=\"has-text-align-center\" data-align=\"center\">RELA&Ccedil;&Atilde;O CANDIDATO\/ VAGA<\/th><\/tr><\/thead><tbody><tr><td>Acupuntura<\/td><td class=\"has-text-align-center\" data-align=\"center\">5<\/td><td class=\"has-text-align-center\" data-align=\"center\">2<\/td><td class=\"has-text-align-center\" data-align=\"center\">2,50<\/td><\/tr><tr><td>Alergia e Imunologia Cl&iacute;nica<\/td><td class=\"has-text-align-center\" data-align=\"center\">2<\/td><td class=\"has-text-align-center\" data-align=\"center\">1<\/td><td class=\"has-text-align-center\" data-align=\"center\">2,00<\/td><\/tr><tr><td>Anestesiologia<\/td><td class=\"has-text-align-center\" data-align=\"center\">338<\/td><td class=\"has-text-align-center\" data-align=\"center\">15<\/td><td class=\"has-text-align-center\" data-align=\"center\">22,53<\/td><\/tr><tr><td>Angiorradiologia e Cirurgia Endovascular<\/td><td class=\"has-text-align-center\" data-align=\"center\">4<\/td><td class=\"has-text-align-center\" data-align=\"center\">2<\/td><td class=\"has-text-align-center\" data-align=\"center\">2,00<\/td><\/tr><tr><td>Cardiologia<\/td><td class=\"has-text-align-center\" data-align=\"center\">95<\/td><td class=\"has-text-align-center\" data-align=\"center\">14<\/td><td class=\"has-text-align-center\" data-align=\"center\">6,79<\/td><\/tr><tr><td>Cardiologia Pedi&aacute;trica<\/td><td class=\"has-text-align-center\" data-align=\"center\">12<\/td><td class=\"has-text-align-center\" data-align=\"center\">5<\/td><td class=\"has-text-align-center\" data-align=\"center\">2,40<\/td><\/tr><tr><td>Cirurgia Bari&aacute;trica<\/td><td class=\"has-text-align-center\" data-align=\"center\">1<\/td><td class=\"has-text-align-center\" data-align=\"center\">2<\/td><td class=\"has-text-align-center\" data-align=\"center\">0,50<\/td><\/tr><tr><td>Cirurgia Cardiovascular<\/td><td class=\"has-text-align-center\" data-align=\"center\">22<\/td><td class=\"has-text-align-center\" data-align=\"center\">2<\/td><td class=\"has-text-align-center\" data-align=\"center\">11,00<\/td><\/tr><tr><td>Cirurgia Cr&acirc;nio-maxilo-facial<\/td><td class=\"has-text-align-center\" data-align=\"center\">6<\/td><td class=\"has-text-align-center\" data-align=\"center\">1<\/td><td class=\"has-text-align-center\" data-align=\"center\">6,00<\/td><\/tr><tr><td>Cirurgia do Aparelho Digestivo<\/td><td class=\"has-text-align-center\" data-align=\"center\">11<\/td><td class=\"has-text-align-center\" data-align=\"center\">3<\/td><td class=\"has-text-align-center\" data-align=\"center\">3,67<\/td><\/tr><tr><td>Cirurgia do Trauma<\/td><td class=\"has-text-align-center\" data-align=\"center\">1<\/td><td class=\"has-text-align-center\" data-align=\"center\">3<\/td><td class=\"has-text-align-center\" data-align=\"center\">0,33<\/td><\/tr><tr><td>Cirurgia Geral<\/td><td class=\"has-text-align-center\" data-align=\"center\">547<\/td><td class=\"has-text-align-center\" data-align=\"center\">15<\/td><td class=\"has-text-align-center\" data-align=\"center\">36,47<\/td><\/tr><tr><td>Cirurgia Oncol&oacute;gica<\/td><td class=\"has-text-align-center\" data-align=\"center\">6<\/td><td class=\"has-text-align-center\" data-align=\"center\">2<\/td><td class=\"has-text-align-center\" data-align=\"center\">3,00<\/td><\/tr><tr><td>Cirurgia Pedi&aacute;trica<\/td><td class=\"has-text-align-center\" data-align=\"center\">7<\/td><td class=\"has-text-align-center\" data-align=\"center\">2<\/td><td class=\"has-text-align-center\" data-align=\"center\">3,50<\/td><\/tr><tr><td>Cirurgia Pl&aacute;stica<\/td><td class=\"has-text-align-center\" data-align=\"center\">82<\/td><td class=\"has-text-align-center\" data-align=\"center\">3<\/td><td class=\"has-text-align-center\" data-align=\"center\">27,33<\/td><\/tr><tr><td>Cirurgia Tor&aacute;cica<\/td><td class=\"has-text-align-center\" data-align=\"center\">10<\/td><td class=\"has-text-align-center\" data-align=\"center\">2<\/td><td class=\"has-text-align-center\" data-align=\"center\">5,00<\/td><\/tr><tr><td>Cirurgia Vascular<\/td><td class=\"has-text-align-center\" data-align=\"center\">27<\/td><td class=\"has-text-align-center\" data-align=\"center\">5<\/td><td class=\"has-text-align-center\" data-align=\"center\">5,40<\/td><\/tr><tr><td>Cl&iacute;nica M&eacute;dica<\/td><td class=\"has-text-align-center\" data-align=\"center\">598<\/td><td class=\"has-text-align-center\" data-align=\"center\">36<\/td><td class=\"has-text-align-center\" data-align=\"center\">16,61<\/td><\/tr><tr><td>Coloproctologia<\/td><td class=\"has-text-align-center\" data-align=\"center\">20<\/td><td class=\"has-text-align-center\" data-align=\"center\">3<\/td><td class=\"has-text-align-center\" data-align=\"center\">6,67<\/td><\/tr><tr><td>Dermatologia<\/td><td class=\"has-text-align-center\" data-align=\"center\">244<\/td><td class=\"has-text-align-center\" data-align=\"center\">4<\/td><td class=\"has-text-align-center\" data-align=\"center\">61,00<\/td><\/tr><tr><td>Ecografia Vascular com Doppler<\/td><td class=\"has-text-align-center\" data-align=\"center\">2<\/td><td class=\"has-text-align-center\" data-align=\"center\">2<\/td><td class=\"has-text-align-center\" data-align=\"center\">1,00<\/td><\/tr><tr><td>Emerg&ecirc;ncia Pedi&aacute;trica<\/td><td class=\"has-text-align-center\" data-align=\"center\">4<\/td><td class=\"has-text-align-center\" data-align=\"center\">2<\/td><td class=\"has-text-align-center\" data-align=\"center\">2,00<\/td><\/tr><tr><td>Endocrinologia e Metabologia<\/td><td class=\"has-text-align-center\" data-align=\"center\">49<\/td><td class=\"has-text-align-center\" data-align=\"center\">3<\/td><td class=\"has-text-align-center\" data-align=\"center\">16,33<\/td><\/tr><tr><td>Endocrinologia Pedi&aacute;trica<\/td><td class=\"has-text-align-center\" data-align=\"center\">16<\/td><td class=\"has-text-align-center\" data-align=\"center\">2<\/td><td class=\"has-text-align-center\" data-align=\"center\">8,00<\/td><\/tr><tr><td>Endoscopia<\/td><td class=\"has-text-align-center\" data-align=\"center\">16<\/td><td class=\"has-text-align-center\" data-align=\"center\">3<\/td><td class=\"has-text-align-center\" data-align=\"center\">5,33<\/td><\/tr><tr><td>Gastroenterologia<\/td><td class=\"has-text-align-center\" data-align=\"center\">33<\/td><td class=\"has-text-align-center\" data-align=\"center\">4<\/td><td class=\"has-text-align-center\" data-align=\"center\">8,25<\/td><\/tr><tr><td>Geriatria<\/td><td class=\"has-text-align-center\" data-align=\"center\">26<\/td><td class=\"has-text-align-center\" data-align=\"center\">6<\/td><td class=\"has-text-align-center\" data-align=\"center\">4,33<\/td><\/tr><tr><td>Ginecologia e Obstetr&iacute;cia<\/td><td class=\"has-text-align-center\" data-align=\"center\">339<\/td><td class=\"has-text-align-center\" data-align=\"center\">14<\/td><td class=\"has-text-align-center\" data-align=\"center\">24,21<\/td><\/tr><tr><td>Hematologia e Hemoterapia<\/td><td class=\"has-text-align-center\" data-align=\"center\">25<\/td><td class=\"has-text-align-center\" data-align=\"center\">7<\/td><td class=\"has-text-align-center\" data-align=\"center\">3,57<\/td><\/tr><tr><td>Hemodin&acirc;mica e Cardiologia Intervencionista<\/td><td class=\"has-text-align-center\" data-align=\"center\">1<\/td><td class=\"has-text-align-center\" data-align=\"center\">1<\/td><td class=\"has-text-align-center\" data-align=\"center\">1,00<\/td><\/tr><tr><td>Hepatologia<\/td><td class=\"has-text-align-center\" data-align=\"center\">1<\/td><td class=\"has-text-align-center\" data-align=\"center\">1<\/td><td class=\"has-text-align-center\" data-align=\"center\">1,00<\/td><\/tr><tr><td>Infectologia<\/td><td class=\"has-text-align-center\" data-align=\"center\">23<\/td><td class=\"has-text-align-center\" data-align=\"center\">3<\/td><td class=\"has-text-align-center\" data-align=\"center\">7,67<\/td><\/tr><tr><td>Mastologia<\/td><td class=\"has-text-align-center\" data-align=\"center\">8<\/td><td class=\"has-text-align-center\" data-align=\"center\">2<\/td><td class=\"has-text-align-center\" data-align=\"center\">4,00<\/td><\/tr><tr><td>Medicina de Emerg&ecirc;ncia<\/td><td class=\"has-text-align-center\" data-align=\"center\">21<\/td><td class=\"has-text-align-center\" data-align=\"center\">3<\/td><td class=\"has-text-align-center\" data-align=\"center\">7,00<\/td><\/tr><tr><td>Medicina de Fam&iacute;lia e Comunidade<\/td><td class=\"has-text-align-center\" data-align=\"center\">28<\/td><td class=\"has-text-align-center\" data-align=\"center\">4<\/td><td class=\"has-text-align-center\" data-align=\"center\">7,00<\/td><\/tr><tr><td>Medicina Fetal<\/td><td class=\"has-text-align-center\" data-align=\"center\">3<\/td><td class=\"has-text-align-center\" data-align=\"center\">1<\/td><td class=\"has-text-align-center\" data-align=\"center\">3,00<\/td><\/tr><tr><td>Medicina F&iacute;sica e Reabilita&ccedil;&atilde;o<\/td><td class=\"has-text-align-center\" data-align=\"center\">21<\/td><td class=\"has-text-align-center\" data-align=\"center\">2<\/td><td class=\"has-text-align-center\" data-align=\"center\">10,50<\/td><\/tr><tr><td>Medicina Intensiva<\/td><td class=\"has-text-align-center\" data-align=\"center\">46<\/td><td class=\"has-text-align-center\" data-align=\"center\">5<\/td><td class=\"has-text-align-center\" data-align=\"center\">9,20<\/td><\/tr><tr><td>Medicina Intensiva Pedi&aacute;trica<\/td><td class=\"has-text-align-center\" data-align=\"center\">8<\/td><td class=\"has-text-align-center\" data-align=\"center\">2<\/td><td class=\"has-text-align-center\" data-align=\"center\">4,00<\/td><\/tr><tr><td>Medicina Nuclear<\/td><td class=\"has-text-align-center\" data-align=\"center\">6<\/td><td class=\"has-text-align-center\" data-align=\"center\">1<\/td><td class=\"has-text-align-center\" data-align=\"center\">6,00<\/td><\/tr><tr><td>Nefrologia<\/td><td class=\"has-text-align-center\" data-align=\"center\">30<\/td><td class=\"has-text-align-center\" data-align=\"center\">12<\/td><td class=\"has-text-align-center\" data-align=\"center\">2,50<\/td><\/tr><tr><td>Neonatologia<\/td><td class=\"has-text-align-center\" data-align=\"center\">6<\/td><td class=\"has-text-align-center\" data-align=\"center\">6<\/td><td class=\"has-text-align-center\" data-align=\"center\">1,00<\/td><\/tr><tr><td>Neurocirurgia<\/td><td class=\"has-text-align-center\" data-align=\"center\">120<\/td><td class=\"has-text-align-center\" data-align=\"center\">3<\/td><td class=\"has-text-align-center\" data-align=\"center\">40,00<\/td><\/tr><tr><td>Neurologia<\/td><td class=\"has-text-align-center\" data-align=\"center\">171<\/td><td class=\"has-text-align-center\" data-align=\"center\">6<\/td><td class=\"has-text-align-center\" data-align=\"center\">28,50<\/td><\/tr><tr><td>Neurologia Pedi&aacute;trica<\/td><td class=\"has-text-align-center\" data-align=\"center\">18<\/td><td class=\"has-text-align-center\" data-align=\"center\">2<\/td><td class=\"has-text-align-center\" data-align=\"center\">9,00<\/td><\/tr><tr><td>Oftalmologia<\/td><td class=\"has-text-align-center\" data-align=\"center\">289<\/td><td class=\"has-text-align-center\" data-align=\"center\">6<\/td><td class=\"has-text-align-center\" data-align=\"center\">48,17<\/td><\/tr><tr><td>Oncologia Cl&iacute;nica<\/td><td class=\"has-text-align-center\" data-align=\"center\">25<\/td><td class=\"has-text-align-center\" data-align=\"center\">6<\/td><td class=\"has-text-align-center\" data-align=\"center\">4,17<\/td><\/tr><tr><td>Ortopedia\/Traumatologia<\/td><td class=\"has-text-align-center\" data-align=\"center\">204<\/td><td class=\"has-text-align-center\" data-align=\"center\">8<\/td><td class=\"has-text-align-center\" data-align=\"center\">25,50<\/td><\/tr><tr><td>Otorrinolaringologia<\/td><td class=\"has-text-align-center\" data-align=\"center\">223<\/td><td class=\"has-text-align-center\" data-align=\"center\">4<\/td><td class=\"has-text-align-center\" data-align=\"center\">55,75<\/td><\/tr><tr><td>Patologia<\/td><td class=\"has-text-align-center\" data-align=\"center\">43<\/td><td class=\"has-text-align-center\" data-align=\"center\">3<\/td><td class=\"has-text-align-center\" data-align=\"center\">14,33<\/td><\/tr><tr><td>Patologia Cl&iacute;nica\/Medicina Laboratorial<\/td><td class=\"has-text-align-center\" data-align=\"center\">3<\/td><td class=\"has-text-align-center\" data-align=\"center\">1<\/td><td class=\"has-text-align-center\" data-align=\"center\">3,00<\/td><\/tr><tr><td>Pediatria<\/td><td class=\"has-text-align-center\" data-align=\"center\">292<\/td><td class=\"has-text-align-center\" data-align=\"center\">14<\/td><td class=\"has-text-align-center\" data-align=\"center\">20,86<\/td><\/tr><tr><td>Pneumologia<\/td><td class=\"has-text-align-center\" data-align=\"center\">23<\/td><td class=\"has-text-align-center\" data-align=\"center\">3<\/td><td class=\"has-text-align-center\" data-align=\"center\">7,67<\/td><\/tr><tr><td>Pneumologia Pedi&aacute;trica<\/td><td class=\"has-text-align-center\" data-align=\"center\">8<\/td><td class=\"has-text-align-center\" data-align=\"center\">2<\/td><td class=\"has-text-align-center\" data-align=\"center\">4,00<\/td><\/tr><tr><td>Psiquiatria<\/td><td class=\"has-text-align-center\" data-align=\"center\">274<\/td><td class=\"has-text-align-center\" data-align=\"center\">6<\/td><td class=\"has-text-align-center\" data-align=\"center\">45,67<\/td><\/tr><tr><td>Psiquiatria da Inf&acirc;ncia e Adolesc&ecirc;ncia<\/td><td class=\"has-text-align-center\" data-align=\"center\">4<\/td><td class=\"has-text-align-center\" data-align=\"center\">1<\/td><td class=\"has-text-align-center\" data-align=\"center\">4,00<\/td><\/tr><tr><td>Radiologia e Diagn&oacute;stico por Imagem<\/td><td class=\"has-text-align-center\" data-align=\"center\">169<\/td><td class=\"has-text-align-center\" data-align=\"center\">8<\/td><td class=\"has-text-align-center\" data-align=\"center\">21,13<\/td><\/tr><tr><td>Radioterapia<\/td><td class=\"has-text-align-center\" data-align=\"center\">5<\/td><td class=\"has-text-align-center\" data-align=\"center\">1<\/td><td class=\"has-text-align-center\" data-align=\"center\">5,00<\/td><\/tr><tr><td>Reumatologia<\/td><td class=\"has-text-align-center\" data-align=\"center\">15<\/td><td class=\"has-text-align-center\" data-align=\"center\">4<\/td><td class=\"has-text-align-center\" data-align=\"center\">3,75<\/td><\/tr><tr><td>Transplante de Medula &Oacute;ssea<\/td><td class=\"has-text-align-center\" data-align=\"center\">1<\/td><td class=\"has-text-align-center\" data-align=\"center\">2<\/td><td class=\"has-text-align-center\" data-align=\"center\">0,50<\/td><\/tr><tr><td>Ultrassonografia em Ginecologia e Obstetr&iacute;cia<\/td><td class=\"has-text-align-center\" data-align=\"center\">3<\/td><td class=\"has-text-align-center\" data-align=\"center\">2<\/td><td class=\"has-text-align-center\" data-align=\"center\">1,50<\/td><\/tr><tr><td>Urologia<\/td><td class=\"has-text-align-center\" data-align=\"center\">40<\/td><td class=\"has-text-align-center\" data-align=\"center\">4<\/td><td class=\"has-text-align-center\" data-align=\"center\">10,00<\/td><\/tr><\/tbody><tfoot><tr><td><strong>TOTAL<\/strong><\/td><td class=\"has-text-align-center\" data-align=\"center\"><strong>4680<\/strong><\/td><td class=\"has-text-align-center\" data-align=\"center\"><strong>294<\/strong><\/td><td class=\"has-text-align-center\" data-align=\"center\"><strong>15,92<\/strong><\/td><\/tr><\/tfoot><\/table><\/figure><p class=\"wp-block-verse\">Saiba mais em:<a href=\"https:\/\/med.estrategia.com\/portal\/noticias\/famerp-bate-recorde-historico-de-inscritos-em-seu-seletivo-para-residencia-medica-2026-confira-as-especialidades-mais-concorridas\/\"> Famerp bate recorde de inscritos em seu seletivo para resid&ecirc;ncia m&eacute;dica 2026; veja as especialidades mais concorridas<\/a><\/p><div class=\"wp-block-buttons is-content-justification-center is-layout-flex wp-container-core-buttons-is-layout-6 wp-block-buttons-is-layout-flex\">\n<div class=\"wp-block-button\"><a class=\"wp-block-button__link wp-element-button\" href=\"https:\/\/med.estrategia.com\/portal\/wp-content\/uploads\/2025\/11\/RELACAO-DE-CANDIDATOS_VAGA-POR-ESPECIALIDADE-EM-ORDEM-ALFABETICA-DE-PROGRAMA_2026.pdf\" target=\"_blank\" rel=\"noopener noreferrer\">CONCORR&Ecirc;NCIA OFICIAL famerp 2026<\/a><\/div>\n<\/div><h2 class=\"wp-block-heading\" id=\"h-nota-de-corte-famerp-2026\"><span class=\"ez-toc-section\" id=\"Nota-de-Corte-FAMERP-2026\"><\/span>Nota de Corte FAMERP 2026<span class=\"ez-toc-section-end\"><\/span><\/h2><p>As<strong> notas de corte da FAMERP<\/strong> correspondem &agrave;s notas finais dos &uacute;ltimos candidatos convocados em 1&ordf; chamada de cada especialidade, confira:<\/p><figure class=\"wp-block-table\"><table class=\"has-fixed-layout\"><thead><tr><th>Programa<\/th><th class=\"has-text-align-center\" data-align=\"center\">Nota de corte 2026<\/th><\/tr><\/thead><tbody><tr><td>Acupuntura<\/td><td class=\"has-text-align-center\" data-align=\"center\">5,6625<\/td><\/tr><tr><td>Alergia e Imunilogia<\/td><td class=\"has-text-align-center\" data-align=\"center\">7,95<\/td><\/tr><tr><td>Anestesiologia<\/td><td class=\"has-text-align-center\" data-align=\"center\">7,82<\/td><\/tr><tr><td>Angiorradiologia e Cirurgia Endovascular<\/td><td class=\"has-text-align-center\" data-align=\"center\">8,1<\/td><\/tr><tr><td>Cardiologia<\/td><td class=\"has-text-align-center\" data-align=\"center\">8,5125<\/td><\/tr><tr><td>Cardiologia Pedi&aacute;trica<\/td><td class=\"has-text-align-center\" data-align=\"center\">7,0625<\/td><\/tr><tr><td>Cirurgia Bari&aacute;trica<\/td><td class=\"has-text-align-center\" data-align=\"center\">&ndash;<\/td><\/tr><tr><td>Cirurgia Cardiovascular<\/td><td class=\"has-text-align-center\" data-align=\"center\">6,95<\/td><\/tr><tr><td>Cirurgia Cr&acirc;nio-maxilo-facial<\/td><td class=\"has-text-align-center\" data-align=\"center\">8,7625<\/td><\/tr><tr><td>Cirurgia do Aparelho Digestivo<\/td><td class=\"has-text-align-center\" data-align=\"center\">8,15<\/td><\/tr><tr><td>Cirurgia do Trauma<\/td><td class=\"has-text-align-center\" data-align=\"center\">6,725<\/td><\/tr><tr><td>Cirurgia Geral<\/td><td class=\"has-text-align-center\" data-align=\"center\">7,9825<\/td><\/tr><tr><td>Cirurgia Oncol&oacute;gica<\/td><td class=\"has-text-align-center\" data-align=\"center\">6,8625<\/td><\/tr><tr><td>Cirurgia Pedi&aacute;trica<\/td><td class=\"has-text-align-center\" data-align=\"center\">7,7625<\/td><\/tr><tr><td>Cirurgia Pl&aacute;stica<\/td><td class=\"has-text-align-center\" data-align=\"center\">8,6125<\/td><\/tr><tr><td>Cirurgia Tor&aacute;cica<\/td><td class=\"has-text-align-center\" data-align=\"center\">8,2<\/td><\/tr><tr><td>Cirurgia Vascular<\/td><td class=\"has-text-align-center\" data-align=\"center\">7,6<\/td><\/tr><tr><td>Cl&iacute;nica M&eacute;dica<\/td><td class=\"has-text-align-center\" data-align=\"center\">7,7875<\/td><\/tr><tr><td>Coloproctologia<\/td><td class=\"has-text-align-center\" data-align=\"center\">7,3875<\/td><\/tr><tr><td>Dermatologia<\/td><td class=\"has-text-align-center\" data-align=\"center\">8,25<\/td><\/tr><tr><td>Ecografia Vascular com Doppler<\/td><td class=\"has-text-align-center\" data-align=\"center\">7,4875<\/td><\/tr><tr><td>Endocrinologia e Metabologia<\/td><td class=\"has-text-align-center\" data-align=\"center\">8,9875<\/td><\/tr><tr><td>Endocrinologia Pedi&aacute;trica<\/td><td class=\"has-text-align-center\" data-align=\"center\">8,6<\/td><\/tr><tr><td>Endoscopia<\/td><td class=\"has-text-align-center\" data-align=\"center\">6,8<\/td><\/tr><tr><td>Gastroenterologia<\/td><td class=\"has-text-align-center\" data-align=\"center\">8,35<\/td><\/tr><tr><td>Geriatria<\/td><td class=\"has-text-align-center\" data-align=\"center\">8,3125<\/td><\/tr><tr><td>Ginecologia e Obstetr&iacute;cia<\/td><td class=\"has-text-align-center\" data-align=\"center\">7,625<\/td><\/tr><tr><td>Hematologia e Hemoterapia<\/td><td class=\"has-text-align-center\" data-align=\"center\">8,0625<\/td><\/tr><tr><td>Hemodin&acirc;mica e Cardiologia Intervencionista<\/td><td class=\"has-text-align-center\" data-align=\"center\">9,2875<\/td><\/tr><tr><td>Hepatologia<\/td><td class=\"has-text-align-center\" data-align=\"center\">7,725<\/td><\/tr><tr><td>Infectologia<\/td><td class=\"has-text-align-center\" data-align=\"center\">6,85<\/td><\/tr><tr><td>Mastologia<\/td><td class=\"has-text-align-center\" data-align=\"center\">7,2875<\/td><\/tr><tr><td>Medicina de Emerg&ecirc;ncia<\/td><td class=\"has-text-align-center\" data-align=\"center\">7,3825<\/td><\/tr><tr><td>Medicina de Fam&iacute;lia e Comunidade<\/td><td class=\"has-text-align-center\" data-align=\"center\">7,05<\/td><\/tr><tr><td>Medicina Fetal<\/td><td class=\"has-text-align-center\" data-align=\"center\">8,6625<\/td><\/tr><tr><td>Medicina F&iacute;sica e Reabilita&ccedil;&atilde;o<\/td><td class=\"has-text-align-center\" data-align=\"center\">6,675<\/td><\/tr><tr><td>Medicina Intensiva<\/td><td class=\"has-text-align-center\" data-align=\"center\">6,9875<\/td><\/tr><tr><td>Medicina Intensiva Pedi&aacute;trica<\/td><td class=\"has-text-align-center\" data-align=\"center\">7,525<\/td><\/tr><tr><td>Medicina Nuclear<\/td><td class=\"has-text-align-center\" data-align=\"center\">7,1638<\/td><\/tr><tr><td>Nefrologia<\/td><td class=\"has-text-align-center\" data-align=\"center\">7,8625<\/td><\/tr><tr><td>Neonatologia<\/td><td class=\"has-text-align-center\" data-align=\"center\">5,65<\/td><\/tr><tr><td>Neurocirurgia<\/td><td class=\"has-text-align-center\" data-align=\"center\">8,4775<\/td><\/tr><tr><td>Neurologia<\/td><td class=\"has-text-align-center\" data-align=\"center\">8,2125<\/td><\/tr><tr><td>Neurologia Pedi&aacute;trica<\/td><td class=\"has-text-align-center\" data-align=\"center\">8,175<\/td><\/tr><tr><td>Oftalmologia<\/td><td class=\"has-text-align-center\" data-align=\"center\">8,375<\/td><\/tr><tr><td>Oncologia Cl&iacute;nica<\/td><td class=\"has-text-align-center\" data-align=\"center\">8,6125<\/td><\/tr><tr><td>Ortopedia e Traumatologia<\/td><td class=\"has-text-align-center\" data-align=\"center\">7,345<\/td><\/tr><tr><td>Otorrinolaringologia<\/td><td class=\"has-text-align-center\" data-align=\"center\">8,05<\/td><\/tr><tr><td>Patologia<\/td><td class=\"has-text-align-center\" data-align=\"center\">7,3225<\/td><\/tr><tr><td>Patologia Cl&iacute;nica\/Medicina Laboratorial<\/td><td class=\"has-text-align-center\" data-align=\"center\">6,7625<\/td><\/tr><tr><td>Pediatria<\/td><td class=\"has-text-align-center\" data-align=\"center\">7,5<\/td><\/tr><tr><td>Pneumologia<\/td><td class=\"has-text-align-center\" data-align=\"center\">8,4<\/td><\/tr><tr><td>Pneumologia Pedi&aacute;trica<\/td><td class=\"has-text-align-center\" data-align=\"center\">7,9125<\/td><\/tr><tr><td>Psiquiatria<\/td><td class=\"has-text-align-center\" data-align=\"center\">7,95<\/td><\/tr><tr><td>Psiquiatria da Inf&acirc;ncia e Adolesc&ecirc;ncia<\/td><td class=\"has-text-align-center\" data-align=\"center\">9,325<\/td><\/tr><tr><td>Radiologia e Diagn&oacute;stico por Imagem<\/td><td class=\"has-text-align-center\" data-align=\"center\">7,72<\/td><\/tr><tr><td>Radioterapia<\/td><td class=\"has-text-align-center\" data-align=\"center\">6,975<\/td><\/tr><tr><td>Reumatologia<\/td><td class=\"has-text-align-center\" data-align=\"center\">8,1375<\/td><\/tr><tr><td>Transplante do F&iacute;gado<\/td><td class=\"has-text-align-center\" data-align=\"center\">&ndash;<\/td><\/tr><tr><td>Transplante de Medula &Oacute;ssea<\/td><td class=\"has-text-align-center\" data-align=\"center\">7,75<\/td><\/tr><tr><td>Transplante do Rim<\/td><td class=\"has-text-align-center\" data-align=\"center\">8,0875<\/td><\/tr><tr><td>Ultrassonografia em Ginecologia e Obstetr&iacute;cia<\/td><td class=\"has-text-align-center\" data-align=\"center\">8,5<\/td><\/tr><tr><td>Urologia<\/td><td class=\"has-text-align-center\" data-align=\"center\">8,5375<\/td><\/tr><\/tbody><\/table><\/figure><h2 class=\"wp-block-heading\" id=\"h-famerp-vagas-remanescentes-2026\"><span class=\"ez-toc-section\" id=\"FAMERP-vagas-remanescentes-2026\"><\/span>FAMERP vagas remanescentes 2026<span class=\"ez-toc-section-end\"><\/span><\/h2><p>A <strong>Faculdade de Medicina de S&atilde;o Jos&eacute; do Rio Preto (FAMERP)<\/strong> divulgou, em 27 de fevereiro, novos editais para ingresso na resid&ecirc;ncia m&eacute;dica em 2026. Os documentos tratam do <strong>edital complementar<\/strong> e&nbsp;<strong>preenchimento das vagas remanescentes do &uacute;ltimo processo seletivo<\/strong>&nbsp;e preveem a oferta em programas de Acesso Direto e Pr&eacute;-Requisito, com in&iacute;cio j&aacute; em mar&ccedil;o de 2026. Confira abaixo mais informa&ccedil;&otilde;es sobre a sele&ccedil;&atilde;o!<\/p><div class=\"wp-block-buttons is-content-justification-center is-layout-flex wp-container-core-buttons-is-layout-7 wp-block-buttons-is-layout-flex\">\n<div class=\"wp-block-button\"><a class=\"wp-block-button__link wp-element-button\" href=\"https:\/\/med.estrategia.com\/portal\/noticias\/famerp-2026-edital-remanescentes-complementares-residencia-medica\/\" target=\"_blank\">edital famerp vagas remanescentes 2026<\/a><\/div>\n<\/div><h2 class=\"wp-block-heading\" id=\"h-como-se-preparar-para-a-famerp-2026\"><span class=\"ez-toc-section\" id=\"Como-se-preparar-para-a-FAMERP-2026\"><\/span>Como se preparar para a FAMERP 2026<span class=\"ez-toc-section-end\"><\/span><\/h2><p>Se voc&ecirc; est&aacute; interessado na Resid&ecirc;ncia M&eacute;dica da FAMERP, priorize um&nbsp;<strong>m&eacute;todo de estudo que seja<\/strong> <strong>otimizado e focado<\/strong> no que vem sendo cobrado nas principais provas de resid&ecirc;ncia do pa&iacute;s. Com o <strong><a href=\"https:\/\/med.estrategia.com\/cursos\/extensivo-de-residncia-mdica\/\" target=\"_blank\">Curso Extensivo de Resid&ecirc;ncia M&eacute;dica do Estrat&eacute;gia MED<\/a><\/strong> voc&ecirc; ter&aacute; a disposi&ccedil;&atilde;o um cronograma exclusivo de estudos para te ajudar com sua rotina e muito conte&uacute;do para te ajudar a garantir a vaga dos seus sonhos.<\/p><p>Aproveite e confira o depoimento de um de nossos aprovados na FAMERP:<\/p><div class=\"wp-block-media-text alignwide is-stacked-on-mobile is-image-fill-element cnvs-block-core-media-text-1678312349013 has-cyan-bluish-gray-background-color has-background has-medium-font-size\" style=\"grid-template-columns:41% auto\"><figure class=\"wp-block-media-text__media\"><img decoding=\"async\" width=\"592\" height=\"990\" src=\"https:\/\/med.estrategia.com\/portal\/wp-content\/uploads\/2023\/09\/TAYNARA-FERNANDES-DE-SOUZA.jpeg\" alt=\"\" class=\"wp-image-84906 size-full\" style=\"object-position:59% 0%\"><\/figure><div class=\"wp-block-media-text__content\">\n<h3 class=\"wp-block-heading has-text-align-left has-medium-font-size\" id=\"h-taynara-fernandes-de-souza-1&ordm;-lugar-em-medicina-intensiva\"><span class=\"ez-toc-section\" id=\"TAYNARA-FERNANDES-DE-SOUZA-1o-Lugar-em-Medicina-Intensiva\"><\/span><br><strong>TAYNARA FERNANDES DE SOUZA<br><\/strong>1&ordm; Lugar em Medicina Intensiva<span class=\"ez-toc-section-end\"><\/span><\/h3>\n\n\n\n<p class=\"has-text-align-left has-small-font-size\">Utilizou: Curso Extensivo de Resid&ecirc;ncia M&eacute;dica<\/p>\n\n\n\n<p><em>Durante todo o internato eu utilizei o Estrat&eacute;gia MED e pude desfrutar de todo o conte&uacute;do. No quinto ano, j&aacute; pude perceber claramente como influenciava positivamente na minha constru&ccedil;&atilde;o de conhecimento e na pr&aacute;tica cl&iacute;nica, j&aacute; no sexto esse sentimento s&oacute; foi potencializado. <\/em><\/p>\n\n\n\n<p><em>Chegar nas provas e me deparar com as quest&otilde;es que remetiam a cada conhecimento adquirido e a fala de cada um dos professores, foi tranquilizador. Agrade&ccedil;o a toda a equipe e professores do EMED, foram fundamentais para o meu conhecimento e aprova&ccedil;&atilde;o!<\/em><\/p>\n\n\n\n<p class=\"has-text-align-left\"><br><\/p>\n<\/div><\/div><p><strong><a id=\"cta\" class=\"cta-imagem\" href=\"https:\/\/med.estrategia.com\/cursos\/extensivo-de-residncia-mdica\/\" target=\"blank\">\n                <img decoding=\"async\" width=\"100%\" src=\"https:\/\/med.estrategia.com\/portal\/wp-content\/uploads\/2025\/08\/extensivo_rm.jpg\" alt=\"Extensivo RM\" title=\"extensivo_rm\">\n        <\/a><\/strong><\/p><h2 class=\"wp-block-heading\" id=\"h-veja-tambem\"><span class=\"ez-toc-section\" id=\"Veja-tambem\"><\/span>Veja tamb&eacute;m:<span class=\"ez-toc-section-end\"><\/span><\/h2><ul class=\"wp-block-list\">\n<li><a href=\"https:\/\/med.estrategia.com\/portal\/residencia-medica\/usp-sp-residencia-medica\/\">Resid&ecirc;ncia M&eacute;dica USP SP&nbsp;<\/a><\/li>\n\n\n\n<li><a href=\"https:\/\/med.estrategia.com\/portal\/residencia-medica\/usp-rp-residencia-medica\/\">Resid&ecirc;ncia M&eacute;dica USP RP<\/a><\/li>\n\n\n\n<li><a href=\"https:\/\/med.estrategia.com\/portal\/residencia-medica\/sus-sp-residencia-medica\/\">Resid&ecirc;ncia M&eacute;dica SUS SP<\/a><\/li>\n\n\n\n<li><a href=\"https:\/\/med.estrategia.com\/portal\/residencia-medica\/sms-sp-residencia-medica\/\">Resid&ecirc;ncia M&eacute;dica SMS SP (Susinho)&nbsp;<\/a><\/li>\n\n\n\n<li><a href=\"https:\/\/med.estrategia.com\/portal\/residencia-medica\/iamspe-residencia-medica\/\">Resid&ecirc;ncia M&eacute;dica IAMSPE<\/a><\/li>\n\n\n\n<li><a href=\"https:\/\/med.estrategia.com\/portal\/residencia-medica\/residencia-medica-unicamp\/\">Resid&ecirc;ncia M&eacute;dica Unicamp<\/a><\/li>\n\n\n\n<li><a href=\"https:\/\/med.estrategia.com\/portal\/residencia-medica\/hospital-israelita-abert-einstein-residencia-medica\/\">Resid&ecirc;ncia m&eacute;dica Hospital Israelita Albert Einstein<\/a><\/li>\n\n\n\n<li><a href=\"https:\/\/med.estrategia.com\/portal\/residencia-medica\/famema-residencia-medica\/\">Resid&ecirc;ncia M&eacute;dica FAMEMA<\/a><\/li>\n\n\n\n<li><a href=\"https:\/\/med.estrategia.com\/portal\/residencia-medica\/unesp-residencia-medica\/\">Resid&ecirc;ncia M&eacute;dica Unesp<\/a><\/li>\n\n\n\n<li><a href=\"https:\/\/med.estrategia.com\/portal\/residencia-medica\/unifesp-residencia-medica\/\">Resid&ecirc;ncia M&eacute;dica Unifesp<\/a><\/li>\n\n\n\n<li><a href=\"https:\/\/med.estrategia.com\/portal\/residencia-medica\/scmrp-residencia-medica\/\">Resid&ecirc;ncia M&eacute;dica SCMRP<\/a><\/li>\n\n\n\n<li><a href=\"https:\/\/med.estrategia.com\/portal\/residencia-medica\/scmsp-residencia-medica\/\">Resid&ecirc;ncia M&eacute;dica ISCMSP<\/a><\/li>\n\n\n\n<li><a href=\"https:\/\/med.estrategia.com\/portal\/residencia-medica\/fmabc-residencia-medica\/\">Resid&ecirc;ncia M&eacute;dica FMABC<\/a><\/li>\n\n\n\n<li><a href=\"https:\/\/med.estrategia.com\/portal\/residencia-medica\/puc-sp-residencia-medica\/\">Resid&ecirc;ncia M&eacute;dica PUC SP<\/a><\/li>\n\n\n\n<li><a href=\"https:\/\/med.estrategia.com\/portal\/residencia-medica\/puc-campinas-residencia-medica\/\">Resid&ecirc;ncia M&eacute;dica PUC Campinas<\/a><\/li>\n\n\n\n<li><a href=\"https:\/\/med.estrategia.com\/portal\/residencia-medica\/unaerp-residencia-medica\/\">Resid&ecirc;ncia M&eacute;dica Unaerp<\/a><\/li>\n\n\n\n<li><a href=\"https:\/\/med.estrategia.com\/portal\/residencia-medica\/especialidades\/10-residencias-medicas-com-mais-vagas-por-especialidade\/\">10 Resid&ecirc;ncias M&eacute;dicas com mais vagas por especialidade<\/a><\/li>\n\n\n\n<li><a href=\"https:\/\/med.estrategia.com\/portal\/residencia-medica\/residencias-medicas-mais-concorridos\/\">10 Resid&ecirc;ncias M&eacute;dicas mais concorridas<\/a><\/li>\n\n\n\n<li><a href=\"https:\/\/med.estrategia.com\/portal\/residencia-medica\/enare-vagas-cronograma-provas-edital\/\">Resid&ecirc;ncia M&eacute;dica ENARE<\/a><\/li>\n<\/ul><\/p>\n","protected":false},"excerpt":{"rendered":"Quer participar do pr&oacute;ximo processo seletivo para Resid&ecirc;ncia M&eacute;dica da FAMERP? Ent&atilde;o, n&atilde;o perca as informa&ccedil;&otilde;es que o&hellip;\n","protected":false},"author":39,"featured_media":39207,"comment_status":"open","ping_status":"open","sticky":false,"template":"","format":"standard","meta":{"wl_entities_gutenberg":"","footnotes":""},"categories":[24],"tags":[],"wl_entity_type":[199],"class_list":{"0":"post-3069","1":"post","2":"type-post","3":"status-publish","4":"format-standard","5":"has-post-thumbnail","7":"category-residencia-medica","8":"wl_entity_type-article"},"acf":[],"yoast_head":"<!-- This site is optimized with the Yoast SEO Premium plugin v26.6 (Yoast SEO v26.6) - https:\/\/yoast.com\/wordpress\/plugins\/seo\/ -->\n<title>Resid\u00eancia M\u00e9dica FAMERP: edital 2026, cronograma, vagas e mais<\/title>\n<meta name=\"description\" content=\"Saiba tudo sobre o processo seletivo de Resid\u00eancia M\u00e9dica da FAMERP 2026. Confira aqui as principais informa\u00e7\u00f5es do edital e a nota de corte!\" \/>\n<meta name=\"robots\" content=\"index, follow, max-snippet:-1, max-image-preview:large, max-video-preview:-1\" \/>\n<link rel=\"canonical\" href=\"https:\/\/med.estrategia.com\/portal\/residencia-medica\/famerp-residencia-medica\/\" \/>\n<meta property=\"og:locale\" content=\"pt_BR\" \/>\n<meta property=\"og:type\" content=\"article\" \/>\n<meta property=\"og:title\" content=\"Resid\u00eancia M\u00e9dica FAMERP: edital 2026, cronograma, vagas e mais\" \/>\n<meta property=\"og:description\" content=\"Saiba tudo sobre o processo seletivo de Resid\u00eancia M\u00e9dica da FAMERP 2026. Confira aqui as principais informa\u00e7\u00f5es do edital e a nota de corte!\" \/>\n<meta property=\"og:url\" content=\"https:\/\/med.estrategia.com\/portal\/residencia-medica\/famerp-residencia-medica\/\" \/>\n<meta property=\"og:site_name\" content=\"Estrat\u00e9gia MED\" \/>\n<meta property=\"article:publisher\" content=\"https:\/\/www.facebook.com\/estrategiamed1\" \/>\n<meta property=\"article:published_time\" content=\"2023-09-30T12:11:00+00:00\" \/>\n<meta property=\"article:modified_time\" content=\"2026-03-02T15:53:51+00:00\" \/>\n<meta property=\"og:image\" content=\"https:\/\/med.estrategia.com\/portal\/wp-content\/uploads\/2022\/09\/coverWP_publica_bgfoto_logo-8.jpg\" \/>\n\t<meta property=\"og:image:width\" content=\"1200\" \/>\n\t<meta property=\"og:image:height\" content=\"800\" \/>\n\t<meta property=\"og:image:type\" content=\"image\/jpeg\" \/>\n<meta name=\"author\" content=\"Ana Carolina Damasceno\" \/>\n<meta name=\"twitter:card\" content=\"summary_large_image\" \/>\n<meta name=\"twitter:creator\" content=\"@estrategiamed_\" \/>\n<meta name=\"twitter:site\" content=\"@estrategiamed_\" \/>\n<meta name=\"twitter:label1\" content=\"Escrito por\" \/>\n\t<meta name=\"twitter:data1\" content=\"Ana Carolina Damasceno\" \/>\n\t<meta name=\"twitter:label2\" content=\"Est. tempo de leitura\" \/>\n\t<meta name=\"twitter:data2\" content=\"8 minutos\" \/>\n<script type=\"application\/ld+json\" class=\"yoast-schema-graph\">{\"@context\":\"https:\/\/schema.org\",\"@graph\":[{\"@type\":\"WebPage\",\"@id\":\"https:\/\/med.estrategia.com\/portal\/residencia-medica\/famerp-residencia-medica\/\",\"url\":\"https:\/\/med.estrategia.com\/portal\/residencia-medica\/famerp-residencia-medica\/\",\"name\":\"Resid\u00eancia M\u00e9dica FAMERP: edital 2026, cronograma, vagas e mais\",\"isPartOf\":{\"@id\":\"https:\/\/med.estrategia.com\/portal\/#website\"},\"primaryImageOfPage\":{\"@id\":\"https:\/\/med.estrategia.com\/portal\/residencia-medica\/famerp-residencia-medica\/#primaryimage\"},\"image\":{\"@id\":\"https:\/\/med.estrategia.com\/portal\/residencia-medica\/famerp-residencia-medica\/#primaryimage\"},\"thumbnailUrl\":\"https:\/\/med.estrategia.com\/portal\/wp-content\/uploads\/2022\/09\/coverWP_publica_bgfoto_logo-8.jpg\",\"datePublished\":\"2023-09-30T12:11:00+00:00\",\"dateModified\":\"2026-03-02T15:53:51+00:00\",\"author\":{\"@id\":\"https:\/\/med.estrategia.com\/portal\/#\/schema\/person\/2f553adbb8e25fe39d145c5b2927f58c\"},\"description\":\"Saiba tudo sobre o processo seletivo de Resid\u00eancia M\u00e9dica da FAMERP 2026. Confira aqui as principais informa\u00e7\u00f5es do edital e a nota de corte!\",\"breadcrumb\":{\"@id\":\"https:\/\/med.estrategia.com\/portal\/residencia-medica\/famerp-residencia-medica\/#breadcrumb\"},\"inLanguage\":\"pt-BR\",\"potentialAction\":[{\"@type\":\"ReadAction\",\"target\":[\"https:\/\/med.estrategia.com\/portal\/residencia-medica\/famerp-residencia-medica\/\"]}]},{\"@type\":\"ImageObject\",\"inLanguage\":\"pt-BR\",\"@id\":\"https:\/\/med.estrategia.com\/portal\/residencia-medica\/famerp-residencia-medica\/#primaryimage\",\"url\":\"https:\/\/med.estrategia.com\/portal\/wp-content\/uploads\/2022\/09\/coverWP_publica_bgfoto_logo-8.jpg\",\"contentUrl\":\"https:\/\/med.estrategia.com\/portal\/wp-content\/uploads\/2022\/09\/coverWP_publica_bgfoto_logo-8.jpg\",\"width\":1200,\"height\":800,\"caption\":\"Cr\u00e9ditos: Estrat\u00e9gia MED e FAMERP\"},{\"@type\":\"BreadcrumbList\",\"@id\":\"https:\/\/med.estrategia.com\/portal\/residencia-medica\/famerp-residencia-medica\/#breadcrumb\",\"itemListElement\":[{\"@type\":\"ListItem\",\"position\":1,\"name\":\"Home\",\"item\":\"https:\/\/med.estrategia.com\/portal\/\"},{\"@type\":\"ListItem\",\"position\":2,\"name\":\"Resid\u00eancia M\u00e9dica\",\"item\":\"https:\/\/med.estrategia.com\/portal\/residencia-medica\/\"},{\"@type\":\"ListItem\",\"position\":3,\"name\":\"Resid\u00eancia M\u00e9dica FAMERP: edital 2026, cronograma, vagas e mais\"}]},{\"@type\":\"WebSite\",\"@id\":\"https:\/\/med.estrategia.com\/portal\/#website\",\"url\":\"https:\/\/med.estrategia.com\/portal\/\",\"name\":\"Estrat\u00e9gia MED\",\"description\":\"\",\"potentialAction\":[{\"@type\":\"SearchAction\",\"target\":{\"@type\":\"EntryPoint\",\"urlTemplate\":\"https:\/\/med.estrategia.com\/portal\/?s={search_term_string}\"},\"query-input\":{\"@type\":\"PropertyValueSpecification\",\"valueRequired\":true,\"valueName\":\"search_term_string\"}}],\"inLanguage\":\"pt-BR\"},{\"@type\":\"Person\",\"@id\":\"https:\/\/med.estrategia.com\/portal\/#\/schema\/person\/2f553adbb8e25fe39d145c5b2927f58c\",\"name\":\"Ana Carolina Damasceno\",\"image\":{\"@type\":\"ImageObject\",\"inLanguage\":\"pt-BR\",\"@id\":\"https:\/\/med.estrategia.com\/portal\/#\/schema\/person\/image\/\",\"url\":\"https:\/\/med.estrategia.com\/portal\/wp-content\/uploads\/2021\/09\/WhatsApp-Image-2023-08-18-at-16.46.43-150x150.jpeg\",\"contentUrl\":\"https:\/\/med.estrategia.com\/portal\/wp-content\/uploads\/2021\/09\/WhatsApp-Image-2023-08-18-at-16.46.43-150x150.jpeg\",\"caption\":\"Ana Carolina Damasceno\"},\"description\":\"Coordenadora de Jornalismo EMED. Comunicadora por natureza e forma\u00e7\u00e3o, que ama e perde a no\u00e7\u00e3o do tempo com m\u00fasica e s\u00e9rie.\",\"url\":\"https:\/\/med.estrategia.com\/portal\/author\/ana-carolina-damasceno\/\"}]}<\/script>\n<!-- \/ Yoast SEO Premium plugin. -->","yoast_head_json":{"title":"Resid\u00eancia M\u00e9dica FAMERP: edital 2026, cronograma, vagas e mais","description":"Saiba tudo sobre o processo seletivo de Resid\u00eancia M\u00e9dica da FAMERP 2026. Confira aqui as principais informa\u00e7\u00f5es do edital e a nota de corte!","robots":{"index":"index","follow":"follow","max-snippet":"max-snippet:-1","max-image-preview":"max-image-preview:large","max-video-preview":"max-video-preview:-1"},"canonical":"https:\/\/med.estrategia.com\/portal\/residencia-medica\/famerp-residencia-medica\/","og_locale":"pt_BR","og_type":"article","og_title":"Resid\u00eancia M\u00e9dica FAMERP: edital 2026, cronograma, vagas e mais","og_description":"Saiba tudo sobre o processo seletivo de Resid\u00eancia M\u00e9dica da FAMERP 2026. Confira aqui as principais informa\u00e7\u00f5es do edital e a nota de corte!","og_url":"https:\/\/med.estrategia.com\/portal\/residencia-medica\/famerp-residencia-medica\/","og_site_name":"Estrat\u00e9gia MED","article_publisher":"https:\/\/www.facebook.com\/estrategiamed1","article_published_time":"2023-09-30T12:11:00+00:00","article_modified_time":"2026-03-02T15:53:51+00:00","og_image":[{"width":1200,"height":800,"url":"https:\/\/med.estrategia.com\/portal\/wp-content\/uploads\/2022\/09\/coverWP_publica_bgfoto_logo-8.jpg","type":"image\/jpeg"}],"author":"Ana Carolina Damasceno","twitter_card":"summary_large_image","twitter_creator":"@estrategiamed_","twitter_site":"@estrategiamed_","twitter_misc":{"Escrito por":"Ana Carolina Damasceno","Est. tempo de leitura":"8 minutos"},"schema":{"@context":"https:\/\/schema.org","@graph":[{"@type":"WebPage","@id":"https:\/\/med.estrategia.com\/portal\/residencia-medica\/famerp-residencia-medica\/","url":"https:\/\/med.estrategia.com\/portal\/residencia-medica\/famerp-residencia-medica\/","name":"Resid\u00eancia M\u00e9dica FAMERP: edital 2026, cronograma, vagas e mais","isPartOf":{"@id":"https:\/\/med.estrategia.com\/portal\/#website"},"primaryImageOfPage":{"@id":"https:\/\/med.estrategia.com\/portal\/residencia-medica\/famerp-residencia-medica\/#primaryimage"},"image":{"@id":"https:\/\/med.estrategia.com\/portal\/residencia-medica\/famerp-residencia-medica\/#primaryimage"},"thumbnailUrl":"https:\/\/med.estrategia.com\/portal\/wp-content\/uploads\/2022\/09\/coverWP_publica_bgfoto_logo-8.jpg","datePublished":"2023-09-30T12:11:00+00:00","dateModified":"2026-03-02T15:53:51+00:00","author":{"@id":"https:\/\/med.estrategia.com\/portal\/#\/schema\/person\/2f553adbb8e25fe39d145c5b2927f58c"},"description":"Saiba tudo sobre o processo seletivo de Resid\u00eancia M\u00e9dica da FAMERP 2026. Confira aqui as principais informa\u00e7\u00f5es do edital e a nota de corte!","breadcrumb":{"@id":"https:\/\/med.estrategia.com\/portal\/residencia-medica\/famerp-residencia-medica\/#breadcrumb"},"inLanguage":"pt-BR","potentialAction":[{"@type":"ReadAction","target":["https:\/\/med.estrategia.com\/portal\/residencia-medica\/famerp-residencia-medica\/"]}]},{"@type":"ImageObject","inLanguage":"pt-BR","@id":"https:\/\/med.estrategia.com\/portal\/residencia-medica\/famerp-residencia-medica\/#primaryimage","url":"https:\/\/med.estrategia.com\/portal\/wp-content\/uploads\/2022\/09\/coverWP_publica_bgfoto_logo-8.jpg","contentUrl":"https:\/\/med.estrategia.com\/portal\/wp-content\/uploads\/2022\/09\/coverWP_publica_bgfoto_logo-8.jpg","width":1200,"height":800,"caption":"Cr\u00e9ditos: Estrat\u00e9gia MED e FAMERP"},{"@type":"BreadcrumbList","@id":"https:\/\/med.estrategia.com\/portal\/residencia-medica\/famerp-residencia-medica\/#breadcrumb","itemListElement":[{"@type":"ListItem","position":1,"name":"Home","item":"https:\/\/med.estrategia.com\/portal\/"},{"@type":"ListItem","position":2,"name":"Resid\u00eancia M\u00e9dica","item":"https:\/\/med.estrategia.com\/portal\/residencia-medica\/"},{"@type":"ListItem","position":3,"name":"Resid\u00eancia M\u00e9dica FAMERP: edital 2026, cronograma, vagas e mais"}]},{"@type":"WebSite","@id":"https:\/\/med.estrategia.com\/portal\/#website","url":"https:\/\/med.estrategia.com\/portal\/","name":"Estrat\u00e9gia MED","description":"","potentialAction":[{"@type":"SearchAction","target":{"@type":"EntryPoint","urlTemplate":"https:\/\/med.estrategia.com\/portal\/?s={search_term_string}"},"query-input":{"@type":"PropertyValueSpecification","valueRequired":true,"valueName":"search_term_string"}}],"inLanguage":"pt-BR"},{"@type":"Person","@id":"https:\/\/med.estrategia.com\/portal\/#\/schema\/person\/2f553adbb8e25fe39d145c5b2927f58c","name":"Ana Carolina Damasceno","image":{"@type":"ImageObject","inLanguage":"pt-BR","@id":"https:\/\/med.estrategia.com\/portal\/#\/schema\/person\/image\/","url":"https:\/\/med.estrategia.com\/portal\/wp-content\/uploads\/2021\/09\/WhatsApp-Image-2023-08-18-at-16.46.43-150x150.jpeg","contentUrl":"https:\/\/med.estrategia.com\/portal\/wp-content\/uploads\/2021\/09\/WhatsApp-Image-2023-08-18-at-16.46.43-150x150.jpeg","caption":"Ana Carolina Damasceno"},"description":"Coordenadora de Jornalismo EMED. Comunicadora por natureza e forma\u00e7\u00e3o, que ama e perde a no\u00e7\u00e3o do tempo com m\u00fasica e s\u00e9rie.","url":"https:\/\/med.estrategia.com\/portal\/author\/ana-carolina-damasceno\/"}]}},"_wl_alt_label":[],"wl:entity_url":"\/post\/famerp-residencia-medica","_links":{"self":[{"href":"https:\/\/med.estrategia.com\/portal\/wp-json\/wp\/v2\/posts\/3069","targetHints":{"allow":["GET"]}}],"collection":[{"href":"https:\/\/med.estrategia.com\/portal\/wp-json\/wp\/v2\/posts"}],"about":[{"href":"https:\/\/med.estrategia.com\/portal\/wp-json\/wp\/v2\/types\/post"}],"author":[{"embeddable":true,"href":"https:\/\/med.estrategia.com\/portal\/wp-json\/wp\/v2\/users\/39"}],"replies":[{"embeddable":true,"href":"https:\/\/med.estrategia.com\/portal\/wp-json\/wp\/v2\/comments?post=3069"}],"version-history":[{"count":145,"href":"https:\/\/med.estrategia.com\/portal\/wp-json\/wp\/v2\/posts\/3069\/revisions"}],"predecessor-version":[{"id":107753,"href":"https:\/\/med.estrategia.com\/portal\/wp-json\/wp\/v2\/posts\/3069\/revisions\/107753"}],"wp:featuredmedia":[{"embeddable":true,"href":"https:\/\/med.estrategia.com\/portal\/wp-json\/wp\/v2\/media\/39207"}],"wp:attachment":[{"href":"https:\/\/med.estrategia.com\/portal\/wp-json\/wp\/v2\/media?parent=3069"}],"wp:term":[{"taxonomy":"category","embeddable":true,"href":"https:\/\/med.estrategia.com\/portal\/wp-json\/wp\/v2\/categories?post=3069"},{"taxonomy":"post_tag","embeddable":true,"href":"https:\/\/med.estrategia.com\/portal\/wp-json\/wp\/v2\/tags?post=3069"},{"taxonomy":"wl_entity_type","embeddable":true,"href":"https:\/\/med.estrategia.com\/portal\/wp-json\/wp\/v2\/wl_entity_type?post=3069"}],"curies":[{"name":"wp","href":"https:\/\/api.w.org\/{rel}","templated":true}]}}