{"id":30725,"date":"2022-11-22T09:24:02","date_gmt":"2022-11-22T12:24:02","guid":{"rendered":"https:\/\/med.estrategia.com\/portal\/?p=30725"},"modified":"2022-11-22T14:01:53","modified_gmt":"2022-11-22T17:01:53","slug":"sms-sp-2023-confira-a-relacao-candidato-vaga-da-selecao-de-residencia-medica","status":"publish","type":"post","link":"https:\/\/med.estrategia.com\/portal\/noticias\/sms-sp-2023-confira-a-relacao-candidato-vaga-da-selecao-de-residencia-medica\/","title":{"rendered":"SMS-SP 2023: confira a rela\u00e7\u00e3o candidato\/vaga da sele\u00e7\u00e3o de resid\u00eancia m\u00e9dica"},"content":{"rendered":"<p>A <strong>Secretaria Municipal de Sa&uacute;de de<\/strong> <strong>S&atilde;o Paulo<\/strong> divulgou na noite da &uacute;ltima segunda-feira (21) a quantidade de Inscri&ccedil;&otilde;es Homologadas de seu processo seletivo de resid&ecirc;ncia m&eacute;dica para ingresso dos m&eacute;dicos residentes aprovados em 2023. Com base no documento oficial, o Estrat&eacute;gia MED trouxe,<strong> de maneira exclusiva, a rela&ccedil;&atilde;o candidato\/vaga da sele&ccedil;&atilde;o.<\/strong><div id=\"ez-toc-container\" class=\"ez-toc-v2_0_79_2 counter-hierarchy ez-toc-counter ez-toc-transparent ez-toc-container-direction\">\n<div class=\"ez-toc-title-container\"><p class=\"ez-toc-title\" style=\"cursor:inherit\">Navegue pelo conte\u00fado<\/p>\n<\/div><nav><ul class='ez-toc-list ez-toc-list-level-1 ' ><li class='ez-toc-page-1 ez-toc-heading-level-2'><a class=\"ez-toc-link ez-toc-heading-1\" href=\"https:\/\/med.estrategia.com\/portal\/noticias\/sms-sp-2023-confira-a-relacao-candidato-vaga-da-selecao-de-residencia-medica\/#Concorrencia-SMS-SP-2023\" >Concorr&ecirc;ncia SMS-SP 2023<\/a><\/li><li class='ez-toc-page-1 ez-toc-heading-level-2'><a class=\"ez-toc-link ez-toc-heading-2\" href=\"https:\/\/med.estrategia.com\/portal\/noticias\/sms-sp-2023-confira-a-relacao-candidato-vaga-da-selecao-de-residencia-medica\/#Cronograma-SMS-SP-2023\" >Cronograma SMS-SP 2023<\/a><\/li><li class='ez-toc-page-1 ez-toc-heading-level-2'><a class=\"ez-toc-link ez-toc-heading-3\" href=\"https:\/\/med.estrategia.com\/portal\/noticias\/sms-sp-2023-confira-a-relacao-candidato-vaga-da-selecao-de-residencia-medica\/#Instituicoes-Participantes-SMS-SP-2023\" >Institui&ccedil;&otilde;es Participantes SMS-SP 2023<\/a><\/li><\/ul><\/nav><\/div>\n<h2 class=\"wp-block-heading\" id=\"h-concorrencia-sms-sp-2023\"><span class=\"ez-toc-section\" id=\"Concorrencia-SMS-SP-2023\"><\/span>Concorr&ecirc;ncia SMS-SP 2023<span class=\"ez-toc-section-end\"><\/span><\/h2><p>Para a edi&ccedil;&atilde;o de 2023, o processo seletivo de resid&ecirc;ncia m&eacute;dica da SMS-SP conta com a participa&ccedil;&atilde;o de <strong>5.279 candidatos inscritos concorrendo &agrave; 452 vagas ofertadas<\/strong>, o que acarreta uma <strong>rela&ccedil;&atilde;o candidato\/vaga geral de 11,67<\/strong>. Entre as especialidades, a concorr&ecirc;ncia ficou da seguinte maneira:<\/p><h3 class=\"wp-block-heading\" id=\"h-acesso-direto\">Acesso Direto<\/h3><figure class=\"wp-block-table is-style-stripes\"><table><thead><tr><th> Especialidades<\/th><th class=\"has-text-align-center\" data-align=\"center\"> Vagas Oferecidas <\/th><th class=\"has-text-align-center\" data-align=\"center\">Inscritos<\/th><th class=\"has-text-align-center\" data-align=\"center\">Concorr&ecirc;ncia<\/th><\/tr><\/thead><tbody><tr><td>Anestesiologia<\/td><td class=\"has-text-align-center\" data-align=\"center\">7<\/td><td class=\"has-text-align-center\" data-align=\"center\">355<\/td><td class=\"has-text-align-center\" data-align=\"center\">50,71<\/td><\/tr><tr><td>Cirurgia Geral<\/td><td class=\"has-text-align-center\" data-align=\"center\">30<\/td><td class=\"has-text-align-center\" data-align=\"center\">872<\/td><td class=\"has-text-align-center\" data-align=\"center\">29,06<\/td><\/tr><tr><td><a class=\"wl-entity-page-link\" title=\"CL&Iacute;NICA M&Eacute;DICA\" href=\"https:\/\/med.estrategia.com\/portal\/entidade\/clinica-medica\/\" data-id=\"\/entity\/clinica-medica;http:\/\/dbpedia.org\/resource\/Internal_medicine;http:\/\/de.dbpedia.org\/resource\/Innere_Medizin;http:\/\/no.dbpedia.org\/resource\/Indremedisin;http:\/\/hr.dbpedia.org\/resource\/Interna_medicina;http:\/\/sl.dbpedia.org\/resource\/Interna_medicina;http:\/\/id.dbpedia.org\/resource\/Penyakit_dalam;http:\/\/ca.dbpedia.org\/resource\/Medicina_interna;http:\/\/sq.dbpedia.org\/resource\/Internisti;http:\/\/en.dbpedia.org\/resource\/Internal_medicine;http:\/\/it.dbpedia.org\/resource\/Medicina_interna;http:\/\/es.dbpedia.org\/resource\/Medicina_interna;http:\/\/pl.dbpedia.org\/resource\/Interna;http:\/\/nl.dbpedia.org\/resource\/Interne_geneeskunde;http:\/\/fi.dbpedia.org\/resource\/Sis&auml;taudit;http:\/\/ru.dbpedia.org\/resource\/&#1042;&#1085;&#1091;&#1090;&#1088;&#1077;&#1085;&#1085;&#1080;&#1077;_&#1073;&#1086;&#1083;&#1077;&#1079;&#1085;&#1080;;http:\/\/be.dbpedia.org\/resource\/&#1059;&#1085;&#1091;&#1090;&#1088;&#1072;&#1085;&#1099;&#1103;_&#1093;&#1074;&#1072;&#1088;&#1086;&#1073;&#1099;;http:\/\/pt.dbpedia.org\/resource\/Cl&iacute;nica_m&eacute;dica;http:\/\/bg.dbpedia.org\/resource\/&#1042;&#1098;&#1090;&#1088;&#1077;&#1096;&#1085;&#1080;_&#1073;&#1086;&#1083;&#1077;&#1089;&#1090;&#1080;;http:\/\/fr.dbpedia.org\/resource\/M&eacute;decine_interne;http:\/\/uk.dbpedia.org\/resource\/&#1042;&#1085;&#1091;&#1090;&#1088;&#1110;&#1096;&#1085;&#1110;_&#1079;&#1072;&#1093;&#1074;&#1086;&#1088;&#1102;&#1074;&#1072;&#1085;&#1085;&#1103;;http:\/\/sr.dbpedia.org\/resource\/&#1048;&#1085;&#1090;&#1077;&#1088;&#1085;&#1072;_&#1084;&#1077;&#1076;&#1080;&#1094;&#1080;&#1085;&#1072;;http:\/\/sv.dbpedia.org\/resource\/Inv&auml;rtesmedicin;http:\/\/cs.dbpedia.org\/resource\/Vnit&#345;n&iacute;_l&eacute;ka&#345;stv&iacute;;http:\/\/ro.dbpedia.org\/resource\/Medicin&#259;_intern&#259;;http:\/\/tr.dbpedia.org\/resource\/&#304;&ccedil;_hastal&#305;klar&#305;;https:\/\/data.wordlift.io\/wl106637\/entity\/clinica_medica\">Cl&iacute;nica M&eacute;dica<\/a><\/td><td class=\"has-text-align-center\" data-align=\"center\">99<\/td><td class=\"has-text-align-center\" data-align=\"center\">947<\/td><td class=\"has-text-align-center\" data-align=\"center\">9,56<\/td><\/tr><tr><td>Dermatologia<\/td><td class=\"has-text-align-center\" data-align=\"center\">4<\/td><td class=\"has-text-align-center\" data-align=\"center\">436<\/td><td class=\"has-text-align-center\" data-align=\"center\">109<\/td><\/tr><tr><td>Medicina de Fam&iacute;lia e Comunidade<\/td><td class=\"has-text-align-center\" data-align=\"center\">100<\/td><td class=\"has-text-align-center\" data-align=\"center\">69<\/td><td class=\"has-text-align-center\" data-align=\"center\">0,69<\/td><\/tr><tr><td>Neurocirurgia<\/td><td class=\"has-text-align-center\" data-align=\"center\">1<\/td><td class=\"has-text-align-center\" data-align=\"center\">43<\/td><td class=\"has-text-align-center\" data-align=\"center\">43<\/td><\/tr><tr><td>Obstetr&iacute;cia e Ginecologia<\/td><td class=\"has-text-align-center\" data-align=\"center\">54<\/td><td class=\"has-text-align-center\" data-align=\"center\">734<\/td><td class=\"has-text-align-center\" data-align=\"center\">13,59<\/td><\/tr><tr><td>Ortopedia e Traumatologia<\/td><td class=\"has-text-align-center\" data-align=\"center\">28<\/td><td class=\"has-text-align-center\" data-align=\"center\">173<\/td><td class=\"has-text-align-center\" data-align=\"center\">6,17<\/td><\/tr><tr><td>Otorrinolaringologia<\/td><td class=\"has-text-align-center\" data-align=\"center\">2<\/td><td class=\"has-text-align-center\" data-align=\"center\">126<\/td><td class=\"has-text-align-center\" data-align=\"center\">63<\/td><\/tr><tr><td>Pediatria<\/td><td class=\"has-text-align-center\" data-align=\"center\">56<\/td><td class=\"has-text-align-center\" data-align=\"center\">430<\/td><td class=\"has-text-align-center\" data-align=\"center\">7,67<\/td><\/tr><tr><td>Psiquiatria<\/td><td class=\"has-text-align-center\" data-align=\"center\">14<\/td><td class=\"has-text-align-center\" data-align=\"center\">551<\/td><td class=\"has-text-align-center\" data-align=\"center\">39,35<\/td><\/tr><\/tbody><\/table><figcaption>  Foi contabilizado o total de vagas ofertadas, portanto, a concorr&ecirc;ncia geral n&atilde;o se aplica necessariamente a candidatos que possam estar concorrendo a vagas reservadas para PcD e Afrodescendentes <\/figcaption><\/figure><h3 class=\"wp-block-heading\" id=\"h-pre-requisito\">Pr&eacute;-Requisito<\/h3><figure class=\"wp-block-table is-style-stripes\"><table><thead><tr><th> Especialidades<\/th><th class=\"has-text-align-center\" data-align=\"center\"> Vagas Totais <\/th><th class=\"has-text-align-center\" data-align=\"center\">Inscritos<\/th><th class=\"has-text-align-center\" data-align=\"center\">Concorr&ecirc;ncia<\/th><\/tr><\/thead><tbody><tr><td>Cirurgia de M&atilde;o<\/td><td class=\"has-text-align-center\" data-align=\"center\">3<\/td><td class=\"has-text-align-center\" data-align=\"center\">34<\/td><td class=\"has-text-align-center\" data-align=\"center\">11,33<\/td><\/tr><tr><td>Cirurgia de Cabe&ccedil;a e Pesco&ccedil;o<\/td><td class=\"has-text-align-center\" data-align=\"center\">1<\/td><td class=\"has-text-align-center\" data-align=\"center\">2<\/td><td class=\"has-text-align-center\" data-align=\"center\">2<\/td><\/tr><tr><td>Cirurgia do Aparelho Digestivo<\/td><td class=\"has-text-align-center\" data-align=\"center\">2<\/td><td class=\"has-text-align-center\" data-align=\"center\">27<\/td><td class=\"has-text-align-center\" data-align=\"center\">13,5<\/td><\/tr><tr><td>Cirurgia Pedi&aacute;trica<\/td><td class=\"has-text-align-center\" data-align=\"center\">1<\/td><td class=\"has-text-align-center\" data-align=\"center\">25<\/td><td class=\"has-text-align-center\" data-align=\"center\">25<\/td><\/tr><tr><td>Cirurgia Pl&aacute;stica<\/td><td class=\"has-text-align-center\" data-align=\"center\">2<\/td><td class=\"has-text-align-center\" data-align=\"center\">149<\/td><td class=\"has-text-align-center\" data-align=\"center\">74,5<\/td><\/tr><tr><td>Cirurgia Vascular<\/td><td class=\"has-text-align-center\" data-align=\"center\">6<\/td><td class=\"has-text-align-center\" data-align=\"center\">41<\/td><td class=\"has-text-align-center\" data-align=\"center\">6,83<\/td><\/tr><tr><td>Coloproctologia<\/td><td class=\"has-text-align-center\" data-align=\"center\">1<\/td><td class=\"has-text-align-center\" data-align=\"center\">20<\/td><td class=\"has-text-align-center\" data-align=\"center\">20<\/td><\/tr><tr><td>Endocrinologia e Metabologia<\/td><td class=\"has-text-align-center\" data-align=\"center\">2<\/td><td class=\"has-text-align-center\" data-align=\"center\">49<\/td><td class=\"has-text-align-center\" data-align=\"center\">24,5<\/td><\/tr><tr><td>Gastroenterologia<\/td><td class=\"has-text-align-center\" data-align=\"center\">2<\/td><td class=\"has-text-align-center\" data-align=\"center\">25<\/td><td class=\"has-text-align-center\" data-align=\"center\">12,5<\/td><\/tr><tr><td>Geriatria<\/td><td class=\"has-text-align-center\" data-align=\"center\">2<\/td><td class=\"has-text-align-center\" data-align=\"center\">17<\/td><td class=\"has-text-align-center\" data-align=\"center\">8,5<\/td><\/tr><tr><td>Mastologia<\/td><td class=\"has-text-align-center\" data-align=\"center\">2<\/td><td class=\"has-text-align-center\" data-align=\"center\">9<\/td><td class=\"has-text-align-center\" data-align=\"center\">4,5<\/td><\/tr><tr><td>Nefrologia<\/td><td class=\"has-text-align-center\" data-align=\"center\">1<\/td><td class=\"has-text-align-center\" data-align=\"center\">7<\/td><td class=\"has-text-align-center\" data-align=\"center\">7<\/td><\/tr><tr><td>Pneumologia<\/td><td class=\"has-text-align-center\" data-align=\"center\">1<\/td><td class=\"has-text-align-center\" data-align=\"center\">0<\/td><td class=\"has-text-align-center\" data-align=\"center\">&ndash;<\/td><\/tr><tr><td>Urologia<\/td><td class=\"has-text-align-center\" data-align=\"center\">2<\/td><td class=\"has-text-align-center\" data-align=\"center\">50<\/td><td class=\"has-text-align-center\" data-align=\"center\">25<\/td><\/tr><\/tbody><\/table><figcaption>   Foi contabilizado o total de vagas ofertadas, portanto, a concorr&ecirc;ncia geral n&atilde;o se aplica necessariamente a candidatos que possam estar concorrendo a vagas reservadas para PcD e Afrodescendentes  <\/figcaption><\/figure><h3 class=\"wp-block-heading\" id=\"h-areas-de-atuacao\">&Aacute;reas de Atua&ccedil;&atilde;o<\/h3><figure class=\"wp-block-table is-style-stripes\"><table><thead><tr><th> Especialidades<\/th><th class=\"has-text-align-center\" data-align=\"center\"> Vagas Totais <\/th><th class=\"has-text-align-center\" data-align=\"center\">Inscritos<\/th><th class=\"has-text-align-center\" data-align=\"center\">Concorr&ecirc;ncia<\/th><\/tr><\/thead><tbody><tr><td>Angiorradiologia e Cirurgia Endovascular<\/td><td class=\"has-text-align-center\" data-align=\"center\">1<\/td><td class=\"has-text-align-center\" data-align=\"center\">4<\/td><td class=\"has-text-align-center\" data-align=\"center\">4<\/td><\/tr><tr><td>Emerg&ecirc;ncia Pedi&aacute;trica<\/td><td class=\"has-text-align-center\" data-align=\"center\">1<\/td><td class=\"has-text-align-center\" data-align=\"center\">1<\/td><td class=\"has-text-align-center\" data-align=\"center\">1<\/td><\/tr><tr><td>Endoscopia Ginecol&oacute;gica<\/td><td class=\"has-text-align-center\" data-align=\"center\">2<\/td><td class=\"has-text-align-center\" data-align=\"center\">51<\/td><td class=\"has-text-align-center\" data-align=\"center\">25,5<\/td><\/tr><tr><td>Gastroenterologia Pedi&aacute;trica<\/td><td class=\"has-text-align-center\" data-align=\"center\">4<\/td><td class=\"has-text-align-center\" data-align=\"center\">7<\/td><td class=\"has-text-align-center\" data-align=\"center\">1,75<\/td><\/tr><tr><td>Medicina Intensiva Pedi&aacute;trica<\/td><td class=\"has-text-align-center\" data-align=\"center\">6<\/td><td class=\"has-text-align-center\" data-align=\"center\">14<\/td><td class=\"has-text-align-center\" data-align=\"center\">2,33<\/td><\/tr><tr><td>Neonatologia<\/td><td class=\"has-text-align-center\" data-align=\"center\">14<\/td><td class=\"has-text-align-center\" data-align=\"center\">9<\/td><td class=\"has-text-align-center\" data-align=\"center\">0,64<\/td><\/tr><tr><td>Pneumologia Pedi&aacute;trica<\/td><td class=\"has-text-align-center\" data-align=\"center\">1<\/td><td class=\"has-text-align-center\" data-align=\"center\">2<\/td><td class=\"has-text-align-center\" data-align=\"center\">2<\/td><\/tr><\/tbody><\/table><figcaption>  Foi contabilizado o total de vagas ofertadas, portanto, a concorr&ecirc;ncia geral n&atilde;o se aplica necessariamente a candidatos que possam estar concorrendo a vagas reservadas para PcD e Afrodescendentes  <\/figcaption><\/figure><div class=\"wp-block-buttons is-content-justification-center is-layout-flex wp-block-buttons-is-layout-flex\">\n<div class=\"wp-block-button\"><a class=\"wp-block-button__link\" href=\"https:\/\/med.estrategia.com\/portal\/wp-content\/uploads\/2022\/11\/inscricoeshomologadas_sms-sp2023.pdf\" target=\"_blank\">Inscri&ccedil;&otilde;es Homologadas &ndash; SMS-SP 2023<\/a><\/div>\n<\/div><p>\n\n\n<div id=\"new-form\">\n\t<form id=\"forms_layout\">\n\t<input type=\"hidden\" id=\"chave_de\" name=\"chave_de\" value=\"01_EMED_LEADS_TOTAIS\" \/>\n\t\t<input type=\"hidden\" id=\"mid\" name=\"mid\" value=\"515009018\" \/>\n\t\t<input type=\"hidden\" id=\"Objetivo\" name=\"Objetivo\" value=\"Medicina\" \/>\n\t\t<input type=\"hidden\" id=\"Estado_de_Origem_do_IP\" name=\"Estado_de_Origem_do_IP\"  value=\"\" \/>\n\t\t<input type=\"hidden\" id=\"Cidade_de_Origem_do_IP\" name=\"Cidade_de_Origem_do_IP\" value=\"\" \/>\n\t\t<input type=\"hidden\" id=\"Modo_de_entrada\" name=\"Modo_de_entrada\" value=\"Portal\" \/>\n\t\t<input type=\"hidden\" id=\"Pagina_Origem\" name=\"Pagina_Origem\" value=\"\" \/>\n\n\t\t<div class=\"texto\">\n\t\t\t<h3 class=\"news\">Inscreva-se em nossa newsletter!<\/h3>\n\t\t\t<p>Receba not\u00edcias sobre resid\u00eancia m\u00e9dica, revalida\u00e7\u00e3o de diplomas e concursos m\u00e9dicos, al\u00e9m de materiais de estudo gratuitos e informa\u00e7\u00f5es relevantes do mundo da Medicina.<\/p>\n\t\t<\/div>\n\t\t<div class=\"campos\">\n\t\t\t<div class=\"first_name labels\">\n\t\t\t\t<input type=\"text\" class=\"input_labels\" id=\"first_name\" name=\"Nome_Completo\" placeholder=\"Nome\" required \/>\n\t\t\t<\/div>\n\t\t\t<div class=\"email labels\">\n\t\t\t\t<input type=\"email\" class=\"input_labels\" id=\"email\" name=\"Email\" placeholder=\"E-mail\" required \/>\n\t\t\t<\/div>\n\t\t\t<button type=\"submit\" class=\"button_layout\">\n\t\t\t\t<div id=\"lblBotao\">Inscreva-se<\/div>\n\t\t\t\t<span id=\"divSpiner\" class=\"loader\" role=\"status\" style=\"display: none;\"><\/span>\t\n\t\t\t<\/button>\n\t\t<\/div><!-- \/campos -->\n\t\t\n\t\t<label class=\"container_checkbox\">Voc\u00ea concorda com a nossa\n\t\t\t<a class=\"politics_privacy_ahref\" target=\"_blank\" href=\"https:\/\/gratis.estrategiaconcursos.com.br\/politica-de-privacidade\/\">Pol\u00edtica de Privacidade<\/a> e aceita receber informa\u00e7\u00f5es adicionais do Estrat\u00e9gia Educacional.\n\t\t\t<input id=\"checkbox_layout\" type=\"checkbox\" checked=\"checked\" required \/>\n\t\t\t<span class=\"checkbox\"><\/span>\n\t\t<\/label>\n\t\t<div id=\"msg\"><\/div>\n\t\t<div id=\"error\" class=\"error\">\n\t\t<\/div>\n\t<\/form>\n<\/div><!-- \/new-form -->\n\n\n\n<\/p><h2 class=\"wp-block-heading\" id=\"h-cronograma-sms-sp-2023\"><span class=\"ez-toc-section\" id=\"Cronograma-SMS-SP-2023\"><\/span>Cronograma SMS-SP 2023<span class=\"ez-toc-section-end\"><\/span><\/h2><ul class=\"wp-block-list\"><li><strong>Taxa de inscri&ccedil;&atilde;o:&nbsp;<\/strong>R$ 138,00;<\/li><li><strong>Solicita&ccedil;&atilde;o de isen&ccedil;&atilde;o:<\/strong>&nbsp;01 a 06\/10\/2022;<\/li><li><strong>Per&iacute;odo de Inscri&ccedil;&otilde;es:<\/strong>&nbsp;01 a 08\/11\/2022;&nbsp;<\/li><li><strong>Locais e hor&aacute;rios de prova:<\/strong>&nbsp;21\/11\/2022; e<\/li><li><strong>Prova Objetiva:<\/strong>&nbsp;27\/11\/2022;<\/li><li><strong>Gabarito Preliminar<\/strong>: a confirmar;<\/li><li><strong>Recursos<\/strong>&nbsp;<strong>ao gabarito:&nbsp;<\/strong>a confirmar; e<\/li><li><strong>Resultado Final<\/strong>: a confirmar.<\/li><\/ul><p>Mais datas ser&atilde;o divulgadas em breve, no&nbsp;<a href=\"https:\/\/www.iades.com.br\/inscricao\" target=\"_blank\">Portal IADES<\/a>&nbsp;e no&nbsp;<a href=\"http:\/\/diariooficial.imprensaoficial.com.br\/nav_cidade\/index.asp?c=1&amp;e=20211211&amp;p=1&amp;clipID=3d21470f3cec2d46767e651494a0b017\" target=\"_blank\">Di&aacute;rio Oficial da Cidade de S&atilde;o Paulo.<\/a><\/p><h2 class=\"wp-block-heading\" id=\"h-instituicoes-participantes-sms-sp-2023\"><span class=\"ez-toc-section\" id=\"Instituicoes-Participantes-SMS-SP-2023\"><\/span>Institui&ccedil;&otilde;es Participantes SMS-SP 2023<span class=\"ez-toc-section-end\"><\/span><\/h2><ol class=\"wp-block-list\"><li>Hospital Municipal Dr. Arthur Ribeiro de Saboya (Hospital Jabaquara);&nbsp;<\/li><li>Hospital Municipal Prof. Dr. Al&iacute;pio Corr&ecirc;a Neto (Hospital Ermelino Matarazzo);&nbsp;<\/li><li>Hospital Municipal Dr. C&aacute;rmino Caricchio (Hospital Tatuap&eacute;);<\/li><li>Hospital Municipal Dr. Fernando Mauro Pires da Rocha (Hospital Campo Limpo);&nbsp;<\/li><li>Hospital Municipal Infantil Menino Jesus;<\/li><li>Hospital Municipal Maternidade MME Dr. Mario de Moraes Altenfelder Silva (Hospital Vila Nova Cachoeirinha); e<\/li><li>Hospital Servidor P&uacute;blico Municipal (HSPM).<\/li><\/ol><p>Al&eacute;m disso, a Resid&ecirc;ncia poder&aacute; ser realizada na&nbsp;<strong>Rede da SMS-SP<\/strong>, que &eacute; vinculada &agrave;s seguintes institui&ccedil;&otilde;es:&nbsp;<\/p><ul class=\"wp-block-list\"><li>Hospital Municipal Dr. Moys&eacute;s Deutsch (Hospital M&rsquo;Boi Mirim);<\/li><li>Hospital Municipal Dr. Ign&aacute;cio de Proen&ccedil;a Gouveia;<\/li><li>Hospital S&atilde;o Luiz Gonzaga; e<\/li><li>Hospital Municipal Prof. Dr. Waldomiro de Paula.<\/li><\/ul><p class=\"wp-block-verse\">Tudo sobre o processo seletivo da SMS-SP 2023: <a href=\"https:\/\/med.estrategia.com\/portal\/residencia-medica\/sms-sp-residencia-medica\" target=\"_blank\">Resid&ecirc;ncia M&eacute;dica SMS-SP 2023: inscri&ccedil;&otilde;es, edital, vagas e mais!<\/a><\/p><p class=\"wp-block-verse\" id=\"block-98b732c0-5012-47fb-8a66-78ae580131e0\">Quer ter acesso a mais rela&ccedil;&otilde;es candidato\/vaga? N&atilde;o deixe de conferir: <a href=\"https:\/\/med.estrategia.com\/portal\/residencia-medica\/concorrencia-residencia-medica\/\" target=\"_blank\">Rela&ccedil;&atilde;o candidato\/vaga para Resid&ecirc;ncia M&eacute;dica 2023: confira a concorr&ecirc;ncia dos principais seletivos!<\/a> e a <a href=\"https:\/\/med.estrategia.com\/portal\/noticias\/\" target=\"_blank\">p&aacute;gina de not&iacute;cias<\/a> do Portal do Estrat&eacute;gia MED<\/p><p>\n\n\n\n\n\n<a id=\"cta\" class=\"cta-imagem\" href=\"https:\/\/med.estrategia.com\/curso\/banco-de-questes-resumos-estrategicos-anual\/\" target=\"blank\">\n                <img decoding=\"async\" width=\"100%\" src=\"https:\/\/med.estrategia.com\/portal\/wp-content\/uploads\/2025\/08\/banco_questoes.png\" alt=\"banco_questoes\" title=\"banco_questoes\">\n        <\/a>\n<\/p><\/p>\n","protected":false},"excerpt":{"rendered":"A Secretaria Municipal de Sa&uacute;de de S&atilde;o Paulo divulgou na noite da &uacute;ltima segunda-feira (21) a quantidade de&hellip;\n","protected":false},"author":39,"featured_media":30726,"comment_status":"closed","ping_status":"closed","sticky":false,"template":"","format":"standard","meta":{"wl_entities_gutenberg":"","footnotes":""},"categories":[300],"tags":[],"wl_entity_type":[199],"class_list":{"0":"post-30725","1":"post","2":"type-post","3":"status-publish","4":"format-standard","5":"has-post-thumbnail","7":"category-noticias","8":"wl_entity_type-article"},"acf":[],"yoast_head":"<!-- This site is optimized with the Yoast SEO Premium plugin v26.6 (Yoast SEO v26.6) - https:\/\/yoast.com\/wordpress\/plugins\/seo\/ -->\n<title>SMS-SP 2023: confira a rela\u00e7\u00e3o candidato\/vaga da sele\u00e7\u00e3o de resid\u00eancia m\u00e9dica<\/title>\n<meta name=\"description\" content=\"Confira a rela\u00e7\u00e3o candidato\/vaga da sele\u00e7\u00e3o de resid\u00eancia m\u00e9dica da SMS-SP 2023 que o Estrat\u00e9gia MED preparou exclusivamente para voc\u00ea!\" \/>\n<meta name=\"robots\" content=\"index, follow, max-snippet:-1, max-image-preview:large, max-video-preview:-1\" \/>\n<link rel=\"canonical\" href=\"https:\/\/med.estrategia.com\/portal\/noticias\/sms-sp-2023-confira-a-relacao-candidato-vaga-da-selecao-de-residencia-medica\/\" \/>\n<meta property=\"og:locale\" content=\"pt_BR\" \/>\n<meta property=\"og:type\" content=\"article\" \/>\n<meta property=\"og:title\" content=\"SMS-SP 2023: confira a rela\u00e7\u00e3o candidato\/vaga da sele\u00e7\u00e3o de resid\u00eancia m\u00e9dica\" \/>\n<meta property=\"og:description\" content=\"Confira a rela\u00e7\u00e3o candidato\/vaga da sele\u00e7\u00e3o de resid\u00eancia m\u00e9dica da SMS-SP 2023 que o Estrat\u00e9gia MED preparou exclusivamente para voc\u00ea!\" \/>\n<meta property=\"og:url\" content=\"https:\/\/med.estrategia.com\/portal\/noticias\/sms-sp-2023-confira-a-relacao-candidato-vaga-da-selecao-de-residencia-medica\/\" \/>\n<meta property=\"og:site_name\" content=\"Estrat\u00e9gia MED\" \/>\n<meta property=\"article:publisher\" content=\"https:\/\/www.facebook.com\/estrategiamed1\" \/>\n<meta property=\"article:published_time\" content=\"2022-11-22T12:24:02+00:00\" \/>\n<meta property=\"article:modified_time\" content=\"2022-11-22T17:01:53+00:00\" \/>\n<meta property=\"og:image\" content=\"https:\/\/cdn.medblog.estrategiaeducacional.com.br\/wp-content\/uploads\/2022\/11\/coverWP_publica_bgfoto_logo-5.jpg\" \/>\n\t<meta property=\"og:image:width\" content=\"1200\" \/>\n\t<meta property=\"og:image:height\" content=\"800\" \/>\n\t<meta property=\"og:image:type\" content=\"image\/jpeg\" \/>\n<meta name=\"author\" content=\"Ana Carolina Damasceno\" \/>\n<meta name=\"twitter:card\" content=\"summary_large_image\" \/>\n<meta name=\"twitter:creator\" content=\"@estrategiamed_\" \/>\n<meta name=\"twitter:site\" content=\"@estrategiamed_\" \/>\n<meta name=\"twitter:label1\" content=\"Escrito por\" \/>\n\t<meta name=\"twitter:data1\" content=\"Ana Carolina Damasceno\" \/>\n\t<meta name=\"twitter:label2\" content=\"Est. tempo de leitura\" \/>\n\t<meta name=\"twitter:data2\" content=\"3 minutos\" \/>\n<script type=\"application\/ld+json\" class=\"yoast-schema-graph\">{\"@context\":\"https:\/\/schema.org\",\"@graph\":[{\"@type\":\"WebPage\",\"@id\":\"https:\/\/med.estrategia.com\/portal\/noticias\/sms-sp-2023-confira-a-relacao-candidato-vaga-da-selecao-de-residencia-medica\/\",\"url\":\"https:\/\/med.estrategia.com\/portal\/noticias\/sms-sp-2023-confira-a-relacao-candidato-vaga-da-selecao-de-residencia-medica\/\",\"name\":\"SMS-SP 2023: confira a rela\u00e7\u00e3o candidato\/vaga da sele\u00e7\u00e3o de resid\u00eancia m\u00e9dica\",\"isPartOf\":{\"@id\":\"https:\/\/med.estrategia.com\/portal\/#website\"},\"primaryImageOfPage\":{\"@id\":\"https:\/\/med.estrategia.com\/portal\/noticias\/sms-sp-2023-confira-a-relacao-candidato-vaga-da-selecao-de-residencia-medica\/#primaryimage\"},\"image\":{\"@id\":\"https:\/\/med.estrategia.com\/portal\/noticias\/sms-sp-2023-confira-a-relacao-candidato-vaga-da-selecao-de-residencia-medica\/#primaryimage\"},\"thumbnailUrl\":\"https:\/\/med.estrategia.com\/portal\/wp-content\/uploads\/2022\/11\/coverWP_publica_bgfoto_logo-5.jpg\",\"datePublished\":\"2022-11-22T12:24:02+00:00\",\"dateModified\":\"2022-11-22T17:01:53+00:00\",\"author\":{\"@id\":\"https:\/\/med.estrategia.com\/portal\/#\/schema\/person\/2f553adbb8e25fe39d145c5b2927f58c\"},\"description\":\"Confira a rela\u00e7\u00e3o candidato\/vaga da sele\u00e7\u00e3o de resid\u00eancia m\u00e9dica da SMS-SP 2023 que o Estrat\u00e9gia MED preparou exclusivamente para voc\u00ea!\",\"breadcrumb\":{\"@id\":\"https:\/\/med.estrategia.com\/portal\/noticias\/sms-sp-2023-confira-a-relacao-candidato-vaga-da-selecao-de-residencia-medica\/#breadcrumb\"},\"inLanguage\":\"pt-BR\",\"potentialAction\":[{\"@type\":\"ReadAction\",\"target\":[\"https:\/\/med.estrategia.com\/portal\/noticias\/sms-sp-2023-confira-a-relacao-candidato-vaga-da-selecao-de-residencia-medica\/\"]}]},{\"@type\":\"ImageObject\",\"inLanguage\":\"pt-BR\",\"@id\":\"https:\/\/med.estrategia.com\/portal\/noticias\/sms-sp-2023-confira-a-relacao-candidato-vaga-da-selecao-de-residencia-medica\/#primaryimage\",\"url\":\"https:\/\/med.estrategia.com\/portal\/wp-content\/uploads\/2022\/11\/coverWP_publica_bgfoto_logo-5.jpg\",\"contentUrl\":\"https:\/\/med.estrategia.com\/portal\/wp-content\/uploads\/2022\/11\/coverWP_publica_bgfoto_logo-5.jpg\",\"width\":1200,\"height\":800,\"caption\":\"Cr\u00e9ditos: Estrat\u00e9gia MED e SMS-SP\"},{\"@type\":\"BreadcrumbList\",\"@id\":\"https:\/\/med.estrategia.com\/portal\/noticias\/sms-sp-2023-confira-a-relacao-candidato-vaga-da-selecao-de-residencia-medica\/#breadcrumb\",\"itemListElement\":[{\"@type\":\"ListItem\",\"position\":1,\"name\":\"Home\",\"item\":\"https:\/\/med.estrategia.com\/portal\/\"},{\"@type\":\"ListItem\",\"position\":2,\"name\":\"Not\u00edcias\",\"item\":\"https:\/\/med.estrategia.com\/portal\/noticias\/\"},{\"@type\":\"ListItem\",\"position\":3,\"name\":\"SMS-SP 2023: confira a rela\u00e7\u00e3o candidato\/vaga da sele\u00e7\u00e3o de resid\u00eancia m\u00e9dica\"}]},{\"@type\":\"WebSite\",\"@id\":\"https:\/\/med.estrategia.com\/portal\/#website\",\"url\":\"https:\/\/med.estrategia.com\/portal\/\",\"name\":\"Estrat\u00e9gia MED\",\"description\":\"\",\"potentialAction\":[{\"@type\":\"SearchAction\",\"target\":{\"@type\":\"EntryPoint\",\"urlTemplate\":\"https:\/\/med.estrategia.com\/portal\/?s={search_term_string}\"},\"query-input\":{\"@type\":\"PropertyValueSpecification\",\"valueRequired\":true,\"valueName\":\"search_term_string\"}}],\"inLanguage\":\"pt-BR\"},{\"@type\":\"Person\",\"@id\":\"https:\/\/med.estrategia.com\/portal\/#\/schema\/person\/2f553adbb8e25fe39d145c5b2927f58c\",\"name\":\"Ana Carolina Damasceno\",\"image\":{\"@type\":\"ImageObject\",\"inLanguage\":\"pt-BR\",\"@id\":\"https:\/\/med.estrategia.com\/portal\/#\/schema\/person\/image\/\",\"url\":\"https:\/\/med.estrategia.com\/portal\/wp-content\/uploads\/2021\/09\/WhatsApp-Image-2023-08-18-at-16.46.43-150x150.jpeg\",\"contentUrl\":\"https:\/\/med.estrategia.com\/portal\/wp-content\/uploads\/2021\/09\/WhatsApp-Image-2023-08-18-at-16.46.43-150x150.jpeg\",\"caption\":\"Ana Carolina Damasceno\"},\"description\":\"Coordenadora de Jornalismo EMED. Comunicadora por natureza e forma\u00e7\u00e3o, que ama e perde a no\u00e7\u00e3o do tempo com m\u00fasica e s\u00e9rie.\",\"url\":\"https:\/\/med.estrategia.com\/portal\/author\/ana-carolina-damasceno\/\"}]}<\/script>\n<!-- \/ Yoast SEO Premium plugin. -->","yoast_head_json":{"title":"SMS-SP 2023: confira a rela\u00e7\u00e3o candidato\/vaga da sele\u00e7\u00e3o de resid\u00eancia m\u00e9dica","description":"Confira a rela\u00e7\u00e3o candidato\/vaga da sele\u00e7\u00e3o de resid\u00eancia m\u00e9dica da SMS-SP 2023 que o Estrat\u00e9gia MED preparou exclusivamente para voc\u00ea!","robots":{"index":"index","follow":"follow","max-snippet":"max-snippet:-1","max-image-preview":"max-image-preview:large","max-video-preview":"max-video-preview:-1"},"canonical":"https:\/\/med.estrategia.com\/portal\/noticias\/sms-sp-2023-confira-a-relacao-candidato-vaga-da-selecao-de-residencia-medica\/","og_locale":"pt_BR","og_type":"article","og_title":"SMS-SP 2023: confira a rela\u00e7\u00e3o candidato\/vaga da sele\u00e7\u00e3o de resid\u00eancia m\u00e9dica","og_description":"Confira a rela\u00e7\u00e3o candidato\/vaga da sele\u00e7\u00e3o de resid\u00eancia m\u00e9dica da SMS-SP 2023 que o Estrat\u00e9gia MED preparou exclusivamente para voc\u00ea!","og_url":"https:\/\/med.estrategia.com\/portal\/noticias\/sms-sp-2023-confira-a-relacao-candidato-vaga-da-selecao-de-residencia-medica\/","og_site_name":"Estrat\u00e9gia MED","article_publisher":"https:\/\/www.facebook.com\/estrategiamed1","article_published_time":"2022-11-22T12:24:02+00:00","article_modified_time":"2022-11-22T17:01:53+00:00","og_image":[{"width":1200,"height":800,"url":"https:\/\/cdn.medblog.estrategiaeducacional.com.br\/wp-content\/uploads\/2022\/11\/coverWP_publica_bgfoto_logo-5.jpg","type":"image\/jpeg"}],"author":"Ana Carolina Damasceno","twitter_card":"summary_large_image","twitter_creator":"@estrategiamed_","twitter_site":"@estrategiamed_","twitter_misc":{"Escrito por":"Ana Carolina Damasceno","Est. tempo de leitura":"3 minutos"},"schema":{"@context":"https:\/\/schema.org","@graph":[{"@type":"WebPage","@id":"https:\/\/med.estrategia.com\/portal\/noticias\/sms-sp-2023-confira-a-relacao-candidato-vaga-da-selecao-de-residencia-medica\/","url":"https:\/\/med.estrategia.com\/portal\/noticias\/sms-sp-2023-confira-a-relacao-candidato-vaga-da-selecao-de-residencia-medica\/","name":"SMS-SP 2023: confira a rela\u00e7\u00e3o candidato\/vaga da sele\u00e7\u00e3o de resid\u00eancia m\u00e9dica","isPartOf":{"@id":"https:\/\/med.estrategia.com\/portal\/#website"},"primaryImageOfPage":{"@id":"https:\/\/med.estrategia.com\/portal\/noticias\/sms-sp-2023-confira-a-relacao-candidato-vaga-da-selecao-de-residencia-medica\/#primaryimage"},"image":{"@id":"https:\/\/med.estrategia.com\/portal\/noticias\/sms-sp-2023-confira-a-relacao-candidato-vaga-da-selecao-de-residencia-medica\/#primaryimage"},"thumbnailUrl":"https:\/\/med.estrategia.com\/portal\/wp-content\/uploads\/2022\/11\/coverWP_publica_bgfoto_logo-5.jpg","datePublished":"2022-11-22T12:24:02+00:00","dateModified":"2022-11-22T17:01:53+00:00","author":{"@id":"https:\/\/med.estrategia.com\/portal\/#\/schema\/person\/2f553adbb8e25fe39d145c5b2927f58c"},"description":"Confira a rela\u00e7\u00e3o candidato\/vaga da sele\u00e7\u00e3o de resid\u00eancia m\u00e9dica da SMS-SP 2023 que o Estrat\u00e9gia MED preparou exclusivamente para voc\u00ea!","breadcrumb":{"@id":"https:\/\/med.estrategia.com\/portal\/noticias\/sms-sp-2023-confira-a-relacao-candidato-vaga-da-selecao-de-residencia-medica\/#breadcrumb"},"inLanguage":"pt-BR","potentialAction":[{"@type":"ReadAction","target":["https:\/\/med.estrategia.com\/portal\/noticias\/sms-sp-2023-confira-a-relacao-candidato-vaga-da-selecao-de-residencia-medica\/"]}]},{"@type":"ImageObject","inLanguage":"pt-BR","@id":"https:\/\/med.estrategia.com\/portal\/noticias\/sms-sp-2023-confira-a-relacao-candidato-vaga-da-selecao-de-residencia-medica\/#primaryimage","url":"https:\/\/med.estrategia.com\/portal\/wp-content\/uploads\/2022\/11\/coverWP_publica_bgfoto_logo-5.jpg","contentUrl":"https:\/\/med.estrategia.com\/portal\/wp-content\/uploads\/2022\/11\/coverWP_publica_bgfoto_logo-5.jpg","width":1200,"height":800,"caption":"Cr\u00e9ditos: Estrat\u00e9gia MED e SMS-SP"},{"@type":"BreadcrumbList","@id":"https:\/\/med.estrategia.com\/portal\/noticias\/sms-sp-2023-confira-a-relacao-candidato-vaga-da-selecao-de-residencia-medica\/#breadcrumb","itemListElement":[{"@type":"ListItem","position":1,"name":"Home","item":"https:\/\/med.estrategia.com\/portal\/"},{"@type":"ListItem","position":2,"name":"Not\u00edcias","item":"https:\/\/med.estrategia.com\/portal\/noticias\/"},{"@type":"ListItem","position":3,"name":"SMS-SP 2023: confira a rela\u00e7\u00e3o candidato\/vaga da sele\u00e7\u00e3o de resid\u00eancia m\u00e9dica"}]},{"@type":"WebSite","@id":"https:\/\/med.estrategia.com\/portal\/#website","url":"https:\/\/med.estrategia.com\/portal\/","name":"Estrat\u00e9gia MED","description":"","potentialAction":[{"@type":"SearchAction","target":{"@type":"EntryPoint","urlTemplate":"https:\/\/med.estrategia.com\/portal\/?s={search_term_string}"},"query-input":{"@type":"PropertyValueSpecification","valueRequired":true,"valueName":"search_term_string"}}],"inLanguage":"pt-BR"},{"@type":"Person","@id":"https:\/\/med.estrategia.com\/portal\/#\/schema\/person\/2f553adbb8e25fe39d145c5b2927f58c","name":"Ana Carolina Damasceno","image":{"@type":"ImageObject","inLanguage":"pt-BR","@id":"https:\/\/med.estrategia.com\/portal\/#\/schema\/person\/image\/","url":"https:\/\/med.estrategia.com\/portal\/wp-content\/uploads\/2021\/09\/WhatsApp-Image-2023-08-18-at-16.46.43-150x150.jpeg","contentUrl":"https:\/\/med.estrategia.com\/portal\/wp-content\/uploads\/2021\/09\/WhatsApp-Image-2023-08-18-at-16.46.43-150x150.jpeg","caption":"Ana Carolina Damasceno"},"description":"Coordenadora de Jornalismo EMED. Comunicadora por natureza e forma\u00e7\u00e3o, que ama e perde a no\u00e7\u00e3o do tempo com m\u00fasica e s\u00e9rie.","url":"https:\/\/med.estrategia.com\/portal\/author\/ana-carolina-damasceno\/"}]}},"_wl_alt_label":[],"wl:entity_url":"\/post\/sms-sp-2023-confira-a-relacao-candidato-vaga-da-selecao-de-residencia-medica","_links":{"self":[{"href":"https:\/\/med.estrategia.com\/portal\/wp-json\/wp\/v2\/posts\/30725","targetHints":{"allow":["GET"]}}],"collection":[{"href":"https:\/\/med.estrategia.com\/portal\/wp-json\/wp\/v2\/posts"}],"about":[{"href":"https:\/\/med.estrategia.com\/portal\/wp-json\/wp\/v2\/types\/post"}],"author":[{"embeddable":true,"href":"https:\/\/med.estrategia.com\/portal\/wp-json\/wp\/v2\/users\/39"}],"replies":[{"embeddable":true,"href":"https:\/\/med.estrategia.com\/portal\/wp-json\/wp\/v2\/comments?post=30725"}],"version-history":[{"count":4,"href":"https:\/\/med.estrategia.com\/portal\/wp-json\/wp\/v2\/posts\/30725\/revisions"}],"predecessor-version":[{"id":30757,"href":"https:\/\/med.estrategia.com\/portal\/wp-json\/wp\/v2\/posts\/30725\/revisions\/30757"}],"wp:featuredmedia":[{"embeddable":true,"href":"https:\/\/med.estrategia.com\/portal\/wp-json\/wp\/v2\/media\/30726"}],"wp:attachment":[{"href":"https:\/\/med.estrategia.com\/portal\/wp-json\/wp\/v2\/media?parent=30725"}],"wp:term":[{"taxonomy":"category","embeddable":true,"href":"https:\/\/med.estrategia.com\/portal\/wp-json\/wp\/v2\/categories?post=30725"},{"taxonomy":"post_tag","embeddable":true,"href":"https:\/\/med.estrategia.com\/portal\/wp-json\/wp\/v2\/tags?post=30725"},{"taxonomy":"wl_entity_type","embeddable":true,"href":"https:\/\/med.estrategia.com\/portal\/wp-json\/wp\/v2\/wl_entity_type?post=30725"}],"curies":[{"name":"wp","href":"https:\/\/api.w.org\/{rel}","templated":true}]}}