{"id":3076,"date":"2023-10-30T14:12:00","date_gmt":"2023-10-30T17:12:00","guid":{"rendered":"https:\/\/med.estrategiaeducacional.com.br\/blog\/?p=3076"},"modified":"2026-02-02T08:31:10","modified_gmt":"2026-02-02T11:31:10","slug":"ses-pe-residencia-medica","status":"publish","type":"post","link":"https:\/\/med.estrategia.com\/portal\/residencia-medica\/ses-pe-residencia-medica\/","title":{"rendered":"Resid\u00eancia M\u00e9dica SES-PE 2026: edital, cronograma, vagas e mais"},"content":{"rendered":"<p>Tem interesse em fazer parte de algum dos programas de resid&ecirc;ncia m&eacute;dica das institui&ccedil;&otilde;es participantes da SES-PE? Ent&atilde;o n&atilde;o perca o que o <a class=\"wl-entity-page-link\" href=\"https:\/\/med.estrategia.com\/portal\/entidade\/estrategia-med-2\/\" data-id=\"\/entity\/estrategia-med-2;https:\/\/data.wordlift.io\/wl106637\/entity\/estrategia_med\">Estrat&eacute;gia MED<\/a> preparou para voc&ecirc; e confira tudo sobre a sele&ccedil;&atilde;o abaixo!<div id=\"ez-toc-container\" class=\"ez-toc-v2_0_79_2 counter-hierarchy ez-toc-counter ez-toc-transparent ez-toc-container-direction\">\n<div class=\"ez-toc-title-container\"><p class=\"ez-toc-title\" style=\"cursor:inherit\">Navegue pelo conte\u00fado<\/p>\n<\/div><nav><ul class='ez-toc-list ez-toc-list-level-1 ' ><li class='ez-toc-page-1 ez-toc-heading-level-2'><a class=\"ez-toc-link ez-toc-heading-1\" href=\"https:\/\/med.estrategia.com\/portal\/residencia-medica\/ses-pe-residencia-medica\/#A-SES-PE\" >A SES-PE<\/a><\/li><li class='ez-toc-page-1 ez-toc-heading-level-2'><a class=\"ez-toc-link ez-toc-heading-2\" href=\"https:\/\/med.estrategia.com\/portal\/residencia-medica\/ses-pe-residencia-medica\/#Como-e-o-processo-seletivo-da-SES-PE\" >Como &eacute; o processo seletivo da SES-PE?<\/a><\/li><li class='ez-toc-page-1 ez-toc-heading-level-2'><a class=\"ez-toc-link ez-toc-heading-3\" href=\"https:\/\/med.estrategia.com\/portal\/residencia-medica\/ses-pe-residencia-medica\/#Como-se-inscrever-no-processo-seletivo-da-SES-PE\" >Como se inscrever no processo seletivo da SES-PE<\/a><\/li><li class='ez-toc-page-1 ez-toc-heading-level-2'><a class=\"ez-toc-link ez-toc-heading-4\" href=\"https:\/\/med.estrategia.com\/portal\/residencia-medica\/ses-pe-residencia-medica\/#Saiba-como-sera-a-edicao-2026-da-SES-PE\" >Saiba como ser&aacute; a edi&ccedil;&atilde;o 2026 da SES-PE<\/a><ul class='ez-toc-list-level-3' ><li class='ez-toc-heading-level-3'><a class=\"ez-toc-link ez-toc-heading-5\" href=\"https:\/\/med.estrategia.com\/portal\/residencia-medica\/ses-pe-residencia-medica\/#Instituicoes-participantes-SES-PE-2026\" >Institui&ccedil;&otilde;es participantes SES-PE 2026<\/a><\/li><li class='ez-toc-page-1 ez-toc-heading-level-3'><a class=\"ez-toc-link ez-toc-heading-6\" href=\"https:\/\/med.estrategia.com\/portal\/residencia-medica\/ses-pe-residencia-medica\/#Vagas-e-Especialidades-SES-PE-2026\" >Vagas e Especialidades SES-PE 2026<\/a><\/li><li class='ez-toc-page-1 ez-toc-heading-level-3'><a class=\"ez-toc-link ez-toc-heading-7\" href=\"https:\/\/med.estrategia.com\/portal\/residencia-medica\/ses-pe-residencia-medica\/#Reserva-de-vagas\" >Reserva de vagas<\/a><\/li><li class='ez-toc-page-1 ez-toc-heading-level-3'><a class=\"ez-toc-link ez-toc-heading-8\" href=\"https:\/\/med.estrategia.com\/portal\/residencia-medica\/ses-pe-residencia-medica\/#Cronograma-SES-PE-2026\" >Cronograma SES-PE 2026<\/a><\/li><li class='ez-toc-page-1 ez-toc-heading-level-3'><a class=\"ez-toc-link ez-toc-heading-9\" href=\"https:\/\/med.estrategia.com\/portal\/residencia-medica\/ses-pe-residencia-medica\/#A-primeira-etapa-Prova-Escrita\" >A primeira etapa: Prova Escrita<\/a><\/li><li class='ez-toc-page-1 ez-toc-heading-level-3'><a class=\"ez-toc-link ez-toc-heading-10\" href=\"https:\/\/med.estrategia.com\/portal\/residencia-medica\/ses-pe-residencia-medica\/#A-segunda-etapa-Analise-Curricular\" >A segunda etapa: An&aacute;lise Curricular<\/a><\/li><\/ul><\/li><li class='ez-toc-page-1 ez-toc-heading-level-2'><a class=\"ez-toc-link ez-toc-heading-11\" href=\"https:\/\/med.estrategia.com\/portal\/residencia-medica\/ses-pe-residencia-medica\/#Resultado-Final-SES-PE-2026\" >Resultado Final SES-PE 2026<\/a><\/li><li class='ez-toc-page-1 ez-toc-heading-level-2'><a class=\"ez-toc-link ez-toc-heading-12\" href=\"https:\/\/med.estrategia.com\/portal\/residencia-medica\/ses-pe-residencia-medica\/#Concorrencia-SES-PE-2026\" >Concorr&ecirc;ncia SES-PE 2026<\/a><\/li><li class='ez-toc-page-1 ez-toc-heading-level-2'><a class=\"ez-toc-link ez-toc-heading-13\" href=\"https:\/\/med.estrategia.com\/portal\/residencia-medica\/ses-pe-residencia-medica\/#Notas-de-Corte-SES-PE-2025\" >Notas de Corte SES-PE 2025<\/a><\/li><li class='ez-toc-page-1 ez-toc-heading-level-2'><a class=\"ez-toc-link ez-toc-heading-14\" href=\"https:\/\/med.estrategia.com\/portal\/residencia-medica\/ses-pe-residencia-medica\/#Prepare-se-para-a-SES-PE-2026-com-o-Estrategia-MED\" >Prepare-se para a SES-PE 2026 com o Estrat&eacute;gia MED<\/a><\/li><li class='ez-toc-page-1 ez-toc-heading-level-2'><a class=\"ez-toc-link ez-toc-heading-15\" href=\"https:\/\/med.estrategia.com\/portal\/residencia-medica\/ses-pe-residencia-medica\/#Como-se-preparar-para-a-SES-PE-2026\" >Como se preparar para a SES-PE 2026<\/a><ul class='ez-toc-list-level-3' ><li class='ez-toc-heading-level-3'><a class=\"ez-toc-link ez-toc-heading-16\" href=\"https:\/\/med.estrategia.com\/portal\/residencia-medica\/ses-pe-residencia-medica\/#ANNA-CAROLYNE-GOMES-LUCENA-1o-lugar-em-Otorrinolaringologia-na-SES-PE\" >ANNA CAROLYNE GOMES LUCENA 1&ordm; lugar em Otorrinolaringologia na SES-PE<\/a><\/li><li class='ez-toc-page-1 ez-toc-heading-level-3'><a class=\"ez-toc-link ez-toc-heading-17\" href=\"https:\/\/med.estrategia.com\/portal\/residencia-medica\/ses-pe-residencia-medica\/#JOAO-VITOR-DUARTE-HENRIQUE-DIAS-3o-lugar-em-Psiquiatria-na-SES-PE\" >JO&Atilde;O VITOR DUARTE HENRIQUE DIAS 3&ordm; lugar em Psiquiatria na SES-PE<\/a><\/li><\/ul><\/li><li class='ez-toc-page-1 ez-toc-heading-level-2'><a class=\"ez-toc-link ez-toc-heading-18\" href=\"https:\/\/med.estrategia.com\/portal\/residencia-medica\/ses-pe-residencia-medica\/#Veja-tambem\" >Veja tamb&eacute;m:<\/a><\/li><\/ul><\/nav><\/div>\n<h2 class=\"wp-block-heading\"><span class=\"ez-toc-section\" id=\"A-SES-PE\"><\/span>A SES-PE<span class=\"ez-toc-section-end\"><\/span><\/h2><p>A <a href=\"http:\/\/portal.saude.pe.gov.br\/\" target=\"_blank\">Secretaria Estadual de Sa&uacute;de de Pernambuco<\/a><strong>, chamada de SES-PE, <\/strong>promove anualmente o <strong>maior processo seletivo para <a class=\"wl-entity-page-link\" title=\"resid&ecirc;ncia\" href=\"https:\/\/med.estrategia.com\/portal\/entidade\/residencia-medica\/\" data-id=\"\/entity\/residencia-medica;http:\/\/dbpedia.org\/resource\/Residency_(medicine);http:\/\/en.dbpedia.org\/resource\/Residency_(medicine);http:\/\/nl.dbpedia.org\/resource\/Arts-assistent;http:\/\/de.dbpedia.org\/resource\/&Auml;rztliche_Weiterbildung;http:\/\/fr.dbpedia.org\/resource\/R&eacute;sidence_(m&eacute;decine);http:\/\/lt.dbpedia.org\/resource\/Rezident&#363;ra_(studijos);http:\/\/pt.dbpedia.org\/resource\/Resid&ecirc;ncia_m&eacute;dica;http:\/\/ru.dbpedia.org\/resource\/&#1050;&#1083;&#1080;&#1085;&#1080;&#1095;&#1077;&#1089;&#1082;&#1072;&#1103;_&#1086;&#1088;&#1076;&#1080;&#1085;&#1072;&#1090;&#1091;&#1088;&#1072;;http:\/\/uk.dbpedia.org\/resource\/&#1054;&#1088;&#1076;&#1080;&#1085;&#1072;&#1090;&#1091;&#1088;&#1072;_&#1082;&#1083;&#1110;&#1085;&#1110;&#1095;&#1085;&#1072;;https:\/\/data.wordlift.io\/wl106637\/entity\/residencia-medica\">resid&ecirc;ncia m&eacute;dica<\/a> do Estado e um dos maiores da Regi&atilde;o Nordeste do pa&iacute;s<\/strong>. O seletivo da SES-PE &eacute; realizado pelo <strong>Instituto de Apoio &agrave; Universidade de Pernambuco (IAUPE).<\/strong><\/p><div class=\"wp-block-buttons is-horizontal is-content-justification-center is-layout-flex wp-container-core-buttons-is-layout-1 wp-block-buttons-is-layout-flex\">\n<div class=\"wp-block-button\"><a class=\"wp-block-button__link has-background wp-element-button\" href=\"https:\/\/med.estrategia.com\/cursos\/\" style=\"background-color:#0ba4ae\" target=\"_blank\">Conhe&ccedil;a os cursos do Estrat&eacute;gia MED!<\/a><\/div>\n<\/div><p>A Secretaria Estadual de Sa&uacute;de de Pernambuco (SES-PE), &oacute;rg&atilde;o respons&aacute;vel pela gest&atilde;o do Sistema &Uacute;nico de Sa&uacute;de (SUS) do Estado, &eacute; a segunda maior secretaria estadual de sa&uacute;de do Brasil. Junto ao Instituto de Apoio &agrave; Universidade de Pernambuco (IAUPE), promove o maior processo seletivo para Resid&ecirc;ncia M&eacute;dica do Estado e um dos maiores da Regi&atilde;o Nordeste do pa&iacute;s, contando com mais de 40 institui&ccedil;&otilde;es participantes e centenas de vagas.<\/p><div class=\"wp-block-image\">\n<figure class=\"aligncenter size-large\"><img decoding=\"async\" width=\"643\" height=\"271\" src=\"https:\/\/med.estrategia.com\/portal\/wp-content\/uploads\/2021\/06\/ses-pe-residencia-medica.png\" alt=\"SES-PE resid&ecirc;ncia m&eacute;dica\" class=\"wp-image-6108\" srcset=\"https:\/\/med.estrategia.com\/portal\/wp-content\/uploads\/2021\/06\/ses-pe-residencia-medica.png 643w, https:\/\/med.estrategia.com\/portal\/wp-content\/uploads\/2021\/06\/ses-pe-residencia-medica-300x126.png 300w, https:\/\/med.estrategia.com\/portal\/wp-content\/uploads\/2021\/06\/ses-pe-residencia-medica-380x160.png 380w\" sizes=\"(max-width: 643px) 100vw, 643px\" \/><figcaption class=\"wp-element-caption\">Foto: Divulga&ccedil;&atilde;o <a href=\"http:\/\/www.upenet.com.br\/\" target=\"_blank\">SES-PE<\/a><\/figcaption><\/figure><\/div><h2 class=\"wp-block-heading\" id=\"h-como-e-o-processo-seletivo-da-ses-pe\"><span class=\"ez-toc-section\" id=\"Como-e-o-processo-seletivo-da-SES-PE\"><\/span>Como &eacute; o processo seletivo da SES-PE?<span class=\"ez-toc-section-end\"><\/span><\/h2><p>Para <strong>garantir uma vaga<\/strong> em um dos programas de resid&ecirc;ncia m&eacute;dica das <strong>institui&ccedil;&otilde;es participantes da SES-PE<\/strong>, os candidatos inscritos na sele&ccedil;&atilde;o s&atilde;o avaliados em duas etapas: prova escrita e an&aacute;lise curricular.<br><br>Na<strong> primeira fase<\/strong>, a aplica&ccedil;&atilde;o da <strong>prova escrita<\/strong> &eacute; feita para todos os candidatos inscritos e tem car&aacute;ter eliminat&oacute;rio e classificat&oacute;rio com <strong>peso de 90% na nota final<\/strong>. Para as especialidades de <strong>Acesso Direto<\/strong>, a prova &eacute; composta por<strong> 100 quest&otilde;es objetivas de m&uacute;ltipla escolha <\/strong>no modelo ABCDE e distribu&iacute;das igualmente entre os conte&uacute;dos das cinco grandes &aacute;reas da medicina: <a class=\"wl-entity-page-link\" title=\"Cirurgia&nbsp;Geral\" href=\"https:\/\/med.estrategia.com\/portal\/entidade\/cirurgia-geral\/\" data-id=\"\/entity\/cirurgia-geral;http:\/\/dbpedia.org\/resource\/General_surgery;http:\/\/pt.dbpedia.org\/resource\/Cirurgia_geral;http:\/\/en.dbpedia.org\/resource\/General_surgery;http:\/\/it.dbpedia.org\/resource\/Chirurgia_generale;http:\/\/tr.dbpedia.org\/resource\/Genel_cerrahi;http:\/\/ca.dbpedia.org\/resource\/Cirurgia_general_i_digestiva;http:\/\/nl.dbpedia.org\/resource\/Algemene_chirurgie;http:\/\/ru.dbpedia.org\/resource\/&#1054;&#1073;&#1097;&#1072;&#1103;_&#1093;&#1080;&#1088;&#1091;&#1088;&#1075;&#1080;&#1103;;http:\/\/hu.dbpedia.org\/resource\/&Aacute;ltal&aacute;nos_seb&eacute;szet;http:\/\/es.dbpedia.org\/resource\/Cirug&iacute;a_general;http:\/\/pl.dbpedia.org\/resource\/Chirurgia_og&oacute;lna;http:\/\/ro.dbpedia.org\/resource\/Chirurgie_general&#259;;https:\/\/data.wordlift.io\/wl106637\/entity\/cirurgia-geral\">Cirurgia Geral<\/a>, Cl&iacute;nica M&eacute;dica, <a class=\"wl-entity-page-link\" title=\"GINECOLOGIA E OBSTETR&Iacute;CIA\" href=\"https:\/\/med.estrategia.com\/portal\/entidade\/ginecologia-e-obstetricia\/\" data-id=\"\/entity\/ginecologia-e-obstetricia;http:\/\/www.wikidata.org\/entity\/Q80015;https:\/\/data.wordlift.io\/wl106637\/entity\/ginecologia-e-obstetricia\">Ginecologia e Obstetr&iacute;cia<\/a>, <a class=\"wl-entity-page-link\" title=\"pediatra\" href=\"https:\/\/med.estrategia.com\/portal\/entidade\/pediatria\/\" data-id=\"\/entity\/pediatria;http:\/\/dbpedia.org\/resource\/Pediatrics;http:\/\/pt.dbpedia.org\/resource\/Pediatria;http:\/\/lt.dbpedia.org\/resource\/Pediatrija;http:\/\/hr.dbpedia.org\/resource\/Pedijatrija;http:\/\/lv.dbpedia.org\/resource\/Pediatrija;http:\/\/id.dbpedia.org\/resource\/Pediatri;http:\/\/en.dbpedia.org\/resource\/Pediatrics;http:\/\/it.dbpedia.org\/resource\/Pediatria;http:\/\/et.dbpedia.org\/resource\/Pediaatria;http:\/\/ro.dbpedia.org\/resource\/Pediatrie;http:\/\/nl.dbpedia.org\/resource\/Pediatrie;http:\/\/no.dbpedia.org\/resource\/Pediatri;http:\/\/fi.dbpedia.org\/resource\/Lastentaudit;http:\/\/sk.dbpedia.org\/resource\/Pediatria;http:\/\/sl.dbpedia.org\/resource\/Pediatrija;http:\/\/sq.dbpedia.org\/resource\/Pediatria;http:\/\/ca.dbpedia.org\/resource\/Pediatria;http:\/\/sv.dbpedia.org\/resource\/Pediatrik;http:\/\/cs.dbpedia.org\/resource\/Pediatrie;http:\/\/pl.dbpedia.org\/resource\/Pediatria;http:\/\/tr.dbpedia.org\/resource\/Pediyatri;http:\/\/de.dbpedia.org\/resource\/P&auml;diatrie;http:\/\/uk.dbpedia.org\/resource\/&#1055;&#1077;&#1076;&#1110;&#1072;&#1090;&#1088;&#1110;&#1103;;http:\/\/es.dbpedia.org\/resource\/Pediatr&iacute;a;http:\/\/ru.dbpedia.org\/resource\/&#1055;&#1077;&#1076;&#1080;&#1072;&#1090;&#1088;&#1080;&#1103;;http:\/\/be.dbpedia.org\/resource\/&#1055;&#1077;&#1076;&#1099;&#1103;&#1090;&#1088;&#1099;&#1103;;http:\/\/bg.dbpedia.org\/resource\/&#1055;&#1077;&#1076;&#1080;&#1072;&#1090;&#1088;&#1080;&#1103;;http:\/\/fr.dbpedia.org\/resource\/P&eacute;diatrie;http:\/\/sr.dbpedia.org\/resource\/&#1055;&#1077;&#1076;&#1080;&#1112;&#1072;&#1090;&#1088;&#1080;&#1112;&#1072;;http:\/\/da.dbpedia.org\/resource\/P&aelig;diatri;https:\/\/data.wordlift.io\/wl106637\/entity\/pediatria\">Pediatria<\/a> e Medicina Preventiva e Social.<br><br>Para as <strong>especialidades com Pr&eacute;-Requisito <\/strong>exigido, a prova &eacute; composta de <strong>50 quest&otilde;es objetivas<\/strong> sobre os conhecimentos exigidos em cada especialidade.<br><br>S&atilde;o considerados<strong>&nbsp;reprovados na primeira etapa<\/strong>&nbsp;e consequentemente exclu&iacute;dos do processo seletivo, os candidatos que obtiverem&nbsp;<strong>pontua&ccedil;&atilde;o inferior a 50% da m&eacute;dia aritm&eacute;tica<\/strong>&nbsp;das&nbsp;<strong>dez maiores notas obtidas na prova escrita de sua respectiva especialidade<\/strong>. <br><br>Os aprovados seguem para a<strong> segunda fase <\/strong>da sele&ccedil;&atilde;o, composta pela <strong>an&aacute;lise curricular<\/strong> com peso de <strong>10% na nota final<\/strong>.<\/p><h2 class=\"wp-block-heading\" id=\"h-como-se-inscrever-no-processo-seletivo-da-ses-pe\"><span class=\"ez-toc-section\" id=\"Como-se-inscrever-no-processo-seletivo-da-SES-PE\"><\/span>Como se inscrever no processo seletivo da SES-PE<span class=\"ez-toc-section-end\"><\/span><\/h2><p>As inscri&ccedil;&otilde;es da SES-PE s&atilde;o realizadas pela internet, por meio do site do<a href=\"http:\/\/www.upenet.com.br\/concursos\/2026\/26_RED_MED\/?concurso=26_resid_MED\" target=\"_blank\"> Instituto de Apoio &agrave; Universidade de Pernambuco<\/a> mediante preenchimento for formul&aacute;rio de inscri&ccedil;&atilde;o e pagamento da <strong>taxa no valor de R$ 600,00<\/strong>. <\/p><p>Os candidatos que necessitam solicitar algum <strong>recurso especial para realiza&ccedil;&atilde;o da prova<\/strong> devem sinalizar o recurso necess&aacute;rio <strong>durante a inscri&ccedil;&atilde;o<\/strong>, al&eacute;m de entregar, pessoalmente ou por SEDEX, o<strong> laudo m&eacute;dico que comprove a situa&ccedil;&atilde;o <\/strong>&agrave; Banca Organizadora.<\/p><p>A sele&ccedil;&atilde;o tamb&eacute;m oferece a possibilidade de<strong> isen&ccedil;&atilde;o total da taxa de inscri&ccedil;&atilde;o<\/strong> para os candidatos que apresentarem uma das seguintes condi&ccedil;&otilde;es:<\/p><ul class=\"wp-block-list\">\n<li>a taxa de inscri&ccedil;&atilde;o for superior a 30% (trinta por cento) do vencimento\/sal&aacute;rio mensal do candidato, quando n&atilde;o tiver dependente;<\/li>\n\n\n\n<li>a taxa for superior a 20% (vinte por cento) do vencimento\/sal&aacute;rio mensal do candidato e ele possuir at&eacute; dois dependentes;<\/li>\n\n\n\n<li>a taxa for superior a 10% (dez por cento) do vencimento\/sal&aacute;rio mensal do candidato e ele tiver mais de dois dependentes;<\/li>\n\n\n\n<li>o candidato declarar-se impossibilitado de arcar com o pagamento da taxa de inscri&ccedil;&atilde;o e comprovar renda familiar mensal igual ou inferior a tr&ecirc;s sal&aacute;rios m&iacute;nimos ou renda individual igual ou inferior a dois sal&aacute;rios m&iacute;nimos;<\/li>\n\n\n\n<li>inscri&ccedil;&atilde;o no Cadastro &Uacute;nico para Programas Sociais do Governo Federal (Cad&Uacute;nico) de que trata o Decreto n&ordm; 6.135, de 26 de junho de 2007, devendo indicar o N&uacute;mero de Identifica&ccedil;&atilde;o Social &ndash; NIS, atribu&iacute;do pelo Cad&Uacute;nico;<\/li>\n\n\n\n<li>comprovar ser membro de fam&iacute;lia de baixa renda, nos termos do Decreto Federal n&ordm; 6.135\/2007.<\/li>\n<\/ul><h2 class=\"wp-block-heading\" id=\"h-saiba-como-sera-a-edicao-2026-da-ses-pe\"><span class=\"ez-toc-section\" id=\"Saiba-como-sera-a-edicao-2026-da-SES-PE\"><\/span>Saiba como ser&aacute; a edi&ccedil;&atilde;o 2026 da SES-PE<span class=\"ez-toc-section-end\"><\/span><\/h2><p>No dia <strong>23 de novembro de 2025<\/strong> foi divulgado o edital para o programa de Resid&ecirc;ncia M&eacute;dica da SES-PE 2026. Confira o documento completo clicando no bot&atilde;o abaixo:<\/p><div class=\"wp-block-buttons is-horizontal is-content-justification-center is-layout-flex wp-container-core-buttons-is-layout-2 wp-block-buttons-is-layout-flex\">\n<div class=\"wp-block-button\"><a class=\"wp-block-button__link wp-element-button\" href=\"https:\/\/cdn.medblog.estrategiaeducacional.com.br\/wp-content\/uploads\/2025\/11\/EDITAL-2026-RESIDENCIA-MEDICA.pdf\" target=\"_blank\">Edital SES-PE 2026<\/a><\/div>\n\n\n\n<div class=\"wp-block-button\"><a class=\"wp-block-button__link wp-element-button\" href=\"https:\/\/med.estrategia.com\/portal\/wp-content\/uploads\/2025\/12\/ERRATA-07-PROGRAMAS-DA-PROVA-ESCRITA-RESIDENCIA-MEDICA.pdf\" target=\"_blank\" rel=\"noopener noreferrer\">errata 10\/12 &ndash; conte&uacute;do prova<\/a><\/div>\n\n\n\n<div class=\"wp-block-button\"><a class=\"wp-block-button__link wp-element-button\" href=\"https:\/\/med.estrategia.com\/portal\/wp-content\/uploads\/2025\/12\/ERRATA-08-QUADRO-DE-VAGAS.pdf\" target=\"_blank\" rel=\"noopener noreferrer\">errata 10\/12 &ndash; VAGAS<\/a><\/div>\n\n\n\n<div class=\"wp-block-button\"><a class=\"wp-block-button__link wp-element-button\" href=\"https:\/\/med.estrategia.com\/portal\/wp-content\/uploads\/2026\/01\/Nota-de-Esclarecimento-n-001-Residencia-Medica-2026.pdf\" target=\"_blank\">nota de esclarecimento<\/a><\/div>\n\n\n\n<div class=\"wp-block-button\"><a class=\"wp-block-button__link wp-element-button\" href=\"https:\/\/med.estrategia.com\/portal\/wp-content\/uploads\/2026\/01\/Comunicado-n-001-Residencia-Medica-2026.pdf\" target=\"_blank\">Comunicado 1 &ndash; ajuste no cronograma de atividades<\/a><\/div>\n\n\n\n<div class=\"wp-block-button\"><a class=\"wp-block-button__link wp-element-button\" href=\"https:\/\/med.estrategia.com\/portal\/wp-content\/uploads\/2026\/01\/Comunicado-n-002-Residencia-Medica-2026.pdf\" target=\"_blank\">Comunicado 2 &ndash; novos cart&otilde;es informativos<\/a><\/div>\n<\/div><h3 class=\"wp-block-heading\" id=\"h-instituicoes-participantes-ses-pe-2026\"><span class=\"ez-toc-section\" id=\"Instituicoes-participantes-SES-PE-2026\"><\/span>Institui&ccedil;&otilde;es participantes SES-PE 2026<span class=\"ez-toc-section-end\"><\/span><\/h3><ol class=\"wp-block-list\">\n<li>AFYA &ndash; FACULDADE DE CI&Ecirc;NCIAS M&Eacute;DICAS DE JABOAT&Atilde;O DOS GUARARAPES<\/li>\n\n\n\n<li>COREME SES &ndash; SECRETARIA ESTADUAL DE SA&Uacute;DE DE PERNAMBUCO<\/li>\n\n\n\n<li>FACULDADE DE MEDICINA DE OLINDA &ndash; FMO<\/li>\n\n\n\n<li>FACULDADE DE MEDICINA DO SERT&Atilde;O &ndash; ARCOVERDE<\/li>\n\n\n\n<li>FCM\/UPE &ndash; UNIVERSIDADE DE PERNAMBUCO CAMPUS RECIFE<\/li>\n\n\n\n<li>FITS &ndash; FACULDADE INTEGRADA TIRADENTES &ndash; GOIANA<\/li>\n\n\n\n<li>FIUSA EDUCACIONAL FACULDADE PARA&Iacute;SO &ndash; ARARIPINA<\/li>\n\n\n\n<li>FUNDA&Ccedil;&Atilde;O ALTINO VENTURA<\/li>\n\n\n\n<li>FUNDA&Ccedil;&Atilde;O ALTINO VENTURA &ndash; SERRA TALHADA<\/li>\n\n\n\n<li>FUNDA&Ccedil;&Atilde;O BANCO DE OLHOS VALE DO S&Atilde;O FRANCISCO &ndash; PETROLINA<\/li>\n\n\n\n<li>HEMOPE &ndash; FUNDA&Ccedil;&Atilde;O DE HEMATOLOGIA E HEMOTERAPIA DE PERNAMBUCO<\/li>\n\n\n\n<li>HOSPITAL AGAMENON MAGALH&Atilde;ES<\/li>\n\n\n\n<li>HOSPITAL ALFA<\/li>\n\n\n\n<li>HOSPITAL BAR&Atilde;O DE LUCENA<\/li>\n\n\n\n<li>HOSPITAL DA MULHER DO RECIFE &ndash; HMR<\/li>\n\n\n\n<li>HOSPITAL DA RESTAURA&Ccedil;&Atilde;O<\/li>\n\n\n\n<li>HOSPITAL DA RESTAURA&Ccedil;&Atilde;O GOV. PAULO GUERRA<\/li>\n\n\n\n<li>HOSPITAL DE AERON&Aacute;UTICA DE RECIFE<\/li>\n\n\n\n<li>HOSPITAL DE C&Acirc;NCER DE PERNAMBUCO<\/li>\n\n\n\n<li>HOSPITAL DE OLHOS SANTA LUZIA<\/li>\n\n\n\n<li>HOSPITAL DOM H&Eacute;LDER C&Acirc;MARA<\/li>\n\n\n\n<li>HOSPITAL DOM MALAN &ndash; PETROLINA<\/li>\n\n\n\n<li>HOSPITAL DOS SERVIDORES DO ESTADO DE PERNAMBUCO<\/li>\n\n\n\n<li>HOSPITAL EDUARDO CAMPOS &ndash; SERRA TALHADA<\/li>\n\n\n\n<li>HOSPITAL ESPERAN&Ccedil;A &ndash; OLINDA<\/li>\n\n\n\n<li>HOSPITAL ESPERAN&Ccedil;A &ndash; RECIFE<\/li>\n\n\n\n<li>HOSPITAL GET&Uacute;LIO VARGAS<\/li>\n\n\n\n<li>HOSPITAL INFANTIL MARIA LUCINDA<\/li>\n\n\n\n<li>HOSPITAL JESUS PEQUENINO &ndash; BEZERROS<\/li>\n\n\n\n<li>HOSPITAL MESTRE VITALINO &ndash; CARUARU<\/li>\n\n\n\n<li>HOSPITAL METROPOLITANO OESTE PEL&Oacute;PIDAS SILVEIRA<\/li>\n\n\n\n<li>HOSPITAL MIGUEL ARRAES<\/li>\n\n\n\n<li>HOSPITAL OT&Aacute;VIO DE FREITAS<\/li>\n\n\n\n<li>HOSPITAL PSIQUI&Aacute;TRICO ULYSSES PERNAMBUCANO<\/li>\n\n\n\n<li>HOSPITAL REGIONAL DO AGRESTE &ndash; CARUARU<\/li>\n\n\n\n<li>HOSPITAL REGIONAL EM&Iacute;LIA C&Acirc;MARA &ndash; AFOGADOS DA INGAZEIRA<\/li>\n\n\n\n<li>HOSPITAL REGIONAL RUY DE BARROS CORREIA &ndash; ARCOVERDE<\/li>\n\n\n\n<li>HOSPITAL SANTA CASA DE MISERIC&Oacute;RDIA DO RECIFE<\/li>\n\n\n\n<li>HOSPITAL SANTA JOANA RECIFE<\/li>\n\n\n\n<li>HOSPITAL UNIMED RECIFE III<\/li>\n\n\n\n<li>INSTITUTO ALCIDES DE ANDRADE LIMA &ndash; HOSPITAL MEMORIAL JABOAT&Atilde;O<\/li>\n\n\n\n<li>INSTITUTO DE MEDICINA INTEGRAL PROF FERNANDO FIGUEIRA &ndash; IMIP<\/li>\n\n\n\n<li>N&Uacute;CLEO DE CI&Ecirc;NCIAS DA VIDA \/ NCV-UFPE CARUARU<\/li>\n\n\n\n<li>OTOCLIN SOCIAL &ndash; PETROLINA<\/li>\n\n\n\n<li>PREFEITURA DO JABOAT&Atilde;O DOS GUARARAPES &ndash; FUNDO MUNICIPAL DE SA&Uacute;DE<\/li>\n\n\n\n<li>PREFEITURA DO RECIFE &ndash; FUNDO MUNICIPAL DE SA&Uacute;DE<\/li>\n\n\n\n<li>PREFEITURA DO RECIFE &ndash; FUNDO MUNICIPAL DE SA&Uacute;DE &ndash; HOSPITAL EDUARDO CAMPOS<br>DA PESSOA IDOSA<\/li>\n\n\n\n<li>REAL HOSPITAL PORTUGU&Ecirc;S DE BENEFIC&Ecirc;NCIA EM PERNAMBUCO<\/li>\n\n\n\n<li>SECRETARIA MUNICIPAL DE CASINHAS<\/li>\n\n\n\n<li>SEOPE &ndash; SERVI&Ccedil;O OFTALMOL&Oacute;GICO DE PERNAMBUCO<\/li>\n\n\n\n<li>SOS M&Atilde;O E ORTOPEDIA<\/li>\n<\/ol><h3 class=\"wp-block-heading\" id=\"h-vagas-e-especialidades-ses-pe-2026\"><span class=\"ez-toc-section\" id=\"Vagas-e-Especialidades-SES-PE-2026\"><\/span>Vagas e Especialidades SES-PE 2026<span class=\"ez-toc-section-end\"><\/span><\/h3><p>A SES-PE oferece para ingresso em 2026 mais de 900 vagas para Resid&ecirc;ncia M&eacute;dica distribu&iacute;das em especialidades de Acesso Direto e com Pr&eacute;-requisito. Confira a rela&ccedil;&atilde;o completa:<\/p><figure class=\"wp-block-table\"><table><thead><tr><th>ESPECIALIDADE<\/th><th class=\"has-text-align-center\" data-align=\"center\">TOTAL DE VAGAS<\/th><\/tr><\/thead><tbody><tr><td>ANESTESIOLOGIA 03 ANOS<\/td><td class=\"has-text-align-center\" data-align=\"center\">35<\/td><\/tr><tr><td>ANESTESIOLOGIA PEDI&Aacute;TRICA 01 ANO<\/td><td class=\"has-text-align-center\" data-align=\"center\">2<\/td><\/tr><tr><td>ANGIORRADIOLOGIA E CIRURGIA ENDOVASCULAR 01 ANO<\/td><td class=\"has-text-align-center\" data-align=\"center\">1<\/td><\/tr><tr><td>CARDIOLOGIA 02 ANOS<\/td><td class=\"has-text-align-center\" data-align=\"center\">45<\/td><\/tr><tr><td>CARDIOLOGIA PEDI&Aacute;TRICA 02 ANOS<\/td><td class=\"has-text-align-center\" data-align=\"center\">7<\/td><\/tr><tr><td>CIRURGIA CARDIOVASCULAR 05 ANOS<\/td><td class=\"has-text-align-center\" data-align=\"center\">9<\/td><\/tr><tr><td>CIRURGIA DA M&Atilde;O 02 ANOS<\/td><td class=\"has-text-align-center\" data-align=\"center\">6<\/td><\/tr><tr><td>CIRURGIA DE CABE&Ccedil;A E PESCO&Ccedil;O 02 ANOS<\/td><td class=\"has-text-align-center\" data-align=\"center\">2<\/td><\/tr><tr><td>CIRURGIA DO APARELHO DIGESTIVO 02 ANOS<\/td><td class=\"has-text-align-center\" data-align=\"center\">4<\/td><\/tr><tr><td>CIRURGIA GERAL 03 ANOS<\/td><td class=\"has-text-align-center\" data-align=\"center\">42<\/td><\/tr><tr><td>CIRURGIA PEDI&Aacute;TRICA 03 ANOS<\/td><td class=\"has-text-align-center\" data-align=\"center\">4<\/td><\/tr><tr><td>CIRURGIA PL&Aacute;STICA 03 ANOS<\/td><td class=\"has-text-align-center\" data-align=\"center\">4<\/td><\/tr><tr><td>CIRURGIA TOR&Aacute;CICA 02 ANOS<\/td><td class=\"has-text-align-center\" data-align=\"center\">2<\/td><\/tr><tr><td>CIRURGIA VASCULAR 02 ANOS<\/td><td class=\"has-text-align-center\" data-align=\"center\">15<\/td><\/tr><tr><td>CL&Iacute;NICA M&Eacute;DICA 02 ANOS<\/td><td class=\"has-text-align-center\" data-align=\"center\">174<\/td><\/tr><tr><td>COLOPROCTOLOGIA 02 ANOS<\/td><td class=\"has-text-align-center\" data-align=\"center\">4<\/td><\/tr><tr><td>DERMATOLOGIA 03 ANOS<\/td><td class=\"has-text-align-center\" data-align=\"center\">7<\/td><\/tr><tr><td>ECOCARDIOGRAFIA 02 ANOS<\/td><td class=\"has-text-align-center\" data-align=\"center\">8<\/td><\/tr><tr><td>ELETROFISIOLOGIA CL&Iacute;NICA INVASIVA 01 ANO<\/td><td class=\"has-text-align-center\" data-align=\"center\">2<\/td><\/tr><tr><td>ENDOCRINOLOGIA E METABOLOGIA 02 ANOS<\/td><td class=\"has-text-align-center\" data-align=\"center\">7<\/td><\/tr><tr><td>ENDOCRINOLOGIA PEDI&Aacute;TRICA 02 ANOS<\/td><td class=\"has-text-align-center\" data-align=\"center\">2<\/td><\/tr><tr><td>ENDOSCOPIA 02 ANOS<\/td><td class=\"has-text-align-center\" data-align=\"center\">4<\/td><\/tr><tr><td>ENDOSCOPIA RESPIRAT&Oacute;RIA &ndash; &Aacute;REA DE ATUA&Ccedil;&Atilde;O 01 ANO<\/td><td class=\"has-text-align-center\" data-align=\"center\">2<\/td><\/tr><tr><td>GASTROENTEROLOGIA 02 ANOS<\/td><td class=\"has-text-align-center\" data-align=\"center\">4<\/td><\/tr><tr><td>GASTROENTEROLOGIA PEDI&Aacute;TRICA 02 ANOS<\/td><td class=\"has-text-align-center\" data-align=\"center\">2<\/td><\/tr><tr><td>GERIATRIA 02 ANOS<\/td><td class=\"has-text-align-center\" data-align=\"center\">16<\/td><\/tr><tr><td>HEMATOLOGIA E HEMOTERAPIA 02 ANOS<\/td><td class=\"has-text-align-center\" data-align=\"center\">7<\/td><\/tr><tr><td>HEMATOLOGIA E HEMOTERAPIA PEDI&Aacute;TRICA 02 ANOS<\/td><td class=\"has-text-align-center\" data-align=\"center\">2<\/td><\/tr><tr><td>HEMODIN&Acirc;MICA E CARDIOLOGIA INTERVENCIONISTA 02 ANOS<\/td><td class=\"has-text-align-center\" data-align=\"center\">6<\/td><\/tr><tr><td>HEPATOLOGIA 02 ANOS<\/td><td class=\"has-text-align-center\" data-align=\"center\">3<\/td><\/tr><tr><td>INFECTOLOGIA 03 ANOS<\/td><td class=\"has-text-align-center\" data-align=\"center\">6<\/td><\/tr><tr><td>INFECTOLOGIA PEDI&Aacute;TRICA 02 ANOS<\/td><td class=\"has-text-align-center\" data-align=\"center\">2<\/td><\/tr><tr><td>MASTOLOGIA 02 ANOS<\/td><td class=\"has-text-align-center\" data-align=\"center\">8<\/td><\/tr><tr><td>MEDICINA DE FAM&Iacute;LIA E COMUNIDADE 02 ANOS<\/td><td class=\"has-text-align-center\" data-align=\"center\">93<\/td><\/tr><tr><td>MEDICINA DO SONO 01 ANO<\/td><td class=\"has-text-align-center\" data-align=\"center\">2<\/td><\/tr><tr><td>MEDICINA FETAL 01 ANO<\/td><td class=\"has-text-align-center\" data-align=\"center\">2<\/td><\/tr><tr><td>MEDICINA INTENSIVA 03 ANOS<\/td><td class=\"has-text-align-center\" data-align=\"center\">35<\/td><\/tr><tr><td>MEDICINA INTENSIVA PEDI&Aacute;TRICA 02 ANOS<\/td><td class=\"has-text-align-center\" data-align=\"center\">11<\/td><\/tr><tr><td>MEDICINA NUCLEAR 03 ANOS<\/td><td class=\"has-text-align-center\" data-align=\"center\">2<\/td><\/tr><tr><td>MEDICINA PALIATIVA 02 ANOS<\/td><td class=\"has-text-align-center\" data-align=\"center\">6<\/td><\/tr><tr><td>NEFROLOGIA 02 ANOS<\/td><td class=\"has-text-align-center\" data-align=\"center\">10<\/td><\/tr><tr><td>NEFROLOGIA PEDI&Aacute;TRICA 02 ANOS<\/td><td class=\"has-text-align-center\" data-align=\"center\">2<\/td><\/tr><tr><td>NEONATOLOGIA 02 ANOS<\/td><td class=\"has-text-align-center\" data-align=\"center\">21<\/td><\/tr><tr><td>NEUROCIRURGIA 05 ANOS<\/td><td class=\"has-text-align-center\" data-align=\"center\">5<\/td><\/tr><tr><td>NEUROLOGIA 03 ANOS<\/td><td class=\"has-text-align-center\" data-align=\"center\">20<\/td><\/tr><tr><td>NEUROLOGIA PEDI&Aacute;TRICA<\/td><td class=\"has-text-align-center\" data-align=\"center\">3<\/td><\/tr><tr><td>NEURORRADIOLOGIA 02 ANOS<\/td><td class=\"has-text-align-center\" data-align=\"center\">1<\/td><\/tr><tr><td>OBSTETR&Iacute;CIA \/ GINECOLOGIA 03 ANOS<\/td><td class=\"has-text-align-center\" data-align=\"center\">73<\/td><\/tr><tr><td>OFTALMOLOGIA 03 ANOS<\/td><td class=\"has-text-align-center\" data-align=\"center\">18<\/td><\/tr><tr><td>ONCOLOGIA CIR&Uacute;RGICA 03 ANOS<\/td><td class=\"has-text-align-center\" data-align=\"center\">7<\/td><\/tr><tr><td>ONCOLOGIA CL&Iacute;NICA 03 ANOS<\/td><td class=\"has-text-align-center\" data-align=\"center\">12<\/td><\/tr><tr><td>ONCOLOGIA PEDI&Aacute;TRICA 02 ANOS<\/td><td class=\"has-text-align-center\" data-align=\"center\">5<\/td><\/tr><tr><td>ORTOPEDIA \/ TRAUMATOLOGIA 03 ANOS<\/td><td class=\"has-text-align-center\" data-align=\"center\">46<\/td><\/tr><tr><td>OTORRINOLARINGOLOGIA 03 ANOS<\/td><td class=\"has-text-align-center\" data-align=\"center\">5<\/td><\/tr><tr><td>PATOLOGIA 03 ANOS<\/td><td class=\"has-text-align-center\" data-align=\"center\">4<\/td><\/tr><tr><td>PEDIATRIA 03 ANOS<\/td><td class=\"has-text-align-center\" data-align=\"center\">77<\/td><\/tr><tr><td>PNEUMOLOGIA 02 ANOS<\/td><td class=\"has-text-align-center\" data-align=\"center\">10<\/td><\/tr><tr><td>PNEUMOLOGIA PEDI&Aacute;TRICA 02 ANOS<\/td><td class=\"has-text-align-center\" data-align=\"center\">3<\/td><\/tr><tr><td>PSIQUIATRIA 03 ANOS<\/td><td class=\"has-text-align-center\" data-align=\"center\">18<\/td><\/tr><tr><td>PSIQUIATRIA DA INF&Acirc;NCIA E ADOLESC&Ecirc;NCIA 01 ANO<\/td><td class=\"has-text-align-center\" data-align=\"center\">3<\/td><\/tr><tr><td>R3 &ndash; CIRURGIA TOR&Aacute;CICA 01 ANO<\/td><td class=\"has-text-align-center\" data-align=\"center\">1<\/td><\/tr><tr><td>R3 &ndash; CL&Iacute;NICA M&Eacute;DICA &ndash; &Aacute;REA DE ATUA&Ccedil;&Atilde;O 01 ANO<\/td><td class=\"has-text-align-center\" data-align=\"center\">7<\/td><\/tr><tr><td>R3 &ndash; MEDICINA DE FAM&Iacute;LIA E COMUNIDADE, SA&Uacute;DE DO CAMPO,<br>DA FLORESTA E DAS &Aacute;GUAS &ndash; 01 ANO<\/td><td class=\"has-text-align-center\" data-align=\"center\">2<\/td><\/tr><tr><td>R3 &ndash; ONCOLOGIA PEDI&Aacute;TRICA &ndash; 1 ANO<\/td><td class=\"has-text-align-center\" data-align=\"center\">2<\/td><\/tr><tr><td>R3 &ndash; PNEUMOLOGIA (BRONCOSCOPIA) 01 ANO<\/td><td class=\"has-text-align-center\" data-align=\"center\">1<\/td><\/tr><tr><td>R3 &ndash; TRANSPLANTE DE F&Iacute;GADO 01 ANO<\/td><td class=\"has-text-align-center\" data-align=\"center\">3<\/td><\/tr><tr><td>R4 &ndash; CIRURGIA ONCOL&Oacute;GICA (&Aacute;REA DE ATUA&Ccedil;&Atilde;O<br>ONCOGINECOLOGIA) &ndash; 01 ANO<\/td><td class=\"has-text-align-center\" data-align=\"center\">1<\/td><\/tr><tr><td>R4 &ndash; CIRURGIA PEDI&Aacute;TRICA<\/td><td class=\"has-text-align-center\" data-align=\"center\">1<\/td><\/tr><tr><td>R4 &ndash; ORTOPEDIA E TRAUMATOLOGIA 01 ANO<\/td><td class=\"has-text-align-center\" data-align=\"center\">4<\/td><\/tr><tr><td>R4 &ndash; RADIOLOGIA E DIAGN&Oacute;STICO POR IMAGEM 01 ANO<\/td><td class=\"has-text-align-center\" data-align=\"center\">2<\/td><\/tr><tr><td>R6 &ndash; ANO ADICIONAL EM NEUROCIRURGIACIRURGIA DA COLUNA VERTEBRAL<\/td><td class=\"has-text-align-center\" data-align=\"center\">1<\/td><\/tr><tr><td>R6 -ANO ADICIONAL EM NEUROCIRURGIA &ndash; NEUROCIRURGIA ONCOL&Oacute;GICA<\/td><td class=\"has-text-align-center\" data-align=\"center\">1<\/td><\/tr><tr><td>R6&ndash; ANO ADICIONAL EM NEUROCIRURGIA &ndash; CIRURGIA CEREBROVASCULAR<\/td><td class=\"has-text-align-center\" data-align=\"center\">1<\/td><\/tr><tr><td>RADIOLOGIA E DIAGN&Oacute;STICO POR IMAGEM 03 ANOS<\/td><td class=\"has-text-align-center\" data-align=\"center\">20<\/td><\/tr><tr><td>RADIOLOGIA INTERVENCIONISTA E ANGIORRADIOLOGIA 02 ANOS<\/td><td class=\"has-text-align-center\" data-align=\"center\">3<\/td><\/tr><tr><td>RADIOTERAPIA 04 ANOS<\/td><td class=\"has-text-align-center\" data-align=\"center\">2<\/td><\/tr><tr><td>TRANSPLANTE DE MED&Uacute;LA &Oacute;SSEA 01 ANO<\/td><td class=\"has-text-align-center\" data-align=\"center\">2<\/td><\/tr><tr><td>TRANSPLANTE DE RIM 01 ANO<\/td><td class=\"has-text-align-center\" data-align=\"center\">2<\/td><\/tr><tr><td>ULTRASSONOGRAFIA EM OBSTETR&Iacute;CIA E GINECOLOGIA 01 ANO<\/td><td class=\"has-text-align-center\" data-align=\"center\">2<\/td><\/tr><tr><td>UROLOGIA 03 ANOS<\/td><td class=\"has-text-align-center\" data-align=\"center\">9<\/td><\/tr><\/tbody><\/table><\/figure><div class=\"wp-block-buttons is-content-justification-center is-layout-flex wp-container-core-buttons-is-layout-3 wp-block-buttons-is-layout-flex\">\n<div class=\"wp-block-button\"><a class=\"wp-block-button__link wp-element-button\" href=\"https:\/\/cdn.medblog.estrategiaeducacional.com.br\/wp-content\/uploads\/2025\/11\/ANEXO-IV-QUADRO-DE-VAGAS-PARA-PUBLICACAO.pdf\" target=\"_blank\" rel=\"noopener noreferrer\">quadro especialidade e vagas ses-pe 2026<\/a><\/div>\n\n\n\n<div class=\"wp-block-button\"><a class=\"wp-block-button__link wp-element-button\" href=\"https:\/\/med.estrategia.com\/portal\/wp-content\/uploads\/2025\/11\/ERRATA-03-QUADRO-DE-VAGAS-1.pdf\" target=\"_blank\" rel=\"noopener noreferrer\">RETIFICA&Ccedil;&Atilde;O QUADRO DE VAGAS<\/a><\/div>\n\n\n\n<div class=\"wp-block-button\"><a class=\"wp-block-button__link wp-element-button\" href=\"https:\/\/med.estrategia.com\/portal\/wp-content\/uploads\/2025\/11\/ERRATA-05-QUADRO-DE-VAGAS.pdf\" target=\"_blank\">retifica&ccedil;&atilde;o quadro de vagas 28\/11<\/a><\/div>\n\n\n\n<div class=\"wp-block-button\"><a class=\"wp-block-button__link wp-element-button\" href=\"https:\/\/med.estrategia.com\/portal\/wp-content\/uploads\/2025\/12\/ERRATA-09-QUADRO-DE-VAGAS.pdf\" target=\"_blank\" rel=\"noopener noreferrer\">retifica&ccedil;&atilde;o quadro de vagas 19\/12<\/a><\/div>\n\n\n\n<div class=\"wp-block-button\"><a class=\"wp-block-button__link wp-element-button\" href=\"https:\/\/cdn.medblog.estrategiaeducacional.com.br\/wp-content\/uploads\/2026\/01\/ERRATA-10-QUADRO-DE-VAGAS.pdf\" target=\"_blank\" rel=\"noopener noreferrer\">retifica&ccedil;&atilde;o quadro de vagas 15\/01<\/a><\/div>\n<\/div><h3 class=\"wp-block-heading\" id=\"h-reserva-de-vagas\"><span class=\"ez-toc-section\" id=\"Reserva-de-vagas\"><\/span>Reserva de vagas<span class=\"ez-toc-section-end\"><\/span><\/h3><p>O edital prev&ecirc; reserva para pessoas com defici&ecirc;ncia, candidatos pretos e pardos, ind&iacute;genas e quilombolas, seguindo legisla&ccedil;&otilde;es federal e estadual que regulam a&ccedil;&otilde;es afirmativas na &aacute;rea da sa&uacute;de.<\/p><p>Para candidatos com defici&ecirc;ncia, o processo assegura a reserva de <strong>5% do total de vagas<\/strong>. Sempre que o c&aacute;lculo resultar em n&uacute;mero fracionado, o edital determina que ele seja <strong>arredondado para cima<\/strong>, garantindo ao menos uma vaga completa.<\/p><p>Tamb&eacute;m h&aacute; <strong>cotas para pretos, pardos, ind&iacute;genas e quilombolas<\/strong>. De acordo com a legisla&ccedil;&atilde;o estadual em vigor, as vagas s&atilde;o distribu&iacute;das da seguinte forma:<\/p><ul class=\"wp-block-list\">\n<li><strong>25%<\/strong> para candidatos pretos e pardos;<\/li>\n\n\n\n<li><strong>3%<\/strong> para candidatos ind&iacute;genas;<\/li>\n\n\n\n<li><strong>2%<\/strong> para candidatos quilombolas.<\/li>\n<\/ul><h3 class=\"wp-block-heading\" id=\"h-cronograma-ses-pe-2026\"><span class=\"ez-toc-section\" id=\"Cronograma-SES-PE-2026\"><\/span>Cronograma SES-PE 2026<span class=\"ez-toc-section-end\"><\/span><\/h3><ul class=\"wp-block-list\">\n<li><strong>Edital: <\/strong>at&eacute; 29\/11\/2025;<\/li>\n\n\n\n<li><strong>Isen&ccedil;&atilde;o da taxa: <\/strong>de 29\/11\/2025 a 14\/12\/2025;<\/li>\n\n\n\n<li><strong>Taxa de Inscri&ccedil;&atilde;o:<\/strong> R$600,00;<\/li>\n\n\n\n<li><strong>Inscri&ccedil;&otilde;es: <\/strong>de 29\/11\/2025 a 21\/12\/2025;&nbsp;<\/li>\n\n\n\n<li><strong>Envio da documenta&ccedil;&atilde;o para 2&ordf; fase: <\/strong>de 29\/11\/2025 a 21\/12\/2025;<\/li>\n\n\n\n<li><strong>Provas: <\/strong>11\/01\/2026;<\/li>\n\n\n\n<li><strong>Divulga&ccedil;&atilde;o do Gabarito Preliminar:<\/strong> 12\/01\/2026;<\/li>\n\n\n\n<li><strong>Recurso contra o Gabarito: <\/strong>13\/01\/2026 a 19\/01\/2026;<\/li>\n\n\n\n<li><strong>Resultado preliminar da An&aacute;lise Curricular:<\/strong> 21\/01\/2026;<\/li>\n\n\n\n<li><strong>Recursos ao resultado:<\/strong> 22\/01\/2026 a 24\/01\/2026;<\/li>\n\n\n\n<li><strong>Gabarito Definitivo da Prova: <\/strong>02\/02\/2026; e<\/li>\n\n\n\n<li><strong>Resultado Final: <\/strong>04\/02\/2026.<\/li>\n<\/ul><div class=\"wp-block-buttons is-content-justification-center is-layout-flex wp-container-core-buttons-is-layout-4 wp-block-buttons-is-layout-flex\">\n<div class=\"wp-block-button\"><a class=\"wp-block-button__link wp-element-button\" href=\"https:\/\/cdn.medblog.estrategiaeducacional.com.br\/wp-content\/uploads\/2025\/11\/ANEXO-I-CRONOGRAMA-DE-EXECUCAO.pdf\" target=\"_blank\">confira o cronograma completo!<\/a><\/div>\n\n\n\n<div class=\"wp-block-button\"><a class=\"wp-block-button__link wp-element-button\" href=\"https:\/\/med.estrategia.com\/portal\/wp-content\/uploads\/2025\/11\/ERRATA-02-CRONOGRAMA-DE-EXECUCAO-1.pdf\" target=\"_blank\" rel=\"noopener noreferrer\">RETIFICA&Ccedil;&Atilde;O CRONOGRAMA<\/a><\/div>\n\n\n\n<div class=\"wp-block-button\"><a class=\"wp-block-button__link wp-element-button\" href=\"https:\/\/med.estrategia.com\/portal\/wp-content\/uploads\/2025\/12\/ERRATA-06-cronograma-de-execucao.pdf\" target=\"_blank\" rel=\"noopener noreferrer\">retifica&ccedil;&atilde;o cronograma &ndash; 09\/12<\/a><\/div>\n\n\n\n<div class=\"wp-block-button\"><a class=\"wp-block-button__link wp-element-button\" href=\"https:\/\/med.estrategia.com\/portal\/wp-content\/uploads\/2025\/12\/Errata-n-006-CRONOGRAMA-Republicado.pdf\" target=\"_blank\" rel=\"noopener noreferrer\">retifica&ccedil;&atilde;o cronograma 15\/12<\/a><\/div>\n\n\n\n<div class=\"wp-block-button\"><a class=\"wp-block-button__link wp-element-button\" href=\"https:\/\/med.estrategia.com\/portal\/wp-content\/uploads\/2026\/01\/Comunicado-n-003-Prorrogacao-Sistema-de-recursos_REPUB-1.pdf\" target=\"_blank\" rel=\"noopener noreferrer\">retifica&ccedil;&atilde;o prazo recursos<\/a><\/div>\n<\/div><h3 class=\"wp-block-heading\"><span class=\"ez-toc-section\" id=\"A-primeira-etapa-Prova-Escrita\"><\/span>A primeira etapa: Prova Escrita<span class=\"ez-toc-section-end\"><\/span><\/h3><p>A prova ser&aacute; aplicada no dia <strong>11 de janeiro de 2026<\/strong>, em hor&aacute;rio e local divulgados no dia 7 de janeiro do mesmo m&ecirc;s. Para as especialidades de <strong>Acesso Direto<\/strong>, a prova ser&aacute; composta por<strong> 100 quest&otilde;es objetivas <\/strong>de m&uacute;ltipla escolha, com <strong>5 alternativas cada<\/strong>, sobre as cinco grandes &aacute;reas da Medicina. <\/p><p>J&aacute; para os programas que exigem <strong>pr&eacute;-requisito<\/strong>, a prova ser&aacute; constitu&iacute;da por <strong>50 quest&otilde;es objetivas<\/strong> sobre os conhecimentos exigidos em cada especialidade tida como pr&eacute;-requisito.&nbsp;<\/p><p>Segundo o edital: <em>&ldquo;Ser&atilde;o considerados reprovados e, consequentemente, exclu&iacute;dos do processo seletivo, os candidatos que obtiverem pontua&ccedil;&atilde;o inferior a 50% (cinq&uuml;enta por cento) da m&eacute;dia<br>aritm&eacute;tica das dez maiores notas obtidas na prova escrita de sua especialidade&rdquo;<\/em>.<\/p><p>O gabarito preliminar foi divulgado na mesma data da aplica&ccedil;&atilde;o da prova e os candidatos poderam&nbsp;<strong>interpor recursos<strong> entre os dias <\/strong>12 e 14 de janeiro de 2026<strong>.<\/strong><\/strong> O&nbsp;<strong>gabarito oficial definitivo<\/strong>&nbsp;foi liberado em&nbsp;<strong>1&ordm; de fevereiro de 2026.<\/strong>&nbsp;Confira abaixo!<\/p><div class=\"wp-block-buttons is-content-justification-center is-layout-flex wp-container-core-buttons-is-layout-5 wp-block-buttons-is-layout-flex\">\n<div class=\"wp-block-button\"><a class=\"wp-block-button__link wp-element-button\" href=\"https:\/\/cdn.medblog.estrategiaeducacional.com.br\/wp-content\/uploads\/2026\/02\/GABARITO-DEFINITIVO-RESIDENCIA-MEDICA-2026.pdf\" target=\"_blank\">gabarito definitivo &ndash; ses-pe 2026<\/a><\/div>\n<\/div><h3 class=\"wp-block-heading\"><span class=\"ez-toc-section\" id=\"A-segunda-etapa-Analise-Curricular\"><\/span>A segunda etapa: An&aacute;lise Curricular<span class=\"ez-toc-section-end\"><\/span><\/h3><p>Essa ser&aacute; a segunda etapa do seletivo e ter&aacute; apenas car&aacute;ter classificat&oacute;rio. Os <strong>documentos <\/strong>para a&nbsp;<a href=\"https:\/\/med.estrategia.com\/portal\/residencia-medica\/analise-curricular\/entrevista\/\" target=\"_blank\">an&aacute;lise do curr&iacute;culo<\/a> da SES-PE devem ser <strong>entregues durante o per&iacute;odo de inscri&ccedil;&atilde;o.<\/strong><\/p><p>A SES-PE avalia focando nos seguintes aspectos do curr&iacute;culo:<\/p><ol class=\"wp-block-list\">\n<li>Hist&oacute;rico escolar do candidato;<\/li>\n\n\n\n<li>Monitoria e\/ou PID;<\/li>\n\n\n\n<li>Inicia&ccedil;&atilde;o cient&iacute;fica &ndash; PIBIC, PIC;<\/li>\n\n\n\n<li>Projetos de extens&atilde;o e\/ou PET sa&uacute;de;<\/li>\n\n\n\n<li>Artigos publicados; e<\/li>\n\n\n\n<li>Trabalhos apresentados em eventos cient&iacute;ficos.<\/li>\n<\/ol><div class=\"wp-block-buttons is-content-justification-center is-layout-flex wp-container-core-buttons-is-layout-6 wp-block-buttons-is-layout-flex\">\n<div class=\"wp-block-button\"><a class=\"wp-block-button__link wp-element-button\" href=\"https:\/\/med.estrategia.com\/portal\/wp-content\/uploads\/2026\/02\/ResidMedica-2026-Result-AvalCurricular-Apos-recursos.pdf\" target=\"_blank\">resultado an&aacute;lise curricular p&oacute;s-recursos &ndash; ses-pe 2026<\/a><\/div>\n<\/div><h2 class=\"wp-block-heading\" id=\"h-resultado-final-ses-pe-2026\"><span class=\"ez-toc-section\" id=\"Resultado-Final-SES-PE-2026\"><\/span>Resultado Final SES-PE 2026<span class=\"ez-toc-section-end\"><\/span><\/h2><p>O resultado final ser&aacute; divulgado<strong> no dia 4 de fevereiro de 2026<\/strong>. O preenchimento das vagas ser&aacute; feito levando em considera&ccedil;&atilde;o a<strong> ordem de prefer&ecirc;ncia de institui&ccedil;&otilde;es<\/strong> sinalizadas pelo candidato e a sua<strong> m&eacute;dia final<\/strong>. O candidato<strong> <\/strong>pode<strong> apenas<\/strong> ingressar nas institui&ccedil;&otilde;es de sa&uacute;de inclu&iacute;das na sua ordem de prefer&ecirc;ncia, bem como apenas na especialidade pr&eacute;-determinada na inscri&ccedil;&atilde;o. <\/p><p>Em <strong>caso de empate<\/strong>, ser&atilde;o considerados os seguintes crit&eacute;rios:<\/p><ul class=\"wp-block-list\">\n<li>Maior nota na Avalia&ccedil;&atilde;o Curricular; e<\/li>\n\n\n\n<li>Candidato com maior idade.<\/li>\n<\/ul><h2 class=\"wp-block-heading\" id=\"h-concorrencia-ses-pe-2026\"><span class=\"ez-toc-section\" id=\"Concorrencia-SES-PE-2026\"><\/span>Concorr&ecirc;ncia SES-PE 2026<span class=\"ez-toc-section-end\"><\/span><\/h2><p>Para a edi&ccedil;&atilde;o de 2026, o processo seletivo de resid&ecirc;ncia m&eacute;dica da SES-PE conta com a <strong>participa&ccedil;&atilde;o de 5.901 candidatos inscritos<\/strong> para <strong>994 vagas<\/strong> ofertadas, o que acarreta em uma <strong>concorr&ecirc;ncia de 5,93 candidatos por vaga. <\/strong>Veja como ficou a concorr&ecirc;ncia entre as especialidades ofertadas:<\/p><figure class=\"wp-block-table\"><table><thead><tr><th>ESPECIALIDADE<\/th><th class=\"has-text-align-center\" data-align=\"center\">CANDIDATOS<\/th><th class=\"has-text-align-center\" data-align=\"center\">VAGAS<\/th><th class=\"has-text-align-center\" data-align=\"center\">CONCORR&Ecirc;NCIA<\/th><\/tr><\/thead><tbody><tr><td>ANESTESIOLOGIA<\/td><td class=\"has-text-align-center\" data-align=\"center\">605<\/td><td class=\"has-text-align-center\" data-align=\"center\">35<\/td><td class=\"has-text-align-center\" data-align=\"center\">17,28<\/td><\/tr><tr><td>ANESTESIOLOGIA PEDI&Aacute;TRICA<\/td><td class=\"has-text-align-center\" data-align=\"center\">8<\/td><td class=\"has-text-align-center\" data-align=\"center\">2<\/td><td class=\"has-text-align-center\" data-align=\"center\">4<\/td><\/tr><tr><td>ANGIORRADIOLOGIA E CIRURGIA ENDOVASCULAR<\/td><td class=\"has-text-align-center\" data-align=\"center\">4<\/td><td class=\"has-text-align-center\" data-align=\"center\">1<\/td><td class=\"has-text-align-center\" data-align=\"center\">4<\/td><\/tr><tr><td>CARDIOLOGIA<\/td><td class=\"has-text-align-center\" data-align=\"center\">89<\/td><td class=\"has-text-align-center\" data-align=\"center\">44<\/td><td class=\"has-text-align-center\" data-align=\"center\">2,02<\/td><\/tr><tr><td>CARDIOLOGIA PEDI&Aacute;TRICA<\/td><td class=\"has-text-align-center\" data-align=\"center\">6<\/td><td class=\"has-text-align-center\" data-align=\"center\">7<\/td><td class=\"has-text-align-center\" data-align=\"center\">0,85<\/td><\/tr><tr><td>CIRURGIA CARDIOVASCULAR<\/td><td class=\"has-text-align-center\" data-align=\"center\">37<\/td><td class=\"has-text-align-center\" data-align=\"center\">9<\/td><td class=\"has-text-align-center\" data-align=\"center\">4,11<\/td><\/tr><tr><td>CIRURGIA DA M&Atilde;O<\/td><td class=\"has-text-align-center\" data-align=\"center\">22<\/td><td class=\"has-text-align-center\" data-align=\"center\">6<\/td><td class=\"has-text-align-center\" data-align=\"center\">3,66<\/td><\/tr><tr><td>CIRURGIA DE CABE&Ccedil;A E PESCO&Ccedil;O<\/td><td class=\"has-text-align-center\" data-align=\"center\">2<\/td><td class=\"has-text-align-center\" data-align=\"center\">2<\/td><td class=\"has-text-align-center\" data-align=\"center\">1<\/td><\/tr><tr><td>CIRURGIA DO APARELHO DIGESTIVO<\/td><td class=\"has-text-align-center\" data-align=\"center\">6<\/td><td class=\"has-text-align-center\" data-align=\"center\">4<\/td><td class=\"has-text-align-center\" data-align=\"center\">1,5<\/td><\/tr><tr><td>CIRURGIA GERAL<\/td><td class=\"has-text-align-center\" data-align=\"center\">479<\/td><td class=\"has-text-align-center\" data-align=\"center\">42<\/td><td class=\"has-text-align-center\" data-align=\"center\">11,40<\/td><\/tr><tr><td>CIRURGIA PEDI&Aacute;TRICA<\/td><td class=\"has-text-align-center\" data-align=\"center\">8<\/td><td class=\"has-text-align-center\" data-align=\"center\">4<\/td><td class=\"has-text-align-center\" data-align=\"center\">2<\/td><\/tr><tr><td>CIRURGIA PL&Aacute;STICA<\/td><td class=\"has-text-align-center\" data-align=\"center\">51<\/td><td class=\"has-text-align-center\" data-align=\"center\">4<\/td><td class=\"has-text-align-center\" data-align=\"center\">12,75<\/td><\/tr><tr><td>CIRURGIA TOR&Aacute;CICA<\/td><td class=\"has-text-align-center\" data-align=\"center\">5<\/td><td class=\"has-text-align-center\" data-align=\"center\">2<\/td><td class=\"has-text-align-center\" data-align=\"center\">2,5<\/td><\/tr><tr><td>CIRURGIA VASCULAR<\/td><td class=\"has-text-align-center\" data-align=\"center\">20<\/td><td class=\"has-text-align-center\" data-align=\"center\">15<\/td><td class=\"has-text-align-center\" data-align=\"center\">1,33<\/td><\/tr><tr><td>CL&Iacute;NICA M&Eacute;DICA<\/td><td class=\"has-text-align-center\" data-align=\"center\">776<\/td><td class=\"has-text-align-center\" data-align=\"center\">170<\/td><td class=\"has-text-align-center\" data-align=\"center\">4,56<\/td><\/tr><tr><td>COLOPROCTOLOGIA<\/td><td class=\"has-text-align-center\" data-align=\"center\">12<\/td><td class=\"has-text-align-center\" data-align=\"center\">4<\/td><td class=\"has-text-align-center\" data-align=\"center\">3<\/td><\/tr><tr><td>DERMATOLOGIA<\/td><td class=\"has-text-align-center\" data-align=\"center\">213<\/td><td class=\"has-text-align-center\" data-align=\"center\">7<\/td><td class=\"has-text-align-center\" data-align=\"center\">30,42<\/td><\/tr><tr><td>ECOCARDIOGRAFIA<\/td><td class=\"has-text-align-center\" data-align=\"center\">20<\/td><td class=\"has-text-align-center\" data-align=\"center\">8<\/td><td class=\"has-text-align-center\" data-align=\"center\">2,5<\/td><\/tr><tr><td>ELETROFISIOLOGIA CL&Iacute;NICA INVASIVA<\/td><td class=\"has-text-align-center\" data-align=\"center\">5<\/td><td class=\"has-text-align-center\" data-align=\"center\">2<\/td><td class=\"has-text-align-center\" data-align=\"center\">2,5<\/td><\/tr><tr><td>ENDOCRINOLOGIA E METABOLOGIA<\/td><td class=\"has-text-align-center\" data-align=\"center\">60<\/td><td class=\"has-text-align-center\" data-align=\"center\">7<\/td><td class=\"has-text-align-center\" data-align=\"center\">8,57<\/td><\/tr><tr><td>ENDOCRINOLOGIA PEDI&Aacute;TRICA<\/td><td class=\"has-text-align-center\" data-align=\"center\">7<\/td><td class=\"has-text-align-center\" data-align=\"center\">2<\/td><td class=\"has-text-align-center\" data-align=\"center\">3,5<\/td><\/tr><tr><td>ENDOSCOPIA<\/td><td class=\"has-text-align-center\" data-align=\"center\">24<\/td><td class=\"has-text-align-center\" data-align=\"center\">4<\/td><td class=\"has-text-align-center\" data-align=\"center\">6<\/td><\/tr><tr><td>GASTROENTEROLOGIA<\/td><td class=\"has-text-align-center\" data-align=\"center\">34<\/td><td class=\"has-text-align-center\" data-align=\"center\">4<\/td><td class=\"has-text-align-center\" data-align=\"center\">8,5<\/td><\/tr><tr><td>GASTROENTEROLOGIA PEDI&Aacute;TRICA<\/td><td class=\"has-text-align-center\" data-align=\"center\">8<\/td><td class=\"has-text-align-center\" data-align=\"center\">2<\/td><td class=\"has-text-align-center\" data-align=\"center\">4<\/td><\/tr><tr><td>GERIATRIA<\/td><td class=\"has-text-align-center\" data-align=\"center\">51<\/td><td class=\"has-text-align-center\" data-align=\"center\">16<\/td><td class=\"has-text-align-center\" data-align=\"center\">3,18<\/td><\/tr><tr><td>HEMATOLOGIA E HEMOTERAPIA<\/td><td class=\"has-text-align-center\" data-align=\"center\">13<\/td><td class=\"has-text-align-center\" data-align=\"center\">7<\/td><td class=\"has-text-align-center\" data-align=\"center\">1,85<\/td><\/tr><tr><td>HEMODIN&Acirc;MICA E CARDIOLOGIA INTERVENCIONISTA<\/td><td class=\"has-text-align-center\" data-align=\"center\">12<\/td><td class=\"has-text-align-center\" data-align=\"center\">6<\/td><td class=\"has-text-align-center\" data-align=\"center\">2<\/td><\/tr><tr><td>INFECTOLOGIA<\/td><td class=\"has-text-align-center\" data-align=\"center\">20<\/td><td class=\"has-text-align-center\" data-align=\"center\">6<\/td><td class=\"has-text-align-center\" data-align=\"center\">3,33<\/td><\/tr><tr><td>MASTOLOGIA<\/td><td class=\"has-text-align-center\" data-align=\"center\">6<\/td><td class=\"has-text-align-center\" data-align=\"center\">8<\/td><td class=\"has-text-align-center\" data-align=\"center\">0,75<\/td><\/tr><tr><td>MEDICINA DE FAM&Iacute;LIA E COMUNIDADE<\/td><td class=\"has-text-align-center\" data-align=\"center\">354<\/td><td class=\"has-text-align-center\" data-align=\"center\">93<\/td><td class=\"has-text-align-center\" data-align=\"center\">3,80<\/td><\/tr><tr><td>MEDICINA DO SONO<\/td><td class=\"has-text-align-center\" data-align=\"center\">6<\/td><td class=\"has-text-align-center\" data-align=\"center\">2<\/td><td class=\"has-text-align-center\" data-align=\"center\">3<\/td><\/tr><tr><td>MEDICINA FETAL<\/td><td class=\"has-text-align-center\" data-align=\"center\">10<\/td><td class=\"has-text-align-center\" data-align=\"center\">2<\/td><td class=\"has-text-align-center\" data-align=\"center\">5<\/td><\/tr><tr><td>MEDICINA INTENSIVA<\/td><td class=\"has-text-align-center\" data-align=\"center\">76<\/td><td class=\"has-text-align-center\" data-align=\"center\">35<\/td><td class=\"has-text-align-center\" data-align=\"center\">2,17<\/td><\/tr><tr><td>MEDICINA INTENSIVA PEDI&Aacute;TRICA<\/td><td class=\"has-text-align-center\" data-align=\"center\">1<\/td><td class=\"has-text-align-center\" data-align=\"center\">11<\/td><td class=\"has-text-align-center\" data-align=\"center\">0,09<\/td><\/tr><tr><td>MEDICINA NUCLEAR<\/td><td class=\"has-text-align-center\" data-align=\"center\">6<\/td><td class=\"has-text-align-center\" data-align=\"center\">2<\/td><td class=\"has-text-align-center\" data-align=\"center\">3<\/td><\/tr><tr><td>MEDICINA PALIATIVA<\/td><td class=\"has-text-align-center\" data-align=\"center\">8<\/td><td class=\"has-text-align-center\" data-align=\"center\">6<\/td><td class=\"has-text-align-center\" data-align=\"center\">1,33<\/td><\/tr><tr><td>NEFROLOGIA<\/td><td class=\"has-text-align-center\" data-align=\"center\">19<\/td><td class=\"has-text-align-center\" data-align=\"center\">10<\/td><td class=\"has-text-align-center\" data-align=\"center\">1,9<\/td><\/tr><tr><td>NEFROLOGIA PEDI&Aacute;TRICA<\/td><td class=\"has-text-align-center\" data-align=\"center\">3<\/td><td class=\"has-text-align-center\" data-align=\"center\">2<\/td><td class=\"has-text-align-center\" data-align=\"center\">1,5<\/td><\/tr><tr><td>NEONATOLOGIA<\/td><td class=\"has-text-align-center\" data-align=\"center\">9<\/td><td class=\"has-text-align-center\" data-align=\"center\">21<\/td><td class=\"has-text-align-center\" data-align=\"center\">0,42<\/td><\/tr><tr><td>NEUROCIRURGIA<\/td><td class=\"has-text-align-center\" data-align=\"center\">61<\/td><td class=\"has-text-align-center\" data-align=\"center\">5<\/td><td class=\"has-text-align-center\" data-align=\"center\">12,2<\/td><\/tr><tr><td>NEUROLOGIA<\/td><td class=\"has-text-align-center\" data-align=\"center\">221<\/td><td class=\"has-text-align-center\" data-align=\"center\">20<\/td><td class=\"has-text-align-center\" data-align=\"center\">11,05<\/td><\/tr><tr><td>NEUROLOGIA PEDI&Aacute;TRICA<\/td><td class=\"has-text-align-center\" data-align=\"center\">25<\/td><td class=\"has-text-align-center\" data-align=\"center\">3<\/td><td class=\"has-text-align-center\" data-align=\"center\">8,33<\/td><\/tr><tr><td>NEURORRADIOLOGIA<\/td><td class=\"has-text-align-center\" data-align=\"center\">8<\/td><td class=\"has-text-align-center\" data-align=\"center\">1<\/td><td class=\"has-text-align-center\" data-align=\"center\">8<\/td><\/tr><tr><td>OBSTETR&Iacute;CIA \/ GINECOLOGIA<\/td><td class=\"has-text-align-center\" data-align=\"center\">557<\/td><td class=\"has-text-align-center\" data-align=\"center\">71<\/td><td class=\"has-text-align-center\" data-align=\"center\">7,84<\/td><\/tr><tr><td>OFTALMOLOGIA<\/td><td class=\"has-text-align-center\" data-align=\"center\">304<\/td><td class=\"has-text-align-center\" data-align=\"center\">18<\/td><td class=\"has-text-align-center\" data-align=\"center\">16,88<\/td><\/tr><tr><td>ONCOLOGIA CIR&Uacute;RGICA<\/td><td class=\"has-text-align-center\" data-align=\"center\">6<\/td><td class=\"has-text-align-center\" data-align=\"center\">7<\/td><td class=\"has-text-align-center\" data-align=\"center\">0,85<\/td><\/tr><tr><td>ONCOLOGIA CL&Iacute;NICA<\/td><td class=\"has-text-align-center\" data-align=\"center\">19<\/td><td class=\"has-text-align-center\" data-align=\"center\">11<\/td><td class=\"has-text-align-center\" data-align=\"center\">1,72<\/td><\/tr><tr><td>ONCOLOGIA PEDI&Aacute;TRICA<\/td><td class=\"has-text-align-center\" data-align=\"center\">1<\/td><td class=\"has-text-align-center\" data-align=\"center\">5<\/td><td class=\"has-text-align-center\" data-align=\"center\">0,2<\/td><\/tr><tr><td>ORTOPEDIA \/ TRAUMATOLOGIA<\/td><td class=\"has-text-align-center\" data-align=\"center\">303<\/td><td class=\"has-text-align-center\" data-align=\"center\">44<\/td><td class=\"has-text-align-center\" data-align=\"center\">6,88<\/td><\/tr><tr><td>OTORRINOLARINGOLOGIA<\/td><td class=\"has-text-align-center\" data-align=\"center\">101<\/td><td class=\"has-text-align-center\" data-align=\"center\">5<\/td><td class=\"has-text-align-center\" data-align=\"center\">20,2<\/td><\/tr><tr><td>PATOLOGIA<\/td><td class=\"has-text-align-center\" data-align=\"center\">33<\/td><td class=\"has-text-align-center\" data-align=\"center\">4<\/td><td class=\"has-text-align-center\" data-align=\"center\">8,25<\/td><\/tr><tr><td>PEDIATRIA<\/td><td class=\"has-text-align-center\" data-align=\"center\">417<\/td><td class=\"has-text-align-center\" data-align=\"center\">77<\/td><td class=\"has-text-align-center\" data-align=\"center\">5,41<\/td><\/tr><tr><td>PNEUMOLOGIA<\/td><td class=\"has-text-align-center\" data-align=\"center\">22<\/td><td class=\"has-text-align-center\" data-align=\"center\">10<\/td><td class=\"has-text-align-center\" data-align=\"center\">2,2<\/td><\/tr><tr><td>PNEUMOLOGIA PEDI&Aacute;TRICA<\/td><td class=\"has-text-align-center\" data-align=\"center\">10<\/td><td class=\"has-text-align-center\" data-align=\"center\">3<\/td><td class=\"has-text-align-center\" data-align=\"center\">3,33<\/td><\/tr><tr><td>PSIQUIATRIA<\/td><td class=\"has-text-align-center\" data-align=\"center\">400<\/td><td class=\"has-text-align-center\" data-align=\"center\">18<\/td><td class=\"has-text-align-center\" data-align=\"center\">22,22<\/td><\/tr><tr><td>PSIQUIATRIA DA INF&Acirc;NCIA E ADOLESC&Ecirc;NCIA<\/td><td class=\"has-text-align-center\" data-align=\"center\">12<\/td><td class=\"has-text-align-center\" data-align=\"center\">3<\/td><td class=\"has-text-align-center\" data-align=\"center\">4<\/td><\/tr><tr><td>R3 &ndash; CIRURGIA TOR&Aacute;CICA<\/td><td class=\"has-text-align-center\" data-align=\"center\">1<\/td><td class=\"has-text-align-center\" data-align=\"center\">1<\/td><td class=\"has-text-align-center\" data-align=\"center\">1<\/td><\/tr><tr><td>R3 &ndash; CL&Iacute;NICA M&Eacute;DICA &ndash; &Aacute;REA DE ATUA&Ccedil;&Atilde;O<\/td><td class=\"has-text-align-center\" data-align=\"center\">7<\/td><td class=\"has-text-align-center\" data-align=\"center\">7<\/td><td class=\"has-text-align-center\" data-align=\"center\">1<\/td><\/tr><tr><td>R3 &ndash; MEDICINA DE FAM&Iacute;LIA E COMUNIDADE, SA&Uacute;DE DO CAMPO, DA FLORES<\/td><td class=\"has-text-align-center\" data-align=\"center\">2<\/td><td class=\"has-text-align-center\" data-align=\"center\">2<\/td><td class=\"has-text-align-center\" data-align=\"center\">1<\/td><\/tr><tr><td>R4 &ndash; CIRURGIA PEDI&Aacute;TRICA<\/td><td class=\"has-text-align-center\" data-align=\"center\">8<\/td><td class=\"has-text-align-center\" data-align=\"center\">1<\/td><td class=\"has-text-align-center\" data-align=\"center\">8<\/td><\/tr><tr><td>R4 &ndash; ORTOPEDIA E TRAUMATOLOGIA<\/td><td class=\"has-text-align-center\" data-align=\"center\">9<\/td><td class=\"has-text-align-center\" data-align=\"center\">4<\/td><td class=\"has-text-align-center\" data-align=\"center\">2,25<\/td><\/tr><tr><td>R4 &ndash; RADIOLOGIA E DIAGN&Oacute;STICO POR IMAGEM<\/td><td class=\"has-text-align-center\" data-align=\"center\">2<\/td><td class=\"has-text-align-center\" data-align=\"center\">2<\/td><td class=\"has-text-align-center\" data-align=\"center\">1<\/td><\/tr><tr><td>R6 &ndash; ANO ADICIONAL EM NEUROCIRURGIA &ndash; CIRURGIA DA COLUNA VERTEB<\/td><td class=\"has-text-align-center\" data-align=\"center\">1<\/td><td class=\"has-text-align-center\" data-align=\"center\">1<\/td><td class=\"has-text-align-center\" data-align=\"center\">1<\/td><\/tr><tr><td>R6 &ndash; ANO ADICIONAL EM NEUROCIRURGIA &ndash; NEUROCIRURGIA ONCOL&Oacute;GICA<\/td><td class=\"has-text-align-center\" data-align=\"center\">1<\/td><td class=\"has-text-align-center\" data-align=\"center\">1<\/td><td class=\"has-text-align-center\" data-align=\"center\">1<\/td><\/tr><tr><td>RADIOLOGIA E DIAGN&Oacute;STICO POR IMAGEM<\/td><td class=\"has-text-align-center\" data-align=\"center\">241<\/td><td class=\"has-text-align-center\" data-align=\"center\">20<\/td><td class=\"has-text-align-center\" data-align=\"center\">12,05<\/td><\/tr><tr><td>RADIOLOGIA INTERVENCIONISTA E ANGIORRADIOLOGIA<\/td><td class=\"has-text-align-center\" data-align=\"center\">2<\/td><td class=\"has-text-align-center\" data-align=\"center\">3<\/td><td class=\"has-text-align-center\" data-align=\"center\">0,66<\/td><\/tr><tr><td>RADIOTERAPIA<\/td><td class=\"has-text-align-center\" data-align=\"center\">5<\/td><td class=\"has-text-align-center\" data-align=\"center\">1<\/td><td class=\"has-text-align-center\" data-align=\"center\">5<\/td><\/tr><tr><td>TRANSPLANTE DE MED&Uacute;LA &Oacute;SSEA<\/td><td class=\"has-text-align-center\" data-align=\"center\">1<\/td><td class=\"has-text-align-center\" data-align=\"center\">2<\/td><td class=\"has-text-align-center\" data-align=\"center\">0,5<\/td><\/tr><tr><td>TRANSPLANTE DE RIM<\/td><td class=\"has-text-align-center\" data-align=\"center\">1<\/td><td class=\"has-text-align-center\" data-align=\"center\">2<\/td><td class=\"has-text-align-center\" data-align=\"center\">0,5<\/td><\/tr><tr><td>ULTRASSONOGRAFIA EM OBSTETR&Iacute;CIA E GINECOLOGIA<\/td><td class=\"has-text-align-center\" data-align=\"center\">4<\/td><td class=\"has-text-align-center\" data-align=\"center\">2<\/td><td class=\"has-text-align-center\" data-align=\"center\">2<\/td><\/tr><tr><td>UROLOGIA<\/td><td class=\"has-text-align-center\" data-align=\"center\">21<\/td><td class=\"has-text-align-center\" data-align=\"center\">9<\/td><td class=\"has-text-align-center\" data-align=\"center\">2,33<\/td><\/tr><tr><td>ENDOSCOPIA RESPIRAT&Oacute;RIA &ndash; &Aacute;REA DE ATUA&Ccedil;&Atilde;O<\/td><td class=\"has-text-align-center\" data-align=\"center\">0<\/td><td class=\"has-text-align-center\" data-align=\"center\">2<\/td><td class=\"has-text-align-center\" data-align=\"center\">0<\/td><\/tr><tr><td>HEMATOLOGIA E HEMOTERAPIA PEDI&Aacute;TRICA<\/td><td class=\"has-text-align-center\" data-align=\"center\">0<\/td><td class=\"has-text-align-center\" data-align=\"center\">2<\/td><td class=\"has-text-align-center\" data-align=\"center\">0<\/td><\/tr><tr><td>HEPATOLOGIA<\/td><td class=\"has-text-align-center\" data-align=\"center\">0<\/td><td class=\"has-text-align-center\" data-align=\"center\">3<\/td><td class=\"has-text-align-center\" data-align=\"center\">0<\/td><\/tr><tr><td>INFECTOLOGIA PEDI&Aacute;TRICA<\/td><td class=\"has-text-align-center\" data-align=\"center\">0<\/td><td class=\"has-text-align-center\" data-align=\"center\">2<\/td><td class=\"has-text-align-center\" data-align=\"center\">0<\/td><\/tr><tr><td>R3 &ndash; ONCOLOGIA PEDI&Aacute;TRICA<\/td><td class=\"has-text-align-center\" data-align=\"center\">0<\/td><td class=\"has-text-align-center\" data-align=\"center\">2<\/td><td class=\"has-text-align-center\" data-align=\"center\">0<\/td><\/tr><tr><td>R3 &ndash; PNEUMOLOGIA (BRONCOSCOPIA)<\/td><td class=\"has-text-align-center\" data-align=\"center\">0<\/td><td class=\"has-text-align-center\" data-align=\"center\">1<\/td><td class=\"has-text-align-center\" data-align=\"center\">0<\/td><\/tr><tr><td>R3 &ndash; TRANSPLANTE DE F&Iacute;GADO<\/td><td class=\"has-text-align-center\" data-align=\"center\">0<\/td><td class=\"has-text-align-center\" data-align=\"center\">3<\/td><td class=\"has-text-align-center\" data-align=\"center\">0<\/td><\/tr><tr><td>R4 &ndash; CIRURGIA ONCOL&Oacute;GICA (&Aacute;REA DE ATUA&Ccedil;&Atilde;O ONCOGINECOLOGIA)<\/td><td class=\"has-text-align-center\" data-align=\"center\">0<\/td><td class=\"has-text-align-center\" data-align=\"center\">1<\/td><td class=\"has-text-align-center\" data-align=\"center\">0<\/td><\/tr><tr><td>R6 &ndash; ANO ADICIONAL EM NEUROCIRURGIA &ndash; CIRURGIA CEREBROVASCULAR<\/td><td class=\"has-text-align-center\" data-align=\"center\">0<\/td><td class=\"has-text-align-center\" data-align=\"center\">1<\/td><td class=\"has-text-align-center\" data-align=\"center\">0<\/td><\/tr><\/tbody><\/table><\/figure><p>Confira abaixo o documento oficial divulgado pela SES-PE:<\/p><div class=\"wp-block-buttons is-horizontal is-content-justification-center is-layout-flex wp-container-core-buttons-is-layout-7 wp-block-buttons-is-layout-flex\">\n<div class=\"wp-block-button\"><a class=\"wp-block-button__link wp-element-button\" href=\"https:\/\/med.estrategia.com\/portal\/wp-content\/uploads\/2025\/12\/Resid-med-2026-LISTAGEM-DE-CANDIDATOS-VALIDOS.pdf\" target=\"_blank\">listagem de candidatos aptos &agrave; prova<\/a><\/div>\n<\/div><h2 class=\"wp-block-heading\" id=\"h-notas-de-corte-ses-pe-2025\"><span class=\"ez-toc-section\" id=\"Notas-de-Corte-SES-PE-2025\"><\/span>Notas de Corte SES-PE 2025<span class=\"ez-toc-section-end\"><\/span><\/h2><p>Confira quais foram as&nbsp;<strong>notas minimas necess&aacute;rias<\/strong>&nbsp;para ser aprovado e convocado em 1&ordf; chamada na &uacute;ltima edi&ccedil;&atilde;o finalizada do processo seletivo da SES-PE:<\/p><figure class=\"wp-block-table\"><table class=\"has-fixed-layout\"><thead><tr><th>Especialidades<\/th><th class=\"has-text-align-center\" data-align=\"center\">Nota de Corte<\/th><\/tr><\/thead><tbody><tr><td>Anestesiologia<\/td><td class=\"has-text-align-center\" data-align=\"center\">74,604<\/td><\/tr><tr><td>Cirurgia Cardiovascular<\/td><td class=\"has-text-align-center\" data-align=\"center\">60,408<\/td><\/tr><tr><td>Cirurgia Geral<\/td><td class=\"has-text-align-center\" data-align=\"center\">70,26<\/td><\/tr><tr><td>Cl&iacute;nica M&eacute;dica<\/td><td class=\"has-text-align-center\" data-align=\"center\">59,244<\/td><\/tr><tr><td>Dermatologia<\/td><td class=\"has-text-align-center\" data-align=\"center\">76,932<\/td><\/tr><tr><td>Infectologia<\/td><td class=\"has-text-align-center\" data-align=\"center\">49,228<\/td><\/tr><tr><td>Medicina de Fam&iacute;lia e Comunidade<\/td><td class=\"has-text-align-center\" data-align=\"center\">49,81<\/td><\/tr><tr><td>Medicina Intensiva<\/td><td class=\"has-text-align-center\" data-align=\"center\">47,728<\/td><\/tr><tr><td>Medicina Nuclear<\/td><td class=\"has-text-align-center\" data-align=\"center\">62,513<\/td><\/tr><tr><td>Neurocirurgia<\/td><td class=\"has-text-align-center\" data-align=\"center\">79,768<\/td><\/tr><tr><td>Neurologia<\/td><td class=\"has-text-align-center\" data-align=\"center\">66,924<\/td><\/tr><tr><td>Obstetr&iacute;cia \/ Ginecologia<\/td><td class=\"has-text-align-center\" data-align=\"center\">62,498<\/td><\/tr><tr><td>Oftalmologia<\/td><td class=\"has-text-align-center\" data-align=\"center\">73,514<\/td><\/tr><tr><td>Ortopedia \/ Traumatologia<\/td><td class=\"has-text-align-center\" data-align=\"center\">53,404<\/td><\/tr><tr><td>Otorrinolaringologia<\/td><td class=\"has-text-align-center\" data-align=\"center\">76,6<\/td><\/tr><tr><td>Patologia<\/td><td class=\"has-text-align-center\" data-align=\"center\">63,916<\/td><\/tr><tr><td>Pediatria<\/td><td class=\"has-text-align-center\" data-align=\"center\">57,99<\/td><\/tr><tr><td>Psiquiatria<\/td><td class=\"has-text-align-center\" data-align=\"center\">72,514<\/td><\/tr><tr><td>Radiologia e Diagn&oacute;stico por Imagem<\/td><td class=\"has-text-align-center\" data-align=\"center\">66,842<\/td><\/tr><tr><td>Radioterapia<\/td><td class=\"has-text-align-center\" data-align=\"center\">63,662<\/td><\/tr><tr><td>Anestesiologia Pedi&aacute;trica<\/td><td class=\"has-text-align-center\" data-align=\"center\">45,9<\/td><\/tr><tr><td>Angiorradiologia e Cirurgia Endovascular<\/td><td class=\"has-text-align-center\" data-align=\"center\">47,412<\/td><\/tr><tr><td>Cardiointensivismo<\/td><td class=\"has-text-align-center\" data-align=\"center\">&ndash;<\/td><\/tr><tr><td>Cardiologia<\/td><td class=\"has-text-align-center\" data-align=\"center\">68,536<\/td><\/tr><tr><td>Cardiologia Pedi&aacute;trica<\/td><td class=\"has-text-align-center\" data-align=\"center\">57,02<\/td><\/tr><tr><td>Cirurgia da M&atilde;o<\/td><td class=\"has-text-align-center\" data-align=\"center\">80,987<\/td><\/tr><tr><td>Cirurgia de Cabe&ccedil;a e Pesco&ccedil;o<\/td><td class=\"has-text-align-center\" data-align=\"center\">66,871<\/td><\/tr><tr><td>Cirurgia do Aparelho Digestivo<\/td><td class=\"has-text-align-center\" data-align=\"center\">62,456<\/td><\/tr><tr><td>Cirurgia Pedi&aacute;trica<\/td><td class=\"has-text-align-center\" data-align=\"center\">68,121<\/td><\/tr><tr><td>Cirurgia Pl&aacute;stica<\/td><td class=\"has-text-align-center\" data-align=\"center\">70,286<\/td><\/tr><tr><td>Cirurgia Tor&aacute;cica<\/td><td class=\"has-text-align-center\" data-align=\"center\">61,126<\/td><\/tr><tr><td>Cirurgia Vascular<\/td><td class=\"has-text-align-center\" data-align=\"center\">42,219<\/td><\/tr><tr><td>Coloproctologia<\/td><td class=\"has-text-align-center\" data-align=\"center\">46,05<\/td><\/tr><tr><td>Ecocardiografia<\/td><td class=\"has-text-align-center\" data-align=\"center\">67,455<\/td><\/tr><tr><td>Eletrofisiologia Cl&iacute;nica Invasiva<\/td><td class=\"has-text-align-center\" data-align=\"center\">62,781<\/td><\/tr><tr><td>Endocrinologia e Metabologia<\/td><td class=\"has-text-align-center\" data-align=\"center\">88,354<\/td><\/tr><tr><td>Endocrinologia Pedi&aacute;trica<\/td><td class=\"has-text-align-center\" data-align=\"center\">63,9<\/td><\/tr><tr><td>Endoscopia<\/td><td class=\"has-text-align-center\" data-align=\"center\">69,032<\/td><\/tr><tr><td>Endoscopia Respirat&oacute;ria<\/td><td class=\"has-text-align-center\" data-align=\"center\">&ndash;<\/td><\/tr><tr><td>Gastroenterologia<\/td><td class=\"has-text-align-center\" data-align=\"center\">86,438<\/td><\/tr><tr><td>Gastroenterologia Pedi&aacute;trica<\/td><td class=\"has-text-align-center\" data-align=\"center\">69,955<\/td><\/tr><tr><td>Geriatria<\/td><td class=\"has-text-align-center\" data-align=\"center\">79,943<\/td><\/tr><tr><td>Hematologia e Hemoterapia<\/td><td class=\"has-text-align-center\" data-align=\"center\">67,032<\/td><\/tr><tr><td>Hematologia e Hemoterapia Pedi&aacute;trica<\/td><td class=\"has-text-align-center\" data-align=\"center\">&ndash;<\/td><\/tr><tr><td>Hemodin&acirc;mica e Cardiologia Intervencionista<\/td><td class=\"has-text-align-center\" data-align=\"center\">57,77<\/td><\/tr><tr><td>Hepatologia<\/td><td class=\"has-text-align-center\" data-align=\"center\">58<\/td><\/tr><tr><td>Infectologia Pedi&aacute;trica<\/td><td class=\"has-text-align-center\" data-align=\"center\">&ndash;<\/td><\/tr><tr><td>Mastologia<\/td><td class=\"has-text-align-center\" data-align=\"center\">58,933<\/td><\/tr><tr><td>Medicina do Sono<\/td><td class=\"has-text-align-center\" data-align=\"center\">59,75<\/td><\/tr><tr><td>Medicina Fetal<\/td><td class=\"has-text-align-center\" data-align=\"center\">82,226<\/td><\/tr><tr><td>Medicina Intensiva Pedi&aacute;trica<\/td><td class=\"has-text-align-center\" data-align=\"center\">41,162<\/td><\/tr><tr><td>Nefrologia<\/td><td class=\"has-text-align-center\" data-align=\"center\">70,202<\/td><\/tr><tr><td>Nefrologia Pedi&aacute;trica<\/td><td class=\"has-text-align-center\" data-align=\"center\">46,075<\/td><\/tr><tr><td>Neonatologia<\/td><td class=\"has-text-align-center\" data-align=\"center\">53,009<\/td><\/tr><tr><td>Oncologia Cir&uacute;rgica<\/td><td class=\"has-text-align-center\" data-align=\"center\">42,134<\/td><\/tr><tr><td>Oncologia Cl&iacute;nica<\/td><td class=\"has-text-align-center\" data-align=\"center\">76,778<\/td><\/tr><tr><td>Oncologia Pedi&aacute;trica<\/td><td class=\"has-text-align-center\" data-align=\"center\">79,5<\/td><\/tr><tr><td>Pneumologia<\/td><td class=\"has-text-align-center\" data-align=\"center\">70,702<\/td><\/tr><tr><td>Pneumologia Pedi&aacute;trica<\/td><td class=\"has-text-align-center\" data-align=\"center\">62,618<\/td><\/tr><tr><td>Psiquiatria da Inf&acirc;ncia e Adolesc&ecirc;ncia<\/td><td class=\"has-text-align-center\" data-align=\"center\">67,49<\/td><\/tr><tr><td>R3 &ndash; Cirurgia Tor&aacute;cica<\/td><td class=\"has-text-align-center\" data-align=\"center\">72,05<\/td><\/tr><tr><td>R3 &ndash; Cl&iacute;nica M&eacute;dica<\/td><td class=\"has-text-align-center\" data-align=\"center\">73,117<\/td><\/tr><tr><td>R3 &ndash; Medicina de Fam&iacute;lia e Comunidade<\/td><td class=\"has-text-align-center\" data-align=\"center\">77,66<\/td><\/tr><tr><td>R3 &ndash; Medicina Paliativa<\/td><td class=\"has-text-align-center\" data-align=\"center\">72,6<\/td><\/tr><tr><td>R3 &ndash; Oncologia Pedi&aacute;trica<\/td><td class=\"has-text-align-center\" data-align=\"center\">&ndash;<\/td><\/tr><tr><td>R3 &ndash; Pneumologia (Broncoscopia)<\/td><td class=\"has-text-align-center\" data-align=\"center\">&ndash;<\/td><\/tr><tr><td>R3 &ndash; Transplante de F&iacute;gado<\/td><td class=\"has-text-align-center\" data-align=\"center\">&ndash;<\/td><\/tr><tr><td>R4 &ndash; Cirurgia Oncol&oacute;gica (&Aacute;rea de Atua&ccedil;&atilde;o Oncoginecologia)<\/td><td class=\"has-text-align-center\" data-align=\"center\">&ndash;<\/td><\/tr><tr><td>R4 &ndash; Ortopedia e Traumatologia<\/td><td class=\"has-text-align-center\" data-align=\"center\">37,8<\/td><\/tr><tr><td>R4 &ndash; Radiologia e Diagn&oacute;stico por Imagem<\/td><td class=\"has-text-align-center\" data-align=\"center\">70,542<\/td><\/tr><tr><td>R6 &ndash; Neurorradiologia<\/td><td class=\"has-text-align-center\" data-align=\"center\">30,967<\/td><\/tr><tr><td>Radiologia Intervencionista e Angiorradiologia<\/td><td class=\"has-text-align-center\" data-align=\"center\">39,745<\/td><\/tr><tr><td>Transplante de Medula &Oacute;ssea<\/td><td class=\"has-text-align-center\" data-align=\"center\">&ndash;<\/td><\/tr><tr><td>Transplante de Rim<\/td><td class=\"has-text-align-center\" data-align=\"center\">&ndash;<\/td><\/tr><tr><td>Ultrassonografia em Obstetr&iacute;cia e Ginecologia<\/td><td class=\"has-text-align-center\" data-align=\"center\">62,455<\/td><\/tr><tr><td>Urologia<\/td><td class=\"has-text-align-center\" data-align=\"center\">58,21<\/td><\/tr><\/tbody><\/table><\/figure><div class=\"wp-block-buttons is-content-justification-center is-layout-flex wp-container-core-buttons-is-layout-8 wp-block-buttons-is-layout-flex\">\n<div class=\"wp-block-button\"><a class=\"wp-block-button__link wp-element-button\" href=\"https:\/\/med.estrategia.com\/portal\/residencia-medica\/notas-de-corte-pernambuco\/\" target=\"_blank\"><strong>CONFIRA AQUI A RELA&Ccedil;&Atilde;O COMPLETA DE NOTAS DE CORTE!<\/strong><\/a><\/div>\n<\/div><h2 class=\"wp-block-heading\" id=\"h-prepare-se-para-a-ses-pe-2026-com-o-estrategia-med\"><span class=\"ez-toc-section\" id=\"Prepare-se-para-a-SES-PE-2026-com-o-Estrategia-MED\"><\/span>Prepare-se para a SES-PE 2026 com o Estrat&eacute;gia MED<span class=\"ez-toc-section-end\"><\/span><\/h2><p>O&nbsp;Estrat&eacute;gia MED&nbsp;preparou uma revis&atilde;o para Reta Final completa, com conte&uacute;dos espec&iacute;ficos e direcionados para a banca. Inscreva-se no&nbsp;<a href=\"https:\/\/www.youtube.com\/c\/Estrat%C3%A9giaMED\" target=\"_blank\">nosso canal do&nbsp;Youtube<\/a>&nbsp;e acompanhe as transmiss&otilde;es da&nbsp;<strong>Reta Final SES-PE Resid&ecirc;ncia M&eacute;dica 2025\/26<\/strong>. Confira a programa&ccedil;&atilde;o:<\/p><figure class=\"wp-block-table\"><table><thead><tr><th class=\"has-text-align-center\" data-align=\"center\">Data<\/th><th class=\"has-text-align-center\" data-align=\"center\">Hor&aacute;rio<\/th><th class=\"has-text-align-center\" data-align=\"center\">Evento<\/th><\/tr><\/thead><tbody><tr><td class=\"has-text-align-center\" data-align=\"center\">04\/01<\/td><td class=\"has-text-align-center\" data-align=\"center\">08:00 &agrave;s 15:20<\/td><td class=\"has-text-align-center\" data-align=\"center\">Premoni&ccedil;&atilde;o&nbsp;SES-PE&nbsp;&nbsp;Resid&ecirc;ncia M&eacute;dica<\/td><\/tr><tr><td class=\"has-text-align-center\" data-align=\"center\">05\/01<\/td><td class=\"has-text-align-center\" data-align=\"center\">19:00 &agrave;s 21:30<\/td><td class=\"has-text-align-center\" data-align=\"center\">Hora da Verdade Ginecologia e Obstetr&iacute;cia SES-PE Resid&ecirc;ncia M&eacute;dica<\/td><\/tr><tr><td class=\"has-text-align-center\" data-align=\"center\">06\/01<\/td><td class=\"has-text-align-center\" data-align=\"center\">19:00 &agrave;s 21:30<\/td><td class=\"has-text-align-center\" data-align=\"center\">Hora da Verdade Cirurgia SES-PE Resid&ecirc;ncia M&eacute;dica<\/td><\/tr><tr><td class=\"has-text-align-center\" data-align=\"center\">07\/01<\/td><td class=\"has-text-align-center\" data-align=\"center\">19:00 &agrave;s 21:30<\/td><td class=\"has-text-align-center\" data-align=\"center\">Hora da Verdade Pediatria SES-PE Resid&ecirc;ncia M&eacute;dica<\/td><\/tr><tr><td class=\"has-text-align-center\" data-align=\"center\">08\/01<\/td><td class=\"has-text-align-center\" data-align=\"center\">19:00 &agrave;s 21:30<\/td><td class=\"has-text-align-center\" data-align=\"center\">Hora da Verdade Medicina Preventiva SES-PE Resid&ecirc;ncia M&eacute;dica<\/td><\/tr><tr><td class=\"has-text-align-center\" data-align=\"center\">09\/01<\/td><td class=\"has-text-align-center\" data-align=\"center\">19:00 &agrave;s 23:00<\/td><td class=\"has-text-align-center\" data-align=\"center\">Hora da Verdade Cl&iacute;nica M&eacute;dica SES-PE Resid&ecirc;ncia M&eacute;dica<\/td><\/tr><tr><td class=\"has-text-align-center\" data-align=\"center\">10\/01<\/td><td class=\"has-text-align-center\" data-align=\"center\">08:00 &agrave;s 15:20<\/td><td class=\"has-text-align-center\" data-align=\"center\">Revis&atilde;o de V&eacute;spera SES-PE Resid&ecirc;ncia M&eacute;dica<\/td><\/tr><tr><td class=\"has-text-align-center\" data-align=\"center\">11\/01<\/td><td class=\"has-text-align-center\" data-align=\"center\">hor&aacute;rio a definir<\/td><td class=\"has-text-align-center\" data-align=\"center\">Gabarito SES-PE Resid&ecirc;ncia M&eacute;dica 2025\/26<\/td><\/tr><\/tbody><\/table><\/figure><h2 class=\"wp-block-heading\" id=\"h-como-se-preparar-para-a-ses-pe-2026\"><span class=\"ez-toc-section\" id=\"Como-se-preparar-para-a-SES-PE-2026\"><\/span>Como se preparar para a SES-PE 2026<span class=\"ez-toc-section-end\"><\/span><\/h2><p>Se voc&ecirc; est&aacute; interessado na Resid&ecirc;ncia M&eacute;dica de uma das institui&ccedil;&otilde;es participantes da SES-PE ou em qualquer outro seletivo grande, ent&atilde;o, priorize um&nbsp;<strong>m&eacute;todo de estudo que seja eficaz<\/strong>&nbsp;e r&aacute;pido. Por isso,&nbsp;<strong>a resolu&ccedil;&atilde;o de quest&otilde;es &eacute; uma pr&aacute;tica essencial<\/strong>. Ao estudar por quest&otilde;es, seja com o&nbsp;<strong><a href=\"https:\/\/med.estrategia.com\/cursos\/banco-de-questoes\/?id=5f9c1a06-a6c8-4565-9740-6cdb9ad2bb57\" target=\"_blank\">Banco de Quest&otilde;es do Estrat&eacute;gia MED<\/a><\/strong>&nbsp;ou com os&nbsp;<strong><a href=\"https:\/\/med.estrategia.com\/cursos\/sprints-residencia-medica\/?id=2016bd4b-bf03-4a5b-b84b-4f83706dfa1a\" target=\"_blank\">Sprints,<\/a><\/strong>&nbsp;os candidatos se familiarizam com o estilo da prova, calculam seu tempo de resolu&ccedil;&atilde;o e tamb&eacute;m identificam as mat&eacute;rias que mais exigem sua aten&ccedil;&atilde;o.&nbsp;<\/p><p>Aproveite e veja os depoimentos de alguns dos&nbsp;nossos aprovados na SES-PE 2025:<\/p><div class=\"wp-block-media-text alignwide has-media-on-the-right is-stacked-on-mobile is-image-fill-element cnvs-block-core-media-text-1682346932891 has-background has-medium-font-size\" style=\"background:linear-gradient(135deg,rgb(255,245,203) 0%,rgb(182,227,212) 24%,rgb(51,167,181) 80%);grid-template-columns:auto 41%\"><div class=\"wp-block-media-text__content\">\n<h3 class=\"wp-block-heading has-text-align-left has-medium-font-size\" id=\"h-anna-carolyne-gomes-lucena-1&ordm;-lugar-em-otorrinolaringologia-na-ses-pe\"><span class=\"ez-toc-section\" id=\"ANNA-CAROLYNE-GOMES-LUCENA-1o-lugar-em-Otorrinolaringologia-na-SES-PE\"><\/span><br>ANNA CAROLYNE GOMES LUCENA<br>1&ordm; lugar em Otorrinolaringologia na SES-PE<span class=\"ez-toc-section-end\"><\/span><\/h3>\n\n\n\n<p class=\"has-text-align-left has-small-font-size\">Utilizou: Curso Extensivo Resid&ecirc;ncia M&eacute;dica<\/p>\n\n\n\n<p><em>O Estrat&eacute;gia MED foi essencial na minha trajet&oacute;ria at&eacute; a aprova&ccedil;&atilde;o. Um banco de quest&otilde;es super completo, material bem estruturado e professores com excelente did&aacute;tica foi a combina&ccedil;&atilde;o perfeita para garantir uma prepara&ccedil;&atilde;o s&oacute;lida e focada nos assuntos mais prevalentes nas provas. Outro ponto que merece destaque s&atilde;o os sprints de reta final com conte&uacute;do direcionado para cada banca, o que facilitou bastante nas revis&otilde;es antes das provas.<\/em><\/p>\n\n\n\n<p class=\"has-text-align-left\"><br><\/p>\n<\/div><figure class=\"wp-block-media-text__media\"><img decoding=\"async\" width=\"598\" height=\"1024\" src=\"https:\/\/med.estrategia.com\/portal\/wp-content\/uploads\/2023\/10\/ANNA-CAROLYNE-GOMES-LUCENA-598x1024.jpeg\" alt=\"\" class=\"wp-image-85985 size-full\" style=\"object-position:47% 37%\" srcset=\"https:\/\/med.estrategia.com\/portal\/wp-content\/uploads\/2023\/10\/ANNA-CAROLYNE-GOMES-LUCENA-598x1024.jpeg 598w, https:\/\/med.estrategia.com\/portal\/wp-content\/uploads\/2023\/10\/ANNA-CAROLYNE-GOMES-LUCENA.jpeg 748w\" sizes=\"(max-width: 598px) 100vw, 598px\" \/><\/figure><\/div><div class=\"wp-block-media-text alignwide is-stacked-on-mobile is-image-fill-element cnvs-block-core-media-text-1681318856583 has-pale-ocean-gradient-background has-background has-medium-font-size\" style=\"grid-template-columns:41% auto\"><figure class=\"wp-block-media-text__media\"><img decoding=\"async\" width=\"780\" height=\"1024\" src=\"https:\/\/med.estrategia.com\/portal\/wp-content\/uploads\/2023\/10\/JOAO-VITOR-DUARTE-HENRIQUE-DIAS-780x1024.jpeg\" alt=\"\" class=\"wp-image-85986 size-full\" style=\"object-position:55% 0%\" srcset=\"https:\/\/med.estrategia.com\/portal\/wp-content\/uploads\/2023\/10\/JOAO-VITOR-DUARTE-HENRIQUE-DIAS-780x1024.jpeg 780w, https:\/\/med.estrategia.com\/portal\/wp-content\/uploads\/2023\/10\/JOAO-VITOR-DUARTE-HENRIQUE-DIAS-768x1009.jpeg 768w, https:\/\/med.estrategia.com\/portal\/wp-content\/uploads\/2023\/10\/JOAO-VITOR-DUARTE-HENRIQUE-DIAS-1169x1536.jpeg 1169w, https:\/\/med.estrategia.com\/portal\/wp-content\/uploads\/2023\/10\/JOAO-VITOR-DUARTE-HENRIQUE-DIAS-800x1051.jpeg 800w, https:\/\/med.estrategia.com\/portal\/wp-content\/uploads\/2023\/10\/JOAO-VITOR-DUARTE-HENRIQUE-DIAS-1160x1524.jpeg 1160w, https:\/\/med.estrategia.com\/portal\/wp-content\/uploads\/2023\/10\/JOAO-VITOR-DUARTE-HENRIQUE-DIAS.jpeg 1196w\" sizes=\"(max-width: 780px) 100vw, 780px\" \/><\/figure><div class=\"wp-block-media-text__content\">\n<h3 class=\"wp-block-heading has-text-align-left has-medium-font-size\" id=\"h-joao-vitor-duarte-henrique-dias-3&ordm;-lugar-em-psiquiatria-na-ses-pe\"><span class=\"ez-toc-section\" id=\"JOAO-VITOR-DUARTE-HENRIQUE-DIAS-3o-lugar-em-Psiquiatria-na-SES-PE\"><\/span><br>JO&Atilde;O VITOR DUARTE HENRIQUE DIAS<br>3&ordm; lugar em Psiquiatria na SES-PE<span class=\"ez-toc-section-end\"><\/span><\/h3>\n\n\n\n<p class=\"has-text-align-left has-small-font-size\">Utilizou: Banco de Quest&otilde;es<\/p>\n\n\n\n<p><em>Eu j&aacute; tinha uma bagagem te&oacute;rica boa, mas sabia que sedimentar os conte&uacute;dos da forma assertiva faria toda a diferen&ccedil;a. O Banco de Quest&otilde;es do Estrat&eacute;gia foi a melhor escolha que eu poderia ter feito. Me permitiu focar exatamente nos pontos que precisava refor&ccedil;ar, otimizando meu tempo de estudo. Os coment&aacute;rios das quest&otilde;es s&atilde;o bem elaborados, did&aacute;ticos, indo do b&aacute;sico ao avan&ccedil;ado. Sem d&uacute;vidas, foi um dos pilares da minha aprova&ccedil;&atilde;o.<\/em><\/p>\n\n\n\n<p class=\"has-text-align-left\"><br><\/p>\n<\/div><\/div><p>\n\n\n\n\n\n\n\n<a id=\"cta\" class=\"cta-imagem\" href=\"https:\/\/med.estrategia.com\/curso\/banco-de-questes-resumos-estrategicos-anual\/\" target=\"blank\">\n                <img decoding=\"async\" width=\"100%\" src=\"https:\/\/med.estrategia.com\/portal\/wp-content\/uploads\/2025\/08\/banco_questoes.png\" alt=\"banco_questoes\" title=\"banco_questoes\">\n        <\/a>\n\n\n\n<\/p><h2 class=\"wp-block-heading\"><span class=\"ez-toc-section\" id=\"Veja-tambem\"><\/span>Veja tamb&eacute;m:<span class=\"ez-toc-section-end\"><\/span><\/h2><ul class=\"wp-block-list\">\n<li><a href=\"https:\/\/med.estrategia.com\/portal\/residencia-medica\/provas\/ses-pe-provas-e-editais\/\">Prova de Resid&ecirc;ncia M&eacute;dica SES-PE 2021<\/a><\/li>\n\n\n\n<li><a href=\"https:\/\/med.estrategia.com\/portal\/residencia-medica\/surce-residencia-medica\/\">Resid&ecirc;ncia m&eacute;dica SURCE<\/a><\/li>\n\n\n\n<li><a href=\"https:\/\/med.estrategia.com\/portal\/residencia-medica\/ufrn-residencia-medica\/\">Resid&ecirc;ncia M&eacute;dica UFRN<\/a><\/li>\n\n\n\n<li><a href=\"https:\/\/med.estrategia.com\/portal\/residencia-medica\/psu-al-residencia-medica\/\">Resid&ecirc;ncia M&eacute;dica PSU AL<\/a><\/li>\n\n\n\n<li><a href=\"https:\/\/med.estrategia.com\/portal\/residencia-medica\/ufpb-residencia-medica\/\">Resid&ecirc;ncia M&eacute;dica UFPB<\/a><\/li>\n\n\n\n<li><a href=\"https:\/\/med.estrategia.com\/portal\/residencia-medica\/ufs-residencia-medica\/\">Resid&ecirc;ncia M&eacute;dica UFS<\/a><\/li>\n\n\n\n<li><a href=\"https:\/\/med.estrategia.com\/portal\/residencia-medica\/sus-ba-residencia-medica\/\">Resid&ecirc;ncia M&eacute;dica SUS-BA<\/a><\/li>\n\n\n\n<li><a href=\"https:\/\/med.estrategia.com\/portal\/residencia-medica\/especialidades\/10-residencias-medicas-com-mais-vagas-por-especialidade\/\">10 Resid&ecirc;ncias M&eacute;dicas com mais vagas por especialidade<\/a><\/li>\n\n\n\n<li><a href=\"https:\/\/med.estrategia.com\/portal\/residencia-medica\/residencias-medicas-mais-concorridos\/\">10 Resid&ecirc;ncias M&eacute;dicas mais concorridas<\/a><\/li>\n\n\n\n<li><a href=\"https:\/\/med.estrategia.com\/portal\/residencia-medica\/usp-sp-residencia-medica\/\">Resid&ecirc;ncia M&eacute;dica USP SP<\/a><\/li>\n\n\n\n<li><a href=\"https:\/\/med.estrategia.com\/portal\/residencia-medica\/enare-vagas-cronograma-provas-edital\/\">Resid&ecirc;ncia M&eacute;dica ENARE<\/a><\/li>\n<\/ul><\/p>\n","protected":false},"excerpt":{"rendered":"Tem interesse em fazer parte de algum dos programas de resid&ecirc;ncia m&eacute;dica das institui&ccedil;&otilde;es participantes da SES-PE? Ent&atilde;o&hellip;\n","protected":false},"author":22,"featured_media":38750,"comment_status":"open","ping_status":"open","sticky":false,"template":"","format":"standard","meta":{"wl_entities_gutenberg":"","footnotes":""},"categories":[24],"tags":[],"wl_entity_type":[199],"class_list":{"0":"post-3076","1":"post","2":"type-post","3":"status-publish","4":"format-standard","5":"has-post-thumbnail","7":"category-residencia-medica","8":"wl_entity_type-article"},"acf":[],"yoast_head":"<!-- This site is optimized with the Yoast SEO Premium plugin v26.6 (Yoast SEO v26.6) - https:\/\/yoast.com\/wordpress\/plugins\/seo\/ -->\n<title>Resid\u00eancia M\u00e9dica SES-PE: seletivo, vagas, edital e mais<\/title>\n<meta name=\"description\" content=\"O Estrat\u00e9gia MED te orienta sobre o processo seletivo de Resid\u00eancia M\u00e9dica da SES-PE. Confira esse texto e saiba tudo sobre a prova!\" \/>\n<meta name=\"robots\" content=\"index, follow, max-snippet:-1, max-image-preview:large, max-video-preview:-1\" \/>\n<link rel=\"canonical\" href=\"https:\/\/med.estrategia.com\/portal\/residencia-medica\/ses-pe-residencia-medica\/\" \/>\n<meta property=\"og:locale\" content=\"pt_BR\" \/>\n<meta property=\"og:type\" content=\"article\" \/>\n<meta property=\"og:title\" content=\"Resid\u00eancia M\u00e9dica SES-PE 2026: edital, cronograma, vagas e mais\" \/>\n<meta property=\"og:description\" content=\"O Estrat\u00e9gia MED te orienta sobre o processo seletivo de Resid\u00eancia M\u00e9dica da SES-PE. Confira esse texto e saiba tudo sobre a prova!\" \/>\n<meta property=\"og:url\" content=\"https:\/\/med.estrategia.com\/portal\/residencia-medica\/ses-pe-residencia-medica\/\" \/>\n<meta property=\"og:site_name\" content=\"Estrat\u00e9gia MED\" \/>\n<meta property=\"article:publisher\" content=\"https:\/\/www.facebook.com\/estrategiamed1\" \/>\n<meta property=\"article:published_time\" content=\"2023-10-30T17:12:00+00:00\" \/>\n<meta property=\"article:modified_time\" content=\"2026-02-02T11:31:10+00:00\" \/>\n<meta property=\"og:image\" content=\"https:\/\/med.estrategia.com\/portal\/wp-content\/uploads\/2023\/04\/SES-PE.jpg\" \/>\n\t<meta property=\"og:image:width\" content=\"1200\" \/>\n\t<meta property=\"og:image:height\" content=\"800\" \/>\n\t<meta property=\"og:image:type\" content=\"image\/jpeg\" \/>\n<meta name=\"author\" content=\"Erika Coelho\" \/>\n<meta name=\"twitter:card\" content=\"summary_large_image\" \/>\n<meta name=\"twitter:creator\" content=\"@estrategiamed_\" \/>\n<meta name=\"twitter:site\" content=\"@estrategiamed_\" \/>\n<meta name=\"twitter:label1\" content=\"Escrito por\" \/>\n\t<meta name=\"twitter:data1\" content=\"Erika Coelho\" \/>\n\t<meta name=\"twitter:label2\" content=\"Est. tempo de leitura\" \/>\n\t<meta name=\"twitter:data2\" content=\"8 minutos\" \/>\n<script type=\"application\/ld+json\" class=\"yoast-schema-graph\">{\"@context\":\"https:\/\/schema.org\",\"@graph\":[{\"@type\":\"WebPage\",\"@id\":\"https:\/\/med.estrategia.com\/portal\/residencia-medica\/ses-pe-residencia-medica\/\",\"url\":\"https:\/\/med.estrategia.com\/portal\/residencia-medica\/ses-pe-residencia-medica\/\",\"name\":\"Resid\u00eancia M\u00e9dica SES-PE: seletivo, vagas, edital e mais\",\"isPartOf\":{\"@id\":\"https:\/\/med.estrategia.com\/portal\/#website\"},\"primaryImageOfPage\":{\"@id\":\"https:\/\/med.estrategia.com\/portal\/residencia-medica\/ses-pe-residencia-medica\/#primaryimage\"},\"image\":{\"@id\":\"https:\/\/med.estrategia.com\/portal\/residencia-medica\/ses-pe-residencia-medica\/#primaryimage\"},\"thumbnailUrl\":\"https:\/\/med.estrategia.com\/portal\/wp-content\/uploads\/2023\/04\/SES-PE.jpg\",\"datePublished\":\"2023-10-30T17:12:00+00:00\",\"dateModified\":\"2026-02-02T11:31:10+00:00\",\"author\":{\"@id\":\"https:\/\/med.estrategia.com\/portal\/#\/schema\/person\/8e7c9b2f53f2eede3b8880ad86ff20a3\"},\"description\":\"O Estrat\u00e9gia MED te orienta sobre o processo seletivo de Resid\u00eancia M\u00e9dica da SES-PE. Confira esse texto e saiba tudo sobre a prova!\",\"breadcrumb\":{\"@id\":\"https:\/\/med.estrategia.com\/portal\/residencia-medica\/ses-pe-residencia-medica\/#breadcrumb\"},\"inLanguage\":\"pt-BR\",\"potentialAction\":[{\"@type\":\"ReadAction\",\"target\":[\"https:\/\/med.estrategia.com\/portal\/residencia-medica\/ses-pe-residencia-medica\/\"]}]},{\"@type\":\"ImageObject\",\"inLanguage\":\"pt-BR\",\"@id\":\"https:\/\/med.estrategia.com\/portal\/residencia-medica\/ses-pe-residencia-medica\/#primaryimage\",\"url\":\"https:\/\/med.estrategia.com\/portal\/wp-content\/uploads\/2023\/04\/SES-PE.jpg\",\"contentUrl\":\"https:\/\/med.estrategia.com\/portal\/wp-content\/uploads\/2023\/04\/SES-PE.jpg\",\"width\":1200,\"height\":800,\"caption\":\"Cr\u00e9ditos: Estrat\u00e9gia MED e Governo do Estado de Pernambuco\"},{\"@type\":\"BreadcrumbList\",\"@id\":\"https:\/\/med.estrategia.com\/portal\/residencia-medica\/ses-pe-residencia-medica\/#breadcrumb\",\"itemListElement\":[{\"@type\":\"ListItem\",\"position\":1,\"name\":\"Home\",\"item\":\"https:\/\/med.estrategia.com\/portal\/\"},{\"@type\":\"ListItem\",\"position\":2,\"name\":\"Resid\u00eancia M\u00e9dica\",\"item\":\"https:\/\/med.estrategia.com\/portal\/residencia-medica\/\"},{\"@type\":\"ListItem\",\"position\":3,\"name\":\"Resid\u00eancia M\u00e9dica SES-PE 2026: edital, cronograma, vagas e mais\"}]},{\"@type\":\"WebSite\",\"@id\":\"https:\/\/med.estrategia.com\/portal\/#website\",\"url\":\"https:\/\/med.estrategia.com\/portal\/\",\"name\":\"Estrat\u00e9gia MED\",\"description\":\"\",\"potentialAction\":[{\"@type\":\"SearchAction\",\"target\":{\"@type\":\"EntryPoint\",\"urlTemplate\":\"https:\/\/med.estrategia.com\/portal\/?s={search_term_string}\"},\"query-input\":{\"@type\":\"PropertyValueSpecification\",\"valueRequired\":true,\"valueName\":\"search_term_string\"}}],\"inLanguage\":\"pt-BR\"},{\"@type\":\"Person\",\"@id\":\"https:\/\/med.estrategia.com\/portal\/#\/schema\/person\/8e7c9b2f53f2eede3b8880ad86ff20a3\",\"name\":\"Erika Coelho\",\"image\":{\"@type\":\"ImageObject\",\"inLanguage\":\"pt-BR\",\"@id\":\"https:\/\/med.estrategia.com\/portal\/#\/schema\/person\/image\/\",\"url\":\"https:\/\/secure.gravatar.com\/avatar\/8ef9ff2e2fa53829c640cca8d1a45178?s=96&d=mm&r=g\",\"contentUrl\":\"https:\/\/secure.gravatar.com\/avatar\/8ef9ff2e2fa53829c640cca8d1a45178?s=96&d=mm&r=g\",\"caption\":\"Erika Coelho\"},\"description\":\"Jornalista pela Universidade Presbiteriana Mackenzie, escrevo sobre educa\u00e7\u00e3o, sa\u00fade e pol\u00edticas p\u00fablicas\",\"url\":\"https:\/\/med.estrategia.com\/portal\/author\/erika\/\"}]}<\/script>\n<!-- \/ Yoast SEO Premium plugin. -->","yoast_head_json":{"title":"Resid\u00eancia M\u00e9dica SES-PE: seletivo, vagas, edital e mais","description":"O Estrat\u00e9gia MED te orienta sobre o processo seletivo de Resid\u00eancia M\u00e9dica da SES-PE. Confira esse texto e saiba tudo sobre a prova!","robots":{"index":"index","follow":"follow","max-snippet":"max-snippet:-1","max-image-preview":"max-image-preview:large","max-video-preview":"max-video-preview:-1"},"canonical":"https:\/\/med.estrategia.com\/portal\/residencia-medica\/ses-pe-residencia-medica\/","og_locale":"pt_BR","og_type":"article","og_title":"Resid\u00eancia M\u00e9dica SES-PE 2026: edital, cronograma, vagas e mais","og_description":"O Estrat\u00e9gia MED te orienta sobre o processo seletivo de Resid\u00eancia M\u00e9dica da SES-PE. Confira esse texto e saiba tudo sobre a prova!","og_url":"https:\/\/med.estrategia.com\/portal\/residencia-medica\/ses-pe-residencia-medica\/","og_site_name":"Estrat\u00e9gia MED","article_publisher":"https:\/\/www.facebook.com\/estrategiamed1","article_published_time":"2023-10-30T17:12:00+00:00","article_modified_time":"2026-02-02T11:31:10+00:00","og_image":[{"width":1200,"height":800,"url":"https:\/\/med.estrategia.com\/portal\/wp-content\/uploads\/2023\/04\/SES-PE.jpg","type":"image\/jpeg"}],"author":"Erika Coelho","twitter_card":"summary_large_image","twitter_creator":"@estrategiamed_","twitter_site":"@estrategiamed_","twitter_misc":{"Escrito por":"Erika Coelho","Est. tempo de leitura":"8 minutos"},"schema":{"@context":"https:\/\/schema.org","@graph":[{"@type":"WebPage","@id":"https:\/\/med.estrategia.com\/portal\/residencia-medica\/ses-pe-residencia-medica\/","url":"https:\/\/med.estrategia.com\/portal\/residencia-medica\/ses-pe-residencia-medica\/","name":"Resid\u00eancia M\u00e9dica SES-PE: seletivo, vagas, edital e mais","isPartOf":{"@id":"https:\/\/med.estrategia.com\/portal\/#website"},"primaryImageOfPage":{"@id":"https:\/\/med.estrategia.com\/portal\/residencia-medica\/ses-pe-residencia-medica\/#primaryimage"},"image":{"@id":"https:\/\/med.estrategia.com\/portal\/residencia-medica\/ses-pe-residencia-medica\/#primaryimage"},"thumbnailUrl":"https:\/\/med.estrategia.com\/portal\/wp-content\/uploads\/2023\/04\/SES-PE.jpg","datePublished":"2023-10-30T17:12:00+00:00","dateModified":"2026-02-02T11:31:10+00:00","author":{"@id":"https:\/\/med.estrategia.com\/portal\/#\/schema\/person\/8e7c9b2f53f2eede3b8880ad86ff20a3"},"description":"O Estrat\u00e9gia MED te orienta sobre o processo seletivo de Resid\u00eancia M\u00e9dica da SES-PE. Confira esse texto e saiba tudo sobre a prova!","breadcrumb":{"@id":"https:\/\/med.estrategia.com\/portal\/residencia-medica\/ses-pe-residencia-medica\/#breadcrumb"},"inLanguage":"pt-BR","potentialAction":[{"@type":"ReadAction","target":["https:\/\/med.estrategia.com\/portal\/residencia-medica\/ses-pe-residencia-medica\/"]}]},{"@type":"ImageObject","inLanguage":"pt-BR","@id":"https:\/\/med.estrategia.com\/portal\/residencia-medica\/ses-pe-residencia-medica\/#primaryimage","url":"https:\/\/med.estrategia.com\/portal\/wp-content\/uploads\/2023\/04\/SES-PE.jpg","contentUrl":"https:\/\/med.estrategia.com\/portal\/wp-content\/uploads\/2023\/04\/SES-PE.jpg","width":1200,"height":800,"caption":"Cr\u00e9ditos: Estrat\u00e9gia MED e Governo do Estado de Pernambuco"},{"@type":"BreadcrumbList","@id":"https:\/\/med.estrategia.com\/portal\/residencia-medica\/ses-pe-residencia-medica\/#breadcrumb","itemListElement":[{"@type":"ListItem","position":1,"name":"Home","item":"https:\/\/med.estrategia.com\/portal\/"},{"@type":"ListItem","position":2,"name":"Resid\u00eancia M\u00e9dica","item":"https:\/\/med.estrategia.com\/portal\/residencia-medica\/"},{"@type":"ListItem","position":3,"name":"Resid\u00eancia M\u00e9dica SES-PE 2026: edital, cronograma, vagas e mais"}]},{"@type":"WebSite","@id":"https:\/\/med.estrategia.com\/portal\/#website","url":"https:\/\/med.estrategia.com\/portal\/","name":"Estrat\u00e9gia MED","description":"","potentialAction":[{"@type":"SearchAction","target":{"@type":"EntryPoint","urlTemplate":"https:\/\/med.estrategia.com\/portal\/?s={search_term_string}"},"query-input":{"@type":"PropertyValueSpecification","valueRequired":true,"valueName":"search_term_string"}}],"inLanguage":"pt-BR"},{"@type":"Person","@id":"https:\/\/med.estrategia.com\/portal\/#\/schema\/person\/8e7c9b2f53f2eede3b8880ad86ff20a3","name":"Erika Coelho","image":{"@type":"ImageObject","inLanguage":"pt-BR","@id":"https:\/\/med.estrategia.com\/portal\/#\/schema\/person\/image\/","url":"https:\/\/secure.gravatar.com\/avatar\/8ef9ff2e2fa53829c640cca8d1a45178?s=96&d=mm&r=g","contentUrl":"https:\/\/secure.gravatar.com\/avatar\/8ef9ff2e2fa53829c640cca8d1a45178?s=96&d=mm&r=g","caption":"Erika Coelho"},"description":"Jornalista pela Universidade Presbiteriana Mackenzie, escrevo sobre educa\u00e7\u00e3o, sa\u00fade e pol\u00edticas p\u00fablicas","url":"https:\/\/med.estrategia.com\/portal\/author\/erika\/"}]}},"_wl_alt_label":[],"wl:entity_url":"\/post\/ses-pe-residencia-medica","_links":{"self":[{"href":"https:\/\/med.estrategia.com\/portal\/wp-json\/wp\/v2\/posts\/3076","targetHints":{"allow":["GET"]}}],"collection":[{"href":"https:\/\/med.estrategia.com\/portal\/wp-json\/wp\/v2\/posts"}],"about":[{"href":"https:\/\/med.estrategia.com\/portal\/wp-json\/wp\/v2\/types\/post"}],"author":[{"embeddable":true,"href":"https:\/\/med.estrategia.com\/portal\/wp-json\/wp\/v2\/users\/22"}],"replies":[{"embeddable":true,"href":"https:\/\/med.estrategia.com\/portal\/wp-json\/wp\/v2\/comments?post=3076"}],"version-history":[{"count":157,"href":"https:\/\/med.estrategia.com\/portal\/wp-json\/wp\/v2\/posts\/3076\/revisions"}],"predecessor-version":[{"id":106446,"href":"https:\/\/med.estrategia.com\/portal\/wp-json\/wp\/v2\/posts\/3076\/revisions\/106446"}],"wp:featuredmedia":[{"embeddable":true,"href":"https:\/\/med.estrategia.com\/portal\/wp-json\/wp\/v2\/media\/38750"}],"wp:attachment":[{"href":"https:\/\/med.estrategia.com\/portal\/wp-json\/wp\/v2\/media?parent=3076"}],"wp:term":[{"taxonomy":"category","embeddable":true,"href":"https:\/\/med.estrategia.com\/portal\/wp-json\/wp\/v2\/categories?post=3076"},{"taxonomy":"post_tag","embeddable":true,"href":"https:\/\/med.estrategia.com\/portal\/wp-json\/wp\/v2\/tags?post=3076"},{"taxonomy":"wl_entity_type","embeddable":true,"href":"https:\/\/med.estrategia.com\/portal\/wp-json\/wp\/v2\/wl_entity_type?post=3076"}],"curies":[{"name":"wp","href":"https:\/\/api.w.org\/{rel}","templated":true}]}}