{"id":3125,"date":"2021-01-06T15:14:13","date_gmt":"2021-01-06T18:14:13","guid":{"rendered":"https:\/\/med.estrategiaeducacional.com.br\/blog\/?p=3125"},"modified":"2026-03-26T10:11:32","modified_gmt":"2026-03-26T13:11:32","slug":"sus-sp-residencia-medica","status":"publish","type":"post","link":"https:\/\/med.estrategia.com\/portal\/residencia-medica\/sus-sp-residencia-medica\/","title":{"rendered":"Resid\u00eancia M\u00e9dica SUS-SP: edital 2026, vagas e mais"},"content":{"rendered":"<p>A resid&ecirc;ncia m&eacute;dica da Secretaria de Estado da Sa&uacute;de de S&atilde;o Paulo, mais conhecido como  <strong>SUS-SP<\/strong>, &eacute; uma das <strong>principais e mais<\/strong> <strong>desejadas do pa&iacute;s<\/strong>. Conhe&ccedil;a todas as caracter&iacute;sticas e etapas da sele&ccedil;&atilde;o e dos programas de resid&ecirc;ncia m&eacute;dica e mantenha-se atualizado sobre o SUS-SP com esse artigo do Estrat&eacute;gia MED.<div id=\"ez-toc-container\" class=\"ez-toc-v2_0_79_2 counter-hierarchy ez-toc-counter ez-toc-transparent ez-toc-container-direction\">\n<div class=\"ez-toc-title-container\"><p class=\"ez-toc-title\" style=\"cursor:inherit\">Navegue pelo conte\u00fado<\/p>\n<\/div><nav><ul class='ez-toc-list ez-toc-list-level-1 ' ><li class='ez-toc-page-1 ez-toc-heading-level-2'><a class=\"ez-toc-link ez-toc-heading-1\" href=\"https:\/\/med.estrategia.com\/portal\/residencia-medica\/sus-sp-residencia-medica\/#O-que-e-o-SUS-SP\" >O que &eacute; o SUS-SP?<\/a><\/li><li class='ez-toc-page-1 ez-toc-heading-level-2'><a class=\"ez-toc-link ez-toc-heading-2\" href=\"https:\/\/med.estrategia.com\/portal\/residencia-medica\/sus-sp-residencia-medica\/#Instituicoes-Participantes-do-SUS-SP\" >Institui&ccedil;&otilde;es Participantes do SUS-SP<\/a><\/li><li class='ez-toc-page-1 ez-toc-heading-level-2'><a class=\"ez-toc-link ez-toc-heading-3\" href=\"https:\/\/med.estrategia.com\/portal\/residencia-medica\/sus-sp-residencia-medica\/#Como-e-a-prova-do-SUS-SP\" >Como &eacute; a prova do SUS-SP?<\/a><\/li><li class='ez-toc-page-1 ez-toc-heading-level-2'><a class=\"ez-toc-link ez-toc-heading-4\" href=\"https:\/\/med.estrategia.com\/portal\/residencia-medica\/sus-sp-residencia-medica\/#Como-se-inscrever-para-o-SUS-SP\" >Como se inscrever para o SUS-SP?<\/a><\/li><li class='ez-toc-page-1 ez-toc-heading-level-2'><a class=\"ez-toc-link ez-toc-heading-5\" href=\"https:\/\/med.estrategia.com\/portal\/residencia-medica\/sus-sp-residencia-medica\/#Escolha-de-Vagas-SUS-SP\" >Escolha de Vagas SUS-SP<\/a><\/li><li class='ez-toc-page-1 ez-toc-heading-level-2'><a class=\"ez-toc-link ez-toc-heading-6\" href=\"https:\/\/med.estrategia.com\/portal\/residencia-medica\/sus-sp-residencia-medica\/#Sistema-de-pontuacao-diferenciada-para-PPI\" >Sistema de pontua&ccedil;&atilde;o diferenciada para PPI<\/a><\/li><li class='ez-toc-page-1 ez-toc-heading-level-2'><a class=\"ez-toc-link ez-toc-heading-7\" href=\"https:\/\/med.estrategia.com\/portal\/residencia-medica\/sus-sp-residencia-medica\/#Saiba-como-sera-a-edicao-2026-do-SUS-SP\" >Saiba como ser&aacute; a edi&ccedil;&atilde;o 2026 do SUS-SP<\/a><\/li><li class='ez-toc-page-1 ez-toc-heading-level-2'><a class=\"ez-toc-link ez-toc-heading-8\" href=\"https:\/\/med.estrategia.com\/portal\/residencia-medica\/sus-sp-residencia-medica\/#Concorrencia-SUS-SP-2026\" >Concorr&ecirc;ncia SUS-SP 2026<\/a><\/li><li class='ez-toc-page-1 ez-toc-heading-level-2'><a class=\"ez-toc-link ez-toc-heading-9\" href=\"https:\/\/med.estrategia.com\/portal\/residencia-medica\/sus-sp-residencia-medica\/#Nota-de-Corte-do-SUS-SP\" >Nota de Corte do SUS-SP<\/a><\/li><li class='ez-toc-page-1 ez-toc-heading-level-2'><a class=\"ez-toc-link ez-toc-heading-10\" href=\"https:\/\/med.estrategia.com\/portal\/residencia-medica\/sus-sp-residencia-medica\/#Como-se-preparar-para-o-SUS-SP-2026\" >Como se preparar para o SUS-SP 2026?<\/a><\/li><li class='ez-toc-page-1 ez-toc-heading-level-2'><a class=\"ez-toc-link ez-toc-heading-11\" href=\"https:\/\/med.estrategia.com\/portal\/residencia-medica\/sus-sp-residencia-medica\/#Veja-tambem\" >Veja tamb&eacute;m:<\/a><\/li><\/ul><\/nav><\/div>\n<h2 class=\"wp-block-heading\"><span class=\"ez-toc-section\" id=\"O-que-e-o-SUS-SP\"><\/span>O que &eacute; o SUS-SP?<span class=\"ez-toc-section-end\"><\/span><\/h2><p>O processo seletivo do <strong><a href=\"https:\/\/www.saude.sp.gov.br\/\" target=\"_blank\">Sistema &Uacute;nico de Sa&uacute;de do Estado de S&atilde;o Paulo (SUS SP)<\/a><\/strong> &eacute; um dos <strong>maiores e mais procurados concursos para Resid&ecirc;ncia M&eacute;dica<\/strong> do Brasil. Al&eacute;m de oferecer mais de mil vagas anualmente, o processo seletivo <strong>abriga mais de 60 institui&ccedil;&otilde;es<\/strong> espalhadas por diversas cidades do estado de <strong>S&atilde;o Paulo<\/strong>.<\/p><div class=\"wp-block-buttons is-horizontal is-content-justification-center is-layout-flex wp-container-core-buttons-is-layout-1 wp-block-buttons-is-layout-flex\">\n<div class=\"wp-block-button\"><a class=\"wp-block-button__link has-background wp-element-button\" href=\"https:\/\/med.estrategia.com\/cursos\/\" style=\"background-color:#0ba4ae\" target=\"_blank\">Conhe&ccedil;a os cursos do Estrat&eacute;gia MED!<\/a><\/div>\n<\/div><p>\n\n\n<div id=\"new-form\">\n\t<form id=\"forms_layout\">\n\t<input type=\"hidden\" id=\"chave_de\" name=\"chave_de\" value=\"01_EMED_LEADS_TOTAIS\" \/>\n\t\t<input type=\"hidden\" id=\"mid\" name=\"mid\" value=\"515009018\" \/>\n\t\t<input type=\"hidden\" id=\"Objetivo\" name=\"Objetivo\" value=\"Medicina\" \/>\n\t\t<input type=\"hidden\" id=\"Estado_de_Origem_do_IP\" name=\"Estado_de_Origem_do_IP\"  value=\"\" \/>\n\t\t<input type=\"hidden\" id=\"Cidade_de_Origem_do_IP\" name=\"Cidade_de_Origem_do_IP\" value=\"\" \/>\n\t\t<input type=\"hidden\" id=\"Modo_de_entrada\" name=\"Modo_de_entrada\" value=\"Portal\" \/>\n\t\t<input type=\"hidden\" id=\"Pagina_Origem\" name=\"Pagina_Origem\" value=\"\" \/>\n\n\t\t<div class=\"texto\">\n\t\t\t<h3 class=\"news\">Inscreva-se em nossa newsletter!<\/h3>\n\t\t\t<p>Receba not\u00edcias sobre resid\u00eancia m\u00e9dica, revalida\u00e7\u00e3o de diplomas e concursos m\u00e9dicos, al\u00e9m de materiais de estudo gratuitos e informa\u00e7\u00f5es relevantes do mundo da Medicina.<\/p>\n\t\t<\/div>\n\t\t<div class=\"campos\">\n\t\t\t<div class=\"first_name labels\">\n\t\t\t\t<input type=\"text\" class=\"input_labels\" id=\"first_name\" name=\"Nome_Completo\" placeholder=\"Nome\" required \/>\n\t\t\t<\/div>\n\t\t\t<div class=\"email labels\">\n\t\t\t\t<input type=\"email\" class=\"input_labels\" id=\"email\" name=\"Email\" placeholder=\"E-mail\" required \/>\n\t\t\t<\/div>\n\t\t\t<button type=\"submit\" class=\"button_layout\">\n\t\t\t\t<div id=\"lblBotao\">Inscreva-se<\/div>\n\t\t\t\t<span id=\"divSpiner\" class=\"loader\" role=\"status\" style=\"display: none;\"><\/span>\t\n\t\t\t<\/button>\n\t\t<\/div><!-- \/campos -->\n\t\t\n\t\t<label class=\"container_checkbox\">Voc\u00ea concorda com a nossa\n\t\t\t<a class=\"politics_privacy_ahref\" target=\"_blank\" href=\"https:\/\/gratis.estrategiaconcursos.com.br\/politica-de-privacidade\/\">Pol\u00edtica de Privacidade<\/a> e aceita receber informa\u00e7\u00f5es adicionais do Estrat\u00e9gia Educacional.\n\t\t\t<input id=\"checkbox_layout\" type=\"checkbox\" checked=\"checked\" required \/>\n\t\t\t<span class=\"checkbox\"><\/span>\n\t\t<\/label>\n\t\t<div id=\"msg\"><\/div>\n\t\t<div id=\"error\" class=\"error\">\n\t\t<\/div>\n\t<\/form>\n<\/div><!-- \/new-form -->\n\n\n\n<\/p><h2 class=\"wp-block-heading\" id=\"h-instituicoes-participantes-do-sus-sp\"><span class=\"ez-toc-section\" id=\"Instituicoes-Participantes-do-SUS-SP\"><\/span>Institui&ccedil;&otilde;es Participantes do SUS-SP<span class=\"ez-toc-section-end\"><\/span><\/h2><p>Na sele&ccedil;&atilde;o para ingresso em 2026, os candidatos &agrave; resid&ecirc;ncia m&eacute;dica da Secretaria de Estado de Sa&uacute;de de SP (SES-SP), tamb&eacute;m conhecido como SUS-SP, poder&atilde;o escolher um programa entre mais de<strong> 50 institui&ccedil;&otilde;es participantes<\/strong>. <\/p><figure class=\"wp-block-table\"><table class=\"has-fixed-layout\"><tbody><tr><td>A.C.Camargo Cancer Center<\/td><\/tr><tr><td>Associa&ccedil;&atilde;o Beneficente S&iacute;ria &ndash; Hcor<\/td><\/tr><tr><td>BP &ndash; Benefic&ecirc;ncia Portuguesa de S&atilde;o Paulo<\/td><\/tr><tr><td>CAISM &ldquo;Philippe Pinel&rdquo;<\/td><\/tr><tr><td>Centro de Reabilita&ccedil;&atilde;o Lucy Montoro<\/td><\/tr><tr><td>Centro Universit&aacute;rio Padre Albino &ndash; UNIFIPA<\/td><\/tr><tr><td>Complexo Hospitalar Padre Bento de Guarulhos<\/td><\/tr><tr><td>Conjunto Hospitalar de Mandaqui<\/td><\/tr><tr><td>Conjunto Hospitalar de Sorocaba<\/td><\/tr><tr><td>Faculdade de Medicina de Jundia&iacute;<\/td><\/tr><tr><td>Hospital Amaral Carvalho<\/td><\/tr><tr><td>Hospital Augusto de Oliveira Camargo &ndash; HAOC<\/td><\/tr><tr><td>Hospital Brigadeiro<\/td><\/tr><tr><td>Hospital da Mulher<\/td><\/tr><tr><td>Hospital das Cl&iacute;nicas Luzia de Pinho Melo<\/td><\/tr><tr><td>Hospital de Amor de Barretos<\/td><\/tr><tr><td>Hospital e Maternidade Salvalus<\/td><\/tr><tr><td>Hospital e Maternidade S&atilde;o Crist&oacute;v&atilde;o<\/td><\/tr><tr><td>Hospital Estadual de Bauru<\/td><\/tr><tr><td>Hospital Estadual de Franco da Rocha<\/td><\/tr><tr><td>Hospital Estadual de Sapopemba<\/td><\/tr><tr><td>Hospital Estadual Vila Alpina<\/td><\/tr><tr><td>Hospital Geral de Carapicu&iacute;ba<\/td><\/tr><tr><td>Hospital Geral de Itapecerica da Serra<\/td><\/tr><tr><td>Hospital Geral de Itapevi<\/td><\/tr><tr><td>Hospital Geral de Vila Penteado<\/td><\/tr><tr><td>Hospital Guilherme &Aacute;lvaro<\/td><\/tr><tr><td>Hospital Heli&oacute;polis<\/td><\/tr><tr><td>Hospital Infantil C&acirc;ndido Fontoura<\/td><\/tr><tr><td>Hospital Infantil Darcy Vargas<\/td><\/tr><tr><td>Hospital Ipiranga<\/td><\/tr><tr><td>Hospital Maternidade Leonor Mendes de Barros<\/td><\/tr><tr><td>Hospital Municipal Central de Osasco &ndash; Ant&ocirc;nio Giglio<\/td><\/tr><tr><td>Hospital Municipal Dr. Jos&eacute; de Carvalho Florence<\/td><\/tr><tr><td>Hospital Nossa Senhora do Pari<\/td><\/tr><tr><td>Hospital Quarteir&atilde;o da Sa&uacute;de &ndash; Prefeitura Municipal de Diadema<\/td><\/tr><tr><td>Hospital Regional de Cotia<\/td><\/tr><tr><td>Hospital Regional de Osasco<\/td><\/tr><tr><td>Hospital Regional Jorge Rossmann<\/td><\/tr><tr><td>Hospital Regional Sul<\/td><\/tr><tr><td>Hospital Santa Marcelina<\/td><\/tr><tr><td>Hospital Sepaco<\/td><\/tr><tr><td>Instituto Bairral de Psiquiatria<\/td><\/tr><tr><td>Instituto das Pequenas Mission&aacute;rias de Maria Imaculada Obra de A&ccedil;&atilde;o Social Pio XII<\/td><\/tr><tr><td>Instituto de Infectologia Em&iacute;lio Ribas<\/td><\/tr><tr><td>Instituto Lauro de Souza Lima<\/td><\/tr><tr><td>Prefeitura Municipal de Guarulhos<\/td><\/tr><tr><td>Prefeitura Municipal de Mau&aacute;<\/td><\/tr><tr><td>Prefeitura Municipal de Osasco<\/td><\/tr><tr><td>Santa Casa de Miseric&oacute;rdia de Barretos<\/td><\/tr><tr><td>Santa Casa de Miseric&oacute;rdia de Franca<\/td><\/tr><tr><td>Santa Casa de Miseric&oacute;rdia de Ja&uacute;<\/td><\/tr><tr><td>Santa Casa de Miseric&oacute;rdia de Santos<\/td><\/tr><tr><td>Servi&ccedil;o de Sa&uacute;de Dr. C&acirc;ndido Ferreira<\/td><\/tr><tr><td>Universidade Anhembi Morumbi\/ISAM &ndash; Piracicaba<\/td><\/tr><tr><td>Universidade Anhembi Morumbi\/ISAM &ndash; S&atilde;o Jos&eacute; dos Campos<\/td><\/tr><tr><td>Universidade Santo Amaro &ndash; UNISA<\/td><\/tr><tr><td>Munic&iacute;pio de Paul&iacute;nia<\/td><\/tr><tr><td>Hospital Regional de Ferraz de Vasconcelos<\/td><\/tr><tr><td>Centro Universit&aacute;rio Padre Albino &ndash; Faculdade de Medicina de Catanduva &ndash; Fameca<\/td><\/tr><tr><td>Santa Casa de Franca<\/td><\/tr><tr><td>Hospital Municipal Dr Jos&eacute; de Carvalho Florence<\/td><\/tr><tr><td>Hospital Regional de Assis<\/td><\/tr><tr><td>Santa Casa de Santos<\/td><\/tr><\/tbody><\/table><\/figure><div class=\"wp-block-buttons is-horizontal is-content-justification-center is-layout-flex wp-container-core-buttons-is-layout-2 wp-block-buttons-is-layout-flex\"><\/div><h2 class=\"wp-block-heading\" id=\"h-como-e-a-prova-do-sus-sp\"><span class=\"ez-toc-section\" id=\"Como-e-a-prova-do-SUS-SP\"><\/span>Como &eacute; a prova do SUS-SP?<span class=\"ez-toc-section-end\"><\/span><\/h2><p>O processo seletivo do SUS-SP &eacute; constitu&iacute;do por apenas <strong>uma fase eliminat&oacute;ria e classificat&oacute;ria<\/strong>. A fase &eacute; composta por uma <strong>prova objetiva de m&uacute;ltipla escolha, com 5 alternativas para cada quest&atilde;o<\/strong>. <br><br>Confira abaixo o <strong>n&uacute;mero de quest&otilde;es e a dura&ccedil;&atilde;o das provas<\/strong> de acordo com sua especialidade:<\/p><figure class=\"wp-block-table\"><table><tbody><tr><td><strong>Especialidades<\/strong><\/td><td class=\"has-text-align-center\" data-align=\"center\"><strong>N&uacute;mero de Quest&otilde;es<\/strong><\/td><td class=\"has-text-align-center\" data-align=\"center\"><strong>Dura&ccedil;&atilde;o<\/strong><\/td><\/tr><tr><td>Acesso Direto<\/td><td class=\"has-text-align-center\" data-align=\"center\">100<\/td><td class=\"has-text-align-center\" data-align=\"center\">5 horas<\/td><\/tr><tr><td>Pr&eacute;-Requisito\/&Aacute;reas de Atua&ccedil;&atilde;o<\/td><td class=\"has-text-align-center\" data-align=\"center\">50<\/td><td class=\"has-text-align-center\" data-align=\"center\">3 horas<\/td><\/tr><\/tbody><\/table><\/figure><h3 class=\"wp-block-heading\"> No dia da prova<\/h3><ul class=\"wp-block-list\">\n<li>O candidato precisa <strong>comparecer ao local de prova com, no m&iacute;nimo, 30 minutos de anteced&ecirc;ncia<\/strong>;<\/li>\n\n\n\n<li>&Eacute; necess&aacute;rio portar: <strong>caneta esferogr&aacute;fica de tinta preta<\/strong>, <strong>comprovante de inscri&ccedil;&atilde;o<\/strong> e <strong>documento de identidade original<\/strong>;<\/li>\n\n\n\n<li>O candidato pode <strong>sair do local de prova ap&oacute;s passada 4 horas do in&iacute;cio para especialidades de Acesso Direto e 2 horas para Pr&eacute;-Requisito<\/strong>, sem portar o caderno de quest&otilde;es.<\/li>\n<\/ul><h2 class=\"wp-block-heading\"><span class=\"ez-toc-section\" id=\"Como-se-inscrever-para-o-SUS-SP\"><\/span>Como se inscrever para o SUS-SP?<span class=\"ez-toc-section-end\"><\/span><\/h2><p>As <strong>inscri&ccedil;&otilde;es do SUS SP<\/strong> s&atilde;o realizadas on-line, por meio do <strong>site do Funda&ccedil;&atilde;o Vunesp<\/strong>. Na edi&ccedil;&atilde;o de 2026, os candidatos ter&atilde;o entre os dias <strong>16 de outubro e 4 de novembro de 2025 para submeter a inscri&ccedil;&atilde;o.<\/strong><\/p><p>No exame, h&aacute; a possibilidade de solicitar algum <strong>recurso especial para realiza&ccedil;&atilde;o da prova<\/strong> para candidatos com alguma necessidade espec&iacute;fica. Os interessados precisam <strong>preencher <\/strong>o campo referente &agrave; <strong>&ldquo;condi&ccedil;&atilde;o especial&rdquo; na inscri&ccedil;&atilde;o<\/strong> e fazer o <strong>upload de um laudo m&eacute;dico digitalizado<\/strong>.<\/p><p>Para as <strong>candidatas lactantes<\/strong>, al&eacute;m de informar sua situa&ccedil;&atilde;o na inscri&ccedil;&atilde;o, &eacute; necess&aacute;rio estar <strong>acompanhada por uma pessoa maior de idade<\/strong> no dia da prova, que fica respons&aacute;vel pelo beb&ecirc; em uma sala separada.<\/p><h3 class=\"wp-block-heading\">Taxa de inscri&ccedil;&atilde;o<\/h3><p>Al&eacute;m de preencher a ficha de inscri&ccedil;&atilde;o, o candidato precisa realizar o <strong>pagamento da taxa de inscri&ccedil;&atilde;o que custa R$120,00<\/strong>. Tamb&eacute;m h&aacute; a possibilidade de isen&ccedil;&atilde;o ou redu&ccedil;&atilde;o desta taxa, que pode ser solicitada entre os dias 16 e 17 de outubro de 2025 pelos candidatos. <\/p><p>Confira as condi&ccedil;&otilde;es e documentos necess&aacute;rios:<\/p><p><strong>No caso de solicita&ccedil;&atilde;o de redu&ccedil;&atilde;o de 50%<\/strong>&nbsp;<strong>na condi&ccedil;&atilde;o de estudante<\/strong><\/p><p>Condi&ccedil;&otilde;es:<\/p><ul class=\"wp-block-list\">\n<li>Ser estudante regularmente matriculado em curso superior, em n&iacute;vel de gradua&ccedil;&atilde;o ou p&oacute;s-gradua&ccedil;&atilde;o; e<\/li>\n\n\n\n<li>Receber remunera&ccedil;&atilde;o mensal inferior a 2 sal&aacute;rios m&iacute;nimos, ou estiver desempregado, mediante a apresenta&ccedil;&atilde;o de comprovante de renda ou declara&ccedil;&atilde;o de desempregado. <\/li>\n<\/ul><p><strong>No caso de isen&ccedil;&atilde;o da taxa de inscri&ccedil;&atilde;o<\/strong><\/p><p>Condi&ccedil;&otilde;es:<\/p><ol class=\"wp-block-list\">\n<li>Taxa de inscri&ccedil;&atilde;o for superior a 30% do sal&aacute;rio mensal do candidato, quando n&atilde;o tiver dependente;<\/li>\n\n\n\n<li>Taxa superior a 20% do sal&aacute;rio mensal do candidato e o mesmo possuir at&eacute; dois dependentes;<\/li>\n\n\n\n<li>Taxa for superior a 10% do sal&aacute;rio mensal do candidato e o mesmo tiver mais de dois dependentes;<\/li>\n\n\n\n<li>O candidato declarar-se impossibilitado de arcar com o pagamento da taxa de inscri&ccedil;&atilde;o e comprovar renda familiar mensal igual ou inferior a tr&ecirc;s sal&aacute;rios m&iacute;nimos ou renda individual igual ou inferior a dois sal&aacute;rios m&iacute;nimos;<\/li>\n\n\n\n<li>Inscri&ccedil;&atilde;o no Cadastro &Uacute;nico para Programas Sociais do Governo Federal (Cad&Uacute;nico), devendo indicar o N&uacute;mero de Identifica&ccedil;&atilde;o Social &ndash; NIS; ou<\/li>\n\n\n\n<li>Comprovar ser membro de fam&iacute;lia de baixa renda, nos termos do Decreto n&ordm; 6.135\/2007.<\/li>\n<\/ol><h2 class=\"wp-block-heading\"><span class=\"ez-toc-section\" id=\"Escolha-de-Vagas-SUS-SP\"><\/span>Escolha de Vagas SUS-SP<span class=\"ez-toc-section-end\"><\/span><\/h2><p>Para escolha da institui&ccedil;&atilde;o em que atuar&atilde;o como residentes m&eacute;dicos, os candidatos s&atilde;o convocados seguindo a lista de classifica&ccedil;&atilde;o final. Esse processo &eacute; realizado de forma&nbsp;<strong>100% remota<\/strong>, com acesso gratuito em navegador, preferencialmente Google Chrome, em equipamentos desktop ou celular.<\/p><p>S&atilde;o convocados para escolha de vagas todos os candidatos habilitados na prova objetiva, ou seja, aqueles que atingissem a&nbsp;<strong>nota m&iacute;nima de 50,00<\/strong>.<\/p><p>Todos os candidatos&nbsp;<strong>convocados<\/strong>&nbsp;para a escolha de vagas do SUS SP&nbsp;<strong>devem sinalizar a escolha no per&iacute;odo estipulado<\/strong>. Caso o candidato&nbsp;<strong>n&atilde;o se apresente nos dias determinados na lista de convoca&ccedil;&atilde;o<\/strong>, este &eacute;<strong>&nbsp;considerado desistente e desclassificado.<\/strong>&nbsp;E, assim, &eacute; convocado o pr&oacute;ximo candidato da lista.<\/p><p>O resultado das chamadas &eacute; determinado pela&nbsp;<strong>posi&ccedil;&atilde;o geral no processo seletivo<\/strong>&nbsp;levando em considera&ccedil;&atilde;o a&nbsp;<strong>especialidade a qual est&aacute; concorrendo<\/strong>&nbsp;e a&nbsp;<strong>quantidade de vagas ofertadas na institui&ccedil;&atilde;o escolhida<\/strong>. Ap&oacute;s a aprova&ccedil;&atilde;o dentro do n&uacute;mero de vagas, o candidato segue para o processo de matr&iacute;cula.<\/p><p class=\"wp-block-verse\">Saiba mais sobre o leil&atilde;o de vagas: <a href=\"https:\/\/med.estrategia.com\/portal\/residencia-medica\/sus-sp-leilao-de-vagas\/\" target=\"_blank\">Leil&atilde;o de Vagas do SUS-SP 2026: entenda como funciona<\/a><\/p><h2 class=\"wp-block-heading\" id=\"h-sistema-de-pontuacao-diferenciada-para-ppi\"><span class=\"ez-toc-section\" id=\"Sistema-de-pontuacao-diferenciada-para-PPI\"><\/span>Sistema de pontua&ccedil;&atilde;o diferenciada para PPI<span class=\"ez-toc-section-end\"><\/span><\/h2><p>Deste o edital 2024\/2025, o processo seletivo de resid&ecirc;ncia m&eacute;dica do SUS-SP trouxe uma novidade.   O edital contempla o&nbsp;<strong>sistema de pontua&ccedil;&atilde;o diferenciada (PD)<\/strong>&nbsp;que visa promover a equidade no acesso aos cargos p&uacute;blicos para candidatos&nbsp;<strong>pretos, pardos e ind&iacute;genas (PPI)<\/strong>. Essa medida &eacute; fundamentada na&nbsp;<strong>Lei Complementar n&ordm; 1.259\/2015<\/strong>&nbsp;e no&nbsp;<strong>Decreto n&ordm; 63.979\/2018<\/strong>, que estabelecem crit&eacute;rios para a inclus&atilde;o de grupos sub-representados no servi&ccedil;o p&uacute;blico.<\/p><p>Quer entender como funciona essa pontua&ccedil;&atilde;o diferenciada para esses grupos? Clique abaixo:<\/p><div class=\"wp-block-buttons is-content-justification-center is-layout-flex wp-container-core-buttons-is-layout-3 wp-block-buttons-is-layout-flex\">\n<div class=\"wp-block-button\"><a class=\"wp-block-button__link wp-element-button\" href=\"https:\/\/med.estrategia.com\/portal\/noticias\/sus-sp-2025-como-funciona-o-sistema-de-pontuacao-diferenciada-para-ppi\/\" target=\"_blank\">Tudo sobre a pontua&ccedil;&atilde;o diferenciada para PPI do SUS-SP<\/a><\/div>\n<\/div><h2 class=\"wp-block-heading\" id=\"h-saiba-como-sera-a-edicao-2026-do-sus-sp\"><span class=\"ez-toc-section\" id=\"Saiba-como-sera-a-edicao-2026-do-SUS-SP\"><\/span>Saiba como ser&aacute; a edi&ccedil;&atilde;o 2026 do SUS-SP<span class=\"ez-toc-section-end\"><\/span><\/h2><p>A edi&ccedil;&atilde;o do SUS-SP que compreende o ingresso dos residentes em 2026 teve seu edital divulgado no dia 1&ordm; de outubro de 2025. Confira o documento completo divulgado:<\/p><div class=\"wp-block-buttons is-horizontal is-content-justification-center is-layout-flex wp-container-core-buttons-is-layout-4 wp-block-buttons-is-layout-flex\">\n<div class=\"wp-block-button\"><a class=\"wp-block-button__link wp-element-button\" href=\"https:\/\/cdn.medblog.estrategiaeducacional.com.br\/wp-content\/uploads\/2025\/10\/edital_SUS-SP2026.pdf\" target=\"_blank\">Edital SUS-SP 2026<\/a><\/div>\n\n\n\n<div class=\"wp-block-button\"><a class=\"wp-block-button__link wp-element-button\" href=\"https:\/\/cdn.medblog.estrategiaeducacional.com.br\/wp-content\/uploads\/2025\/10\/retificacao-1.pdf\" target=\"_blank\" rel=\"noopener noreferrer\">retifica&ccedil;&atilde;o 1<\/a><\/div>\n\n\n\n<div class=\"wp-block-button\"><a class=\"wp-block-button__link wp-element-button\" href=\"https:\/\/med.estrategia.com\/portal\/wp-content\/uploads\/2025\/10\/20522ff4-c2f8-492e-b76e-89805f59d952.pdf\" target=\"_blank\">retifica&ccedil;&atilde;o cirurgia do trauma 23\/10<\/a><\/div>\n\n\n\n<div class=\"wp-block-button\"><a class=\"wp-block-button__link wp-element-button\" href=\"https:\/\/med.estrategia.com\/portal\/wp-content\/uploads\/2025\/10\/54ad2cc0-6609-4390-af03-abe6655054a0.pdf\" target=\"_blank\">retifica&ccedil;&atilde;o oncologia pedi&aacute;trica 23\/10<\/a><\/div>\n\n\n\n<div class=\"wp-block-button\"><a class=\"wp-block-button__link wp-element-button\" href=\"https:\/\/med.estrategia.com\/portal\/wp-content\/uploads\/2025\/10\/7175b90c-8f9f-437c-89e1-0ab9edd609ea.pdf\" target=\"_blank\">retifica&ccedil;&atilde;o sistema de pontua&ccedil;&atilde;o ppi 29\/10<\/a><\/div>\n\n\n\n<div class=\"wp-block-button\"><a class=\"wp-block-button__link wp-element-button\" href=\"https:\/\/med.estrategia.com\/portal\/wp-content\/uploads\/2025\/11\/6bf61a2b-629b-4104-aeca-46625ca5cc5d.pdf\" target=\"_blank\">retifica&ccedil;&atilde;o de vagas 03\/11<\/a><\/div>\n\n\n\n<div class=\"wp-block-button\"><a class=\"wp-block-button__link wp-element-button\" href=\"https:\/\/cdn.medblog.estrategiaeducacional.com.br\/wp-content\/uploads\/2025\/11\/341e101b-9ba4-45ec-b809-145364ef643f.pdf\" target=\"_blank\">retifica&ccedil;&atilde;o datas per&iacute;cia m&eacute;dica 24\/11<\/a><\/div>\n\n\n\n<div class=\"wp-block-button\"><a class=\"wp-block-button__link wp-element-button\" href=\"https:\/\/cdn.medblog.estrategiaeducacional.com.br\/wp-content\/uploads\/2025\/12\/81703db3-0f20-4a6e-b4fe-ca0260b8fbcb.pdf\" target=\"_blank\">retifica&ccedil;&atilde;o de vagas 17\/12<\/a><\/div>\n\n\n\n<div class=\"wp-block-button\"><a class=\"wp-block-button__link wp-element-button\" href=\"https:\/\/cdn.medblog.estrategiaeducacional.com.br\/wp-content\/uploads\/2026\/01\/c1b137fd-8221-46e9-8ef1-056e64495746.pdf\" target=\"_blank\">retifica&ccedil;&atilde;o de vagas 15\/01<\/a><\/div>\n\n\n\n<div class=\"wp-block-button\"><a class=\"wp-block-button__link wp-element-button\" href=\"https:\/\/med.estrategia.com\/portal\/wp-content\/uploads\/2026\/01\/cb892785-fd6e-44ea-87f4-5401c5757506.pdf\" target=\"_blank\">retifica&ccedil;&atilde;o de vagas 19\/01<\/a><\/div>\n\n\n\n<div class=\"wp-block-button\"><a class=\"wp-block-button__link wp-element-button\" href=\"https:\/\/cdn.medblog.estrategiaeducacional.com.br\/wp-content\/uploads\/2026\/01\/922ddb69-0013-48a7-9815-857023ac99a1.pdf\" target=\"_blank\">retifica&ccedil;&atilde;o de vagas 29\/01<\/a><\/div>\n\n\n\n<div class=\"wp-block-button\"><a class=\"wp-block-button__link wp-element-button\" href=\"https:\/\/cdn.medblog.estrategiaeducacional.com.br\/wp-content\/uploads\/2026\/02\/3efd2950-5fad-46e1-b4e4-48be6c93858f.pdf\" target=\"_blank\" rel=\"noopener noreferrer\">retifica&ccedil;&atilde;o de vagas 06\/02<\/a><\/div>\n\n\n\n<div class=\"wp-block-button\"><a class=\"wp-block-button__link wp-element-button\" href=\"https:\/\/med.estrategia.com\/portal\/wp-content\/uploads\/2026\/02\/0be492d5-1422-4fba-a669-0fc6e68065c7.pdf\" target=\"_blank\">retifica&ccedil;&atilde;o de vagas 11\/02<\/a><\/div>\n\n\n\n<div class=\"wp-block-button\"><a class=\"wp-block-button__link wp-element-button\" href=\"https:\/\/med.estrategia.com\/portal\/wp-content\/uploads\/2026\/02\/078346e6-1940-4783-b375-94f1ff856073.pdf\" target=\"_blank\">retifica&ccedil;&atilde;o convoca&ccedil;&atilde;o<\/a><\/div>\n\n\n\n<div class=\"wp-block-button\"><a class=\"wp-block-button__link wp-element-button\" href=\"https:\/\/med.estrategia.com\/portal\/wp-content\/uploads\/2026\/03\/SESA2504_306_20260325133145.pdf.pdf\" target=\"_blank\" rel=\"noopener noreferrer\">retifica&ccedil;&atilde;o cronograma 4&ordf; chamada<\/a><\/div>\n<\/div><h3 class=\"wp-block-heading\" id=\"h-vagas-para-residencia-medica-do-sus-sp-2026\">Vagas para Resid&ecirc;ncia M&eacute;dica do SUS-SP 2026<\/h3><p>Foram, ao todo, <strong>1.456 vagas<\/strong> distribu&iacute;das entre especialidades de <strong>Acesso Direto<\/strong> e especialidades com <strong>Pr&eacute;-Requisito<\/strong>. Confira abaixo:<\/p><h3 class=\"wp-block-heading\" id=\"h-acesso-direto\">Acesso Direto<\/h3><figure class=\"wp-block-table\"><table><thead><tr><th>ESPECIALIDADE<\/th><th class=\"has-text-align-center\" data-align=\"center\">Total de Vagas Ofertadas<br>2026<\/th><th class=\"has-text-align-center\" data-align=\"center\">Vagas Reservadas para<br>PCD<\/th><\/tr><\/thead><tbody><tr><td>Anestesiologia<\/td><td class=\"has-text-align-center\" data-align=\"center\">128<\/td><td class=\"has-text-align-center\" data-align=\"center\">7<\/td><\/tr><tr><td>Cirurgia Cardiovascular<\/td><td class=\"has-text-align-center\" data-align=\"center\">2<\/td><td class=\"has-text-align-center\" data-align=\"center\">0<\/td><\/tr><tr><td>Cirurgia Geral<\/td><td class=\"has-text-align-center\" data-align=\"center\">134<\/td><td class=\"has-text-align-center\" data-align=\"center\">7<\/td><\/tr><tr><td>Cl&iacute;nica M&eacute;dica<\/td><td class=\"has-text-align-center\" data-align=\"center\">247<\/td><td class=\"has-text-align-center\" data-align=\"center\">13<\/td><\/tr><tr><td>Dermatologia<\/td><td class=\"has-text-align-center\" data-align=\"center\">24<\/td><td class=\"has-text-align-center\" data-align=\"center\">2<\/td><\/tr><tr><td>Ginecologia e Obstetr&iacute;cia<\/td><td class=\"has-text-align-center\" data-align=\"center\">147<\/td><td class=\"has-text-align-center\" data-align=\"center\">8<\/td><\/tr><tr><td>Infectologia<\/td><td class=\"has-text-align-center\" data-align=\"center\">28<\/td><td class=\"has-text-align-center\" data-align=\"center\">2<\/td><\/tr><tr><td>Medicina de Emerg&ecirc;ncia<\/td><td class=\"has-text-align-center\" data-align=\"center\">21<\/td><td class=\"has-text-align-center\" data-align=\"center\">2<\/td><\/tr><tr><td>Medicina F&iacute;sica e Reabilita&ccedil;&atilde;o<\/td><td class=\"has-text-align-center\" data-align=\"center\">2<\/td><td class=\"has-text-align-center\" data-align=\"center\">0<\/td><\/tr><tr><td>Medicina Intensiva<\/td><td class=\"has-text-align-center\" data-align=\"center\">30<\/td><td class=\"has-text-align-center\" data-align=\"center\">2<\/td><\/tr><tr><td>Medicina Nuclear<\/td><td class=\"has-text-align-center\" data-align=\"center\">5<\/td><td class=\"has-text-align-center\" data-align=\"center\">1<\/td><\/tr><tr><td>Medicina de Fam&iacute;lia e Comunidade<\/td><td class=\"has-text-align-center\" data-align=\"center\">39<\/td><td class=\"has-text-align-center\" data-align=\"center\">2<\/td><\/tr><tr><td>Neurocirurgia<\/td><td class=\"has-text-align-center\" data-align=\"center\">8<\/td><td class=\"has-text-align-center\" data-align=\"center\">1<\/td><\/tr><tr><td>Neurologia<\/td><td class=\"has-text-align-center\" data-align=\"center\">15<\/td><td class=\"has-text-align-center\" data-align=\"center\">1<\/td><\/tr><tr><td>Oftalmologia<\/td><td class=\"has-text-align-center\" data-align=\"center\">20<\/td><td class=\"has-text-align-center\" data-align=\"center\">1<\/td><\/tr><tr><td>Ortopedia e Traumatologia<\/td><td class=\"has-text-align-center\" data-align=\"center\">91<\/td><td class=\"has-text-align-center\" data-align=\"center\">5<\/td><\/tr><tr><td>Otorrinolaringologia<\/td><td class=\"has-text-align-center\" data-align=\"center\">13<\/td><td class=\"has-text-align-center\" data-align=\"center\">1<\/td><\/tr><tr><td>Patologia<\/td><td class=\"has-text-align-center\" data-align=\"center\">10<\/td><td class=\"has-text-align-center\" data-align=\"center\">1<\/td><\/tr><tr><td>Pediatria<\/td><td class=\"has-text-align-center\" data-align=\"center\">133<\/td><td class=\"has-text-align-center\" data-align=\"center\">7<\/td><\/tr><tr><td>Psiquiatria<\/td><td class=\"has-text-align-center\" data-align=\"center\">66<\/td><td class=\"has-text-align-center\" data-align=\"center\">4<\/td><\/tr><tr><td>Radiologia e Diagn&oacute;stico por Imagem<\/td><td class=\"has-text-align-center\" data-align=\"center\">44<\/td><td class=\"has-text-align-center\" data-align=\"center\">3<\/td><\/tr><tr><td>Radioterapia<\/td><td class=\"has-text-align-center\" data-align=\"center\">8<\/td><td class=\"has-text-align-center\" data-align=\"center\">1<\/td><\/tr><\/tbody><\/table><\/figure><h3 class=\"wp-block-heading\" id=\"h-pre-requisito-areas-de-atuacao-e-ano-adicional\">Pr&eacute;-Requisito, &Aacute;reas de Atua&ccedil;&atilde;o e Ano Adicional<\/h3><figure class=\"wp-block-table\"><table><thead><tr><th>ESPECIALIDADE<\/th><th class=\"has-text-align-center\" data-align=\"center\">Total de Vagas Ofertadas 2026<\/th><th class=\"has-text-align-center\" data-align=\"center\">Vagas Reservadas para PCD<\/th><\/tr><\/thead><tbody><tr><td>Cardiologia<\/td><td class=\"has-text-align-center\" data-align=\"center\">16<\/td><td class=\"has-text-align-center\" data-align=\"center\">1<\/td><\/tr><tr><td>Cirurgia de Cabe&ccedil;a e Pesco&ccedil;o<\/td><td class=\"has-text-align-center\" data-align=\"center\">5<\/td><td class=\"has-text-align-center\" data-align=\"center\">1<\/td><\/tr><tr><td>Cirurgia do Aparelho Digestivo<\/td><td class=\"has-text-align-center\" data-align=\"center\">11<\/td><td class=\"has-text-align-center\" data-align=\"center\">1<\/td><\/tr><tr><td>Cirurgia Oncol&oacute;gica<\/td><td class=\"has-text-align-center\" data-align=\"center\">12<\/td><td class=\"has-text-align-center\" data-align=\"center\">1<\/td><\/tr><tr><td>Cirurgia Pedi&aacute;trica<\/td><td class=\"has-text-align-center\" data-align=\"center\">8<\/td><td class=\"has-text-align-center\" data-align=\"center\">1<\/td><\/tr><tr><td>Cirurgia Pl&aacute;stica<\/td><td class=\"has-text-align-center\" data-align=\"center\">13<\/td><td class=\"has-text-align-center\" data-align=\"center\">1<\/td><\/tr><tr><td>Cirurgia Tor&aacute;cica<\/td><td class=\"has-text-align-center\" data-align=\"center\">3<\/td><td class=\"has-text-align-center\" data-align=\"center\">0<\/td><\/tr><tr><td>Cirurgia Vascular<\/td><td class=\"has-text-align-center\" data-align=\"center\">15<\/td><td class=\"has-text-align-center\" data-align=\"center\">1<\/td><\/tr><tr><td>Coloproctologia<\/td><td class=\"has-text-align-center\" data-align=\"center\">5<\/td><td class=\"has-text-align-center\" data-align=\"center\">1<\/td><\/tr><tr><td>Ecografia Vascular com Doppler<\/td><td class=\"has-text-align-center\" data-align=\"center\">1<\/td><td class=\"has-text-align-center\" data-align=\"center\">0<\/td><\/tr><tr><td>Emerg&ecirc;ncia Pedi&aacute;trica<\/td><td class=\"has-text-align-center\" data-align=\"center\">2<\/td><td class=\"has-text-align-center\" data-align=\"center\">0<\/td><\/tr><tr><td>Endocrinologia e Metabologia<\/td><td class=\"has-text-align-center\" data-align=\"center\">6<\/td><td class=\"has-text-align-center\" data-align=\"center\">1<\/td><\/tr><tr><td>Endoscopia<\/td><td class=\"has-text-align-center\" data-align=\"center\">3<\/td><td class=\"has-text-align-center\" data-align=\"center\">0<\/td><\/tr><tr><td>Geriatria<\/td><td class=\"has-text-align-center\" data-align=\"center\">4<\/td><td class=\"has-text-align-center\" data-align=\"center\">0<\/td><\/tr><tr><td>Hematologia e Hemoterapia<\/td><td class=\"has-text-align-center\" data-align=\"center\">19<\/td><td class=\"has-text-align-center\" data-align=\"center\">1<\/td><\/tr><tr><td>Hemodin&acirc;mica e Cardiologia Intervencionista<\/td><td class=\"has-text-align-center\" data-align=\"center\">3<\/td><td class=\"has-text-align-center\" data-align=\"center\">0<\/td><\/tr><tr><td>Mastologia<\/td><td class=\"has-text-align-center\" data-align=\"center\">19<\/td><td class=\"has-text-align-center\" data-align=\"center\">1<\/td><\/tr><tr><td>Medicina Intensiva Pedi&aacute;trica<\/td><td class=\"has-text-align-center\" data-align=\"center\">10<\/td><td class=\"has-text-align-center\" data-align=\"center\">1<\/td><\/tr><tr><td>Medicina Paliativa<\/td><td class=\"has-text-align-center\" data-align=\"center\">2<\/td><td class=\"has-text-align-center\" data-align=\"center\">0<\/td><\/tr><tr><td>Nefrologia<\/td><td class=\"has-text-align-center\" data-align=\"center\">9<\/td><td class=\"has-text-align-center\" data-align=\"center\">1<\/td><\/tr><tr><td>Neonatologia<\/td><td class=\"has-text-align-center\" data-align=\"center\">7<\/td><td class=\"has-text-align-center\" data-align=\"center\">1<\/td><\/tr><tr><td>Nutrologia<\/td><td class=\"has-text-align-center\" data-align=\"center\">2<\/td><td class=\"has-text-align-center\" data-align=\"center\">0<\/td><\/tr><tr><td>Oncologia Cl&iacute;nica<\/td><td class=\"has-text-align-center\" data-align=\"center\">30<\/td><td class=\"has-text-align-center\" data-align=\"center\">2<\/td><\/tr><tr><td>Oncologia Pedi&aacute;trica<\/td><td class=\"has-text-align-center\" data-align=\"center\">6<\/td><td class=\"has-text-align-center\" data-align=\"center\">1<\/td><\/tr><tr><td>Ortopedia e Traumatologia (Ano Adicional)<\/td><td class=\"has-text-align-center\" data-align=\"center\">2<\/td><td class=\"has-text-align-center\" data-align=\"center\">0<\/td><\/tr><tr><td>Pneumologia<\/td><td class=\"has-text-align-center\" data-align=\"center\">2<\/td><td class=\"has-text-align-center\" data-align=\"center\">0<\/td><\/tr><tr><td>Transplante de Medula &Oacute;ssea<\/td><td class=\"has-text-align-center\" data-align=\"center\">5<\/td><td class=\"has-text-align-center\" data-align=\"center\">1<\/td><\/tr><tr><td>Urologia<\/td><td class=\"has-text-align-center\" data-align=\"center\">21<\/td><td class=\"has-text-align-center\" data-align=\"center\">2<\/td><\/tr><\/tbody><\/table><\/figure><h3 class=\"wp-block-heading\" id=\"h-a-prova-do-sus-sp-2026\">A prova do SUS-SP 2026<\/h3><p>A prova foi aplicada no dia <strong>14 de dezembro de 2025<\/strong>, no per&iacute;odo da tarde, na cidade de S&atilde;o Paulo\/SP. O gabarito preliminar da prova &eacute; previsto para o dia 16 e recursos poder&atilde;o ser interpostos&agrave;s entre 17 e 18 de dezembro de 2025. <\/p><h3 class=\"wp-block-heading\" id=\"h-resultado-final-sus-sp-2026\">Resultado final SUS-SP 2026<\/h3><p>O resultado final da prova foi divulgado no dia 6 de fevereiro de 2026. Confira abaixo!<\/p><div class=\"wp-block-buttons is-content-justification-center is-layout-flex wp-container-core-buttons-is-layout-5 wp-block-buttons-is-layout-flex\">\n<div class=\"wp-block-button\"><a class=\"wp-block-button__link wp-element-button\" href=\"https:\/\/med.estrategia.com\/portal\/wp-content\/uploads\/2026\/02\/SESA2504_306_20260206164833.pdf.pdf\" target=\"_blank\">Classifica&ccedil;&atilde;o final &ndash; sus-sp 2026<\/a><\/div>\n<\/div><p>A prova objetiva ser&aacute; avaliada na escala de 0 a 100 e sua nota calculada da seguinte forma:<\/p><p class=\"has-text-align-center\"><strong>N&uacute;mero de respostas certas x 100 \/ Total de quest&otilde;es da prova<\/strong><\/p><p>Ser&aacute; <strong>considerado habilitado o candidato que atingir o percentual m&iacute;nimo de 50%<\/strong> da nota e eliminados aqueles que n&atilde;o atingirem essa pontua&ccedil;&atilde;o.<\/p><p>Em caso de <strong>empate nos programas de Acesso Direto<\/strong>, ser&atilde;o considerados os seguintes crit&eacute;rios:<\/p><ul class=\"wp-block-list\">\n<li>Maior n&uacute;mero de acertos nas quest&otilde;es de Cl&iacute;nica M&eacute;dica, seguido de Cirurgia Geral, Pediatria, Ginecologia e Obstetr&iacute;cia e Medicina Preventiva e Social (MFC e Sa&uacute;de Coletiva); e<\/li>\n\n\n\n<li>Candidato com maior idade.<\/li>\n<\/ul><p>Caso ocorresse <strong>empate nos demais programas<\/strong>, ter&aacute; prefer&ecirc;ncia o candidato com maior idade.<\/p><p>A Nota Final do candidato conta, tamb&eacute;m, com um <strong>b&ocirc;nus de 10% na nota final para os candidatos que participaram integralmente do PRMGFC<\/strong> ou que constarem na listagem oficial disponibilizada pelo Minist&eacute;rio da Educa&ccedil;&atilde;o intitulada &ldquo;Candidatos aptos &agrave; bonifica&ccedil;&atilde;o em processos seletivos de Resid&ecirc;ncia M&eacute;dica&rdquo;. Para isso, os candidatos precisam solicitar o b&ocirc;nus e encaminhar os comprovantes no momento da inscri&ccedil;&atilde;o. <br><br>Ainda, <strong>candidatos pretos, pardos ou ind&iacute;genas poder&atilde;o indicar, no ato de inscri&ccedil;&atilde;o, se far&atilde;o uso ou n&atilde;o do sistema de pontua&ccedil;&atilde;o diferenciada<\/strong>, benef&iacute;cio de acr&eacute;scimo de 10% na pontua&ccedil;&atilde;o final. <\/p><h2 class=\"wp-block-heading\" id=\"h-concorrencia-sus-sp-2026\"><span class=\"ez-toc-section\" id=\"Concorrencia-SUS-SP-2026\"><\/span>Concorr&ecirc;ncia SUS-SP 2026<span class=\"ez-toc-section-end\"><\/span><\/h2><p>A&nbsp;<strong>edi&ccedil;&atilde;o com ingresso em 2026 do SUS-SP<\/strong>&nbsp;conta com&nbsp;<strong>1.423 vagas vagas ofertadas e 26.441 candidatos inscritos<\/strong>. Em uma&nbsp;<strong>perspectiva geral<\/strong>, a rela&ccedil;&atilde;o de candidatos por vaga &eacute; de <strong>18,58<\/strong>. Confira abaixo quais foram as 10 especialidades mais concorridas da atual edi&ccedil;&atilde;o do SUS-SP:<\/p><figure class=\"wp-block-table\"><table><thead><tr><th class=\"has-text-align-center\" data-align=\"center\">ESPECIALIDADE<\/th><th class=\"has-text-align-center\" data-align=\"center\">CONCORR&Ecirc;NCIA 2026<\/th><\/tr><\/thead><tbody><tr><td class=\"has-text-align-center\" data-align=\"center\">Otorrinolaringologia<\/td><td class=\"has-text-align-center\" data-align=\"center\">66,39<\/td><\/tr><tr><td class=\"has-text-align-center\" data-align=\"center\">Dermatologia<\/td><td class=\"has-text-align-center\" data-align=\"center\">58,625<\/td><\/tr><tr><td class=\"has-text-align-center\" data-align=\"center\">Oftalmologia<\/td><td class=\"has-text-align-center\" data-align=\"center\">52,45<\/td><\/tr><tr><td class=\"has-text-align-center\" data-align=\"center\">Neurocirurgia<\/td><td class=\"has-text-align-center\" data-align=\"center\">51,875<\/td><\/tr><tr><td class=\"has-text-align-center\" data-align=\"center\">Neurologia<\/td><td class=\"has-text-align-center\" data-align=\"center\">40,66<\/td><\/tr><tr><td class=\"has-text-align-center\" data-align=\"center\">Psiquiatria<\/td><td class=\"has-text-align-center\" data-align=\"center\">35,86<\/td><\/tr><tr><td class=\"has-text-align-center\" data-align=\"center\">Endocrinologia e Metabologia<\/td><td class=\"has-text-align-center\" data-align=\"center\">27,83<\/td><\/tr><tr><td class=\"has-text-align-center\" data-align=\"center\">Cirurgia Geral<\/td><td class=\"has-text-align-center\" data-align=\"center\">26,50<\/td><\/tr><tr><td class=\"has-text-align-center\" data-align=\"center\">Cirurgia Pl&aacute;stica<\/td><td class=\"has-text-align-center\" data-align=\"center\">25,23<\/td><\/tr><tr><td class=\"has-text-align-center\" data-align=\"center\">Radiologia e Diagn&oacute;stico por Imagem<\/td><td class=\"has-text-align-center\" data-align=\"center\">24,7<\/td><\/tr><\/tbody><\/table><\/figure><p>Quer saber a concorr&ecirc;ncia das demais especialidades? Clique no bot&atilde;o abaixo e tenha acesso ao levantamento completo:<\/p><div class=\"wp-block-buttons is-content-justification-center is-layout-flex wp-container-core-buttons-is-layout-6 wp-block-buttons-is-layout-flex\">\n<div class=\"wp-block-button\"><a class=\"wp-block-button__link wp-element-button\" href=\"https:\/\/med.estrategia.com\/portal\/noticias\/sus-sp-2026-saiba-a-concorrencia-por-especialidade-para-o-seletivo-de-residencia-medica\/\" target=\"_blank\">Concorr&ecirc;ncia SUS-SP 2026<\/a><\/div>\n<\/div><h2 class=\"wp-block-heading\"><span class=\"ez-toc-section\" id=\"Nota-de-Corte-do-SUS-SP\"><\/span>Nota de Corte do SUS-SP <span class=\"ez-toc-section-end\"><\/span><\/h2><p>Confira a nota de corte e posi&ccedil;&atilde;o do &uacute;ltimo convocado da 1&ordf; escolha de vagas do SUS-SP nos &uacute;ltimos tr&ecirc;s anos:<\/p><figure class=\"wp-block-table\"><table class=\"has-fixed-layout\"><thead><tr><th>ESPECIALIDADES<\/th><th class=\"has-text-align-center\" data-align=\"center\">POSI&Ccedil;&Atilde;O E NOTA DE CORTE 2023<\/th><th class=\"has-text-align-center\" data-align=\"center\">POSI&Ccedil;&Atilde;O E NOTA DE CORTE 2024<\/th><th class=\"has-text-align-center\" data-align=\"center\">POSI&Ccedil;&Atilde;O E NOTA DE CORTE 2025<\/th><\/tr><\/thead><tbody><tr><td>Angiorradiologia e Cirurgia<br>Endovascular<\/td><td class=\"has-text-align-center\" data-align=\"center\">&ndash;<\/td><td class=\"has-text-align-center\" data-align=\"center\">&ndash;<\/td><td class=\"has-text-align-center\" data-align=\"center\">4&ordm; &ndash; 6,20<\/td><\/tr><tr><td>Anestesiologia<\/td><td class=\"has-text-align-center\" data-align=\"center\">207&ordm; &ndash; 7,40<\/td><td class=\"has-text-align-center\" data-align=\"center\">194&ordm; &ndash; 7,70<\/td><td class=\"has-text-align-center\" data-align=\"center\">289&ordm; &ndash; 7,04<\/td><\/tr><tr><td>Cancerologia\/Oncologia Cl&iacute;nica<\/td><td class=\"has-text-align-center\" data-align=\"center\">71&ordm; &ndash; 7,80<\/td><td class=\"has-text-align-center\" data-align=\"center\">88&ordm; &ndash; 6,60<\/td><td class=\"has-text-align-center\" data-align=\"center\">87&ordm; &ndash; 7,00<\/td><\/tr><tr><td>Cancerologia\/Oncologia Pedi&aacute;trica<\/td><td class=\"has-text-align-center\" data-align=\"center\">4&ordm; &ndash; 5,60<\/td><td class=\"has-text-align-center\" data-align=\"center\">7&ordm; &ndash; 5,80<\/td><td class=\"has-text-align-center\" data-align=\"center\">5&ordm; &ndash; 5,20<\/td><\/tr><tr><td>Cardiologia<\/td><td class=\"has-text-align-center\" data-align=\"center\">124&ordm; &ndash; 8,2<\/td><td class=\"has-text-align-center\" data-align=\"center\">31&ordm; &ndash; 6,80<\/td><td class=\"has-text-align-center\" data-align=\"center\">70&ordm; &ndash; 6,60<\/td><\/tr><tr><td>Cardiologia Pedi&aacute;trica<\/td><td class=\"has-text-align-center\" data-align=\"center\">7&ordm; &ndash; 5,40<\/td><td class=\"has-text-align-center\" data-align=\"center\">&ndash;<\/td><td class=\"has-text-align-center\" data-align=\"center\">&ndash;<\/td><\/tr><tr><td>Cirurgia Bari&aacute;trica<\/td><td class=\"has-text-align-center\" data-align=\"center\">1&ordm; &ndash; 6,60<\/td><td class=\"has-text-align-center\" data-align=\"center\">&ndash;<\/td><td class=\"has-text-align-center\" data-align=\"center\">&ndash;<\/td><\/tr><tr><td>Cirurgia Cardiovascular<\/td><td class=\"has-text-align-center\" data-align=\"center\">11&ordm; &ndash; 7,90<\/td><td class=\"has-text-align-center\" data-align=\"center\">3&ordm; &ndash; 7,30<\/td><td class=\"has-text-align-center\" data-align=\"center\">1&ordm; &ndash; 7,20<\/td><\/tr><tr><td>Cirurgia da M&atilde;o<\/td><td class=\"has-text-align-center\" data-align=\"center\"><\/td><td class=\"has-text-align-center\" data-align=\"center\"><\/td><td class=\"has-text-align-center\" data-align=\"center\">5&ordm; &ndash; 5,80<\/td><\/tr><tr><td>Cirurgia de Cabe&ccedil;a e Pesco&ccedil;o<\/td><td class=\"has-text-align-center\" data-align=\"center\">6&ordm; &ndash; 5,00<\/td><td class=\"has-text-align-center\" data-align=\"center\">2&ordm; &ndash; 5,60<\/td><td class=\"has-text-align-center\" data-align=\"center\">9&ordm; &ndash; 5,20<\/td><\/tr><tr><td>Cirurgia do Aparelho Digestivo<\/td><td class=\"has-text-align-center\" data-align=\"center\">16&ordm; &ndash; 6,40<\/td><td class=\"has-text-align-center\" data-align=\"center\">10&ordm; &ndash; 5,00<\/td><td class=\"has-text-align-center\" data-align=\"center\">22&ordm; &ndash; 5,00<\/td><\/tr><tr><td>Cirurgia Geral<\/td><td class=\"has-text-align-center\" data-align=\"center\">326&ordm; &ndash; 7,00<\/td><td class=\"has-text-align-center\" data-align=\"center\">278&ordm; &ndash; 7,30<\/td><td class=\"has-text-align-center\" data-align=\"center\">364&ordm; &ndash; 6,70<\/td><\/tr><tr><td>Cirurgia Oncol&oacute;gica<\/td><td class=\"has-text-align-center\" data-align=\"center\">44&ordm; &ndash; 6,60<\/td><td class=\"has-text-align-center\" data-align=\"center\">24&ordm; &ndash; 5,00<\/td><td class=\"has-text-align-center\" data-align=\"center\">29&ordm; &ndash; 5,40<\/td><\/tr><tr><td>Cirurgia Pedi&aacute;trica<\/td><td class=\"has-text-align-center\" data-align=\"center\">14&ordm; &ndash; 6,80<\/td><td class=\"has-text-align-center\" data-align=\"center\">11&ordm; &ndash; 5,20<\/td><td class=\"has-text-align-center\" data-align=\"center\">15&ordm; &ndash; 5,20<\/td><\/tr><tr><td>Cirurgia Pl&aacute;stica<\/td><td class=\"has-text-align-center\" data-align=\"center\">19&ordm; &ndash; 7,60<\/td><td class=\"has-text-align-center\" data-align=\"center\">18&ordm; &ndash; 6,20<\/td><td class=\"has-text-align-center\" data-align=\"center\">21&ordm; &ndash; 6,60<\/td><\/tr><tr><td>Cirurgia Tor&aacute;cica<\/td><td class=\"has-text-align-center\" data-align=\"center\">4&ordm; &ndash; 5,40<\/td><td class=\"has-text-align-center\" data-align=\"center\">&ndash;<\/td><td class=\"has-text-align-center\" data-align=\"center\">&ndash;<\/td><\/tr><tr><td>Cirurgia Vascular<\/td><td class=\"has-text-align-center\" data-align=\"center\">34&ordm; &ndash; 6,80<\/td><td class=\"has-text-align-center\" data-align=\"center\">11&ordm; &ndash; 5,20<\/td><td class=\"has-text-align-center\" data-align=\"center\">31&ordm; &ndash; 5,0<\/td><\/tr><tr><td>Cirurgia Videolaparosc&oacute;pica<\/td><td class=\"has-text-align-center\" data-align=\"center\">&ndash;<\/td><td class=\"has-text-align-center\" data-align=\"center\">&ndash;<\/td><td class=\"has-text-align-center\" data-align=\"center\">&ndash;<\/td><\/tr><tr><td>Cl&iacute;nica M&eacute;dica<\/td><td class=\"has-text-align-center\" data-align=\"center\">499&ordm; &ndash; 7,00<\/td><td class=\"has-text-align-center\" data-align=\"center\">581&ordm; &ndash; 6,90<\/td><td class=\"has-text-align-center\" data-align=\"center\">738&ordm; &ndash; 6,30<\/td><\/tr><tr><td>Coloproctologia<\/td><td class=\"has-text-align-center\" data-align=\"center\">11&ordm; &ndash; 7,20<\/td><td class=\"has-text-align-center\" data-align=\"center\">10&ordm; &ndash; 5,00<\/td><td class=\"has-text-align-center\" data-align=\"center\">7&ordm; &ndash; 6,0<\/td><\/tr><tr><td>Dermatologia<\/td><td class=\"has-text-align-center\" data-align=\"center\">25&ordm; &ndash; 8,40<\/td><td class=\"has-text-align-center\" data-align=\"center\">32&ordm; &ndash; 8,30<\/td><td class=\"has-text-align-center\" data-align=\"center\">44&ordm; &ndash; 7,70<\/td><\/tr><tr><td>Emerg&ecirc;ncia Pedi&aacute;trica<\/td><td class=\"has-text-align-center\" data-align=\"center\">&ndash;<\/td><td class=\"has-text-align-center\" data-align=\"center\">&ndash;<\/td><td class=\"has-text-align-center\" data-align=\"center\">&ndash;<\/td><\/tr><tr><td>Endocrinologia e Metabologia<\/td><td class=\"has-text-align-center\" data-align=\"center\">6&ordm; &ndash; 8,40<\/td><td class=\"has-text-align-center\" data-align=\"center\">6&ordm; &ndash; 8,20<\/td><td class=\"has-text-align-center\" data-align=\"center\">13&ordm; &ndash; 8,20<\/td><\/tr><tr><td>Endoscopia<\/td><td class=\"has-text-align-center\" data-align=\"center\">19&ordm; &ndash; 7,00<\/td><td class=\"has-text-align-center\" data-align=\"center\">10&ordm; &ndash; 5,00<\/td><td class=\"has-text-align-center\" data-align=\"center\">7&ordm; &ndash; 6,00<\/td><\/tr><tr><td>Endoscopia Ginecol&oacute;gica<\/td><td class=\"has-text-align-center\" data-align=\"center\">&ndash;<\/td><td class=\"has-text-align-center\" data-align=\"center\">&ndash;<\/td><td class=\"has-text-align-center\" data-align=\"center\">8&ordm; &ndash; 7,20<\/td><\/tr><tr><td>Gastroenterologia<\/td><td class=\"has-text-align-center\" data-align=\"center\">&ndash;<\/td><td class=\"has-text-align-center\" data-align=\"center\">&ndash;<\/td><td class=\"has-text-align-center\" data-align=\"center\">2&ordm; &ndash; 8,40<\/td><\/tr><tr><td>Gastroenterologia Pedi&aacute;trica<\/td><td class=\"has-text-align-center\" data-align=\"center\">&ndash;<\/td><td class=\"has-text-align-center\" data-align=\"center\">&ndash;<\/td><td class=\"has-text-align-center\" data-align=\"center\">2&ordm; &ndash; 6,40<\/td><\/tr><tr><td>Geriatria<\/td><td class=\"has-text-align-center\" data-align=\"center\">10&ordm; &ndash; 6,60<\/td><td class=\"has-text-align-center\" data-align=\"center\">6&ordm; &ndash; 6,20<\/td><td class=\"has-text-align-center\" data-align=\"center\">16&ordm; &ndash; 7,00<\/td><\/tr><tr><td>Ginecologia e Obstetr&iacute;cia<\/td><td class=\"has-text-align-center\" data-align=\"center\">320&ordm; &ndash; 7,10<\/td><td class=\"has-text-align-center\" data-align=\"center\">293&ordm; &ndash; 7,20<\/td><td class=\"has-text-align-center\" data-align=\"center\">462&ordm; &ndash; 6,50<\/td><\/tr><tr><td>Hematologia e Hemoterapia<\/td><td class=\"has-text-align-center\" data-align=\"center\">21&ordm; &ndash; 7,80<\/td><td class=\"has-text-align-center\" data-align=\"center\">33&ordm; &ndash; 6,60<\/td><td class=\"has-text-align-center\" data-align=\"center\">50&ordm; &ndash; 6,80<\/td><\/tr><tr><td>Hemodin&acirc;mica e Cardiologia Intervencionista<\/td><td class=\"has-text-align-center\" data-align=\"center\">3&ordm; &ndash; 6,40<\/td><td class=\"has-text-align-center\" data-align=\"center\">3&ordm; &ndash; 6,20<\/td><td class=\"has-text-align-center\" data-align=\"center\">3&ordm; &ndash; 8,00<\/td><\/tr><tr><td>Infectologia<\/td><td class=\"has-text-align-center\" data-align=\"center\">45&ordm; &ndash; 7,10<\/td><td class=\"has-text-align-center\" data-align=\"center\">61&ordm; &ndash; 7,00<\/td><td class=\"has-text-align-center\" data-align=\"center\">51&ordm; &ndash; 6,30<\/td><\/tr><tr><td>Mastologia<\/td><td class=\"has-text-align-center\" data-align=\"center\">29&ordm; &ndash; 5,40<\/td><td class=\"has-text-align-center\" data-align=\"center\">34&ordm; &ndash; 5,00<\/td><td class=\"has-text-align-center\" data-align=\"center\">22&ordm; &ndash; 5,00<\/td><\/tr><tr><td>Medicina de Emerg&ecirc;ncia<\/td><td class=\"has-text-align-center\" data-align=\"center\">25&ordm; &ndash; 7,10<\/td><td class=\"has-text-align-center\" data-align=\"center\">60&ordm; &ndash; 5,80<\/td><td class=\"has-text-align-center\" data-align=\"center\">45&ordm; &ndash; 5,50<\/td><\/tr><tr><td>Medicina de Fam&iacute;lia e Comunidade<\/td><td class=\"has-text-align-center\" data-align=\"center\">65&ordm; &ndash; 5,00<\/td><td class=\"has-text-align-center\" data-align=\"center\">84&ordm; &ndash; 5,50<\/td><td class=\"has-text-align-center\" data-align=\"center\">136&ordm; &ndash; 5,00<\/td><\/tr><tr><td>Medicina F&iacute;sica e Reabilita&ccedil;&atilde;o<\/td><td class=\"has-text-align-center\" data-align=\"center\">9&ordm; &ndash; 5,70<\/td><td class=\"has-text-align-center\" data-align=\"center\">8&ordm; &ndash; 6,10<\/td><td class=\"has-text-align-center\" data-align=\"center\">3&ordm; &ndash; 7,20<\/td><\/tr><tr><td>Medicina Intensiva<\/td><td class=\"has-text-align-center\" data-align=\"center\">41&ordm; &ndash; 6,50<\/td><td class=\"has-text-align-center\" data-align=\"center\">48&ordm; &ndash; 6,60<\/td><td class=\"has-text-align-center\" data-align=\"center\">62&ordm; &ndash; 5,60<\/td><\/tr><tr><td>Medicina Intensiva Pedi&aacute;trica<\/td><td class=\"has-text-align-center\" data-align=\"center\">&ndash;<\/td><td class=\"has-text-align-center\" data-align=\"center\">9&ordm; &ndash; 5,00<\/td><td class=\"has-text-align-center\" data-align=\"center\">10&ordm; &ndash; 5,40<\/td><\/tr><tr><td>Medicina Fetal<\/td><td class=\"has-text-align-center\" data-align=\"center\">&ndash;<\/td><td class=\"has-text-align-center\" data-align=\"center\">&ndash;<\/td><td class=\"has-text-align-center\" data-align=\"center\">4&ordm; &ndash; 5,00<\/td><\/tr><tr><td>Medicina Nuclear<\/td><td class=\"has-text-align-center\" data-align=\"center\">12&ordm; &ndash; 5,00<\/td><td class=\"has-text-align-center\" data-align=\"center\">2&ordm; &ndash; 6,60<\/td><td class=\"has-text-align-center\" data-align=\"center\">7&ordm; &ndash; 6,30<\/td><\/tr><tr><td>Medicina Paliativa<\/td><td class=\"has-text-align-center\" data-align=\"center\">5&ordm; &ndash; 6,00<\/td><td class=\"has-text-align-center\" data-align=\"center\">3&ordm; &ndash; 5,60<\/td><td class=\"has-text-align-center\" data-align=\"center\">3&ordm; &ndash; 6,80<\/td><\/tr><tr><td>Nefrologia<\/td><td class=\"has-text-align-center\" data-align=\"center\">23&ordm; &ndash; 6,00<\/td><td class=\"has-text-align-center\" data-align=\"center\">24&ordm; &ndash; 5,00<\/td><td class=\"has-text-align-center\" data-align=\"center\">22&ordm; &ndash; 5,40<\/td><\/tr><tr><td>Neonatologia<\/td><td class=\"has-text-align-center\" data-align=\"center\">&ndash;<\/td><td class=\"has-text-align-center\" data-align=\"center\">5&ordm; &ndash; 6,60<\/td><td class=\"has-text-align-center\" data-align=\"center\">18&ordm; &ndash; 5,00<\/td><\/tr><tr><td>Neurocirurgia<\/td><td class=\"has-text-align-center\" data-align=\"center\">18&ordm; &ndash; 8,20<\/td><td class=\"has-text-align-center\" data-align=\"center\">16&ordm; &ndash; 8,10<\/td><td class=\"has-text-align-center\" data-align=\"center\">19&ordm; &ndash; 7,80<\/td><\/tr><tr><td>Neurologia<\/td><td class=\"has-text-align-center\" data-align=\"center\">16&ordm; &ndash; 8,00<\/td><td class=\"has-text-align-center\" data-align=\"center\">14&ordm; &ndash; 8,10<\/td><td class=\"has-text-align-center\" data-align=\"center\">24&ordm; &ndash; 7,60<\/td><\/tr><tr><td>Oftalmologia<\/td><td class=\"has-text-align-center\" data-align=\"center\">41&ordm; &ndash; 7,70<\/td><td class=\"has-text-align-center\" data-align=\"center\">31&ordm; &ndash; 8,00<\/td><td class=\"has-text-align-center\" data-align=\"center\">30&ordm; &ndash; 7,60<\/td><\/tr><tr><td>Ortopedia e Traumatologia<\/td><td class=\"has-text-align-center\" data-align=\"center\">136&ordm; &ndash; 5,60<\/td><td class=\"has-text-align-center\" data-align=\"center\">179&ordm; &ndash; 6,00<\/td><td class=\"has-text-align-center\" data-align=\"center\">250&ordm; &ndash; 5,50<\/td><\/tr><tr><td>Otorrinolaringologia<\/td><td class=\"has-text-align-center\" data-align=\"center\">29&ordm; &ndash; 8,10<\/td><td class=\"has-text-align-center\" data-align=\"center\">31&ordm; &ndash; 8,00<\/td><td class=\"has-text-align-center\" data-align=\"center\">30&ordm; &ndash; 7,50<\/td><\/tr><tr><td>Patologia<\/td><td class=\"has-text-align-center\" data-align=\"center\">18&ordm; &ndash; 7,15<\/td><td class=\"has-text-align-center\" data-align=\"center\">22&ordm; &ndash; 7,00<\/td><td class=\"has-text-align-center\" data-align=\"center\">29&ordm; &ndash; 6,40<\/td><\/tr><tr><td>Pediatria<\/td><td class=\"has-text-align-center\" data-align=\"center\">272&ordm; &ndash; 6,00<\/td><td class=\"has-text-align-center\" data-align=\"center\">33&ordm; &ndash; 6,10<\/td><td class=\"has-text-align-center\" data-align=\"center\">428&ordm; &ndash; 5,70<\/td><\/tr><tr><td>Pneumologia<\/td><td class=\"has-text-align-center\" data-align=\"center\">3&ordm; &ndash; 6,20<\/td><td class=\"has-text-align-center\" data-align=\"center\">2&ordm; &ndash; 7,20<\/td><td class=\"has-text-align-center\" data-align=\"center\">2&ordm; &ndash; 7,60<\/td><\/tr><tr><td>Psiquiatria<\/td><td class=\"has-text-align-center\" data-align=\"center\">98&ordm; &ndash; 7,70<\/td><td class=\"has-text-align-center\" data-align=\"center\">98&ordm; &ndash; 7,80<\/td><td class=\"has-text-align-center\" data-align=\"center\">152&ordm; &ndash; 7,10<\/td><\/tr><tr><td>Radiologia e Diagn&oacute;stico por Imagem<\/td><td class=\"has-text-align-center\" data-align=\"center\">82&ordm; &ndash; 7,20<\/td><td class=\"has-text-align-center\" data-align=\"center\">101&ordm; &ndash; 7,30<\/td><td class=\"has-text-align-center\" data-align=\"center\">99&ordm; &ndash; 7,0<\/td><\/tr><tr><td>Radioterapia<\/td><td class=\"has-text-align-center\" data-align=\"center\">14&ordm; &ndash; 5,50<\/td><td class=\"has-text-align-center\" data-align=\"center\">19&ordm; &ndash; 5,50<\/td><td class=\"has-text-align-center\" data-align=\"center\">14&ordm; &ndash; 5,10<\/td><\/tr><tr><td>Reumatologia<\/td><td class=\"has-text-align-center\" data-align=\"center\">6&ordm; &ndash; 7,00<\/td><td class=\"has-text-align-center\" data-align=\"center\">1&ordm; &ndash; 5,40<\/td><td class=\"has-text-align-center\" data-align=\"center\">2&ordm; &ndash; 6,40<\/td><\/tr><tr><td>Transplante de Medula &Oacute;ssea<\/td><td class=\"has-text-align-center\" data-align=\"center\">5&ordm; &ndash; 6,80<\/td><td class=\"has-text-align-center\" data-align=\"center\">11&ordm; &ndash; 6,00<\/td><td class=\"has-text-align-center\" data-align=\"center\">18&ordm; &ndash; 5,40<\/td><\/tr><tr><td>Urologia<\/td><td class=\"has-text-align-center\" data-align=\"center\">24&ordm; &ndash; 7,40<\/td><td class=\"has-text-align-center\" data-align=\"center\">50&ordm; &ndash; 5,20<\/td><td class=\"has-text-align-center\" data-align=\"center\">70&ordm; &ndash; 5,40<\/td><\/tr><\/tbody><\/table><figcaption class=\"wp-element-caption\">Nota de corte equivale &agrave; menor pontua&ccedil;&atilde;o obtida pelos candidatos selecionados ap&oacute;s a 1&ordf; chamada do Leil&atilde;o de Vagas do SUS-SP &ndash; ampla concorr&ecirc;ncia<\/figcaption><\/figure><p>Confira as <a href=\"https:\/\/med.estrategia.com\/portal\/residencia-medica\/notas-de-corte-para-residencia-medica-2023-veja-as-notas-minimas-em-sao-paulo\/#Nota-de-Corte-do-SUS-SP\" target=\"_blank\">demais notas de corte do SUS-SP<\/a>, bem como de <a href=\"https:\/\/med.estrategia.com\/portal\/residencia-medica\/notas-de-corte-para-residencia-medica-2023-veja-as-notas-minimas-em-sao-paulo\/\" target=\"_blank\">outras institui&ccedil;&otilde;es do estado<\/a> de S&atilde;o Paulo<a href=\"https:\/\/med.estrategia.com\/portal\/residencia-medica\/notas-de-corte-para-residencia-medica-2023-veja-as-notas-minimas-em-sao-paulo\/#Nota-de-Corte-do-SUS-SP\" target=\"_blank\"> clicando aqui!<\/a><\/p><h2 class=\"wp-block-heading\" id=\"h-como-se-preparar-para-o-sus-sp-2026\"><span class=\"ez-toc-section\" id=\"Como-se-preparar-para-o-SUS-SP-2026\"><\/span>Como se preparar para o SUS-SP 2026?<span class=\"ez-toc-section-end\"><\/span><\/h2><p>Para otimizar seus estudos e conquistar a sua aprova&ccedil;&atilde;o na prova de Resid&ecirc;ncia M&eacute;dica, o melhor m&eacute;todo &eacute; estudar por quest&otilde;es! Dessa forma, o candidato se <strong>familiariza com a prova<\/strong>, <strong>calcula o tempo<\/strong> <strong>de resolu&ccedil;&atilde;o<\/strong> e<strong> p&otilde;e em pr&aacute;tica tudo que j&aacute; foi estudado<\/strong>.<\/p><p>Ent&atilde;o, se voc&ecirc; est&aacute; se <strong>preparando para um concurso de Resid&ecirc;ncia M&eacute;dica<\/strong>, n&atilde;o deixe de conhecer o <a href=\"https:\/\/med.estrategia.com\/portal\/evento-emed\/sistemas-de-questoes-estrategia-med\/\" target=\"_blank\"><strong>Banco de Quest&otilde;es do Estrat&eacute;gia MED<\/strong><\/a> e estude da maneira mais eficaz!&nbsp;N&atilde;o vai ficar de fora, n&atilde;o &eacute;? Venha ser coruja!<\/p><p>\n\n\n\n<a id=\"cta\" class=\"cta-imagem\" href=\"https:\/\/med.estrategia.com\/curso\/curso-intensivo-para-residencia-medica\/\" target=\"blank\">\n                <img decoding=\"async\" width=\"100%\" src=\"https:\/\/med.estrategia.com\/portal\/wp-content\/uploads\/2025\/08\/intensivo_rm.jpg\" alt=\"intensivo_rm\" title=\"intensivo_rm\">\n        <\/a>\n\n\n\n<\/p><p>Aproveite e conhe&ccedil;a algumas hist&oacute;rias, dicas e depoimentos de alguns dos nossos aprovados no SUS-SP 2025:<\/p><div class=\"wp-block-media-text alignwide is-stacked-on-mobile is-image-fill-element has-pale-ocean-gradient-background has-background\" style=\"grid-template-columns:40% auto\"><figure class=\"wp-block-media-text__media\"><img decoding=\"async\" width=\"576\" height=\"1024\" src=\"https:\/\/med.estrategia.com\/portal\/wp-content\/uploads\/2021\/01\/ARTHUR-OLIVEIRA-SILVA-576x1024.jpeg\" alt=\"\" class=\"wp-image-86175 size-full\" style=\"object-position:50% 50%\" srcset=\"https:\/\/med.estrategia.com\/portal\/wp-content\/uploads\/2021\/01\/ARTHUR-OLIVEIRA-SILVA-576x1024.jpeg 576w, https:\/\/med.estrategia.com\/portal\/wp-content\/uploads\/2021\/01\/ARTHUR-OLIVEIRA-SILVA-768x1365.jpeg 768w, https:\/\/med.estrategia.com\/portal\/wp-content\/uploads\/2021\/01\/ARTHUR-OLIVEIRA-SILVA-864x1536.jpeg 864w, https:\/\/med.estrategia.com\/portal\/wp-content\/uploads\/2021\/01\/ARTHUR-OLIVEIRA-SILVA-1152x2048.jpeg 1152w, https:\/\/med.estrategia.com\/portal\/wp-content\/uploads\/2021\/01\/ARTHUR-OLIVEIRA-SILVA-800x1422.jpeg 800w, https:\/\/med.estrategia.com\/portal\/wp-content\/uploads\/2021\/01\/ARTHUR-OLIVEIRA-SILVA-1160x2062.jpeg 1160w, https:\/\/med.estrategia.com\/portal\/wp-content\/uploads\/2021\/01\/ARTHUR-OLIVEIRA-SILVA.jpeg 1440w\" sizes=\"(max-width: 576px) 100vw, 576px\" \/><\/figure><div class=\"wp-block-media-text__content\">\n<h3 class=\"wp-block-heading has-medium-font-size\" id=\"h-arthur-oliveira-silva-1&ordm;-em-anestesiologia-e-maior-nota-geral-de-acesso-direto-no-sus-sp\"><br><strong>ARTHUR OLIVEIRA SILVA<\/strong><br>1&ordm; em Anestesiologia e maior nota geral de Acesso Direto no SUS-SP<\/h3>\n\n\n\n<p class=\"has-small-font-size\">Utilizou: Curso Extensivo Resid&ecirc;ncia M&eacute;dica e Banco de Quest&otilde;es<\/p>\n\n\n\n<p class=\"has-text-align-left has-medium-font-size\"><em>O ingresso na resid&ecirc;ncia m&eacute;dica &eacute; uma etapa importante da forma&ccedil;&atilde;o m&eacute;dica e um objetivo muito desejado por mim desde a gradua&ccedil;&atilde;o, mas que eu decidi adiar por um tempo. Atuei como m&eacute;dico generalista por 3 anos at&eacute; poder me organizar financeiramente e decidir melhor a qual especialidade eu deveria me dedicar. Em 2024, escolhi o curso extensivo + banco de quest&otilde;es por ter alguns pontos indispens&aacute;veis pra mim: conte&uacute;do completo em texto e v&iacute;deo, quest&otilde;es comentadas alternativa por alternativa e possiblidade de adaptar o cronograma aos meus hor&aacute;rios livres que s&atilde;o poucos. Foi a primeira vez que fiz sele&ccedil;&atilde;o pra resid&ecirc;ncia e fiquei satisfeito.<br><\/em> <\/p>\n<\/div><\/div><div class=\"wp-block-media-text alignwide has-media-on-the-right is-stacked-on-mobile is-image-fill-element cnvs-block-core-media-text-1677079338146 has-pale-ocean-gradient-background has-background has-medium-font-size\" style=\"grid-template-columns:auto 37%\"><div class=\"wp-block-media-text__content\">\n<h3 class=\"wp-block-heading has-text-align-left has-medium-font-size\" id=\"h-lorena-silva-dos-reis-2&ordm;-em-neurologia-no-sus-sp\"><br>LORENA SILVA DOS REIS <br>2&ordm; em Neurologia no SUS-SP<\/h3>\n\n\n\n<p class=\"has-small-font-size\">Utilizou: Curso Extensivo Resid&ecirc;ncia M&eacute;dica e Banco de Quest&otilde;es<\/p>\n\n\n\n<p><em>Assinar um cursinho com as qualidades do Estrat&eacute;gia foi essencial para a minha prepara&ccedil;&atilde;o! Material objetivo e bem direcionado; conseguia abordar todos os t&oacute;picos importantes de forma sucinta e, ao mesmo tempo, esclarecedora. Al&eacute;m disso, a forma como o cronograma de estudos do pr&oacute;prio curso foi organizada me ajudou muito a ter um direcionamento adequado. Destaco ainda os professores excelentes e o banco de quest&otilde;es com resolu&ccedil;&otilde;es extremamente did&aacute;ticas.<\/em><\/p>\n\n\n\n<p class=\"has-text-align-left\"><br><\/p>\n<\/div><figure class=\"wp-block-media-text__media\"><img decoding=\"async\" width=\"684\" height=\"1024\" src=\"https:\/\/med.estrategia.com\/portal\/wp-content\/uploads\/2021\/01\/LORENA-SILVA-DOS-REIS-684x1024.jpeg\" alt=\"\" class=\"wp-image-86176 size-full\" style=\"object-position:50% 50%\" srcset=\"https:\/\/med.estrategia.com\/portal\/wp-content\/uploads\/2021\/01\/LORENA-SILVA-DOS-REIS-684x1024.jpeg 684w, https:\/\/med.estrategia.com\/portal\/wp-content\/uploads\/2021\/01\/LORENA-SILVA-DOS-REIS-768x1150.jpeg 768w, https:\/\/med.estrategia.com\/portal\/wp-content\/uploads\/2021\/01\/LORENA-SILVA-DOS-REIS-1025x1536.jpeg 1025w, https:\/\/med.estrategia.com\/portal\/wp-content\/uploads\/2021\/01\/LORENA-SILVA-DOS-REIS-1367x2048.jpeg 1367w, https:\/\/med.estrategia.com\/portal\/wp-content\/uploads\/2021\/01\/LORENA-SILVA-DOS-REIS-800x1198.jpeg 800w, https:\/\/med.estrategia.com\/portal\/wp-content\/uploads\/2021\/01\/LORENA-SILVA-DOS-REIS-1160x1738.jpeg 1160w, https:\/\/med.estrategia.com\/portal\/wp-content\/uploads\/2021\/01\/LORENA-SILVA-DOS-REIS.jpeg 1709w\" sizes=\"(max-width: 684px) 100vw, 684px\" \/><\/figure><\/div><h2 class=\"wp-block-heading\"><span class=\"ez-toc-section\" id=\"Veja-tambem\"><\/span>Veja tamb&eacute;m:<span class=\"ez-toc-section-end\"><\/span><\/h2><ul class=\"wp-block-list\">\n<li><a href=\"https:\/\/med.estrategia.com\/portal\/residencia-medica\/usp-sp-residencia-medica\/\">Resid&ecirc;ncia M&eacute;dica USP SP&nbsp;<\/a><\/li>\n\n\n\n<li><a href=\"https:\/\/med.estrategia.com\/portal\/residencia-medica\/usp-rp-residencia-medica\/\">Resid&ecirc;ncia M&eacute;dica USP RP<\/a><\/li>\n\n\n\n<li><a href=\"https:\/\/med.estrategia.com\/portal\/residencia-medica\/sms-sp-residencia-medica\/\">Resid&ecirc;ncia M&eacute;dica SMS SP (Susinho)<\/a><\/li>\n\n\n\n<li><a href=\"https:\/\/med.estrategia.com\/portal\/residencia-medica\/iamspe-residencia-medica\/\">Resid&ecirc;ncia M&eacute;dica IAMSPE<\/a><\/li>\n\n\n\n<li><a href=\"https:\/\/med.estrategia.com\/portal\/residencia-medica\/residencia-medica-unicamp\/\">Resid&ecirc;ncia M&eacute;dica Unicamp<\/a><\/li>\n\n\n\n<li><a href=\"https:\/\/med.estrategia.com\/portal\/residencia-medica\/unesp-residencia-medica\/\">Resid&ecirc;ncia M&eacute;dica Unesp<\/a><\/li>\n\n\n\n<li><a href=\"https:\/\/med.estrategia.com\/portal\/residencia-medica\/unifesp-residencia-medica\/\">Resid&ecirc;ncia M&eacute;dica Unifesp<\/a><\/li>\n\n\n\n<li><a href=\"https:\/\/med.estrategia.com\/portal\/residencia-medica\/especialidades\/10-residencias-medicas-com-mais-vagas-por-especialidade\/\">10 Resid&ecirc;ncias M&eacute;dicas com mais vagas por especialidade<\/a><\/li>\n\n\n\n<li><a href=\"https:\/\/med.estrategia.com\/portal\/residencia-medica\/residencias-medicas-mais-concorridos\/\">10 Resid&ecirc;ncias M&eacute;dicas mais concorridas<\/a><\/li>\n\n\n\n<li><a href=\"https:\/\/med.estrategia.com\/portal\/residencia-medica\/enare-vagas-cronograma-provas-edital\/\">Resid&ecirc;ncia M&eacute;dica ENARE<\/a><\/li>\n<\/ul><\/p>\n","protected":false},"excerpt":{"rendered":"A resid&ecirc;ncia m&eacute;dica da Secretaria de Estado da Sa&uacute;de de S&atilde;o Paulo, mais conhecido como SUS-SP, &eacute; uma&hellip;\n","protected":false},"author":22,"featured_media":38414,"comment_status":"open","ping_status":"open","sticky":false,"template":"","format":"standard","meta":{"wl_entities_gutenberg":"","footnotes":""},"categories":[24],"tags":[144,140,228,141],"wl_entity_type":[199],"class_list":{"0":"post-3125","1":"post","2":"type-post","3":"status-publish","4":"format-standard","5":"has-post-thumbnail","7":"category-residencia-medica","8":"tag-nota-de-corte-sus-sp","9":"tag-sus-sp","10":"tag-sus-sp-2022","11":"tag-sus-sp-residencia-medica","12":"wl_entity_type-article"},"acf":[],"yoast_head":"<!-- This site is optimized with the Yoast SEO Premium plugin v26.6 (Yoast SEO v26.6) - https:\/\/yoast.com\/wordpress\/plugins\/seo\/ -->\n<title>Resid\u00eancia M\u00e9dica SUS-SP: edital 2026, vagas e mais<\/title>\n<meta name=\"description\" content=\"A resid\u00eancia m\u00e9dica do SUS SP \u00e9 uma das mais disputadas. Veja detalhes sobre as institui\u00e7\u00f5es, concorr\u00eancia, provas, gabaritos e mais!\" \/>\n<meta name=\"robots\" content=\"index, follow, max-snippet:-1, max-image-preview:large, max-video-preview:-1\" \/>\n<link rel=\"canonical\" href=\"https:\/\/med.estrategia.com\/portal\/residencia-medica\/sus-sp-residencia-medica\/\" \/>\n<meta property=\"og:locale\" content=\"pt_BR\" \/>\n<meta property=\"og:type\" content=\"article\" \/>\n<meta property=\"og:title\" content=\"Resid\u00eancia M\u00e9dica SUS-SP: edital 2026, vagas e mais\" \/>\n<meta property=\"og:description\" content=\"A resid\u00eancia m\u00e9dica do SUS SP \u00e9 uma das mais disputadas. Veja detalhes sobre as institui\u00e7\u00f5es, concorr\u00eancia, provas, gabaritos e mais!\" \/>\n<meta property=\"og:url\" content=\"https:\/\/med.estrategia.com\/portal\/residencia-medica\/sus-sp-residencia-medica\/\" \/>\n<meta property=\"og:site_name\" content=\"Estrat\u00e9gia MED\" \/>\n<meta property=\"article:publisher\" content=\"https:\/\/www.facebook.com\/estrategiamed1\" \/>\n<meta property=\"article:published_time\" content=\"2021-01-06T18:14:13+00:00\" \/>\n<meta property=\"article:modified_time\" content=\"2026-03-26T13:11:32+00:00\" \/>\n<meta property=\"og:image\" content=\"https:\/\/med.estrategia.com\/portal\/wp-content\/uploads\/2021\/01\/coverWP_publica_bgfoto_logo-7.jpg\" \/>\n\t<meta property=\"og:image:width\" content=\"1200\" \/>\n\t<meta property=\"og:image:height\" content=\"800\" \/>\n\t<meta property=\"og:image:type\" content=\"image\/jpeg\" \/>\n<meta name=\"author\" content=\"Erika Coelho\" \/>\n<meta name=\"twitter:card\" content=\"summary_large_image\" \/>\n<meta name=\"twitter:creator\" content=\"@estrategiamed_\" \/>\n<meta name=\"twitter:site\" content=\"@estrategiamed_\" \/>\n<meta name=\"twitter:label1\" content=\"Escrito por\" \/>\n\t<meta name=\"twitter:data1\" content=\"Erika Coelho\" \/>\n\t<meta name=\"twitter:label2\" content=\"Est. tempo de leitura\" \/>\n\t<meta name=\"twitter:data2\" content=\"12 minutos\" \/>\n<script type=\"application\/ld+json\" class=\"yoast-schema-graph\">{\"@context\":\"https:\/\/schema.org\",\"@graph\":[{\"@type\":\"WebPage\",\"@id\":\"https:\/\/med.estrategia.com\/portal\/residencia-medica\/sus-sp-residencia-medica\/\",\"url\":\"https:\/\/med.estrategia.com\/portal\/residencia-medica\/sus-sp-residencia-medica\/\",\"name\":\"Resid\u00eancia M\u00e9dica SUS-SP: edital 2026, vagas e mais\",\"isPartOf\":{\"@id\":\"https:\/\/med.estrategia.com\/portal\/#website\"},\"primaryImageOfPage\":{\"@id\":\"https:\/\/med.estrategia.com\/portal\/residencia-medica\/sus-sp-residencia-medica\/#primaryimage\"},\"image\":{\"@id\":\"https:\/\/med.estrategia.com\/portal\/residencia-medica\/sus-sp-residencia-medica\/#primaryimage\"},\"thumbnailUrl\":\"https:\/\/med.estrategia.com\/portal\/wp-content\/uploads\/2021\/01\/coverWP_publica_bgfoto_logo-7.jpg\",\"datePublished\":\"2021-01-06T18:14:13+00:00\",\"dateModified\":\"2026-03-26T13:11:32+00:00\",\"author\":{\"@id\":\"https:\/\/med.estrategia.com\/portal\/#\/schema\/person\/8e7c9b2f53f2eede3b8880ad86ff20a3\"},\"description\":\"A resid\u00eancia m\u00e9dica do SUS SP \u00e9 uma das mais disputadas. Veja detalhes sobre as institui\u00e7\u00f5es, concorr\u00eancia, provas, gabaritos e mais!\",\"breadcrumb\":{\"@id\":\"https:\/\/med.estrategia.com\/portal\/residencia-medica\/sus-sp-residencia-medica\/#breadcrumb\"},\"inLanguage\":\"pt-BR\",\"potentialAction\":[{\"@type\":\"ReadAction\",\"target\":[\"https:\/\/med.estrategia.com\/portal\/residencia-medica\/sus-sp-residencia-medica\/\"]}]},{\"@type\":\"ImageObject\",\"inLanguage\":\"pt-BR\",\"@id\":\"https:\/\/med.estrategia.com\/portal\/residencia-medica\/sus-sp-residencia-medica\/#primaryimage\",\"url\":\"https:\/\/med.estrategia.com\/portal\/wp-content\/uploads\/2021\/01\/coverWP_publica_bgfoto_logo-7.jpg\",\"contentUrl\":\"https:\/\/med.estrategia.com\/portal\/wp-content\/uploads\/2021\/01\/coverWP_publica_bgfoto_logo-7.jpg\",\"width\":1200,\"height\":800,\"caption\":\"Cr\u00e9ditos: SUS e Estrat\u00e9gia MED\"},{\"@type\":\"BreadcrumbList\",\"@id\":\"https:\/\/med.estrategia.com\/portal\/residencia-medica\/sus-sp-residencia-medica\/#breadcrumb\",\"itemListElement\":[{\"@type\":\"ListItem\",\"position\":1,\"name\":\"Home\",\"item\":\"https:\/\/med.estrategia.com\/portal\/\"},{\"@type\":\"ListItem\",\"position\":2,\"name\":\"Resid\u00eancia M\u00e9dica\",\"item\":\"https:\/\/med.estrategia.com\/portal\/residencia-medica\/\"},{\"@type\":\"ListItem\",\"position\":3,\"name\":\"Resid\u00eancia M\u00e9dica SUS-SP: edital 2026, vagas e mais\"}]},{\"@type\":\"WebSite\",\"@id\":\"https:\/\/med.estrategia.com\/portal\/#website\",\"url\":\"https:\/\/med.estrategia.com\/portal\/\",\"name\":\"Estrat\u00e9gia MED\",\"description\":\"\",\"potentialAction\":[{\"@type\":\"SearchAction\",\"target\":{\"@type\":\"EntryPoint\",\"urlTemplate\":\"https:\/\/med.estrategia.com\/portal\/?s={search_term_string}\"},\"query-input\":{\"@type\":\"PropertyValueSpecification\",\"valueRequired\":true,\"valueName\":\"search_term_string\"}}],\"inLanguage\":\"pt-BR\"},{\"@type\":\"Person\",\"@id\":\"https:\/\/med.estrategia.com\/portal\/#\/schema\/person\/8e7c9b2f53f2eede3b8880ad86ff20a3\",\"name\":\"Erika Coelho\",\"image\":{\"@type\":\"ImageObject\",\"inLanguage\":\"pt-BR\",\"@id\":\"https:\/\/med.estrategia.com\/portal\/#\/schema\/person\/image\/\",\"url\":\"https:\/\/secure.gravatar.com\/avatar\/8ef9ff2e2fa53829c640cca8d1a45178?s=96&d=mm&r=g\",\"contentUrl\":\"https:\/\/secure.gravatar.com\/avatar\/8ef9ff2e2fa53829c640cca8d1a45178?s=96&d=mm&r=g\",\"caption\":\"Erika Coelho\"},\"description\":\"Jornalista pela Universidade Presbiteriana Mackenzie, escrevo sobre educa\u00e7\u00e3o, sa\u00fade e pol\u00edticas p\u00fablicas\",\"url\":\"https:\/\/med.estrategia.com\/portal\/author\/erika\/\"}]}<\/script>\n<!-- \/ Yoast SEO Premium plugin. -->","yoast_head_json":{"title":"Resid\u00eancia M\u00e9dica SUS-SP: edital 2026, vagas e mais","description":"A resid\u00eancia m\u00e9dica do SUS SP \u00e9 uma das mais disputadas. Veja detalhes sobre as institui\u00e7\u00f5es, concorr\u00eancia, provas, gabaritos e mais!","robots":{"index":"index","follow":"follow","max-snippet":"max-snippet:-1","max-image-preview":"max-image-preview:large","max-video-preview":"max-video-preview:-1"},"canonical":"https:\/\/med.estrategia.com\/portal\/residencia-medica\/sus-sp-residencia-medica\/","og_locale":"pt_BR","og_type":"article","og_title":"Resid\u00eancia M\u00e9dica SUS-SP: edital 2026, vagas e mais","og_description":"A resid\u00eancia m\u00e9dica do SUS SP \u00e9 uma das mais disputadas. Veja detalhes sobre as institui\u00e7\u00f5es, concorr\u00eancia, provas, gabaritos e mais!","og_url":"https:\/\/med.estrategia.com\/portal\/residencia-medica\/sus-sp-residencia-medica\/","og_site_name":"Estrat\u00e9gia MED","article_publisher":"https:\/\/www.facebook.com\/estrategiamed1","article_published_time":"2021-01-06T18:14:13+00:00","article_modified_time":"2026-03-26T13:11:32+00:00","og_image":[{"width":1200,"height":800,"url":"https:\/\/med.estrategia.com\/portal\/wp-content\/uploads\/2021\/01\/coverWP_publica_bgfoto_logo-7.jpg","type":"image\/jpeg"}],"author":"Erika Coelho","twitter_card":"summary_large_image","twitter_creator":"@estrategiamed_","twitter_site":"@estrategiamed_","twitter_misc":{"Escrito por":"Erika Coelho","Est. tempo de leitura":"12 minutos"},"schema":{"@context":"https:\/\/schema.org","@graph":[{"@type":"WebPage","@id":"https:\/\/med.estrategia.com\/portal\/residencia-medica\/sus-sp-residencia-medica\/","url":"https:\/\/med.estrategia.com\/portal\/residencia-medica\/sus-sp-residencia-medica\/","name":"Resid\u00eancia M\u00e9dica SUS-SP: edital 2026, vagas e mais","isPartOf":{"@id":"https:\/\/med.estrategia.com\/portal\/#website"},"primaryImageOfPage":{"@id":"https:\/\/med.estrategia.com\/portal\/residencia-medica\/sus-sp-residencia-medica\/#primaryimage"},"image":{"@id":"https:\/\/med.estrategia.com\/portal\/residencia-medica\/sus-sp-residencia-medica\/#primaryimage"},"thumbnailUrl":"https:\/\/med.estrategia.com\/portal\/wp-content\/uploads\/2021\/01\/coverWP_publica_bgfoto_logo-7.jpg","datePublished":"2021-01-06T18:14:13+00:00","dateModified":"2026-03-26T13:11:32+00:00","author":{"@id":"https:\/\/med.estrategia.com\/portal\/#\/schema\/person\/8e7c9b2f53f2eede3b8880ad86ff20a3"},"description":"A resid\u00eancia m\u00e9dica do SUS SP \u00e9 uma das mais disputadas. Veja detalhes sobre as institui\u00e7\u00f5es, concorr\u00eancia, provas, gabaritos e mais!","breadcrumb":{"@id":"https:\/\/med.estrategia.com\/portal\/residencia-medica\/sus-sp-residencia-medica\/#breadcrumb"},"inLanguage":"pt-BR","potentialAction":[{"@type":"ReadAction","target":["https:\/\/med.estrategia.com\/portal\/residencia-medica\/sus-sp-residencia-medica\/"]}]},{"@type":"ImageObject","inLanguage":"pt-BR","@id":"https:\/\/med.estrategia.com\/portal\/residencia-medica\/sus-sp-residencia-medica\/#primaryimage","url":"https:\/\/med.estrategia.com\/portal\/wp-content\/uploads\/2021\/01\/coverWP_publica_bgfoto_logo-7.jpg","contentUrl":"https:\/\/med.estrategia.com\/portal\/wp-content\/uploads\/2021\/01\/coverWP_publica_bgfoto_logo-7.jpg","width":1200,"height":800,"caption":"Cr\u00e9ditos: SUS e Estrat\u00e9gia MED"},{"@type":"BreadcrumbList","@id":"https:\/\/med.estrategia.com\/portal\/residencia-medica\/sus-sp-residencia-medica\/#breadcrumb","itemListElement":[{"@type":"ListItem","position":1,"name":"Home","item":"https:\/\/med.estrategia.com\/portal\/"},{"@type":"ListItem","position":2,"name":"Resid\u00eancia M\u00e9dica","item":"https:\/\/med.estrategia.com\/portal\/residencia-medica\/"},{"@type":"ListItem","position":3,"name":"Resid\u00eancia M\u00e9dica SUS-SP: edital 2026, vagas e mais"}]},{"@type":"WebSite","@id":"https:\/\/med.estrategia.com\/portal\/#website","url":"https:\/\/med.estrategia.com\/portal\/","name":"Estrat\u00e9gia MED","description":"","potentialAction":[{"@type":"SearchAction","target":{"@type":"EntryPoint","urlTemplate":"https:\/\/med.estrategia.com\/portal\/?s={search_term_string}"},"query-input":{"@type":"PropertyValueSpecification","valueRequired":true,"valueName":"search_term_string"}}],"inLanguage":"pt-BR"},{"@type":"Person","@id":"https:\/\/med.estrategia.com\/portal\/#\/schema\/person\/8e7c9b2f53f2eede3b8880ad86ff20a3","name":"Erika Coelho","image":{"@type":"ImageObject","inLanguage":"pt-BR","@id":"https:\/\/med.estrategia.com\/portal\/#\/schema\/person\/image\/","url":"https:\/\/secure.gravatar.com\/avatar\/8ef9ff2e2fa53829c640cca8d1a45178?s=96&d=mm&r=g","contentUrl":"https:\/\/secure.gravatar.com\/avatar\/8ef9ff2e2fa53829c640cca8d1a45178?s=96&d=mm&r=g","caption":"Erika Coelho"},"description":"Jornalista pela Universidade Presbiteriana Mackenzie, escrevo sobre educa\u00e7\u00e3o, sa\u00fade e pol\u00edticas p\u00fablicas","url":"https:\/\/med.estrategia.com\/portal\/author\/erika\/"}]}},"_wl_alt_label":[],"wl:entity_url":"\/post\/sus-sp-residencia-medica","_links":{"self":[{"href":"https:\/\/med.estrategia.com\/portal\/wp-json\/wp\/v2\/posts\/3125","targetHints":{"allow":["GET"]}}],"collection":[{"href":"https:\/\/med.estrategia.com\/portal\/wp-json\/wp\/v2\/posts"}],"about":[{"href":"https:\/\/med.estrategia.com\/portal\/wp-json\/wp\/v2\/types\/post"}],"author":[{"embeddable":true,"href":"https:\/\/med.estrategia.com\/portal\/wp-json\/wp\/v2\/users\/22"}],"replies":[{"embeddable":true,"href":"https:\/\/med.estrategia.com\/portal\/wp-json\/wp\/v2\/comments?post=3125"}],"version-history":[{"count":253,"href":"https:\/\/med.estrategia.com\/portal\/wp-json\/wp\/v2\/posts\/3125\/revisions"}],"predecessor-version":[{"id":108717,"href":"https:\/\/med.estrategia.com\/portal\/wp-json\/wp\/v2\/posts\/3125\/revisions\/108717"}],"wp:featuredmedia":[{"embeddable":true,"href":"https:\/\/med.estrategia.com\/portal\/wp-json\/wp\/v2\/media\/38414"}],"wp:attachment":[{"href":"https:\/\/med.estrategia.com\/portal\/wp-json\/wp\/v2\/media?parent=3125"}],"wp:term":[{"taxonomy":"category","embeddable":true,"href":"https:\/\/med.estrategia.com\/portal\/wp-json\/wp\/v2\/categories?post=3125"},{"taxonomy":"post_tag","embeddable":true,"href":"https:\/\/med.estrategia.com\/portal\/wp-json\/wp\/v2\/tags?post=3125"},{"taxonomy":"wl_entity_type","embeddable":true,"href":"https:\/\/med.estrategia.com\/portal\/wp-json\/wp\/v2\/wl_entity_type?post=3125"}],"curies":[{"name":"wp","href":"https:\/\/api.w.org\/{rel}","templated":true}]}}