{"id":31797,"date":"2022-12-07T12:03:20","date_gmt":"2022-12-07T15:03:20","guid":{"rendered":"https:\/\/med.estrategia.com\/portal\/?p=31797"},"modified":"2022-12-14T10:07:11","modified_gmt":"2022-12-14T13:07:11","slug":"residencia-medica-ses-df-2023-confira-a-relacao-candidato-vaga","status":"publish","type":"post","link":"https:\/\/med.estrategia.com\/portal\/noticias\/residencia-medica-ses-df-2023-confira-a-relacao-candidato-vaga\/","title":{"rendered":"Resid\u00eancia M\u00e9dica SES-DF 2023: confira a rela\u00e7\u00e3o candidato\/vaga"},"content":{"rendered":"<p>No dia 30 de novembro, a <strong>Secretaria de Estado de Sa&uacute;de do Distrito Federal (SES-DF)<\/strong> divulgou na p&aacute;gina oficial de sua sele&ccedil;&atilde;o para resid&ecirc;ncia m&eacute;dica, o <strong>edital com as inscri&ccedil;&otilde;es deferidas para a edi&ccedil;&atilde;o de 2023<\/strong>. Ap&oacute;s per&iacute;odo de recursos contra indeferimentos, o <strong>Estrat&eacute;gia MED preparou e trouxe com exclusividade a rela&ccedil;&atilde;o de candidatos por vaga da SES-DF 2023<\/strong>, e voc&ecirc; pode conferir abaixo a rela&ccedil;&atilde;o completa da concorr&ecirc;ncia por especialidades.<div id=\"ez-toc-container\" class=\"ez-toc-v2_0_79_2 counter-hierarchy ez-toc-counter ez-toc-transparent ez-toc-container-direction\">\n<div class=\"ez-toc-title-container\"><p class=\"ez-toc-title\" style=\"cursor:inherit\">Navegue pelo conte\u00fado<\/p>\n<\/div><nav><ul class='ez-toc-list ez-toc-list-level-1 ' ><li class='ez-toc-page-1 ez-toc-heading-level-2'><a class=\"ez-toc-link ez-toc-heading-1\" href=\"https:\/\/med.estrategia.com\/portal\/noticias\/residencia-medica-ses-df-2023-confira-a-relacao-candidato-vaga\/#Concorrencia-SES-DF-2023\" >Concorr&ecirc;ncia SES-DF 2023<\/a><\/li><li class='ez-toc-page-1 ez-toc-heading-level-2'><a class=\"ez-toc-link ez-toc-heading-2\" href=\"https:\/\/med.estrategia.com\/portal\/noticias\/residencia-medica-ses-df-2023-confira-a-relacao-candidato-vaga\/#Cronograma-SES-DF-2023\" >Cronograma SES-DF 2023<\/a><\/li><li class='ez-toc-page-1 ez-toc-heading-level-2'><a class=\"ez-toc-link ez-toc-heading-3\" href=\"https:\/\/med.estrategia.com\/portal\/noticias\/residencia-medica-ses-df-2023-confira-a-relacao-candidato-vaga\/#Processo-Seletivo-SES-DF-2023\" >Processo Seletivo SES-DF 2023<\/a><\/li><\/ul><\/nav><\/div>\n<h2 class=\"wp-block-heading\" id=\"h-concorrencia-ses-df-2023\"><span class=\"ez-toc-section\" id=\"Concorrencia-SES-DF-2023\"><\/span>Concorr&ecirc;ncia SES-DF 2023<span class=\"ez-toc-section-end\"><\/span><\/h2><p>Para a edi&ccedil;&atilde;o de 2023, o processo seletivo de resid&ecirc;ncia m&eacute;dica da SES-DF conta com a&nbsp;<strong>participa&ccedil;&atilde;o de 3.709 candidatos inscritos concorrendo &agrave; 473 vagas ofertadas<\/strong>, o que acarreta uma&nbsp;<strong>rela&ccedil;&atilde;o candidato\/vaga geral de 7,84<\/strong>. Entre as especialidades, a concorr&ecirc;ncia ficou da seguinte maneira:<\/p><h3 class=\"wp-block-heading\" id=\"h-acesso-direto\">Acesso Direto<\/h3><figure class=\"wp-block-table\"><table><thead><tr><th>Especialidades<\/th><th class=\"has-text-align-center\" data-align=\"center\">Inscritos<\/th><th class=\"has-text-align-center\" data-align=\"center\">Vagas<\/th><th class=\"has-text-align-center\" data-align=\"center\">Concorr&ecirc;ncia<\/th><\/tr><\/thead><tbody><tr><td>Acunputura<\/td><td class=\"has-text-align-center\" data-align=\"center\">1<\/td><td class=\"has-text-align-center\" data-align=\"center\">2<\/td><td class=\"has-text-align-center\" data-align=\"center\">0,5<\/td><\/tr><tr><td>Anestesiologia<\/td><td class=\"has-text-align-center\" data-align=\"center\">331<\/td><td class=\"has-text-align-center\" data-align=\"center\">15<\/td><td class=\"has-text-align-center\" data-align=\"center\">22,06<\/td><\/tr><tr><td>Cirurgia Geral<\/td><td class=\"has-text-align-center\" data-align=\"center\">398<\/td><td class=\"has-text-align-center\" data-align=\"center\">24<\/td><td class=\"has-text-align-center\" data-align=\"center\">16,58<\/td><\/tr><tr><td>Cl&iacute;nica M&eacute;dica<\/td><td class=\"has-text-align-center\" data-align=\"center\">455<\/td><td class=\"has-text-align-center\" data-align=\"center\">63<\/td><td class=\"has-text-align-center\" data-align=\"center\">7,2<\/td><\/tr><tr><td>Dermatologia<\/td><td class=\"has-text-align-center\" data-align=\"center\">179<\/td><td class=\"has-text-align-center\" data-align=\"center\">4<\/td><td class=\"has-text-align-center\" data-align=\"center\">44,75<\/td><\/tr><tr><td>Gen&eacute;tica M&eacute;dica<\/td><td class=\"has-text-align-center\" data-align=\"center\">8<\/td><td class=\"has-text-align-center\" data-align=\"center\">2<\/td><td class=\"has-text-align-center\" data-align=\"center\">4<\/td><\/tr><tr><td>Ginecologia e Obstetr&iacute;cia<\/td><td class=\"has-text-align-center\" data-align=\"center\">314<\/td><td class=\"has-text-align-center\" data-align=\"center\">33<\/td><td class=\"has-text-align-center\" data-align=\"center\">9,51<\/td><\/tr><tr><td>Infectologia<\/td><td class=\"has-text-align-center\" data-align=\"center\">32<\/td><td class=\"has-text-align-center\" data-align=\"center\">4<\/td><td class=\"has-text-align-center\" data-align=\"center\">8<\/td><\/tr><tr><td>Medicina de Emerg&ecirc;ncia<\/td><td class=\"has-text-align-center\" data-align=\"center\">38<\/td><td class=\"has-text-align-center\" data-align=\"center\">10<\/td><td class=\"has-text-align-center\" data-align=\"center\">3,8<\/td><\/tr><tr><td>Medicina de Fam&iacute;lia e Comunidade<\/td><td class=\"has-text-align-center\" data-align=\"center\">127<\/td><td class=\"has-text-align-center\" data-align=\"center\">45<\/td><td class=\"has-text-align-center\" data-align=\"center\">2,82<\/td><\/tr><tr><td>Medicina do Trabalho<\/td><td class=\"has-text-align-center\" data-align=\"center\">14<\/td><td class=\"has-text-align-center\" data-align=\"center\">2<\/td><td class=\"has-text-align-center\" data-align=\"center\">7<\/td><\/tr><tr><td>Medicina F&iacute;sica e Reabilita&ccedil;&atilde;o<\/td><td class=\"has-text-align-center\" data-align=\"center\">10<\/td><td class=\"has-text-align-center\" data-align=\"center\">2<\/td><td class=\"has-text-align-center\" data-align=\"center\">5<\/td><\/tr><tr><td>Medicina Intensiva<\/td><td class=\"has-text-align-center\" data-align=\"center\">48<\/td><td class=\"has-text-align-center\" data-align=\"center\">7<\/td><td class=\"has-text-align-center\" data-align=\"center\">6,85<\/td><\/tr><tr><td>Medicina Preventiva e Social<\/td><td class=\"has-text-align-center\" data-align=\"center\">4<\/td><td class=\"has-text-align-center\" data-align=\"center\">2<\/td><td class=\"has-text-align-center\" data-align=\"center\">2<\/td><\/tr><tr><td>Neurocirurgia<\/td><td class=\"has-text-align-center\" data-align=\"center\">67<\/td><td class=\"has-text-align-center\" data-align=\"center\">2<\/td><td class=\"has-text-align-center\" data-align=\"center\">33,5<\/td><\/tr><tr><td>Neurologia<\/td><td class=\"has-text-align-center\" data-align=\"center\">102<\/td><td class=\"has-text-align-center\" data-align=\"center\">6<\/td><td class=\"has-text-align-center\" data-align=\"center\">17<\/td><\/tr><tr><td>Oftalmologia<\/td><td class=\"has-text-align-center\" data-align=\"center\">152<\/td><td class=\"has-text-align-center\" data-align=\"center\">9<\/td><td class=\"has-text-align-center\" data-align=\"center\">16,88<\/td><\/tr><tr><td>Ortopedia e Traumatologia<\/td><td class=\"has-text-align-center\" data-align=\"center\">117<\/td><td class=\"has-text-align-center\" data-align=\"center\">30<\/td><td class=\"has-text-align-center\" data-align=\"center\">3,9<\/td><\/tr><tr><td>Otorrinolaringologia<\/td><td class=\"has-text-align-center\" data-align=\"center\">86<\/td><td class=\"has-text-align-center\" data-align=\"center\">2<\/td><td class=\"has-text-align-center\" data-align=\"center\">43<\/td><\/tr><tr><td>Patologia<\/td><td class=\"has-text-align-center\" data-align=\"center\">17<\/td><td class=\"has-text-align-center\" data-align=\"center\">3<\/td><td class=\"has-text-align-center\" data-align=\"center\">5,66<\/td><\/tr><tr><td>Pediatria<\/td><td class=\"has-text-align-center\" data-align=\"center\">242<\/td><td class=\"has-text-align-center\" data-align=\"center\">47<\/td><td class=\"has-text-align-center\" data-align=\"center\">5,14<\/td><\/tr><tr><td>Psiquiatria<\/td><td class=\"has-text-align-center\" data-align=\"center\">286<\/td><td class=\"has-text-align-center\" data-align=\"center\">11<\/td><td class=\"has-text-align-center\" data-align=\"center\">26<\/td><\/tr><tr><td>Radiologia e Diagn&oacute;stico por Imagem<\/td><td class=\"has-text-align-center\" data-align=\"center\">116<\/td><td class=\"has-text-align-center\" data-align=\"center\">8<\/td><td class=\"has-text-align-center\" data-align=\"center\">14,5<\/td><\/tr><tr><td><strong>TOTAL<\/strong><\/td><td class=\"has-text-align-center\" data-align=\"center\">3144<\/td><td class=\"has-text-align-center\" data-align=\"center\">333<\/td><td class=\"has-text-align-center\" data-align=\"center\">&ndash;<\/td><\/tr><\/tbody><\/table><\/figure><h3 class=\"wp-block-heading\" id=\"h-pre-requisito\">Pr&eacute;-Requisito<\/h3><figure class=\"wp-block-table\"><table><thead><tr><th>Especialidades<\/th><th class=\"has-text-align-center\" data-align=\"center\">Inscritos<\/th><th class=\"has-text-align-center\" data-align=\"center\">Vagas<\/th><th class=\"has-text-align-center\" data-align=\"center\">Concorr&ecirc;ncia<\/th><\/tr><\/thead><tbody><tr><td>Cardiologia<\/td><td class=\"has-text-align-center\" data-align=\"center\">50<\/td><td class=\"has-text-align-center\" data-align=\"center\">8<\/td><td class=\"has-text-align-center\" data-align=\"center\">6,25<\/td><\/tr><tr><td>Cirurgia do Aparelho Digestivo<\/td><td class=\"has-text-align-center\" data-align=\"center\">10<\/td><td class=\"has-text-align-center\" data-align=\"center\">2<\/td><td class=\"has-text-align-center\" data-align=\"center\">5<\/td><\/tr><tr><td>Cirurgia Oncol&oacute;gica<\/td><td class=\"has-text-align-center\" data-align=\"center\">3<\/td><td class=\"has-text-align-center\" data-align=\"center\">1<\/td><td class=\"has-text-align-center\" data-align=\"center\">3<\/td><\/tr><tr><td>Cirurgia Pedi&aacute;trica<\/td><td class=\"has-text-align-center\" data-align=\"center\">27<\/td><td class=\"has-text-align-center\" data-align=\"center\">2<\/td><td class=\"has-text-align-center\" data-align=\"center\">13,5<\/td><\/tr><tr><td>Cirurgia Pl&aacute;stica<\/td><td class=\"has-text-align-center\" data-align=\"center\">75<\/td><td class=\"has-text-align-center\" data-align=\"center\">2<\/td><td class=\"has-text-align-center\" data-align=\"center\">37,5<\/td><\/tr><tr><td>Cirurgia Vascular<\/td><td class=\"has-text-align-center\" data-align=\"center\">26<\/td><td class=\"has-text-align-center\" data-align=\"center\">3<\/td><td class=\"has-text-align-center\" data-align=\"center\">8,66<\/td><\/tr><tr><td>Coloproctologia<\/td><td class=\"has-text-align-center\" data-align=\"center\">16<\/td><td class=\"has-text-align-center\" data-align=\"center\">2<\/td><td class=\"has-text-align-center\" data-align=\"center\">8<\/td><\/tr><tr><td>Endocrinologia e Metabologia<\/td><td class=\"has-text-align-center\" data-align=\"center\">34<\/td><td class=\"has-text-align-center\" data-align=\"center\">7<\/td><td class=\"has-text-align-center\" data-align=\"center\">4,85<\/td><\/tr><tr><td>Endoscopia<\/td><td class=\"has-text-align-center\" data-align=\"center\">10<\/td><td class=\"has-text-align-center\" data-align=\"center\">1<\/td><td class=\"has-text-align-center\" data-align=\"center\">10<\/td><\/tr><tr><td>Gastroenterologia<\/td><td class=\"has-text-align-center\" data-align=\"center\">34<\/td><td class=\"has-text-align-center\" data-align=\"center\">4<\/td><td class=\"has-text-align-center\" data-align=\"center\">8,5<\/td><\/tr><tr><td>Geriatria<\/td><td class=\"has-text-align-center\" data-align=\"center\">27<\/td><td class=\"has-text-align-center\" data-align=\"center\">2<\/td><td class=\"has-text-align-center\" data-align=\"center\">13,5<\/td><\/tr><tr><td>Hematologia e Hemoterapia<\/td><td class=\"has-text-align-center\" data-align=\"center\">6<\/td><td class=\"has-text-align-center\" data-align=\"center\">2<\/td><td class=\"has-text-align-center\" data-align=\"center\">3<\/td><\/tr><tr><td>Mastologia<\/td><td class=\"has-text-align-center\" data-align=\"center\">11<\/td><td class=\"has-text-align-center\" data-align=\"center\">2<\/td><td class=\"has-text-align-center\" data-align=\"center\">5,5<\/td><\/tr><tr><td>Nefrologia<\/td><td class=\"has-text-align-center\" data-align=\"center\">26<\/td><td class=\"has-text-align-center\" data-align=\"center\">9<\/td><td class=\"has-text-align-center\" data-align=\"center\">2,88<\/td><\/tr><tr><td>Oncologia Cl&iacute;nica<\/td><td class=\"has-text-align-center\" data-align=\"center\">10<\/td><td class=\"has-text-align-center\" data-align=\"center\">6<\/td><td class=\"has-text-align-center\" data-align=\"center\">1,66<\/td><\/tr><tr><td>Oncologia Pedi&aacute;trica<\/td><td class=\"has-text-align-center\" data-align=\"center\">0<\/td><td class=\"has-text-align-center\" data-align=\"center\">2<\/td><td class=\"has-text-align-center\" data-align=\"center\">0<\/td><\/tr><tr><td>Pneumologia<\/td><td class=\"has-text-align-center\" data-align=\"center\">12<\/td><td class=\"has-text-align-center\" data-align=\"center\">4<\/td><td class=\"has-text-align-center\" data-align=\"center\">3<\/td><\/tr><tr><td>Reprodu&ccedil;&atilde;o Assistida<\/td><td class=\"has-text-align-center\" data-align=\"center\">5<\/td><td class=\"has-text-align-center\" data-align=\"center\">3<\/td><td class=\"has-text-align-center\" data-align=\"center\">1,66<\/td><\/tr><tr><td>Reumatologia<\/td><td class=\"has-text-align-center\" data-align=\"center\">12<\/td><td class=\"has-text-align-center\" data-align=\"center\">3<\/td><td class=\"has-text-align-center\" data-align=\"center\">4<\/td><\/tr><tr><td>Urologia<\/td><td class=\"has-text-align-center\" data-align=\"center\">26<\/td><td class=\"has-text-align-center\" data-align=\"center\">4<\/td><td class=\"has-text-align-center\" data-align=\"center\">6,5<\/td><\/tr><tr><td><strong>TOTAL<\/strong><\/td><td class=\"has-text-align-center\" data-align=\"center\">420<\/td><td class=\"has-text-align-center\" data-align=\"center\">69<\/td><td class=\"has-text-align-center\" data-align=\"center\">&ndash;<\/td><\/tr><\/tbody><\/table><\/figure><h3 class=\"wp-block-heading\" id=\"h-areas-de-atuacao\">&Aacute;reas de Atua&ccedil;&atilde;o<\/h3><figure class=\"wp-block-table\"><table><thead><tr><th>Especialidades<\/th><th class=\"has-text-align-center\" data-align=\"center\">Inscritos<\/th><th class=\"has-text-align-center\" data-align=\"center\">Vagas<\/th><th class=\"has-text-align-center\" data-align=\"center\">Concorr&ecirc;ncia<\/th><\/tr><\/thead><tbody><tr><td>Alergia e Imunologia Pedi&aacute;trica<\/td><td class=\"has-text-align-center\" data-align=\"center\">6<\/td><td class=\"has-text-align-center\" data-align=\"center\">6<\/td><td class=\"has-text-align-center\" data-align=\"center\">1<\/td><\/tr><tr><td>Cirurgia do Trauma<\/td><td class=\"has-text-align-center\" data-align=\"center\">2<\/td><td class=\"has-text-align-center\" data-align=\"center\">2<\/td><td class=\"has-text-align-center\" data-align=\"center\">1<\/td><\/tr><tr><td>Ecocardiografia<\/td><td class=\"has-text-align-center\" data-align=\"center\">16<\/td><td class=\"has-text-align-center\" data-align=\"center\">1<\/td><td class=\"has-text-align-center\" data-align=\"center\">16<\/td><\/tr><tr><td>Eletrofisiologia e Cl&iacute;nica Invasiva<\/td><td class=\"has-text-align-center\" data-align=\"center\">2<\/td><td class=\"has-text-align-center\" data-align=\"center\">1<\/td><td class=\"has-text-align-center\" data-align=\"center\">2<\/td><\/tr><tr><td>Endocrinologia Pedi&aacute;trica<\/td><td class=\"has-text-align-center\" data-align=\"center\">4<\/td><td class=\"has-text-align-center\" data-align=\"center\">3<\/td><td class=\"has-text-align-center\" data-align=\"center\">1,33<\/td><\/tr><tr><td>Endoscopia Ginecol&oacute;gica<\/td><td class=\"has-text-align-center\" data-align=\"center\">10<\/td><td class=\"has-text-align-center\" data-align=\"center\">2<\/td><td class=\"has-text-align-center\" data-align=\"center\">5<\/td><\/tr><tr><td>Endoscopia Respirat&oacute;ria I<\/td><td class=\"has-text-align-center\" data-align=\"center\">2<\/td><td class=\"has-text-align-center\" data-align=\"center\">1<\/td><td class=\"has-text-align-center\" data-align=\"center\">2<\/td><\/tr><tr><td>Endoscopia Respirat&oacute;ria II<\/td><td class=\"has-text-align-center\" data-align=\"center\">1<\/td><td class=\"has-text-align-center\" data-align=\"center\">1<\/td><td class=\"has-text-align-center\" data-align=\"center\">1<\/td><\/tr><tr><td>Gastroenterologia Pedi&aacute;trica<\/td><td class=\"has-text-align-center\" data-align=\"center\">2<\/td><td class=\"has-text-align-center\" data-align=\"center\">3<\/td><td class=\"has-text-align-center\" data-align=\"center\">0,66<\/td><\/tr><tr><td>Hematologia e Hemoterapia Pedi&aacute;trica<\/td><td class=\"has-text-align-center\" data-align=\"center\">1<\/td><td class=\"has-text-align-center\" data-align=\"center\">2<\/td><td class=\"has-text-align-center\" data-align=\"center\">0,5<\/td><\/tr><tr><td>Hepatologia<\/td><td class=\"has-text-align-center\" data-align=\"center\">1<\/td><td class=\"has-text-align-center\" data-align=\"center\">1<\/td><td class=\"has-text-align-center\" data-align=\"center\">1<\/td><\/tr><tr><td>Infectologia Pedi&aacute;trica<\/td><td class=\"has-text-align-center\" data-align=\"center\">3<\/td><td class=\"has-text-align-center\" data-align=\"center\">2<\/td><td class=\"has-text-align-center\" data-align=\"center\">1,5<\/td><\/tr><tr><td>Medicina Fetal<\/td><td class=\"has-text-align-center\" data-align=\"center\">11<\/td><td class=\"has-text-align-center\" data-align=\"center\">4<\/td><td class=\"has-text-align-center\" data-align=\"center\">2,75<\/td><\/tr><tr><td>Medicina Intensiva Pedi&aacute;trica<\/td><td class=\"has-text-align-center\" data-align=\"center\">13<\/td><td class=\"has-text-align-center\" data-align=\"center\">10<\/td><td class=\"has-text-align-center\" data-align=\"center\">1,3<\/td><\/tr><tr><td>Medicina Paliativa<\/td><td class=\"has-text-align-center\" data-align=\"center\">8<\/td><td class=\"has-text-align-center\" data-align=\"center\">3<\/td><td class=\"has-text-align-center\" data-align=\"center\">2,66<\/td><\/tr><tr><td>Nefrologia Pedi&aacute;trica<\/td><td class=\"has-text-align-center\" data-align=\"center\">2<\/td><td class=\"has-text-align-center\" data-align=\"center\">2<\/td><td class=\"has-text-align-center\" data-align=\"center\">1<\/td><\/tr><tr><td>Neonatologia<\/td><td class=\"has-text-align-center\" data-align=\"center\">18<\/td><td class=\"has-text-align-center\" data-align=\"center\">10<\/td><td class=\"has-text-align-center\" data-align=\"center\">1,8<\/td><\/tr><tr><td>Neurologia Pedi&aacute;trica<\/td><td class=\"has-text-align-center\" data-align=\"center\">13<\/td><td class=\"has-text-align-center\" data-align=\"center\">2<\/td><td class=\"has-text-align-center\" data-align=\"center\">6,5<\/td><\/tr><tr><td>Pneumologia Pedi&aacute;trica<\/td><td class=\"has-text-align-center\" data-align=\"center\">2<\/td><td class=\"has-text-align-center\" data-align=\"center\">2<\/td><td class=\"has-text-align-center\" data-align=\"center\">1<\/td><\/tr><tr><td>Psicogeriatria<\/td><td class=\"has-text-align-center\" data-align=\"center\">2<\/td><td class=\"has-text-align-center\" data-align=\"center\">3<\/td><td class=\"has-text-align-center\" data-align=\"center\">0,66<\/td><\/tr><tr><td>Psicoterapia<\/td><td class=\"has-text-align-center\" data-align=\"center\">3<\/td><td class=\"has-text-align-center\" data-align=\"center\">2<\/td><td class=\"has-text-align-center\" data-align=\"center\">1,5<\/td><\/tr><tr><td>Psiquiatria da Inf&acirc;ncia e Adolesc&ecirc;ncia<\/td><td class=\"has-text-align-center\" data-align=\"center\">6<\/td><td class=\"has-text-align-center\" data-align=\"center\">3<\/td><td class=\"has-text-align-center\" data-align=\"center\">2<\/td><\/tr><tr><td>Reumatologia Pedi&aacute;trica<\/td><td class=\"has-text-align-center\" data-align=\"center\">1<\/td><td class=\"has-text-align-center\" data-align=\"center\">2<\/td><td class=\"has-text-align-center\" data-align=\"center\">0,5<\/td><\/tr><tr><td>Transplante Renal<\/td><td class=\"has-text-align-center\" data-align=\"center\">4<\/td><td class=\"has-text-align-center\" data-align=\"center\">2<\/td><td class=\"has-text-align-center\" data-align=\"center\">2<\/td><\/tr><tr><td><strong>TOTAL<\/strong><\/td><td class=\"has-text-align-center\" data-align=\"center\">133<\/td><td class=\"has-text-align-center\" data-align=\"center\">70<\/td><td class=\"has-text-align-center\" data-align=\"center\">&ndash;<\/td><\/tr><\/tbody><\/table><\/figure><h3 class=\"wp-block-heading\" id=\"h-anos-adicionais\">Anos Adicionais<\/h3><figure class=\"wp-block-table\"><table><thead><tr><th>Especialidade<\/th><th class=\"has-text-align-center\" data-align=\"center\">Inscritos<\/th><th class=\"has-text-align-center\" data-align=\"center\">Vagas<\/th><th class=\"has-text-align-center\" data-align=\"center\">Concorr&ecirc;ncia<\/th><\/tr><\/thead><tbody><tr><td>Ortopedia e Traumatologia em Cirurgia da Coluna &ndash; R4<\/td><td class=\"has-text-align-center\" data-align=\"center\">12<\/td><td class=\"has-text-align-center\" data-align=\"center\">1<\/td><td class=\"has-text-align-center\" data-align=\"center\">12<\/td><\/tr><\/tbody><\/table><\/figure><div class=\"wp-block-buttons is-content-justification-center is-layout-flex wp-block-buttons-is-layout-flex\">\n<div class=\"wp-block-button\"><a class=\"wp-block-button__link\" href=\"https:\/\/med.estrategia.com\/portal\/wp-content\/uploads\/2022\/12\/ed_def_insc_med_fepecs.pdf\" target=\"_blank\">Inscri&ccedil;&otilde;es Deferidas &ndash; Pr&eacute;-Recursos<\/a><\/div>\n\n\n\n<div class=\"wp-block-button\"><a class=\"wp-block-button__link\" href=\"https:\/\/med.estrategia.com\/portal\/wp-content\/uploads\/2022\/12\/ed_def_insc_pos_med.pdf\" target=\"_blank\">Inscri&ccedil;&otilde;es Deferidas &ndash; P&oacute;s-Recursos<\/a><\/div>\n<\/div><p>\n\n\n<div id=\"new-form\">\n\t<form id=\"forms_layout\">\n\t<input type=\"hidden\" id=\"chave_de\" name=\"chave_de\" value=\"01_EMED_LEADS_TOTAIS\" \/>\n\t\t<input type=\"hidden\" id=\"mid\" name=\"mid\" value=\"515009018\" \/>\n\t\t<input type=\"hidden\" id=\"Objetivo\" name=\"Objetivo\" value=\"Medicina\" \/>\n\t\t<input type=\"hidden\" id=\"Estado_de_Origem_do_IP\" name=\"Estado_de_Origem_do_IP\"  value=\"\" \/>\n\t\t<input type=\"hidden\" id=\"Cidade_de_Origem_do_IP\" name=\"Cidade_de_Origem_do_IP\" value=\"\" \/>\n\t\t<input type=\"hidden\" id=\"Modo_de_entrada\" name=\"Modo_de_entrada\" value=\"Portal\" \/>\n\t\t<input type=\"hidden\" id=\"Pagina_Origem\" name=\"Pagina_Origem\" value=\"\" \/>\n\n\t\t<div class=\"texto\">\n\t\t\t<h3 class=\"news\">Inscreva-se em nossa newsletter!<\/h3>\n\t\t\t<p>Receba not\u00edcias sobre resid\u00eancia m\u00e9dica, revalida\u00e7\u00e3o de diplomas e concursos m\u00e9dicos, al\u00e9m de materiais de estudo gratuitos e informa\u00e7\u00f5es relevantes do mundo da Medicina.<\/p>\n\t\t<\/div>\n\t\t<div class=\"campos\">\n\t\t\t<div class=\"first_name labels\">\n\t\t\t\t<input type=\"text\" class=\"input_labels\" id=\"first_name\" name=\"Nome_Completo\" placeholder=\"Nome\" required \/>\n\t\t\t<\/div>\n\t\t\t<div class=\"email labels\">\n\t\t\t\t<input type=\"email\" class=\"input_labels\" id=\"email\" name=\"Email\" placeholder=\"E-mail\" required \/>\n\t\t\t<\/div>\n\t\t\t<button type=\"submit\" class=\"button_layout\">\n\t\t\t\t<div id=\"lblBotao\">Inscreva-se<\/div>\n\t\t\t\t<span id=\"divSpiner\" class=\"loader\" role=\"status\" style=\"display: none;\"><\/span>\t\n\t\t\t<\/button>\n\t\t<\/div><!-- \/campos -->\n\t\t\n\t\t<label class=\"container_checkbox\">Voc\u00ea concorda com a nossa\n\t\t\t<a class=\"politics_privacy_ahref\" target=\"_blank\" href=\"https:\/\/gratis.estrategiaconcursos.com.br\/politica-de-privacidade\/\">Pol\u00edtica de Privacidade<\/a> e aceita receber informa\u00e7\u00f5es adicionais do Estrat\u00e9gia Educacional.\n\t\t\t<input id=\"checkbox_layout\" type=\"checkbox\" checked=\"checked\" required \/>\n\t\t\t<span class=\"checkbox\"><\/span>\n\t\t<\/label>\n\t\t<div id=\"msg\"><\/div>\n\t\t<div id=\"error\" class=\"error\">\n\t\t<\/div>\n\t<\/form>\n<\/div><!-- \/new-form -->\n\n\n\n<\/p><h2 class=\"wp-block-heading\" id=\"h-cronograma-ses-df-2023\"><span class=\"ez-toc-section\" id=\"Cronograma-SES-DF-2023\"><\/span>Cronograma SES-DF 2023<span class=\"ez-toc-section-end\"><\/span><\/h2><ul class=\"wp-block-list\"><li><strong>Inscri&ccedil;&otilde;es e envio do curr&iacute;culo<\/strong>: 04 a 28\/11\/2022;<\/li><li><strong>Taxa de inscri&ccedil;&atilde;o:<\/strong>&nbsp;R$149,00;<\/li><li><strong>Isen&ccedil;&atilde;o:&nbsp;<\/strong>04 a 09\/11\/2022;<\/li><li><strong>Prova Objetiva<\/strong>: 17\/12\/2022;<\/li><li><strong>Gabarito Preliminar:<\/strong>&nbsp;17\/12\/2022;<\/li><li><strong>Recursos contra gabarito:<\/strong>&nbsp;2 dias &uacute;teis ap&oacute;s publica&ccedil;&atilde;o;<\/li><li><strong>Resultado Preliminar 1&ordf; Fase:<\/strong>&nbsp;04\/01\/2023;<\/li><li><strong>Recursos contra Resultado:<\/strong>&nbsp;05 e 06\/01\/2023;<\/li><li><strong>Resultado Definitivo 1&ordf; Fase:<\/strong>&nbsp;11\/01\/2023<\/li><li><strong>Escolha da institui&ccedil;&atilde;o 2&ordf; Fase:<\/strong>&nbsp;13 a 16\/01\/2023; e<\/li><li><strong>Resultado Final:&nbsp;<\/strong>18\/01\/2023.<\/li><\/ul><h2 class=\"wp-block-heading\" id=\"h-processo-seletivo-ses-df-2023\"><span class=\"ez-toc-section\" id=\"Processo-Seletivo-SES-DF-2023\"><\/span>Processo Seletivo SES-DF 2023<span class=\"ez-toc-section-end\"><\/span><\/h2><p>O processo seletivo da SES-DF para ingresso de m&eacute;dicos residentes em 2023 contar&aacute; com duas fases: prova objetiva e an&aacute;lise curricular, e escolha de vagas.<\/p><p class=\"wp-block-preformatted\">Tudo sobre o processo seletivo da SES-DF 2023: <a href=\"https:\/\/med.estrategia.com\/portal\/residencia-medica\/ses-df-residencia-medica\/\" target=\"_blank\">Resid&ecirc;ncia M&eacute;dica SES-DF 2023: inscri&ccedil;&otilde;es, edital, vagas e mais!<\/a><\/p><p id=\"block-98b732c0-5012-47fb-8a66-78ae580131e0\" class=\"wp-block-preformatted\">Quer ter acesso a mais rela&ccedil;&otilde;es candidato\/vaga? N&atilde;o deixe de conferir: <a href=\"https:\/\/med.estrategia.com\/portal\/residencia-medica\/concorrencia-residencia-medica\/\" target=\"_blank\">Rela&ccedil;&atilde;o candidato\/vaga para Resid&ecirc;ncia M&eacute;dica 2023: confira a concorr&ecirc;ncia dos principais seletivos!<\/a> e a <a href=\"https:\/\/med.estrategia.com\/portal\/noticias\/\" target=\"_blank\">p&aacute;gina de not&iacute;cias<\/a> do Portal do Estrat&eacute;gia MED<\/p><p>Para n&atilde;o perder nenhuma atualiza&ccedil;&atilde;o no universo da medicina e ficar por dentro dos seletivos de Resid&ecirc;ncia M&eacute;dica, de revalida&ccedil;&atilde;o de diplomas e conte&uacute;dos t&eacute;cnicos, continue acessando o&nbsp;<a href=\"https:\/\/med.estrategia.com\/portal\/\" target=\"_blank\">Portal do Estrat&eacute;gia MED<\/a>!&nbsp;<\/p><p><strong><a id=\"cta\" class=\"cta-imagem\" href=\"https:\/\/med.estrategia.com\/cursos\/extensivo-de-residncia-mdica\/\" target=\"blank\">\n                <img decoding=\"async\" width=\"100%\" src=\"https:\/\/med.estrategia.com\/portal\/wp-content\/uploads\/2025\/08\/extensivo_rm.jpg\" alt=\"Extensivo RM\" title=\"extensivo_rm\">\n        <\/a><\/strong><\/p><\/p>\n","protected":false},"excerpt":{"rendered":"No dia 30 de novembro, a Secretaria de Estado de Sa&uacute;de do Distrito Federal (SES-DF) divulgou na p&aacute;gina&hellip;\n","protected":false},"author":39,"featured_media":31803,"comment_status":"closed","ping_status":"closed","sticky":false,"template":"","format":"standard","meta":{"wl_entities_gutenberg":"","footnotes":""},"categories":[300],"tags":[],"wl_entity_type":[199],"class_list":{"0":"post-31797","1":"post","2":"type-post","3":"status-publish","4":"format-standard","5":"has-post-thumbnail","7":"category-noticias","8":"wl_entity_type-article"},"acf":[],"yoast_head":"<!-- This site is optimized with the Yoast SEO Premium plugin v26.6 (Yoast SEO v26.6) - https:\/\/yoast.com\/wordpress\/plugins\/seo\/ -->\n<title>Resid\u00eancia M\u00e9dica SES-DF 2023: confira a rela\u00e7\u00e3o candidato\/vaga<\/title>\n<meta name=\"description\" content=\"Venha dar uma olhada na concorr\u00eancia para a sele\u00e7\u00e3o de resid\u00eancia m\u00e9dica da SES-DF 2023, preparada exclusivamente pelo Estrat\u00e9gia MED!\" \/>\n<meta name=\"robots\" content=\"index, follow, max-snippet:-1, max-image-preview:large, max-video-preview:-1\" \/>\n<link rel=\"canonical\" href=\"https:\/\/med.estrategia.com\/portal\/noticias\/residencia-medica-ses-df-2023-confira-a-relacao-candidato-vaga\/\" \/>\n<meta property=\"og:locale\" content=\"pt_BR\" \/>\n<meta property=\"og:type\" content=\"article\" \/>\n<meta property=\"og:title\" content=\"Resid\u00eancia M\u00e9dica SES-DF 2023: confira a rela\u00e7\u00e3o candidato\/vaga\" \/>\n<meta property=\"og:description\" content=\"Venha dar uma olhada na concorr\u00eancia para a sele\u00e7\u00e3o de resid\u00eancia m\u00e9dica da SES-DF 2023, preparada exclusivamente pelo Estrat\u00e9gia MED!\" \/>\n<meta property=\"og:url\" content=\"https:\/\/med.estrategia.com\/portal\/noticias\/residencia-medica-ses-df-2023-confira-a-relacao-candidato-vaga\/\" \/>\n<meta property=\"og:site_name\" content=\"Estrat\u00e9gia MED\" \/>\n<meta property=\"article:publisher\" content=\"https:\/\/www.facebook.com\/estrategiamed1\" \/>\n<meta property=\"article:published_time\" content=\"2022-12-07T15:03:20+00:00\" \/>\n<meta property=\"article:modified_time\" content=\"2022-12-14T13:07:11+00:00\" \/>\n<meta property=\"og:image\" content=\"https:\/\/cdn.medblog.estrategiaeducacional.com.br\/wp-content\/uploads\/2022\/12\/coverWP_publica_bgfoto_logo.jpg\" \/>\n\t<meta property=\"og:image:width\" content=\"1200\" \/>\n\t<meta property=\"og:image:height\" content=\"800\" \/>\n\t<meta property=\"og:image:type\" content=\"image\/jpeg\" \/>\n<meta name=\"author\" content=\"Ana Carolina Damasceno\" \/>\n<meta name=\"twitter:card\" content=\"summary_large_image\" \/>\n<meta name=\"twitter:creator\" content=\"@estrategiamed_\" \/>\n<meta name=\"twitter:site\" content=\"@estrategiamed_\" \/>\n<meta name=\"twitter:label1\" content=\"Escrito por\" \/>\n\t<meta name=\"twitter:data1\" content=\"Ana Carolina Damasceno\" \/>\n\t<meta name=\"twitter:label2\" content=\"Est. tempo de leitura\" \/>\n\t<meta name=\"twitter:data2\" content=\"3 minutos\" \/>\n<script type=\"application\/ld+json\" class=\"yoast-schema-graph\">{\"@context\":\"https:\/\/schema.org\",\"@graph\":[{\"@type\":\"WebPage\",\"@id\":\"https:\/\/med.estrategia.com\/portal\/noticias\/residencia-medica-ses-df-2023-confira-a-relacao-candidato-vaga\/\",\"url\":\"https:\/\/med.estrategia.com\/portal\/noticias\/residencia-medica-ses-df-2023-confira-a-relacao-candidato-vaga\/\",\"name\":\"Resid\u00eancia M\u00e9dica SES-DF 2023: confira a rela\u00e7\u00e3o candidato\/vaga\",\"isPartOf\":{\"@id\":\"https:\/\/med.estrategia.com\/portal\/#website\"},\"primaryImageOfPage\":{\"@id\":\"https:\/\/med.estrategia.com\/portal\/noticias\/residencia-medica-ses-df-2023-confira-a-relacao-candidato-vaga\/#primaryimage\"},\"image\":{\"@id\":\"https:\/\/med.estrategia.com\/portal\/noticias\/residencia-medica-ses-df-2023-confira-a-relacao-candidato-vaga\/#primaryimage\"},\"thumbnailUrl\":\"https:\/\/med.estrategia.com\/portal\/wp-content\/uploads\/2022\/12\/coverWP_publica_bgfoto_logo.jpg\",\"datePublished\":\"2022-12-07T15:03:20+00:00\",\"dateModified\":\"2022-12-14T13:07:11+00:00\",\"author\":{\"@id\":\"https:\/\/med.estrategia.com\/portal\/#\/schema\/person\/2f553adbb8e25fe39d145c5b2927f58c\"},\"description\":\"Venha dar uma olhada na concorr\u00eancia para a sele\u00e7\u00e3o de resid\u00eancia m\u00e9dica da SES-DF 2023, preparada exclusivamente pelo Estrat\u00e9gia MED!\",\"breadcrumb\":{\"@id\":\"https:\/\/med.estrategia.com\/portal\/noticias\/residencia-medica-ses-df-2023-confira-a-relacao-candidato-vaga\/#breadcrumb\"},\"inLanguage\":\"pt-BR\",\"potentialAction\":[{\"@type\":\"ReadAction\",\"target\":[\"https:\/\/med.estrategia.com\/portal\/noticias\/residencia-medica-ses-df-2023-confira-a-relacao-candidato-vaga\/\"]}]},{\"@type\":\"ImageObject\",\"inLanguage\":\"pt-BR\",\"@id\":\"https:\/\/med.estrategia.com\/portal\/noticias\/residencia-medica-ses-df-2023-confira-a-relacao-candidato-vaga\/#primaryimage\",\"url\":\"https:\/\/med.estrategia.com\/portal\/wp-content\/uploads\/2022\/12\/coverWP_publica_bgfoto_logo.jpg\",\"contentUrl\":\"https:\/\/med.estrategia.com\/portal\/wp-content\/uploads\/2022\/12\/coverWP_publica_bgfoto_logo.jpg\",\"width\":1200,\"height\":800,\"caption\":\"Cr\u00e9ditos: Estrat\u00e9gia MED e Governo de Bras\u00edlia\"},{\"@type\":\"BreadcrumbList\",\"@id\":\"https:\/\/med.estrategia.com\/portal\/noticias\/residencia-medica-ses-df-2023-confira-a-relacao-candidato-vaga\/#breadcrumb\",\"itemListElement\":[{\"@type\":\"ListItem\",\"position\":1,\"name\":\"Home\",\"item\":\"https:\/\/med.estrategia.com\/portal\/\"},{\"@type\":\"ListItem\",\"position\":2,\"name\":\"Not\u00edcias\",\"item\":\"https:\/\/med.estrategia.com\/portal\/noticias\/\"},{\"@type\":\"ListItem\",\"position\":3,\"name\":\"Resid\u00eancia M\u00e9dica SES-DF 2023: confira a rela\u00e7\u00e3o candidato\/vaga\"}]},{\"@type\":\"WebSite\",\"@id\":\"https:\/\/med.estrategia.com\/portal\/#website\",\"url\":\"https:\/\/med.estrategia.com\/portal\/\",\"name\":\"Estrat\u00e9gia MED\",\"description\":\"\",\"potentialAction\":[{\"@type\":\"SearchAction\",\"target\":{\"@type\":\"EntryPoint\",\"urlTemplate\":\"https:\/\/med.estrategia.com\/portal\/?s={search_term_string}\"},\"query-input\":{\"@type\":\"PropertyValueSpecification\",\"valueRequired\":true,\"valueName\":\"search_term_string\"}}],\"inLanguage\":\"pt-BR\"},{\"@type\":\"Person\",\"@id\":\"https:\/\/med.estrategia.com\/portal\/#\/schema\/person\/2f553adbb8e25fe39d145c5b2927f58c\",\"name\":\"Ana Carolina Damasceno\",\"image\":{\"@type\":\"ImageObject\",\"inLanguage\":\"pt-BR\",\"@id\":\"https:\/\/med.estrategia.com\/portal\/#\/schema\/person\/image\/\",\"url\":\"https:\/\/med.estrategia.com\/portal\/wp-content\/uploads\/2021\/09\/WhatsApp-Image-2023-08-18-at-16.46.43-150x150.jpeg\",\"contentUrl\":\"https:\/\/med.estrategia.com\/portal\/wp-content\/uploads\/2021\/09\/WhatsApp-Image-2023-08-18-at-16.46.43-150x150.jpeg\",\"caption\":\"Ana Carolina Damasceno\"},\"description\":\"Coordenadora de Jornalismo EMED. Comunicadora por natureza e forma\u00e7\u00e3o, que ama e perde a no\u00e7\u00e3o do tempo com m\u00fasica e s\u00e9rie.\",\"url\":\"https:\/\/med.estrategia.com\/portal\/author\/ana-carolina-damasceno\/\"}]}<\/script>\n<!-- \/ Yoast SEO Premium plugin. -->","yoast_head_json":{"title":"Resid\u00eancia M\u00e9dica SES-DF 2023: confira a rela\u00e7\u00e3o candidato\/vaga","description":"Venha dar uma olhada na concorr\u00eancia para a sele\u00e7\u00e3o de resid\u00eancia m\u00e9dica da SES-DF 2023, preparada exclusivamente pelo Estrat\u00e9gia MED!","robots":{"index":"index","follow":"follow","max-snippet":"max-snippet:-1","max-image-preview":"max-image-preview:large","max-video-preview":"max-video-preview:-1"},"canonical":"https:\/\/med.estrategia.com\/portal\/noticias\/residencia-medica-ses-df-2023-confira-a-relacao-candidato-vaga\/","og_locale":"pt_BR","og_type":"article","og_title":"Resid\u00eancia M\u00e9dica SES-DF 2023: confira a rela\u00e7\u00e3o candidato\/vaga","og_description":"Venha dar uma olhada na concorr\u00eancia para a sele\u00e7\u00e3o de resid\u00eancia m\u00e9dica da SES-DF 2023, preparada exclusivamente pelo Estrat\u00e9gia MED!","og_url":"https:\/\/med.estrategia.com\/portal\/noticias\/residencia-medica-ses-df-2023-confira-a-relacao-candidato-vaga\/","og_site_name":"Estrat\u00e9gia MED","article_publisher":"https:\/\/www.facebook.com\/estrategiamed1","article_published_time":"2022-12-07T15:03:20+00:00","article_modified_time":"2022-12-14T13:07:11+00:00","og_image":[{"width":1200,"height":800,"url":"https:\/\/cdn.medblog.estrategiaeducacional.com.br\/wp-content\/uploads\/2022\/12\/coverWP_publica_bgfoto_logo.jpg","type":"image\/jpeg"}],"author":"Ana Carolina Damasceno","twitter_card":"summary_large_image","twitter_creator":"@estrategiamed_","twitter_site":"@estrategiamed_","twitter_misc":{"Escrito por":"Ana Carolina Damasceno","Est. tempo de leitura":"3 minutos"},"schema":{"@context":"https:\/\/schema.org","@graph":[{"@type":"WebPage","@id":"https:\/\/med.estrategia.com\/portal\/noticias\/residencia-medica-ses-df-2023-confira-a-relacao-candidato-vaga\/","url":"https:\/\/med.estrategia.com\/portal\/noticias\/residencia-medica-ses-df-2023-confira-a-relacao-candidato-vaga\/","name":"Resid\u00eancia M\u00e9dica SES-DF 2023: confira a rela\u00e7\u00e3o candidato\/vaga","isPartOf":{"@id":"https:\/\/med.estrategia.com\/portal\/#website"},"primaryImageOfPage":{"@id":"https:\/\/med.estrategia.com\/portal\/noticias\/residencia-medica-ses-df-2023-confira-a-relacao-candidato-vaga\/#primaryimage"},"image":{"@id":"https:\/\/med.estrategia.com\/portal\/noticias\/residencia-medica-ses-df-2023-confira-a-relacao-candidato-vaga\/#primaryimage"},"thumbnailUrl":"https:\/\/med.estrategia.com\/portal\/wp-content\/uploads\/2022\/12\/coverWP_publica_bgfoto_logo.jpg","datePublished":"2022-12-07T15:03:20+00:00","dateModified":"2022-12-14T13:07:11+00:00","author":{"@id":"https:\/\/med.estrategia.com\/portal\/#\/schema\/person\/2f553adbb8e25fe39d145c5b2927f58c"},"description":"Venha dar uma olhada na concorr\u00eancia para a sele\u00e7\u00e3o de resid\u00eancia m\u00e9dica da SES-DF 2023, preparada exclusivamente pelo Estrat\u00e9gia MED!","breadcrumb":{"@id":"https:\/\/med.estrategia.com\/portal\/noticias\/residencia-medica-ses-df-2023-confira-a-relacao-candidato-vaga\/#breadcrumb"},"inLanguage":"pt-BR","potentialAction":[{"@type":"ReadAction","target":["https:\/\/med.estrategia.com\/portal\/noticias\/residencia-medica-ses-df-2023-confira-a-relacao-candidato-vaga\/"]}]},{"@type":"ImageObject","inLanguage":"pt-BR","@id":"https:\/\/med.estrategia.com\/portal\/noticias\/residencia-medica-ses-df-2023-confira-a-relacao-candidato-vaga\/#primaryimage","url":"https:\/\/med.estrategia.com\/portal\/wp-content\/uploads\/2022\/12\/coverWP_publica_bgfoto_logo.jpg","contentUrl":"https:\/\/med.estrategia.com\/portal\/wp-content\/uploads\/2022\/12\/coverWP_publica_bgfoto_logo.jpg","width":1200,"height":800,"caption":"Cr\u00e9ditos: Estrat\u00e9gia MED e Governo de Bras\u00edlia"},{"@type":"BreadcrumbList","@id":"https:\/\/med.estrategia.com\/portal\/noticias\/residencia-medica-ses-df-2023-confira-a-relacao-candidato-vaga\/#breadcrumb","itemListElement":[{"@type":"ListItem","position":1,"name":"Home","item":"https:\/\/med.estrategia.com\/portal\/"},{"@type":"ListItem","position":2,"name":"Not\u00edcias","item":"https:\/\/med.estrategia.com\/portal\/noticias\/"},{"@type":"ListItem","position":3,"name":"Resid\u00eancia M\u00e9dica SES-DF 2023: confira a rela\u00e7\u00e3o candidato\/vaga"}]},{"@type":"WebSite","@id":"https:\/\/med.estrategia.com\/portal\/#website","url":"https:\/\/med.estrategia.com\/portal\/","name":"Estrat\u00e9gia MED","description":"","potentialAction":[{"@type":"SearchAction","target":{"@type":"EntryPoint","urlTemplate":"https:\/\/med.estrategia.com\/portal\/?s={search_term_string}"},"query-input":{"@type":"PropertyValueSpecification","valueRequired":true,"valueName":"search_term_string"}}],"inLanguage":"pt-BR"},{"@type":"Person","@id":"https:\/\/med.estrategia.com\/portal\/#\/schema\/person\/2f553adbb8e25fe39d145c5b2927f58c","name":"Ana Carolina Damasceno","image":{"@type":"ImageObject","inLanguage":"pt-BR","@id":"https:\/\/med.estrategia.com\/portal\/#\/schema\/person\/image\/","url":"https:\/\/med.estrategia.com\/portal\/wp-content\/uploads\/2021\/09\/WhatsApp-Image-2023-08-18-at-16.46.43-150x150.jpeg","contentUrl":"https:\/\/med.estrategia.com\/portal\/wp-content\/uploads\/2021\/09\/WhatsApp-Image-2023-08-18-at-16.46.43-150x150.jpeg","caption":"Ana Carolina Damasceno"},"description":"Coordenadora de Jornalismo EMED. Comunicadora por natureza e forma\u00e7\u00e3o, que ama e perde a no\u00e7\u00e3o do tempo com m\u00fasica e s\u00e9rie.","url":"https:\/\/med.estrategia.com\/portal\/author\/ana-carolina-damasceno\/"}]}},"_wl_alt_label":[],"wl:entity_url":"\/post\/residencia-medica-ses-df-2023-confira-a-relacao-candidato-vaga","_links":{"self":[{"href":"https:\/\/med.estrategia.com\/portal\/wp-json\/wp\/v2\/posts\/31797","targetHints":{"allow":["GET"]}}],"collection":[{"href":"https:\/\/med.estrategia.com\/portal\/wp-json\/wp\/v2\/posts"}],"about":[{"href":"https:\/\/med.estrategia.com\/portal\/wp-json\/wp\/v2\/types\/post"}],"author":[{"embeddable":true,"href":"https:\/\/med.estrategia.com\/portal\/wp-json\/wp\/v2\/users\/39"}],"replies":[{"embeddable":true,"href":"https:\/\/med.estrategia.com\/portal\/wp-json\/wp\/v2\/comments?post=31797"}],"version-history":[{"count":3,"href":"https:\/\/med.estrategia.com\/portal\/wp-json\/wp\/v2\/posts\/31797\/revisions"}],"predecessor-version":[{"id":31944,"href":"https:\/\/med.estrategia.com\/portal\/wp-json\/wp\/v2\/posts\/31797\/revisions\/31944"}],"wp:featuredmedia":[{"embeddable":true,"href":"https:\/\/med.estrategia.com\/portal\/wp-json\/wp\/v2\/media\/31803"}],"wp:attachment":[{"href":"https:\/\/med.estrategia.com\/portal\/wp-json\/wp\/v2\/media?parent=31797"}],"wp:term":[{"taxonomy":"category","embeddable":true,"href":"https:\/\/med.estrategia.com\/portal\/wp-json\/wp\/v2\/categories?post=31797"},{"taxonomy":"post_tag","embeddable":true,"href":"https:\/\/med.estrategia.com\/portal\/wp-json\/wp\/v2\/tags?post=31797"},{"taxonomy":"wl_entity_type","embeddable":true,"href":"https:\/\/med.estrategia.com\/portal\/wp-json\/wp\/v2\/wl_entity_type?post=31797"}],"curies":[{"name":"wp","href":"https:\/\/api.w.org\/{rel}","templated":true}]}}