{"id":32725,"date":"2022-12-21T12:03:34","date_gmt":"2022-12-21T15:03:34","guid":{"rendered":"https:\/\/med.estrategia.com\/portal\/?p=32725"},"modified":"2023-01-11T10:47:05","modified_gmt":"2023-01-11T13:47:05","slug":"residencia-ses-pb-2023-edital","status":"publish","type":"post","link":"https:\/\/med.estrategia.com\/portal\/noticias\/residencia-ses-pb-2023-edital\/","title":{"rendered":"SES-PB 2023 seleciona para resid\u00eancia m\u00e9dica!"},"content":{"rendered":"<p>&nbsp;A <strong>Secretaria de Estado da Sa&uacute;de da Para&iacute;ba (SES-PB)<\/strong>, por meio da <strong>Escola de Sa&uacute;de P&uacute;blica da Para&iacute;ba (ESP-PB)<\/strong>, recebe inscri&ccedil;&otilde;es de candidatos a um dos seus 20 programas de resid&ecirc;ncia m&eacute;dica at&eacute; dia <strong>15 de janeiro de 2022<\/strong>. <p>O edital prev&ecirc; o preenchimento de<strong> 77 vagas de resid&ecirc;ncia<\/strong> <strong>m&eacute;dica<\/strong> em especialidades de Acesso Direto e Pr&eacute;-Requisito. As vagas est&atilde;o distribu&iacute;das em programas localizados em <strong>Jo&atilde;o Pessoa e em mais 21 munic&iacute;pios<\/strong> do estado da Para&iacute;ba. <\/p><div id=\"ez-toc-container\" class=\"ez-toc-v2_0_79_2 counter-hierarchy ez-toc-counter ez-toc-transparent ez-toc-container-direction\">\n<div class=\"ez-toc-title-container\"><p class=\"ez-toc-title\" style=\"cursor:inherit\">Navegue pelo conte\u00fado<\/p>\n<\/div><nav><ul class='ez-toc-list ez-toc-list-level-1 ' ><li class='ez-toc-page-1 ez-toc-heading-level-2'><a class=\"ez-toc-link ez-toc-heading-1\" href=\"https:\/\/med.estrategia.com\/portal\/noticias\/residencia-ses-pb-2023-edital\/#Resumo-Edital-SES-PB-2023\" >Resumo Edital SES-PB 2023<\/a><ul class='ez-toc-list-level-3' ><li class='ez-toc-heading-level-3'><a class=\"ez-toc-link ez-toc-heading-2\" href=\"https:\/\/med.estrategia.com\/portal\/noticias\/residencia-ses-pb-2023-edital\/#Inscreva-se-em-nossa-newsletter\" >Inscreva-se em nossa newsletter!<\/a><\/li><\/ul><\/li><li class='ez-toc-page-1 ez-toc-heading-level-2'><a class=\"ez-toc-link ez-toc-heading-3\" href=\"https:\/\/med.estrategia.com\/portal\/noticias\/residencia-ses-pb-2023-edital\/#Edital-SES-PB-2023\" >Edital SES-PB 2023<\/a><\/li><li class='ez-toc-page-1 ez-toc-heading-level-2'><a class=\"ez-toc-link ez-toc-heading-4\" href=\"https:\/\/med.estrategia.com\/portal\/noticias\/residencia-ses-pb-2023-edital\/#A-SES-PB\" >A SES-PB<\/a><\/li><\/ul><\/nav><\/div>\n<h2 class=\"wp-block-heading\" id=\"h-resumo-edital-ses-pb-2023\"><span class=\"ez-toc-section\" id=\"Resumo-Edital-SES-PB-2023\"><\/span>Resumo Edital SES-PB 2023<span class=\"ez-toc-section-end\"><\/span><\/h2><figure class=\"wp-block-table\"><table class=\"has-fixed-layout\"><tbody><tr><td class=\"has-text-align-center\" data-align=\"center\"><strong>Vagas ofertadas<\/strong><\/td><td class=\"has-text-align-center\" data-align=\"center\">77 (AD + PR)<\/td><\/tr><tr><td class=\"has-text-align-center\" data-align=\"center\"><strong>Institui&ccedil;&otilde;es<\/strong><\/td><td class=\"has-text-align-center\" data-align=\"center\">22<\/td><\/tr><tr><td class=\"has-text-align-center\" data-align=\"center\"><strong>Composi&ccedil;&atilde;o do processo seletivo<\/strong><\/td><td class=\"has-text-align-center\" data-align=\"center\">Prova Objetiva + Coeficiente de Rendimento Escolar<\/td><\/tr><tr><td class=\"has-text-align-center\" data-align=\"center\"><strong>Inscri&ccedil;&otilde;es<\/strong><\/td><td class=\"has-text-align-center\" data-align=\"center\">at&eacute; 15 de janeiro de 2023<\/td><\/tr><tr><td class=\"has-text-align-center\" data-align=\"center\"><strong>Taxa de inscri&ccedil;&atilde;o<\/strong><\/td><td class=\"has-text-align-center\" data-align=\"center\">R$400,00<\/td><\/tr><tr><td class=\"has-text-align-center\" data-align=\"center\"><strong>Prova<\/strong><\/td><td class=\"has-text-align-center\" data-align=\"center\">22\/01\/2023<\/td><\/tr><tr><td class=\"has-text-align-center\" data-align=\"center\"><strong>Gabarito preliminar<\/strong><\/td><td class=\"has-text-align-center\" data-align=\"center\">22\/01\/2023, a partir das 17h<\/td><\/tr><tr><td class=\"has-text-align-center\" data-align=\"center\"><strong>Recursos ao gabarito<\/strong><\/td><td class=\"has-text-align-center\" data-align=\"center\">23 e 24\/01\/2023<\/td><\/tr><tr><td class=\"has-text-align-center\" data-align=\"center\"><strong>Resultado dos recursos<\/strong><\/td><td class=\"has-text-align-center\" data-align=\"center\">26\/01\/2023<\/td><\/tr><tr><td class=\"has-text-align-center\" data-align=\"center\"><strong>Resultado preliminar<\/strong><\/td><td class=\"has-text-align-center\" data-align=\"center\">06\/02\/2023<\/td><\/tr><tr><td class=\"has-text-align-center\" data-align=\"center\"><strong>Recurso ao resultado preliminar<\/strong><\/td><td class=\"has-text-align-center\" data-align=\"center\">07 e 08\/02\/2023<\/td><\/tr><tr><td class=\"has-text-align-center\" data-align=\"center\"><strong>Resultado final<\/strong><\/td><td class=\"has-text-align-center\" data-align=\"center\">10\/02\/2023<\/td><\/tr><tr><td class=\"has-text-align-center\" data-align=\"center\"><strong>Matr&iacute;culas<\/strong><\/td><td class=\"has-text-align-center\" data-align=\"center\">14 a 15\/02\/2023<\/td><\/tr><tr><td class=\"has-text-align-center\" data-align=\"center\"><strong>In&iacute;cio dos programas<\/strong><\/td><td class=\"has-text-align-center\" data-align=\"center\">01\/03\/2023<\/td><\/tr><\/tbody><\/table><\/figure><p>Quer saber em detalhes tudo sobre o processo seletivo para resid&ecirc;ncia m&eacute;dica da SES-PB? <a href=\"https:\/\/med.estrategia.com\/portal\/residencia-medica\/ses-pb-residencia-medica\/\">Clique aqui e confira o texto exclusivo <\/a>que preparamos para auxiliar voc&ecirc; a entender como funciona a inscri&ccedil;&atilde;o, prova, institui&ccedil;&otilde;es aderentes, vagas ofertadas e mais da SES-PB 2023 para Resid&ecirc;ncia M&eacute;dica!&nbsp;<\/p><p>Quer ser o primeiro a receber informa&ccedil;&otilde;es sobre os editais 2023? Ent&atilde;o&nbsp;<a href=\"https:\/\/news.google.com\/search?q=estrat%C3%A9gia%20med&amp;hl=pt-BR&amp;gl=BR&amp;ceid=BR%3Apt-419\" target=\"_blank\">siga o Portal do Estrat&eacute;gia MED no Google News,<\/a>&nbsp;clicando na&nbsp;<strong>estrela do lado direito<\/strong>. Al&eacute;m disso, n&atilde;o deixe de assinar a nossa Newsletter para receber essas atualiza&ccedil;&otilde;es diretamente no seu e-mail:<\/p><p>\n\n\n<div id=\"new-form\">\n\t<form id=\"forms_layout\">\n\t<input type=\"hidden\" id=\"chave_de\" name=\"chave_de\" value=\"01_EMED_LEADS_TOTAIS\" \/>\n\t\t<input type=\"hidden\" id=\"mid\" name=\"mid\" value=\"515009018\" \/>\n\t\t<input type=\"hidden\" id=\"Objetivo\" name=\"Objetivo\" value=\"Medicina\" \/>\n\t\t<input type=\"hidden\" id=\"Estado_de_Origem_do_IP\" name=\"Estado_de_Origem_do_IP\"  value=\"\" \/>\n\t\t<input type=\"hidden\" id=\"Cidade_de_Origem_do_IP\" name=\"Cidade_de_Origem_do_IP\" value=\"\" \/>\n\t\t<input type=\"hidden\" id=\"Modo_de_entrada\" name=\"Modo_de_entrada\" value=\"Portal\" \/>\n\t\t<input type=\"hidden\" id=\"Pagina_Origem\" name=\"Pagina_Origem\" value=\"\" \/>\n\n\t\t<div class=\"texto\">\n\t\t\t<h3 class=\"news\"><span class=\"ez-toc-section\" id=\"Inscreva-se-em-nossa-newsletter\"><\/span>Inscreva-se em nossa newsletter!<span class=\"ez-toc-section-end\"><\/span><\/h3>\n\t\t\t<p>Receba not\u00edcias sobre resid\u00eancia m\u00e9dica, revalida\u00e7\u00e3o de diplomas e concursos m\u00e9dicos, al\u00e9m de materiais de estudo gratuitos e informa\u00e7\u00f5es relevantes do mundo da Medicina.<\/p>\n\t\t<\/div>\n\t\t<div class=\"campos\">\n\t\t\t<div class=\"first_name labels\">\n\t\t\t\t<input type=\"text\" class=\"input_labels\" id=\"first_name\" name=\"Nome_Completo\" placeholder=\"Nome\" required \/>\n\t\t\t<\/div>\n\t\t\t<div class=\"email labels\">\n\t\t\t\t<input type=\"email\" class=\"input_labels\" id=\"email\" name=\"Email\" placeholder=\"E-mail\" required \/>\n\t\t\t<\/div>\n\t\t\t<button type=\"submit\" class=\"button_layout\">\n\t\t\t\t<div id=\"lblBotao\">Inscreva-se<\/div>\n\t\t\t\t<span id=\"divSpiner\" class=\"loader\" role=\"status\" style=\"display: none;\"><\/span>\t\n\t\t\t<\/button>\n\t\t<\/div><!-- \/campos -->\n\t\t\n\t\t<label class=\"container_checkbox\">Voc\u00ea concorda com a nossa\n\t\t\t<a class=\"politics_privacy_ahref\" target=\"_blank\" href=\"https:\/\/gratis.estrategiaconcursos.com.br\/politica-de-privacidade\/\">Pol\u00edtica de Privacidade<\/a> e aceita receber informa\u00e7\u00f5es adicionais do Estrat\u00e9gia Educacional.\n\t\t\t<input id=\"checkbox_layout\" type=\"checkbox\" checked=\"checked\" required \/>\n\t\t\t<span class=\"checkbox\"><\/span>\n\t\t<\/label>\n\t\t<div id=\"msg\"><\/div>\n\t\t<div id=\"error\" class=\"error\">\n\t\t<\/div>\n\t<\/form>\n<\/div><!-- \/new-form -->\n\n\n\n<\/p><h2 class=\"wp-block-heading\" id=\"h-edital-ses-pb-2023\"><span class=\"ez-toc-section\" id=\"Edital-SES-PB-2023\"><\/span>Edital SES-PB 2023<span class=\"ez-toc-section-end\"><\/span><\/h2><p>O edital de sele&ccedil;&atilde;o para resid&ecirc;ncia m&eacute;dica da SES-PB, com ingresso em 2023, j&aacute; est&aacute; dispon&iacute;vel para consulta. Confira o documento clicando no bot&atilde;o abaixo:<\/p><div class=\"wp-block-buttons is-horizontal is-content-justification-center is-layout-flex wp-container-core-buttons-is-layout-1 wp-block-buttons-is-layout-flex\">\n<div class=\"wp-block-button\"><a class=\"wp-block-button__link wp-element-button\" href=\"https:\/\/med.estrategia.com\/portal\/wp-content\/uploads\/2022\/12\/EditalCOREMESESPB2023.pdf\" target=\"_blank\">Edital SES-PB 2023<\/a><\/div>\n<\/div><h2 class=\"wp-block-heading\" id=\"h-a-ses-pb\"><span class=\"ez-toc-section\" id=\"A-SES-PB\"><\/span>A SES-PB <span class=\"ez-toc-section-end\"><\/span><\/h2><p>A Secretaria Estadual de Sa&uacute;de da Para&iacute;ba, conhecida pela sigla&nbsp;SES-PB, oferece&nbsp;77 vagas&nbsp;para o programa de&nbsp;<a href=\"https:\/\/med.estrategia.com\/portal\/entidade\/residencia-medica\/\">Resid&ecirc;ncia M&eacute;dica<\/a>&nbsp;de 2023. Elas est&atilde;o distribu&iacute;das pela capital, Jo&atilde;o Pessoa e em mais 21 munic&iacute;pios do estado da Para&iacute;ba.<\/p><p>Para o processo seletivo deste ano, com ingresso dos residentes em 2023, a SES-PB oferta vagas em especialidades de acesso direto e com pr&eacute;-requisito. <a href=\"https:\/\/med.estrategia.com\/portal\/residencia-medica\/ses-pb-residencia-medica\/\" target=\"_blank\">Clique aqui<\/a> e confira a distribui&ccedil;&atilde;o das vagas, institui&ccedil;&otilde;es participantes, al&eacute;m de mais informa&ccedil;&otilde;es sobre a sele&ccedil;&atilde;o!&nbsp;<\/p><p>Quer saber ainda mais? Dispomos abaixo alguns artigos que podem ser &uacute;teis na hora de se preparar para a sele&ccedil;&atilde;o que vem a&iacute;. N&atilde;o deixe de conferir!<\/p><p class=\"wp-block-verse\">Para ter o edital totalmente explicado e informa&ccedil;&otilde;es detalhadas sobre o processo seletivo: <a href=\"https:\/\/med.estrategia.com\/portal\/residencia-medica\/ses-pb-residencia-medica\/\" target=\"_blank\">SES-PB Resid&ecirc;ncia M&eacute;dica 2022: edital, vagas, datas e mais!<\/a><\/p><p class=\"wp-block-verse\">Para n&atilde;o perder nenhuma atualiza&ccedil;&atilde;o no universo da medicina e ficar por dentro dos seletivos de Resid&ecirc;ncia M&eacute;dica, de revalida&ccedil;&atilde;o de diplomas e conte&uacute;dos t&eacute;cnicos, continue acessando o <a href=\"https:\/\/med.estrategia.com\/portal\/\" target=\"_blank\">Portal do Estrat&eacute;gia MED<\/a>!&nbsp;<\/p><p>\n\n\n\n\n\n<a id=\"cta\" class=\"cta-imagem\" href=\"https:\/\/med.estrategia.com\/curso\/banco-de-questes-resumos-estrategicos-anual\/\" target=\"blank\">\n                <img decoding=\"async\" width=\"100%\" src=\"https:\/\/med.estrategia.com\/portal\/wp-content\/uploads\/2025\/08\/banco_questoes.png\" alt=\"banco_questoes\" title=\"banco_questoes\">\n        <\/a>\n\n\n\n<\/p><p><\/p><\/p>\n","protected":false},"excerpt":{"rendered":"O edital da edi\u00e7\u00e3o 2023 do processo seletivo de Resid\u00eancia M\u00e9dica da Secretaria de Estado de Sa\u00fade da Para\u00edba (SES-PB) seleciona residentes m\u00e9dicos em 20 especialidades e recebe inscri\u00e7\u00f5es at\u00e9 dia 8 de janeiro de 2023. \n","protected":false},"author":28,"featured_media":32731,"comment_status":"closed","ping_status":"closed","sticky":false,"template":"","format":"standard","meta":{"wl_entities_gutenberg":"","footnotes":""},"categories":[300],"tags":[],"wl_entity_type":[199],"class_list":{"0":"post-32725","1":"post","2":"type-post","3":"status-publish","4":"format-standard","5":"has-post-thumbnail","7":"category-noticias","8":"wl_entity_type-article"},"acf":[],"yoast_head":"<!-- This site is optimized with the Yoast SEO Premium plugin v26.6 (Yoast SEO v26.6) - https:\/\/yoast.com\/wordpress\/plugins\/seo\/ -->\n<title>SES-PB 2023 seleciona para resid\u00eancia m\u00e9dica!<\/title>\n<meta name=\"description\" content=\"Saiba mais sobre o processo seletivo de resid\u00eancia m\u00e9dica da Secretaria de Estado de Sa\u00fade da Para\u00edba (SES-PB) 2023!\" \/>\n<meta name=\"robots\" content=\"index, follow, max-snippet:-1, max-image-preview:large, max-video-preview:-1\" \/>\n<link rel=\"canonical\" href=\"https:\/\/med.estrategia.com\/portal\/noticias\/residencia-ses-pb-2023-edital\/\" \/>\n<meta property=\"og:locale\" content=\"pt_BR\" \/>\n<meta property=\"og:type\" content=\"article\" \/>\n<meta property=\"og:title\" content=\"SES-PB 2023 seleciona para resid\u00eancia m\u00e9dica!\" \/>\n<meta property=\"og:description\" content=\"Saiba mais sobre o processo seletivo de resid\u00eancia m\u00e9dica da Secretaria de Estado de Sa\u00fade da Para\u00edba (SES-PB) 2023!\" \/>\n<meta property=\"og:url\" content=\"https:\/\/med.estrategia.com\/portal\/noticias\/residencia-ses-pb-2023-edital\/\" \/>\n<meta property=\"og:site_name\" content=\"Estrat\u00e9gia MED\" \/>\n<meta property=\"article:publisher\" content=\"https:\/\/www.facebook.com\/estrategiamed1\" \/>\n<meta property=\"article:published_time\" content=\"2022-12-21T15:03:34+00:00\" \/>\n<meta property=\"article:modified_time\" content=\"2023-01-11T13:47:05+00:00\" \/>\n<meta property=\"og:image\" content=\"https:\/\/cdn.medblog.estrategiaeducacional.com.br\/wp-content\/uploads\/2022\/12\/coverWP_publica_bgfoto_logo-2.jpg\" \/>\n\t<meta property=\"og:image:width\" content=\"1200\" \/>\n\t<meta property=\"og:image:height\" content=\"800\" \/>\n\t<meta property=\"og:image:type\" content=\"image\/jpeg\" \/>\n<meta name=\"author\" content=\"Mara Rodrigues\" \/>\n<meta name=\"twitter:card\" content=\"summary_large_image\" \/>\n<meta name=\"twitter:creator\" content=\"@estrategiamed_\" \/>\n<meta name=\"twitter:site\" content=\"@estrategiamed_\" \/>\n<meta name=\"twitter:label1\" content=\"Escrito por\" \/>\n\t<meta name=\"twitter:data1\" content=\"Mara Rodrigues\" \/>\n\t<meta name=\"twitter:label2\" content=\"Est. tempo de leitura\" \/>\n\t<meta name=\"twitter:data2\" content=\"2 minutos\" \/>\n<script type=\"application\/ld+json\" class=\"yoast-schema-graph\">{\"@context\":\"https:\/\/schema.org\",\"@graph\":[{\"@type\":\"WebPage\",\"@id\":\"https:\/\/med.estrategia.com\/portal\/noticias\/residencia-ses-pb-2023-edital\/\",\"url\":\"https:\/\/med.estrategia.com\/portal\/noticias\/residencia-ses-pb-2023-edital\/\",\"name\":\"SES-PB 2023 seleciona para resid\u00eancia m\u00e9dica!\",\"isPartOf\":{\"@id\":\"https:\/\/med.estrategia.com\/portal\/#website\"},\"primaryImageOfPage\":{\"@id\":\"https:\/\/med.estrategia.com\/portal\/noticias\/residencia-ses-pb-2023-edital\/#primaryimage\"},\"image\":{\"@id\":\"https:\/\/med.estrategia.com\/portal\/noticias\/residencia-ses-pb-2023-edital\/#primaryimage\"},\"thumbnailUrl\":\"https:\/\/med.estrategia.com\/portal\/wp-content\/uploads\/2022\/12\/coverWP_publica_bgfoto_logo-2.jpg\",\"datePublished\":\"2022-12-21T15:03:34+00:00\",\"dateModified\":\"2023-01-11T13:47:05+00:00\",\"author\":{\"@id\":\"https:\/\/med.estrategia.com\/portal\/#\/schema\/person\/470bd4c35f40db00b82b142e61897777\"},\"description\":\"Saiba mais sobre o processo seletivo de resid\u00eancia m\u00e9dica da Secretaria de Estado de Sa\u00fade da Para\u00edba (SES-PB) 2023!\",\"breadcrumb\":{\"@id\":\"https:\/\/med.estrategia.com\/portal\/noticias\/residencia-ses-pb-2023-edital\/#breadcrumb\"},\"inLanguage\":\"pt-BR\",\"potentialAction\":[{\"@type\":\"ReadAction\",\"target\":[\"https:\/\/med.estrategia.com\/portal\/noticias\/residencia-ses-pb-2023-edital\/\"]}]},{\"@type\":\"ImageObject\",\"inLanguage\":\"pt-BR\",\"@id\":\"https:\/\/med.estrategia.com\/portal\/noticias\/residencia-ses-pb-2023-edital\/#primaryimage\",\"url\":\"https:\/\/med.estrategia.com\/portal\/wp-content\/uploads\/2022\/12\/coverWP_publica_bgfoto_logo-2.jpg\",\"contentUrl\":\"https:\/\/med.estrategia.com\/portal\/wp-content\/uploads\/2022\/12\/coverWP_publica_bgfoto_logo-2.jpg\",\"width\":1200,\"height\":800,\"caption\":\"Edital 2023 Escola de Sa\u00fade P\u00fablica da Para\u00edba SES-PB\"},{\"@type\":\"BreadcrumbList\",\"@id\":\"https:\/\/med.estrategia.com\/portal\/noticias\/residencia-ses-pb-2023-edital\/#breadcrumb\",\"itemListElement\":[{\"@type\":\"ListItem\",\"position\":1,\"name\":\"Home\",\"item\":\"https:\/\/med.estrategia.com\/portal\/\"},{\"@type\":\"ListItem\",\"position\":2,\"name\":\"Not\u00edcias\",\"item\":\"https:\/\/med.estrategia.com\/portal\/noticias\/\"},{\"@type\":\"ListItem\",\"position\":3,\"name\":\"SES-PB 2023 seleciona para resid\u00eancia m\u00e9dica!\"}]},{\"@type\":\"WebSite\",\"@id\":\"https:\/\/med.estrategia.com\/portal\/#website\",\"url\":\"https:\/\/med.estrategia.com\/portal\/\",\"name\":\"Estrat\u00e9gia MED\",\"description\":\"\",\"potentialAction\":[{\"@type\":\"SearchAction\",\"target\":{\"@type\":\"EntryPoint\",\"urlTemplate\":\"https:\/\/med.estrategia.com\/portal\/?s={search_term_string}\"},\"query-input\":{\"@type\":\"PropertyValueSpecification\",\"valueRequired\":true,\"valueName\":\"search_term_string\"}}],\"inLanguage\":\"pt-BR\"},{\"@type\":\"Person\",\"@id\":\"https:\/\/med.estrategia.com\/portal\/#\/schema\/person\/470bd4c35f40db00b82b142e61897777\",\"name\":\"Mara Rodrigues\",\"image\":{\"@type\":\"ImageObject\",\"inLanguage\":\"pt-BR\",\"@id\":\"https:\/\/med.estrategia.com\/portal\/#\/schema\/person\/image\/\",\"url\":\"https:\/\/secure.gravatar.com\/avatar\/1a6bd78dce825b7052223bd3cf65790d?s=96&d=mm&r=g\",\"contentUrl\":\"https:\/\/secure.gravatar.com\/avatar\/1a6bd78dce825b7052223bd3cf65790d?s=96&d=mm&r=g\",\"caption\":\"Mara Rodrigues\"},\"description\":\"Cientista Social e Mestre em Filosofia (Estudos Culturais). Pesquisadora dos temas Sa\u00fade e Meio Ambiente, Ci\u00eancias Sociais e Sa\u00fade, Educa\u00e7\u00e3o M\u00e9dica e Pol\u00edticas P\u00fablicas em Sa\u00fade.\",\"sameAs\":[\"https:\/\/www.linkedin.com\/in\/jocimara\/\"],\"url\":\"https:\/\/med.estrategia.com\/portal\/author\/jocimara-souza\/\"}]}<\/script>\n<!-- \/ Yoast SEO Premium plugin. -->","yoast_head_json":{"title":"SES-PB 2023 seleciona para resid\u00eancia m\u00e9dica!","description":"Saiba mais sobre o processo seletivo de resid\u00eancia m\u00e9dica da Secretaria de Estado de Sa\u00fade da Para\u00edba (SES-PB) 2023!","robots":{"index":"index","follow":"follow","max-snippet":"max-snippet:-1","max-image-preview":"max-image-preview:large","max-video-preview":"max-video-preview:-1"},"canonical":"https:\/\/med.estrategia.com\/portal\/noticias\/residencia-ses-pb-2023-edital\/","og_locale":"pt_BR","og_type":"article","og_title":"SES-PB 2023 seleciona para resid\u00eancia m\u00e9dica!","og_description":"Saiba mais sobre o processo seletivo de resid\u00eancia m\u00e9dica da Secretaria de Estado de Sa\u00fade da Para\u00edba (SES-PB) 2023!","og_url":"https:\/\/med.estrategia.com\/portal\/noticias\/residencia-ses-pb-2023-edital\/","og_site_name":"Estrat\u00e9gia MED","article_publisher":"https:\/\/www.facebook.com\/estrategiamed1","article_published_time":"2022-12-21T15:03:34+00:00","article_modified_time":"2023-01-11T13:47:05+00:00","og_image":[{"width":1200,"height":800,"url":"https:\/\/cdn.medblog.estrategiaeducacional.com.br\/wp-content\/uploads\/2022\/12\/coverWP_publica_bgfoto_logo-2.jpg","type":"image\/jpeg"}],"author":"Mara Rodrigues","twitter_card":"summary_large_image","twitter_creator":"@estrategiamed_","twitter_site":"@estrategiamed_","twitter_misc":{"Escrito por":"Mara Rodrigues","Est. tempo de leitura":"2 minutos"},"schema":{"@context":"https:\/\/schema.org","@graph":[{"@type":"WebPage","@id":"https:\/\/med.estrategia.com\/portal\/noticias\/residencia-ses-pb-2023-edital\/","url":"https:\/\/med.estrategia.com\/portal\/noticias\/residencia-ses-pb-2023-edital\/","name":"SES-PB 2023 seleciona para resid\u00eancia m\u00e9dica!","isPartOf":{"@id":"https:\/\/med.estrategia.com\/portal\/#website"},"primaryImageOfPage":{"@id":"https:\/\/med.estrategia.com\/portal\/noticias\/residencia-ses-pb-2023-edital\/#primaryimage"},"image":{"@id":"https:\/\/med.estrategia.com\/portal\/noticias\/residencia-ses-pb-2023-edital\/#primaryimage"},"thumbnailUrl":"https:\/\/med.estrategia.com\/portal\/wp-content\/uploads\/2022\/12\/coverWP_publica_bgfoto_logo-2.jpg","datePublished":"2022-12-21T15:03:34+00:00","dateModified":"2023-01-11T13:47:05+00:00","author":{"@id":"https:\/\/med.estrategia.com\/portal\/#\/schema\/person\/470bd4c35f40db00b82b142e61897777"},"description":"Saiba mais sobre o processo seletivo de resid\u00eancia m\u00e9dica da Secretaria de Estado de Sa\u00fade da Para\u00edba (SES-PB) 2023!","breadcrumb":{"@id":"https:\/\/med.estrategia.com\/portal\/noticias\/residencia-ses-pb-2023-edital\/#breadcrumb"},"inLanguage":"pt-BR","potentialAction":[{"@type":"ReadAction","target":["https:\/\/med.estrategia.com\/portal\/noticias\/residencia-ses-pb-2023-edital\/"]}]},{"@type":"ImageObject","inLanguage":"pt-BR","@id":"https:\/\/med.estrategia.com\/portal\/noticias\/residencia-ses-pb-2023-edital\/#primaryimage","url":"https:\/\/med.estrategia.com\/portal\/wp-content\/uploads\/2022\/12\/coverWP_publica_bgfoto_logo-2.jpg","contentUrl":"https:\/\/med.estrategia.com\/portal\/wp-content\/uploads\/2022\/12\/coverWP_publica_bgfoto_logo-2.jpg","width":1200,"height":800,"caption":"Edital 2023 Escola de Sa\u00fade P\u00fablica da Para\u00edba SES-PB"},{"@type":"BreadcrumbList","@id":"https:\/\/med.estrategia.com\/portal\/noticias\/residencia-ses-pb-2023-edital\/#breadcrumb","itemListElement":[{"@type":"ListItem","position":1,"name":"Home","item":"https:\/\/med.estrategia.com\/portal\/"},{"@type":"ListItem","position":2,"name":"Not\u00edcias","item":"https:\/\/med.estrategia.com\/portal\/noticias\/"},{"@type":"ListItem","position":3,"name":"SES-PB 2023 seleciona para resid\u00eancia m\u00e9dica!"}]},{"@type":"WebSite","@id":"https:\/\/med.estrategia.com\/portal\/#website","url":"https:\/\/med.estrategia.com\/portal\/","name":"Estrat\u00e9gia MED","description":"","potentialAction":[{"@type":"SearchAction","target":{"@type":"EntryPoint","urlTemplate":"https:\/\/med.estrategia.com\/portal\/?s={search_term_string}"},"query-input":{"@type":"PropertyValueSpecification","valueRequired":true,"valueName":"search_term_string"}}],"inLanguage":"pt-BR"},{"@type":"Person","@id":"https:\/\/med.estrategia.com\/portal\/#\/schema\/person\/470bd4c35f40db00b82b142e61897777","name":"Mara Rodrigues","image":{"@type":"ImageObject","inLanguage":"pt-BR","@id":"https:\/\/med.estrategia.com\/portal\/#\/schema\/person\/image\/","url":"https:\/\/secure.gravatar.com\/avatar\/1a6bd78dce825b7052223bd3cf65790d?s=96&d=mm&r=g","contentUrl":"https:\/\/secure.gravatar.com\/avatar\/1a6bd78dce825b7052223bd3cf65790d?s=96&d=mm&r=g","caption":"Mara Rodrigues"},"description":"Cientista Social e Mestre em Filosofia (Estudos Culturais). Pesquisadora dos temas Sa\u00fade e Meio Ambiente, Ci\u00eancias Sociais e Sa\u00fade, Educa\u00e7\u00e3o M\u00e9dica e Pol\u00edticas P\u00fablicas em Sa\u00fade.","sameAs":["https:\/\/www.linkedin.com\/in\/jocimara\/"],"url":"https:\/\/med.estrategia.com\/portal\/author\/jocimara-souza\/"}]}},"_wl_alt_label":[],"wl:entity_url":"\/post\/residencia-ses-pb-2023-edital","_links":{"self":[{"href":"https:\/\/med.estrategia.com\/portal\/wp-json\/wp\/v2\/posts\/32725","targetHints":{"allow":["GET"]}}],"collection":[{"href":"https:\/\/med.estrategia.com\/portal\/wp-json\/wp\/v2\/posts"}],"about":[{"href":"https:\/\/med.estrategia.com\/portal\/wp-json\/wp\/v2\/types\/post"}],"author":[{"embeddable":true,"href":"https:\/\/med.estrategia.com\/portal\/wp-json\/wp\/v2\/users\/28"}],"replies":[{"embeddable":true,"href":"https:\/\/med.estrategia.com\/portal\/wp-json\/wp\/v2\/comments?post=32725"}],"version-history":[{"count":6,"href":"https:\/\/med.estrategia.com\/portal\/wp-json\/wp\/v2\/posts\/32725\/revisions"}],"predecessor-version":[{"id":33532,"href":"https:\/\/med.estrategia.com\/portal\/wp-json\/wp\/v2\/posts\/32725\/revisions\/33532"}],"wp:featuredmedia":[{"embeddable":true,"href":"https:\/\/med.estrategia.com\/portal\/wp-json\/wp\/v2\/media\/32731"}],"wp:attachment":[{"href":"https:\/\/med.estrategia.com\/portal\/wp-json\/wp\/v2\/media?parent=32725"}],"wp:term":[{"taxonomy":"category","embeddable":true,"href":"https:\/\/med.estrategia.com\/portal\/wp-json\/wp\/v2\/categories?post=32725"},{"taxonomy":"post_tag","embeddable":true,"href":"https:\/\/med.estrategia.com\/portal\/wp-json\/wp\/v2\/tags?post=32725"},{"taxonomy":"wl_entity_type","embeddable":true,"href":"https:\/\/med.estrategia.com\/portal\/wp-json\/wp\/v2\/wl_entity_type?post=32725"}],"curies":[{"name":"wp","href":"https:\/\/api.w.org\/{rel}","templated":true}]}}