{"id":32958,"date":"2022-12-28T14:55:40","date_gmt":"2022-12-28T17:55:40","guid":{"rendered":"https:\/\/med.estrategia.com\/portal\/?p=32958"},"modified":"2023-01-04T12:20:10","modified_gmt":"2023-01-04T15:20:10","slug":"ufcspa-divulga-resultado-final-da-selecao-de-residencia-medica-2023","status":"publish","type":"post","link":"https:\/\/med.estrategia.com\/portal\/noticias\/ufcspa-divulga-resultado-final-da-selecao-de-residencia-medica-2023\/","title":{"rendered":"UFCSPA divulga resultado final da sele\u00e7\u00e3o de Resid\u00eancia M\u00e9dica 2023"},"content":{"rendered":"<p>Foi publicado nesta quarta-feira (28) o <strong>resultado final, junto &agrave; convoca&ccedil;&atilde;o para matr&iacute;cula em primeira chamada,<\/strong> do processo seletivo de resid&ecirc;ncia m&eacute;dica da <strong>Universidade Federal de Ci&ecirc;ncias da Sa&uacute;de de Porto Alegre (UFCSPA)<\/strong>. Confira o resultado e a convoca&ccedil;&atilde;o abaixo:<div class=\"wp-block-buttons is-content-justification-center is-layout-flex wp-container-core-buttons-is-layout-1 wp-block-buttons-is-layout-flex\">\n<div class=\"wp-block-button\"><a class=\"wp-block-button__link wp-element-button\" href=\"https:\/\/med.estrategia.com\/portal\/wp-content\/uploads\/2022\/12\/Resultado-final-e-convocacao-para-matricula_COREME-UFCSPA-ISCMPA-2023.pdf\" target=\"_blank\"><strong>RESULTADO FINAL UFCSPA 2023<\/strong><\/a><\/div>\n<\/div><p>Os candidatos convocados em primeira chamada ter&atilde;o entre os dias 29 e 30 de dezembro de 2022 para efetuar a matr&iacute;cula, seguindo as exig&ecirc;ncias do edital.<\/p><p>A <strong>nota final<\/strong> da sele&ccedil;&atilde;o para resid&ecirc;ncia m&eacute;dica <strong>foi obtida pela soma da pontua&ccedil;&atilde;o obtida nas duas fases aplicadas<\/strong>. Para os candidatos inscritos nas especialidades de <strong>Acesso Direto<\/strong>, houve a possibilidade de garantir uma <strong>bonifica&ccedil;&atilde;o<\/strong> referente &agrave; participa&ccedil;&atilde;o nos programas <strong>PROVAB e PRMGFC<\/strong> que precisou ser comprovada no ato de inscri&ccedil;&atilde;o. <br><br>Em casos de empate, os seguintes crit&eacute;rios foram utilizados:<\/p><ol class=\"wp-block-list\">\n<li>Maior n&uacute;mero de pontos na 1&ordf; etapa;&nbsp;<\/li>\n\n\n\n<li>Maior idade; ou<\/li>\n\n\n\n<li>Sorteio p&uacute;blico (caso o empate persista).<\/li>\n<\/ol><p>\n\n\n<div id=\"new-form\">\n\t<form id=\"forms_layout\">\n\t<input type=\"hidden\" id=\"chave_de\" name=\"chave_de\" value=\"01_EMED_LEADS_TOTAIS\" \/>\n\t\t<input type=\"hidden\" id=\"mid\" name=\"mid\" value=\"515009018\" \/>\n\t\t<input type=\"hidden\" id=\"Objetivo\" name=\"Objetivo\" value=\"Medicina\" \/>\n\t\t<input type=\"hidden\" id=\"Estado_de_Origem_do_IP\" name=\"Estado_de_Origem_do_IP\"  value=\"\" \/>\n\t\t<input type=\"hidden\" id=\"Cidade_de_Origem_do_IP\" name=\"Cidade_de_Origem_do_IP\" value=\"\" \/>\n\t\t<input type=\"hidden\" id=\"Modo_de_entrada\" name=\"Modo_de_entrada\" value=\"Portal\" \/>\n\t\t<input type=\"hidden\" id=\"Pagina_Origem\" name=\"Pagina_Origem\" value=\"\" \/>\n\n\t\t<div class=\"texto\">\n\t\t\t<h3 class=\"news\">Inscreva-se em nossa newsletter!<\/h3>\n\t\t\t<p>Receba not\u00edcias sobre resid\u00eancia m\u00e9dica, revalida\u00e7\u00e3o de diplomas e concursos m\u00e9dicos, al\u00e9m de materiais de estudo gratuitos e informa\u00e7\u00f5es relevantes do mundo da Medicina.<\/p>\n\t\t<\/div>\n\t\t<div class=\"campos\">\n\t\t\t<div class=\"first_name labels\">\n\t\t\t\t<input type=\"text\" class=\"input_labels\" id=\"first_name\" name=\"Nome_Completo\" placeholder=\"Nome\" required \/>\n\t\t\t<\/div>\n\t\t\t<div class=\"email labels\">\n\t\t\t\t<input type=\"email\" class=\"input_labels\" id=\"email\" name=\"Email\" placeholder=\"E-mail\" required \/>\n\t\t\t<\/div>\n\t\t\t<button type=\"submit\" class=\"button_layout\">\n\t\t\t\t<div id=\"lblBotao\">Inscreva-se<\/div>\n\t\t\t\t<span id=\"divSpiner\" class=\"loader\" role=\"status\" style=\"display: none;\"><\/span>\t\n\t\t\t<\/button>\n\t\t<\/div><!-- \/campos -->\n\t\t\n\t\t<label class=\"container_checkbox\">Voc\u00ea concorda com a nossa\n\t\t\t<a class=\"politics_privacy_ahref\" target=\"_blank\" href=\"https:\/\/gratis.estrategiaconcursos.com.br\/politica-de-privacidade\/\">Pol\u00edtica de Privacidade<\/a> e aceita receber informa\u00e7\u00f5es adicionais do Estrat\u00e9gia Educacional.\n\t\t\t<input id=\"checkbox_layout\" type=\"checkbox\" checked=\"checked\" required \/>\n\t\t\t<span class=\"checkbox\"><\/span>\n\t\t<\/label>\n\t\t<div id=\"msg\"><\/div>\n\t\t<div id=\"error\" class=\"error\">\n\t\t<\/div>\n\t<\/form>\n<\/div><!-- \/new-form -->\n\n\n\n<\/p><h2 class=\"wp-block-heading\" id=\"h-processo-seletivo-ufcspa-2023\">Processo Seletivo UFCSPA 2023<\/h2><p>O processo seletivo de resid&ecirc;ncia m&eacute;dica da UFCSPA foi composto por <strong>duas etapas<\/strong>. <br><br>A primeira delas contou com a aplica&ccedil;&atilde;o de uma <strong>prova objetiva para todos os candidatos inscritos, valendo 90 pontos<\/strong>, nas cidades de Porto Alegre e S&atilde;o Paulo no dia <strong>5 de novembro de 2022. <\/strong><\/p><p>J&aacute; a segunda etapa da sele&ccedil;&atilde;o, composta pela <strong>an&aacute;lise curricular,<\/strong> teve a <strong>participa&ccedil;&atilde;o dos candidatos que alcan&ccedil;aram, no m&iacute;nimo, 50% de acertos na prova objetiva<\/strong>. A apresenta&ccedil;&atilde;o dos curr&iacute;culos para essa etapa aconteceu <strong>entre os dias 22 e 24 de novembro de 2022<\/strong>.<\/p><p>Quer mais detalhes sobre o processo seletivo para ingresso nos programas de resid&ecirc;ncia m&eacute;dica da UFCSPA? Confira os materiais que preparamos com informa&ccedil;&otilde;es sobre as etapas da sele&ccedil;&atilde;o, distribui&ccedil;&atilde;o de vagas e mais!<\/p><div class=\"wp-block-buttons is-content-justification-center is-layout-flex wp-container-core-buttons-is-layout-2 wp-block-buttons-is-layout-flex\">\n<div class=\"wp-block-button\"><a class=\"wp-block-button__link wp-element-button\" href=\"https:\/\/med.estrategia.com\/portal\/residencia-medica\/ufcspa\" target=\"_blank\"><strong>Processo Seletivo UFCSPA 2023<\/strong><\/a><\/div>\n\n\n\n<div class=\"wp-block-button\"><a class=\"wp-block-button__link wp-element-button\" href=\"https:\/\/med.estrategia.com\/portal\/noticias\/ufcspa-2023-confira-a-relacao-candidato-vaga-para-residencia-medica\/\" target=\"_blank\"><strong>Concorr&ecirc;ncia UFCSPA 2023<\/strong><\/a><\/div>\n<\/div><p>\n\n\n\n<a id=\"cta\" class=\"cta-imagem\" href=\"https:\/\/med.estrategia.com\/curso\/curso-intensivo-para-residencia-medica\/\" target=\"blank\">\n                <img decoding=\"async\" width=\"100%\" src=\"https:\/\/med.estrategia.com\/portal\/wp-content\/uploads\/2025\/08\/intensivo_rm.jpg\" alt=\"intensivo_rm\" title=\"intensivo_rm\">\n        <\/a>\n<\/p><\/p>\n","protected":false},"excerpt":{"rendered":"Para 2023, a UFCSPA contou com a distribui\u00e7\u00e3o de 194 vagas entre especialidades de Acesso Direto e com Pr\u00e9-Requisitos\n","protected":false},"author":39,"featured_media":32934,"comment_status":"closed","ping_status":"closed","sticky":false,"template":"","format":"standard","meta":{"wl_entities_gutenberg":"","footnotes":""},"categories":[300],"tags":[],"wl_entity_type":[199],"class_list":{"0":"post-32958","1":"post","2":"type-post","3":"status-publish","4":"format-standard","5":"has-post-thumbnail","7":"category-noticias","8":"wl_entity_type-article"},"acf":[],"yoast_head":"<!-- This site is optimized with the Yoast SEO Premium plugin v26.6 (Yoast SEO v26.6) - https:\/\/yoast.com\/wordpress\/plugins\/seo\/ -->\n<title>UFCSPA divulga resultado final da sele\u00e7\u00e3o de Resid\u00eancia M\u00e9dica 2023<\/title>\n<meta name=\"description\" content=\"Saiu o resultado final do processo seletivo de resid\u00eancia m\u00e9dica da UFCSPA 2023! Vem com o Estrat\u00e9gia MED conferir detalhes.\" \/>\n<meta name=\"robots\" content=\"index, follow, max-snippet:-1, max-image-preview:large, max-video-preview:-1\" \/>\n<link rel=\"canonical\" href=\"https:\/\/med.estrategia.com\/portal\/noticias\/ufcspa-divulga-resultado-final-da-selecao-de-residencia-medica-2023\/\" \/>\n<meta property=\"og:locale\" content=\"pt_BR\" \/>\n<meta property=\"og:type\" content=\"article\" \/>\n<meta property=\"og:title\" content=\"UFCSPA divulga resultado final da sele\u00e7\u00e3o de Resid\u00eancia M\u00e9dica 2023\" \/>\n<meta property=\"og:description\" content=\"Saiu o resultado final do processo seletivo de resid\u00eancia m\u00e9dica da UFCSPA 2023! Vem com o Estrat\u00e9gia MED conferir detalhes.\" \/>\n<meta property=\"og:url\" content=\"https:\/\/med.estrategia.com\/portal\/noticias\/ufcspa-divulga-resultado-final-da-selecao-de-residencia-medica-2023\/\" \/>\n<meta property=\"og:site_name\" content=\"Estrat\u00e9gia MED\" \/>\n<meta property=\"article:publisher\" content=\"https:\/\/www.facebook.com\/estrategiamed1\" \/>\n<meta property=\"article:published_time\" content=\"2022-12-28T17:55:40+00:00\" \/>\n<meta property=\"article:modified_time\" content=\"2023-01-04T15:20:10+00:00\" \/>\n<meta property=\"og:image\" content=\"https:\/\/cdn.medblog.estrategiaeducacional.com.br\/wp-content\/uploads\/2022\/12\/cover_WP_editais_1.jpg\" \/>\n\t<meta property=\"og:image:width\" content=\"1920\" \/>\n\t<meta property=\"og:image:height\" content=\"1080\" \/>\n\t<meta property=\"og:image:type\" content=\"image\/jpeg\" \/>\n<meta name=\"author\" content=\"Ana Carolina Damasceno\" \/>\n<meta name=\"twitter:card\" content=\"summary_large_image\" \/>\n<meta name=\"twitter:creator\" content=\"@estrategiamed_\" \/>\n<meta name=\"twitter:site\" content=\"@estrategiamed_\" \/>\n<meta name=\"twitter:label1\" content=\"Escrito por\" \/>\n\t<meta name=\"twitter:data1\" content=\"Ana Carolina Damasceno\" \/>\n\t<meta name=\"twitter:label2\" content=\"Est. tempo de leitura\" \/>\n\t<meta name=\"twitter:data2\" content=\"2 minutos\" \/>\n<script type=\"application\/ld+json\" class=\"yoast-schema-graph\">{\"@context\":\"https:\/\/schema.org\",\"@graph\":[{\"@type\":\"WebPage\",\"@id\":\"https:\/\/med.estrategia.com\/portal\/noticias\/ufcspa-divulga-resultado-final-da-selecao-de-residencia-medica-2023\/\",\"url\":\"https:\/\/med.estrategia.com\/portal\/noticias\/ufcspa-divulga-resultado-final-da-selecao-de-residencia-medica-2023\/\",\"name\":\"UFCSPA divulga resultado final da sele\u00e7\u00e3o de Resid\u00eancia M\u00e9dica 2023\",\"isPartOf\":{\"@id\":\"https:\/\/med.estrategia.com\/portal\/#website\"},\"primaryImageOfPage\":{\"@id\":\"https:\/\/med.estrategia.com\/portal\/noticias\/ufcspa-divulga-resultado-final-da-selecao-de-residencia-medica-2023\/#primaryimage\"},\"image\":{\"@id\":\"https:\/\/med.estrategia.com\/portal\/noticias\/ufcspa-divulga-resultado-final-da-selecao-de-residencia-medica-2023\/#primaryimage\"},\"thumbnailUrl\":\"https:\/\/med.estrategia.com\/portal\/wp-content\/uploads\/2022\/12\/cover_WP_editais_1.jpg\",\"datePublished\":\"2022-12-28T17:55:40+00:00\",\"dateModified\":\"2023-01-04T15:20:10+00:00\",\"author\":{\"@id\":\"https:\/\/med.estrategia.com\/portal\/#\/schema\/person\/2f553adbb8e25fe39d145c5b2927f58c\"},\"description\":\"Saiu o resultado final do processo seletivo de resid\u00eancia m\u00e9dica da UFCSPA 2023! Vem com o Estrat\u00e9gia MED conferir detalhes.\",\"breadcrumb\":{\"@id\":\"https:\/\/med.estrategia.com\/portal\/noticias\/ufcspa-divulga-resultado-final-da-selecao-de-residencia-medica-2023\/#breadcrumb\"},\"inLanguage\":\"pt-BR\",\"potentialAction\":[{\"@type\":\"ReadAction\",\"target\":[\"https:\/\/med.estrategia.com\/portal\/noticias\/ufcspa-divulga-resultado-final-da-selecao-de-residencia-medica-2023\/\"]}]},{\"@type\":\"ImageObject\",\"inLanguage\":\"pt-BR\",\"@id\":\"https:\/\/med.estrategia.com\/portal\/noticias\/ufcspa-divulga-resultado-final-da-selecao-de-residencia-medica-2023\/#primaryimage\",\"url\":\"https:\/\/med.estrategia.com\/portal\/wp-content\/uploads\/2022\/12\/cover_WP_editais_1.jpg\",\"contentUrl\":\"https:\/\/med.estrategia.com\/portal\/wp-content\/uploads\/2022\/12\/cover_WP_editais_1.jpg\",\"width\":1920,\"height\":1080,\"caption\":\"Cr\u00e9ditos: Estrat\u00e9gia MED e UFCSPA\"},{\"@type\":\"BreadcrumbList\",\"@id\":\"https:\/\/med.estrategia.com\/portal\/noticias\/ufcspa-divulga-resultado-final-da-selecao-de-residencia-medica-2023\/#breadcrumb\",\"itemListElement\":[{\"@type\":\"ListItem\",\"position\":1,\"name\":\"Home\",\"item\":\"https:\/\/med.estrategia.com\/portal\/\"},{\"@type\":\"ListItem\",\"position\":2,\"name\":\"Not\u00edcias\",\"item\":\"https:\/\/med.estrategia.com\/portal\/noticias\/\"},{\"@type\":\"ListItem\",\"position\":3,\"name\":\"UFCSPA divulga resultado final da sele\u00e7\u00e3o de Resid\u00eancia M\u00e9dica 2023\"}]},{\"@type\":\"WebSite\",\"@id\":\"https:\/\/med.estrategia.com\/portal\/#website\",\"url\":\"https:\/\/med.estrategia.com\/portal\/\",\"name\":\"Estrat\u00e9gia MED\",\"description\":\"\",\"potentialAction\":[{\"@type\":\"SearchAction\",\"target\":{\"@type\":\"EntryPoint\",\"urlTemplate\":\"https:\/\/med.estrategia.com\/portal\/?s={search_term_string}\"},\"query-input\":{\"@type\":\"PropertyValueSpecification\",\"valueRequired\":true,\"valueName\":\"search_term_string\"}}],\"inLanguage\":\"pt-BR\"},{\"@type\":\"Person\",\"@id\":\"https:\/\/med.estrategia.com\/portal\/#\/schema\/person\/2f553adbb8e25fe39d145c5b2927f58c\",\"name\":\"Ana Carolina Damasceno\",\"image\":{\"@type\":\"ImageObject\",\"inLanguage\":\"pt-BR\",\"@id\":\"https:\/\/med.estrategia.com\/portal\/#\/schema\/person\/image\/\",\"url\":\"https:\/\/med.estrategia.com\/portal\/wp-content\/uploads\/2021\/09\/WhatsApp-Image-2023-08-18-at-16.46.43-150x150.jpeg\",\"contentUrl\":\"https:\/\/med.estrategia.com\/portal\/wp-content\/uploads\/2021\/09\/WhatsApp-Image-2023-08-18-at-16.46.43-150x150.jpeg\",\"caption\":\"Ana Carolina Damasceno\"},\"description\":\"Coordenadora de Jornalismo EMED. Comunicadora por natureza e forma\u00e7\u00e3o, que ama e perde a no\u00e7\u00e3o do tempo com m\u00fasica e s\u00e9rie.\",\"url\":\"https:\/\/med.estrategia.com\/portal\/author\/ana-carolina-damasceno\/\"}]}<\/script>\n<!-- \/ Yoast SEO Premium plugin. -->","yoast_head_json":{"title":"UFCSPA divulga resultado final da sele\u00e7\u00e3o de Resid\u00eancia M\u00e9dica 2023","description":"Saiu o resultado final do processo seletivo de resid\u00eancia m\u00e9dica da UFCSPA 2023! Vem com o Estrat\u00e9gia MED conferir detalhes.","robots":{"index":"index","follow":"follow","max-snippet":"max-snippet:-1","max-image-preview":"max-image-preview:large","max-video-preview":"max-video-preview:-1"},"canonical":"https:\/\/med.estrategia.com\/portal\/noticias\/ufcspa-divulga-resultado-final-da-selecao-de-residencia-medica-2023\/","og_locale":"pt_BR","og_type":"article","og_title":"UFCSPA divulga resultado final da sele\u00e7\u00e3o de Resid\u00eancia M\u00e9dica 2023","og_description":"Saiu o resultado final do processo seletivo de resid\u00eancia m\u00e9dica da UFCSPA 2023! Vem com o Estrat\u00e9gia MED conferir detalhes.","og_url":"https:\/\/med.estrategia.com\/portal\/noticias\/ufcspa-divulga-resultado-final-da-selecao-de-residencia-medica-2023\/","og_site_name":"Estrat\u00e9gia MED","article_publisher":"https:\/\/www.facebook.com\/estrategiamed1","article_published_time":"2022-12-28T17:55:40+00:00","article_modified_time":"2023-01-04T15:20:10+00:00","og_image":[{"width":1920,"height":1080,"url":"https:\/\/cdn.medblog.estrategiaeducacional.com.br\/wp-content\/uploads\/2022\/12\/cover_WP_editais_1.jpg","type":"image\/jpeg"}],"author":"Ana Carolina Damasceno","twitter_card":"summary_large_image","twitter_creator":"@estrategiamed_","twitter_site":"@estrategiamed_","twitter_misc":{"Escrito por":"Ana Carolina Damasceno","Est. tempo de leitura":"2 minutos"},"schema":{"@context":"https:\/\/schema.org","@graph":[{"@type":"WebPage","@id":"https:\/\/med.estrategia.com\/portal\/noticias\/ufcspa-divulga-resultado-final-da-selecao-de-residencia-medica-2023\/","url":"https:\/\/med.estrategia.com\/portal\/noticias\/ufcspa-divulga-resultado-final-da-selecao-de-residencia-medica-2023\/","name":"UFCSPA divulga resultado final da sele\u00e7\u00e3o de Resid\u00eancia M\u00e9dica 2023","isPartOf":{"@id":"https:\/\/med.estrategia.com\/portal\/#website"},"primaryImageOfPage":{"@id":"https:\/\/med.estrategia.com\/portal\/noticias\/ufcspa-divulga-resultado-final-da-selecao-de-residencia-medica-2023\/#primaryimage"},"image":{"@id":"https:\/\/med.estrategia.com\/portal\/noticias\/ufcspa-divulga-resultado-final-da-selecao-de-residencia-medica-2023\/#primaryimage"},"thumbnailUrl":"https:\/\/med.estrategia.com\/portal\/wp-content\/uploads\/2022\/12\/cover_WP_editais_1.jpg","datePublished":"2022-12-28T17:55:40+00:00","dateModified":"2023-01-04T15:20:10+00:00","author":{"@id":"https:\/\/med.estrategia.com\/portal\/#\/schema\/person\/2f553adbb8e25fe39d145c5b2927f58c"},"description":"Saiu o resultado final do processo seletivo de resid\u00eancia m\u00e9dica da UFCSPA 2023! Vem com o Estrat\u00e9gia MED conferir detalhes.","breadcrumb":{"@id":"https:\/\/med.estrategia.com\/portal\/noticias\/ufcspa-divulga-resultado-final-da-selecao-de-residencia-medica-2023\/#breadcrumb"},"inLanguage":"pt-BR","potentialAction":[{"@type":"ReadAction","target":["https:\/\/med.estrategia.com\/portal\/noticias\/ufcspa-divulga-resultado-final-da-selecao-de-residencia-medica-2023\/"]}]},{"@type":"ImageObject","inLanguage":"pt-BR","@id":"https:\/\/med.estrategia.com\/portal\/noticias\/ufcspa-divulga-resultado-final-da-selecao-de-residencia-medica-2023\/#primaryimage","url":"https:\/\/med.estrategia.com\/portal\/wp-content\/uploads\/2022\/12\/cover_WP_editais_1.jpg","contentUrl":"https:\/\/med.estrategia.com\/portal\/wp-content\/uploads\/2022\/12\/cover_WP_editais_1.jpg","width":1920,"height":1080,"caption":"Cr\u00e9ditos: Estrat\u00e9gia MED e UFCSPA"},{"@type":"BreadcrumbList","@id":"https:\/\/med.estrategia.com\/portal\/noticias\/ufcspa-divulga-resultado-final-da-selecao-de-residencia-medica-2023\/#breadcrumb","itemListElement":[{"@type":"ListItem","position":1,"name":"Home","item":"https:\/\/med.estrategia.com\/portal\/"},{"@type":"ListItem","position":2,"name":"Not\u00edcias","item":"https:\/\/med.estrategia.com\/portal\/noticias\/"},{"@type":"ListItem","position":3,"name":"UFCSPA divulga resultado final da sele\u00e7\u00e3o de Resid\u00eancia M\u00e9dica 2023"}]},{"@type":"WebSite","@id":"https:\/\/med.estrategia.com\/portal\/#website","url":"https:\/\/med.estrategia.com\/portal\/","name":"Estrat\u00e9gia MED","description":"","potentialAction":[{"@type":"SearchAction","target":{"@type":"EntryPoint","urlTemplate":"https:\/\/med.estrategia.com\/portal\/?s={search_term_string}"},"query-input":{"@type":"PropertyValueSpecification","valueRequired":true,"valueName":"search_term_string"}}],"inLanguage":"pt-BR"},{"@type":"Person","@id":"https:\/\/med.estrategia.com\/portal\/#\/schema\/person\/2f553adbb8e25fe39d145c5b2927f58c","name":"Ana Carolina Damasceno","image":{"@type":"ImageObject","inLanguage":"pt-BR","@id":"https:\/\/med.estrategia.com\/portal\/#\/schema\/person\/image\/","url":"https:\/\/med.estrategia.com\/portal\/wp-content\/uploads\/2021\/09\/WhatsApp-Image-2023-08-18-at-16.46.43-150x150.jpeg","contentUrl":"https:\/\/med.estrategia.com\/portal\/wp-content\/uploads\/2021\/09\/WhatsApp-Image-2023-08-18-at-16.46.43-150x150.jpeg","caption":"Ana Carolina Damasceno"},"description":"Coordenadora de Jornalismo EMED. Comunicadora por natureza e forma\u00e7\u00e3o, que ama e perde a no\u00e7\u00e3o do tempo com m\u00fasica e s\u00e9rie.","url":"https:\/\/med.estrategia.com\/portal\/author\/ana-carolina-damasceno\/"}]}},"_wl_alt_label":[],"wl:entity_url":"\/post\/ufcspa-divulga-resultado-final-da-selecao-de-residencia-medica-2023","_links":{"self":[{"href":"https:\/\/med.estrategia.com\/portal\/wp-json\/wp\/v2\/posts\/32958","targetHints":{"allow":["GET"]}}],"collection":[{"href":"https:\/\/med.estrategia.com\/portal\/wp-json\/wp\/v2\/posts"}],"about":[{"href":"https:\/\/med.estrategia.com\/portal\/wp-json\/wp\/v2\/types\/post"}],"author":[{"embeddable":true,"href":"https:\/\/med.estrategia.com\/portal\/wp-json\/wp\/v2\/users\/39"}],"replies":[{"embeddable":true,"href":"https:\/\/med.estrategia.com\/portal\/wp-json\/wp\/v2\/comments?post=32958"}],"version-history":[{"count":3,"href":"https:\/\/med.estrategia.com\/portal\/wp-json\/wp\/v2\/posts\/32958\/revisions"}],"predecessor-version":[{"id":33051,"href":"https:\/\/med.estrategia.com\/portal\/wp-json\/wp\/v2\/posts\/32958\/revisions\/33051"}],"wp:featuredmedia":[{"embeddable":true,"href":"https:\/\/med.estrategia.com\/portal\/wp-json\/wp\/v2\/media\/32934"}],"wp:attachment":[{"href":"https:\/\/med.estrategia.com\/portal\/wp-json\/wp\/v2\/media?parent=32958"}],"wp:term":[{"taxonomy":"category","embeddable":true,"href":"https:\/\/med.estrategia.com\/portal\/wp-json\/wp\/v2\/categories?post=32958"},{"taxonomy":"post_tag","embeddable":true,"href":"https:\/\/med.estrategia.com\/portal\/wp-json\/wp\/v2\/tags?post=32958"},{"taxonomy":"wl_entity_type","embeddable":true,"href":"https:\/\/med.estrategia.com\/portal\/wp-json\/wp\/v2\/wl_entity_type?post=32958"}],"curies":[{"name":"wp","href":"https:\/\/api.w.org\/{rel}","templated":true}]}}