{"id":33241,"date":"2023-01-04T08:07:21","date_gmt":"2023-01-04T11:07:21","guid":{"rendered":"https:\/\/med.estrategia.com\/portal\/?p=33241"},"modified":"2023-09-05T18:53:50","modified_gmt":"2023-09-05T21:53:50","slug":"revalida-2023-1-edital-da-1a-etapa-foi-divulgado","status":"publish","type":"post","link":"https:\/\/med.estrategia.com\/portal\/noticias\/revalida-2023-1-edital-da-1a-etapa-foi-divulgado\/","title":{"rendered":"Revalida 2023\/1: edital da 1\u00aa etapa foi divulgado"},"content":{"rendered":"<p>Foi publicado hoje (4) o <strong>edital da 1&ordf; etapa do <a class=\"wl-entity-page-link\" title=\"Exame Nacional de Revalida&ccedil;&atilde;o de Diplomas M&eacute;dicos\" href=\"https:\/\/med.estrategia.com\/portal\/entidade\/revalida\/\" data-id=\"\/entity\/revalida;https:\/\/pt.wikipedia.org\/wiki\/Exame_Nacional_de_Revalida&ccedil;&atilde;o_de_Diplomas_M&eacute;dicos;https:\/\/www.wikidata.org\/wiki\/Q256698;https:\/\/data.wordlift.io\/wl106637\/entity\/revalida-18038\">Revalida<\/a> <a class=\"wl-entity-page-link\" title=\"Instituto Nacional de Estudos e Pesquisas Educacionais An&iacute;sio Teixeira\" href=\"https:\/\/med.estrategia.com\/portal\/entidade\/inep\/\" data-id=\"\/entity\/inep;http:\/\/www.wikidata.org\/entity\/Q6041403;https:\/\/data.wordlift.io\/wl106637\/entity\/instituto-nacional-de-estudos-e-pesquisas-educacionais-anisio-teixeira\">Inep<\/a> 2023\/1<\/strong>, processo de Revalida&ccedil;&atilde;o de Diplomas <a class=\"wl-entity-page-link\" title=\"Doutor\" href=\"https:\/\/med.estrategia.com\/portal\/entidade\/medicos__trashed\/\" data-id=\"\/entity\/medicos__trashed;http:\/\/dbpedia.org\/resource\/Physician;http:\/\/pt.dbpedia.org\/resource\/M&eacute;dico;http:\/\/hr.dbpedia.org\/resource\/Lije&#269;nik;http:\/\/hu.dbpedia.org\/resource\/Orvos;http:\/\/id.dbpedia.org\/resource\/Dokter;http:\/\/is.dbpedia.org\/resource\/L&aelig;knir;http:\/\/it.dbpedia.org\/resource\/Medico;http:\/\/ro.dbpedia.org\/resource\/Medic;http:\/\/ru.dbpedia.org\/resource\/&#1042;&#1088;&#1072;&#1095;;http:\/\/be.dbpedia.org\/resource\/&#1059;&#1088;&#1072;&#1095;;http:\/\/bg.dbpedia.org\/resource\/&#1051;&#1077;&#1082;&#1072;&#1088;;http:\/\/sk.dbpedia.org\/resource\/Lek&aacute;r;http:\/\/sl.dbpedia.org\/resource\/Zdravnik;http:\/\/ca.dbpedia.org\/resource\/Metge;http:\/\/sr.dbpedia.org\/resource\/&#1033;&#1077;&#1082;&#1072;&#1088;;http:\/\/sv.dbpedia.org\/resource\/L&auml;kare;http:\/\/cs.dbpedia.org\/resource\/L&eacute;ka&#345;;http:\/\/da.dbpedia.org\/resource\/L&aelig;ge;http:\/\/tr.dbpedia.org\/resource\/Doktor_(t&#305;p);http:\/\/de.dbpedia.org\/resource\/Arzt;http:\/\/lt.dbpedia.org\/resource\/Gydytojas;http:\/\/lv.dbpedia.org\/resource\/&#256;rsts;http:\/\/uk.dbpedia.org\/resource\/&#1051;&#1110;&#1082;&#1072;&#1088;;http:\/\/en.dbpedia.org\/resource\/Physician;http:\/\/es.dbpedia.org\/resource\/M&eacute;dico;http:\/\/et.dbpedia.org\/resource\/Arst;http:\/\/nl.dbpedia.org\/resource\/Arts;http:\/\/no.dbpedia.org\/resource\/Lege;http:\/\/fi.dbpedia.org\/resource\/L&auml;&auml;k&auml;ri;http:\/\/fr.dbpedia.org\/resource\/M&eacute;decin;http:\/\/pl.dbpedia.org\/resource\/Lekarz;https:\/\/data.wordlift.io\/wl106637\/entity\/medicos\">M&eacute;dicos<\/a> Expedidos por Institui&ccedil;&atilde;o de Educa&ccedil;&atilde;o Superior Estrangeira. Divulgado no Di&aacute;rio Oficial da Uni&atilde;o (DOU),&nbsp;o documento determina datas, regras e procedimentos que ir&atilde;o reger a prova objetiva do processo. <div class=\"wp-block-buttons is-horizontal is-content-justification-center is-layout-flex wp-container-core-buttons-is-layout-1 wp-block-buttons-is-layout-flex\">\n<div class=\"wp-block-button\"><a class=\"wp-block-button__link wp-element-button\" href=\"https:\/\/med.estrategia.com\/portal\/wp-content\/uploads\/2023\/01\/EDITAL-No-2-DE-3-DE-JANEIRO-DE-2023-EDITAL-No-2-DE-3-DE-JANEIRO-DE-2023-DOU-Imprensa-Nacional.pdf\" target=\"_blank\">Edital 1&ordf; etapa Revalida 2023\/1<\/a><\/div>\n<\/div><p><br><br>O <strong>per&iacute;odo de inscri&ccedil;&otilde;es<\/strong> ocorrer&aacute; entre os dias <strong>16 e 20 de janeiro<\/strong> pelo <a href=\"http:\/\/revalida.inep.gov.br\/revalida\/\" target=\"_blank\">Sistema Revalida<\/a>, com taxa de inscri&ccedil;&atilde;o de <strong>R$ <\/strong>410,00, que dever&aacute; ser paga at&eacute; o dia 26 de janeiro de 2023.<br><br>O candidato dever&aacute; indicar no ato de inscri&ccedil;&atilde;o a cidade onde deseja realizar a primeira etapa. S&atilde;o elas: Bras&iacute;lia\/DF, Campo Grande\/MS, Curitiba\/PR, Porto Alegre\/RS, Recife\/PE, Rio Branco\/AC, Salvador\/BA e S&atilde;o Paulo\/SP<\/p><div class=\"wp-block-buttons is-horizontal is-content-justification-center is-layout-flex wp-container-core-buttons-is-layout-2 wp-block-buttons-is-layout-flex\">\n<div class=\"wp-block-button\"><a class=\"wp-block-button__link has-background wp-element-button\" href=\"https:\/\/med.estrategia.com\/cursos\/\" style=\"background-color:#0ba4ae\" target=\"_blank\">Conhe&ccedil;a os cursos do Estrat&eacute;gia MED!<\/a><\/div>\n<\/div><div id=\"ez-toc-container\" class=\"ez-toc-v2_0_79_2 counter-hierarchy ez-toc-counter ez-toc-transparent ez-toc-container-direction\">\n<div class=\"ez-toc-title-container\"><p class=\"ez-toc-title\" style=\"cursor:inherit\">Navegue pelo conte\u00fado<\/p>\n<\/div><nav><ul class='ez-toc-list ez-toc-list-level-1 ' ><li class='ez-toc-page-1 ez-toc-heading-level-2'><a class=\"ez-toc-link ez-toc-heading-1\" href=\"https:\/\/med.estrategia.com\/portal\/noticias\/revalida-2023-1-edital-da-1a-etapa-foi-divulgado\/#Cronograma-1a-etapa-Revalida-20231\" >Cronograma 1&ordf; etapa Revalida 2023\/1<\/a><\/li><li class='ez-toc-page-1 ez-toc-heading-level-2'><a class=\"ez-toc-link ez-toc-heading-2\" href=\"https:\/\/med.estrategia.com\/portal\/noticias\/revalida-2023-1-edital-da-1a-etapa-foi-divulgado\/#Sobre-a-1a-etapa\" >Sobre a 1&ordf; etapa<\/a><\/li><\/ul><\/nav><\/div>\n<h2 class=\"wp-block-heading\" id=\"h-cronograma-1&ordf;-etapa-revalida-2023-1\"><span class=\"ez-toc-section\" id=\"Cronograma-1a-etapa-Revalida-20231\"><\/span>Cronograma 1&ordf; etapa Revalida 2023\/1<span class=\"ez-toc-section-end\"><\/span><\/h2><ul class=\"wp-block-list\">\n<li><strong>Inscri&ccedil;&otilde;es: <\/strong>16 a 20\/01\/2023;<\/li>\n\n\n\n<li><strong>Envio do Diploma:<\/strong>&nbsp;16 a 20\/01\/2023;<\/li>\n\n\n\n<li><strong>Solicita&ccedil;&atilde;o de atendimento especializado: <\/strong>16 a 20\/01\/2023;<\/li>\n\n\n\n<li><strong>Pagamento da taxa de inscri&ccedil;&atilde;o: <\/strong>16 a 26\/01\/2023;<\/li>\n\n\n\n<li><strong>Resultado da An&aacute;lise do Diploma:<\/strong>&nbsp;23\/01\/2023;<\/li>\n\n\n\n<li><strong>Recurso contra resultado da An&aacute;lise:<\/strong>&nbsp;23 a 27\/01\/2023;<\/li>\n\n\n\n<li><strong>Resultado do Recurso:<\/strong>&nbsp;02\/02\/2023;<\/li>\n\n\n\n<li><strong>Divulga&ccedil;&atilde;o da nota de corte da 1&ordf; Etapa: <\/strong>13\/02\/2023;<\/li>\n\n\n\n<li><strong>Divulga&ccedil;&atilde;o do cart&atilde;o de confirma&ccedil;&atilde;o de inscri&ccedil;&atilde;o:<\/strong> 23\/02\/2023;<\/li>\n\n\n\n<li><strong>Aplica&ccedil;&atilde;o:<\/strong> 05\/03\/2023;<\/li>\n\n\n\n<li><strong><strong>Gabarito preliminar da prova objetiva objetiva (P1) e do padr&atilde;o de resposta da prova escrita discursiva (P2):<\/strong> <\/strong>08\/03\/2023;<\/li>\n\n\n\n<li><strong>Recurso ao gabarito preliminar: <\/strong>08 a 14\/03\/2023;<\/li>\n\n\n\n<li><strong>Resultados do recurso e gabarito definitivo: <\/strong>11\/04\/2023;<\/li>\n\n\n\n<li><strong>Resultado Definitivo Prova Objetiva (P1):<\/strong>&nbsp;11\/04\/2023;<\/li>\n\n\n\n<li><strong>Resultado preliminar Prova Escrita Discursiva (P2):<\/strong>&nbsp;11\/04\/2023;&nbsp;&nbsp;<\/li>\n\n\n\n<li><strong>Recurso contra Resultado preliminar (P2):<\/strong>&nbsp; 11 a 17\/04\/2023; e<\/li>\n\n\n\n<li><strong>Divulga&ccedil;&atilde;o dos resultados finais da 1&ordf; Etapa: <\/strong>08\/05\/2023.<\/li>\n<\/ul><p>\n\n\n<div id=\"new-form\">\n\t<form id=\"forms_layout\">\n\t<input type=\"hidden\" id=\"chave_de\" name=\"chave_de\" value=\"01_EMED_LEADS_TOTAIS\" \/>\n\t\t<input type=\"hidden\" id=\"mid\" name=\"mid\" value=\"515009018\" \/>\n\t\t<input type=\"hidden\" id=\"Objetivo\" name=\"Objetivo\" value=\"Medicina\" \/>\n\t\t<input type=\"hidden\" id=\"Estado_de_Origem_do_IP\" name=\"Estado_de_Origem_do_IP\"  value=\"\" \/>\n\t\t<input type=\"hidden\" id=\"Cidade_de_Origem_do_IP\" name=\"Cidade_de_Origem_do_IP\" value=\"\" \/>\n\t\t<input type=\"hidden\" id=\"Modo_de_entrada\" name=\"Modo_de_entrada\" value=\"Portal\" \/>\n\t\t<input type=\"hidden\" id=\"Pagina_Origem\" name=\"Pagina_Origem\" value=\"\" \/>\n\n\t\t<div class=\"texto\">\n\t\t\t<h3 class=\"news\">Inscreva-se em nossa newsletter!<\/h3>\n\t\t\t<p>Receba not\u00edcias sobre resid\u00eancia m\u00e9dica, revalida\u00e7\u00e3o de diplomas e concursos m\u00e9dicos, al\u00e9m de materiais de estudo gratuitos e informa\u00e7\u00f5es relevantes do mundo da Medicina.<\/p>\n\t\t<\/div>\n\t\t<div class=\"campos\">\n\t\t\t<div class=\"first_name labels\">\n\t\t\t\t<input type=\"text\" class=\"input_labels\" id=\"first_name\" name=\"Nome_Completo\" placeholder=\"Nome\" required \/>\n\t\t\t<\/div>\n\t\t\t<div class=\"email labels\">\n\t\t\t\t<input type=\"email\" class=\"input_labels\" id=\"email\" name=\"Email\" placeholder=\"E-mail\" required \/>\n\t\t\t<\/div>\n\t\t\t<button type=\"submit\" class=\"button_layout\">\n\t\t\t\t<div id=\"lblBotao\">Inscreva-se<\/div>\n\t\t\t\t<span id=\"divSpiner\" class=\"loader\" role=\"status\" style=\"display: none;\"><\/span>\t\n\t\t\t<\/button>\n\t\t<\/div><!-- \/campos -->\n\t\t\n\t\t<label class=\"container_checkbox\">Voc\u00ea concorda com a nossa\n\t\t\t<a class=\"politics_privacy_ahref\" target=\"_blank\" href=\"https:\/\/gratis.estrategiaconcursos.com.br\/politica-de-privacidade\/\">Pol\u00edtica de Privacidade<\/a> e aceita receber informa\u00e7\u00f5es adicionais do Estrat\u00e9gia Educacional.\n\t\t\t<input id=\"checkbox_layout\" type=\"checkbox\" checked=\"checked\" required \/>\n\t\t\t<span class=\"checkbox\"><\/span>\n\t\t<\/label>\n\t\t<div id=\"msg\"><\/div>\n\t\t<div id=\"error\" class=\"error\">\n\t\t<\/div>\n\t<\/form>\n<\/div><!-- \/new-form -->\n\n\n\n<\/p><p>Al&eacute;m disso, <strong>algumas datas da 2&ordf; etapa<\/strong> do Revalida 2023\/1 tamb&eacute;m j&aacute; foram divulgadas pelo Inep. Confira:<\/p><ul class=\"wp-block-list\">\n<li><strong>Per&iacute;odo de Inscri&ccedil;&otilde;es da 2&ordf; Etapa:<\/strong>&nbsp;15 a 19\/05\/2023;<\/li>\n\n\n\n<li><strong>Aplica&ccedil;&atilde;o da prova pr&aacute;tica:<\/strong>&nbsp;24 e 25\/06\/2023;<\/li>\n\n\n\n<li><strong>Divulga&ccedil;&atilde;o do gabarito:<\/strong>&nbsp;28\/06\/2023; e<\/li>\n\n\n\n<li><strong>Divulga&ccedil;&atilde;o dos resultados:<\/strong>&nbsp;29\/09\/2023.<\/li>\n<\/ul><figure class=\"wp-block-embed is-type-video is-provider-youtube wp-block-embed-youtube wp-embed-aspect-16-9 wp-has-aspect-ratio\"><div class=\"wp-block-embed__wrapper\">\n<div class=\"cs-embed cs-embed-responsive\"><iframe title=\"Edital Revalida INEP 2023: Dicas e coment&aacute;rios\" width=\"1200\" height=\"675\" src=\"https:\/\/www.youtube.com\/embed\/jHs5FrGjjjE?feature=oembed\" frameborder=\"0\" allow=\"accelerometer; autoplay; clipboard-write; encrypted-media; gyroscope; picture-in-picture; web-share\" allowfullscreen><\/iframe><\/div>\n<\/div><\/figure><h2 class=\"wp-block-heading\" id=\"h-sobre-a-1&ordf;-etapa\"><span class=\"ez-toc-section\" id=\"Sobre-a-1a-etapa\"><\/span>Sobre a 1&ordf; etapa <span class=\"ez-toc-section-end\"><\/span><\/h2><p>A 1&ordf; etapa do processo &eacute; dividida entre a&nbsp;<strong>prova objetiva (P1)<\/strong>, composta por 100 quest&otilde;es de m&uacute;ltipla escolha, e a<strong>&nbsp;prova discursiva (P2)<\/strong>, composta por cinco quest&otilde;es discursivas.&nbsp;<\/p><figure class=\"wp-block-table\"><table><tbody><tr><td><strong>Prova<\/strong><\/td><td><strong>N&ordm; de Quest&otilde;es<\/strong><\/td><td><strong>Nota M&aacute;xima<\/strong><\/td><\/tr><tr><td>Prova Objetiva (P1)<\/td><td>100 quest&otilde;es<\/td><td>100 pontos<\/td><\/tr><tr><td>Prova Discursiva (P2)<\/td><td>5 quest&otilde;es<\/td><td>50 pontos<\/td><\/tr><\/tbody><\/table><\/figure><p><br>A prova objetiva (P1) ser&aacute; realizada durante 5 horas, das 8h &agrave;s 13h e a discursiva (P2) em 4 horas, das 15h30 &agrave;s 19h30. <br><br>Os candidatos que atingirem a nota de corte estabelecida e divulgada no dia 13 de fevereiro de 2023 poder&atilde;o participar da 2&ordf; etapa do Revalida. Nesta, ser&aacute; poss&iacute;vel tamb&eacute;m a participa&ccedil;&atilde;o dos candidatos aprovados na primeira etapa da edi&ccedil;&otilde;es do processo de 2022, mas reprovados na prova pr&aacute;tica.<\/p><p>Quer saber mais sobre o <strong>Revalida Inep e sua edi&ccedil;&atilde;o 2023\/1<\/strong>? <a href=\"https:\/\/med.estrategia.com\/portal\/revalida\/edital-segunda-edicao-revalida-2022\/\" target=\"_blank\">Clique aqui e confira o texto exclusivo sobre o processo!<\/a><\/p><ul class=\"wp-block-latest-posts__list wp-block-latest-posts\"><li><a class=\"wp-block-latest-posts__post-title\" href=\"https:\/\/med.estrategia.com\/portal\/conteudos-gratis\/doencas\/resumo-sobre-urticaria-de-pressao-tardia-definicao-manifestacoes-clinicas-e-mais\/\">Resumo sobre Urtic&aacute;ria de press&atilde;o tardia: defini&ccedil;&atilde;o, manifesta&ccedil;&otilde;es cl&iacute;nicas e mais!<\/a><\/li>\n<li><a class=\"wp-block-latest-posts__post-title\" href=\"https:\/\/med.estrategia.com\/portal\/conteudos-gratis\/doencas\/resumo-sobre-sindrome-da-congestao-pelvica-definicao-manifestacoes-clinicas-e-mais\/\">Resumo sobre S&iacute;ndrome da Congest&atilde;o P&eacute;lvica: defini&ccedil;&atilde;o, manifesta&ccedil;&otilde;es cl&iacute;nicas e mais!<\/a><\/li>\n<li><a class=\"wp-block-latest-posts__post-title\" href=\"https:\/\/med.estrategia.com\/portal\/conteudos-gratis\/doencas\/resumo-sobre-piomiosite-primaria-definicao-manifestacoes-clinicas-e-mais\/\">Resumo sobre Piomiosite prim&aacute;ria: defini&ccedil;&atilde;o, manifesta&ccedil;&otilde;es cl&iacute;nicas e mais!<\/a><\/li>\n<li><a class=\"wp-block-latest-posts__post-title\" href=\"https:\/\/med.estrategia.com\/portal\/concursos\/olimpia-sp-abre-concurso-para-medicos-com-salario-inicial-de-r-77-mil\/\">Ol&iacute;mpia\/SP abre concurso para m&eacute;dicos com sal&aacute;rio inicial de R$ 7,7 mil<\/a><\/li>\n<li><a class=\"wp-block-latest-posts__post-title\" href=\"https:\/\/med.estrategia.com\/portal\/noticias\/associacao-brasileira-de-medicina-de-emergencia-divulga-edital-para-titulo-de-especialista-2026\/\">Associa&ccedil;&atilde;o Brasileira de Medicina de Emerg&ecirc;ncia divulga edital para T&iacute;tulo de Especialista 2026<\/a><\/li>\n<\/ul><p>\n\n\n\n\n\n<\/p><\/p>\n","protected":false},"excerpt":{"rendered":"As provas objetiva e dissertativa ser\u00e3o aplicadas no dia 5 de mar\u00e7o de 2023\n","protected":false},"author":22,"featured_media":33243,"comment_status":"closed","ping_status":"closed","sticky":false,"template":"","format":"standard","meta":{"wl_entities_gutenberg":"","footnotes":""},"categories":[300],"tags":[],"wl_entity_type":[199],"class_list":{"0":"post-33241","1":"post","2":"type-post","3":"status-publish","4":"format-standard","5":"has-post-thumbnail","7":"category-noticias","8":"wl_entity_type-article"},"acf":[],"yoast_head":"<!-- This site is optimized with the Yoast SEO Premium plugin v26.6 (Yoast SEO v26.6) - https:\/\/yoast.com\/wordpress\/plugins\/seo\/ -->\n<title>Revalida 2023\/1: edital da 1\u00aa etapa foi divulgado<\/title>\n<meta name=\"robots\" content=\"index, follow, max-snippet:-1, max-image-preview:large, max-video-preview:-1\" \/>\n<link rel=\"canonical\" href=\"https:\/\/med.estrategia.com\/portal\/noticias\/revalida-2023-1-edital-da-1a-etapa-foi-divulgado\/\" \/>\n<meta property=\"og:locale\" content=\"pt_BR\" \/>\n<meta property=\"og:type\" content=\"article\" \/>\n<meta property=\"og:title\" content=\"Revalida 2023\/1: edital da 1\u00aa etapa foi divulgado\" \/>\n<meta property=\"og:description\" content=\"As provas objetiva e dissertativa ser\u00e3o aplicadas no dia 5 de mar\u00e7o de 2023\" \/>\n<meta property=\"og:url\" content=\"https:\/\/med.estrategia.com\/portal\/noticias\/revalida-2023-1-edital-da-1a-etapa-foi-divulgado\/\" \/>\n<meta property=\"og:site_name\" content=\"Estrat\u00e9gia MED\" \/>\n<meta property=\"article:publisher\" content=\"https:\/\/www.facebook.com\/estrategiamed1\" \/>\n<meta property=\"article:published_time\" content=\"2023-01-04T11:07:21+00:00\" \/>\n<meta property=\"article:modified_time\" content=\"2023-09-05T21:53:50+00:00\" \/>\n<meta property=\"og:image\" content=\"https:\/\/cdn.medblog.estrategiaeducacional.com.br\/wp-content\/uploads\/2023\/01\/coverWP_publica_bgfoto_logo-13.jpg\" \/>\n\t<meta property=\"og:image:width\" content=\"1200\" \/>\n\t<meta property=\"og:image:height\" content=\"800\" \/>\n\t<meta property=\"og:image:type\" content=\"image\/jpeg\" \/>\n<meta name=\"author\" content=\"Erika Coelho\" \/>\n<meta name=\"twitter:card\" content=\"summary_large_image\" \/>\n<meta name=\"twitter:creator\" content=\"@estrategiamed_\" \/>\n<meta name=\"twitter:site\" content=\"@estrategiamed_\" \/>\n<meta name=\"twitter:label1\" content=\"Escrito por\" \/>\n\t<meta name=\"twitter:data1\" content=\"Erika Coelho\" \/>\n\t<meta name=\"twitter:label2\" content=\"Est. tempo de leitura\" \/>\n\t<meta name=\"twitter:data2\" content=\"2 minutos\" \/>\n<script type=\"application\/ld+json\" class=\"yoast-schema-graph\">{\"@context\":\"https:\/\/schema.org\",\"@graph\":[{\"@type\":\"WebPage\",\"@id\":\"https:\/\/med.estrategia.com\/portal\/noticias\/revalida-2023-1-edital-da-1a-etapa-foi-divulgado\/\",\"url\":\"https:\/\/med.estrategia.com\/portal\/noticias\/revalida-2023-1-edital-da-1a-etapa-foi-divulgado\/\",\"name\":\"Revalida 2023\/1: edital da 1\u00aa etapa foi divulgado\",\"isPartOf\":{\"@id\":\"https:\/\/med.estrategia.com\/portal\/#website\"},\"primaryImageOfPage\":{\"@id\":\"https:\/\/med.estrategia.com\/portal\/noticias\/revalida-2023-1-edital-da-1a-etapa-foi-divulgado\/#primaryimage\"},\"image\":{\"@id\":\"https:\/\/med.estrategia.com\/portal\/noticias\/revalida-2023-1-edital-da-1a-etapa-foi-divulgado\/#primaryimage\"},\"thumbnailUrl\":\"https:\/\/med.estrategia.com\/portal\/wp-content\/uploads\/2023\/01\/coverWP_publica_bgfoto_logo-13.jpg\",\"datePublished\":\"2023-01-04T11:07:21+00:00\",\"dateModified\":\"2023-09-05T21:53:50+00:00\",\"author\":{\"@id\":\"https:\/\/med.estrategia.com\/portal\/#\/schema\/person\/8e7c9b2f53f2eede3b8880ad86ff20a3\"},\"breadcrumb\":{\"@id\":\"https:\/\/med.estrategia.com\/portal\/noticias\/revalida-2023-1-edital-da-1a-etapa-foi-divulgado\/#breadcrumb\"},\"inLanguage\":\"pt-BR\",\"potentialAction\":[{\"@type\":\"ReadAction\",\"target\":[\"https:\/\/med.estrategia.com\/portal\/noticias\/revalida-2023-1-edital-da-1a-etapa-foi-divulgado\/\"]}]},{\"@type\":\"ImageObject\",\"inLanguage\":\"pt-BR\",\"@id\":\"https:\/\/med.estrategia.com\/portal\/noticias\/revalida-2023-1-edital-da-1a-etapa-foi-divulgado\/#primaryimage\",\"url\":\"https:\/\/med.estrategia.com\/portal\/wp-content\/uploads\/2023\/01\/coverWP_publica_bgfoto_logo-13.jpg\",\"contentUrl\":\"https:\/\/med.estrategia.com\/portal\/wp-content\/uploads\/2023\/01\/coverWP_publica_bgfoto_logo-13.jpg\",\"width\":1200,\"height\":800,\"caption\":\"Cr\u00e9ditos: Estrat\u00e9gia MED e Inep\"},{\"@type\":\"BreadcrumbList\",\"@id\":\"https:\/\/med.estrategia.com\/portal\/noticias\/revalida-2023-1-edital-da-1a-etapa-foi-divulgado\/#breadcrumb\",\"itemListElement\":[{\"@type\":\"ListItem\",\"position\":1,\"name\":\"Home\",\"item\":\"https:\/\/med.estrategia.com\/portal\/\"},{\"@type\":\"ListItem\",\"position\":2,\"name\":\"Not\u00edcias\",\"item\":\"https:\/\/med.estrategia.com\/portal\/noticias\/\"},{\"@type\":\"ListItem\",\"position\":3,\"name\":\"Revalida 2023\/1: edital da 1\u00aa etapa foi divulgado\"}]},{\"@type\":\"WebSite\",\"@id\":\"https:\/\/med.estrategia.com\/portal\/#website\",\"url\":\"https:\/\/med.estrategia.com\/portal\/\",\"name\":\"Estrat\u00e9gia MED\",\"description\":\"\",\"potentialAction\":[{\"@type\":\"SearchAction\",\"target\":{\"@type\":\"EntryPoint\",\"urlTemplate\":\"https:\/\/med.estrategia.com\/portal\/?s={search_term_string}\"},\"query-input\":{\"@type\":\"PropertyValueSpecification\",\"valueRequired\":true,\"valueName\":\"search_term_string\"}}],\"inLanguage\":\"pt-BR\"},{\"@type\":\"Person\",\"@id\":\"https:\/\/med.estrategia.com\/portal\/#\/schema\/person\/8e7c9b2f53f2eede3b8880ad86ff20a3\",\"name\":\"Erika Coelho\",\"image\":{\"@type\":\"ImageObject\",\"inLanguage\":\"pt-BR\",\"@id\":\"https:\/\/med.estrategia.com\/portal\/#\/schema\/person\/image\/\",\"url\":\"https:\/\/secure.gravatar.com\/avatar\/8ef9ff2e2fa53829c640cca8d1a45178?s=96&d=mm&r=g\",\"contentUrl\":\"https:\/\/secure.gravatar.com\/avatar\/8ef9ff2e2fa53829c640cca8d1a45178?s=96&d=mm&r=g\",\"caption\":\"Erika Coelho\"},\"description\":\"Jornalista pela Universidade Presbiteriana Mackenzie, escrevo sobre educa\u00e7\u00e3o, sa\u00fade e pol\u00edticas p\u00fablicas\",\"url\":\"https:\/\/med.estrategia.com\/portal\/author\/erika\/\"}]}<\/script>\n<!-- \/ Yoast SEO Premium plugin. -->","yoast_head_json":{"title":"Revalida 2023\/1: edital da 1\u00aa etapa foi divulgado","robots":{"index":"index","follow":"follow","max-snippet":"max-snippet:-1","max-image-preview":"max-image-preview:large","max-video-preview":"max-video-preview:-1"},"canonical":"https:\/\/med.estrategia.com\/portal\/noticias\/revalida-2023-1-edital-da-1a-etapa-foi-divulgado\/","og_locale":"pt_BR","og_type":"article","og_title":"Revalida 2023\/1: edital da 1\u00aa etapa foi divulgado","og_description":"As provas objetiva e dissertativa ser\u00e3o aplicadas no dia 5 de mar\u00e7o de 2023","og_url":"https:\/\/med.estrategia.com\/portal\/noticias\/revalida-2023-1-edital-da-1a-etapa-foi-divulgado\/","og_site_name":"Estrat\u00e9gia MED","article_publisher":"https:\/\/www.facebook.com\/estrategiamed1","article_published_time":"2023-01-04T11:07:21+00:00","article_modified_time":"2023-09-05T21:53:50+00:00","og_image":[{"width":1200,"height":800,"url":"https:\/\/cdn.medblog.estrategiaeducacional.com.br\/wp-content\/uploads\/2023\/01\/coverWP_publica_bgfoto_logo-13.jpg","type":"image\/jpeg"}],"author":"Erika Coelho","twitter_card":"summary_large_image","twitter_creator":"@estrategiamed_","twitter_site":"@estrategiamed_","twitter_misc":{"Escrito por":"Erika Coelho","Est. tempo de leitura":"2 minutos"},"schema":{"@context":"https:\/\/schema.org","@graph":[{"@type":"WebPage","@id":"https:\/\/med.estrategia.com\/portal\/noticias\/revalida-2023-1-edital-da-1a-etapa-foi-divulgado\/","url":"https:\/\/med.estrategia.com\/portal\/noticias\/revalida-2023-1-edital-da-1a-etapa-foi-divulgado\/","name":"Revalida 2023\/1: edital da 1\u00aa etapa foi divulgado","isPartOf":{"@id":"https:\/\/med.estrategia.com\/portal\/#website"},"primaryImageOfPage":{"@id":"https:\/\/med.estrategia.com\/portal\/noticias\/revalida-2023-1-edital-da-1a-etapa-foi-divulgado\/#primaryimage"},"image":{"@id":"https:\/\/med.estrategia.com\/portal\/noticias\/revalida-2023-1-edital-da-1a-etapa-foi-divulgado\/#primaryimage"},"thumbnailUrl":"https:\/\/med.estrategia.com\/portal\/wp-content\/uploads\/2023\/01\/coverWP_publica_bgfoto_logo-13.jpg","datePublished":"2023-01-04T11:07:21+00:00","dateModified":"2023-09-05T21:53:50+00:00","author":{"@id":"https:\/\/med.estrategia.com\/portal\/#\/schema\/person\/8e7c9b2f53f2eede3b8880ad86ff20a3"},"breadcrumb":{"@id":"https:\/\/med.estrategia.com\/portal\/noticias\/revalida-2023-1-edital-da-1a-etapa-foi-divulgado\/#breadcrumb"},"inLanguage":"pt-BR","potentialAction":[{"@type":"ReadAction","target":["https:\/\/med.estrategia.com\/portal\/noticias\/revalida-2023-1-edital-da-1a-etapa-foi-divulgado\/"]}]},{"@type":"ImageObject","inLanguage":"pt-BR","@id":"https:\/\/med.estrategia.com\/portal\/noticias\/revalida-2023-1-edital-da-1a-etapa-foi-divulgado\/#primaryimage","url":"https:\/\/med.estrategia.com\/portal\/wp-content\/uploads\/2023\/01\/coverWP_publica_bgfoto_logo-13.jpg","contentUrl":"https:\/\/med.estrategia.com\/portal\/wp-content\/uploads\/2023\/01\/coverWP_publica_bgfoto_logo-13.jpg","width":1200,"height":800,"caption":"Cr\u00e9ditos: Estrat\u00e9gia MED e Inep"},{"@type":"BreadcrumbList","@id":"https:\/\/med.estrategia.com\/portal\/noticias\/revalida-2023-1-edital-da-1a-etapa-foi-divulgado\/#breadcrumb","itemListElement":[{"@type":"ListItem","position":1,"name":"Home","item":"https:\/\/med.estrategia.com\/portal\/"},{"@type":"ListItem","position":2,"name":"Not\u00edcias","item":"https:\/\/med.estrategia.com\/portal\/noticias\/"},{"@type":"ListItem","position":3,"name":"Revalida 2023\/1: edital da 1\u00aa etapa foi divulgado"}]},{"@type":"WebSite","@id":"https:\/\/med.estrategia.com\/portal\/#website","url":"https:\/\/med.estrategia.com\/portal\/","name":"Estrat\u00e9gia MED","description":"","potentialAction":[{"@type":"SearchAction","target":{"@type":"EntryPoint","urlTemplate":"https:\/\/med.estrategia.com\/portal\/?s={search_term_string}"},"query-input":{"@type":"PropertyValueSpecification","valueRequired":true,"valueName":"search_term_string"}}],"inLanguage":"pt-BR"},{"@type":"Person","@id":"https:\/\/med.estrategia.com\/portal\/#\/schema\/person\/8e7c9b2f53f2eede3b8880ad86ff20a3","name":"Erika Coelho","image":{"@type":"ImageObject","inLanguage":"pt-BR","@id":"https:\/\/med.estrategia.com\/portal\/#\/schema\/person\/image\/","url":"https:\/\/secure.gravatar.com\/avatar\/8ef9ff2e2fa53829c640cca8d1a45178?s=96&d=mm&r=g","contentUrl":"https:\/\/secure.gravatar.com\/avatar\/8ef9ff2e2fa53829c640cca8d1a45178?s=96&d=mm&r=g","caption":"Erika Coelho"},"description":"Jornalista pela Universidade Presbiteriana Mackenzie, escrevo sobre educa\u00e7\u00e3o, sa\u00fade e pol\u00edticas p\u00fablicas","url":"https:\/\/med.estrategia.com\/portal\/author\/erika\/"}]}},"_wl_alt_label":[],"wl:entity_url":"\/post\/revalida-2023-1-edital-da-1a-etapa-foi-divulgado","_links":{"self":[{"href":"https:\/\/med.estrategia.com\/portal\/wp-json\/wp\/v2\/posts\/33241","targetHints":{"allow":["GET"]}}],"collection":[{"href":"https:\/\/med.estrategia.com\/portal\/wp-json\/wp\/v2\/posts"}],"about":[{"href":"https:\/\/med.estrategia.com\/portal\/wp-json\/wp\/v2\/types\/post"}],"author":[{"embeddable":true,"href":"https:\/\/med.estrategia.com\/portal\/wp-json\/wp\/v2\/users\/22"}],"replies":[{"embeddable":true,"href":"https:\/\/med.estrategia.com\/portal\/wp-json\/wp\/v2\/comments?post=33241"}],"version-history":[{"count":7,"href":"https:\/\/med.estrategia.com\/portal\/wp-json\/wp\/v2\/posts\/33241\/revisions"}],"predecessor-version":[{"id":46370,"href":"https:\/\/med.estrategia.com\/portal\/wp-json\/wp\/v2\/posts\/33241\/revisions\/46370"}],"wp:featuredmedia":[{"embeddable":true,"href":"https:\/\/med.estrategia.com\/portal\/wp-json\/wp\/v2\/media\/33243"}],"wp:attachment":[{"href":"https:\/\/med.estrategia.com\/portal\/wp-json\/wp\/v2\/media?parent=33241"}],"wp:term":[{"taxonomy":"category","embeddable":true,"href":"https:\/\/med.estrategia.com\/portal\/wp-json\/wp\/v2\/categories?post=33241"},{"taxonomy":"post_tag","embeddable":true,"href":"https:\/\/med.estrategia.com\/portal\/wp-json\/wp\/v2\/tags?post=33241"},{"taxonomy":"wl_entity_type","embeddable":true,"href":"https:\/\/med.estrategia.com\/portal\/wp-json\/wp\/v2\/wl_entity_type?post=33241"}],"curies":[{"name":"wp","href":"https:\/\/api.w.org\/{rel}","templated":true}]}}