{"id":33962,"date":"2023-01-23T10:54:18","date_gmt":"2023-01-23T13:54:18","guid":{"rendered":"https:\/\/med.estrategia.com\/portal\/?p=33962"},"modified":"2023-01-27T13:30:35","modified_gmt":"2023-01-27T16:30:35","slug":"enare-2022-2023-1a-oportunidade-de-escolha-das-vagas-esta-aberta","status":"publish","type":"post","link":"https:\/\/med.estrategia.com\/portal\/noticias\/enare-2022-2023-1a-oportunidade-de-escolha-das-vagas-esta-aberta\/","title":{"rendered":"Enare 2022\/2023: 1\u00aa oportunidade de escolha das vagas est\u00e1 aberta"},"content":{"rendered":"<p>Nesta segunda-feira, 23 de janeiro, a Ebserh liberou o sistema informatizado em que os candidatos participantes do Exame Nacional de Resid&ecirc;ncia M&eacute;dica (<strong>ENARE<\/strong>) poder&atilde;o escolher, dentre as institui&ccedil;&otilde;es participantes,&nbsp;<strong>onde ir&atilde;o realizar a Resid&ecirc;ncia M&eacute;dica<\/strong> a partir de 2023. A escolha acontecer&aacute; tendo como base a nota final divulgada em 28 de dezembro. Confira:<div class=\"wp-block-buttons is-content-justification-center is-layout-flex wp-container-core-buttons-is-layout-1 wp-block-buttons-is-layout-flex\">\n<div class=\"wp-block-button\"><a class=\"wp-block-button__link wp-element-button\" href=\"https:\/\/med.estrategia.com\/portal\/wp-content\/uploads\/2022\/12\/anexounico_ed_result_anal_curricular_posrec_notafinal_enare2022.pdf\" target=\"_blank\">Nota final Enare 2022\/2023<\/a><\/div>\n\n\n\n<div class=\"wp-block-button\"><a class=\"wp-block-button__link wp-element-button\" href=\"https:\/\/enare.ebserh.gov.br\/validar-candidato-enare.jsp\" target=\"_blank\">Acesse o Sistema de Escolha<\/a><\/div>\n<\/div><p>A nota final foi obtida a partir da seguinte f&oacute;rmula:<\/p><p class=\"wp-block-verse has-text-align-center\">Nota final (NF) = (Nota da 1&ordf; Etapa x 9) + (Nota da 2&ordf; Etapa x 1) + (Pontua&ccedil;&atilde;o Adicional)<\/p><p>\n\n\n<div id=\"new-form\">\n\t<form id=\"forms_layout\">\n\t<input type=\"hidden\" id=\"chave_de\" name=\"chave_de\" value=\"01_EMED_LEADS_TOTAIS\" \/>\n\t\t<input type=\"hidden\" id=\"mid\" name=\"mid\" value=\"515009018\" \/>\n\t\t<input type=\"hidden\" id=\"Objetivo\" name=\"Objetivo\" value=\"Medicina\" \/>\n\t\t<input type=\"hidden\" id=\"Estado_de_Origem_do_IP\" name=\"Estado_de_Origem_do_IP\"  value=\"\" \/>\n\t\t<input type=\"hidden\" id=\"Cidade_de_Origem_do_IP\" name=\"Cidade_de_Origem_do_IP\" value=\"\" \/>\n\t\t<input type=\"hidden\" id=\"Modo_de_entrada\" name=\"Modo_de_entrada\" value=\"Portal\" \/>\n\t\t<input type=\"hidden\" id=\"Pagina_Origem\" name=\"Pagina_Origem\" value=\"\" \/>\n\n\t\t<div class=\"texto\">\n\t\t\t<h3 class=\"news\">Inscreva-se em nossa newsletter!<\/h3>\n\t\t\t<p>Receba not\u00edcias sobre resid\u00eancia m\u00e9dica, revalida\u00e7\u00e3o de diplomas e concursos m\u00e9dicos, al\u00e9m de materiais de estudo gratuitos e informa\u00e7\u00f5es relevantes do mundo da Medicina.<\/p>\n\t\t<\/div>\n\t\t<div class=\"campos\">\n\t\t\t<div class=\"first_name labels\">\n\t\t\t\t<input type=\"text\" class=\"input_labels\" id=\"first_name\" name=\"Nome_Completo\" placeholder=\"Nome\" required \/>\n\t\t\t<\/div>\n\t\t\t<div class=\"email labels\">\n\t\t\t\t<input type=\"email\" class=\"input_labels\" id=\"email\" name=\"Email\" placeholder=\"E-mail\" required \/>\n\t\t\t<\/div>\n\t\t\t<button type=\"submit\" class=\"button_layout\">\n\t\t\t\t<div id=\"lblBotao\">Inscreva-se<\/div>\n\t\t\t\t<span id=\"divSpiner\" class=\"loader\" role=\"status\" style=\"display: none;\"><\/span>\t\n\t\t\t<\/button>\n\t\t<\/div><!-- \/campos -->\n\t\t\n\t\t<label class=\"container_checkbox\">Voc\u00ea concorda com a nossa\n\t\t\t<a class=\"politics_privacy_ahref\" target=\"_blank\" href=\"https:\/\/gratis.estrategiaconcursos.com.br\/politica-de-privacidade\/\">Pol\u00edtica de Privacidade<\/a> e aceita receber informa\u00e7\u00f5es adicionais do Estrat\u00e9gia Educacional.\n\t\t\t<input id=\"checkbox_layout\" type=\"checkbox\" checked=\"checked\" required \/>\n\t\t\t<span class=\"checkbox\"><\/span>\n\t\t<\/label>\n\t\t<div id=\"msg\"><\/div>\n\t\t<div id=\"error\" class=\"error\">\n\t\t<\/div>\n\t<\/form>\n<\/div><!-- \/new-form -->\n\n\n\n<\/p><div id=\"ez-toc-container\" class=\"ez-toc-v2_0_79_2 counter-hierarchy ez-toc-counter ez-toc-transparent ez-toc-container-direction\">\n<div class=\"ez-toc-title-container\"><p class=\"ez-toc-title\" style=\"cursor:inherit\">Navegue pelo conte\u00fado<\/p>\n<\/div><nav><ul class='ez-toc-list ez-toc-list-level-1 ' ><li class='ez-toc-page-1 ez-toc-heading-level-2'><a class=\"ez-toc-link ez-toc-heading-1\" href=\"https:\/\/med.estrategia.com\/portal\/noticias\/enare-2022-2023-1a-oportunidade-de-escolha-das-vagas-esta-aberta\/#Cronograma-Enare-2023\" >Cronograma Enare 2023<\/a><\/li><li class='ez-toc-page-1 ez-toc-heading-level-2'><a class=\"ez-toc-link ez-toc-heading-2\" href=\"https:\/\/med.estrategia.com\/portal\/noticias\/enare-2022-2023-1a-oportunidade-de-escolha-das-vagas-esta-aberta\/#Como-funciona-a-1a-oportunidade-de-escolha-da-instituicao\" >Como funciona a 1&ordf; oportunidade de escolha da institui&ccedil;&atilde;o&nbsp;<\/a><\/li><li class='ez-toc-page-1 ez-toc-heading-level-2'><a class=\"ez-toc-link ez-toc-heading-3\" href=\"https:\/\/med.estrategia.com\/portal\/noticias\/enare-2022-2023-1a-oportunidade-de-escolha-das-vagas-esta-aberta\/#Enare-%E2%80%93-Exame-Nacional-de-Residencia-Medica\" >Enare &ndash; Exame Nacional de Resid&ecirc;ncia M&eacute;dica<\/a><\/li><\/ul><\/nav><\/div>\n<h2 class=\"wp-block-heading\" id=\"h-cronograma-enare-2023\"><span class=\"ez-toc-section\" id=\"Cronograma-Enare-2023\"><\/span>Cronograma Enare 2023<span class=\"ez-toc-section-end\"><\/span><\/h2><p>Confira as pr&oacute;ximas datas previstas para a etapa final do processo seletivo:<\/p><ul class=\"wp-block-list\">\n<li><strong>Nota final e classifica&ccedil;&atilde;o geral dos candidatos: <\/strong>28\/12\/2022;<\/li>\n\n\n\n<li><strong>Escolha das vagas &ndash; 1&ordf; oportunidade:&nbsp;<\/strong>23\/01 a 26\/01\/2023;<\/li>\n\n\n\n<li><strong>Resultado 1&ordf; oportunidade:<\/strong> 27\/01\/2023;<\/li>\n\n\n\n<li><strong>Escolha das vagas &ndash; 2&ordf; oportunidade:<\/strong> 28\/01 a 30\/01\/2023;<\/li>\n\n\n\n<li><strong>Resultado 2&ordf; oportunidade: <\/strong>31\/01\/2023;<\/li>\n\n\n\n<li><strong>Escolha das vagas &ndash; 3&ordf; oportunidade: <\/strong>01\/02 e 02\/02\/2023; e<\/li>\n\n\n\n<li><strong>Resultado 3&ordf; oportunidade: <\/strong>03\/02\/2023.<\/li>\n\n\n\n<li><strong>Registro e Matr&iacute;cula: <\/strong>fevereiro de 2022 (previs&atilde;o).<\/li>\n<\/ul><h2 class=\"wp-block-heading\" id=\"h-como-funciona-a-1&ordf;-oportunidade-de-escolha-da-instituicao\"><span class=\"ez-toc-section\" id=\"Como-funciona-a-1a-oportunidade-de-escolha-da-instituicao\"><\/span>Como funciona a 1&ordf; oportunidade de escolha da institui&ccedil;&atilde;o&nbsp;<span class=\"ez-toc-section-end\"><\/span><\/h2><p>O sistema ficar&aacute; aberto para a <strong>1&ordf; oportunidade de escolha<\/strong> entre os dias <strong>23 a 26 de janeiro de 2023<\/strong> e cada candidato deve <strong>sinalizar a sua op&ccedil;&atilde;o<\/strong>. Para escolher a institui&ccedil;&atilde;o, o participante dever&aacute; buscar, dentre as dispon&iacute;veis e que oferecem a sua especialidade, alguma com a <strong>nota de corte igual ou inferior a sua nota final <\/strong>do Enare 2022\/2023.&nbsp;<\/p><p>Lembrando que &eacute; poss&iacute;vel a escolha de<strong> uma &uacute;nica institui&ccedil;&atilde;o por vez<\/strong>, por&eacute;m voc&ecirc; poder&aacute; trocar de escolha <strong>diversas vezes por dia <\/strong>no sistema.<\/p><p>Um <strong>exemplo<\/strong> seria um <em>candidato para a especialidade de Anestesiologia<\/em>, que gostaria de concorrer &agrave;s vagas oferecidas na <em>Universidade Federal de Minas Gerais<\/em>, cuja nota de corte para a especialidade foi <em>831.00<\/em>. Nesse caso, <strong>se o candidato possuir nota igual ou superior, a UFMG seria uma boa escolha<\/strong>, mas <strong>caso contr&aacute;rio<\/strong>, seria <strong>interessante ele escolher uma institui&ccedil;&atilde;o com nota de corte menor<\/strong>.&nbsp;<\/p><p>Dado o prazo de escolha, a <strong>1&ordf; classifica&ccedil;&atilde;o por institui&ccedil;&atilde;o <\/strong>sair&aacute; no dia <strong>27 de janeiro<\/strong> e ir&aacute; privilegiar os <strong>candidatos inscritos com as melhores notas<\/strong>, determinando quem segue para o <strong>processo de matr&iacute;cula<\/strong>, que ocorrer&aacute; em <strong>prazo acordado com a institui&ccedil;&atilde;o<\/strong>.<\/p><p>A <strong>escolha de vagas ser&aacute; reaberta<\/strong> entre os dias <strong>28 e 30 de janeiro<\/strong> para que as <strong>vagas ociosas<\/strong> sejam preenchidas na <strong>2&ordf; oportunidade <\/strong>de escolha <strong>apenas por candidatos que ficaram de fora da primeira lista<\/strong>. Os candidatos <strong>participar&atilde;o de um processo exatamente igual ao da 1&ordf; oportunidade,<\/strong> por&eacute;m com menos vagas<strong>.<\/strong><\/p><p class=\"wp-block-verse\">Quer saber mais sobre a escolha de vagas do Enare, nota de corte e passo a passo desta etapa? Acesse: <a href=\"https:\/\/med.estrategia.com\/portal\/residencia-medica\/entenda-como-vai-funcionar-a-escolha-da-instituicao-para-o-enare-2022-2023\/\" target=\"_blank\">Entenda como vai funcionar a escolha da institui&ccedil;&atilde;o para o Enare 2022\/2023<\/a><\/p><h2 class=\"wp-block-heading\"><span class=\"ez-toc-section\" id=\"Enare-%E2%80%93-Exame-Nacional-de-Residencia-Medica\"><\/span>Enare &ndash; Exame Nacional de Resid&ecirc;ncia M&eacute;dica<span class=\"ez-toc-section-end\"><\/span><\/h2><p>Considerado o&nbsp;<strong>ENEM da Resid&ecirc;ncia M&eacute;dica<\/strong>, o Exame Nacional de Resid&ecirc;ncia M&eacute;dica (ENARE) foi elaborado pela&nbsp;<strong>Ebserh<\/strong>, em parceria com o&nbsp;<strong>Minist&eacute;rio da Educa&ccedil;&atilde;o (MEC)<\/strong>, com o objetivo de otimizar a forma de selecionar os residentes m&eacute;dicos, melhorando a experi&ecirc;ncia tantos das institui&ccedil;&otilde;es quanto dos candidatos.&nbsp;<\/p><p>Atualmente, o modelo de sele&ccedil;&atilde;o da maioria dos programas de Resid&ecirc;ncia M&eacute;dica atende a cronogramas e crit&eacute;rios particulares de cada institui&ccedil;&atilde;o. Mas com o ENARE &ndash; Ebserh, a tend&ecirc;ncia &eacute;&nbsp;<strong>unificar os exames e os procedimentos de avalia&ccedil;&atilde;o e candidatura<\/strong>, permitindo que mais candidatos concorram a vagas de seu interesse, independentemente das condi&ccedil;&otilde;es, como localiza&ccedil;&atilde;o geogr&aacute;fica ou limita&ccedil;&atilde;o financeira do candidato.&nbsp;<\/p><p>Para ingresso dos residentes em 2023, a edi&ccedil;&atilde;o atual teve seu edital publicado no dia 23 de agosto de 2022 e <strong>conta com 2.671 vagas, distribu&iacute;das em 77 institui&ccedil;&otilde;es participantes e 27.755 inscritos.<\/strong> Abaixo voc&ecirc; pode conferir os textos exclusivos que preparamos sobre o Enare 2022\/2023:<\/p><div class=\"wp-block-buttons is-content-justification-center is-layout-flex wp-container-core-buttons-is-layout-2 wp-block-buttons-is-layout-flex\">\n<div class=\"wp-block-button\"><a class=\"wp-block-button__link wp-element-button\" href=\"https:\/\/med.estrategia.com\/portal\/residencia-medica\/enare-vagas-cronograma-provas-edital\" target=\"_blank\">Tudo sobre o Enare 2022\/2023<\/a><\/div>\n\n\n\n<div class=\"wp-block-button\"><a class=\"wp-block-button__link wp-element-button\" href=\"https:\/\/med.estrategia.com\/portal\/residencia-medica\/enare-instituicoes\/\" target=\"_blank\">Institui&ccedil;&otilde;es Participantes Enare 2022\/2023<\/a><\/div>\n\n\n\n<div class=\"wp-block-button\"><a class=\"wp-block-button__link wp-element-button\" href=\"https:\/\/med.estrategia.com\/portal\/residencia-medica\/enare-relacao-candidato-vaga\/\" target=\"_blank\">Concorr&ecirc;ncia Enare 2022\/2023<\/a><\/div>\n<\/div><p>Para ficar por dentro dos seletivos de Resid&ecirc;ncia M&eacute;dica, Processos de Revalida&ccedil;&atilde;o de diplomas e conte&uacute;dos t&eacute;cnicos, continue acessando o Portal do Estrat&eacute;gia MED!&nbsp;<br><br><em>Texto em colabora&ccedil;&atilde;o de Mara Rodrigues e Ana Carolina Damasceno<\/em><\/p><p>\n\n\n\n\n\n<a id=\"cta\" class=\"cta-imagem\" href=\"https:\/\/med.estrategia.com\/curso\/banco-de-questes-resumos-estrategicos-anual\/\" target=\"blank\">\n                <img decoding=\"async\" width=\"100%\" src=\"https:\/\/med.estrategia.com\/portal\/wp-content\/uploads\/2025\/08\/banco_questoes.png\" alt=\"banco_questoes\" title=\"banco_questoes\">\n        <\/a>\n<\/p><\/p>\n","protected":false},"excerpt":{"rendered":"O sistema para escolha de vagas na primeira oportunidade segue dispon\u00edvel at\u00e9 o dia 26 e o resultado ser\u00e1 divulgado em 27 de janeiro de 2023\n","protected":false},"author":22,"featured_media":24893,"comment_status":"closed","ping_status":"closed","sticky":false,"template":"","format":"standard","meta":{"wl_entities_gutenberg":"","footnotes":""},"categories":[300],"tags":[],"wl_entity_type":[199],"class_list":{"0":"post-33962","1":"post","2":"type-post","3":"status-publish","4":"format-standard","5":"has-post-thumbnail","7":"category-noticias","8":"wl_entity_type-article"},"acf":[],"yoast_head":"<!-- This site is optimized with the Yoast SEO Premium plugin v26.6 (Yoast SEO v26.6) - https:\/\/yoast.com\/wordpress\/plugins\/seo\/ -->\n<title>Enare 2022\/2023: 1\u00aa oportunidade de escolha das vagas est\u00e1 aberta<\/title>\n<meta name=\"robots\" content=\"index, follow, max-snippet:-1, max-image-preview:large, max-video-preview:-1\" \/>\n<link rel=\"canonical\" href=\"https:\/\/med.estrategia.com\/portal\/noticias\/enare-2022-2023-1a-oportunidade-de-escolha-das-vagas-esta-aberta\/\" \/>\n<meta property=\"og:locale\" content=\"pt_BR\" \/>\n<meta property=\"og:type\" content=\"article\" \/>\n<meta property=\"og:title\" content=\"Enare 2022\/2023: 1\u00aa oportunidade de escolha das vagas est\u00e1 aberta\" \/>\n<meta property=\"og:description\" content=\"O sistema para escolha de vagas na primeira oportunidade segue dispon\u00edvel at\u00e9 o dia 26 e o resultado ser\u00e1 divulgado em 27 de janeiro de 2023\" \/>\n<meta property=\"og:url\" content=\"https:\/\/med.estrategia.com\/portal\/noticias\/enare-2022-2023-1a-oportunidade-de-escolha-das-vagas-esta-aberta\/\" \/>\n<meta property=\"og:site_name\" content=\"Estrat\u00e9gia MED\" \/>\n<meta property=\"article:publisher\" content=\"https:\/\/www.facebook.com\/estrategiamed1\" \/>\n<meta property=\"article:published_time\" content=\"2023-01-23T13:54:18+00:00\" \/>\n<meta property=\"article:modified_time\" content=\"2023-01-27T16:30:35+00:00\" \/>\n<meta property=\"og:image\" content=\"https:\/\/cdn.medblog.estrategiaeducacional.com.br\/wp-content\/uploads\/2022\/09\/coverWP_publica_bgfoto_logo.jpg\" \/>\n\t<meta property=\"og:image:width\" content=\"1200\" \/>\n\t<meta property=\"og:image:height\" content=\"800\" \/>\n\t<meta property=\"og:image:type\" content=\"image\/jpeg\" \/>\n<meta name=\"author\" content=\"Erika Coelho\" \/>\n<meta name=\"twitter:card\" content=\"summary_large_image\" \/>\n<meta name=\"twitter:creator\" content=\"@estrategiamed_\" \/>\n<meta name=\"twitter:site\" content=\"@estrategiamed_\" \/>\n<meta name=\"twitter:label1\" content=\"Escrito por\" \/>\n\t<meta name=\"twitter:data1\" content=\"Erika Coelho\" \/>\n\t<meta name=\"twitter:label2\" content=\"Est. tempo de leitura\" \/>\n\t<meta name=\"twitter:data2\" content=\"3 minutos\" \/>\n<script type=\"application\/ld+json\" class=\"yoast-schema-graph\">{\"@context\":\"https:\/\/schema.org\",\"@graph\":[{\"@type\":\"WebPage\",\"@id\":\"https:\/\/med.estrategia.com\/portal\/noticias\/enare-2022-2023-1a-oportunidade-de-escolha-das-vagas-esta-aberta\/\",\"url\":\"https:\/\/med.estrategia.com\/portal\/noticias\/enare-2022-2023-1a-oportunidade-de-escolha-das-vagas-esta-aberta\/\",\"name\":\"Enare 2022\/2023: 1\u00aa oportunidade de escolha das vagas est\u00e1 aberta\",\"isPartOf\":{\"@id\":\"https:\/\/med.estrategia.com\/portal\/#website\"},\"primaryImageOfPage\":{\"@id\":\"https:\/\/med.estrategia.com\/portal\/noticias\/enare-2022-2023-1a-oportunidade-de-escolha-das-vagas-esta-aberta\/#primaryimage\"},\"image\":{\"@id\":\"https:\/\/med.estrategia.com\/portal\/noticias\/enare-2022-2023-1a-oportunidade-de-escolha-das-vagas-esta-aberta\/#primaryimage\"},\"thumbnailUrl\":\"https:\/\/med.estrategia.com\/portal\/wp-content\/uploads\/2022\/09\/coverWP_publica_bgfoto_logo.jpg\",\"datePublished\":\"2023-01-23T13:54:18+00:00\",\"dateModified\":\"2023-01-27T16:30:35+00:00\",\"author\":{\"@id\":\"https:\/\/med.estrategia.com\/portal\/#\/schema\/person\/8e7c9b2f53f2eede3b8880ad86ff20a3\"},\"breadcrumb\":{\"@id\":\"https:\/\/med.estrategia.com\/portal\/noticias\/enare-2022-2023-1a-oportunidade-de-escolha-das-vagas-esta-aberta\/#breadcrumb\"},\"inLanguage\":\"pt-BR\",\"potentialAction\":[{\"@type\":\"ReadAction\",\"target\":[\"https:\/\/med.estrategia.com\/portal\/noticias\/enare-2022-2023-1a-oportunidade-de-escolha-das-vagas-esta-aberta\/\"]}]},{\"@type\":\"ImageObject\",\"inLanguage\":\"pt-BR\",\"@id\":\"https:\/\/med.estrategia.com\/portal\/noticias\/enare-2022-2023-1a-oportunidade-de-escolha-das-vagas-esta-aberta\/#primaryimage\",\"url\":\"https:\/\/med.estrategia.com\/portal\/wp-content\/uploads\/2022\/09\/coverWP_publica_bgfoto_logo.jpg\",\"contentUrl\":\"https:\/\/med.estrategia.com\/portal\/wp-content\/uploads\/2022\/09\/coverWP_publica_bgfoto_logo.jpg\",\"width\":1200,\"height\":800,\"caption\":\"Cr\u00e9ditos: Estrat\u00e9gia MED e Ebserh\"},{\"@type\":\"BreadcrumbList\",\"@id\":\"https:\/\/med.estrategia.com\/portal\/noticias\/enare-2022-2023-1a-oportunidade-de-escolha-das-vagas-esta-aberta\/#breadcrumb\",\"itemListElement\":[{\"@type\":\"ListItem\",\"position\":1,\"name\":\"Home\",\"item\":\"https:\/\/med.estrategia.com\/portal\/\"},{\"@type\":\"ListItem\",\"position\":2,\"name\":\"Not\u00edcias\",\"item\":\"https:\/\/med.estrategia.com\/portal\/noticias\/\"},{\"@type\":\"ListItem\",\"position\":3,\"name\":\"Enare 2022\/2023: 1\u00aa oportunidade de escolha das vagas est\u00e1 aberta\"}]},{\"@type\":\"WebSite\",\"@id\":\"https:\/\/med.estrategia.com\/portal\/#website\",\"url\":\"https:\/\/med.estrategia.com\/portal\/\",\"name\":\"Estrat\u00e9gia MED\",\"description\":\"\",\"potentialAction\":[{\"@type\":\"SearchAction\",\"target\":{\"@type\":\"EntryPoint\",\"urlTemplate\":\"https:\/\/med.estrategia.com\/portal\/?s={search_term_string}\"},\"query-input\":{\"@type\":\"PropertyValueSpecification\",\"valueRequired\":true,\"valueName\":\"search_term_string\"}}],\"inLanguage\":\"pt-BR\"},{\"@type\":\"Person\",\"@id\":\"https:\/\/med.estrategia.com\/portal\/#\/schema\/person\/8e7c9b2f53f2eede3b8880ad86ff20a3\",\"name\":\"Erika Coelho\",\"image\":{\"@type\":\"ImageObject\",\"inLanguage\":\"pt-BR\",\"@id\":\"https:\/\/med.estrategia.com\/portal\/#\/schema\/person\/image\/\",\"url\":\"https:\/\/secure.gravatar.com\/avatar\/8ef9ff2e2fa53829c640cca8d1a45178?s=96&d=mm&r=g\",\"contentUrl\":\"https:\/\/secure.gravatar.com\/avatar\/8ef9ff2e2fa53829c640cca8d1a45178?s=96&d=mm&r=g\",\"caption\":\"Erika Coelho\"},\"description\":\"Jornalista pela Universidade Presbiteriana Mackenzie, escrevo sobre educa\u00e7\u00e3o, sa\u00fade e pol\u00edticas p\u00fablicas\",\"url\":\"https:\/\/med.estrategia.com\/portal\/author\/erika\/\"}]}<\/script>\n<!-- \/ Yoast SEO Premium plugin. -->","yoast_head_json":{"title":"Enare 2022\/2023: 1\u00aa oportunidade de escolha das vagas est\u00e1 aberta","robots":{"index":"index","follow":"follow","max-snippet":"max-snippet:-1","max-image-preview":"max-image-preview:large","max-video-preview":"max-video-preview:-1"},"canonical":"https:\/\/med.estrategia.com\/portal\/noticias\/enare-2022-2023-1a-oportunidade-de-escolha-das-vagas-esta-aberta\/","og_locale":"pt_BR","og_type":"article","og_title":"Enare 2022\/2023: 1\u00aa oportunidade de escolha das vagas est\u00e1 aberta","og_description":"O sistema para escolha de vagas na primeira oportunidade segue dispon\u00edvel at\u00e9 o dia 26 e o resultado ser\u00e1 divulgado em 27 de janeiro de 2023","og_url":"https:\/\/med.estrategia.com\/portal\/noticias\/enare-2022-2023-1a-oportunidade-de-escolha-das-vagas-esta-aberta\/","og_site_name":"Estrat\u00e9gia MED","article_publisher":"https:\/\/www.facebook.com\/estrategiamed1","article_published_time":"2023-01-23T13:54:18+00:00","article_modified_time":"2023-01-27T16:30:35+00:00","og_image":[{"width":1200,"height":800,"url":"https:\/\/cdn.medblog.estrategiaeducacional.com.br\/wp-content\/uploads\/2022\/09\/coverWP_publica_bgfoto_logo.jpg","type":"image\/jpeg"}],"author":"Erika Coelho","twitter_card":"summary_large_image","twitter_creator":"@estrategiamed_","twitter_site":"@estrategiamed_","twitter_misc":{"Escrito por":"Erika Coelho","Est. tempo de leitura":"3 minutos"},"schema":{"@context":"https:\/\/schema.org","@graph":[{"@type":"WebPage","@id":"https:\/\/med.estrategia.com\/portal\/noticias\/enare-2022-2023-1a-oportunidade-de-escolha-das-vagas-esta-aberta\/","url":"https:\/\/med.estrategia.com\/portal\/noticias\/enare-2022-2023-1a-oportunidade-de-escolha-das-vagas-esta-aberta\/","name":"Enare 2022\/2023: 1\u00aa oportunidade de escolha das vagas est\u00e1 aberta","isPartOf":{"@id":"https:\/\/med.estrategia.com\/portal\/#website"},"primaryImageOfPage":{"@id":"https:\/\/med.estrategia.com\/portal\/noticias\/enare-2022-2023-1a-oportunidade-de-escolha-das-vagas-esta-aberta\/#primaryimage"},"image":{"@id":"https:\/\/med.estrategia.com\/portal\/noticias\/enare-2022-2023-1a-oportunidade-de-escolha-das-vagas-esta-aberta\/#primaryimage"},"thumbnailUrl":"https:\/\/med.estrategia.com\/portal\/wp-content\/uploads\/2022\/09\/coverWP_publica_bgfoto_logo.jpg","datePublished":"2023-01-23T13:54:18+00:00","dateModified":"2023-01-27T16:30:35+00:00","author":{"@id":"https:\/\/med.estrategia.com\/portal\/#\/schema\/person\/8e7c9b2f53f2eede3b8880ad86ff20a3"},"breadcrumb":{"@id":"https:\/\/med.estrategia.com\/portal\/noticias\/enare-2022-2023-1a-oportunidade-de-escolha-das-vagas-esta-aberta\/#breadcrumb"},"inLanguage":"pt-BR","potentialAction":[{"@type":"ReadAction","target":["https:\/\/med.estrategia.com\/portal\/noticias\/enare-2022-2023-1a-oportunidade-de-escolha-das-vagas-esta-aberta\/"]}]},{"@type":"ImageObject","inLanguage":"pt-BR","@id":"https:\/\/med.estrategia.com\/portal\/noticias\/enare-2022-2023-1a-oportunidade-de-escolha-das-vagas-esta-aberta\/#primaryimage","url":"https:\/\/med.estrategia.com\/portal\/wp-content\/uploads\/2022\/09\/coverWP_publica_bgfoto_logo.jpg","contentUrl":"https:\/\/med.estrategia.com\/portal\/wp-content\/uploads\/2022\/09\/coverWP_publica_bgfoto_logo.jpg","width":1200,"height":800,"caption":"Cr\u00e9ditos: Estrat\u00e9gia MED e Ebserh"},{"@type":"BreadcrumbList","@id":"https:\/\/med.estrategia.com\/portal\/noticias\/enare-2022-2023-1a-oportunidade-de-escolha-das-vagas-esta-aberta\/#breadcrumb","itemListElement":[{"@type":"ListItem","position":1,"name":"Home","item":"https:\/\/med.estrategia.com\/portal\/"},{"@type":"ListItem","position":2,"name":"Not\u00edcias","item":"https:\/\/med.estrategia.com\/portal\/noticias\/"},{"@type":"ListItem","position":3,"name":"Enare 2022\/2023: 1\u00aa oportunidade de escolha das vagas est\u00e1 aberta"}]},{"@type":"WebSite","@id":"https:\/\/med.estrategia.com\/portal\/#website","url":"https:\/\/med.estrategia.com\/portal\/","name":"Estrat\u00e9gia MED","description":"","potentialAction":[{"@type":"SearchAction","target":{"@type":"EntryPoint","urlTemplate":"https:\/\/med.estrategia.com\/portal\/?s={search_term_string}"},"query-input":{"@type":"PropertyValueSpecification","valueRequired":true,"valueName":"search_term_string"}}],"inLanguage":"pt-BR"},{"@type":"Person","@id":"https:\/\/med.estrategia.com\/portal\/#\/schema\/person\/8e7c9b2f53f2eede3b8880ad86ff20a3","name":"Erika Coelho","image":{"@type":"ImageObject","inLanguage":"pt-BR","@id":"https:\/\/med.estrategia.com\/portal\/#\/schema\/person\/image\/","url":"https:\/\/secure.gravatar.com\/avatar\/8ef9ff2e2fa53829c640cca8d1a45178?s=96&d=mm&r=g","contentUrl":"https:\/\/secure.gravatar.com\/avatar\/8ef9ff2e2fa53829c640cca8d1a45178?s=96&d=mm&r=g","caption":"Erika Coelho"},"description":"Jornalista pela Universidade Presbiteriana Mackenzie, escrevo sobre educa\u00e7\u00e3o, sa\u00fade e pol\u00edticas p\u00fablicas","url":"https:\/\/med.estrategia.com\/portal\/author\/erika\/"}]}},"_wl_alt_label":[],"wl:entity_url":"\/post\/enare-2022-2023-1a-oportunidade-de-escolha-das-vagas-esta-aberta","_links":{"self":[{"href":"https:\/\/med.estrategia.com\/portal\/wp-json\/wp\/v2\/posts\/33962","targetHints":{"allow":["GET"]}}],"collection":[{"href":"https:\/\/med.estrategia.com\/portal\/wp-json\/wp\/v2\/posts"}],"about":[{"href":"https:\/\/med.estrategia.com\/portal\/wp-json\/wp\/v2\/types\/post"}],"author":[{"embeddable":true,"href":"https:\/\/med.estrategia.com\/portal\/wp-json\/wp\/v2\/users\/22"}],"replies":[{"embeddable":true,"href":"https:\/\/med.estrategia.com\/portal\/wp-json\/wp\/v2\/comments?post=33962"}],"version-history":[{"count":5,"href":"https:\/\/med.estrategia.com\/portal\/wp-json\/wp\/v2\/posts\/33962\/revisions"}],"predecessor-version":[{"id":34242,"href":"https:\/\/med.estrategia.com\/portal\/wp-json\/wp\/v2\/posts\/33962\/revisions\/34242"}],"wp:featuredmedia":[{"embeddable":true,"href":"https:\/\/med.estrategia.com\/portal\/wp-json\/wp\/v2\/media\/24893"}],"wp:attachment":[{"href":"https:\/\/med.estrategia.com\/portal\/wp-json\/wp\/v2\/media?parent=33962"}],"wp:term":[{"taxonomy":"category","embeddable":true,"href":"https:\/\/med.estrategia.com\/portal\/wp-json\/wp\/v2\/categories?post=33962"},{"taxonomy":"post_tag","embeddable":true,"href":"https:\/\/med.estrategia.com\/portal\/wp-json\/wp\/v2\/tags?post=33962"},{"taxonomy":"wl_entity_type","embeddable":true,"href":"https:\/\/med.estrategia.com\/portal\/wp-json\/wp\/v2\/wl_entity_type?post=33962"}],"curies":[{"name":"wp","href":"https:\/\/api.w.org\/{rel}","templated":true}]}}