{"id":35596,"date":"2023-02-14T09:49:44","date_gmt":"2023-02-14T12:49:44","guid":{"rendered":"https:\/\/med.estrategia.com\/portal\/?p=35596"},"modified":"2023-02-14T09:49:49","modified_gmt":"2023-02-14T12:49:49","slug":"santa-casa-de-campo-grande-abre-selecao-extra-para-residencia-medica-2023","status":"publish","type":"post","link":"https:\/\/med.estrategia.com\/portal\/noticias\/santa-casa-de-campo-grande-abre-selecao-extra-para-residencia-medica-2023\/","title":{"rendered":"Santa Casa de Campo Grande abre sele\u00e7\u00e3o extra para Resid\u00eancia M\u00e9dica 2023"},"content":{"rendered":"<p>A <strong>Santa Casa de Miseric&oacute;rdia de Campo Grande (SCMCG)<\/strong> divulgou na &uacute;ltima semana um novo edital para sele&ccedil;&atilde;o de m&eacute;dicos interessados em fazer parte dos programas de resid&ecirc;ncia m&eacute;dica ofertadas para 2023. <br><br>Diferente da <a href=\"https:\/\/med.estrategia.com\/portal\/noticias\/divulgado-edital-para-residencia-medica-2023-da-santa-casa-de-campo-grande\/\" target=\"_blank\">edi&ccedil;&atilde;o divulgada no dia 28 de setembro de 2022<\/a>, o novo processo seletivo ter&aacute; apenas <strong>uma &uacute;nica fase<\/strong> e conta com a <strong>oferta de vagas nas especialidades Cardiologia e Cirurgia Oncol&oacute;gica<\/strong>. Os candidatos interessados poder&atilde;o<strong> se inscrever entre os dias 22 e 27 de fevereiro de 2023 <\/strong>atrav&eacute;s da p&aacute;gina oficial da sele&ccedil;&atilde;o e efetuar o pagamento da taxa no valor de <strong>R$600,00.<\/strong><br><br>Confira abaixo o cronograma e distribui&ccedil;&atilde;o das vagas ofertadas.<div id=\"ez-toc-container\" class=\"ez-toc-v2_0_79_2 counter-hierarchy ez-toc-counter ez-toc-transparent ez-toc-container-direction\">\n<div class=\"ez-toc-title-container\"><p class=\"ez-toc-title\" style=\"cursor:inherit\">Navegue pelo conte\u00fado<\/p>\n<\/div><nav><ul class='ez-toc-list ez-toc-list-level-1 ' ><li class='ez-toc-page-1 ez-toc-heading-level-2'><a class=\"ez-toc-link ez-toc-heading-1\" href=\"https:\/\/med.estrategia.com\/portal\/noticias\/santa-casa-de-campo-grande-abre-selecao-extra-para-residencia-medica-2023\/#Resumo-Edital-SCMCG-Extra-2023\" >Resumo Edital SCMCG Extra 2023<\/a><\/li><li class='ez-toc-page-1 ez-toc-heading-level-2'><a class=\"ez-toc-link ez-toc-heading-2\" href=\"https:\/\/med.estrategia.com\/portal\/noticias\/santa-casa-de-campo-grande-abre-selecao-extra-para-residencia-medica-2023\/#Processo-Seletivo-SCMCG-Extra-2023\" >Processo Seletivo SCMCG Extra 2023<\/a><\/li><li class='ez-toc-page-1 ez-toc-heading-level-2'><a class=\"ez-toc-link ez-toc-heading-3\" href=\"https:\/\/med.estrategia.com\/portal\/noticias\/santa-casa-de-campo-grande-abre-selecao-extra-para-residencia-medica-2023\/#Edital-Extra-SCMCG-2023\" >Edital Extra SCMCG 2023<\/a><\/li><\/ul><\/nav><\/div>\n<h2 class=\"wp-block-heading\" id=\"h-resumo-edital-scmcg-extra-2023\"><span class=\"ez-toc-section\" id=\"Resumo-Edital-SCMCG-Extra-2023\"><\/span>Resumo Edital SCMCG Extra 2023<span class=\"ez-toc-section-end\"><\/span><\/h2><figure class=\"wp-block-table\"><table><tbody><tr><td><strong>Vagas Ofertadas<\/strong><\/td><td class=\"has-text-align-center\" data-align=\"center\">Cardiologia: 2 vagas<br>Cirurgia Oncol&oacute;gica: 1 vagas<\/td><\/tr><tr><td><strong>Composi&ccedil;&atilde;o do Processo Seletivo<\/strong><\/td><td class=\"has-text-align-center\" data-align=\"center\">Fase &Uacute;nica: Prova Objetiva<\/td><\/tr><tr><td><strong>Taxa de Inscri&ccedil;&atilde;o<\/strong><\/td><td class=\"has-text-align-center\" data-align=\"center\">R$600,00<\/td><\/tr><tr><td><strong>Solicita&ccedil;&atilde;o de Isen&ccedil;&atilde;o<\/strong><\/td><td class=\"has-text-align-center\" data-align=\"center\">22\/02\/2023<\/td><\/tr><tr><td><strong>Per&iacute;odo de Inscri&ccedil;&otilde;es<\/strong><\/td><td class=\"has-text-align-center\" data-align=\"center\">22 a 27\/02\/2023<\/td><\/tr><tr><td><strong>Local de Prova<\/strong><\/td><td class=\"has-text-align-center\" data-align=\"center\">Campo Grande\/MS<\/td><\/tr><tr><td><strong>Prova Objetiva<\/strong><\/td><td class=\"has-text-align-center\" data-align=\"center\">05\/03\/2023<\/td><\/tr><tr><td><strong>Gabarito Preliminar<\/strong><\/td><td class=\"has-text-align-center\" data-align=\"center\">05\/03\/2023<\/td><\/tr><tr><td><strong>Recursos contra o gabarito<\/strong><\/td><td class=\"has-text-align-center\" data-align=\"center\">06\/03\/2023<\/td><\/tr><tr><td><strong>Resultado Preliminar<\/strong><\/td><td class=\"has-text-align-center\" data-align=\"center\">10\/03\/2023<\/td><\/tr><tr><td><strong>Recursos contra Resultado<\/strong><\/td><td class=\"has-text-align-center\" data-align=\"center\">11\/03\/2023<\/td><\/tr><tr><td><strong>Resultado Final<\/strong><\/td><td class=\"has-text-align-center\" data-align=\"center\">14\/03\/2023<\/td><\/tr><tr><td><strong>Matr&iacute;culas (1&ordf; Chamada)<\/strong><\/td><td class=\"has-text-align-center\" data-align=\"center\">15\/03\/2023<\/td><\/tr><\/tbody><\/table><\/figure><p>Quer ser o primeiro a receber informa&ccedil;&otilde;es sobre os editais 2023? Ent&atilde;o&nbsp;<a href=\"https:\/\/news.google.com\/search?q=estrat%C3%A9gia%20med&amp;hl=pt-BR&amp;gl=BR&amp;ceid=BR%3Apt-419\" target=\"_blank\">siga o Portal do Estrat&eacute;gia MED no Google News,<\/a>&nbsp;clicando na&nbsp;<strong>estrela do lado direito<\/strong>. Al&eacute;m disso, n&atilde;o deixe de assinar a nossa Newsletter para receber essas atualiza&ccedil;&otilde;es diretamente no seu e-mail:<\/p><p>\n\n\n<div id=\"new-form\">\n\t<form id=\"forms_layout\">\n\t<input type=\"hidden\" id=\"chave_de\" name=\"chave_de\" value=\"01_EMED_LEADS_TOTAIS\" \/>\n\t\t<input type=\"hidden\" id=\"mid\" name=\"mid\" value=\"515009018\" \/>\n\t\t<input type=\"hidden\" id=\"Objetivo\" name=\"Objetivo\" value=\"Medicina\" \/>\n\t\t<input type=\"hidden\" id=\"Estado_de_Origem_do_IP\" name=\"Estado_de_Origem_do_IP\"  value=\"\" \/>\n\t\t<input type=\"hidden\" id=\"Cidade_de_Origem_do_IP\" name=\"Cidade_de_Origem_do_IP\" value=\"\" \/>\n\t\t<input type=\"hidden\" id=\"Modo_de_entrada\" name=\"Modo_de_entrada\" value=\"Portal\" \/>\n\t\t<input type=\"hidden\" id=\"Pagina_Origem\" name=\"Pagina_Origem\" value=\"\" \/>\n\n\t\t<div class=\"texto\">\n\t\t\t<h3 class=\"news\">Inscreva-se em nossa newsletter!<\/h3>\n\t\t\t<p>Receba not\u00edcias sobre resid\u00eancia m\u00e9dica, revalida\u00e7\u00e3o de diplomas e concursos m\u00e9dicos, al\u00e9m de materiais de estudo gratuitos e informa\u00e7\u00f5es relevantes do mundo da Medicina.<\/p>\n\t\t<\/div>\n\t\t<div class=\"campos\">\n\t\t\t<div class=\"first_name labels\">\n\t\t\t\t<input type=\"text\" class=\"input_labels\" id=\"first_name\" name=\"Nome_Completo\" placeholder=\"Nome\" required \/>\n\t\t\t<\/div>\n\t\t\t<div class=\"email labels\">\n\t\t\t\t<input type=\"email\" class=\"input_labels\" id=\"email\" name=\"Email\" placeholder=\"E-mail\" required \/>\n\t\t\t<\/div>\n\t\t\t<button type=\"submit\" class=\"button_layout\">\n\t\t\t\t<div id=\"lblBotao\">Inscreva-se<\/div>\n\t\t\t\t<span id=\"divSpiner\" class=\"loader\" role=\"status\" style=\"display: none;\"><\/span>\t\n\t\t\t<\/button>\n\t\t<\/div><!-- \/campos -->\n\t\t\n\t\t<label class=\"container_checkbox\">Voc\u00ea concorda com a nossa\n\t\t\t<a class=\"politics_privacy_ahref\" target=\"_blank\" href=\"https:\/\/gratis.estrategiaconcursos.com.br\/politica-de-privacidade\/\">Pol\u00edtica de Privacidade<\/a> e aceita receber informa\u00e7\u00f5es adicionais do Estrat\u00e9gia Educacional.\n\t\t\t<input id=\"checkbox_layout\" type=\"checkbox\" checked=\"checked\" required \/>\n\t\t\t<span class=\"checkbox\"><\/span>\n\t\t<\/label>\n\t\t<div id=\"msg\"><\/div>\n\t\t<div id=\"error\" class=\"error\">\n\t\t<\/div>\n\t<\/form>\n<\/div><!-- \/new-form -->\n\n\n\n<\/p><h2 class=\"wp-block-heading\" id=\"h-processo-seletivo-scmcg-extra-2023\"><span class=\"ez-toc-section\" id=\"Processo-Seletivo-SCMCG-Extra-2023\"><\/span>Processo Seletivo SCMCG Extra 2023<span class=\"ez-toc-section-end\"><\/span><\/h2><p>A <strong>&uacute;nica fase da sele&ccedil;&atilde;o extra<\/strong> de resid&ecirc;ncia m&eacute;dica da SCMCG ser&aacute; composta por uma <strong>prova objetiva <\/strong>que ser&aacute; <strong>aplicada no dia 5 de mar&ccedil;o<\/strong>, &agrave;s 8h, na cidade de Campo Grande\/MS.<br><br>Composta por <strong>50 quest&otilde;es de m&uacute;ltipla escolha<\/strong>, com quatro alternativas cada e apenas uma correta, <strong>o conte&uacute;do da prova para cada especialidade contar&aacute; com suas particularidades.<\/strong> Para as vagas de Cardiologia, todas as quest&otilde;es da prova ser&atilde;o referentes a &aacute;rea de Cl&iacute;nica M&eacute;dica, enquanto para a de Cirurgia Oncol&oacute;gica ser&atilde;o referentes &agrave; Cirurgia Geral.<br><br>O <strong>resultado final <\/strong>da sele&ccedil;&atilde;o est&aacute; previsto para o dia <strong>14 de mar&ccedil;o de 2023.<\/strong><\/p><h2 class=\"wp-block-heading\" id=\"h-edital-extra-scmcg-2023\"><span class=\"ez-toc-section\" id=\"Edital-Extra-SCMCG-2023\"><\/span>Edital Extra SCMCG 2023<span class=\"ez-toc-section-end\"><\/span><\/h2><p>Confira clicando no bot&atilde;o abaixo o edital completo divulgado no dia 7 de fevereiro de 2023, com todas as informa&ccedil;&otilde;es e detalhes sobre a sele&ccedil;&atilde;o de resid&ecirc;ncia m&eacute;dica da SCMCG:<\/p><div class=\"wp-block-buttons is-content-justification-center is-layout-flex wp-container-core-buttons-is-layout-1 wp-block-buttons-is-layout-flex\">\n<div class=\"wp-block-button\"><a class=\"wp-block-button__link wp-element-button\" href=\"https:\/\/med.estrategia.com\/portal\/wp-content\/uploads\/2023\/02\/4018_campograndesantacasaresidenciamedica2023prerequisitonovoprograma.pdf\" target=\"_blank\">Edital SCMCG 2023<\/a><\/div>\n<\/div><p>Para n&atilde;o perder nenhuma atualiza&ccedil;&atilde;o no universo da medicina e ficar por dentro dos seletivos de Resid&ecirc;ncia M&eacute;dica, de revalida&ccedil;&atilde;o de diplomas e conte&uacute;dos t&eacute;cnicos, continue acessando o&nbsp;<a href=\"https:\/\/med.estrategia.com\/portal\/\" target=\"_blank\">Portal do Estrat&eacute;gia MED<\/a>!<\/p><p>\n\n\n\n<a id=\"cta\" class=\"cta-imagem\" href=\"https:\/\/med.estrategia.com\/curso\/curso-intensivo-para-residencia-medica\/\" target=\"blank\">\n                <img decoding=\"async\" width=\"100%\" src=\"https:\/\/med.estrategia.com\/portal\/wp-content\/uploads\/2025\/08\/intensivo_rm.jpg\" alt=\"intensivo_rm\" title=\"intensivo_rm\">\n        <\/a>\n<\/p><\/p>\n","protected":false},"excerpt":{"rendered":"A Santa Casa de Miseric&oacute;rdia de Campo Grande (SCMCG) divulgou na &uacute;ltima semana um novo edital para sele&ccedil;&atilde;o&hellip;\n","protected":false},"author":39,"featured_media":26980,"comment_status":"closed","ping_status":"closed","sticky":false,"template":"","format":"standard","meta":{"wl_entities_gutenberg":"","footnotes":""},"categories":[300],"tags":[],"wl_entity_type":[199],"class_list":{"0":"post-35596","1":"post","2":"type-post","3":"status-publish","4":"format-standard","5":"has-post-thumbnail","7":"category-noticias","8":"wl_entity_type-article"},"acf":[],"yoast_head":"<!-- This site is optimized with the Yoast SEO Premium plugin v26.6 (Yoast SEO v26.6) - https:\/\/yoast.com\/wordpress\/plugins\/seo\/ -->\n<title>Santa Casa de Campo Grande abre sele\u00e7\u00e3o extra para Resid\u00eancia M\u00e9dica 2023<\/title>\n<meta name=\"description\" content=\"Mais uma chance para garantir sua vaga para resid\u00eancia m\u00e9dica ainda em 2023! Confira o edital da nova edi\u00e7\u00e3o da SCMCG.\" \/>\n<meta name=\"robots\" content=\"index, follow, max-snippet:-1, max-image-preview:large, max-video-preview:-1\" \/>\n<link rel=\"canonical\" href=\"https:\/\/med.estrategia.com\/portal\/noticias\/santa-casa-de-campo-grande-abre-selecao-extra-para-residencia-medica-2023\/\" \/>\n<meta property=\"og:locale\" content=\"pt_BR\" \/>\n<meta property=\"og:type\" content=\"article\" \/>\n<meta property=\"og:title\" content=\"Santa Casa de Campo Grande abre sele\u00e7\u00e3o extra para Resid\u00eancia M\u00e9dica 2023\" \/>\n<meta property=\"og:description\" content=\"Mais uma chance para garantir sua vaga para resid\u00eancia m\u00e9dica ainda em 2023! Confira o edital da nova edi\u00e7\u00e3o da SCMCG.\" \/>\n<meta property=\"og:url\" content=\"https:\/\/med.estrategia.com\/portal\/noticias\/santa-casa-de-campo-grande-abre-selecao-extra-para-residencia-medica-2023\/\" \/>\n<meta property=\"og:site_name\" content=\"Estrat\u00e9gia MED\" \/>\n<meta property=\"article:publisher\" content=\"https:\/\/www.facebook.com\/estrategiamed1\" \/>\n<meta property=\"article:published_time\" content=\"2023-02-14T12:49:44+00:00\" \/>\n<meta property=\"article:modified_time\" content=\"2023-02-14T12:49:49+00:00\" \/>\n<meta property=\"og:image\" content=\"https:\/\/cdn.medblog.estrategiaeducacional.com.br\/wp-content\/uploads\/2022\/09\/cover_WP_editais-19-1.jpg\" \/>\n\t<meta property=\"og:image:width\" content=\"1920\" \/>\n\t<meta property=\"og:image:height\" content=\"1080\" \/>\n\t<meta property=\"og:image:type\" content=\"image\/jpeg\" \/>\n<meta name=\"author\" content=\"Ana Carolina Damasceno\" \/>\n<meta name=\"twitter:card\" content=\"summary_large_image\" \/>\n<meta name=\"twitter:creator\" content=\"@estrategiamed_\" \/>\n<meta name=\"twitter:site\" content=\"@estrategiamed_\" \/>\n<meta name=\"twitter:label1\" content=\"Escrito por\" \/>\n\t<meta name=\"twitter:data1\" content=\"Ana Carolina Damasceno\" \/>\n\t<meta name=\"twitter:label2\" content=\"Est. tempo de leitura\" \/>\n\t<meta name=\"twitter:data2\" content=\"2 minutos\" \/>\n<script type=\"application\/ld+json\" class=\"yoast-schema-graph\">{\"@context\":\"https:\/\/schema.org\",\"@graph\":[{\"@type\":\"WebPage\",\"@id\":\"https:\/\/med.estrategia.com\/portal\/noticias\/santa-casa-de-campo-grande-abre-selecao-extra-para-residencia-medica-2023\/\",\"url\":\"https:\/\/med.estrategia.com\/portal\/noticias\/santa-casa-de-campo-grande-abre-selecao-extra-para-residencia-medica-2023\/\",\"name\":\"Santa Casa de Campo Grande abre sele\u00e7\u00e3o extra para Resid\u00eancia M\u00e9dica 2023\",\"isPartOf\":{\"@id\":\"https:\/\/med.estrategia.com\/portal\/#website\"},\"primaryImageOfPage\":{\"@id\":\"https:\/\/med.estrategia.com\/portal\/noticias\/santa-casa-de-campo-grande-abre-selecao-extra-para-residencia-medica-2023\/#primaryimage\"},\"image\":{\"@id\":\"https:\/\/med.estrategia.com\/portal\/noticias\/santa-casa-de-campo-grande-abre-selecao-extra-para-residencia-medica-2023\/#primaryimage\"},\"thumbnailUrl\":\"https:\/\/med.estrategia.com\/portal\/wp-content\/uploads\/2022\/09\/cover_WP_editais-19-1.jpg\",\"datePublished\":\"2023-02-14T12:49:44+00:00\",\"dateModified\":\"2023-02-14T12:49:49+00:00\",\"author\":{\"@id\":\"https:\/\/med.estrategia.com\/portal\/#\/schema\/person\/2f553adbb8e25fe39d145c5b2927f58c\"},\"description\":\"Mais uma chance para garantir sua vaga para resid\u00eancia m\u00e9dica ainda em 2023! Confira o edital da nova edi\u00e7\u00e3o da SCMCG.\",\"breadcrumb\":{\"@id\":\"https:\/\/med.estrategia.com\/portal\/noticias\/santa-casa-de-campo-grande-abre-selecao-extra-para-residencia-medica-2023\/#breadcrumb\"},\"inLanguage\":\"pt-BR\",\"potentialAction\":[{\"@type\":\"ReadAction\",\"target\":[\"https:\/\/med.estrategia.com\/portal\/noticias\/santa-casa-de-campo-grande-abre-selecao-extra-para-residencia-medica-2023\/\"]}]},{\"@type\":\"ImageObject\",\"inLanguage\":\"pt-BR\",\"@id\":\"https:\/\/med.estrategia.com\/portal\/noticias\/santa-casa-de-campo-grande-abre-selecao-extra-para-residencia-medica-2023\/#primaryimage\",\"url\":\"https:\/\/med.estrategia.com\/portal\/wp-content\/uploads\/2022\/09\/cover_WP_editais-19-1.jpg\",\"contentUrl\":\"https:\/\/med.estrategia.com\/portal\/wp-content\/uploads\/2022\/09\/cover_WP_editais-19-1.jpg\",\"width\":1920,\"height\":1080,\"caption\":\"Cr\u00e9ditos: Associa\u00e7\u00e3o Beneficente Santa Casa de Campo Grande e Estrat\u00e9gia MED\"},{\"@type\":\"BreadcrumbList\",\"@id\":\"https:\/\/med.estrategia.com\/portal\/noticias\/santa-casa-de-campo-grande-abre-selecao-extra-para-residencia-medica-2023\/#breadcrumb\",\"itemListElement\":[{\"@type\":\"ListItem\",\"position\":1,\"name\":\"Home\",\"item\":\"https:\/\/med.estrategia.com\/portal\/\"},{\"@type\":\"ListItem\",\"position\":2,\"name\":\"Not\u00edcias\",\"item\":\"https:\/\/med.estrategia.com\/portal\/noticias\/\"},{\"@type\":\"ListItem\",\"position\":3,\"name\":\"Santa Casa de Campo Grande abre sele\u00e7\u00e3o extra para Resid\u00eancia M\u00e9dica 2023\"}]},{\"@type\":\"WebSite\",\"@id\":\"https:\/\/med.estrategia.com\/portal\/#website\",\"url\":\"https:\/\/med.estrategia.com\/portal\/\",\"name\":\"Estrat\u00e9gia MED\",\"description\":\"\",\"potentialAction\":[{\"@type\":\"SearchAction\",\"target\":{\"@type\":\"EntryPoint\",\"urlTemplate\":\"https:\/\/med.estrategia.com\/portal\/?s={search_term_string}\"},\"query-input\":{\"@type\":\"PropertyValueSpecification\",\"valueRequired\":true,\"valueName\":\"search_term_string\"}}],\"inLanguage\":\"pt-BR\"},{\"@type\":\"Person\",\"@id\":\"https:\/\/med.estrategia.com\/portal\/#\/schema\/person\/2f553adbb8e25fe39d145c5b2927f58c\",\"name\":\"Ana Carolina Damasceno\",\"image\":{\"@type\":\"ImageObject\",\"inLanguage\":\"pt-BR\",\"@id\":\"https:\/\/med.estrategia.com\/portal\/#\/schema\/person\/image\/\",\"url\":\"https:\/\/med.estrategia.com\/portal\/wp-content\/uploads\/2021\/09\/WhatsApp-Image-2023-08-18-at-16.46.43-150x150.jpeg\",\"contentUrl\":\"https:\/\/med.estrategia.com\/portal\/wp-content\/uploads\/2021\/09\/WhatsApp-Image-2023-08-18-at-16.46.43-150x150.jpeg\",\"caption\":\"Ana Carolina Damasceno\"},\"description\":\"Coordenadora de Jornalismo EMED. Comunicadora por natureza e forma\u00e7\u00e3o, que ama e perde a no\u00e7\u00e3o do tempo com m\u00fasica e s\u00e9rie.\",\"url\":\"https:\/\/med.estrategia.com\/portal\/author\/ana-carolina-damasceno\/\"}]}<\/script>\n<!-- \/ Yoast SEO Premium plugin. -->","yoast_head_json":{"title":"Santa Casa de Campo Grande abre sele\u00e7\u00e3o extra para Resid\u00eancia M\u00e9dica 2023","description":"Mais uma chance para garantir sua vaga para resid\u00eancia m\u00e9dica ainda em 2023! Confira o edital da nova edi\u00e7\u00e3o da SCMCG.","robots":{"index":"index","follow":"follow","max-snippet":"max-snippet:-1","max-image-preview":"max-image-preview:large","max-video-preview":"max-video-preview:-1"},"canonical":"https:\/\/med.estrategia.com\/portal\/noticias\/santa-casa-de-campo-grande-abre-selecao-extra-para-residencia-medica-2023\/","og_locale":"pt_BR","og_type":"article","og_title":"Santa Casa de Campo Grande abre sele\u00e7\u00e3o extra para Resid\u00eancia M\u00e9dica 2023","og_description":"Mais uma chance para garantir sua vaga para resid\u00eancia m\u00e9dica ainda em 2023! Confira o edital da nova edi\u00e7\u00e3o da SCMCG.","og_url":"https:\/\/med.estrategia.com\/portal\/noticias\/santa-casa-de-campo-grande-abre-selecao-extra-para-residencia-medica-2023\/","og_site_name":"Estrat\u00e9gia MED","article_publisher":"https:\/\/www.facebook.com\/estrategiamed1","article_published_time":"2023-02-14T12:49:44+00:00","article_modified_time":"2023-02-14T12:49:49+00:00","og_image":[{"width":1920,"height":1080,"url":"https:\/\/cdn.medblog.estrategiaeducacional.com.br\/wp-content\/uploads\/2022\/09\/cover_WP_editais-19-1.jpg","type":"image\/jpeg"}],"author":"Ana Carolina Damasceno","twitter_card":"summary_large_image","twitter_creator":"@estrategiamed_","twitter_site":"@estrategiamed_","twitter_misc":{"Escrito por":"Ana Carolina Damasceno","Est. tempo de leitura":"2 minutos"},"schema":{"@context":"https:\/\/schema.org","@graph":[{"@type":"WebPage","@id":"https:\/\/med.estrategia.com\/portal\/noticias\/santa-casa-de-campo-grande-abre-selecao-extra-para-residencia-medica-2023\/","url":"https:\/\/med.estrategia.com\/portal\/noticias\/santa-casa-de-campo-grande-abre-selecao-extra-para-residencia-medica-2023\/","name":"Santa Casa de Campo Grande abre sele\u00e7\u00e3o extra para Resid\u00eancia M\u00e9dica 2023","isPartOf":{"@id":"https:\/\/med.estrategia.com\/portal\/#website"},"primaryImageOfPage":{"@id":"https:\/\/med.estrategia.com\/portal\/noticias\/santa-casa-de-campo-grande-abre-selecao-extra-para-residencia-medica-2023\/#primaryimage"},"image":{"@id":"https:\/\/med.estrategia.com\/portal\/noticias\/santa-casa-de-campo-grande-abre-selecao-extra-para-residencia-medica-2023\/#primaryimage"},"thumbnailUrl":"https:\/\/med.estrategia.com\/portal\/wp-content\/uploads\/2022\/09\/cover_WP_editais-19-1.jpg","datePublished":"2023-02-14T12:49:44+00:00","dateModified":"2023-02-14T12:49:49+00:00","author":{"@id":"https:\/\/med.estrategia.com\/portal\/#\/schema\/person\/2f553adbb8e25fe39d145c5b2927f58c"},"description":"Mais uma chance para garantir sua vaga para resid\u00eancia m\u00e9dica ainda em 2023! Confira o edital da nova edi\u00e7\u00e3o da SCMCG.","breadcrumb":{"@id":"https:\/\/med.estrategia.com\/portal\/noticias\/santa-casa-de-campo-grande-abre-selecao-extra-para-residencia-medica-2023\/#breadcrumb"},"inLanguage":"pt-BR","potentialAction":[{"@type":"ReadAction","target":["https:\/\/med.estrategia.com\/portal\/noticias\/santa-casa-de-campo-grande-abre-selecao-extra-para-residencia-medica-2023\/"]}]},{"@type":"ImageObject","inLanguage":"pt-BR","@id":"https:\/\/med.estrategia.com\/portal\/noticias\/santa-casa-de-campo-grande-abre-selecao-extra-para-residencia-medica-2023\/#primaryimage","url":"https:\/\/med.estrategia.com\/portal\/wp-content\/uploads\/2022\/09\/cover_WP_editais-19-1.jpg","contentUrl":"https:\/\/med.estrategia.com\/portal\/wp-content\/uploads\/2022\/09\/cover_WP_editais-19-1.jpg","width":1920,"height":1080,"caption":"Cr\u00e9ditos: Associa\u00e7\u00e3o Beneficente Santa Casa de Campo Grande e Estrat\u00e9gia MED"},{"@type":"BreadcrumbList","@id":"https:\/\/med.estrategia.com\/portal\/noticias\/santa-casa-de-campo-grande-abre-selecao-extra-para-residencia-medica-2023\/#breadcrumb","itemListElement":[{"@type":"ListItem","position":1,"name":"Home","item":"https:\/\/med.estrategia.com\/portal\/"},{"@type":"ListItem","position":2,"name":"Not\u00edcias","item":"https:\/\/med.estrategia.com\/portal\/noticias\/"},{"@type":"ListItem","position":3,"name":"Santa Casa de Campo Grande abre sele\u00e7\u00e3o extra para Resid\u00eancia M\u00e9dica 2023"}]},{"@type":"WebSite","@id":"https:\/\/med.estrategia.com\/portal\/#website","url":"https:\/\/med.estrategia.com\/portal\/","name":"Estrat\u00e9gia MED","description":"","potentialAction":[{"@type":"SearchAction","target":{"@type":"EntryPoint","urlTemplate":"https:\/\/med.estrategia.com\/portal\/?s={search_term_string}"},"query-input":{"@type":"PropertyValueSpecification","valueRequired":true,"valueName":"search_term_string"}}],"inLanguage":"pt-BR"},{"@type":"Person","@id":"https:\/\/med.estrategia.com\/portal\/#\/schema\/person\/2f553adbb8e25fe39d145c5b2927f58c","name":"Ana Carolina Damasceno","image":{"@type":"ImageObject","inLanguage":"pt-BR","@id":"https:\/\/med.estrategia.com\/portal\/#\/schema\/person\/image\/","url":"https:\/\/med.estrategia.com\/portal\/wp-content\/uploads\/2021\/09\/WhatsApp-Image-2023-08-18-at-16.46.43-150x150.jpeg","contentUrl":"https:\/\/med.estrategia.com\/portal\/wp-content\/uploads\/2021\/09\/WhatsApp-Image-2023-08-18-at-16.46.43-150x150.jpeg","caption":"Ana Carolina Damasceno"},"description":"Coordenadora de Jornalismo EMED. Comunicadora por natureza e forma\u00e7\u00e3o, que ama e perde a no\u00e7\u00e3o do tempo com m\u00fasica e s\u00e9rie.","url":"https:\/\/med.estrategia.com\/portal\/author\/ana-carolina-damasceno\/"}]}},"_wl_alt_label":[],"wl:entity_url":"\/post\/santa-casa-de-campo-grande-abre-selecao-extra-para-residencia-medica-2023","_links":{"self":[{"href":"https:\/\/med.estrategia.com\/portal\/wp-json\/wp\/v2\/posts\/35596","targetHints":{"allow":["GET"]}}],"collection":[{"href":"https:\/\/med.estrategia.com\/portal\/wp-json\/wp\/v2\/posts"}],"about":[{"href":"https:\/\/med.estrategia.com\/portal\/wp-json\/wp\/v2\/types\/post"}],"author":[{"embeddable":true,"href":"https:\/\/med.estrategia.com\/portal\/wp-json\/wp\/v2\/users\/39"}],"replies":[{"embeddable":true,"href":"https:\/\/med.estrategia.com\/portal\/wp-json\/wp\/v2\/comments?post=35596"}],"version-history":[{"count":1,"href":"https:\/\/med.estrategia.com\/portal\/wp-json\/wp\/v2\/posts\/35596\/revisions"}],"predecessor-version":[{"id":35597,"href":"https:\/\/med.estrategia.com\/portal\/wp-json\/wp\/v2\/posts\/35596\/revisions\/35597"}],"wp:featuredmedia":[{"embeddable":true,"href":"https:\/\/med.estrategia.com\/portal\/wp-json\/wp\/v2\/media\/26980"}],"wp:attachment":[{"href":"https:\/\/med.estrategia.com\/portal\/wp-json\/wp\/v2\/media?parent=35596"}],"wp:term":[{"taxonomy":"category","embeddable":true,"href":"https:\/\/med.estrategia.com\/portal\/wp-json\/wp\/v2\/categories?post=35596"},{"taxonomy":"post_tag","embeddable":true,"href":"https:\/\/med.estrategia.com\/portal\/wp-json\/wp\/v2\/tags?post=35596"},{"taxonomy":"wl_entity_type","embeddable":true,"href":"https:\/\/med.estrategia.com\/portal\/wp-json\/wp\/v2\/wl_entity_type?post=35596"}],"curies":[{"name":"wp","href":"https:\/\/api.w.org\/{rel}","templated":true}]}}