{"id":35674,"date":"2023-02-14T23:14:11","date_gmt":"2023-02-15T02:14:11","guid":{"rendered":"https:\/\/med.estrategia.com\/portal\/?p=35674"},"modified":"2023-02-24T13:18:30","modified_gmt":"2023-02-24T16:18:30","slug":"resumo-de-anemia-ferropriva-diagnostico-tratamento-e-mais","status":"publish","type":"post","link":"https:\/\/med.estrategia.com\/portal\/conteudos-gratis\/doencas\/resumo-de-anemia-ferropriva-diagnostico-tratamento-e-mais\/","title":{"rendered":"Resumo de anemia ferropriva: diagn\u00f3stico, tratamento e mais!"},"content":{"rendered":"<p>A anemia por defici&ecirc;ncia de ferro &eacute; a causa mais comum de anemia em todo o mundo. Confira os principais aspectos referentes a esta condi&ccedil;&atilde;o, que aparecem nos atendimentos e como s&atilde;o cobrados nas provas de resid&ecirc;ncia m&eacute;dica!<div id=\"ez-toc-container\" class=\"ez-toc-v2_0_79_2 counter-hierarchy ez-toc-counter ez-toc-transparent ez-toc-container-direction\">\n<div class=\"ez-toc-title-container\"><p class=\"ez-toc-title\" style=\"cursor:inherit\">Navegue pelo conte\u00fado<\/p>\n<\/div><nav><ul class='ez-toc-list ez-toc-list-level-1 ' ><li class='ez-toc-page-1 ez-toc-heading-level-2'><a class=\"ez-toc-link ez-toc-heading-1\" href=\"https:\/\/med.estrategia.com\/portal\/conteudos-gratis\/doencas\/resumo-de-anemia-ferropriva-diagnostico-tratamento-e-mais\/#Dicas-do-Estrategia-para-provas\" >Dicas do Estrat&eacute;gia para provas<\/a><\/li><li class='ez-toc-page-1 ez-toc-heading-level-2'><a class=\"ez-toc-link ez-toc-heading-2\" href=\"https:\/\/med.estrategia.com\/portal\/conteudos-gratis\/doencas\/resumo-de-anemia-ferropriva-diagnostico-tratamento-e-mais\/#Definicao-da-doenca\" >Defini&ccedil;&atilde;o da doen&ccedil;a<\/a><\/li><li class='ez-toc-page-1 ez-toc-heading-level-2'><a class=\"ez-toc-link ez-toc-heading-3\" href=\"https:\/\/med.estrategia.com\/portal\/conteudos-gratis\/doencas\/resumo-de-anemia-ferropriva-diagnostico-tratamento-e-mais\/#Epidemiologia-e-fisiopatologia-da-anemia-ferropriva\" >Epidemiologia e fisiopatologia da anemia ferropriva<\/a><\/li><li class='ez-toc-page-1 ez-toc-heading-level-2'><a class=\"ez-toc-link ez-toc-heading-4\" href=\"https:\/\/med.estrategia.com\/portal\/conteudos-gratis\/doencas\/resumo-de-anemia-ferropriva-diagnostico-tratamento-e-mais\/#Manifestacoes-clinicas-da-anemia-ferropriva\" >Manifesta&ccedil;&otilde;es cl&iacute;nicas da anemia ferropriva<\/a><\/li><li class='ez-toc-page-1 ez-toc-heading-level-2'><a class=\"ez-toc-link ez-toc-heading-5\" href=\"https:\/\/med.estrategia.com\/portal\/conteudos-gratis\/doencas\/resumo-de-anemia-ferropriva-diagnostico-tratamento-e-mais\/#Diagnostico-de-anemia-ferropriva\" >Diagn&oacute;stico de anemia ferropriva<\/a><\/li><li class='ez-toc-page-1 ez-toc-heading-level-2'><a class=\"ez-toc-link ez-toc-heading-6\" href=\"https:\/\/med.estrategia.com\/portal\/conteudos-gratis\/doencas\/resumo-de-anemia-ferropriva-diagnostico-tratamento-e-mais\/#Tratamento-da-anemia-ferropriva\" >Tratamento da anemia ferropriva<\/a><\/li><\/ul><\/nav><\/div>\n<h2 class=\"wp-block-heading\" id=\"h-dicas-do-estrategia-para-provas\"><span class=\"ez-toc-section\" id=\"Dicas-do-Estrategia-para-provas\"><\/span>Dicas do Estrat&eacute;gia para provas<span class=\"ez-toc-section-end\"><\/span><\/h2><p>Seu tempo &eacute; precioso e sabemos disso. Se for muito escasso neste momento, veja abaixo os principais t&oacute;picos referentes &agrave; anemia ferropriva.<\/p><ul class=\"wp-block-list\">\n<li>Existem tr&ecirc;s fontes prim&aacute;rias de ferro no corpo: dieta, macr&oacute;fagos (ferro reciclado) e ferro estocado no f&iacute;gado em forma de ferritina.&nbsp;<\/li>\n\n\n\n<li>As causas mais comuns de defici&ecirc;ncia de ferro incluem perda de sangue e condi&ccedil;&otilde;es que geram absor&ccedil;&atilde;o reduzida.&nbsp;<\/li>\n\n\n\n<li>Par&acirc;metros do eritrograma que sugerem anemia por defici&ecirc;ncia de ferro incluem microcitose, hipocromia e anisocitose.<\/li>\n\n\n\n<li>A dose m&iacute;nima utilizada para suplementa&ccedil;&atilde;o de ferro elementar &eacute; de 60 mg por dia.&nbsp;<\/li>\n\n\n\n<li>A suplementa&ccedil;&atilde;o de ferro deve ser tomada sem alimentos ou com alimentos c&iacute;tricos, pois o baixo pH g&aacute;strico facilita a absor&ccedil;&atilde;o de ferro.<\/li>\n<\/ul><p>\n\n\n<div id=\"new-form\">\n\t<form id=\"forms_layout\">\n\t<input type=\"hidden\" id=\"chave_de\" name=\"chave_de\" value=\"01_EMED_LEADS_TOTAIS\" \/>\n\t\t<input type=\"hidden\" id=\"mid\" name=\"mid\" value=\"515009018\" \/>\n\t\t<input type=\"hidden\" id=\"Objetivo\" name=\"Objetivo\" value=\"Medicina\" \/>\n\t\t<input type=\"hidden\" id=\"Estado_de_Origem_do_IP\" name=\"Estado_de_Origem_do_IP\"  value=\"\" \/>\n\t\t<input type=\"hidden\" id=\"Cidade_de_Origem_do_IP\" name=\"Cidade_de_Origem_do_IP\" value=\"\" \/>\n\t\t<input type=\"hidden\" id=\"Modo_de_entrada\" name=\"Modo_de_entrada\" value=\"Portal\" \/>\n\t\t<input type=\"hidden\" id=\"Pagina_Origem\" name=\"Pagina_Origem\" value=\"\" \/>\n\n\t\t<div class=\"texto\">\n\t\t\t<h3 class=\"news\">Inscreva-se em nossa newsletter!<\/h3>\n\t\t\t<p>Receba not\u00edcias sobre resid\u00eancia m\u00e9dica, revalida\u00e7\u00e3o de diplomas e concursos m\u00e9dicos, al\u00e9m de materiais de estudo gratuitos e informa\u00e7\u00f5es relevantes do mundo da Medicina.<\/p>\n\t\t<\/div>\n\t\t<div class=\"campos\">\n\t\t\t<div class=\"first_name labels\">\n\t\t\t\t<input type=\"text\" class=\"input_labels\" id=\"first_name\" name=\"Nome_Completo\" placeholder=\"Nome\" required \/>\n\t\t\t<\/div>\n\t\t\t<div class=\"email labels\">\n\t\t\t\t<input type=\"email\" class=\"input_labels\" id=\"email\" name=\"Email\" placeholder=\"E-mail\" required \/>\n\t\t\t<\/div>\n\t\t\t<button type=\"submit\" class=\"button_layout\">\n\t\t\t\t<div id=\"lblBotao\">Inscreva-se<\/div>\n\t\t\t\t<span id=\"divSpiner\" class=\"loader\" role=\"status\" style=\"display: none;\"><\/span>\t\n\t\t\t<\/button>\n\t\t<\/div><!-- \/campos -->\n\t\t\n\t\t<label class=\"container_checkbox\">Voc\u00ea concorda com a nossa\n\t\t\t<a class=\"politics_privacy_ahref\" target=\"_blank\" href=\"https:\/\/gratis.estrategiaconcursos.com.br\/politica-de-privacidade\/\">Pol\u00edtica de Privacidade<\/a> e aceita receber informa\u00e7\u00f5es adicionais do Estrat\u00e9gia Educacional.\n\t\t\t<input id=\"checkbox_layout\" type=\"checkbox\" checked=\"checked\" required \/>\n\t\t\t<span class=\"checkbox\"><\/span>\n\t\t<\/label>\n\t\t<div id=\"msg\"><\/div>\n\t\t<div id=\"error\" class=\"error\">\n\t\t<\/div>\n\t<\/form>\n<\/div><!-- \/new-form -->\n\n\n\n<\/p><h2 class=\"wp-block-heading\" id=\"h-definicao-da-doenca\"><span class=\"ez-toc-section\" id=\"Definicao-da-doenca\"><\/span>Defini&ccedil;&atilde;o da doen&ccedil;a<span class=\"ez-toc-section-end\"><\/span><\/h2><p>A anemia &eacute; definida como hemoglobina abaixo de dois desvios padr&atilde;o da m&eacute;dia para a idade e sexo do paciente, sendo que a anemia ferropriva &eacute; causada por defici&ecirc;ncia de ferro.&nbsp;&nbsp;<\/p><h2 class=\"wp-block-heading\" id=\"h-epidemiologia-e-fisiopatologia-da-anemia-ferropriva\"><span class=\"ez-toc-section\" id=\"Epidemiologia-e-fisiopatologia-da-anemia-ferropriva\"><\/span>Epidemiologia e fisiopatologia da anemia ferropriva<span class=\"ez-toc-section-end\"><\/span><\/h2><p>&Eacute; uma condi&ccedil;&atilde;o extremamente comum, afetando mais de 1,2 bilh&atilde;o de indiv&iacute;duos em todo o mundo. A defici&ecirc;ncia de ferro, a causa mais comum, &eacute; respons&aacute;vel por 50% de todas as anemias.&nbsp;<\/p><p>A taxa &eacute; mais elevada em pa&iacute;ses em desenvolvimento, em popula&ccedil;&otilde;es de baixa renda&nbsp; e naqueles com altas necessidades de ferro, incluindo lactentes, crian&ccedil;as menores de 5 anos, mulheres jovens menstruadas e mulheres no segundo ou terceiro trimestre de gravidez e p&oacute;s-parto.&nbsp;<\/p><h3 class=\"wp-block-heading\" id=\"h-cinetica-do-ferro\">Cin&eacute;tica do ferro<\/h3><p>Existem tr&ecirc;s fontes prim&aacute;rias de ferro no corpo: dieta, macr&oacute;fagos (ferro reciclado) e ferro estocado no f&iacute;gado em forma de <strong>ferritina.<\/strong> As melhores fontes alimentares s&atilde;o vegetais verdes, carne vermelha e f&oacute;rmulas l&aacute;cteas enriquecidas com ferro. As formas de ferro heme (carne vermelha) &eacute; melhor absorvida do que do que o ferro n&atilde;o heme (fontes vegetais) , mas ambas as fontes s&atilde;o importantes.<\/p><p>O ferro &eacute; carregado no plasma atrav&eacute;s da<strong> transferrina dif&eacute;rrica. <\/strong>O principal horm&ocirc;nio que limita fisiologicamente a entrada de ferro no plasma &eacute; a <strong>hepcidina hep&aacute;tica<\/strong>, bloqueando a exporta&ccedil;&atilde;o de ferro tanto pela oclus&atilde;o da cavidade central exportadora quanto pela indu&ccedil;&atilde;o de sua degrada&ccedil;&atilde;o.&nbsp;<\/p><p>Os estoques de ferro (ferritina) s&atilde;o reduzidos ou perdidos antes que o hospedeiro desenvolva anemia. Se as perdas de ferro continuarem, os eritr&oacute;citos rec&eacute;m-produzidos ter&atilde;o hemoglobina diminu&iacute;da, fazendo com que a quantidade de ferro fornecida pelo mesmo n&uacute;mero de eritr&oacute;citos senescentes seja reduzida.<\/p><p>As causas mais comuns de defici&ecirc;ncia de ferro incluem perda de sangue, principalmente menstrual ou gastrointestinal e absor&ccedil;&atilde;o reduzida na doen&ccedil;a cel&iacute;aca, <em>Helicobacter pylori <\/em>, gastrite ou cirurgia bari&aacute;trica.&nbsp;<\/p><p>#Ponto importante: Por mais que a baixa ingesta possa ser causa de anemia, seria muito dif&iacute;cil desenvolver defici&ecirc;ncia de ferro apenas devido a fatores diet&eacute;ticos, mas eles podem contribuir para a defici&ecirc;ncia de ferro no cen&aacute;rio de perda de sangue ou, menos comumente, ingest&atilde;o extremamente baixa.&nbsp;<\/p><h2 class=\"wp-block-heading\" id=\"h-manifestacoes-clinicas-da-anemia-ferropriva\"><span class=\"ez-toc-section\" id=\"Manifestacoes-clinicas-da-anemia-ferropriva\"><\/span>Manifesta&ccedil;&otilde;es cl&iacute;nicas da anemia ferropriva<span class=\"ez-toc-section-end\"><\/span><\/h2><p>A maioria dos pacientes &eacute; assintom&aacute;tica e identificada por meio de exame de sangue. A palidez &eacute; o sinal cl&iacute;nico mais importante, mas geralmente n&atilde;o &eacute; vis&iacute;vel, a menos que a hemoglobina caia para 7 g\/dL a 8 g\/dL. A anemia ferropriva nas crian&ccedil;as pode evoluir com comprometimento cognitivo e atrasos no desenvolvimento.&nbsp;<\/p><p>Outros sintomas que os pacientes podem apresentar incluem fadiga, s&iacute;ndrome pica (pagofagia, desejo de gelo), s&iacute;ndrome das pernas inquietas, cefaleia, intoler&acirc;ncia ao exerc&iacute;cio e dispneia aos esfor&ccedil;os.&nbsp;<\/p><p>O exame f&iacute;sico pode revelar pele e conjuntiva p&aacute;lidas, taquicardia em repouso, insufici&ecirc;ncia card&iacute;aca congestiva e fezes com guaiaco positivo. Outros achados incluem <strong>atrofia das papilas gustativas fungiformes<\/strong> e<strong> unha em forma de colher.<\/strong>&nbsp;<\/p><h2 class=\"wp-block-heading\" id=\"h-diagnostico-de-anemia-ferropriva\"><span class=\"ez-toc-section\" id=\"Diagnostico-de-anemia-ferropriva\"><\/span>Diagn&oacute;stico de anemia ferropriva<span class=\"ez-toc-section-end\"><\/span><\/h2><p>Por mais que os valores possam apresentar varia&ccedil;&atilde;o da normalidade, o diagn&oacute;stico de anemia &eacute; realizado atrav&eacute;s dos seguintes par&acirc;metros:&nbsp;<\/p><ul class=\"wp-block-list\">\n<li>Hemoglobina: &lt;13 g\/dL em homens, &lt;12 g\/dL em mulheres e &lt;11 g\/dL em gestantes.&nbsp;<\/li>\n\n\n\n<li>Hemat&oacute;crito: 41% em homens e 36% em mulheres.&nbsp;<\/li>\n<\/ul><p>Outros par&acirc;metros do eritrograma sugerem anemia carencial por defici&ecirc;ncia de ferro, incluindo <strong>microcitose<\/strong>, avaliada atrav&eacute;s do Volume corpuscular m&eacute;dio baixo (VCM), <strong>hipocromia<\/strong>, representada por baixa hemoglobina corpuscular m&eacute;dia baixa (HCM) , e <strong>anisocitose<\/strong>, que significa RDW elevado.&nbsp;<\/p><p>#Ponto importante: S&atilde;o visualizadas hem&aacute;cias microc&iacute;ticas e hipocr&ocirc;micas no esfrega&ccedil;o perif&eacute;rico.&nbsp;<\/p><p>Al&eacute;m disso, os n&iacute;veis s&eacute;ricos de <strong>ferritina, ferro e satura&ccedil;&atilde;o de transferrina ser&atilde;o reduzidos<\/strong>. A ferritina s&eacute;rica &eacute; uma medida dos estoques totais de ferro corporal e, como vimos, &eacute; uma dos primeiros par&acirc;metros a diminuir na defici&ecirc;ncia de ferro. A <strong>capacidade total de liga&ccedil;&atilde;o do ferro<\/strong> ser&aacute; aumentada, pois h&aacute; menos ferro para liga&ccedil;&atilde;o.&nbsp;<\/p><figure class=\"wp-block-image\"><img decoding=\"async\" src=\"https:\/\/lh6.googleusercontent.com\/Cx78tiH2zlE6gpQ2DvB_ETlj9WPn2-y8RgHjz7G3UzKszs5Oo4mzu9TjU5VX8uImclo33_LnEPU6GwZXmysvU-wFqDjpQxUTX8eDnUc4CehoUM6ss5WG8F7p6-NYBMm5hF7D73uvqJnr9Ua1tl5XInc\" alt=\"\"><figcaption class=\"wp-element-caption\">Reticulocytes, Anemia, IDA, Iron Deficiency Anemia, Hematopathology, Microcytosis, Hypochromia. Contributed by Ed Uthman (CC by 2.0) https:\/\/creativecommons.org\/licenses\/by\/2.0\/<\/figcaption><\/figure><h2 class=\"wp-block-heading\" id=\"h-tratamento-da-anemia-ferropriva\"><span class=\"ez-toc-section\" id=\"Tratamento-da-anemia-ferropriva\"><\/span>Tratamento da anemia ferropriva<span class=\"ez-toc-section-end\"><\/span><\/h2><p>O manejo da anemia ferropriva inclui o tratamento da causa subjacente, como hipermenorreia ou sangramento gastrointestinal, e suplementa&ccedil;&atilde;o de ferro. A ferritina baixa j&aacute; &eacute; um marcador confi&aacute;vel de defici&ecirc;ncia de ferro e &eacute; suficiente para iniciar a reposi&ccedil;&atilde;o.&nbsp;<\/p><p>A dose m&iacute;nima utilizada para suplementa&ccedil;&atilde;o de ferro elementar &eacute; de 60 mg por dia. Evid&ecirc;ncias crescentes indicam que doses baixas s&atilde;o mais eficazes e melhor toleradas do que os tradicionalmente recomendados de 100 a 200 mg de ferro elementar por dia.<\/p><p>Em crian&ccedil;as, o ferro oral na dose de 3 a 6 mg de ferro elementar\/kg\/dia, fracionado ou em dose &uacute;nica, por seis meses ou at&eacute; reposi&ccedil;&atilde;o dos estoques corporais confirmados Hb e ferritina s&eacute;rica.&nbsp;<\/p><p>A principal formula&ccedil;&atilde;o de ferro para reposi&ccedil;&atilde;o &eacute; o sulfato ferroso, que geralmente cont&eacute;m 20 a 30% de ferro elementar por mg de sal de sulfato ferroso, mas pode variar de acordo com o fabricante.&nbsp;<\/p><p>#Ponto importante: A suplementa&ccedil;&atilde;o de ferro deve ser tomada sem alimentos ou com alimentos c&iacute;tricos, como laranja, pois o baixo pH g&aacute;strico facilita a absor&ccedil;&atilde;o de ferro.&nbsp;<\/p><p>A dura&ccedil;&atilde;o da suplementa&ccedil;&atilde;o de ferro &eacute; necess&aacute;ria por pelo menos tr&ecirc;s meses para repor os estoques teciduais de ferro ou por pelo menos um m&ecirc;s ap&oacute;s a hemoglobina ter retornado aos n&iacute;veis normais.&nbsp;<\/p><p>As formula&ccedil;&otilde;es intravenosas geralmente s&atilde;o reservadas no tratamento de pessoas intolerantes ao ferro oral, mulheres gr&aacute;vidas e indiv&iacute;duos com doen&ccedil;a inflamat&oacute;ria intestinal, cirurgia g&aacute;strica ou doen&ccedil;a renal cr&ocirc;nica, em que a absor&ccedil;&atilde;o de ferro intestinal est&aacute; prejudicada.&nbsp;<\/p><p><strong><a id=\"cta\" class=\"cta-imagem\" href=\"https:\/\/med.estrategia.com\/cursos\/extensivo-de-residncia-mdica\/\" target=\"blank\">\n                <img decoding=\"async\" width=\"100%\" src=\"https:\/\/med.estrategia.com\/portal\/wp-content\/uploads\/2025\/08\/extensivo_rm.jpg\" alt=\"Extensivo RM\" title=\"extensivo_rm\">\n        <\/a><\/strong><\/p><h3 class=\"wp-block-heading\" id=\"h-veja-tambem\">Veja tamb&eacute;m:<\/h3><ul class=\"wp-block-list\">\n<li><a href=\"https:\/\/med.estrategia.com\/portal\/aluno-de-medicina\/dicas-de-estudo\/anemias\/\">Resumo de anemias: classifica&ccedil;&atilde;o e avalia&ccedil;&atilde;o de hemogramas<\/a><\/li>\n\n\n\n<li><a href=\"https:\/\/med.estrategia.com\/portal\/conteudos-gratis\/doencas\/resumo-de-anemia-falciforme-diagnostico-tratamento-e-mais\/\">Resumo de anemia falciforme: diagn&oacute;stico, tratamento e mais!<\/a><\/li>\n\n\n\n<li><a href=\"https:\/\/med.estrategia.com\/portal\/conteudos-gratis\/doencas\/resumo-de-talassemia-diagnostico-tratamento-e-mais\/\">Resumo de talassemia: diagn&oacute;stico, tratamento e mais!<\/a><\/li>\n\n\n\n<li><a href=\"https:\/\/med.estrategia.com\/portal\/conteudos-gratis\/doencas\/resumo-de-ferritina-alta-diagnostico-tratamento-e-mais\/\">Resumo de ferritina alta: diagn&oacute;stico, tratamento e mais!<\/a>&nbsp;<\/li>\n\n\n\n<li><a href=\"https:\/\/med.estrategia.com\/portal\/aluno-de-medicina\/dicas-de-estudo\/medicina-transfusional-gatilhos-processamento-reacoes\/\">Resumo de medicina transfusional: gatilhos, processamento e rea&ccedil;&otilde;es<\/a><\/li>\n\n\n\n<li><a href=\"https:\/\/med.estrategia.com\/portal\/aluno-de-medicina\/dicas-de-estudo\/hemofilia\/\">Resumo de hemofilia: manifesta&ccedil;&otilde;es cl&iacute;nicas, diagn&oacute;stico, tratamento e mais<\/a><\/li>\n<\/ul><h3 class=\"wp-block-heading\" id=\"h-referencias-bibliograficas\">Refer&ecirc;ncias bibliogr&aacute;ficas:<\/h3><ul class=\"wp-block-list\">\n<li>Clara Camaschella; <strong>Iron deficiency.<\/strong> <em>Blood<\/em> 2019; 133 (1): 30&ndash;39. doi:<a href=\"https:\/\/doi.org\/10.1182\/blood-2018-05-815944\" target=\"_blank\" rel=\"noopener noreferrer\"> https:\/\/doi.org\/10.1182\/blood-2018-05-815944<\/a><\/li>\n\n\n\n<li>Miller JL.<strong> Iron deficiency anemia: a common and curable disease. <\/strong>Cold Spring Harb Perspect Med. 2013 Jul 1;3(7):a011866. doi: 10.1101\/cshperspect.a011866. <a href=\"https:\/\/www.ncbi.nlm.nih.gov\/pmc\/articles\/PMC3685880\/\" target=\"_blank\" rel=\"noopener noreferrer\">https:\/\/www.ncbi.nlm.nih.gov\/pmc\/articles\/PMC3685880\/<\/a><\/li>\n\n\n\n<li>Warner MJ, Kamran MT.<strong> Iron Deficiency Anemia.<\/strong> [Updated 2022 Aug 8]. In: StatPearls [Internet]. Treasure Island (FL): StatPearls Publishing; 2022 Jan-. Available from: <a href=\"https:\/\/www.ncbi.nlm.nih.gov\/books\/NBK448065\/\" target=\"_blank\" rel=\"noopener noreferrer\">https:\/\/www.ncbi.nlm.nih.gov\/books\/NBK448065\/<\/a><\/li>\n\n\n\n<li>Cr&eacute;dito da imagem em destaque: <a href=\"https:\/\/www.pexels.com\/pt-br\/foto\/biologia-sangue-conceito-ideia-5149400\/\" target=\"_blank\" rel=\"noopener noreferrer\">Pexels<\/a><\/li>\n<\/ul><\/p>\n","protected":false},"excerpt":{"rendered":"A anemia por defici&ecirc;ncia de ferro &eacute; a causa mais comum de anemia em todo o mundo. Confira&hellip;\n","protected":false},"author":43,"featured_media":35676,"comment_status":"closed","ping_status":"closed","sticky":false,"template":"","format":"standard","meta":{"wl_entities_gutenberg":"","footnotes":""},"categories":[304],"tags":[],"wl_entity_type":[199],"class_list":{"0":"post-35674","1":"post","2":"type-post","3":"status-publish","4":"format-standard","5":"has-post-thumbnail","7":"category-doencas","8":"wl_entity_type-article"},"acf":[],"yoast_head":"<!-- This site is optimized with the Yoast SEO Premium plugin v26.6 (Yoast SEO v26.6) - https:\/\/yoast.com\/wordpress\/plugins\/seo\/ -->\n<title>Resumo de anemia ferropriva: diagn\u00f3stico, tratamento e mais!<\/title>\n<meta name=\"description\" content=\"A anemia ferropriva \u00e9 causada por defici\u00eancia nos estoques de ferro s\u00e9rico, sendo o tipo de anemia mais comum no mundo. \u00a0\u00a0\" \/>\n<meta name=\"robots\" content=\"index, follow, max-snippet:-1, max-image-preview:large, max-video-preview:-1\" \/>\n<link rel=\"canonical\" href=\"https:\/\/med.estrategia.com\/portal\/conteudos-gratis\/doencas\/resumo-de-anemia-ferropriva-diagnostico-tratamento-e-mais\/\" \/>\n<meta property=\"og:locale\" content=\"pt_BR\" \/>\n<meta property=\"og:type\" content=\"article\" \/>\n<meta property=\"og:title\" content=\"Resumo de anemia ferropriva: diagn\u00f3stico, tratamento e mais!\" \/>\n<meta property=\"og:description\" content=\"A anemia ferropriva \u00e9 causada por defici\u00eancia nos estoques de ferro s\u00e9rico, sendo o tipo de anemia mais comum no mundo. \u00a0\u00a0\" \/>\n<meta property=\"og:url\" content=\"https:\/\/med.estrategia.com\/portal\/conteudos-gratis\/doencas\/resumo-de-anemia-ferropriva-diagnostico-tratamento-e-mais\/\" \/>\n<meta property=\"og:site_name\" content=\"Estrat\u00e9gia MED\" \/>\n<meta property=\"article:publisher\" content=\"https:\/\/www.facebook.com\/estrategiamed1\" \/>\n<meta property=\"article:published_time\" content=\"2023-02-15T02:14:11+00:00\" \/>\n<meta property=\"article:modified_time\" content=\"2023-02-24T16:18:30+00:00\" \/>\n<meta property=\"og:image\" content=\"https:\/\/cdn.medblog.estrategiaeducacional.com.br\/wp-content\/uploads\/2023\/02\/ferropriva.jpg\" \/>\n\t<meta property=\"og:image:width\" content=\"1280\" \/>\n\t<meta property=\"og:image:height\" content=\"853\" \/>\n\t<meta property=\"og:image:type\" content=\"image\/jpeg\" \/>\n<meta name=\"author\" content=\"Marcos Vinicius Santos\" \/>\n<meta name=\"twitter:card\" content=\"summary_large_image\" \/>\n<meta name=\"twitter:creator\" content=\"@estrategiamed_\" \/>\n<meta name=\"twitter:site\" content=\"@estrategiamed_\" \/>\n<meta name=\"twitter:label1\" content=\"Escrito por\" \/>\n\t<meta name=\"twitter:data1\" content=\"Marcos Vinicius Santos\" \/>\n\t<meta name=\"twitter:label2\" content=\"Est. tempo de leitura\" \/>\n\t<meta name=\"twitter:data2\" content=\"7 minutos\" \/>\n<script type=\"application\/ld+json\" class=\"yoast-schema-graph\">{\"@context\":\"https:\/\/schema.org\",\"@graph\":[{\"@type\":\"WebPage\",\"@id\":\"https:\/\/med.estrategia.com\/portal\/conteudos-gratis\/doencas\/resumo-de-anemia-ferropriva-diagnostico-tratamento-e-mais\/\",\"url\":\"https:\/\/med.estrategia.com\/portal\/conteudos-gratis\/doencas\/resumo-de-anemia-ferropriva-diagnostico-tratamento-e-mais\/\",\"name\":\"Resumo de anemia ferropriva: diagn\u00f3stico, tratamento e mais!\",\"isPartOf\":{\"@id\":\"https:\/\/med.estrategia.com\/portal\/#website\"},\"primaryImageOfPage\":{\"@id\":\"https:\/\/med.estrategia.com\/portal\/conteudos-gratis\/doencas\/resumo-de-anemia-ferropriva-diagnostico-tratamento-e-mais\/#primaryimage\"},\"image\":{\"@id\":\"https:\/\/med.estrategia.com\/portal\/conteudos-gratis\/doencas\/resumo-de-anemia-ferropriva-diagnostico-tratamento-e-mais\/#primaryimage\"},\"thumbnailUrl\":\"https:\/\/med.estrategia.com\/portal\/wp-content\/uploads\/2023\/02\/ferropriva.jpg\",\"datePublished\":\"2023-02-15T02:14:11+00:00\",\"dateModified\":\"2023-02-24T16:18:30+00:00\",\"author\":{\"@id\":\"https:\/\/med.estrategia.com\/portal\/#\/schema\/person\/31b4375b6f7230a3bb3e53ff71cde149\"},\"description\":\"A anemia ferropriva \u00e9 causada por defici\u00eancia nos estoques de ferro s\u00e9rico, sendo o tipo de anemia mais comum no mundo. \u00a0\u00a0\",\"breadcrumb\":{\"@id\":\"https:\/\/med.estrategia.com\/portal\/conteudos-gratis\/doencas\/resumo-de-anemia-ferropriva-diagnostico-tratamento-e-mais\/#breadcrumb\"},\"inLanguage\":\"pt-BR\",\"potentialAction\":[{\"@type\":\"ReadAction\",\"target\":[\"https:\/\/med.estrategia.com\/portal\/conteudos-gratis\/doencas\/resumo-de-anemia-ferropriva-diagnostico-tratamento-e-mais\/\"]}]},{\"@type\":\"ImageObject\",\"inLanguage\":\"pt-BR\",\"@id\":\"https:\/\/med.estrategia.com\/portal\/conteudos-gratis\/doencas\/resumo-de-anemia-ferropriva-diagnostico-tratamento-e-mais\/#primaryimage\",\"url\":\"https:\/\/med.estrategia.com\/portal\/wp-content\/uploads\/2023\/02\/ferropriva.jpg\",\"contentUrl\":\"https:\/\/med.estrategia.com\/portal\/wp-content\/uploads\/2023\/02\/ferropriva.jpg\",\"width\":1280,\"height\":853},{\"@type\":\"BreadcrumbList\",\"@id\":\"https:\/\/med.estrategia.com\/portal\/conteudos-gratis\/doencas\/resumo-de-anemia-ferropriva-diagnostico-tratamento-e-mais\/#breadcrumb\",\"itemListElement\":[{\"@type\":\"ListItem\",\"position\":1,\"name\":\"Home\",\"item\":\"https:\/\/med.estrategia.com\/portal\/\"},{\"@type\":\"ListItem\",\"position\":2,\"name\":\"Conte\u00fados Gr\u00e1tis\",\"item\":\"https:\/\/med.estrategia.com\/portal\/conteudos-gratis\/\"},{\"@type\":\"ListItem\",\"position\":3,\"name\":\"Doen\u00e7as\",\"item\":\"https:\/\/med.estrategia.com\/portal\/conteudos-gratis\/doencas\/\"},{\"@type\":\"ListItem\",\"position\":4,\"name\":\"Resumo de anemia ferropriva: diagn\u00f3stico, tratamento e mais!\"}]},{\"@type\":\"WebSite\",\"@id\":\"https:\/\/med.estrategia.com\/portal\/#website\",\"url\":\"https:\/\/med.estrategia.com\/portal\/\",\"name\":\"Estrat\u00e9gia MED\",\"description\":\"\",\"potentialAction\":[{\"@type\":\"SearchAction\",\"target\":{\"@type\":\"EntryPoint\",\"urlTemplate\":\"https:\/\/med.estrategia.com\/portal\/?s={search_term_string}\"},\"query-input\":{\"@type\":\"PropertyValueSpecification\",\"valueRequired\":true,\"valueName\":\"search_term_string\"}}],\"inLanguage\":\"pt-BR\"},{\"@type\":\"Person\",\"@id\":\"https:\/\/med.estrategia.com\/portal\/#\/schema\/person\/31b4375b6f7230a3bb3e53ff71cde149\",\"name\":\"Marcos Vinicius Santos\",\"image\":{\"@type\":\"ImageObject\",\"inLanguage\":\"pt-BR\",\"@id\":\"https:\/\/med.estrategia.com\/portal\/#\/schema\/person\/image\/\",\"url\":\"https:\/\/med.estrategia.com\/portal\/wp-content\/uploads\/2022\/08\/Marcos-Vinicius-1-150x150.jpeg\",\"contentUrl\":\"https:\/\/med.estrategia.com\/portal\/wp-content\/uploads\/2022\/08\/Marcos-Vinicius-1-150x150.jpeg\",\"caption\":\"Marcos Vinicius Santos\"},\"description\":\"Sou interno de medicina da Universidade Federal do Rec\u00f4ncavo da Bahia (UFRB), atualmente no \u00faltimo ano da faculdade e no est\u00e1gio em pediatria. Escolhi medicina somente no ensino m\u00e9dio de forma espont\u00e2nea (ou quem sabe influenciado por Grey's Anatomy rs). Pretendo prestar resid\u00eancia em S\u00e3o Paulo para cirurgia geral e me especializar em aparelho digestivo. Torcedor fiel do Santos, nas horas vagas tenho como h\u00e1bito a pr\u00e1tica de esporte e como hobbies assistir o meu time de cora\u00e7\u00e3o jogar e tocar viol\u00e3o.\",\"url\":\"https:\/\/med.estrategia.com\/portal\/author\/marcos-viniciusestrategia-com\/\"}]}<\/script>\n<!-- \/ Yoast SEO Premium plugin. -->","yoast_head_json":{"title":"Resumo de anemia ferropriva: diagn\u00f3stico, tratamento e mais!","description":"A anemia ferropriva \u00e9 causada por defici\u00eancia nos estoques de ferro s\u00e9rico, sendo o tipo de anemia mais comum no mundo. \u00a0\u00a0","robots":{"index":"index","follow":"follow","max-snippet":"max-snippet:-1","max-image-preview":"max-image-preview:large","max-video-preview":"max-video-preview:-1"},"canonical":"https:\/\/med.estrategia.com\/portal\/conteudos-gratis\/doencas\/resumo-de-anemia-ferropriva-diagnostico-tratamento-e-mais\/","og_locale":"pt_BR","og_type":"article","og_title":"Resumo de anemia ferropriva: diagn\u00f3stico, tratamento e mais!","og_description":"A anemia ferropriva \u00e9 causada por defici\u00eancia nos estoques de ferro s\u00e9rico, sendo o tipo de anemia mais comum no mundo. \u00a0\u00a0","og_url":"https:\/\/med.estrategia.com\/portal\/conteudos-gratis\/doencas\/resumo-de-anemia-ferropriva-diagnostico-tratamento-e-mais\/","og_site_name":"Estrat\u00e9gia MED","article_publisher":"https:\/\/www.facebook.com\/estrategiamed1","article_published_time":"2023-02-15T02:14:11+00:00","article_modified_time":"2023-02-24T16:18:30+00:00","og_image":[{"width":1280,"height":853,"url":"https:\/\/cdn.medblog.estrategiaeducacional.com.br\/wp-content\/uploads\/2023\/02\/ferropriva.jpg","type":"image\/jpeg"}],"author":"Marcos Vinicius Santos","twitter_card":"summary_large_image","twitter_creator":"@estrategiamed_","twitter_site":"@estrategiamed_","twitter_misc":{"Escrito por":"Marcos Vinicius Santos","Est. tempo de leitura":"7 minutos"},"schema":{"@context":"https:\/\/schema.org","@graph":[{"@type":"WebPage","@id":"https:\/\/med.estrategia.com\/portal\/conteudos-gratis\/doencas\/resumo-de-anemia-ferropriva-diagnostico-tratamento-e-mais\/","url":"https:\/\/med.estrategia.com\/portal\/conteudos-gratis\/doencas\/resumo-de-anemia-ferropriva-diagnostico-tratamento-e-mais\/","name":"Resumo de anemia ferropriva: diagn\u00f3stico, tratamento e mais!","isPartOf":{"@id":"https:\/\/med.estrategia.com\/portal\/#website"},"primaryImageOfPage":{"@id":"https:\/\/med.estrategia.com\/portal\/conteudos-gratis\/doencas\/resumo-de-anemia-ferropriva-diagnostico-tratamento-e-mais\/#primaryimage"},"image":{"@id":"https:\/\/med.estrategia.com\/portal\/conteudos-gratis\/doencas\/resumo-de-anemia-ferropriva-diagnostico-tratamento-e-mais\/#primaryimage"},"thumbnailUrl":"https:\/\/med.estrategia.com\/portal\/wp-content\/uploads\/2023\/02\/ferropriva.jpg","datePublished":"2023-02-15T02:14:11+00:00","dateModified":"2023-02-24T16:18:30+00:00","author":{"@id":"https:\/\/med.estrategia.com\/portal\/#\/schema\/person\/31b4375b6f7230a3bb3e53ff71cde149"},"description":"A anemia ferropriva \u00e9 causada por defici\u00eancia nos estoques de ferro s\u00e9rico, sendo o tipo de anemia mais comum no mundo. \u00a0\u00a0","breadcrumb":{"@id":"https:\/\/med.estrategia.com\/portal\/conteudos-gratis\/doencas\/resumo-de-anemia-ferropriva-diagnostico-tratamento-e-mais\/#breadcrumb"},"inLanguage":"pt-BR","potentialAction":[{"@type":"ReadAction","target":["https:\/\/med.estrategia.com\/portal\/conteudos-gratis\/doencas\/resumo-de-anemia-ferropriva-diagnostico-tratamento-e-mais\/"]}]},{"@type":"ImageObject","inLanguage":"pt-BR","@id":"https:\/\/med.estrategia.com\/portal\/conteudos-gratis\/doencas\/resumo-de-anemia-ferropriva-diagnostico-tratamento-e-mais\/#primaryimage","url":"https:\/\/med.estrategia.com\/portal\/wp-content\/uploads\/2023\/02\/ferropriva.jpg","contentUrl":"https:\/\/med.estrategia.com\/portal\/wp-content\/uploads\/2023\/02\/ferropriva.jpg","width":1280,"height":853},{"@type":"BreadcrumbList","@id":"https:\/\/med.estrategia.com\/portal\/conteudos-gratis\/doencas\/resumo-de-anemia-ferropriva-diagnostico-tratamento-e-mais\/#breadcrumb","itemListElement":[{"@type":"ListItem","position":1,"name":"Home","item":"https:\/\/med.estrategia.com\/portal\/"},{"@type":"ListItem","position":2,"name":"Conte\u00fados Gr\u00e1tis","item":"https:\/\/med.estrategia.com\/portal\/conteudos-gratis\/"},{"@type":"ListItem","position":3,"name":"Doen\u00e7as","item":"https:\/\/med.estrategia.com\/portal\/conteudos-gratis\/doencas\/"},{"@type":"ListItem","position":4,"name":"Resumo de anemia ferropriva: diagn\u00f3stico, tratamento e mais!"}]},{"@type":"WebSite","@id":"https:\/\/med.estrategia.com\/portal\/#website","url":"https:\/\/med.estrategia.com\/portal\/","name":"Estrat\u00e9gia MED","description":"","potentialAction":[{"@type":"SearchAction","target":{"@type":"EntryPoint","urlTemplate":"https:\/\/med.estrategia.com\/portal\/?s={search_term_string}"},"query-input":{"@type":"PropertyValueSpecification","valueRequired":true,"valueName":"search_term_string"}}],"inLanguage":"pt-BR"},{"@type":"Person","@id":"https:\/\/med.estrategia.com\/portal\/#\/schema\/person\/31b4375b6f7230a3bb3e53ff71cde149","name":"Marcos Vinicius Santos","image":{"@type":"ImageObject","inLanguage":"pt-BR","@id":"https:\/\/med.estrategia.com\/portal\/#\/schema\/person\/image\/","url":"https:\/\/med.estrategia.com\/portal\/wp-content\/uploads\/2022\/08\/Marcos-Vinicius-1-150x150.jpeg","contentUrl":"https:\/\/med.estrategia.com\/portal\/wp-content\/uploads\/2022\/08\/Marcos-Vinicius-1-150x150.jpeg","caption":"Marcos Vinicius Santos"},"description":"Sou interno de medicina da Universidade Federal do Rec\u00f4ncavo da Bahia (UFRB), atualmente no \u00faltimo ano da faculdade e no est\u00e1gio em pediatria. Escolhi medicina somente no ensino m\u00e9dio de forma espont\u00e2nea (ou quem sabe influenciado por Grey's Anatomy rs). Pretendo prestar resid\u00eancia em S\u00e3o Paulo para cirurgia geral e me especializar em aparelho digestivo. Torcedor fiel do Santos, nas horas vagas tenho como h\u00e1bito a pr\u00e1tica de esporte e como hobbies assistir o meu time de cora\u00e7\u00e3o jogar e tocar viol\u00e3o.","url":"https:\/\/med.estrategia.com\/portal\/author\/marcos-viniciusestrategia-com\/"}]}},"_wl_alt_label":[],"wl:entity_url":"\/post\/resumo-de-anemia-ferropriva-diagnostico-tratamento-e-mais","_links":{"self":[{"href":"https:\/\/med.estrategia.com\/portal\/wp-json\/wp\/v2\/posts\/35674","targetHints":{"allow":["GET"]}}],"collection":[{"href":"https:\/\/med.estrategia.com\/portal\/wp-json\/wp\/v2\/posts"}],"about":[{"href":"https:\/\/med.estrategia.com\/portal\/wp-json\/wp\/v2\/types\/post"}],"author":[{"embeddable":true,"href":"https:\/\/med.estrategia.com\/portal\/wp-json\/wp\/v2\/users\/43"}],"replies":[{"embeddable":true,"href":"https:\/\/med.estrategia.com\/portal\/wp-json\/wp\/v2\/comments?post=35674"}],"version-history":[{"count":4,"href":"https:\/\/med.estrategia.com\/portal\/wp-json\/wp\/v2\/posts\/35674\/revisions"}],"predecessor-version":[{"id":36194,"href":"https:\/\/med.estrategia.com\/portal\/wp-json\/wp\/v2\/posts\/35674\/revisions\/36194"}],"wp:featuredmedia":[{"embeddable":true,"href":"https:\/\/med.estrategia.com\/portal\/wp-json\/wp\/v2\/media\/35676"}],"wp:attachment":[{"href":"https:\/\/med.estrategia.com\/portal\/wp-json\/wp\/v2\/media?parent=35674"}],"wp:term":[{"taxonomy":"category","embeddable":true,"href":"https:\/\/med.estrategia.com\/portal\/wp-json\/wp\/v2\/categories?post=35674"},{"taxonomy":"post_tag","embeddable":true,"href":"https:\/\/med.estrategia.com\/portal\/wp-json\/wp\/v2\/tags?post=35674"},{"taxonomy":"wl_entity_type","embeddable":true,"href":"https:\/\/med.estrategia.com\/portal\/wp-json\/wp\/v2\/wl_entity_type?post=35674"}],"curies":[{"name":"wp","href":"https:\/\/api.w.org\/{rel}","templated":true}]}}