{"id":3568,"date":"2021-02-01T12:36:53","date_gmt":"2021-02-01T15:36:53","guid":{"rendered":"https:\/\/med.estrategiaeducacional.com.br\/blog\/?p=3568"},"modified":"2023-09-12T11:37:56","modified_gmt":"2023-09-12T14:37:56","slug":"uff-residencia-medica","status":"publish","type":"post","link":"https:\/\/med.estrategia.com\/portal\/residencia-medica\/uff-residencia-medica\/","title":{"rendered":"Resid\u00eancia M\u00e9dica UFF: edi\u00e7\u00e3o 2024, cronograma, vaga e mais"},"content":{"rendered":"<p>Se voc&ecirc; tem interesse pelo exame para <a class=\"wl-entity-page-link\" title=\"Resid&ecirc;ncia\" href=\"https:\/\/med.estrategia.com\/portal\/entidade\/residencia-medica\/\" data-id=\"\/entity\/residencia-medica;http:\/\/dbpedia.org\/resource\/Residency_(medicine);http:\/\/en.dbpedia.org\/resource\/Residency_(medicine);http:\/\/nl.dbpedia.org\/resource\/Arts-assistent;http:\/\/de.dbpedia.org\/resource\/&Auml;rztliche_Weiterbildung;http:\/\/fr.dbpedia.org\/resource\/R&eacute;sidence_(m&eacute;decine);http:\/\/lt.dbpedia.org\/resource\/Rezident&#363;ra_(studijos);http:\/\/pt.dbpedia.org\/resource\/Resid&ecirc;ncia_m&eacute;dica;http:\/\/ru.dbpedia.org\/resource\/&#1050;&#1083;&#1080;&#1085;&#1080;&#1095;&#1077;&#1089;&#1082;&#1072;&#1103;_&#1086;&#1088;&#1076;&#1080;&#1085;&#1072;&#1090;&#1091;&#1088;&#1072;;http:\/\/uk.dbpedia.org\/resource\/&#1054;&#1088;&#1076;&#1080;&#1085;&#1072;&#1090;&#1091;&#1088;&#1072;_&#1082;&#1083;&#1110;&#1085;&#1110;&#1095;&#1085;&#1072;;https:\/\/data.wordlift.io\/wl106637\/entity\/residencia-medica\">Resid&ecirc;ncia M&eacute;dica<\/a> da qual a UFF participa, n&atilde;o perca as informa&ccedil;&otilde;es que a <a class=\"wl-entity-page-link\" href=\"https:\/\/med.estrategia.com\/portal\/entidade\/estrategia-med-2\/\" data-id=\"\/entity\/estrategia-med-2;https:\/\/data.wordlift.io\/wl106637\/entity\/estrategia_med\">Estrat&eacute;gia MED<\/a> separou aqui!<div id=\"ez-toc-container\" class=\"ez-toc-v2_0_79_2 counter-hierarchy ez-toc-counter ez-toc-transparent ez-toc-container-direction\">\n<div class=\"ez-toc-title-container\"><p class=\"ez-toc-title\" style=\"cursor:inherit\">Navegue pelo conte\u00fado<\/p>\n<\/div><nav><ul class='ez-toc-list ez-toc-list-level-1 ' ><li class='ez-toc-page-1 ez-toc-heading-level-2'><a class=\"ez-toc-link ez-toc-heading-1\" href=\"https:\/\/med.estrategia.com\/portal\/residencia-medica\/uff-residencia-medica\/#O-que-e-a-UFF\" >O que &eacute; a UFF?<\/a><\/li><li class='ez-toc-page-1 ez-toc-heading-level-2'><a class=\"ez-toc-link ez-toc-heading-2\" href=\"https:\/\/med.estrategia.com\/portal\/residencia-medica\/uff-residencia-medica\/#Processo-Seletivo-UFF-Residencia-Medica\" >Processo Seletivo UFF Resid&ecirc;ncia M&eacute;dica<\/a><\/li><li class='ez-toc-page-1 ez-toc-heading-level-2'><a class=\"ez-toc-link ez-toc-heading-3\" href=\"https:\/\/med.estrategia.com\/portal\/residencia-medica\/uff-residencia-medica\/#Inscricoes-para-a-selecao-da-UFPB-para-Residencia-Medica\" >Inscri&ccedil;&otilde;es para a sele&ccedil;&atilde;o da UFPB para Resid&ecirc;ncia M&eacute;dica<\/a><\/li><li class='ez-toc-page-1 ez-toc-heading-level-2'><a class=\"ez-toc-link ez-toc-heading-4\" href=\"https:\/\/med.estrategia.com\/portal\/residencia-medica\/uff-residencia-medica\/#Saiba-como-sera-a-proxima-edicao\" >Saiba como ser&aacute; a pr&oacute;xima edi&ccedil;&atilde;o<\/a><\/li><li class='ez-toc-page-1 ez-toc-heading-level-2'><a class=\"ez-toc-link ez-toc-heading-5\" href=\"https:\/\/med.estrategia.com\/portal\/residencia-medica\/uff-residencia-medica\/#Resultado-UFF-Residencia-Medica-2024\" >Resultado UFF Resid&ecirc;ncia M&eacute;dica 2024<\/a><\/li><li class='ez-toc-page-1 ez-toc-heading-level-2'><a class=\"ez-toc-link ez-toc-heading-6\" href=\"https:\/\/med.estrategia.com\/portal\/residencia-medica\/uff-residencia-medica\/#Estudando-para-a-Prova-da-UFF-Residencia-Medica-2024\" >Estudando para a Prova da UFF Resid&ecirc;ncia M&eacute;dica 2024<\/a><\/li><li class='ez-toc-page-1 ez-toc-heading-level-2'><a class=\"ez-toc-link ez-toc-heading-7\" href=\"https:\/\/med.estrategia.com\/portal\/residencia-medica\/uff-residencia-medica\/#Veja-tambem\" >Veja tamb&eacute;m:<\/a><\/li><\/ul><\/nav><\/div>\n<h2 class=\"wp-block-heading\" id=\"h-o-que-e-a-uff\"><span class=\"ez-toc-section\" id=\"O-que-e-a-UFF\"><\/span>O que &eacute; a UFF?<span class=\"ez-toc-section-end\"><\/span><\/h2><p>Fundada em 1960, a <strong>Universidade Federal Fluminense (UFF)<\/strong> &eacute; uma institui&ccedil;&atilde;o de ensino&nbsp; voltada para os cursos de gradua&ccedil;&atilde;o e p&oacute;s-gradua&ccedil;&atilde;o. Sua cria&ccedil;&atilde;o &eacute; resultante da jun&ccedil;&atilde;o das Escolas Federais de Farm&aacute;cia, Odontologia e Direito. At&eacute; sua federaliza&ccedil;&atilde;o, a institui&ccedil;&atilde;o era chamada de Universidade Federal do Estado do Rio de Janeiro (UFERJ).<\/p><p>A UFF conta com o <strong>Hospital Universit&aacute;rio<\/strong> <strong>Ant&ocirc;nio Pedro (HUAP &ndash; UFF)<\/strong>, que &eacute; tamb&eacute;m um dos hospitais <strong>administrados<\/strong> pela <strong>Empresa Brasileira de Servi&ccedil;os Hospitalares (<a href=\"https:\/\/med.estrategia.com\/portal\/residencia-medica\/programa-de-residencia-medica\/ebserh-residencia-medica\/\" target=\"_blank\">EBSERH<\/a>)<\/strong>.<\/p><div class=\"wp-block-image\">\n<figure class=\"aligncenter size-large\"><img decoding=\"async\" src=\"https:\/\/med.estrategia.com\/portal\/wp-content\/uploads\/2021\/02\/uff-1-1024x728.webp\" alt=\"UFF Resid&ecirc;ncia M&eacute;dica \" class=\"wp-image-11891\"><figcaption class=\"wp-element-caption\">Foto: <a href=\"https:\/\/www.gov.br\/ebserh\/pt-br\/hospitais-universitarios\/regiao-sudeste\/huap-uff\/comunicacao\/noticias\/ordem-interna-de-servico-huap\" target=\"_blank\">Divulga&ccedil;&atilde;o Ebserh<\/a><\/figcaption><\/figure><\/div><h2 class=\"wp-block-heading\"><span class=\"ez-toc-section\" id=\"Processo-Seletivo-UFF-Residencia-Medica\"><\/span>Processo Seletivo UFF Resid&ecirc;ncia M&eacute;dica<span class=\"ez-toc-section-end\"><\/span><\/h2><p>Para&nbsp;<strong>ingresso em 2024&nbsp;<\/strong>em seus programas ofertados, a&nbsp;<strong>UFF &eacute; uma das institui&ccedil;&otilde;es aderentes ao&nbsp;<a href=\"https:\/\/med.estrategia.com\/portal\/residencia-medica\/enare-vagas-cronograma-provas-edital\/\" target=\"_blank\">Exame Nacional de Resid&ecirc;ncia (ENARE)<\/a><\/strong>. Por isso, os candidatos interessados em uma das vagas da UFF&nbsp;<strong>ser&atilde;o avaliados pelas duas etapas<\/strong>&nbsp;que comp&otilde;e a sele&ccedil;&atilde;o unificada:&nbsp;<strong>prova objetiva e an&aacute;lise curricular.<\/strong><\/p><p>A prova<strong>&nbsp;te&oacute;rico-objetiva<\/strong>&nbsp;&eacute; constitu&iacute;da de&nbsp;<strong>quest&otilde;es de m&uacute;ltipla escolha<\/strong>, cada uma delas com&nbsp;<strong>cinco alternativas<\/strong>&nbsp;e apenas uma correta. O formato da avalia&ccedil;&atilde;o &eacute; diferente para os candidatos &agrave;s especialidades de Acesso Direto e &agrave;s com Pr&eacute;-Requisito, por&eacute;m as duas provas acontecem no mesmo dia.<\/p><p>Para as especialidades de Acesso Direto, a prova &eacute; composta por&nbsp;<strong>100 quest&otilde;es<\/strong>, distribu&iacute;das igualmente e abordando as grandes &aacute;reas da medicina:&nbsp;<strong><a href=\"https:\/\/med.estrategia.com\/portal\/entidade\/cirurgia-geral\/\">Cirurgia Geral<\/a>,&nbsp;<a href=\"https:\/\/med.estrategia.com\/portal\/entidade\/clinica-medica\/\">Cl&iacute;nica M&eacute;dica<\/a>,&nbsp;<a href=\"https:\/\/med.estrategia.com\/portal\/entidade\/ginecologia\/\">Ginecologia<\/a>&nbsp;e&nbsp;<a href=\"https:\/\/med.estrategia.com\/portal\/entidade\/obstetricia\/\">Obstetr&iacute;cia<\/a>,&nbsp;<a href=\"https:\/\/med.estrategia.com\/portal\/entidade\/medicina-preventiva\/\">Medicina Preventiva<\/a>&nbsp;e Social e&nbsp;<a href=\"https:\/\/med.estrategia.com\/portal\/entidade\/pediatria\/\">Pediatria<\/a>.<\/strong><br><br>J&aacute; a prova para as especialidades com Pr&eacute;-Requisito conta com&nbsp;<strong>80 quest&otilde;es<\/strong>&nbsp;relativas &agrave;s compet&ecirc;ncias presentes nas matrizes dos programas de resid&ecirc;ncia definidos como pr&eacute;-requisitos.<br><br>Para a segunda etapa da sele&ccedil;&atilde;o, o candidato deve&nbsp;<strong>cadastrar e enviar seu curr&iacute;culo<\/strong>&nbsp;por meio da p&aacute;gina de Envio de Documentos para An&aacute;lise Curricular, que fica dispon&iacute;vel durante o per&iacute;odo estipulado em edital.&nbsp;<\/p><p>Ap&oacute;s a 2&ordf; etapa ser realizada, h&aacute; a<strong>&nbsp;confer&ecirc;ncia da nota final no sistema<\/strong>, definida pela seguinte f&oacute;rmula:<\/p><p class=\"wp-block-preformatted\"><strong>Nota final (NF) = (Nota da 1&ordf; Etapa x 9) + (Nota da 2&ordf; Etapa x 1) + (Pontua&ccedil;&atilde;o Adicional do item 10).<\/strong><\/p><h2 class=\"wp-block-heading\"><span class=\"ez-toc-section\" id=\"Inscricoes-para-a-selecao-da-UFPB-para-Residencia-Medica\"><\/span>Inscri&ccedil;&otilde;es para a sele&ccedil;&atilde;o da UFPB para Resid&ecirc;ncia M&eacute;dica<span class=\"ez-toc-section-end\"><\/span><\/h2><p>As inscri&ccedil;&otilde;es para o ENARE 2023\/2024 ser&atilde;o realizadas atrav&eacute;s do&nbsp;<a href=\"https:\/\/enare.ebserh.gov.br\/site-enare\/concurso.jsp?id=567\" target=\"_blank\">site oficial do exame<\/a>&nbsp;entre os dias&nbsp;<strong>23 de agosto e 14<\/strong>&nbsp;<strong>de setembro de 2023<\/strong>. &Eacute; j&aacute; na inscri&ccedil;&atilde;o que candidato deve sinalizar a especialidade a qual ir&aacute; concorrer, por isso, atente-se para quais especialidades a UFF oferta na edi&ccedil;&atilde;o.<\/p><p>Para formalizar a inscri&ccedil;&atilde;o, o candidato deve&nbsp;<strong>pagar a taxa vigente de R$ 310,00<\/strong>, mas h&aacute; como realizar a&nbsp;<strong>solicita&ccedil;&atilde;o de isen&ccedil;&atilde;o da taxa de inscri&ccedil;&atilde;o<\/strong>&nbsp;entre&nbsp;<strong>23 e 28 de agosto de 2023, &agrave;s 18h<\/strong>.<\/p><h3 class=\"wp-block-heading\">Bonifica&ccedil;&atilde;o na nota final do Enare<\/h3><p>Durante o per&iacute;odo de inscri&ccedil;&otilde;es, que tamb&eacute;m servir&aacute; para envio de documentos para a&nbsp;<strong>An&aacute;lise Curricular<\/strong>, o candidato pode solicitar&nbsp;<strong>10% de pontua&ccedil;&atilde;o adicional<\/strong>&nbsp;na nota final caso tenha participado e conclu&iacute;do o Programa de Resid&ecirc;ncia em Medicina Geral de Fam&iacute;lia e Comunidade (PRMGFC) at&eacute; a data m&aacute;xima de 29 de fevereiro de 2024.<\/p><p>Assim, caso o nome do candidato conste na listagem &ldquo;<a href=\"https:\/\/www.gov.br\/mec\/pt-br\/acesso-a-informacao\/institucional\/secretarias\/secretaria-de-educacao-superior\/lista-dosaptos-a-utilizarem-a-bonificacao-do-provab\" target=\"_blank\">Aptos a utilizarem a bonifica&ccedil;&atilde;o do PROVAB<\/a>&rdquo; dispon&iacute;vel no site do Minist&eacute;rio da Educa&ccedil;&atilde;o, este poder&aacute; solicitar a pontua&ccedil;&atilde;o adicional.<\/p><h2 class=\"wp-block-heading\"><span class=\"ez-toc-section\" id=\"Saiba-como-sera-a-proxima-edicao\"><\/span>Saiba como ser&aacute; a pr&oacute;xima edi&ccedil;&atilde;o<span class=\"ez-toc-section-end\"><\/span><\/h2><p>O edital do ENARE 2023\/2024 foi divulgado no dia 7 de agosto de 2023 na p&aacute;gina oficial da sele&ccedil;&atilde;o. Confira o documento completo:<\/p><div class=\"wp-block-buttons is-content-justification-center is-layout-flex wp-container-core-buttons-is-layout-1 wp-block-buttons-is-layout-flex\">\n<div class=\"wp-block-button\"><a class=\"wp-block-button__link wp-element-button\" href=\"https:\/\/med.estrategia.com\/portal\/wp-content\/uploads\/2023\/08\/ed_abert_medica_enare23-retificado-11-08.pdf\" target=\"_blank\">enare 2024 &ndash; uff<\/a><\/div>\n<\/div><h3 class=\"wp-block-heading\" id=\"h-cronograma-da-uff-residencia-medica-2024\">Cronograma da UFF Resid&ecirc;ncia M&eacute;dica 2024<\/h3><ul class=\"wp-block-list\">\n<li><strong>Ades&atilde;o das institui&ccedil;&otilde;es:&nbsp;<\/strong>10\/07 a 04\/08\/2023;<\/li>\n\n\n\n<li><strong>Publica&ccedil;&atilde;o do Edital para os candidatos:<\/strong>&nbsp;07\/08\/2023;<\/li>\n\n\n\n<li><strong>Per&iacute;odo para Solicita&ccedil;&atilde;o de Isen&ccedil;&atilde;o:<\/strong>&nbsp;23\/08 &agrave;s 18hs de 28\/08\/2023;<\/li>\n\n\n\n<li><strong>Resultado da Solicita&ccedil;&atilde;o de Isen&ccedil;&atilde;o:&nbsp;<\/strong>06\/09\/2023;<\/li>\n\n\n\n<li><strong>Per&iacute;odo de Inscri&ccedil;&atilde;o para os Candidatos:&nbsp;<\/strong>23\/08 &agrave; 14\/09\/2023;<\/li>\n\n\n\n<li><strong>Pagamento da taxa de inscri&ccedil;&atilde;o:&nbsp;<\/strong>at&eacute; 15\/09\/2023;<\/li>\n\n\n\n<li><strong>Envio dos documentos para an&aacute;lise curricular:&nbsp;<\/strong>23\/08 &agrave; 15\/09\/2023;<\/li>\n\n\n\n<li><strong>Divulga&ccedil;&atilde;o do hor&aacute;rio e local do exame:<\/strong>&nbsp;23\/10\/2023;<\/li>\n\n\n\n<li><strong>1&ordf; Etapa (Prova Objetiva):<\/strong>&nbsp;29\/10\/2023;<\/li>\n\n\n\n<li><strong>Gabarito Preliminar:<\/strong>&nbsp;30\/10\/2023;<\/li>\n\n\n\n<li><strong>Per&iacute;odo de recursos contra gabarito:<\/strong>&nbsp;31\/10 e 01\/11\/2023;<\/li>\n\n\n\n<li><strong>Resultado dos recursos e Resultado preliminar da 1&ordf; Etapa:<\/strong>&nbsp;27\/11\/2023;<\/li>\n\n\n\n<li><strong>Recursos contra resultado preliminar:<\/strong>&nbsp;28\/11 e 29\/11\/2023;<\/li>\n\n\n\n<li><strong>Resultado final da 1&ordf; Etapa:&nbsp;<\/strong>6\/12\/2023;<\/li>\n\n\n\n<li><strong>Gabarito Definitivo:<\/strong>&nbsp;6\/12\/2023;<\/li>\n\n\n\n<li><strong>Resultado preliminar da an&aacute;lise curricular (2&ordf; Etapa):&nbsp;<\/strong>6\/12\/2023;<\/li>\n\n\n\n<li><strong>Recursos contra resultado preliminar da 2&ordf; Etapa:<\/strong>&nbsp;07\/12 e 08\/12\/2023;<\/li>\n\n\n\n<li><strong>Resultado final da an&aacute;lise curricular:<\/strong>&nbsp;20\/12\/2023;<\/li>\n\n\n\n<li><strong>Nota final e classifica&ccedil;&atilde;o geral dos candidatos:<\/strong>&nbsp;20\/12\/2023;<\/li>\n\n\n\n<li><strong>Escolha das vagas &ndash; 1&ordf; oportunidade:&nbsp;<\/strong>22\/01 &agrave; 26\/01\/2024;<\/li>\n\n\n\n<li><strong>Resultado 1&ordf; oportunidade:<\/strong>&nbsp;29\/01\/2024<\/li>\n\n\n\n<li><strong>Escolha das vagas &ndash; 2&ordf; oportunidade:<\/strong>&nbsp;26\/02 a 27\/02\/2024;<\/li>\n\n\n\n<li><strong>Resultado 2&ordf; oportunidade:&nbsp;<\/strong>28\/02\/2024;<\/li>\n\n\n\n<li><strong>Escolha das vagas &ndash; 3&ordf; oportunidade:&nbsp;<\/strong>12\/03 a 13\/03\/2024; e<\/li>\n\n\n\n<li><strong>Resultado 3&ordf; oportunidade:&nbsp;<\/strong>14\/03\/2024.<\/li>\n<\/ul><h3 class=\"wp-block-heading\" id=\"h-vagas-uff-residencia-medica-2024\">Vagas UFF Resid&ecirc;ncia M&eacute;dica 2024<\/h3><p>Para a Resid&ecirc;ncia M&eacute;dica 2024, a UFF est&aacute; oferecendo, ao todo, <strong>105 vagas<\/strong>. As vagas est&atilde;o distribu&iacute;das entre especialidades de<strong> Acesso Direto<\/strong> e com <strong>Pr&eacute;-Requisito. <\/strong>Confira:<\/p><h4 class=\"wp-block-heading\" id=\"h-acesso-direto\">Acesso Direto<\/h4><figure class=\"wp-block-table is-style-stripes\"><table class=\"has-light-green-cyan-to-vivid-green-cyan-gradient-background has-background has-fixed-layout\"><thead><tr><th> ESPECIALIDADE <\/th><th class=\"has-text-align-center\" data-align=\"center\"> VAGAS <\/th><\/tr><\/thead><tbody><tr><td>ANESTESIOLOGIA<\/td><td class=\"has-text-align-center\" data-align=\"center\">4<\/td><\/tr><tr><td>CIRURGIA GERAL<\/td><td class=\"has-text-align-center\" data-align=\"center\">4<\/td><\/tr><tr><td>CL&Iacute;NICA M&Eacute;DICA<\/td><td class=\"has-text-align-center\" data-align=\"center\">4<\/td><\/tr><tr><td>DERMATOLOGIA<\/td><td class=\"has-text-align-center\" data-align=\"center\">7<\/td><\/tr><tr><td>GINECOLOGIA E OBSTETR&Iacute;CIA<\/td><td class=\"has-text-align-center\" data-align=\"center\">2<\/td><\/tr><tr><td>INFECTOLOGIA<\/td><td class=\"has-text-align-center\" data-align=\"center\">2<\/td><\/tr><tr><td>MEDICINA NUCLEAR<\/td><td class=\"has-text-align-center\" data-align=\"center\">2<\/td><\/tr><tr><td>MEDICINA PREVENTIVA E SOCIAL<\/td><td class=\"has-text-align-center\" data-align=\"center\">2<\/td><\/tr><tr><td>NEUROCIRURGIA<\/td><td class=\"has-text-align-center\" data-align=\"center\">1<\/td><\/tr><tr><td>NEUROLOGIA<\/td><td class=\"has-text-align-center\" data-align=\"center\">3<\/td><\/tr><tr><td>OFTALMOLOGIA<\/td><td class=\"has-text-align-center\" data-align=\"center\">4<\/td><\/tr><tr><td>ORTOPEDIA E TRAUMATOLOGIA<\/td><td class=\"has-text-align-center\" data-align=\"center\">2<\/td><\/tr><tr><td>OTORRINOLARINGOLOGIA<\/td><td class=\"has-text-align-center\" data-align=\"center\">2<\/td><\/tr><tr><td>PATOLOGIA<\/td><td class=\"has-text-align-center\" data-align=\"center\">4<\/td><\/tr><tr><td>PATOLOGIA CL&Iacute;NICA\/MEDICINA LABORATORIAL<\/td><td class=\"has-text-align-center\" data-align=\"center\">1<\/td><\/tr><tr><td>PEDIATRIA<\/td><td class=\"has-text-align-center\" data-align=\"center\">7<\/td><\/tr><tr><td>PSIQUIATRIA<\/td><td class=\"has-text-align-center\" data-align=\"center\">2<\/td><\/tr><tr><td>RADIOLOGIA E DIAGN&Oacute;STICO POR IMAGEM<\/td><td class=\"has-text-align-center\" data-align=\"center\">3<\/td><\/tr><\/tbody><\/table><\/figure><h4 class=\"wp-block-heading\" id=\"h-pre-requisito\">Pr&eacute;-Requisito<\/h4><figure class=\"wp-block-table is-style-stripes\"><table class=\"has-light-green-cyan-to-vivid-green-cyan-gradient-background has-background has-fixed-layout\"><thead><tr><th> ESPECIALIDADE <\/th><th class=\"has-text-align-center\" data-align=\"center\"> VAGAS <\/th><\/tr><\/thead><tbody><tr><td>CARDIOLOGIA<\/td><td class=\"has-text-align-center\" data-align=\"center\">2<\/td><\/tr><tr><td>CIRURGIA DA M&Atilde;O<\/td><td class=\"has-text-align-center\" data-align=\"center\">1<\/td><\/tr><tr><td>CIRURGIA PL&Aacute;STICA<\/td><td class=\"has-text-align-center\" data-align=\"center\">1<\/td><\/tr><tr><td>CIRURGIA TOR&Aacute;CICA<\/td><td class=\"has-text-align-center\" data-align=\"center\">1<\/td><\/tr><tr><td>CIRURGIA VASCULAR<\/td><td class=\"has-text-align-center\" data-align=\"center\">1<\/td><\/tr><tr><td>ENDOCRINOLOGIA E METABOLOGIA<\/td><td class=\"has-text-align-center\" data-align=\"center\">3<\/td><\/tr><tr><td>GASTROENTEROLOGIA<\/td><td class=\"has-text-align-center\" data-align=\"center\">4<\/td><\/tr><tr><td>GERIATRIA<\/td><td class=\"has-text-align-center\" data-align=\"center\">2<\/td><\/tr><tr><td>HEMATOLOGIA E HEMOTERAPIA<\/td><td class=\"has-text-align-center\" data-align=\"center\">1<\/td><\/tr><tr><td>MASTOLOGIA<\/td><td class=\"has-text-align-center\" data-align=\"center\">2<\/td><\/tr><tr><td>NEFROLOGIA<\/td><td class=\"has-text-align-center\" data-align=\"center\">4<\/td><\/tr><tr><td>ONCOLOGIA CL&Iacute;NICA<\/td><td class=\"has-text-align-center\" data-align=\"center\">2<\/td><\/tr><tr><td>PNEUMOLOGIA<\/td><td class=\"has-text-align-center\" data-align=\"center\">2<\/td><\/tr><tr><td>REUMATOLOGIA<\/td><td class=\"has-text-align-center\" data-align=\"center\">2<\/td><\/tr><tr><td>UROLOGIA<\/td><td class=\"has-text-align-center\" data-align=\"center\">2<\/td><\/tr><\/tbody><\/table><\/figure><h4 class=\"wp-block-heading\" id=\"h-ano-adicional\">Ano Adicional<\/h4><figure class=\"wp-block-table is-style-stripes\"><table class=\"has-light-green-cyan-to-vivid-green-cyan-gradient-background has-background has-fixed-layout\"><thead><tr><th> ESPECIALIDADE <\/th><th class=\"has-text-align-center\" data-align=\"center\"> VAGAS <\/th><\/tr><\/thead><tbody><tr><td>CL&Iacute;NICA M&Eacute;DICA<\/td><td class=\"has-text-align-center\" data-align=\"center\">2<\/td><\/tr><tr><td>TRANSPLANTE DE C&Oacute;RNEA<\/td><td class=\"has-text-align-center\" data-align=\"center\">1<\/td><\/tr><\/tbody><\/table><\/figure><h4 class=\"wp-block-heading\" id=\"h-areas-de-atuacao\">&Aacute;reas de Atua&ccedil;&atilde;o<\/h4><figure class=\"wp-block-table is-style-stripes\"><table class=\"has-light-green-cyan-to-vivid-green-cyan-gradient-background has-background has-fixed-layout\"><thead><tr><th> ESPECIALIDADE <\/th><th class=\"has-text-align-center\" data-align=\"center\"> VAGAS <\/th><\/tr><\/thead><tbody><tr><td>ADMINISTRA&Ccedil;&Atilde;O EM SA&Uacute;DE<\/td><td class=\"has-text-align-center\" data-align=\"center\">2<\/td><\/tr><tr><td>ECOCARDIOGRAFIA<\/td><td class=\"has-text-align-center\" data-align=\"center\">1<\/td><\/tr><tr><td>ENDOSCOPIA RESPIRAT&Oacute;RIA<\/td><td class=\"has-text-align-center\" data-align=\"center\">1<\/td><\/tr><tr><td>HEMODIN&Acirc;MICA E CARDIOLOGIA INTERVENCIONISTA<\/td><td class=\"has-text-align-center\" data-align=\"center\">1<\/td><\/tr><tr><td>HEPATOLOGIA<\/td><td class=\"has-text-align-center\" data-align=\"center\">1<\/td><\/tr><tr><td>NEONATOLOGIA<\/td><td class=\"has-text-align-center\" data-align=\"center\">3<\/td><\/tr><tr><td>NEUROFISIOLOGIA CL&Iacute;NICA<\/td><td class=\"has-text-align-center\" data-align=\"center\">2<\/td><\/tr><tr><td>NEUROLOGIA PEDI&Aacute;TRICA<\/td><td class=\"has-text-align-center\" data-align=\"center\">2<\/td><\/tr><tr><td>PNEUMOLOGIA PEDI&Aacute;TRICA<\/td><td class=\"has-text-align-center\" data-align=\"center\">1<\/td><\/tr><tr><td>PSIQUIATRIA DA INF&Acirc;NCIA E ADOLESC&Ecirc;NCIA<\/td><td class=\"has-text-align-center\" data-align=\"center\">2<\/td><\/tr><\/tbody><\/table><\/figure><h2 class=\"wp-block-heading\"><span class=\"ez-toc-section\" id=\"Resultado-UFF-Residencia-Medica-2024\"><\/span>Resultado UFF Resid&ecirc;ncia M&eacute;dica 2024<span class=\"ez-toc-section-end\"><\/span><\/h2><p>A nota final do Enare ser&aacute; divulgada no dia&nbsp;<strong>20 de dezembro de 2023<\/strong>&nbsp;e o candidato interessado em uma das vagas ofertadas pela UFF poder&aacute; usar a sua pontua&ccedil;&atilde;o final para escolh&ecirc;-la e realizar sua Resid&ecirc;ncia M&eacute;dica. O resultado da primeira escolha, privilegiando as maiores notas, ser&aacute; divulgado em 29 de janeiro de 2024.<\/p><div class=\"wp-block-buttons is-content-justification-center is-layout-flex wp-container-core-buttons-is-layout-2 wp-block-buttons-is-layout-flex\">\n<div class=\"wp-block-button\"><a class=\"wp-block-button__link wp-element-button\" href=\"https:\/\/med.estrategia.com\/portal\/residencia-medica\/entenda-como-vai-funcionar-a-escolha-da-instituicao-para-o-enare\/\" target=\"_blank\">ESCOLHA DE VAGAS ENARE!<\/a><\/div>\n<\/div><h2 class=\"wp-block-heading\" id=\"h-estudando-para-a-prova-da-uff-residencia-medica-2024\"><span class=\"ez-toc-section\" id=\"Estudando-para-a-Prova-da-UFF-Residencia-Medica-2024\"><\/span>Estudando para a Prova da UFF Resid&ecirc;ncia M&eacute;dica 2024<span class=\"ez-toc-section-end\"><\/span><\/h2><p>O <strong>estudo por resolu&ccedil;&atilde;o de quest&otilde;es<\/strong> &eacute; um dos m&eacute;todos mais <strong>pr&aacute;ticos <\/strong>de estudo. Por meio dele, os alunos<strong> conseguem treinar o que j&aacute; aprenderam nas aulas te&oacute;ricas.<\/strong> Esse meio de estudo faz com que os alunos sintam-se<strong> seguros na hora das avalia&ccedil;&otilde;es<\/strong>, pois al&eacute;m de se acostumarem ao<strong> tipo de quest&atilde;o<\/strong> da prova, os candidatos calculam <strong>seu tempo de resolu&ccedil;&atilde;o<\/strong> com mais precis&atilde;o.&nbsp;<\/p><p>Por isso, se voc&ecirc; est&aacute; estudando para a prova de <strong>Resid&ecirc;ncia M&eacute;dica<\/strong> da UFF\/ENARE, conhe&ccedil;a agora o <a href=\"https:\/\/med.estrategia.com\/portal\/banco-de-questoes-de-residencia-medica-e-revalida\/\" target=\"_blank\"><strong>Banco de Quest&otilde;es da Estrat&eacute;gia MED<\/strong><\/a>! Nele, voc&ecirc; encontra milhares de quest&otilde;es cadastradas, muitas j&aacute; comentadas pelos professores da Estrat&eacute;gia MED. <\/p><p><strong><a id=\"cta\" class=\"cta-imagem\" href=\"https:\/\/med.estrategia.com\/cursos\/extensivo-de-residncia-mdica\/\" target=\"blank\">\n                <img decoding=\"async\" width=\"100%\" src=\"https:\/\/med.estrategia.com\/portal\/wp-content\/uploads\/2025\/08\/extensivo_rm.jpg\" alt=\"Extensivo RM\" title=\"extensivo_rm\">\n        <\/a><\/strong><\/p><h2 class=\"wp-block-heading\" id=\"h-veja-tambem\"><span class=\"ez-toc-section\" id=\"Veja-tambem\"><\/span>Veja tamb&eacute;m:<span class=\"ez-toc-section-end\"><\/span><\/h2><ul class=\"wp-block-list\">\n<li><a href=\"https:\/\/med.estrategia.com\/portal\/residencia-medica\/residencia-medica-ufrj\/\">Resid&ecirc;ncia M&eacute;dica UFRJ<\/a><\/li>\n\n\n\n<li><a href=\"https:\/\/med.estrategia.com\/portal\/residencia-medica\/uff-residencia-medic\/\">Resid&ecirc;ncia M&eacute;dica UFF<\/a><\/li>\n\n\n\n<li><a href=\"https:\/\/med.estrategia.com\/portal\/residencia-medica\/uerj-residencia-medica\/\">Resid&ecirc;ncia M&eacute;dica UERJ<\/a><\/li>\n\n\n\n<li><a href=\"https:\/\/med.estrategia.com\/portal\/residencia-medica\/ses-rj-residencia-medica\/\">Resid&ecirc;ncia M&eacute;dica SES-RJ<\/a><\/li>\n\n\n\n<li><a href=\"https:\/\/med.estrategia.com\/portal\/residencia-medica\/sms-rj-residencia-medica\/\">Resid&ecirc;ncia M&eacute;dica SMS-RJ<\/a><\/li>\n\n\n\n<li><a href=\"https:\/\/med.estrategia.com\/portal\/residencia-medica\/psu-mg-residencia-medica\/\">Resid&ecirc;ncia M&eacute;dica PSU-MG<\/a><\/li>\n\n\n\n<li><a href=\"https:\/\/med.estrategia.com\/portal\/residencia-medica\/especialidades\/10-residencias-medicas-menos-concorridas\/\">10 resid&ecirc;ncias m&eacute;dicas menos concorridas<\/a><\/li>\n\n\n\n<li><a href=\"https:\/\/med.estrategia.com\/portal\/residencia-medica\/especialidades\/10-residencias-medicas-com-mais-vagas-por-especialidade\/\">10 Resid&ecirc;ncias M&eacute;dicas com mais vagas por especialidade<\/a><\/li>\n\n\n\n<li><a href=\"https:\/\/med.estrategia.com\/portal\/residencia-medica\/residencias-medicas-mais-concorridos\/\">10 Resid&ecirc;ncias M&eacute;dicas mais concorridas<\/a><\/li>\n\n\n\n<li><a href=\"https:\/\/med.estrategia.com\/portal\/residencia-medica\/usp-sp-residencia-medica\/\">Resid&ecirc;ncia M&eacute;dica USP SP<\/a><\/li>\n\n\n\n<li><a href=\"https:\/\/med.estrategia.com\/portal\/residencia-medica\/enare-vagas-cronograma-provas-edital\/\">Resid&ecirc;ncia M&eacute;dica ENARE<\/a><\/li>\n<\/ul><\/p>\n","protected":false},"excerpt":{"rendered":"Se voc&ecirc; tem interesse pelo exame para Resid&ecirc;ncia M&eacute;dica da qual a UFF participa, n&atilde;o perca as informa&ccedil;&otilde;es&hellip;\n","protected":false},"author":10,"featured_media":46018,"comment_status":"open","ping_status":"open","sticky":false,"template":"","format":"standard","meta":{"wl_entities_gutenberg":"","footnotes":""},"categories":[24],"tags":[],"wl_entity_type":[199],"class_list":{"0":"post-3568","1":"post","2":"type-post","3":"status-publish","4":"format-standard","5":"has-post-thumbnail","7":"category-residencia-medica","8":"wl_entity_type-article"},"acf":[],"yoast_head":"<!-- This site is optimized with the Yoast SEO Premium plugin v26.6 (Yoast SEO v26.6) - https:\/\/yoast.com\/wordpress\/plugins\/seo\/ -->\n<title>Resid\u00eancia M\u00e9dica UFF: edi\u00e7\u00e3o 2024, cronograma, vaga e mais<\/title>\n<meta name=\"description\" content=\"Confira aqui todas as informa\u00e7\u00f5es que o Estrat\u00e9gia MED separou sobre o processo seletivo para Resid\u00eancia M\u00e9dica da UFF 2024!\" \/>\n<meta name=\"robots\" content=\"index, follow, max-snippet:-1, max-image-preview:large, max-video-preview:-1\" \/>\n<link rel=\"canonical\" href=\"https:\/\/med.estrategia.com\/portal\/residencia-medica\/uff-residencia-medica\/\" \/>\n<meta property=\"og:locale\" content=\"pt_BR\" \/>\n<meta property=\"og:type\" content=\"article\" \/>\n<meta property=\"og:title\" content=\"Resid\u00eancia M\u00e9dica UFF: edi\u00e7\u00e3o 2024, cronograma, vaga e mais\" \/>\n<meta property=\"og:description\" content=\"Confira aqui todas as informa\u00e7\u00f5es que o Estrat\u00e9gia MED separou sobre o processo seletivo para Resid\u00eancia M\u00e9dica da UFF 2024!\" \/>\n<meta property=\"og:url\" content=\"https:\/\/med.estrategia.com\/portal\/residencia-medica\/uff-residencia-medica\/\" \/>\n<meta property=\"og:site_name\" content=\"Estrat\u00e9gia MED\" \/>\n<meta property=\"article:publisher\" content=\"https:\/\/www.facebook.com\/estrategiamed1\" \/>\n<meta property=\"article:published_time\" content=\"2021-02-01T15:36:53+00:00\" \/>\n<meta property=\"article:modified_time\" content=\"2023-09-12T14:37:56+00:00\" \/>\n<meta property=\"og:image\" content=\"https:\/\/cdn.medblog.estrategiaeducacional.com.br\/wp-content\/uploads\/2023\/09\/uff.jpg\" \/>\n\t<meta property=\"og:image:width\" content=\"1200\" \/>\n\t<meta property=\"og:image:height\" content=\"800\" \/>\n\t<meta property=\"og:image:type\" content=\"image\/jpeg\" \/>\n<meta name=\"author\" content=\"Beatriz Testa\" \/>\n<meta name=\"twitter:card\" content=\"summary_large_image\" \/>\n<meta name=\"twitter:creator\" content=\"@estrategiamed_\" \/>\n<meta name=\"twitter:site\" content=\"@estrategiamed_\" \/>\n<meta name=\"twitter:label1\" content=\"Escrito por\" \/>\n\t<meta name=\"twitter:data1\" content=\"Beatriz Testa\" \/>\n\t<meta name=\"twitter:label2\" content=\"Est. tempo de leitura\" \/>\n\t<meta name=\"twitter:data2\" content=\"9 minutos\" \/>\n<script type=\"application\/ld+json\" class=\"yoast-schema-graph\">{\"@context\":\"https:\/\/schema.org\",\"@graph\":[{\"@type\":\"WebPage\",\"@id\":\"https:\/\/med.estrategia.com\/portal\/residencia-medica\/uff-residencia-medica\/\",\"url\":\"https:\/\/med.estrategia.com\/portal\/residencia-medica\/uff-residencia-medica\/\",\"name\":\"Resid\u00eancia M\u00e9dica UFF: edi\u00e7\u00e3o 2024, cronograma, vaga e mais\",\"isPartOf\":{\"@id\":\"https:\/\/med.estrategia.com\/portal\/#website\"},\"primaryImageOfPage\":{\"@id\":\"https:\/\/med.estrategia.com\/portal\/residencia-medica\/uff-residencia-medica\/#primaryimage\"},\"image\":{\"@id\":\"https:\/\/med.estrategia.com\/portal\/residencia-medica\/uff-residencia-medica\/#primaryimage\"},\"thumbnailUrl\":\"https:\/\/med.estrategia.com\/portal\/wp-content\/uploads\/2023\/09\/uff.jpg\",\"datePublished\":\"2021-02-01T15:36:53+00:00\",\"dateModified\":\"2023-09-12T14:37:56+00:00\",\"author\":{\"@id\":\"https:\/\/med.estrategia.com\/portal\/#\/schema\/person\/b7dbcd5a280cfd98cc9f95fb82338fe3\"},\"description\":\"Confira aqui todas as informa\u00e7\u00f5es que o Estrat\u00e9gia MED separou sobre o processo seletivo para Resid\u00eancia M\u00e9dica da UFF 2024!\",\"breadcrumb\":{\"@id\":\"https:\/\/med.estrategia.com\/portal\/residencia-medica\/uff-residencia-medica\/#breadcrumb\"},\"inLanguage\":\"pt-BR\",\"potentialAction\":[{\"@type\":\"ReadAction\",\"target\":[\"https:\/\/med.estrategia.com\/portal\/residencia-medica\/uff-residencia-medica\/\"]}]},{\"@type\":\"ImageObject\",\"inLanguage\":\"pt-BR\",\"@id\":\"https:\/\/med.estrategia.com\/portal\/residencia-medica\/uff-residencia-medica\/#primaryimage\",\"url\":\"https:\/\/med.estrategia.com\/portal\/wp-content\/uploads\/2023\/09\/uff.jpg\",\"contentUrl\":\"https:\/\/med.estrategia.com\/portal\/wp-content\/uploads\/2023\/09\/uff.jpg\",\"width\":1200,\"height\":800,\"caption\":\"Estrat\u00e9gia MED | Universidade Federal Fluminense\"},{\"@type\":\"BreadcrumbList\",\"@id\":\"https:\/\/med.estrategia.com\/portal\/residencia-medica\/uff-residencia-medica\/#breadcrumb\",\"itemListElement\":[{\"@type\":\"ListItem\",\"position\":1,\"name\":\"Home\",\"item\":\"https:\/\/med.estrategia.com\/portal\/\"},{\"@type\":\"ListItem\",\"position\":2,\"name\":\"Resid\u00eancia M\u00e9dica\",\"item\":\"https:\/\/med.estrategia.com\/portal\/residencia-medica\/\"},{\"@type\":\"ListItem\",\"position\":3,\"name\":\"Resid\u00eancia M\u00e9dica UFF: edi\u00e7\u00e3o 2024, cronograma, vaga e mais\"}]},{\"@type\":\"WebSite\",\"@id\":\"https:\/\/med.estrategia.com\/portal\/#website\",\"url\":\"https:\/\/med.estrategia.com\/portal\/\",\"name\":\"Estrat\u00e9gia MED\",\"description\":\"\",\"potentialAction\":[{\"@type\":\"SearchAction\",\"target\":{\"@type\":\"EntryPoint\",\"urlTemplate\":\"https:\/\/med.estrategia.com\/portal\/?s={search_term_string}\"},\"query-input\":{\"@type\":\"PropertyValueSpecification\",\"valueRequired\":true,\"valueName\":\"search_term_string\"}}],\"inLanguage\":\"pt-BR\"},{\"@type\":\"Person\",\"@id\":\"https:\/\/med.estrategia.com\/portal\/#\/schema\/person\/b7dbcd5a280cfd98cc9f95fb82338fe3\",\"name\":\"Beatriz Testa\",\"image\":{\"@type\":\"ImageObject\",\"inLanguage\":\"pt-BR\",\"@id\":\"https:\/\/med.estrategia.com\/portal\/#\/schema\/person\/image\/\",\"url\":\"https:\/\/secure.gravatar.com\/avatar\/e87f00de46242bcd24922a3678dae2b5?s=96&d=mm&r=g\",\"contentUrl\":\"https:\/\/secure.gravatar.com\/avatar\/e87f00de46242bcd24922a3678dae2b5?s=96&d=mm&r=g\",\"caption\":\"Beatriz Testa\"},\"description\":\"Beatriz, a santista que cursa jornalismo na grande S\u00e3o Paulo. Amo dan\u00e7ar e ler, mas minha grande paix\u00e3o \u00e9 a escrita. Quando n\u00e3o consigo me expressar na fala, \u00e9 a\u00ed escrita entra em cena.\",\"url\":\"https:\/\/med.estrategia.com\/portal\/author\/beatriz-testa\/\"}]}<\/script>\n<!-- \/ Yoast SEO Premium plugin. -->","yoast_head_json":{"title":"Resid\u00eancia M\u00e9dica UFF: edi\u00e7\u00e3o 2024, cronograma, vaga e mais","description":"Confira aqui todas as informa\u00e7\u00f5es que o Estrat\u00e9gia MED separou sobre o processo seletivo para Resid\u00eancia M\u00e9dica da UFF 2024!","robots":{"index":"index","follow":"follow","max-snippet":"max-snippet:-1","max-image-preview":"max-image-preview:large","max-video-preview":"max-video-preview:-1"},"canonical":"https:\/\/med.estrategia.com\/portal\/residencia-medica\/uff-residencia-medica\/","og_locale":"pt_BR","og_type":"article","og_title":"Resid\u00eancia M\u00e9dica UFF: edi\u00e7\u00e3o 2024, cronograma, vaga e mais","og_description":"Confira aqui todas as informa\u00e7\u00f5es que o Estrat\u00e9gia MED separou sobre o processo seletivo para Resid\u00eancia M\u00e9dica da UFF 2024!","og_url":"https:\/\/med.estrategia.com\/portal\/residencia-medica\/uff-residencia-medica\/","og_site_name":"Estrat\u00e9gia MED","article_publisher":"https:\/\/www.facebook.com\/estrategiamed1","article_published_time":"2021-02-01T15:36:53+00:00","article_modified_time":"2023-09-12T14:37:56+00:00","og_image":[{"width":1200,"height":800,"url":"https:\/\/cdn.medblog.estrategiaeducacional.com.br\/wp-content\/uploads\/2023\/09\/uff.jpg","type":"image\/jpeg"}],"author":"Beatriz Testa","twitter_card":"summary_large_image","twitter_creator":"@estrategiamed_","twitter_site":"@estrategiamed_","twitter_misc":{"Escrito por":"Beatriz Testa","Est. tempo de leitura":"9 minutos"},"schema":{"@context":"https:\/\/schema.org","@graph":[{"@type":"WebPage","@id":"https:\/\/med.estrategia.com\/portal\/residencia-medica\/uff-residencia-medica\/","url":"https:\/\/med.estrategia.com\/portal\/residencia-medica\/uff-residencia-medica\/","name":"Resid\u00eancia M\u00e9dica UFF: edi\u00e7\u00e3o 2024, cronograma, vaga e mais","isPartOf":{"@id":"https:\/\/med.estrategia.com\/portal\/#website"},"primaryImageOfPage":{"@id":"https:\/\/med.estrategia.com\/portal\/residencia-medica\/uff-residencia-medica\/#primaryimage"},"image":{"@id":"https:\/\/med.estrategia.com\/portal\/residencia-medica\/uff-residencia-medica\/#primaryimage"},"thumbnailUrl":"https:\/\/med.estrategia.com\/portal\/wp-content\/uploads\/2023\/09\/uff.jpg","datePublished":"2021-02-01T15:36:53+00:00","dateModified":"2023-09-12T14:37:56+00:00","author":{"@id":"https:\/\/med.estrategia.com\/portal\/#\/schema\/person\/b7dbcd5a280cfd98cc9f95fb82338fe3"},"description":"Confira aqui todas as informa\u00e7\u00f5es que o Estrat\u00e9gia MED separou sobre o processo seletivo para Resid\u00eancia M\u00e9dica da UFF 2024!","breadcrumb":{"@id":"https:\/\/med.estrategia.com\/portal\/residencia-medica\/uff-residencia-medica\/#breadcrumb"},"inLanguage":"pt-BR","potentialAction":[{"@type":"ReadAction","target":["https:\/\/med.estrategia.com\/portal\/residencia-medica\/uff-residencia-medica\/"]}]},{"@type":"ImageObject","inLanguage":"pt-BR","@id":"https:\/\/med.estrategia.com\/portal\/residencia-medica\/uff-residencia-medica\/#primaryimage","url":"https:\/\/med.estrategia.com\/portal\/wp-content\/uploads\/2023\/09\/uff.jpg","contentUrl":"https:\/\/med.estrategia.com\/portal\/wp-content\/uploads\/2023\/09\/uff.jpg","width":1200,"height":800,"caption":"Estrat\u00e9gia MED | Universidade Federal Fluminense"},{"@type":"BreadcrumbList","@id":"https:\/\/med.estrategia.com\/portal\/residencia-medica\/uff-residencia-medica\/#breadcrumb","itemListElement":[{"@type":"ListItem","position":1,"name":"Home","item":"https:\/\/med.estrategia.com\/portal\/"},{"@type":"ListItem","position":2,"name":"Resid\u00eancia M\u00e9dica","item":"https:\/\/med.estrategia.com\/portal\/residencia-medica\/"},{"@type":"ListItem","position":3,"name":"Resid\u00eancia M\u00e9dica UFF: edi\u00e7\u00e3o 2024, cronograma, vaga e mais"}]},{"@type":"WebSite","@id":"https:\/\/med.estrategia.com\/portal\/#website","url":"https:\/\/med.estrategia.com\/portal\/","name":"Estrat\u00e9gia MED","description":"","potentialAction":[{"@type":"SearchAction","target":{"@type":"EntryPoint","urlTemplate":"https:\/\/med.estrategia.com\/portal\/?s={search_term_string}"},"query-input":{"@type":"PropertyValueSpecification","valueRequired":true,"valueName":"search_term_string"}}],"inLanguage":"pt-BR"},{"@type":"Person","@id":"https:\/\/med.estrategia.com\/portal\/#\/schema\/person\/b7dbcd5a280cfd98cc9f95fb82338fe3","name":"Beatriz Testa","image":{"@type":"ImageObject","inLanguage":"pt-BR","@id":"https:\/\/med.estrategia.com\/portal\/#\/schema\/person\/image\/","url":"https:\/\/secure.gravatar.com\/avatar\/e87f00de46242bcd24922a3678dae2b5?s=96&d=mm&r=g","contentUrl":"https:\/\/secure.gravatar.com\/avatar\/e87f00de46242bcd24922a3678dae2b5?s=96&d=mm&r=g","caption":"Beatriz Testa"},"description":"Beatriz, a santista que cursa jornalismo na grande S\u00e3o Paulo. Amo dan\u00e7ar e ler, mas minha grande paix\u00e3o \u00e9 a escrita. Quando n\u00e3o consigo me expressar na fala, \u00e9 a\u00ed escrita entra em cena.","url":"https:\/\/med.estrategia.com\/portal\/author\/beatriz-testa\/"}]}},"_wl_alt_label":[],"wl:entity_url":"\/post\/uff-residencia-medica","_links":{"self":[{"href":"https:\/\/med.estrategia.com\/portal\/wp-json\/wp\/v2\/posts\/3568","targetHints":{"allow":["GET"]}}],"collection":[{"href":"https:\/\/med.estrategia.com\/portal\/wp-json\/wp\/v2\/posts"}],"about":[{"href":"https:\/\/med.estrategia.com\/portal\/wp-json\/wp\/v2\/types\/post"}],"author":[{"embeddable":true,"href":"https:\/\/med.estrategia.com\/portal\/wp-json\/wp\/v2\/users\/10"}],"replies":[{"embeddable":true,"href":"https:\/\/med.estrategia.com\/portal\/wp-json\/wp\/v2\/comments?post=3568"}],"version-history":[{"count":13,"href":"https:\/\/med.estrategia.com\/portal\/wp-json\/wp\/v2\/posts\/3568\/revisions"}],"predecessor-version":[{"id":46733,"href":"https:\/\/med.estrategia.com\/portal\/wp-json\/wp\/v2\/posts\/3568\/revisions\/46733"}],"wp:featuredmedia":[{"embeddable":true,"href":"https:\/\/med.estrategia.com\/portal\/wp-json\/wp\/v2\/media\/46018"}],"wp:attachment":[{"href":"https:\/\/med.estrategia.com\/portal\/wp-json\/wp\/v2\/media?parent=3568"}],"wp:term":[{"taxonomy":"category","embeddable":true,"href":"https:\/\/med.estrategia.com\/portal\/wp-json\/wp\/v2\/categories?post=3568"},{"taxonomy":"post_tag","embeddable":true,"href":"https:\/\/med.estrategia.com\/portal\/wp-json\/wp\/v2\/tags?post=3568"},{"taxonomy":"wl_entity_type","embeddable":true,"href":"https:\/\/med.estrategia.com\/portal\/wp-json\/wp\/v2\/wl_entity_type?post=3568"}],"curies":[{"name":"wp","href":"https:\/\/api.w.org\/{rel}","templated":true}]}}