{"id":3628,"date":"2021-02-02T17:55:56","date_gmt":"2021-02-02T20:55:56","guid":{"rendered":"https:\/\/med.estrategiaeducacional.com.br\/blog\/?p=3628"},"modified":"2022-09-05T14:53:18","modified_gmt":"2022-09-05T17:53:18","slug":"unijui-residencia-medica","status":"publish","type":"post","link":"https:\/\/med.estrategia.com\/portal\/residencia-medica\/unijui-residencia-medica\/","title":{"rendered":"UNIJU\u00cd 2022: Tudo sobre o processo seletivo para Resid\u00eancia M\u00e9dica!"},"content":{"rendered":"<p>Quer saber mais sobre o processo seletivo para Resid&ecirc;ncia M&eacute;dica da UNIJU&Iacute; 2022? Ent&atilde;o confira as informa&ccedil;&otilde;es que o Estrat&eacute;gia MED separou nesta p&aacute;gina do blog!<div id=\"ez-toc-container\" class=\"ez-toc-v2_0_79_2 counter-hierarchy ez-toc-counter ez-toc-transparent ez-toc-container-direction\">\n<div class=\"ez-toc-title-container\"><p class=\"ez-toc-title\" style=\"cursor:inherit\">Navegue pelo conte\u00fado<\/p>\n<\/div><nav><ul class='ez-toc-list ez-toc-list-level-1 ' ><li class='ez-toc-page-1 ez-toc-heading-level-2'><a class=\"ez-toc-link ez-toc-heading-1\" href=\"https:\/\/med.estrategia.com\/portal\/residencia-medica\/unijui-residencia-medica\/#O-que-e-a-UNIJUI\" >O que &eacute; a UNIJU&Iacute;?<\/a><\/li><li class='ez-toc-page-1 ez-toc-heading-level-2'><a class=\"ez-toc-link ez-toc-heading-2\" href=\"https:\/\/med.estrategia.com\/portal\/residencia-medica\/unijui-residencia-medica\/#Cronograma-UNIJUI\" >Cronograma UNIJU&Iacute;<\/a><\/li><li class='ez-toc-page-1 ez-toc-heading-level-2'><a class=\"ez-toc-link ez-toc-heading-3\" href=\"https:\/\/med.estrategia.com\/portal\/residencia-medica\/unijui-residencia-medica\/#Edital-UNIJUI-2022\" >Edital UNIJU&Iacute; 2022<\/a><\/li><li class='ez-toc-page-1 ez-toc-heading-level-2'><a class=\"ez-toc-link ez-toc-heading-4\" href=\"https:\/\/med.estrategia.com\/portal\/residencia-medica\/unijui-residencia-medica\/#Vagas\" >Vagas<\/a><\/li><li class='ez-toc-page-1 ez-toc-heading-level-2'><a class=\"ez-toc-link ez-toc-heading-5\" href=\"https:\/\/med.estrategia.com\/portal\/residencia-medica\/unijui-residencia-medica\/#Inscricoes-UNIJUI-2021\" >Inscri&ccedil;&otilde;es UNIJU&Iacute; 2021<\/a><\/li><li class='ez-toc-page-1 ez-toc-heading-level-2'><a class=\"ez-toc-link ez-toc-heading-6\" href=\"https:\/\/med.estrategia.com\/portal\/residencia-medica\/unijui-residencia-medica\/#PROVAB\" >PROVAB<\/a><\/li><li class='ez-toc-page-1 ez-toc-heading-level-2'><a class=\"ez-toc-link ez-toc-heading-7\" href=\"https:\/\/med.estrategia.com\/portal\/residencia-medica\/unijui-residencia-medica\/#Sobre-a-Prova-Escrita-da-UNIJUI-2022\" >Sobre a Prova Escrita da UNIJU&Iacute; 2022<\/a><\/li><li class='ez-toc-page-1 ez-toc-heading-level-2'><a class=\"ez-toc-link ez-toc-heading-8\" href=\"https:\/\/med.estrategia.com\/portal\/residencia-medica\/unijui-residencia-medica\/#No-dia-da-Prova-Escrita\" >No dia da Prova Escrita<\/a><\/li><li class='ez-toc-page-1 ez-toc-heading-level-2'><a class=\"ez-toc-link ez-toc-heading-9\" href=\"https:\/\/med.estrategia.com\/portal\/residencia-medica\/unijui-residencia-medica\/#O-que-nao-levar-na-Prova-Escrita\" >O que n&atilde;o levar na Prova Escrita<\/a><\/li><li class='ez-toc-page-1 ez-toc-heading-level-2'><a class=\"ez-toc-link ez-toc-heading-10\" href=\"https:\/\/med.estrategia.com\/portal\/residencia-medica\/unijui-residencia-medica\/#A-Analise-Curricular-da-UNIJUI-2022\" >A An&aacute;lise Curricular da UNIJU&Iacute; 2022<\/a><\/li><li class='ez-toc-page-1 ez-toc-heading-level-2'><a class=\"ez-toc-link ez-toc-heading-11\" href=\"https:\/\/med.estrategia.com\/portal\/residencia-medica\/unijui-residencia-medica\/#Resultado-Final-e-Desempate\" >Resultado Final e Desempate<\/a><\/li><li class='ez-toc-page-1 ez-toc-heading-level-2'><a class=\"ez-toc-link ez-toc-heading-12\" href=\"https:\/\/med.estrategia.com\/portal\/residencia-medica\/unijui-residencia-medica\/#Matricula\" >Matr&iacute;cula<\/a><\/li><li class='ez-toc-page-1 ez-toc-heading-level-2'><a class=\"ez-toc-link ez-toc-heading-13\" href=\"https:\/\/med.estrategia.com\/portal\/residencia-medica\/unijui-residencia-medica\/#Estudar-por-questoes\" >Estudar por quest&otilde;es<\/a><\/li><\/ul><\/nav><\/div>\n<h2 class=\"wp-block-heading\" id=\"h-o-que-e-a-unijui\"><span class=\"ez-toc-section\" id=\"O-que-e-a-UNIJUI\"><\/span>O que &eacute; a UNIJU&Iacute;?<span class=\"ez-toc-section-end\"><\/span><\/h2><p>Criada em <strong>1985<\/strong>, a <strong>Universidade Regional do Noroeste do Estado do Rio Grande do Sul (UNIJU&Iacute;)<\/strong> &eacute; uma institui&ccedil;&atilde;o de ensino voltada para os cursos de gradua&ccedil;&atilde;o e p&oacute;s-gradua&ccedil;&atilde;o.<\/p><p>A faculdade possui <strong>campi universit&aacute;rios<\/strong> nas cidades de <strong>Iju&iacute;<\/strong>, <strong>Santa Rosa<\/strong>, <strong>Panambi<\/strong> e <strong>Tr&ecirc;s Passos<\/strong>. &Eacute; no <strong>campus Santa Rosa <\/strong>que os futuros residentes realizam suas atividades.<\/p><figure class=\"wp-block-image size-large\"><img decoding=\"async\" width=\"1024\" height=\"552\" src=\"https:\/\/cdn.medblog.estrategiaeducacional.com.br\/wp-content\/uploads\/2021\/02\/UNIJUI-1024x552.jpg\" alt=\"UNIJU&Iacute;\" class=\"wp-image-3629\" srcset=\"https:\/\/med.estrategia.com\/portal\/wp-content\/uploads\/2021\/02\/UNIJUI-1024x552.jpg 1024w, https:\/\/med.estrategia.com\/portal\/wp-content\/uploads\/2021\/02\/UNIJUI-300x162.jpg 300w, https:\/\/med.estrategia.com\/portal\/wp-content\/uploads\/2021\/02\/UNIJUI-768x414.jpg 768w, https:\/\/med.estrategia.com\/portal\/wp-content\/uploads\/2021\/02\/UNIJUI-1536x828.jpg 1536w, https:\/\/med.estrategia.com\/portal\/wp-content\/uploads\/2021\/02\/UNIJUI-2048x1104.jpg 2048w, https:\/\/med.estrategia.com\/portal\/wp-content\/uploads\/2021\/02\/UNIJUI-380x205.jpg 380w, https:\/\/med.estrategia.com\/portal\/wp-content\/uploads\/2021\/02\/UNIJUI-800x431.jpg 800w, https:\/\/med.estrategia.com\/portal\/wp-content\/uploads\/2021\/02\/UNIJUI-1160x625.jpg 1160w, https:\/\/med.estrategia.com\/portal\/wp-content\/uploads\/2021\/02\/UNIJUI-scaled.jpg 2560w\" sizes=\"(max-width: 1024px) 100vw, 1024px\" \/><\/figure><h2 class=\"wp-block-heading\" id=\"h-cronograma-unijui\"><span class=\"ez-toc-section\" id=\"Cronograma-UNIJUI\"><\/span>Cronograma UNIJU&Iacute;<span class=\"ez-toc-section-end\"><\/span><\/h2><ul class=\"wp-block-list\"><li><strong>Per&iacute;odo de Inscri&ccedil;&otilde;es:<\/strong> 03\/11\/2021 a 30\/02\/2022;<\/li><li><strong>Taxa de Inscri&ccedil;&atilde;o:<\/strong> R$350,00;<\/li><li><strong>Prova Escrita:<\/strong> 08\/02\/2022;<\/li><li><strong>Entrega de Curr&iacute;culo:<\/strong> 08\/02\/2022;<\/li><li><strong>Gabarito da Prova Escrita:<\/strong> 08\/02\/2022;<\/li><li><strong>Recurso contra o Gabarito:<\/strong> 09\/02\/2022;<\/li><li><strong>Resultado An&aacute;lise Curricular:<\/strong> 09\/02\/2022;<\/li><li><strong>Recurso contra An&aacute;lise Curricular:<\/strong> 10\/02\/2022;<\/li><li><strong>Resultado do recurso contra Gabarito:<\/strong> 10\/02\/2022;<\/li><li><strong>Resultado do recurso contra An&aacute;lise Curricular:<\/strong> 11\/02\/2022;<\/li><li><strong>Resultado Final: <\/strong>11\/02\/2022;<\/li><li><strong>Matr&iacute;culas: <\/strong>14\/02\/2022; e<\/li><li><strong>In&iacute;cio dos Programas:<\/strong> 02\/03\/2022.<\/li><\/ul><h2 class=\"wp-block-heading\" id=\"h-edital-unijui-2022\"><span class=\"ez-toc-section\" id=\"Edital-UNIJUI-2022\"><\/span>Edital UNIJU&Iacute; 2022<span class=\"ez-toc-section-end\"><\/span><\/h2><p>Voc&ecirc; pode conferir o edital completo do processo seletivo da UNIJU&Iacute; 2022 clicando no bot&atilde;o abaixo! <\/p><div class=\"wp-block-buttons is-content-justification-center is-layout-flex wp-block-buttons-is-layout-flex\">\n<div class=\"wp-block-button\"><a class=\"wp-block-button__link has-light-green-cyan-to-vivid-green-cyan-gradient-background has-background\" href=\"https:\/\/med.estrategia.com\/portal\/wp-content\/uploads\/2022\/01\/edital_unijui_2022.pdf\" target=\"_blank\">Edital UNIJU&Iacute; 2022!<\/a><\/div>\n<\/div><h2 class=\"wp-block-heading\" id=\"h-vagas\"><span class=\"ez-toc-section\" id=\"Vagas\"><\/span>Vagas<span class=\"ez-toc-section-end\"><\/span><\/h2><p>O processo seletivo para Resid&ecirc;ncia M&eacute;dica da UNIJU&Iacute; oferece, ao todo, <strong>10 vagas<\/strong> para a <strong>especialidade de Medicina de Fam&iacute;lia e Comunidade<\/strong>. As vagas s&atilde;o distribu&iacute;das entre dois campi da institui&ccedil;&atilde;o, confira:<\/p><figure class=\"wp-block-table is-style-stripes\"><table class=\"has-background has-fixed-layout\" style=\"background-color:#e7f5fe\"><thead><tr><th><strong>Campus<\/strong><\/th><th class=\"has-text-align-center\" data-align=\"center\"><strong>Vagas<\/strong><\/th><\/tr><\/thead><tbody><tr><td>Santa Rosa<\/td><td class=\"has-text-align-center\" data-align=\"center\">7<\/td><\/tr><tr><td>Iju&iacute;<\/td><td class=\"has-text-align-center\" data-align=\"center\">3<\/td><\/tr><\/tbody><tfoot><tr><td><strong>TOTAL<\/strong><\/td><td class=\"has-text-align-center\" data-align=\"center\"><strong>10<\/strong><\/td><\/tr><\/tfoot><\/table><\/figure><h2 class=\"wp-block-heading\" id=\"h-inscricoes-unijui-2021\"><span class=\"ez-toc-section\" id=\"Inscricoes-UNIJUI-2021\"><\/span>Inscri&ccedil;&otilde;es UNIJU&Iacute; 2021<span class=\"ez-toc-section-end\"><\/span><\/h2><p>O processo de inscri&ccedil;&atilde;o da UNIJU&Iacute; 2022 come&ccedil;ou no dia <strong>3 de novembro de 2021<\/strong> e ir&aacute; at&eacute; <strong>30 de janeiro de 2022<\/strong>. Al&eacute;m de preencher o formul&aacute;rio de inscri&ccedil;&atilde;o, o candidato precisa pagar a <strong>taxa de inscri&ccedil;&atilde;o de R$ 350,00,<\/strong> <strong>at&eacute; o dia 1 de fevereiro<\/strong>. Nesse concurso n&atilde;o ser&aacute; aceito nenhum pedido de isen&ccedil;&atilde;o da taxa de inscri&ccedil;&atilde;o.<\/p><p>Os candidatos que necessitarem de<strong> atendimento especial<\/strong> no dia da prova precisam identificar sua situa&ccedil;&atilde;o no formul&aacute;rio de inscri&ccedil;&atilde;o.<\/p><h2 class=\"wp-block-heading\" id=\"h-provab\"><span class=\"ez-toc-section\" id=\"PROVAB\"><\/span>PROVAB<span class=\"ez-toc-section-end\"><\/span><\/h2><p>Os candidatos que participaram do Programa de Valoriza&ccedil;&atilde;o do Profissional da Aten&ccedil;&atilde;o B&aacute;sica<strong> (PROVAB)<\/strong> a partir de 2012, t&ecirc;m direito a uma <strong>pontua&ccedil;&atilde;o adicional na nota das 1&ordf; e 2&ordf; fase do processo seletivo da UNIJU&Iacute; 2022<\/strong>. Foram considerados os seguintes crit&eacute;rios:<\/p><ul class=\"wp-block-list\"><li>10% da nota total para quem concluir 1 ano de participa&ccedil;&atilde;o no programa;<\/li><li>20% da nota total para quem concluir 2 anos de participa&ccedil;&atilde;o no programa; e<\/li><li>A pontua&ccedil;&atilde;o adicional n&atilde;o eleva a nota final do candidato para al&eacute;m da nota m&aacute;xima previsto pelo Edital do processo seletivo.<\/li><\/ul><p>No dia da prova objetiva, os interessados na bonifica&ccedil;&atilde;o precisaram<strong> entregar<\/strong> um <strong>comprovante de participa&ccedil;&atilde;o no programa<\/strong>.<\/p><h2 class=\"wp-block-heading\" id=\"h-sobre-a-prova-escrita-da-unijui-2022\"><span class=\"ez-toc-section\" id=\"Sobre-a-Prova-Escrita-da-UNIJUI-2022\"><\/span>Sobre a Prova Escrita da UNIJU&Iacute; 2022<span class=\"ez-toc-section-end\"><\/span><\/h2><p>A <strong>primeira fase<\/strong> desse processo seletivo ser&aacute; constitu&iacute;da por uma <strong>prova escrita com peso 9<\/strong> na nota final. A avalia&ccedil;&atilde;o ser&aacute; composta por <strong>20 quest&otilde;es<\/strong> sobre as seguintes &aacute;reas:<\/p><ul class=\"wp-block-list\"><li>Cl&iacute;nica M&eacute;dica &ndash; 4 quest&otilde;es;<\/li><li>Cirurgia Geral &ndash; 4 quest&otilde;es;<\/li><li><a href=\"https:\/\/med.estrategia.com\/portal\/profissoes-da-medicina\/tudo-sobre-pediatria\/\" target=\"_blank\">Pediatria<\/a> &ndash; 4 quest&otilde;es;<\/li><li>Ginecologia e Obstetr&iacute;cia &ndash; 4 quest&otilde;es; e<\/li><li>Medicina Preventiva e Social&nbsp; &ndash; 4 quest&otilde;es.<\/li><\/ul><p><strong>Aten&ccedil;&atilde;o!<\/strong> A prova ser&aacute; aplicada no dia <strong>8 de fevereiro, no Campus UNIJU&Iacute; Santa Rosa\/RS, &agrave;s 9h<\/strong> e ter&aacute; dura&ccedil;&atilde;o de <strong>3 horas<\/strong>.<\/p><h2 class=\"wp-block-heading\" id=\"h-no-dia-da-prova-escrita\"><span class=\"ez-toc-section\" id=\"No-dia-da-Prova-Escrita\"><\/span>No dia da Prova Escrita<span class=\"ez-toc-section-end\"><\/span><\/h2><ul class=\"wp-block-list\"><li>Foi recomendado que o candidato<strong> chegue no Campus UNIJU&Iacute; Santa Rosa\/RS<\/strong> com <strong>30 minutos de anteced&ecirc;ncia<\/strong>;<\/li><li>O candidato teve que apresentar o <strong>Cart&atilde;o de Confirma&ccedil;&atilde;o de Inscri&ccedil;&atilde;o <\/strong>e um<strong> Documento Oficial de Identidade com foto<\/strong>; e<\/li><li>Os candidatos precisaram levar uma <strong>caneta esferogr&aacute;fica de material transparente e de tinta azul ou preta.<\/strong><\/li><\/ul><h2 class=\"wp-block-heading\" id=\"h-o-que-nao-levar-na-prova-escrita\"><span class=\"ez-toc-section\" id=\"O-que-nao-levar-na-Prova-Escrita\"><\/span>O que n&atilde;o levar na Prova Escrita<span class=\"ez-toc-section-end\"><\/span><\/h2><ul class=\"wp-block-list\"><li>Refer&ecirc;ncias bibliogr&aacute;ficas;<\/li><li>Equipamentos eletr&ocirc;nicos; e<\/li><li>M&aacute;quinas de calcular.<\/li><\/ul><h2 class=\"wp-block-heading\" id=\"h-a-analise-curricular-da-unijui-2022\"><span class=\"ez-toc-section\" id=\"A-Analise-Curricular-da-UNIJUI-2022\"><\/span>A An&aacute;lise Curricular da UNIJU&Iacute; 2022<span class=\"ez-toc-section-end\"><\/span><\/h2><p>Como <strong>segunda e &uacute;ltima fase<\/strong> do processo seletivo, a an&aacute;lise curricular tem <strong>peso 1<\/strong> na nota final do concurso da UNIJU&Iacute; 2022. O candidato precisa <strong>entregar seu curr&iacute;culo<\/strong> e os devidos comprovantes no dia <strong>8 de fevereiro<\/strong>, <strong>entre &agrave;s 8h30 e 12h<\/strong>.&nbsp;<\/p><p>Confira os t&oacute;picos que foram avaliados em seu curr&iacute;culo:<\/p><ul class=\"wp-block-list\"><li><a href=\"https:\/\/med.estrategia.com\/portal\/aluno-de-medicina\/internato-medico\/\" target=\"_blank\">Internatos<\/a>, Cursos e Resid&ecirc;ncia;<\/li><li>Atividades Cient&iacute;ficas;<\/li><li>Atividades Did&aacute;ticas; e<\/li><li>Concursos e Atividades Profissionais.<\/li><\/ul><h2 class=\"wp-block-heading\" id=\"h-resultado-final-e-desempate\"><span class=\"ez-toc-section\" id=\"Resultado-Final-e-Desempate\"><\/span>Resultado Final e Desempate<span class=\"ez-toc-section-end\"><\/span><\/h2><p>A <strong>nota final<\/strong> do processo seletivo &eacute; a <strong>soma<\/strong> dos <strong>pontos obtidos na primeira fase<\/strong> com os <strong>pontos obtidos na segunda fase<\/strong>. O resultado ser&aacute; divulgado no dia <strong>11 de fevereiro no <\/strong><a href=\"http:\/\/www.unijui.edu.br\/educacao-continuada\" target=\"_blank\"><strong>site<\/strong><\/a><strong> da UNIJU&Iacute;<\/strong>.<\/p><p>Em caso de empate foram considerados os seguintes crit&eacute;rios:<\/p><ol class=\"wp-block-list\"><li>Maior idade;<\/li><li>N&uacute;mero de trabalhos publicados em revistas cient&iacute;ficas; e<\/li><li>Maior n&uacute;mero de acertos na prova te&oacute;rica.<\/li><\/ol><h2 class=\"wp-block-heading\" id=\"h-matricula\"><span class=\"ez-toc-section\" id=\"Matricula\"><\/span>Matr&iacute;cula<span class=\"ez-toc-section-end\"><\/span><\/h2><p>Os candidatos aprovados e selecionados para as vagas oferecidas devem se apresentar na <strong>Secretaria Acad&ecirc;mica da UNIJU&Iacute; &ndash; Campus Iju&iacute;<\/strong>, <strong>dia 14 de fevereiro<\/strong>, para realizar a matr&iacute;cula. Confira abaixo quais documentos devem ser levados:<\/p><ul class=\"wp-block-list\"><li>C&oacute;pia do CPF;<\/li><li>C&oacute;pia da Carteira de Identidade;<\/li><li>C&oacute;pia da carteira do Conselho Regional de Medicina de seu Estado;<\/li><li>N&uacute;mero de inscri&ccedil;&atilde;o no INSS e n&uacute;mero de conta no Banco do Brasil;<\/li><li>C&oacute;pia do Registro Civil de Nascimento ou Casamento;<\/li><li>T&iacute;tulo de Eleitor com comprovante de quita&ccedil;&atilde;o eleitora;<\/li><li>Comprovante de quita&ccedil;&atilde;o com o Servi&ccedil;o Militar;<\/li><li>Uma foto 3&times;4;<\/li><li>Diploma de Gradua&ccedil;&atilde;o em Medicina;<\/li><li>Hist&oacute;rico Escolar do Curso M&eacute;dico;<\/li><li>C&oacute;pia do Comprovante de Resid&ecirc;ncia;<\/li><li><strong>Para candidatos ainda n&atilde;o formados:<\/strong> apresentar carta do Diretor da Faculdade de Medicina Brasileira confirmando que colar&aacute; grau at&eacute; 28 de fevereiro de 2021;<\/li><li><strong>Para candidatos que realizaram o Curso M&eacute;dico no Exterior:<\/strong> apresentar o T&iacute;tulo do Curso M&eacute;dico Revalidado no Brasil;<\/li><li><strong>Para candidatos que receberam bonifica&ccedil;&atilde;o do PROVAB:<\/strong> Comprovante de Conclus&atilde;o do PROVAB.<\/li><\/ul><p><strong>Aten&ccedil;&atilde;o!<\/strong> Caso as vagas ofertadas n&atilde;o sejam preenchidas, no dia 15 de fevereiro, ser&atilde;o chamados os candidatos classificados na condi&ccedil;&atilde;o de suplentes.<\/p><h2 class=\"wp-block-heading\" id=\"h-estudar-por-questoes\"><span class=\"ez-toc-section\" id=\"Estudar-por-questoes\"><\/span>Estudar por quest&otilde;es<span class=\"ez-toc-section-end\"><\/span><\/h2><p>Voc&ecirc; sabe qual &eacute; a import&acirc;ncia de se estudar por quest&otilde;es? Ao estudar<strong> por resolu&ccedil;&atilde;o de quest&otilde;es<\/strong> os alunos<strong> treinam o que aprenderam nas aulas te&oacute;ricas<\/strong>.<\/p><p>Esse m&eacute;todo de ensino faz com que os estudantes sintam-se<strong> mais preparados na hora das avalia&ccedil;&otilde;es<\/strong>, pois al&eacute;m de j&aacute; conhecerem o modelo de prova, eles conseguem <strong>calcular seu tempo de resolu&ccedil;&atilde;o<\/strong> com mais precis&atilde;o.&nbsp;<\/p><p>Por isso, caso voc&ecirc; esteja estudando para alguma <strong>prova de Resid&ecirc;ncia M&eacute;dica<\/strong>, confira o <a href=\"https:\/\/med.estrategiaeducacional.com.br\/\" target=\"_blank\"><strong>Banco de Quest&otilde;es do Estrat&eacute;gia MED<\/strong><\/a>! No BQMED voc&ecirc; encontra milhares de quest&otilde;es cadastradas para resolver quando, onde e como quiser. N&atilde;o perca essa oportunidade! Venha estudar com o Estrat&eacute;gia MED!<\/p><p>Se voc&ecirc; se interessou pelas informa&ccedil;&otilde;es que o Estrat&eacute;gia MED trouxe neste artigo, n&atilde;o perca as novidades que est&atilde;o por vir!<\/p><p><\/p><p><strong><a id=\"cta\" class=\"cta-imagem\" href=\"https:\/\/med.estrategia.com\/cursos\/extensivo-de-residncia-mdica\/\" target=\"blank\">\n                <img decoding=\"async\" width=\"100%\" src=\"https:\/\/med.estrategia.com\/portal\/wp-content\/uploads\/2025\/08\/extensivo_rm.jpg\" alt=\"Extensivo RM\" title=\"extensivo_rm\">\n        <\/a><\/strong><\/p><\/p>\n","protected":false},"excerpt":{"rendered":"Quer saber mais sobre o processo seletivo para Resid&ecirc;ncia M&eacute;dica da UNIJU&Iacute; 2022? Ent&atilde;o confira as informa&ccedil;&otilde;es que&hellip;\n","protected":false},"author":10,"featured_media":6482,"comment_status":"open","ping_status":"open","sticky":false,"template":"","format":"standard","meta":{"wl_entities_gutenberg":"","footnotes":""},"categories":[24],"tags":[],"wl_entity_type":[199],"class_list":{"0":"post-3628","1":"post","2":"type-post","3":"status-publish","4":"format-standard","5":"has-post-thumbnail","7":"category-residencia-medica","8":"wl_entity_type-article"},"acf":[],"yoast_head":"<!-- This site is optimized with the Yoast SEO Premium plugin v26.6 (Yoast SEO v26.6) - https:\/\/yoast.com\/wordpress\/plugins\/seo\/ -->\n<title>UNIJU\u00cd 2022: Tudo sobre a prova! - Estrat\u00e9gia MED<\/title>\n<meta name=\"description\" content=\"Confira aqui tudo que o Estrat\u00e9gia MED separou sobre o processo seletivo para Resid\u00eancia M\u00e9dica da UNIJU\u00cd 2022! Tire as suas d\u00favidas!\" \/>\n<meta name=\"robots\" content=\"index, follow, max-snippet:-1, max-image-preview:large, max-video-preview:-1\" \/>\n<link rel=\"canonical\" href=\"https:\/\/med.estrategia.com\/portal\/residencia-medica\/unijui-residencia-medica\/\" \/>\n<meta property=\"og:locale\" content=\"pt_BR\" \/>\n<meta property=\"og:type\" content=\"article\" \/>\n<meta property=\"og:title\" content=\"UNIJU\u00cd 2022: Tudo sobre o processo seletivo para Resid\u00eancia M\u00e9dica!\" \/>\n<meta property=\"og:description\" content=\"Confira aqui tudo que o Estrat\u00e9gia MED separou sobre o processo seletivo para Resid\u00eancia M\u00e9dica da UNIJU\u00cd 2022! Tire as suas d\u00favidas!\" \/>\n<meta property=\"og:url\" content=\"https:\/\/med.estrategia.com\/portal\/residencia-medica\/unijui-residencia-medica\/\" \/>\n<meta property=\"og:site_name\" content=\"Estrat\u00e9gia MED\" \/>\n<meta property=\"article:publisher\" content=\"https:\/\/www.facebook.com\/estrategiamed1\" \/>\n<meta property=\"article:published_time\" content=\"2021-02-02T20:55:56+00:00\" \/>\n<meta property=\"article:modified_time\" content=\"2022-09-05T17:53:18+00:00\" \/>\n<meta property=\"og:image\" content=\"https:\/\/cdn.medblog.estrategiaeducacional.com.br\/wp-content\/uploads\/2021\/02\/14175727\/UNIJUI.jpg\" \/>\n\t<meta property=\"og:image:width\" content=\"1920\" \/>\n\t<meta property=\"og:image:height\" content=\"1080\" \/>\n\t<meta property=\"og:image:type\" content=\"image\/jpeg\" \/>\n<meta name=\"author\" content=\"Beatriz Testa\" \/>\n<meta name=\"twitter:card\" content=\"summary_large_image\" \/>\n<meta name=\"twitter:creator\" content=\"@estrategiamed_\" \/>\n<meta name=\"twitter:site\" content=\"@estrategiamed_\" \/>\n<meta name=\"twitter:label1\" content=\"Escrito por\" \/>\n\t<meta name=\"twitter:data1\" content=\"Beatriz Testa\" \/>\n\t<meta name=\"twitter:label2\" content=\"Est. tempo de leitura\" \/>\n\t<meta name=\"twitter:data2\" content=\"7 minutos\" \/>\n<script type=\"application\/ld+json\" class=\"yoast-schema-graph\">{\"@context\":\"https:\/\/schema.org\",\"@graph\":[{\"@type\":\"WebPage\",\"@id\":\"https:\/\/med.estrategia.com\/portal\/residencia-medica\/unijui-residencia-medica\/\",\"url\":\"https:\/\/med.estrategia.com\/portal\/residencia-medica\/unijui-residencia-medica\/\",\"name\":\"UNIJU\u00cd 2022: Tudo sobre a prova! - Estrat\u00e9gia MED\",\"isPartOf\":{\"@id\":\"https:\/\/med.estrategia.com\/portal\/#website\"},\"primaryImageOfPage\":{\"@id\":\"https:\/\/med.estrategia.com\/portal\/residencia-medica\/unijui-residencia-medica\/#primaryimage\"},\"image\":{\"@id\":\"https:\/\/med.estrategia.com\/portal\/residencia-medica\/unijui-residencia-medica\/#primaryimage\"},\"thumbnailUrl\":\"https:\/\/med.estrategia.com\/portal\/wp-content\/uploads\/2021\/02\/UNIJUI.jpg\",\"datePublished\":\"2021-02-02T20:55:56+00:00\",\"dateModified\":\"2022-09-05T17:53:18+00:00\",\"author\":{\"@id\":\"https:\/\/med.estrategia.com\/portal\/#\/schema\/person\/b7dbcd5a280cfd98cc9f95fb82338fe3\"},\"description\":\"Confira aqui tudo que o Estrat\u00e9gia MED separou sobre o processo seletivo para Resid\u00eancia M\u00e9dica da UNIJU\u00cd 2022! Tire as suas d\u00favidas!\",\"breadcrumb\":{\"@id\":\"https:\/\/med.estrategia.com\/portal\/residencia-medica\/unijui-residencia-medica\/#breadcrumb\"},\"inLanguage\":\"pt-BR\",\"potentialAction\":[{\"@type\":\"ReadAction\",\"target\":[\"https:\/\/med.estrategia.com\/portal\/residencia-medica\/unijui-residencia-medica\/\"]}]},{\"@type\":\"ImageObject\",\"inLanguage\":\"pt-BR\",\"@id\":\"https:\/\/med.estrategia.com\/portal\/residencia-medica\/unijui-residencia-medica\/#primaryimage\",\"url\":\"https:\/\/med.estrategia.com\/portal\/wp-content\/uploads\/2021\/02\/UNIJUI.jpg\",\"contentUrl\":\"https:\/\/med.estrategia.com\/portal\/wp-content\/uploads\/2021\/02\/UNIJUI.jpg\",\"width\":1920,\"height\":1080,\"caption\":\"UNIJUI residencia medica\"},{\"@type\":\"BreadcrumbList\",\"@id\":\"https:\/\/med.estrategia.com\/portal\/residencia-medica\/unijui-residencia-medica\/#breadcrumb\",\"itemListElement\":[{\"@type\":\"ListItem\",\"position\":1,\"name\":\"Home\",\"item\":\"https:\/\/med.estrategia.com\/portal\/\"},{\"@type\":\"ListItem\",\"position\":2,\"name\":\"Resid\u00eancia M\u00e9dica\",\"item\":\"https:\/\/med.estrategia.com\/portal\/residencia-medica\/\"},{\"@type\":\"ListItem\",\"position\":3,\"name\":\"UNIJU\u00cd 2022: Tudo sobre o processo seletivo para Resid\u00eancia M\u00e9dica!\"}]},{\"@type\":\"WebSite\",\"@id\":\"https:\/\/med.estrategia.com\/portal\/#website\",\"url\":\"https:\/\/med.estrategia.com\/portal\/\",\"name\":\"Estrat\u00e9gia MED\",\"description\":\"\",\"potentialAction\":[{\"@type\":\"SearchAction\",\"target\":{\"@type\":\"EntryPoint\",\"urlTemplate\":\"https:\/\/med.estrategia.com\/portal\/?s={search_term_string}\"},\"query-input\":{\"@type\":\"PropertyValueSpecification\",\"valueRequired\":true,\"valueName\":\"search_term_string\"}}],\"inLanguage\":\"pt-BR\"},{\"@type\":\"Person\",\"@id\":\"https:\/\/med.estrategia.com\/portal\/#\/schema\/person\/b7dbcd5a280cfd98cc9f95fb82338fe3\",\"name\":\"Beatriz Testa\",\"image\":{\"@type\":\"ImageObject\",\"inLanguage\":\"pt-BR\",\"@id\":\"https:\/\/med.estrategia.com\/portal\/#\/schema\/person\/image\/\",\"url\":\"https:\/\/secure.gravatar.com\/avatar\/e87f00de46242bcd24922a3678dae2b5?s=96&d=mm&r=g\",\"contentUrl\":\"https:\/\/secure.gravatar.com\/avatar\/e87f00de46242bcd24922a3678dae2b5?s=96&d=mm&r=g\",\"caption\":\"Beatriz Testa\"},\"description\":\"Beatriz, a santista que cursa jornalismo na grande S\u00e3o Paulo. Amo dan\u00e7ar e ler, mas minha grande paix\u00e3o \u00e9 a escrita. Quando n\u00e3o consigo me expressar na fala, \u00e9 a\u00ed escrita entra em cena.\",\"url\":\"https:\/\/med.estrategia.com\/portal\/author\/beatriz-testa\/\"}]}<\/script>\n<!-- \/ Yoast SEO Premium plugin. -->","yoast_head_json":{"title":"UNIJU\u00cd 2022: Tudo sobre a prova! - Estrat\u00e9gia MED","description":"Confira aqui tudo que o Estrat\u00e9gia MED separou sobre o processo seletivo para Resid\u00eancia M\u00e9dica da UNIJU\u00cd 2022! Tire as suas d\u00favidas!","robots":{"index":"index","follow":"follow","max-snippet":"max-snippet:-1","max-image-preview":"max-image-preview:large","max-video-preview":"max-video-preview:-1"},"canonical":"https:\/\/med.estrategia.com\/portal\/residencia-medica\/unijui-residencia-medica\/","og_locale":"pt_BR","og_type":"article","og_title":"UNIJU\u00cd 2022: Tudo sobre o processo seletivo para Resid\u00eancia M\u00e9dica!","og_description":"Confira aqui tudo que o Estrat\u00e9gia MED separou sobre o processo seletivo para Resid\u00eancia M\u00e9dica da UNIJU\u00cd 2022! Tire as suas d\u00favidas!","og_url":"https:\/\/med.estrategia.com\/portal\/residencia-medica\/unijui-residencia-medica\/","og_site_name":"Estrat\u00e9gia MED","article_publisher":"https:\/\/www.facebook.com\/estrategiamed1","article_published_time":"2021-02-02T20:55:56+00:00","article_modified_time":"2022-09-05T17:53:18+00:00","og_image":[{"width":1920,"height":1080,"url":"https:\/\/cdn.medblog.estrategiaeducacional.com.br\/wp-content\/uploads\/2021\/02\/14175727\/UNIJUI.jpg","type":"image\/jpeg"}],"author":"Beatriz Testa","twitter_card":"summary_large_image","twitter_creator":"@estrategiamed_","twitter_site":"@estrategiamed_","twitter_misc":{"Escrito por":"Beatriz Testa","Est. tempo de leitura":"7 minutos"},"schema":{"@context":"https:\/\/schema.org","@graph":[{"@type":"WebPage","@id":"https:\/\/med.estrategia.com\/portal\/residencia-medica\/unijui-residencia-medica\/","url":"https:\/\/med.estrategia.com\/portal\/residencia-medica\/unijui-residencia-medica\/","name":"UNIJU\u00cd 2022: Tudo sobre a prova! - Estrat\u00e9gia MED","isPartOf":{"@id":"https:\/\/med.estrategia.com\/portal\/#website"},"primaryImageOfPage":{"@id":"https:\/\/med.estrategia.com\/portal\/residencia-medica\/unijui-residencia-medica\/#primaryimage"},"image":{"@id":"https:\/\/med.estrategia.com\/portal\/residencia-medica\/unijui-residencia-medica\/#primaryimage"},"thumbnailUrl":"https:\/\/med.estrategia.com\/portal\/wp-content\/uploads\/2021\/02\/UNIJUI.jpg","datePublished":"2021-02-02T20:55:56+00:00","dateModified":"2022-09-05T17:53:18+00:00","author":{"@id":"https:\/\/med.estrategia.com\/portal\/#\/schema\/person\/b7dbcd5a280cfd98cc9f95fb82338fe3"},"description":"Confira aqui tudo que o Estrat\u00e9gia MED separou sobre o processo seletivo para Resid\u00eancia M\u00e9dica da UNIJU\u00cd 2022! Tire as suas d\u00favidas!","breadcrumb":{"@id":"https:\/\/med.estrategia.com\/portal\/residencia-medica\/unijui-residencia-medica\/#breadcrumb"},"inLanguage":"pt-BR","potentialAction":[{"@type":"ReadAction","target":["https:\/\/med.estrategia.com\/portal\/residencia-medica\/unijui-residencia-medica\/"]}]},{"@type":"ImageObject","inLanguage":"pt-BR","@id":"https:\/\/med.estrategia.com\/portal\/residencia-medica\/unijui-residencia-medica\/#primaryimage","url":"https:\/\/med.estrategia.com\/portal\/wp-content\/uploads\/2021\/02\/UNIJUI.jpg","contentUrl":"https:\/\/med.estrategia.com\/portal\/wp-content\/uploads\/2021\/02\/UNIJUI.jpg","width":1920,"height":1080,"caption":"UNIJUI residencia medica"},{"@type":"BreadcrumbList","@id":"https:\/\/med.estrategia.com\/portal\/residencia-medica\/unijui-residencia-medica\/#breadcrumb","itemListElement":[{"@type":"ListItem","position":1,"name":"Home","item":"https:\/\/med.estrategia.com\/portal\/"},{"@type":"ListItem","position":2,"name":"Resid\u00eancia M\u00e9dica","item":"https:\/\/med.estrategia.com\/portal\/residencia-medica\/"},{"@type":"ListItem","position":3,"name":"UNIJU\u00cd 2022: Tudo sobre o processo seletivo para Resid\u00eancia M\u00e9dica!"}]},{"@type":"WebSite","@id":"https:\/\/med.estrategia.com\/portal\/#website","url":"https:\/\/med.estrategia.com\/portal\/","name":"Estrat\u00e9gia MED","description":"","potentialAction":[{"@type":"SearchAction","target":{"@type":"EntryPoint","urlTemplate":"https:\/\/med.estrategia.com\/portal\/?s={search_term_string}"},"query-input":{"@type":"PropertyValueSpecification","valueRequired":true,"valueName":"search_term_string"}}],"inLanguage":"pt-BR"},{"@type":"Person","@id":"https:\/\/med.estrategia.com\/portal\/#\/schema\/person\/b7dbcd5a280cfd98cc9f95fb82338fe3","name":"Beatriz Testa","image":{"@type":"ImageObject","inLanguage":"pt-BR","@id":"https:\/\/med.estrategia.com\/portal\/#\/schema\/person\/image\/","url":"https:\/\/secure.gravatar.com\/avatar\/e87f00de46242bcd24922a3678dae2b5?s=96&d=mm&r=g","contentUrl":"https:\/\/secure.gravatar.com\/avatar\/e87f00de46242bcd24922a3678dae2b5?s=96&d=mm&r=g","caption":"Beatriz Testa"},"description":"Beatriz, a santista que cursa jornalismo na grande S\u00e3o Paulo. Amo dan\u00e7ar e ler, mas minha grande paix\u00e3o \u00e9 a escrita. Quando n\u00e3o consigo me expressar na fala, \u00e9 a\u00ed escrita entra em cena.","url":"https:\/\/med.estrategia.com\/portal\/author\/beatriz-testa\/"}]}},"_wl_alt_label":[],"wl:entity_url":"\/post\/unijui-residencia-medica","_links":{"self":[{"href":"https:\/\/med.estrategia.com\/portal\/wp-json\/wp\/v2\/posts\/3628","targetHints":{"allow":["GET"]}}],"collection":[{"href":"https:\/\/med.estrategia.com\/portal\/wp-json\/wp\/v2\/posts"}],"about":[{"href":"https:\/\/med.estrategia.com\/portal\/wp-json\/wp\/v2\/types\/post"}],"author":[{"embeddable":true,"href":"https:\/\/med.estrategia.com\/portal\/wp-json\/wp\/v2\/users\/10"}],"replies":[{"embeddable":true,"href":"https:\/\/med.estrategia.com\/portal\/wp-json\/wp\/v2\/comments?post=3628"}],"version-history":[{"count":9,"href":"https:\/\/med.estrategia.com\/portal\/wp-json\/wp\/v2\/posts\/3628\/revisions"}],"predecessor-version":[{"id":25060,"href":"https:\/\/med.estrategia.com\/portal\/wp-json\/wp\/v2\/posts\/3628\/revisions\/25060"}],"wp:featuredmedia":[{"embeddable":true,"href":"https:\/\/med.estrategia.com\/portal\/wp-json\/wp\/v2\/media\/6482"}],"wp:attachment":[{"href":"https:\/\/med.estrategia.com\/portal\/wp-json\/wp\/v2\/media?parent=3628"}],"wp:term":[{"taxonomy":"category","embeddable":true,"href":"https:\/\/med.estrategia.com\/portal\/wp-json\/wp\/v2\/categories?post=3628"},{"taxonomy":"post_tag","embeddable":true,"href":"https:\/\/med.estrategia.com\/portal\/wp-json\/wp\/v2\/tags?post=3628"},{"taxonomy":"wl_entity_type","embeddable":true,"href":"https:\/\/med.estrategia.com\/portal\/wp-json\/wp\/v2\/wl_entity_type?post=3628"}],"curies":[{"name":"wp","href":"https:\/\/api.w.org\/{rel}","templated":true}]}}