{"id":36933,"date":"2023-03-07T19:40:53","date_gmt":"2023-03-07T22:40:53","guid":{"rendered":"https:\/\/med.estrategia.com\/portal\/?p=36933"},"modified":"2023-03-22T19:06:57","modified_gmt":"2023-03-22T22:06:57","slug":"adesao-de-intercambistas-ao-mais-medicos-e-maior-do-que-de-medicos-com-crm-ativo","status":"publish","type":"post","link":"https:\/\/med.estrategia.com\/portal\/noticias\/adesao-de-intercambistas-ao-mais-medicos-e-maior-do-que-de-medicos-com-crm-ativo\/","title":{"rendered":"Ades\u00e3o de intercambistas ao Mais M\u00e9dicos supera m\u00e9dicos com CRM ativo"},"content":{"rendered":"<p>As inscri&ccedil;&otilde;es para o provimento m&eacute;dico destinado aos <strong>Distritos Sanit&aacute;rios Especiais Ind&iacute;genas (DSEIs) <\/strong>foram abertas em 15 de agosto de 2022 e os candidatos denominados &ldquo;Perfil I&rdquo; tiveram at&eacute; o dia 19 de agosto para manifestar interesse no programa. A <strong>primeira convoca&ccedil;&atilde;o <\/strong>foi focada em<strong> m&eacute;dicos graduados em institui&ccedil;&otilde;es brasileiras<\/strong> e <strong>m&eacute;dicos com diploma revalidado<\/strong> no Brasil.<p>Como previsto, em caso de vagas ociosas, m&eacute;dicos do Perfil II (profissionais <strong>brasileiros formados em medicina por institui&ccedil;&otilde;es estrangeiras<\/strong>, mesmo sem diploma revalidado) poderiam ser convocados. A segunda oportunidade de inscri&ccedil;&atilde;o, desta vez destinada ao p&uacute;blico do Perfil II, ocorreu de 30 de janeiro a 3 de fevereiro de 2023. Ao todo, <strong>4.910 intercambistas<\/strong> manifestaram interesse em atuar nas DSEIs, enquanto <strong>apenas 23 m&eacute;dicos com CRM ativo<\/strong> se inscreveram na primeira oportunidade. Esses n&uacute;meros revelam que o <strong>interesse dos m&eacute;dicos intercambistas <\/strong>no programa &eacute;<strong> 200 vezes maior <\/strong>se comparado &agrave;quele dos <strong>m&eacute;dicos formados no Brasil.&nbsp;<\/strong><\/p><p>O Programa Mais M&eacute;dicos para o Brasil (PMMB) previa o preenchimento de 152 vagas, cujo <a href=\"https:\/\/med.estrategia.com\/portal\/wp-content\/uploads\/2022\/07\/EDITAL-SAPS_MS-No-12-DE-25-DE-JULHO-DE-2022-EDITAL-SAPS_MS-No-12-DE-25-DE-JULHO-DE-2022-DOU-Imprensa-Nacional.pdf\" target=\"_blank\" rel=\"noopener noreferrer\">edital<\/a> de sele&ccedil;&atilde;o foi publicado em 27 de julho de 2022. A publica&ccedil;&atilde;o aconteceu alguns dias ap&oacute;s a trag&eacute;dia na Ilha do Bananal, que levou l&iacute;deres dos povos origin&aacute;rios a reivindicarem m&eacute;dicos em diversos DSEIs.<\/p><p>A Secretaria de Aten&ccedil;&atilde;o Prim&aacute;ria &agrave; Sa&uacute;de confirmou por meio de uma reuni&atilde;o da Comiss&atilde;o Intergestores Tripartite (CIT), em 16 de fevereiro de 2023, que <strong>o programa conseguiu preencher 100% das vagas ofertadas<\/strong>. Os profissionais alocados iniciam o servi&ccedil;o nas &aacute;reas ind&iacute;genas em 14 de mar&ccedil;o e a ades&atilde;o ao programa possui vig&ecirc;ncia de 1 ano.&nbsp;<\/p><p>Os m&eacute;dicos selecionados receber&atilde;o uma bolsa-forma&ccedil;&atilde;o com valor mensal de R$ 12.386,50, al&eacute;m de ajuda de custo para as despesas provenientes da instala&ccedil;&atilde;o do profissional que n&atilde;o residir no DSEI em que for alocado, bem como passagens do participante e de at&eacute; dois dependentes deste.<\/p><div id=\"ez-toc-container\" class=\"ez-toc-v2_0_79_2 counter-hierarchy ez-toc-counter ez-toc-transparent ez-toc-container-direction\">\n<div class=\"ez-toc-title-container\"><p class=\"ez-toc-title\" style=\"cursor:inherit\">Navegue pelo conte\u00fado<\/p>\n<\/div><nav><ul class='ez-toc-list ez-toc-list-level-1 ' ><li class='ez-toc-page-1 ez-toc-heading-level-2'><a class=\"ez-toc-link ez-toc-heading-1\" href=\"https:\/\/med.estrategia.com\/portal\/noticias\/adesao-de-intercambistas-ao-mais-medicos-e-maior-do-que-de-medicos-com-crm-ativo\/#Crise-na-Saude-Indigena\" >Crise na Sa&uacute;de Ind&iacute;gena<\/a><\/li><li class='ez-toc-page-1 ez-toc-heading-level-2'><a class=\"ez-toc-link ez-toc-heading-2\" href=\"https:\/\/med.estrategia.com\/portal\/noticias\/adesao-de-intercambistas-ao-mais-medicos-e-maior-do-que-de-medicos-com-crm-ativo\/#Programa-Medicos-pelo-Brasil\" >Programa M&eacute;dicos pelo Brasil&nbsp;<\/a><\/li><li class='ez-toc-page-1 ez-toc-heading-level-2'><a class=\"ez-toc-link ez-toc-heading-3\" href=\"https:\/\/med.estrategia.com\/portal\/noticias\/adesao-de-intercambistas-ao-mais-medicos-e-maior-do-que-de-medicos-com-crm-ativo\/#Adesao-de-Medicos-Intercambistas-e-Cooperados-e-de-Medicos-com-CRM\" >Ades&atilde;o de M&eacute;dicos Intercambistas e Cooperados e de&nbsp; M&eacute;dicos com CRM<\/a><\/li><li class='ez-toc-page-1 ez-toc-heading-level-2'><a class=\"ez-toc-link ez-toc-heading-4\" href=\"https:\/\/med.estrategia.com\/portal\/noticias\/adesao-de-intercambistas-ao-mais-medicos-e-maior-do-que-de-medicos-com-crm-ativo\/#Estrutura-dos-novos-editais\" >Estrutura dos novos editais<\/a><\/li><\/ul><\/nav><\/div>\n<h2 class=\"wp-block-heading\" id=\"h-crise-na-saude-indigena\"><span class=\"ez-toc-section\" id=\"Crise-na-Saude-Indigena\"><\/span>Crise na Sa&uacute;de Ind&iacute;gena<span class=\"ez-toc-section-end\"><\/span><\/h2><p>Em 2022, a <strong>falta de assist&ecirc;ncia m&eacute;dica <\/strong>foi recorrentemente denunciada pelas aldeias ind&iacute;genas ao Minist&eacute;rio P&uacute;blico. Na Ilha do Bananal, parte do DSEI-Araguaia, duas crian&ccedil;as morreram em um intervalo de 10 dias. A fam&iacute;lia de uma das v&iacute;timas, de apenas 1 ano, aguardou mais de duas horas para que a crian&ccedil;a fosse levada para o hospital. Segundo diversas aldeias, <strong>o atendimento dos profissionais e a assist&ecirc;ncia &agrave; sa&uacute;de das DSEIs anda escassa e prec&aacute;ria.<\/strong>&nbsp;<\/p><p>Recentemente, o <a href=\"https:\/\/med.estrategia.com\/portal\/noticias\/inscricao-dsei-yanomami\/\">Minist&eacute;rio da Sa&uacute;de decretou emerg&ecirc;ncia de sa&uacute;de p&uacute;blica no territ&oacute;rio Yanomami<\/a>, onde quase uma centena de crian&ccedil;as vieram a &oacute;bito em decorr&ecirc;ncia da desnutri&ccedil;&atilde;o, verminose e mal&aacute;ria. Em 2021, cenas de ind&iacute;genas em situa&ccedil;&atilde;o de desnutri&ccedil;&atilde;o grave vieram a p&uacute;blico, denunciando a desassist&ecirc;ncia em que a popula&ccedil;&atilde;o se encontrava.&nbsp;<\/p><p>Os &uacute;ltimos acontecimentos apenas confirmam a <strong>necessidade dos povos origin&aacute;rios por um sistema de sa&uacute;de de qualidade em suas DSEIs<\/strong>. Neste cen&aacute;rio, se n&atilde;o fosse pelo <strong>chamamento de m&eacute;dicos intercambistas na 2&ordf; oportunidade<\/strong>, diversos territ&oacute;rios ind&iacute;genas <strong>aguardariam ainda mais para receber os profissionais necess&aacute;rios<\/strong>, ou sobrecarregariam os &uacute;nicos 23 m&eacute;dicos com CRM inscritos.&nbsp;<\/p><h3 class=\"wp-block-heading\" id=\"h-distritos-sanitarios-especiais-indigenas-dseis\">Distritos Sanit&aacute;rios Especiais Ind&iacute;genas (DSEIs)<\/h3><p>O <strong>Distrito Sanit&aacute;rio Especial Ind&iacute;gena (DSEI)<\/strong> &eacute; a unidade gestora descentralizada do Subsistema de Aten&ccedil;&atilde;o &agrave; Sa&uacute;de Ind&iacute;gena (SasiSUS). Trata-se de um modelo de organiza&ccedil;&atilde;o de servi&ccedil;os, contemplando diversas atividades t&eacute;cnicas para melhorar a aten&ccedil;&atilde;o &agrave; sa&uacute;de, contando &ndash; muitas vezes &ndash; com a ajuda do Controle Social. A estrutura de atendimento de um DSEI conta com unidades b&aacute;sicas de sa&uacute;de ind&iacute;genas, polos base e as Casas de Sa&uacute;de Ind&iacute;gena (CASAI).<\/p><p>De acordo com a Secretaria Especial de Sa&uacute;de Ind&iacute;gena (SESAI) e o Minist&eacute;rio da Sa&uacute;de, atualmente, existem <strong>34 DSEIs espalhadas pelo Brasil<\/strong>. Os distritos <strong>s&atilde;o divididos estrategicamente por crit&eacute;rios territoriais<\/strong>, tendo como base a <strong>ocupa&ccedil;&atilde;o geogr&aacute;fica das comunidades ind&iacute;genas<\/strong>, que geralmente n&atilde;o seguem os limites dos estados.&nbsp;<\/p><h2 class=\"wp-block-heading\" id=\"h-programa-medicos-pelo-brasil\"><span class=\"ez-toc-section\" id=\"Programa-Medicos-pelo-Brasil\"><\/span>Programa M&eacute;dicos pelo Brasil&nbsp;<span class=\"ez-toc-section-end\"><\/span><\/h2><p>O programa visa atender, por meio do SUS, as <strong>regi&otilde;es mais vulner&aacute;veis do pa&iacute;s<\/strong>, onde o <strong>atendimento &eacute; falho e h&aacute; falta de profissionais<\/strong>. Ainda, o M&eacute;dicos Pelo Brasil d&aacute; a <strong>especializa&ccedil;&atilde;o necess&aacute;ria<\/strong> aos m&eacute;dicos aprovados, para que assim consigam realizar, posteriormente, um atendimento de maior qualidade.<\/p><p>J&aacute; o Programa Mais M&eacute;dicos para o Brasil (PMMB) &eacute; de responsabilidade do Programa M&eacute;dicos pelo Brasil, substituto do antigo Mais M&eacute;dicos. O Projeto se desenvolve nas linhas de <strong>provimento emergencial <\/strong>de m&eacute;dicos para atua&ccedil;&atilde;o em Unidades de Aten&ccedil;&atilde;o B&aacute;sica &agrave; Sa&uacute;de. Al&eacute;m disso, ele visa prover uma qualifica&ccedil;&atilde;o adicional dos profissionais participantes para atividades voltadas ao ensino-servi&ccedil;o, como processos de aperfei&ccedil;oamento profissional.<\/p><p>Vale esclarecer que, embora o governo Bolsonaro tenha implementado o M&eacute;dicos pelo Brasil em substitui&ccedil;&atilde;o ao Mais M&eacute;dicos, o segundo programa n&atilde;o foi descontinuado. Para n&atilde;o sobrecarregar o sistema de sa&uacute;de, <strong>os dois programas coexistiam<\/strong>.&nbsp;<\/p><h2 class=\"wp-block-heading\" id=\"h-adesao-de-medicos-intercambistas-e-cooperados-e-de-medicos-com-crm\"><span class=\"ez-toc-section\" id=\"Adesao-de-Medicos-Intercambistas-e-Cooperados-e-de-Medicos-com-CRM\"><\/span>Ades&atilde;o de M&eacute;dicos Intercambistas e Cooperados e de&nbsp; M&eacute;dicos com CRM<span class=\"ez-toc-section-end\"><\/span><\/h2><p>Historicamente, desde a cria&ccedil;&atilde;o do Programa Mais M&eacute;dicos, <strong>m&eacute;dicos estrangeiros ou brasileiros formados no exterior ocupam a maioria&nbsp;das vagas do programa<\/strong>, mesmo seguindo a ordem de chamamento: m&eacute;dicos brasileiros formados no Brasil, m&eacute;dicos brasileiros formados fora e m&eacute;dicos estrangeiros cooperados.&nbsp;<\/p><p>Em 2014, as vagas foram somente preenchidas em sua totalidade ap&oacute;s os tr&ecirc;s perfis serem convocados. Dos <strong>14.462 m&eacute;dicos<\/strong> contratados, <strong>79% eram<\/strong> <strong>m&eacute;dicos cooperados<\/strong> &ndash; 11.429 profissionais, enquanto o restante da equipe era composta por 1.187 brasileiros ou estrangeiros formados no exterior e 1.846 m&eacute;dicos que conclu&iacute;ram o curso de Medicina no Brasil.<\/p><p>Outro ponto &eacute; o tempo m&eacute;dio de perman&ecirc;ncia no Programa Mais M&eacute;dicos, que difere entre os grupos distintos de profissionais. <strong>Profissionais com registro no Brasil <\/strong>tendem a permanecer, em m&eacute;dia, <strong>1 ano e 8 meses<\/strong> no programa, enquanto <strong>m&eacute;dicos intercambistas e cooperados<\/strong> tendem a ficar<strong> 2 anos e 7 meses e, 2 anos e 6 meses<\/strong>, respectivamente. Os dados foram levantados pelo Sistema de Gerenciamento de Programas e se referem ao per&iacute;odo de 2016 a 2019, com exce&ccedil;&atilde;o dos m&eacute;dicos cooperados, cujos n&uacute;meros v&atilde;o apenas at&eacute; 2018, quando novos ingressos deste perfil no programa foram descontinuados.<\/p><p>No pr&oacute;prio site oficial do Mais M&eacute;dicos a pergunta &ldquo;por que h&aacute; estrangeiros entre os m&eacute;dicos do programa?&rdquo; foi suscitada. Na p&aacute;gina, &eacute; explicado que quando o programa foi iniciado, em 2013, havia <strong>poucos m&eacute;dicos brasileiros interessados em cobrir a necessidade dos postos de sa&uacute;de<\/strong>, especialmente em <strong>cidades do interior do pa&iacute;s<\/strong>.<\/p><p>No edital mais recente do Programa Mais M&eacute;dicos pelo Brasil (PMMB), publicado em 27 de outubro de 2022, dessa vez n&atilde;o apenas focado em Distritos Sanit&aacute;rios Especiais Ind&iacute;genas, mas tamb&eacute;m em<strong> munic&iacute;pios carentes de profissionais da sa&uacute;de em diversas &aacute;reas do Brasil<\/strong>, o programa <strong>n&atilde;o conseguiu preencher todas as vagas necess&aacute;rias<\/strong>. Neste edital, apenas poderiam se inscrever<strong> m&eacute;dicos brasileiros com CRM<\/strong>, que poderiam ingressar em uma das <strong>1.022 vagas espalhadas por 772 munic&iacute;pios<\/strong>.&nbsp;<\/p><p>At&eacute; o esgotamento das chamadas, <strong>apenas 651 vagas haviam sido preenchidas<\/strong> pelos profissionais do perfil exigido pelo certame. Dos 772 munic&iacute;pios,<strong> 101 n&atilde;o foram escolhidos <\/strong>pelos profissionais e <strong>n&atilde;o receber&atilde;o m&eacute;dicos do programa neste 27&ordm; ciclo<\/strong>.&nbsp;<\/p><div class=\"wp-block-image\">\n<figure class=\"aligncenter\"><img decoding=\"async\" src=\"https:\/\/lh4.googleusercontent.com\/qDagR9H9Y3zLQws_GjTVR0epPisXORwpWEn5H-paUfGl9bRCu6Yez8KseMOh_LQR3_RUM2NtZooGzOFBdfWo12bIc0vjm18klrR2feYSURZhLtpAJ_XR3VIMO3nN0saA25zVI7n0J91QYiLGEj-im7U\" alt=\"\"><figcaption class=\"wp-element-caption\">Vagas disponibilizadas por estado no 27&ordm; ciclo do PMMB. Cr&eacute;ditos: Secretaria de Aten&ccedil;&atilde;o Prim&aacute;ria &agrave; Sa&uacute;de (SAPS)<\/figcaption><\/figure><\/div><p>O Minist&eacute;rio da Sa&uacute;de ainda n&atilde;o divulgou nenhum edital de um novo ciclo do PMMB e nem explicou <strong>o que acontecer&aacute; com as vagas ociosas do 27&ordm; ciclo<\/strong>: se ser&atilde;o reofertadas em um novo edital ou se haver&aacute; uma chamada in&eacute;dita abrangendo os demais perfis m&eacute;dicos &ndash; brasileiros intercambistas e m&eacute;dicos estrangeiros cooperados.<\/p><p>O <strong>atual cen&aacute;rio &eacute; preocupante<\/strong>, tendo em vista que, no Brasil,<strong> 1.915 munic&iacute;pios n&atilde;o possuem servi&ccedil;os m&eacute;dicos privados e dependem exclusivamente do SUS<\/strong>. A quantidade corresponde a <strong>34% dos total de munic&iacute;pios <\/strong>e, de acordo com dados do Cadastro Nacional de Estabelecimentos de Sa&uacute;de (CNES), aproximadamente<strong> 15,7 milh&otilde;es de brasileiros est&atilde;o sujeitos ao atendimento p&uacute;blico de sa&uacute;de nessas localidades<\/strong>.<\/p><div class=\"wp-block-image\">\n<figure class=\"aligncenter\"><img decoding=\"async\" src=\"https:\/\/lh6.googleusercontent.com\/SROZ-DVJJE8QCAi-DQp88vQHYoKdBcWHn8klqX1R6Cw-W7fpBx6ayIv3NvoYvSBO0aVBECKFAhygwgeiUxrHec1Zk9rPBZCs0Ow0muclOEWMhAZgjeLQndyED4aI6S5iaKMZL1QoYFbMbl0aV2C3744\" alt=\"\"><figcaption class=\"wp-element-caption\">Provimento m&eacute;dico pelo pa&iacute;s &ndash; Mais M&eacute;dicos e M&eacute;dicos pelo Brasil. Cr&eacute;ditos: SAPS<\/figcaption><\/figure><\/div><p>Observa-se pelo gr&aacute;fico que <strong>o ano de 2022 foi o de maior desassist&ecirc;ncia nos munic&iacute;pios e DSEIs<\/strong> desde a cria&ccedil;&atilde;o e expans&atilde;o do programa, per&iacute;odo que compreende 2013 e 2014.<\/p><h2 class=\"wp-block-heading\" id=\"h-estrutura-dos-novos-editais\"><span class=\"ez-toc-section\" id=\"Estrutura-dos-novos-editais\"><\/span>Estrutura dos novos editais<span class=\"ez-toc-section-end\"><\/span><\/h2><p>Seguindo modelo parecido do edital de provimento emergencial aos DSEIs, os novos editais do Programa Mais M&eacute;dicos para o Brasil seguir&atilde;o a seguinte <strong>ordem de chamamento<\/strong>:<\/p><ol class=\"wp-block-list\">\n<li>Brasileiros<\/li>\n\n\n\n<li>Brasileiros formados no exterior<\/li>\n\n\n\n<li>Estrangeiros<\/li>\n<\/ol><p>Em apresenta&ccedil;&atilde;o da &ldquo;SAPS do futuro&rdquo;, o diretor de programas da SAPS, Felipe Proen&ccedil;o, definiu o formato de edital &uacute;nico para os tr&ecirc;s perfis de profissionais citados acima. Al&eacute;m disso, a proposta conta com chamadas conforme previs&atilde;o em lei, com a <strong>cria&ccedil;&atilde;o de um banco de profissionais e redu&ccedil;&atilde;o do tempo para chamamento<\/strong>.&nbsp;<\/p><p>O foco ser&aacute; o <strong>preenchimento de vagas ociosas do programa<\/strong>, contando com um cadastro permanente com <strong>ciclos de 120 dias<\/strong> e um <strong>novo edital a cada 90 dias<\/strong>.&nbsp;<\/p><p>Os <strong>concursos p&uacute;blicos na &aacute;rea da sa&uacute;de<\/strong> e at&eacute; mesmo os <strong>processos seletivos para resid&ecirc;ncia m&eacute;dica em sistemas p&uacute;blicos<\/strong> costumam cobrar o conhecimento dos candidatos sobre <strong>Organiza&ccedil;&atilde;o do SUS e Sa&uacute;de Ind&iacute;gena<\/strong>. Veja um exemplo de como o tema foi abordado na <strong>prova de 2021 do M&eacute;dicos Pelo Brasil<\/strong>:&nbsp;<\/p><p class=\"wp-block-verse\">Considere a Portaria GM\/MS N&ordm; 3.353, de 2 de dezembro de 2021 que altera o T&iacute;tulo IV da Portaria de Consolida&ccedil;&atilde;o GM\/MS n&ordm; 5, de 28 de setembro de 2017, para dispor sobre as regras para execu&ccedil;&atilde;o do Programa M&eacute;dicos pelo Brasil. Analise as afirmativas abaixo e assinale a alternativa correta sobre a tem&aacute;tica. \n\nI. O Distrito Sanit&aacute;rio Especial Ind&iacute;gena equipara-se a munic&iacute;pio.\n\nII. Os munic&iacute;pios eleg&iacute;veis para participa&ccedil;&atilde;o no Programa M&eacute;dicos pelo Brasil ser&atilde;o definidos por meio de metodologia de prioriza&ccedil;&atilde;o e elegibilidade estabelecida em ato espec&iacute;fico da Ag&ecirc;ncia para Desenvolvimento da Aten&ccedil;&atilde;o Prim&aacute;ria &agrave; Sa&uacute;de &ndash; Adaps.\n\nIII. Compete ao Minist&eacute;rio da Sa&uacute;de definir os termos do contrato de gest&atilde;o a ser firmado com a Ag&ecirc;ncia para Desenvolvimento da Aten&ccedil;&atilde;o Prim&aacute;ria &agrave; Sa&uacute;de &ndash; Adaps e seus aditivos, com a finalidade de execu&ccedil;&atilde;o do Programa M&eacute;dicos pelo Brasil.\n\nIV. Compete &agrave; Ag&ecirc;ncia para Desenvolvimento da Aten&ccedil;&atilde;o Prim&aacute;ria &agrave; Sa&uacute;de &ndash; Adaps definir e divulgar o quantitativo m&aacute;ximo de vagas destinadas aos munic&iacute;pios eleg&iacute;veis.<\/p><p>Se voc&ecirc; j&aacute; &eacute; assinante do Banco de Quest&otilde;es do Estrat&eacute;gia MED, pode conferir a resolu&ccedil;&atilde;o da quest&atilde;o, com coment&aacute;rios dos professores especialistas, <a href=\"https:\/\/med.estrategia.com\/questoes\/4000180218\" target=\"_blank\">clicando aqui<\/a>.<\/p><p>Se voc&ecirc; ainda n&atilde;o &eacute; assinante, conhe&ccedil;a o BQMED e treine com as<strong> mais de 188 mil quest&otilde;es sobre todos os assuntos<\/strong>, com 88 mil quest&otilde;es resolvidas e comentadas e, destas, 61 mil comentadas em v&iacute;deo pelos nossos professores. Venha ser coruja e junte-se ao Estrat&eacute;gia MED, o preparat&oacute;rio que cresce, a cada ano, no n&uacute;mero de aprova&ccedil;&otilde;es no pa&iacute;s!<\/p><p>E para n&atilde;o perder nenhuma atualiza&ccedil;&atilde;o no universo da medicina e ficar por dentro dos seletivos de Resid&ecirc;ncia M&eacute;dica, de revalida&ccedil;&atilde;o de diplomas e conte&uacute;dos t&eacute;cnicos, continue acessando o Portal do Estrat&eacute;gia MED!&nbsp;<\/p><p><strong><em>Texto com edi&ccedil;&atilde;o e colabora&ccedil;&atilde;o de Mara Rodrigues<\/em><\/strong><\/p><p>\n\n\n\n\n\n<a id=\"cta\" class=\"cta-imagem\" href=\"https:\/\/med.estrategia.com\/curso\/banco-de-questes-resumos-estrategicos-anual\/\" target=\"blank\">\n                <img decoding=\"async\" width=\"100%\" src=\"https:\/\/med.estrategia.com\/portal\/wp-content\/uploads\/2025\/08\/banco_questoes.png\" alt=\"banco_questoes\" title=\"banco_questoes\">\n        <\/a>\n\n\n<\/p><\/p>\n","protected":false},"excerpt":{"rendered":"As inscri&ccedil;&otilde;es para o provimento m&eacute;dico destinado aos Distritos Sanit&aacute;rios Especiais Ind&iacute;genas (DSEIs) foram abertas em 15 de&hellip;\n","protected":false},"author":22,"featured_media":36936,"comment_status":"closed","ping_status":"closed","sticky":false,"template":"","format":"standard","meta":{"wl_entities_gutenberg":"","footnotes":""},"categories":[300],"tags":[],"wl_entity_type":[199],"class_list":{"0":"post-36933","1":"post","2":"type-post","3":"status-publish","4":"format-standard","5":"has-post-thumbnail","7":"category-noticias","8":"wl_entity_type-article"},"acf":[],"yoast_head":"<!-- This site is optimized with the Yoast SEO Premium plugin v26.6 (Yoast SEO v26.6) - https:\/\/yoast.com\/wordpress\/plugins\/seo\/ -->\n<title>Ades\u00e3o de intercambistas ao Mais M\u00e9dicos supera m\u00e9dicos com CRM ativo<\/title>\n<meta name=\"robots\" content=\"index, follow, max-snippet:-1, max-image-preview:large, max-video-preview:-1\" \/>\n<link rel=\"canonical\" href=\"https:\/\/med.estrategia.com\/portal\/noticias\/adesao-de-intercambistas-ao-mais-medicos-e-maior-do-que-de-medicos-com-crm-ativo\/\" \/>\n<meta property=\"og:locale\" content=\"pt_BR\" \/>\n<meta property=\"og:type\" content=\"article\" \/>\n<meta property=\"og:title\" content=\"Ades\u00e3o de intercambistas ao Mais M\u00e9dicos supera m\u00e9dicos com CRM ativo\" \/>\n<meta property=\"og:description\" content=\"As inscri&ccedil;&otilde;es para o provimento m&eacute;dico destinado aos Distritos Sanit&aacute;rios Especiais Ind&iacute;genas (DSEIs) foram abertas em 15 de&hellip;\" \/>\n<meta property=\"og:url\" content=\"https:\/\/med.estrategia.com\/portal\/noticias\/adesao-de-intercambistas-ao-mais-medicos-e-maior-do-que-de-medicos-com-crm-ativo\/\" \/>\n<meta property=\"og:site_name\" content=\"Estrat\u00e9gia MED\" \/>\n<meta property=\"article:publisher\" content=\"https:\/\/www.facebook.com\/estrategiamed1\" \/>\n<meta property=\"article:published_time\" content=\"2023-03-07T22:40:53+00:00\" \/>\n<meta property=\"article:modified_time\" content=\"2023-03-22T22:06:57+00:00\" \/>\n<meta property=\"og:image\" content=\"https:\/\/cdn.medblog.estrategiaeducacional.com.br\/wp-content\/uploads\/2023\/03\/programa-mais-medicos.png\" \/>\n\t<meta property=\"og:image:width\" content=\"900\" \/>\n\t<meta property=\"og:image:height\" content=\"542\" \/>\n\t<meta property=\"og:image:type\" content=\"image\/png\" \/>\n<meta name=\"author\" content=\"Erika Coelho\" \/>\n<meta name=\"twitter:card\" content=\"summary_large_image\" \/>\n<meta name=\"twitter:creator\" content=\"@estrategiamed_\" \/>\n<meta name=\"twitter:site\" content=\"@estrategiamed_\" \/>\n<meta name=\"twitter:label1\" content=\"Escrito por\" \/>\n\t<meta name=\"twitter:data1\" content=\"Erika Coelho\" \/>\n\t<meta name=\"twitter:label2\" content=\"Est. tempo de leitura\" \/>\n\t<meta name=\"twitter:data2\" content=\"10 minutos\" \/>\n<script type=\"application\/ld+json\" class=\"yoast-schema-graph\">{\"@context\":\"https:\/\/schema.org\",\"@graph\":[{\"@type\":\"WebPage\",\"@id\":\"https:\/\/med.estrategia.com\/portal\/noticias\/adesao-de-intercambistas-ao-mais-medicos-e-maior-do-que-de-medicos-com-crm-ativo\/\",\"url\":\"https:\/\/med.estrategia.com\/portal\/noticias\/adesao-de-intercambistas-ao-mais-medicos-e-maior-do-que-de-medicos-com-crm-ativo\/\",\"name\":\"Ades\u00e3o de intercambistas ao Mais M\u00e9dicos supera m\u00e9dicos com CRM ativo\",\"isPartOf\":{\"@id\":\"https:\/\/med.estrategia.com\/portal\/#website\"},\"primaryImageOfPage\":{\"@id\":\"https:\/\/med.estrategia.com\/portal\/noticias\/adesao-de-intercambistas-ao-mais-medicos-e-maior-do-que-de-medicos-com-crm-ativo\/#primaryimage\"},\"image\":{\"@id\":\"https:\/\/med.estrategia.com\/portal\/noticias\/adesao-de-intercambistas-ao-mais-medicos-e-maior-do-que-de-medicos-com-crm-ativo\/#primaryimage\"},\"thumbnailUrl\":\"https:\/\/med.estrategia.com\/portal\/wp-content\/uploads\/2023\/03\/programa-mais-medicos.png\",\"datePublished\":\"2023-03-07T22:40:53+00:00\",\"dateModified\":\"2023-03-22T22:06:57+00:00\",\"author\":{\"@id\":\"https:\/\/med.estrategia.com\/portal\/#\/schema\/person\/8e7c9b2f53f2eede3b8880ad86ff20a3\"},\"breadcrumb\":{\"@id\":\"https:\/\/med.estrategia.com\/portal\/noticias\/adesao-de-intercambistas-ao-mais-medicos-e-maior-do-que-de-medicos-com-crm-ativo\/#breadcrumb\"},\"inLanguage\":\"pt-BR\",\"potentialAction\":[{\"@type\":\"ReadAction\",\"target\":[\"https:\/\/med.estrategia.com\/portal\/noticias\/adesao-de-intercambistas-ao-mais-medicos-e-maior-do-que-de-medicos-com-crm-ativo\/\"]}]},{\"@type\":\"ImageObject\",\"inLanguage\":\"pt-BR\",\"@id\":\"https:\/\/med.estrategia.com\/portal\/noticias\/adesao-de-intercambistas-ao-mais-medicos-e-maior-do-que-de-medicos-com-crm-ativo\/#primaryimage\",\"url\":\"https:\/\/med.estrategia.com\/portal\/wp-content\/uploads\/2023\/03\/programa-mais-medicos.png\",\"contentUrl\":\"https:\/\/med.estrategia.com\/portal\/wp-content\/uploads\/2023\/03\/programa-mais-medicos.png\",\"width\":900,\"height\":542},{\"@type\":\"BreadcrumbList\",\"@id\":\"https:\/\/med.estrategia.com\/portal\/noticias\/adesao-de-intercambistas-ao-mais-medicos-e-maior-do-que-de-medicos-com-crm-ativo\/#breadcrumb\",\"itemListElement\":[{\"@type\":\"ListItem\",\"position\":1,\"name\":\"Home\",\"item\":\"https:\/\/med.estrategia.com\/portal\/\"},{\"@type\":\"ListItem\",\"position\":2,\"name\":\"Not\u00edcias\",\"item\":\"https:\/\/med.estrategia.com\/portal\/noticias\/\"},{\"@type\":\"ListItem\",\"position\":3,\"name\":\"Ades\u00e3o de intercambistas ao Mais M\u00e9dicos supera m\u00e9dicos com CRM ativo\"}]},{\"@type\":\"WebSite\",\"@id\":\"https:\/\/med.estrategia.com\/portal\/#website\",\"url\":\"https:\/\/med.estrategia.com\/portal\/\",\"name\":\"Estrat\u00e9gia MED\",\"description\":\"\",\"potentialAction\":[{\"@type\":\"SearchAction\",\"target\":{\"@type\":\"EntryPoint\",\"urlTemplate\":\"https:\/\/med.estrategia.com\/portal\/?s={search_term_string}\"},\"query-input\":{\"@type\":\"PropertyValueSpecification\",\"valueRequired\":true,\"valueName\":\"search_term_string\"}}],\"inLanguage\":\"pt-BR\"},{\"@type\":\"Person\",\"@id\":\"https:\/\/med.estrategia.com\/portal\/#\/schema\/person\/8e7c9b2f53f2eede3b8880ad86ff20a3\",\"name\":\"Erika Coelho\",\"image\":{\"@type\":\"ImageObject\",\"inLanguage\":\"pt-BR\",\"@id\":\"https:\/\/med.estrategia.com\/portal\/#\/schema\/person\/image\/\",\"url\":\"https:\/\/secure.gravatar.com\/avatar\/8ef9ff2e2fa53829c640cca8d1a45178?s=96&d=mm&r=g\",\"contentUrl\":\"https:\/\/secure.gravatar.com\/avatar\/8ef9ff2e2fa53829c640cca8d1a45178?s=96&d=mm&r=g\",\"caption\":\"Erika Coelho\"},\"description\":\"Jornalista pela Universidade Presbiteriana Mackenzie, escrevo sobre educa\u00e7\u00e3o, sa\u00fade e pol\u00edticas p\u00fablicas\",\"url\":\"https:\/\/med.estrategia.com\/portal\/author\/erika\/\"}]}<\/script>\n<!-- \/ Yoast SEO Premium plugin. -->","yoast_head_json":{"title":"Ades\u00e3o de intercambistas ao Mais M\u00e9dicos supera m\u00e9dicos com CRM ativo","robots":{"index":"index","follow":"follow","max-snippet":"max-snippet:-1","max-image-preview":"max-image-preview:large","max-video-preview":"max-video-preview:-1"},"canonical":"https:\/\/med.estrategia.com\/portal\/noticias\/adesao-de-intercambistas-ao-mais-medicos-e-maior-do-que-de-medicos-com-crm-ativo\/","og_locale":"pt_BR","og_type":"article","og_title":"Ades\u00e3o de intercambistas ao Mais M\u00e9dicos supera m\u00e9dicos com CRM ativo","og_description":"As inscri&ccedil;&otilde;es para o provimento m&eacute;dico destinado aos Distritos Sanit&aacute;rios Especiais Ind&iacute;genas (DSEIs) foram abertas em 15 de&hellip;","og_url":"https:\/\/med.estrategia.com\/portal\/noticias\/adesao-de-intercambistas-ao-mais-medicos-e-maior-do-que-de-medicos-com-crm-ativo\/","og_site_name":"Estrat\u00e9gia MED","article_publisher":"https:\/\/www.facebook.com\/estrategiamed1","article_published_time":"2023-03-07T22:40:53+00:00","article_modified_time":"2023-03-22T22:06:57+00:00","og_image":[{"width":900,"height":542,"url":"https:\/\/cdn.medblog.estrategiaeducacional.com.br\/wp-content\/uploads\/2023\/03\/programa-mais-medicos.png","type":"image\/png"}],"author":"Erika Coelho","twitter_card":"summary_large_image","twitter_creator":"@estrategiamed_","twitter_site":"@estrategiamed_","twitter_misc":{"Escrito por":"Erika Coelho","Est. tempo de leitura":"10 minutos"},"schema":{"@context":"https:\/\/schema.org","@graph":[{"@type":"WebPage","@id":"https:\/\/med.estrategia.com\/portal\/noticias\/adesao-de-intercambistas-ao-mais-medicos-e-maior-do-que-de-medicos-com-crm-ativo\/","url":"https:\/\/med.estrategia.com\/portal\/noticias\/adesao-de-intercambistas-ao-mais-medicos-e-maior-do-que-de-medicos-com-crm-ativo\/","name":"Ades\u00e3o de intercambistas ao Mais M\u00e9dicos supera m\u00e9dicos com CRM ativo","isPartOf":{"@id":"https:\/\/med.estrategia.com\/portal\/#website"},"primaryImageOfPage":{"@id":"https:\/\/med.estrategia.com\/portal\/noticias\/adesao-de-intercambistas-ao-mais-medicos-e-maior-do-que-de-medicos-com-crm-ativo\/#primaryimage"},"image":{"@id":"https:\/\/med.estrategia.com\/portal\/noticias\/adesao-de-intercambistas-ao-mais-medicos-e-maior-do-que-de-medicos-com-crm-ativo\/#primaryimage"},"thumbnailUrl":"https:\/\/med.estrategia.com\/portal\/wp-content\/uploads\/2023\/03\/programa-mais-medicos.png","datePublished":"2023-03-07T22:40:53+00:00","dateModified":"2023-03-22T22:06:57+00:00","author":{"@id":"https:\/\/med.estrategia.com\/portal\/#\/schema\/person\/8e7c9b2f53f2eede3b8880ad86ff20a3"},"breadcrumb":{"@id":"https:\/\/med.estrategia.com\/portal\/noticias\/adesao-de-intercambistas-ao-mais-medicos-e-maior-do-que-de-medicos-com-crm-ativo\/#breadcrumb"},"inLanguage":"pt-BR","potentialAction":[{"@type":"ReadAction","target":["https:\/\/med.estrategia.com\/portal\/noticias\/adesao-de-intercambistas-ao-mais-medicos-e-maior-do-que-de-medicos-com-crm-ativo\/"]}]},{"@type":"ImageObject","inLanguage":"pt-BR","@id":"https:\/\/med.estrategia.com\/portal\/noticias\/adesao-de-intercambistas-ao-mais-medicos-e-maior-do-que-de-medicos-com-crm-ativo\/#primaryimage","url":"https:\/\/med.estrategia.com\/portal\/wp-content\/uploads\/2023\/03\/programa-mais-medicos.png","contentUrl":"https:\/\/med.estrategia.com\/portal\/wp-content\/uploads\/2023\/03\/programa-mais-medicos.png","width":900,"height":542},{"@type":"BreadcrumbList","@id":"https:\/\/med.estrategia.com\/portal\/noticias\/adesao-de-intercambistas-ao-mais-medicos-e-maior-do-que-de-medicos-com-crm-ativo\/#breadcrumb","itemListElement":[{"@type":"ListItem","position":1,"name":"Home","item":"https:\/\/med.estrategia.com\/portal\/"},{"@type":"ListItem","position":2,"name":"Not\u00edcias","item":"https:\/\/med.estrategia.com\/portal\/noticias\/"},{"@type":"ListItem","position":3,"name":"Ades\u00e3o de intercambistas ao Mais M\u00e9dicos supera m\u00e9dicos com CRM ativo"}]},{"@type":"WebSite","@id":"https:\/\/med.estrategia.com\/portal\/#website","url":"https:\/\/med.estrategia.com\/portal\/","name":"Estrat\u00e9gia MED","description":"","potentialAction":[{"@type":"SearchAction","target":{"@type":"EntryPoint","urlTemplate":"https:\/\/med.estrategia.com\/portal\/?s={search_term_string}"},"query-input":{"@type":"PropertyValueSpecification","valueRequired":true,"valueName":"search_term_string"}}],"inLanguage":"pt-BR"},{"@type":"Person","@id":"https:\/\/med.estrategia.com\/portal\/#\/schema\/person\/8e7c9b2f53f2eede3b8880ad86ff20a3","name":"Erika Coelho","image":{"@type":"ImageObject","inLanguage":"pt-BR","@id":"https:\/\/med.estrategia.com\/portal\/#\/schema\/person\/image\/","url":"https:\/\/secure.gravatar.com\/avatar\/8ef9ff2e2fa53829c640cca8d1a45178?s=96&d=mm&r=g","contentUrl":"https:\/\/secure.gravatar.com\/avatar\/8ef9ff2e2fa53829c640cca8d1a45178?s=96&d=mm&r=g","caption":"Erika Coelho"},"description":"Jornalista pela Universidade Presbiteriana Mackenzie, escrevo sobre educa\u00e7\u00e3o, sa\u00fade e pol\u00edticas p\u00fablicas","url":"https:\/\/med.estrategia.com\/portal\/author\/erika\/"}]}},"_wl_alt_label":[],"wl:entity_url":"\/post\/adesao-de-intercambistas-ao-mais-medicos-e-maior-do-que-de-medicos-com-crm-ativo","_links":{"self":[{"href":"https:\/\/med.estrategia.com\/portal\/wp-json\/wp\/v2\/posts\/36933","targetHints":{"allow":["GET"]}}],"collection":[{"href":"https:\/\/med.estrategia.com\/portal\/wp-json\/wp\/v2\/posts"}],"about":[{"href":"https:\/\/med.estrategia.com\/portal\/wp-json\/wp\/v2\/types\/post"}],"author":[{"embeddable":true,"href":"https:\/\/med.estrategia.com\/portal\/wp-json\/wp\/v2\/users\/22"}],"replies":[{"embeddable":true,"href":"https:\/\/med.estrategia.com\/portal\/wp-json\/wp\/v2\/comments?post=36933"}],"version-history":[{"count":3,"href":"https:\/\/med.estrategia.com\/portal\/wp-json\/wp\/v2\/posts\/36933\/revisions"}],"predecessor-version":[{"id":37895,"href":"https:\/\/med.estrategia.com\/portal\/wp-json\/wp\/v2\/posts\/36933\/revisions\/37895"}],"wp:featuredmedia":[{"embeddable":true,"href":"https:\/\/med.estrategia.com\/portal\/wp-json\/wp\/v2\/media\/36936"}],"wp:attachment":[{"href":"https:\/\/med.estrategia.com\/portal\/wp-json\/wp\/v2\/media?parent=36933"}],"wp:term":[{"taxonomy":"category","embeddable":true,"href":"https:\/\/med.estrategia.com\/portal\/wp-json\/wp\/v2\/categories?post=36933"},{"taxonomy":"post_tag","embeddable":true,"href":"https:\/\/med.estrategia.com\/portal\/wp-json\/wp\/v2\/tags?post=36933"},{"taxonomy":"wl_entity_type","embeddable":true,"href":"https:\/\/med.estrategia.com\/portal\/wp-json\/wp\/v2\/wl_entity_type?post=36933"}],"curies":[{"name":"wp","href":"https:\/\/api.w.org\/{rel}","templated":true}]}}