{"id":3696,"date":"2021-02-07T12:29:34","date_gmt":"2021-02-07T15:29:34","guid":{"rendered":"https:\/\/med.estrategiaeducacional.com.br\/blog\/?p=3696"},"modified":"2022-09-05T18:00:04","modified_gmt":"2022-09-05T21:00:04","slug":"uff-provas-e-editais","status":"publish","type":"post","link":"https:\/\/med.estrategia.com\/portal\/residencia-medica\/provas\/uff-provas-e-editais\/","title":{"rendered":"UFF 2021: Provas e Editais"},"content":{"rendered":"<p>Se voc&ecirc; est&aacute; cansado de n&atilde;o saber onde encontrar as provas, editais, gabaritos e resultados dos concursos de Resid&ecirc;ncia M&eacute;dica, fique neste artigo do blog do Estrat&eacute;gia MED! Aqui voc&ecirc; pode baixar de forma gratuita todos os PDFs das diversas provas para RM, inclusive os da UFF 2021! Aproveite este conte&uacute;do a seu dispor e fique cada vez mais pr&oacute;ximo da sua aprova&ccedil;&atilde;o!<div id=\"ez-toc-container\" class=\"ez-toc-v2_0_79_2 counter-hierarchy ez-toc-counter ez-toc-transparent ez-toc-container-direction\">\n<div class=\"ez-toc-title-container\"><p class=\"ez-toc-title\" style=\"cursor:inherit\">Navegue pelo conte\u00fado<\/p>\n<\/div><nav><ul class='ez-toc-list ez-toc-list-level-1 ' ><li class='ez-toc-page-1 ez-toc-heading-level-2'><a class=\"ez-toc-link ez-toc-heading-1\" href=\"https:\/\/med.estrategia.com\/portal\/residencia-medica\/provas\/uff-provas-e-editais\/#A-UFF\" >A UFF<\/a><\/li><li class='ez-toc-page-1 ez-toc-heading-level-2'><a class=\"ez-toc-link ez-toc-heading-2\" href=\"https:\/\/med.estrategia.com\/portal\/residencia-medica\/provas\/uff-provas-e-editais\/#Cronograma-da-UFF-2021\" >Cronograma da UFF 2021<\/a><\/li><li class='ez-toc-page-1 ez-toc-heading-level-2'><a class=\"ez-toc-link ez-toc-heading-3\" href=\"https:\/\/med.estrategia.com\/portal\/residencia-medica\/provas\/uff-provas-e-editais\/#Edital-UFF-2021\" >Edital UFF 2021<\/a><\/li><li class='ez-toc-page-1 ez-toc-heading-level-2'><a class=\"ez-toc-link ez-toc-heading-4\" href=\"https:\/\/med.estrategia.com\/portal\/residencia-medica\/provas\/uff-provas-e-editais\/#Provas-UFF-2021\" >Provas UFF 2021<\/a><\/li><li class='ez-toc-page-1 ez-toc-heading-level-2'><a class=\"ez-toc-link ez-toc-heading-5\" href=\"https:\/\/med.estrategia.com\/portal\/residencia-medica\/provas\/uff-provas-e-editais\/#Gabaritos-UFF\" >Gabaritos UFF<\/a><\/li><li class='ez-toc-page-1 ez-toc-heading-level-2'><a class=\"ez-toc-link ez-toc-heading-6\" href=\"https:\/\/med.estrategia.com\/portal\/residencia-medica\/provas\/uff-provas-e-editais\/#Resultados\" >Resultados<\/a><\/li><\/ul><\/nav><\/div>\n<h2 class=\"wp-block-heading\" id=\"h-a-uff\"><span class=\"ez-toc-section\" id=\"A-UFF\"><\/span>A UFF<span class=\"ez-toc-section-end\"><\/span><\/h2><p>A <strong>Universidade Federal Fluminense (UFF)<\/strong> &eacute; uma institui&ccedil;&atilde;o focada nos cursos de gradua&ccedil;&atilde;o e p&oacute;s-gradua&ccedil;&atilde;o. Sua cria&ccedil;&atilde;o, em <strong>1960<\/strong>, &eacute; resultado da <strong>uni&atilde;o<\/strong> das seguintes institui&ccedil;&otilde;es:<\/p><ul class=\"wp-block-list\"><li>Escola Federal de Farm&aacute;cia;<\/li><li>Escola Federal de Odontologia; e&nbsp;<\/li><li>Escola Federal de Direito.<\/li><\/ul><p>O <strong>Hospital Universit&aacute;rio<\/strong> <strong>Ant&ocirc;nio Pedro (HUAP &ndash; UFF), <\/strong>al&eacute;m de ser um dos hospitais gerenciados pela Empresa Brasileira de Servi&ccedil;os Hospitalares (EBSERH), &eacute; a institui&ccedil;&atilde;o em que os futuros residentes realizar&atilde;o suas atividades.&nbsp;No dia 31 de janeiro aconteceu a <strong>primeira fase do processo seletivo para Resid&ecirc;ncia M&eacute;dica da UFF 2021<\/strong>, a qual foi constitu&iacute;da de uma prova objetiva.<strong> <\/strong>Esse concurso contou com a <strong>inscri&ccedil;&atilde;o de 1848 candidatos<\/strong>. Se voc&ecirc; quer saber mais detalhes sobre este processo seletivo, confira abaixo o que o Estrat&eacute;gia MED separou!<\/p><h2 class=\"wp-block-heading\" id=\"h-cronograma-da-uff-2021\"><span class=\"ez-toc-section\" id=\"Cronograma-da-UFF-2021\"><\/span>Cronograma da UFF 2021<span class=\"ez-toc-section-end\"><\/span><\/h2><ul class=\"wp-block-list\"><li><strong>Per&iacute;odo de Isen&ccedil;&atilde;o: <\/strong>07 e 08\/10\/2020;<\/li><li><strong>Per&iacute;odo de Inscri&ccedil;&otilde;es:<\/strong> 07 a 27\/10\/2020;<\/li><li><strong>Prova Objetiva:<\/strong> 31\/01;<\/li><li><strong>Divulga&ccedil;&atilde;o do Gabarito Preliminar:<\/strong> 01\/02;<\/li><li><strong>Recurso contra o Gabarito:<\/strong> 02\/02;<\/li><li><strong>Resultado Final Preliminar:<\/strong> 09\/02;<\/li><li><strong>Resultado Final Definitivo:<\/strong> 18\/02;<\/li><li><strong>Matr&iacute;culas: <\/strong>23, 24 e 25\/02; e<\/li><li><strong>In&iacute;cio dos Programas:<\/strong> 01\/03.<\/li><\/ul><h2 class=\"wp-block-heading\" id=\"h-edital-uff-2021\"><span class=\"ez-toc-section\" id=\"Edital-UFF-2021\"><\/span>Edital UFF 2021<span class=\"ez-toc-section-end\"><\/span><\/h2><p>O processo seletivo da UFF 2021 divulgou apenas <strong>um edital<\/strong>. Nele o aluno encontra as <strong>datas<\/strong>, <strong>hor&aacute;rios<\/strong>,<strong> detalhes das avalia&ccedil;&otilde;es<\/strong>, quais s&atilde;o as <strong>vagas e especialidades oferecidas<\/strong>, entre muitos outros detalhes que s&atilde;o essenciais para o preparo do aluno. Fa&ccedil;a agora o download do edital e fique por dentro de todas as informa&ccedil;&otilde;es!<\/p><div class=\"wp-block-buttons is-content-justification-center is-layout-flex wp-block-buttons-is-layout-flex\">\n<div class=\"wp-block-button\"><a class=\"wp-block-button__link has-light-green-cyan-to-vivid-green-cyan-gradient-background has-background\" href=\"https:\/\/cdn.medblog.estrategiaeducacional.com.br\/wp-content\/uploads\/2021\/02\/Edital-UFF.pdf\" style=\"border-radius:50px\" target=\"_blank\"><strong>Clique aqui e baixe o Edital da UFF!<\/strong><\/a><\/div>\n<\/div><h2 class=\"wp-block-heading\" id=\"h-provas-uff-2021\"><span class=\"ez-toc-section\" id=\"Provas-UFF-2021\"><\/span>Provas UFF 2021<span class=\"ez-toc-section-end\"><\/span><\/h2><p>Na primeira fase a UFF aplicou provas objetivas e provas discursivas, considerando as especialidades escolhidas pelos candidatos. Se voc&ecirc; quer conferir quais foram as quest&otilde;es ou se j&aacute; est&aacute; estudando para as pr&oacute;ximas provas, baixe agora as provas que o Estrat&eacute;gia MED disponibilizou aqui!<\/p><div class=\"wp-block-buttons is-content-justification-center is-layout-flex wp-block-buttons-is-layout-flex\">\n<div class=\"wp-block-button\"><a class=\"wp-block-button__link has-light-green-cyan-to-vivid-green-cyan-gradient-background has-background\" href=\"https:\/\/cdn.medblog.estrategiaeducacional.com.br\/wp-content\/uploads\/2021\/02\/Provas-Objetivas-UFF.zip\" style=\"border-radius:50px\" target=\"_blank\"><strong>Clique aqui a fa&ccedil;a o download das Provas Objetivas da UFF!<\/strong><\/a><\/div>\n<\/div><div class=\"wp-block-buttons is-content-justification-center is-layout-flex wp-block-buttons-is-layout-flex\">\n<div class=\"wp-block-button\"><a class=\"wp-block-button__link has-light-green-cyan-to-vivid-green-cyan-gradient-background has-background\" href=\"https:\/\/cdn.medblog.estrategiaeducacional.com.br\/wp-content\/uploads\/2021\/02\/Provas-Discursivas-UFF.zip\" style=\"border-radius:50px\" target=\"_blank\"><strong>Clique aqui a fa&ccedil;a o download das Provas Discursivas da UFF!<\/strong><\/a><\/div>\n<\/div><h2 class=\"wp-block-heading\" id=\"h-gabaritos-uff\"><span class=\"ez-toc-section\" id=\"Gabaritos-UFF\"><\/span>Gabaritos UFF<span class=\"ez-toc-section-end\"><\/span><\/h2><p>Se voc&ecirc; quer saber <strong>quantas quest&otilde;es acertou<\/strong> ou <strong>quais delas foram anuladas e alteradas<\/strong> pela interposi&ccedil;&atilde;o dos recursos, confira agora os gabaritos do processo seletivo para Resid&ecirc;ncia M&eacute;dica da UFF 2021 que o Estrat&eacute;gia MED separou aqui!<\/p><div class=\"wp-block-buttons is-content-justification-center is-layout-flex wp-block-buttons-is-layout-flex\">\n<div class=\"wp-block-button\"><a class=\"wp-block-button__link has-light-green-cyan-to-vivid-green-cyan-gradient-background has-background\" href=\"https:\/\/cdn.medblog.estrategiaeducacional.com.br\/wp-content\/uploads\/2021\/02\/Gabaritos-Preliminares-UFF.zip\" style=\"border-radius:50px\" target=\"_blank\"><strong>Clique aqui e baixe os Gabaritos Preliminares da UFF!<\/strong><\/a><\/div>\n<\/div><h2 class=\"wp-block-heading\" id=\"h-resultados\"><span class=\"ez-toc-section\" id=\"Resultados\"><\/span>Resultados<span class=\"ez-toc-section-end\"><\/span><\/h2><p>O <strong>processo seletivo para Resid&ecirc;ncia M&eacute;dica da UFF 2021 ainda est&aacute; acontecendo<\/strong>, por isso, at&eacute; agora, os resultados n&atilde;o foram divulgados. Mas, <strong>fique atento nas postagens do Estrat&eacute;gia MED<\/strong>, iremos atualizar tudo em tempo real!<\/p><p>Agora voc&ecirc; sabe onde pode o conte&uacute;do do processo seletivo da UFF 2021! <strong>Baixe todos esses PDFs de forma gratuita e complemente seus estudos.<\/strong><\/p><p>Aproveite tamb&eacute;m e se cadastre no <strong><a href=\"https:\/\/med.estrategiaeducacional.com.br\/\" target=\"_blank\">Banco de Quest&otilde;es do Estrat&eacute;gia MED<\/a><\/strong>. Essa plataforma de estudo est&aacute; dispon&iacute;vel para celular e desktop. Com ela, seu estudo se tornar&aacute; muito mais eficiente e proveitoso.&nbsp;&nbsp;<\/p><p>Voc&ecirc; encontrar&aacute; <strong>milhares de quest&otilde;es <\/strong>respondidas e comentadas<em>.<\/em> N&atilde;o perca essa oportunidade, venha estudar com o Estrat&eacute;gia MED!<\/p><p><\/p><p><strong><a id=\"cta\" class=\"cta-imagem\" href=\"https:\/\/med.estrategia.com\/cursos\/extensivo-de-residncia-mdica\/\" target=\"blank\">\n                <img decoding=\"async\" width=\"100%\" src=\"https:\/\/med.estrategia.com\/portal\/wp-content\/uploads\/2025\/08\/extensivo_rm.jpg\" alt=\"Extensivo RM\" title=\"extensivo_rm\">\n        <\/a><\/strong><\/p><\/p>\n","protected":false},"excerpt":{"rendered":"Se voc&ecirc; est&aacute; cansado de n&atilde;o saber onde encontrar as provas, editais, gabaritos e resultados dos concursos de&hellip;\n","protected":false},"author":10,"featured_media":3698,"comment_status":"open","ping_status":"open","sticky":false,"template":"","format":"standard","meta":{"wl_entities_gutenberg":"","footnotes":""},"categories":[30],"tags":[],"wl_entity_type":[199],"class_list":{"0":"post-3696","1":"post","2":"type-post","3":"status-publish","4":"format-standard","5":"has-post-thumbnail","7":"category-provas","8":"wl_entity_type-article"},"acf":[],"yoast_head":"<!-- This site is optimized with the Yoast SEO Premium plugin v26.6 (Yoast SEO v26.6) - https:\/\/yoast.com\/wordpress\/plugins\/seo\/ -->\n<title>UFF 2021: Provas e Editais - Estrat\u00e9gia MED<\/title>\n<meta name=\"description\" content=\"Baixe com o Estrat\u00e9gia MED as provas, editais, gabaritos e resultados do processo seletivo para Resid\u00eancia M\u00e9dica da UFF 2021!\" \/>\n<meta name=\"robots\" content=\"index, follow, max-snippet:-1, max-image-preview:large, max-video-preview:-1\" \/>\n<link rel=\"canonical\" href=\"https:\/\/med.estrategia.com\/portal\/residencia-medica\/provas\/uff-provas-e-editais\/\" \/>\n<meta property=\"og:locale\" content=\"pt_BR\" \/>\n<meta property=\"og:type\" content=\"article\" \/>\n<meta property=\"og:title\" content=\"UFF 2021: Provas e Editais\" \/>\n<meta property=\"og:description\" content=\"Baixe com o Estrat\u00e9gia MED as provas, editais, gabaritos e resultados do processo seletivo para Resid\u00eancia M\u00e9dica da UFF 2021!\" \/>\n<meta property=\"og:url\" content=\"https:\/\/med.estrategia.com\/portal\/residencia-medica\/provas\/uff-provas-e-editais\/\" \/>\n<meta property=\"og:site_name\" content=\"Estrat\u00e9gia MED\" \/>\n<meta property=\"article:publisher\" content=\"https:\/\/www.facebook.com\/estrategiamed1\" \/>\n<meta property=\"article:published_time\" content=\"2021-02-07T15:29:34+00:00\" \/>\n<meta property=\"article:modified_time\" content=\"2022-09-05T21:00:04+00:00\" \/>\n<meta property=\"og:image\" content=\"https:\/\/med.estrategia.com\/portal\/wp-content\/uploads\/2021\/02\/Provas-e-Editais-UFF-scaled.jpg\" \/>\n\t<meta property=\"og:image:width\" content=\"2560\" \/>\n\t<meta property=\"og:image:height\" content=\"1707\" \/>\n\t<meta property=\"og:image:type\" content=\"image\/jpeg\" \/>\n<meta name=\"author\" content=\"Beatriz Testa\" \/>\n<meta name=\"twitter:card\" content=\"summary_large_image\" \/>\n<meta name=\"twitter:creator\" content=\"@estrategiamed_\" \/>\n<meta name=\"twitter:site\" content=\"@estrategiamed_\" \/>\n<meta name=\"twitter:label1\" content=\"Escrito por\" \/>\n\t<meta name=\"twitter:data1\" content=\"Beatriz Testa\" \/>\n\t<meta name=\"twitter:label2\" content=\"Est. tempo de leitura\" \/>\n\t<meta name=\"twitter:data2\" content=\"4 minutos\" \/>\n<script type=\"application\/ld+json\" class=\"yoast-schema-graph\">{\"@context\":\"https:\/\/schema.org\",\"@graph\":[{\"@type\":\"WebPage\",\"@id\":\"https:\/\/med.estrategia.com\/portal\/residencia-medica\/provas\/uff-provas-e-editais\/\",\"url\":\"https:\/\/med.estrategia.com\/portal\/residencia-medica\/provas\/uff-provas-e-editais\/\",\"name\":\"UFF 2021: Provas e Editais - Estrat\u00e9gia MED\",\"isPartOf\":{\"@id\":\"https:\/\/med.estrategia.com\/portal\/#website\"},\"primaryImageOfPage\":{\"@id\":\"https:\/\/med.estrategia.com\/portal\/residencia-medica\/provas\/uff-provas-e-editais\/#primaryimage\"},\"image\":{\"@id\":\"https:\/\/med.estrategia.com\/portal\/residencia-medica\/provas\/uff-provas-e-editais\/#primaryimage\"},\"thumbnailUrl\":\"https:\/\/med.estrategia.com\/portal\/wp-content\/uploads\/2021\/02\/Provas-e-Editais-UFF-scaled.jpg\",\"datePublished\":\"2021-02-07T15:29:34+00:00\",\"dateModified\":\"2022-09-05T21:00:04+00:00\",\"author\":{\"@id\":\"https:\/\/med.estrategia.com\/portal\/#\/schema\/person\/b7dbcd5a280cfd98cc9f95fb82338fe3\"},\"description\":\"Baixe com o Estrat\u00e9gia MED as provas, editais, gabaritos e resultados do processo seletivo para Resid\u00eancia M\u00e9dica da UFF 2021!\",\"breadcrumb\":{\"@id\":\"https:\/\/med.estrategia.com\/portal\/residencia-medica\/provas\/uff-provas-e-editais\/#breadcrumb\"},\"inLanguage\":\"pt-BR\",\"potentialAction\":[{\"@type\":\"ReadAction\",\"target\":[\"https:\/\/med.estrategia.com\/portal\/residencia-medica\/provas\/uff-provas-e-editais\/\"]}]},{\"@type\":\"ImageObject\",\"inLanguage\":\"pt-BR\",\"@id\":\"https:\/\/med.estrategia.com\/portal\/residencia-medica\/provas\/uff-provas-e-editais\/#primaryimage\",\"url\":\"https:\/\/med.estrategia.com\/portal\/wp-content\/uploads\/2021\/02\/Provas-e-Editais-UFF-scaled.jpg\",\"contentUrl\":\"https:\/\/med.estrategia.com\/portal\/wp-content\/uploads\/2021\/02\/Provas-e-Editais-UFF-scaled.jpg\",\"width\":2560,\"height\":1707,\"caption\":\"UFF 2021: Provas e Editais\"},{\"@type\":\"BreadcrumbList\",\"@id\":\"https:\/\/med.estrategia.com\/portal\/residencia-medica\/provas\/uff-provas-e-editais\/#breadcrumb\",\"itemListElement\":[{\"@type\":\"ListItem\",\"position\":1,\"name\":\"Home\",\"item\":\"https:\/\/med.estrategia.com\/portal\/\"},{\"@type\":\"ListItem\",\"position\":2,\"name\":\"Resid\u00eancia M\u00e9dica\",\"item\":\"https:\/\/med.estrategia.com\/portal\/residencia-medica\/\"},{\"@type\":\"ListItem\",\"position\":3,\"name\":\"Provas\",\"item\":\"https:\/\/med.estrategia.com\/portal\/residencia-medica\/provas\/\"},{\"@type\":\"ListItem\",\"position\":4,\"name\":\"UFF 2021: Provas e Editais\"}]},{\"@type\":\"WebSite\",\"@id\":\"https:\/\/med.estrategia.com\/portal\/#website\",\"url\":\"https:\/\/med.estrategia.com\/portal\/\",\"name\":\"Estrat\u00e9gia MED\",\"description\":\"\",\"potentialAction\":[{\"@type\":\"SearchAction\",\"target\":{\"@type\":\"EntryPoint\",\"urlTemplate\":\"https:\/\/med.estrategia.com\/portal\/?s={search_term_string}\"},\"query-input\":{\"@type\":\"PropertyValueSpecification\",\"valueRequired\":true,\"valueName\":\"search_term_string\"}}],\"inLanguage\":\"pt-BR\"},{\"@type\":\"Person\",\"@id\":\"https:\/\/med.estrategia.com\/portal\/#\/schema\/person\/b7dbcd5a280cfd98cc9f95fb82338fe3\",\"name\":\"Beatriz Testa\",\"image\":{\"@type\":\"ImageObject\",\"inLanguage\":\"pt-BR\",\"@id\":\"https:\/\/med.estrategia.com\/portal\/#\/schema\/person\/image\/\",\"url\":\"https:\/\/secure.gravatar.com\/avatar\/e87f00de46242bcd24922a3678dae2b5?s=96&d=mm&r=g\",\"contentUrl\":\"https:\/\/secure.gravatar.com\/avatar\/e87f00de46242bcd24922a3678dae2b5?s=96&d=mm&r=g\",\"caption\":\"Beatriz Testa\"},\"description\":\"Beatriz, a santista que cursa jornalismo na grande S\u00e3o Paulo. Amo dan\u00e7ar e ler, mas minha grande paix\u00e3o \u00e9 a escrita. Quando n\u00e3o consigo me expressar na fala, \u00e9 a\u00ed escrita entra em cena.\",\"url\":\"https:\/\/med.estrategia.com\/portal\/author\/beatriz-testa\/\"}]}<\/script>\n<!-- \/ Yoast SEO Premium plugin. -->","yoast_head_json":{"title":"UFF 2021: Provas e Editais - Estrat\u00e9gia MED","description":"Baixe com o Estrat\u00e9gia MED as provas, editais, gabaritos e resultados do processo seletivo para Resid\u00eancia M\u00e9dica da UFF 2021!","robots":{"index":"index","follow":"follow","max-snippet":"max-snippet:-1","max-image-preview":"max-image-preview:large","max-video-preview":"max-video-preview:-1"},"canonical":"https:\/\/med.estrategia.com\/portal\/residencia-medica\/provas\/uff-provas-e-editais\/","og_locale":"pt_BR","og_type":"article","og_title":"UFF 2021: Provas e Editais","og_description":"Baixe com o Estrat\u00e9gia MED as provas, editais, gabaritos e resultados do processo seletivo para Resid\u00eancia M\u00e9dica da UFF 2021!","og_url":"https:\/\/med.estrategia.com\/portal\/residencia-medica\/provas\/uff-provas-e-editais\/","og_site_name":"Estrat\u00e9gia MED","article_publisher":"https:\/\/www.facebook.com\/estrategiamed1","article_published_time":"2021-02-07T15:29:34+00:00","article_modified_time":"2022-09-05T21:00:04+00:00","og_image":[{"width":2560,"height":1707,"url":"https:\/\/med.estrategia.com\/portal\/wp-content\/uploads\/2021\/02\/Provas-e-Editais-UFF-scaled.jpg","type":"image\/jpeg"}],"author":"Beatriz Testa","twitter_card":"summary_large_image","twitter_creator":"@estrategiamed_","twitter_site":"@estrategiamed_","twitter_misc":{"Escrito por":"Beatriz Testa","Est. tempo de leitura":"4 minutos"},"schema":{"@context":"https:\/\/schema.org","@graph":[{"@type":"WebPage","@id":"https:\/\/med.estrategia.com\/portal\/residencia-medica\/provas\/uff-provas-e-editais\/","url":"https:\/\/med.estrategia.com\/portal\/residencia-medica\/provas\/uff-provas-e-editais\/","name":"UFF 2021: Provas e Editais - Estrat\u00e9gia MED","isPartOf":{"@id":"https:\/\/med.estrategia.com\/portal\/#website"},"primaryImageOfPage":{"@id":"https:\/\/med.estrategia.com\/portal\/residencia-medica\/provas\/uff-provas-e-editais\/#primaryimage"},"image":{"@id":"https:\/\/med.estrategia.com\/portal\/residencia-medica\/provas\/uff-provas-e-editais\/#primaryimage"},"thumbnailUrl":"https:\/\/med.estrategia.com\/portal\/wp-content\/uploads\/2021\/02\/Provas-e-Editais-UFF-scaled.jpg","datePublished":"2021-02-07T15:29:34+00:00","dateModified":"2022-09-05T21:00:04+00:00","author":{"@id":"https:\/\/med.estrategia.com\/portal\/#\/schema\/person\/b7dbcd5a280cfd98cc9f95fb82338fe3"},"description":"Baixe com o Estrat\u00e9gia MED as provas, editais, gabaritos e resultados do processo seletivo para Resid\u00eancia M\u00e9dica da UFF 2021!","breadcrumb":{"@id":"https:\/\/med.estrategia.com\/portal\/residencia-medica\/provas\/uff-provas-e-editais\/#breadcrumb"},"inLanguage":"pt-BR","potentialAction":[{"@type":"ReadAction","target":["https:\/\/med.estrategia.com\/portal\/residencia-medica\/provas\/uff-provas-e-editais\/"]}]},{"@type":"ImageObject","inLanguage":"pt-BR","@id":"https:\/\/med.estrategia.com\/portal\/residencia-medica\/provas\/uff-provas-e-editais\/#primaryimage","url":"https:\/\/med.estrategia.com\/portal\/wp-content\/uploads\/2021\/02\/Provas-e-Editais-UFF-scaled.jpg","contentUrl":"https:\/\/med.estrategia.com\/portal\/wp-content\/uploads\/2021\/02\/Provas-e-Editais-UFF-scaled.jpg","width":2560,"height":1707,"caption":"UFF 2021: Provas e Editais"},{"@type":"BreadcrumbList","@id":"https:\/\/med.estrategia.com\/portal\/residencia-medica\/provas\/uff-provas-e-editais\/#breadcrumb","itemListElement":[{"@type":"ListItem","position":1,"name":"Home","item":"https:\/\/med.estrategia.com\/portal\/"},{"@type":"ListItem","position":2,"name":"Resid\u00eancia M\u00e9dica","item":"https:\/\/med.estrategia.com\/portal\/residencia-medica\/"},{"@type":"ListItem","position":3,"name":"Provas","item":"https:\/\/med.estrategia.com\/portal\/residencia-medica\/provas\/"},{"@type":"ListItem","position":4,"name":"UFF 2021: Provas e Editais"}]},{"@type":"WebSite","@id":"https:\/\/med.estrategia.com\/portal\/#website","url":"https:\/\/med.estrategia.com\/portal\/","name":"Estrat\u00e9gia MED","description":"","potentialAction":[{"@type":"SearchAction","target":{"@type":"EntryPoint","urlTemplate":"https:\/\/med.estrategia.com\/portal\/?s={search_term_string}"},"query-input":{"@type":"PropertyValueSpecification","valueRequired":true,"valueName":"search_term_string"}}],"inLanguage":"pt-BR"},{"@type":"Person","@id":"https:\/\/med.estrategia.com\/portal\/#\/schema\/person\/b7dbcd5a280cfd98cc9f95fb82338fe3","name":"Beatriz Testa","image":{"@type":"ImageObject","inLanguage":"pt-BR","@id":"https:\/\/med.estrategia.com\/portal\/#\/schema\/person\/image\/","url":"https:\/\/secure.gravatar.com\/avatar\/e87f00de46242bcd24922a3678dae2b5?s=96&d=mm&r=g","contentUrl":"https:\/\/secure.gravatar.com\/avatar\/e87f00de46242bcd24922a3678dae2b5?s=96&d=mm&r=g","caption":"Beatriz Testa"},"description":"Beatriz, a santista que cursa jornalismo na grande S\u00e3o Paulo. Amo dan\u00e7ar e ler, mas minha grande paix\u00e3o \u00e9 a escrita. Quando n\u00e3o consigo me expressar na fala, \u00e9 a\u00ed escrita entra em cena.","url":"https:\/\/med.estrategia.com\/portal\/author\/beatriz-testa\/"}]}},"_wl_alt_label":[],"wl:entity_url":"\/post\/uff-provas-e-editais","_links":{"self":[{"href":"https:\/\/med.estrategia.com\/portal\/wp-json\/wp\/v2\/posts\/3696","targetHints":{"allow":["GET"]}}],"collection":[{"href":"https:\/\/med.estrategia.com\/portal\/wp-json\/wp\/v2\/posts"}],"about":[{"href":"https:\/\/med.estrategia.com\/portal\/wp-json\/wp\/v2\/types\/post"}],"author":[{"embeddable":true,"href":"https:\/\/med.estrategia.com\/portal\/wp-json\/wp\/v2\/users\/10"}],"replies":[{"embeddable":true,"href":"https:\/\/med.estrategia.com\/portal\/wp-json\/wp\/v2\/comments?post=3696"}],"version-history":[{"count":5,"href":"https:\/\/med.estrategia.com\/portal\/wp-json\/wp\/v2\/posts\/3696\/revisions"}],"predecessor-version":[{"id":25134,"href":"https:\/\/med.estrategia.com\/portal\/wp-json\/wp\/v2\/posts\/3696\/revisions\/25134"}],"wp:featuredmedia":[{"embeddable":true,"href":"https:\/\/med.estrategia.com\/portal\/wp-json\/wp\/v2\/media\/3698"}],"wp:attachment":[{"href":"https:\/\/med.estrategia.com\/portal\/wp-json\/wp\/v2\/media?parent=3696"}],"wp:term":[{"taxonomy":"category","embeddable":true,"href":"https:\/\/med.estrategia.com\/portal\/wp-json\/wp\/v2\/categories?post=3696"},{"taxonomy":"post_tag","embeddable":true,"href":"https:\/\/med.estrategia.com\/portal\/wp-json\/wp\/v2\/tags?post=3696"},{"taxonomy":"wl_entity_type","embeddable":true,"href":"https:\/\/med.estrategia.com\/portal\/wp-json\/wp\/v2\/wl_entity_type?post=3696"}],"curies":[{"name":"wp","href":"https:\/\/api.w.org\/{rel}","templated":true}]}}