{"id":37059,"date":"2023-03-09T05:41:20","date_gmt":"2023-03-09T08:41:20","guid":{"rendered":"https:\/\/med.estrategia.com\/portal\/?p=37059"},"modified":"2023-03-29T13:26:29","modified_gmt":"2023-03-29T16:26:29","slug":"inep-adia-divulgacao-do-resultado-do-revalida-2022-2","status":"publish","type":"post","link":"https:\/\/med.estrategia.com\/portal\/noticias\/inep-adia-divulgacao-do-resultado-do-revalida-2022-2\/","title":{"rendered":"Resultado definitivo do Revalida 2022\/2 tem nova data"},"content":{"rendered":"<p>O Instituto Nacional de Estudos e Pesquisas em Educa&ccedil;&atilde;o, Inep, publicou uma<strong> nova retifica&ccedil;&atilde;o sobre o calend&aacute;rio<\/strong> da segunda edi&ccedil;&atilde;o de 2022 do <a class=\"wl-entity-page-link\" title=\"Exame Nacional de Revalida&ccedil;&atilde;o de Diplomas M&eacute;dicos\" href=\"https:\/\/med.estrategia.com\/portal\/entidade\/revalida\/\" data-id=\"\/entity\/revalida;https:\/\/pt.wikipedia.org\/wiki\/Exame_Nacional_de_Revalida&ccedil;&atilde;o_de_Diplomas_M&eacute;dicos;https:\/\/www.wikidata.org\/wiki\/Q256698;https:\/\/data.wordlift.io\/wl106637\/entity\/revalida-18038\">Revalida<\/a>. <p>Nessa retifica&ccedil;&atilde;o, as datas de divulga&ccedil;&atilde;o da <strong>an&aacute;lise de recursos<\/strong> interpostos, assim como o<strong> resultado<\/strong> <strong>final <\/strong>da segunda edi&ccedil;&atilde;o de 2022 do Revalida, passaram de hoje (16) para o<strong> dia 24 de mar&ccedil;o<\/strong>.<\/p><p>Por causa dessas altera&ccedil;&otilde;es, o processo de<strong> escolha da institui&ccedil;&atilde;o revalidadora<\/strong> dos diplomas dos aprovados tamb&eacute;m teve seu calend&aacute;rio alterado. Assim, o sistema ser&aacute; aberto para os candidatos <strong>a partir de segunda-feira, dia 27<\/strong>.<\/p><p> As demais disposi&ccedil;&otilde;es do edital regulador do exame ser&atilde;o mantidas. Confira o documento na &iacute;ntegra:<\/p><div class=\"wp-block-buttons is-content-justification-center is-layout-flex wp-container-core-buttons-is-layout-1 wp-block-buttons-is-layout-flex\">\n<div class=\"wp-block-button\"><a class=\"wp-block-button__link wp-element-button\" href=\"https:\/\/med.estrategia.com\/portal\/wp-content\/uploads\/2023\/03\/RETIFICACAO-RETIFICACAO-DOU-Imprensa-Nacional-1.pdf\" target=\"_blank\">2&ordf; RETIFICA&Ccedil;&Atilde;O DO EDITAL &ndash; REVALIDA 2022\/2<\/a><\/div>\n<\/div><p>\n\n\n<div id=\"new-form\">\n\t<form id=\"forms_layout\">\n\t<input type=\"hidden\" id=\"chave_de\" name=\"chave_de\" value=\"01_EMED_LEADS_TOTAIS\" \/>\n\t\t<input type=\"hidden\" id=\"mid\" name=\"mid\" value=\"515009018\" \/>\n\t\t<input type=\"hidden\" id=\"Objetivo\" name=\"Objetivo\" value=\"Medicina\" \/>\n\t\t<input type=\"hidden\" id=\"Estado_de_Origem_do_IP\" name=\"Estado_de_Origem_do_IP\"  value=\"\" \/>\n\t\t<input type=\"hidden\" id=\"Cidade_de_Origem_do_IP\" name=\"Cidade_de_Origem_do_IP\" value=\"\" \/>\n\t\t<input type=\"hidden\" id=\"Modo_de_entrada\" name=\"Modo_de_entrada\" value=\"Portal\" \/>\n\t\t<input type=\"hidden\" id=\"Pagina_Origem\" name=\"Pagina_Origem\" value=\"\" \/>\n\n\t\t<div class=\"texto\">\n\t\t\t<h3 class=\"news\">Inscreva-se em nossa newsletter!<\/h3>\n\t\t\t<p>Receba not\u00edcias sobre resid\u00eancia m\u00e9dica, revalida\u00e7\u00e3o de diplomas e concursos m\u00e9dicos, al\u00e9m de materiais de estudo gratuitos e informa\u00e7\u00f5es relevantes do mundo da Medicina.<\/p>\n\t\t<\/div>\n\t\t<div class=\"campos\">\n\t\t\t<div class=\"first_name labels\">\n\t\t\t\t<input type=\"text\" class=\"input_labels\" id=\"first_name\" name=\"Nome_Completo\" placeholder=\"Nome\" required \/>\n\t\t\t<\/div>\n\t\t\t<div class=\"email labels\">\n\t\t\t\t<input type=\"email\" class=\"input_labels\" id=\"email\" name=\"Email\" placeholder=\"E-mail\" required \/>\n\t\t\t<\/div>\n\t\t\t<button type=\"submit\" class=\"button_layout\">\n\t\t\t\t<div id=\"lblBotao\">Inscreva-se<\/div>\n\t\t\t\t<span id=\"divSpiner\" class=\"loader\" role=\"status\" style=\"display: none;\"><\/span>\t\n\t\t\t<\/button>\n\t\t<\/div><!-- \/campos -->\n\t\t\n\t\t<label class=\"container_checkbox\">Voc\u00ea concorda com a nossa\n\t\t\t<a class=\"politics_privacy_ahref\" target=\"_blank\" href=\"https:\/\/gratis.estrategiaconcursos.com.br\/politica-de-privacidade\/\">Pol\u00edtica de Privacidade<\/a> e aceita receber informa\u00e7\u00f5es adicionais do Estrat\u00e9gia Educacional.\n\t\t\t<input id=\"checkbox_layout\" type=\"checkbox\" checked=\"checked\" required \/>\n\t\t\t<span class=\"checkbox\"><\/span>\n\t\t<\/label>\n\t\t<div id=\"msg\"><\/div>\n\t\t<div id=\"error\" class=\"error\">\n\t\t<\/div>\n\t<\/form>\n<\/div><!-- \/new-form -->\n\n\n\n<\/p><div id=\"ez-toc-container\" class=\"ez-toc-v2_0_79_2 counter-hierarchy ez-toc-counter ez-toc-transparent ez-toc-container-direction\">\n<div class=\"ez-toc-title-container\"><p class=\"ez-toc-title\" style=\"cursor:inherit\">Navegue pelo conte\u00fado<\/p>\n<\/div><nav><ul class='ez-toc-list ez-toc-list-level-1 ' ><li class='ez-toc-page-1 ez-toc-heading-level-2'><a class=\"ez-toc-link ez-toc-heading-1\" href=\"https:\/\/med.estrategia.com\/portal\/noticias\/inep-adia-divulgacao-do-resultado-do-revalida-2022-2\/#1a-Alteracao-de-data\" >1&ordf; Altera&ccedil;&atilde;o de data<\/a><\/li><li class='ez-toc-page-1 ez-toc-heading-level-2'><a class=\"ez-toc-link ez-toc-heading-2\" href=\"https:\/\/med.estrategia.com\/portal\/noticias\/inep-adia-divulgacao-do-resultado-do-revalida-2022-2\/#Revalida-20222\" >Revalida 2022\/2<\/a><\/li><li class='ez-toc-page-1 ez-toc-heading-level-2'><a class=\"ez-toc-link ez-toc-heading-3\" href=\"https:\/\/med.estrategia.com\/portal\/noticias\/inep-adia-divulgacao-do-resultado-do-revalida-2022-2\/#O-que-e-o-Revalida-Inep\" >O que &eacute; o Revalida Inep<\/a><\/li><\/ul><\/nav><\/div>\n<h2 class=\"wp-block-heading\"><span class=\"ez-toc-section\" id=\"1a-Alteracao-de-data\"><\/span>1&ordf; Altera&ccedil;&atilde;o de data<span class=\"ez-toc-section-end\"><\/span><\/h2><p>No dia 9 de mar&ccedil;o, o Instituto Nacional de Estudos e Pesquisas em Educa&ccedil;&atilde;o, Inep, j&aacute; havia alterado o mesmo t&oacute;pico do edital do Revalida 2022\/2. <\/p><p>Nessa retifica&ccedil;&atilde;o, as datas de divulga&ccedil;&atilde;o da an&aacute;lise de recursos interpostos, assim como o resultado da segunda edi&ccedil;&atilde;o de 2022 do Revalida, passaram do dia 9 para o<strong> dia 16 de mar&ccedil;o<\/strong>.<\/p><p>J&aacute; o in&iacute;cio da escolha da institui&ccedil;&atilde;o revalidadora estava previsto para o <strong>dia 17<\/strong>. Confira a 1&ordf; retifica&ccedil;&atilde;o na &iacute;ntegra: <\/p><div class=\"wp-block-buttons is-content-justification-center is-layout-flex wp-container-core-buttons-is-layout-2 wp-block-buttons-is-layout-flex\">\n<div class=\"wp-block-button\"><a class=\"wp-block-button__link wp-element-button\" href=\"https:\/\/med.estrategia.com\/portal\/wp-content\/uploads\/2023\/03\/RETIFICACAO-RETIFICACAO-DOU-Imprensa-Nacional.pdf\" target=\"_blank\">1&ordf; RETIFICA&Ccedil;&Atilde;O DO EDITAL &ndash; REVALIDA 2022\/2<\/a><\/div>\n<\/div><h2 class=\"wp-block-heading\" id=\"h-revalida-2022-2\"><span class=\"ez-toc-section\" id=\"Revalida-20222\"><\/span>Revalida 2022\/2<span class=\"ez-toc-section-end\"><\/span><\/h2><p>A segunda edi&ccedil;&atilde;o de 2022 do Revalida Inep contou com <strong>7.583 inscritos<\/strong> na <strong>1&ordf; etapa<\/strong>, composta da Prova objetiva e Discursiva. J&aacute; a <strong>2&ordf; etapa <\/strong>do exame, Prova Pr&aacute;tica, contou com <strong>1.964 candidatos<\/strong>. <\/p><p>A nota de corte da 2&ordf; etapa da edi&ccedil;&atilde;o 2022\/2 do Revalida apresentou relativa altera&ccedil;&atilde;o em rela&ccedil;&atilde;o &agrave; edi&ccedil;&atilde;o anterior, de <strong>2,025 pontos<\/strong>. Por isso, a nova nota de corte tem sido alvo de cr&iacute;tica por parte dos candidatos. <\/p><h2 class=\"wp-block-heading\"><span class=\"ez-toc-section\" id=\"O-que-e-o-Revalida-Inep\"><\/span>O que &eacute; o Revalida Inep<span class=\"ez-toc-section-end\"><\/span><\/h2><p>O Revalida &eacute; o exame de revalida&ccedil;&atilde;o de diplomas de medicina expedidos no exterior realizado pelo Inep. Com foco na avalia&ccedil;&atilde;o do profissional, o Revalida foi institu&iacute;do pela Lei n.&ordm; 13.959\/2019 e fundamentado pela aplica&ccedil;&atilde;o de provas de certifica&ccedil;&atilde;o de compet&ecirc;ncias.<\/p><p><\/p><p>\n\n\n\n\n\n<a id=\"cta\" class=\"cta-imagem\" href=\"https:\/\/med.estrategia.com\/curso\/banco-de-questes-resumos-estrategicos-anual\/\" target=\"blank\">\n                <img decoding=\"async\" width=\"100%\" src=\"https:\/\/med.estrategia.com\/portal\/wp-content\/uploads\/2025\/08\/banco_questoes.png\" alt=\"banco_questoes\" title=\"banco_questoes\">\n        <\/a>\n\n\n\n<\/p><p><\/p><p><\/p><\/p>\n","protected":false},"excerpt":{"rendered":"Inep retifica parte do calend\u00e1rio do edital e resultados previstos para hoje (16) devem ser publicados na pr\u00f3xima semana\n","protected":false},"author":28,"featured_media":21008,"comment_status":"closed","ping_status":"closed","sticky":false,"template":"","format":"standard","meta":{"wl_entities_gutenberg":"","footnotes":""},"categories":[300],"tags":[],"wl_entity_type":[199],"class_list":{"0":"post-37059","1":"post","2":"type-post","3":"status-publish","4":"format-standard","5":"has-post-thumbnail","7":"category-noticias","8":"wl_entity_type-article"},"acf":[],"yoast_head":"<!-- This site is optimized with the Yoast SEO Premium plugin v26.6 (Yoast SEO v26.6) - https:\/\/yoast.com\/wordpress\/plugins\/seo\/ -->\n<title>Resultado definitivo do Revalida 2022\/2 tem nova data<\/title>\n<meta name=\"description\" content=\"Revalida Inep 2022\/2 teve seu calend\u00e1rio novamente alterado, segundo retifica\u00e7\u00e3o publicada no DOU desta quinta-feira (16).\" \/>\n<meta name=\"robots\" content=\"index, follow, max-snippet:-1, max-image-preview:large, max-video-preview:-1\" \/>\n<link rel=\"canonical\" href=\"https:\/\/med.estrategia.com\/portal\/noticias\/inep-adia-divulgacao-do-resultado-do-revalida-2022-2\/\" \/>\n<meta property=\"og:locale\" content=\"pt_BR\" \/>\n<meta property=\"og:type\" content=\"article\" \/>\n<meta property=\"og:title\" content=\"Resultado definitivo do Revalida 2022\/2 tem nova data\" \/>\n<meta property=\"og:description\" content=\"Revalida Inep 2022\/2 teve seu calend\u00e1rio novamente alterado, segundo retifica\u00e7\u00e3o publicada no DOU desta quinta-feira (16).\" \/>\n<meta property=\"og:url\" content=\"https:\/\/med.estrategia.com\/portal\/noticias\/inep-adia-divulgacao-do-resultado-do-revalida-2022-2\/\" \/>\n<meta property=\"og:site_name\" content=\"Estrat\u00e9gia MED\" \/>\n<meta property=\"article:publisher\" content=\"https:\/\/www.facebook.com\/estrategiamed1\" \/>\n<meta property=\"article:published_time\" content=\"2023-03-09T08:41:20+00:00\" \/>\n<meta property=\"article:modified_time\" content=\"2023-03-29T16:26:29+00:00\" \/>\n<meta property=\"og:image\" content=\"https:\/\/cdn.medblog.estrategiaeducacional.com.br\/wp-content\/uploads\/2022\/06\/coverWP_publica_bgfoto_logo.jpg\" \/>\n\t<meta property=\"og:image:width\" content=\"1200\" \/>\n\t<meta property=\"og:image:height\" content=\"800\" \/>\n\t<meta property=\"og:image:type\" content=\"image\/jpeg\" \/>\n<meta name=\"author\" content=\"Mara Rodrigues\" \/>\n<meta name=\"twitter:card\" content=\"summary_large_image\" \/>\n<meta name=\"twitter:creator\" content=\"@estrategiamed_\" \/>\n<meta name=\"twitter:site\" content=\"@estrategiamed_\" \/>\n<meta name=\"twitter:label1\" content=\"Escrito por\" \/>\n\t<meta name=\"twitter:data1\" content=\"Mara Rodrigues\" \/>\n\t<meta name=\"twitter:label2\" content=\"Est. tempo de leitura\" \/>\n\t<meta name=\"twitter:data2\" content=\"2 minutos\" \/>\n<script type=\"application\/ld+json\" class=\"yoast-schema-graph\">{\"@context\":\"https:\/\/schema.org\",\"@graph\":[{\"@type\":\"WebPage\",\"@id\":\"https:\/\/med.estrategia.com\/portal\/noticias\/inep-adia-divulgacao-do-resultado-do-revalida-2022-2\/\",\"url\":\"https:\/\/med.estrategia.com\/portal\/noticias\/inep-adia-divulgacao-do-resultado-do-revalida-2022-2\/\",\"name\":\"Resultado definitivo do Revalida 2022\/2 tem nova data\",\"isPartOf\":{\"@id\":\"https:\/\/med.estrategia.com\/portal\/#website\"},\"primaryImageOfPage\":{\"@id\":\"https:\/\/med.estrategia.com\/portal\/noticias\/inep-adia-divulgacao-do-resultado-do-revalida-2022-2\/#primaryimage\"},\"image\":{\"@id\":\"https:\/\/med.estrategia.com\/portal\/noticias\/inep-adia-divulgacao-do-resultado-do-revalida-2022-2\/#primaryimage\"},\"thumbnailUrl\":\"https:\/\/med.estrategia.com\/portal\/wp-content\/uploads\/2022\/06\/coverWP_publica_bgfoto_logo.jpg\",\"datePublished\":\"2023-03-09T08:41:20+00:00\",\"dateModified\":\"2023-03-29T16:26:29+00:00\",\"author\":{\"@id\":\"https:\/\/med.estrategia.com\/portal\/#\/schema\/person\/470bd4c35f40db00b82b142e61897777\"},\"description\":\"Revalida Inep 2022\/2 teve seu calend\u00e1rio novamente alterado, segundo retifica\u00e7\u00e3o publicada no DOU desta quinta-feira (16).\",\"breadcrumb\":{\"@id\":\"https:\/\/med.estrategia.com\/portal\/noticias\/inep-adia-divulgacao-do-resultado-do-revalida-2022-2\/#breadcrumb\"},\"inLanguage\":\"pt-BR\",\"potentialAction\":[{\"@type\":\"ReadAction\",\"target\":[\"https:\/\/med.estrategia.com\/portal\/noticias\/inep-adia-divulgacao-do-resultado-do-revalida-2022-2\/\"]}]},{\"@type\":\"ImageObject\",\"inLanguage\":\"pt-BR\",\"@id\":\"https:\/\/med.estrategia.com\/portal\/noticias\/inep-adia-divulgacao-do-resultado-do-revalida-2022-2\/#primaryimage\",\"url\":\"https:\/\/med.estrategia.com\/portal\/wp-content\/uploads\/2022\/06\/coverWP_publica_bgfoto_logo.jpg\",\"contentUrl\":\"https:\/\/med.estrategia.com\/portal\/wp-content\/uploads\/2022\/06\/coverWP_publica_bgfoto_logo.jpg\",\"width\":1200,\"height\":800,\"caption\":\"Cr\u00e9ditos: Divulga\u00e7\u00e3o Inep\/Estrat\u00e9gia MED\"},{\"@type\":\"BreadcrumbList\",\"@id\":\"https:\/\/med.estrategia.com\/portal\/noticias\/inep-adia-divulgacao-do-resultado-do-revalida-2022-2\/#breadcrumb\",\"itemListElement\":[{\"@type\":\"ListItem\",\"position\":1,\"name\":\"Home\",\"item\":\"https:\/\/med.estrategia.com\/portal\/\"},{\"@type\":\"ListItem\",\"position\":2,\"name\":\"Not\u00edcias\",\"item\":\"https:\/\/med.estrategia.com\/portal\/noticias\/\"},{\"@type\":\"ListItem\",\"position\":3,\"name\":\"Resultado definitivo do Revalida 2022\/2 tem nova data\"}]},{\"@type\":\"WebSite\",\"@id\":\"https:\/\/med.estrategia.com\/portal\/#website\",\"url\":\"https:\/\/med.estrategia.com\/portal\/\",\"name\":\"Estrat\u00e9gia MED\",\"description\":\"\",\"potentialAction\":[{\"@type\":\"SearchAction\",\"target\":{\"@type\":\"EntryPoint\",\"urlTemplate\":\"https:\/\/med.estrategia.com\/portal\/?s={search_term_string}\"},\"query-input\":{\"@type\":\"PropertyValueSpecification\",\"valueRequired\":true,\"valueName\":\"search_term_string\"}}],\"inLanguage\":\"pt-BR\"},{\"@type\":\"Person\",\"@id\":\"https:\/\/med.estrategia.com\/portal\/#\/schema\/person\/470bd4c35f40db00b82b142e61897777\",\"name\":\"Mara Rodrigues\",\"image\":{\"@type\":\"ImageObject\",\"inLanguage\":\"pt-BR\",\"@id\":\"https:\/\/med.estrategia.com\/portal\/#\/schema\/person\/image\/\",\"url\":\"https:\/\/secure.gravatar.com\/avatar\/1a6bd78dce825b7052223bd3cf65790d?s=96&d=mm&r=g\",\"contentUrl\":\"https:\/\/secure.gravatar.com\/avatar\/1a6bd78dce825b7052223bd3cf65790d?s=96&d=mm&r=g\",\"caption\":\"Mara Rodrigues\"},\"description\":\"Cientista Social e Mestre em Filosofia (Estudos Culturais). Pesquisadora dos temas Sa\u00fade e Meio Ambiente, Ci\u00eancias Sociais e Sa\u00fade, Educa\u00e7\u00e3o M\u00e9dica e Pol\u00edticas P\u00fablicas em Sa\u00fade.\",\"sameAs\":[\"https:\/\/www.linkedin.com\/in\/jocimara\/\"],\"url\":\"https:\/\/med.estrategia.com\/portal\/author\/jocimara-souza\/\"}]}<\/script>\n<!-- \/ Yoast SEO Premium plugin. -->","yoast_head_json":{"title":"Resultado definitivo do Revalida 2022\/2 tem nova data","description":"Revalida Inep 2022\/2 teve seu calend\u00e1rio novamente alterado, segundo retifica\u00e7\u00e3o publicada no DOU desta quinta-feira (16).","robots":{"index":"index","follow":"follow","max-snippet":"max-snippet:-1","max-image-preview":"max-image-preview:large","max-video-preview":"max-video-preview:-1"},"canonical":"https:\/\/med.estrategia.com\/portal\/noticias\/inep-adia-divulgacao-do-resultado-do-revalida-2022-2\/","og_locale":"pt_BR","og_type":"article","og_title":"Resultado definitivo do Revalida 2022\/2 tem nova data","og_description":"Revalida Inep 2022\/2 teve seu calend\u00e1rio novamente alterado, segundo retifica\u00e7\u00e3o publicada no DOU desta quinta-feira (16).","og_url":"https:\/\/med.estrategia.com\/portal\/noticias\/inep-adia-divulgacao-do-resultado-do-revalida-2022-2\/","og_site_name":"Estrat\u00e9gia MED","article_publisher":"https:\/\/www.facebook.com\/estrategiamed1","article_published_time":"2023-03-09T08:41:20+00:00","article_modified_time":"2023-03-29T16:26:29+00:00","og_image":[{"width":1200,"height":800,"url":"https:\/\/cdn.medblog.estrategiaeducacional.com.br\/wp-content\/uploads\/2022\/06\/coverWP_publica_bgfoto_logo.jpg","type":"image\/jpeg"}],"author":"Mara Rodrigues","twitter_card":"summary_large_image","twitter_creator":"@estrategiamed_","twitter_site":"@estrategiamed_","twitter_misc":{"Escrito por":"Mara Rodrigues","Est. tempo de leitura":"2 minutos"},"schema":{"@context":"https:\/\/schema.org","@graph":[{"@type":"WebPage","@id":"https:\/\/med.estrategia.com\/portal\/noticias\/inep-adia-divulgacao-do-resultado-do-revalida-2022-2\/","url":"https:\/\/med.estrategia.com\/portal\/noticias\/inep-adia-divulgacao-do-resultado-do-revalida-2022-2\/","name":"Resultado definitivo do Revalida 2022\/2 tem nova data","isPartOf":{"@id":"https:\/\/med.estrategia.com\/portal\/#website"},"primaryImageOfPage":{"@id":"https:\/\/med.estrategia.com\/portal\/noticias\/inep-adia-divulgacao-do-resultado-do-revalida-2022-2\/#primaryimage"},"image":{"@id":"https:\/\/med.estrategia.com\/portal\/noticias\/inep-adia-divulgacao-do-resultado-do-revalida-2022-2\/#primaryimage"},"thumbnailUrl":"https:\/\/med.estrategia.com\/portal\/wp-content\/uploads\/2022\/06\/coverWP_publica_bgfoto_logo.jpg","datePublished":"2023-03-09T08:41:20+00:00","dateModified":"2023-03-29T16:26:29+00:00","author":{"@id":"https:\/\/med.estrategia.com\/portal\/#\/schema\/person\/470bd4c35f40db00b82b142e61897777"},"description":"Revalida Inep 2022\/2 teve seu calend\u00e1rio novamente alterado, segundo retifica\u00e7\u00e3o publicada no DOU desta quinta-feira (16).","breadcrumb":{"@id":"https:\/\/med.estrategia.com\/portal\/noticias\/inep-adia-divulgacao-do-resultado-do-revalida-2022-2\/#breadcrumb"},"inLanguage":"pt-BR","potentialAction":[{"@type":"ReadAction","target":["https:\/\/med.estrategia.com\/portal\/noticias\/inep-adia-divulgacao-do-resultado-do-revalida-2022-2\/"]}]},{"@type":"ImageObject","inLanguage":"pt-BR","@id":"https:\/\/med.estrategia.com\/portal\/noticias\/inep-adia-divulgacao-do-resultado-do-revalida-2022-2\/#primaryimage","url":"https:\/\/med.estrategia.com\/portal\/wp-content\/uploads\/2022\/06\/coverWP_publica_bgfoto_logo.jpg","contentUrl":"https:\/\/med.estrategia.com\/portal\/wp-content\/uploads\/2022\/06\/coverWP_publica_bgfoto_logo.jpg","width":1200,"height":800,"caption":"Cr\u00e9ditos: Divulga\u00e7\u00e3o Inep\/Estrat\u00e9gia MED"},{"@type":"BreadcrumbList","@id":"https:\/\/med.estrategia.com\/portal\/noticias\/inep-adia-divulgacao-do-resultado-do-revalida-2022-2\/#breadcrumb","itemListElement":[{"@type":"ListItem","position":1,"name":"Home","item":"https:\/\/med.estrategia.com\/portal\/"},{"@type":"ListItem","position":2,"name":"Not\u00edcias","item":"https:\/\/med.estrategia.com\/portal\/noticias\/"},{"@type":"ListItem","position":3,"name":"Resultado definitivo do Revalida 2022\/2 tem nova data"}]},{"@type":"WebSite","@id":"https:\/\/med.estrategia.com\/portal\/#website","url":"https:\/\/med.estrategia.com\/portal\/","name":"Estrat\u00e9gia MED","description":"","potentialAction":[{"@type":"SearchAction","target":{"@type":"EntryPoint","urlTemplate":"https:\/\/med.estrategia.com\/portal\/?s={search_term_string}"},"query-input":{"@type":"PropertyValueSpecification","valueRequired":true,"valueName":"search_term_string"}}],"inLanguage":"pt-BR"},{"@type":"Person","@id":"https:\/\/med.estrategia.com\/portal\/#\/schema\/person\/470bd4c35f40db00b82b142e61897777","name":"Mara Rodrigues","image":{"@type":"ImageObject","inLanguage":"pt-BR","@id":"https:\/\/med.estrategia.com\/portal\/#\/schema\/person\/image\/","url":"https:\/\/secure.gravatar.com\/avatar\/1a6bd78dce825b7052223bd3cf65790d?s=96&d=mm&r=g","contentUrl":"https:\/\/secure.gravatar.com\/avatar\/1a6bd78dce825b7052223bd3cf65790d?s=96&d=mm&r=g","caption":"Mara Rodrigues"},"description":"Cientista Social e Mestre em Filosofia (Estudos Culturais). Pesquisadora dos temas Sa\u00fade e Meio Ambiente, Ci\u00eancias Sociais e Sa\u00fade, Educa\u00e7\u00e3o M\u00e9dica e Pol\u00edticas P\u00fablicas em Sa\u00fade.","sameAs":["https:\/\/www.linkedin.com\/in\/jocimara\/"],"url":"https:\/\/med.estrategia.com\/portal\/author\/jocimara-souza\/"}]}},"_wl_alt_label":[],"wl:entity_url":"\/post\/inep-adia-divulgacao-do-resultado-do-revalida-2022-2","_links":{"self":[{"href":"https:\/\/med.estrategia.com\/portal\/wp-json\/wp\/v2\/posts\/37059","targetHints":{"allow":["GET"]}}],"collection":[{"href":"https:\/\/med.estrategia.com\/portal\/wp-json\/wp\/v2\/posts"}],"about":[{"href":"https:\/\/med.estrategia.com\/portal\/wp-json\/wp\/v2\/types\/post"}],"author":[{"embeddable":true,"href":"https:\/\/med.estrategia.com\/portal\/wp-json\/wp\/v2\/users\/28"}],"replies":[{"embeddable":true,"href":"https:\/\/med.estrategia.com\/portal\/wp-json\/wp\/v2\/comments?post=37059"}],"version-history":[{"count":15,"href":"https:\/\/med.estrategia.com\/portal\/wp-json\/wp\/v2\/posts\/37059\/revisions"}],"predecessor-version":[{"id":37710,"href":"https:\/\/med.estrategia.com\/portal\/wp-json\/wp\/v2\/posts\/37059\/revisions\/37710"}],"wp:featuredmedia":[{"embeddable":true,"href":"https:\/\/med.estrategia.com\/portal\/wp-json\/wp\/v2\/media\/21008"}],"wp:attachment":[{"href":"https:\/\/med.estrategia.com\/portal\/wp-json\/wp\/v2\/media?parent=37059"}],"wp:term":[{"taxonomy":"category","embeddable":true,"href":"https:\/\/med.estrategia.com\/portal\/wp-json\/wp\/v2\/categories?post=37059"},{"taxonomy":"post_tag","embeddable":true,"href":"https:\/\/med.estrategia.com\/portal\/wp-json\/wp\/v2\/tags?post=37059"},{"taxonomy":"wl_entity_type","embeddable":true,"href":"https:\/\/med.estrategia.com\/portal\/wp-json\/wp\/v2\/wl_entity_type?post=37059"}],"curies":[{"name":"wp","href":"https:\/\/api.w.org\/{rel}","templated":true}]}}