{"id":37768,"date":"2023-03-21T12:37:14","date_gmt":"2023-03-21T15:37:14","guid":{"rendered":"https:\/\/med.estrategia.com\/portal\/?p=37768"},"modified":"2023-03-21T16:25:12","modified_gmt":"2023-03-21T19:25:12","slug":"criada-a-comissao-de-educacao-na-saude","status":"publish","type":"post","link":"https:\/\/med.estrategia.com\/portal\/noticias\/criada-a-comissao-de-educacao-na-saude\/","title":{"rendered":"Criada a Comiss\u00e3o de Gest\u00e3o da Educa\u00e7\u00e3o na Sa\u00fade"},"content":{"rendered":"<p>Hoje (21) foi oficializada a cria&ccedil;&atilde;o da <strong>Comiss&atilde;o Interministerial de Gest&atilde;o da Educa&ccedil;&atilde;o na Sa&uacute;de<\/strong> pelo Decreto n&ordm; 11.440, assinado pelo Presidente da Rep&uacute;blica durante o<a href=\"https:\/\/med.estrategia.com\/portal\/noticias\/novo-mais-medicos-e-lancado-pelo-ministerio-da-saude-confira-as-mudancas\/\" target=\"_blank\"> lan&ccedil;amento da nova vers&atilde;o do Mais M&eacute;dicos<\/a>. A Comiss&atilde;o, composta por membros dos minist&eacute;rios da Sa&uacute;de e da Educa&ccedil;&atilde;o, elaborar&aacute; <strong>diretrizes para forma&ccedil;&atilde;o profissional e acad&ecirc;mica na &aacute;rea da Sa&uacute;de<\/strong>. <p>Leia o texto do decreto, na &iacute;ntegra, clicando no bot&atilde;o a seguir ou acompanhe o texto para conhecer as atribui&ccedil;&otilde;es da Comiss&atilde;o: <\/p><div class=\"wp-block-buttons is-content-justification-center is-layout-flex wp-container-core-buttons-is-layout-1 wp-block-buttons-is-layout-flex\">\n<div class=\"wp-block-button\"><a class=\"wp-block-button__link wp-element-button\" href=\"https:\/\/med.estrategia.com\/portal\/wp-content\/uploads\/2023\/03\/DECRETO-No-11.440-DE-20-DE-MARCO-DE-2023-DECRETO-No-11.440-DE-20-DE-MARCO-DE-2023-DOU-Imprensa-Nacional.pdf\" target=\"_blank\">DECRETO DE CRIA&Ccedil;&Atilde;O DA COMISS&Atilde;O DE GEST&Atilde;O DA EDUCA&Ccedil;&Atilde;O NA SA&Uacute;DE<\/a><\/div>\n<\/div><div id=\"ez-toc-container\" class=\"ez-toc-v2_0_79_2 counter-hierarchy ez-toc-counter ez-toc-transparent ez-toc-container-direction\">\n<div class=\"ez-toc-title-container\"><p class=\"ez-toc-title\" style=\"cursor:inherit\">Navegue pelo conte\u00fado<\/p>\n<\/div><nav><ul class='ez-toc-list ez-toc-list-level-1 ' ><li class='ez-toc-page-1 ez-toc-heading-level-2'><a class=\"ez-toc-link ez-toc-heading-1\" href=\"https:\/\/med.estrategia.com\/portal\/noticias\/criada-a-comissao-de-educacao-na-saude\/#O-que-faz-a-Comissao-de-Gestao-da-Educacao-da-Saude\" >O que faz a Comiss&atilde;o de Gest&atilde;o da Educa&ccedil;&atilde;o da Sa&uacute;de<\/a><\/li><li class='ez-toc-page-1 ez-toc-heading-level-2'><a class=\"ez-toc-link ez-toc-heading-2\" href=\"https:\/\/med.estrategia.com\/portal\/noticias\/criada-a-comissao-de-educacao-na-saude\/#Quem-faz-parte-da-Comissao-Interministerial\" >Quem faz parte da Comiss&atilde;o Interministerial<\/a><ul class='ez-toc-list-level-3' ><li class='ez-toc-heading-level-3'><a class=\"ez-toc-link ez-toc-heading-3\" href=\"https:\/\/med.estrategia.com\/portal\/noticias\/criada-a-comissao-de-educacao-na-saude\/#Ministerio-da-Educacao\" >Minist&eacute;rio da Educa&ccedil;&atilde;o<\/a><\/li><li class='ez-toc-page-1 ez-toc-heading-level-3'><a class=\"ez-toc-link ez-toc-heading-4\" href=\"https:\/\/med.estrategia.com\/portal\/noticias\/criada-a-comissao-de-educacao-na-saude\/#Ministerio-da-Saude\" >Minist&eacute;rio da Sa&uacute;de<\/a><\/li><\/ul><\/li><\/ul><\/nav><\/div>\n<h2 class=\"wp-block-heading\" id=\"h-o-que-faz-a-comissao-de-gestao-da-educacao-da-saude\"><span class=\"ez-toc-section\" id=\"O-que-faz-a-Comissao-de-Gestao-da-Educacao-da-Saude\"><\/span>O que faz a Comiss&atilde;o de Gest&atilde;o da Educa&ccedil;&atilde;o da Sa&uacute;de<span class=\"ez-toc-section-end\"><\/span><\/h2><p>Oficializada pelo <strong>Decreto n&ordm; 11.140 de 2023<\/strong>, a Comiss&atilde;o Interministerial de Gest&atilde;o da Educa&ccedil;&atilde;o na Sa&uacute;de ser&aacute; respons&aacute;vel pelos processos de proposi&ccedil;&atilde;o de medidas para <strong>aumentar a oferta de profissionais da &aacute;rea da sa&uacute;de<\/strong> no pa&iacute;s. <\/p><p>&Eacute; previsto, tamb&eacute;m, que a Comiss&atilde;o elabore <strong>pol&iacute;ticas de revalida&ccedil;&atilde;o de diplomas de medicina e de outros cursos da &aacute;rea da sa&uacute;de<\/strong> expedidos no exterior. Por isso, a comiss&atilde;o conta com representante do <strong>Instituto Nacional de Estudos e Pesquisas Educacionais An&iacute;sio Teixeira (Inep)<\/strong>, respons&aacute;vel pelo <strong>Revalida<\/strong>. Portanto, s&atilde;o esperadas mudan&ccedil;as no Revalida Inep, bem como em outros exames com o mesmo objetivo.<\/p><p>Al&eacute;m disso, a Comiss&atilde;o tamb&eacute;m elabora diretrizes que regem a <strong>cria&ccedil;&atilde;o e avalia&ccedil;&atilde;o de novos cursos de gradua&ccedil;&atilde;o e especializa&ccedil;&atilde;o em sa&uacute;de<\/strong>, como Medicina. Portanto, essa medida estaria diretamente relacionada ao <strong><a href=\"https:\/\/med.estrategia.com\/portal\/noticias\/mais-medicos-divulga-criterios-de-concessao-de-beneficios\/\" target=\"_blank\">Mais M&eacute;dicos para o Brasil<\/a><\/strong>, anunciado ontem (20), como os crit&eacute;rios para a obten&ccedil;&atilde;o de t&iacute;tulo de especialista em Medicina da Fam&iacute;lia e Comunidade para os participantes do programa.<\/p><p>As pol&iacute;ticas p&uacute;blicas propostas pela Comiss&atilde;o Interministerial atender&atilde;o as necessidades de <strong>amplia&ccedil;&atilde;o de vagas em cursos de gradua&ccedil;&atilde;o, especializa&ccedil;&atilde;o e em resid&ecirc;ncias<\/strong> m&eacute;dica e multiprofissional da sa&uacute;de. Dessa forma, iniciativas como provis&atilde;o de m&eacute;dicos e outros profissionais da &aacute;rea em regi&otilde;es desassistidas, educa&ccedil;&atilde;o nos &acirc;mbitos profissional, tecnol&oacute;gica e superior fazem parte do rol de atribui&ccedil;&otilde;es da Comiss&atilde;o. <\/p><h2 class=\"wp-block-heading\" id=\"h-quem-faz-parte-da-comissao-interministerial\"><span class=\"ez-toc-section\" id=\"Quem-faz-parte-da-Comissao-Interministerial\"><\/span>Quem faz parte da Comiss&atilde;o Interministerial<span class=\"ez-toc-section-end\"><\/span><\/h2><p>A comiss&atilde;o &eacute; composta por representantes do <strong>Minist&eacute;rio da Educa&ccedil;&atilde;o<\/strong> e do <strong>Minist&eacute;rio da Sa&uacute;de<\/strong>. A presid&ecirc;ncia ser&aacute; exercida, alternadamente, a cada ano, pela Secret&aacute;ria de Educa&ccedil;&atilde;o Superior do Minist&eacute;rio da Educa&ccedil;&atilde;o (Sesu\/MEC) e pela Secretaria de Gest&atilde;o do Trabalho e da Educa&ccedil;&atilde;o na Sa&uacute;de do Minist&eacute;rio da Sa&uacute;de (SGTES\/MS). <\/p><p><strong>Wagner Vilas Boas de Souza<\/strong> est&aacute; &agrave; frente da <strong>Sesu\/MEC<\/strong> desde janeiro de 2020 e<strong> Isabela Cardoso<\/strong>, da <strong>SGTES\/MS<\/strong>, desde janeiro de 2023. A previs&atilde;o &eacute; que a comiss&atilde;o se re&uacute;na trimestralmente ou em convoca&ccedil;&otilde;es extraordin&aacute;rias.  O Minist&eacute;rio da Educa&ccedil;&atilde;o ter&aacute; representantes dos seguintes &oacute;rg&atilde;os e entidades federais: <\/p><h3 class=\"wp-block-heading\" id=\"h-ministerio-da-educacao\"><span class=\"ez-toc-section\" id=\"Ministerio-da-Educacao\"><\/span>Minist&eacute;rio da Educa&ccedil;&atilde;o<span class=\"ez-toc-section-end\"><\/span><\/h3><figure class=\"wp-block-table is-style-stripes\"><table><tbody><tr><td>Secretaria de Educa&ccedil;&atilde;o Superior;<\/td><\/tr><tr><td>Secretaria de Regula&ccedil;&atilde;o e Supervis&atilde;o da Educa&ccedil;&atilde;o Superior;<\/td><\/tr><tr><td>Secretaria de Educa&ccedil;&atilde;o B&aacute;sica;<\/td><\/tr><tr><td>Secretaria de Educa&ccedil;&atilde;o Profissional e Tecnol&oacute;gica;<\/td><\/tr><tr><td>Secretaria de Educa&ccedil;&atilde;o de Articula&ccedil;&atilde;o Intersetorial e com os Sistemas de Ensino;<\/td><\/tr><tr><td>Secretaria de Educa&ccedil;&atilde;o Continuada, Alfabetiza&ccedil;&atilde;o de Jovens e Adultos, Diversidade e Inclus&atilde;o;<\/td><\/tr><tr><td>Instituto Nacional de Estudos e Pesquisas Educacionais An&iacute;sio Teixeira &ndash; Inep; e<\/td><\/tr><tr><td>Coordena&ccedil;&atilde;o de Aperfei&ccedil;oamento de Pessoal de N&iacute;vel Superior &ndash; Capes.<\/td><\/tr><\/tbody><\/table><\/figure><p>J&aacute; o Minist&eacute;rio da Sa&uacute;de contar&aacute; com 9 representantes: <\/p><h3 class=\"wp-block-heading\" id=\"h-ministerio-da-saude\"><span class=\"ez-toc-section\" id=\"Ministerio-da-Saude\"><\/span>Minist&eacute;rio da Sa&uacute;de<span class=\"ez-toc-section-end\"><\/span><\/h3><figure class=\"wp-block-table is-style-stripes\"><table><tbody><tr><td>Secretaria de Gest&atilde;o do Trabalho e da Educa&ccedil;&atilde;o na Sa&uacute;de<\/td><\/tr><tr><td>Secretaria de Informa&ccedil;&atilde;o e Sa&uacute;de Digital;<\/td><\/tr><tr><td>Secretaria de Aten&ccedil;&atilde;o Prim&aacute;ria;<\/td><\/tr><tr><td>Secretaria de Aten&ccedil;&atilde;o Especializada<\/td><\/tr><tr><td>Secretaria de Ci&ecirc;ncia, Tecnologia e Insumos Estrat&eacute;gicos<\/td><\/tr><tr><td>Secretaria de Vigil&acirc;ncia em Sa&uacute;de e Ambiente;<\/td><\/tr><tr><td>Secretaria de Sa&uacute;de Ind&iacute;gena;<\/td><\/tr><tr><td>Conselho Nacional de Secret&aacute;rios de Sa&uacute;de; e<\/td><\/tr><tr><td>Conselho Nacional de Secret&aacute;rios Municipais de Sa&uacute;de.<\/td><\/tr><\/tbody><\/table><\/figure><p>Subcomiss&otilde;es tem&aacute;ticas podem ser formadas para discutir determinados assuntos que competem &agrave; Comiss&atilde;o Interministerial. Continue acompanhando o <strong><a href=\"https:\/\/news.google.com\/publications\/CAAqBwgKMMfhsAsw1PzHAw?ceid=BR:pt-419&amp;oc=3\" target=\"_blank\">Portal de Not&iacute;cias do Estrat&eacute;gia MED<\/a><\/strong> para saber mais sobre as medidas deliberadas pela Comiss&atilde;o Interministerial em edu&ccedil;&atilde;o em sa&uacute;de &mdash; novos an&uacute;ncios s&atilde;o esperados ainda em mar&ccedil;o.<\/p><p><a href=\"http:\/\/resid%C3%AAncia%20m%C3%A9dica,%20programa%20Mais%20M%C3%A9dicos%20e%20revalida%C3%A7%C3%A3o%20de%20diplomas%20de%20medicina.\" target=\"_blank\">Clique neste link<\/a> e selecione a estrela, do lado superior direito da tela, para receber em primeira m&atilde;o todas as not&iacute;cias sobre <strong>resid&ecirc;ncia m&eacute;dica<\/strong>, programa <strong>Mais M&eacute;dicos<\/strong> e<strong> revalida&ccedil;&atilde;o de diplomas<\/strong> de medicina.<\/p><p>\n\n\n\n\n\n<a id=\"cta\" class=\"cta-imagem\" href=\"https:\/\/med.estrategia.com\/curso\/banco-de-questes-resumos-estrategicos-anual\/\" target=\"blank\">\n                <img decoding=\"async\" width=\"100%\" src=\"https:\/\/med.estrategia.com\/portal\/wp-content\/uploads\/2025\/08\/banco_questoes.png\" alt=\"banco_questoes\" title=\"banco_questoes\">\n        <\/a>\n\n\n<\/p><\/p>\n","protected":false},"excerpt":{"rendered":"A Comiss\u00e3o ser\u00e1 respons\u00e1vel pela proposi\u00e7\u00e3o de pol\u00edticas p\u00fablicas de educa\u00e7\u00e3o em Sa\u00fade, atuando, inclusive, nos exames de revalida\u00e7\u00e3o de diplomas de medicina e de outros cursos da Sa\u00fade expedidos no exterior\n","protected":false},"author":28,"featured_media":7584,"comment_status":"closed","ping_status":"closed","sticky":false,"template":"","format":"standard","meta":{"wl_entities_gutenberg":"","footnotes":""},"categories":[300],"tags":[],"wl_entity_type":[199],"class_list":{"0":"post-37768","1":"post","2":"type-post","3":"status-publish","4":"format-standard","5":"has-post-thumbnail","7":"category-noticias","8":"wl_entity_type-article"},"acf":[],"yoast_head":"<!-- This site is optimized with the Yoast SEO Premium plugin v26.6 (Yoast SEO v26.6) - https:\/\/yoast.com\/wordpress\/plugins\/seo\/ -->\n<title>Criada a Comiss\u00e3o de Gest\u00e3o da Educa\u00e7\u00e3o na Sa\u00fade<\/title>\n<meta name=\"description\" content=\"Oficializada a cria\u00e7\u00e3o da Comiss\u00e3o Interministerial de Gest\u00e3o da Educa\u00e7\u00e3o em Sa\u00fade que elabora pol\u00edticas de forma\u00e7\u00e3o profissional na sa\u00fade\" \/>\n<meta name=\"robots\" content=\"index, follow, max-snippet:-1, max-image-preview:large, max-video-preview:-1\" \/>\n<link rel=\"canonical\" href=\"https:\/\/med.estrategia.com\/portal\/noticias\/criada-a-comissao-de-educacao-na-saude\/\" \/>\n<meta property=\"og:locale\" content=\"pt_BR\" \/>\n<meta property=\"og:type\" content=\"article\" \/>\n<meta property=\"og:title\" content=\"Criada a Comiss\u00e3o de Gest\u00e3o da Educa\u00e7\u00e3o na Sa\u00fade\" \/>\n<meta property=\"og:description\" content=\"Oficializada a cria\u00e7\u00e3o da Comiss\u00e3o Interministerial de Gest\u00e3o da Educa\u00e7\u00e3o em Sa\u00fade que elabora pol\u00edticas de forma\u00e7\u00e3o profissional na sa\u00fade\" \/>\n<meta property=\"og:url\" content=\"https:\/\/med.estrategia.com\/portal\/noticias\/criada-a-comissao-de-educacao-na-saude\/\" \/>\n<meta property=\"og:site_name\" content=\"Estrat\u00e9gia MED\" \/>\n<meta property=\"article:publisher\" content=\"https:\/\/www.facebook.com\/estrategiamed1\" \/>\n<meta property=\"article:published_time\" content=\"2023-03-21T15:37:14+00:00\" \/>\n<meta property=\"article:modified_time\" content=\"2023-03-21T19:25:12+00:00\" \/>\n<meta property=\"og:image\" content=\"https:\/\/cdn.medblog.estrategiaeducacional.com.br\/wp-content\/uploads\/2021\/07\/15155809\/ministeriodasaude.jpg\" \/>\n\t<meta property=\"og:image:width\" content=\"1086\" \/>\n\t<meta property=\"og:image:height\" content=\"652\" \/>\n\t<meta property=\"og:image:type\" content=\"image\/jpeg\" \/>\n<meta name=\"author\" content=\"Mara Rodrigues\" \/>\n<meta name=\"twitter:card\" content=\"summary_large_image\" \/>\n<meta name=\"twitter:creator\" content=\"@estrategiamed_\" \/>\n<meta name=\"twitter:site\" content=\"@estrategiamed_\" \/>\n<meta name=\"twitter:label1\" content=\"Escrito por\" \/>\n\t<meta name=\"twitter:data1\" content=\"Mara Rodrigues\" \/>\n\t<meta name=\"twitter:label2\" content=\"Est. tempo de leitura\" \/>\n\t<meta name=\"twitter:data2\" content=\"4 minutos\" \/>\n<script type=\"application\/ld+json\" class=\"yoast-schema-graph\">{\"@context\":\"https:\/\/schema.org\",\"@graph\":[{\"@type\":\"WebPage\",\"@id\":\"https:\/\/med.estrategia.com\/portal\/noticias\/criada-a-comissao-de-educacao-na-saude\/\",\"url\":\"https:\/\/med.estrategia.com\/portal\/noticias\/criada-a-comissao-de-educacao-na-saude\/\",\"name\":\"Criada a Comiss\u00e3o de Gest\u00e3o da Educa\u00e7\u00e3o na Sa\u00fade\",\"isPartOf\":{\"@id\":\"https:\/\/med.estrategia.com\/portal\/#website\"},\"primaryImageOfPage\":{\"@id\":\"https:\/\/med.estrategia.com\/portal\/noticias\/criada-a-comissao-de-educacao-na-saude\/#primaryimage\"},\"image\":{\"@id\":\"https:\/\/med.estrategia.com\/portal\/noticias\/criada-a-comissao-de-educacao-na-saude\/#primaryimage\"},\"thumbnailUrl\":\"https:\/\/med.estrategia.com\/portal\/wp-content\/uploads\/2021\/07\/ministeriodasaude.jpg\",\"datePublished\":\"2023-03-21T15:37:14+00:00\",\"dateModified\":\"2023-03-21T19:25:12+00:00\",\"author\":{\"@id\":\"https:\/\/med.estrategia.com\/portal\/#\/schema\/person\/470bd4c35f40db00b82b142e61897777\"},\"description\":\"Oficializada a cria\u00e7\u00e3o da Comiss\u00e3o Interministerial de Gest\u00e3o da Educa\u00e7\u00e3o em Sa\u00fade que elabora pol\u00edticas de forma\u00e7\u00e3o profissional na sa\u00fade\",\"breadcrumb\":{\"@id\":\"https:\/\/med.estrategia.com\/portal\/noticias\/criada-a-comissao-de-educacao-na-saude\/#breadcrumb\"},\"inLanguage\":\"pt-BR\",\"potentialAction\":[{\"@type\":\"ReadAction\",\"target\":[\"https:\/\/med.estrategia.com\/portal\/noticias\/criada-a-comissao-de-educacao-na-saude\/\"]}]},{\"@type\":\"ImageObject\",\"inLanguage\":\"pt-BR\",\"@id\":\"https:\/\/med.estrategia.com\/portal\/noticias\/criada-a-comissao-de-educacao-na-saude\/#primaryimage\",\"url\":\"https:\/\/med.estrategia.com\/portal\/wp-content\/uploads\/2021\/07\/ministeriodasaude.jpg\",\"contentUrl\":\"https:\/\/med.estrategia.com\/portal\/wp-content\/uploads\/2021\/07\/ministeriodasaude.jpg\",\"width\":1086,\"height\":652,\"caption\":\"Estrat\u00e9gia Med | Foto: Ag\u00eancia Brasil\"},{\"@type\":\"BreadcrumbList\",\"@id\":\"https:\/\/med.estrategia.com\/portal\/noticias\/criada-a-comissao-de-educacao-na-saude\/#breadcrumb\",\"itemListElement\":[{\"@type\":\"ListItem\",\"position\":1,\"name\":\"Home\",\"item\":\"https:\/\/med.estrategia.com\/portal\/\"},{\"@type\":\"ListItem\",\"position\":2,\"name\":\"Not\u00edcias\",\"item\":\"https:\/\/med.estrategia.com\/portal\/noticias\/\"},{\"@type\":\"ListItem\",\"position\":3,\"name\":\"Criada a Comiss\u00e3o de Gest\u00e3o da Educa\u00e7\u00e3o na Sa\u00fade\"}]},{\"@type\":\"WebSite\",\"@id\":\"https:\/\/med.estrategia.com\/portal\/#website\",\"url\":\"https:\/\/med.estrategia.com\/portal\/\",\"name\":\"Estrat\u00e9gia MED\",\"description\":\"\",\"potentialAction\":[{\"@type\":\"SearchAction\",\"target\":{\"@type\":\"EntryPoint\",\"urlTemplate\":\"https:\/\/med.estrategia.com\/portal\/?s={search_term_string}\"},\"query-input\":{\"@type\":\"PropertyValueSpecification\",\"valueRequired\":true,\"valueName\":\"search_term_string\"}}],\"inLanguage\":\"pt-BR\"},{\"@type\":\"Person\",\"@id\":\"https:\/\/med.estrategia.com\/portal\/#\/schema\/person\/470bd4c35f40db00b82b142e61897777\",\"name\":\"Mara Rodrigues\",\"image\":{\"@type\":\"ImageObject\",\"inLanguage\":\"pt-BR\",\"@id\":\"https:\/\/med.estrategia.com\/portal\/#\/schema\/person\/image\/\",\"url\":\"https:\/\/secure.gravatar.com\/avatar\/1a6bd78dce825b7052223bd3cf65790d?s=96&d=mm&r=g\",\"contentUrl\":\"https:\/\/secure.gravatar.com\/avatar\/1a6bd78dce825b7052223bd3cf65790d?s=96&d=mm&r=g\",\"caption\":\"Mara Rodrigues\"},\"description\":\"Cientista Social e Mestre em Filosofia (Estudos Culturais). Pesquisadora dos temas Sa\u00fade e Meio Ambiente, Ci\u00eancias Sociais e Sa\u00fade, Educa\u00e7\u00e3o M\u00e9dica e Pol\u00edticas P\u00fablicas em Sa\u00fade.\",\"sameAs\":[\"https:\/\/www.linkedin.com\/in\/jocimara\/\"],\"url\":\"https:\/\/med.estrategia.com\/portal\/author\/jocimara-souza\/\"}]}<\/script>\n<!-- \/ Yoast SEO Premium plugin. -->","yoast_head_json":{"title":"Criada a Comiss\u00e3o de Gest\u00e3o da Educa\u00e7\u00e3o na Sa\u00fade","description":"Oficializada a cria\u00e7\u00e3o da Comiss\u00e3o Interministerial de Gest\u00e3o da Educa\u00e7\u00e3o em Sa\u00fade que elabora pol\u00edticas de forma\u00e7\u00e3o profissional na sa\u00fade","robots":{"index":"index","follow":"follow","max-snippet":"max-snippet:-1","max-image-preview":"max-image-preview:large","max-video-preview":"max-video-preview:-1"},"canonical":"https:\/\/med.estrategia.com\/portal\/noticias\/criada-a-comissao-de-educacao-na-saude\/","og_locale":"pt_BR","og_type":"article","og_title":"Criada a Comiss\u00e3o de Gest\u00e3o da Educa\u00e7\u00e3o na Sa\u00fade","og_description":"Oficializada a cria\u00e7\u00e3o da Comiss\u00e3o Interministerial de Gest\u00e3o da Educa\u00e7\u00e3o em Sa\u00fade que elabora pol\u00edticas de forma\u00e7\u00e3o profissional na sa\u00fade","og_url":"https:\/\/med.estrategia.com\/portal\/noticias\/criada-a-comissao-de-educacao-na-saude\/","og_site_name":"Estrat\u00e9gia MED","article_publisher":"https:\/\/www.facebook.com\/estrategiamed1","article_published_time":"2023-03-21T15:37:14+00:00","article_modified_time":"2023-03-21T19:25:12+00:00","og_image":[{"width":1086,"height":652,"url":"https:\/\/cdn.medblog.estrategiaeducacional.com.br\/wp-content\/uploads\/2021\/07\/15155809\/ministeriodasaude.jpg","type":"image\/jpeg"}],"author":"Mara Rodrigues","twitter_card":"summary_large_image","twitter_creator":"@estrategiamed_","twitter_site":"@estrategiamed_","twitter_misc":{"Escrito por":"Mara Rodrigues","Est. tempo de leitura":"4 minutos"},"schema":{"@context":"https:\/\/schema.org","@graph":[{"@type":"WebPage","@id":"https:\/\/med.estrategia.com\/portal\/noticias\/criada-a-comissao-de-educacao-na-saude\/","url":"https:\/\/med.estrategia.com\/portal\/noticias\/criada-a-comissao-de-educacao-na-saude\/","name":"Criada a Comiss\u00e3o de Gest\u00e3o da Educa\u00e7\u00e3o na Sa\u00fade","isPartOf":{"@id":"https:\/\/med.estrategia.com\/portal\/#website"},"primaryImageOfPage":{"@id":"https:\/\/med.estrategia.com\/portal\/noticias\/criada-a-comissao-de-educacao-na-saude\/#primaryimage"},"image":{"@id":"https:\/\/med.estrategia.com\/portal\/noticias\/criada-a-comissao-de-educacao-na-saude\/#primaryimage"},"thumbnailUrl":"https:\/\/med.estrategia.com\/portal\/wp-content\/uploads\/2021\/07\/ministeriodasaude.jpg","datePublished":"2023-03-21T15:37:14+00:00","dateModified":"2023-03-21T19:25:12+00:00","author":{"@id":"https:\/\/med.estrategia.com\/portal\/#\/schema\/person\/470bd4c35f40db00b82b142e61897777"},"description":"Oficializada a cria\u00e7\u00e3o da Comiss\u00e3o Interministerial de Gest\u00e3o da Educa\u00e7\u00e3o em Sa\u00fade que elabora pol\u00edticas de forma\u00e7\u00e3o profissional na sa\u00fade","breadcrumb":{"@id":"https:\/\/med.estrategia.com\/portal\/noticias\/criada-a-comissao-de-educacao-na-saude\/#breadcrumb"},"inLanguage":"pt-BR","potentialAction":[{"@type":"ReadAction","target":["https:\/\/med.estrategia.com\/portal\/noticias\/criada-a-comissao-de-educacao-na-saude\/"]}]},{"@type":"ImageObject","inLanguage":"pt-BR","@id":"https:\/\/med.estrategia.com\/portal\/noticias\/criada-a-comissao-de-educacao-na-saude\/#primaryimage","url":"https:\/\/med.estrategia.com\/portal\/wp-content\/uploads\/2021\/07\/ministeriodasaude.jpg","contentUrl":"https:\/\/med.estrategia.com\/portal\/wp-content\/uploads\/2021\/07\/ministeriodasaude.jpg","width":1086,"height":652,"caption":"Estrat\u00e9gia Med | Foto: Ag\u00eancia Brasil"},{"@type":"BreadcrumbList","@id":"https:\/\/med.estrategia.com\/portal\/noticias\/criada-a-comissao-de-educacao-na-saude\/#breadcrumb","itemListElement":[{"@type":"ListItem","position":1,"name":"Home","item":"https:\/\/med.estrategia.com\/portal\/"},{"@type":"ListItem","position":2,"name":"Not\u00edcias","item":"https:\/\/med.estrategia.com\/portal\/noticias\/"},{"@type":"ListItem","position":3,"name":"Criada a Comiss\u00e3o de Gest\u00e3o da Educa\u00e7\u00e3o na Sa\u00fade"}]},{"@type":"WebSite","@id":"https:\/\/med.estrategia.com\/portal\/#website","url":"https:\/\/med.estrategia.com\/portal\/","name":"Estrat\u00e9gia MED","description":"","potentialAction":[{"@type":"SearchAction","target":{"@type":"EntryPoint","urlTemplate":"https:\/\/med.estrategia.com\/portal\/?s={search_term_string}"},"query-input":{"@type":"PropertyValueSpecification","valueRequired":true,"valueName":"search_term_string"}}],"inLanguage":"pt-BR"},{"@type":"Person","@id":"https:\/\/med.estrategia.com\/portal\/#\/schema\/person\/470bd4c35f40db00b82b142e61897777","name":"Mara Rodrigues","image":{"@type":"ImageObject","inLanguage":"pt-BR","@id":"https:\/\/med.estrategia.com\/portal\/#\/schema\/person\/image\/","url":"https:\/\/secure.gravatar.com\/avatar\/1a6bd78dce825b7052223bd3cf65790d?s=96&d=mm&r=g","contentUrl":"https:\/\/secure.gravatar.com\/avatar\/1a6bd78dce825b7052223bd3cf65790d?s=96&d=mm&r=g","caption":"Mara Rodrigues"},"description":"Cientista Social e Mestre em Filosofia (Estudos Culturais). Pesquisadora dos temas Sa\u00fade e Meio Ambiente, Ci\u00eancias Sociais e Sa\u00fade, Educa\u00e7\u00e3o M\u00e9dica e Pol\u00edticas P\u00fablicas em Sa\u00fade.","sameAs":["https:\/\/www.linkedin.com\/in\/jocimara\/"],"url":"https:\/\/med.estrategia.com\/portal\/author\/jocimara-souza\/"}]}},"_wl_alt_label":[],"wl:entity_url":"\/post\/criada-a-comissao-de-educacao-na-saude","_links":{"self":[{"href":"https:\/\/med.estrategia.com\/portal\/wp-json\/wp\/v2\/posts\/37768","targetHints":{"allow":["GET"]}}],"collection":[{"href":"https:\/\/med.estrategia.com\/portal\/wp-json\/wp\/v2\/posts"}],"about":[{"href":"https:\/\/med.estrategia.com\/portal\/wp-json\/wp\/v2\/types\/post"}],"author":[{"embeddable":true,"href":"https:\/\/med.estrategia.com\/portal\/wp-json\/wp\/v2\/users\/28"}],"replies":[{"embeddable":true,"href":"https:\/\/med.estrategia.com\/portal\/wp-json\/wp\/v2\/comments?post=37768"}],"version-history":[{"count":8,"href":"https:\/\/med.estrategia.com\/portal\/wp-json\/wp\/v2\/posts\/37768\/revisions"}],"predecessor-version":[{"id":50344,"href":"https:\/\/med.estrategia.com\/portal\/wp-json\/wp\/v2\/posts\/37768\/revisions\/50344"}],"wp:featuredmedia":[{"embeddable":true,"href":"https:\/\/med.estrategia.com\/portal\/wp-json\/wp\/v2\/media\/7584"}],"wp:attachment":[{"href":"https:\/\/med.estrategia.com\/portal\/wp-json\/wp\/v2\/media?parent=37768"}],"wp:term":[{"taxonomy":"category","embeddable":true,"href":"https:\/\/med.estrategia.com\/portal\/wp-json\/wp\/v2\/categories?post=37768"},{"taxonomy":"post_tag","embeddable":true,"href":"https:\/\/med.estrategia.com\/portal\/wp-json\/wp\/v2\/tags?post=37768"},{"taxonomy":"wl_entity_type","embeddable":true,"href":"https:\/\/med.estrategia.com\/portal\/wp-json\/wp\/v2\/wl_entity_type?post=37768"}],"curies":[{"name":"wp","href":"https:\/\/api.w.org\/{rel}","templated":true}]}}