{"id":38225,"date":"2023-03-29T20:34:39","date_gmt":"2023-03-29T23:34:39","guid":{"rendered":"https:\/\/med.estrategia.com\/portal\/?p=38225"},"modified":"2026-04-17T13:29:57","modified_gmt":"2026-04-17T16:29:57","slug":"notas-de-corte-para-residencia-medica-parana","status":"publish","type":"post","link":"https:\/\/med.estrategia.com\/portal\/residencia-medica\/notas-de-corte-para-residencia-medica-parana\/","title":{"rendered":"Notas de Corte para Resid\u00eancia M\u00e9dica 2026: saiba as pontua\u00e7\u00f5es m\u00ednimas no Paran\u00e1"},"content":{"rendered":"<p>Voc&ecirc; &eacute; paranaense ou tem interesse em se mudar para o estado e realizar a resid&ecirc;ncia m&eacute;dica em uma de suas renomadas institui&ccedil;&otilde;es? Venha conferir este texto preparado pelo Estrat&eacute;gia MED e saiba j&aacute; quais foram as Notas de Corte 2025\/2026 para resid&ecirc;ncia m&eacute;dica nas principais institui&ccedil;&otilde;es do Paran&aacute;!<p>&Eacute; sempre importante lembrar que as notas de corte <strong>mudam a cada ano<\/strong>, j&aacute; que dependem do rendimento dos candidatos para serem contabilizadas. Confira j&aacute; as <strong>notas m&iacute;nimas para ser classificado ou aprovado no Paran&aacute;<\/strong> e j&aacute; inicie o seu estudo direcionado &agrave; institui&ccedil;&atilde;o desejada!<\/p><p>\n\n\n<div id=\"new-form\">\n\t<form id=\"forms_layout\">\n\t<input type=\"hidden\" id=\"chave_de\" name=\"chave_de\" value=\"01_EMED_LEADS_TOTAIS\" \/>\n\t\t<input type=\"hidden\" id=\"mid\" name=\"mid\" value=\"515009018\" \/>\n\t\t<input type=\"hidden\" id=\"Objetivo\" name=\"Objetivo\" value=\"Medicina\" \/>\n\t\t<input type=\"hidden\" id=\"Estado_de_Origem_do_IP\" name=\"Estado_de_Origem_do_IP\"  value=\"\" \/>\n\t\t<input type=\"hidden\" id=\"Cidade_de_Origem_do_IP\" name=\"Cidade_de_Origem_do_IP\" value=\"\" \/>\n\t\t<input type=\"hidden\" id=\"Modo_de_entrada\" name=\"Modo_de_entrada\" value=\"Portal\" \/>\n\t\t<input type=\"hidden\" id=\"Pagina_Origem\" name=\"Pagina_Origem\" value=\"\" \/>\n\n\t\t<div class=\"texto\">\n\t\t\t<div id=\"ez-toc-container\" class=\"ez-toc-v2_0_79_2 counter-hierarchy ez-toc-counter ez-toc-transparent ez-toc-container-direction\">\n<div class=\"ez-toc-title-container\"><p class=\"ez-toc-title\" style=\"cursor:inherit\">Navegue pelo conte\u00fado<\/p>\n<\/div><nav><ul class='ez-toc-list ez-toc-list-level-1 ' ><ul class='ez-toc-list-level-3' ><li class='ez-toc-heading-level-3'><a class=\"ez-toc-link ez-toc-heading-1\" href=\"https:\/\/med.estrategia.com\/portal\/residencia-medica\/notas-de-corte-para-residencia-medica-parana\/#Inscreva-se-em-nossa-newsletter\" >Inscreva-se em nossa newsletter!<\/a><\/li><\/ul><\/li><li class='ez-toc-page-1 ez-toc-heading-level-2'><a class=\"ez-toc-link ez-toc-heading-2\" href=\"https:\/\/med.estrategia.com\/portal\/residencia-medica\/notas-de-corte-para-residencia-medica-parana\/#Nota-de-Corte-da-UEL\" >Nota de Corte da UEL<\/a><\/li><li class='ez-toc-page-1 ez-toc-heading-level-2'><a class=\"ez-toc-link ez-toc-heading-3\" href=\"https:\/\/med.estrategia.com\/portal\/residencia-medica\/notas-de-corte-para-residencia-medica-parana\/#Nota-de-Corte-da-Associacao-Medica-do-Parana-AMP\" >Nota de Corte da Associa&ccedil;&atilde;o M&eacute;dica do Paran&aacute; (AMP)<\/a><\/li><li class='ez-toc-page-1 ez-toc-heading-level-2'><a class=\"ez-toc-link ez-toc-heading-4\" href=\"https:\/\/med.estrategia.com\/portal\/residencia-medica\/notas-de-corte-para-residencia-medica-parana\/#Nota-de-Corte-da-PUC-PR\" >Nota de Corte da PUC-PR<\/a><\/li><li class='ez-toc-page-1 ez-toc-heading-level-2'><a class=\"ez-toc-link ez-toc-heading-5\" href=\"https:\/\/med.estrategia.com\/portal\/residencia-medica\/notas-de-corte-para-residencia-medica-parana\/#Nota-de-Corte-do-ENARE-%E2%80%93-Exame-Nacional-de-Residencia\" >Nota de Corte do ENARE &ndash; Exame Nacional de Resid&ecirc;ncia<\/a><\/li><\/ul><\/nav><\/div>\n<h3 class=\"news\"><span class=\"ez-toc-section\" id=\"Inscreva-se-em-nossa-newsletter\"><\/span>Inscreva-se em nossa newsletter!<span class=\"ez-toc-section-end\"><\/span><\/h3>\n\t\t\t<p>Receba not\u00edcias sobre resid\u00eancia m\u00e9dica, revalida\u00e7\u00e3o de diplomas e concursos m\u00e9dicos, al\u00e9m de materiais de estudo gratuitos e informa\u00e7\u00f5es relevantes do mundo da Medicina.<\/p>\n\t\t<\/div>\n\t\t<div class=\"campos\">\n\t\t\t<div class=\"first_name labels\">\n\t\t\t\t<input type=\"text\" class=\"input_labels\" id=\"first_name\" name=\"Nome_Completo\" placeholder=\"Nome\" required \/>\n\t\t\t<\/div>\n\t\t\t<div class=\"email labels\">\n\t\t\t\t<input type=\"email\" class=\"input_labels\" id=\"email\" name=\"Email\" placeholder=\"E-mail\" required \/>\n\t\t\t<\/div>\n\t\t\t<button type=\"submit\" class=\"button_layout\">\n\t\t\t\t<div id=\"lblBotao\">Inscreva-se<\/div>\n\t\t\t\t<span id=\"divSpiner\" class=\"loader\" role=\"status\" style=\"display: none;\"><\/span>\t\n\t\t\t<\/button>\n\t\t<\/div><!-- \/campos -->\n\t\t\n\t\t<label class=\"container_checkbox\">Voc\u00ea concorda com a nossa\n\t\t\t<a class=\"politics_privacy_ahref\" target=\"_blank\" href=\"https:\/\/gratis.estrategiaconcursos.com.br\/politica-de-privacidade\/\">Pol\u00edtica de Privacidade<\/a> e aceita receber informa\u00e7\u00f5es adicionais do Estrat\u00e9gia Educacional.\n\t\t\t<input id=\"checkbox_layout\" type=\"checkbox\" checked=\"checked\" required \/>\n\t\t\t<span class=\"checkbox\"><\/span>\n\t\t<\/label>\n\t\t<div id=\"msg\"><\/div>\n\t\t<div id=\"error\" class=\"error\">\n\t\t<\/div>\n\t<\/form>\n<\/div><!-- \/new-form -->\n\n\n\n<\/p><h2 class=\"wp-block-heading\" id=\"h-nota-de-corte-da-uel\"><span class=\"ez-toc-section\" id=\"Nota-de-Corte-da-UEL\"><\/span>Nota de Corte da UEL<span class=\"ez-toc-section-end\"><\/span><\/h2><figure class=\"wp-block-table\"><table class=\"has-fixed-layout\"><thead><tr><th>ESPECIALIDADE<\/th><th class=\"has-text-align-center\" data-align=\"center\">NOTA DE CORTE 1&ordf; FASE 2026<\/th><th class=\"has-text-align-center\" data-align=\"center\">NOTA DE CORTE APROVA&Ccedil;&Atilde;O 2026 &ndash; AC<\/th><\/tr><\/thead><tbody><tr><td>Anestesiologia<\/td><td class=\"has-text-align-center\" data-align=\"center\">7<\/td><td class=\"has-text-align-center\" data-align=\"center\">7,625<\/td><\/tr><tr><td>Angiorradiologia e Cirurgia Endovascular<\/td><td class=\"has-text-align-center\" data-align=\"center\">&ndash;<\/td><td class=\"has-text-align-center\" data-align=\"center\">&ndash;<\/td><\/tr><tr><td>Cardiologia<\/td><td class=\"has-text-align-center\" data-align=\"center\">6.6<\/td><td class=\"has-text-align-center\" data-align=\"center\">7,58<\/td><\/tr><tr><td>Cirurgia do Aparelho Digestivo<\/td><td class=\"has-text-align-center\" data-align=\"center\">6<\/td><td class=\"has-text-align-center\" data-align=\"center\">7,3<\/td><\/tr><tr><td>Cirurgia Geral<\/td><td class=\"has-text-align-center\" data-align=\"center\">&ndash;<\/td><td class=\"has-text-align-center\" data-align=\"center\">8,1<\/td><\/tr><tr><td>Cirurgia Pedi&aacute;trica<\/td><td class=\"has-text-align-center\" data-align=\"center\">&ndash;<\/td><td class=\"has-text-align-center\" data-align=\"center\">&ndash;<\/td><\/tr><tr><td>Cirurgia Tor&aacute;cica<\/td><td class=\"has-text-align-center\" data-align=\"center\">&ndash;<\/td><td class=\"has-text-align-center\" data-align=\"center\">6,2<\/td><\/tr><tr><td>Cirurgia Vascular<\/td><td class=\"has-text-align-center\" data-align=\"center\">&ndash;<\/td><td class=\"has-text-align-center\" data-align=\"center\">7,4<\/td><\/tr><tr><td>Cl&iacute;nica M&eacute;dica<\/td><td class=\"has-text-align-center\" data-align=\"center\">&ndash;<\/td><td class=\"has-text-align-center\" data-align=\"center\">7,9<\/td><\/tr><tr><td>Dermatologia<\/td><td class=\"has-text-align-center\" data-align=\"center\">7.8<\/td><td class=\"has-text-align-center\" data-align=\"center\">8,373<\/td><\/tr><tr><td>Ecografia Vascular com Doppler<\/td><td class=\"has-text-align-center\" data-align=\"center\">&ndash;<\/td><td class=\"has-text-align-center\" data-align=\"center\">7,682<\/td><\/tr><tr><td>Endocrinologia e Metabologia<\/td><td class=\"has-text-align-center\" data-align=\"center\">7.8<\/td><td class=\"has-text-align-center\" data-align=\"center\">8<\/td><\/tr><tr><td>Gastroenterologia<\/td><td class=\"has-text-align-center\" data-align=\"center\">&ndash;<\/td><td class=\"has-text-align-center\" data-align=\"center\">8,6<\/td><\/tr><tr><td>Ginecologia e Obstetr&iacute;cia<\/td><td class=\"has-text-align-center\" data-align=\"center\">&ndash;<\/td><td class=\"has-text-align-center\" data-align=\"center\">7,8<\/td><\/tr><tr><td>Infectologia<\/td><td class=\"has-text-align-center\" data-align=\"center\">6<\/td><td class=\"has-text-align-center\" data-align=\"center\">7,49<\/td><\/tr><tr><td>Infectologia Pedi&aacute;trica<\/td><td class=\"has-text-align-center\" data-align=\"center\">&ndash;<\/td><td class=\"has-text-align-center\" data-align=\"center\">&ndash;<\/td><\/tr><tr><td>Medicina de Fam&iacute;lia e Comunidade<\/td><td class=\"has-text-align-center\" data-align=\"center\">&ndash;<\/td><td class=\"has-text-align-center\" data-align=\"center\">6,8<\/td><\/tr><tr><td>Medicina Intensiva<\/td><td class=\"has-text-align-center\" data-align=\"center\">&ndash;<\/td><td class=\"has-text-align-center\" data-align=\"center\">6,5<\/td><\/tr><tr><td>Medicina Intensiva Pedi&aacute;trica<\/td><td class=\"has-text-align-center\" data-align=\"center\">6.012<\/td><td class=\"has-text-align-center\" data-align=\"center\">56,128<\/td><\/tr><tr><td>Neonatologia<\/td><td class=\"has-text-align-center\" data-align=\"center\">5.344<\/td><td class=\"has-text-align-center\" data-align=\"center\">52,48<\/td><\/tr><tr><td>Neurocirurgia<\/td><td class=\"has-text-align-center\" data-align=\"center\">&ndash;<\/td><td class=\"has-text-align-center\" data-align=\"center\">&ndash;<\/td><\/tr><tr><td>Neurologia<\/td><td class=\"has-text-align-center\" data-align=\"center\">7.7<\/td><td class=\"has-text-align-center\" data-align=\"center\">7,654<\/td><\/tr><tr><td>Oftalmologia<\/td><td class=\"has-text-align-center\" data-align=\"center\">7.5<\/td><td class=\"has-text-align-center\" data-align=\"center\">7,78<\/td><\/tr><tr><td>Ortopedia e Traumatologia<\/td><td class=\"has-text-align-center\" data-align=\"center\">5.1<\/td><td class=\"has-text-align-center\" data-align=\"center\">67,6<\/td><\/tr><tr><td>Otorrinolaringologia<\/td><td class=\"has-text-align-center\" data-align=\"center\">7.7<\/td><td class=\"has-text-align-center\" data-align=\"center\">8,26<\/td><\/tr><tr><td>Patologia<\/td><td class=\"has-text-align-center\" data-align=\"center\">5<\/td><td class=\"has-text-align-center\" data-align=\"center\">6,925<\/td><\/tr><tr><td>Pediatria<\/td><td class=\"has-text-align-center\" data-align=\"center\">6.4<\/td><td class=\"has-text-align-center\" data-align=\"center\">7,096<\/td><\/tr><tr><td>Pneumologia<\/td><td class=\"has-text-align-center\" data-align=\"center\">6.4<\/td><td class=\"has-text-align-center\" data-align=\"center\">8,4<\/td><\/tr><tr><td>Psiquiatria<\/td><td class=\"has-text-align-center\" data-align=\"center\">7.5<\/td><td class=\"has-text-align-center\" data-align=\"center\">8,03<\/td><\/tr><tr><td>Reumatologia<\/td><td class=\"has-text-align-center\" data-align=\"center\">6<\/td><td class=\"has-text-align-center\" data-align=\"center\">6,95<\/td><\/tr><tr><td>Transplante de C&oacute;rnea<\/td><td class=\"has-text-align-center\" data-align=\"center\">8.016<\/td><td class=\"has-text-align-center\" data-align=\"center\">7,569<\/td><\/tr><tr><td>Urologia<\/td><td class=\"has-text-align-center\" data-align=\"center\">7.4<\/td><td class=\"has-text-align-center\" data-align=\"center\">7,6<\/td><\/tr><\/tbody><\/table><figcaption class=\"wp-element-caption\">A nota de corte equivale &agrave; pontua&ccedil;&atilde;o obtida pelo &uacute;ltimo candidato classificado na 1&ordf; fase e o &uacute;ltimo convocado na 1&ordf; chamada por especialidade na Ampla Concorr&ecirc;ncia<\/figcaption><\/figure><h2 class=\"wp-block-heading\" id=\"h-nota-de-corte-da-associacao-medica-do-parana-amp\"><span class=\"ez-toc-section\" id=\"Nota-de-Corte-da-Associacao-Medica-do-Parana-AMP\"><\/span>Nota de Corte da Associa&ccedil;&atilde;o M&eacute;dica do Paran&aacute; (AMP) <span class=\"ez-toc-section-end\"><\/span><\/h2><figure class=\"wp-block-table has-small-font-size\"><table class=\"has-fixed-layout\"><thead><tr><th>INSTITUI&Ccedil;&Atilde;O<\/th><th>PROGRAMA<\/th><th class=\"has-text-align-center\" data-align=\"center\">NOTA DE CORTE 2026<\/th><\/tr><\/thead><tbody><tr><td>Associa&ccedil;&atilde;o Beneficente de Sa&uacute;de do Noroeste do Paran&aacute; &ndash; NOROSPAR<\/td><td>Anestesiologia<\/td><td class=\"has-text-align-center\" data-align=\"center\">53<\/td><\/tr><tr><td>Associa&ccedil;&atilde;o Beneficente de Sa&uacute;de do Noroeste do Paran&aacute; &ndash; NOROSPAR<\/td><td>Cirurgia Geral<\/td><td class=\"has-text-align-center\" data-align=\"center\">50<\/td><\/tr><tr><td>Associa&ccedil;&atilde;o Beneficente de Sa&uacute;de do Noroeste do Paran&aacute; &ndash; NOROSPAR<\/td><td>Cl&iacute;nica M&eacute;dica<\/td><td class=\"has-text-align-center\" data-align=\"center\">52<\/td><\/tr><tr><td>Associa&ccedil;&atilde;o Beneficente de Sa&uacute;de do Noroeste do Paran&aacute; &ndash; NOROSPAR<\/td><td>Ginecologia e Obstetricia<\/td><td class=\"has-text-align-center\" data-align=\"center\">50<\/td><\/tr><tr><td>Associa&ccedil;&atilde;o Beneficente de Sa&uacute;de do Noroeste do Paran&aacute; &ndash; NOROSPAR<\/td><td>Medicina de Fam&iacute;lia e Comunidade<\/td><td class=\"has-text-align-center\" data-align=\"center\">50<\/td><\/tr><tr><td>Associa&ccedil;&atilde;o Beneficente de Sa&uacute;de do Noroeste do Paran&aacute; &ndash; NOROSPAR<\/td><td>Ortopedia e Traumatologia<\/td><td class=\"has-text-align-center\" data-align=\"center\">50<\/td><\/tr><tr><td>Associa&ccedil;&atilde;o Beneficente de Sa&uacute;de do Noroeste do Paran&aacute; &ndash; NOROSPAR<\/td><td>Pediatria<\/td><td class=\"has-text-align-center\" data-align=\"center\">50<\/td><\/tr><tr><td>Centro de Diabetes Curitiba<\/td><td>Endocrinologia Especializa&ccedil;&atilde;o<\/td><td class=\"has-text-align-center\" data-align=\"center\">50<\/td><\/tr><tr><td>Centro de Estudos em Terapia Intensiva &ndash; CEPETI<\/td><td>Medicina Intensiva<\/td><td class=\"has-text-align-center\" data-align=\"center\">50<\/td><\/tr><tr><td>Escola de Sa&uacute;de P&uacute;blica de S&atilde;o Jos&eacute; dos Pinhais<\/td><td>Anestesiologia<\/td><td class=\"has-text-align-center\" data-align=\"center\">53<\/td><\/tr><tr><td>Escola de Sa&uacute;de P&uacute;blica de S&atilde;o Jos&eacute; dos Pinhais<\/td><td>Cirurgia Geral<\/td><td class=\"has-text-align-center\" data-align=\"center\">51<\/td><\/tr><tr><td>Escola de Sa&uacute;de P&uacute;blica de S&atilde;o Jos&eacute; dos Pinhais<\/td><td>Cl&iacute;nica M&eacute;dica<\/td><td class=\"has-text-align-center\" data-align=\"center\">50<\/td><\/tr><tr><td>Escola de Sa&uacute;de P&uacute;blica de S&atilde;o Jos&eacute; dos Pinhais<\/td><td>Ginecologia e Obstetricia<\/td><td class=\"has-text-align-center\" data-align=\"center\">50<\/td><\/tr><tr><td>Escola de Sa&uacute;de P&uacute;blica de S&atilde;o Jos&eacute; dos Pinhais<\/td><td>Medicina de Fam&iacute;lia e Comunidade<\/td><td class=\"has-text-align-center\" data-align=\"center\">50<\/td><\/tr><tr><td>Escola de Sa&uacute;de P&uacute;blica de S&atilde;o Jos&eacute; dos Pinhais<\/td><td>Pediatria<\/td><td class=\"has-text-align-center\" data-align=\"center\">50<\/td><\/tr><tr><td>Escola de Sa&uacute;de P&uacute;blica de S&atilde;o Jos&eacute; dos Pinhais<\/td><td>Psiquiatria<\/td><td class=\"has-text-align-center\" data-align=\"center\">50<\/td><\/tr><tr><td>Funda&ccedil;&atilde;o de Sa&uacute;de Itaiguapy<\/td><td>Anestesiologia<\/td><td class=\"has-text-align-center\" data-align=\"center\">52<\/td><\/tr><tr><td>Funda&ccedil;&atilde;o de Sa&uacute;de Itaiguapy<\/td><td>Cardiologia<\/td><td class=\"has-text-align-center\" data-align=\"center\">54<\/td><\/tr><tr><td>Funda&ccedil;&atilde;o de Sa&uacute;de Itaiguapy<\/td><td>Ginecologia e Obstetricia<\/td><td class=\"has-text-align-center\" data-align=\"center\">51<\/td><\/tr><tr><td>Funda&ccedil;&atilde;o de Sa&uacute;de Itaiguapy<\/td><td>Medicina Intensiva<\/td><td class=\"has-text-align-center\" data-align=\"center\">51<\/td><\/tr><tr><td>Funda&ccedil;&atilde;o de Sa&uacute;de Itaiguapy<\/td><td>Neonatologia<\/td><td class=\"has-text-align-center\" data-align=\"center\">72<\/td><\/tr><tr><td>Funda&ccedil;&atilde;o de Sa&uacute;de Itaiguapy<\/td><td>Radiologia e Diagn&oacute;stico por Imagem<\/td><td class=\"has-text-align-center\" data-align=\"center\">53<\/td><\/tr><tr><td>Funda&ccedil;&atilde;o Municipal de Sa&uacute;de de Ponta Grossa<\/td><td>Medicina de Fam&iacute;lia e Comunidade<\/td><td class=\"has-text-align-center\" data-align=\"center\">50<\/td><\/tr><tr><td>Hospitais Universit&aacute;rios UEPG<\/td><td>Anestesiologia<\/td><td class=\"has-text-align-center\" data-align=\"center\">53<\/td><\/tr><tr><td>Hospitais Universit&aacute;rios UEPG<\/td><td>Cirurgia Geral<\/td><td class=\"has-text-align-center\" data-align=\"center\">51<\/td><\/tr><tr><td>Hospitais Universit&aacute;rios UEPG<\/td><td>Cirurgia Vascular<\/td><td class=\"has-text-align-center\" data-align=\"center\">76<\/td><\/tr><tr><td>Hospitais Universit&aacute;rios UEPG<\/td><td>Cl&iacute;nica M&eacute;dica<\/td><td class=\"has-text-align-center\" data-align=\"center\">51<\/td><\/tr><tr><td>Hospitais Universit&aacute;rios UEPG<\/td><td>Endoscopia<\/td><td class=\"has-text-align-center\" data-align=\"center\">55<\/td><\/tr><tr><td>Hospitais Universit&aacute;rios UEPG<\/td><td>Ginecologia e Obstetricia<\/td><td class=\"has-text-align-center\" data-align=\"center\">51<\/td><\/tr><tr><td>Hospitais Universit&aacute;rios UEPG<\/td><td>Medicina Intensiva<\/td><td class=\"has-text-align-center\" data-align=\"center\">51<\/td><\/tr><tr><td>Hospitais Universit&aacute;rios UEPG<\/td><td>Neurologia<\/td><td class=\"has-text-align-center\" data-align=\"center\">51<\/td><\/tr><tr><td>Hospitais Universit&aacute;rios UEPG<\/td><td>Ortopedia e Traumatologia<\/td><td class=\"has-text-align-center\" data-align=\"center\">50<\/td><\/tr><tr><td>Hospitais Universit&aacute;rios UEPG<\/td><td>Otorrinolaringologia<\/td><td class=\"has-text-align-center\" data-align=\"center\">51<\/td><\/tr><tr><td>Hospitais Universit&aacute;rios UEPG<\/td><td>Pediatria<\/td><td class=\"has-text-align-center\" data-align=\"center\">53<\/td><\/tr><tr><td>Hospitais Universit&aacute;rios UEPG<\/td><td>Radiologia e Diagn&oacute;stico por Imagem<\/td><td class=\"has-text-align-center\" data-align=\"center\">51<\/td><\/tr><tr><td>Hospital Adauto Botelho<\/td><td>Psiquiatria<\/td><td class=\"has-text-align-center\" data-align=\"center\">50<\/td><\/tr><tr><td>Hospital Cemil<\/td><td>Cirurgia Geral<\/td><td class=\"has-text-align-center\" data-align=\"center\">50<\/td><\/tr><tr><td>Hospital Cemil<\/td><td>Medicina Intensiva<\/td><td class=\"has-text-align-center\" data-align=\"center\">56<\/td><\/tr><tr><td>Hospital Cemil<\/td><td>Pediatria<\/td><td class=\"has-text-align-center\" data-align=\"center\">50<\/td><\/tr><tr><td>Hospital Costantini<\/td><td>Cardiologia<\/td><td class=\"has-text-align-center\" data-align=\"center\">52<\/td><\/tr><tr><td>Hospital Cruz Vermelha<\/td><td>Cardiologia<\/td><td class=\"has-text-align-center\" data-align=\"center\">56<\/td><\/tr><tr><td>Hospital Cruz Vermelha<\/td><td>Cirurgia Cardiovascular &ndash; Sigresid&ecirc;ncia<\/td><td class=\"has-text-align-center\" data-align=\"center\">51<\/td><\/tr><tr><td>Hospital Cruz Vermelha<\/td><td>Cirurgia Geral<\/td><td class=\"has-text-align-center\" data-align=\"center\">51<\/td><\/tr><tr><td>Hospital Cruz Vermelha<\/td><td>Cl&iacute;nica M&eacute;dica<\/td><td class=\"has-text-align-center\" data-align=\"center\">50<\/td><\/tr><tr><td>Hospital Cruz Vermelha<\/td><td>Cl&iacute;nica M&eacute;dica &ndash; Sigresid&ecirc;ncia<\/td><td class=\"has-text-align-center\" data-align=\"center\">53<\/td><\/tr><tr><td>Hospital Cruz Vermelha<\/td><td>Medicina de Emerg&ecirc;ncia &ndash; Sigresid&ecirc;ncia<\/td><td class=\"has-text-align-center\" data-align=\"center\">54<\/td><\/tr><tr><td>Hospital Cruz Vermelha<\/td><td>Medicina Intensiva<\/td><td class=\"has-text-align-center\" data-align=\"center\">50<\/td><\/tr><tr><td>Hospital Cruz Vermelha<\/td><td>Radiologia e Diagn&oacute;stico por Imagem<\/td><td class=\"has-text-align-center\" data-align=\"center\">54<\/td><\/tr><tr><td>Hospital Cruz Vermelha<\/td><td>Urologia<\/td><td class=\"has-text-align-center\" data-align=\"center\">76<\/td><\/tr><tr><td>Hospital da Provid&ecirc;ncia<\/td><td>Anestesiologia<\/td><td class=\"has-text-align-center\" data-align=\"center\">50<\/td><\/tr><tr><td>Hospital da Provid&ecirc;ncia<\/td><td>Cirurgia Geral<\/td><td class=\"has-text-align-center\" data-align=\"center\">50<\/td><\/tr><tr><td>Hospital da Provid&ecirc;ncia<\/td><td>Cl&iacute;nica M&eacute;dica<\/td><td class=\"has-text-align-center\" data-align=\"center\">51<\/td><\/tr><tr><td>Hospital da Provid&ecirc;ncia<\/td><td>Pediatria<\/td><td class=\"has-text-align-center\" data-align=\"center\">50<\/td><\/tr><tr><td>Hospital da Vis&atilde;o Oftalmocuritiba<\/td><td>Oftalmologia<\/td><td class=\"has-text-align-center\" data-align=\"center\">50<\/td><\/tr><tr><td>Hospital de Dermatologia Sanit&aacute;ria do Paran&aacute;<\/td><td>Dermatologia<\/td><td class=\"has-text-align-center\" data-align=\"center\">50<\/td><\/tr><tr><td>Hospital do C&acirc;ncer &ndash; UOPECCAN Umuarama<\/td><td>Cirurgia Geral<\/td><td class=\"has-text-align-center\" data-align=\"center\">50<\/td><\/tr><tr><td>Hospital do C&acirc;ncer &ndash; UOPECCAN Umuarama<\/td><td>Cirurgia Oncol&oacute;gica<\/td><td class=\"has-text-align-center\" data-align=\"center\">80<\/td><\/tr><tr><td>Hospital do C&acirc;ncer &ndash; UOPECCAN Umuarama<\/td><td>Cl&iacute;nica M&eacute;dica<\/td><td class=\"has-text-align-center\" data-align=\"center\">50<\/td><\/tr><tr><td>Hospital do C&acirc;ncer &ndash; UOPECCAN Umuarama<\/td><td>Medicina Intensiva<\/td><td class=\"has-text-align-center\" data-align=\"center\">52<\/td><\/tr><tr><td>Hospital do C&acirc;ncer de Cascavel &ndash; UOPECCAN Cascavel<\/td><td>Cirurgia Oncol&oacute;gica<\/td><td class=\"has-text-align-center\" data-align=\"center\">82<\/td><\/tr><tr><td>Hospital do C&acirc;ncer de Cascavel &ndash; UOPECCAN Cascavel<\/td><td>Oncologia Cl&iacute;nica<\/td><td class=\"has-text-align-center\" data-align=\"center\">52<\/td><\/tr><tr><td>Hospital do C&acirc;ncer de Londrina<\/td><td>Cirurgia Oncol&oacute;gica<\/td><td class=\"has-text-align-center\" data-align=\"center\">78<\/td><\/tr><tr><td>Hospital do C&acirc;ncer de Londrina<\/td><td>Oncologia Cl&iacute;nica<\/td><td class=\"has-text-align-center\" data-align=\"center\">54<\/td><\/tr><tr><td>Hospital do Rocio<\/td><td>Cirurgia Card&iacute;aca<\/td><td class=\"has-text-align-center\" data-align=\"center\">51<\/td><\/tr><tr><td>Hospital do Rocio<\/td><td>Cirurgia Geral<\/td><td class=\"has-text-align-center\" data-align=\"center\">50<\/td><\/tr><tr><td>Hospital do Rocio<\/td><td>Cirurgia Tor&aacute;cica<\/td><td class=\"has-text-align-center\" data-align=\"center\">76<\/td><\/tr><tr><td>Hospital do Rocio<\/td><td>Medicina Intensiva<\/td><td class=\"has-text-align-center\" data-align=\"center\">51<\/td><\/tr><tr><td>Hospital do Rocio<\/td><td>Neonatologia<\/td><td class=\"has-text-align-center\" data-align=\"center\">56<\/td><\/tr><tr><td>Hospital do Rocio<\/td><td>Neurologia<\/td><td class=\"has-text-align-center\" data-align=\"center\">51<\/td><\/tr><tr><td>Hospital do Trabalhador<\/td><td>Anestesiologia<\/td><td class=\"has-text-align-center\" data-align=\"center\">52<\/td><\/tr><tr><td>Hospital do Trabalhador<\/td><td>Cirurgia Cr&acirc;nio-Maxilo-Facial<\/td><td class=\"has-text-align-center\" data-align=\"center\">66<\/td><\/tr><tr><td>Hospital do Trabalhador<\/td><td>Cirurgia Geral<\/td><td class=\"has-text-align-center\" data-align=\"center\">50<\/td><\/tr><tr><td>Hospital do Trabalhador<\/td><td>Cirurgia Vascular<\/td><td class=\"has-text-align-center\" data-align=\"center\">68<\/td><\/tr><tr><td>Hospital do Trabalhador<\/td><td>Ginecologia e Obstetricia<\/td><td class=\"has-text-align-center\" data-align=\"center\">50<\/td><\/tr><tr><td>Hospital do Trabalhador<\/td><td>Infectologia<\/td><td class=\"has-text-align-center\" data-align=\"center\">50<\/td><\/tr><tr><td>Hospital do Trabalhador<\/td><td>Medicina Intensiva<\/td><td class=\"has-text-align-center\" data-align=\"center\">51<\/td><\/tr><tr><td>Hospital do Trabalhador<\/td><td>Neurocirurgia<\/td><td class=\"has-text-align-center\" data-align=\"center\">50<\/td><\/tr><tr><td>Hospital do Trabalhador<\/td><td>Ortopedia e Traumatologia<\/td><td class=\"has-text-align-center\" data-align=\"center\">50<\/td><\/tr><tr><td>Hospital Dr. An&iacute;sio Figueiredo<\/td><td>Anestesiologia<\/td><td class=\"has-text-align-center\" data-align=\"center\">50<\/td><\/tr><tr><td>Hospital Dr. An&iacute;sio Figueiredo<\/td><td>Cirurgia Geral<\/td><td class=\"has-text-align-center\" data-align=\"center\">50<\/td><\/tr><tr><td>Hospital Dr. An&iacute;sio Figueiredo<\/td><td>Cl&iacute;nica M&eacute;dica<\/td><td class=\"has-text-align-center\" data-align=\"center\">50<\/td><\/tr><tr><td>Hospital Dr. An&iacute;sio Figueiredo<\/td><td>Medicina de Fam&iacute;lia e Comunidade<\/td><td class=\"has-text-align-center\" data-align=\"center\">50<\/td><\/tr><tr><td>Hospital Dr. An&iacute;sio Figueiredo<\/td><td>Ortopedia e Traumatologia<\/td><td class=\"has-text-align-center\" data-align=\"center\">50<\/td><\/tr><tr><td>Hospital Dr. Eulalino Ign&aacute;cio de Andrade<\/td><td>Anestesiologia<\/td><td class=\"has-text-align-center\" data-align=\"center\">50<\/td><\/tr><tr><td>Hospital Dr. Eulalino Ign&aacute;cio de Andrade<\/td><td>Cl&iacute;nica M&eacute;dica<\/td><td class=\"has-text-align-center\" data-align=\"center\">50<\/td><\/tr><tr><td>Hospital Dr. Eulalino Ign&aacute;cio de Andrade<\/td><td>Pediatria<\/td><td class=\"has-text-align-center\" data-align=\"center\">50<\/td><\/tr><tr><td>Hospital Erasto Gaertner<\/td><td>Anestesiologia<\/td><td class=\"has-text-align-center\" data-align=\"center\">53<\/td><\/tr><tr><td>Hospital Erasto Gaertner<\/td><td>Cirurgia Oncol&oacute;gica<\/td><td class=\"has-text-align-center\" data-align=\"center\">78<\/td><\/tr><tr><td>Hospital Erasto Gaertner<\/td><td>Hematologia e Hemoterapia<\/td><td class=\"has-text-align-center\" data-align=\"center\">56<\/td><\/tr><tr><td>Hospital Erasto Gaertner<\/td><td>Medicina Intensiva<\/td><td class=\"has-text-align-center\" data-align=\"center\">51<\/td><\/tr><tr><td>Hospital Erasto Gaertner<\/td><td>Oncologia Cl&iacute;nica<\/td><td class=\"has-text-align-center\" data-align=\"center\">54<\/td><\/tr><tr><td>Hospital Erasto Gaertner<\/td><td>Oncologia Pedi&aacute;trica<\/td><td class=\"has-text-align-center\" data-align=\"center\">56<\/td><\/tr><tr><td>Hospital Erasto Gaertner<\/td><td>Patologia<\/td><td class=\"has-text-align-center\" data-align=\"center\">50<\/td><\/tr><tr><td>Hospital Erasto Gaertner<\/td><td>Radioterapia<\/td><td class=\"has-text-align-center\" data-align=\"center\">50<\/td><\/tr><tr><td>Hospital Evang&eacute;lico de Londrina<\/td><td>Anestesiologia<\/td><td class=\"has-text-align-center\" data-align=\"center\">50<\/td><\/tr><tr><td>Hospital Evang&eacute;lico de Londrina<\/td><td>Cirurgia Cardiovascular<\/td><td class=\"has-text-align-center\" data-align=\"center\">50<\/td><\/tr><tr><td>Hospital Evang&eacute;lico de Londrina<\/td><td>Cirurgia Geral<\/td><td class=\"has-text-align-center\" data-align=\"center\">51<\/td><\/tr><tr><td>Hospital Evang&eacute;lico de Londrina<\/td><td>Cirurgia Vascular<\/td><td class=\"has-text-align-center\" data-align=\"center\">70<\/td><\/tr><tr><td>Hospital Evang&eacute;lico de Londrina<\/td><td>Cl&iacute;nica M&eacute;dica<\/td><td class=\"has-text-align-center\" data-align=\"center\">50<\/td><\/tr><tr><td>Hospital Evang&eacute;lico de Londrina<\/td><td>Ginecologia e Obstetricia<\/td><td class=\"has-text-align-center\" data-align=\"center\">50<\/td><\/tr><tr><td>Hospital Evang&eacute;lico de Londrina<\/td><td>Medicina Intensiva<\/td><td class=\"has-text-align-center\" data-align=\"center\">54<\/td><\/tr><tr><td>Hospital Evang&eacute;lico de Londrina<\/td><td>Nefrologia<\/td><td class=\"has-text-align-center\" data-align=\"center\">52<\/td><\/tr><tr><td>Hospital Evang&eacute;lico de Londrina<\/td><td>Neurocirurgia<\/td><td class=\"has-text-align-center\" data-align=\"center\">50<\/td><\/tr><tr><td>Hospital Evang&eacute;lico de Londrina<\/td><td>Neurologia<\/td><td class=\"has-text-align-center\" data-align=\"center\">50<\/td><\/tr><tr><td>Hospital Evang&eacute;lico de Londrina<\/td><td>Ortopedia e Traumatologia<\/td><td class=\"has-text-align-center\" data-align=\"center\">50<\/td><\/tr><tr><td>Hospital Evang&eacute;lico de Londrina<\/td><td>Radiologia e Diagn&oacute;stico por Imagem<\/td><td class=\"has-text-align-center\" data-align=\"center\">51<\/td><\/tr><tr><td>Hospital Evang&eacute;lico de Londrina<\/td><td>Urologia<\/td><td class=\"has-text-align-center\" data-align=\"center\">72<\/td><\/tr><tr><td>Hospital Heidelberg<\/td><td>Psiquiatria<\/td><td class=\"has-text-align-center\" data-align=\"center\">50<\/td><\/tr><tr><td>Hospital IPO<\/td><td>Otorrinolaringologia &ndash; Especializa&ccedil;&atilde;o<\/td><td class=\"has-text-align-center\" data-align=\"center\">50<\/td><\/tr><tr><td>Hospital Memorial UNING&Aacute;<\/td><td>Anestesiologia<\/td><td class=\"has-text-align-center\" data-align=\"center\">50<\/td><\/tr><tr><td>Hospital Memorial UNING&Aacute;<\/td><td>Cirurgia Geral<\/td><td class=\"has-text-align-center\" data-align=\"center\">50<\/td><\/tr><tr><td>Hospital Memorial UNING&Aacute;<\/td><td>Cl&iacute;nica M&eacute;dica<\/td><td class=\"has-text-align-center\" data-align=\"center\">50<\/td><\/tr><tr><td>Hospital Memorial UNING&Aacute;<\/td><td>Medicina de Fam&iacute;lia e Comunidade<\/td><td class=\"has-text-align-center\" data-align=\"center\">50<\/td><\/tr><tr><td>Hospital Memorial UNING&Aacute;<\/td><td>Medicina Intensiva<\/td><td class=\"has-text-align-center\" data-align=\"center\">54<\/td><\/tr><tr><td>Hospital Nossa Senhora das Gra&ccedil;as<\/td><td>Anestesiologia<\/td><td class=\"has-text-align-center\" data-align=\"center\">50<\/td><\/tr><tr><td>Hospital Nossa Senhora das Gra&ccedil;as<\/td><td>Angiorradiologia e Cirurgia Endovascular<\/td><td class=\"has-text-align-center\" data-align=\"center\">80<\/td><\/tr><tr><td>Hospital Nossa Senhora das Gra&ccedil;as<\/td><td>Cardiologia<\/td><td class=\"has-text-align-center\" data-align=\"center\">56<\/td><\/tr><tr><td>Hospital Nossa Senhora das Gra&ccedil;as<\/td><td>Cirurgia do Aparelho Digestivo<\/td><td class=\"has-text-align-center\" data-align=\"center\">82<\/td><\/tr><tr><td>Hospital Nossa Senhora das Gra&ccedil;as<\/td><td>Cirurgia Geral<\/td><td class=\"has-text-align-center\" data-align=\"center\">51<\/td><\/tr><tr><td>Hospital Nossa Senhora das Gra&ccedil;as<\/td><td>Cirurgia Oncol&oacute;gica<\/td><td class=\"has-text-align-center\" data-align=\"center\">78<\/td><\/tr><tr><td>Hospital Nossa Senhora das Gra&ccedil;as<\/td><td>Cirurgia Tor&aacute;cica<\/td><td class=\"has-text-align-center\" data-align=\"center\">76<\/td><\/tr><tr><td>Hospital Nossa Senhora das Gra&ccedil;as<\/td><td>Cirurgia Vascular<\/td><td class=\"has-text-align-center\" data-align=\"center\">68<\/td><\/tr><tr><td>Hospital Nossa Senhora das Gra&ccedil;as<\/td><td>Cl&iacute;nica M&eacute;dica<\/td><td class=\"has-text-align-center\" data-align=\"center\">50<\/td><\/tr><tr><td>Hospital Nossa Senhora das Gra&ccedil;as<\/td><td>Endoscopia<\/td><td class=\"has-text-align-center\" data-align=\"center\">55<\/td><\/tr><tr><td>Hospital Nossa Senhora das Gra&ccedil;as<\/td><td>Gastroenterologia<\/td><td class=\"has-text-align-center\" data-align=\"center\">52<\/td><\/tr><tr><td>Hospital Nossa Senhora das Gra&ccedil;as<\/td><td>Ginecologia e Obstetricia<\/td><td class=\"has-text-align-center\" data-align=\"center\">50<\/td><\/tr><tr><td>Hospital Nossa Senhora das Gra&ccedil;as<\/td><td>Infectologia<\/td><td class=\"has-text-align-center\" data-align=\"center\">51<\/td><\/tr><tr><td>Hospital Nossa Senhora das Gra&ccedil;as<\/td><td>Mastologia<\/td><td class=\"has-text-align-center\" data-align=\"center\">80<\/td><\/tr><tr><td>Hospital Nossa Senhora das Gra&ccedil;as<\/td><td>Medicina Intensiva<\/td><td class=\"has-text-align-center\" data-align=\"center\">50<\/td><\/tr><tr><td>Hospital Nossa Senhora das Gra&ccedil;as<\/td><td>Neonatologia<\/td><td class=\"has-text-align-center\" data-align=\"center\">56<\/td><\/tr><tr><td>Hospital Nossa Senhora das Gra&ccedil;as<\/td><td>Neurologia<\/td><td class=\"has-text-align-center\" data-align=\"center\">51<\/td><\/tr><tr><td>Hospital Nossa Senhora das Gra&ccedil;as<\/td><td>Oncologia Cl&iacute;nica<\/td><td class=\"has-text-align-center\" data-align=\"center\">54<\/td><\/tr><tr><td>Hospital Nossa Senhora das Gra&ccedil;as<\/td><td>Pediatria<\/td><td class=\"has-text-align-center\" data-align=\"center\">51<\/td><\/tr><tr><td>Hospital Nossa Senhora das Gra&ccedil;as<\/td><td>Radiologia e Diagn&oacute;stico por Imagem<\/td><td class=\"has-text-align-center\" data-align=\"center\">50<\/td><\/tr><tr><td>Hospital Nossa Senhora das Gra&ccedil;as<\/td><td>Urologia<\/td><td class=\"has-text-align-center\" data-align=\"center\">72<\/td><\/tr><tr><td>Hospital Regional do Litoral<\/td><td>Cirurgia Geral<\/td><td class=\"has-text-align-center\" data-align=\"center\">50<\/td><\/tr><tr><td>Hospital Santa Br&iacute;gida<\/td><td>Ginecologia e Obstetricia<\/td><td class=\"has-text-align-center\" data-align=\"center\">50<\/td><\/tr><tr><td>Hospital Santa Casa de Curitiba<\/td><td>Anestesiologia<\/td><td class=\"has-text-align-center\" data-align=\"center\">50<\/td><\/tr><tr><td>Hospital Santa Casa de Curitiba<\/td><td>Cardiologia<\/td><td class=\"has-text-align-center\" data-align=\"center\">54<\/td><\/tr><tr><td>Hospital Santa Casa de Curitiba<\/td><td>Cirurgia Cardiovascular<\/td><td class=\"has-text-align-center\" data-align=\"center\">51<\/td><\/tr><tr><td>Hospital Santa Casa de Curitiba<\/td><td>Cirurgia do Aparelho Digestivo<\/td><td class=\"has-text-align-center\" data-align=\"center\">76<\/td><\/tr><tr><td>Hospital Santa Casa de Curitiba<\/td><td>Cirurgia Geral<\/td><td class=\"has-text-align-center\" data-align=\"center\">51<\/td><\/tr><tr><td>Hospital Santa Casa de Curitiba<\/td><td>Cirurgia Oncol&oacute;gica<\/td><td class=\"has-text-align-center\" data-align=\"center\">78<\/td><\/tr><tr><td>Hospital Santa Casa de Curitiba<\/td><td>Cirurgia Vascular<\/td><td class=\"has-text-align-center\" data-align=\"center\">70<\/td><\/tr><tr><td>Hospital Santa Casa de Curitiba<\/td><td>Dermatologia<\/td><td class=\"has-text-align-center\" data-align=\"center\">50<\/td><\/tr><tr><td>Hospital Santa Casa de Curitiba<\/td><td>Ginecologia e Obstetricia<\/td><td class=\"has-text-align-center\" data-align=\"center\">50<\/td><\/tr><tr><td>Hospital Santa Casa de Curitiba<\/td><td>Nefrologia<\/td><td class=\"has-text-align-center\" data-align=\"center\">52<\/td><\/tr><tr><td>Hospital Santa Casa de Curitiba<\/td><td>Oftalmologia<\/td><td class=\"has-text-align-center\" data-align=\"center\">50<\/td><\/tr><tr><td>Hospital Santa Casa de Curitiba<\/td><td>Ortopedia e Traumatologia<\/td><td class=\"has-text-align-center\" data-align=\"center\">50<\/td><\/tr><tr><td>Hospital Santa Casa de Curitiba<\/td><td>Otorrinolaringologia<\/td><td class=\"has-text-align-center\" data-align=\"center\">50<\/td><\/tr><tr><td>Hospital Santa Casa de Curitiba<\/td><td>Psiquiatria<\/td><td class=\"has-text-align-center\" data-align=\"center\">50<\/td><\/tr><tr><td>Hospital Santa Casa de Curitiba<\/td><td>Radiologia e Diagn&oacute;stico por Imagem<\/td><td class=\"has-text-align-center\" data-align=\"center\">50<\/td><\/tr><tr><td>Hospital Santa Casa de Curitiba<\/td><td>Urologia<\/td><td class=\"has-text-align-center\" data-align=\"center\">72<\/td><\/tr><tr><td>Hospital S&atilde;o Lucas de Pato Branco<\/td><td>Cl&iacute;nica M&eacute;dica<\/td><td class=\"has-text-align-center\" data-align=\"center\">50<\/td><\/tr><tr><td>Hospital S&atilde;o Lucas de Pato Branco<\/td><td>Ginecologia e Obstetricia<\/td><td class=\"has-text-align-center\" data-align=\"center\">51<\/td><\/tr><tr><td>Hospital S&atilde;o Lucas de Pato Branco<\/td><td>Pediatria<\/td><td class=\"has-text-align-center\" data-align=\"center\">50<\/td><\/tr><tr><td>Hospital S&atilde;o Vicente<\/td><td>Cirurgia Geral<\/td><td class=\"has-text-align-center\" data-align=\"center\">51<\/td><\/tr><tr><td>Hospital S&atilde;o Vicente<\/td><td>Cirurgia Oncol&oacute;gica<\/td><td class=\"has-text-align-center\" data-align=\"center\">74<\/td><\/tr><tr><td>Hospital S&atilde;o Vicente<\/td><td>Radiologia e Diagn&oacute;stico por Imagem<\/td><td class=\"has-text-align-center\" data-align=\"center\">50<\/td><\/tr><tr><td>Hospital S&atilde;o Vicente de Paulo<\/td><td>Anestesiologia<\/td><td class=\"has-text-align-center\" data-align=\"center\">50<\/td><\/tr><tr><td>Hospital S&atilde;o Vicente de Paulo<\/td><td>Cardiologia<\/td><td class=\"has-text-align-center\" data-align=\"center\">56<\/td><\/tr><tr><td>Hospital S&atilde;o Vicente de Paulo<\/td><td>Cirurgia Geral<\/td><td class=\"has-text-align-center\" data-align=\"center\">51<\/td><\/tr><tr><td>Hospital S&atilde;o Vicente de Paulo<\/td><td>Cirurgia Oncol&oacute;gica<\/td><td class=\"has-text-align-center\" data-align=\"center\">86<\/td><\/tr><tr><td>Hospital S&atilde;o Vicente de Paulo<\/td><td>Ginecologia e Obstetricia<\/td><td class=\"has-text-align-center\" data-align=\"center\">52<\/td><\/tr><tr><td>Hospital S&atilde;o Vicente de Paulo<\/td><td>Medicina Intensiva<\/td><td class=\"has-text-align-center\" data-align=\"center\">51<\/td><\/tr><tr><td>Hospital S&atilde;o Vicente de Paulo<\/td><td>Oncologia Cl&iacute;nica<\/td><td class=\"has-text-align-center\" data-align=\"center\">&acute;54<\/td><\/tr><tr><td>Hospital S&atilde;o Vicente de Paulo<\/td><td>Pediatria<\/td><td class=\"has-text-align-center\" data-align=\"center\">51<\/td><\/tr><tr><td>Hospital Vita<\/td><td>Medicina de Emerg&ecirc;ncia<\/td><td class=\"has-text-align-center\" data-align=\"center\">50<\/td><\/tr><tr><td>Hospital Vita<\/td><td>Medicina Intensiva<\/td><td class=\"has-text-align-center\" data-align=\"center\">51<\/td><\/tr><tr><td>Ortopedia e Traumatologia<\/td><td>Ortopedia e Traumatologia<\/td><td class=\"has-text-align-center\" data-align=\"center\">50<\/td><\/tr><tr><td>Instituto de Neurologia de Curitiba &ndash; INC<\/td><td>Anestesiologia<\/td><td class=\"has-text-align-center\" data-align=\"center\">50<\/td><\/tr><tr><td>Instituto de Neurologia de Curitiba &ndash; INC<\/td><td>Cardiologia<\/td><td class=\"has-text-align-center\" data-align=\"center\">54<\/td><\/tr><tr><td>Instituto de Neurologia de Curitiba &ndash; INC<\/td><td>Cirurgia Cardiovascular<\/td><td class=\"has-text-align-center\" data-align=\"center\">51<\/td><\/tr><tr><td>Instituto de Neurologia de Curitiba &ndash; INC<\/td><td>Medicina Intensiva<\/td><td class=\"has-text-align-center\" data-align=\"center\">51<\/td><\/tr><tr><td>Instituto de Neurologia de Curitiba &ndash; INC<\/td><td>Neurocirurgia<\/td><td class=\"has-text-align-center\" data-align=\"center\">50<\/td><\/tr><tr><td>Instituto de Neurologia de Curitiba &ndash; INC<\/td><td>Neurologia<\/td><td class=\"has-text-align-center\" data-align=\"center\">50<\/td><\/tr><tr><td>Instituto Nossa Senhora Aparecida<\/td><td>Anestesiologia<\/td><td class=\"has-text-align-center\" data-align=\"center\">53<\/td><\/tr><tr><td>Instituto Nossa Senhora Aparecida<\/td><td>Cirurgia Cardiovascular<\/td><td class=\"has-text-align-center\" data-align=\"center\">50<\/td><\/tr><tr><td>Instituto Nossa Senhora Aparecida<\/td><td>Cl&iacute;nica M&eacute;dica<\/td><td class=\"has-text-align-center\" data-align=\"center\">53<\/td><\/tr><tr><td>Instituto Nossa Senhora Aparecida<\/td><td>Medicina de Fam&iacute;lia e Comunidade<\/td><td class=\"has-text-align-center\" data-align=\"center\">50<\/td><\/tr><tr><td>Instituto Policl&iacute;nica de Pato Branco<\/td><td>Anestesiologia<\/td><td class=\"has-text-align-center\" data-align=\"center\">53<\/td><\/tr><tr><td>Instituto Policl&iacute;nica de Pato Branco<\/td><td>Cardiologia<\/td><td class=\"has-text-align-center\" data-align=\"center\">56<\/td><\/tr><tr><td>Instituto Policl&iacute;nica de Pato Branco<\/td><td>Cirurgia Geral<\/td><td class=\"has-text-align-center\" data-align=\"center\">51<\/td><\/tr><tr><td>Instituto Policl&iacute;nica de Pato Branco<\/td><td>Cl&iacute;nica M&eacute;dica<\/td><td class=\"has-text-align-center\" data-align=\"center\">50<\/td><\/tr><tr><td>Instituto Policl&iacute;nica de Pato Branco<\/td><td>Ortopedia e Traumatologia<\/td><td class=\"has-text-align-center\" data-align=\"center\">50<\/td><\/tr><tr><td>Instituto Policl&iacute;nica de Pato Branco<\/td><td>Pediatria<\/td><td class=\"has-text-align-center\" data-align=\"center\">50<\/td><\/tr><tr><td>Irmandade da Santa Casa de Londrina<\/td><td>Anestesiologia<\/td><td class=\"has-text-align-center\" data-align=\"center\">50<\/td><\/tr><tr><td>Irmandade da Santa Casa de Londrina<\/td><td>Cardiologia<\/td><td class=\"has-text-align-center\" data-align=\"center\">54<\/td><\/tr><tr><td>Irmandade da Santa Casa de Londrina<\/td><td>Cirurgia Cardiovascular<\/td><td class=\"has-text-align-center\" data-align=\"center\">51<\/td><\/tr><tr><td>Irmandade da Santa Casa de Londrina<\/td><td>Cirurgia Geral<\/td><td class=\"has-text-align-center\" data-align=\"center\">50<\/td><\/tr><tr><td>Irmandade da Santa Casa de Londrina<\/td><td>Cirurgia Vascular<\/td><td class=\"has-text-align-center\" data-align=\"center\">76<\/td><\/tr><tr><td>Irmandade da Santa Casa de Londrina<\/td><td>Cl&iacute;nica M&eacute;dica<\/td><td class=\"has-text-align-center\" data-align=\"center\">50<\/td><\/tr><tr><td>Irmandade da Santa Casa de Londrina<\/td><td>Endoscopia<\/td><td class=\"has-text-align-center\" data-align=\"center\">55<\/td><\/tr><tr><td>Irmandade da Santa Casa de Londrina<\/td><td>Gastroenterologia<\/td><td class=\"has-text-align-center\" data-align=\"center\">54<\/td><\/tr><tr><td>Irmandade da Santa Casa de Londrina<\/td><td>Nefrologia<\/td><td class=\"has-text-align-center\" data-align=\"center\">52<\/td><\/tr><tr><td>Irmandade da Santa Casa de Londrina<\/td><td>Neurocirurgia<\/td><td class=\"has-text-align-center\" data-align=\"center\">50<\/td><\/tr><tr><td>Irmandade da Santa Casa de Londrina<\/td><td>Neurologia<\/td><td class=\"has-text-align-center\" data-align=\"center\">51<\/td><\/tr><tr><td>Irmandade da Santa Casa de Londrina<\/td><td>Ortopedia e Traumatologia<\/td><td class=\"has-text-align-center\" data-align=\"center\">50<\/td><\/tr><tr><td>Irmandade da Santa Casa de Londrina<\/td><td>Pediatria<\/td><td class=\"has-text-align-center\" data-align=\"center\">50<\/td><\/tr><tr><td>Irmandade da Santa Casa de Londrina<\/td><td>Radiologia e Diagn&oacute;stico por Imagem<\/td><td class=\"has-text-align-center\" data-align=\"center\">50<\/td><\/tr><tr><td>Maternidade e Cirurgia Nossa Senhora do Rocio<\/td><td>Cirurgia Card&iacute;aca &ndash; Capacita&ccedil;&atilde;o<\/td><td class=\"has-text-align-center\" data-align=\"center\">51<\/td><\/tr><tr><td>Maternidade e Cirurgia Nossa Senhora do Rocio<\/td><td>Cirurgia Geral &ndash; Capacita&ccedil;&atilde;o<\/td><td class=\"has-text-align-center\" data-align=\"center\">52<\/td><\/tr><tr><td>Maternidade e Cirurgia Nossa Senhora do Rocio<\/td><td>Cirurgia Vascular &ndash; Capacita&ccedil;&atilde;o<\/td><td class=\"has-text-align-center\" data-align=\"center\">70<\/td><\/tr><tr><td>Maternidade e Cirurgia Nossa Senhora do Rocio<\/td><td>Ginecologia e Obstetr&iacute;cia &ndash; Capacita&ccedil;&atilde;o<\/td><td class=\"has-text-align-center\" data-align=\"center\">50<\/td><\/tr><tr><td>M&eacute;dicos de Olhos<\/td><td>Oftalmologia<\/td><td class=\"has-text-align-center\" data-align=\"center\">50<\/td><\/tr><tr><td>Santa Casa de Ponta Grossa<\/td><td>Anestesiologia<\/td><td class=\"has-text-align-center\" data-align=\"center\">53<\/td><\/tr><tr><td>Santa Casa de Ponta Grossa<\/td><td>Cirurgia Geral<\/td><td class=\"has-text-align-center\" data-align=\"center\">50<\/td><\/tr><tr><td>Santa Casa de Ponta Grossa<\/td><td>Cirurgia Oncol&oacute;gica<\/td><td class=\"has-text-align-center\" data-align=\"center\">74<\/td><\/tr><tr><td>Santa Casa de Ponta Grossa<\/td><td>Cl&iacute;nica M&eacute;dica<\/td><td class=\"has-text-align-center\" data-align=\"center\">51<\/td><\/tr><tr><td>Santa Casa de Ponta Grossa<\/td><td>Medicina Intensiva<\/td><td class=\"has-text-align-center\" data-align=\"center\">55<\/td><\/tr><tr><td>Santa Casa de Ponta Grossa<\/td><td>Neurocirurgia<\/td><td class=\"has-text-align-center\" data-align=\"center\">50<\/td><\/tr><tr><td>Santa Casa de Ponta Grossa<\/td><td>Neurologia<\/td><td class=\"has-text-align-center\" data-align=\"center\">50<\/td><\/tr><tr><td>Santa Casa de Ponta Grossa<\/td><td>Oncologia Cl&iacute;nica<\/td><td class=\"has-text-align-center\" data-align=\"center\">54<\/td><\/tr><tr><td>Santa Casa de Ponta Grossa<\/td><td>Radiologia e Diagn&oacute;stico por Imagem<\/td><td class=\"has-text-align-center\" data-align=\"center\">51<\/td><\/tr><tr><td>Universidade Estadual do Centro-Oeste (UNICENTRO)<\/td><td>Cl&iacute;nica M&eacute;dica<\/td><td class=\"has-text-align-center\" data-align=\"center\">50<\/td><\/tr><tr><td>Universidade Estadual do Oeste do Paran&aacute; &ndash; UNIOESTE Campus de Francisco Beltr&atilde;o<\/td><td>Cirurgia Geral<\/td><td class=\"has-text-align-center\" data-align=\"center\">50<\/td><\/tr><tr><td>Universidade Estadual do Oeste do Paran&aacute; &ndash; UNIOESTE Campus de Francisco Beltr&atilde;o<\/td><td>Cl&iacute;nica M&eacute;dica<\/td><td class=\"has-text-align-center\" data-align=\"center\">50<\/td><\/tr><tr><td>Universidade Estadual do Oeste do Paran&aacute; &ndash; UNIOESTE Campus de Francisco Beltr&atilde;o<\/td><td>Pediatria<\/td><td class=\"has-text-align-center\" data-align=\"center\">50<\/td><\/tr><tr><td>Universidade Estadual do Oeste do Paran&aacute; &ndash; UNIOESTE Cascavel<\/td><td>Anestesiologia<\/td><td class=\"has-text-align-center\" data-align=\"center\">50<\/td><\/tr><tr><td>Universidade Estadual do Oeste do Paran&aacute; &ndash; UNIOESTE Cascavel<\/td><td>Cardiologia<\/td><td class=\"has-text-align-center\" data-align=\"center\">52<\/td><\/tr><tr><td>Universidade Estadual do Oeste do Paran&aacute; &ndash; UNIOESTE Cascavel<\/td><td>Cirurgia Geral<\/td><td class=\"has-text-align-center\" data-align=\"center\">50<\/td><\/tr><tr><td>Universidade Estadual do Oeste do Paran&aacute; &ndash; UNIOESTE Cascavel<\/td><td>Cirurgia Vascular<\/td><td class=\"has-text-align-center\" data-align=\"center\">82<\/td><\/tr><tr><td>Universidade Estadual do Oeste do Paran&aacute; &ndash; UNIOESTE Cascavel<\/td><td>Cl&iacute;nica M&eacute;dica<\/td><td class=\"has-text-align-center\" data-align=\"center\">50<\/td><\/tr><tr><td>Universidade Estadual do Oeste do Paran&aacute; &ndash; UNIOESTE Cascavel<\/td><td>Dermatologia<\/td><td class=\"has-text-align-center\" data-align=\"center\">50<\/td><\/tr><tr><td>Universidade Estadual do Oeste do Paran&aacute; &ndash; UNIOESTE Cascavel<\/td><td>Ginecologia e Obstetr&iacute;cia<\/td><td class=\"has-text-align-center\" data-align=\"center\">50<\/td><\/tr><tr><td>Universidade Estadual do Oeste do Paran&aacute; &ndash; UNIOESTE Cascavel<\/td><td>Medicina de Emerg&ecirc;ncia<\/td><td class=\"has-text-align-center\" data-align=\"center\">53<\/td><\/tr><tr><td>Universidade Estadual do Oeste do Paran&aacute; &ndash; UNIOESTE Cascavel<\/td><td>Medicina Intensiva<\/td><td class=\"has-text-align-center\" data-align=\"center\">54<\/td><\/tr><tr><td>Universidade Estadual do Oeste do Paran&aacute; &ndash; UNIOESTE Cascavel<\/td><td>Neurocirurgia<\/td><td class=\"has-text-align-center\" data-align=\"center\">50<\/td><\/tr><tr><td>Universidade Estadual do Oeste do Paran&aacute; &ndash; UNIOESTE Cascavel<\/td><td>Ortopedia e Traumatologia<\/td><td class=\"has-text-align-center\" data-align=\"center\">50<\/td><\/tr><tr><td>Universidade Estadual do Oeste do Paran&aacute; &ndash; UNIOESTE Cascavel<\/td><td>Pediatria<\/td><td class=\"has-text-align-center\" data-align=\"center\">50<\/td><\/tr><\/tbody><\/table><figcaption class=\"wp-element-caption\">Nota de corte necess&aacute;ria para classifica&ccedil;&atilde;o no Exame AMP &ndash; prova objetiva<\/figcaption><\/figure><h2 class=\"wp-block-heading\" id=\"h-nota-de-corte-da-puc-pr\"><span class=\"ez-toc-section\" id=\"Nota-de-Corte-da-PUC-PR\"><\/span>Nota de Corte da PUC-PR<span class=\"ez-toc-section-end\"><\/span><\/h2><figure class=\"wp-block-table\"><table><thead><tr><th>PROGRAMAS<\/th><th class=\"has-text-align-center\" data-align=\"center\">NOTA DE CORTE 1&ordf; FASE 2026<\/th><th class=\"has-text-align-center\" data-align=\"center\">NOTA DE CORTE APROVA&Ccedil;&Atilde;O 2026 &ndash; AC<\/th><\/tr><\/thead><tbody><tr><td>Anestesiologia<\/td><td class=\"has-text-align-center\" data-align=\"center\">81<\/td><td class=\"has-text-align-center\" data-align=\"center\">88,1<\/td><\/tr><tr><td>Cirurgia Geral<\/td><td class=\"has-text-align-center\" data-align=\"center\">80<\/td><td class=\"has-text-align-center\" data-align=\"center\">85,8<\/td><\/tr><tr><td>Cl&iacute;nica M&eacute;dica<\/td><td class=\"has-text-align-center\" data-align=\"center\">78<\/td><td class=\"has-text-align-center\" data-align=\"center\">85,4<\/td><\/tr><tr><td>Medicina da Fam&iacute;lia e<br>Comunidade<\/td><td class=\"has-text-align-center\" data-align=\"center\">53<\/td><td class=\"has-text-align-center\" data-align=\"center\">69,8<\/td><\/tr><tr><td>Medicina de Emerg&ecirc;ncia<\/td><td class=\"has-text-align-center\" data-align=\"center\">57<\/td><td class=\"has-text-align-center\" data-align=\"center\">77,1<\/td><\/tr><tr><td>Medicina Intensiva<\/td><td class=\"has-text-align-center\" data-align=\"center\">55<\/td><td class=\"has-text-align-center\" data-align=\"center\">72,9<\/td><\/tr><tr><td>Neurocirurgia<\/td><td class=\"has-text-align-center\" data-align=\"center\">82<\/td><td class=\"has-text-align-center\" data-align=\"center\">87,5<\/td><\/tr><tr><td>Neurologia<\/td><td class=\"has-text-align-center\" data-align=\"center\">80<\/td><td class=\"has-text-align-center\" data-align=\"center\">87<\/td><\/tr><tr><td>Oftalmologia<\/td><td class=\"has-text-align-center\" data-align=\"center\">83<\/td><td class=\"has-text-align-center\" data-align=\"center\">90,4<\/td><\/tr><tr><td>Ortopedia e Traumatologia<\/td><td class=\"has-text-align-center\" data-align=\"center\">50<\/td><td class=\"has-text-align-center\" data-align=\"center\">91<\/td><\/tr><tr><td>Otorrinolaringologia<\/td><td class=\"has-text-align-center\" data-align=\"center\">86<\/td><td class=\"has-text-align-center\" data-align=\"center\">90,5<\/td><\/tr><tr><td>Radiologia<\/td><td class=\"has-text-align-center\" data-align=\"center\">79<\/td><td class=\"has-text-align-center\" data-align=\"center\">83<\/td><\/tr><tr><td>Cirurgia Pl&aacute;stica<\/td><td class=\"has-text-align-center\" data-align=\"center\">92,5<\/td><td class=\"has-text-align-center\" data-align=\"center\">95,5<\/td><\/tr><tr><td>Cirurgia Tor&aacute;cica<\/td><td class=\"has-text-align-center\" data-align=\"center\">72,5<\/td><td class=\"has-text-align-center\" data-align=\"center\">80,5<\/td><\/tr><tr><td>Cirurgia Vascular<\/td><td class=\"has-text-align-center\" data-align=\"center\">80<\/td><td class=\"has-text-align-center\" data-align=\"center\">92<\/td><\/tr><tr><td>Coloproctologia<\/td><td class=\"has-text-align-center\" data-align=\"center\">90<\/td><td class=\"has-text-align-center\" data-align=\"center\">95,5<\/td><\/tr><tr><td>Urologia<\/td><td class=\"has-text-align-center\" data-align=\"center\">87,5<\/td><td class=\"has-text-align-center\" data-align=\"center\">95,5<\/td><\/tr><tr><td>Cardiologia<\/td><td class=\"has-text-align-center\" data-align=\"center\">50<\/td><td class=\"has-text-align-center\" data-align=\"center\">87,75<\/td><\/tr><tr><td>Cirurgia da M&atilde;o<\/td><td class=\"has-text-align-center\" data-align=\"center\">52,5<\/td><td class=\"has-text-align-center\" data-align=\"center\">59,25<\/td><\/tr><tr><td>Angiorradiologia e Cirurgia<br>Endovascular<\/td><td class=\"has-text-align-center\" data-align=\"center\">55<\/td><td class=\"has-text-align-center\" data-align=\"center\">69,5<\/td><\/tr><\/tbody><\/table><\/figure><h2 class=\"wp-block-heading\"><span class=\"ez-toc-section\" id=\"Nota-de-Corte-do-ENARE-%E2%80%93-Exame-Nacional-de-Residencia\"><\/span>Nota de Corte do ENARE &ndash; Exame Nacional de Resid&ecirc;ncia<span class=\"ez-toc-section-end\"><\/span><\/h2><figure class=\"wp-block-table\"><table><thead><tr><th>INSTITUI&Ccedil;&Atilde;O<\/th><th>PROGRAMA<\/th><th class=\"has-text-align-center\" data-align=\"center\">NOTA DE CORTE 2025<\/th><th class=\"has-text-align-center\" data-align=\"center\">NOTA DE CORTE 2026<\/th><\/tr><\/thead><tbody><tr><td>Autarquia Municipal de Sa&uacute;de de Apucarana<\/td><td>DERMATOLOGIA<\/td><td class=\"has-text-align-center\" data-align=\"center\">799,9<\/td><td class=\"has-text-align-center\" data-align=\"center\">920<\/td><\/tr><tr><td>Autarquia Municipal de Sa&uacute;de de Apucarana<\/td><td>MEDICINA DE FAM&Iacute;LIA E COMUNIDADE<\/td><td class=\"has-text-align-center\" data-align=\"center\">584<\/td><td class=\"has-text-align-center\" data-align=\"center\">830<\/td><\/tr><tr><td>CASCAVEL &ndash; FUNDO MUNICIPAL DE SA&Uacute;DE DE CASCAVEL (SMS)<\/td><td>MEDICINA DE FAM&Iacute;LIA E COMUNIDADE<\/td><td class=\"has-text-align-center\" data-align=\"center\">622<\/td><td class=\"has-text-align-center\" data-align=\"center\">830<\/td><\/tr><tr><td>CASCAVEL &ndash; FUNDO MUNICIPAL DE SA&Uacute;DE DE CASCAVEL (SMS)<\/td><td>PSIQUIATRIA<\/td><td class=\"has-text-align-center\" data-align=\"center\">&ndash;<\/td><td class=\"has-text-align-center\" data-align=\"center\">890<\/td><\/tr><tr><td>GUARAPUAVA &ndash; MUNIC&Iacute;PIO DE GUARAPUAVA<\/td><td>MEDICINA DE FAM&Iacute;LIA E COMUNIDADE<\/td><td class=\"has-text-align-center\" data-align=\"center\">600<\/td><td class=\"has-text-align-center\" data-align=\"center\">790<\/td><\/tr><tr><td>LONDRINA &ndash; FUNDO MUNICIPAL DE SAUDE DE LONDRINA<\/td><td>MEDICINA DE FAM&Iacute;LIA E COMUNIDADE<\/td><td class=\"has-text-align-center\" data-align=\"center\">600,5<\/td><td class=\"has-text-align-center\" data-align=\"center\">810<\/td><\/tr><tr><td>PREFEITURA MUNICIPAL DE FOZ DO IGUA&Ccedil;U<\/td><td>CIRURGIA GERAL<\/td><td class=\"has-text-align-center\" data-align=\"center\">&ndash;<\/td><td class=\"has-text-align-center\" data-align=\"center\">850<\/td><\/tr><tr><td>PREFEITURA MUNICIPAL DE FOZ DO IGUA&Ccedil;U<\/td><td>CL&Iacute;NICA M&Eacute;DICA<\/td><td class=\"has-text-align-center\" data-align=\"center\">&ndash;<\/td><td class=\"has-text-align-center\" data-align=\"center\">820<\/td><\/tr><tr><td>PREFEITURA MUNICIPAL DE FOZ DO IGUA&Ccedil;U<\/td><td>MEDICINA DE FAM&Iacute;LIA E COMUNIDADE<\/td><td class=\"has-text-align-center\" data-align=\"center\">&ndash;<\/td><td class=\"has-text-align-center\" data-align=\"center\">750<\/td><\/tr><tr><td>PREFEITURA MUNICIPAL DE FOZ DO IGUA&Ccedil;U<\/td><td>ORTOPEDIA E TRAUMATOLOGIA<\/td><td class=\"has-text-align-center\" data-align=\"center\">&ndash;<\/td><td class=\"has-text-align-center\" data-align=\"center\">790<\/td><\/tr><tr><td>PREFEITURA MUNICIPAL DE FOZ DO IGUA&Ccedil;U<\/td><td>PEDIATRIA<\/td><td class=\"has-text-align-center\" data-align=\"center\">&ndash;<\/td><td class=\"has-text-align-center\" data-align=\"center\">820<\/td><\/tr><tr><td>PREFEITURA MUNICIPAL DE FOZ DO IGUA&Ccedil;U<\/td><td>PSIQUIATRIA<\/td><td class=\"has-text-align-center\" data-align=\"center\">&ndash;<\/td><td class=\"has-text-align-center\" data-align=\"center\">924<\/td><\/tr><tr><td>SECRETARIA MUNICIPAL DE SAUDE DE TOLEDO<\/td><td>MEDICINA DE FAM&Iacute;LIA E COMUNIDADE<\/td><td class=\"has-text-align-center\" data-align=\"center\">&ndash;<\/td><td class=\"has-text-align-center\" data-align=\"center\">760<\/td><\/tr><tr><td>CURITIBA &ndash; COMPLEXO DO HOSPITAL DE CLINICAS DA UFPR<\/td><td>ANESTESIOLOGIA<\/td><td class=\"has-text-align-center\" data-align=\"center\">792,1<\/td><td class=\"has-text-align-center\" data-align=\"center\">910<\/td><\/tr><tr><td>CURITIBA &ndash; COMPLEXO DO HOSPITAL DE CLINICAS DA UFPR<\/td><td>CIRURGIA GERAL<\/td><td class=\"has-text-align-center\" data-align=\"center\">801,5<\/td><td class=\"has-text-align-center\" data-align=\"center\">920<\/td><\/tr><tr><td>CURITIBA &ndash; COMPLEXO DO HOSPITAL DE CLINICAS DA UFPR<\/td><td>CL&Iacute;NICA M&Eacute;DICA<\/td><td class=\"has-text-align-center\" data-align=\"center\">741<\/td><td class=\"has-text-align-center\" data-align=\"center\">900<\/td><\/tr><tr><td>CURITIBA &ndash; COMPLEXO DO HOSPITAL DE CLINICAS DA UFPR<\/td><td>DERMATOLOGIA<\/td><td class=\"has-text-align-center\" data-align=\"center\">826,4<\/td><td class=\"has-text-align-center\" data-align=\"center\">930<\/td><\/tr><tr><td>CURITIBA &ndash; COMPLEXO DO HOSPITAL DE CLINICAS DA UFPR<\/td><td>GINECOLOGIA E OBSTETR&Iacute;CIA<\/td><td class=\"has-text-align-center\" data-align=\"center\">785,5<\/td><td class=\"has-text-align-center\" data-align=\"center\">910<\/td><\/tr><tr><td>CURITIBA &ndash; COMPLEXO DO HOSPITAL DE CLINICAS DA UFPR<\/td><td>INFECTOLOGIA<\/td><td class=\"has-text-align-center\" data-align=\"center\">710,9<\/td><td class=\"has-text-align-center\" data-align=\"center\">850<\/td><\/tr><tr><td>CURITIBA &ndash; COMPLEXO DO HOSPITAL DE CLINICAS DA UFPR<\/td><td>MEDICINA DE FAM&Iacute;LIA E COMUNIDADE<\/td><td class=\"has-text-align-center\" data-align=\"center\">618,1<\/td><td class=\"has-text-align-center\" data-align=\"center\">770<\/td><\/tr><tr><td>CURITIBA &ndash; COMPLEXO DO HOSPITAL DE CLINICAS DA UFPR<\/td><td>MEDICINA INTENSIVA<\/td><td class=\"has-text-align-center\" data-align=\"center\">709<\/td><td class=\"has-text-align-center\" data-align=\"center\">860<\/td><\/tr><tr><td>CURITIBA &ndash; COMPLEXO DO HOSPITAL DE CLINICAS DA UFPR<\/td><td>NEUROCIRURGIA<\/td><td class=\"has-text-align-center\" data-align=\"center\">834,1<\/td><td class=\"has-text-align-center\" data-align=\"center\">&ndash;<\/td><\/tr><tr><td>CURITIBA &ndash; COMPLEXO DO HOSPITAL DE CLINICAS DA UFPR<\/td><td>NEUROLOGIA<\/td><td class=\"has-text-align-center\" data-align=\"center\">813,5<\/td><td class=\"has-text-align-center\" data-align=\"center\">940<\/td><\/tr><tr><td>CURITIBA &ndash; COMPLEXO DO HOSPITAL DE CLINICAS DA UFPR<\/td><td>OFTALMOLOGIA<\/td><td class=\"has-text-align-center\" data-align=\"center\">822,3<\/td><td class=\"has-text-align-center\" data-align=\"center\">920<\/td><\/tr><tr><td>CURITIBA &ndash; COMPLEXO DO HOSPITAL DE CLINICAS DA UFPR<\/td><td>ORTOPEDIA E TRAUMATOLOGIA<\/td><td class=\"has-text-align-center\" data-align=\"center\">720,83<\/td><td class=\"has-text-align-center\" data-align=\"center\">900<\/td><\/tr><tr><td>CURITIBA &ndash; COMPLEXO DO HOSPITAL DE CLINICAS DA UFPR<\/td><td>OTORRINOLARINGOLOGIA<\/td><td class=\"has-text-align-center\" data-align=\"center\">795,5<\/td><td class=\"has-text-align-center\" data-align=\"center\">930<\/td><\/tr><tr><td>CURITIBA &ndash; COMPLEXO DO HOSPITAL DE CLINICAS DA UFPR<\/td><td>PATOLOGIA<\/td><td class=\"has-text-align-center\" data-align=\"center\">692,3<\/td><td class=\"has-text-align-center\" data-align=\"center\">930<\/td><\/tr><tr><td>CURITIBA &ndash; COMPLEXO DO HOSPITAL DE CLINICAS DA UFPR<\/td><td>PEDIATRIA<\/td><td class=\"has-text-align-center\" data-align=\"center\">765<\/td><td class=\"has-text-align-center\" data-align=\"center\">880<\/td><\/tr><tr><td>CURITIBA &ndash; COMPLEXO DO HOSPITAL DE CLINICAS DA UFPR<\/td><td>PSIQUIATRIA<\/td><td class=\"has-text-align-center\" data-align=\"center\">803,8<\/td><td class=\"has-text-align-center\" data-align=\"center\">924<\/td><\/tr><tr><td>CURITIBA &ndash; COMPLEXO DO HOSPITAL DE CLINICAS DA UFPR<\/td><td>RADIOLOGIA E DIAGN&Oacute;STICO POR IMAGEM<\/td><td class=\"has-text-align-center\" data-align=\"center\">766,2<\/td><td class=\"has-text-align-center\" data-align=\"center\">920<\/td><\/tr><tr><td>PATO BRANCO &ndash; SECRETARIA MUNICIPAL DE SA&Uacute;DE DE PATO BRANCO<\/td><td>MEDICINA DE FAM&Iacute;LIA E COMUNIDADE<\/td><td class=\"has-text-align-center\" data-align=\"center\">645<\/td><td class=\"has-text-align-center\" data-align=\"center\">800<\/td><\/tr><\/tbody><\/table><\/figure><p>As notas acima foram as&nbsp;<strong>pontua&ccedil;&otilde;es m&iacute;nimas<\/strong>&nbsp;alcan&ccedil;adas pelos &uacute;ltimos candidatos aprovados na&nbsp;<strong>1&ordf; chamada do Enare 2025\/2026<\/strong>, dentro do limite de vagas por institui&ccedil;&atilde;o. Foram consideradas&nbsp;<strong>somente as especialidades de Acesso Direto e em Ampla Concorr&ecirc;ncia (sem cotas)<\/strong>.<\/p><p>Gostou do que o Estrat&eacute;gia MED separou para voc&ecirc;? Com todas essas informa&ccedil;&otilde;es &agrave; sua disposi&ccedil;&atilde;o, a sua aprova&ccedil;&atilde;o nunca esteve t&atilde;o perto!<\/p><div class=\"wp-block-buttons is-content-justification-center is-layout-flex wp-container-core-buttons-is-layout-1 wp-block-buttons-is-layout-flex\">\n<div class=\"wp-block-button\"><a class=\"wp-block-button__link wp-element-button\" href=\"https:\/\/med.estrategia.com\/portal\/?s=NOTAS+DE+CORTE\" target=\"_blank\">confira as principais notas de corte<\/a><\/div>\n<\/div><p>Se voc&ecirc; quer ficar por dentro de mais conte&uacute;dos relevantes sobre a &aacute;rea m&eacute;dica, continue acompanhando o material preparado pelo Portal de Not&iacute;cias do Estrat&eacute;gia MED. Aqui, voc&ecirc; encontrar&aacute; informa&ccedil;&otilde;es atualizadas sobre resid&ecirc;ncias, carreira m&eacute;dica e muito mais.<\/p><p><strong><a id=\"cta\" class=\"cta-imagem\" href=\"https:\/\/med.estrategia.com\/cursos\/extensivo-de-residncia-mdica\/\" target=\"blank\">\n                <img decoding=\"async\" width=\"100%\" src=\"https:\/\/med.estrategia.com\/portal\/wp-content\/uploads\/2025\/08\/extensivo_rm.jpg\" alt=\"Extensivo RM\" title=\"extensivo_rm\">\n        <\/a><\/strong><\/p><\/p>\n","protected":false},"excerpt":{"rendered":"Voc&ecirc; &eacute; paranaense ou tem interesse em se mudar para o estado e realizar a resid&ecirc;ncia m&eacute;dica em&hellip;\n","protected":false},"author":22,"featured_media":38233,"comment_status":"closed","ping_status":"closed","sticky":false,"template":"","format":"standard","meta":{"wl_entities_gutenberg":"","footnotes":""},"categories":[24],"tags":[],"wl_entity_type":[199],"class_list":{"0":"post-38225","1":"post","2":"type-post","3":"status-publish","4":"format-standard","5":"has-post-thumbnail","7":"category-residencia-medica","8":"wl_entity_type-article"},"acf":[],"yoast_head":"<!-- This site is optimized with the Yoast SEO Premium plugin v26.6 (Yoast SEO v26.6) - https:\/\/yoast.com\/wordpress\/plugins\/seo\/ -->\n<title>Notas de Corte para Resid\u00eancia M\u00e9dica 2026: saiba as pontua\u00e7\u00f5es m\u00ednimas no Paran\u00e1<\/title>\n<meta name=\"description\" content=\"Confira com o Estrat\u00e9gia MED as notas de corte dos programas de resid\u00eancia m\u00e9dica ofertados no estado do Paran\u00e1!\" \/>\n<meta name=\"robots\" content=\"index, follow, max-snippet:-1, max-image-preview:large, max-video-preview:-1\" \/>\n<link rel=\"canonical\" href=\"https:\/\/med.estrategia.com\/portal\/residencia-medica\/notas-de-corte-para-residencia-medica-parana\/\" \/>\n<meta property=\"og:locale\" content=\"pt_BR\" \/>\n<meta property=\"og:type\" content=\"article\" \/>\n<meta property=\"og:title\" content=\"Notas de Corte para Resid\u00eancia M\u00e9dica 2026: saiba as pontua\u00e7\u00f5es m\u00ednimas no Paran\u00e1\" \/>\n<meta property=\"og:description\" content=\"Confira com o Estrat\u00e9gia MED as notas de corte dos programas de resid\u00eancia m\u00e9dica ofertados no estado do Paran\u00e1!\" \/>\n<meta property=\"og:url\" content=\"https:\/\/med.estrategia.com\/portal\/residencia-medica\/notas-de-corte-para-residencia-medica-parana\/\" \/>\n<meta property=\"og:site_name\" content=\"Estrat\u00e9gia MED\" \/>\n<meta property=\"article:publisher\" content=\"https:\/\/www.facebook.com\/estrategiamed1\" \/>\n<meta property=\"article:published_time\" content=\"2023-03-29T23:34:39+00:00\" \/>\n<meta property=\"article:modified_time\" content=\"2026-04-17T16:29:57+00:00\" \/>\n<meta property=\"og:image\" content=\"https:\/\/med.estrategia.com\/portal\/wp-content\/uploads\/2023\/03\/jeffrey-eisen-7A_U5r_MfwU-unsplash.jpg\" \/>\n\t<meta property=\"og:image:width\" content=\"1920\" \/>\n\t<meta property=\"og:image:height\" content=\"1280\" \/>\n\t<meta property=\"og:image:type\" content=\"image\/jpeg\" \/>\n<meta name=\"author\" content=\"Erika Coelho\" \/>\n<meta name=\"twitter:card\" content=\"summary_large_image\" \/>\n<meta name=\"twitter:creator\" content=\"@estrategiamed_\" \/>\n<meta name=\"twitter:site\" content=\"@estrategiamed_\" \/>\n<meta name=\"twitter:label1\" content=\"Escrito por\" \/>\n\t<meta name=\"twitter:data1\" content=\"Erika Coelho\" \/>\n\t<meta name=\"twitter:label2\" content=\"Est. tempo de leitura\" \/>\n\t<meta name=\"twitter:data2\" content=\"12 minutos\" \/>\n<script type=\"application\/ld+json\" class=\"yoast-schema-graph\">{\"@context\":\"https:\/\/schema.org\",\"@graph\":[{\"@type\":\"WebPage\",\"@id\":\"https:\/\/med.estrategia.com\/portal\/residencia-medica\/notas-de-corte-para-residencia-medica-parana\/\",\"url\":\"https:\/\/med.estrategia.com\/portal\/residencia-medica\/notas-de-corte-para-residencia-medica-parana\/\",\"name\":\"Notas de Corte para Resid\u00eancia M\u00e9dica 2026: saiba as pontua\u00e7\u00f5es m\u00ednimas no Paran\u00e1\",\"isPartOf\":{\"@id\":\"https:\/\/med.estrategia.com\/portal\/#website\"},\"primaryImageOfPage\":{\"@id\":\"https:\/\/med.estrategia.com\/portal\/residencia-medica\/notas-de-corte-para-residencia-medica-parana\/#primaryimage\"},\"image\":{\"@id\":\"https:\/\/med.estrategia.com\/portal\/residencia-medica\/notas-de-corte-para-residencia-medica-parana\/#primaryimage\"},\"thumbnailUrl\":\"https:\/\/med.estrategia.com\/portal\/wp-content\/uploads\/2023\/03\/jeffrey-eisen-7A_U5r_MfwU-unsplash.jpg\",\"datePublished\":\"2023-03-29T23:34:39+00:00\",\"dateModified\":\"2026-04-17T16:29:57+00:00\",\"author\":{\"@id\":\"https:\/\/med.estrategia.com\/portal\/#\/schema\/person\/8e7c9b2f53f2eede3b8880ad86ff20a3\"},\"description\":\"Confira com o Estrat\u00e9gia MED as notas de corte dos programas de resid\u00eancia m\u00e9dica ofertados no estado do Paran\u00e1!\",\"breadcrumb\":{\"@id\":\"https:\/\/med.estrategia.com\/portal\/residencia-medica\/notas-de-corte-para-residencia-medica-parana\/#breadcrumb\"},\"inLanguage\":\"pt-BR\",\"potentialAction\":[{\"@type\":\"ReadAction\",\"target\":[\"https:\/\/med.estrategia.com\/portal\/residencia-medica\/notas-de-corte-para-residencia-medica-parana\/\"]}]},{\"@type\":\"ImageObject\",\"inLanguage\":\"pt-BR\",\"@id\":\"https:\/\/med.estrategia.com\/portal\/residencia-medica\/notas-de-corte-para-residencia-medica-parana\/#primaryimage\",\"url\":\"https:\/\/med.estrategia.com\/portal\/wp-content\/uploads\/2023\/03\/jeffrey-eisen-7A_U5r_MfwU-unsplash.jpg\",\"contentUrl\":\"https:\/\/med.estrategia.com\/portal\/wp-content\/uploads\/2023\/03\/jeffrey-eisen-7A_U5r_MfwU-unsplash.jpg\",\"width\":1920,\"height\":1280,\"caption\":\"Cr\u00e9ditos: Unsplash\"},{\"@type\":\"BreadcrumbList\",\"@id\":\"https:\/\/med.estrategia.com\/portal\/residencia-medica\/notas-de-corte-para-residencia-medica-parana\/#breadcrumb\",\"itemListElement\":[{\"@type\":\"ListItem\",\"position\":1,\"name\":\"Home\",\"item\":\"https:\/\/med.estrategia.com\/portal\/\"},{\"@type\":\"ListItem\",\"position\":2,\"name\":\"Resid\u00eancia M\u00e9dica\",\"item\":\"https:\/\/med.estrategia.com\/portal\/residencia-medica\/\"},{\"@type\":\"ListItem\",\"position\":3,\"name\":\"Notas de Corte para Resid\u00eancia M\u00e9dica 2026: saiba as pontua\u00e7\u00f5es m\u00ednimas no Paran\u00e1\"}]},{\"@type\":\"WebSite\",\"@id\":\"https:\/\/med.estrategia.com\/portal\/#website\",\"url\":\"https:\/\/med.estrategia.com\/portal\/\",\"name\":\"Estrat\u00e9gia MED\",\"description\":\"\",\"potentialAction\":[{\"@type\":\"SearchAction\",\"target\":{\"@type\":\"EntryPoint\",\"urlTemplate\":\"https:\/\/med.estrategia.com\/portal\/?s={search_term_string}\"},\"query-input\":{\"@type\":\"PropertyValueSpecification\",\"valueRequired\":true,\"valueName\":\"search_term_string\"}}],\"inLanguage\":\"pt-BR\"},{\"@type\":\"Person\",\"@id\":\"https:\/\/med.estrategia.com\/portal\/#\/schema\/person\/8e7c9b2f53f2eede3b8880ad86ff20a3\",\"name\":\"Erika Coelho\",\"image\":{\"@type\":\"ImageObject\",\"inLanguage\":\"pt-BR\",\"@id\":\"https:\/\/med.estrategia.com\/portal\/#\/schema\/person\/image\/\",\"url\":\"https:\/\/secure.gravatar.com\/avatar\/8ef9ff2e2fa53829c640cca8d1a45178?s=96&d=mm&r=g\",\"contentUrl\":\"https:\/\/secure.gravatar.com\/avatar\/8ef9ff2e2fa53829c640cca8d1a45178?s=96&d=mm&r=g\",\"caption\":\"Erika Coelho\"},\"description\":\"Jornalista pela Universidade Presbiteriana Mackenzie, escrevo sobre educa\u00e7\u00e3o, sa\u00fade e pol\u00edticas p\u00fablicas\",\"url\":\"https:\/\/med.estrategia.com\/portal\/author\/erika\/\"}]}<\/script>\n<!-- \/ Yoast SEO Premium plugin. -->","yoast_head_json":{"title":"Notas de Corte para Resid\u00eancia M\u00e9dica 2026: saiba as pontua\u00e7\u00f5es m\u00ednimas no Paran\u00e1","description":"Confira com o Estrat\u00e9gia MED as notas de corte dos programas de resid\u00eancia m\u00e9dica ofertados no estado do Paran\u00e1!","robots":{"index":"index","follow":"follow","max-snippet":"max-snippet:-1","max-image-preview":"max-image-preview:large","max-video-preview":"max-video-preview:-1"},"canonical":"https:\/\/med.estrategia.com\/portal\/residencia-medica\/notas-de-corte-para-residencia-medica-parana\/","og_locale":"pt_BR","og_type":"article","og_title":"Notas de Corte para Resid\u00eancia M\u00e9dica 2026: saiba as pontua\u00e7\u00f5es m\u00ednimas no Paran\u00e1","og_description":"Confira com o Estrat\u00e9gia MED as notas de corte dos programas de resid\u00eancia m\u00e9dica ofertados no estado do Paran\u00e1!","og_url":"https:\/\/med.estrategia.com\/portal\/residencia-medica\/notas-de-corte-para-residencia-medica-parana\/","og_site_name":"Estrat\u00e9gia MED","article_publisher":"https:\/\/www.facebook.com\/estrategiamed1","article_published_time":"2023-03-29T23:34:39+00:00","article_modified_time":"2026-04-17T16:29:57+00:00","og_image":[{"width":1920,"height":1280,"url":"https:\/\/med.estrategia.com\/portal\/wp-content\/uploads\/2023\/03\/jeffrey-eisen-7A_U5r_MfwU-unsplash.jpg","type":"image\/jpeg"}],"author":"Erika Coelho","twitter_card":"summary_large_image","twitter_creator":"@estrategiamed_","twitter_site":"@estrategiamed_","twitter_misc":{"Escrito por":"Erika Coelho","Est. tempo de leitura":"12 minutos"},"schema":{"@context":"https:\/\/schema.org","@graph":[{"@type":"WebPage","@id":"https:\/\/med.estrategia.com\/portal\/residencia-medica\/notas-de-corte-para-residencia-medica-parana\/","url":"https:\/\/med.estrategia.com\/portal\/residencia-medica\/notas-de-corte-para-residencia-medica-parana\/","name":"Notas de Corte para Resid\u00eancia M\u00e9dica 2026: saiba as pontua\u00e7\u00f5es m\u00ednimas no Paran\u00e1","isPartOf":{"@id":"https:\/\/med.estrategia.com\/portal\/#website"},"primaryImageOfPage":{"@id":"https:\/\/med.estrategia.com\/portal\/residencia-medica\/notas-de-corte-para-residencia-medica-parana\/#primaryimage"},"image":{"@id":"https:\/\/med.estrategia.com\/portal\/residencia-medica\/notas-de-corte-para-residencia-medica-parana\/#primaryimage"},"thumbnailUrl":"https:\/\/med.estrategia.com\/portal\/wp-content\/uploads\/2023\/03\/jeffrey-eisen-7A_U5r_MfwU-unsplash.jpg","datePublished":"2023-03-29T23:34:39+00:00","dateModified":"2026-04-17T16:29:57+00:00","author":{"@id":"https:\/\/med.estrategia.com\/portal\/#\/schema\/person\/8e7c9b2f53f2eede3b8880ad86ff20a3"},"description":"Confira com o Estrat\u00e9gia MED as notas de corte dos programas de resid\u00eancia m\u00e9dica ofertados no estado do Paran\u00e1!","breadcrumb":{"@id":"https:\/\/med.estrategia.com\/portal\/residencia-medica\/notas-de-corte-para-residencia-medica-parana\/#breadcrumb"},"inLanguage":"pt-BR","potentialAction":[{"@type":"ReadAction","target":["https:\/\/med.estrategia.com\/portal\/residencia-medica\/notas-de-corte-para-residencia-medica-parana\/"]}]},{"@type":"ImageObject","inLanguage":"pt-BR","@id":"https:\/\/med.estrategia.com\/portal\/residencia-medica\/notas-de-corte-para-residencia-medica-parana\/#primaryimage","url":"https:\/\/med.estrategia.com\/portal\/wp-content\/uploads\/2023\/03\/jeffrey-eisen-7A_U5r_MfwU-unsplash.jpg","contentUrl":"https:\/\/med.estrategia.com\/portal\/wp-content\/uploads\/2023\/03\/jeffrey-eisen-7A_U5r_MfwU-unsplash.jpg","width":1920,"height":1280,"caption":"Cr\u00e9ditos: Unsplash"},{"@type":"BreadcrumbList","@id":"https:\/\/med.estrategia.com\/portal\/residencia-medica\/notas-de-corte-para-residencia-medica-parana\/#breadcrumb","itemListElement":[{"@type":"ListItem","position":1,"name":"Home","item":"https:\/\/med.estrategia.com\/portal\/"},{"@type":"ListItem","position":2,"name":"Resid\u00eancia M\u00e9dica","item":"https:\/\/med.estrategia.com\/portal\/residencia-medica\/"},{"@type":"ListItem","position":3,"name":"Notas de Corte para Resid\u00eancia M\u00e9dica 2026: saiba as pontua\u00e7\u00f5es m\u00ednimas no Paran\u00e1"}]},{"@type":"WebSite","@id":"https:\/\/med.estrategia.com\/portal\/#website","url":"https:\/\/med.estrategia.com\/portal\/","name":"Estrat\u00e9gia MED","description":"","potentialAction":[{"@type":"SearchAction","target":{"@type":"EntryPoint","urlTemplate":"https:\/\/med.estrategia.com\/portal\/?s={search_term_string}"},"query-input":{"@type":"PropertyValueSpecification","valueRequired":true,"valueName":"search_term_string"}}],"inLanguage":"pt-BR"},{"@type":"Person","@id":"https:\/\/med.estrategia.com\/portal\/#\/schema\/person\/8e7c9b2f53f2eede3b8880ad86ff20a3","name":"Erika Coelho","image":{"@type":"ImageObject","inLanguage":"pt-BR","@id":"https:\/\/med.estrategia.com\/portal\/#\/schema\/person\/image\/","url":"https:\/\/secure.gravatar.com\/avatar\/8ef9ff2e2fa53829c640cca8d1a45178?s=96&d=mm&r=g","contentUrl":"https:\/\/secure.gravatar.com\/avatar\/8ef9ff2e2fa53829c640cca8d1a45178?s=96&d=mm&r=g","caption":"Erika Coelho"},"description":"Jornalista pela Universidade Presbiteriana Mackenzie, escrevo sobre educa\u00e7\u00e3o, sa\u00fade e pol\u00edticas p\u00fablicas","url":"https:\/\/med.estrategia.com\/portal\/author\/erika\/"}]}},"_wl_alt_label":[],"wl:entity_url":"\/post\/notas-de-corte-para-residencia-medica-2023-2024-parana","_links":{"self":[{"href":"https:\/\/med.estrategia.com\/portal\/wp-json\/wp\/v2\/posts\/38225","targetHints":{"allow":["GET"]}}],"collection":[{"href":"https:\/\/med.estrategia.com\/portal\/wp-json\/wp\/v2\/posts"}],"about":[{"href":"https:\/\/med.estrategia.com\/portal\/wp-json\/wp\/v2\/types\/post"}],"author":[{"embeddable":true,"href":"https:\/\/med.estrategia.com\/portal\/wp-json\/wp\/v2\/users\/22"}],"replies":[{"embeddable":true,"href":"https:\/\/med.estrategia.com\/portal\/wp-json\/wp\/v2\/comments?post=38225"}],"version-history":[{"count":6,"href":"https:\/\/med.estrategia.com\/portal\/wp-json\/wp\/v2\/posts\/38225\/revisions"}],"predecessor-version":[{"id":109440,"href":"https:\/\/med.estrategia.com\/portal\/wp-json\/wp\/v2\/posts\/38225\/revisions\/109440"}],"wp:featuredmedia":[{"embeddable":true,"href":"https:\/\/med.estrategia.com\/portal\/wp-json\/wp\/v2\/media\/38233"}],"wp:attachment":[{"href":"https:\/\/med.estrategia.com\/portal\/wp-json\/wp\/v2\/media?parent=38225"}],"wp:term":[{"taxonomy":"category","embeddable":true,"href":"https:\/\/med.estrategia.com\/portal\/wp-json\/wp\/v2\/categories?post=38225"},{"taxonomy":"post_tag","embeddable":true,"href":"https:\/\/med.estrategia.com\/portal\/wp-json\/wp\/v2\/tags?post=38225"},{"taxonomy":"wl_entity_type","embeddable":true,"href":"https:\/\/med.estrategia.com\/portal\/wp-json\/wp\/v2\/wl_entity_type?post=38225"}],"curies":[{"name":"wp","href":"https:\/\/api.w.org\/{rel}","templated":true}]}}