{"id":38778,"date":"2023-04-18T07:54:31","date_gmt":"2023-04-18T10:54:31","guid":{"rendered":"https:\/\/med.estrategia.com\/portal\/?p=38778"},"modified":"2023-05-08T18:49:41","modified_gmt":"2023-05-08T21:49:41","slug":"edital-de-chamamento-publico-de-municipios-para-adesao-ao-mais-medicos-e-divulgado","status":"publish","type":"post","link":"https:\/\/med.estrategia.com\/portal\/noticias\/edital-de-chamamento-publico-de-municipios-para-adesao-ao-mais-medicos-e-divulgado\/","title":{"rendered":"Edital de chamamento p\u00fablico de Munic\u00edpios para ades\u00e3o ao Mais M\u00e9dicos \u00e9 divulgado"},"content":{"rendered":"<p>O Minist&eacute;rio da Sa&uacute;de, por meio da Secretaria de Aten&ccedil;&atilde;o Prim&aacute;ria &agrave; Sa&uacute;de, tornou p&uacute;blico na edi&ccedil;&atilde;o desta ter&ccedil;a-feira (18) do Di&aacute;rio Oficial da Uni&atilde;o (DOU) o <strong>edital de chamamento p&uacute;blico de Munic&iacute;pios\/Distrito Federal<\/strong> para ades&atilde;o e\/ou renova&ccedil;&atilde;o de <strong>vagas dispon&iacute;veis e autorizadas ao <a href=\"https:\/\/med.estrategia.com\/portal\/noticias\/novo-mais-medicos-e-lancado-pelo-ministerio-da-saude-confira-as-mudancas\/\" target=\"_blank\">programa Mais M&eacute;dicos<\/a>.<\/strong><br><br>Entre elas, al&eacute;m das vagas autorizadas do Projeto Mais M&eacute;dicos para o Brasil, h&aacute; tamb&eacute;m a presen&ccedil;a de <strong>vagas desocupadas do Programa M&eacute;dicos pelo Brasil (PMpB)<\/strong>, com destaque para Manaus, S&atilde;o Paulo e Boa Vista, com 256, 150 e 134 vagas respectivamente.<br><br>Ainda sem previs&atilde;o para divulga&ccedil;&atilde;o do edital de sele&ccedil;&atilde;o, o atual disp&otilde;e regras sobre a ades&atilde;o\/renova&ccedil;&atilde;o as quais os Munic&iacute;pios\/DF devem seguir. <div class=\"wp-block-buttons is-content-justification-center is-layout-flex wp-container-core-buttons-is-layout-1 wp-block-buttons-is-layout-flex\">\n<div class=\"wp-block-button\"><a class=\"wp-block-button__link wp-element-button\" href=\"https:\/\/med.estrategia.com\/portal\/wp-content\/uploads\/2023\/04\/EDITAL-No-4-DE-14-DE-ABRIL-DE-2023-EDITAL-No-4-DE-14-DE-ABRIL-DE-2023-DOU-Imprensa-Nacional.pdf\" target=\"_blank\"><strong>CONFIRA O EDITAL<\/strong><\/a><\/div>\n<\/div><p>O per&iacute;odo de ades&atilde;o e\/ou renova&ccedil;&atilde;o de vagas conta com o seguinte cronograma:<\/p><ul class=\"wp-block-list\">\n<li><strong>Per&iacute;odo de Ades&atilde;o e\/ou Renova&ccedil;&atilde;o dos Munic&iacute;pios\/DF:<\/strong> 18 a 25\/04\/2023;<\/li>\n\n\n\n<li><strong>Resultado Preliminar da Ades&atilde;o\/Renova&ccedil;&atilde;o:<\/strong> 26\/04\/2023;<\/li>\n\n\n\n<li><strong>Recursos contra o Resultado Preliminar:<\/strong> 26 a 28\/04\/2023;<\/li>\n\n\n\n<li><strong>Per&iacute;odo de An&aacute;lise de Recursos:<\/strong> 29\/05 a 04\/05\/2023;<\/li>\n\n\n\n<li><strong>Resultado Final:<\/strong> 05\/05\/2023; e<\/li>\n\n\n\n<li><strong>Cadastramento de Novos Munic&iacute;pios: <\/strong>26\/04 a 05\/05\/2023.<\/li>\n<\/ul><div class=\"wp-block-buttons is-content-justification-center is-layout-flex wp-container-core-buttons-is-layout-2 wp-block-buttons-is-layout-flex\">\n<div class=\"wp-block-button\"><a class=\"wp-block-button__link wp-element-button\" href=\"https:\/\/med.estrategia.com\/portal\/wp-content\/uploads\/2023\/04\/Cronograma_28o_ciclo_com_prazo_recursal.pdf\" target=\"_blank\"><strong>Confira aqui o cronograma completo e suas informa&ccedil;&otilde;es!<\/strong><\/a><\/div>\n<\/div><p>E aproveitando a divulga&ccedil;&atilde;o do edital de chamamento p&uacute;blico, o Minist&eacute;rio da Sa&uacute;de tamb&eacute;m tornou p&uacute;blica a <a href=\"https:\/\/med.estrategia.com\/portal\/wp-content\/uploads\/2023\/04\/PORTARIA-GM_MS-No-485-DE-14-DE-ABRIL-DE-2023-PORTARIA-GM_MS-No-485-DE-14-DE-ABRIL-DE-2023-DOU-Imprensa-Nacional.pdf\" target=\"_blank\">Portaria GM\/MS n&ordm; 485, de 14 de abril de 2023<\/a> que disp&otilde;e sobre a distribui&ccedil;&atilde;o das vagas e a metodologia usada para a prioriza&ccedil;&atilde;o de vagas, e as diretrizes e crit&eacute;rios para o dimensionamento destas vagas.<\/p><p>\n\n\n<div id=\"new-form\">\n\t<form id=\"forms_layout\">\n\t<input type=\"hidden\" id=\"chave_de\" name=\"chave_de\" value=\"01_EMED_LEADS_TOTAIS\" \/>\n\t\t<input type=\"hidden\" id=\"mid\" name=\"mid\" value=\"515009018\" \/>\n\t\t<input type=\"hidden\" id=\"Objetivo\" name=\"Objetivo\" value=\"Medicina\" \/>\n\t\t<input type=\"hidden\" id=\"Estado_de_Origem_do_IP\" name=\"Estado_de_Origem_do_IP\"  value=\"\" \/>\n\t\t<input type=\"hidden\" id=\"Cidade_de_Origem_do_IP\" name=\"Cidade_de_Origem_do_IP\" value=\"\" \/>\n\t\t<input type=\"hidden\" id=\"Modo_de_entrada\" name=\"Modo_de_entrada\" value=\"Portal\" \/>\n\t\t<input type=\"hidden\" id=\"Pagina_Origem\" name=\"Pagina_Origem\" value=\"\" \/>\n\n\t\t<div class=\"texto\">\n\t\t\t<h3 class=\"news\">Inscreva-se em nossa newsletter!<\/h3>\n\t\t\t<p>Receba not\u00edcias sobre resid\u00eancia m\u00e9dica, revalida\u00e7\u00e3o de diplomas e concursos m\u00e9dicos, al\u00e9m de materiais de estudo gratuitos e informa\u00e7\u00f5es relevantes do mundo da Medicina.<\/p>\n\t\t<\/div>\n\t\t<div class=\"campos\">\n\t\t\t<div class=\"first_name labels\">\n\t\t\t\t<input type=\"text\" class=\"input_labels\" id=\"first_name\" name=\"Nome_Completo\" placeholder=\"Nome\" required \/>\n\t\t\t<\/div>\n\t\t\t<div class=\"email labels\">\n\t\t\t\t<input type=\"email\" class=\"input_labels\" id=\"email\" name=\"Email\" placeholder=\"E-mail\" required \/>\n\t\t\t<\/div>\n\t\t\t<button type=\"submit\" class=\"button_layout\">\n\t\t\t\t<div id=\"lblBotao\">Inscreva-se<\/div>\n\t\t\t\t<span id=\"divSpiner\" class=\"loader\" role=\"status\" style=\"display: none;\"><\/span>\t\n\t\t\t<\/button>\n\t\t<\/div><!-- \/campos -->\n\t\t\n\t\t<label class=\"container_checkbox\">Voc\u00ea concorda com a nossa\n\t\t\t<a class=\"politics_privacy_ahref\" target=\"_blank\" href=\"https:\/\/gratis.estrategiaconcursos.com.br\/politica-de-privacidade\/\">Pol\u00edtica de Privacidade<\/a> e aceita receber informa\u00e7\u00f5es adicionais do Estrat\u00e9gia Educacional.\n\t\t\t<input id=\"checkbox_layout\" type=\"checkbox\" checked=\"checked\" required \/>\n\t\t\t<span class=\"checkbox\"><\/span>\n\t\t<\/label>\n\t\t<div id=\"msg\"><\/div>\n\t\t<div id=\"error\" class=\"error\">\n\t\t<\/div>\n\t<\/form>\n<\/div><!-- \/new-form -->\n\n\n\n<\/p><div id=\"ez-toc-container\" class=\"ez-toc-v2_0_79_2 counter-hierarchy ez-toc-counter ez-toc-transparent ez-toc-container-direction\">\n<div class=\"ez-toc-title-container\"><p class=\"ez-toc-title\" style=\"cursor:inherit\">Navegue pelo conte\u00fado<\/p>\n<\/div><nav><ul class='ez-toc-list ez-toc-list-level-1 ' ><li class='ez-toc-page-1 ez-toc-heading-level-2'><a class=\"ez-toc-link ez-toc-heading-1\" href=\"https:\/\/med.estrategia.com\/portal\/noticias\/edital-de-chamamento-publico-de-municipios-para-adesao-ao-mais-medicos-e-divulgado\/#Vagas-previstas-Mais-Medicos-2023\" >Vagas previstas Mais M&eacute;dicos 2023<\/a><\/li><li class='ez-toc-page-1 ez-toc-heading-level-2'><a class=\"ez-toc-link ez-toc-heading-2\" href=\"https:\/\/med.estrategia.com\/portal\/noticias\/edital-de-chamamento-publico-de-municipios-para-adesao-ao-mais-medicos-e-divulgado\/#Sobre-o-Mais-Medicos\" >Sobre o Mais M&eacute;dicos&nbsp;<\/a><\/li><\/ul><\/nav><\/div>\n<h2 class=\"wp-block-heading\"><span class=\"ez-toc-section\" id=\"Vagas-previstas-Mais-Medicos-2023\"><\/span>Vagas previstas Mais M&eacute;dicos 2023<span class=\"ez-toc-section-end\"><\/span><\/h2><p>Aguardando confirma&ccedil;&atilde;o dos munic&iacute;pios e DSEIs, <strong>6.252 vagas<\/strong> est&atilde;o previstas para todo o pa&iacute;s. Confira a distribui&ccedil;&atilde;o por regi&atilde;o:<\/p><figure class=\"wp-block-table\"><table class=\"has-fixed-layout\"><thead><tr><th class=\"has-text-align-center\" data-align=\"center\">Regi&atilde;o<\/th><th class=\"has-text-align-center\" data-align=\"center\">Vagas<\/th><\/tr><\/thead><tbody><tr><td class=\"has-text-align-center\" data-align=\"center\">Centro-Oeste<\/td><td class=\"has-text-align-center\" data-align=\"center\">405<\/td><\/tr><tr><td class=\"has-text-align-center\" data-align=\"center\">Nordeste<\/td><td class=\"has-text-align-center\" data-align=\"center\">1346<\/td><\/tr><tr><td class=\"has-text-align-center\" data-align=\"center\">Norte<\/td><td class=\"has-text-align-center\" data-align=\"center\">1539<\/td><\/tr><tr><td class=\"has-text-align-center\" data-align=\"center\">Sudeste<\/td><td class=\"has-text-align-center\" data-align=\"center\">1848<\/td><\/tr><tr><td class=\"has-text-align-center\" data-align=\"center\">Sul<\/td><td class=\"has-text-align-center\" data-align=\"center\">1114<\/td><\/tr><\/tbody><\/table><\/figure><p>Para conferir as vagas previstas por cidade, clique no bot&atilde;o abaixo:<\/p><div class=\"wp-block-buttons is-content-justification-center is-layout-flex wp-container-core-buttons-is-layout-3 wp-block-buttons-is-layout-flex\">\n<div class=\"wp-block-button\"><a class=\"wp-block-button__link wp-element-button\" href=\"https:\/\/med.estrategia.com\/portal\/wp-content\/uploads\/2023\/04\/RELACAO_DOS_MUNICIPIOS_ELEGIVEIS_28_CICLO.pdf\" target=\"_blank\">Vagas previstas por cidade<\/a><\/div>\n<\/div><p>Vale mencionar que as vagas e municipios contidos no edital de chamamento e em documentos oficiais<strong> ainda ser&atilde;o devidamente confirmados<\/strong> no dia<strong> 5 de maio de 2023<\/strong>, quando ser&aacute; divulgado o resultado final da ades&atilde;o. <\/p><h2 class=\"wp-block-heading\" id=\"h-sobre-o-mais-medicos\"><span class=\"ez-toc-section\" id=\"Sobre-o-Mais-Medicos\"><\/span>Sobre o Mais M&eacute;dicos&nbsp;<span class=\"ez-toc-section-end\"><\/span><\/h2><p>Segundo o Minist&eacute;rio da Sa&uacute;de, o Mais M&eacute;dicos &eacute; a&nbsp;<strong>&uacute;nica pol&iacute;tica assistencial presente em 100% dos munic&iacute;pios<\/strong>&nbsp;brasileiros. Com a sua retomada,<strong>&nbsp;96 milh&otilde;es de brasileiros<\/strong>&nbsp;ser&atilde;o atendidos por m&eacute;dicos do programa. A pasta ainda define o programa como a &uacute;nica pol&iacute;tica assistencial presente em 100% dos munic&iacute;pios brasileiros.<\/p><p>A atual vers&atilde;o do programa mant&eacute;m a&nbsp;<strong>prioridade do preenchimento das vagas para os m&eacute;dicos brasileiros formados no Brasil<\/strong>, assim como a primeira, criada pela Medida Provis&oacute;ria (MP) N&ordm; 621, de 8 de julho de 2013, depois convertida na Lei n&ordm; 12.871, de 22 de outubro de 2013.&nbsp;<\/p><p>As altera&ccedil;&otilde;es propostas pelo novo Mais M&eacute;dicos procura atender parte das necessidades identificadas pela classe m&eacute;dica. Parte dessas necessidades foram, inclusive, mencionada pelo presidente da&nbsp;<a href=\"https:\/\/med.estrategia.com\/portal\/entidade\/associacao-medica-brasileira\/\">Associa&ccedil;&atilde;o M&eacute;dica Brasileira<\/a>&nbsp;(AMB), Dr. C&eacute;sar Eduardo Fernandes, durante entrevista coletiva no&nbsp;<a href=\"https:\/\/med.estrategia.com\/portal\/noticias\/amb-lanca-a-6a-edicao-da-demografia-medica-no-brasil\/\" target=\"_blank\">lan&ccedil;amento da edi&ccedil;&atilde;o de 2023 da Demografia M&eacute;dica do Brasil<\/a>:<\/p><p class=\"wp-block-preformatted\">&ldquo;O Mais M&eacute;dicos fez o seu diagn&oacute;stico correto, desde o princ&iacute;pio. E que est&aacute; correto at&eacute; os dias atuais: faltam m&eacute;dicos. Ent&atilde;o temos que buscar resolver este problema. S&oacute; acho que o Mais M&eacute;dicos tem que ser melhorado. N&atilde;o podemos ser contra um programa que quer alocar m&eacute;dicos onde faltam m&eacute;dicos. Mas acho que tem dois problemas prim&aacute;rios que t&ecirc;m que ser resolvidos: primeiro &eacute; o car&aacute;ter prec&aacute;rio\", afirma. Dr Fernandes defende que \"n&oacute;s [m&eacute;dicos] precisamos de carreira. Essa quest&atilde;o se resolve com a carreira de estado, oferecendo condi&ccedil;&otilde;es de perenidade para esse m&eacute;dico, para que ele possa se fixar e ter interesse em permanecer no local e n&atilde;o seja uma pol&iacute;tica apenas ef&ecirc;mera e n&atilde;o atraia o m&eacute;dico para que ele se fixe naquele local&rdquo;.<\/p><figure class=\"wp-block-embed is-type-video is-provider-youtube wp-block-embed-youtube wp-embed-aspect-16-9 wp-has-aspect-ratio\"><div class=\"wp-block-embed__wrapper\">\n<div class=\"cs-embed cs-embed-responsive\"><iframe title=\"Novo Mais M&eacute;dicos | Mais Sa&uacute;de para o Brasil - O que j&aacute; sabemos?\" width=\"1200\" height=\"675\" src=\"https:\/\/www.youtube.com\/embed\/-UPf-hl3wss?feature=oembed\" frameborder=\"0\" allow=\"accelerometer; autoplay; clipboard-write; encrypted-media; gyroscope; picture-in-picture; web-share\" allowfullscreen><\/iframe><\/div>\n<\/div><\/figure><ul class=\"wp-block-latest-posts__list wp-block-latest-posts\"><li><a class=\"wp-block-latest-posts__post-title\" href=\"https:\/\/med.estrategia.com\/portal\/concursos\/olimpia-sp-abre-concurso-para-medicos-com-salario-inicial-de-r-77-mil\/\">Ol&iacute;mpia\/SP abre concurso para m&eacute;dicos com sal&aacute;rio inicial de R$ 7,7 mil<\/a><\/li>\n<li><a class=\"wp-block-latest-posts__post-title\" href=\"https:\/\/med.estrategia.com\/portal\/noticias\/associacao-brasileira-de-medicina-de-emergencia-divulga-edital-para-titulo-de-especialista-2026\/\">Associa&ccedil;&atilde;o Brasileira de Medicina de Emerg&ecirc;ncia divulga edital para T&iacute;tulo de Especialista 2026<\/a><\/li>\n<li><a class=\"wp-block-latest-posts__post-title\" href=\"https:\/\/med.estrategia.com\/portal\/conteudos-gratis\/doencas\/resumo-sobre-doenca-mista-do-tecido-conjuntivo-definicao-manifestacoes-clinicas-e-mais\/\">Resumo sobre Doen&ccedil;a Mista do Tecido Conjuntivo: defini&ccedil;&atilde;o, manifesta&ccedil;&otilde;es cl&iacute;nicas e mais!<\/a><\/li>\n<li><a class=\"wp-block-latest-posts__post-title\" href=\"https:\/\/med.estrategia.com\/portal\/noticias\/amb-publica-cartilha-sobre-uso-de-ia-na-medicina-e-avalia-nova-norma-do-cfm\/\">AMB publica cartilha sobre uso de IA na Medicina e avalia nova norma do CFM<\/a><\/li>\n<li><a class=\"wp-block-latest-posts__post-title\" href=\"https:\/\/med.estrategia.com\/portal\/conteudos-gratis\/doencas\/resumo-sobre-sindrome-da-boca-ardente-definicao-manifestacoes-clinicas-e-mais\/\">Resumo sobre S&iacute;ndrome da Boca Ardente: defini&ccedil;&atilde;o, manifesta&ccedil;&otilde;es cl&iacute;nicas e mais!<\/a><\/li>\n<\/ul><\/p>\n","protected":false},"excerpt":{"rendered":"Ainda sem previs\u00e3o para divulga\u00e7\u00e3o do edital de sele\u00e7\u00e3o, o atual disp\u00f5e de regras sobre a ades\u00e3o e\/ou renova\u00e7\u00e3o de vagas desocupadas e novas autorizadas\n","protected":false},"author":39,"featured_media":21726,"comment_status":"closed","ping_status":"closed","sticky":false,"template":"","format":"standard","meta":{"wl_entities_gutenberg":"","footnotes":""},"categories":[300],"tags":[],"wl_entity_type":[199],"class_list":{"0":"post-38778","1":"post","2":"type-post","3":"status-publish","4":"format-standard","5":"has-post-thumbnail","7":"category-noticias","8":"wl_entity_type-article"},"acf":[],"yoast_head":"<!-- This site is optimized with the Yoast SEO Premium plugin v26.6 (Yoast SEO v26.6) - https:\/\/yoast.com\/wordpress\/plugins\/seo\/ -->\n<title>Edital de chamamento p\u00fablico de Munic\u00edpios para ades\u00e3o ao Mais M\u00e9dicos \u00e9 divulgado<\/title>\n<meta name=\"robots\" content=\"index, follow, max-snippet:-1, max-image-preview:large, max-video-preview:-1\" \/>\n<link rel=\"canonical\" href=\"https:\/\/med.estrategia.com\/portal\/noticias\/edital-de-chamamento-publico-de-municipios-para-adesao-ao-mais-medicos-e-divulgado\/\" \/>\n<meta property=\"og:locale\" content=\"pt_BR\" \/>\n<meta property=\"og:type\" content=\"article\" \/>\n<meta property=\"og:title\" content=\"Edital de chamamento p\u00fablico de Munic\u00edpios para ades\u00e3o ao Mais M\u00e9dicos \u00e9 divulgado\" \/>\n<meta property=\"og:description\" content=\"Ainda sem previs\u00e3o para divulga\u00e7\u00e3o do edital de sele\u00e7\u00e3o, o atual disp\u00f5e de regras sobre a ades\u00e3o e\/ou renova\u00e7\u00e3o de vagas desocupadas e novas autorizadas\" \/>\n<meta property=\"og:url\" content=\"https:\/\/med.estrategia.com\/portal\/noticias\/edital-de-chamamento-publico-de-municipios-para-adesao-ao-mais-medicos-e-divulgado\/\" \/>\n<meta property=\"og:site_name\" content=\"Estrat\u00e9gia MED\" \/>\n<meta property=\"article:publisher\" content=\"https:\/\/www.facebook.com\/estrategiamed1\" \/>\n<meta property=\"article:published_time\" content=\"2023-04-18T10:54:31+00:00\" \/>\n<meta property=\"article:modified_time\" content=\"2023-05-08T21:49:41+00:00\" \/>\n<meta property=\"og:image\" content=\"https:\/\/cdn.medblog.estrategiaeducacional.com.br\/wp-content\/uploads\/2022\/07\/ms-1.jpg\" \/>\n\t<meta property=\"og:image:width\" content=\"680\" \/>\n\t<meta property=\"og:image:height\" content=\"453\" \/>\n\t<meta property=\"og:image:type\" content=\"image\/jpeg\" \/>\n<meta name=\"author\" content=\"Ana Carolina Damasceno\" \/>\n<meta name=\"twitter:card\" content=\"summary_large_image\" \/>\n<meta name=\"twitter:creator\" content=\"@estrategiamed_\" \/>\n<meta name=\"twitter:site\" content=\"@estrategiamed_\" \/>\n<meta name=\"twitter:label1\" content=\"Escrito por\" \/>\n\t<meta name=\"twitter:data1\" content=\"Ana Carolina Damasceno\" \/>\n\t<meta name=\"twitter:label2\" content=\"Est. tempo de leitura\" \/>\n\t<meta name=\"twitter:data2\" content=\"4 minutos\" \/>\n<script type=\"application\/ld+json\" class=\"yoast-schema-graph\">{\"@context\":\"https:\/\/schema.org\",\"@graph\":[{\"@type\":\"WebPage\",\"@id\":\"https:\/\/med.estrategia.com\/portal\/noticias\/edital-de-chamamento-publico-de-municipios-para-adesao-ao-mais-medicos-e-divulgado\/\",\"url\":\"https:\/\/med.estrategia.com\/portal\/noticias\/edital-de-chamamento-publico-de-municipios-para-adesao-ao-mais-medicos-e-divulgado\/\",\"name\":\"Edital de chamamento p\u00fablico de Munic\u00edpios para ades\u00e3o ao Mais M\u00e9dicos \u00e9 divulgado\",\"isPartOf\":{\"@id\":\"https:\/\/med.estrategia.com\/portal\/#website\"},\"primaryImageOfPage\":{\"@id\":\"https:\/\/med.estrategia.com\/portal\/noticias\/edital-de-chamamento-publico-de-municipios-para-adesao-ao-mais-medicos-e-divulgado\/#primaryimage\"},\"image\":{\"@id\":\"https:\/\/med.estrategia.com\/portal\/noticias\/edital-de-chamamento-publico-de-municipios-para-adesao-ao-mais-medicos-e-divulgado\/#primaryimage\"},\"thumbnailUrl\":\"https:\/\/med.estrategia.com\/portal\/wp-content\/uploads\/2022\/07\/ms-1.jpg\",\"datePublished\":\"2023-04-18T10:54:31+00:00\",\"dateModified\":\"2023-05-08T21:49:41+00:00\",\"author\":{\"@id\":\"https:\/\/med.estrategia.com\/portal\/#\/schema\/person\/2f553adbb8e25fe39d145c5b2927f58c\"},\"breadcrumb\":{\"@id\":\"https:\/\/med.estrategia.com\/portal\/noticias\/edital-de-chamamento-publico-de-municipios-para-adesao-ao-mais-medicos-e-divulgado\/#breadcrumb\"},\"inLanguage\":\"pt-BR\",\"potentialAction\":[{\"@type\":\"ReadAction\",\"target\":[\"https:\/\/med.estrategia.com\/portal\/noticias\/edital-de-chamamento-publico-de-municipios-para-adesao-ao-mais-medicos-e-divulgado\/\"]}]},{\"@type\":\"ImageObject\",\"inLanguage\":\"pt-BR\",\"@id\":\"https:\/\/med.estrategia.com\/portal\/noticias\/edital-de-chamamento-publico-de-municipios-para-adesao-ao-mais-medicos-e-divulgado\/#primaryimage\",\"url\":\"https:\/\/med.estrategia.com\/portal\/wp-content\/uploads\/2022\/07\/ms-1.jpg\",\"contentUrl\":\"https:\/\/med.estrategia.com\/portal\/wp-content\/uploads\/2022\/07\/ms-1.jpg\",\"width\":680,\"height\":453,\"caption\":\"Cr\u00e9ditos: Divulga\u00e7\u00e3o Minist\u00e9rio da Sa\u00fade\"},{\"@type\":\"BreadcrumbList\",\"@id\":\"https:\/\/med.estrategia.com\/portal\/noticias\/edital-de-chamamento-publico-de-municipios-para-adesao-ao-mais-medicos-e-divulgado\/#breadcrumb\",\"itemListElement\":[{\"@type\":\"ListItem\",\"position\":1,\"name\":\"Home\",\"item\":\"https:\/\/med.estrategia.com\/portal\/\"},{\"@type\":\"ListItem\",\"position\":2,\"name\":\"Not\u00edcias\",\"item\":\"https:\/\/med.estrategia.com\/portal\/noticias\/\"},{\"@type\":\"ListItem\",\"position\":3,\"name\":\"Edital de chamamento p\u00fablico de Munic\u00edpios para ades\u00e3o ao Mais M\u00e9dicos \u00e9 divulgado\"}]},{\"@type\":\"WebSite\",\"@id\":\"https:\/\/med.estrategia.com\/portal\/#website\",\"url\":\"https:\/\/med.estrategia.com\/portal\/\",\"name\":\"Estrat\u00e9gia MED\",\"description\":\"\",\"potentialAction\":[{\"@type\":\"SearchAction\",\"target\":{\"@type\":\"EntryPoint\",\"urlTemplate\":\"https:\/\/med.estrategia.com\/portal\/?s={search_term_string}\"},\"query-input\":{\"@type\":\"PropertyValueSpecification\",\"valueRequired\":true,\"valueName\":\"search_term_string\"}}],\"inLanguage\":\"pt-BR\"},{\"@type\":\"Person\",\"@id\":\"https:\/\/med.estrategia.com\/portal\/#\/schema\/person\/2f553adbb8e25fe39d145c5b2927f58c\",\"name\":\"Ana Carolina Damasceno\",\"image\":{\"@type\":\"ImageObject\",\"inLanguage\":\"pt-BR\",\"@id\":\"https:\/\/med.estrategia.com\/portal\/#\/schema\/person\/image\/\",\"url\":\"https:\/\/med.estrategia.com\/portal\/wp-content\/uploads\/2021\/09\/WhatsApp-Image-2023-08-18-at-16.46.43-150x150.jpeg\",\"contentUrl\":\"https:\/\/med.estrategia.com\/portal\/wp-content\/uploads\/2021\/09\/WhatsApp-Image-2023-08-18-at-16.46.43-150x150.jpeg\",\"caption\":\"Ana Carolina Damasceno\"},\"description\":\"Coordenadora de Jornalismo EMED. Comunicadora por natureza e forma\u00e7\u00e3o, que ama e perde a no\u00e7\u00e3o do tempo com m\u00fasica e s\u00e9rie.\",\"url\":\"https:\/\/med.estrategia.com\/portal\/author\/ana-carolina-damasceno\/\"}]}<\/script>\n<!-- \/ Yoast SEO Premium plugin. -->","yoast_head_json":{"title":"Edital de chamamento p\u00fablico de Munic\u00edpios para ades\u00e3o ao Mais M\u00e9dicos \u00e9 divulgado","robots":{"index":"index","follow":"follow","max-snippet":"max-snippet:-1","max-image-preview":"max-image-preview:large","max-video-preview":"max-video-preview:-1"},"canonical":"https:\/\/med.estrategia.com\/portal\/noticias\/edital-de-chamamento-publico-de-municipios-para-adesao-ao-mais-medicos-e-divulgado\/","og_locale":"pt_BR","og_type":"article","og_title":"Edital de chamamento p\u00fablico de Munic\u00edpios para ades\u00e3o ao Mais M\u00e9dicos \u00e9 divulgado","og_description":"Ainda sem previs\u00e3o para divulga\u00e7\u00e3o do edital de sele\u00e7\u00e3o, o atual disp\u00f5e de regras sobre a ades\u00e3o e\/ou renova\u00e7\u00e3o de vagas desocupadas e novas autorizadas","og_url":"https:\/\/med.estrategia.com\/portal\/noticias\/edital-de-chamamento-publico-de-municipios-para-adesao-ao-mais-medicos-e-divulgado\/","og_site_name":"Estrat\u00e9gia MED","article_publisher":"https:\/\/www.facebook.com\/estrategiamed1","article_published_time":"2023-04-18T10:54:31+00:00","article_modified_time":"2023-05-08T21:49:41+00:00","og_image":[{"width":680,"height":453,"url":"https:\/\/cdn.medblog.estrategiaeducacional.com.br\/wp-content\/uploads\/2022\/07\/ms-1.jpg","type":"image\/jpeg"}],"author":"Ana Carolina Damasceno","twitter_card":"summary_large_image","twitter_creator":"@estrategiamed_","twitter_site":"@estrategiamed_","twitter_misc":{"Escrito por":"Ana Carolina Damasceno","Est. tempo de leitura":"4 minutos"},"schema":{"@context":"https:\/\/schema.org","@graph":[{"@type":"WebPage","@id":"https:\/\/med.estrategia.com\/portal\/noticias\/edital-de-chamamento-publico-de-municipios-para-adesao-ao-mais-medicos-e-divulgado\/","url":"https:\/\/med.estrategia.com\/portal\/noticias\/edital-de-chamamento-publico-de-municipios-para-adesao-ao-mais-medicos-e-divulgado\/","name":"Edital de chamamento p\u00fablico de Munic\u00edpios para ades\u00e3o ao Mais M\u00e9dicos \u00e9 divulgado","isPartOf":{"@id":"https:\/\/med.estrategia.com\/portal\/#website"},"primaryImageOfPage":{"@id":"https:\/\/med.estrategia.com\/portal\/noticias\/edital-de-chamamento-publico-de-municipios-para-adesao-ao-mais-medicos-e-divulgado\/#primaryimage"},"image":{"@id":"https:\/\/med.estrategia.com\/portal\/noticias\/edital-de-chamamento-publico-de-municipios-para-adesao-ao-mais-medicos-e-divulgado\/#primaryimage"},"thumbnailUrl":"https:\/\/med.estrategia.com\/portal\/wp-content\/uploads\/2022\/07\/ms-1.jpg","datePublished":"2023-04-18T10:54:31+00:00","dateModified":"2023-05-08T21:49:41+00:00","author":{"@id":"https:\/\/med.estrategia.com\/portal\/#\/schema\/person\/2f553adbb8e25fe39d145c5b2927f58c"},"breadcrumb":{"@id":"https:\/\/med.estrategia.com\/portal\/noticias\/edital-de-chamamento-publico-de-municipios-para-adesao-ao-mais-medicos-e-divulgado\/#breadcrumb"},"inLanguage":"pt-BR","potentialAction":[{"@type":"ReadAction","target":["https:\/\/med.estrategia.com\/portal\/noticias\/edital-de-chamamento-publico-de-municipios-para-adesao-ao-mais-medicos-e-divulgado\/"]}]},{"@type":"ImageObject","inLanguage":"pt-BR","@id":"https:\/\/med.estrategia.com\/portal\/noticias\/edital-de-chamamento-publico-de-municipios-para-adesao-ao-mais-medicos-e-divulgado\/#primaryimage","url":"https:\/\/med.estrategia.com\/portal\/wp-content\/uploads\/2022\/07\/ms-1.jpg","contentUrl":"https:\/\/med.estrategia.com\/portal\/wp-content\/uploads\/2022\/07\/ms-1.jpg","width":680,"height":453,"caption":"Cr\u00e9ditos: Divulga\u00e7\u00e3o Minist\u00e9rio da Sa\u00fade"},{"@type":"BreadcrumbList","@id":"https:\/\/med.estrategia.com\/portal\/noticias\/edital-de-chamamento-publico-de-municipios-para-adesao-ao-mais-medicos-e-divulgado\/#breadcrumb","itemListElement":[{"@type":"ListItem","position":1,"name":"Home","item":"https:\/\/med.estrategia.com\/portal\/"},{"@type":"ListItem","position":2,"name":"Not\u00edcias","item":"https:\/\/med.estrategia.com\/portal\/noticias\/"},{"@type":"ListItem","position":3,"name":"Edital de chamamento p\u00fablico de Munic\u00edpios para ades\u00e3o ao Mais M\u00e9dicos \u00e9 divulgado"}]},{"@type":"WebSite","@id":"https:\/\/med.estrategia.com\/portal\/#website","url":"https:\/\/med.estrategia.com\/portal\/","name":"Estrat\u00e9gia MED","description":"","potentialAction":[{"@type":"SearchAction","target":{"@type":"EntryPoint","urlTemplate":"https:\/\/med.estrategia.com\/portal\/?s={search_term_string}"},"query-input":{"@type":"PropertyValueSpecification","valueRequired":true,"valueName":"search_term_string"}}],"inLanguage":"pt-BR"},{"@type":"Person","@id":"https:\/\/med.estrategia.com\/portal\/#\/schema\/person\/2f553adbb8e25fe39d145c5b2927f58c","name":"Ana Carolina Damasceno","image":{"@type":"ImageObject","inLanguage":"pt-BR","@id":"https:\/\/med.estrategia.com\/portal\/#\/schema\/person\/image\/","url":"https:\/\/med.estrategia.com\/portal\/wp-content\/uploads\/2021\/09\/WhatsApp-Image-2023-08-18-at-16.46.43-150x150.jpeg","contentUrl":"https:\/\/med.estrategia.com\/portal\/wp-content\/uploads\/2021\/09\/WhatsApp-Image-2023-08-18-at-16.46.43-150x150.jpeg","caption":"Ana Carolina Damasceno"},"description":"Coordenadora de Jornalismo EMED. Comunicadora por natureza e forma\u00e7\u00e3o, que ama e perde a no\u00e7\u00e3o do tempo com m\u00fasica e s\u00e9rie.","url":"https:\/\/med.estrategia.com\/portal\/author\/ana-carolina-damasceno\/"}]}},"_wl_alt_label":[],"wl:entity_url":"\/post\/edital-de-chamamento-publico-de-municipios-para-adesao-ao-mais-medicos-e-divulgado","_links":{"self":[{"href":"https:\/\/med.estrategia.com\/portal\/wp-json\/wp\/v2\/posts\/38778","targetHints":{"allow":["GET"]}}],"collection":[{"href":"https:\/\/med.estrategia.com\/portal\/wp-json\/wp\/v2\/posts"}],"about":[{"href":"https:\/\/med.estrategia.com\/portal\/wp-json\/wp\/v2\/types\/post"}],"author":[{"embeddable":true,"href":"https:\/\/med.estrategia.com\/portal\/wp-json\/wp\/v2\/users\/39"}],"replies":[{"embeddable":true,"href":"https:\/\/med.estrategia.com\/portal\/wp-json\/wp\/v2\/comments?post=38778"}],"version-history":[{"count":6,"href":"https:\/\/med.estrategia.com\/portal\/wp-json\/wp\/v2\/posts\/38778\/revisions"}],"predecessor-version":[{"id":39243,"href":"https:\/\/med.estrategia.com\/portal\/wp-json\/wp\/v2\/posts\/38778\/revisions\/39243"}],"wp:featuredmedia":[{"embeddable":true,"href":"https:\/\/med.estrategia.com\/portal\/wp-json\/wp\/v2\/media\/21726"}],"wp:attachment":[{"href":"https:\/\/med.estrategia.com\/portal\/wp-json\/wp\/v2\/media?parent=38778"}],"wp:term":[{"taxonomy":"category","embeddable":true,"href":"https:\/\/med.estrategia.com\/portal\/wp-json\/wp\/v2\/categories?post=38778"},{"taxonomy":"post_tag","embeddable":true,"href":"https:\/\/med.estrategia.com\/portal\/wp-json\/wp\/v2\/tags?post=38778"},{"taxonomy":"wl_entity_type","embeddable":true,"href":"https:\/\/med.estrategia.com\/portal\/wp-json\/wp\/v2\/wl_entity_type?post=38778"}],"curies":[{"name":"wp","href":"https:\/\/api.w.org\/{rel}","templated":true}]}}