{"id":38823,"date":"2023-04-19T12:26:24","date_gmt":"2023-04-19T15:26:24","guid":{"rendered":"https:\/\/med.estrategia.com\/portal\/?p=38823"},"modified":"2026-04-16T16:34:36","modified_gmt":"2026-04-16T19:34:36","slug":"notas-de-corte-para-residencia-medica-santa-catarina","status":"publish","type":"post","link":"https:\/\/med.estrategia.com\/portal\/residencia-medica\/notas-de-corte-para-residencia-medica-santa-catarina\/","title":{"rendered":"Notas de Corte para Resid\u00eancia M\u00e9dica 2026:  confira as notas m\u00ednimas de Santa Cantarina"},"content":{"rendered":"<p>Se a regi&atilde;o sul do Brasil est&aacute; em seu leque de op&ccedil;&otilde;es para ingressar na resid&ecirc;ncia m&eacute;dica, <strong>Santa Catarina<\/strong> conta com incr&iacute;veis institui&ccedil;&otilde;es de ensino e com certeza merecem sua aten&ccedil;&atilde;o. Por isso, aproveite e n&atilde;o deixe de conferir o material abaixo preparado pelo Estrat&eacute;gia MED e descubra quais foram as&nbsp;<strong>Notas de Corte 2025\/2026 para resid&ecirc;ncia m&eacute;dica nas principais institui&ccedil;&otilde;es de&nbsp;Santa Catarina!<\/strong><br><br>&Eacute; sempre importante lembrar que as notas de corte&nbsp;<strong>mudam a cada ano<\/strong>, j&aacute; que dependem do rendimento dos candidatos para serem contabilizadas. Confira j&aacute; as&nbsp;<strong>notas necess&aacute;rias para ser aprovado em Santa Catarina<\/strong>&nbsp;e j&aacute; inicie o seu estudo direcionado &agrave; institui&ccedil;&atilde;o desejada!<p>\n\n\n<div id=\"new-form\">\n\t<form id=\"forms_layout\">\n\t<input type=\"hidden\" id=\"chave_de\" name=\"chave_de\" value=\"01_EMED_LEADS_TOTAIS\" \/>\n\t\t<input type=\"hidden\" id=\"mid\" name=\"mid\" value=\"515009018\" \/>\n\t\t<input type=\"hidden\" id=\"Objetivo\" name=\"Objetivo\" value=\"Medicina\" \/>\n\t\t<input type=\"hidden\" id=\"Estado_de_Origem_do_IP\" name=\"Estado_de_Origem_do_IP\"  value=\"\" \/>\n\t\t<input type=\"hidden\" id=\"Cidade_de_Origem_do_IP\" name=\"Cidade_de_Origem_do_IP\" value=\"\" \/>\n\t\t<input type=\"hidden\" id=\"Modo_de_entrada\" name=\"Modo_de_entrada\" value=\"Portal\" \/>\n\t\t<input type=\"hidden\" id=\"Pagina_Origem\" name=\"Pagina_Origem\" value=\"\" \/>\n\n\t\t<div class=\"texto\">\n\t\t\t<h3 class=\"news\">Inscreva-se em nossa newsletter!<\/h3>\n\t\t\t<p>Receba not\u00edcias sobre resid\u00eancia m\u00e9dica, revalida\u00e7\u00e3o de diplomas e concursos m\u00e9dicos, al\u00e9m de materiais de estudo gratuitos e informa\u00e7\u00f5es relevantes do mundo da Medicina.<\/p>\n\t\t<\/div>\n\t\t<div class=\"campos\">\n\t\t\t<div class=\"first_name labels\">\n\t\t\t\t<input type=\"text\" class=\"input_labels\" id=\"first_name\" name=\"Nome_Completo\" placeholder=\"Nome\" required \/>\n\t\t\t<\/div>\n\t\t\t<div class=\"email labels\">\n\t\t\t\t<input type=\"email\" class=\"input_labels\" id=\"email\" name=\"Email\" placeholder=\"E-mail\" required \/>\n\t\t\t<\/div>\n\t\t\t<button type=\"submit\" class=\"button_layout\">\n\t\t\t\t<div id=\"lblBotao\">Inscreva-se<\/div>\n\t\t\t\t<span id=\"divSpiner\" class=\"loader\" role=\"status\" style=\"display: none;\"><\/span>\t\n\t\t\t<\/button>\n\t\t<\/div><!-- \/campos -->\n\t\t\n\t\t<label class=\"container_checkbox\">Voc\u00ea concorda com a nossa\n\t\t\t<a class=\"politics_privacy_ahref\" target=\"_blank\" href=\"https:\/\/gratis.estrategiaconcursos.com.br\/politica-de-privacidade\/\">Pol\u00edtica de Privacidade<\/a> e aceita receber informa\u00e7\u00f5es adicionais do Estrat\u00e9gia Educacional.\n\t\t\t<input id=\"checkbox_layout\" type=\"checkbox\" checked=\"checked\" required \/>\n\t\t\t<span class=\"checkbox\"><\/span>\n\t\t<\/label>\n\t\t<div id=\"msg\"><\/div>\n\t\t<div id=\"error\" class=\"error\">\n\t\t<\/div>\n\t<\/form>\n<\/div><!-- \/new-form -->\n\n\n\n<\/p><div id=\"ez-toc-container\" class=\"ez-toc-v2_0_79_2 counter-hierarchy ez-toc-counter ez-toc-transparent ez-toc-container-direction\">\n<div class=\"ez-toc-title-container\"><p class=\"ez-toc-title\" style=\"cursor:inherit\">Navegue pelo conte\u00fado<\/p>\n<\/div><nav><ul class='ez-toc-list ez-toc-list-level-1 ' ><li class='ez-toc-page-1 ez-toc-heading-level-2'><a class=\"ez-toc-link ez-toc-heading-1\" href=\"https:\/\/med.estrategia.com\/portal\/residencia-medica\/notas-de-corte-para-residencia-medica-santa-catarina\/#Nota-de-Corte-AMRIGS\" >Nota de Corte AMRIGS<\/a><\/li><li class='ez-toc-page-1 ez-toc-heading-level-2'><a class=\"ez-toc-link ez-toc-heading-2\" href=\"https:\/\/med.estrategia.com\/portal\/residencia-medica\/notas-de-corte-para-residencia-medica-santa-catarina\/#Nota-de-Corte-ENARE-%E2%80%93-Exame-Nacional-de-Residencia\" >Nota de Corte ENARE &ndash; Exame Nacional de Resid&ecirc;ncia<\/a><\/li><\/ul><\/nav><\/div>\n<h2 class=\"wp-block-heading\" id=\"h-nota-de-corte-amrigs\"><span class=\"ez-toc-section\" id=\"Nota-de-Corte-AMRIGS\"><\/span>Nota de Corte AMRIGS<span class=\"ez-toc-section-end\"><\/span><\/h2><figure class=\"wp-block-table\"><table><thead><tr><th>INSTITUI&Ccedil;&Atilde;O\/PROGRAMA<\/th><th class=\"has-text-align-center\" data-align=\"center\">NOTA DE CORTE 2025<\/th><th class=\"has-text-align-center\" data-align=\"center\">NOTA DE CORTE 2026<\/th><\/tr><\/thead><tbody><tr><td>Associa&ccedil;&atilde;o Hospitalar Lenoir Vargas Ferreira &ndash; Hospital Regional do Oeste &ndash; Cl&iacute;nica M&eacute;dica<\/td><td class=\"has-text-align-center\" data-align=\"center\">51<\/td><td class=\"has-text-align-center\" data-align=\"center\">50<\/td><\/tr><tr><td>Associa&ccedil;&atilde;o Hospitalar Lenoir Vargas Ferreira &ndash; Hospital Regional do Oeste &ndash; Ginecologia e Obstetr&iacute;cia<\/td><td class=\"has-text-align-center\" data-align=\"center\">&ndash;<\/td><td class=\"has-text-align-center\" data-align=\"center\">51<\/td><\/tr><tr><td>Associa&ccedil;&atilde;o Hospitalar Lenoir Vargas Ferreira &ndash; Hospital Regional do Oeste &ndash; Medicina Intensiva<\/td><td class=\"has-text-align-center\" data-align=\"center\">52<\/td><td class=\"has-text-align-center\" data-align=\"center\">52<\/td><\/tr><tr><td>Centro de Pesquisas Oncol&oacute;gica de Santa Catarina &ndash; CEPON &ndash; SES\/SC (Florian&oacute;polis) &ndash; Anestesiologia<\/td><td class=\"has-text-align-center\" data-align=\"center\">50<\/td><td class=\"has-text-align-center\" data-align=\"center\">50<\/td><\/tr><tr><td>Centro de Pesquisas Oncol&oacute;gica de Santa Catarina &ndash; CEPON &ndash; SES\/SC (Florian&oacute;polis) &ndash; Patologia<\/td><td class=\"has-text-align-center\" data-align=\"center\">52<\/td><td class=\"has-text-align-center\" data-align=\"center\">52<\/td><\/tr><tr><td>Centro de Pesquisas Oncol&oacute;gica de Santa Catarina &ndash; CEPON &ndash; SES\/SC (Florian&oacute;polis) &ndash; Radioterapia<\/td><td class=\"has-text-align-center\" data-align=\"center\">56<\/td><td class=\"has-text-align-center\" data-align=\"center\">51<\/td><\/tr><tr><td>CMDI &ndash; Centro M&eacute;dico Diagn&oacute;stico por Imagem &ndash; Radiologia e Diagn&oacute;stico por Imagem<\/td><td class=\"has-text-align-center\" data-align=\"center\">61<\/td><td class=\"has-text-align-center\" data-align=\"center\">60<\/td><\/tr><tr><td>DIGIMAX &ndash; Hospital Universit&aacute;rio Santa Terezinha &ndash; Radiologia e Diagn&oacute;stico por Imagem<\/td><td class=\"has-text-align-center\" data-align=\"center\">51<\/td><td class=\"has-text-align-center\" data-align=\"center\">50<\/td><\/tr><tr><td>Escola de Sa&uacute;de P&uacute;blica de Santa Catarina &ndash; ESPSC &ndash; SES\/SC (Multic&ecirc;ntrico) &ndash; Medicina de Fam&iacute;lia e Comunidade<\/td><td class=\"has-text-align-center\" data-align=\"center\">50<\/td><td class=\"has-text-align-center\" data-align=\"center\">50<\/td><\/tr><tr><td>Funda&ccedil;&atilde;o Educacional de Brusque &ndash; FEBE &ndash; Anestesiologia<\/td><td class=\"has-text-align-center\" data-align=\"center\">&ndash;<\/td><td class=\"has-text-align-center\" data-align=\"center\">50<\/td><\/tr><tr><td>Funda&ccedil;&atilde;o Educacional de Brusque &ndash; FEBE &ndash; Cirurgia Geral<\/td><td class=\"has-text-align-center\" data-align=\"center\">&ndash;<\/td><td class=\"has-text-align-center\" data-align=\"center\">51<\/td><\/tr><tr><td>Funda&ccedil;&atilde;o Educacional de Brusque &ndash; FEBE &ndash; Cl&iacute;nica M&eacute;dica<\/td><td class=\"has-text-align-center\" data-align=\"center\">50<\/td><td class=\"has-text-align-center\" data-align=\"center\">50<\/td><\/tr><tr><td>Funda&ccedil;&atilde;o Educacional de Brusque &ndash; FEBE &ndash; Medicina Intensiva<\/td><td class=\"has-text-align-center\" data-align=\"center\">&ndash;<\/td><td class=\"has-text-align-center\" data-align=\"center\">53<\/td><\/tr><tr><td>Funda&ccedil;&atilde;o Educacional de Brusque &ndash; FEBE &ndash; Radiologia e Diagn&oacute;stico por Imagem<\/td><td class=\"has-text-align-center\" data-align=\"center\">&ndash;<\/td><td class=\"has-text-align-center\" data-align=\"center\">50<\/td><\/tr><tr><td>Funda&ccedil;&atilde;o Universit&aacute;ria do Oeste de Santa Catarina &ndash; Anestesiologia<\/td><td class=\"has-text-align-center\" data-align=\"center\">50<\/td><td class=\"has-text-align-center\" data-align=\"center\">50<\/td><\/tr><tr><td>Funda&ccedil;&atilde;o Universit&aacute;ria do Oeste de Santa Catarina &ndash; Cirurgia Geral<\/td><td class=\"has-text-align-center\" data-align=\"center\">51<\/td><td class=\"has-text-align-center\" data-align=\"center\">51<\/td><\/tr><tr><td>Funda&ccedil;&atilde;o Universit&aacute;ria do Oeste de Santa Catarina &ndash; Cl&iacute;nica M&eacute;dica<\/td><td class=\"has-text-align-center\" data-align=\"center\">50<\/td><td class=\"has-text-align-center\" data-align=\"center\">50<\/td><\/tr><tr><td>Funda&ccedil;&atilde;o Universit&aacute;ria do Oeste de Santa Catarina &ndash; Ortopedia e Traumatologia<\/td><td class=\"has-text-align-center\" data-align=\"center\">&ndash;<\/td><td class=\"has-text-align-center\" data-align=\"center\">50<\/td><\/tr><tr><td>Funda&ccedil;&atilde;o Universit&aacute;ria do Oeste de Santa Catarina &ndash; Radiologia e Diagn&oacute;stico por Imagem<\/td><td class=\"has-text-align-center\" data-align=\"center\">51<\/td><td class=\"has-text-align-center\" data-align=\"center\">50<\/td><\/tr><tr><td>Hospital de Laguna &ndash; Psiquiatria<\/td><td class=\"has-text-align-center\" data-align=\"center\">50<\/td><td class=\"has-text-align-center\" data-align=\"center\">50<\/td><\/tr><tr><td>Hospital de Olhos de Blumenau &ndash; Oftalmologia<\/td><td class=\"has-text-align-center\" data-align=\"center\">81<\/td><td class=\"has-text-align-center\" data-align=\"center\">&ndash;<\/td><\/tr><tr><td>Hospital e Maternidade de Jaragu&aacute; (Comunidade Evang&eacute;lica de Sa&uacute;de) &ndash; Ginecologia e Obstetr&iacute;cia<\/td><td class=\"has-text-align-center\" data-align=\"center\">50<\/td><td class=\"has-text-align-center\" data-align=\"center\">50<\/td><\/tr><tr><td>Hospital e Maternidade de Jaragu&aacute; (Comunidade Evang&eacute;lica de Sa&uacute;de) &ndash; Pediatria<\/td><td class=\"has-text-align-center\" data-align=\"center\">51<\/td><td class=\"has-text-align-center\" data-align=\"center\">50<\/td><\/tr><tr><td>Hospital e Maternidade Marieta Konder Bornhausen &ndash; Itaja&iacute; &ndash; Anestesiologia<\/td><td class=\"has-text-align-center\" data-align=\"center\">71<\/td><td class=\"has-text-align-center\" data-align=\"center\">62<\/td><\/tr><tr><td>Hospital e Maternidade Marieta Konder Bornhausen &ndash; Itaja&iacute; &ndash; Cirurgia Cardiovascular<\/td><td class=\"has-text-align-center\" data-align=\"center\">55<\/td><td class=\"has-text-align-center\" data-align=\"center\">44<\/td><\/tr><tr><td>Hospital e Maternidade Marieta Konder Bornhausen &ndash; Itaja&iacute; &ndash; Cirurgia Geral<\/td><td class=\"has-text-align-center\" data-align=\"center\">64<\/td><td class=\"has-text-align-center\" data-align=\"center\">61<\/td><\/tr><tr><td>Hospital e Maternidade Marieta Konder Bornhausen &ndash; Itaja&iacute; &ndash; Cl&iacute;nica M&eacute;dica<\/td><td class=\"has-text-align-center\" data-align=\"center\">54<\/td><td class=\"has-text-align-center\" data-align=\"center\">50<\/td><\/tr><tr><td>Hospital e Maternidade Marieta Konder Bornhausen &ndash; Itaja&iacute; &ndash; Ginecologia e Obstetr&iacute;cia<\/td><td class=\"has-text-align-center\" data-align=\"center\">66<\/td><td class=\"has-text-align-center\" data-align=\"center\">64<\/td><\/tr><tr><td>Hospital e Maternidade Marieta Konder Bornhausen &ndash; Itaja&iacute; &ndash; Medicina Intensiva<\/td><td class=\"has-text-align-center\" data-align=\"center\">49<\/td><td class=\"has-text-align-center\" data-align=\"center\">49<\/td><\/tr><tr><td>Hospital e Maternidade Marieta Konder Bornhausen &ndash; Itaja&iacute; &ndash; Ortopedia e Traumatologia<\/td><td class=\"has-text-align-center\" data-align=\"center\">46<\/td><td class=\"has-text-align-center\" data-align=\"center\">53<\/td><\/tr><tr><td>Hospital Governador Celso Ramos &ndash; HGCR &ndash; SES\/SC (Florian&oacute;polis) &ndash; Anestesiologia<\/td><td class=\"has-text-align-center\" data-align=\"center\">50<\/td><td class=\"has-text-align-center\" data-align=\"center\">50<\/td><\/tr><tr><td>Hospital Governador Celso Ramos &ndash; HGCR &ndash; SES\/SC (Florian&oacute;polis) &ndash; Cirurgia Geral<\/td><td class=\"has-text-align-center\" data-align=\"center\">50<\/td><td class=\"has-text-align-center\" data-align=\"center\">50<\/td><\/tr><tr><td>Hospital Governador Celso Ramos &ndash; HGCR &ndash; SES\/SC (Florian&oacute;polis) &ndash; Cl&iacute;nica M&eacute;dica<\/td><td class=\"has-text-align-center\" data-align=\"center\">50<\/td><td class=\"has-text-align-center\" data-align=\"center\">50<\/td><\/tr><tr><td>Hospital Governador Celso Ramos &ndash; HGCR &ndash; SES\/SC (Florian&oacute;polis) &ndash; Medicina de Emerg&ecirc;ncia<\/td><td class=\"has-text-align-center\" data-align=\"center\">50<\/td><td class=\"has-text-align-center\" data-align=\"center\">50<\/td><\/tr><tr><td>Hospital Governador Celso Ramos &ndash; HGCR &ndash; SES\/SC (Florian&oacute;polis) &ndash; Medicina Intensiva<\/td><td class=\"has-text-align-center\" data-align=\"center\">&ndash;<\/td><td class=\"has-text-align-center\" data-align=\"center\">50<\/td><\/tr><tr><td>Hospital Governador Celso Ramos &ndash; HGCR &ndash; SES\/SC (Florian&oacute;polis) &ndash; Neurocirurgia<\/td><td class=\"has-text-align-center\" data-align=\"center\">50<\/td><td class=\"has-text-align-center\" data-align=\"center\">&ndash;<\/td><\/tr><tr><td>Hospital Governador Celso Ramos &ndash; HGCR &ndash; SES\/SC (Florian&oacute;polis) &ndash; Neurologia<\/td><td class=\"has-text-align-center\" data-align=\"center\">50<\/td><td class=\"has-text-align-center\" data-align=\"center\">50<\/td><\/tr><tr><td>Hospital Governador Celso Ramos &ndash; HGCR &ndash; SES\/SC (Florian&oacute;polis) &ndash; Oftalmologia<\/td><td class=\"has-text-align-center\" data-align=\"center\">50<\/td><td class=\"has-text-align-center\" data-align=\"center\">50<\/td><\/tr><tr><td>Hospital Governador Celso Ramos &ndash; HGCR &ndash; SES\/SC (Florian&oacute;polis) &ndash; Ortopedia e Traumatologia<\/td><td class=\"has-text-align-center\" data-align=\"center\">51<\/td><td class=\"has-text-align-center\" data-align=\"center\">50<\/td><\/tr><tr><td>Hospital Governador Celso Ramos &ndash; HGCR &ndash; SES\/SC (Florian&oacute;polis) &ndash; Otorrinolaringologia<\/td><td class=\"has-text-align-center\" data-align=\"center\">50<\/td><td class=\"has-text-align-center\" data-align=\"center\">50<\/td><\/tr><tr><td>Hospital Infantil Dr. Jeser Amarante Faria &ndash; HJAF &ndash; SES\/SC (Joinville) &ndash; Pediatria<\/td><td class=\"has-text-align-center\" data-align=\"center\">50<\/td><td class=\"has-text-align-center\" data-align=\"center\">50<\/td><\/tr><tr><td>Hospital Infantil Joana de Gusm&atilde;o (HIJG) (SES) &ndash; Pediatria<\/td><td class=\"has-text-align-center\" data-align=\"center\">50<\/td><td class=\"has-text-align-center\" data-align=\"center\">50<\/td><\/tr><tr><td>Hospital Infantil Seara do Bem &ndash; Pediatria<\/td><td class=\"has-text-align-center\" data-align=\"center\">50<\/td><td class=\"has-text-align-center\" data-align=\"center\">50<\/td><\/tr><tr><td>Hospital Maic&eacute; &ndash; Cirurgia Geral<\/td><td class=\"has-text-align-center\" data-align=\"center\">50<\/td><td class=\"has-text-align-center\" data-align=\"center\">&ndash;<\/td><\/tr><tr><td>Hospital Maic&eacute; &ndash; Cl&iacute;nica M&eacute;dica<\/td><td class=\"has-text-align-center\" data-align=\"center\">51<\/td><td class=\"has-text-align-center\" data-align=\"center\">37<\/td><\/tr><tr><td>Hospital Maic&eacute; &ndash; Medicina Intensiva<\/td><td class=\"has-text-align-center\" data-align=\"center\">63<\/td><td class=\"has-text-align-center\" data-align=\"center\">&ndash;<\/td><\/tr><tr><td>Hospital Municipal S&atilde;o Jos&eacute; &ndash; Anestesiologia<\/td><td class=\"has-text-align-center\" data-align=\"center\">50<\/td><td class=\"has-text-align-center\" data-align=\"center\">50<\/td><\/tr><tr><td>Hospital Municipal S&atilde;o Jos&eacute; &ndash; Cirurgia Geral<\/td><td class=\"has-text-align-center\" data-align=\"center\">50<\/td><td class=\"has-text-align-center\" data-align=\"center\">50<\/td><\/tr><tr><td>Hospital Municipal S&atilde;o Jos&eacute; &ndash; Cl&iacute;nica M&eacute;dica<\/td><td class=\"has-text-align-center\" data-align=\"center\">50<\/td><td class=\"has-text-align-center\" data-align=\"center\">50<\/td><\/tr><tr><td>Hospital Municipal S&atilde;o Jos&eacute; &ndash; Medicina Intensiva<\/td><td class=\"has-text-align-center\" data-align=\"center\">51<\/td><td class=\"has-text-align-center\" data-align=\"center\">50<\/td><\/tr><tr><td>Hospital Municipal S&atilde;o Jos&eacute; &ndash; Neurologia<\/td><td class=\"has-text-align-center\" data-align=\"center\">50<\/td><td class=\"has-text-align-center\" data-align=\"center\">50<\/td><\/tr><tr><td>Hospital Municipal S&atilde;o Jos&eacute; &ndash; Ortopedia e Traumatologia<\/td><td class=\"has-text-align-center\" data-align=\"center\">51<\/td><td class=\"has-text-align-center\" data-align=\"center\">50<\/td><\/tr><tr><td>Hospital Municipal S&atilde;o Jos&eacute; &ndash; Patologia<\/td><td class=\"has-text-align-center\" data-align=\"center\">52<\/td><td class=\"has-text-align-center\" data-align=\"center\">51<\/td><\/tr><tr><td>Hospital Nereu Ramos &ndash; HNR &ndash; SES\/SC (Florian&oacute;polis) &ndash; Infectologia<\/td><td class=\"has-text-align-center\" data-align=\"center\">52<\/td><td class=\"has-text-align-center\" data-align=\"center\">52<\/td><\/tr><tr><td>Hospital Nossa Senhora da Concei&ccedil;&atilde;o &ndash; Tubar&atilde;o\/SC &ndash; Anestesiologia<\/td><td class=\"has-text-align-center\" data-align=\"center\">&ndash;<\/td><td class=\"has-text-align-center\" data-align=\"center\">36<\/td><\/tr><tr><td>Hospital Nossa Senhora da Concei&ccedil;&atilde;o &ndash; Tubar&atilde;o\/SC &ndash; Cirurgia Geral<\/td><td class=\"has-text-align-center\" data-align=\"center\">&ndash;<\/td><td class=\"has-text-align-center\" data-align=\"center\">37<\/td><\/tr><tr><td>Hospital Nossa Senhora da Concei&ccedil;&atilde;o &ndash; Tubar&atilde;o\/SC &ndash; Cl&iacute;nica M&eacute;dica<\/td><td class=\"has-text-align-center\" data-align=\"center\">&ndash;<\/td><td class=\"has-text-align-center\" data-align=\"center\">33<\/td><\/tr><tr><td>Hospital Nossa Senhora da Concei&ccedil;&atilde;o &ndash; Tubar&atilde;o\/SC &ndash; Medicina de Fam&iacute;lia e Comunidade<\/td><td class=\"has-text-align-center\" data-align=\"center\">&ndash;<\/td><td class=\"has-text-align-center\" data-align=\"center\">38<\/td><\/tr><tr><td>Hospital Nossa Senhora da Concei&ccedil;&atilde;o &ndash; Tubar&atilde;o\/SC &ndash; Medicina Intensiva<\/td><td class=\"has-text-align-center\" data-align=\"center\">&ndash;<\/td><td class=\"has-text-align-center\" data-align=\"center\">47<\/td><\/tr><tr><td>Hospital Nossa Senhora da Concei&ccedil;&atilde;o &ndash; Tubar&atilde;o\/SC &ndash; Radiologia e Diagn&oacute;stico por Imagem<\/td><td class=\"has-text-align-center\" data-align=\"center\">&ndash;<\/td><td class=\"has-text-align-center\" data-align=\"center\">36<\/td><\/tr><tr><td>Hospital Regional Alto Vale &ndash; Anestesiologia<\/td><td class=\"has-text-align-center\" data-align=\"center\">72<\/td><td class=\"has-text-align-center\" data-align=\"center\">66<\/td><\/tr><tr><td>Hospital Regional Alto Vale &ndash; Cirurgia Geral<\/td><td class=\"has-text-align-center\" data-align=\"center\">61,6<\/td><td class=\"has-text-align-center\" data-align=\"center\">61<\/td><\/tr><tr><td>Hospital Regional Alto Vale &ndash; Ginecologia e Obstetr&iacute;cia<\/td><td class=\"has-text-align-center\" data-align=\"center\">63<\/td><td class=\"has-text-align-center\" data-align=\"center\">61<\/td><\/tr><tr><td>Hospital Regional Alto Vale &ndash; Pediatria<\/td><td class=\"has-text-align-center\" data-align=\"center\">&ndash;<\/td><td class=\"has-text-align-center\" data-align=\"center\">53<\/td><\/tr><tr><td>Hospital Regional Hans Dieter Schmidt &ndash; HRHDS &ndash; SES\/SC (Joinville) &ndash; Anestesiologia<\/td><td class=\"has-text-align-center\" data-align=\"center\">50<\/td><td class=\"has-text-align-center\" data-align=\"center\">50<\/td><\/tr><tr><td>Hospital Regional Hans Dieter Schmidt &ndash; HRHDS &ndash; SES\/SC (Joinville) &ndash; Cirurgia Cardiovascular<\/td><td class=\"has-text-align-center\" data-align=\"center\">50<\/td><td class=\"has-text-align-center\" data-align=\"center\">51<\/td><\/tr><tr><td>Hospital Regional Hans Dieter Schmidt &ndash; HRHDS &ndash; SES\/SC (Joinville) &ndash; Cirurgia Geral<\/td><td class=\"has-text-align-center\" data-align=\"center\">50<\/td><td class=\"has-text-align-center\" data-align=\"center\">50<\/td><\/tr><tr><td>Hospital Regional Hans Dieter Schmidt &ndash; HRHDS &ndash; SES\/SC (Joinville) &ndash; Cl&iacute;nica M&eacute;dica<\/td><td class=\"has-text-align-center\" data-align=\"center\">50<\/td><td class=\"has-text-align-center\" data-align=\"center\">50<\/td><\/tr><tr><td>Hospital Regional Hans Dieter Schmidt &ndash; HRHDS &ndash; SES\/SC (Joinville) &ndash; Medicina de Emerg&ecirc;ncia<\/td><td class=\"has-text-align-center\" data-align=\"center\">50<\/td><td class=\"has-text-align-center\" data-align=\"center\">51<\/td><\/tr><tr><td>Hospital Regional Hans Dieter Schmidt &ndash; HRHDS &ndash; SES\/SC (Joinville) &ndash; Medicina Intensiva<\/td><td class=\"has-text-align-center\" data-align=\"center\">51<\/td><td class=\"has-text-align-center\" data-align=\"center\">52<\/td><\/tr><tr><td>Hospital Regional Hans Dieter Schmidt &ndash; HRHDS &ndash; SES\/SC (Joinville) &ndash; Psiquiatria<\/td><td class=\"has-text-align-center\" data-align=\"center\">50<\/td><td class=\"has-text-align-center\" data-align=\"center\">51<\/td><\/tr><tr><td>Hospital Regional Homero de Miranda Gomes (HRHMG) (SES) &ndash; Anestesiologia<\/td><td class=\"has-text-align-center\" data-align=\"center\">50<\/td><td class=\"has-text-align-center\" data-align=\"center\">50<\/td><\/tr><tr><td>Hospital Regional Homero de Miranda Gomes (HRHMG) (SES) &ndash; Cirurgia Geral<\/td><td class=\"has-text-align-center\" data-align=\"center\">50<\/td><td class=\"has-text-align-center\" data-align=\"center\">50<\/td><\/tr><tr><td>Hospital Regional Homero de Miranda Gomes (HRHMG) (SES) &ndash; Cl&iacute;nica M&eacute;dica<\/td><td class=\"has-text-align-center\" data-align=\"center\">51<\/td><td class=\"has-text-align-center\" data-align=\"center\">50<\/td><\/tr><tr><td>Hospital Regional Homero de Miranda Gomes (HRHMG) (SES) &ndash; Ginecologia e Obstetr&iacute;cia<\/td><td class=\"has-text-align-center\" data-align=\"center\">50<\/td><td class=\"has-text-align-center\" data-align=\"center\">50<\/td><\/tr><tr><td>Hospital Regional Homero de Miranda Gomes (HRHMG) (SES) &ndash; Medicina de Emerg&ecirc;ncia<\/td><td class=\"has-text-align-center\" data-align=\"center\">53<\/td><td class=\"has-text-align-center\" data-align=\"center\">50<\/td><\/tr><tr><td>Hospital Regional Homero de Miranda Gomes (HRHMG) (SES) &ndash; Oftalmologia<\/td><td class=\"has-text-align-center\" data-align=\"center\">50<\/td><td class=\"has-text-align-center\" data-align=\"center\">50<\/td><\/tr><tr><td>Hospital Regional Homero de Miranda Gomes (HRHMG) (SES) &ndash; Ortopedia e Traumatologia<\/td><td class=\"has-text-align-center\" data-align=\"center\">51<\/td><td class=\"has-text-align-center\" data-align=\"center\">50<\/td><\/tr><tr><td>Hospital Santa Catarina de Blumenau &ndash; Cirurgia Geral<\/td><td class=\"has-text-align-center\" data-align=\"center\">50<\/td><td class=\"has-text-align-center\" data-align=\"center\">37<\/td><\/tr><tr><td>Hospital Santa Catarina de Blumenau &ndash; Cl&iacute;nica M&eacute;dica<\/td><td class=\"has-text-align-center\" data-align=\"center\">50<\/td><td class=\"has-text-align-center\" data-align=\"center\">35<\/td><\/tr><tr><td>Hospital Santa Catarina de Blumenau &ndash; Neurologia<\/td><td class=\"has-text-align-center\" data-align=\"center\">50<\/td><td class=\"has-text-align-center\" data-align=\"center\">38<\/td><\/tr><tr><td>Hospital Santa Catarina de Blumenau &ndash; Psiquiatria<\/td><td class=\"has-text-align-center\" data-align=\"center\">50<\/td><td class=\"has-text-align-center\" data-align=\"center\">33<\/td><\/tr><tr><td>Hospital Santa Catarina de Blumenau &ndash; Radiologia e Diagn&oacute;stico por Imagem<\/td><td class=\"has-text-align-center\" data-align=\"center\">50<\/td><td class=\"has-text-align-center\" data-align=\"center\">39<\/td><\/tr><tr><td>Hospital Santa Cec&iacute;lia &ndash; Anestesiologia<\/td><td class=\"has-text-align-center\" data-align=\"center\">&ndash;<\/td><td class=\"has-text-align-center\" data-align=\"center\">50<\/td><\/tr><tr><td>Hospital Santa Cec&iacute;lia &ndash; Cirurgia Cardiovascular<\/td><td class=\"has-text-align-center\" data-align=\"center\">50<\/td><td class=\"has-text-align-center\" data-align=\"center\">51<\/td><\/tr><tr><td>Hospital Santa Cec&iacute;lia &ndash; Cirurgia Geral<\/td><td class=\"has-text-align-center\" data-align=\"center\">50<\/td><td class=\"has-text-align-center\" data-align=\"center\">50<\/td><\/tr><tr><td>Hospital Santa Cec&iacute;lia &ndash; Cl&iacute;nica M&eacute;dica<\/td><td class=\"has-text-align-center\" data-align=\"center\">53<\/td><td class=\"has-text-align-center\" data-align=\"center\">50<\/td><\/tr><tr><td>Hospital Santa Cec&iacute;lia &ndash; Medicina Intensiva<\/td><td class=\"has-text-align-center\" data-align=\"center\">51<\/td><td class=\"has-text-align-center\" data-align=\"center\">50<\/td><\/tr><tr><td>Hospital Santa Cec&iacute;lia &ndash; Ortopedia e Traumatologia<\/td><td class=\"has-text-align-center\" data-align=\"center\">51<\/td><td class=\"has-text-align-center\" data-align=\"center\">62<\/td><\/tr><tr><td>Hospital Santa Cec&iacute;lia &ndash; Pediatria<\/td><td class=\"has-text-align-center\" data-align=\"center\">51<\/td><td class=\"has-text-align-center\" data-align=\"center\">50<\/td><\/tr><tr><td>Hospital Santa Clara &ndash; Pequeno Anjo &ndash; Pediatria<\/td><td class=\"has-text-align-center\" data-align=\"center\">69<\/td><td class=\"has-text-align-center\" data-align=\"center\">50<\/td><\/tr><tr><td>Hospital Santa Isabel Blumenau &ndash; Cirurgia Cardiovascular<\/td><td class=\"has-text-align-center\" data-align=\"center\">44<\/td><td class=\"has-text-align-center\" data-align=\"center\">44<\/td><\/tr><tr><td>Hospital Santa Isabel Blumenau &ndash; Cirurgia Geral<\/td><td class=\"has-text-align-center\" data-align=\"center\">71<\/td><td class=\"has-text-align-center\" data-align=\"center\">73<\/td><\/tr><tr><td>Hospital Santa Isabel Blumenau &ndash; Cl&iacute;nica M&eacute;dica<\/td><td class=\"has-text-align-center\" data-align=\"center\">70<\/td><td class=\"has-text-align-center\" data-align=\"center\">66<\/td><\/tr><tr><td>Hospital Santa Isabel Blumenau &ndash; Medicina Intensiva<\/td><td class=\"has-text-align-center\" data-align=\"center\">37<\/td><td class=\"has-text-align-center\" data-align=\"center\">39<\/td><\/tr><tr><td>Hospital Santa Isabel Blumenau &ndash; Neurocirurgia<\/td><td class=\"has-text-align-center\" data-align=\"center\">67<\/td><td class=\"has-text-align-center\" data-align=\"center\">66<\/td><\/tr><tr><td>Hospital Santa Isabel Blumenau &ndash; Neurologia<\/td><td class=\"has-text-align-center\" data-align=\"center\">69<\/td><td class=\"has-text-align-center\" data-align=\"center\">67<\/td><\/tr><tr><td>Hospital Santa Isabel Blumenau &ndash; Radiologia e Diagn&oacute;stico por Imagem<\/td><td class=\"has-text-align-center\" data-align=\"center\">71<\/td><td class=\"has-text-align-center\" data-align=\"center\">70<\/td><\/tr><tr><td>Hospital Santa Teresa &ndash; HST &ndash; SES\/SC (S&atilde;o Pedro de Alc&acirc;ntara) &ndash; Dermatologia<\/td><td class=\"has-text-align-center\" data-align=\"center\">50<\/td><td class=\"has-text-align-center\" data-align=\"center\">50<\/td><\/tr><tr><td>Hospital Santo Ant&ocirc;nio Blumenau &ndash; Cirurgia Geral<\/td><td class=\"has-text-align-center\" data-align=\"center\">69<\/td><td class=\"has-text-align-center\" data-align=\"center\">67<\/td><\/tr><tr><td>Hospital Santo Ant&ocirc;nio Blumenau &ndash; Cl&iacute;nica M&eacute;dica<\/td><td class=\"has-text-align-center\" data-align=\"center\">65<\/td><td class=\"has-text-align-center\" data-align=\"center\">65<\/td><\/tr><tr><td>Hospital Santo Ant&ocirc;nio Blumenau &ndash; Ginecologia e Obstetr&iacute;cia<\/td><td class=\"has-text-align-center\" data-align=\"center\">70<\/td><td class=\"has-text-align-center\" data-align=\"center\">66<\/td><\/tr><tr><td>Hospital Santo Ant&ocirc;nio Blumenau &ndash; Medicina Intensiva<\/td><td class=\"has-text-align-center\" data-align=\"center\">53<\/td><td class=\"has-text-align-center\" data-align=\"center\">53<\/td><\/tr><tr><td>Hospital Santo Ant&ocirc;nio Blumenau &ndash; Ortopedia e Traumatologia<\/td><td class=\"has-text-align-center\" data-align=\"center\">66<\/td><td class=\"has-text-align-center\" data-align=\"center\">65<\/td><\/tr><tr><td>Hospital Santo Ant&ocirc;nio Blumenau &ndash; Pediatria<\/td><td class=\"has-text-align-center\" data-align=\"center\">61<\/td><td class=\"has-text-align-center\" data-align=\"center\">61<\/td><\/tr><tr><td>Hospital Santo Ant&ocirc;nio Blumenau &ndash; Radiologia e Diagn&oacute;stico por Imagem<\/td><td class=\"has-text-align-center\" data-align=\"center\">68<\/td><td class=\"has-text-align-center\" data-align=\"center\">68<\/td><\/tr><tr><td>Hospital S&atilde;o Jos&eacute; Crici&uacute;ma &ndash; Anestesiologia<\/td><td class=\"has-text-align-center\" data-align=\"center\">69<\/td><td class=\"has-text-align-center\" data-align=\"center\">69,3<\/td><\/tr><tr><td>Hospital S&atilde;o Jos&eacute; Crici&uacute;ma &ndash; Cirurgia Geral<\/td><td class=\"has-text-align-center\" data-align=\"center\">52<\/td><td class=\"has-text-align-center\" data-align=\"center\">65<\/td><\/tr><tr><td>Hospital S&atilde;o Jos&eacute; Crici&uacute;ma &ndash; Cl&iacute;nica M&eacute;dica<\/td><td class=\"has-text-align-center\" data-align=\"center\">62<\/td><td class=\"has-text-align-center\" data-align=\"center\">62<\/td><\/tr><tr><td>Hospital S&atilde;o Jos&eacute; Crici&uacute;ma &ndash; Medicina Intensiva<\/td><td class=\"has-text-align-center\" data-align=\"center\">52<\/td><td class=\"has-text-align-center\" data-align=\"center\">51<\/td><\/tr><tr><td>Hospital S&atilde;o Jos&eacute; Crici&uacute;ma &ndash; Ortopedia e Traumatologia<\/td><td class=\"has-text-align-center\" data-align=\"center\">56<\/td><td class=\"has-text-align-center\" data-align=\"center\">57<\/td><\/tr><tr><td>Hospital Tereza Ramos &ndash; HTR &ndash; SES\/SC (Lages) &ndash; Cirurgia Geral<\/td><td class=\"has-text-align-center\" data-align=\"center\">50<\/td><td class=\"has-text-align-center\" data-align=\"center\">50<\/td><\/tr><tr><td>Hospital Tereza Ramos &ndash; HTR &ndash; SES\/SC (Lages) &ndash; Cl&iacute;nica M&eacute;dica<\/td><td class=\"has-text-align-center\" data-align=\"center\">50<\/td><td class=\"has-text-align-center\" data-align=\"center\">50<\/td><\/tr><tr><td>Hospital Unimed &ndash; Medicina de Fam&iacute;lia e Comunidade<\/td><td class=\"has-text-align-center\" data-align=\"center\">50<\/td><td class=\"has-text-align-center\" data-align=\"center\">51<\/td><\/tr><tr><td>Hospital Unimed &ndash; Pediatria<\/td><td class=\"has-text-align-center\" data-align=\"center\">50<\/td><td class=\"has-text-align-center\" data-align=\"center\">51<\/td><\/tr><tr><td>Instituto de Cardiologia (ICSC) (SES) &ndash; Cirurgia Cardiovascular<\/td><td class=\"has-text-align-center\" data-align=\"center\">50<\/td><td class=\"has-text-align-center\" data-align=\"center\">51<\/td><\/tr><tr><td>Instituto de Psiquiatria &ndash; IPQ &ndash; SES\/SC (S&atilde;o Jos&eacute;) &ndash; Psiquiatria<\/td><td class=\"has-text-align-center\" data-align=\"center\">50<\/td><td class=\"has-text-align-center\" data-align=\"center\">50<\/td><\/tr><tr><td>Maternidade Carmela Dutra &ndash; MCD &ndash; SES\/SC (Florian&oacute;polis) &ndash; Ginecologia e Obstetr&iacute;cia<\/td><td class=\"has-text-align-center\" data-align=\"center\">50<\/td><td class=\"has-text-align-center\" data-align=\"center\">50<\/td><\/tr><tr><td>Maternidade Darcy Vargas &ndash; MDV &ndash; SES\/SC (Joinville) &ndash; Ginecologia e Obstetr&iacute;cia<\/td><td class=\"has-text-align-center\" data-align=\"center\">50<\/td><td class=\"has-text-align-center\" data-align=\"center\">50<\/td><\/tr><tr><td>Nossa Senhora do Prazeres (Sociedade M&atilde;e da Divina Provid&ecirc;ncia) &ndash; Medicina Intensiva<\/td><td class=\"has-text-align-center\" data-align=\"center\">41<\/td><td class=\"has-text-align-center\" data-align=\"center\">59<\/td><\/tr><tr><td>Nossa Senhora do Prazeres (Sociedade M&atilde;e da Divina Provid&ecirc;ncia) &ndash; Ortopedia e Traumatologia<\/td><td class=\"has-text-align-center\" data-align=\"center\">40<\/td><td class=\"has-text-align-center\" data-align=\"center\">50<\/td><\/tr><tr><td>Prefeitura Municipal de Jaragua do Sul \/ Fundo Municipal de Sa&uacute;de &ndash; Medicina de Fam&iacute;lia e Comunidade<\/td><td class=\"has-text-align-center\" data-align=\"center\">58<\/td><td class=\"has-text-align-center\" data-align=\"center\">50<\/td><\/tr><tr><td>Secret&aacute;ria Municipal de Sa&uacute;de de Joinville &ndash; Medicina de Fam&iacute;lia e Comunidade<\/td><td class=\"has-text-align-center\" data-align=\"center\">50<\/td><td class=\"has-text-align-center\" data-align=\"center\">38<\/td><\/tr><tr><td>Secretaria Municipal de Sa&uacute;de Florian&oacute;polis &ndash; Medicina de Fam&iacute;lia e Comunidade<\/td><td class=\"has-text-align-center\" data-align=\"center\">50<\/td><td class=\"has-text-align-center\" data-align=\"center\">50<\/td><\/tr><tr><td>Secretaria Municipal de Sa&uacute;de Florian&oacute;polis &ndash; Psiquiatria<\/td><td class=\"has-text-align-center\" data-align=\"center\">50<\/td><td class=\"has-text-align-center\" data-align=\"center\">50<\/td><\/tr><tr><td>UNIMED de Joinville &ndash; Centro Hospitalar Unimed &ndash; Medicina Intensiva<\/td><td class=\"has-text-align-center\" data-align=\"center\">51<\/td><td class=\"has-text-align-center\" data-align=\"center\">53<\/td><\/tr><tr><td>Universidade do Extremo Sul Catarinense (UNESC) &ndash; Ginecologia e Obstetr&iacute;cia<\/td><td class=\"has-text-align-center\" data-align=\"center\">50<\/td><td class=\"has-text-align-center\" data-align=\"center\">64<\/td><\/tr><tr><td>Universidade do Extremo Sul Catarinense (UNESC) &ndash; Medicina de Fam&iacute;lia e Comunidade<\/td><td class=\"has-text-align-center\" data-align=\"center\">51<\/td><td class=\"has-text-align-center\" data-align=\"center\">52<\/td><\/tr><tr><td>Universidade do Extremo Sul Catarinense (UNESC) &ndash; Pediatria<\/td><td class=\"has-text-align-center\" data-align=\"center\">51<\/td><td class=\"has-text-align-center\" data-align=\"center\">63<\/td><\/tr><tr><td>Universidade Federal da Fronteira Sul &ndash; Anestesiologia<\/td><td class=\"has-text-align-center\" data-align=\"center\">51<\/td><td class=\"has-text-align-center\" data-align=\"center\">50<\/td><\/tr><tr><td>Universidade Federal da Fronteira Sul &ndash; Cirurgia Geral<\/td><td class=\"has-text-align-center\" data-align=\"center\">50<\/td><td class=\"has-text-align-center\" data-align=\"center\">50<\/td><\/tr><tr><td>Universidade Federal da Fronteira Sul &ndash; Cl&iacute;nica M&eacute;dica<\/td><td class=\"has-text-align-center\" data-align=\"center\">50<\/td><td class=\"has-text-align-center\" data-align=\"center\">50<\/td><\/tr><tr><td>Universidade Federal da Fronteira Sul &ndash; Ginecologia e Obstetr&iacute;cia<\/td><td class=\"has-text-align-center\" data-align=\"center\">50<\/td><td class=\"has-text-align-center\" data-align=\"center\">51<\/td><\/tr><tr><td>Universidade Federal da Fronteira Sul &ndash; Ortopedia e Traumatologia<\/td><td class=\"has-text-align-center\" data-align=\"center\">51<\/td><td class=\"has-text-align-center\" data-align=\"center\">50<\/td><\/tr><tr><td>Universidade Federal da Fronteira Sul &ndash; Pediatria<\/td><td class=\"has-text-align-center\" data-align=\"center\">50<\/td><td class=\"has-text-align-center\" data-align=\"center\">50<\/td><\/tr><tr><td>Universidade Federal de Santa Catarina &ndash; UFSC &ndash; Acupuntura<\/td><td class=\"has-text-align-center\" data-align=\"center\">55<\/td><td class=\"has-text-align-center\" data-align=\"center\">50<\/td><\/tr><tr><td>Universidade Federal de Santa Catarina &ndash; UFSC &ndash; Anestesiologia<\/td><td class=\"has-text-align-center\" data-align=\"center\">50<\/td><td class=\"has-text-align-center\" data-align=\"center\">50<\/td><\/tr><tr><td>Universidade Federal de Santa Catarina &ndash; UFSC &ndash; Cirurgia Geral<\/td><td class=\"has-text-align-center\" data-align=\"center\">50<\/td><td class=\"has-text-align-center\" data-align=\"center\">50<\/td><\/tr><tr><td>Universidade Federal de Santa Catarina &ndash; UFSC &ndash; Cl&iacute;nica M&eacute;dica<\/td><td class=\"has-text-align-center\" data-align=\"center\">50<\/td><td class=\"has-text-align-center\" data-align=\"center\">50<\/td><\/tr><tr><td>Universidade Federal de Santa Catarina &ndash; UFSC &ndash; Dermatologia<\/td><td class=\"has-text-align-center\" data-align=\"center\">50<\/td><td class=\"has-text-align-center\" data-align=\"center\">50<\/td><\/tr><tr><td>Universidade Federal de Santa Catarina &ndash; UFSC &ndash; Ginecologia e Obstetr&iacute;cia<\/td><td class=\"has-text-align-center\" data-align=\"center\">50<\/td><td class=\"has-text-align-center\" data-align=\"center\">50<\/td><\/tr><tr><td>Universidade Federal de Santa Catarina &ndash; UFSC &ndash; Medicina Intensiva<\/td><td class=\"has-text-align-center\" data-align=\"center\">52<\/td><td class=\"has-text-align-center\" data-align=\"center\">53<\/td><\/tr><tr><td>Universidade Federal de Santa Catarina &ndash; UFSC &ndash; Neurologia<\/td><td class=\"has-text-align-center\" data-align=\"center\">50<\/td><td class=\"has-text-align-center\" data-align=\"center\">50<\/td><\/tr><tr><td>Universidade Federal de Santa Catarina &ndash; UFSC &ndash; Patologia<\/td><td class=\"has-text-align-center\" data-align=\"center\">52<\/td><td class=\"has-text-align-center\" data-align=\"center\">52<\/td><\/tr><tr><td>Universidade Federal de Santa Catarina &ndash; UFSC &ndash; Pediatria<\/td><td class=\"has-text-align-center\" data-align=\"center\">50<\/td><td class=\"has-text-align-center\" data-align=\"center\">50<\/td><\/tr><tr><td>Universidade Federal de Santa Catarina &ndash; UFSC &ndash; Radiologia e Diagn&oacute;stico por Imagem<\/td><td class=\"has-text-align-center\" data-align=\"center\">50<\/td><td class=\"has-text-align-center\" data-align=\"center\">50<\/td><\/tr><\/tbody><\/table><\/figure><h2 class=\"wp-block-heading\" id=\"h-nota-de-corte-enare-exame-nacional-de-residencia\"><span class=\"ez-toc-section\" id=\"Nota-de-Corte-ENARE-%E2%80%93-Exame-Nacional-de-Residencia\"><\/span>Nota de Corte ENARE &ndash; Exame Nacional de Resid&ecirc;ncia<span class=\"ez-toc-section-end\"><\/span><\/h2><p>As notas abaixo foram as&nbsp;<strong>pontua&ccedil;&otilde;es m&iacute;nimas<\/strong>&nbsp;alcan&ccedil;adas pelos &uacute;ltimos candidatos aprovados em ampla concorr&ecirc;ncia na&nbsp;<strong>1&ordf; chamada do Enare 2024\/2025<\/strong>, dentro do limite de vagas por institui&ccedil;&atilde;o.<\/p><figure class=\"wp-block-table\"><table><thead><tr><th>INSTITUI&Ccedil;&Atilde;O<\/th><th>PROGRAMA<\/th><th class=\"has-text-align-center\" data-align=\"center\">NOTA DE CORTE 2025<\/th><th class=\"has-text-align-center\" data-align=\"center\">NOTA DE CORTE 2026<\/th><\/tr><\/thead><tbody><tr><td>Hospital S&atilde;o Vicente de Paulo<\/td><td>CL&Iacute;NICA M&Eacute;DICA<\/td><td class=\"has-text-align-center\" data-align=\"center\">&ndash;<\/td><td class=\"has-text-align-center\" data-align=\"center\">840<\/td><\/tr><\/tbody><\/table><\/figure><p>Gostou do que o Estrat&eacute;gia MED separou para voc&ecirc;? Com todas essas informa&ccedil;&otilde;es &agrave; sua disposi&ccedil;&atilde;o, a sua aprova&ccedil;&atilde;o nunca esteve t&atilde;o perto!<\/p><div class=\"wp-block-buttons is-content-justification-center is-layout-flex wp-container-core-buttons-is-layout-1 wp-block-buttons-is-layout-flex\">\n<div class=\"wp-block-button\"><a class=\"wp-block-button__link wp-element-button\" href=\"https:\/\/med.estrategia.com\/portal\/?s=NOTAS+DE+CORTE\" target=\"_blank\"><strong>CONFIRA AS PRINCIPAIS NOTAS DE CORTE<\/strong><\/a><\/div>\n<\/div><p>N&atilde;o perca tempo, com o&nbsp;<a href=\"https:\/\/med.estrategia.com\/\" target=\"_blank\">Estrat&eacute;gia MED<\/a>&nbsp;voc&ecirc; pode escolher a melhor maneira de estudar e garantir a sua vaga na resid&ecirc;ncia m&eacute;dica em 2027. Voc&ecirc; tem a chance de se preparar por meio de revis&otilde;es, livros digitais, resumos, aulas em v&iacute;deo ou a partir da resolu&ccedil;&atilde;o de quest&otilde;es presentes em nosso Banco de Quest&otilde;es. Vem ser coruja!<\/p><p>\n\n\n\n\n\n<a id=\"cta\" class=\"cta-imagem\" href=\"https:\/\/med.estrategia.com\/curso\/banco-de-questes-resumos-estrategicos-anual\/\" target=\"blank\">\n                <img decoding=\"async\" width=\"100%\" src=\"https:\/\/med.estrategia.com\/portal\/wp-content\/uploads\/2025\/08\/banco_questoes.png\" alt=\"banco_questoes\" title=\"banco_questoes\">\n        <\/a>\n<\/p><\/p>\n","protected":false},"excerpt":{"rendered":"Se a regi&atilde;o sul do Brasil est&aacute; em seu leque de op&ccedil;&otilde;es para ingressar na resid&ecirc;ncia m&eacute;dica, Santa&hellip;\n","protected":false},"author":39,"featured_media":38824,"comment_status":"closed","ping_status":"closed","sticky":false,"template":"","format":"standard","meta":{"wl_entities_gutenberg":"","footnotes":""},"categories":[24],"tags":[],"wl_entity_type":[199],"class_list":{"0":"post-38823","1":"post","2":"type-post","3":"status-publish","4":"format-standard","5":"has-post-thumbnail","7":"category-residencia-medica","8":"wl_entity_type-article"},"acf":[],"yoast_head":"<!-- This site is optimized with the Yoast SEO Premium plugin v26.6 (Yoast SEO v26.6) - https:\/\/yoast.com\/wordpress\/plugins\/seo\/ -->\n<title>Notas de Corte para Resid\u00eancia M\u00e9dica 2026: confira as notas m\u00ednimas de Santa Cantarina<\/title>\n<meta name=\"description\" content=\"N\u00e3o deixe de conferir as\u00a0Notas de Corte 2025\/2026 para resid\u00eancia m\u00e9dica nas principais institui\u00e7\u00f5es de\u00a0Santa Catarina!\" \/>\n<meta name=\"robots\" content=\"index, follow, max-snippet:-1, max-image-preview:large, max-video-preview:-1\" \/>\n<link rel=\"canonical\" href=\"https:\/\/med.estrategia.com\/portal\/residencia-medica\/notas-de-corte-para-residencia-medica-santa-catarina\/\" \/>\n<meta property=\"og:locale\" content=\"pt_BR\" \/>\n<meta property=\"og:type\" content=\"article\" \/>\n<meta property=\"og:title\" content=\"Notas de Corte para Resid\u00eancia M\u00e9dica 2026: confira as notas m\u00ednimas de Santa Cantarina\" \/>\n<meta property=\"og:description\" content=\"N\u00e3o deixe de conferir as\u00a0Notas de Corte 2025\/2026 para resid\u00eancia m\u00e9dica nas principais institui\u00e7\u00f5es de\u00a0Santa Catarina!\" \/>\n<meta property=\"og:url\" content=\"https:\/\/med.estrategia.com\/portal\/residencia-medica\/notas-de-corte-para-residencia-medica-santa-catarina\/\" \/>\n<meta property=\"og:site_name\" content=\"Estrat\u00e9gia MED\" \/>\n<meta property=\"article:publisher\" content=\"https:\/\/www.facebook.com\/estrategiamed1\" \/>\n<meta property=\"article:published_time\" content=\"2023-04-19T15:26:24+00:00\" \/>\n<meta property=\"article:modified_time\" content=\"2026-04-16T19:34:36+00:00\" \/>\n<meta property=\"og:image\" content=\"https:\/\/med.estrategia.com\/portal\/wp-content\/uploads\/2023\/04\/shutterstock_2129190410.jpg\" \/>\n\t<meta property=\"og:image:width\" content=\"1920\" \/>\n\t<meta property=\"og:image:height\" content=\"1281\" \/>\n\t<meta property=\"og:image:type\" content=\"image\/jpeg\" \/>\n<meta name=\"author\" content=\"Ana Carolina Damasceno\" \/>\n<meta name=\"twitter:card\" content=\"summary_large_image\" \/>\n<meta name=\"twitter:creator\" content=\"@estrategiamed_\" \/>\n<meta name=\"twitter:site\" content=\"@estrategiamed_\" \/>\n<meta name=\"twitter:label1\" content=\"Escrito por\" \/>\n\t<meta name=\"twitter:data1\" content=\"Ana Carolina Damasceno\" \/>\n\t<meta name=\"twitter:label2\" content=\"Est. tempo de leitura\" \/>\n\t<meta name=\"twitter:data2\" content=\"9 minutos\" \/>\n<script type=\"application\/ld+json\" class=\"yoast-schema-graph\">{\"@context\":\"https:\/\/schema.org\",\"@graph\":[{\"@type\":\"WebPage\",\"@id\":\"https:\/\/med.estrategia.com\/portal\/residencia-medica\/notas-de-corte-para-residencia-medica-santa-catarina\/\",\"url\":\"https:\/\/med.estrategia.com\/portal\/residencia-medica\/notas-de-corte-para-residencia-medica-santa-catarina\/\",\"name\":\"Notas de Corte para Resid\u00eancia M\u00e9dica 2026: confira as notas m\u00ednimas de Santa Cantarina\",\"isPartOf\":{\"@id\":\"https:\/\/med.estrategia.com\/portal\/#website\"},\"primaryImageOfPage\":{\"@id\":\"https:\/\/med.estrategia.com\/portal\/residencia-medica\/notas-de-corte-para-residencia-medica-santa-catarina\/#primaryimage\"},\"image\":{\"@id\":\"https:\/\/med.estrategia.com\/portal\/residencia-medica\/notas-de-corte-para-residencia-medica-santa-catarina\/#primaryimage\"},\"thumbnailUrl\":\"https:\/\/med.estrategia.com\/portal\/wp-content\/uploads\/2023\/04\/shutterstock_2129190410.jpg\",\"datePublished\":\"2023-04-19T15:26:24+00:00\",\"dateModified\":\"2026-04-16T19:34:36+00:00\",\"author\":{\"@id\":\"https:\/\/med.estrategia.com\/portal\/#\/schema\/person\/2f553adbb8e25fe39d145c5b2927f58c\"},\"description\":\"N\u00e3o deixe de conferir as\u00a0Notas de Corte 2025\/2026 para resid\u00eancia m\u00e9dica nas principais institui\u00e7\u00f5es de\u00a0Santa Catarina!\",\"breadcrumb\":{\"@id\":\"https:\/\/med.estrategia.com\/portal\/residencia-medica\/notas-de-corte-para-residencia-medica-santa-catarina\/#breadcrumb\"},\"inLanguage\":\"pt-BR\",\"potentialAction\":[{\"@type\":\"ReadAction\",\"target\":[\"https:\/\/med.estrategia.com\/portal\/residencia-medica\/notas-de-corte-para-residencia-medica-santa-catarina\/\"]}]},{\"@type\":\"ImageObject\",\"inLanguage\":\"pt-BR\",\"@id\":\"https:\/\/med.estrategia.com\/portal\/residencia-medica\/notas-de-corte-para-residencia-medica-santa-catarina\/#primaryimage\",\"url\":\"https:\/\/med.estrategia.com\/portal\/wp-content\/uploads\/2023\/04\/shutterstock_2129190410.jpg\",\"contentUrl\":\"https:\/\/med.estrategia.com\/portal\/wp-content\/uploads\/2023\/04\/shutterstock_2129190410.jpg\",\"width\":1920,\"height\":1281,\"caption\":\"Florian\u00f3polis, Santa Catarina\"},{\"@type\":\"BreadcrumbList\",\"@id\":\"https:\/\/med.estrategia.com\/portal\/residencia-medica\/notas-de-corte-para-residencia-medica-santa-catarina\/#breadcrumb\",\"itemListElement\":[{\"@type\":\"ListItem\",\"position\":1,\"name\":\"Home\",\"item\":\"https:\/\/med.estrategia.com\/portal\/\"},{\"@type\":\"ListItem\",\"position\":2,\"name\":\"Resid\u00eancia M\u00e9dica\",\"item\":\"https:\/\/med.estrategia.com\/portal\/residencia-medica\/\"},{\"@type\":\"ListItem\",\"position\":3,\"name\":\"Notas de Corte para Resid\u00eancia M\u00e9dica 2026: confira as notas m\u00ednimas de Santa Cantarina\"}]},{\"@type\":\"WebSite\",\"@id\":\"https:\/\/med.estrategia.com\/portal\/#website\",\"url\":\"https:\/\/med.estrategia.com\/portal\/\",\"name\":\"Estrat\u00e9gia MED\",\"description\":\"\",\"potentialAction\":[{\"@type\":\"SearchAction\",\"target\":{\"@type\":\"EntryPoint\",\"urlTemplate\":\"https:\/\/med.estrategia.com\/portal\/?s={search_term_string}\"},\"query-input\":{\"@type\":\"PropertyValueSpecification\",\"valueRequired\":true,\"valueName\":\"search_term_string\"}}],\"inLanguage\":\"pt-BR\"},{\"@type\":\"Person\",\"@id\":\"https:\/\/med.estrategia.com\/portal\/#\/schema\/person\/2f553adbb8e25fe39d145c5b2927f58c\",\"name\":\"Ana Carolina Damasceno\",\"image\":{\"@type\":\"ImageObject\",\"inLanguage\":\"pt-BR\",\"@id\":\"https:\/\/med.estrategia.com\/portal\/#\/schema\/person\/image\/\",\"url\":\"https:\/\/med.estrategia.com\/portal\/wp-content\/uploads\/2021\/09\/WhatsApp-Image-2023-08-18-at-16.46.43-150x150.jpeg\",\"contentUrl\":\"https:\/\/med.estrategia.com\/portal\/wp-content\/uploads\/2021\/09\/WhatsApp-Image-2023-08-18-at-16.46.43-150x150.jpeg\",\"caption\":\"Ana Carolina Damasceno\"},\"description\":\"Coordenadora de Jornalismo EMED. Comunicadora por natureza e forma\u00e7\u00e3o, que ama e perde a no\u00e7\u00e3o do tempo com m\u00fasica e s\u00e9rie.\",\"url\":\"https:\/\/med.estrategia.com\/portal\/author\/ana-carolina-damasceno\/\"}]}<\/script>\n<!-- \/ Yoast SEO Premium plugin. -->","yoast_head_json":{"title":"Notas de Corte para Resid\u00eancia M\u00e9dica 2026: confira as notas m\u00ednimas de Santa Cantarina","description":"N\u00e3o deixe de conferir as\u00a0Notas de Corte 2025\/2026 para resid\u00eancia m\u00e9dica nas principais institui\u00e7\u00f5es de\u00a0Santa Catarina!","robots":{"index":"index","follow":"follow","max-snippet":"max-snippet:-1","max-image-preview":"max-image-preview:large","max-video-preview":"max-video-preview:-1"},"canonical":"https:\/\/med.estrategia.com\/portal\/residencia-medica\/notas-de-corte-para-residencia-medica-santa-catarina\/","og_locale":"pt_BR","og_type":"article","og_title":"Notas de Corte para Resid\u00eancia M\u00e9dica 2026: confira as notas m\u00ednimas de Santa Cantarina","og_description":"N\u00e3o deixe de conferir as\u00a0Notas de Corte 2025\/2026 para resid\u00eancia m\u00e9dica nas principais institui\u00e7\u00f5es de\u00a0Santa Catarina!","og_url":"https:\/\/med.estrategia.com\/portal\/residencia-medica\/notas-de-corte-para-residencia-medica-santa-catarina\/","og_site_name":"Estrat\u00e9gia MED","article_publisher":"https:\/\/www.facebook.com\/estrategiamed1","article_published_time":"2023-04-19T15:26:24+00:00","article_modified_time":"2026-04-16T19:34:36+00:00","og_image":[{"width":1920,"height":1281,"url":"https:\/\/med.estrategia.com\/portal\/wp-content\/uploads\/2023\/04\/shutterstock_2129190410.jpg","type":"image\/jpeg"}],"author":"Ana Carolina Damasceno","twitter_card":"summary_large_image","twitter_creator":"@estrategiamed_","twitter_site":"@estrategiamed_","twitter_misc":{"Escrito por":"Ana Carolina Damasceno","Est. tempo de leitura":"9 minutos"},"schema":{"@context":"https:\/\/schema.org","@graph":[{"@type":"WebPage","@id":"https:\/\/med.estrategia.com\/portal\/residencia-medica\/notas-de-corte-para-residencia-medica-santa-catarina\/","url":"https:\/\/med.estrategia.com\/portal\/residencia-medica\/notas-de-corte-para-residencia-medica-santa-catarina\/","name":"Notas de Corte para Resid\u00eancia M\u00e9dica 2026: confira as notas m\u00ednimas de Santa Cantarina","isPartOf":{"@id":"https:\/\/med.estrategia.com\/portal\/#website"},"primaryImageOfPage":{"@id":"https:\/\/med.estrategia.com\/portal\/residencia-medica\/notas-de-corte-para-residencia-medica-santa-catarina\/#primaryimage"},"image":{"@id":"https:\/\/med.estrategia.com\/portal\/residencia-medica\/notas-de-corte-para-residencia-medica-santa-catarina\/#primaryimage"},"thumbnailUrl":"https:\/\/med.estrategia.com\/portal\/wp-content\/uploads\/2023\/04\/shutterstock_2129190410.jpg","datePublished":"2023-04-19T15:26:24+00:00","dateModified":"2026-04-16T19:34:36+00:00","author":{"@id":"https:\/\/med.estrategia.com\/portal\/#\/schema\/person\/2f553adbb8e25fe39d145c5b2927f58c"},"description":"N\u00e3o deixe de conferir as\u00a0Notas de Corte 2025\/2026 para resid\u00eancia m\u00e9dica nas principais institui\u00e7\u00f5es de\u00a0Santa Catarina!","breadcrumb":{"@id":"https:\/\/med.estrategia.com\/portal\/residencia-medica\/notas-de-corte-para-residencia-medica-santa-catarina\/#breadcrumb"},"inLanguage":"pt-BR","potentialAction":[{"@type":"ReadAction","target":["https:\/\/med.estrategia.com\/portal\/residencia-medica\/notas-de-corte-para-residencia-medica-santa-catarina\/"]}]},{"@type":"ImageObject","inLanguage":"pt-BR","@id":"https:\/\/med.estrategia.com\/portal\/residencia-medica\/notas-de-corte-para-residencia-medica-santa-catarina\/#primaryimage","url":"https:\/\/med.estrategia.com\/portal\/wp-content\/uploads\/2023\/04\/shutterstock_2129190410.jpg","contentUrl":"https:\/\/med.estrategia.com\/portal\/wp-content\/uploads\/2023\/04\/shutterstock_2129190410.jpg","width":1920,"height":1281,"caption":"Florian\u00f3polis, Santa Catarina"},{"@type":"BreadcrumbList","@id":"https:\/\/med.estrategia.com\/portal\/residencia-medica\/notas-de-corte-para-residencia-medica-santa-catarina\/#breadcrumb","itemListElement":[{"@type":"ListItem","position":1,"name":"Home","item":"https:\/\/med.estrategia.com\/portal\/"},{"@type":"ListItem","position":2,"name":"Resid\u00eancia M\u00e9dica","item":"https:\/\/med.estrategia.com\/portal\/residencia-medica\/"},{"@type":"ListItem","position":3,"name":"Notas de Corte para Resid\u00eancia M\u00e9dica 2026: confira as notas m\u00ednimas de Santa Cantarina"}]},{"@type":"WebSite","@id":"https:\/\/med.estrategia.com\/portal\/#website","url":"https:\/\/med.estrategia.com\/portal\/","name":"Estrat\u00e9gia MED","description":"","potentialAction":[{"@type":"SearchAction","target":{"@type":"EntryPoint","urlTemplate":"https:\/\/med.estrategia.com\/portal\/?s={search_term_string}"},"query-input":{"@type":"PropertyValueSpecification","valueRequired":true,"valueName":"search_term_string"}}],"inLanguage":"pt-BR"},{"@type":"Person","@id":"https:\/\/med.estrategia.com\/portal\/#\/schema\/person\/2f553adbb8e25fe39d145c5b2927f58c","name":"Ana Carolina Damasceno","image":{"@type":"ImageObject","inLanguage":"pt-BR","@id":"https:\/\/med.estrategia.com\/portal\/#\/schema\/person\/image\/","url":"https:\/\/med.estrategia.com\/portal\/wp-content\/uploads\/2021\/09\/WhatsApp-Image-2023-08-18-at-16.46.43-150x150.jpeg","contentUrl":"https:\/\/med.estrategia.com\/portal\/wp-content\/uploads\/2021\/09\/WhatsApp-Image-2023-08-18-at-16.46.43-150x150.jpeg","caption":"Ana Carolina Damasceno"},"description":"Coordenadora de Jornalismo EMED. Comunicadora por natureza e forma\u00e7\u00e3o, que ama e perde a no\u00e7\u00e3o do tempo com m\u00fasica e s\u00e9rie.","url":"https:\/\/med.estrategia.com\/portal\/author\/ana-carolina-damasceno\/"}]}},"_wl_alt_label":[],"wl:entity_url":"\/post\/notas-de-corte-2023-2024-santa-catarina","_links":{"self":[{"href":"https:\/\/med.estrategia.com\/portal\/wp-json\/wp\/v2\/posts\/38823","targetHints":{"allow":["GET"]}}],"collection":[{"href":"https:\/\/med.estrategia.com\/portal\/wp-json\/wp\/v2\/posts"}],"about":[{"href":"https:\/\/med.estrategia.com\/portal\/wp-json\/wp\/v2\/types\/post"}],"author":[{"embeddable":true,"href":"https:\/\/med.estrategia.com\/portal\/wp-json\/wp\/v2\/users\/39"}],"replies":[{"embeddable":true,"href":"https:\/\/med.estrategia.com\/portal\/wp-json\/wp\/v2\/comments?post=38823"}],"version-history":[{"count":7,"href":"https:\/\/med.estrategia.com\/portal\/wp-json\/wp\/v2\/posts\/38823\/revisions"}],"predecessor-version":[{"id":109403,"href":"https:\/\/med.estrategia.com\/portal\/wp-json\/wp\/v2\/posts\/38823\/revisions\/109403"}],"wp:featuredmedia":[{"embeddable":true,"href":"https:\/\/med.estrategia.com\/portal\/wp-json\/wp\/v2\/media\/38824"}],"wp:attachment":[{"href":"https:\/\/med.estrategia.com\/portal\/wp-json\/wp\/v2\/media?parent=38823"}],"wp:term":[{"taxonomy":"category","embeddable":true,"href":"https:\/\/med.estrategia.com\/portal\/wp-json\/wp\/v2\/categories?post=38823"},{"taxonomy":"post_tag","embeddable":true,"href":"https:\/\/med.estrategia.com\/portal\/wp-json\/wp\/v2\/tags?post=38823"},{"taxonomy":"wl_entity_type","embeddable":true,"href":"https:\/\/med.estrategia.com\/portal\/wp-json\/wp\/v2\/wl_entity_type?post=38823"}],"curies":[{"name":"wp","href":"https:\/\/api.w.org\/{rel}","templated":true}]}}