{"id":39391,"date":"2023-05-05T08:54:13","date_gmt":"2023-05-05T11:54:13","guid":{"rendered":"https:\/\/med.estrategia.com\/portal\/?p=39391"},"modified":"2023-05-08T16:30:56","modified_gmt":"2023-05-08T19:30:56","slug":"surce-anuncia-8-vagas-autorizadas-pelo-pro-residencia-para-processo-seletivo-2023-2","status":"publish","type":"post","link":"https:\/\/med.estrategia.com\/portal\/noticias\/surce-anuncia-8-vagas-autorizadas-pelo-pro-residencia-para-processo-seletivo-2023-2\/","title":{"rendered":"SURCE anuncia 8 vagas autorizadas pelo Pr\u00f3-Resid\u00eancia para processo seletivo 2023.2"},"content":{"rendered":"<p>A Sele&ccedil;&atilde;o Unificada para Resid&ecirc;ncia M&eacute;dica no Estado do Cear&aacute; (SURCE) publicou hoje (8) os editais de seu processo seletivo para resid&ecirc;ncia m&eacute;dica no 2&ordm; semestre de 2023, ap&oacute;s autoriza&ccedil;&atilde;o da CNRM. O processo seletivo est&aacute; representando algumas das institui&ccedil;&otilde;es <a href=\"https:\/\/med.estrategia.com\/portal\/noticias\/instituicoes-pro-residencia\/\" target=\"_blank\">aderentes ao Programa Nacional de Apoio &agrave; Forma&ccedil;&atilde;o de M&eacute;dicos Especialistas em &Aacute;reas Estrat&eacute;gicas (<strong>Pr&oacute;-Resid&ecirc;ncia<\/strong>)<\/a>.<p>O aviso de edital foi divulgado em 5 de maio tanto no <a href=\"https:\/\/med.estrategia.com\/portal\/wp-content\/uploads\/2023\/05\/EDITAL-No-1-DE-4-de-maio-de-2023-EDITAL-No-1-DE-4-de-maio-de-2023-DOU-Imprensa-Nacional.pdf\" target=\"_blank\">Di&aacute;rio Oficial da Uni&atilde;o<\/a> quanto na p&aacute;gina oficial do processo e contempla<strong> 8 vagas previstas para os programas de Cl&iacute;nica M&eacute;dica, Medicina do Esporte e Geriatria<\/strong>, com pr&eacute;-requisito em Cl&iacute;nca M&eacute;dica. Os candidatos interessados ter&atilde;o entre <strong>22 e at&eacute; 18h do dia 24 de maio de 2023<\/strong> para se inscreverem em link a ser disponibilizado no<a href=\"https:\/\/www.resmedceara.ufc.br\/ares\/processo-seletivo-resmed\" target=\"_blank\"> site oficial da SURCE<\/a>. <\/p><div class=\"wp-block-buttons is-content-justification-center is-layout-flex wp-container-core-buttons-is-layout-1 wp-block-buttons-is-layout-flex\">\n<div class=\"wp-block-button\"><a class=\"wp-block-button__link wp-element-button\" href=\"https:\/\/med.estrategia.com\/portal\/wp-content\/uploads\/2023\/05\/AVISO-DE-EDITAL-No-01.2023-Acesso-direto.pdf\" target=\"_blank\">Aviso de Edital SURCE 2023.2 &ndash; PR&Oacute;-RESID&Ecirc;NCIA (Acesso Direto)<\/a><\/div>\n\n\n\n<div class=\"wp-block-button\"><a class=\"wp-block-button__link wp-element-button\" href=\"https:\/\/med.estrategia.com\/portal\/wp-content\/uploads\/2023\/05\/AVISO-DE-EDITAL-No-02.2023-Pre-requisito.pdf\" target=\"_blank\">Aviso de Edital SURCE 2023.2 &ndash; PR&Oacute;-RESID&Ecirc;NCIA (Pr&eacute;-Requisito)<\/a><\/div>\n<\/div><p>A <strong>divulga&ccedil;&atilde;o do edital completo<\/strong> aconteceu no dia 8 de maio de 2023. Confira os documentos:<\/p><div class=\"wp-block-buttons is-content-justification-center is-layout-flex wp-container-core-buttons-is-layout-2 wp-block-buttons-is-layout-flex\">\n<div class=\"wp-block-button\"><a class=\"wp-block-button__link wp-element-button\" href=\"https:\/\/med.estrategia.com\/portal\/wp-content\/uploads\/2023\/05\/Edital-01.2023-Acesso-Direto-extemporaneo.docx.pdf\" target=\"_blank\">Edital SURCE 2023.2 &ndash; PR&Oacute;-RESID&Ecirc;NCIA (Acesso Direto)<\/a><\/div>\n\n\n\n<div class=\"wp-block-button\"><a class=\"wp-block-button__link wp-element-button\" href=\"https:\/\/med.estrategia.com\/portal\/wp-content\/uploads\/2023\/05\/Edital-02.2023-Pre-requisito-extemporaneo..docx.pdf\" target=\"_blank\">Edital SURCE 2023.2 &ndash; PR&Oacute;-RESID&Ecirc;NCIA (Pr&eacute;-Requisito)<\/a><\/div>\n<\/div><p>\n\n\n<div id=\"new-form\">\n\t<form id=\"forms_layout\">\n\t<input type=\"hidden\" id=\"chave_de\" name=\"chave_de\" value=\"01_EMED_LEADS_TOTAIS\" \/>\n\t\t<input type=\"hidden\" id=\"mid\" name=\"mid\" value=\"515009018\" \/>\n\t\t<input type=\"hidden\" id=\"Objetivo\" name=\"Objetivo\" value=\"Medicina\" \/>\n\t\t<input type=\"hidden\" id=\"Estado_de_Origem_do_IP\" name=\"Estado_de_Origem_do_IP\"  value=\"\" \/>\n\t\t<input type=\"hidden\" id=\"Cidade_de_Origem_do_IP\" name=\"Cidade_de_Origem_do_IP\" value=\"\" \/>\n\t\t<input type=\"hidden\" id=\"Modo_de_entrada\" name=\"Modo_de_entrada\" value=\"Portal\" \/>\n\t\t<input type=\"hidden\" id=\"Pagina_Origem\" name=\"Pagina_Origem\" value=\"\" \/>\n\n\t\t<div class=\"texto\">\n\t\t\t<h3 class=\"news\">Inscreva-se em nossa newsletter!<\/h3>\n\t\t\t<p>Receba not\u00edcias sobre resid\u00eancia m\u00e9dica, revalida\u00e7\u00e3o de diplomas e concursos m\u00e9dicos, al\u00e9m de materiais de estudo gratuitos e informa\u00e7\u00f5es relevantes do mundo da Medicina.<\/p>\n\t\t<\/div>\n\t\t<div class=\"campos\">\n\t\t\t<div class=\"first_name labels\">\n\t\t\t\t<input type=\"text\" class=\"input_labels\" id=\"first_name\" name=\"Nome_Completo\" placeholder=\"Nome\" required \/>\n\t\t\t<\/div>\n\t\t\t<div class=\"email labels\">\n\t\t\t\t<input type=\"email\" class=\"input_labels\" id=\"email\" name=\"Email\" placeholder=\"E-mail\" required \/>\n\t\t\t<\/div>\n\t\t\t<button type=\"submit\" class=\"button_layout\">\n\t\t\t\t<div id=\"lblBotao\">Inscreva-se<\/div>\n\t\t\t\t<span id=\"divSpiner\" class=\"loader\" role=\"status\" style=\"display: none;\"><\/span>\t\n\t\t\t<\/button>\n\t\t<\/div><!-- \/campos -->\n\t\t\n\t\t<label class=\"container_checkbox\">Voc\u00ea concorda com a nossa\n\t\t\t<a class=\"politics_privacy_ahref\" target=\"_blank\" href=\"https:\/\/gratis.estrategiaconcursos.com.br\/politica-de-privacidade\/\">Pol\u00edtica de Privacidade<\/a> e aceita receber informa\u00e7\u00f5es adicionais do Estrat\u00e9gia Educacional.\n\t\t\t<input id=\"checkbox_layout\" type=\"checkbox\" checked=\"checked\" required \/>\n\t\t\t<span class=\"checkbox\"><\/span>\n\t\t<\/label>\n\t\t<div id=\"msg\"><\/div>\n\t\t<div id=\"error\" class=\"error\">\n\t\t<\/div>\n\t<\/form>\n<\/div><!-- \/new-form -->\n\n\n\n<\/p><div id=\"ez-toc-container\" class=\"ez-toc-v2_0_79_2 counter-hierarchy ez-toc-counter ez-toc-transparent ez-toc-container-direction\">\n<div class=\"ez-toc-title-container\"><p class=\"ez-toc-title\" style=\"cursor:inherit\">Navegue pelo conte\u00fado<\/p>\n<\/div><nav><ul class='ez-toc-list ez-toc-list-level-1 ' ><li class='ez-toc-page-1 ez-toc-heading-level-2'><a class=\"ez-toc-link ez-toc-heading-1\" href=\"https:\/\/med.estrategia.com\/portal\/noticias\/surce-anuncia-8-vagas-autorizadas-pelo-pro-residencia-para-processo-seletivo-2023-2\/#Vagas-SURCE-20232-%E2%80%93-PRO-RESIDENCIA\" >Vagas SURCE 2023.2 &ndash; PR&Oacute;-RESID&Ecirc;NCIA<\/a><\/li><li class='ez-toc-page-1 ez-toc-heading-level-2'><a class=\"ez-toc-link ez-toc-heading-2\" href=\"https:\/\/med.estrategia.com\/portal\/noticias\/surce-anuncia-8-vagas-autorizadas-pelo-pro-residencia-para-processo-seletivo-2023-2\/#Resumo-%E2%80%93-Principais-Informacoes\" >Resumo &ndash; Principais Informa&ccedil;&otilde;es<\/a><\/li><li class='ez-toc-page-1 ez-toc-heading-level-2'><a class=\"ez-toc-link ez-toc-heading-3\" href=\"https:\/\/med.estrategia.com\/portal\/noticias\/surce-anuncia-8-vagas-autorizadas-pelo-pro-residencia-para-processo-seletivo-2023-2\/#A-SURCE\" >A SURCE<\/a><\/li><li class='ez-toc-page-1 ez-toc-heading-level-2'><a class=\"ez-toc-link ez-toc-heading-4\" href=\"https:\/\/med.estrategia.com\/portal\/noticias\/surce-anuncia-8-vagas-autorizadas-pelo-pro-residencia-para-processo-seletivo-2023-2\/#O-Pro-Residencia\" >O Pr&oacute;-Resid&ecirc;ncia<\/a><\/li><\/ul><\/nav><\/div>\n<h2 class=\"wp-block-heading\" id=\"h-vagas-surce-2023-2-pro-residencia\"><span class=\"ez-toc-section\" id=\"Vagas-SURCE-20232-%E2%80%93-PRO-RESIDENCIA\"><\/span>Vagas SURCE 2023.2 &ndash; PR&Oacute;-RESID&Ecirc;NCIA<span class=\"ez-toc-section-end\"><\/span><\/h2><figure class=\"wp-block-table\"><table><thead><tr><th>Especialidade<\/th><th class=\"has-text-align-center\" data-align=\"center\">Vagas<\/th><th class=\"has-text-align-center\" data-align=\"center\">Institui&ccedil;&atilde;o<\/th><\/tr><\/thead><tbody><tr><td>Cl&iacute;nica M&eacute;dica<\/td><td class=\"has-text-align-center\" data-align=\"center\">4<\/td><td class=\"has-text-align-center\" data-align=\"center\">Hospital e Maternidade Regional Sert&atilde;o Central (2) e Hospital regional do Cariri (2)<\/td><\/tr><tr><td>Medicina do Esporte<\/td><td class=\"has-text-align-center\" data-align=\"center\">2<\/td><td class=\"has-text-align-center\" data-align=\"center\">Escola de Sa&uacute;de P&uacute;blica do Cear&aacute;<\/td><\/tr><tr><td>Geriatria<\/td><td class=\"has-text-align-center\" data-align=\"center\">2<\/td><td class=\"has-text-align-center\" data-align=\"center\">Universidade Federal do Cear&aacute;<\/td><\/tr><\/tbody><\/table><\/figure><h2 class=\"wp-block-heading\" id=\"h-resumo-principais-informacoes\"><span class=\"ez-toc-section\" id=\"Resumo-%E2%80%93-Principais-Informacoes\"><\/span>Resumo &ndash; Principais Informa&ccedil;&otilde;es<span class=\"ez-toc-section-end\"><\/span><\/h2><figure class=\"wp-block-table\"><table><tbody><tr><td class=\"has-text-align-center\" data-align=\"center\"><strong>Vagas ofertadas<\/strong><\/td><td class=\"has-text-align-center\" data-align=\"center\">8 vagas<\/td><\/tr><tr><td class=\"has-text-align-center\" data-align=\"center\"><strong>Composi&ccedil;&atilde;o do processo seletivo<\/strong><\/td><td class=\"has-text-align-center\" data-align=\"center\">Etapa &uacute;nica: Prova Objetiva<\/td><\/tr><tr><td class=\"has-text-align-center\" data-align=\"center\"><strong>Taxa de inscri&ccedil;&atilde;o<\/strong><\/td><td class=\"has-text-align-center\" data-align=\"center\">R$ 650,00 (R$ 325,00 adicional por programa caso queira concorrer em mais de um)<\/td><\/tr><tr><td class=\"has-text-align-center\" data-align=\"center\"><strong>Solicita&ccedil;&atilde;o de isen&ccedil;&atilde;o da taxa<\/strong><\/td><td class=\"has-text-align-center\" data-align=\"center\">12\/05\/2023<\/td><\/tr><tr><td class=\"has-text-align-center\" data-align=\"center\"><strong>Per&iacute;odo de Inscri&ccedil;&otilde;es<\/strong><\/td><td class=\"has-text-align-center\" data-align=\"center\">22\/05 at&eacute; 18h do dia 24\/05\/2023<\/td><\/tr><tr><td class=\"has-text-align-center\" data-align=\"center\"><strong>Local de prova<\/strong><\/td><td class=\"has-text-align-center\" data-align=\"center\">02\/06\/2023<\/td><\/tr><tr><td class=\"has-text-align-center\" data-align=\"center\"><strong>Prova objetiva<\/strong><\/td><td class=\"has-text-align-center\" data-align=\"center\">04\/06\/2023<\/td><\/tr><tr><td class=\"has-text-align-center\" data-align=\"center\"><strong>Gabarito preliminar<\/strong><\/td><td class=\"has-text-align-center\" data-align=\"center\">04\/06\/2023<\/td><\/tr><tr><td class=\"has-text-align-center\" data-align=\"center\"><strong>Recursos ao gabarito <\/strong><\/td><td class=\"has-text-align-center\" data-align=\"center\">05\/06\/2023<\/td><\/tr><tr><td class=\"has-text-align-center\" data-align=\"center\"><strong>Gabarito final<\/strong><\/td><td class=\"has-text-align-center\" data-align=\"center\">07\/06\/2023<\/td><\/tr><tr><td class=\"has-text-align-center\" data-align=\"center\"><strong>Resultado final<\/strong><\/td><td class=\"has-text-align-center\" data-align=\"center\">15\/06\/2023<\/td><\/tr><tr><td class=\"has-text-align-center\" data-align=\"center\"><strong>Matr&iacute;cula<\/strong><\/td><td class=\"has-text-align-center\" data-align=\"center\">21\/06\/2023<\/td><\/tr><tr><td class=\"has-text-align-center\" data-align=\"center\"><strong>In&iacute;cio dos Programas<\/strong><\/td><td class=\"has-text-align-center\" data-align=\"center\">01\/07\/2023<\/td><\/tr><\/tbody><\/table><\/figure><h2 class=\"wp-block-heading\" id=\"h-a-surce\"><span class=\"ez-toc-section\" id=\"A-SURCE\"><\/span>A SURCE<span class=\"ez-toc-section-end\"><\/span><\/h2><p>Como uma sigla de&nbsp;<strong><a href=\"https:\/\/www.resmedceara.ufc.br\/ares\/\" target=\"_blank\">Sele&ccedil;&atilde;o Unificada para Resid&ecirc;ncia M&eacute;dica no Estado do Cear&aacute;<\/a><\/strong>, a&nbsp;<strong>SURCE<\/strong>, ou tamb&eacute;m conhecida como PSU-CE, &eacute;, atualmente, a representa&ccedil;&atilde;o de&nbsp;<strong>13 institui&ccedil;&otilde;es diferentes<\/strong>. Todas t&ecirc;m o objetivo de&nbsp;<strong>profissionalizar<\/strong>&nbsp;e&nbsp;<strong>tornar mais acess&iacute;vel e objetivo os processos de Resid&ecirc;ncia M&eacute;dica<\/strong>&nbsp;no estado do Cear&aacute;.<\/p><p>A SURCE &eacute;&nbsp;<strong>coordenada pela Universidade Federal do Cear&aacute;<\/strong>, mas toda a&nbsp;<strong>sua constru&ccedil;&atilde;o &eacute; em grupo<\/strong>. Possui apoio da Escola de Sa&uacute;de P&uacute;blica do Estado do Cear&aacute;, da Secretaria de Sa&uacute;de do Munic&iacute;pio de Fortaleza, de todas as escolas m&eacute;dicas do estado, sejam elas p&uacute;blicas ou privadas e, por fim h&aacute; a participa&ccedil;&atilde;o dos hospitais do interior e da capital do estado.<\/p><h2 class=\"wp-block-heading\" id=\"h-o-pro-residencia\"><span class=\"ez-toc-section\" id=\"O-Pro-Residencia\"><\/span>O Pr&oacute;-Resid&ecirc;ncia<span class=\"ez-toc-section-end\"><\/span><\/h2><p>Institu&iacute;do pela&nbsp;<strong>Portaria Interministerial N&ordm; 1001\/MEC\/MS em 22 de outubro de 2009<\/strong>, o Programa Nacional de Apoio &agrave; Forma&ccedil;&atilde;o de M&eacute;dicos Especialistas em &Aacute;reas Estrat&eacute;gicas (PRO-RESID&Ecirc;NCIA) teve duas edi&ccedil;&otilde;es, em 2009 e 2010.&nbsp;<\/p><p>Institui&ccedil;&otilde;es&nbsp;<strong>federais&nbsp;<\/strong>vinculadas ao Minist&eacute;rio da Sa&uacute;de (MS) ou ao&nbsp;<a href=\"https:\/\/med.estrategia.com\/portal\/entidade\/ministerio-da-educacao-2\/\" target=\"_blank\">Minist&eacute;rio da Educa&ccedil;&atilde;o<\/a>&nbsp;(MEC),&nbsp;&oacute;rg&atilde;os e institui&ccedil;&otilde;es p&uacute;blicas, municipais,&nbsp;estaduais&nbsp;e&nbsp;distrital, bem como&nbsp;institui&ccedil;&otilde;es privadas&nbsp;sem fins lucrativos que ofertam programas de resid&ecirc;ncia m&eacute;dica credenciadas no MEC puderam solicitar a&nbsp;<strong>expans&atilde;o de vagas ap&oacute;s a publica&ccedil;&atilde;o do edital de ades&atilde;o<\/strong>.<\/p><p>As institui&ccedil;&otilde;es puderam aderir ao programa desde que tivessem&nbsp;<strong>vagas autorizadas<\/strong>&nbsp;pela Comiss&atilde;o Nacional de Resid&ecirc;ncia M&eacute;dica (CNRM) e programas com&nbsp;<strong>carga hor&aacute;ria<\/strong>&nbsp;de, pelo menos,&nbsp;<strong>75%&nbsp;<\/strong>(setenta e cinco por cento) nos cen&aacute;rios de pr&aacute;tica que atendam ao SUS em seus Programas de Resid&ecirc;ncia.<\/p><p>Conte com o Estrat&eacute;gia MED na sua prepara&ccedil;&atilde;o e escolha a melhor maneira de estudar para as provas de resid&ecirc;ncia m&eacute;dica e tornar sua rotina mais leve. Conhe&ccedil;a nossos cursos e o nosso Banco de Quest&otilde;es, que em abril de 2023 contava com quase 190 mil quest&otilde;es cadastradas. Vem ser coruja!<\/p><p>\n\n\n\n\n\n<a id=\"cta\" class=\"cta-imagem\" href=\"https:\/\/med.estrategia.com\/curso\/banco-de-questes-resumos-estrategicos-anual\/\" target=\"blank\">\n                <img decoding=\"async\" width=\"100%\" src=\"https:\/\/med.estrategia.com\/portal\/wp-content\/uploads\/2025\/08\/banco_questoes.png\" alt=\"banco_questoes\" title=\"banco_questoes\">\n        <\/a>\n<\/p><\/p>\n","protected":false},"excerpt":{"rendered":"Edital extempor\u00e2neo da SURCE conta com 4 vagas previstas para o programa de Cl\u00ednica M\u00e9dica, 2 vagas para Medicina do Esporte e 2 vagas para Geriatria\n","protected":false},"author":22,"featured_media":39398,"comment_status":"closed","ping_status":"closed","sticky":false,"template":"","format":"standard","meta":{"wl_entities_gutenberg":"","footnotes":""},"categories":[300],"tags":[],"wl_entity_type":[199],"class_list":{"0":"post-39391","1":"post","2":"type-post","3":"status-publish","4":"format-standard","5":"has-post-thumbnail","7":"category-noticias","8":"wl_entity_type-article"},"acf":[],"yoast_head":"<!-- This site is optimized with the Yoast SEO Premium plugin v26.6 (Yoast SEO v26.6) - https:\/\/yoast.com\/wordpress\/plugins\/seo\/ -->\n<title>SURCE adere ao Pr\u00f3-Resid\u00eancia e divulga edital 2023.2<\/title>\n<meta name=\"description\" content=\"Confira o edital extempor\u00e2neo da SURCE com vagas do Pr\u00f3-Resid\u00eancia para ingresso dos residentes m\u00e9dicos no 2\u00ba semestre de 2023!\" \/>\n<meta name=\"robots\" content=\"index, follow, max-snippet:-1, max-image-preview:large, max-video-preview:-1\" \/>\n<link rel=\"canonical\" href=\"https:\/\/med.estrategia.com\/portal\/noticias\/surce-anuncia-8-vagas-autorizadas-pelo-pro-residencia-para-processo-seletivo-2023-2\/\" \/>\n<meta property=\"og:locale\" content=\"pt_BR\" \/>\n<meta property=\"og:type\" content=\"article\" \/>\n<meta property=\"og:title\" content=\"SURCE anuncia 8 vagas autorizadas pelo Pr\u00f3-Resid\u00eancia para processo seletivo 2023.2\" \/>\n<meta property=\"og:description\" content=\"Confira o edital extempor\u00e2neo da SURCE com vagas do Pr\u00f3-Resid\u00eancia para ingresso dos residentes m\u00e9dicos no 2\u00ba semestre de 2023!\" \/>\n<meta property=\"og:url\" content=\"https:\/\/med.estrategia.com\/portal\/noticias\/surce-anuncia-8-vagas-autorizadas-pelo-pro-residencia-para-processo-seletivo-2023-2\/\" \/>\n<meta property=\"og:site_name\" content=\"Estrat\u00e9gia MED\" \/>\n<meta property=\"article:publisher\" content=\"https:\/\/www.facebook.com\/estrategiamed1\" \/>\n<meta property=\"article:published_time\" content=\"2023-05-05T11:54:13+00:00\" \/>\n<meta property=\"article:modified_time\" content=\"2023-05-08T19:30:56+00:00\" \/>\n<meta property=\"og:image\" content=\"https:\/\/cdn.medblog.estrategiaeducacional.com.br\/wp-content\/uploads\/2023\/05\/coverWP_publica_bgfoto_logo-12.jpg\" \/>\n\t<meta property=\"og:image:width\" content=\"1200\" \/>\n\t<meta property=\"og:image:height\" content=\"800\" \/>\n\t<meta property=\"og:image:type\" content=\"image\/jpeg\" \/>\n<meta name=\"author\" content=\"Erika Coelho\" \/>\n<meta name=\"twitter:card\" content=\"summary_large_image\" \/>\n<meta name=\"twitter:creator\" content=\"@estrategiamed_\" \/>\n<meta name=\"twitter:site\" content=\"@estrategiamed_\" \/>\n<meta name=\"twitter:label1\" content=\"Escrito por\" \/>\n\t<meta name=\"twitter:data1\" content=\"Erika Coelho\" \/>\n\t<meta name=\"twitter:label2\" content=\"Est. tempo de leitura\" \/>\n\t<meta name=\"twitter:data2\" content=\"3 minutos\" \/>\n<script type=\"application\/ld+json\" class=\"yoast-schema-graph\">{\"@context\":\"https:\/\/schema.org\",\"@graph\":[{\"@type\":\"WebPage\",\"@id\":\"https:\/\/med.estrategia.com\/portal\/noticias\/surce-anuncia-8-vagas-autorizadas-pelo-pro-residencia-para-processo-seletivo-2023-2\/\",\"url\":\"https:\/\/med.estrategia.com\/portal\/noticias\/surce-anuncia-8-vagas-autorizadas-pelo-pro-residencia-para-processo-seletivo-2023-2\/\",\"name\":\"SURCE adere ao Pr\u00f3-Resid\u00eancia e divulga edital 2023.2\",\"isPartOf\":{\"@id\":\"https:\/\/med.estrategia.com\/portal\/#website\"},\"primaryImageOfPage\":{\"@id\":\"https:\/\/med.estrategia.com\/portal\/noticias\/surce-anuncia-8-vagas-autorizadas-pelo-pro-residencia-para-processo-seletivo-2023-2\/#primaryimage\"},\"image\":{\"@id\":\"https:\/\/med.estrategia.com\/portal\/noticias\/surce-anuncia-8-vagas-autorizadas-pelo-pro-residencia-para-processo-seletivo-2023-2\/#primaryimage\"},\"thumbnailUrl\":\"https:\/\/med.estrategia.com\/portal\/wp-content\/uploads\/2023\/05\/coverWP_publica_bgfoto_logo-12.jpg\",\"datePublished\":\"2023-05-05T11:54:13+00:00\",\"dateModified\":\"2023-05-08T19:30:56+00:00\",\"author\":{\"@id\":\"https:\/\/med.estrategia.com\/portal\/#\/schema\/person\/8e7c9b2f53f2eede3b8880ad86ff20a3\"},\"description\":\"Confira o edital extempor\u00e2neo da SURCE com vagas do Pr\u00f3-Resid\u00eancia para ingresso dos residentes m\u00e9dicos no 2\u00ba semestre de 2023!\",\"breadcrumb\":{\"@id\":\"https:\/\/med.estrategia.com\/portal\/noticias\/surce-anuncia-8-vagas-autorizadas-pelo-pro-residencia-para-processo-seletivo-2023-2\/#breadcrumb\"},\"inLanguage\":\"pt-BR\",\"potentialAction\":[{\"@type\":\"ReadAction\",\"target\":[\"https:\/\/med.estrategia.com\/portal\/noticias\/surce-anuncia-8-vagas-autorizadas-pelo-pro-residencia-para-processo-seletivo-2023-2\/\"]}]},{\"@type\":\"ImageObject\",\"inLanguage\":\"pt-BR\",\"@id\":\"https:\/\/med.estrategia.com\/portal\/noticias\/surce-anuncia-8-vagas-autorizadas-pelo-pro-residencia-para-processo-seletivo-2023-2\/#primaryimage\",\"url\":\"https:\/\/med.estrategia.com\/portal\/wp-content\/uploads\/2023\/05\/coverWP_publica_bgfoto_logo-12.jpg\",\"contentUrl\":\"https:\/\/med.estrategia.com\/portal\/wp-content\/uploads\/2023\/05\/coverWP_publica_bgfoto_logo-12.jpg\",\"width\":1200,\"height\":800,\"caption\":\"Cr\u00e9ditos: Estrat\u00e9gia MED e ARES\/CE\"},{\"@type\":\"BreadcrumbList\",\"@id\":\"https:\/\/med.estrategia.com\/portal\/noticias\/surce-anuncia-8-vagas-autorizadas-pelo-pro-residencia-para-processo-seletivo-2023-2\/#breadcrumb\",\"itemListElement\":[{\"@type\":\"ListItem\",\"position\":1,\"name\":\"Home\",\"item\":\"https:\/\/med.estrategia.com\/portal\/\"},{\"@type\":\"ListItem\",\"position\":2,\"name\":\"Not\u00edcias\",\"item\":\"https:\/\/med.estrategia.com\/portal\/noticias\/\"},{\"@type\":\"ListItem\",\"position\":3,\"name\":\"SURCE anuncia 8 vagas autorizadas pelo Pr\u00f3-Resid\u00eancia para processo seletivo 2023.2\"}]},{\"@type\":\"WebSite\",\"@id\":\"https:\/\/med.estrategia.com\/portal\/#website\",\"url\":\"https:\/\/med.estrategia.com\/portal\/\",\"name\":\"Estrat\u00e9gia MED\",\"description\":\"\",\"potentialAction\":[{\"@type\":\"SearchAction\",\"target\":{\"@type\":\"EntryPoint\",\"urlTemplate\":\"https:\/\/med.estrategia.com\/portal\/?s={search_term_string}\"},\"query-input\":{\"@type\":\"PropertyValueSpecification\",\"valueRequired\":true,\"valueName\":\"search_term_string\"}}],\"inLanguage\":\"pt-BR\"},{\"@type\":\"Person\",\"@id\":\"https:\/\/med.estrategia.com\/portal\/#\/schema\/person\/8e7c9b2f53f2eede3b8880ad86ff20a3\",\"name\":\"Erika Coelho\",\"image\":{\"@type\":\"ImageObject\",\"inLanguage\":\"pt-BR\",\"@id\":\"https:\/\/med.estrategia.com\/portal\/#\/schema\/person\/image\/\",\"url\":\"https:\/\/secure.gravatar.com\/avatar\/8ef9ff2e2fa53829c640cca8d1a45178?s=96&d=mm&r=g\",\"contentUrl\":\"https:\/\/secure.gravatar.com\/avatar\/8ef9ff2e2fa53829c640cca8d1a45178?s=96&d=mm&r=g\",\"caption\":\"Erika Coelho\"},\"description\":\"Jornalista pela Universidade Presbiteriana Mackenzie, escrevo sobre educa\u00e7\u00e3o, sa\u00fade e pol\u00edticas p\u00fablicas\",\"url\":\"https:\/\/med.estrategia.com\/portal\/author\/erika\/\"}]}<\/script>\n<!-- \/ Yoast SEO Premium plugin. -->","yoast_head_json":{"title":"SURCE adere ao Pr\u00f3-Resid\u00eancia e divulga edital 2023.2","description":"Confira o edital extempor\u00e2neo da SURCE com vagas do Pr\u00f3-Resid\u00eancia para ingresso dos residentes m\u00e9dicos no 2\u00ba semestre de 2023!","robots":{"index":"index","follow":"follow","max-snippet":"max-snippet:-1","max-image-preview":"max-image-preview:large","max-video-preview":"max-video-preview:-1"},"canonical":"https:\/\/med.estrategia.com\/portal\/noticias\/surce-anuncia-8-vagas-autorizadas-pelo-pro-residencia-para-processo-seletivo-2023-2\/","og_locale":"pt_BR","og_type":"article","og_title":"SURCE anuncia 8 vagas autorizadas pelo Pr\u00f3-Resid\u00eancia para processo seletivo 2023.2","og_description":"Confira o edital extempor\u00e2neo da SURCE com vagas do Pr\u00f3-Resid\u00eancia para ingresso dos residentes m\u00e9dicos no 2\u00ba semestre de 2023!","og_url":"https:\/\/med.estrategia.com\/portal\/noticias\/surce-anuncia-8-vagas-autorizadas-pelo-pro-residencia-para-processo-seletivo-2023-2\/","og_site_name":"Estrat\u00e9gia MED","article_publisher":"https:\/\/www.facebook.com\/estrategiamed1","article_published_time":"2023-05-05T11:54:13+00:00","article_modified_time":"2023-05-08T19:30:56+00:00","og_image":[{"width":1200,"height":800,"url":"https:\/\/cdn.medblog.estrategiaeducacional.com.br\/wp-content\/uploads\/2023\/05\/coverWP_publica_bgfoto_logo-12.jpg","type":"image\/jpeg"}],"author":"Erika Coelho","twitter_card":"summary_large_image","twitter_creator":"@estrategiamed_","twitter_site":"@estrategiamed_","twitter_misc":{"Escrito por":"Erika Coelho","Est. tempo de leitura":"3 minutos"},"schema":{"@context":"https:\/\/schema.org","@graph":[{"@type":"WebPage","@id":"https:\/\/med.estrategia.com\/portal\/noticias\/surce-anuncia-8-vagas-autorizadas-pelo-pro-residencia-para-processo-seletivo-2023-2\/","url":"https:\/\/med.estrategia.com\/portal\/noticias\/surce-anuncia-8-vagas-autorizadas-pelo-pro-residencia-para-processo-seletivo-2023-2\/","name":"SURCE adere ao Pr\u00f3-Resid\u00eancia e divulga edital 2023.2","isPartOf":{"@id":"https:\/\/med.estrategia.com\/portal\/#website"},"primaryImageOfPage":{"@id":"https:\/\/med.estrategia.com\/portal\/noticias\/surce-anuncia-8-vagas-autorizadas-pelo-pro-residencia-para-processo-seletivo-2023-2\/#primaryimage"},"image":{"@id":"https:\/\/med.estrategia.com\/portal\/noticias\/surce-anuncia-8-vagas-autorizadas-pelo-pro-residencia-para-processo-seletivo-2023-2\/#primaryimage"},"thumbnailUrl":"https:\/\/med.estrategia.com\/portal\/wp-content\/uploads\/2023\/05\/coverWP_publica_bgfoto_logo-12.jpg","datePublished":"2023-05-05T11:54:13+00:00","dateModified":"2023-05-08T19:30:56+00:00","author":{"@id":"https:\/\/med.estrategia.com\/portal\/#\/schema\/person\/8e7c9b2f53f2eede3b8880ad86ff20a3"},"description":"Confira o edital extempor\u00e2neo da SURCE com vagas do Pr\u00f3-Resid\u00eancia para ingresso dos residentes m\u00e9dicos no 2\u00ba semestre de 2023!","breadcrumb":{"@id":"https:\/\/med.estrategia.com\/portal\/noticias\/surce-anuncia-8-vagas-autorizadas-pelo-pro-residencia-para-processo-seletivo-2023-2\/#breadcrumb"},"inLanguage":"pt-BR","potentialAction":[{"@type":"ReadAction","target":["https:\/\/med.estrategia.com\/portal\/noticias\/surce-anuncia-8-vagas-autorizadas-pelo-pro-residencia-para-processo-seletivo-2023-2\/"]}]},{"@type":"ImageObject","inLanguage":"pt-BR","@id":"https:\/\/med.estrategia.com\/portal\/noticias\/surce-anuncia-8-vagas-autorizadas-pelo-pro-residencia-para-processo-seletivo-2023-2\/#primaryimage","url":"https:\/\/med.estrategia.com\/portal\/wp-content\/uploads\/2023\/05\/coverWP_publica_bgfoto_logo-12.jpg","contentUrl":"https:\/\/med.estrategia.com\/portal\/wp-content\/uploads\/2023\/05\/coverWP_publica_bgfoto_logo-12.jpg","width":1200,"height":800,"caption":"Cr\u00e9ditos: Estrat\u00e9gia MED e ARES\/CE"},{"@type":"BreadcrumbList","@id":"https:\/\/med.estrategia.com\/portal\/noticias\/surce-anuncia-8-vagas-autorizadas-pelo-pro-residencia-para-processo-seletivo-2023-2\/#breadcrumb","itemListElement":[{"@type":"ListItem","position":1,"name":"Home","item":"https:\/\/med.estrategia.com\/portal\/"},{"@type":"ListItem","position":2,"name":"Not\u00edcias","item":"https:\/\/med.estrategia.com\/portal\/noticias\/"},{"@type":"ListItem","position":3,"name":"SURCE anuncia 8 vagas autorizadas pelo Pr\u00f3-Resid\u00eancia para processo seletivo 2023.2"}]},{"@type":"WebSite","@id":"https:\/\/med.estrategia.com\/portal\/#website","url":"https:\/\/med.estrategia.com\/portal\/","name":"Estrat\u00e9gia MED","description":"","potentialAction":[{"@type":"SearchAction","target":{"@type":"EntryPoint","urlTemplate":"https:\/\/med.estrategia.com\/portal\/?s={search_term_string}"},"query-input":{"@type":"PropertyValueSpecification","valueRequired":true,"valueName":"search_term_string"}}],"inLanguage":"pt-BR"},{"@type":"Person","@id":"https:\/\/med.estrategia.com\/portal\/#\/schema\/person\/8e7c9b2f53f2eede3b8880ad86ff20a3","name":"Erika Coelho","image":{"@type":"ImageObject","inLanguage":"pt-BR","@id":"https:\/\/med.estrategia.com\/portal\/#\/schema\/person\/image\/","url":"https:\/\/secure.gravatar.com\/avatar\/8ef9ff2e2fa53829c640cca8d1a45178?s=96&d=mm&r=g","contentUrl":"https:\/\/secure.gravatar.com\/avatar\/8ef9ff2e2fa53829c640cca8d1a45178?s=96&d=mm&r=g","caption":"Erika Coelho"},"description":"Jornalista pela Universidade Presbiteriana Mackenzie, escrevo sobre educa\u00e7\u00e3o, sa\u00fade e pol\u00edticas p\u00fablicas","url":"https:\/\/med.estrategia.com\/portal\/author\/erika\/"}]}},"_wl_alt_label":[],"wl:entity_url":"\/post\/surce-anuncia-8-vagas-autorizadas-pelo-pro-residencia-para-processo-seletivo-2023-2","_links":{"self":[{"href":"https:\/\/med.estrategia.com\/portal\/wp-json\/wp\/v2\/posts\/39391","targetHints":{"allow":["GET"]}}],"collection":[{"href":"https:\/\/med.estrategia.com\/portal\/wp-json\/wp\/v2\/posts"}],"about":[{"href":"https:\/\/med.estrategia.com\/portal\/wp-json\/wp\/v2\/types\/post"}],"author":[{"embeddable":true,"href":"https:\/\/med.estrategia.com\/portal\/wp-json\/wp\/v2\/users\/22"}],"replies":[{"embeddable":true,"href":"https:\/\/med.estrategia.com\/portal\/wp-json\/wp\/v2\/comments?post=39391"}],"version-history":[{"count":6,"href":"https:\/\/med.estrategia.com\/portal\/wp-json\/wp\/v2\/posts\/39391\/revisions"}],"predecessor-version":[{"id":39700,"href":"https:\/\/med.estrategia.com\/portal\/wp-json\/wp\/v2\/posts\/39391\/revisions\/39700"}],"wp:featuredmedia":[{"embeddable":true,"href":"https:\/\/med.estrategia.com\/portal\/wp-json\/wp\/v2\/media\/39398"}],"wp:attachment":[{"href":"https:\/\/med.estrategia.com\/portal\/wp-json\/wp\/v2\/media?parent=39391"}],"wp:term":[{"taxonomy":"category","embeddable":true,"href":"https:\/\/med.estrategia.com\/portal\/wp-json\/wp\/v2\/categories?post=39391"},{"taxonomy":"post_tag","embeddable":true,"href":"https:\/\/med.estrategia.com\/portal\/wp-json\/wp\/v2\/tags?post=39391"},{"taxonomy":"wl_entity_type","embeddable":true,"href":"https:\/\/med.estrategia.com\/portal\/wp-json\/wp\/v2\/wl_entity_type?post=39391"}],"curies":[{"name":"wp","href":"https:\/\/api.w.org\/{rel}","templated":true}]}}