{"id":39418,"date":"2023-05-05T15:59:54","date_gmt":"2023-05-05T18:59:54","guid":{"rendered":"https:\/\/med.estrategia.com\/portal\/?p=39418"},"modified":"2023-05-25T20:07:15","modified_gmt":"2023-05-25T23:07:15","slug":"disputa-pela-abertura-de-novos-cursos-de-medicina-entenda-o-caso","status":"publish","type":"post","link":"https:\/\/med.estrategia.com\/portal\/atualidades\/disputa-pela-abertura-de-novos-cursos-de-medicina-entenda-o-caso\/","title":{"rendered":"A disputa pela abertura de novos cursos de medicina; entenda o caso"},"content":{"rendered":"<p>Com a <strong>m&aacute; distribui&ccedil;&atilde;o de vagas em cursos de gradua&ccedil;&atilde;o em medicina e de m&eacute;dicos formados pelo territ&oacute;rio brasileiro<\/strong>, h&aacute; menos de dez anos, a <a href=\"http:\/\/www.planalto.gov.br\/ccivil_03\/_ato2011-2014\/2013\/lei\/l12871.htm\" target=\"_blank\" rel=\"noopener noreferrer\">Lei n&ordm; 12.871, de 22 de outubro de 2013<\/a> era sancionada. Al&eacute;m da cria&ccedil;&atilde;o do Programa Mais M&eacute;dicos,<strong> a lei determina<\/strong>, em seu segundo cap&iacute;tulo, <strong>como deve ocorrer a autoriza&ccedil;&atilde;o para o funcionamento e abertura de novos cursos.<\/strong><br><br>O texto institui que o funcionamento destes cursos se dar&aacute; <strong>por meio de chamamentos p&uacute;blicos <\/strong>e o 3&ordm; Artigo da lei espec&iacute;fica e salienta a <strong>relev&acirc;ncia e necessidade social da oferta do curso <\/strong>para a pr&eacute;-sele&ccedil;&atilde;o de munic&iacute;pios. O principal foco &eacute; <strong>diminuir a car&ecirc;ncia da forma&ccedil;&atilde;o m&eacute;dica e de profissionais da &aacute;rea nas regi&otilde;es priorit&aacute;rias do Sistema &Uacute;nico de Sa&uacute;de (SUS)<\/strong>, empecilho ainda visto nos dias atuais como ressalta N&eacute;sio Fernandes, atual Secret&aacute;rio de Aten&ccedil;&atilde;o Prim&aacute;ria &agrave; Sa&uacute;de, em entrevista &agrave; Jovem Pan do Esp&iacute;rito Santo.<blockquote class=\"wp-block-quote is-layout-flow wp-block-quote-is-layout-flow\">\n<p><em>Em 2003 n&oacute;s t&iacute;nhamos poucos m&eacute;dicos no Brasil, e ainda os poucos que t&iacute;nhamos, tinha uma m&aacute; distribui&ccedil;&atilde;o. Hoje n&oacute;s temos muitos m&eacute;dicos nos grandes centros, mas continuamos tendo uma p&eacute;ssima distribui&ccedil;&atilde;o. Ainda h&aacute; uma incapacidade de interiorizar o provimento m&eacute;dico.<\/em><\/p>\n<cite>N&eacute;sio Fernandes, Secret&aacute;rio de Aten&ccedil;&atilde;o Prim&aacute;ria &agrave; Sa&uacute;de <\/cite><\/blockquote><p>Por&eacute;m, <strong>em abril de 2018<\/strong>, o ex-Presidente da Rep&uacute;blica, Michel Temer, junto ao ent&atilde;o Ministro da Educa&ccedil;&atilde;o, Mendon&ccedil;a Filho, acordaram em reuni&atilde;o, com presen&ccedil;a de representantes do Conselho Federal de Medicina (CFM), a <strong>suspens&atilde;o da abertura de novos cursos no pa&iacute;s durante os cinco anos seguintes.<\/strong> A medida tamb&eacute;m barrava a amplia&ccedil;&atilde;o de vagas em cursos j&aacute; existentes e <strong>a principal justificativa<\/strong> para a suspens&atilde;o era a <strong>necessidade de avalia&ccedil;&atilde;o e adequa&ccedil;&atilde;o no ensino m&eacute;dico do pa&iacute;s.<\/strong><br><br>Essa <strong>espera de cinco anos foi se tornando um problema<\/strong> para as institui&ccedil;&otilde;es de ensino, principalmente as privadas, por conta da<strong> demora nesta prometida avalia&ccedil;&atilde;o<\/strong>. Durante a espera, algumas liminares foram apresentadas na Justi&ccedil;a, e a <strong>principal argumenta&ccedil;&atilde;o era o impedimento &agrave; iniciativa privada<\/strong>, que obteve uma <strong>receita estimada em R$20,9 bilh&otilde;es <\/strong>com os cursos de medicina particulares em atividade no ano de 2022, segundo o Demografia M&eacute;dica 2023.<\/p><p>\n\n\n<div id=\"new-form\">\n\t<form id=\"forms_layout\">\n\t<input type=\"hidden\" id=\"chave_de\" name=\"chave_de\" value=\"01_EMED_LEADS_TOTAIS\" \/>\n\t\t<input type=\"hidden\" id=\"mid\" name=\"mid\" value=\"515009018\" \/>\n\t\t<input type=\"hidden\" id=\"Objetivo\" name=\"Objetivo\" value=\"Medicina\" \/>\n\t\t<input type=\"hidden\" id=\"Estado_de_Origem_do_IP\" name=\"Estado_de_Origem_do_IP\"  value=\"\" \/>\n\t\t<input type=\"hidden\" id=\"Cidade_de_Origem_do_IP\" name=\"Cidade_de_Origem_do_IP\" value=\"\" \/>\n\t\t<input type=\"hidden\" id=\"Modo_de_entrada\" name=\"Modo_de_entrada\" value=\"Portal\" \/>\n\t\t<input type=\"hidden\" id=\"Pagina_Origem\" name=\"Pagina_Origem\" value=\"\" \/>\n\n\t\t<div class=\"texto\">\n\t\t\t<h3 class=\"news\">Inscreva-se em nossa newsletter!<\/h3>\n\t\t\t<p>Receba not\u00edcias sobre resid\u00eancia m\u00e9dica, revalida\u00e7\u00e3o de diplomas e concursos m\u00e9dicos, al\u00e9m de materiais de estudo gratuitos e informa\u00e7\u00f5es relevantes do mundo da Medicina.<\/p>\n\t\t<\/div>\n\t\t<div class=\"campos\">\n\t\t\t<div class=\"first_name labels\">\n\t\t\t\t<input type=\"text\" class=\"input_labels\" id=\"first_name\" name=\"Nome_Completo\" placeholder=\"Nome\" required \/>\n\t\t\t<\/div>\n\t\t\t<div class=\"email labels\">\n\t\t\t\t<input type=\"email\" class=\"input_labels\" id=\"email\" name=\"Email\" placeholder=\"E-mail\" required \/>\n\t\t\t<\/div>\n\t\t\t<button type=\"submit\" class=\"button_layout\">\n\t\t\t\t<div id=\"lblBotao\">Inscreva-se<\/div>\n\t\t\t\t<span id=\"divSpiner\" class=\"loader\" role=\"status\" style=\"display: none;\"><\/span>\t\n\t\t\t<\/button>\n\t\t<\/div><!-- \/campos -->\n\t\t\n\t\t<label class=\"container_checkbox\">Voc\u00ea concorda com a nossa\n\t\t\t<a class=\"politics_privacy_ahref\" target=\"_blank\" href=\"https:\/\/gratis.estrategiaconcursos.com.br\/politica-de-privacidade\/\">Pol\u00edtica de Privacidade<\/a> e aceita receber informa\u00e7\u00f5es adicionais do Estrat\u00e9gia Educacional.\n\t\t\t<input id=\"checkbox_layout\" type=\"checkbox\" checked=\"checked\" required \/>\n\t\t\t<span class=\"checkbox\"><\/span>\n\t\t<\/label>\n\t\t<div id=\"msg\"><\/div>\n\t\t<div id=\"error\" class=\"error\">\n\t\t<\/div>\n\t<\/form>\n<\/div><!-- \/new-form -->\n\n\n\n<\/p><div id=\"ez-toc-container\" class=\"ez-toc-v2_0_79_2 counter-hierarchy ez-toc-counter ez-toc-transparent ez-toc-container-direction\">\n<div class=\"ez-toc-title-container\"><p class=\"ez-toc-title\" style=\"cursor:inherit\">Navegue pelo conte\u00fado<\/p>\n<\/div><nav><ul class='ez-toc-list ez-toc-list-level-1 ' ><li class='ez-toc-page-1 ez-toc-heading-level-2'><a class=\"ez-toc-link ez-toc-heading-1\" href=\"https:\/\/med.estrategia.com\/portal\/atualidades\/disputa-pela-abertura-de-novos-cursos-de-medicina-entenda-o-caso\/#Decisoes-Judiciais-concedidas-e-sua-repercussao\" >Decis&otilde;es Judiciais concedidas e sua repercuss&atilde;o<\/a><\/li><li class='ez-toc-page-1 ez-toc-heading-level-2'><a class=\"ez-toc-link ez-toc-heading-2\" href=\"https:\/\/med.estrategia.com\/portal\/atualidades\/disputa-pela-abertura-de-novos-cursos-de-medicina-entenda-o-caso\/#Retomada-da-abertura-de-novos-cursos\" >Retomada da abertura de novos cursos<\/a><\/li><li class='ez-toc-page-1 ez-toc-heading-level-2'><a class=\"ez-toc-link ez-toc-heading-3\" href=\"https:\/\/med.estrategia.com\/portal\/atualidades\/disputa-pela-abertura-de-novos-cursos-de-medicina-entenda-o-caso\/#Pedido-de-suspensao-as-liminares-concedidas\" >Pedido de suspens&atilde;o &agrave;s liminares concedidas<\/a><\/li><\/ul><\/nav><\/div>\n<h2 class=\"wp-block-heading\" id=\"h-decisoes-judiciais-concedidas-e-sua-repercussao\"><span class=\"ez-toc-section\" id=\"Decisoes-Judiciais-concedidas-e-sua-repercussao\"><\/span>Decis&otilde;es Judiciais concedidas e sua repercuss&atilde;o<span class=\"ez-toc-section-end\"><\/span><\/h2><p>Com <strong>concess&otilde;es feitas pela justi&ccedil;a <\/strong>para muitas das liminares apresentadas, a cria&ccedil;&atilde;o de cursos e o aumento de vagas em medicina no pa&iacute;s continuou sendo feita mesmo com o impeditivo do pen&uacute;ltimo governo. Al&eacute;m disso, <strong>os crit&eacute;rios relacionados a regi&otilde;es priorit&aacute;rias do SUS n&atilde;o v&ecirc;m sendo respeitados<\/strong>, o que vai contra a Lei institu&iacute;da em 2013, e as decis&otilde;es <strong>tornam poss&iacute;vel a abertura de vagas em qualquer localidade.<\/strong><br><br>Ap&oacute;s<strong> cr&iacute;ticas<\/strong> <strong>por parte de grupos educacionais<\/strong> que investiram na abertura de cursos em regi&otilde;es priorit&aacute;rias &ndash; ap&oacute;s chamamentos p&uacute;blicos previstos em Lei &ndash; e de <strong>Associa&ccedil;&otilde;es e Conselhos<\/strong> contr&aacute;rias ao aumento descompassado de m&eacute;dicos, que geram, segundo esses grupos, a falta de requisitos para uma boa forma&ccedil;&atilde;o em cursos abertos nos &uacute;ltimos anos, a <strong>Associa&ccedil;&atilde;o Nacional das Universidades Particulares (ANUP)<\/strong> protocolou em junho do &uacute;ltimo ano uma <strong>a&ccedil;&atilde;o junto ao Supremo Tribunal Federal (STF)<\/strong>.<br><br>Esta a&ccedil;&atilde;o <strong>questiona a constitucionalidade da Lei n&ordm; 12.871<\/strong> e seus requisitos para a abertura de novos cursos e tem como <strong>relator o ministro Gilmar Mendes.<\/strong><\/p><h2 class=\"wp-block-heading\" id=\"h-retomada-da-abertura-de-novos-cursos\"><span class=\"ez-toc-section\" id=\"Retomada-da-abertura-de-novos-cursos\"><\/span>Retomada da abertura de novos cursos<span class=\"ez-toc-section-end\"><\/span><\/h2><p>Com o <strong>fim do per&iacute;odo de cinco anos de suspens&atilde;o<\/strong>, <a href=\"https:\/\/med.estrategia.com\/portal\/noticias\/portaria-para-autorizacao-de-novos-cursos-de-medicina-foi-divulgado-pelo-mec\/\">o Minist&eacute;rio da Educa&ccedil;&atilde;o (MEC) do atual governo divulgou no dia 6 de abril<\/a> a Portaria n&ordm; 650, de 5 de abril de 2023, que <strong>retoma a autoriza&ccedil;&atilde;o de abertura de novos cursos de medicina.<\/strong><br><br>A nova portaria determina que o <strong>funcionamento de novos cursos se dar&aacute;, assim como prev&ecirc; a Lei n&ordm; 12.781, <\/strong>a partir de chamamentos p&uacute;blicos que favorecem as regi&otilde;es priorit&aacute;rias do SUS. A diferen&ccedil;a est&aacute; na divis&atilde;o entre duas modalidades.<br><br>Uma se dar&aacute; pela <strong>necessidade social para o funcionamento de novos cursos<\/strong>, priorizando <strong>regi&otilde;es de sa&uacute;de com menor &iacute;ndice de vagas em medicina e m&eacute;dicos por habitante,<\/strong> al&eacute;m da exist&ecirc;ncia de equipamentos p&uacute;blicos adequados, suficientes e de qualidade nas redes de aten&ccedil;&atilde;o &agrave; sa&uacute;de do SUS para a oferta do curso.<br><br>A segunda modalidade, de chamamento p&uacute;blico, &eacute; motivada&nbsp;pela estrutura de servi&ccedil;os ligados &agrave; sa&uacute;de e &agrave; forma&ccedil;&atilde;o m&eacute;dica.<\/p><h2 class=\"wp-block-heading\" id=\"h-pedido-de-suspensao-as-liminares-concedidas\"><span class=\"ez-toc-section\" id=\"Pedido-de-suspensao-as-liminares-concedidas\"><\/span>Pedido de suspens&atilde;o &agrave;s liminares concedidas<span class=\"ez-toc-section-end\"><\/span><\/h2><p>A <strong>&uacute;ltima atualiza&ccedil;&atilde;o<\/strong> desta disputa aconteceu na &uacute;ltima ter&ccedil;a-feira, <strong>2 de maio de 2023<\/strong>, ap&oacute;s <strong>pedido feito pela Advocacia-Geral da Uni&atilde;o (AGU)<\/strong> ao ministro Gilmar Mendes.<br><br>Com a retomada dos chamamentos p&uacute;blicos feita pelo atual governo e press&atilde;o de entidades da &aacute;rea, o pedido feito pela AGU pede a<strong> suspens&atilde;o das permiss&otilde;es concedidas por inst&acirc;ncias inferiores para a abertura de novos cursos<\/strong>, assim como processos que seguem em tramita&ccedil;&atilde;o, <strong>levando em considera&ccedil;&atilde;o o n&atilde;o cumprimento da Lei n&ordm;12.781.<\/strong><br><br>Para <strong>o n&atilde;o preju&iacute;zo de alunos j&aacute; matriculados <\/strong>e que come&ccedil;aram a investir em sua forma&ccedil;&atilde;o, a <strong>AGU incluiu ao pedido feito ao STF a garantia de conclus&atilde;o do curso.<\/strong><\/p><p>Siga acompanhando as principais not&iacute;cias sobre o mundo da medicina com o Portal EMED e conte com o Estrat&eacute;gia MED na sua prepara&ccedil;&atilde;o e escolha a melhor maneira de estudar e tornar sua rotina mais leve. Conhe&ccedil;a o nosso Curso Extensivo Resid&ecirc;ncia M&eacute;dica, preparado exclusivamente pelo time de professores especialistas com conte&uacute;do otimizado com o que vem sendo cobrado pelas principais bancas do pa&iacute;s.<\/p><p><strong><a id=\"cta\" class=\"cta-imagem\" href=\"https:\/\/med.estrategia.com\/cursos\/extensivo-de-residncia-mdica\/\" target=\"blank\">\n                <img decoding=\"async\" width=\"100%\" src=\"https:\/\/med.estrategia.com\/portal\/wp-content\/uploads\/2025\/08\/extensivo_rm.jpg\" alt=\"Extensivo RM\" title=\"extensivo_rm\">\n        <\/a><\/strong><\/p><\/p>\n","protected":false},"excerpt":{"rendered":"Advocacia-Geral da Uni\u00e3o entra com pedido ao Supremo Tribunal Federal para a suspens\u00e3o da autoriza\u00e7\u00e3o de novos cursos de medicina; pedido alega o n\u00e3o cumprimento da Lei\n","protected":false},"author":39,"featured_media":39432,"comment_status":"closed","ping_status":"closed","sticky":false,"template":"","format":"standard","meta":{"wl_entities_gutenberg":"","footnotes":""},"categories":[32],"tags":[],"wl_entity_type":[199],"class_list":{"0":"post-39418","1":"post","2":"type-post","3":"status-publish","4":"format-standard","5":"has-post-thumbnail","7":"category-atualidades","8":"wl_entity_type-article"},"acf":[],"yoast_head":"<!-- This site is optimized with the Yoast SEO Premium plugin v26.6 (Yoast SEO v26.6) - https:\/\/yoast.com\/wordpress\/plugins\/seo\/ -->\n<title>A disputa pela abertura de novos cursos de medicina; entenda o caso<\/title>\n<meta name=\"description\" content=\"A disputa pela abertura de novos cursos de medicina no Brasil chegou ao Supremo Tribunal Federal. Confira com o Estrat\u00e9gia MED as principais informa\u00e7\u00f5es.\" \/>\n<meta name=\"robots\" content=\"index, follow, max-snippet:-1, max-image-preview:large, max-video-preview:-1\" \/>\n<link rel=\"canonical\" href=\"https:\/\/med.estrategia.com\/portal\/atualidades\/disputa-pela-abertura-de-novos-cursos-de-medicina-entenda-o-caso\/\" \/>\n<meta property=\"og:locale\" content=\"pt_BR\" \/>\n<meta property=\"og:type\" content=\"article\" \/>\n<meta property=\"og:title\" content=\"A disputa pela abertura de novos cursos de medicina; entenda o caso\" \/>\n<meta property=\"og:description\" content=\"A disputa pela abertura de novos cursos de medicina no Brasil chegou ao Supremo Tribunal Federal. Confira com o Estrat\u00e9gia MED as principais informa\u00e7\u00f5es.\" \/>\n<meta property=\"og:url\" content=\"https:\/\/med.estrategia.com\/portal\/atualidades\/disputa-pela-abertura-de-novos-cursos-de-medicina-entenda-o-caso\/\" \/>\n<meta property=\"og:site_name\" content=\"Estrat\u00e9gia MED\" \/>\n<meta property=\"article:publisher\" content=\"https:\/\/www.facebook.com\/estrategiamed1\" \/>\n<meta property=\"article:published_time\" content=\"2023-05-05T18:59:54+00:00\" \/>\n<meta property=\"article:modified_time\" content=\"2023-05-25T23:07:15+00:00\" \/>\n<meta property=\"og:image\" content=\"https:\/\/cdn.medblog.estrategiaeducacional.com.br\/wp-content\/uploads\/2023\/05\/shutterstock_1114922768.jpg\" \/>\n\t<meta property=\"og:image:width\" content=\"1920\" \/>\n\t<meta property=\"og:image:height\" content=\"1310\" \/>\n\t<meta property=\"og:image:type\" content=\"image\/jpeg\" \/>\n<meta name=\"author\" content=\"Ana Carolina Damasceno\" \/>\n<meta name=\"twitter:card\" content=\"summary_large_image\" \/>\n<meta name=\"twitter:creator\" content=\"@estrategiamed_\" \/>\n<meta name=\"twitter:site\" content=\"@estrategiamed_\" \/>\n<meta name=\"twitter:label1\" content=\"Escrito por\" \/>\n\t<meta name=\"twitter:data1\" content=\"Ana Carolina Damasceno\" \/>\n\t<meta name=\"twitter:label2\" content=\"Est. tempo de leitura\" \/>\n\t<meta name=\"twitter:data2\" content=\"5 minutos\" \/>\n<script type=\"application\/ld+json\" class=\"yoast-schema-graph\">{\"@context\":\"https:\/\/schema.org\",\"@graph\":[{\"@type\":\"WebPage\",\"@id\":\"https:\/\/med.estrategia.com\/portal\/atualidades\/disputa-pela-abertura-de-novos-cursos-de-medicina-entenda-o-caso\/\",\"url\":\"https:\/\/med.estrategia.com\/portal\/atualidades\/disputa-pela-abertura-de-novos-cursos-de-medicina-entenda-o-caso\/\",\"name\":\"A disputa pela abertura de novos cursos de medicina; entenda o caso\",\"isPartOf\":{\"@id\":\"https:\/\/med.estrategia.com\/portal\/#website\"},\"primaryImageOfPage\":{\"@id\":\"https:\/\/med.estrategia.com\/portal\/atualidades\/disputa-pela-abertura-de-novos-cursos-de-medicina-entenda-o-caso\/#primaryimage\"},\"image\":{\"@id\":\"https:\/\/med.estrategia.com\/portal\/atualidades\/disputa-pela-abertura-de-novos-cursos-de-medicina-entenda-o-caso\/#primaryimage\"},\"thumbnailUrl\":\"https:\/\/med.estrategia.com\/portal\/wp-content\/uploads\/2023\/05\/shutterstock_1114922768.jpg\",\"datePublished\":\"2023-05-05T18:59:54+00:00\",\"dateModified\":\"2023-05-25T23:07:15+00:00\",\"author\":{\"@id\":\"https:\/\/med.estrategia.com\/portal\/#\/schema\/person\/2f553adbb8e25fe39d145c5b2927f58c\"},\"description\":\"A disputa pela abertura de novos cursos de medicina no Brasil chegou ao Supremo Tribunal Federal. Confira com o Estrat\u00e9gia MED as principais informa\u00e7\u00f5es.\",\"breadcrumb\":{\"@id\":\"https:\/\/med.estrategia.com\/portal\/atualidades\/disputa-pela-abertura-de-novos-cursos-de-medicina-entenda-o-caso\/#breadcrumb\"},\"inLanguage\":\"pt-BR\",\"potentialAction\":[{\"@type\":\"ReadAction\",\"target\":[\"https:\/\/med.estrategia.com\/portal\/atualidades\/disputa-pela-abertura-de-novos-cursos-de-medicina-entenda-o-caso\/\"]}]},{\"@type\":\"ImageObject\",\"inLanguage\":\"pt-BR\",\"@id\":\"https:\/\/med.estrategia.com\/portal\/atualidades\/disputa-pela-abertura-de-novos-cursos-de-medicina-entenda-o-caso\/#primaryimage\",\"url\":\"https:\/\/med.estrategia.com\/portal\/wp-content\/uploads\/2023\/05\/shutterstock_1114922768.jpg\",\"contentUrl\":\"https:\/\/med.estrategia.com\/portal\/wp-content\/uploads\/2023\/05\/shutterstock_1114922768.jpg\",\"width\":1920,\"height\":1310,\"caption\":\"Cr\u00e9ditos: Shutterstock\"},{\"@type\":\"BreadcrumbList\",\"@id\":\"https:\/\/med.estrategia.com\/portal\/atualidades\/disputa-pela-abertura-de-novos-cursos-de-medicina-entenda-o-caso\/#breadcrumb\",\"itemListElement\":[{\"@type\":\"ListItem\",\"position\":1,\"name\":\"Home\",\"item\":\"https:\/\/med.estrategia.com\/portal\/\"},{\"@type\":\"ListItem\",\"position\":2,\"name\":\"Atualidades\",\"item\":\"https:\/\/med.estrategia.com\/portal\/atualidades\/\"},{\"@type\":\"ListItem\",\"position\":3,\"name\":\"A disputa pela abertura de novos cursos de medicina; entenda o caso\"}]},{\"@type\":\"WebSite\",\"@id\":\"https:\/\/med.estrategia.com\/portal\/#website\",\"url\":\"https:\/\/med.estrategia.com\/portal\/\",\"name\":\"Estrat\u00e9gia MED\",\"description\":\"\",\"potentialAction\":[{\"@type\":\"SearchAction\",\"target\":{\"@type\":\"EntryPoint\",\"urlTemplate\":\"https:\/\/med.estrategia.com\/portal\/?s={search_term_string}\"},\"query-input\":{\"@type\":\"PropertyValueSpecification\",\"valueRequired\":true,\"valueName\":\"search_term_string\"}}],\"inLanguage\":\"pt-BR\"},{\"@type\":\"Person\",\"@id\":\"https:\/\/med.estrategia.com\/portal\/#\/schema\/person\/2f553adbb8e25fe39d145c5b2927f58c\",\"name\":\"Ana Carolina Damasceno\",\"image\":{\"@type\":\"ImageObject\",\"inLanguage\":\"pt-BR\",\"@id\":\"https:\/\/med.estrategia.com\/portal\/#\/schema\/person\/image\/\",\"url\":\"https:\/\/med.estrategia.com\/portal\/wp-content\/uploads\/2021\/09\/WhatsApp-Image-2023-08-18-at-16.46.43-150x150.jpeg\",\"contentUrl\":\"https:\/\/med.estrategia.com\/portal\/wp-content\/uploads\/2021\/09\/WhatsApp-Image-2023-08-18-at-16.46.43-150x150.jpeg\",\"caption\":\"Ana Carolina Damasceno\"},\"description\":\"Coordenadora de Jornalismo EMED. Comunicadora por natureza e forma\u00e7\u00e3o, que ama e perde a no\u00e7\u00e3o do tempo com m\u00fasica e s\u00e9rie.\",\"url\":\"https:\/\/med.estrategia.com\/portal\/author\/ana-carolina-damasceno\/\"}]}<\/script>\n<!-- \/ Yoast SEO Premium plugin. -->","yoast_head_json":{"title":"A disputa pela abertura de novos cursos de medicina; entenda o caso","description":"A disputa pela abertura de novos cursos de medicina no Brasil chegou ao Supremo Tribunal Federal. Confira com o Estrat\u00e9gia MED as principais informa\u00e7\u00f5es.","robots":{"index":"index","follow":"follow","max-snippet":"max-snippet:-1","max-image-preview":"max-image-preview:large","max-video-preview":"max-video-preview:-1"},"canonical":"https:\/\/med.estrategia.com\/portal\/atualidades\/disputa-pela-abertura-de-novos-cursos-de-medicina-entenda-o-caso\/","og_locale":"pt_BR","og_type":"article","og_title":"A disputa pela abertura de novos cursos de medicina; entenda o caso","og_description":"A disputa pela abertura de novos cursos de medicina no Brasil chegou ao Supremo Tribunal Federal. Confira com o Estrat\u00e9gia MED as principais informa\u00e7\u00f5es.","og_url":"https:\/\/med.estrategia.com\/portal\/atualidades\/disputa-pela-abertura-de-novos-cursos-de-medicina-entenda-o-caso\/","og_site_name":"Estrat\u00e9gia MED","article_publisher":"https:\/\/www.facebook.com\/estrategiamed1","article_published_time":"2023-05-05T18:59:54+00:00","article_modified_time":"2023-05-25T23:07:15+00:00","og_image":[{"width":1920,"height":1310,"url":"https:\/\/cdn.medblog.estrategiaeducacional.com.br\/wp-content\/uploads\/2023\/05\/shutterstock_1114922768.jpg","type":"image\/jpeg"}],"author":"Ana Carolina Damasceno","twitter_card":"summary_large_image","twitter_creator":"@estrategiamed_","twitter_site":"@estrategiamed_","twitter_misc":{"Escrito por":"Ana Carolina Damasceno","Est. tempo de leitura":"5 minutos"},"schema":{"@context":"https:\/\/schema.org","@graph":[{"@type":"WebPage","@id":"https:\/\/med.estrategia.com\/portal\/atualidades\/disputa-pela-abertura-de-novos-cursos-de-medicina-entenda-o-caso\/","url":"https:\/\/med.estrategia.com\/portal\/atualidades\/disputa-pela-abertura-de-novos-cursos-de-medicina-entenda-o-caso\/","name":"A disputa pela abertura de novos cursos de medicina; entenda o caso","isPartOf":{"@id":"https:\/\/med.estrategia.com\/portal\/#website"},"primaryImageOfPage":{"@id":"https:\/\/med.estrategia.com\/portal\/atualidades\/disputa-pela-abertura-de-novos-cursos-de-medicina-entenda-o-caso\/#primaryimage"},"image":{"@id":"https:\/\/med.estrategia.com\/portal\/atualidades\/disputa-pela-abertura-de-novos-cursos-de-medicina-entenda-o-caso\/#primaryimage"},"thumbnailUrl":"https:\/\/med.estrategia.com\/portal\/wp-content\/uploads\/2023\/05\/shutterstock_1114922768.jpg","datePublished":"2023-05-05T18:59:54+00:00","dateModified":"2023-05-25T23:07:15+00:00","author":{"@id":"https:\/\/med.estrategia.com\/portal\/#\/schema\/person\/2f553adbb8e25fe39d145c5b2927f58c"},"description":"A disputa pela abertura de novos cursos de medicina no Brasil chegou ao Supremo Tribunal Federal. Confira com o Estrat\u00e9gia MED as principais informa\u00e7\u00f5es.","breadcrumb":{"@id":"https:\/\/med.estrategia.com\/portal\/atualidades\/disputa-pela-abertura-de-novos-cursos-de-medicina-entenda-o-caso\/#breadcrumb"},"inLanguage":"pt-BR","potentialAction":[{"@type":"ReadAction","target":["https:\/\/med.estrategia.com\/portal\/atualidades\/disputa-pela-abertura-de-novos-cursos-de-medicina-entenda-o-caso\/"]}]},{"@type":"ImageObject","inLanguage":"pt-BR","@id":"https:\/\/med.estrategia.com\/portal\/atualidades\/disputa-pela-abertura-de-novos-cursos-de-medicina-entenda-o-caso\/#primaryimage","url":"https:\/\/med.estrategia.com\/portal\/wp-content\/uploads\/2023\/05\/shutterstock_1114922768.jpg","contentUrl":"https:\/\/med.estrategia.com\/portal\/wp-content\/uploads\/2023\/05\/shutterstock_1114922768.jpg","width":1920,"height":1310,"caption":"Cr\u00e9ditos: Shutterstock"},{"@type":"BreadcrumbList","@id":"https:\/\/med.estrategia.com\/portal\/atualidades\/disputa-pela-abertura-de-novos-cursos-de-medicina-entenda-o-caso\/#breadcrumb","itemListElement":[{"@type":"ListItem","position":1,"name":"Home","item":"https:\/\/med.estrategia.com\/portal\/"},{"@type":"ListItem","position":2,"name":"Atualidades","item":"https:\/\/med.estrategia.com\/portal\/atualidades\/"},{"@type":"ListItem","position":3,"name":"A disputa pela abertura de novos cursos de medicina; entenda o caso"}]},{"@type":"WebSite","@id":"https:\/\/med.estrategia.com\/portal\/#website","url":"https:\/\/med.estrategia.com\/portal\/","name":"Estrat\u00e9gia MED","description":"","potentialAction":[{"@type":"SearchAction","target":{"@type":"EntryPoint","urlTemplate":"https:\/\/med.estrategia.com\/portal\/?s={search_term_string}"},"query-input":{"@type":"PropertyValueSpecification","valueRequired":true,"valueName":"search_term_string"}}],"inLanguage":"pt-BR"},{"@type":"Person","@id":"https:\/\/med.estrategia.com\/portal\/#\/schema\/person\/2f553adbb8e25fe39d145c5b2927f58c","name":"Ana Carolina Damasceno","image":{"@type":"ImageObject","inLanguage":"pt-BR","@id":"https:\/\/med.estrategia.com\/portal\/#\/schema\/person\/image\/","url":"https:\/\/med.estrategia.com\/portal\/wp-content\/uploads\/2021\/09\/WhatsApp-Image-2023-08-18-at-16.46.43-150x150.jpeg","contentUrl":"https:\/\/med.estrategia.com\/portal\/wp-content\/uploads\/2021\/09\/WhatsApp-Image-2023-08-18-at-16.46.43-150x150.jpeg","caption":"Ana Carolina Damasceno"},"description":"Coordenadora de Jornalismo EMED. Comunicadora por natureza e forma\u00e7\u00e3o, que ama e perde a no\u00e7\u00e3o do tempo com m\u00fasica e s\u00e9rie.","url":"https:\/\/med.estrategia.com\/portal\/author\/ana-carolina-damasceno\/"}]}},"_wl_alt_label":[],"wl:entity_url":"\/post\/disputa-pela-abertura-de-novos-cursos-de-medicina-entenda-o-caso","_links":{"self":[{"href":"https:\/\/med.estrategia.com\/portal\/wp-json\/wp\/v2\/posts\/39418","targetHints":{"allow":["GET"]}}],"collection":[{"href":"https:\/\/med.estrategia.com\/portal\/wp-json\/wp\/v2\/posts"}],"about":[{"href":"https:\/\/med.estrategia.com\/portal\/wp-json\/wp\/v2\/types\/post"}],"author":[{"embeddable":true,"href":"https:\/\/med.estrategia.com\/portal\/wp-json\/wp\/v2\/users\/39"}],"replies":[{"embeddable":true,"href":"https:\/\/med.estrategia.com\/portal\/wp-json\/wp\/v2\/comments?post=39418"}],"version-history":[{"count":11,"href":"https:\/\/med.estrategia.com\/portal\/wp-json\/wp\/v2\/posts\/39418\/revisions"}],"predecessor-version":[{"id":39436,"href":"https:\/\/med.estrategia.com\/portal\/wp-json\/wp\/v2\/posts\/39418\/revisions\/39436"}],"wp:featuredmedia":[{"embeddable":true,"href":"https:\/\/med.estrategia.com\/portal\/wp-json\/wp\/v2\/media\/39432"}],"wp:attachment":[{"href":"https:\/\/med.estrategia.com\/portal\/wp-json\/wp\/v2\/media?parent=39418"}],"wp:term":[{"taxonomy":"category","embeddable":true,"href":"https:\/\/med.estrategia.com\/portal\/wp-json\/wp\/v2\/categories?post=39418"},{"taxonomy":"post_tag","embeddable":true,"href":"https:\/\/med.estrategia.com\/portal\/wp-json\/wp\/v2\/tags?post=39418"},{"taxonomy":"wl_entity_type","embeddable":true,"href":"https:\/\/med.estrategia.com\/portal\/wp-json\/wp\/v2\/wl_entity_type?post=39418"}],"curies":[{"name":"wp","href":"https:\/\/api.w.org\/{rel}","templated":true}]}}