{"id":39614,"date":"2023-05-09T13:34:41","date_gmt":"2023-05-09T16:34:41","guid":{"rendered":"https:\/\/med.estrategia.com\/portal\/?p=39614"},"modified":"2023-05-09T13:41:12","modified_gmt":"2023-05-09T16:41:12","slug":"ufs-divulga-edital-apos-adesao-ao-pro-residencia","status":"publish","type":"post","link":"https:\/\/med.estrategia.com\/portal\/noticias\/ufs-divulga-edital-apos-adesao-ao-pro-residencia\/","title":{"rendered":"UFS divulga edital ap\u00f3s ades\u00e3o ao Pr\u00f3-Resid\u00eancia"},"content":{"rendered":"<p>A <strong>Universidade Federal de Sergipe (UFS)<\/strong> tornou p&uacute;blico o edital de seu <strong>novo processo seletivo<\/strong> para ingresso nos <strong>programas de resid&ecirc;ncia m&eacute;dica <\/strong>ofertados pelo Hospital Universit&aacute;rio de Lagarto (HUL).<br><br>Com<strong> uma &uacute;nica fase<\/strong>, a institui&ccedil;&atilde;o conta com, ao todo, <strong>5 vagas ofertadas ap&oacute;s sua ades&atilde;o<\/strong> ao Programa Nacional de Apoio &agrave; Forma&ccedil;&atilde;o de M&eacute;dicos Especialistas em &Aacute;reas Estrat&eacute;gicas <a href=\"https:\/\/med.estrategia.com\/portal\/noticias\/instituicoes-pro-residencia\/\" target=\"_blank\">(<strong>Pr&oacute;-Resid&ecirc;ncia<\/strong>)<\/a> e, os candidatos interessados poder&atilde;o<strong> se inscrever a partir do dia 16 de maio de 2023,<\/strong> pr&oacute;xima ter&ccedil;a-feira, mediante preenchimento de formul&aacute;rio de inscri&ccedil;&atilde;o e pagamento da <strong>taxa de inscri&ccedil;&atilde;o no valor de R$150,00<\/strong>.<div class=\"wp-block-buttons is-content-justification-center is-layout-flex wp-container-core-buttons-is-layout-1 wp-block-buttons-is-layout-flex\">\n<div class=\"wp-block-button\"><a class=\"wp-block-button__link wp-element-button\" href=\"https:\/\/med.estrategia.com\/portal\/wp-content\/uploads\/2023\/05\/ufs_proresidencia2023.pdf\" target=\"_blank\"><strong>Edital Extempor&acirc;neo &ndash; UFS 2023<\/strong><\/a><\/div>\n<\/div><p>Para essa sele&ccedil;&atilde;o, <strong>h&aacute; a possibilidade de isen&ccedil;&atilde;o total da taxa<\/strong> para candidatos que que se enquadram na seguinte condi&ccedil;&atilde;o:<\/p><ul class=\"wp-block-list\">\n<li>Decreto Federal n&ordm; 6.593\/2008: candidatos que perten&ccedil;am a fam&iacute;lia inscrita no Cadastro &Uacute;nico para Programas Sociais &#8208; Cad&Uacute;nico, do Governo Federal, cuja renda familiar mensal per capita seja inferior ou igual a meio sal&aacute;rio&#8208;mi&#769;nimo nacional.<\/li>\n<\/ul><p>O<strong> pedido pode ser feito entre os dias 16 e 18 de maio de 2023<\/strong>, ap&oacute;s o preenchimento da ficha de inscri&ccedil;&atilde;o no processo, mediante envio do comprovante de inscri&ccedil;&atilde;o do Cad&Uacute;nico para o endere&ccedil;o eletr&ocirc;nico da COREME coreme.hul@ebserh.gov.br.<\/p><div id=\"ez-toc-container\" class=\"ez-toc-v2_0_79_2 counter-hierarchy ez-toc-counter ez-toc-transparent ez-toc-container-direction\">\n<div class=\"ez-toc-title-container\"><p class=\"ez-toc-title\" style=\"cursor:inherit\">Navegue pelo conte\u00fado<\/p>\n<\/div><nav><ul class='ez-toc-list ez-toc-list-level-1 ' ><li class='ez-toc-page-1 ez-toc-heading-level-2'><a class=\"ez-toc-link ez-toc-heading-1\" href=\"https:\/\/med.estrategia.com\/portal\/noticias\/ufs-divulga-edital-apos-adesao-ao-pro-residencia\/#Resumo-Edital-Extemporaneo-%E2%80%93-UFS-%E2%80%93-PRO-RESIDENCIA\" >Resumo Edital Extempor&acirc;neo &ndash; UFS &ndash; PR&Oacute;-RESID&Ecirc;NCIA<\/a><\/li><li class='ez-toc-page-1 ez-toc-heading-level-2'><a class=\"ez-toc-link ez-toc-heading-2\" href=\"https:\/\/med.estrategia.com\/portal\/noticias\/ufs-divulga-edital-apos-adesao-ao-pro-residencia\/#Vagas-Ofertadas-%E2%80%93-UFS-Extemporaneo\" >Vagas Ofertadas &ndash; UFS Extempor&acirc;neo<\/a><\/li><li class='ez-toc-page-1 ez-toc-heading-level-2'><a class=\"ez-toc-link ez-toc-heading-3\" href=\"https:\/\/med.estrategia.com\/portal\/noticias\/ufs-divulga-edital-apos-adesao-ao-pro-residencia\/#O-processo-seletivo-da-UFS\" >O processo seletivo da UFS<\/a><\/li><li class='ez-toc-page-1 ez-toc-heading-level-2'><a class=\"ez-toc-link ez-toc-heading-4\" href=\"https:\/\/med.estrategia.com\/portal\/noticias\/ufs-divulga-edital-apos-adesao-ao-pro-residencia\/#O-Pro-Residencia\" >O Pr&oacute;-Resid&ecirc;ncia<\/a><\/li><\/ul><\/nav><\/div>\n<h2 class=\"wp-block-heading\" id=\"h-resumo-edital-extemporaneo-ufs-pro-residencia\"><span class=\"ez-toc-section\" id=\"Resumo-Edital-Extemporaneo-%E2%80%93-UFS-%E2%80%93-PRO-RESIDENCIA\"><\/span>Resumo Edital Extempor&acirc;neo &ndash; UFS &ndash; PR&Oacute;-RESID&Ecirc;NCIA<span class=\"ez-toc-section-end\"><\/span><\/h2><figure class=\"wp-block-table\"><table><tbody><tr><td><strong>Vagas Ofertadas<\/strong><\/td><td class=\"has-text-align-center\" data-align=\"center\">5 vagas<\/td><\/tr><tr><td><strong>Composi&ccedil;&atilde;o do Processo Seletivo<\/strong><\/td><td class=\"has-text-align-center\" data-align=\"center\">Fase &Uacute;nica: Prova Objetiva<\/td><\/tr><tr><td><strong>Taxa de Inscri&ccedil;&atilde;o<\/strong><\/td><td class=\"has-text-align-center\" data-align=\"center\">R$150,00<\/td><\/tr><tr><td><strong>Per&iacute;odo de Inscri&ccedil;&otilde;es<\/strong><\/td><td class=\"has-text-align-center\" data-align=\"center\">16 a 20\/05\/2023<\/td><\/tr><tr><td><strong>Pedido de Isen&ccedil;&atilde;o da Taxa<\/strong><\/td><td class=\"has-text-align-center\" data-align=\"center\">16 a 18\/05\/2023<\/td><\/tr><tr><td><strong>Prova Objetiva<\/strong><\/td><td class=\"has-text-align-center\" data-align=\"center\">04\/06\/2023<\/td><\/tr><tr><td><strong>Gabarito Preliminar<\/strong><\/td><td class=\"has-text-align-center\" data-align=\"center\">05\/06\/2023<\/td><\/tr><tr><td><strong>Recursos contra Gabarito<\/strong><\/td><td class=\"has-text-align-center\" data-align=\"center\">06\/06\/2023<\/td><\/tr><tr><td><strong>Gabarito Definitivo<\/strong><\/td><td class=\"has-text-align-center\" data-align=\"center\">07\/06\/2023<\/td><\/tr><tr><td><strong>Resultado da Prova<\/strong><\/td><td class=\"has-text-align-center\" data-align=\"center\">12\/06\/2023<\/td><\/tr><tr><td><strong>Recursos contra o resultado<\/strong><\/td><td class=\"has-text-align-center\" data-align=\"center\">13\/06\/2023<\/td><\/tr><tr><td><strong>Resultado Final<\/strong><\/td><td class=\"has-text-align-center\" data-align=\"center\">15\/06\/2023<\/td><\/tr><tr><td><strong>Procedimento de Heteroidentifica&ccedil;&atilde;o<\/strong><\/td><td class=\"has-text-align-center\" data-align=\"center\">19\/06\/2023<\/td><\/tr><tr><td><strong>Matr&iacute;culas<\/strong><\/td><td class=\"has-text-align-center\" data-align=\"center\">19 a 30\/06\/2023<\/td><\/tr><tr><td><strong>In&iacute;cio dos Programas<\/strong><\/td><td class=\"has-text-align-center\" data-align=\"center\">01\/07\/2023<\/td><\/tr><\/tbody><\/table><\/figure><p>\n\n\n<div id=\"new-form\">\n\t<form id=\"forms_layout\">\n\t<input type=\"hidden\" id=\"chave_de\" name=\"chave_de\" value=\"01_EMED_LEADS_TOTAIS\" \/>\n\t\t<input type=\"hidden\" id=\"mid\" name=\"mid\" value=\"515009018\" \/>\n\t\t<input type=\"hidden\" id=\"Objetivo\" name=\"Objetivo\" value=\"Medicina\" \/>\n\t\t<input type=\"hidden\" id=\"Estado_de_Origem_do_IP\" name=\"Estado_de_Origem_do_IP\"  value=\"\" \/>\n\t\t<input type=\"hidden\" id=\"Cidade_de_Origem_do_IP\" name=\"Cidade_de_Origem_do_IP\" value=\"\" \/>\n\t\t<input type=\"hidden\" id=\"Modo_de_entrada\" name=\"Modo_de_entrada\" value=\"Portal\" \/>\n\t\t<input type=\"hidden\" id=\"Pagina_Origem\" name=\"Pagina_Origem\" value=\"\" \/>\n\n\t\t<div class=\"texto\">\n\t\t\t<h3 class=\"news\">Inscreva-se em nossa newsletter!<\/h3>\n\t\t\t<p>Receba not\u00edcias sobre resid\u00eancia m\u00e9dica, revalida\u00e7\u00e3o de diplomas e concursos m\u00e9dicos, al\u00e9m de materiais de estudo gratuitos e informa\u00e7\u00f5es relevantes do mundo da Medicina.<\/p>\n\t\t<\/div>\n\t\t<div class=\"campos\">\n\t\t\t<div class=\"first_name labels\">\n\t\t\t\t<input type=\"text\" class=\"input_labels\" id=\"first_name\" name=\"Nome_Completo\" placeholder=\"Nome\" required \/>\n\t\t\t<\/div>\n\t\t\t<div class=\"email labels\">\n\t\t\t\t<input type=\"email\" class=\"input_labels\" id=\"email\" name=\"Email\" placeholder=\"E-mail\" required \/>\n\t\t\t<\/div>\n\t\t\t<button type=\"submit\" class=\"button_layout\">\n\t\t\t\t<div id=\"lblBotao\">Inscreva-se<\/div>\n\t\t\t\t<span id=\"divSpiner\" class=\"loader\" role=\"status\" style=\"display: none;\"><\/span>\t\n\t\t\t<\/button>\n\t\t<\/div><!-- \/campos -->\n\t\t\n\t\t<label class=\"container_checkbox\">Voc\u00ea concorda com a nossa\n\t\t\t<a class=\"politics_privacy_ahref\" target=\"_blank\" href=\"https:\/\/gratis.estrategiaconcursos.com.br\/politica-de-privacidade\/\">Pol\u00edtica de Privacidade<\/a> e aceita receber informa\u00e7\u00f5es adicionais do Estrat\u00e9gia Educacional.\n\t\t\t<input id=\"checkbox_layout\" type=\"checkbox\" checked=\"checked\" required \/>\n\t\t\t<span class=\"checkbox\"><\/span>\n\t\t<\/label>\n\t\t<div id=\"msg\"><\/div>\n\t\t<div id=\"error\" class=\"error\">\n\t\t<\/div>\n\t<\/form>\n<\/div><!-- \/new-form -->\n\n\n\n<\/p><h2 class=\"wp-block-heading\" id=\"h-vagas-ofertadas-ufs-extemporaneo\"><span class=\"ez-toc-section\" id=\"Vagas-Ofertadas-%E2%80%93-UFS-Extemporaneo\"><\/span>Vagas Ofertadas &ndash; UFS Extempor&acirc;neo<span class=\"ez-toc-section-end\"><\/span><\/h2><figure class=\"wp-block-table\"><table><thead><tr><th>Especialidades<\/th><th class=\"has-text-align-center\" data-align=\"center\">Vagas Ampla Concorr&ecirc;ncia<\/th><th class=\"has-text-align-center\" data-align=\"center\">Vagas destinadas para candidatos negros<br>(Lei Federal n&ordm;12.990\/2014)<\/th><\/tr><\/thead><tbody><tr><td>Cirurgia Geral<\/td><td class=\"has-text-align-center\" data-align=\"center\">2<\/td><td class=\"has-text-align-center\" data-align=\"center\">1<\/td><\/tr><tr><td>Pediatria<\/td><td class=\"has-text-align-center\" data-align=\"center\">2<\/td><td class=\"has-text-align-center\" data-align=\"center\">&ndash;<\/td><\/tr><\/tbody><\/table><\/figure><h2 class=\"wp-block-heading\" id=\"h-o-processo-seletivo-da-ufs\"><span class=\"ez-toc-section\" id=\"O-processo-seletivo-da-UFS\"><\/span>O processo seletivo da UFS<span class=\"ez-toc-section-end\"><\/span><\/h2><p>Com <strong>uma &uacute;nica fase prevista para o dia 4 de junho de 2023<\/strong>, todos os candidatos inscritos na sele&ccedil;&atilde;o extempor&acirc;nea da UFS ser&atilde;o avaliados a partir de uma <strong>prova objetiva<\/strong> na cidade de Lagarto\/SE.<br><br>Nela<strong>, 50 quest&otilde;es de m&uacute;ltipla escolha <\/strong>ser&atilde;o dispostas e contar&atilde;o com o conte&uacute;do program&aacute;tico dos cursos de gradua&ccedil;&atilde;o em medicina<strong> sobre as cinco grandes &aacute;reas m&eacute;dicas<\/strong>: Cl&iacute;nica M&eacute;dica, Cirurgia Geral, Pediatria, Obstetr&iacute;cia e Ginecologia, Medicina Preventiva e Social, com &ecirc;nfase em Medicina de Fam&iacute;lia e Comunidade.<br><br>Com<strong> pontua&ccedil;&atilde;o m&aacute;xima de 100 pontos<\/strong>, os crit&eacute;rios de desempate, caso necess&aacute;rio, obedecer&atilde;o a seguinte ordem:<\/p><ul class=\"wp-block-list\">\n<li>Maior nota nas quest&otilde;es da especialidade que concorrem (Cirurgia Geral\/Pediatria);<\/li>\n\n\n\n<li>Menor tempo de conclus&atilde;o da gradua&ccedil;&atilde;o;<\/li>\n\n\n\n<li>Maior idade; e<\/li>\n\n\n\n<li>Sorteio p&uacute;blico.<\/li>\n<\/ul><p>O <strong>resultado final <\/strong>da sele&ccedil;&atilde;o &eacute; previsto para o <strong>dia 15 de junho de 2023.<\/strong><\/p><h2 class=\"wp-block-heading\" id=\"h-o-pro-residencia\"><span class=\"ez-toc-section\" id=\"O-Pro-Residencia\"><\/span>O Pr&oacute;-Resid&ecirc;ncia<span class=\"ez-toc-section-end\"><\/span><\/h2><p>Institu&iacute;do pela&nbsp;<strong>Portaria Interministerial N&ordm; 1001\/MEC\/MS em 22 de outubro de 2009<\/strong>, o Programa Nacional de Apoio &agrave; Forma&ccedil;&atilde;o de M&eacute;dicos Especialistas em &Aacute;reas Estrat&eacute;gicas (PRO-RESID&Ecirc;NCIA) teve duas edi&ccedil;&otilde;es, em 2009 e 2010.&nbsp;<\/p><p>Institui&ccedil;&otilde;es&nbsp;<strong>federais&nbsp;<\/strong>vinculadas ao Minist&eacute;rio da Sa&uacute;de (MS) ou ao&nbsp;<a href=\"https:\/\/med.estrategia.com\/portal\/entidade\/ministerio-da-educacao-2\/\" target=\"_blank\">Minist&eacute;rio da Educa&ccedil;&atilde;o<\/a>&nbsp;(MEC),&nbsp;&oacute;rg&atilde;os e institui&ccedil;&otilde;es p&uacute;blicas, municipais,&nbsp;estaduais&nbsp;e&nbsp;distrital, bem como&nbsp;institui&ccedil;&otilde;es privadas&nbsp;sem fins lucrativos que ofertam programas de resid&ecirc;ncia m&eacute;dica credenciadas no MEC puderam solicitar a&nbsp;<strong>expans&atilde;o de vagas ap&oacute;s a publica&ccedil;&atilde;o do edital de ades&atilde;o<\/strong>.<\/p><p>As institui&ccedil;&otilde;es puderam aderir ao programa desde que tivessem&nbsp;<strong>vagas autorizadas<\/strong>&nbsp;pela Comiss&atilde;o Nacional de Resid&ecirc;ncia M&eacute;dica (CNRM) e programas com&nbsp;<strong>carga hor&aacute;ria<\/strong>&nbsp;de, pelo menos,&nbsp;<strong>75%&nbsp;<\/strong>(setenta e cinco por cento) nos cen&aacute;rios de pr&aacute;tica que atendam ao SUS em seus Programas de Resid&ecirc;ncia.<\/p><p>Conte com o Estrat&eacute;gia MED na sua prepara&ccedil;&atilde;o e escolha a melhor maneira de estudar para as provas de resid&ecirc;ncia m&eacute;dica e tornar sua rotina mais leve. Conhe&ccedil;a nossos cursos e o nosso Banco de Quest&otilde;es, que em abril de 2023 contava com quase 190 mil quest&otilde;es cadastradas. Vem ser coruja!<\/p><p>\n\n\n\n\n\n<a id=\"cta\" class=\"cta-imagem\" href=\"https:\/\/med.estrategia.com\/curso\/banco-de-questes-resumos-estrategicos-anual\/\" target=\"blank\">\n                <img decoding=\"async\" width=\"100%\" src=\"https:\/\/med.estrategia.com\/portal\/wp-content\/uploads\/2025\/08\/banco_questoes.png\" alt=\"banco_questoes\" title=\"banco_questoes\">\n        <\/a>\n<\/p><\/p>\n","protected":false},"excerpt":{"rendered":"Edital extempor\u00e2neo da Universidade Federal de Sergipe oferece vagas para os programas de resid\u00eancia m\u00e9dica em Cirurgia Geral e Pediatria\n","protected":false},"author":39,"featured_media":39611,"comment_status":"closed","ping_status":"closed","sticky":false,"template":"","format":"standard","meta":{"wl_entities_gutenberg":"","footnotes":""},"categories":[300],"tags":[],"wl_entity_type":[199],"class_list":{"0":"post-39614","1":"post","2":"type-post","3":"status-publish","4":"format-standard","5":"has-post-thumbnail","7":"category-noticias","8":"wl_entity_type-article"},"acf":[],"yoast_head":"<!-- This site is optimized with the Yoast SEO Premium plugin v26.6 (Yoast SEO v26.6) - https:\/\/yoast.com\/wordpress\/plugins\/seo\/ -->\n<title>UFS divulga edital ap\u00f3s ades\u00e3o ao Pr\u00f3-Resid\u00eancia<\/title>\n<meta name=\"description\" content=\"Edital extempor\u00e2neo da Universidade Federal de Sergipe oferece vagas para os programas de resid\u00eancia m\u00e9dica em Cirurgia Geral e Pediatria, confira!\" \/>\n<meta name=\"robots\" content=\"index, follow, max-snippet:-1, max-image-preview:large, max-video-preview:-1\" \/>\n<link rel=\"canonical\" href=\"https:\/\/med.estrategia.com\/portal\/noticias\/ufs-divulga-edital-apos-adesao-ao-pro-residencia\/\" \/>\n<meta property=\"og:locale\" content=\"pt_BR\" \/>\n<meta property=\"og:type\" content=\"article\" \/>\n<meta property=\"og:title\" content=\"UFS divulga edital ap\u00f3s ades\u00e3o ao Pr\u00f3-Resid\u00eancia\" \/>\n<meta property=\"og:description\" content=\"Edital extempor\u00e2neo da Universidade Federal de Sergipe oferece vagas para os programas de resid\u00eancia m\u00e9dica em Cirurgia Geral e Pediatria, confira!\" \/>\n<meta property=\"og:url\" content=\"https:\/\/med.estrategia.com\/portal\/noticias\/ufs-divulga-edital-apos-adesao-ao-pro-residencia\/\" \/>\n<meta property=\"og:site_name\" content=\"Estrat\u00e9gia MED\" \/>\n<meta property=\"article:publisher\" content=\"https:\/\/www.facebook.com\/estrategiamed1\" \/>\n<meta property=\"article:published_time\" content=\"2023-05-09T16:34:41+00:00\" \/>\n<meta property=\"article:modified_time\" content=\"2023-05-09T16:41:12+00:00\" \/>\n<meta property=\"og:image\" content=\"https:\/\/cdn.medblog.estrategiaeducacional.com.br\/wp-content\/uploads\/2023\/05\/cover_WP_editais-1.jpg\" \/>\n\t<meta property=\"og:image:width\" content=\"1920\" \/>\n\t<meta property=\"og:image:height\" content=\"1080\" \/>\n\t<meta property=\"og:image:type\" content=\"image\/jpeg\" \/>\n<meta name=\"author\" content=\"Ana Carolina Damasceno\" \/>\n<meta name=\"twitter:card\" content=\"summary_large_image\" \/>\n<meta name=\"twitter:creator\" content=\"@estrategiamed_\" \/>\n<meta name=\"twitter:site\" content=\"@estrategiamed_\" \/>\n<meta name=\"twitter:label1\" content=\"Escrito por\" \/>\n\t<meta name=\"twitter:data1\" content=\"Ana Carolina Damasceno\" \/>\n\t<meta name=\"twitter:label2\" content=\"Est. tempo de leitura\" \/>\n\t<meta name=\"twitter:data2\" content=\"3 minutos\" \/>\n<script type=\"application\/ld+json\" class=\"yoast-schema-graph\">{\"@context\":\"https:\/\/schema.org\",\"@graph\":[{\"@type\":\"WebPage\",\"@id\":\"https:\/\/med.estrategia.com\/portal\/noticias\/ufs-divulga-edital-apos-adesao-ao-pro-residencia\/\",\"url\":\"https:\/\/med.estrategia.com\/portal\/noticias\/ufs-divulga-edital-apos-adesao-ao-pro-residencia\/\",\"name\":\"UFS divulga edital ap\u00f3s ades\u00e3o ao Pr\u00f3-Resid\u00eancia\",\"isPartOf\":{\"@id\":\"https:\/\/med.estrategia.com\/portal\/#website\"},\"primaryImageOfPage\":{\"@id\":\"https:\/\/med.estrategia.com\/portal\/noticias\/ufs-divulga-edital-apos-adesao-ao-pro-residencia\/#primaryimage\"},\"image\":{\"@id\":\"https:\/\/med.estrategia.com\/portal\/noticias\/ufs-divulga-edital-apos-adesao-ao-pro-residencia\/#primaryimage\"},\"thumbnailUrl\":\"https:\/\/med.estrategia.com\/portal\/wp-content\/uploads\/2023\/05\/cover_WP_editais-1.jpg\",\"datePublished\":\"2023-05-09T16:34:41+00:00\",\"dateModified\":\"2023-05-09T16:41:12+00:00\",\"author\":{\"@id\":\"https:\/\/med.estrategia.com\/portal\/#\/schema\/person\/2f553adbb8e25fe39d145c5b2927f58c\"},\"description\":\"Edital extempor\u00e2neo da Universidade Federal de Sergipe oferece vagas para os programas de resid\u00eancia m\u00e9dica em Cirurgia Geral e Pediatria, confira!\",\"breadcrumb\":{\"@id\":\"https:\/\/med.estrategia.com\/portal\/noticias\/ufs-divulga-edital-apos-adesao-ao-pro-residencia\/#breadcrumb\"},\"inLanguage\":\"pt-BR\",\"potentialAction\":[{\"@type\":\"ReadAction\",\"target\":[\"https:\/\/med.estrategia.com\/portal\/noticias\/ufs-divulga-edital-apos-adesao-ao-pro-residencia\/\"]}]},{\"@type\":\"ImageObject\",\"inLanguage\":\"pt-BR\",\"@id\":\"https:\/\/med.estrategia.com\/portal\/noticias\/ufs-divulga-edital-apos-adesao-ao-pro-residencia\/#primaryimage\",\"url\":\"https:\/\/med.estrategia.com\/portal\/wp-content\/uploads\/2023\/05\/cover_WP_editais-1.jpg\",\"contentUrl\":\"https:\/\/med.estrategia.com\/portal\/wp-content\/uploads\/2023\/05\/cover_WP_editais-1.jpg\",\"width\":1920,\"height\":1080,\"caption\":\"Cr\u00e9ditos: Estrat\u00e9gia MED e UFS\"},{\"@type\":\"BreadcrumbList\",\"@id\":\"https:\/\/med.estrategia.com\/portal\/noticias\/ufs-divulga-edital-apos-adesao-ao-pro-residencia\/#breadcrumb\",\"itemListElement\":[{\"@type\":\"ListItem\",\"position\":1,\"name\":\"Home\",\"item\":\"https:\/\/med.estrategia.com\/portal\/\"},{\"@type\":\"ListItem\",\"position\":2,\"name\":\"Not\u00edcias\",\"item\":\"https:\/\/med.estrategia.com\/portal\/noticias\/\"},{\"@type\":\"ListItem\",\"position\":3,\"name\":\"UFS divulga edital ap\u00f3s ades\u00e3o ao Pr\u00f3-Resid\u00eancia\"}]},{\"@type\":\"WebSite\",\"@id\":\"https:\/\/med.estrategia.com\/portal\/#website\",\"url\":\"https:\/\/med.estrategia.com\/portal\/\",\"name\":\"Estrat\u00e9gia MED\",\"description\":\"\",\"potentialAction\":[{\"@type\":\"SearchAction\",\"target\":{\"@type\":\"EntryPoint\",\"urlTemplate\":\"https:\/\/med.estrategia.com\/portal\/?s={search_term_string}\"},\"query-input\":{\"@type\":\"PropertyValueSpecification\",\"valueRequired\":true,\"valueName\":\"search_term_string\"}}],\"inLanguage\":\"pt-BR\"},{\"@type\":\"Person\",\"@id\":\"https:\/\/med.estrategia.com\/portal\/#\/schema\/person\/2f553adbb8e25fe39d145c5b2927f58c\",\"name\":\"Ana Carolina Damasceno\",\"image\":{\"@type\":\"ImageObject\",\"inLanguage\":\"pt-BR\",\"@id\":\"https:\/\/med.estrategia.com\/portal\/#\/schema\/person\/image\/\",\"url\":\"https:\/\/med.estrategia.com\/portal\/wp-content\/uploads\/2021\/09\/WhatsApp-Image-2023-08-18-at-16.46.43-150x150.jpeg\",\"contentUrl\":\"https:\/\/med.estrategia.com\/portal\/wp-content\/uploads\/2021\/09\/WhatsApp-Image-2023-08-18-at-16.46.43-150x150.jpeg\",\"caption\":\"Ana Carolina Damasceno\"},\"description\":\"Coordenadora de Jornalismo EMED. Comunicadora por natureza e forma\u00e7\u00e3o, que ama e perde a no\u00e7\u00e3o do tempo com m\u00fasica e s\u00e9rie.\",\"url\":\"https:\/\/med.estrategia.com\/portal\/author\/ana-carolina-damasceno\/\"}]}<\/script>\n<!-- \/ Yoast SEO Premium plugin. -->","yoast_head_json":{"title":"UFS divulga edital ap\u00f3s ades\u00e3o ao Pr\u00f3-Resid\u00eancia","description":"Edital extempor\u00e2neo da Universidade Federal de Sergipe oferece vagas para os programas de resid\u00eancia m\u00e9dica em Cirurgia Geral e Pediatria, confira!","robots":{"index":"index","follow":"follow","max-snippet":"max-snippet:-1","max-image-preview":"max-image-preview:large","max-video-preview":"max-video-preview:-1"},"canonical":"https:\/\/med.estrategia.com\/portal\/noticias\/ufs-divulga-edital-apos-adesao-ao-pro-residencia\/","og_locale":"pt_BR","og_type":"article","og_title":"UFS divulga edital ap\u00f3s ades\u00e3o ao Pr\u00f3-Resid\u00eancia","og_description":"Edital extempor\u00e2neo da Universidade Federal de Sergipe oferece vagas para os programas de resid\u00eancia m\u00e9dica em Cirurgia Geral e Pediatria, confira!","og_url":"https:\/\/med.estrategia.com\/portal\/noticias\/ufs-divulga-edital-apos-adesao-ao-pro-residencia\/","og_site_name":"Estrat\u00e9gia MED","article_publisher":"https:\/\/www.facebook.com\/estrategiamed1","article_published_time":"2023-05-09T16:34:41+00:00","article_modified_time":"2023-05-09T16:41:12+00:00","og_image":[{"width":1920,"height":1080,"url":"https:\/\/cdn.medblog.estrategiaeducacional.com.br\/wp-content\/uploads\/2023\/05\/cover_WP_editais-1.jpg","type":"image\/jpeg"}],"author":"Ana Carolina Damasceno","twitter_card":"summary_large_image","twitter_creator":"@estrategiamed_","twitter_site":"@estrategiamed_","twitter_misc":{"Escrito por":"Ana Carolina Damasceno","Est. tempo de leitura":"3 minutos"},"schema":{"@context":"https:\/\/schema.org","@graph":[{"@type":"WebPage","@id":"https:\/\/med.estrategia.com\/portal\/noticias\/ufs-divulga-edital-apos-adesao-ao-pro-residencia\/","url":"https:\/\/med.estrategia.com\/portal\/noticias\/ufs-divulga-edital-apos-adesao-ao-pro-residencia\/","name":"UFS divulga edital ap\u00f3s ades\u00e3o ao Pr\u00f3-Resid\u00eancia","isPartOf":{"@id":"https:\/\/med.estrategia.com\/portal\/#website"},"primaryImageOfPage":{"@id":"https:\/\/med.estrategia.com\/portal\/noticias\/ufs-divulga-edital-apos-adesao-ao-pro-residencia\/#primaryimage"},"image":{"@id":"https:\/\/med.estrategia.com\/portal\/noticias\/ufs-divulga-edital-apos-adesao-ao-pro-residencia\/#primaryimage"},"thumbnailUrl":"https:\/\/med.estrategia.com\/portal\/wp-content\/uploads\/2023\/05\/cover_WP_editais-1.jpg","datePublished":"2023-05-09T16:34:41+00:00","dateModified":"2023-05-09T16:41:12+00:00","author":{"@id":"https:\/\/med.estrategia.com\/portal\/#\/schema\/person\/2f553adbb8e25fe39d145c5b2927f58c"},"description":"Edital extempor\u00e2neo da Universidade Federal de Sergipe oferece vagas para os programas de resid\u00eancia m\u00e9dica em Cirurgia Geral e Pediatria, confira!","breadcrumb":{"@id":"https:\/\/med.estrategia.com\/portal\/noticias\/ufs-divulga-edital-apos-adesao-ao-pro-residencia\/#breadcrumb"},"inLanguage":"pt-BR","potentialAction":[{"@type":"ReadAction","target":["https:\/\/med.estrategia.com\/portal\/noticias\/ufs-divulga-edital-apos-adesao-ao-pro-residencia\/"]}]},{"@type":"ImageObject","inLanguage":"pt-BR","@id":"https:\/\/med.estrategia.com\/portal\/noticias\/ufs-divulga-edital-apos-adesao-ao-pro-residencia\/#primaryimage","url":"https:\/\/med.estrategia.com\/portal\/wp-content\/uploads\/2023\/05\/cover_WP_editais-1.jpg","contentUrl":"https:\/\/med.estrategia.com\/portal\/wp-content\/uploads\/2023\/05\/cover_WP_editais-1.jpg","width":1920,"height":1080,"caption":"Cr\u00e9ditos: Estrat\u00e9gia MED e UFS"},{"@type":"BreadcrumbList","@id":"https:\/\/med.estrategia.com\/portal\/noticias\/ufs-divulga-edital-apos-adesao-ao-pro-residencia\/#breadcrumb","itemListElement":[{"@type":"ListItem","position":1,"name":"Home","item":"https:\/\/med.estrategia.com\/portal\/"},{"@type":"ListItem","position":2,"name":"Not\u00edcias","item":"https:\/\/med.estrategia.com\/portal\/noticias\/"},{"@type":"ListItem","position":3,"name":"UFS divulga edital ap\u00f3s ades\u00e3o ao Pr\u00f3-Resid\u00eancia"}]},{"@type":"WebSite","@id":"https:\/\/med.estrategia.com\/portal\/#website","url":"https:\/\/med.estrategia.com\/portal\/","name":"Estrat\u00e9gia MED","description":"","potentialAction":[{"@type":"SearchAction","target":{"@type":"EntryPoint","urlTemplate":"https:\/\/med.estrategia.com\/portal\/?s={search_term_string}"},"query-input":{"@type":"PropertyValueSpecification","valueRequired":true,"valueName":"search_term_string"}}],"inLanguage":"pt-BR"},{"@type":"Person","@id":"https:\/\/med.estrategia.com\/portal\/#\/schema\/person\/2f553adbb8e25fe39d145c5b2927f58c","name":"Ana Carolina Damasceno","image":{"@type":"ImageObject","inLanguage":"pt-BR","@id":"https:\/\/med.estrategia.com\/portal\/#\/schema\/person\/image\/","url":"https:\/\/med.estrategia.com\/portal\/wp-content\/uploads\/2021\/09\/WhatsApp-Image-2023-08-18-at-16.46.43-150x150.jpeg","contentUrl":"https:\/\/med.estrategia.com\/portal\/wp-content\/uploads\/2021\/09\/WhatsApp-Image-2023-08-18-at-16.46.43-150x150.jpeg","caption":"Ana Carolina Damasceno"},"description":"Coordenadora de Jornalismo EMED. Comunicadora por natureza e forma\u00e7\u00e3o, que ama e perde a no\u00e7\u00e3o do tempo com m\u00fasica e s\u00e9rie.","url":"https:\/\/med.estrategia.com\/portal\/author\/ana-carolina-damasceno\/"}]}},"_wl_alt_label":[],"wl:entity_url":"\/post\/ufs-divulga-edital-apos-adesao-ao-pro-residencia","_links":{"self":[{"href":"https:\/\/med.estrategia.com\/portal\/wp-json\/wp\/v2\/posts\/39614","targetHints":{"allow":["GET"]}}],"collection":[{"href":"https:\/\/med.estrategia.com\/portal\/wp-json\/wp\/v2\/posts"}],"about":[{"href":"https:\/\/med.estrategia.com\/portal\/wp-json\/wp\/v2\/types\/post"}],"author":[{"embeddable":true,"href":"https:\/\/med.estrategia.com\/portal\/wp-json\/wp\/v2\/users\/39"}],"replies":[{"embeddable":true,"href":"https:\/\/med.estrategia.com\/portal\/wp-json\/wp\/v2\/comments?post=39614"}],"version-history":[{"count":4,"href":"https:\/\/med.estrategia.com\/portal\/wp-json\/wp\/v2\/posts\/39614\/revisions"}],"predecessor-version":[{"id":39618,"href":"https:\/\/med.estrategia.com\/portal\/wp-json\/wp\/v2\/posts\/39614\/revisions\/39618"}],"wp:featuredmedia":[{"embeddable":true,"href":"https:\/\/med.estrategia.com\/portal\/wp-json\/wp\/v2\/media\/39611"}],"wp:attachment":[{"href":"https:\/\/med.estrategia.com\/portal\/wp-json\/wp\/v2\/media?parent=39614"}],"wp:term":[{"taxonomy":"category","embeddable":true,"href":"https:\/\/med.estrategia.com\/portal\/wp-json\/wp\/v2\/categories?post=39614"},{"taxonomy":"post_tag","embeddable":true,"href":"https:\/\/med.estrategia.com\/portal\/wp-json\/wp\/v2\/tags?post=39614"},{"taxonomy":"wl_entity_type","embeddable":true,"href":"https:\/\/med.estrategia.com\/portal\/wp-json\/wp\/v2\/wl_entity_type?post=39614"}],"curies":[{"name":"wp","href":"https:\/\/api.w.org\/{rel}","templated":true}]}}