{"id":39654,"date":"2023-05-09T21:50:51","date_gmt":"2023-05-10T00:50:51","guid":{"rendered":"https:\/\/med.estrategia.com\/portal\/?p=39654"},"modified":"2023-05-16T16:03:47","modified_gmt":"2023-05-16T19:03:47","slug":"resumo-de-ultrassonografia-pre-natal-quando-solicitar-avaliacao-e-mais","status":"publish","type":"post","link":"https:\/\/med.estrategia.com\/portal\/conteudos-gratis\/exames\/resumo-de-ultrassonografia-pre-natal-quando-solicitar-avaliacao-e-mais\/","title":{"rendered":"Resumo de ultrassonografia pr\u00e9-natal: solicitar, avalia\u00e7\u00e3o e mais!"},"content":{"rendered":"<p>Fala, estrategistas! A utiliza&ccedil;&atilde;o de ultrassonografia (USG) no pr&eacute;-natal de baixo risco &eacute; um motivo de muita discuss&atilde;o, principalmente sobre suas indica&ccedil;&otilde;es. Confira agora um pouco sobre as USG disponibilizadas, quando solicitar e suas avalia&ccedil;&otilde;es esperadas.&nbsp;<div id=\"ez-toc-container\" class=\"ez-toc-v2_0_79_2 counter-hierarchy ez-toc-counter ez-toc-transparent ez-toc-container-direction\">\n<div class=\"ez-toc-title-container\"><p class=\"ez-toc-title\" style=\"cursor:inherit\">Navegue pelo conte\u00fado<\/p>\n<\/div><nav><ul class='ez-toc-list ez-toc-list-level-1 ' ><li class='ez-toc-page-1 ez-toc-heading-level-2'><a class=\"ez-toc-link ez-toc-heading-1\" href=\"https:\/\/med.estrategia.com\/portal\/conteudos-gratis\/exames\/resumo-de-ultrassonografia-pre-natal-quando-solicitar-avaliacao-e-mais\/#Ultrassonografia-pre-natal\" >Ultrassonografia pr&eacute;-natal<\/a><\/li><li class='ez-toc-page-1 ez-toc-heading-level-2'><a class=\"ez-toc-link ez-toc-heading-2\" href=\"https:\/\/med.estrategia.com\/portal\/conteudos-gratis\/exames\/resumo-de-ultrassonografia-pre-natal-quando-solicitar-avaliacao-e-mais\/#Ultrassonografia-pre-natal-do-1%C2%B0-trimestre\" >Ultrassonografia pr&eacute;-natal do 1&deg; trimestre<\/a><\/li><li class='ez-toc-page-1 ez-toc-heading-level-2'><a class=\"ez-toc-link ez-toc-heading-3\" href=\"https:\/\/med.estrategia.com\/portal\/conteudos-gratis\/exames\/resumo-de-ultrassonografia-pre-natal-quando-solicitar-avaliacao-e-mais\/#Ultrassonografia-morfologica-de-2%C2%B0-trimestre\" >Ultrassonografia morfol&oacute;gica de 2&deg; trimestre<\/a><\/li><li class='ez-toc-page-1 ez-toc-heading-level-2'><a class=\"ez-toc-link ez-toc-heading-4\" href=\"https:\/\/med.estrategia.com\/portal\/conteudos-gratis\/exames\/resumo-de-ultrassonografia-pre-natal-quando-solicitar-avaliacao-e-mais\/#Ultrassonografia-pre-natal-3%C2%B0-trimestre\" >Ultrassonografia pr&eacute;-natal 3&deg; trimestre<\/a><\/li><li class='ez-toc-page-1 ez-toc-heading-level-2'><a class=\"ez-toc-link ez-toc-heading-5\" href=\"https:\/\/med.estrategia.com\/portal\/conteudos-gratis\/exames\/resumo-de-ultrassonografia-pre-natal-quando-solicitar-avaliacao-e-mais\/#Outras-indicacoes-de-ultrassonografia-pre-natal\" >Outras indica&ccedil;&otilde;es de ultrassonografia pr&eacute;-natal<\/a><\/li><\/ul><\/nav><\/div>\n<h2 class=\"wp-block-heading\" id=\"h-ultrassonografia-pre-natal\"><span class=\"ez-toc-section\" id=\"Ultrassonografia-pre-natal\"><\/span>Ultrassonografia pr&eacute;-natal<span class=\"ez-toc-section-end\"><\/span><\/h2><p>O ultrassom pode ser usado por via <a href=\"https:\/\/med.estrategia.com\/portal\/conteudos-gratis\/doencas\/resumo-de-usg-transvaginal-indicacoes-vantagens-e-muito-mais\/\" target=\"_blank\">transvaginal<\/a> ou transabdominal para visualizar a anatomia reprodutiva feminina, com a abordagem transvaginal permitindo uma melhor visualiza&ccedil;&atilde;o das estruturas.&nbsp;<\/p><p>Presume-se que o uso rotineiro de ultrassom no in&iacute;cio da gravidez em gestantes assintom&aacute;ticas resultar&aacute; na detec&ccedil;&atilde;o precoce das complica&ccedil;&otilde;es da gravidez quando comparado ao uso seletivo para indica&ccedil;&otilde;es espec&iacute;ficas, como sangramento no in&iacute;cio da gravidez ou quando h&aacute; preocupa&ccedil;&otilde;es sobre o crescimento fetal.&nbsp;<\/p><p>No entanto, n&atilde;o existem evid&ecirc;ncias concretas que o uso do recurso de imagem como rastreio melhore desfechos maternos fetais em gestantes assintom&aacute;ticas e de baixo risco.&nbsp;<\/p><p>#Ponto importante: Desta forma, <strong>o Minist&eacute;rio da Sa&uacute;de traz a USG como n&atilde;o obrigat&oacute;rio <\/strong>de rotina, de modo que a n&atilde;o realiza&ccedil;&atilde;o deste exame n&atilde;o constitui omiss&atilde;o, nem diminui a qualidade do pr&eacute;-natal.&nbsp;<\/p><p>\n\n\n<div id=\"new-form\">\n\t<form id=\"forms_layout\">\n\t<input type=\"hidden\" id=\"chave_de\" name=\"chave_de\" value=\"01_EMED_LEADS_TOTAIS\" \/>\n\t\t<input type=\"hidden\" id=\"mid\" name=\"mid\" value=\"515009018\" \/>\n\t\t<input type=\"hidden\" id=\"Objetivo\" name=\"Objetivo\" value=\"Medicina\" \/>\n\t\t<input type=\"hidden\" id=\"Estado_de_Origem_do_IP\" name=\"Estado_de_Origem_do_IP\"  value=\"\" \/>\n\t\t<input type=\"hidden\" id=\"Cidade_de_Origem_do_IP\" name=\"Cidade_de_Origem_do_IP\" value=\"\" \/>\n\t\t<input type=\"hidden\" id=\"Modo_de_entrada\" name=\"Modo_de_entrada\" value=\"Portal\" \/>\n\t\t<input type=\"hidden\" id=\"Pagina_Origem\" name=\"Pagina_Origem\" value=\"\" \/>\n\n\t\t<div class=\"texto\">\n\t\t\t<h3 class=\"news\">Inscreva-se em nossa newsletter!<\/h3>\n\t\t\t<p>Receba not\u00edcias sobre resid\u00eancia m\u00e9dica, revalida\u00e7\u00e3o de diplomas e concursos m\u00e9dicos, al\u00e9m de materiais de estudo gratuitos e informa\u00e7\u00f5es relevantes do mundo da Medicina.<\/p>\n\t\t<\/div>\n\t\t<div class=\"campos\">\n\t\t\t<div class=\"first_name labels\">\n\t\t\t\t<input type=\"text\" class=\"input_labels\" id=\"first_name\" name=\"Nome_Completo\" placeholder=\"Nome\" required \/>\n\t\t\t<\/div>\n\t\t\t<div class=\"email labels\">\n\t\t\t\t<input type=\"email\" class=\"input_labels\" id=\"email\" name=\"Email\" placeholder=\"E-mail\" required \/>\n\t\t\t<\/div>\n\t\t\t<button type=\"submit\" class=\"button_layout\">\n\t\t\t\t<div id=\"lblBotao\">Inscreva-se<\/div>\n\t\t\t\t<span id=\"divSpiner\" class=\"loader\" role=\"status\" style=\"display: none;\"><\/span>\t\n\t\t\t<\/button>\n\t\t<\/div><!-- \/campos -->\n\t\t\n\t\t<label class=\"container_checkbox\">Voc\u00ea concorda com a nossa\n\t\t\t<a class=\"politics_privacy_ahref\" target=\"_blank\" href=\"https:\/\/gratis.estrategiaconcursos.com.br\/politica-de-privacidade\/\">Pol\u00edtica de Privacidade<\/a> e aceita receber informa\u00e7\u00f5es adicionais do Estrat\u00e9gia Educacional.\n\t\t\t<input id=\"checkbox_layout\" type=\"checkbox\" checked=\"checked\" required \/>\n\t\t\t<span class=\"checkbox\"><\/span>\n\t\t<\/label>\n\t\t<div id=\"msg\"><\/div>\n\t\t<div id=\"error\" class=\"error\">\n\t\t<\/div>\n\t<\/form>\n<\/div><!-- \/new-form -->\n\n\n\n<\/p><h2 class=\"wp-block-heading\" id=\"h-ultrassonografia-pre-natal-do-1-trimestre\"><span class=\"ez-toc-section\" id=\"Ultrassonografia-pre-natal-do-1%C2%B0-trimestre\"><\/span>Ultrassonografia pr&eacute;-natal do 1&deg; trimestre<span class=\"ez-toc-section-end\"><\/span><\/h2><p>Se n&atilde;o houver sintomas preocupantes na gravidez, como sangramentos ou dor p&eacute;lvica cont&iacute;nua, uma <strong>ultrassom de rotina deve ser realizado entre 10 e 13 semanas<\/strong> com o objetivo de confirmar a gesta&ccedil;&atilde;o, determinar idade gestacional e se trata de uma gesta&ccedil;&atilde;o &uacute;nica ou m&uacute;ltipla, al&eacute;m de observar a viabilidade da gravidez.&nbsp;<\/p><p>O saco gestacional pode ser observado por via transvaginal com apenas 4 a 5 semanas gestacionais e a atividade card&iacute;aca &eacute; a primeira manifesta&ccedil;&atilde;o do embri&atilde;o observada a partir da 6&deg; semana.&nbsp;<\/p><figure class=\"wp-block-image size-full\"><img decoding=\"async\" width=\"489\" height=\"257\" src=\"https:\/\/med.estrategia.com\/portal\/wp-content\/uploads\/2023\/05\/image-3.png\" alt=\"transvaginal\" class=\"wp-image-39656\"><figcaption class=\"wp-element-caption\">Cr&eacute;dito: <a href=\"https:\/\/www.saude.pr.gov.br\/sites\/default\/arquivos_restritos\/files\/documento\/2020-04\/ultrassom_pre_natal.pdf\" target=\"_blank\" rel=\"noopener noreferrer\">Saude.pr.gov<\/a><\/figcaption><\/figure><p>Se nesse per&iacute;odo observamos um saco gestacional com mais de 25mm sem embri&atilde;o, trata-se de uma gesta&ccedil;&atilde;o invi&aacute;vel. Por outro lado, enquanto um saco gestacional entre 16 e 25 mm sem embri&atilde;o &eacute; sugestivo de uma poss&iacute;vel falha na gravidez, devendo repetir o exame ap&oacute;s 15 dias em m&eacute;dia.&nbsp;<\/p><p>#Ponto importante: A ultrassonografia do primeiro trimestre &eacute; o m&eacute;todo mais confi&aacute;vel para estabelecer uma verdadeira idade gestacional pela medi&ccedil;&atilde;o do c<strong>omprimento cabe&ccedil;a-n&aacute;dega (CCN)<\/strong>, que pode ser medido por via transabdominal ou transvaginal. A partir da 15&ordf; semana, a estimativa de idade gestacional ser&aacute; feita pela medida do <strong>di&acirc;metro biparietal.&nbsp;<\/strong><\/p><h3 class=\"wp-block-heading\" id=\"h-usg-morfologica-de-1-trimestre\">USG morfol&oacute;gica de 1&deg; trimestre<\/h3><p>A ultrassonografia morfol&oacute;gica do 1&deg; trimestre realizada entre 11&deg; e 13&deg; semanas e 6 tem como fun&ccedil;&atilde;o, al&eacute;m de confirmar a gesta&ccedil;&atilde;o, <strong>rastrear cromossomopatias <\/strong>e determinar corionicidade com maior precis&atilde;o. O rastreio de cromossomopatias &eacute; realizado atrav&eacute;s da mensura&ccedil;&atilde;o da transluc&ecirc;ncia nucal (sendo o limite de 3 mm ou mais) que deve ser medida com CCN entre 45 e 84 mm. Al&eacute;m disso, outros sinais incluem a aus&ecirc;ncia do osso nasal, altera&ccedil;&otilde;es no ducto venoso e fluxo tric&uacute;spide.&nbsp;<\/p><p>Nessa USG tamb&eacute;m &eacute; poss&iacute;vel avaliar a corionicidade (placenta&ccedil;&atilde;o) e amnionicidade. A placenta&ccedil;&atilde;o monocori&ocirc;nica tem uma &uacute;nica placenta, enquanto a placenta&ccedil;&atilde;o dicori&ocirc;nica descreve duas placentas separadas em gesta&ccedil;&otilde;es gemelares.&nbsp;<\/p><p>A amniocidade &eacute; determinada pela aus&ecirc;ncia ou presen&ccedil;a da membrana interg&ecirc;mea. Em gesta&ccedil;&otilde;es m&uacute;ltiplas, se nenhuma membrana entre os sacos for identificada, a gravidez &eacute; descrita como monoamni&oacute;tica e monocori&ocirc;nica e, implica a maior taxa de complica&ccedil;&otilde;es. Se o <strong>sinal de lambda<\/strong> for identificado, uma base espessa em forma de Y do c&oacute;rion, uma gravidez dicori&ocirc;nica &eacute; diagnosticada.&nbsp;<\/p><p>Outra importante a&ccedil;&atilde;o dessa USG &eacute; <strong>estimar o risco de pr&eacute;-ecl&acirc;mpsia <\/strong>atrav&eacute;s do &iacute;ndice de pulsatilidade m&eacute;dia da art&eacute;ria uterina. Alguns desses pacientes t&ecirc;m necessidade de utilizar AAS profil&aacute;tico at&eacute; pr&oacute;ximo do termo.&nbsp;<\/p><h2 class=\"wp-block-heading\" id=\"h-ultrassonografia-morfologica-de-2-trimestre\"><span class=\"ez-toc-section\" id=\"Ultrassonografia-morfologica-de-2%C2%B0-trimestre\"><\/span>Ultrassonografia morfol&oacute;gica de 2&deg; trimestre<span class=\"ez-toc-section-end\"><\/span><\/h2><p>No segundo trimestre, a USG obst&eacute;trica de rotina geralmente realizada entre 18 e 22 semanas, observa-se a anatomia fetal, avalia melhor a placenta e o volume de l&iacute;quido amni&oacute;tico.&nbsp;<\/p><p>#Ponto importante: Esta &eacute; considerada a <strong>USG mais importante da gesta&ccedil;&atilde;o<\/strong>, sendo que se tiver apenas uma dispon&iacute;vel, esse per&iacute;odo deve ser priorizado.&nbsp;<\/p><p>A USG morfol&oacute;gica de 2&deg; trimestre &eacute; realizada entre a 20&deg; e 24&deg; semana e tem como objetivo avaliar malforma&ccedil;&otilde;es e realizar a cervicometria (medi&ccedil;&atilde;o do colo uterino). Todo colo de &uacute;tero menor que 25mm &eacute; considerado curto, com alto risco para parto prematuro, sendo indicado o uso de progesterona at&eacute; as 36&deg; semana.&nbsp;<\/p><p>Al&eacute;m disso, a avalia&ccedil;&atilde;o ultrassonogr&aacute;fica da placenta pode confirmar que a placenta foi implantada na posi&ccedil;&atilde;o anat&ocirc;mica correta e ajudar a reconhecer varia&ccedil;&otilde;es de <strong>placenta pr&eacute;via ou placenta acreta<\/strong>.&nbsp;<\/p><h2 class=\"wp-block-heading\" id=\"h-ultrassonografia-pre-natal-3-trimestre\"><span class=\"ez-toc-section\" id=\"Ultrassonografia-pre-natal-3%C2%B0-trimestre\"><\/span>Ultrassonografia pr&eacute;-natal 3&deg; trimestre<span class=\"ez-toc-section-end\"><\/span><\/h2><p>Uma revis&atilde;o sistem&aacute;tica disponibilizada pela biblioteca Cochrane sugere que n&atilde;o h&aacute; benef&iacute;cios da ultrassonografia de rotina em gesta&ccedil;&otilde;es de baixo risco ap&oacute;s a 24&ordf; semana de gravidez. No entanto, a ultrassonografia obst&eacute;trica desse per&iacute;odo, ajuda a estimar peso e crescimento, volume do l&iacute;quido amni&oacute;tico e o grau de implanta&ccedil;&atilde;o\/maturidade da placenta.&nbsp;<\/p><h2 class=\"wp-block-heading\" id=\"h-outras-indicacoes-de-ultrassonografia-pre-natal\"><span class=\"ez-toc-section\" id=\"Outras-indicacoes-de-ultrassonografia-pre-natal\"><\/span>Outras indica&ccedil;&otilde;es de ultrassonografia pr&eacute;-natal<span class=\"ez-toc-section-end\"><\/span><\/h2><p>Nos casos em que uma paciente est&aacute;vel se apresenta para avalia&ccedil;&atilde;o de dor p&eacute;lvica, dor abdominal ou sangramento vaginal no in&iacute;cio de uma gravidez suspeita, a USG &eacute; importante para estabelecer o diagn&oacute;stico de uma gesta&ccedil;&atilde;o t&oacute;pica vi&aacute;vel. Causas de sangramento vaginal ou <a href=\"https:\/\/med.estrategia.com\/portal\/conteudos-gratis\/resumed\/resumed-de-dor-pelvica-cronica-e-dismenorreia\/\" target=\"_blank\">dor p&eacute;lvica<\/a> podem ser consideradas <a href=\"https:\/\/med.estrategia.com\/portal\/conteudos-gratis\/doencas\/gestacao-ectopica\/\" target=\"_blank\">gravidez ect&oacute;pica<\/a>, aborto espont&acirc;neo, amea&ccedil;a de aborto, neoplasia trofobl&aacute;stica gestacional, trauma ou, mais comumente, gravidez normal.&nbsp;<\/p><p><strong><a id=\"cta\" class=\"cta-imagem\" href=\"https:\/\/med.estrategia.com\/cursos\/extensivo-de-residncia-mdica\/\" target=\"blank\">\n                <img decoding=\"async\" width=\"100%\" src=\"https:\/\/med.estrategia.com\/portal\/wp-content\/uploads\/2025\/08\/extensivo_rm.jpg\" alt=\"Extensivo RM\" title=\"extensivo_rm\">\n        <\/a><\/strong><\/p><h3 class=\"wp-block-heading\" id=\"h-veja-tambem\">Veja tamb&eacute;m:<\/h3><ul class=\"wp-block-list\">\n<li><a href=\"https:\/\/med.estrategia.com\/portal\/conteudos-gratis\/doencas\/resumo-de-gemelaridade-diagnostico-tratamento-e-mais\/\">Resumo de gemelaridade: diagn&oacute;stico, tratamento e mais!<\/a><\/li>\n\n\n\n<li><a href=\"https:\/\/med.estrategia.com\/portal\/outros\/resumo-de-hiv-na-gestacao-diagnostico-tratamento-e-mais\/\">Resumo de HIV na gesta&ccedil;&atilde;o: diagn&oacute;stico, tratamento e mais!<\/a>&nbsp;<\/li>\n\n\n\n<li><a href=\"https:\/\/med.estrategia.com\/portal\/conteudos-gratis\/procedimentos\/resumo-de-parto-instrumentalizado-forceps-diagnostico-tratamento-e-mais\/\">Resumo de parto instrumentalizado (f&oacute;rceps): diagn&oacute;stico, tratamento e mais!<\/a><\/li>\n\n\n\n<li><a href=\"https:\/\/med.estrategia.com\/portal\/conteudos-gratis\/doencas\/resumo-de-sindrome-hellp-diagnostico-tratamento-e-mais\/\">Resumo de s&iacute;ndrome hellp: diagn&oacute;stico, tratamento e mais!<\/a>&nbsp;<\/li>\n\n\n\n<li><a href=\"https:\/\/med.estrategia.com\/portal\/conteudos-gratis\/doencas\/resumo-de-hipertensao-gestacional-diagnostico-tratamento-e-mais\/\">Resumo de hipertens&atilde;o gestacional: diagn&oacute;stico, tratamento e mais!<\/a><\/li>\n\n\n\n<li><a href=\"https:\/\/med.estrategia.com\/portal\/conteudos-gratis\/doencas\/resumo-de-trajeto-do-parto-vaginal-estreitos-da-pelve-partes-moles-e-mais\/\">Resumo de trajeto do parto vaginal: estreitos da pelve, partes moles e mais!<\/a><\/li>\n\n\n\n<li><a href=\"https:\/\/med.estrategia.com\/portal\/conteudos-gratis\/doencas\/resumo-de-diabetes-gestacional-diagnostico-tratamento-e-mais-2\/\">Resumo de diabetes gestacional: diagn&oacute;stico, tratamento e mais!<\/a><\/li>\n\n\n\n<li><a href=\"https:\/\/med.estrategia.com\/portal\/conteudos-gratis\/procedimentos\/resumo-sobre-curetagem-indicacoes-tecnica-e-mais\/\">Resumo sobre curetagem: indica&ccedil;&otilde;es, t&eacute;cnica e mais!<\/a><\/li>\n\n\n\n<li><a href=\"https:\/\/med.estrategia.com\/portal\/aluno-de-medicina\/dicas-de-estudo\/vitalidade-fetal\/\">Resumo de vitalidade fetal: principais m&eacute;todos de avalia&ccedil;&atilde;o<\/a><\/li>\n\n\n\n<li><a href=\"https:\/\/med.estrategia.com\/portal\/aluno-de-medicina\/dicas-de-estudo\/abortamento-de-repeticao-e-insuficiencia-istmo-cervical\/\">Resumo de abortamento de repeti&ccedil;&atilde;o e insufici&ecirc;ncia istmocervical<\/a><\/li>\n\n\n\n<li><a href=\"https:\/\/med.estrategia.com\/portal\/profissoes-da-medicina\/ginecologia-e-obstetricia\/\">Ginecologia e Obstetr&iacute;cia<\/a><\/li>\n\n\n\n<li><a href=\"https:\/\/med.estrategia.com\/portal\/conteudos-gratis\/doencas\/resumo-de-diabetes-gestacional-diagnostico-tratamento-e-mais\/\">Resumo de diabetes gestacional: diagn&oacute;stico, tratamento e mais!<\/a><\/li>\n\n\n\n<li><a href=\"https:\/\/med.estrategia.com\/portal\/conteudos-gratis\/farmacos\/resumo-sobre-misoprostol-indicacoes-farmacologia-e-mais\/\">Resumo sobre misoprostol: indica&ccedil;&otilde;es, farmacologia e mais!<\/a><\/li>\n\n\n\n<li><a href=\"https:\/\/med.estrategia.com\/portal\/conteudos-gratis\/doencas\/resumo-sobre-partograma-nas-distocias-diagnostico-tratamento-e-mais\/\">Resumo sobre partograma nas dist&oacute;cias: diagn&oacute;stico, tratamento e mais!<\/a><\/li>\n<\/ul><h3 class=\"wp-block-heading\" id=\"h-referencias-bibliograficas\">Refer&ecirc;ncias bibliogr&aacute;ficas:<\/h3><ul class=\"wp-block-list\">\n<li>Brasil. Minist&eacute;rio da Sa&uacute;de. <strong>Aten&ccedil;&atilde;o ao pr&eacute;-natal de baixo risco <\/strong>[recurso eletr&ocirc;nico]. Secretaria de Aten&ccedil;&atilde;o &agrave; Sa&uacute;de. Departamento de Aten&ccedil;&atilde;o B&aacute;sica. &ndash; 1. ed. rev. &ndash; Bras&iacute;lia : Editora do Minist&eacute;rio da Sa&uacute;de, 2013. 318 p.: il. &ndash; (Cadernos de Aten&ccedil;&atilde;o B&aacute;sica, n&deg; 32).&nbsp;<\/li>\n\n\n\n<li>Ulrich CC, Dewald O. <strong>Pregnancy Ultrasound Evaluation.<\/strong> [Updated 2023 Feb 13]. In: StatPearls [Internet]. Treasure Island (FL): StatPearls Publishing; 2023 Jan-. Available from: <a href=\"https:\/\/www.ncbi.nlm.nih.gov\/books\/NBK557572\/\" target=\"_blank\" rel=\"noopener noreferrer\">https:\/\/www.ncbi.nlm.nih.gov\/books\/NBK557572\/<\/a><\/li>\n\n\n\n<li>Whitworth M, Bricker L, Mullan C. <strong>Ultrasound for fetal assessment in early pregnancy. <\/strong>Cochrane Database Sistema Rev. 2015 14 de Julho; (7): CD007058. Dispon&iacute;vel em:<a href=\"https:\/\/www.ncbi.nlm.nih.gov\/pubmed?term=26171896%5Buid%5D%20AND%20CD007058%5Bpg%5D&amp;\" target=\"_blank\" rel=\"noopener noreferrer\"> https:\/\/www.ncbi.nlm.nih.gov\/pubmed?term=26171896[uid]%20AND%20CD007058[pg]&amp;<\/a> [&uacute;ltimo acesso 21 de fev de 2017]&nbsp;. <\/li>\n\n\n\n<li>Cr&eacute;dito da imagem em destaque: <a href=\"https:\/\/www.pexels.com\/pt-br\/foto\/analise-pesquisa-antecipacao-desejo-7089015\/\" target=\"_blank\" rel=\"noopener noreferrer\">Pexels<\/a><\/li>\n<\/ul><\/p>\n","protected":false},"excerpt":{"rendered":"Fala, estrategistas! A utiliza&ccedil;&atilde;o de ultrassonografia (USG) no pr&eacute;-natal de baixo risco &eacute; um motivo de muita discuss&atilde;o,&hellip;\n","protected":false},"author":43,"featured_media":39655,"comment_status":"closed","ping_status":"closed","sticky":false,"template":"","format":"standard","meta":{"wl_entities_gutenberg":"","footnotes":""},"categories":[305],"tags":[],"wl_entity_type":[199],"class_list":{"0":"post-39654","1":"post","2":"type-post","3":"status-publish","4":"format-standard","5":"has-post-thumbnail","7":"category-exames","8":"wl_entity_type-article"},"acf":[],"yoast_head":"<!-- This site is optimized with the Yoast SEO Premium plugin v26.6 (Yoast SEO v26.6) - https:\/\/yoast.com\/wordpress\/plugins\/seo\/ -->\n<title>Resumo de ultrassonografia pr\u00e9-natal: solicitar, avalia\u00e7\u00e3o e mais!<\/title>\n<meta name=\"description\" content=\"A utiliza\u00e7\u00e3o de ultrassonografia no pr\u00e9-natal de baixo risco \u00e9 um motivo de muita discuss\u00e3o, principalmente sobre suas indica\u00e7\u00f5es.\" \/>\n<meta name=\"robots\" content=\"index, follow, max-snippet:-1, max-image-preview:large, max-video-preview:-1\" \/>\n<link rel=\"canonical\" href=\"https:\/\/med.estrategia.com\/portal\/conteudos-gratis\/exames\/resumo-de-ultrassonografia-pre-natal-quando-solicitar-avaliacao-e-mais\/\" \/>\n<meta property=\"og:locale\" content=\"pt_BR\" \/>\n<meta property=\"og:type\" content=\"article\" \/>\n<meta property=\"og:title\" content=\"Resumo de ultrassonografia pr\u00e9-natal: solicitar, avalia\u00e7\u00e3o e mais!\" \/>\n<meta property=\"og:description\" content=\"A utiliza\u00e7\u00e3o de ultrassonografia no pr\u00e9-natal de baixo risco \u00e9 um motivo de muita discuss\u00e3o, principalmente sobre suas indica\u00e7\u00f5es.\" \/>\n<meta property=\"og:url\" content=\"https:\/\/med.estrategia.com\/portal\/conteudos-gratis\/exames\/resumo-de-ultrassonografia-pre-natal-quando-solicitar-avaliacao-e-mais\/\" \/>\n<meta property=\"og:site_name\" content=\"Estrat\u00e9gia MED\" \/>\n<meta property=\"article:publisher\" content=\"https:\/\/www.facebook.com\/estrategiamed1\" \/>\n<meta property=\"article:published_time\" content=\"2023-05-10T00:50:51+00:00\" \/>\n<meta property=\"article:modified_time\" content=\"2023-05-16T19:03:47+00:00\" \/>\n<meta property=\"og:image\" content=\"https:\/\/cdn.medblog.estrategiaeducacional.com.br\/wp-content\/uploads\/2023\/05\/usg-pre-natal.jpg\" \/>\n\t<meta property=\"og:image:width\" content=\"1280\" \/>\n\t<meta property=\"og:image:height\" content=\"853\" \/>\n\t<meta property=\"og:image:type\" content=\"image\/jpeg\" \/>\n<meta name=\"author\" content=\"Marcos Vinicius Santos\" \/>\n<meta name=\"twitter:card\" content=\"summary_large_image\" \/>\n<meta name=\"twitter:creator\" content=\"@estrategiamed_\" \/>\n<meta name=\"twitter:site\" content=\"@estrategiamed_\" \/>\n<meta name=\"twitter:label1\" content=\"Escrito por\" \/>\n\t<meta name=\"twitter:data1\" content=\"Marcos Vinicius Santos\" \/>\n\t<meta name=\"twitter:label2\" content=\"Est. tempo de leitura\" \/>\n\t<meta name=\"twitter:data2\" content=\"6 minutos\" \/>\n<script type=\"application\/ld+json\" class=\"yoast-schema-graph\">{\"@context\":\"https:\/\/schema.org\",\"@graph\":[{\"@type\":\"WebPage\",\"@id\":\"https:\/\/med.estrategia.com\/portal\/conteudos-gratis\/exames\/resumo-de-ultrassonografia-pre-natal-quando-solicitar-avaliacao-e-mais\/\",\"url\":\"https:\/\/med.estrategia.com\/portal\/conteudos-gratis\/exames\/resumo-de-ultrassonografia-pre-natal-quando-solicitar-avaliacao-e-mais\/\",\"name\":\"Resumo de ultrassonografia pr\u00e9-natal: solicitar, avalia\u00e7\u00e3o e mais!\",\"isPartOf\":{\"@id\":\"https:\/\/med.estrategia.com\/portal\/#website\"},\"primaryImageOfPage\":{\"@id\":\"https:\/\/med.estrategia.com\/portal\/conteudos-gratis\/exames\/resumo-de-ultrassonografia-pre-natal-quando-solicitar-avaliacao-e-mais\/#primaryimage\"},\"image\":{\"@id\":\"https:\/\/med.estrategia.com\/portal\/conteudos-gratis\/exames\/resumo-de-ultrassonografia-pre-natal-quando-solicitar-avaliacao-e-mais\/#primaryimage\"},\"thumbnailUrl\":\"https:\/\/med.estrategia.com\/portal\/wp-content\/uploads\/2023\/05\/usg-pre-natal.jpg\",\"datePublished\":\"2023-05-10T00:50:51+00:00\",\"dateModified\":\"2023-05-16T19:03:47+00:00\",\"author\":{\"@id\":\"https:\/\/med.estrategia.com\/portal\/#\/schema\/person\/31b4375b6f7230a3bb3e53ff71cde149\"},\"description\":\"A utiliza\u00e7\u00e3o de ultrassonografia no pr\u00e9-natal de baixo risco \u00e9 um motivo de muita discuss\u00e3o, principalmente sobre suas indica\u00e7\u00f5es.\",\"breadcrumb\":{\"@id\":\"https:\/\/med.estrategia.com\/portal\/conteudos-gratis\/exames\/resumo-de-ultrassonografia-pre-natal-quando-solicitar-avaliacao-e-mais\/#breadcrumb\"},\"inLanguage\":\"pt-BR\",\"potentialAction\":[{\"@type\":\"ReadAction\",\"target\":[\"https:\/\/med.estrategia.com\/portal\/conteudos-gratis\/exames\/resumo-de-ultrassonografia-pre-natal-quando-solicitar-avaliacao-e-mais\/\"]}]},{\"@type\":\"ImageObject\",\"inLanguage\":\"pt-BR\",\"@id\":\"https:\/\/med.estrategia.com\/portal\/conteudos-gratis\/exames\/resumo-de-ultrassonografia-pre-natal-quando-solicitar-avaliacao-e-mais\/#primaryimage\",\"url\":\"https:\/\/med.estrategia.com\/portal\/wp-content\/uploads\/2023\/05\/usg-pre-natal.jpg\",\"contentUrl\":\"https:\/\/med.estrategia.com\/portal\/wp-content\/uploads\/2023\/05\/usg-pre-natal.jpg\",\"width\":1280,\"height\":853,\"caption\":\"ultrassonografia pr\u00e9-natal\"},{\"@type\":\"BreadcrumbList\",\"@id\":\"https:\/\/med.estrategia.com\/portal\/conteudos-gratis\/exames\/resumo-de-ultrassonografia-pre-natal-quando-solicitar-avaliacao-e-mais\/#breadcrumb\",\"itemListElement\":[{\"@type\":\"ListItem\",\"position\":1,\"name\":\"Home\",\"item\":\"https:\/\/med.estrategia.com\/portal\/\"},{\"@type\":\"ListItem\",\"position\":2,\"name\":\"Conte\u00fados Gr\u00e1tis\",\"item\":\"https:\/\/med.estrategia.com\/portal\/conteudos-gratis\/\"},{\"@type\":\"ListItem\",\"position\":3,\"name\":\"Exames\",\"item\":\"https:\/\/med.estrategia.com\/portal\/conteudos-gratis\/exames\/\"},{\"@type\":\"ListItem\",\"position\":4,\"name\":\"Resumo de ultrassonografia pr\u00e9-natal: solicitar, avalia\u00e7\u00e3o e mais!\"}]},{\"@type\":\"WebSite\",\"@id\":\"https:\/\/med.estrategia.com\/portal\/#website\",\"url\":\"https:\/\/med.estrategia.com\/portal\/\",\"name\":\"Estrat\u00e9gia MED\",\"description\":\"\",\"potentialAction\":[{\"@type\":\"SearchAction\",\"target\":{\"@type\":\"EntryPoint\",\"urlTemplate\":\"https:\/\/med.estrategia.com\/portal\/?s={search_term_string}\"},\"query-input\":{\"@type\":\"PropertyValueSpecification\",\"valueRequired\":true,\"valueName\":\"search_term_string\"}}],\"inLanguage\":\"pt-BR\"},{\"@type\":\"Person\",\"@id\":\"https:\/\/med.estrategia.com\/portal\/#\/schema\/person\/31b4375b6f7230a3bb3e53ff71cde149\",\"name\":\"Marcos Vinicius Santos\",\"image\":{\"@type\":\"ImageObject\",\"inLanguage\":\"pt-BR\",\"@id\":\"https:\/\/med.estrategia.com\/portal\/#\/schema\/person\/image\/\",\"url\":\"https:\/\/med.estrategia.com\/portal\/wp-content\/uploads\/2022\/08\/Marcos-Vinicius-1-150x150.jpeg\",\"contentUrl\":\"https:\/\/med.estrategia.com\/portal\/wp-content\/uploads\/2022\/08\/Marcos-Vinicius-1-150x150.jpeg\",\"caption\":\"Marcos Vinicius Santos\"},\"description\":\"Sou interno de medicina da Universidade Federal do Rec\u00f4ncavo da Bahia (UFRB), atualmente no \u00faltimo ano da faculdade e no est\u00e1gio em pediatria. Escolhi medicina somente no ensino m\u00e9dio de forma espont\u00e2nea (ou quem sabe influenciado por Grey's Anatomy rs). Pretendo prestar resid\u00eancia em S\u00e3o Paulo para cirurgia geral e me especializar em aparelho digestivo. Torcedor fiel do Santos, nas horas vagas tenho como h\u00e1bito a pr\u00e1tica de esporte e como hobbies assistir o meu time de cora\u00e7\u00e3o jogar e tocar viol\u00e3o.\",\"url\":\"https:\/\/med.estrategia.com\/portal\/author\/marcos-viniciusestrategia-com\/\"}]}<\/script>\n<!-- \/ Yoast SEO Premium plugin. -->","yoast_head_json":{"title":"Resumo de ultrassonografia pr\u00e9-natal: solicitar, avalia\u00e7\u00e3o e mais!","description":"A utiliza\u00e7\u00e3o de ultrassonografia no pr\u00e9-natal de baixo risco \u00e9 um motivo de muita discuss\u00e3o, principalmente sobre suas indica\u00e7\u00f5es.","robots":{"index":"index","follow":"follow","max-snippet":"max-snippet:-1","max-image-preview":"max-image-preview:large","max-video-preview":"max-video-preview:-1"},"canonical":"https:\/\/med.estrategia.com\/portal\/conteudos-gratis\/exames\/resumo-de-ultrassonografia-pre-natal-quando-solicitar-avaliacao-e-mais\/","og_locale":"pt_BR","og_type":"article","og_title":"Resumo de ultrassonografia pr\u00e9-natal: solicitar, avalia\u00e7\u00e3o e mais!","og_description":"A utiliza\u00e7\u00e3o de ultrassonografia no pr\u00e9-natal de baixo risco \u00e9 um motivo de muita discuss\u00e3o, principalmente sobre suas indica\u00e7\u00f5es.","og_url":"https:\/\/med.estrategia.com\/portal\/conteudos-gratis\/exames\/resumo-de-ultrassonografia-pre-natal-quando-solicitar-avaliacao-e-mais\/","og_site_name":"Estrat\u00e9gia MED","article_publisher":"https:\/\/www.facebook.com\/estrategiamed1","article_published_time":"2023-05-10T00:50:51+00:00","article_modified_time":"2023-05-16T19:03:47+00:00","og_image":[{"width":1280,"height":853,"url":"https:\/\/cdn.medblog.estrategiaeducacional.com.br\/wp-content\/uploads\/2023\/05\/usg-pre-natal.jpg","type":"image\/jpeg"}],"author":"Marcos Vinicius Santos","twitter_card":"summary_large_image","twitter_creator":"@estrategiamed_","twitter_site":"@estrategiamed_","twitter_misc":{"Escrito por":"Marcos Vinicius Santos","Est. tempo de leitura":"6 minutos"},"schema":{"@context":"https:\/\/schema.org","@graph":[{"@type":"WebPage","@id":"https:\/\/med.estrategia.com\/portal\/conteudos-gratis\/exames\/resumo-de-ultrassonografia-pre-natal-quando-solicitar-avaliacao-e-mais\/","url":"https:\/\/med.estrategia.com\/portal\/conteudos-gratis\/exames\/resumo-de-ultrassonografia-pre-natal-quando-solicitar-avaliacao-e-mais\/","name":"Resumo de ultrassonografia pr\u00e9-natal: solicitar, avalia\u00e7\u00e3o e mais!","isPartOf":{"@id":"https:\/\/med.estrategia.com\/portal\/#website"},"primaryImageOfPage":{"@id":"https:\/\/med.estrategia.com\/portal\/conteudos-gratis\/exames\/resumo-de-ultrassonografia-pre-natal-quando-solicitar-avaliacao-e-mais\/#primaryimage"},"image":{"@id":"https:\/\/med.estrategia.com\/portal\/conteudos-gratis\/exames\/resumo-de-ultrassonografia-pre-natal-quando-solicitar-avaliacao-e-mais\/#primaryimage"},"thumbnailUrl":"https:\/\/med.estrategia.com\/portal\/wp-content\/uploads\/2023\/05\/usg-pre-natal.jpg","datePublished":"2023-05-10T00:50:51+00:00","dateModified":"2023-05-16T19:03:47+00:00","author":{"@id":"https:\/\/med.estrategia.com\/portal\/#\/schema\/person\/31b4375b6f7230a3bb3e53ff71cde149"},"description":"A utiliza\u00e7\u00e3o de ultrassonografia no pr\u00e9-natal de baixo risco \u00e9 um motivo de muita discuss\u00e3o, principalmente sobre suas indica\u00e7\u00f5es.","breadcrumb":{"@id":"https:\/\/med.estrategia.com\/portal\/conteudos-gratis\/exames\/resumo-de-ultrassonografia-pre-natal-quando-solicitar-avaliacao-e-mais\/#breadcrumb"},"inLanguage":"pt-BR","potentialAction":[{"@type":"ReadAction","target":["https:\/\/med.estrategia.com\/portal\/conteudos-gratis\/exames\/resumo-de-ultrassonografia-pre-natal-quando-solicitar-avaliacao-e-mais\/"]}]},{"@type":"ImageObject","inLanguage":"pt-BR","@id":"https:\/\/med.estrategia.com\/portal\/conteudos-gratis\/exames\/resumo-de-ultrassonografia-pre-natal-quando-solicitar-avaliacao-e-mais\/#primaryimage","url":"https:\/\/med.estrategia.com\/portal\/wp-content\/uploads\/2023\/05\/usg-pre-natal.jpg","contentUrl":"https:\/\/med.estrategia.com\/portal\/wp-content\/uploads\/2023\/05\/usg-pre-natal.jpg","width":1280,"height":853,"caption":"ultrassonografia pr\u00e9-natal"},{"@type":"BreadcrumbList","@id":"https:\/\/med.estrategia.com\/portal\/conteudos-gratis\/exames\/resumo-de-ultrassonografia-pre-natal-quando-solicitar-avaliacao-e-mais\/#breadcrumb","itemListElement":[{"@type":"ListItem","position":1,"name":"Home","item":"https:\/\/med.estrategia.com\/portal\/"},{"@type":"ListItem","position":2,"name":"Conte\u00fados Gr\u00e1tis","item":"https:\/\/med.estrategia.com\/portal\/conteudos-gratis\/"},{"@type":"ListItem","position":3,"name":"Exames","item":"https:\/\/med.estrategia.com\/portal\/conteudos-gratis\/exames\/"},{"@type":"ListItem","position":4,"name":"Resumo de ultrassonografia pr\u00e9-natal: solicitar, avalia\u00e7\u00e3o e mais!"}]},{"@type":"WebSite","@id":"https:\/\/med.estrategia.com\/portal\/#website","url":"https:\/\/med.estrategia.com\/portal\/","name":"Estrat\u00e9gia MED","description":"","potentialAction":[{"@type":"SearchAction","target":{"@type":"EntryPoint","urlTemplate":"https:\/\/med.estrategia.com\/portal\/?s={search_term_string}"},"query-input":{"@type":"PropertyValueSpecification","valueRequired":true,"valueName":"search_term_string"}}],"inLanguage":"pt-BR"},{"@type":"Person","@id":"https:\/\/med.estrategia.com\/portal\/#\/schema\/person\/31b4375b6f7230a3bb3e53ff71cde149","name":"Marcos Vinicius Santos","image":{"@type":"ImageObject","inLanguage":"pt-BR","@id":"https:\/\/med.estrategia.com\/portal\/#\/schema\/person\/image\/","url":"https:\/\/med.estrategia.com\/portal\/wp-content\/uploads\/2022\/08\/Marcos-Vinicius-1-150x150.jpeg","contentUrl":"https:\/\/med.estrategia.com\/portal\/wp-content\/uploads\/2022\/08\/Marcos-Vinicius-1-150x150.jpeg","caption":"Marcos Vinicius Santos"},"description":"Sou interno de medicina da Universidade Federal do Rec\u00f4ncavo da Bahia (UFRB), atualmente no \u00faltimo ano da faculdade e no est\u00e1gio em pediatria. Escolhi medicina somente no ensino m\u00e9dio de forma espont\u00e2nea (ou quem sabe influenciado por Grey's Anatomy rs). Pretendo prestar resid\u00eancia em S\u00e3o Paulo para cirurgia geral e me especializar em aparelho digestivo. Torcedor fiel do Santos, nas horas vagas tenho como h\u00e1bito a pr\u00e1tica de esporte e como hobbies assistir o meu time de cora\u00e7\u00e3o jogar e tocar viol\u00e3o.","url":"https:\/\/med.estrategia.com\/portal\/author\/marcos-viniciusestrategia-com\/"}]}},"_wl_alt_label":[],"wl:entity_url":"\/post\/resumo-de-ultrassonografia-pre-natal-quando-solicitar-avaliacao-e-mais","_links":{"self":[{"href":"https:\/\/med.estrategia.com\/portal\/wp-json\/wp\/v2\/posts\/39654","targetHints":{"allow":["GET"]}}],"collection":[{"href":"https:\/\/med.estrategia.com\/portal\/wp-json\/wp\/v2\/posts"}],"about":[{"href":"https:\/\/med.estrategia.com\/portal\/wp-json\/wp\/v2\/types\/post"}],"author":[{"embeddable":true,"href":"https:\/\/med.estrategia.com\/portal\/wp-json\/wp\/v2\/users\/43"}],"replies":[{"embeddable":true,"href":"https:\/\/med.estrategia.com\/portal\/wp-json\/wp\/v2\/comments?post=39654"}],"version-history":[{"count":4,"href":"https:\/\/med.estrategia.com\/portal\/wp-json\/wp\/v2\/posts\/39654\/revisions"}],"predecessor-version":[{"id":39814,"href":"https:\/\/med.estrategia.com\/portal\/wp-json\/wp\/v2\/posts\/39654\/revisions\/39814"}],"wp:featuredmedia":[{"embeddable":true,"href":"https:\/\/med.estrategia.com\/portal\/wp-json\/wp\/v2\/media\/39655"}],"wp:attachment":[{"href":"https:\/\/med.estrategia.com\/portal\/wp-json\/wp\/v2\/media?parent=39654"}],"wp:term":[{"taxonomy":"category","embeddable":true,"href":"https:\/\/med.estrategia.com\/portal\/wp-json\/wp\/v2\/categories?post=39654"},{"taxonomy":"post_tag","embeddable":true,"href":"https:\/\/med.estrategia.com\/portal\/wp-json\/wp\/v2\/tags?post=39654"},{"taxonomy":"wl_entity_type","embeddable":true,"href":"https:\/\/med.estrategia.com\/portal\/wp-json\/wp\/v2\/wl_entity_type?post=39654"}],"curies":[{"name":"wp","href":"https:\/\/api.w.org\/{rel}","templated":true}]}}