{"id":40246,"date":"2023-05-24T13:03:55","date_gmt":"2023-05-24T16:03:55","guid":{"rendered":"https:\/\/med.estrategia.com\/portal\/?p=40246"},"modified":"2023-05-31T12:49:15","modified_gmt":"2023-05-31T15:49:15","slug":"prefeitura-de-itabirito-abre-concurso-publico-com-24-vagas-para-medicos","status":"publish","type":"post","link":"https:\/\/med.estrategia.com\/portal\/noticias\/prefeitura-de-itabirito-abre-concurso-publico-com-24-vagas-para-medicos\/","title":{"rendered":"Prefeitura de Itabirito abre concurso p\u00fablico com 24 vagas para m\u00e9dicos"},"content":{"rendered":"<p>Por meio do <a href=\"https:\/\/imam.org.br\/sitenoticia\/processo_seletivo_detalhes.aspx?id=D8664FF050097EB8\" target=\"_blank\">Instituto Mineiro de Administra&ccedil;&atilde;o Municipal<\/a> &ndash;&nbsp;IMAM, a <strong>Prefeitura municipal de Itabirito\/MG<\/strong> tornou p&uacute;blico na &uacute;ltima semana o edital de seu c<strong>oncurso p&uacute;blico para provimento de vagas na &aacute;rea da Sa&uacute;de<\/strong>. <br><br>Ao todo,<strong> 191 vagas s&atilde;o ofertadas<\/strong> para cargos de n&iacute;vel m&eacute;dio, t&eacute;cnico e superior e, dentre elas, <strong>16 s&atilde;o direcionadas a m&eacute;dicos generalistas ou especialistas<\/strong> em Pediatria e Ginecologia. Com a <strong>taxa de inscri&ccedil;&atilde;o no valor de R$100,00<\/strong>, os m&eacute;dicos interessados poder&atilde;o se <strong>inscrever<\/strong> para a sele&ccedil;&atilde;o <strong>entre os dias 19 de julho e 18 de agosto de 2023.<\/strong><div class=\"wp-block-buttons is-content-justification-center is-layout-flex wp-container-core-buttons-is-layout-1 wp-block-buttons-is-layout-flex\">\n<div class=\"wp-block-button\"><a class=\"wp-block-button__link wp-element-button\" href=\"https:\/\/med.estrategia.com\/portal\/wp-content\/uploads\/2023\/05\/editalconcursoitabirito2023.pdf\" target=\"_blank\"><strong>EDITAL PREFEITURA DE ITABIRITO\/MG<\/strong><\/a><\/div>\n<\/div><div id=\"ez-toc-container\" class=\"ez-toc-v2_0_79_2 counter-hierarchy ez-toc-counter ez-toc-transparent ez-toc-container-direction\">\n<div class=\"ez-toc-title-container\"><p class=\"ez-toc-title\" style=\"cursor:inherit\">Navegue pelo conte\u00fado<\/p>\n<\/div><nav><ul class='ez-toc-list ez-toc-list-level-1 ' ><li class='ez-toc-page-1 ez-toc-heading-level-2'><a class=\"ez-toc-link ez-toc-heading-1\" href=\"https:\/\/med.estrategia.com\/portal\/noticias\/prefeitura-de-itabirito-abre-concurso-publico-com-24-vagas-para-medicos\/#Resumo-Edital-%E2%80%93-Prefeitura-de-Itabirito\" >Resumo Edital &ndash; Prefeitura de Itabirito<\/a><\/li><li class='ez-toc-page-1 ez-toc-heading-level-2'><a class=\"ez-toc-link ez-toc-heading-2\" href=\"https:\/\/med.estrategia.com\/portal\/noticias\/prefeitura-de-itabirito-abre-concurso-publico-com-24-vagas-para-medicos\/#Vagas-Ofertadas\" >Vagas Ofertadas<\/a><\/li><li class='ez-toc-page-1 ez-toc-heading-level-2'><a class=\"ez-toc-link ez-toc-heading-3\" href=\"https:\/\/med.estrategia.com\/portal\/noticias\/prefeitura-de-itabirito-abre-concurso-publico-com-24-vagas-para-medicos\/#O-processo-seletivo\" >O processo seletivo<\/a><\/li><li class='ez-toc-page-1 ez-toc-heading-level-2'><a class=\"ez-toc-link ez-toc-heading-4\" href=\"https:\/\/med.estrategia.com\/portal\/noticias\/prefeitura-de-itabirito-abre-concurso-publico-com-24-vagas-para-medicos\/#Sobre-o-municipio-de-Itabirito\" >Sobre o munic&iacute;pio de Itabirito<\/a><\/li><li class='ez-toc-page-1 ez-toc-heading-level-2'><a class=\"ez-toc-link ez-toc-heading-5\" href=\"https:\/\/med.estrategia.com\/portal\/noticias\/prefeitura-de-itabirito-abre-concurso-publico-com-24-vagas-para-medicos\/#Evento-EMED-Webinario-%E2%80%93-Prefeitura-de-Itabirito\" >Evento EMED: Webin&aacute;rio &ndash; Prefeitura de Itabirito<\/a><\/li><li class='ez-toc-page-1 ez-toc-heading-level-2'><a class=\"ez-toc-link ez-toc-heading-6\" href=\"https:\/\/med.estrategia.com\/portal\/noticias\/prefeitura-de-itabirito-abre-concurso-publico-com-24-vagas-para-medicos\/#Como-se-preparar-para-o-concurso-publico-de-Itabirito\" >Como se preparar para o concurso p&uacute;blico de Itabirito<\/a><\/li><\/ul><\/nav><\/div>\n<h2 class=\"wp-block-heading\" id=\"h-resumo-edital-prefeitura-de-itabirito\"><span class=\"ez-toc-section\" id=\"Resumo-Edital-%E2%80%93-Prefeitura-de-Itabirito\"><\/span>Resumo Edital &ndash; Prefeitura de Itabirito<span class=\"ez-toc-section-end\"><\/span><\/h2><figure class=\"wp-block-table\"><table class=\"has-fixed-layout\"><tbody><tr><td><strong>Vagas ofertadas para m&eacute;dicos<\/strong><\/td><td class=\"has-text-align-center\" data-align=\"center\"><strong>16 vagas<\/strong><\/td><\/tr><tr><td><strong>Remunera&ccedil;&atilde;o<\/strong><\/td><td class=\"has-text-align-center\" data-align=\"center\">R$11.182,16 &ndash; carga hor&aacute;ria de 20h<br>R$22.362,46 &ndash; carga hor&aacute;ria de 40h<\/td><\/tr><tr><td><strong>Etapas<\/strong><\/td><td class=\"has-text-align-center\" data-align=\"center\">Prova Objetiva de M&uacute;ltipla Escolha + Avalia&ccedil;&atilde;o Psicol&oacute;gica<\/td><\/tr><tr><td><strong>Taxa de Inscri&ccedil;&atilde;o<\/strong><\/td><td class=\"has-text-align-center\" data-align=\"center\">R$100,00<\/td><\/tr><tr><td><strong>Solicita&ccedil;&atilde;o de Isen&ccedil;&atilde;o<\/strong><\/td><td class=\"has-text-align-center\" data-align=\"center\">19 a 21\/07\/2023<\/td><\/tr><tr><td><strong>Per&iacute;odo de Inscri&ccedil;&otilde;es<\/strong><\/td><td class=\"has-text-align-center\" data-align=\"center\">19\/07 a 18\/08\/2023<\/td><\/tr><tr><td><strong>Local de Prova<\/strong><\/td><td class=\"has-text-align-center\" data-align=\"center\">Itabirito\/MG<\/td><\/tr><tr><td><strong>Data da Prova<\/strong><\/td><td class=\"has-text-align-center\" data-align=\"center\">30\/09 e 01, 07 e 08\/10\/2023 &ndash; dia, hor&aacute;rio e local ser&atilde;o definidos no Comprovante Definitivo de Inscri&ccedil;&atilde;o<\/td><\/tr><tr><td><strong>Avalia&ccedil;&atilde;o Psicol&oacute;gica<\/strong><\/td><td class=\"has-text-align-center\" data-align=\"center\">a definir<\/td><\/tr><tr><td><strong>Recursos<\/strong><\/td><td class=\"has-text-align-center\" data-align=\"center\">prazo de 03 (tr&ecirc;s) dias &uacute;teis, iniciado no 1&ordm; dia &uacute;til subsequente ao dia da publica&ccedil;&atilde;o do objeto do recurso<\/td><\/tr><\/tbody><\/table><\/figure><p>\n\n\n<div id=\"new-form\">\n\t<form id=\"forms_layout\">\n\t<input type=\"hidden\" id=\"chave_de\" name=\"chave_de\" value=\"01_EMED_LEADS_TOTAIS\" \/>\n\t\t<input type=\"hidden\" id=\"mid\" name=\"mid\" value=\"515009018\" \/>\n\t\t<input type=\"hidden\" id=\"Objetivo\" name=\"Objetivo\" value=\"Medicina\" \/>\n\t\t<input type=\"hidden\" id=\"Estado_de_Origem_do_IP\" name=\"Estado_de_Origem_do_IP\"  value=\"\" \/>\n\t\t<input type=\"hidden\" id=\"Cidade_de_Origem_do_IP\" name=\"Cidade_de_Origem_do_IP\" value=\"\" \/>\n\t\t<input type=\"hidden\" id=\"Modo_de_entrada\" name=\"Modo_de_entrada\" value=\"Portal\" \/>\n\t\t<input type=\"hidden\" id=\"Pagina_Origem\" name=\"Pagina_Origem\" value=\"\" \/>\n\n\t\t<div class=\"texto\">\n\t\t\t<h3 class=\"news\">Inscreva-se em nossa newsletter!<\/h3>\n\t\t\t<p>Receba not\u00edcias sobre resid\u00eancia m\u00e9dica, revalida\u00e7\u00e3o de diplomas e concursos m\u00e9dicos, al\u00e9m de materiais de estudo gratuitos e informa\u00e7\u00f5es relevantes do mundo da Medicina.<\/p>\n\t\t<\/div>\n\t\t<div class=\"campos\">\n\t\t\t<div class=\"first_name labels\">\n\t\t\t\t<input type=\"text\" class=\"input_labels\" id=\"first_name\" name=\"Nome_Completo\" placeholder=\"Nome\" required \/>\n\t\t\t<\/div>\n\t\t\t<div class=\"email labels\">\n\t\t\t\t<input type=\"email\" class=\"input_labels\" id=\"email\" name=\"Email\" placeholder=\"E-mail\" required \/>\n\t\t\t<\/div>\n\t\t\t<button type=\"submit\" class=\"button_layout\">\n\t\t\t\t<div id=\"lblBotao\">Inscreva-se<\/div>\n\t\t\t\t<span id=\"divSpiner\" class=\"loader\" role=\"status\" style=\"display: none;\"><\/span>\t\n\t\t\t<\/button>\n\t\t<\/div><!-- \/campos -->\n\t\t\n\t\t<label class=\"container_checkbox\">Voc\u00ea concorda com a nossa\n\t\t\t<a class=\"politics_privacy_ahref\" target=\"_blank\" href=\"https:\/\/gratis.estrategiaconcursos.com.br\/politica-de-privacidade\/\">Pol\u00edtica de Privacidade<\/a> e aceita receber informa\u00e7\u00f5es adicionais do Estrat\u00e9gia Educacional.\n\t\t\t<input id=\"checkbox_layout\" type=\"checkbox\" checked=\"checked\" required \/>\n\t\t\t<span class=\"checkbox\"><\/span>\n\t\t<\/label>\n\t\t<div id=\"msg\"><\/div>\n\t\t<div id=\"error\" class=\"error\">\n\t\t<\/div>\n\t<\/form>\n<\/div><!-- \/new-form -->\n\n\n\n<\/p><h2 class=\"wp-block-heading\" id=\"h-vagas-ofertadas\"><span class=\"ez-toc-section\" id=\"Vagas-Ofertadas\"><\/span>Vagas Ofertadas<span class=\"ez-toc-section-end\"><\/span><\/h2><figure class=\"wp-block-table\"><table><thead><tr><th class=\"has-text-align-center\" data-align=\"center\">CARGO<\/th><th class=\"has-text-align-center\" data-align=\"center\">REQUISITOS<\/th><th class=\"has-text-align-center\" data-align=\"center\">VAGAS <\/th><th class=\"has-text-align-center\" data-align=\"center\">REMUNERA&Ccedil;&Atilde;O<\/th><th class=\"has-text-align-center\" data-align=\"center\">CARGA HOR&Aacute;RIA<\/th><\/tr><\/thead><tbody><tr><td class=\"has-text-align-center\" data-align=\"center\">M&eacute;dico Ginecologista<\/td><td class=\"has-text-align-center\" data-align=\"center\">Gradua&ccedil;&atilde;o em Medicina <br>com registro no <br>Conselho Regional de Medicina <br>+ Especializa&ccedil;&atilde;o em Ginecologia<\/td><td class=\"has-text-align-center\" data-align=\"center\">5+1*<\/td><td class=\"has-text-align-center\" data-align=\"center\">R$11.182,16<\/td><td class=\"has-text-align-center\" data-align=\"center\">20 horas semanais<\/td><\/tr><tr><td class=\"has-text-align-center\" data-align=\"center\">M&eacute;dico Pediatra<\/td><td class=\"has-text-align-center\" data-align=\"center\">Gradua&ccedil;&atilde;o em Medicina<br>com registro no<br>Conselho Regional de Medicina<br>+ Especializa&ccedil;&atilde;o em Pediatria<\/td><td class=\"has-text-align-center\" data-align=\"center\">5+1*<\/td><td class=\"has-text-align-center\" data-align=\"center\">R$11.182,16<\/td><td class=\"has-text-align-center\" data-align=\"center\">20 horas semanais<\/td><\/tr><tr><td class=\"has-text-align-center\" data-align=\"center\">M&eacute;dico de Fam&iacute;lia<\/td><td class=\"has-text-align-center\" data-align=\"center\">Gradua&ccedil;&atilde;o em Medicina com registro no Conselho<br>Regional de Medicina<\/td><td class=\"has-text-align-center\" data-align=\"center\">11+1*<\/td><td class=\"has-text-align-center\" data-align=\"center\">R$22.362,46<\/td><td class=\"has-text-align-center\" data-align=\"center\">40 horas semanais<\/td><\/tr><\/tbody><\/table><figcaption class=\"wp-element-caption\">* Vagas reservadas para Pessoas com Defici&ecirc;ncia<\/figcaption><\/figure><p>As vagas destinadas &agrave;s pessoas com defici&ecirc;ncia n&atilde;o preenchidas por falta de candidatos, ser&atilde;o preenchidas pelos demais candidatos, respeitando a ordem de classifica&ccedil;&atilde;o.<\/p><h2 class=\"wp-block-heading\" id=\"h-o-processo-seletivo\"><span class=\"ez-toc-section\" id=\"O-processo-seletivo\"><\/span>O processo seletivo<span class=\"ez-toc-section-end\"><\/span><\/h2><p>O processo seletivo para os cargos m&eacute;dicos da Prefeitura de Itabirito\/MG ser&aacute; <strong>composto pela aplica&ccedil;&atilde;o de uma prova objetiva,<\/strong> com data a ser confirmada para os candidatos inscritos e, <strong>avalia&ccedil;&atilde;o psicol&oacute;gica.<\/strong><br><br>A prova contar&aacute; com <strong>40 quest&otilde;es de m&uacute;ltipla escolha<\/strong>, com quatro alternativas em cada uma e apenas uma correta e a <strong>pontua&ccedil;&atilde;o m&iacute;nima para aprova&ccedil;&atilde;o ser&aacute; de 60 pontos<\/strong> de um total de 100. Confira as disciplinas, n&uacute;mero de quest&otilde;es e peso de cada uma:<\/p><figure class=\"wp-block-table\"><table><thead><tr><th>Disciplina<\/th><th class=\"has-text-align-center\" data-align=\"center\">N&ordm; de Quest&otilde;es<\/th><th class=\"has-text-align-center\" data-align=\"center\">Peso por Quest&atilde;o<\/th><\/tr><\/thead><tbody><tr><td>Portugu&ecirc;s<\/td><td class=\"has-text-align-center\" data-align=\"center\">10<\/td><td class=\"has-text-align-center\" data-align=\"center\">2<\/td><\/tr><tr><td>Inform&aacute;tica<\/td><td class=\"has-text-align-center\" data-align=\"center\">5<\/td><td class=\"has-text-align-center\" data-align=\"center\">2<\/td><\/tr><tr><td>Sistema &Uacute;nico de Sa&uacute;de\/Sa&uacute;de P&uacute;blica<\/td><td class=\"has-text-align-center\" data-align=\"center\">15<\/td><td class=\"has-text-align-center\" data-align=\"center\">2<\/td><\/tr><tr><td>Espec&iacute;ficos<\/td><td class=\"has-text-align-center\" data-align=\"center\">10<\/td><td class=\"has-text-align-center\" data-align=\"center\">4<\/td><\/tr><\/tbody><\/table><\/figure><p>Ser&aacute; considerado aprovado na etapa o m&eacute;dico que obter 60 pontos na prova objetiva e <strong>para a Avalia&ccedil;&atilde;o Psicol&oacute;gica ser&atilde;o convocados os 43 mais bem colocados de ampla concorr&ecirc;ncia e 3 mais bem colocados das vagas reservadas &agrave; pessoas com defici&ecirc;ncia de cada cargo.<\/strong><br><br>Em casos de empate, ser&atilde;o considerados os seguintes crit&eacute;rios:<\/p><ul class=\"wp-block-list\">\n<li>ao candidato com idade igual ou superior a 60 (sessenta) anos, conforme o &sect; &uacute;nico do artigo 27 do Estatuto do Idoso. (ser&aacute; considerada como par&acirc;metro a data do encerramento das inscri&ccedil;&otilde;es);<\/li>\n\n\n\n<li>ao candidato que tiver obtido o maior n&uacute;mero de pontos no conte&uacute;do &ldquo;espec&iacute;ficos&rdquo;, n&atilde;o se aplicando este crit&eacute;rio para os cargos que n&atilde;o houver quest&otilde;es de conhecimentos espec&iacute;ficos;<\/li>\n\n\n\n<li>ao candidato que tiver obtido o maior n&uacute;mero de pontos no conte&uacute;do &ldquo;portugu&ecirc;s&rdquo;;<\/li>\n\n\n\n<li>ao candidato de maior idade. (ser&aacute; considerada como par&acirc;metro a data do encerramento das inscri&ccedil;&otilde;es).<\/li>\n<\/ul><h2 class=\"wp-block-heading\" id=\"h-sobre-o-municipio-de-itabirito\"><span class=\"ez-toc-section\" id=\"Sobre-o-municipio-de-Itabirito\"><\/span>Sobre o munic&iacute;pio de Itabirito<span class=\"ez-toc-section-end\"><\/span><\/h2><p>Com 52.99g habitantes, estimativa segundo a &uacute;ltima divulga&ccedil;&atilde;o feita pelo Instituto Brasileiro de Geografia e Estat&iacute;stica (IBGE), o munic&iacute;pio de Itabirito est&aacute; situado no estado de Minas Gerais e fica a 58,8km de dist&acirc;ncia de Belo Horizonte. Segundo dados de 2020, o&nbsp;<strong>PIB per capta&nbsp;<\/strong>de Itabirito &eacute; de&nbsp;<strong>R$126.859,47<\/strong>.<br><br>O munic&iacute;pio conta, atualmente, com <strong>7 Unidades B&aacute;sicas de Sa&uacute;de (UBS)<\/strong>, local onde os usu&aacute;rios recebem <strong>atendimentos b&aacute;sicos e gratuitos<\/strong> em Pediatria, Ginecologia, Cl&iacute;nica Geral, Enfermagem e Odontologia e os principais servi&ccedil;os, al&eacute;m de consultas m&eacute;dicas, s&atilde;o aplica&ccedil;&otilde;es de vacinas, exames laboratoriais, tratamento odontol&oacute;gico, fornecimento de medica&ccedil;&atilde;o b&aacute;sica e encaminhamento para especialidades.<\/p><h2 class=\"wp-block-heading\" id=\"h-evento-emed-webinario-prefeitura-de-itabirito\"><span class=\"ez-toc-section\" id=\"Evento-EMED-Webinario-%E2%80%93-Prefeitura-de-Itabirito\"><\/span>Evento EMED: Webin&aacute;rio &ndash; Prefeitura de Itabirito<span class=\"ez-toc-section-end\"><\/span><\/h2><p>No dia <strong>29 de maio, a partir das 18h30<\/strong>, acompanhe o Prof. Jo&atilde;o Paulo Telles <a href=\"https:\/\/www.youtube.com\/c\/Estrat%C3%A9giaMED\" target=\"_blank\">em nosso canal do Youtube<\/a> para conferir as<strong> informa&ccedil;&otilde;es completas<\/strong> sobre o processo seletivo da Prefeitura de Itabirito.<br><br>Aproveite e e n&atilde;o se esque&ccedil;a de <strong>se inscrever em nosso canal e ativar o sino de notifica&ccedil;&atilde;o<\/strong> para n&atilde;o perder nenhuma <strong>novidades sobre concursos p&uacute;blicos com cargos m&eacute;dicos, atualiza&ccedil;&otilde;es m&eacute;dicas e muito mais!<\/strong><\/p><h2 class=\"wp-block-heading\" id=\"h-como-se-preparar-para-o-concurso-publico-de-itabirito\"><span class=\"ez-toc-section\" id=\"Como-se-preparar-para-o-concurso-publico-de-Itabirito\"><\/span>Como se preparar para o concurso p&uacute;blico de Itabirito<span class=\"ez-toc-section-end\"><\/span><\/h2><p>Com o <strong>Sprint Concursos M&eacute;dicos do Estrat&eacute;gia MED<\/strong> voc&ecirc; ter&aacute; a disposi&ccedil;&atilde;o <strong>1.500 quest&otilde;es com foco em concursos p&uacute;blicos com cargos m&eacute;dicos<\/strong> incluindo as disciplinas mais cobradas neste tipo de sele&ccedil;&atilde;o: Portugu&ecirc;s, Matem&aacute;tica, Inform&aacute;tica, Direito e claro, Medicina.<\/p><div class=\"wp-block-buttons is-content-justification-center is-layout-flex wp-container-core-buttons-is-layout-2 wp-block-buttons-is-layout-flex\">\n<div class=\"wp-block-button\"><a class=\"wp-block-button__link wp-element-button\" href=\"https:\/\/med.estrategia.com\/curso\/sprint-concursos-medicos\/\" target=\"_blank\"><strong>Sprint Concursos M&eacute;dicos<\/strong><\/a><\/div>\n<\/div><p>Conhe&ccedil;a tamb&eacute;m o nosso <strong>Banco de Quest&otilde;es,<\/strong> que atualmente conta com mais de <strong>189 mil quest&otilde;es cadastradas<\/strong> e n&atilde;o para de crescer. Vem ser coruja!<\/p><p>\n\n\n\n\n\n<a id=\"cta\" class=\"cta-imagem\" href=\"https:\/\/med.estrategia.com\/curso\/banco-de-questes-resumos-estrategicos-anual\/\" target=\"blank\">\n                <img decoding=\"async\" width=\"100%\" src=\"https:\/\/med.estrategia.com\/portal\/wp-content\/uploads\/2025\/08\/banco_questoes.png\" alt=\"banco_questoes\" title=\"banco_questoes\">\n        <\/a>\n<\/p><\/p>\n","protected":false},"excerpt":{"rendered":"Com remunera\u00e7\u00f5es de R$11.182,16 e R$ 22.362,46, concurso seleciona m\u00e9dicos generalistas e especialistas\n","protected":false},"author":39,"featured_media":40238,"comment_status":"closed","ping_status":"closed","sticky":false,"template":"","format":"standard","meta":{"wl_entities_gutenberg":"","footnotes":""},"categories":[474,300],"tags":[477,478],"wl_entity_type":[199],"class_list":{"0":"post-40246","1":"post","2":"type-post","3":"status-publish","4":"format-standard","5":"has-post-thumbnail","7":"category-concursos","8":"category-noticias","9":"tag-concurso","10":"tag-medico","11":"wl_entity_type-article"},"acf":[],"yoast_head":"<!-- This site is optimized with the Yoast SEO Premium plugin v26.6 (Yoast SEO v26.6) - https:\/\/yoast.com\/wordpress\/plugins\/seo\/ -->\n<title>Prefeitura de Itabirito abre concurso p\u00fablico com 24 vagas para m\u00e9dicos<\/title>\n<meta name=\"description\" content=\"Com remunera\u00e7\u00f5es de R$11.182,16 e R$ 22.362,46, concurso seleciona m\u00e9dicos generalistas e especialistas. Confira o edital da Prefeitura de Itabirito\" \/>\n<meta name=\"robots\" content=\"index, follow, max-snippet:-1, max-image-preview:large, max-video-preview:-1\" \/>\n<link rel=\"canonical\" href=\"https:\/\/med.estrategia.com\/portal\/noticias\/prefeitura-de-itabirito-abre-concurso-publico-com-24-vagas-para-medicos\/\" \/>\n<meta property=\"og:locale\" content=\"pt_BR\" \/>\n<meta property=\"og:type\" content=\"article\" \/>\n<meta property=\"og:title\" content=\"Prefeitura de Itabirito abre concurso p\u00fablico com 24 vagas para m\u00e9dicos\" \/>\n<meta property=\"og:description\" content=\"Com remunera\u00e7\u00f5es de R$11.182,16 e R$ 22.362,46, concurso seleciona m\u00e9dicos generalistas e especialistas. Confira o edital da Prefeitura de Itabirito\" \/>\n<meta property=\"og:url\" content=\"https:\/\/med.estrategia.com\/portal\/noticias\/prefeitura-de-itabirito-abre-concurso-publico-com-24-vagas-para-medicos\/\" \/>\n<meta property=\"og:site_name\" content=\"Estrat\u00e9gia MED\" \/>\n<meta property=\"article:publisher\" content=\"https:\/\/www.facebook.com\/estrategiamed1\" \/>\n<meta property=\"article:published_time\" content=\"2023-05-24T16:03:55+00:00\" \/>\n<meta property=\"article:modified_time\" content=\"2023-05-31T15:49:15+00:00\" \/>\n<meta property=\"og:image\" content=\"https:\/\/cdn.medblog.estrategiaeducacional.com.br\/wp-content\/uploads\/2023\/05\/itabirito_capa.jpg\" \/>\n\t<meta property=\"og:image:width\" content=\"1920\" \/>\n\t<meta property=\"og:image:height\" content=\"1080\" \/>\n\t<meta property=\"og:image:type\" content=\"image\/jpeg\" \/>\n<meta name=\"author\" content=\"Ana Carolina Damasceno\" \/>\n<meta name=\"twitter:card\" content=\"summary_large_image\" \/>\n<meta name=\"twitter:creator\" content=\"@estrategiamed_\" \/>\n<meta name=\"twitter:site\" content=\"@estrategiamed_\" \/>\n<meta name=\"twitter:label1\" content=\"Escrito por\" \/>\n\t<meta name=\"twitter:data1\" content=\"Ana Carolina Damasceno\" \/>\n\t<meta name=\"twitter:label2\" content=\"Est. tempo de leitura\" \/>\n\t<meta name=\"twitter:data2\" content=\"4 minutos\" \/>\n<script type=\"application\/ld+json\" class=\"yoast-schema-graph\">{\"@context\":\"https:\/\/schema.org\",\"@graph\":[{\"@type\":\"WebPage\",\"@id\":\"https:\/\/med.estrategia.com\/portal\/noticias\/prefeitura-de-itabirito-abre-concurso-publico-com-24-vagas-para-medicos\/\",\"url\":\"https:\/\/med.estrategia.com\/portal\/noticias\/prefeitura-de-itabirito-abre-concurso-publico-com-24-vagas-para-medicos\/\",\"name\":\"Prefeitura de Itabirito abre concurso p\u00fablico com 24 vagas para m\u00e9dicos\",\"isPartOf\":{\"@id\":\"https:\/\/med.estrategia.com\/portal\/#website\"},\"primaryImageOfPage\":{\"@id\":\"https:\/\/med.estrategia.com\/portal\/noticias\/prefeitura-de-itabirito-abre-concurso-publico-com-24-vagas-para-medicos\/#primaryimage\"},\"image\":{\"@id\":\"https:\/\/med.estrategia.com\/portal\/noticias\/prefeitura-de-itabirito-abre-concurso-publico-com-24-vagas-para-medicos\/#primaryimage\"},\"thumbnailUrl\":\"https:\/\/med.estrategia.com\/portal\/wp-content\/uploads\/2023\/05\/itabirito_capa.jpg\",\"datePublished\":\"2023-05-24T16:03:55+00:00\",\"dateModified\":\"2023-05-31T15:49:15+00:00\",\"author\":{\"@id\":\"https:\/\/med.estrategia.com\/portal\/#\/schema\/person\/2f553adbb8e25fe39d145c5b2927f58c\"},\"description\":\"Com remunera\u00e7\u00f5es de R$11.182,16 e R$ 22.362,46, concurso seleciona m\u00e9dicos generalistas e especialistas. Confira o edital da Prefeitura de Itabirito\",\"breadcrumb\":{\"@id\":\"https:\/\/med.estrategia.com\/portal\/noticias\/prefeitura-de-itabirito-abre-concurso-publico-com-24-vagas-para-medicos\/#breadcrumb\"},\"inLanguage\":\"pt-BR\",\"potentialAction\":[{\"@type\":\"ReadAction\",\"target\":[\"https:\/\/med.estrategia.com\/portal\/noticias\/prefeitura-de-itabirito-abre-concurso-publico-com-24-vagas-para-medicos\/\"]}]},{\"@type\":\"ImageObject\",\"inLanguage\":\"pt-BR\",\"@id\":\"https:\/\/med.estrategia.com\/portal\/noticias\/prefeitura-de-itabirito-abre-concurso-publico-com-24-vagas-para-medicos\/#primaryimage\",\"url\":\"https:\/\/med.estrategia.com\/portal\/wp-content\/uploads\/2023\/05\/itabirito_capa.jpg\",\"contentUrl\":\"https:\/\/med.estrategia.com\/portal\/wp-content\/uploads\/2023\/05\/itabirito_capa.jpg\",\"width\":1920,\"height\":1080,\"caption\":\"Cr\u00e9ditos: Estrat\u00e9gia MED e Prefeitura de Itabirito\"},{\"@type\":\"BreadcrumbList\",\"@id\":\"https:\/\/med.estrategia.com\/portal\/noticias\/prefeitura-de-itabirito-abre-concurso-publico-com-24-vagas-para-medicos\/#breadcrumb\",\"itemListElement\":[{\"@type\":\"ListItem\",\"position\":1,\"name\":\"Home\",\"item\":\"https:\/\/med.estrategia.com\/portal\/\"},{\"@type\":\"ListItem\",\"position\":2,\"name\":\"Not\u00edcias\",\"item\":\"https:\/\/med.estrategia.com\/portal\/noticias\/\"},{\"@type\":\"ListItem\",\"position\":3,\"name\":\"Prefeitura de Itabirito abre concurso p\u00fablico com 24 vagas para m\u00e9dicos\"}]},{\"@type\":\"WebSite\",\"@id\":\"https:\/\/med.estrategia.com\/portal\/#website\",\"url\":\"https:\/\/med.estrategia.com\/portal\/\",\"name\":\"Estrat\u00e9gia MED\",\"description\":\"\",\"potentialAction\":[{\"@type\":\"SearchAction\",\"target\":{\"@type\":\"EntryPoint\",\"urlTemplate\":\"https:\/\/med.estrategia.com\/portal\/?s={search_term_string}\"},\"query-input\":{\"@type\":\"PropertyValueSpecification\",\"valueRequired\":true,\"valueName\":\"search_term_string\"}}],\"inLanguage\":\"pt-BR\"},{\"@type\":\"Person\",\"@id\":\"https:\/\/med.estrategia.com\/portal\/#\/schema\/person\/2f553adbb8e25fe39d145c5b2927f58c\",\"name\":\"Ana Carolina Damasceno\",\"image\":{\"@type\":\"ImageObject\",\"inLanguage\":\"pt-BR\",\"@id\":\"https:\/\/med.estrategia.com\/portal\/#\/schema\/person\/image\/\",\"url\":\"https:\/\/med.estrategia.com\/portal\/wp-content\/uploads\/2021\/09\/WhatsApp-Image-2023-08-18-at-16.46.43-150x150.jpeg\",\"contentUrl\":\"https:\/\/med.estrategia.com\/portal\/wp-content\/uploads\/2021\/09\/WhatsApp-Image-2023-08-18-at-16.46.43-150x150.jpeg\",\"caption\":\"Ana Carolina Damasceno\"},\"description\":\"Coordenadora de Jornalismo EMED. Comunicadora por natureza e forma\u00e7\u00e3o, que ama e perde a no\u00e7\u00e3o do tempo com m\u00fasica e s\u00e9rie.\",\"url\":\"https:\/\/med.estrategia.com\/portal\/author\/ana-carolina-damasceno\/\"}]}<\/script>\n<!-- \/ Yoast SEO Premium plugin. -->","yoast_head_json":{"title":"Prefeitura de Itabirito abre concurso p\u00fablico com 24 vagas para m\u00e9dicos","description":"Com remunera\u00e7\u00f5es de R$11.182,16 e R$ 22.362,46, concurso seleciona m\u00e9dicos generalistas e especialistas. Confira o edital da Prefeitura de Itabirito","robots":{"index":"index","follow":"follow","max-snippet":"max-snippet:-1","max-image-preview":"max-image-preview:large","max-video-preview":"max-video-preview:-1"},"canonical":"https:\/\/med.estrategia.com\/portal\/noticias\/prefeitura-de-itabirito-abre-concurso-publico-com-24-vagas-para-medicos\/","og_locale":"pt_BR","og_type":"article","og_title":"Prefeitura de Itabirito abre concurso p\u00fablico com 24 vagas para m\u00e9dicos","og_description":"Com remunera\u00e7\u00f5es de R$11.182,16 e R$ 22.362,46, concurso seleciona m\u00e9dicos generalistas e especialistas. Confira o edital da Prefeitura de Itabirito","og_url":"https:\/\/med.estrategia.com\/portal\/noticias\/prefeitura-de-itabirito-abre-concurso-publico-com-24-vagas-para-medicos\/","og_site_name":"Estrat\u00e9gia MED","article_publisher":"https:\/\/www.facebook.com\/estrategiamed1","article_published_time":"2023-05-24T16:03:55+00:00","article_modified_time":"2023-05-31T15:49:15+00:00","og_image":[{"width":1920,"height":1080,"url":"https:\/\/cdn.medblog.estrategiaeducacional.com.br\/wp-content\/uploads\/2023\/05\/itabirito_capa.jpg","type":"image\/jpeg"}],"author":"Ana Carolina Damasceno","twitter_card":"summary_large_image","twitter_creator":"@estrategiamed_","twitter_site":"@estrategiamed_","twitter_misc":{"Escrito por":"Ana Carolina Damasceno","Est. tempo de leitura":"4 minutos"},"schema":{"@context":"https:\/\/schema.org","@graph":[{"@type":"WebPage","@id":"https:\/\/med.estrategia.com\/portal\/noticias\/prefeitura-de-itabirito-abre-concurso-publico-com-24-vagas-para-medicos\/","url":"https:\/\/med.estrategia.com\/portal\/noticias\/prefeitura-de-itabirito-abre-concurso-publico-com-24-vagas-para-medicos\/","name":"Prefeitura de Itabirito abre concurso p\u00fablico com 24 vagas para m\u00e9dicos","isPartOf":{"@id":"https:\/\/med.estrategia.com\/portal\/#website"},"primaryImageOfPage":{"@id":"https:\/\/med.estrategia.com\/portal\/noticias\/prefeitura-de-itabirito-abre-concurso-publico-com-24-vagas-para-medicos\/#primaryimage"},"image":{"@id":"https:\/\/med.estrategia.com\/portal\/noticias\/prefeitura-de-itabirito-abre-concurso-publico-com-24-vagas-para-medicos\/#primaryimage"},"thumbnailUrl":"https:\/\/med.estrategia.com\/portal\/wp-content\/uploads\/2023\/05\/itabirito_capa.jpg","datePublished":"2023-05-24T16:03:55+00:00","dateModified":"2023-05-31T15:49:15+00:00","author":{"@id":"https:\/\/med.estrategia.com\/portal\/#\/schema\/person\/2f553adbb8e25fe39d145c5b2927f58c"},"description":"Com remunera\u00e7\u00f5es de R$11.182,16 e R$ 22.362,46, concurso seleciona m\u00e9dicos generalistas e especialistas. Confira o edital da Prefeitura de Itabirito","breadcrumb":{"@id":"https:\/\/med.estrategia.com\/portal\/noticias\/prefeitura-de-itabirito-abre-concurso-publico-com-24-vagas-para-medicos\/#breadcrumb"},"inLanguage":"pt-BR","potentialAction":[{"@type":"ReadAction","target":["https:\/\/med.estrategia.com\/portal\/noticias\/prefeitura-de-itabirito-abre-concurso-publico-com-24-vagas-para-medicos\/"]}]},{"@type":"ImageObject","inLanguage":"pt-BR","@id":"https:\/\/med.estrategia.com\/portal\/noticias\/prefeitura-de-itabirito-abre-concurso-publico-com-24-vagas-para-medicos\/#primaryimage","url":"https:\/\/med.estrategia.com\/portal\/wp-content\/uploads\/2023\/05\/itabirito_capa.jpg","contentUrl":"https:\/\/med.estrategia.com\/portal\/wp-content\/uploads\/2023\/05\/itabirito_capa.jpg","width":1920,"height":1080,"caption":"Cr\u00e9ditos: Estrat\u00e9gia MED e Prefeitura de Itabirito"},{"@type":"BreadcrumbList","@id":"https:\/\/med.estrategia.com\/portal\/noticias\/prefeitura-de-itabirito-abre-concurso-publico-com-24-vagas-para-medicos\/#breadcrumb","itemListElement":[{"@type":"ListItem","position":1,"name":"Home","item":"https:\/\/med.estrategia.com\/portal\/"},{"@type":"ListItem","position":2,"name":"Not\u00edcias","item":"https:\/\/med.estrategia.com\/portal\/noticias\/"},{"@type":"ListItem","position":3,"name":"Prefeitura de Itabirito abre concurso p\u00fablico com 24 vagas para m\u00e9dicos"}]},{"@type":"WebSite","@id":"https:\/\/med.estrategia.com\/portal\/#website","url":"https:\/\/med.estrategia.com\/portal\/","name":"Estrat\u00e9gia MED","description":"","potentialAction":[{"@type":"SearchAction","target":{"@type":"EntryPoint","urlTemplate":"https:\/\/med.estrategia.com\/portal\/?s={search_term_string}"},"query-input":{"@type":"PropertyValueSpecification","valueRequired":true,"valueName":"search_term_string"}}],"inLanguage":"pt-BR"},{"@type":"Person","@id":"https:\/\/med.estrategia.com\/portal\/#\/schema\/person\/2f553adbb8e25fe39d145c5b2927f58c","name":"Ana Carolina Damasceno","image":{"@type":"ImageObject","inLanguage":"pt-BR","@id":"https:\/\/med.estrategia.com\/portal\/#\/schema\/person\/image\/","url":"https:\/\/med.estrategia.com\/portal\/wp-content\/uploads\/2021\/09\/WhatsApp-Image-2023-08-18-at-16.46.43-150x150.jpeg","contentUrl":"https:\/\/med.estrategia.com\/portal\/wp-content\/uploads\/2021\/09\/WhatsApp-Image-2023-08-18-at-16.46.43-150x150.jpeg","caption":"Ana Carolina Damasceno"},"description":"Coordenadora de Jornalismo EMED. Comunicadora por natureza e forma\u00e7\u00e3o, que ama e perde a no\u00e7\u00e3o do tempo com m\u00fasica e s\u00e9rie.","url":"https:\/\/med.estrategia.com\/portal\/author\/ana-carolina-damasceno\/"}]}},"_wl_alt_label":[],"wl:entity_url":"\/post\/prefeitura-de-itabirito-abre-concurso-publico-com-24-vagas-para-medicos","_links":{"self":[{"href":"https:\/\/med.estrategia.com\/portal\/wp-json\/wp\/v2\/posts\/40246","targetHints":{"allow":["GET"]}}],"collection":[{"href":"https:\/\/med.estrategia.com\/portal\/wp-json\/wp\/v2\/posts"}],"about":[{"href":"https:\/\/med.estrategia.com\/portal\/wp-json\/wp\/v2\/types\/post"}],"author":[{"embeddable":true,"href":"https:\/\/med.estrategia.com\/portal\/wp-json\/wp\/v2\/users\/39"}],"replies":[{"embeddable":true,"href":"https:\/\/med.estrategia.com\/portal\/wp-json\/wp\/v2\/comments?post=40246"}],"version-history":[{"count":4,"href":"https:\/\/med.estrategia.com\/portal\/wp-json\/wp\/v2\/posts\/40246\/revisions"}],"predecessor-version":[{"id":40251,"href":"https:\/\/med.estrategia.com\/portal\/wp-json\/wp\/v2\/posts\/40246\/revisions\/40251"}],"wp:featuredmedia":[{"embeddable":true,"href":"https:\/\/med.estrategia.com\/portal\/wp-json\/wp\/v2\/media\/40238"}],"wp:attachment":[{"href":"https:\/\/med.estrategia.com\/portal\/wp-json\/wp\/v2\/media?parent=40246"}],"wp:term":[{"taxonomy":"category","embeddable":true,"href":"https:\/\/med.estrategia.com\/portal\/wp-json\/wp\/v2\/categories?post=40246"},{"taxonomy":"post_tag","embeddable":true,"href":"https:\/\/med.estrategia.com\/portal\/wp-json\/wp\/v2\/tags?post=40246"},{"taxonomy":"wl_entity_type","embeddable":true,"href":"https:\/\/med.estrategia.com\/portal\/wp-json\/wp\/v2\/wl_entity_type?post=40246"}],"curies":[{"name":"wp","href":"https:\/\/api.w.org\/{rel}","templated":true}]}}