{"id":40257,"date":"2023-05-24T19:49:20","date_gmt":"2023-05-24T22:49:20","guid":{"rendered":"https:\/\/med.estrategia.com\/portal\/?p=40257"},"modified":"2023-05-31T12:49:13","modified_gmt":"2023-05-31T15:49:13","slug":"edital-concurso-publico-medicos-itapetininga","status":"publish","type":"post","link":"https:\/\/med.estrategia.com\/portal\/noticias\/edital-concurso-publico-medicos-itapetininga\/","title":{"rendered":"Prefeitura de Itapetininga abre concurso p\u00fablico com sal\u00e1rio de at\u00e9 R$ 12,4 mil para m\u00e9dicos"},"content":{"rendered":"<p>O <strong>Munic&iacute;pio de<\/strong> <strong>Itapetininga<\/strong>, em <strong>S&atilde;o Paulo<\/strong>, publicou ontem (23) o edital para o concurso em cargos p&uacute;blicos. Entre as vagas, 18 s&atilde;o para m&eacute;dicos generalistas ou especialistas. O processo de sele&ccedil;&atilde;o ser&aacute; organizado pelo <strong>Instituto Mais <\/strong>e as <strong>inscri&ccedil;&otilde;es t&ecirc;m in&iacute;cio no dia 25 de maio e v&atilde;o at&eacute; 22 de junho<\/strong> por meio do <a href=\"https:\/\/www.institutomais.org.br\/Concursos\/Detalhe\/471\" target=\"_blank\">site oficial<\/a>.  <p>O processo seletivo conta com <strong>222 vagas totais<\/strong>, sendo <strong>18 para m&eacute;dicos<\/strong> generalistas ou especialistas nas mais diversas especialidades, al&eacute;m da possibilidade de forma&ccedil;&atilde;o de <strong>cadastro reserva<\/strong>.<\/p><div id=\"ez-toc-container\" class=\"ez-toc-v2_0_79_2 counter-hierarchy ez-toc-counter ez-toc-transparent ez-toc-container-direction\">\n<div class=\"ez-toc-title-container\"><p class=\"ez-toc-title\" style=\"cursor:inherit\">Navegue pelo conte\u00fado<\/p>\n<\/div><nav><ul class='ez-toc-list ez-toc-list-level-1 ' ><li class='ez-toc-page-1 ez-toc-heading-level-2'><a class=\"ez-toc-link ez-toc-heading-1\" href=\"https:\/\/med.estrategia.com\/portal\/noticias\/edital-concurso-publico-medicos-itapetininga\/#Resumo-%E2%80%93-Edital-Concurso-Publico-de-Itapetininga\" >Resumo &ndash; Edital Concurso P&uacute;blico de Itapetininga<\/a><\/li><li class='ez-toc-page-1 ez-toc-heading-level-2'><a class=\"ez-toc-link ez-toc-heading-2\" href=\"https:\/\/med.estrategia.com\/portal\/noticias\/edital-concurso-publico-medicos-itapetininga\/#Vagas-Medicos-%E2%80%93-Concurso-de-Itapetininga\" >Vagas M&eacute;dicos &ndash; Concurso de Itapetininga<\/a><\/li><li class='ez-toc-page-1 ez-toc-heading-level-2'><a class=\"ez-toc-link ez-toc-heading-3\" href=\"https:\/\/med.estrategia.com\/portal\/noticias\/edital-concurso-publico-medicos-itapetininga\/#O-processo-seletivo\" >O processo seletivo<\/a><\/li><li class='ez-toc-page-1 ez-toc-heading-level-2'><a class=\"ez-toc-link ez-toc-heading-4\" href=\"https:\/\/med.estrategia.com\/portal\/noticias\/edital-concurso-publico-medicos-itapetininga\/#Sobre-o-municipio-de-Itapetininga\" >Sobre o munic&iacute;pio de Itapetininga<\/a><\/li><li class='ez-toc-page-1 ez-toc-heading-level-2'><a class=\"ez-toc-link ez-toc-heading-5\" href=\"https:\/\/med.estrategia.com\/portal\/noticias\/edital-concurso-publico-medicos-itapetininga\/#Evento-EMED-Webinario-%E2%80%93-Prefeitura-de-Itapetininga\" >Evento EMED: Webin&aacute;rio &ndash; Prefeitura de Itapetininga<\/a><\/li><li class='ez-toc-page-1 ez-toc-heading-level-2'><a class=\"ez-toc-link ez-toc-heading-6\" href=\"https:\/\/med.estrategia.com\/portal\/noticias\/edital-concurso-publico-medicos-itapetininga\/#Como-se-preparar-para-o-concurso-publico-de-Itapetininga\" >Como se preparar para o concurso p&uacute;blico de Itapetininga<\/a><\/li><\/ul><\/nav><\/div>\n<h2 class=\"wp-block-heading\" id=\"h-resumo-edital-concurso-publico-de-itapetininga\"><span class=\"ez-toc-section\" id=\"Resumo-%E2%80%93-Edital-Concurso-Publico-de-Itapetininga\"><\/span>Resumo &ndash; Edital Concurso P&uacute;blico de Itapetininga<span class=\"ez-toc-section-end\"><\/span><\/h2><figure class=\"wp-block-table\"><table><tbody><tr><td>Vagas ofertadas para m&eacute;dicos<\/td><td class=\"has-text-align-center\" data-align=\"center\">18<\/td><\/tr><tr><td>Remunera&ccedil;&atilde;o<\/td><td class=\"has-text-align-center\" data-align=\"center\">R$103,86 reais a hora, sendo o m&iacute;nimo trabalhado de 50h e m&aacute;ximo 120h mensais, ou seja, remunera&ccedil;&atilde;o mensal de R$5.193,00 a R$12.463,20<\/td><\/tr><tr><td>Etapas<\/td><td class=\"has-text-align-center\" data-align=\"center\">Prova Objetiva + Prova de T&iacute;tulos<\/td><\/tr><tr><td>Per&iacute;odo de inscri&ccedil;&otilde;es<\/td><td class=\"has-text-align-center\" data-align=\"center\">25\/05 a 22\/06\/2023<\/td><\/tr><tr><td>Valor da taxa<\/td><td class=\"has-text-align-center\" data-align=\"center\">R$ 69,00<\/td><\/tr><tr><td>Per&iacute;odo para solicita&ccedil;&atilde;o de isen&ccedil;&atilde;o da taxa de inscri&ccedil;&atilde;o<\/td><td class=\"has-text-align-center\" data-align=\"center\">25 a 26\/05\/2023<\/td><\/tr><tr><td>Aplica&ccedil;&atilde;o das provas<\/td><td class=\"has-text-align-center\" data-align=\"center\">16\/07\/2023, na parte da manh&atilde; para m&eacute;dicos generalistas e na parte da tarde para m&eacute;dicos especialistas<\/td><\/tr><tr><td>Recursos contra a prova<\/td><td class=\"has-text-align-center\" data-align=\"center\">17 e 18\/07\/2023<\/td><\/tr><tr><td>Gabarito preliminar<\/td><td class=\"has-text-align-center\" data-align=\"center\">17\/07\/2023<\/td><\/tr><tr><td>Recursos contra o gabarito<\/td><td class=\"has-text-align-center\" data-align=\"center\">18 e 19\/07\/2023<\/td><\/tr><tr><td>Resultado dos recursos e resultado parcial das provas<\/td><td class=\"has-text-align-center\" data-align=\"center\">18\/08\/2023<\/td><\/tr><tr><td>Recurso contra o resultado provis&oacute;rio<\/td><td class=\"has-text-align-center\" data-align=\"center\">21 e 22\/08\/2023<\/td><\/tr><tr><td>Resultado final da prova objetiva e convoca&ccedil;&atilde;o para entrega de t&iacute;tulos<\/td><td class=\"has-text-align-center\" data-align=\"center\">01\/09\/2023<\/td><\/tr><tr><td>Envio dos t&iacute;tulos<\/td><td class=\"has-text-align-center\" data-align=\"center\">04 a 06\/09\/2023<\/td><\/tr><tr><td>Resultado preliminar das provas de t&iacute;tulo<\/td><td class=\"has-text-align-center\" data-align=\"center\">22\/09\/2023<\/td><\/tr><tr><td>Recursos<\/td><td class=\"has-text-align-center\" data-align=\"center\">25 e 26\/09\/2023<\/td><\/tr><tr><td>Resultado final<\/td><td class=\"has-text-align-center\" data-align=\"center\">29\/09\/2023<\/td><\/tr><\/tbody><\/table><figcaption class=\"wp-element-caption\">A defini&ccedil;&atilde;o das demais datas est&aacute; sob responsabilidade da Prefeitura de Itapetininga<\/figcaption><\/figure><div class=\"wp-block-buttons is-content-justification-center is-layout-flex wp-container-core-buttons-is-layout-1 wp-block-buttons-is-layout-flex\">\n<div class=\"wp-block-button\"><a class=\"wp-block-button__link wp-element-button\" href=\"https:\/\/med.estrategia.com\/portal\/wp-content\/uploads\/2023\/05\/CP_01_2023_PM_Itapetininga_Edital-Retificado_01_23_05_2023-1.pdf\" target=\"_blank\">Edital Munic&iacute;pio de Itapetininga<\/a><\/div>\n<\/div><p>\n\n\n<div id=\"new-form\">\n\t<form id=\"forms_layout\">\n\t<input type=\"hidden\" id=\"chave_de\" name=\"chave_de\" value=\"01_EMED_LEADS_TOTAIS\" \/>\n\t\t<input type=\"hidden\" id=\"mid\" name=\"mid\" value=\"515009018\" \/>\n\t\t<input type=\"hidden\" id=\"Objetivo\" name=\"Objetivo\" value=\"Medicina\" \/>\n\t\t<input type=\"hidden\" id=\"Estado_de_Origem_do_IP\" name=\"Estado_de_Origem_do_IP\"  value=\"\" \/>\n\t\t<input type=\"hidden\" id=\"Cidade_de_Origem_do_IP\" name=\"Cidade_de_Origem_do_IP\" value=\"\" \/>\n\t\t<input type=\"hidden\" id=\"Modo_de_entrada\" name=\"Modo_de_entrada\" value=\"Portal\" \/>\n\t\t<input type=\"hidden\" id=\"Pagina_Origem\" name=\"Pagina_Origem\" value=\"\" \/>\n\n\t\t<div class=\"texto\">\n\t\t\t<h3 class=\"news\">Inscreva-se em nossa newsletter!<\/h3>\n\t\t\t<p>Receba not\u00edcias sobre resid\u00eancia m\u00e9dica, revalida\u00e7\u00e3o de diplomas e concursos m\u00e9dicos, al\u00e9m de materiais de estudo gratuitos e informa\u00e7\u00f5es relevantes do mundo da Medicina.<\/p>\n\t\t<\/div>\n\t\t<div class=\"campos\">\n\t\t\t<div class=\"first_name labels\">\n\t\t\t\t<input type=\"text\" class=\"input_labels\" id=\"first_name\" name=\"Nome_Completo\" placeholder=\"Nome\" required \/>\n\t\t\t<\/div>\n\t\t\t<div class=\"email labels\">\n\t\t\t\t<input type=\"email\" class=\"input_labels\" id=\"email\" name=\"Email\" placeholder=\"E-mail\" required \/>\n\t\t\t<\/div>\n\t\t\t<button type=\"submit\" class=\"button_layout\">\n\t\t\t\t<div id=\"lblBotao\">Inscreva-se<\/div>\n\t\t\t\t<span id=\"divSpiner\" class=\"loader\" role=\"status\" style=\"display: none;\"><\/span>\t\n\t\t\t<\/button>\n\t\t<\/div><!-- \/campos -->\n\t\t\n\t\t<label class=\"container_checkbox\">Voc\u00ea concorda com a nossa\n\t\t\t<a class=\"politics_privacy_ahref\" target=\"_blank\" href=\"https:\/\/gratis.estrategiaconcursos.com.br\/politica-de-privacidade\/\">Pol\u00edtica de Privacidade<\/a> e aceita receber informa\u00e7\u00f5es adicionais do Estrat\u00e9gia Educacional.\n\t\t\t<input id=\"checkbox_layout\" type=\"checkbox\" checked=\"checked\" required \/>\n\t\t\t<span class=\"checkbox\"><\/span>\n\t\t<\/label>\n\t\t<div id=\"msg\"><\/div>\n\t\t<div id=\"error\" class=\"error\">\n\t\t<\/div>\n\t<\/form>\n<\/div><!-- \/new-form -->\n\n\n\n<\/p><h2 class=\"wp-block-heading\"><span class=\"ez-toc-section\" id=\"Vagas-Medicos-%E2%80%93-Concurso-de-Itapetininga\"><\/span>Vagas M&eacute;dicos &ndash; Concurso de Itapetininga<span class=\"ez-toc-section-end\"><\/span><\/h2><figure class=\"wp-block-table\"><table><thead><tr><th>CARGO<\/th><th class=\"has-text-align-center\" data-align=\"center\">VAGAS<\/th><th class=\"has-text-align-center\" data-align=\"center\">CADASTRO RESERVA<\/th><\/tr><\/thead><tbody><tr><td>M&eacute;dico Cardiologista<\/td><td class=\"has-text-align-center\" data-align=\"center\">01<\/td><td class=\"has-text-align-center\" data-align=\"center\">08<\/td><\/tr><tr><td>M&eacute;dico Dermatologista<\/td><td class=\"has-text-align-center\" data-align=\"center\">01<\/td><td class=\"has-text-align-center\" data-align=\"center\">08<\/td><\/tr><tr><td>M&eacute;dico Endocrinologista<\/td><td class=\"has-text-align-center\" data-align=\"center\">01<\/td><td class=\"has-text-align-center\" data-align=\"center\">08<\/td><\/tr><tr><td>M&eacute;dico Gastroenterologista<\/td><td class=\"has-text-align-center\" data-align=\"center\">01<\/td><td class=\"has-text-align-center\" data-align=\"center\">08<\/td><\/tr><tr><td>M&eacute;dico Generalista<\/td><td class=\"has-text-align-center\" data-align=\"center\">02<\/td><td class=\"has-text-align-center\" data-align=\"center\">07<\/td><\/tr><tr><td>M&eacute;dico Geriatra<\/td><td class=\"has-text-align-center\" data-align=\"center\">01<\/td><td class=\"has-text-align-center\" data-align=\"center\">08<\/td><\/tr><tr><td>M&eacute;dico Ginecologista Obstetra<\/td><td class=\"has-text-align-center\" data-align=\"center\">01<\/td><td class=\"has-text-align-center\" data-align=\"center\">08<\/td><\/tr><tr><td>M&eacute;dico Nefrologista<\/td><td class=\"has-text-align-center\" data-align=\"center\">01<\/td><td class=\"has-text-align-center\" data-align=\"center\">08<\/td><\/tr><tr><td>M&eacute;dico Neurologista infantil<\/td><td class=\"has-text-align-center\" data-align=\"center\">01<\/td><td class=\"has-text-align-center\" data-align=\"center\">08<\/td><\/tr><tr><td>M&eacute;dico Oftalmologista<\/td><td class=\"has-text-align-center\" data-align=\"center\">01<\/td><td class=\"has-text-align-center\" data-align=\"center\">08<\/td><\/tr><tr><td>M&eacute;dico Ortopedista<\/td><td class=\"has-text-align-center\" data-align=\"center\">01<\/td><td class=\"has-text-align-center\" data-align=\"center\">08<\/td><\/tr><tr><td>M&eacute;dico Otorrinolaringologista<\/td><td class=\"has-text-align-center\" data-align=\"center\">01<\/td><td class=\"has-text-align-center\" data-align=\"center\">08<\/td><\/tr><tr><td>M&eacute;dico Pediatra<\/td><td class=\"has-text-align-center\" data-align=\"center\">02<\/td><td class=\"has-text-align-center\" data-align=\"center\">07<\/td><\/tr><tr><td>M&eacute;dico Psiquiatra<\/td><td class=\"has-text-align-center\" data-align=\"center\">01<\/td><td class=\"has-text-align-center\" data-align=\"center\">08<\/td><\/tr><tr><td>M&eacute;dico Urologista<\/td><td class=\"has-text-align-center\" data-align=\"center\">01<\/td><td class=\"has-text-align-center\" data-align=\"center\">08<\/td><\/tr><tr><td>M&eacute;dico Vascular<\/td><td class=\"has-text-align-center\" data-align=\"center\">01<\/td><td class=\"has-text-align-center\" data-align=\"center\">08<\/td><\/tr><\/tbody><\/table><\/figure><h2 class=\"wp-block-heading\" id=\"h-o-processo-seletivo\"><span class=\"ez-toc-section\" id=\"O-processo-seletivo\"><\/span>O processo seletivo <span class=\"ez-toc-section-end\"><\/span><\/h2><p>O processo seletivo para os cargos m&eacute;dicos ser&aacute; composto por uma prova objetiva, de car&aacute;ter eliminat&oacute;rio e classificat&oacute;rio, e por uma prova de t&iacute;tulos. A primeira fase ser&aacute; aplicada no dia <strong>16 de julho de 2023<\/strong>, na parte da manh&atilde; para m&eacute;dicos generalistas e na parte da tarde para m&eacute;dicos especialistas.<\/p><p>As provas acontecer&atilde;o na cidade de Itapetininga, em S&atilde;o Paulo, e ser&atilde;o composta por <strong>40 quest&otilde;es de m&uacute;ltipla escolha<\/strong>, com quatro alternativas cada e apenas uma resposta correta, sendo 3 horas o tempo m&aacute;ximo para resulu&ccedil;&atilde;o das quest&otilde;es.<\/p><p>O candidato deve comparecer ao local de prova com anteced&ecirc;ncia m&iacute;nima de 30 minutos, portando caneta esferogr&aacute;fica transparente de tinta azul ou preta. <\/p><p>A<strong> pontua&ccedil;&atilde;o m&aacute;xima da prova ser&aacute; de 100 pontos<\/strong>, utilizando o Escore Bruto, ou seja, o n&uacute;mero de acertos que o candidato obteve na prova. Confira quais disciplinas ir&atilde;o compor a avalia&ccedil;&atilde;o e o n&uacute;mero de quest&otilde;es previstas para cada uma:<\/p><figure class=\"wp-block-table\"><table><thead><tr><th>&Aacute;REA DO CONHECIMENTO<\/th><th class=\"has-text-align-center\" data-align=\"center\">N&ordm; DE QUEST&Otilde;ES<\/th><\/tr><\/thead><tbody><tr><td>L&iacute;ngua Portuguesa<\/td><td class=\"has-text-align-center\" data-align=\"center\">05<\/td><\/tr><tr><td>Pol&iacute;ticas de Sa&uacute;de<\/td><td class=\"has-text-align-center\" data-align=\"center\">07<\/td><\/tr><tr><td>Cl&iacute;nica M&eacute;dica<\/td><td class=\"has-text-align-center\" data-align=\"center\">08<\/td><\/tr><tr><td>Conhecimentos Espec&iacute;ficos<\/td><td class=\"has-text-align-center\" data-align=\"center\">20<\/td><\/tr><\/tbody><\/table><\/figure><p>Ser&aacute; considerado aprovado na etapa o candidato que obtiver, no m&iacute;nimo, <strong>50 pontos na Prova Objetiva<\/strong>. <\/p><p>Ap&oacute;s a prova objetiva, os candidatos seguem para a prova de t&iacute;tulos, a avalia&ccedil;&atilde;o de documentos espec&iacute;ficos. O envio dos t&iacute;tulos ocorrer&aacute; entre 4 e 6 de setembro de 2023. A etapa, que possui pontua&ccedil;&atilde;o m&aacute;xima de 10 pontos, avaliar&aacute; os seguintes itens: <\/p><figure class=\"wp-block-table\"><table><thead><tr><th class=\"has-text-align-center\" data-align=\"center\">AVALIA&Ccedil;&Atilde;O DE T&Iacute;TULOS<\/th><th class=\"has-text-align-center\" data-align=\"center\">VALOR UNIT&Aacute;RIO<\/th><th class=\"has-text-align-center\" data-align=\"center\">QUANTIDADE M&Aacute;XIMA<\/th><th class=\"has-text-align-center\" data-align=\"center\">VALOR M&Aacute;XIMO<\/th><\/tr><\/thead><tbody><tr><td class=\"has-text-align-center\" data-align=\"center\">a) <strong>T&iacute;tulo de Doutor na &Aacute;rea da Sa&uacute;de<\/strong><\/td><td class=\"has-text-align-center\" data-align=\"center\">4 pontos<\/td><td class=\"has-text-align-center\" data-align=\"center\">01 <\/td><td class=\"has-text-align-center\" data-align=\"center\">4 pontos<\/td><\/tr><tr><td class=\"has-text-align-center\" data-align=\"center\">b) <strong>T&iacute;tulo de Mestre na &Aacute;rea da Sa&uacute;de<\/strong><\/td><td class=\"has-text-align-center\" data-align=\"center\">2 pontos<\/td><td class=\"has-text-align-center\" data-align=\"center\">01<\/td><td class=\"has-text-align-center\" data-align=\"center\">2 pontos<\/td><\/tr><tr><td class=\"has-text-align-center\" data-align=\"center\">c) <strong>Conclus&atilde;o do Curso de Resid&ecirc;ncia M&eacute;dica<\/strong><\/td><td class=\"has-text-align-center\" data-align=\"center\">1,5 pontos<strong><br><\/strong>por resid&ecirc;ncia enviada<\/td><td class=\"has-text-align-center\" data-align=\"center\">02<\/td><td class=\"has-text-align-center\" data-align=\"center\">3 pontos<\/td><\/tr><tr><td class=\"has-text-align-center\" data-align=\"center\">d) <strong>P&oacute;s-Gradua&ccedil;&atilde;o Lato Sensu (Especializa&ccedil;&atilde;o) na &Aacute;rea da Sa&uacute;de<\/strong>, com <strong>carga hor&aacute;ria m&iacute;nima de 360 horas<\/strong><\/td><td class=\"has-text-align-center\" data-align=\"center\">0,5 ponto por p&oacute;s-gradua&ccedil;&atilde;o enviada<\/td><td class=\"has-text-align-center\" data-align=\"center\">02<\/td><td class=\"has-text-align-center\" data-align=\"center\">1 ponto<\/td><\/tr><\/tbody><\/table><figcaption class=\"wp-element-caption\">Todos os documentos devem estar conclu&iacute;dos <strong>at&eacute; a data da apresenta&ccedil;&atilde;o dos T&iacute;tulos<\/strong> e devem ser oriundos de Institui&ccedil;&atilde;o Oficial reconhecida pelo Minist&eacute;rio da Educa&ccedil;&atilde;o (MEC).<\/figcaption><\/figure><h2 class=\"wp-block-heading\" id=\"h-sobre-o-municipio-de-itapetininga\"><span class=\"ez-toc-section\" id=\"Sobre-o-municipio-de-Itapetininga\"><\/span>Sobre o munic&iacute;pio de Itapetininga<span class=\"ez-toc-section-end\"><\/span><\/h2><p>Situado na <strong>Regi&atilde;o Metropolitana de Sorocaba<\/strong>, o munic&iacute;pio de <strong>Itapetininga<\/strong> tem popula&ccedil;&atilde;o estimada de <strong>167.106 habitantes<\/strong>, segundo dados do Instituto Brasileiro de Geografia e Estat&iacute;stica (IBGE) de 2021. Itapetininga fica a <strong>144 km<\/strong> de dist&acirc;ncia <strong>da cidade de S&atilde;o Paulo<\/strong>.  <\/p><p>Ainda de acordo com o IBGE, segundo dados de 2020, o <strong>PIB per capta <\/strong>da cidade &eacute; de <strong>R$32.215,54<\/strong>. No levantamento mais recente do &oacute;rg&atilde;o, de 2009, o IBGE atestou o funcionamento de <strong>48 estabelecimentos de sa&uacute;de ligados ao SUS<\/strong> em Itapetininga. <\/p><h2 class=\"wp-block-heading\" id=\"h-evento-emed-webinario-prefeitura-de-itapetininga\"><span class=\"ez-toc-section\" id=\"Evento-EMED-Webinario-%E2%80%93-Prefeitura-de-Itapetininga\"><\/span>Evento EMED: Webin&aacute;rio &ndash; Prefeitura de Itapetininga<span class=\"ez-toc-section-end\"><\/span><\/h2><p>No dia&nbsp;<strong>29 de maio, a partir das 19h15<\/strong>, acompanhe o Prof. Jo&atilde;o Paulo Telles&nbsp;<a href=\"https:\/\/www.youtube.com\/c\/Estrat%C3%A9giaMED\" target=\"_blank\">em nosso canal do Youtube<\/a>&nbsp;para conferir as<strong>&nbsp;informa&ccedil;&otilde;es completas<\/strong>&nbsp;sobre o concurso p&uacute;blico da Prefeitura de Itapetininga.<br><br>Aproveite e e n&atilde;o se esque&ccedil;a de&nbsp;<strong>se inscrever em nosso canal e ativar o sino de notifica&ccedil;&atilde;o<\/strong>&nbsp;para n&atilde;o perder nenhuma&nbsp;<strong>novidades sobre concursos p&uacute;blicos com cargos m&eacute;dicos, atualiza&ccedil;&otilde;es m&eacute;dicas e muito mais!<\/strong><\/p><figure class=\"wp-block-embed is-type-video is-provider-youtube wp-block-embed-youtube wp-embed-aspect-16-9 wp-has-aspect-ratio\"><div class=\"wp-block-embed__wrapper\">\n<div class=\"cs-embed cs-embed-responsive\"><iframe title=\"Saiba tudo sobre o Concurso para M&eacute;dicos da Prefeitura de Itapetininga (SP)\" width=\"1200\" height=\"675\" src=\"https:\/\/www.youtube.com\/embed\/5byeA7QzjmM?feature=oembed\" frameborder=\"0\" allow=\"accelerometer; autoplay; clipboard-write; encrypted-media; gyroscope; picture-in-picture; web-share\" allowfullscreen><\/iframe><\/div>\n<\/div><\/figure><h2 class=\"wp-block-heading\" id=\"h-como-se-preparar-para-o-concurso-publico-de-itapetininga\"><span class=\"ez-toc-section\" id=\"Como-se-preparar-para-o-concurso-publico-de-Itapetininga\"><\/span>Como se preparar para o concurso p&uacute;blico de Itapetininga<span class=\"ez-toc-section-end\"><\/span><\/h2><p>Com o&nbsp;<strong>Sprint Concursos M&eacute;dicos do Estrat&eacute;gia MED<\/strong>&nbsp;voc&ecirc; ter&aacute; a disposi&ccedil;&atilde;o&nbsp;<strong>1.500 quest&otilde;es com foco em concursos p&uacute;blicos com cargos m&eacute;dicos<\/strong>&nbsp;incluindo as disciplinas mais cobradas neste tipo de sele&ccedil;&atilde;o: Portugu&ecirc;s, Legisla&ccedil;&atilde;o e claro, Medicina.<\/p><div class=\"wp-block-buttons is-content-justification-center is-layout-flex wp-container-core-buttons-is-layout-2 wp-block-buttons-is-layout-flex\">\n<div class=\"wp-block-button\"><a class=\"wp-block-button__link wp-element-button\" href=\"https:\/\/med.estrategia.com\/curso\/sprint-concursos-medicos\/\" target=\"_blank\"><strong>SPRINT CONCURSOS M&Eacute;DICOS<\/strong><\/a><\/div>\n<\/div><p>Conhe&ccedil;a tamb&eacute;m o nosso&nbsp;<strong>Banco de Quest&otilde;es,<\/strong>&nbsp;que atualmente conta com mais de&nbsp;<strong>189 mil quest&otilde;es cadastradas<\/strong>&nbsp;e n&atilde;o para de crescer. Vem ser coruja!<\/p><p>\n\n\n\n\n\n<a id=\"cta\" class=\"cta-imagem\" href=\"https:\/\/med.estrategia.com\/curso\/banco-de-questes-resumos-estrategicos-anual\/\" target=\"blank\">\n                <img decoding=\"async\" width=\"100%\" src=\"https:\/\/med.estrategia.com\/portal\/wp-content\/uploads\/2025\/08\/banco_questoes.png\" alt=\"banco_questoes\" title=\"banco_questoes\">\n        <\/a>\n\n\n\n\n\n<a id=\"cta\" class=\"cta-imagem\" href=\"https:\/\/med.estrategia.com\/curso\/banco-de-questes-resumos-estrategicos-anual\/\" target=\"blank\">\n                <img decoding=\"async\" width=\"100%\" src=\"https:\/\/med.estrategia.com\/portal\/wp-content\/uploads\/2025\/08\/banco_questoes.png\" alt=\"banco_questoes\" title=\"banco_questoes\">\n        <\/a>\n<\/p><\/p>\n","protected":false},"excerpt":{"rendered":"Edital conta com vagas para generalistas, cardiologista, dermatologista, endocrinologista, gastroenterologista, geriatra, entre outros\n","protected":false},"author":22,"featured_media":40239,"comment_status":"closed","ping_status":"closed","sticky":false,"template":"","format":"standard","meta":{"wl_entities_gutenberg":"","footnotes":""},"categories":[474,300],"tags":[477,478],"wl_entity_type":[199],"class_list":{"0":"post-40257","1":"post","2":"type-post","3":"status-publish","4":"format-standard","5":"has-post-thumbnail","7":"category-concursos","8":"category-noticias","9":"tag-concurso","10":"tag-medico","11":"wl_entity_type-article"},"acf":[],"yoast_head":"<!-- This site is optimized with the Yoast SEO Premium plugin v26.6 (Yoast SEO v26.6) - https:\/\/yoast.com\/wordpress\/plugins\/seo\/ -->\n<title>Itapetininga abre concurso com sal\u00e1rio de R$12,4 mil para m\u00e9dicos<\/title>\n<meta name=\"description\" content=\"Confira mais informa\u00e7\u00f5es sobre o edital rec\u00e9m-divulgado para o concurso p\u00fablico da Prefeitura de Itapetininga com 18 vagas para m\u00e9dicos.\" \/>\n<meta name=\"robots\" content=\"index, follow, max-snippet:-1, max-image-preview:large, max-video-preview:-1\" \/>\n<link rel=\"canonical\" href=\"https:\/\/med.estrategia.com\/portal\/noticias\/edital-concurso-publico-medicos-itapetininga\/\" \/>\n<meta property=\"og:locale\" content=\"pt_BR\" \/>\n<meta property=\"og:type\" content=\"article\" \/>\n<meta property=\"og:title\" content=\"Prefeitura de Itapetininga abre concurso p\u00fablico com sal\u00e1rio de at\u00e9 R$ 12,4 mil para m\u00e9dicos\" \/>\n<meta property=\"og:description\" content=\"Confira mais informa\u00e7\u00f5es sobre o edital rec\u00e9m-divulgado para o concurso p\u00fablico da Prefeitura de Itapetininga com 18 vagas para m\u00e9dicos.\" \/>\n<meta property=\"og:url\" content=\"https:\/\/med.estrategia.com\/portal\/noticias\/edital-concurso-publico-medicos-itapetininga\/\" \/>\n<meta property=\"og:site_name\" content=\"Estrat\u00e9gia MED\" \/>\n<meta property=\"article:publisher\" content=\"https:\/\/www.facebook.com\/estrategiamed1\" \/>\n<meta property=\"article:published_time\" content=\"2023-05-24T22:49:20+00:00\" \/>\n<meta property=\"article:modified_time\" content=\"2023-05-31T15:49:13+00:00\" \/>\n<meta property=\"og:image\" content=\"https:\/\/cdn.medblog.estrategiaeducacional.com.br\/wp-content\/uploads\/2023\/05\/itapetininga_capa.jpg\" \/>\n\t<meta property=\"og:image:width\" content=\"1920\" \/>\n\t<meta property=\"og:image:height\" content=\"1080\" \/>\n\t<meta property=\"og:image:type\" content=\"image\/jpeg\" \/>\n<meta name=\"author\" content=\"Erika Coelho\" \/>\n<meta name=\"twitter:card\" content=\"summary_large_image\" \/>\n<meta name=\"twitter:creator\" content=\"@estrategiamed_\" \/>\n<meta name=\"twitter:site\" content=\"@estrategiamed_\" \/>\n<meta name=\"twitter:label1\" content=\"Escrito por\" \/>\n\t<meta name=\"twitter:data1\" content=\"Erika Coelho\" \/>\n\t<meta name=\"twitter:label2\" content=\"Est. tempo de leitura\" \/>\n\t<meta name=\"twitter:data2\" content=\"5 minutos\" \/>\n<script type=\"application\/ld+json\" class=\"yoast-schema-graph\">{\"@context\":\"https:\/\/schema.org\",\"@graph\":[{\"@type\":\"WebPage\",\"@id\":\"https:\/\/med.estrategia.com\/portal\/noticias\/edital-concurso-publico-medicos-itapetininga\/\",\"url\":\"https:\/\/med.estrategia.com\/portal\/noticias\/edital-concurso-publico-medicos-itapetininga\/\",\"name\":\"Itapetininga abre concurso com sal\u00e1rio de R$12,4 mil para m\u00e9dicos\",\"isPartOf\":{\"@id\":\"https:\/\/med.estrategia.com\/portal\/#website\"},\"primaryImageOfPage\":{\"@id\":\"https:\/\/med.estrategia.com\/portal\/noticias\/edital-concurso-publico-medicos-itapetininga\/#primaryimage\"},\"image\":{\"@id\":\"https:\/\/med.estrategia.com\/portal\/noticias\/edital-concurso-publico-medicos-itapetininga\/#primaryimage\"},\"thumbnailUrl\":\"https:\/\/med.estrategia.com\/portal\/wp-content\/uploads\/2023\/05\/itapetininga_capa.jpg\",\"datePublished\":\"2023-05-24T22:49:20+00:00\",\"dateModified\":\"2023-05-31T15:49:13+00:00\",\"author\":{\"@id\":\"https:\/\/med.estrategia.com\/portal\/#\/schema\/person\/8e7c9b2f53f2eede3b8880ad86ff20a3\"},\"description\":\"Confira mais informa\u00e7\u00f5es sobre o edital rec\u00e9m-divulgado para o concurso p\u00fablico da Prefeitura de Itapetininga com 18 vagas para m\u00e9dicos.\",\"breadcrumb\":{\"@id\":\"https:\/\/med.estrategia.com\/portal\/noticias\/edital-concurso-publico-medicos-itapetininga\/#breadcrumb\"},\"inLanguage\":\"pt-BR\",\"potentialAction\":[{\"@type\":\"ReadAction\",\"target\":[\"https:\/\/med.estrategia.com\/portal\/noticias\/edital-concurso-publico-medicos-itapetininga\/\"]}]},{\"@type\":\"ImageObject\",\"inLanguage\":\"pt-BR\",\"@id\":\"https:\/\/med.estrategia.com\/portal\/noticias\/edital-concurso-publico-medicos-itapetininga\/#primaryimage\",\"url\":\"https:\/\/med.estrategia.com\/portal\/wp-content\/uploads\/2023\/05\/itapetininga_capa.jpg\",\"contentUrl\":\"https:\/\/med.estrategia.com\/portal\/wp-content\/uploads\/2023\/05\/itapetininga_capa.jpg\",\"width\":1920,\"height\":1080,\"caption\":\"Cr\u00e9ditos: Munic\u00edpio de Itapetininga e Estrat\u00e9gia MED\"},{\"@type\":\"BreadcrumbList\",\"@id\":\"https:\/\/med.estrategia.com\/portal\/noticias\/edital-concurso-publico-medicos-itapetininga\/#breadcrumb\",\"itemListElement\":[{\"@type\":\"ListItem\",\"position\":1,\"name\":\"Home\",\"item\":\"https:\/\/med.estrategia.com\/portal\/\"},{\"@type\":\"ListItem\",\"position\":2,\"name\":\"Not\u00edcias\",\"item\":\"https:\/\/med.estrategia.com\/portal\/noticias\/\"},{\"@type\":\"ListItem\",\"position\":3,\"name\":\"Prefeitura de Itapetininga abre concurso p\u00fablico com sal\u00e1rio de at\u00e9 R$ 12,4 mil para m\u00e9dicos\"}]},{\"@type\":\"WebSite\",\"@id\":\"https:\/\/med.estrategia.com\/portal\/#website\",\"url\":\"https:\/\/med.estrategia.com\/portal\/\",\"name\":\"Estrat\u00e9gia MED\",\"description\":\"\",\"potentialAction\":[{\"@type\":\"SearchAction\",\"target\":{\"@type\":\"EntryPoint\",\"urlTemplate\":\"https:\/\/med.estrategia.com\/portal\/?s={search_term_string}\"},\"query-input\":{\"@type\":\"PropertyValueSpecification\",\"valueRequired\":true,\"valueName\":\"search_term_string\"}}],\"inLanguage\":\"pt-BR\"},{\"@type\":\"Person\",\"@id\":\"https:\/\/med.estrategia.com\/portal\/#\/schema\/person\/8e7c9b2f53f2eede3b8880ad86ff20a3\",\"name\":\"Erika Coelho\",\"image\":{\"@type\":\"ImageObject\",\"inLanguage\":\"pt-BR\",\"@id\":\"https:\/\/med.estrategia.com\/portal\/#\/schema\/person\/image\/\",\"url\":\"https:\/\/secure.gravatar.com\/avatar\/8ef9ff2e2fa53829c640cca8d1a45178?s=96&d=mm&r=g\",\"contentUrl\":\"https:\/\/secure.gravatar.com\/avatar\/8ef9ff2e2fa53829c640cca8d1a45178?s=96&d=mm&r=g\",\"caption\":\"Erika Coelho\"},\"description\":\"Jornalista pela Universidade Presbiteriana Mackenzie, escrevo sobre educa\u00e7\u00e3o, sa\u00fade e pol\u00edticas p\u00fablicas\",\"url\":\"https:\/\/med.estrategia.com\/portal\/author\/erika\/\"}]}<\/script>\n<!-- \/ Yoast SEO Premium plugin. -->","yoast_head_json":{"title":"Itapetininga abre concurso com sal\u00e1rio de R$12,4 mil para m\u00e9dicos","description":"Confira mais informa\u00e7\u00f5es sobre o edital rec\u00e9m-divulgado para o concurso p\u00fablico da Prefeitura de Itapetininga com 18 vagas para m\u00e9dicos.","robots":{"index":"index","follow":"follow","max-snippet":"max-snippet:-1","max-image-preview":"max-image-preview:large","max-video-preview":"max-video-preview:-1"},"canonical":"https:\/\/med.estrategia.com\/portal\/noticias\/edital-concurso-publico-medicos-itapetininga\/","og_locale":"pt_BR","og_type":"article","og_title":"Prefeitura de Itapetininga abre concurso p\u00fablico com sal\u00e1rio de at\u00e9 R$ 12,4 mil para m\u00e9dicos","og_description":"Confira mais informa\u00e7\u00f5es sobre o edital rec\u00e9m-divulgado para o concurso p\u00fablico da Prefeitura de Itapetininga com 18 vagas para m\u00e9dicos.","og_url":"https:\/\/med.estrategia.com\/portal\/noticias\/edital-concurso-publico-medicos-itapetininga\/","og_site_name":"Estrat\u00e9gia MED","article_publisher":"https:\/\/www.facebook.com\/estrategiamed1","article_published_time":"2023-05-24T22:49:20+00:00","article_modified_time":"2023-05-31T15:49:13+00:00","og_image":[{"width":1920,"height":1080,"url":"https:\/\/cdn.medblog.estrategiaeducacional.com.br\/wp-content\/uploads\/2023\/05\/itapetininga_capa.jpg","type":"image\/jpeg"}],"author":"Erika Coelho","twitter_card":"summary_large_image","twitter_creator":"@estrategiamed_","twitter_site":"@estrategiamed_","twitter_misc":{"Escrito por":"Erika Coelho","Est. tempo de leitura":"5 minutos"},"schema":{"@context":"https:\/\/schema.org","@graph":[{"@type":"WebPage","@id":"https:\/\/med.estrategia.com\/portal\/noticias\/edital-concurso-publico-medicos-itapetininga\/","url":"https:\/\/med.estrategia.com\/portal\/noticias\/edital-concurso-publico-medicos-itapetininga\/","name":"Itapetininga abre concurso com sal\u00e1rio de R$12,4 mil para m\u00e9dicos","isPartOf":{"@id":"https:\/\/med.estrategia.com\/portal\/#website"},"primaryImageOfPage":{"@id":"https:\/\/med.estrategia.com\/portal\/noticias\/edital-concurso-publico-medicos-itapetininga\/#primaryimage"},"image":{"@id":"https:\/\/med.estrategia.com\/portal\/noticias\/edital-concurso-publico-medicos-itapetininga\/#primaryimage"},"thumbnailUrl":"https:\/\/med.estrategia.com\/portal\/wp-content\/uploads\/2023\/05\/itapetininga_capa.jpg","datePublished":"2023-05-24T22:49:20+00:00","dateModified":"2023-05-31T15:49:13+00:00","author":{"@id":"https:\/\/med.estrategia.com\/portal\/#\/schema\/person\/8e7c9b2f53f2eede3b8880ad86ff20a3"},"description":"Confira mais informa\u00e7\u00f5es sobre o edital rec\u00e9m-divulgado para o concurso p\u00fablico da Prefeitura de Itapetininga com 18 vagas para m\u00e9dicos.","breadcrumb":{"@id":"https:\/\/med.estrategia.com\/portal\/noticias\/edital-concurso-publico-medicos-itapetininga\/#breadcrumb"},"inLanguage":"pt-BR","potentialAction":[{"@type":"ReadAction","target":["https:\/\/med.estrategia.com\/portal\/noticias\/edital-concurso-publico-medicos-itapetininga\/"]}]},{"@type":"ImageObject","inLanguage":"pt-BR","@id":"https:\/\/med.estrategia.com\/portal\/noticias\/edital-concurso-publico-medicos-itapetininga\/#primaryimage","url":"https:\/\/med.estrategia.com\/portal\/wp-content\/uploads\/2023\/05\/itapetininga_capa.jpg","contentUrl":"https:\/\/med.estrategia.com\/portal\/wp-content\/uploads\/2023\/05\/itapetininga_capa.jpg","width":1920,"height":1080,"caption":"Cr\u00e9ditos: Munic\u00edpio de Itapetininga e Estrat\u00e9gia MED"},{"@type":"BreadcrumbList","@id":"https:\/\/med.estrategia.com\/portal\/noticias\/edital-concurso-publico-medicos-itapetininga\/#breadcrumb","itemListElement":[{"@type":"ListItem","position":1,"name":"Home","item":"https:\/\/med.estrategia.com\/portal\/"},{"@type":"ListItem","position":2,"name":"Not\u00edcias","item":"https:\/\/med.estrategia.com\/portal\/noticias\/"},{"@type":"ListItem","position":3,"name":"Prefeitura de Itapetininga abre concurso p\u00fablico com sal\u00e1rio de at\u00e9 R$ 12,4 mil para m\u00e9dicos"}]},{"@type":"WebSite","@id":"https:\/\/med.estrategia.com\/portal\/#website","url":"https:\/\/med.estrategia.com\/portal\/","name":"Estrat\u00e9gia MED","description":"","potentialAction":[{"@type":"SearchAction","target":{"@type":"EntryPoint","urlTemplate":"https:\/\/med.estrategia.com\/portal\/?s={search_term_string}"},"query-input":{"@type":"PropertyValueSpecification","valueRequired":true,"valueName":"search_term_string"}}],"inLanguage":"pt-BR"},{"@type":"Person","@id":"https:\/\/med.estrategia.com\/portal\/#\/schema\/person\/8e7c9b2f53f2eede3b8880ad86ff20a3","name":"Erika Coelho","image":{"@type":"ImageObject","inLanguage":"pt-BR","@id":"https:\/\/med.estrategia.com\/portal\/#\/schema\/person\/image\/","url":"https:\/\/secure.gravatar.com\/avatar\/8ef9ff2e2fa53829c640cca8d1a45178?s=96&d=mm&r=g","contentUrl":"https:\/\/secure.gravatar.com\/avatar\/8ef9ff2e2fa53829c640cca8d1a45178?s=96&d=mm&r=g","caption":"Erika Coelho"},"description":"Jornalista pela Universidade Presbiteriana Mackenzie, escrevo sobre educa\u00e7\u00e3o, sa\u00fade e pol\u00edticas p\u00fablicas","url":"https:\/\/med.estrategia.com\/portal\/author\/erika\/"}]}},"_wl_alt_label":[],"wl:entity_url":"\/post\/edital-concurso-publico-medicos-itapetininga","_links":{"self":[{"href":"https:\/\/med.estrategia.com\/portal\/wp-json\/wp\/v2\/posts\/40257","targetHints":{"allow":["GET"]}}],"collection":[{"href":"https:\/\/med.estrategia.com\/portal\/wp-json\/wp\/v2\/posts"}],"about":[{"href":"https:\/\/med.estrategia.com\/portal\/wp-json\/wp\/v2\/types\/post"}],"author":[{"embeddable":true,"href":"https:\/\/med.estrategia.com\/portal\/wp-json\/wp\/v2\/users\/22"}],"replies":[{"embeddable":true,"href":"https:\/\/med.estrategia.com\/portal\/wp-json\/wp\/v2\/comments?post=40257"}],"version-history":[{"count":6,"href":"https:\/\/med.estrategia.com\/portal\/wp-json\/wp\/v2\/posts\/40257\/revisions"}],"predecessor-version":[{"id":40312,"href":"https:\/\/med.estrategia.com\/portal\/wp-json\/wp\/v2\/posts\/40257\/revisions\/40312"}],"wp:featuredmedia":[{"embeddable":true,"href":"https:\/\/med.estrategia.com\/portal\/wp-json\/wp\/v2\/media\/40239"}],"wp:attachment":[{"href":"https:\/\/med.estrategia.com\/portal\/wp-json\/wp\/v2\/media?parent=40257"}],"wp:term":[{"taxonomy":"category","embeddable":true,"href":"https:\/\/med.estrategia.com\/portal\/wp-json\/wp\/v2\/categories?post=40257"},{"taxonomy":"post_tag","embeddable":true,"href":"https:\/\/med.estrategia.com\/portal\/wp-json\/wp\/v2\/tags?post=40257"},{"taxonomy":"wl_entity_type","embeddable":true,"href":"https:\/\/med.estrategia.com\/portal\/wp-json\/wp\/v2\/wl_entity_type?post=40257"}],"curies":[{"name":"wp","href":"https:\/\/api.w.org\/{rel}","templated":true}]}}