{"id":40330,"date":"2023-05-26T10:08:27","date_gmt":"2023-05-26T13:08:27","guid":{"rendered":"https:\/\/med.estrategia.com\/portal\/?p=40330"},"modified":"2023-05-31T12:49:10","modified_gmt":"2023-05-31T15:49:10","slug":"inscricoes-abertas-para-concurso-publico-do-municipio-de-morretes-duas-vagas-sao-ofertadas-para-medicos","status":"publish","type":"post","link":"https:\/\/med.estrategia.com\/portal\/noticias\/inscricoes-abertas-para-concurso-publico-do-municipio-de-morretes-duas-vagas-sao-ofertadas-para-medicos\/","title":{"rendered":"Inscri\u00e7\u00f5es abertas para concurso p\u00fablico do Munic\u00edpio de Morretes (PR)"},"content":{"rendered":"<p>Sob responsabilidade da banca organizadora Instituto Omni, a <strong>Prefeitura Municipal de Morretes<\/strong>, Paran&aacute;, est&aacute; com <strong>inscri&ccedil;&otilde;es abertas at&eacute; o dia 30 de junho de 2023<\/strong> para seu concurso p&uacute;blico, com vagas para m&eacute;dicos. Dentre as 34 vagas ofertadas, 2 s&atilde;o ofertadas para m&eacute;dicos generalistas al&eacute;m da possibilidade de cadastro reserva.<br><br>Para se inscrever, o m&eacute;dico interessado deve acessar a <a href=\"https:\/\/www.omniinstituto.org.br\/informacoes\/5\/\" target=\"_blank\">p&aacute;gina oficial da sele&ccedil;&atilde;o<\/a> at&eacute; a data limite disposta em edital e efetuar o pagamento da<strong> taxa de inscri&ccedil;&atilde;o no valor de R$120,00<\/strong> at&eacute; o dia 7 de julho de 2023. Para este concurso p&uacute;blico, houve a possibilidade de isen&ccedil;&atilde;o da taxa e o pedido p&ocirc;de ser feito at&eacute; o dia 22 de maio.<div id=\"ez-toc-container\" class=\"ez-toc-v2_0_79_2 counter-hierarchy ez-toc-counter ez-toc-transparent ez-toc-container-direction\">\n<div class=\"ez-toc-title-container\"><p class=\"ez-toc-title\" style=\"cursor:inherit\">Navegue pelo conte\u00fado<\/p>\n<\/div><nav><ul class='ez-toc-list ez-toc-list-level-1 ' ><li class='ez-toc-page-1 ez-toc-heading-level-2'><a class=\"ez-toc-link ez-toc-heading-1\" href=\"https:\/\/med.estrategia.com\/portal\/noticias\/inscricoes-abertas-para-concurso-publico-do-municipio-de-morretes-duas-vagas-sao-ofertadas-para-medicos\/#Resumo-Edital-%E2%80%93-Municipio-de-Morretes\" >Resumo Edital &ndash; Munic&iacute;pio de Morretes<\/a><\/li><li class='ez-toc-page-1 ez-toc-heading-level-2'><a class=\"ez-toc-link ez-toc-heading-2\" href=\"https:\/\/med.estrategia.com\/portal\/noticias\/inscricoes-abertas-para-concurso-publico-do-municipio-de-morretes-duas-vagas-sao-ofertadas-para-medicos\/#Vagas-ofertadas\" >Vagas ofertadas<\/a><\/li><li class='ez-toc-page-1 ez-toc-heading-level-2'><a class=\"ez-toc-link ez-toc-heading-3\" href=\"https:\/\/med.estrategia.com\/portal\/noticias\/inscricoes-abertas-para-concurso-publico-do-municipio-de-morretes-duas-vagas-sao-ofertadas-para-medicos\/#O-processo-seletivo\" >O processo seletivo<\/a><\/li><li class='ez-toc-page-1 ez-toc-heading-level-2'><a class=\"ez-toc-link ez-toc-heading-4\" href=\"https:\/\/med.estrategia.com\/portal\/noticias\/inscricoes-abertas-para-concurso-publico-do-municipio-de-morretes-duas-vagas-sao-ofertadas-para-medicos\/#Sobre-o-municipio-de-Morretes\" >Sobre o munic&iacute;pio de Morretes<\/a><\/li><li class='ez-toc-page-1 ez-toc-heading-level-2'><a class=\"ez-toc-link ez-toc-heading-5\" href=\"https:\/\/med.estrategia.com\/portal\/noticias\/inscricoes-abertas-para-concurso-publico-do-municipio-de-morretes-duas-vagas-sao-ofertadas-para-medicos\/#Como-se-preparar-para-o-concurso-publico-de-Morretes\" >Como se preparar para o concurso p&uacute;blico de Morretes<\/a><\/li><\/ul><\/nav><\/div>\n<h2 class=\"wp-block-heading\" id=\"h-resumo-edital-municipio-de-morretes\"><span class=\"ez-toc-section\" id=\"Resumo-Edital-%E2%80%93-Municipio-de-Morretes\"><\/span>Resumo Edital &ndash; Munic&iacute;pio de Morretes<span class=\"ez-toc-section-end\"><\/span><\/h2><figure class=\"wp-block-table\"><table class=\"has-fixed-layout\"><tbody><tr><td><strong>Vagas ofertadas para m&eacute;dicos<\/strong><\/td><td class=\"has-text-align-center\" data-align=\"center\">2 + CR<\/td><\/tr><tr><td><strong>Remunera&ccedil;&atilde;o<\/strong><\/td><td class=\"has-text-align-center\" data-align=\"center\">R$4.000,00 &ndash; carga hor&aacute;ria de 20h<br>R$8.000,00 &ndash; carga hor&aacute;ria de 40h<\/td><\/tr><tr><td><strong>Etapas<\/strong><\/td><td class=\"has-text-align-center\" data-align=\"center\">Prova Objetiva + Prova de T&iacute;tulos<\/td><\/tr><tr><td><strong>Taxa de Inscri&ccedil;&atilde;o para m&eacute;dicos<\/strong><\/td><td class=\"has-text-align-center\" data-align=\"center\">R$120,00<\/td><\/tr><tr><td><strong>Per&iacute;odo de Inscri&ccedil;&otilde;es + Envio de documentos para a Prova de T&iacute;tulos<\/strong><\/td><td class=\"has-text-align-center\" data-align=\"center\">17\/05 a 30\/06\/2023<\/td><\/tr><tr><td><strong>Local de Prova<\/strong><\/td><td class=\"has-text-align-center\" data-align=\"center\">Morretes\/PR<\/td><\/tr><tr><td><strong>Prova Objetiva<\/strong><\/td><td class=\"has-text-align-center\" data-align=\"center\">30\/07\/2023<\/td><\/tr><tr><td><strong>Gabarito<\/strong><\/td><td class=\"has-text-align-center\" data-align=\"center\">01\/08\/2023<\/td><\/tr><tr><td><strong>Recursos contra gabarito<\/strong><\/td><td class=\"has-text-align-center\" data-align=\"center\">02 e 03\/08\/2023<\/td><\/tr><tr><td><strong>Resultado Preliminar<\/strong><\/td><td class=\"has-text-align-center\" data-align=\"center\">16\/08\/2023<\/td><\/tr><tr><td><strong>Recursos contra resultado<\/strong><\/td><td class=\"has-text-align-center\" data-align=\"center\">17 e 18\/08\/2023<\/td><\/tr><tr><td><strong>Resultado Final<\/strong><\/td><td class=\"has-text-align-center\" data-align=\"center\">21\/08\/2023<\/td><\/tr><\/tbody><\/table><\/figure><div class=\"wp-block-buttons is-content-justification-center is-layout-flex wp-container-core-buttons-is-layout-1 wp-block-buttons-is-layout-flex\">\n<div class=\"wp-block-button\"><a class=\"wp-block-button__link wp-element-button\" href=\"https:\/\/med.estrategia.com\/portal\/wp-content\/uploads\/2023\/05\/morrestes.pdf\" target=\"_blank\"><strong>EDITAL CONCURSO P&Uacute;BLICO &ndash; MUNIC&Iacute;PIO DE MORRETES\/PR<\/strong><\/a><\/div>\n<\/div><p>\n\n\n<div id=\"new-form\">\n\t<form id=\"forms_layout\">\n\t<input type=\"hidden\" id=\"chave_de\" name=\"chave_de\" value=\"01_EMED_LEADS_TOTAIS\" \/>\n\t\t<input type=\"hidden\" id=\"mid\" name=\"mid\" value=\"515009018\" \/>\n\t\t<input type=\"hidden\" id=\"Objetivo\" name=\"Objetivo\" value=\"Medicina\" \/>\n\t\t<input type=\"hidden\" id=\"Estado_de_Origem_do_IP\" name=\"Estado_de_Origem_do_IP\"  value=\"\" \/>\n\t\t<input type=\"hidden\" id=\"Cidade_de_Origem_do_IP\" name=\"Cidade_de_Origem_do_IP\" value=\"\" \/>\n\t\t<input type=\"hidden\" id=\"Modo_de_entrada\" name=\"Modo_de_entrada\" value=\"Portal\" \/>\n\t\t<input type=\"hidden\" id=\"Pagina_Origem\" name=\"Pagina_Origem\" value=\"\" \/>\n\n\t\t<div class=\"texto\">\n\t\t\t<h3 class=\"news\">Inscreva-se em nossa newsletter!<\/h3>\n\t\t\t<p>Receba not\u00edcias sobre resid\u00eancia m\u00e9dica, revalida\u00e7\u00e3o de diplomas e concursos m\u00e9dicos, al\u00e9m de materiais de estudo gratuitos e informa\u00e7\u00f5es relevantes do mundo da Medicina.<\/p>\n\t\t<\/div>\n\t\t<div class=\"campos\">\n\t\t\t<div class=\"first_name labels\">\n\t\t\t\t<input type=\"text\" class=\"input_labels\" id=\"first_name\" name=\"Nome_Completo\" placeholder=\"Nome\" required \/>\n\t\t\t<\/div>\n\t\t\t<div class=\"email labels\">\n\t\t\t\t<input type=\"email\" class=\"input_labels\" id=\"email\" name=\"Email\" placeholder=\"E-mail\" required \/>\n\t\t\t<\/div>\n\t\t\t<button type=\"submit\" class=\"button_layout\">\n\t\t\t\t<div id=\"lblBotao\">Inscreva-se<\/div>\n\t\t\t\t<span id=\"divSpiner\" class=\"loader\" role=\"status\" style=\"display: none;\"><\/span>\t\n\t\t\t<\/button>\n\t\t<\/div><!-- \/campos -->\n\t\t\n\t\t<label class=\"container_checkbox\">Voc\u00ea concorda com a nossa\n\t\t\t<a class=\"politics_privacy_ahref\" target=\"_blank\" href=\"https:\/\/gratis.estrategiaconcursos.com.br\/politica-de-privacidade\/\">Pol\u00edtica de Privacidade<\/a> e aceita receber informa\u00e7\u00f5es adicionais do Estrat\u00e9gia Educacional.\n\t\t\t<input id=\"checkbox_layout\" type=\"checkbox\" checked=\"checked\" required \/>\n\t\t\t<span class=\"checkbox\"><\/span>\n\t\t<\/label>\n\t\t<div id=\"msg\"><\/div>\n\t\t<div id=\"error\" class=\"error\">\n\t\t<\/div>\n\t<\/form>\n<\/div><!-- \/new-form -->\n\n\n\n<\/p><h2 class=\"wp-block-heading\" id=\"h-vagas-ofertadas\"><span class=\"ez-toc-section\" id=\"Vagas-ofertadas\"><\/span>Vagas ofertadas<span class=\"ez-toc-section-end\"><\/span><\/h2><figure class=\"wp-block-table\"><table><thead><tr><th>Cargo<\/th><th>Requisitos<\/th><th class=\"has-text-align-center\" data-align=\"center\">Vagas<\/th><th class=\"has-text-align-center\" data-align=\"center\">Remunera&ccedil;&atilde;o<\/th><th class=\"has-text-align-center\" data-align=\"center\">Carga Hor&aacute;ria<\/th><\/tr><\/thead><tbody><tr><td>M&eacute;dico Cl&iacute;nico Geral<\/td><td>Ensino Superior Completo em Medicina<\/td><td class=\"has-text-align-center\" data-align=\"center\">1+CR<\/td><td class=\"has-text-align-center\" data-align=\"center\">R$4.000,00<\/td><td class=\"has-text-align-center\" data-align=\"center\">20h<\/td><\/tr><tr><td>M&eacute;dicos Cl&iacute;nico Geral &ndash; Sa&uacute;de da Fam&iacute;lia<\/td><td>Ensino Superior Completo em Medicina<\/td><td class=\"has-text-align-center\" data-align=\"center\">1+CR<\/td><td class=\"has-text-align-center\" data-align=\"center\">R$8.000,00<\/td><td class=\"has-text-align-center\" data-align=\"center\">40h<\/td><\/tr><\/tbody><\/table><figcaption class=\"wp-element-caption\">CR &ndash; Cadastro Reserva<\/figcaption><\/figure><h2 class=\"wp-block-heading\" id=\"h-o-processo-seletivo\"><span class=\"ez-toc-section\" id=\"O-processo-seletivo\"><\/span>O processo seletivo<span class=\"ez-toc-section-end\"><\/span><\/h2><p>O processo seletivo para os cargos m&eacute;dicos do Munic&iacute;pio de Morretes\/PR ser&aacute;&nbsp;<strong>composto pela aplica&ccedil;&atilde;o de uma prova objetiva,<\/strong>&nbsp;de car&aacute;ter classificat&oacute;rio e eliminat&oacute;rio, no dia 30 de julho de 2023 e, prova de t&iacute;tulos da documenta&ccedil;&atilde;o enviada no ato de inscri&ccedil;&atilde;o.<br><br>A prova contar&aacute; com&nbsp;<strong>30 quest&otilde;es de m&uacute;ltipla escolha<\/strong> e 3 horas de dura&ccedil;&atilde;o. Para aprova&ccedil;&atilde;o na prova, o candidato dever&aacute; atingir, no m&iacute;nimo, 50 pontos. Abaixo, confira a distribui&ccedil;&atilde;o de quest&otilde;es por disciplina cobrada:<\/p><figure class=\"wp-block-table\"><table><thead><tr><th>Disciplina<\/th><th class=\"has-text-align-center\" data-align=\"center\">N&uacute;mero de Quest&otilde;es<\/th><th class=\"has-text-align-center\" data-align=\"center\">Peso por Quest&atilde;o<\/th><\/tr><\/thead><tbody><tr><td>L&iacute;ngua Portuguesa<\/td><td class=\"has-text-align-center\" data-align=\"center\">5<\/td><td class=\"has-text-align-center\" data-align=\"center\">3<\/td><\/tr><tr><td>Matem&aacute;tica<\/td><td class=\"has-text-align-center\" data-align=\"center\">5<\/td><td class=\"has-text-align-center\" data-align=\"center\">3<\/td><\/tr><tr><td>Inform&aacute;tica<\/td><td class=\"has-text-align-center\" data-align=\"center\">5<\/td><td class=\"has-text-align-center\" data-align=\"center\">3<\/td><\/tr><tr><td>Conhecimentos Gerais<\/td><td class=\"has-text-align-center\" data-align=\"center\">5<\/td><td class=\"has-text-align-center\" data-align=\"center\">3<\/td><\/tr><tr><td>Conhecimentos Espec&iacute;ficos<\/td><td class=\"has-text-align-center\" data-align=\"center\">10<\/td><td class=\"has-text-align-center\" data-align=\"center\">5<\/td><\/tr><\/tbody><\/table><\/figure><p>Para m&eacute;dicos inscritos na vaga &ldquo;M&eacute;dico Cl&iacute;nico Geral&rdquo; a prova ser&aacute; aplicada &agrave;s 9h da manh&atilde;, enquanto para os candidatos da vaga &ldquo;M&eacute;dico Cl&iacute;nico Geral &ndash; Sa&uacute;de da Fam&iacute;lia&rdquo; a prova acontecer&aacute; a partir das 14h.<\/p><p>A prova de t&iacute;tulo, de car&aacute;ter classificat&oacute;rio, ter&aacute; pontua&ccedil;&atilde;o m&aacute;xima de 10 pontos e os seguintes itens ser&atilde;o avaliados:<\/p><figure class=\"wp-block-table\"><table class=\"has-fixed-layout\"><thead><tr><th>Item de Avalia&ccedil;&atilde;o<\/th><th class=\"has-text-align-center\" data-align=\"center\">Pontos por T&iacute;tulo<\/th><\/tr><\/thead><tbody><tr><td>Doutorado<\/td><td class=\"has-text-align-center\" data-align=\"center\">2,5 pontos<\/td><\/tr><tr><td>Mestrado<\/td><td class=\"has-text-align-center\" data-align=\"center\">2,5 pontos<\/td><\/tr><tr><td>Resid&ecirc;ncia M&eacute;dica ou Multiprofissional<\/td><td class=\"has-text-align-center\" data-align=\"center\">3 pontos<\/td><\/tr><tr><td>P&oacute;s-Gradua&ccedil;&atilde;o Latu Sensu &ndash; carga hor&aacute;ria m&iacute;nima de 360 horas<\/td><td class=\"has-text-align-center\" data-align=\"center\">1 ponto<\/td><\/tr><tr><td>Tempo de servi&ccedil;o na &aacute;rea de atua&ccedil;&atilde;o pertinente ao cargo escolhido, a raz&atilde;o de 0,20 pontos por ano trabalhado, contados at&eacute; 30\/12\/2022, dever&aacute; ser comprovado atrav&eacute;s de Carteira Profissional<\/td><td class=\"has-text-align-center\" data-align=\"center\">1 ponto<\/td><\/tr><\/tbody><\/table><\/figure><h2 class=\"wp-block-heading\" id=\"h-sobre-o-municipio-de-morretes\"><span class=\"ez-toc-section\" id=\"Sobre-o-municipio-de-Morretes\"><\/span>Sobre o munic&iacute;pio de Morretes<span class=\"ez-toc-section-end\"><\/span><\/h2><p>Fundada em 1733, a <strong>hist&oacute;rica cidade de Morretes<\/strong> se encontra entre a Serra e Litoral paranaense e, segundo o Instituto Brasileiro de Geografia e Estat&iacute;stica (IBGE), a <strong>popula&ccedil;&atilde;o estimada<\/strong> do munic&iacute;pio em 2021 era de <strong>16.485 habitantes.<\/strong><br><br>A Secretaria Municipal de Sa&uacute;de de Morretes conta com um plano municipal de sa&uacute;de at&eacute; 2025 e voc&ecirc; pode conferir abaixo o documento que conta com todos os dados relacionados a &aacute;rea.<\/p><div class=\"wp-block-buttons is-content-justification-center is-layout-flex wp-container-core-buttons-is-layout-2 wp-block-buttons-is-layout-flex\">\n<div class=\"wp-block-button\"><a class=\"wp-block-button__link wp-element-button\" href=\"https:\/\/www.morretes.pr.gov.br\/uploads\/pagina\/arquivos\/Plano-Municipal-de-Saude-2022-2025.pdf\" target=\"_blank\"><strong>Plano Municipal de Sa&uacute;de &ndash; Morretes\/PR<\/strong><\/a><\/div>\n<\/div><h2 class=\"wp-block-heading\" id=\"h-como-se-preparar-para-o-concurso-publico-de-morretes\"><span class=\"ez-toc-section\" id=\"Como-se-preparar-para-o-concurso-publico-de-Morretes\"><\/span>Como se preparar para o concurso p&uacute;blico de Morretes<span class=\"ez-toc-section-end\"><\/span><\/h2><p>Com o&nbsp;<strong>Sprint Concursos M&eacute;dicos do Estrat&eacute;gia MED<\/strong>&nbsp;voc&ecirc; ter&aacute; a disposi&ccedil;&atilde;o&nbsp;<strong>1.500 quest&otilde;es com foco em concursos p&uacute;blicos com cargos m&eacute;dicos<\/strong>&nbsp;incluindo as disciplinas mais cobradas neste tipo de sele&ccedil;&atilde;o: Portugu&ecirc;s, Matem&aacute;tica, Inform&aacute;tica, Direito e claro, Medicina.<\/p><div class=\"wp-block-buttons is-content-justification-center is-layout-flex wp-container-core-buttons-is-layout-3 wp-block-buttons-is-layout-flex\">\n<div class=\"wp-block-button\"><a class=\"wp-block-button__link wp-element-button\" href=\"https:\/\/med.estrategia.com\/curso\/sprint-concursos-medicos\/\" target=\"_blank\"><strong>SPRINT CONCURSOS M&Eacute;DICOS<\/strong><\/a><\/div>\n<\/div><p>Conhe&ccedil;a tamb&eacute;m o nosso&nbsp;<strong>Banco de Quest&otilde;es,<\/strong>&nbsp;que atualmente conta com mais de&nbsp;<strong>189 mil quest&otilde;es cadastradas<\/strong>&nbsp;e n&atilde;o para de crescer. Vem ser coruja!<\/p><p>\n\n\n\n\n\n<a id=\"cta\" class=\"cta-imagem\" href=\"https:\/\/med.estrategia.com\/curso\/banco-de-questes-resumos-estrategicos-anual\/\" target=\"blank\">\n                <img decoding=\"async\" width=\"100%\" src=\"https:\/\/med.estrategia.com\/portal\/wp-content\/uploads\/2025\/08\/banco_questoes.png\" alt=\"banco_questoes\" title=\"banco_questoes\">\n        <\/a>\n<\/p><\/p>\n","protected":false},"excerpt":{"rendered":"Inscri\u00e7\u00f5es podem ser feitas at\u00e9 o dia 30 de junho de 2023\n","protected":false},"author":39,"featured_media":40240,"comment_status":"closed","ping_status":"closed","sticky":false,"template":"","format":"standard","meta":{"wl_entities_gutenberg":"","footnotes":""},"categories":[474,300],"tags":[477,478],"wl_entity_type":[199],"class_list":{"0":"post-40330","1":"post","2":"type-post","3":"status-publish","4":"format-standard","5":"has-post-thumbnail","7":"category-concursos","8":"category-noticias","9":"tag-concurso","10":"tag-medico","11":"wl_entity_type-article"},"acf":[],"yoast_head":"<!-- This site is optimized with the Yoast SEO Premium plugin v26.6 (Yoast SEO v26.6) - https:\/\/yoast.com\/wordpress\/plugins\/seo\/ -->\n<title>Morretes (PR) recebe inscri\u00e7\u00f5es em concurso para m\u00e9dicos<\/title>\n<meta name=\"description\" content=\"Confira as principais informa\u00e7\u00f5es sobre o concurso p\u00fablico de Morretes\/PR que conta com vagas de cargos m\u00e9dicos.\" \/>\n<meta name=\"robots\" content=\"index, follow, max-snippet:-1, max-image-preview:large, max-video-preview:-1\" \/>\n<link rel=\"canonical\" href=\"https:\/\/med.estrategia.com\/portal\/noticias\/inscricoes-abertas-para-concurso-publico-do-municipio-de-morretes-duas-vagas-sao-ofertadas-para-medicos\/\" \/>\n<meta property=\"og:locale\" content=\"pt_BR\" \/>\n<meta property=\"og:type\" content=\"article\" \/>\n<meta property=\"og:title\" content=\"Inscri\u00e7\u00f5es abertas para concurso p\u00fablico do Munic\u00edpio de Morretes (PR)\" \/>\n<meta property=\"og:description\" content=\"Confira as principais informa\u00e7\u00f5es sobre o concurso p\u00fablico de Morretes\/PR que conta com vagas de cargos m\u00e9dicos.\" \/>\n<meta property=\"og:url\" content=\"https:\/\/med.estrategia.com\/portal\/noticias\/inscricoes-abertas-para-concurso-publico-do-municipio-de-morretes-duas-vagas-sao-ofertadas-para-medicos\/\" \/>\n<meta property=\"og:site_name\" content=\"Estrat\u00e9gia MED\" \/>\n<meta property=\"article:publisher\" content=\"https:\/\/www.facebook.com\/estrategiamed1\" \/>\n<meta property=\"article:published_time\" content=\"2023-05-26T13:08:27+00:00\" \/>\n<meta property=\"article:modified_time\" content=\"2023-05-31T15:49:10+00:00\" \/>\n<meta property=\"og:image\" content=\"https:\/\/cdn.medblog.estrategiaeducacional.com.br\/wp-content\/uploads\/2023\/05\/morretes_capa.jpg\" \/>\n\t<meta property=\"og:image:width\" content=\"1920\" \/>\n\t<meta property=\"og:image:height\" content=\"1080\" \/>\n\t<meta property=\"og:image:type\" content=\"image\/jpeg\" \/>\n<meta name=\"author\" content=\"Ana Carolina Damasceno\" \/>\n<meta name=\"twitter:card\" content=\"summary_large_image\" \/>\n<meta name=\"twitter:creator\" content=\"@estrategiamed_\" \/>\n<meta name=\"twitter:site\" content=\"@estrategiamed_\" \/>\n<meta name=\"twitter:label1\" content=\"Escrito por\" \/>\n\t<meta name=\"twitter:data1\" content=\"Ana Carolina Damasceno\" \/>\n\t<meta name=\"twitter:label2\" content=\"Est. tempo de leitura\" \/>\n\t<meta name=\"twitter:data2\" content=\"3 minutos\" \/>\n<script type=\"application\/ld+json\" class=\"yoast-schema-graph\">{\"@context\":\"https:\/\/schema.org\",\"@graph\":[{\"@type\":\"WebPage\",\"@id\":\"https:\/\/med.estrategia.com\/portal\/noticias\/inscricoes-abertas-para-concurso-publico-do-municipio-de-morretes-duas-vagas-sao-ofertadas-para-medicos\/\",\"url\":\"https:\/\/med.estrategia.com\/portal\/noticias\/inscricoes-abertas-para-concurso-publico-do-municipio-de-morretes-duas-vagas-sao-ofertadas-para-medicos\/\",\"name\":\"Morretes (PR) recebe inscri\u00e7\u00f5es em concurso para m\u00e9dicos\",\"isPartOf\":{\"@id\":\"https:\/\/med.estrategia.com\/portal\/#website\"},\"primaryImageOfPage\":{\"@id\":\"https:\/\/med.estrategia.com\/portal\/noticias\/inscricoes-abertas-para-concurso-publico-do-municipio-de-morretes-duas-vagas-sao-ofertadas-para-medicos\/#primaryimage\"},\"image\":{\"@id\":\"https:\/\/med.estrategia.com\/portal\/noticias\/inscricoes-abertas-para-concurso-publico-do-municipio-de-morretes-duas-vagas-sao-ofertadas-para-medicos\/#primaryimage\"},\"thumbnailUrl\":\"https:\/\/med.estrategia.com\/portal\/wp-content\/uploads\/2023\/05\/morretes_capa.jpg\",\"datePublished\":\"2023-05-26T13:08:27+00:00\",\"dateModified\":\"2023-05-31T15:49:10+00:00\",\"author\":{\"@id\":\"https:\/\/med.estrategia.com\/portal\/#\/schema\/person\/2f553adbb8e25fe39d145c5b2927f58c\"},\"description\":\"Confira as principais informa\u00e7\u00f5es sobre o concurso p\u00fablico de Morretes\/PR que conta com vagas de cargos m\u00e9dicos.\",\"breadcrumb\":{\"@id\":\"https:\/\/med.estrategia.com\/portal\/noticias\/inscricoes-abertas-para-concurso-publico-do-municipio-de-morretes-duas-vagas-sao-ofertadas-para-medicos\/#breadcrumb\"},\"inLanguage\":\"pt-BR\",\"potentialAction\":[{\"@type\":\"ReadAction\",\"target\":[\"https:\/\/med.estrategia.com\/portal\/noticias\/inscricoes-abertas-para-concurso-publico-do-municipio-de-morretes-duas-vagas-sao-ofertadas-para-medicos\/\"]}]},{\"@type\":\"ImageObject\",\"inLanguage\":\"pt-BR\",\"@id\":\"https:\/\/med.estrategia.com\/portal\/noticias\/inscricoes-abertas-para-concurso-publico-do-municipio-de-morretes-duas-vagas-sao-ofertadas-para-medicos\/#primaryimage\",\"url\":\"https:\/\/med.estrategia.com\/portal\/wp-content\/uploads\/2023\/05\/morretes_capa.jpg\",\"contentUrl\":\"https:\/\/med.estrategia.com\/portal\/wp-content\/uploads\/2023\/05\/morretes_capa.jpg\",\"width\":1920,\"height\":1080,\"caption\":\"bandeira do munic\u00edpio de Morretes\/PR ao centro com moldura branca e logo do Estrat\u00e9gia MED no canto inferior direito. ao fundo destaca-se uma listra vermelha e no t\u00edtulo acima da imagem os textos \\\"EDITAL CONTRATA\u00c7\u00c3O\\\" em preto e \\\"Munic\u00edpio de Morretes\\\" em azul\"},{\"@type\":\"BreadcrumbList\",\"@id\":\"https:\/\/med.estrategia.com\/portal\/noticias\/inscricoes-abertas-para-concurso-publico-do-municipio-de-morretes-duas-vagas-sao-ofertadas-para-medicos\/#breadcrumb\",\"itemListElement\":[{\"@type\":\"ListItem\",\"position\":1,\"name\":\"Home\",\"item\":\"https:\/\/med.estrategia.com\/portal\/\"},{\"@type\":\"ListItem\",\"position\":2,\"name\":\"Not\u00edcias\",\"item\":\"https:\/\/med.estrategia.com\/portal\/noticias\/\"},{\"@type\":\"ListItem\",\"position\":3,\"name\":\"Inscri\u00e7\u00f5es abertas para concurso p\u00fablico do Munic\u00edpio de Morretes (PR)\"}]},{\"@type\":\"WebSite\",\"@id\":\"https:\/\/med.estrategia.com\/portal\/#website\",\"url\":\"https:\/\/med.estrategia.com\/portal\/\",\"name\":\"Estrat\u00e9gia MED\",\"description\":\"\",\"potentialAction\":[{\"@type\":\"SearchAction\",\"target\":{\"@type\":\"EntryPoint\",\"urlTemplate\":\"https:\/\/med.estrategia.com\/portal\/?s={search_term_string}\"},\"query-input\":{\"@type\":\"PropertyValueSpecification\",\"valueRequired\":true,\"valueName\":\"search_term_string\"}}],\"inLanguage\":\"pt-BR\"},{\"@type\":\"Person\",\"@id\":\"https:\/\/med.estrategia.com\/portal\/#\/schema\/person\/2f553adbb8e25fe39d145c5b2927f58c\",\"name\":\"Ana Carolina Damasceno\",\"image\":{\"@type\":\"ImageObject\",\"inLanguage\":\"pt-BR\",\"@id\":\"https:\/\/med.estrategia.com\/portal\/#\/schema\/person\/image\/\",\"url\":\"https:\/\/med.estrategia.com\/portal\/wp-content\/uploads\/2021\/09\/WhatsApp-Image-2023-08-18-at-16.46.43-150x150.jpeg\",\"contentUrl\":\"https:\/\/med.estrategia.com\/portal\/wp-content\/uploads\/2021\/09\/WhatsApp-Image-2023-08-18-at-16.46.43-150x150.jpeg\",\"caption\":\"Ana Carolina Damasceno\"},\"description\":\"Coordenadora de Jornalismo EMED. Comunicadora por natureza e forma\u00e7\u00e3o, que ama e perde a no\u00e7\u00e3o do tempo com m\u00fasica e s\u00e9rie.\",\"url\":\"https:\/\/med.estrategia.com\/portal\/author\/ana-carolina-damasceno\/\"}]}<\/script>\n<!-- \/ Yoast SEO Premium plugin. -->","yoast_head_json":{"title":"Morretes (PR) recebe inscri\u00e7\u00f5es em concurso para m\u00e9dicos","description":"Confira as principais informa\u00e7\u00f5es sobre o concurso p\u00fablico de Morretes\/PR que conta com vagas de cargos m\u00e9dicos.","robots":{"index":"index","follow":"follow","max-snippet":"max-snippet:-1","max-image-preview":"max-image-preview:large","max-video-preview":"max-video-preview:-1"},"canonical":"https:\/\/med.estrategia.com\/portal\/noticias\/inscricoes-abertas-para-concurso-publico-do-municipio-de-morretes-duas-vagas-sao-ofertadas-para-medicos\/","og_locale":"pt_BR","og_type":"article","og_title":"Inscri\u00e7\u00f5es abertas para concurso p\u00fablico do Munic\u00edpio de Morretes (PR)","og_description":"Confira as principais informa\u00e7\u00f5es sobre o concurso p\u00fablico de Morretes\/PR que conta com vagas de cargos m\u00e9dicos.","og_url":"https:\/\/med.estrategia.com\/portal\/noticias\/inscricoes-abertas-para-concurso-publico-do-municipio-de-morretes-duas-vagas-sao-ofertadas-para-medicos\/","og_site_name":"Estrat\u00e9gia MED","article_publisher":"https:\/\/www.facebook.com\/estrategiamed1","article_published_time":"2023-05-26T13:08:27+00:00","article_modified_time":"2023-05-31T15:49:10+00:00","og_image":[{"width":1920,"height":1080,"url":"https:\/\/cdn.medblog.estrategiaeducacional.com.br\/wp-content\/uploads\/2023\/05\/morretes_capa.jpg","type":"image\/jpeg"}],"author":"Ana Carolina Damasceno","twitter_card":"summary_large_image","twitter_creator":"@estrategiamed_","twitter_site":"@estrategiamed_","twitter_misc":{"Escrito por":"Ana Carolina Damasceno","Est. tempo de leitura":"3 minutos"},"schema":{"@context":"https:\/\/schema.org","@graph":[{"@type":"WebPage","@id":"https:\/\/med.estrategia.com\/portal\/noticias\/inscricoes-abertas-para-concurso-publico-do-municipio-de-morretes-duas-vagas-sao-ofertadas-para-medicos\/","url":"https:\/\/med.estrategia.com\/portal\/noticias\/inscricoes-abertas-para-concurso-publico-do-municipio-de-morretes-duas-vagas-sao-ofertadas-para-medicos\/","name":"Morretes (PR) recebe inscri\u00e7\u00f5es em concurso para m\u00e9dicos","isPartOf":{"@id":"https:\/\/med.estrategia.com\/portal\/#website"},"primaryImageOfPage":{"@id":"https:\/\/med.estrategia.com\/portal\/noticias\/inscricoes-abertas-para-concurso-publico-do-municipio-de-morretes-duas-vagas-sao-ofertadas-para-medicos\/#primaryimage"},"image":{"@id":"https:\/\/med.estrategia.com\/portal\/noticias\/inscricoes-abertas-para-concurso-publico-do-municipio-de-morretes-duas-vagas-sao-ofertadas-para-medicos\/#primaryimage"},"thumbnailUrl":"https:\/\/med.estrategia.com\/portal\/wp-content\/uploads\/2023\/05\/morretes_capa.jpg","datePublished":"2023-05-26T13:08:27+00:00","dateModified":"2023-05-31T15:49:10+00:00","author":{"@id":"https:\/\/med.estrategia.com\/portal\/#\/schema\/person\/2f553adbb8e25fe39d145c5b2927f58c"},"description":"Confira as principais informa\u00e7\u00f5es sobre o concurso p\u00fablico de Morretes\/PR que conta com vagas de cargos m\u00e9dicos.","breadcrumb":{"@id":"https:\/\/med.estrategia.com\/portal\/noticias\/inscricoes-abertas-para-concurso-publico-do-municipio-de-morretes-duas-vagas-sao-ofertadas-para-medicos\/#breadcrumb"},"inLanguage":"pt-BR","potentialAction":[{"@type":"ReadAction","target":["https:\/\/med.estrategia.com\/portal\/noticias\/inscricoes-abertas-para-concurso-publico-do-municipio-de-morretes-duas-vagas-sao-ofertadas-para-medicos\/"]}]},{"@type":"ImageObject","inLanguage":"pt-BR","@id":"https:\/\/med.estrategia.com\/portal\/noticias\/inscricoes-abertas-para-concurso-publico-do-municipio-de-morretes-duas-vagas-sao-ofertadas-para-medicos\/#primaryimage","url":"https:\/\/med.estrategia.com\/portal\/wp-content\/uploads\/2023\/05\/morretes_capa.jpg","contentUrl":"https:\/\/med.estrategia.com\/portal\/wp-content\/uploads\/2023\/05\/morretes_capa.jpg","width":1920,"height":1080,"caption":"bandeira do munic\u00edpio de Morretes\/PR ao centro com moldura branca e logo do Estrat\u00e9gia MED no canto inferior direito. ao fundo destaca-se uma listra vermelha e no t\u00edtulo acima da imagem os textos \"EDITAL CONTRATA\u00c7\u00c3O\" em preto e \"Munic\u00edpio de Morretes\" em azul"},{"@type":"BreadcrumbList","@id":"https:\/\/med.estrategia.com\/portal\/noticias\/inscricoes-abertas-para-concurso-publico-do-municipio-de-morretes-duas-vagas-sao-ofertadas-para-medicos\/#breadcrumb","itemListElement":[{"@type":"ListItem","position":1,"name":"Home","item":"https:\/\/med.estrategia.com\/portal\/"},{"@type":"ListItem","position":2,"name":"Not\u00edcias","item":"https:\/\/med.estrategia.com\/portal\/noticias\/"},{"@type":"ListItem","position":3,"name":"Inscri\u00e7\u00f5es abertas para concurso p\u00fablico do Munic\u00edpio de Morretes (PR)"}]},{"@type":"WebSite","@id":"https:\/\/med.estrategia.com\/portal\/#website","url":"https:\/\/med.estrategia.com\/portal\/","name":"Estrat\u00e9gia MED","description":"","potentialAction":[{"@type":"SearchAction","target":{"@type":"EntryPoint","urlTemplate":"https:\/\/med.estrategia.com\/portal\/?s={search_term_string}"},"query-input":{"@type":"PropertyValueSpecification","valueRequired":true,"valueName":"search_term_string"}}],"inLanguage":"pt-BR"},{"@type":"Person","@id":"https:\/\/med.estrategia.com\/portal\/#\/schema\/person\/2f553adbb8e25fe39d145c5b2927f58c","name":"Ana Carolina Damasceno","image":{"@type":"ImageObject","inLanguage":"pt-BR","@id":"https:\/\/med.estrategia.com\/portal\/#\/schema\/person\/image\/","url":"https:\/\/med.estrategia.com\/portal\/wp-content\/uploads\/2021\/09\/WhatsApp-Image-2023-08-18-at-16.46.43-150x150.jpeg","contentUrl":"https:\/\/med.estrategia.com\/portal\/wp-content\/uploads\/2021\/09\/WhatsApp-Image-2023-08-18-at-16.46.43-150x150.jpeg","caption":"Ana Carolina Damasceno"},"description":"Coordenadora de Jornalismo EMED. Comunicadora por natureza e forma\u00e7\u00e3o, que ama e perde a no\u00e7\u00e3o do tempo com m\u00fasica e s\u00e9rie.","url":"https:\/\/med.estrategia.com\/portal\/author\/ana-carolina-damasceno\/"}]}},"_wl_alt_label":[],"wl:entity_url":"\/post\/inscricoes-abertas-para-concurso-publico-do-municipio-de-morretes-duas-vagas-sao-ofertadas-para-medicos","_links":{"self":[{"href":"https:\/\/med.estrategia.com\/portal\/wp-json\/wp\/v2\/posts\/40330","targetHints":{"allow":["GET"]}}],"collection":[{"href":"https:\/\/med.estrategia.com\/portal\/wp-json\/wp\/v2\/posts"}],"about":[{"href":"https:\/\/med.estrategia.com\/portal\/wp-json\/wp\/v2\/types\/post"}],"author":[{"embeddable":true,"href":"https:\/\/med.estrategia.com\/portal\/wp-json\/wp\/v2\/users\/39"}],"replies":[{"embeddable":true,"href":"https:\/\/med.estrategia.com\/portal\/wp-json\/wp\/v2\/comments?post=40330"}],"version-history":[{"count":5,"href":"https:\/\/med.estrategia.com\/portal\/wp-json\/wp\/v2\/posts\/40330\/revisions"}],"predecessor-version":[{"id":40522,"href":"https:\/\/med.estrategia.com\/portal\/wp-json\/wp\/v2\/posts\/40330\/revisions\/40522"}],"wp:featuredmedia":[{"embeddable":true,"href":"https:\/\/med.estrategia.com\/portal\/wp-json\/wp\/v2\/media\/40240"}],"wp:attachment":[{"href":"https:\/\/med.estrategia.com\/portal\/wp-json\/wp\/v2\/media?parent=40330"}],"wp:term":[{"taxonomy":"category","embeddable":true,"href":"https:\/\/med.estrategia.com\/portal\/wp-json\/wp\/v2\/categories?post=40330"},{"taxonomy":"post_tag","embeddable":true,"href":"https:\/\/med.estrategia.com\/portal\/wp-json\/wp\/v2\/tags?post=40330"},{"taxonomy":"wl_entity_type","embeddable":true,"href":"https:\/\/med.estrategia.com\/portal\/wp-json\/wp\/v2\/wl_entity_type?post=40330"}],"curies":[{"name":"wp","href":"https:\/\/api.w.org\/{rel}","templated":true}]}}