{"id":40499,"date":"2023-06-30T10:51:08","date_gmt":"2023-06-30T13:51:08","guid":{"rendered":"https:\/\/med.estrategia.com\/portal\/?p=40499"},"modified":"2023-08-07T18:24:55","modified_gmt":"2023-08-07T21:24:55","slug":"inep-divulga-pep-preliminar-da-2a-etapa-do-revalida-2023-1","status":"publish","type":"post","link":"https:\/\/med.estrategia.com\/portal\/noticias\/inep-divulga-pep-preliminar-da-2a-etapa-do-revalida-2023-1\/","title":{"rendered":"INEP divulga PEP preliminar da 2\u00aa etapa do Revalida 2023.1"},"content":{"rendered":"<p>O <a class=\"wl-entity-page-link\" title=\"Inep\" href=\"https:\/\/med.estrategia.com\/portal\/entidade\/inep\/\" data-id=\"\/entity\/inep;http:\/\/www.wikidata.org\/entity\/Q6041403;https:\/\/data.wordlift.io\/wl106637\/entity\/instituto-nacional-de-estudos-e-pesquisas-educacionais-anisio-teixeira\">Instituto Nacional de Estudos e Pesquisas Educacionais An&iacute;sio Teixeira<\/a> (INEP)&nbsp;tornou p&uacute;blico nesta sexta-feira (30) a <strong>vers&atilde;o preliminar <\/strong>do <strong>Padr&atilde;o Esperado de Procedimentos (PEP)<\/strong>. <strong>gabarito da segunda etapa<\/strong> de seu processo de revalida&ccedil;&atilde;o de diplomas em medicina.<br><br>O arquivo lista os <strong>itens que precisavam ser realizadas pelos participantes, assim como a pontua&ccedil;&atilde;o dos desempenhos avaliados<\/strong>. Junto ao PEP preliminar, o caderno com as dez esta&ccedil;&otilde;es da <strong>segunda etapa do <a class=\"wl-entity-page-link\" title=\"exame nacional de revalida&ccedil;&atilde;o de diplomas m&eacute;dicos\" href=\"https:\/\/med.estrategia.com\/portal\/entidade\/revalida\/\" data-id=\"\/entity\/revalida;https:\/\/pt.wikipedia.org\/wiki\/Exame_Nacional_de_Revalida&ccedil;&atilde;o_de_Diplomas_M&eacute;dicos;https:\/\/www.wikidata.org\/wiki\/Q256698;https:\/\/data.wordlift.io\/wl106637\/entity\/revalida-18038\">Revalida<\/a> 2023.1<\/strong>, aplicadas durante os dias 24 e 25 de junho de 2023, tamb&eacute;m foi divulgado. Confira os documentos abaixo:<div class=\"wp-block-buttons is-content-justification-center is-layout-flex wp-container-core-buttons-is-layout-1 wp-block-buttons-is-layout-flex\">\n<div class=\"wp-block-button\"><a class=\"wp-block-button__link wp-element-button\" href=\"https:\/\/med.estrategia.com\/portal\/wp-content\/uploads\/2023\/06\/2023_1_PEP_publicacao.pdf\" target=\"_blank\"><strong>PADR&Atilde;O ESPERADO DE PROCEDIMENTOS PRELIMINAR<\/strong><\/a><\/div>\n\n\n\n<div class=\"wp-block-button\"><a class=\"wp-block-button__link wp-element-button\" href=\"https:\/\/med.estrategia.com\/portal\/wp-content\/uploads\/2023\/06\/2023_1_prova_habilidades_clinicas.pdf\" target=\"_blank\"><strong>EXAME DE HABILIDADES CL&Iacute;NICAS<\/strong><\/a><\/div>\n<\/div><div id=\"ez-toc-container\" class=\"ez-toc-v2_0_79_2 counter-hierarchy ez-toc-counter ez-toc-transparent ez-toc-container-direction\">\n<div class=\"ez-toc-title-container\"><p class=\"ez-toc-title\" style=\"cursor:inherit\">Navegue pelo conte\u00fado<\/p>\n<\/div><nav><ul class='ez-toc-list ez-toc-list-level-1 ' ><li class='ez-toc-page-1 ez-toc-heading-level-2'><a class=\"ez-toc-link ez-toc-heading-1\" href=\"https:\/\/med.estrategia.com\/portal\/noticias\/inep-divulga-pep-preliminar-da-2a-etapa-do-revalida-2023-1\/#Recursos-2a-Etapa-%E2%80%93-Revalida-INEP-20231\" >Recursos 2&ordf; Etapa &ndash; Revalida INEP 2023.1<\/a><\/li><li class='ez-toc-page-1 ez-toc-heading-level-2'><a class=\"ez-toc-link ez-toc-heading-2\" href=\"https:\/\/med.estrategia.com\/portal\/noticias\/inep-divulga-pep-preliminar-da-2a-etapa-do-revalida-2023-1\/#Cronograma-2a-etapa-Revalida-20231\" >Cronograma 2&ordf; etapa Revalida 2023.1<\/a><\/li><\/ul><\/nav><\/div>\n<h2 class=\"wp-block-heading\" id=\"h-recursos-2&ordf;-etapa-revalida-inep-2023-1\"><span class=\"ez-toc-section\" id=\"Recursos-2a-Etapa-%E2%80%93-Revalida-INEP-20231\"><\/span>Recursos 2&ordf; Etapa &ndash; Revalida INEP 2023.1<span class=\"ez-toc-section-end\"><\/span><\/h2><p>Os candidatos participantes da segunda etapa do Revalida INEP 2023.1 poder&atilde;o interpor recursos contra o PEP preliminar at&eacute; o dia 6 de julho de 2023 e, caso seja necess&aacute;rio,&nbsp;<strong>o recurso precisa ser apresentado de maneira adequada e com uma estrutura correta<\/strong>. <br><br>Como o <a class=\"wl-entity-page-link\" href=\"https:\/\/med.estrategia.com\/portal\/entidade\/estrategia-med-2\/\" data-id=\"\/entity\/estrategia-med-2;https:\/\/data.wordlift.io\/wl106637\/entity\/estrategia_med\">Estrat&eacute;gia MED<\/a> est&aacute;&nbsp;<a href=\"https:\/\/med.estrategia.com\/portal\/?s=revalida\" target=\"_blank\">presente em todas as etapas do Revalida<\/a>, preparamos tamb&eacute;m um guia para te auxiliar neste momento. O<strong>&nbsp;&ldquo;Guia Revalida: como elaborar um recurso irrecus&aacute;vel?&rdquo;<\/strong>&nbsp;&eacute;&nbsp;<em>gratuito e j&aacute; est&aacute; dispon&iacute;vel<\/em>&nbsp;clicando na imagem abaixo:<\/p><figure class=\"wp-block-image\"><a href=\"https:\/\/med.estrategia.com\/lancamentos\/ebook-revalida\/\" target=\"_blank\"><img decoding=\"async\" src=\"https:\/\/infraweb-landing-pages-prod.s3.amazonaws.com\/medicina\/ebook-revalida\/image\/banner.image\" alt=\"\"><\/a><\/figure><p>O resultado da an&aacute;lise de recursos contra a segunda etapa, assim como o resultado preliminar do processo, est&atilde;o previstos para o dia 24 de agosto de 2023.<\/p><p>\n\n\n<div id=\"new-form\">\n\t<form id=\"forms_layout\">\n\t<input type=\"hidden\" id=\"chave_de\" name=\"chave_de\" value=\"01_EMED_LEADS_TOTAIS\" \/>\n\t\t<input type=\"hidden\" id=\"mid\" name=\"mid\" value=\"515009018\" \/>\n\t\t<input type=\"hidden\" id=\"Objetivo\" name=\"Objetivo\" value=\"Medicina\" \/>\n\t\t<input type=\"hidden\" id=\"Estado_de_Origem_do_IP\" name=\"Estado_de_Origem_do_IP\"  value=\"\" \/>\n\t\t<input type=\"hidden\" id=\"Cidade_de_Origem_do_IP\" name=\"Cidade_de_Origem_do_IP\" value=\"\" \/>\n\t\t<input type=\"hidden\" id=\"Modo_de_entrada\" name=\"Modo_de_entrada\" value=\"Portal\" \/>\n\t\t<input type=\"hidden\" id=\"Pagina_Origem\" name=\"Pagina_Origem\" value=\"\" \/>\n\n\t\t<div class=\"texto\">\n\t\t\t<h3 class=\"news\">Inscreva-se em nossa newsletter!<\/h3>\n\t\t\t<p>Receba not\u00edcias sobre resid\u00eancia m\u00e9dica, revalida\u00e7\u00e3o de diplomas e concursos m\u00e9dicos, al\u00e9m de materiais de estudo gratuitos e informa\u00e7\u00f5es relevantes do mundo da Medicina.<\/p>\n\t\t<\/div>\n\t\t<div class=\"campos\">\n\t\t\t<div class=\"first_name labels\">\n\t\t\t\t<input type=\"text\" class=\"input_labels\" id=\"first_name\" name=\"Nome_Completo\" placeholder=\"Nome\" required \/>\n\t\t\t<\/div>\n\t\t\t<div class=\"email labels\">\n\t\t\t\t<input type=\"email\" class=\"input_labels\" id=\"email\" name=\"Email\" placeholder=\"E-mail\" required \/>\n\t\t\t<\/div>\n\t\t\t<button type=\"submit\" class=\"button_layout\">\n\t\t\t\t<div id=\"lblBotao\">Inscreva-se<\/div>\n\t\t\t\t<span id=\"divSpiner\" class=\"loader\" role=\"status\" style=\"display: none;\"><\/span>\t\n\t\t\t<\/button>\n\t\t<\/div><!-- \/campos -->\n\t\t\n\t\t<label class=\"container_checkbox\">Voc\u00ea concorda com a nossa\n\t\t\t<a class=\"politics_privacy_ahref\" target=\"_blank\" href=\"https:\/\/gratis.estrategiaconcursos.com.br\/politica-de-privacidade\/\">Pol\u00edtica de Privacidade<\/a> e aceita receber informa\u00e7\u00f5es adicionais do Estrat\u00e9gia Educacional.\n\t\t\t<input id=\"checkbox_layout\" type=\"checkbox\" checked=\"checked\" required \/>\n\t\t\t<span class=\"checkbox\"><\/span>\n\t\t<\/label>\n\t\t<div id=\"msg\"><\/div>\n\t\t<div id=\"error\" class=\"error\">\n\t\t<\/div>\n\t<\/form>\n<\/div><!-- \/new-form -->\n\n\n\n<\/p><h2 class=\"wp-block-heading\" id=\"h-cronograma-2&ordf;-etapa-revalida-2023-1\"><span class=\"ez-toc-section\" id=\"Cronograma-2a-etapa-Revalida-20231\"><\/span>Cronograma 2&ordf; etapa Revalida 2023.1<span class=\"ez-toc-section-end\"><\/span><\/h2><ul class=\"wp-block-list\">\n<li><strong>Inscri&ccedil;&otilde;es:&nbsp;<\/strong>15 a 19\/05\/2023;<\/li>\n\n\n\n<li><strong>Pagamento da taxa de inscri&ccedil;&atilde;o:&nbsp;<\/strong>at&eacute; 23\/05\/2023;<\/li>\n\n\n\n<li><strong>Solicita&ccedil;&atilde;o de atendimento especializado:<\/strong>&nbsp;15 a 19\/05\/2023;<\/li>\n\n\n\n<li><strong>Divulga&ccedil;&atilde;o da nota de corte da 2&ordf; Etapa:&nbsp;<\/strong>at&eacute; 24\/05\/2023;<\/li>\n\n\n\n<li><strong>Divulga&ccedil;&atilde;o do cart&atilde;o de confirma&ccedil;&atilde;o de inscri&ccedil;&atilde;o:<\/strong>&nbsp;02\/06\/2023 (retificado);<\/li>\n\n\n\n<li><strong>Aplica&ccedil;&atilde;o:<\/strong>&nbsp;24 e 25\/06\/2023;<\/li>\n\n\n\n<li><strong>Divulga&ccedil;&atilde;o da vers&atilde;o preliminar do Padr&atilde;o Esperado de Procedimentos (PEP):&nbsp;<\/strong>30\/06\/2023;<\/li>\n\n\n\n<li><strong>Recurso &agrave;s vers&otilde;es preliminares do Padr&atilde;o Esperado de Procedimentos (PEP):<\/strong>&nbsp;30\/06 a 06\/07\/2023;<\/li>\n\n\n\n<li><strong>Resultados do recurso ao Padr&atilde;o Esperado de Procedimentos (PEP):&nbsp;<\/strong>24\/08\/2023;<\/li>\n\n\n\n<li><strong>Divulga&ccedil;&atilde;o do resultado preliminar da prova de habilidades cl&iacute;nicas:<\/strong>&nbsp;24\/08\/2023;<\/li>\n\n\n\n<li><strong>Recurso ao resultado preliminar da prova de habilidades cl&iacute;nicas:&nbsp;<\/strong>24 a 30\/08\/2023;<\/li>\n\n\n\n<li><strong>Resultados dos recursos ao resultado preliminar da prova de habilidades cl&iacute;nicas:&nbsp;<\/strong>29\/09\/2023;<\/li>\n\n\n\n<li><strong>Resultado final:<\/strong>&nbsp;29\/09\/2023; e<\/li>\n\n\n\n<li><strong>Indica&ccedil;&atilde;o da universidade parceira:<\/strong>&nbsp;a partir de 30\/09\/2023.<\/li>\n<\/ul><div class=\"wp-block-buttons is-content-justification-center is-layout-flex wp-container-core-buttons-is-layout-2 wp-block-buttons-is-layout-flex\">\n<div class=\"wp-block-button\"><a class=\"wp-block-button__link wp-element-button\" href=\"https:\/\/med.estrategia.com\/portal\/revalida\/revalida-inep\/\" target=\"_blank\"><strong>TUDO SOBRE O REVALIDA INEP!<\/strong><\/a><\/div>\n<\/div><p>Se voc&ecirc; quer ficar por dentro de mais conte&uacute;dos relevantes sobre a &aacute;rea m&eacute;dica, continue acompanhando o material preparado pelo <a href=\"https:\/\/med.estrategia.com\/portal\/\" target=\"_blank\">Portal de Not&iacute;cias do Estrat&eacute;gia MED<\/a>. Aqui, voc&ecirc; encontrar&aacute; informa&ccedil;&otilde;es atualizadas sobre resid&ecirc;ncias, carreira m&eacute;dica e muito mais.<\/p><p><strong><a id=\"cta\" class=\"cta-imagem\" href=\"https:\/\/med.estrategia.com\/cursos\/revalida-exclusive\/\" target=\"blank\">\n                <img decoding=\"async\" width=\"100%\" src=\"https:\/\/med.estrategia.com\/portal\/wp-content\/uploads\/2025\/08\/revalida_exclusive.jpg\" alt=\"revalida_exclusive\" title=\"revalida_exclusive\">\n        <\/a><\/strong><\/p><\/p>\n","protected":false},"excerpt":{"rendered":"Recursos contra a vers\u00e3o preliminar do Padr\u00e3o Esperado de Procedimentos ser\u00e3o aceitos entre os dias 30 e 6 de julho de 2023\n","protected":false},"author":39,"featured_media":21008,"comment_status":"closed","ping_status":"closed","sticky":false,"template":"","format":"standard","meta":{"wl_entities_gutenberg":"","footnotes":""},"categories":[300],"tags":[],"wl_entity_type":[197],"class_list":{"0":"post-40499","1":"post","2":"type-post","3":"status-publish","4":"format-standard","5":"has-post-thumbnail","7":"category-noticias","8":"wl_entity_type-local-business"},"acf":[],"yoast_head":"<!-- This site is optimized with the Yoast SEO Premium plugin v26.6 (Yoast SEO v26.6) - https:\/\/yoast.com\/wordpress\/plugins\/seo\/ -->\n<title>INEP divulga PEP preliminar da 2\u00aa etapa do Revalida 2023.1<\/title>\n<meta name=\"description\" content=\"Recursos contra a vers\u00e3o preliminar do Padr\u00e3o Esperado de Procedimentos do Revalida INEP 2023.1 ser\u00e3o aceitos entre os dias 30 e 6 de julho de 2023!\" \/>\n<meta name=\"robots\" content=\"index, follow, max-snippet:-1, max-image-preview:large, max-video-preview:-1\" \/>\n<link rel=\"canonical\" href=\"https:\/\/med.estrategia.com\/portal\/noticias\/inep-divulga-pep-preliminar-da-2a-etapa-do-revalida-2023-1\/\" \/>\n<meta property=\"og:locale\" content=\"pt_BR\" \/>\n<meta property=\"og:type\" content=\"article\" \/>\n<meta property=\"og:title\" content=\"INEP divulga PEP preliminar da 2\u00aa etapa do Revalida 2023.1\" \/>\n<meta property=\"og:description\" content=\"Recursos contra a vers\u00e3o preliminar do Padr\u00e3o Esperado de Procedimentos do Revalida INEP 2023.1 ser\u00e3o aceitos entre os dias 30 e 6 de julho de 2023!\" \/>\n<meta property=\"og:url\" content=\"https:\/\/med.estrategia.com\/portal\/noticias\/inep-divulga-pep-preliminar-da-2a-etapa-do-revalida-2023-1\/\" \/>\n<meta property=\"og:site_name\" content=\"Estrat\u00e9gia MED\" \/>\n<meta property=\"article:publisher\" content=\"https:\/\/www.facebook.com\/estrategiamed1\" \/>\n<meta property=\"article:published_time\" content=\"2023-06-30T13:51:08+00:00\" \/>\n<meta property=\"article:modified_time\" content=\"2023-08-07T21:24:55+00:00\" \/>\n<meta property=\"og:image\" content=\"https:\/\/cdn.medblog.estrategiaeducacional.com.br\/wp-content\/uploads\/2022\/06\/coverWP_publica_bgfoto_logo.jpg\" \/>\n\t<meta property=\"og:image:width\" content=\"1200\" \/>\n\t<meta property=\"og:image:height\" content=\"800\" \/>\n\t<meta property=\"og:image:type\" content=\"image\/jpeg\" \/>\n<meta name=\"author\" content=\"Ana Carolina Damasceno\" \/>\n<meta name=\"twitter:card\" content=\"summary_large_image\" \/>\n<meta name=\"twitter:creator\" content=\"@estrategiamed_\" \/>\n<meta name=\"twitter:site\" content=\"@estrategiamed_\" \/>\n<meta name=\"twitter:label1\" content=\"Escrito por\" \/>\n\t<meta name=\"twitter:data1\" content=\"Ana Carolina Damasceno\" \/>\n\t<meta name=\"twitter:label2\" content=\"Est. tempo de leitura\" \/>\n\t<meta name=\"twitter:data2\" content=\"2 minutos\" \/>\n<script type=\"application\/ld+json\" class=\"yoast-schema-graph\">{\"@context\":\"https:\/\/schema.org\",\"@graph\":[{\"@type\":\"WebPage\",\"@id\":\"https:\/\/med.estrategia.com\/portal\/noticias\/inep-divulga-pep-preliminar-da-2a-etapa-do-revalida-2023-1\/\",\"url\":\"https:\/\/med.estrategia.com\/portal\/noticias\/inep-divulga-pep-preliminar-da-2a-etapa-do-revalida-2023-1\/\",\"name\":\"INEP divulga PEP preliminar da 2\u00aa etapa do Revalida 2023.1\",\"isPartOf\":{\"@id\":\"https:\/\/med.estrategia.com\/portal\/#website\"},\"primaryImageOfPage\":{\"@id\":\"https:\/\/med.estrategia.com\/portal\/noticias\/inep-divulga-pep-preliminar-da-2a-etapa-do-revalida-2023-1\/#primaryimage\"},\"image\":{\"@id\":\"https:\/\/med.estrategia.com\/portal\/noticias\/inep-divulga-pep-preliminar-da-2a-etapa-do-revalida-2023-1\/#primaryimage\"},\"thumbnailUrl\":\"https:\/\/med.estrategia.com\/portal\/wp-content\/uploads\/2022\/06\/coverWP_publica_bgfoto_logo.jpg\",\"datePublished\":\"2023-06-30T13:51:08+00:00\",\"dateModified\":\"2023-08-07T21:24:55+00:00\",\"author\":{\"@id\":\"https:\/\/med.estrategia.com\/portal\/#\/schema\/person\/2f553adbb8e25fe39d145c5b2927f58c\"},\"description\":\"Recursos contra a vers\u00e3o preliminar do Padr\u00e3o Esperado de Procedimentos do Revalida INEP 2023.1 ser\u00e3o aceitos entre os dias 30 e 6 de julho de 2023!\",\"breadcrumb\":{\"@id\":\"https:\/\/med.estrategia.com\/portal\/noticias\/inep-divulga-pep-preliminar-da-2a-etapa-do-revalida-2023-1\/#breadcrumb\"},\"inLanguage\":\"pt-BR\",\"potentialAction\":[{\"@type\":\"ReadAction\",\"target\":[\"https:\/\/med.estrategia.com\/portal\/noticias\/inep-divulga-pep-preliminar-da-2a-etapa-do-revalida-2023-1\/\"]}]},{\"@type\":\"ImageObject\",\"inLanguage\":\"pt-BR\",\"@id\":\"https:\/\/med.estrategia.com\/portal\/noticias\/inep-divulga-pep-preliminar-da-2a-etapa-do-revalida-2023-1\/#primaryimage\",\"url\":\"https:\/\/med.estrategia.com\/portal\/wp-content\/uploads\/2022\/06\/coverWP_publica_bgfoto_logo.jpg\",\"contentUrl\":\"https:\/\/med.estrategia.com\/portal\/wp-content\/uploads\/2022\/06\/coverWP_publica_bgfoto_logo.jpg\",\"width\":1200,\"height\":800,\"caption\":\"Cr\u00e9ditos: Divulga\u00e7\u00e3o Inep\/Estrat\u00e9gia MED\"},{\"@type\":\"BreadcrumbList\",\"@id\":\"https:\/\/med.estrategia.com\/portal\/noticias\/inep-divulga-pep-preliminar-da-2a-etapa-do-revalida-2023-1\/#breadcrumb\",\"itemListElement\":[{\"@type\":\"ListItem\",\"position\":1,\"name\":\"Home\",\"item\":\"https:\/\/med.estrategia.com\/portal\/\"},{\"@type\":\"ListItem\",\"position\":2,\"name\":\"Not\u00edcias\",\"item\":\"https:\/\/med.estrategia.com\/portal\/noticias\/\"},{\"@type\":\"ListItem\",\"position\":3,\"name\":\"INEP divulga PEP preliminar da 2\u00aa etapa do Revalida 2023.1\"}]},{\"@type\":\"WebSite\",\"@id\":\"https:\/\/med.estrategia.com\/portal\/#website\",\"url\":\"https:\/\/med.estrategia.com\/portal\/\",\"name\":\"Estrat\u00e9gia MED\",\"description\":\"\",\"potentialAction\":[{\"@type\":\"SearchAction\",\"target\":{\"@type\":\"EntryPoint\",\"urlTemplate\":\"https:\/\/med.estrategia.com\/portal\/?s={search_term_string}\"},\"query-input\":{\"@type\":\"PropertyValueSpecification\",\"valueRequired\":true,\"valueName\":\"search_term_string\"}}],\"inLanguage\":\"pt-BR\"},{\"@type\":\"Person\",\"@id\":\"https:\/\/med.estrategia.com\/portal\/#\/schema\/person\/2f553adbb8e25fe39d145c5b2927f58c\",\"name\":\"Ana Carolina Damasceno\",\"image\":{\"@type\":\"ImageObject\",\"inLanguage\":\"pt-BR\",\"@id\":\"https:\/\/med.estrategia.com\/portal\/#\/schema\/person\/image\/\",\"url\":\"https:\/\/med.estrategia.com\/portal\/wp-content\/uploads\/2021\/09\/WhatsApp-Image-2023-08-18-at-16.46.43-150x150.jpeg\",\"contentUrl\":\"https:\/\/med.estrategia.com\/portal\/wp-content\/uploads\/2021\/09\/WhatsApp-Image-2023-08-18-at-16.46.43-150x150.jpeg\",\"caption\":\"Ana Carolina Damasceno\"},\"description\":\"Coordenadora de Jornalismo EMED. Comunicadora por natureza e forma\u00e7\u00e3o, que ama e perde a no\u00e7\u00e3o do tempo com m\u00fasica e s\u00e9rie.\",\"url\":\"https:\/\/med.estrategia.com\/portal\/author\/ana-carolina-damasceno\/\"}]}<\/script>\n<!-- \/ Yoast SEO Premium plugin. -->","yoast_head_json":{"title":"INEP divulga PEP preliminar da 2\u00aa etapa do Revalida 2023.1","description":"Recursos contra a vers\u00e3o preliminar do Padr\u00e3o Esperado de Procedimentos do Revalida INEP 2023.1 ser\u00e3o aceitos entre os dias 30 e 6 de julho de 2023!","robots":{"index":"index","follow":"follow","max-snippet":"max-snippet:-1","max-image-preview":"max-image-preview:large","max-video-preview":"max-video-preview:-1"},"canonical":"https:\/\/med.estrategia.com\/portal\/noticias\/inep-divulga-pep-preliminar-da-2a-etapa-do-revalida-2023-1\/","og_locale":"pt_BR","og_type":"article","og_title":"INEP divulga PEP preliminar da 2\u00aa etapa do Revalida 2023.1","og_description":"Recursos contra a vers\u00e3o preliminar do Padr\u00e3o Esperado de Procedimentos do Revalida INEP 2023.1 ser\u00e3o aceitos entre os dias 30 e 6 de julho de 2023!","og_url":"https:\/\/med.estrategia.com\/portal\/noticias\/inep-divulga-pep-preliminar-da-2a-etapa-do-revalida-2023-1\/","og_site_name":"Estrat\u00e9gia MED","article_publisher":"https:\/\/www.facebook.com\/estrategiamed1","article_published_time":"2023-06-30T13:51:08+00:00","article_modified_time":"2023-08-07T21:24:55+00:00","og_image":[{"width":1200,"height":800,"url":"https:\/\/cdn.medblog.estrategiaeducacional.com.br\/wp-content\/uploads\/2022\/06\/coverWP_publica_bgfoto_logo.jpg","type":"image\/jpeg"}],"author":"Ana Carolina Damasceno","twitter_card":"summary_large_image","twitter_creator":"@estrategiamed_","twitter_site":"@estrategiamed_","twitter_misc":{"Escrito por":"Ana Carolina Damasceno","Est. tempo de leitura":"2 minutos"},"schema":{"@context":"https:\/\/schema.org","@graph":[{"@type":"WebPage","@id":"https:\/\/med.estrategia.com\/portal\/noticias\/inep-divulga-pep-preliminar-da-2a-etapa-do-revalida-2023-1\/","url":"https:\/\/med.estrategia.com\/portal\/noticias\/inep-divulga-pep-preliminar-da-2a-etapa-do-revalida-2023-1\/","name":"INEP divulga PEP preliminar da 2\u00aa etapa do Revalida 2023.1","isPartOf":{"@id":"https:\/\/med.estrategia.com\/portal\/#website"},"primaryImageOfPage":{"@id":"https:\/\/med.estrategia.com\/portal\/noticias\/inep-divulga-pep-preliminar-da-2a-etapa-do-revalida-2023-1\/#primaryimage"},"image":{"@id":"https:\/\/med.estrategia.com\/portal\/noticias\/inep-divulga-pep-preliminar-da-2a-etapa-do-revalida-2023-1\/#primaryimage"},"thumbnailUrl":"https:\/\/med.estrategia.com\/portal\/wp-content\/uploads\/2022\/06\/coverWP_publica_bgfoto_logo.jpg","datePublished":"2023-06-30T13:51:08+00:00","dateModified":"2023-08-07T21:24:55+00:00","author":{"@id":"https:\/\/med.estrategia.com\/portal\/#\/schema\/person\/2f553adbb8e25fe39d145c5b2927f58c"},"description":"Recursos contra a vers\u00e3o preliminar do Padr\u00e3o Esperado de Procedimentos do Revalida INEP 2023.1 ser\u00e3o aceitos entre os dias 30 e 6 de julho de 2023!","breadcrumb":{"@id":"https:\/\/med.estrategia.com\/portal\/noticias\/inep-divulga-pep-preliminar-da-2a-etapa-do-revalida-2023-1\/#breadcrumb"},"inLanguage":"pt-BR","potentialAction":[{"@type":"ReadAction","target":["https:\/\/med.estrategia.com\/portal\/noticias\/inep-divulga-pep-preliminar-da-2a-etapa-do-revalida-2023-1\/"]}]},{"@type":"ImageObject","inLanguage":"pt-BR","@id":"https:\/\/med.estrategia.com\/portal\/noticias\/inep-divulga-pep-preliminar-da-2a-etapa-do-revalida-2023-1\/#primaryimage","url":"https:\/\/med.estrategia.com\/portal\/wp-content\/uploads\/2022\/06\/coverWP_publica_bgfoto_logo.jpg","contentUrl":"https:\/\/med.estrategia.com\/portal\/wp-content\/uploads\/2022\/06\/coverWP_publica_bgfoto_logo.jpg","width":1200,"height":800,"caption":"Cr\u00e9ditos: Divulga\u00e7\u00e3o Inep\/Estrat\u00e9gia MED"},{"@type":"BreadcrumbList","@id":"https:\/\/med.estrategia.com\/portal\/noticias\/inep-divulga-pep-preliminar-da-2a-etapa-do-revalida-2023-1\/#breadcrumb","itemListElement":[{"@type":"ListItem","position":1,"name":"Home","item":"https:\/\/med.estrategia.com\/portal\/"},{"@type":"ListItem","position":2,"name":"Not\u00edcias","item":"https:\/\/med.estrategia.com\/portal\/noticias\/"},{"@type":"ListItem","position":3,"name":"INEP divulga PEP preliminar da 2\u00aa etapa do Revalida 2023.1"}]},{"@type":"WebSite","@id":"https:\/\/med.estrategia.com\/portal\/#website","url":"https:\/\/med.estrategia.com\/portal\/","name":"Estrat\u00e9gia MED","description":"","potentialAction":[{"@type":"SearchAction","target":{"@type":"EntryPoint","urlTemplate":"https:\/\/med.estrategia.com\/portal\/?s={search_term_string}"},"query-input":{"@type":"PropertyValueSpecification","valueRequired":true,"valueName":"search_term_string"}}],"inLanguage":"pt-BR"},{"@type":"Person","@id":"https:\/\/med.estrategia.com\/portal\/#\/schema\/person\/2f553adbb8e25fe39d145c5b2927f58c","name":"Ana Carolina Damasceno","image":{"@type":"ImageObject","inLanguage":"pt-BR","@id":"https:\/\/med.estrategia.com\/portal\/#\/schema\/person\/image\/","url":"https:\/\/med.estrategia.com\/portal\/wp-content\/uploads\/2021\/09\/WhatsApp-Image-2023-08-18-at-16.46.43-150x150.jpeg","contentUrl":"https:\/\/med.estrategia.com\/portal\/wp-content\/uploads\/2021\/09\/WhatsApp-Image-2023-08-18-at-16.46.43-150x150.jpeg","caption":"Ana Carolina Damasceno"},"description":"Coordenadora de Jornalismo EMED. Comunicadora por natureza e forma\u00e7\u00e3o, que ama e perde a no\u00e7\u00e3o do tempo com m\u00fasica e s\u00e9rie.","url":"https:\/\/med.estrategia.com\/portal\/author\/ana-carolina-damasceno\/"}]}},"_wl_alt_label":[],"wl:entity_url":"\/post\/inep-divulga-pep-preliminar-da-2a-etapa-do-revalida-2023-1","_links":{"self":[{"href":"https:\/\/med.estrategia.com\/portal\/wp-json\/wp\/v2\/posts\/40499","targetHints":{"allow":["GET"]}}],"collection":[{"href":"https:\/\/med.estrategia.com\/portal\/wp-json\/wp\/v2\/posts"}],"about":[{"href":"https:\/\/med.estrategia.com\/portal\/wp-json\/wp\/v2\/types\/post"}],"author":[{"embeddable":true,"href":"https:\/\/med.estrategia.com\/portal\/wp-json\/wp\/v2\/users\/39"}],"replies":[{"embeddable":true,"href":"https:\/\/med.estrategia.com\/portal\/wp-json\/wp\/v2\/comments?post=40499"}],"version-history":[{"count":9,"href":"https:\/\/med.estrategia.com\/portal\/wp-json\/wp\/v2\/posts\/40499\/revisions"}],"predecessor-version":[{"id":43271,"href":"https:\/\/med.estrategia.com\/portal\/wp-json\/wp\/v2\/posts\/40499\/revisions\/43271"}],"wp:featuredmedia":[{"embeddable":true,"href":"https:\/\/med.estrategia.com\/portal\/wp-json\/wp\/v2\/media\/21008"}],"wp:attachment":[{"href":"https:\/\/med.estrategia.com\/portal\/wp-json\/wp\/v2\/media?parent=40499"}],"wp:term":[{"taxonomy":"category","embeddable":true,"href":"https:\/\/med.estrategia.com\/portal\/wp-json\/wp\/v2\/categories?post=40499"},{"taxonomy":"post_tag","embeddable":true,"href":"https:\/\/med.estrategia.com\/portal\/wp-json\/wp\/v2\/tags?post=40499"},{"taxonomy":"wl_entity_type","embeddable":true,"href":"https:\/\/med.estrategia.com\/portal\/wp-json\/wp\/v2\/wl_entity_type?post=40499"}],"curies":[{"name":"wp","href":"https:\/\/api.w.org\/{rel}","templated":true}]}}