{"id":40991,"date":"2023-06-09T09:15:12","date_gmt":"2023-06-09T12:15:12","guid":{"rendered":"https:\/\/med.estrategia.com\/portal\/?p=40991"},"modified":"2023-07-05T15:21:12","modified_gmt":"2023-07-05T18:21:12","slug":"resultado-alocacao-mais-medicos","status":"publish","type":"post","link":"https:\/\/med.estrategia.com\/portal\/maismedicos\/resultado-alocacao-mais-medicos\/","title":{"rendered":"Resultado final da aloca\u00e7\u00e3o de profissionais no 28\u00ba ciclo do Mais M\u00e9dicos \u00e9 divulgado"},"content":{"rendered":"<p>O Minist&eacute;rio da Sa&uacute;de, pela Secret&aacute;ria de Aten&ccedil;&atilde;o Prim&aacute;ria &agrave; Sa&uacute;de (SAPS), divulgou duas listas de candidatos convocados para o<strong> programa Mais M&eacute;dicos<\/strong>, em <strong>segunda chamada<\/strong>. Os candidatos convocados neste momento dever&atilde;o acessar o<strong><a href=\"https:\/\/maismedicos.saude.gov.br\/\" target=\"_blank\"> Sistema de Gest&atilde;o de Projetos (SGP)<\/a><\/strong> para confirmar interesse na vaga. Acesse a rela&ccedil;&atilde;o de aprovados clicando nos bot&otilde;es a seguir:  <div class=\"wp-block-buttons is-content-justification-center is-layout-flex wp-container-core-buttons-is-layout-1 wp-block-buttons-is-layout-flex\">\n<div class=\"wp-block-button\"><a class=\"wp-block-button__link wp-element-button\" href=\"https:\/\/med.estrategia.com\/portal\/wp-content\/uploads\/2023\/07\/Publicao-da-alocao-final_28_ciclo_2_chamada_atendidos.pdf\" target=\"_blank\">2&ordf; CHAMADA MAIS M&Eacute;DICOS &ndash; LISTA 1<\/a><\/div>\n\n\n\n<div class=\"wp-block-button\"><a class=\"wp-block-button__link wp-element-button\" href=\"https:\/\/med.estrategia.com\/portal\/wp-content\/uploads\/2023\/07\/Publicao-da-alocao-final_28-ciclo_2-chamada_LISTA-2.pdf\" target=\"_blank\">2&ordf; CHAMADA MAIS M&Eacute;DICOS &ndash; LISTA 2<\/a><\/div>\n<\/div><div id=\"ez-toc-container\" class=\"ez-toc-v2_0_79_2 counter-hierarchy ez-toc-counter ez-toc-transparent ez-toc-container-direction\">\n<div class=\"ez-toc-title-container\"><p class=\"ez-toc-title\" style=\"cursor:inherit\">Navegue pelo conte\u00fado<\/p>\n<\/div><nav><ul class='ez-toc-list ez-toc-list-level-1 ' ><li class='ez-toc-page-1 ez-toc-heading-level-2'><a class=\"ez-toc-link ez-toc-heading-1\" href=\"https:\/\/med.estrategia.com\/portal\/maismedicos\/resultado-alocacao-mais-medicos\/#Convocados-Mais-Medicos-em-1a-chamada\" >Convocados Mais M&eacute;dicos em 1&ordf; chamada<\/a><\/li><li class='ez-toc-page-1 ez-toc-heading-level-2'><a class=\"ez-toc-link ez-toc-heading-2\" href=\"https:\/\/med.estrategia.com\/portal\/maismedicos\/resultado-alocacao-mais-medicos\/#Acolhimento-dos-profissionais-alocados\" >Acolhimento dos profissionais alocados<\/a><ul class='ez-toc-list-level-3' ><li class='ez-toc-heading-level-3'><a class=\"ez-toc-link ez-toc-heading-3\" href=\"https:\/\/med.estrategia.com\/portal\/maismedicos\/resultado-alocacao-mais-medicos\/#Inscreva-se-em-nossa-newsletter\" >Inscreva-se em nossa newsletter!<\/a><\/li><\/ul><\/li><li class='ez-toc-page-1 ez-toc-heading-level-2'><a class=\"ez-toc-link ez-toc-heading-4\" href=\"https:\/\/med.estrategia.com\/portal\/maismedicos\/resultado-alocacao-mais-medicos\/#Escolha-de-Vagas\" >Escolha de Vagas<\/a><\/li><li class='ez-toc-page-1 ez-toc-heading-level-2'><a class=\"ez-toc-link ez-toc-heading-5\" href=\"https:\/\/med.estrategia.com\/portal\/maismedicos\/resultado-alocacao-mais-medicos\/#Mais-Medicos\" >Mais M&eacute;dicos&nbsp;<\/a><\/li><\/ul><\/nav><\/div>\n<h2 class=\"wp-block-heading\"><span class=\"ez-toc-section\" id=\"Convocados-Mais-Medicos-em-1a-chamada\"><\/span>Convocados Mais M&eacute;dicos em 1&ordf; chamada<span class=\"ez-toc-section-end\"><\/span><\/h2><p>Foi liberada no dia 19 de junho, no Sistema de Gerenciamento de Programas (SGP) e no site oficial do Programa Mais M&eacute;dicos (PMM), a <strong>consulta ao Resultado Final da Aloca&ccedil;&atilde;o de Profissionais<\/strong> do<strong> 28&ordm; ciclo do PMM<\/strong>. A divulga&ccedil;&atilde;o ocorre ap&oacute;s a indica&ccedil;&atilde;o do local de atua&ccedil;&atilde;o, feita entre os dias 1&ordm; e 5 de junho, e o per&iacute;odo de recursos ao resultado preliminar.&nbsp;<\/p><p>Candidatos inscritos podem <strong>acessar o sistema com login e senha previamente cadastrados <\/strong>e conferir a resposta dos recursos interpostos, o resultado final da aloca&ccedil;&atilde;o por munic&iacute;pio escolhido ou consultar a lista de profissionais alocados. Confira a lista clicando no bot&atilde;o a seguir:<\/p><div class=\"wp-block-buttons is-content-justification-center is-layout-flex wp-container-core-buttons-is-layout-2 wp-block-buttons-is-layout-flex\">\n<div class=\"wp-block-button\"><a class=\"wp-block-button__link wp-element-button\" href=\"https:\/\/med.estrategia.com\/portal\/wp-content\/uploads\/2023\/06\/resultado_final_alocacao_28_ciclo.pdf\" target=\"_blank\">RESULTADO FINAL MAIS M&Eacute;DICOS<\/a><\/div>\n<\/div><p>Candidatos n&atilde;o listados podem <strong>consultar a classifica&ccedil;&atilde;o<\/strong> diretamente no SGP. <\/p><h2 class=\"wp-block-heading\"><span class=\"ez-toc-section\" id=\"Acolhimento-dos-profissionais-alocados\"><\/span>Acolhimento dos profissionais alocados<span class=\"ez-toc-section-end\"><\/span><\/h2><p>Com o resultado final divulgado, os pr&oacute;ximos passos s&atilde;o a <strong>confirma&ccedil;&atilde;o da escolha de vaga<\/strong>, <strong>entrega de documentos <\/strong>e<strong> valida&ccedil;&atilde;o dos profissionais<\/strong>. M&eacute;dicos que j&aacute; conclu&iacute;ram o M&oacute;dulo de acolhimento e avalia&ccedil;&atilde;o (MAAv) em outros ciclos do programa j&aacute; ser&atilde;o convocados para apresentar os documentos para a gest&atilde;o do munic&iacute;pio escolhido, seguindo o <a href=\"https:\/\/med.estrategia.com\/portal\/noticias\/cronograma-do-mais-medicos-e-divulgado\/\">cronograma oficial<\/a>.&nbsp;<\/p><p>Para os demais participantes do perfil 2, ap&oacute;s a an&aacute;lise de todos os documentos entregues, respectivos resultados e recursos, ser&aacute; ofertado o <strong>M&oacute;dulo de Acolhimento e Avalia&ccedil;&atilde;o &ndash; MAAv no per&iacute;odo de 24 de julho e 11 de agosto de 2023<\/strong>. O m&oacute;dulo ser&aacute; destinado apenas para estes profissionais cuja documenta&ccedil;&atilde;o tenha sido aprovada pela gest&atilde;o municipal.&nbsp;<\/p><p>O MAAv consiste no <strong>primeiro momento formativo<\/strong> do profissional no Mais M&eacute;dicos com a finalidade de <strong>integr&aacute;-lo &agrave; atua&ccedil;&atilde;o na aten&ccedil;&atilde;o b&aacute;sica <\/strong>no <strong>Sistema &Uacute;nico de Sa&uacute;de (SUS)<\/strong> brasileiro e no munic&iacute;pio de destino. Essa etapa ocorre <strong>presencialmente nas cidades brasileiras adeptas ao programa<\/strong> &mdash; conforme instru&ccedil;&otilde;es da organiza&ccedil;&atilde;o do PMM &mdash; e tem carga m&iacute;nima de 160 horas.&nbsp;<\/p><p>Al&eacute;m do <strong>funcionamento e atribui&ccedil;&otilde;es do SUS<\/strong>, o MAAv traz a <strong>legisla&ccedil;&atilde;o do Sistema de Sa&uacute;de<\/strong>, especialmente da <strong>Aten&ccedil;&atilde;o Prim&aacute;ria<\/strong>, bem como<strong> L&iacute;ngua Portuguesa<\/strong> e outros conte&uacute;dos necess&aacute;rios &agrave; pr&aacute;tica m&eacute;dica. A organiza&ccedil;&atilde;o do programa tamb&eacute;m prepara <strong>avalia&ccedil;&otilde;es para testar os conhecimentos do participante<\/strong> e, dependendo do desempenho na avalia&ccedil;&atilde;o, o m&eacute;dico poder&aacute; ser aprovado ou ficar de<strong> recupera&ccedil;&atilde;o<\/strong>, em que ser&aacute; <strong>submetido a nova avalia&ccedil;&atilde;o<\/strong>. Em caso de reprova&ccedil;&atilde;o, o m&eacute;dico ser&aacute; automaticamente desligado do programa.<\/p><p>No decorrer do per&iacute;odo estipulado, alguns munic&iacute;pios prepararam <strong>eventos integradores<\/strong> para <strong>compor o acolhimento<\/strong>, caso dos <strong>munic&iacute;pios paranaenses<\/strong>, que junto &agrave; Secretaria de Estado da Sa&uacute;de e em parceria com o Conselho das Secretarias Municipais de Sa&uacute;de (Cosems) est&atilde;o organizando uma recep&ccedil;&atilde;o para os profissionais inscritos no novo ciclo.&nbsp;<\/p><p>O objetivo do acolhimento &eacute; <strong>receber os profissionais e instru&iacute;-los<\/strong> sobre as <strong>diretrizes do programa<\/strong>, as <strong>demandas <\/strong>e o <strong>processo de trabalho das Equipes de Sa&uacute;de da Fam&iacute;lia no Paran&aacute;<\/strong>. Al&eacute;m dos m&eacute;dicos do 28&ordm; ciclo, os profissionais que j&aacute; atuam nos munic&iacute;pios pelos ciclos anteriores do Mais M&eacute;dicos tamb&eacute;m participar&atilde;o.&nbsp;<\/p><p>\n\n\n<div id=\"new-form\">\n\t<form id=\"forms_layout\">\n\t<input type=\"hidden\" id=\"chave_de\" name=\"chave_de\" value=\"01_EMED_LEADS_TOTAIS\" \/>\n\t\t<input type=\"hidden\" id=\"mid\" name=\"mid\" value=\"515009018\" \/>\n\t\t<input type=\"hidden\" id=\"Objetivo\" name=\"Objetivo\" value=\"Medicina\" \/>\n\t\t<input type=\"hidden\" id=\"Estado_de_Origem_do_IP\" name=\"Estado_de_Origem_do_IP\"  value=\"\" \/>\n\t\t<input type=\"hidden\" id=\"Cidade_de_Origem_do_IP\" name=\"Cidade_de_Origem_do_IP\" value=\"\" \/>\n\t\t<input type=\"hidden\" id=\"Modo_de_entrada\" name=\"Modo_de_entrada\" value=\"Portal\" \/>\n\t\t<input type=\"hidden\" id=\"Pagina_Origem\" name=\"Pagina_Origem\" value=\"\" \/>\n\n\t\t<div class=\"texto\">\n\t\t\t<h3 class=\"news\"><span class=\"ez-toc-section\" id=\"Inscreva-se-em-nossa-newsletter\"><\/span>Inscreva-se em nossa newsletter!<span class=\"ez-toc-section-end\"><\/span><\/h3>\n\t\t\t<p>Receba not\u00edcias sobre resid\u00eancia m\u00e9dica, revalida\u00e7\u00e3o de diplomas e concursos m\u00e9dicos, al\u00e9m de materiais de estudo gratuitos e informa\u00e7\u00f5es relevantes do mundo da Medicina.<\/p>\n\t\t<\/div>\n\t\t<div class=\"campos\">\n\t\t\t<div class=\"first_name labels\">\n\t\t\t\t<input type=\"text\" class=\"input_labels\" id=\"first_name\" name=\"Nome_Completo\" placeholder=\"Nome\" required \/>\n\t\t\t<\/div>\n\t\t\t<div class=\"email labels\">\n\t\t\t\t<input type=\"email\" class=\"input_labels\" id=\"email\" name=\"Email\" placeholder=\"E-mail\" required \/>\n\t\t\t<\/div>\n\t\t\t<button type=\"submit\" class=\"button_layout\">\n\t\t\t\t<div id=\"lblBotao\">Inscreva-se<\/div>\n\t\t\t\t<span id=\"divSpiner\" class=\"loader\" role=\"status\" style=\"display: none;\"><\/span>\t\n\t\t\t<\/button>\n\t\t<\/div><!-- \/campos -->\n\t\t\n\t\t<label class=\"container_checkbox\">Voc\u00ea concorda com a nossa\n\t\t\t<a class=\"politics_privacy_ahref\" target=\"_blank\" href=\"https:\/\/gratis.estrategiaconcursos.com.br\/politica-de-privacidade\/\">Pol\u00edtica de Privacidade<\/a> e aceita receber informa\u00e7\u00f5es adicionais do Estrat\u00e9gia Educacional.\n\t\t\t<input id=\"checkbox_layout\" type=\"checkbox\" checked=\"checked\" required \/>\n\t\t\t<span class=\"checkbox\"><\/span>\n\t\t<\/label>\n\t\t<div id=\"msg\"><\/div>\n\t\t<div id=\"error\" class=\"error\">\n\t\t<\/div>\n\t<\/form>\n<\/div><!-- \/new-form -->\n\n\n\n<\/p><h2 class=\"wp-block-heading\" id=\"h-escolha-de-vagas\"><span class=\"ez-toc-section\" id=\"Escolha-de-Vagas\"><\/span>Escolha de Vagas<span class=\"ez-toc-section-end\"><\/span><\/h2><p>Ap&oacute;s a divulga&ccedil;&atilde;o das inscri&ccedil;&otilde;es deferidas, o candidato que teve a sua inscri&ccedil;&atilde;o validada p&ocirc;de, entre os dias 1&ordm; e 5 de junho de 2023, <strong>escolher o seu poss&iacute;vel local de atua&ccedil;&atilde;o<\/strong> por meio do programa atrav&eacute;s do site do <a href=\"https:\/\/maismedicos.saude.gov.br\/loginExt.php\" target=\"_blank\">Sistema de Gerenciamento de Programas &ndash; SGP<\/a>. <\/p><p>Assim, foi poss&iacute;vel selecionar a op&ccedil;&atilde;o<strong> &ldquo;Escolha de Vagas&rdquo; <\/strong>e indicar <strong>2 locais de atua&ccedil;&atilde;o, <\/strong>respeitando sua<strong> ordem de prefer&ecirc;ncia.<\/strong><\/p><p>Ao todo, 34.070 candidatos tiveram sua inscri&ccedil;&atilde;o validada, sendo <strong>19.652 do perfil 1<\/strong> (m&eacute;dicos com registro no CRM), <strong>10.523 do perfil 2<\/strong> (m&eacute;dicos brasileiros habilitados para atuar no exterior) e <strong>3.895 do perfil 3<\/strong> (m&eacute;dicos estrangeiros habilitados para atuar no exterior). Confira a lista de inscri&ccedil;&otilde;es deferidas:<\/p><div class=\"wp-block-buttons is-content-justification-center is-layout-flex wp-container-core-buttons-is-layout-3 wp-block-buttons-is-layout-flex\">\n<div class=\"wp-block-button\"><a class=\"wp-block-button__link wp-element-button\" href=\"https:\/\/med.estrategia.com\/portal\/wp-content\/uploads\/2023\/06\/inscricoes_concluidas_28_ciclo_compressed.pdf\" target=\"_blank\">Inscri&ccedil;&otilde;es validadas &ndash; Mais M&eacute;dicos<\/a><\/div>\n<\/div><div class=\"wp-block-buttons is-content-justification-center is-layout-flex wp-container-core-buttons-is-layout-4 wp-block-buttons-is-layout-flex\"><\/div><h2 class=\"wp-block-heading\" id=\"h-mais-medicos\"><span class=\"ez-toc-section\" id=\"Mais-Medicos\"><\/span>Mais M&eacute;dicos&nbsp;<span class=\"ez-toc-section-end\"><\/span><\/h2><p>O programa Mais M&eacute;dicos comp&otilde;e um conjunto de a&ccedil;&otilde;es e iniciativas do governo federal para o fortalecimento da Aten&ccedil;&atilde;o Prim&aacute;ria &agrave; Sa&uacute;de, que &eacute; a porta de entrada preferencial ao SUS. A APS est&aacute; presente em todos os munic&iacute;pios e pr&oacute;xima de todas as comunidades.&nbsp;<\/p><p>O Mais M&eacute;dicos foi lan&ccedil;ado em 2013, mas passou por uma reformula&ccedil;&atilde;o e foi relan&ccedil;ado em 2023. Segundo o Minist&eacute;rio da Sa&uacute;de, o programa trabalha sob tr&ecirc;s pilares: a estrat&eacute;gia de contrata&ccedil;&atilde;o emergencial de m&eacute;dicos; a expans&atilde;o do n&uacute;mero de vagas para os cursos de medicina e resid&ecirc;ncia m&eacute;dica em v&aacute;rias regi&otilde;es do pa&iacute;s; e a implanta&ccedil;&atilde;o de um novo curr&iacute;culo com forma&ccedil;&atilde;o voltada para o atendimento mais humanizado, com foco na valoriza&ccedil;&atilde;o da Aten&ccedil;&atilde;o B&aacute;sica, al&eacute;m de a&ccedil;&otilde;es voltadas &agrave; infraestrutura das Unidades B&aacute;sicas de Sa&uacute;de.<\/p><p>Continue acompanhando o Portal de Not&iacute;cias do Estrat&eacute;gia MED para mais informa&ccedil;&otilde;es sobre o Programa Mais M&eacute;dicos, processos seletivos de resid&ecirc;ncia m&eacute;dica e revalida&ccedil;&atilde;o de diplomas de Medicina, al&eacute;m de novidades na &aacute;rea m&eacute;dica. <\/p><p>\n\n\n\n\n\n<a id=\"cta\" class=\"cta-imagem\" href=\"https:\/\/med.estrategia.com\/curso\/banco-de-questes-resumos-estrategicos-anual\/\" target=\"blank\">\n                <img decoding=\"async\" width=\"100%\" src=\"https:\/\/med.estrategia.com\/portal\/wp-content\/uploads\/2025\/08\/banco_questoes.png\" alt=\"banco_questoes\" title=\"banco_questoes\">\n        <\/a>\n\n\n\n<\/p><p><em>Texto em colabora&ccedil;&atilde;o de Mara Rodrigues e Ana Carolina Damasceno<\/em><\/p><\/p>\n","protected":false},"excerpt":{"rendered":"Ap\u00f3s per\u00edodo de recursos ao resultado preliminar, que compreendeu o per\u00edodo entre 9 e 12 de junho, resultado final da aloca\u00e7\u00e3o j\u00e1 est\u00e1 dispon\u00edvel para consulta\n","protected":false},"author":22,"featured_media":39242,"comment_status":"closed","ping_status":"closed","sticky":false,"template":"","format":"standard","meta":{"wl_entities_gutenberg":"","footnotes":""},"categories":[473],"tags":[],"wl_entity_type":[199],"class_list":{"0":"post-40991","1":"post","2":"type-post","3":"status-publish","4":"format-standard","5":"has-post-thumbnail","7":"category-maismedicos","8":"wl_entity_type-article"},"acf":[],"yoast_head":"<!-- This site is optimized with the Yoast SEO Premium plugin v26.6 (Yoast SEO v26.6) - https:\/\/yoast.com\/wordpress\/plugins\/seo\/ -->\n<title>Resultados do Mais M\u00e9dicos 2023<\/title>\n<meta name=\"description\" content=\"Minist\u00e9rio da Sa\u00fade publica rela\u00e7\u00e3o de m\u00e9dicos convocados em 1\u00aa e 2\u00aa chamada para ocupa\u00e7\u00e3o de vagas no programa Mais M\u00e9dicos\" \/>\n<meta name=\"robots\" content=\"index, follow, max-snippet:-1, max-image-preview:large, max-video-preview:-1\" \/>\n<link rel=\"canonical\" href=\"https:\/\/med.estrategia.com\/portal\/maismedicos\/resultado-alocacao-mais-medicos\/\" \/>\n<meta property=\"og:locale\" content=\"pt_BR\" \/>\n<meta property=\"og:type\" content=\"article\" \/>\n<meta property=\"og:title\" content=\"Resultado final da aloca\u00e7\u00e3o de profissionais no 28\u00ba ciclo do Mais M\u00e9dicos \u00e9 divulgado\" \/>\n<meta property=\"og:description\" content=\"Minist\u00e9rio da Sa\u00fade publica rela\u00e7\u00e3o de m\u00e9dicos convocados em 1\u00aa e 2\u00aa chamada para ocupa\u00e7\u00e3o de vagas no programa Mais M\u00e9dicos\" \/>\n<meta property=\"og:url\" content=\"https:\/\/med.estrategia.com\/portal\/maismedicos\/resultado-alocacao-mais-medicos\/\" \/>\n<meta property=\"og:site_name\" content=\"Estrat\u00e9gia MED\" \/>\n<meta property=\"article:publisher\" content=\"https:\/\/www.facebook.com\/estrategiamed1\" \/>\n<meta property=\"article:published_time\" content=\"2023-06-09T12:15:12+00:00\" \/>\n<meta property=\"article:modified_time\" content=\"2023-07-05T18:21:12+00:00\" \/>\n<meta property=\"og:image\" content=\"https:\/\/cdn.medblog.estrategiaeducacional.com.br\/wp-content\/uploads\/2023\/05\/vac_abr_1911187238.jpg\" \/>\n\t<meta property=\"og:image:width\" content=\"1024\" \/>\n\t<meta property=\"og:image:height\" content=\"768\" \/>\n\t<meta property=\"og:image:type\" content=\"image\/jpeg\" \/>\n<meta name=\"author\" content=\"Erika Coelho\" \/>\n<meta name=\"twitter:card\" content=\"summary_large_image\" \/>\n<meta name=\"twitter:creator\" content=\"@estrategiamed_\" \/>\n<meta name=\"twitter:site\" content=\"@estrategiamed_\" \/>\n<meta name=\"twitter:label1\" content=\"Escrito por\" \/>\n\t<meta name=\"twitter:data1\" content=\"Erika Coelho\" \/>\n\t<meta name=\"twitter:label2\" content=\"Est. tempo de leitura\" \/>\n\t<meta name=\"twitter:data2\" content=\"5 minutos\" \/>\n<script type=\"application\/ld+json\" class=\"yoast-schema-graph\">{\"@context\":\"https:\/\/schema.org\",\"@graph\":[{\"@type\":\"WebPage\",\"@id\":\"https:\/\/med.estrategia.com\/portal\/maismedicos\/resultado-alocacao-mais-medicos\/\",\"url\":\"https:\/\/med.estrategia.com\/portal\/maismedicos\/resultado-alocacao-mais-medicos\/\",\"name\":\"Resultados do Mais M\u00e9dicos 2023\",\"isPartOf\":{\"@id\":\"https:\/\/med.estrategia.com\/portal\/#website\"},\"primaryImageOfPage\":{\"@id\":\"https:\/\/med.estrategia.com\/portal\/maismedicos\/resultado-alocacao-mais-medicos\/#primaryimage\"},\"image\":{\"@id\":\"https:\/\/med.estrategia.com\/portal\/maismedicos\/resultado-alocacao-mais-medicos\/#primaryimage\"},\"thumbnailUrl\":\"https:\/\/med.estrategia.com\/portal\/wp-content\/uploads\/2023\/05\/vac_abr_1911187238.jpg\",\"datePublished\":\"2023-06-09T12:15:12+00:00\",\"dateModified\":\"2023-07-05T18:21:12+00:00\",\"author\":{\"@id\":\"https:\/\/med.estrategia.com\/portal\/#\/schema\/person\/8e7c9b2f53f2eede3b8880ad86ff20a3\"},\"description\":\"Minist\u00e9rio da Sa\u00fade publica rela\u00e7\u00e3o de m\u00e9dicos convocados em 1\u00aa e 2\u00aa chamada para ocupa\u00e7\u00e3o de vagas no programa Mais M\u00e9dicos\",\"breadcrumb\":{\"@id\":\"https:\/\/med.estrategia.com\/portal\/maismedicos\/resultado-alocacao-mais-medicos\/#breadcrumb\"},\"inLanguage\":\"pt-BR\",\"potentialAction\":[{\"@type\":\"ReadAction\",\"target\":[\"https:\/\/med.estrategia.com\/portal\/maismedicos\/resultado-alocacao-mais-medicos\/\"]}]},{\"@type\":\"ImageObject\",\"inLanguage\":\"pt-BR\",\"@id\":\"https:\/\/med.estrategia.com\/portal\/maismedicos\/resultado-alocacao-mais-medicos\/#primaryimage\",\"url\":\"https:\/\/med.estrategia.com\/portal\/wp-content\/uploads\/2023\/05\/vac_abr_1911187238.jpg\",\"contentUrl\":\"https:\/\/med.estrategia.com\/portal\/wp-content\/uploads\/2023\/05\/vac_abr_1911187238.jpg\",\"width\":1024,\"height\":768,\"caption\":\"Cr\u00e9ditos: Valter Campanato\/Ag\u00eancia Brasil\"},{\"@type\":\"BreadcrumbList\",\"@id\":\"https:\/\/med.estrategia.com\/portal\/maismedicos\/resultado-alocacao-mais-medicos\/#breadcrumb\",\"itemListElement\":[{\"@type\":\"ListItem\",\"position\":1,\"name\":\"Home\",\"item\":\"https:\/\/med.estrategia.com\/portal\/\"},{\"@type\":\"ListItem\",\"position\":2,\"name\":\"Mais M\u00e9dicos\",\"item\":\"https:\/\/med.estrategia.com\/portal\/maismedicos\/\"},{\"@type\":\"ListItem\",\"position\":3,\"name\":\"Resultado final da aloca\u00e7\u00e3o de profissionais no 28\u00ba ciclo do Mais M\u00e9dicos \u00e9 divulgado\"}]},{\"@type\":\"WebSite\",\"@id\":\"https:\/\/med.estrategia.com\/portal\/#website\",\"url\":\"https:\/\/med.estrategia.com\/portal\/\",\"name\":\"Estrat\u00e9gia MED\",\"description\":\"\",\"potentialAction\":[{\"@type\":\"SearchAction\",\"target\":{\"@type\":\"EntryPoint\",\"urlTemplate\":\"https:\/\/med.estrategia.com\/portal\/?s={search_term_string}\"},\"query-input\":{\"@type\":\"PropertyValueSpecification\",\"valueRequired\":true,\"valueName\":\"search_term_string\"}}],\"inLanguage\":\"pt-BR\"},{\"@type\":\"Person\",\"@id\":\"https:\/\/med.estrategia.com\/portal\/#\/schema\/person\/8e7c9b2f53f2eede3b8880ad86ff20a3\",\"name\":\"Erika Coelho\",\"image\":{\"@type\":\"ImageObject\",\"inLanguage\":\"pt-BR\",\"@id\":\"https:\/\/med.estrategia.com\/portal\/#\/schema\/person\/image\/\",\"url\":\"https:\/\/secure.gravatar.com\/avatar\/8ef9ff2e2fa53829c640cca8d1a45178?s=96&d=mm&r=g\",\"contentUrl\":\"https:\/\/secure.gravatar.com\/avatar\/8ef9ff2e2fa53829c640cca8d1a45178?s=96&d=mm&r=g\",\"caption\":\"Erika Coelho\"},\"description\":\"Jornalista pela Universidade Presbiteriana Mackenzie, escrevo sobre educa\u00e7\u00e3o, sa\u00fade e pol\u00edticas p\u00fablicas\",\"url\":\"https:\/\/med.estrategia.com\/portal\/author\/erika\/\"}]}<\/script>\n<!-- \/ Yoast SEO Premium plugin. -->","yoast_head_json":{"title":"Resultados do Mais M\u00e9dicos 2023","description":"Minist\u00e9rio da Sa\u00fade publica rela\u00e7\u00e3o de m\u00e9dicos convocados em 1\u00aa e 2\u00aa chamada para ocupa\u00e7\u00e3o de vagas no programa Mais M\u00e9dicos","robots":{"index":"index","follow":"follow","max-snippet":"max-snippet:-1","max-image-preview":"max-image-preview:large","max-video-preview":"max-video-preview:-1"},"canonical":"https:\/\/med.estrategia.com\/portal\/maismedicos\/resultado-alocacao-mais-medicos\/","og_locale":"pt_BR","og_type":"article","og_title":"Resultado final da aloca\u00e7\u00e3o de profissionais no 28\u00ba ciclo do Mais M\u00e9dicos \u00e9 divulgado","og_description":"Minist\u00e9rio da Sa\u00fade publica rela\u00e7\u00e3o de m\u00e9dicos convocados em 1\u00aa e 2\u00aa chamada para ocupa\u00e7\u00e3o de vagas no programa Mais M\u00e9dicos","og_url":"https:\/\/med.estrategia.com\/portal\/maismedicos\/resultado-alocacao-mais-medicos\/","og_site_name":"Estrat\u00e9gia MED","article_publisher":"https:\/\/www.facebook.com\/estrategiamed1","article_published_time":"2023-06-09T12:15:12+00:00","article_modified_time":"2023-07-05T18:21:12+00:00","og_image":[{"width":1024,"height":768,"url":"https:\/\/cdn.medblog.estrategiaeducacional.com.br\/wp-content\/uploads\/2023\/05\/vac_abr_1911187238.jpg","type":"image\/jpeg"}],"author":"Erika Coelho","twitter_card":"summary_large_image","twitter_creator":"@estrategiamed_","twitter_site":"@estrategiamed_","twitter_misc":{"Escrito por":"Erika Coelho","Est. tempo de leitura":"5 minutos"},"schema":{"@context":"https:\/\/schema.org","@graph":[{"@type":"WebPage","@id":"https:\/\/med.estrategia.com\/portal\/maismedicos\/resultado-alocacao-mais-medicos\/","url":"https:\/\/med.estrategia.com\/portal\/maismedicos\/resultado-alocacao-mais-medicos\/","name":"Resultados do Mais M\u00e9dicos 2023","isPartOf":{"@id":"https:\/\/med.estrategia.com\/portal\/#website"},"primaryImageOfPage":{"@id":"https:\/\/med.estrategia.com\/portal\/maismedicos\/resultado-alocacao-mais-medicos\/#primaryimage"},"image":{"@id":"https:\/\/med.estrategia.com\/portal\/maismedicos\/resultado-alocacao-mais-medicos\/#primaryimage"},"thumbnailUrl":"https:\/\/med.estrategia.com\/portal\/wp-content\/uploads\/2023\/05\/vac_abr_1911187238.jpg","datePublished":"2023-06-09T12:15:12+00:00","dateModified":"2023-07-05T18:21:12+00:00","author":{"@id":"https:\/\/med.estrategia.com\/portal\/#\/schema\/person\/8e7c9b2f53f2eede3b8880ad86ff20a3"},"description":"Minist\u00e9rio da Sa\u00fade publica rela\u00e7\u00e3o de m\u00e9dicos convocados em 1\u00aa e 2\u00aa chamada para ocupa\u00e7\u00e3o de vagas no programa Mais M\u00e9dicos","breadcrumb":{"@id":"https:\/\/med.estrategia.com\/portal\/maismedicos\/resultado-alocacao-mais-medicos\/#breadcrumb"},"inLanguage":"pt-BR","potentialAction":[{"@type":"ReadAction","target":["https:\/\/med.estrategia.com\/portal\/maismedicos\/resultado-alocacao-mais-medicos\/"]}]},{"@type":"ImageObject","inLanguage":"pt-BR","@id":"https:\/\/med.estrategia.com\/portal\/maismedicos\/resultado-alocacao-mais-medicos\/#primaryimage","url":"https:\/\/med.estrategia.com\/portal\/wp-content\/uploads\/2023\/05\/vac_abr_1911187238.jpg","contentUrl":"https:\/\/med.estrategia.com\/portal\/wp-content\/uploads\/2023\/05\/vac_abr_1911187238.jpg","width":1024,"height":768,"caption":"Cr\u00e9ditos: Valter Campanato\/Ag\u00eancia Brasil"},{"@type":"BreadcrumbList","@id":"https:\/\/med.estrategia.com\/portal\/maismedicos\/resultado-alocacao-mais-medicos\/#breadcrumb","itemListElement":[{"@type":"ListItem","position":1,"name":"Home","item":"https:\/\/med.estrategia.com\/portal\/"},{"@type":"ListItem","position":2,"name":"Mais M\u00e9dicos","item":"https:\/\/med.estrategia.com\/portal\/maismedicos\/"},{"@type":"ListItem","position":3,"name":"Resultado final da aloca\u00e7\u00e3o de profissionais no 28\u00ba ciclo do Mais M\u00e9dicos \u00e9 divulgado"}]},{"@type":"WebSite","@id":"https:\/\/med.estrategia.com\/portal\/#website","url":"https:\/\/med.estrategia.com\/portal\/","name":"Estrat\u00e9gia MED","description":"","potentialAction":[{"@type":"SearchAction","target":{"@type":"EntryPoint","urlTemplate":"https:\/\/med.estrategia.com\/portal\/?s={search_term_string}"},"query-input":{"@type":"PropertyValueSpecification","valueRequired":true,"valueName":"search_term_string"}}],"inLanguage":"pt-BR"},{"@type":"Person","@id":"https:\/\/med.estrategia.com\/portal\/#\/schema\/person\/8e7c9b2f53f2eede3b8880ad86ff20a3","name":"Erika Coelho","image":{"@type":"ImageObject","inLanguage":"pt-BR","@id":"https:\/\/med.estrategia.com\/portal\/#\/schema\/person\/image\/","url":"https:\/\/secure.gravatar.com\/avatar\/8ef9ff2e2fa53829c640cca8d1a45178?s=96&d=mm&r=g","contentUrl":"https:\/\/secure.gravatar.com\/avatar\/8ef9ff2e2fa53829c640cca8d1a45178?s=96&d=mm&r=g","caption":"Erika Coelho"},"description":"Jornalista pela Universidade Presbiteriana Mackenzie, escrevo sobre educa\u00e7\u00e3o, sa\u00fade e pol\u00edticas p\u00fablicas","url":"https:\/\/med.estrategia.com\/portal\/author\/erika\/"}]}},"_wl_alt_label":[],"wl:entity_url":"\/post\/resultado-alocacao-mais-medicos","_links":{"self":[{"href":"https:\/\/med.estrategia.com\/portal\/wp-json\/wp\/v2\/posts\/40991","targetHints":{"allow":["GET"]}}],"collection":[{"href":"https:\/\/med.estrategia.com\/portal\/wp-json\/wp\/v2\/posts"}],"about":[{"href":"https:\/\/med.estrategia.com\/portal\/wp-json\/wp\/v2\/types\/post"}],"author":[{"embeddable":true,"href":"https:\/\/med.estrategia.com\/portal\/wp-json\/wp\/v2\/users\/22"}],"replies":[{"embeddable":true,"href":"https:\/\/med.estrategia.com\/portal\/wp-json\/wp\/v2\/comments?post=40991"}],"version-history":[{"count":17,"href":"https:\/\/med.estrategia.com\/portal\/wp-json\/wp\/v2\/posts\/40991\/revisions"}],"predecessor-version":[{"id":42184,"href":"https:\/\/med.estrategia.com\/portal\/wp-json\/wp\/v2\/posts\/40991\/revisions\/42184"}],"wp:featuredmedia":[{"embeddable":true,"href":"https:\/\/med.estrategia.com\/portal\/wp-json\/wp\/v2\/media\/39242"}],"wp:attachment":[{"href":"https:\/\/med.estrategia.com\/portal\/wp-json\/wp\/v2\/media?parent=40991"}],"wp:term":[{"taxonomy":"category","embeddable":true,"href":"https:\/\/med.estrategia.com\/portal\/wp-json\/wp\/v2\/categories?post=40991"},{"taxonomy":"post_tag","embeddable":true,"href":"https:\/\/med.estrategia.com\/portal\/wp-json\/wp\/v2\/tags?post=40991"},{"taxonomy":"wl_entity_type","embeddable":true,"href":"https:\/\/med.estrategia.com\/portal\/wp-json\/wp\/v2\/wl_entity_type?post=40991"}],"curies":[{"name":"wp","href":"https:\/\/api.w.org\/{rel}","templated":true}]}}