{"id":4144,"date":"2021-02-22T17:01:15","date_gmt":"2021-02-22T20:01:15","guid":{"rendered":"https:\/\/med.estrategiaeducacional.com.br\/blog\/?p=4144"},"modified":"2026-03-02T08:27:43","modified_gmt":"2026-03-02T11:27:43","slug":"uepa-residencia-medica","status":"publish","type":"post","link":"https:\/\/med.estrategia.com\/portal\/residencia-medica\/uepa-residencia-medica\/","title":{"rendered":"UEPA 2026: edital para resid\u00eancia m\u00e9dica, vagas, cronograma e mais!"},"content":{"rendered":"<p>Quer saber os detalhes do processo seletivo da UEPA para Resid&ecirc;ncia M&eacute;dica 2026? Ent&atilde;o n&atilde;o saia desta p&aacute;gina do Portal do Estrat&eacute;gia MED!<div id=\"ez-toc-container\" class=\"ez-toc-v2_0_79_2 counter-hierarchy ez-toc-counter ez-toc-transparent ez-toc-container-direction\">\n<div class=\"ez-toc-title-container\"><p class=\"ez-toc-title\" style=\"cursor:inherit\">Navegue pelo conte\u00fado<\/p>\n<\/div><nav><ul class='ez-toc-list ez-toc-list-level-1 ' ><li class='ez-toc-page-1 ez-toc-heading-level-2'><a class=\"ez-toc-link ez-toc-heading-1\" href=\"https:\/\/med.estrategia.com\/portal\/residencia-medica\/uepa-residencia-medica\/#O-que-e-a-UEPA\" >O que &eacute; a UEPA?<\/a><\/li><li class='ez-toc-page-1 ez-toc-heading-level-2'><a class=\"ez-toc-link ez-toc-heading-2\" href=\"https:\/\/med.estrategia.com\/portal\/residencia-medica\/uepa-residencia-medica\/#Edital-UEPA-Residencia-Medica-2026\" >Edital UEPA Resid&ecirc;ncia M&eacute;dica 2026<\/a><\/li><li class='ez-toc-page-1 ez-toc-heading-level-2'><a class=\"ez-toc-link ez-toc-heading-3\" href=\"https:\/\/med.estrategia.com\/portal\/residencia-medica\/uepa-residencia-medica\/#Cronograma-UEPA-2026\" >Cronograma UEPA 2026<\/a><\/li><li class='ez-toc-page-1 ez-toc-heading-level-2'><a class=\"ez-toc-link ez-toc-heading-4\" href=\"https:\/\/med.estrategia.com\/portal\/residencia-medica\/uepa-residencia-medica\/#Vagas-UEPA-2026\" >Vagas UEPA 2026<\/a><\/li><li class='ez-toc-page-1 ez-toc-heading-level-2'><a class=\"ez-toc-link ez-toc-heading-5\" href=\"https:\/\/med.estrategia.com\/portal\/residencia-medica\/uepa-residencia-medica\/#Vagas-Residencia-Medica-%E2%80%93-UEPA-2026\" >Vagas Resid&ecirc;ncia M&eacute;dica &ndash; UEPA 2026<\/a><\/li><li class='ez-toc-page-1 ez-toc-heading-level-2'><a class=\"ez-toc-link ez-toc-heading-6\" href=\"https:\/\/med.estrategia.com\/portal\/residencia-medica\/uepa-residencia-medica\/#Inscricoes-UEPA-2026\" >Inscri&ccedil;&otilde;es UEPA 2026<\/a><\/li><li class='ez-toc-page-1 ez-toc-heading-level-2'><a class=\"ez-toc-link ez-toc-heading-7\" href=\"https:\/\/med.estrategia.com\/portal\/residencia-medica\/uepa-residencia-medica\/#Sobre-a-Prova-Objetiva-da-UEPA-2026\" >Sobre a Prova Objetiva da UEPA 2026<\/a><\/li><li class='ez-toc-page-1 ez-toc-heading-level-2'><a class=\"ez-toc-link ez-toc-heading-8\" href=\"https:\/\/med.estrategia.com\/portal\/residencia-medica\/uepa-residencia-medica\/#Resultado-Final-e-Desempate\" >Resultado Final e Desempate<\/a><\/li><li class='ez-toc-page-1 ez-toc-heading-level-2'><a class=\"ez-toc-link ez-toc-heading-9\" href=\"https:\/\/med.estrategia.com\/portal\/residencia-medica\/uepa-residencia-medica\/#Concorrencia-UEPA-2026\" >Concorr&ecirc;ncia UEPA 2026<\/a><\/li><li class='ez-toc-page-1 ez-toc-heading-level-2'><a class=\"ez-toc-link ez-toc-heading-10\" href=\"https:\/\/med.estrategia.com\/portal\/residencia-medica\/uepa-residencia-medica\/#Estudar-por-questoes\" >Estudar por quest&otilde;es<\/a><\/li><\/ul><\/nav><\/div>\n<h2 class=\"wp-block-heading\" id=\"h-o-que-e-a-uepa\"><span class=\"ez-toc-section\" id=\"O-que-e-a-UEPA\"><\/span>O que &eacute; a UEPA?<span class=\"ez-toc-section-end\"><\/span><\/h2><p>Criada em <strong>1993<\/strong>, a <strong>Universidade do Estado do Par&aacute;<\/strong> <strong>(UEPA)<\/strong> &eacute; um &oacute;rg&atilde;o de ensino superior ligado ao estado do Par&aacute;. Por ter uma grande extens&atilde;o, a universidade conta com <strong>21 campi<\/strong>, confira:<\/p><ul class=\"wp-block-list\">\n<li>Campus I &ndash; Centro de Ci&ecirc;ncias Sociais e Educa&ccedil;&atilde;o (CCSE);<\/li>\n\n\n\n<li>Campus II &ndash; Centro de Ci&ecirc;ncias Biol&oacute;gicas e da Sa&uacute;de (CCBS);<\/li>\n\n\n\n<li>Campus III &ndash; Curso de Educa&ccedil;&atilde;o F&iacute;sica;<\/li>\n\n\n\n<li>Campus IV -Escola de Enfermagem Magalh&atilde;es Barata;<\/li>\n\n\n\n<li>Campus V &ndash; Centro de Ci&ecirc;ncias Naturais e Tecnologia (CCNT);<\/li>\n\n\n\n<li>Campus VI &ndash; Paragominas;<\/li>\n\n\n\n<li>Campus VII &ndash; Concei&ccedil;&atilde;o do Araguaia;<\/li>\n\n\n\n<li>Campus VIII &ndash; Marab&aacute;;<\/li>\n\n\n\n<li>Campus IX &ndash; Altamira;<\/li>\n\n\n\n<li>Campus X &ndash; Igarap&eacute;-A&ccedil;u;<\/li>\n\n\n\n<li>Campus XI &ndash; S&atilde;o Miguel do Guam&aacute;;<\/li>\n\n\n\n<li>Campus XII &ndash; Santar&eacute;m;<\/li>\n\n\n\n<li>Campus XIII &ndash; Tucuru&iacute;;<\/li>\n\n\n\n<li>Campus XIV &ndash; Moju;<\/li>\n\n\n\n<li>Campus XV &ndash; Reden&ccedil;&atilde;o;<\/li>\n\n\n\n<li>Campus XVI &ndash; Barcarena;<\/li>\n\n\n\n<li>Campus XVII &ndash; Vigia de Nazar&eacute;;<\/li>\n\n\n\n<li>Campus XVIII &ndash; Camet&aacute;;<\/li>\n\n\n\n<li>Campus XIX &ndash; Salvaterra;<\/li>\n\n\n\n<li>Campus XX &ndash; Castanhal; e<\/li>\n\n\n\n<li>Campus XXI &ndash; Bragan&ccedil;a.<\/li>\n<\/ul><div class=\"wp-block-image\">\n<figure class=\"aligncenter size-large\"><img decoding=\"async\" width=\"800\" height=\"200\" src=\"https:\/\/cdn.medblog.estrategiaeducacional.com.br\/wp-content\/uploads\/2021\/02\/UEPA.jpg\" alt=\"\" class=\"wp-image-4149\" srcset=\"https:\/\/med.estrategia.com\/portal\/wp-content\/uploads\/2021\/02\/UEPA.jpg 800w, https:\/\/med.estrategia.com\/portal\/wp-content\/uploads\/2021\/02\/UEPA-300x75.jpg 300w, https:\/\/med.estrategia.com\/portal\/wp-content\/uploads\/2021\/02\/UEPA-768x192.jpg 768w, https:\/\/med.estrategia.com\/portal\/wp-content\/uploads\/2021\/02\/UEPA-380x95.jpg 380w\" sizes=\"(max-width: 800px) 100vw, 800px\" \/><figcaption class=\"wp-element-caption\"><a target=\"_blank\" href=\"https:\/\/www.uepa.br\/pt-br\/pagina\/centro-de-ci%C3%AAncias-biol%C3%B3gicas-e-da-sa%C3%BAde\">Foto: Arquivo UEPA<\/a><\/figcaption><\/figure><\/div><p>&Eacute; no <strong>Campus II &ndash; Centro de Ci&ecirc;ncias Biol&oacute;gicas e da Sa&uacute;de (CCBS)<\/strong> que &eacute; ministrado o curso de medicina.<\/p><h2 class=\"wp-block-heading\" id=\"h-edital-uepa-residencia-medica-2026\"><span class=\"ez-toc-section\" id=\"Edital-UEPA-Residencia-Medica-2026\"><\/span>Edital UEPA Resid&ecirc;ncia M&eacute;dica 2026<span class=\"ez-toc-section-end\"><\/span><\/h2><p>Confira aqui o edital do processo seletivo para Resid&ecirc;ncia M&eacute;dica da UEPA 2026, divulgado no dia 1&ordm; de outubro de 2025:<\/p><div class=\"wp-block-buttons is-horizontal is-content-justification-center is-layout-flex wp-container-core-buttons-is-layout-1 wp-block-buttons-is-layout-flex\">\n<div class=\"wp-block-button\"><a class=\"wp-block-button__link wp-element-button\" href=\"https:\/\/cdn.medblog.estrategiaeducacional.com.br\/wp-content\/uploads\/2025\/10\/edital1162025.pdf\" target=\"_blank\">Edital UEPA 2026<\/a><\/div>\n\n\n\n<div class=\"wp-block-button\"><a class=\"wp-block-button__link wp-element-button\" href=\"https:\/\/cdn.medblog.estrategiaeducacional.com.br\/wp-content\/uploads\/2025\/10\/Ierrata-pagamentotatxa-medica2026.pdf\" target=\"_blank\" rel=\"noopener noreferrer\">retifica&ccedil;&atilde;o 31\/10<\/a><\/div>\n\n\n\n<div class=\"wp-block-button\"><a class=\"wp-block-button__link wp-element-button\" href=\"https:\/\/cdn.medblog.estrategiaeducacional.com.br\/wp-content\/uploads\/2026\/02\/Errata-II_remed2026.pdf\" target=\"_blank\" rel=\"noopener noreferrer\">retifica&ccedil;&atilde;o 10\/02<\/a><\/div>\n\n\n\n<div class=\"wp-block-button\"><a class=\"wp-block-button__link wp-element-button\" href=\"https:\/\/cdn.medblog.estrategiaeducacional.com.br\/wp-content\/uploads\/2026\/02\/edital1162025_iiierrata.pdf\" target=\"_blank\" rel=\"noopener noreferrer\">retifica&ccedil;&atilde;o 11\/02<\/a><\/div>\n<\/div><h2 class=\"wp-block-heading\" id=\"h-cronograma-uepa-2026\"><span class=\"ez-toc-section\" id=\"Cronograma-UEPA-2026\"><\/span>Cronograma UEPA 2026<span class=\"ez-toc-section-end\"><\/span><\/h2><figure class=\"wp-block-table\"><table><thead><tr><th>Etapas<\/th><th class=\"has-text-align-center\" data-align=\"center\">Datas<\/th><\/tr><\/thead><tbody><tr><td><strong>Per&iacute;odo de Inscri&ccedil;&otilde;es<\/strong><\/td><td class=\"has-text-align-center\" data-align=\"center\">16 a 30\/10\/2025<\/td><\/tr><tr><td><strong>Taxa de Inscri&ccedil;&atilde;o<\/strong><\/td><td class=\"has-text-align-center\" data-align=\"center\">R$ 500,00<\/td><\/tr><tr><td><strong>Solicita&ccedil;&otilde;es de Isen&ccedil;&otilde;es de taxa de inscri&ccedil;&atilde;o<\/strong><\/td><td class=\"has-text-align-center\" data-align=\"center\">16 a 18\/10\/2025<\/td><\/tr><tr><td><strong>Composi&ccedil;&atilde;o do Processo Seletivo<\/strong><\/td><td class=\"has-text-align-center\" data-align=\"center\">Etapa &uacute;nica: Prova Objetiva<\/td><\/tr><tr><td><strong>Fim do prazo para pagamento da taxa de inscri&ccedil;&atilde;o<\/strong><\/td><td class=\"has-text-align-center\" data-align=\"center\">7\/11\/2025<\/td><\/tr><tr><td><strong>Divulga&ccedil;&atilde;o do Cart&atilde;o de informa&ccedil;&atilde;o da prova<\/strong><\/td><td class=\"has-text-align-center\" data-align=\"center\">12\/01\/2026<\/td><\/tr><tr><td><strong>Realiza&ccedil;&atilde;o da 1&ordf; Etapa &ndash; Prova Objetiva<\/strong><\/td><td class=\"has-text-align-center\" data-align=\"center\">18\/01\/2026<\/td><\/tr><tr><td><strong>Divulga&ccedil;&atilde;o do Gabarito Preliminar da Prova Objetiva<\/strong><\/td><td class=\"has-text-align-center\" data-align=\"center\">19\/01\/2026<\/td><\/tr><tr><td><strong>Prazo para interposi&ccedil;&atilde;o de Recursos ao Gabarito Preliminar da Prova Objetiva<\/strong><\/td><td class=\"has-text-align-center\" data-align=\"center\">20 e 21\/01\/2026<\/td><\/tr><tr><td><strong>Resultado do julgamento dos Recursos ao Gabarito Preliminar da Prova Objetiva<\/strong><\/td><td class=\"has-text-align-center\" data-align=\"center\">09\/02\/2026<\/td><\/tr><tr><td><strong>Divulga&ccedil;&atilde;o do Gabarito Definitivo da Prova Objetiva<\/strong><\/td><td class=\"has-text-align-center\" data-align=\"center\">09\/02\/2026<\/td><\/tr><tr><td><strong>Divulga&ccedil;&atilde;o do Resultado Provis&oacute;rio da Prova Objetiva<\/strong><\/td><td class=\"has-text-align-center\" data-align=\"center\">12\/02\/2026<\/td><\/tr><tr><td><strong>Recurso ao Resultado Provis&oacute;rio da Prova Objetiva<\/strong><\/td><td class=\"has-text-align-center\" data-align=\"center\">13 a 14\/02\/2026<\/td><\/tr><tr><td><strong>Resultado do Recurso ao Resultado Provis&oacute;rio da Prova Objetiva<\/strong><\/td><td class=\"has-text-align-center\" data-align=\"center\">19\/02\/2026<\/td><\/tr><tr><td><strong>Divulga&ccedil;&atilde;o do Resultado Final<\/strong><\/td><td class=\"has-text-align-center\" data-align=\"center\">20\/02\/2026<\/td><\/tr><tr><td><strong>In&iacute;cio do Ano Letivo 2026<\/strong><\/td><td class=\"has-text-align-center\" data-align=\"center\">01\/03\/2026<\/td><\/tr><\/tbody><\/table><\/figure><h2 class=\"wp-block-heading\" id=\"h-vagas-uepa-2026\"><span class=\"ez-toc-section\" id=\"Vagas-UEPA-2026\"><\/span>Vagas UEPA 2026<span class=\"ez-toc-section-end\"><\/span><\/h2><p>Para 2026, o processo seletivo da UEPA oferece, ao todo, <strong>225 vagas<\/strong>. Elas est&atilde;o distribu&iacute;das entre os programas ofertados pela UEPA e tamb&eacute;m do Hospital Ophir Loyola, Funda&ccedil;&atilde;o Hospital de Cl&iacute;nicas Gaspar Vianna, Funda&ccedil;&atilde;o Santa Casa de Miseric&oacute;rdia do Par&aacute;, Hospital Metropolitano de Urg&ecirc;ncia e Emerg&ecirc;ncia e a Secretaria Municipal de Sa&uacute;de de Bel&eacute;m. Confira:<\/p><h2 class=\"wp-block-heading\" id=\"h-vagas-residencia-medica-uepa-2026\"><span class=\"ez-toc-section\" id=\"Vagas-Residencia-Medica-%E2%80%93-UEPA-2026\"><\/span>Vagas Resid&ecirc;ncia M&eacute;dica &ndash; UEPA 2026<span class=\"ez-toc-section-end\"><\/span><\/h2><p>O processo seletivo da UEPA 2026 oferta&nbsp;<strong>230 vagas no total<\/strong>, sendo 10 delas reservadas para For&ccedil;as Armadas. Confira a distribui&ccedil;&atilde;o de vagas entre institui&ccedil;&otilde;es participantes e especialidades m&eacute;dicas ofertadas:<\/p><h3 class=\"wp-block-heading\" id=\"h-fundacao-hospital-de-clinicas-gaspar-vianna-fhcgv-belem\">Funda&ccedil;&atilde;o Hospital de Cl&iacute;nicas Gaspar Vianna (FHCGV) &ndash; Bel&eacute;m<\/h3><figure class=\"wp-block-table\"><table class=\"has-fixed-layout\"><thead><tr><th>Especialidade<\/th><th class=\"has-text-align-center\" data-align=\"center\">Vagas Dispon&iacute;veis (D)<\/th><th class=\"has-text-align-center\" data-align=\"center\">Vagas Reservadas (R)<\/th><\/tr><\/thead><tbody><tr><td>Cardiologia<\/td><td class=\"has-text-align-center\" data-align=\"center\">6<\/td><td class=\"has-text-align-center\" data-align=\"center\">0<\/td><\/tr><tr><td>Cardiologia Pedi&aacute;trica<\/td><td class=\"has-text-align-center\" data-align=\"center\">2<\/td><td class=\"has-text-align-center\" data-align=\"center\">0<\/td><\/tr><tr><td>Cirurgia Cardiovascular<\/td><td class=\"has-text-align-center\" data-align=\"center\">2<\/td><td class=\"has-text-align-center\" data-align=\"center\">0<\/td><\/tr><tr><td>Cirurgia Geral (3 anos)<\/td><td class=\"has-text-align-center\" data-align=\"center\">3<\/td><td class=\"has-text-align-center\" data-align=\"center\">1<\/td><\/tr><tr><td>Cirurgia Vascular<\/td><td class=\"has-text-align-center\" data-align=\"center\">1<\/td><td class=\"has-text-align-center\" data-align=\"center\">0<\/td><\/tr><tr><td>Cl&iacute;nica M&eacute;dica<\/td><td class=\"has-text-align-center\" data-align=\"center\">4<\/td><td class=\"has-text-align-center\" data-align=\"center\">1<\/td><\/tr><tr><td>Hemodin&acirc;mica<\/td><td class=\"has-text-align-center\" data-align=\"center\">2<\/td><td class=\"has-text-align-center\" data-align=\"center\">0<\/td><\/tr><tr><td>Medicina Intensiva<\/td><td class=\"has-text-align-center\" data-align=\"center\">4<\/td><td class=\"has-text-align-center\" data-align=\"center\">0<\/td><\/tr><tr><td>Nefrologia<\/td><td class=\"has-text-align-center\" data-align=\"center\">5<\/td><td class=\"has-text-align-center\" data-align=\"center\">0<\/td><\/tr><tr><td>Psiquiatria<\/td><td class=\"has-text-align-center\" data-align=\"center\">5<\/td><td class=\"has-text-align-center\" data-align=\"center\">0<\/td><\/tr><tr><td>Urologia<\/td><td class=\"has-text-align-center\" data-align=\"center\">2<\/td><td class=\"has-text-align-center\" data-align=\"center\">0<\/td><\/tr><\/tbody><\/table><\/figure><h3 class=\"wp-block-heading\" id=\"h-fundacao-santa-casa-de-misericordia-do-para-fscmpa-belem\">Funda&ccedil;&atilde;o Santa Casa de Miseric&oacute;rdia do Par&aacute; (FSCMPA) &ndash; Bel&eacute;m<\/h3><figure class=\"wp-block-table\"><table><thead><tr><th>Especialidade<\/th><th class=\"has-text-align-center\" data-align=\"center\">Vagas Dispon&iacute;veis (D)<\/th><th class=\"has-text-align-center\" data-align=\"center\">Vagas Reservadas (R)<\/th><\/tr><\/thead><tbody><tr><td>Anestesiologia<\/td><td class=\"has-text-align-center\" data-align=\"center\">4<\/td><td class=\"has-text-align-center\" data-align=\"center\">0<\/td><\/tr><tr><td>Cirurgia Geral (3 anos)<\/td><td class=\"has-text-align-center\" data-align=\"center\">4<\/td><td class=\"has-text-align-center\" data-align=\"center\">0<\/td><\/tr><tr><td>Cirurgia Pedi&aacute;trica<\/td><td class=\"has-text-align-center\" data-align=\"center\">2<\/td><td class=\"has-text-align-center\" data-align=\"center\">0<\/td><\/tr><tr><td>Cl&iacute;nica M&eacute;dica<\/td><td class=\"has-text-align-center\" data-align=\"center\">11<\/td><td class=\"has-text-align-center\" data-align=\"center\">1<\/td><\/tr><tr><td>Ginecologia e Obstetr&iacute;cia<\/td><td class=\"has-text-align-center\" data-align=\"center\">10<\/td><td class=\"has-text-align-center\" data-align=\"center\">0<\/td><\/tr><tr><td>Hepatologia<\/td><td class=\"has-text-align-center\" data-align=\"center\">2<\/td><td class=\"has-text-align-center\" data-align=\"center\">0<\/td><\/tr><tr><td>Medicina Intensiva<\/td><td class=\"has-text-align-center\" data-align=\"center\">3<\/td><td class=\"has-text-align-center\" data-align=\"center\">0<\/td><\/tr><tr><td>Medicina Intensiva Pedi&aacute;trica<\/td><td class=\"has-text-align-center\" data-align=\"center\">3<\/td><td class=\"has-text-align-center\" data-align=\"center\">0<\/td><\/tr><tr><td>Nefrologia Pedi&aacute;trica<\/td><td class=\"has-text-align-center\" data-align=\"center\">2<\/td><td class=\"has-text-align-center\" data-align=\"center\">0<\/td><\/tr><tr><td>Neonatologia<\/td><td class=\"has-text-align-center\" data-align=\"center\">5<\/td><td class=\"has-text-align-center\" data-align=\"center\">0<\/td><\/tr><tr><td>Pediatria<\/td><td class=\"has-text-align-center\" data-align=\"center\">10<\/td><td class=\"has-text-align-center\" data-align=\"center\">0<\/td><\/tr><tr><td>Radiologia e Diagn&oacute;stico por Imagem<\/td><td class=\"has-text-align-center\" data-align=\"center\">2<\/td><td class=\"has-text-align-center\" data-align=\"center\">0<\/td><\/tr><tr><td>Reumatologia<\/td><td class=\"has-text-align-center\" data-align=\"center\">2<\/td><td class=\"has-text-align-center\" data-align=\"center\">0<\/td><\/tr><\/tbody><\/table><\/figure><h3 class=\"wp-block-heading\" id=\"h-hospital-ophir-loyola-hol-belem\">Hospital Ophir Loyola (HOL) &ndash; Bel&eacute;m<\/h3><figure class=\"wp-block-table\"><table><thead><tr><th>Especialidade<\/th><th class=\"has-text-align-center\" data-align=\"center\">Vagas Dispon&iacute;veis (D)<\/th><th class=\"has-text-align-center\" data-align=\"center\">Vagas Reservadas (R)<\/th><\/tr><\/thead><tbody><tr><td>Anestesiologia<\/td><td class=\"has-text-align-center\" data-align=\"center\">7<\/td><td class=\"has-text-align-center\" data-align=\"center\">1<\/td><\/tr><tr><td>Cirurgia de Cabe&ccedil;a e Pesco&ccedil;o<\/td><td class=\"has-text-align-center\" data-align=\"center\">1<\/td><td class=\"has-text-align-center\" data-align=\"center\">0<\/td><\/tr><tr><td>Cirurgia Geral (3 anos)<\/td><td class=\"has-text-align-center\" data-align=\"center\">4<\/td><td class=\"has-text-align-center\" data-align=\"center\">1<\/td><\/tr><tr><td>Cirurgia Oncol&oacute;gica<\/td><td class=\"has-text-align-center\" data-align=\"center\">2<\/td><td class=\"has-text-align-center\" data-align=\"center\">0<\/td><\/tr><tr><td>Cl&iacute;nica M&eacute;dica<\/td><td class=\"has-text-align-center\" data-align=\"center\">7<\/td><td class=\"has-text-align-center\" data-align=\"center\">1<\/td><\/tr><tr><td>Endoscopia<\/td><td class=\"has-text-align-center\" data-align=\"center\">2<\/td><td class=\"has-text-align-center\" data-align=\"center\">0<\/td><\/tr><tr><td>Hematologia e Hemoterapia<\/td><td class=\"has-text-align-center\" data-align=\"center\">1<\/td><td class=\"has-text-align-center\" data-align=\"center\">0<\/td><\/tr><tr><td>Mastologia<\/td><td class=\"has-text-align-center\" data-align=\"center\">1<\/td><td class=\"has-text-align-center\" data-align=\"center\">0<\/td><\/tr><tr><td>Medicina Intensiva<\/td><td class=\"has-text-align-center\" data-align=\"center\">4<\/td><td class=\"has-text-align-center\" data-align=\"center\">0<\/td><\/tr><tr><td>Neurocirurgia<\/td><td class=\"has-text-align-center\" data-align=\"center\">0<\/td><td class=\"has-text-align-center\" data-align=\"center\">2<\/td><\/tr><tr><td>Neurologia<\/td><td class=\"has-text-align-center\" data-align=\"center\">2<\/td><td class=\"has-text-align-center\" data-align=\"center\">0<\/td><\/tr><tr><td>Neurorradiologia<\/td><td class=\"has-text-align-center\" data-align=\"center\">1<\/td><td class=\"has-text-align-center\" data-align=\"center\">0<\/td><\/tr><tr><td>Oncologia Cl&iacute;nica<\/td><td class=\"has-text-align-center\" data-align=\"center\">1<\/td><td class=\"has-text-align-center\" data-align=\"center\">0<\/td><\/tr><tr><td>Radiologia e Diagn&oacute;stico por Imagem<\/td><td class=\"has-text-align-center\" data-align=\"center\">7<\/td><td class=\"has-text-align-center\" data-align=\"center\">0<\/td><\/tr><tr><td>Radiologia e Diagn&oacute;stico por Imagem 4&ordm; ano<\/td><td class=\"has-text-align-center\" data-align=\"center\">1<\/td><td class=\"has-text-align-center\" data-align=\"center\">0<\/td><\/tr><tr><td>Urologia<\/td><td class=\"has-text-align-center\" data-align=\"center\">2<\/td><td class=\"has-text-align-center\" data-align=\"center\">0<\/td><\/tr><\/tbody><\/table><\/figure><h3 class=\"wp-block-heading\" id=\"h-universidade-do-estado-do-para-uepa-belem\">Universidade do Estado do Par&aacute; (UEPA) &ndash; Bel&eacute;m<\/h3><figure class=\"wp-block-table\"><table><thead><tr><th>Especialidade<\/th><th class=\"has-text-align-center\" data-align=\"center\">Vagas Dispon&iacute;veis (D)<\/th><\/tr><\/thead><tbody><tr><td>Anestesiologia<\/td><td class=\"has-text-align-center\" data-align=\"center\">2<\/td><\/tr><tr><td>Cardiologia<\/td><td class=\"has-text-align-center\" data-align=\"center\">2<\/td><\/tr><tr><td>Cirurgia Cardiovascular<\/td><td class=\"has-text-align-center\" data-align=\"center\">1<\/td><\/tr><tr><td>Cirurgia da M&atilde;o<\/td><td class=\"has-text-align-center\" data-align=\"center\">2<\/td><\/tr><tr><td>Cirurgia Geral (3 anos)<\/td><td class=\"has-text-align-center\" data-align=\"center\">3<\/td><\/tr><tr><td>Cl&iacute;nica M&eacute;dica<\/td><td class=\"has-text-align-center\" data-align=\"center\">4<\/td><\/tr><tr><td>Dermatologia<\/td><td class=\"has-text-align-center\" data-align=\"center\">5<\/td><\/tr><tr><td>Endocrinologia e Metabologia<\/td><td class=\"has-text-align-center\" data-align=\"center\">2<\/td><\/tr><tr><td>Medicina da Fam&iacute;lia e Comunidade<\/td><td class=\"has-text-align-center\" data-align=\"center\">10<\/td><\/tr><tr><td>Neurocirurgia<\/td><td class=\"has-text-align-center\" data-align=\"center\">1<\/td><\/tr><tr><td>Neurologia<\/td><td class=\"has-text-align-center\" data-align=\"center\">1<\/td><\/tr><tr><td>Ortopedia e Traumatologia<\/td><td class=\"has-text-align-center\" data-align=\"center\">4<\/td><\/tr><tr><td>Radiologia e Diagn&oacute;stico por Imagem<\/td><td class=\"has-text-align-center\" data-align=\"center\">4<\/td><\/tr><\/tbody><\/table><\/figure><h3 class=\"wp-block-heading\" id=\"h-hospital-metropolitano-de-urgencia-e-emergencia-hmue-belem\">Hospital Metropolitano de Urg&ecirc;ncia e Emerg&ecirc;ncia (HMUE) &ndash; Bel&eacute;m<\/h3><figure class=\"wp-block-table\"><table><thead><tr><th>Especialidade<\/th><th class=\"has-text-align-center\" data-align=\"center\">Vagas Dispon&iacute;veis (D)<\/th><\/tr><\/thead><tbody><tr><td>Cirurgia Geral (3 anos)<\/td><td class=\"has-text-align-center\" data-align=\"center\">2<\/td><\/tr><tr><td>Ortopedia e Traumatologia<\/td><td class=\"has-text-align-center\" data-align=\"center\">2<\/td><\/tr><\/tbody><\/table><\/figure><h3 class=\"wp-block-heading\" id=\"h-secretaria-municipal-de-saude-de-belem-sesma-belem\">Secretaria Municipal de Sa&uacute;de de Bel&eacute;m (SESMA) &ndash; Bel&eacute;m<\/h3><figure class=\"wp-block-table\"><table><thead><tr><th>Especialidade<\/th><th class=\"has-text-align-center\" data-align=\"center\">Vagas Dispon&iacute;veis (D)<\/th><th class=\"has-text-align-center\" data-align=\"center\">Vagas Reservadas (R)<\/th><\/tr><\/thead><tbody><tr><td>Medicina da Fam&iacute;lia e Comunidade<\/td><td class=\"has-text-align-center\" data-align=\"center\">3<\/td><td class=\"has-text-align-center\" data-align=\"center\">1<\/td><\/tr><tr><td>Medicina da Fam&iacute;lia e Comunidade &ndash; Sa&uacute;de Mental<\/td><td class=\"has-text-align-center\" data-align=\"center\">4<\/td><td class=\"has-text-align-center\" data-align=\"center\">0<\/td><\/tr><tr><td>Medicina de Emerg&ecirc;ncia<\/td><td class=\"has-text-align-center\" data-align=\"center\">3<\/td><td class=\"has-text-align-center\" data-align=\"center\">0<\/td><\/tr><\/tbody><\/table><\/figure><h3 class=\"wp-block-heading\" id=\"h-universidade-do-estado-do-para-uepa-santarem\">Universidade do Estado do Par&aacute; (UEPA) &ndash; Santar&eacute;m<\/h3><figure class=\"wp-block-table\"><table><thead><tr><th>Especialidade<\/th><th class=\"has-text-align-center\" data-align=\"center\">Vagas Dispon&iacute;veis (D)<\/th><th class=\"has-text-align-center\" data-align=\"center\">Vagas Reservadas (R)<\/th><\/tr><\/thead><tbody><tr><td>Anestesiologia<\/td><td class=\"has-text-align-center\" data-align=\"center\">1<\/td><td class=\"has-text-align-center\" data-align=\"center\">1<\/td><\/tr><tr><td>Cirurgia Geral (3 anos)<\/td><td class=\"has-text-align-center\" data-align=\"center\">4<\/td><td class=\"has-text-align-center\" data-align=\"center\">0<\/td><\/tr><tr><td>Cl&iacute;nica M&eacute;dica<\/td><td class=\"has-text-align-center\" data-align=\"center\">6<\/td><td class=\"has-text-align-center\" data-align=\"center\">0<\/td><\/tr><tr><td>Ginecologia e Obstetr&iacute;cia<\/td><td class=\"has-text-align-center\" data-align=\"center\">4<\/td><td class=\"has-text-align-center\" data-align=\"center\">0<\/td><\/tr><tr><td>Medicina da Fam&iacute;lia e Comunidade<\/td><td class=\"has-text-align-center\" data-align=\"center\">2<\/td><td class=\"has-text-align-center\" data-align=\"center\">0<\/td><\/tr><tr><td>Medicina Intensiva<\/td><td class=\"has-text-align-center\" data-align=\"center\">2<\/td><td class=\"has-text-align-center\" data-align=\"center\">0<\/td><\/tr><tr><td>Neurocirurgia<\/td><td class=\"has-text-align-center\" data-align=\"center\">1<\/td><td class=\"has-text-align-center\" data-align=\"center\">0<\/td><\/tr><tr><td>Oncologia Cl&iacute;nica<\/td><td class=\"has-text-align-center\" data-align=\"center\">2<\/td><td class=\"has-text-align-center\" data-align=\"center\">0<\/td><\/tr><tr><td>Ortopedia e Traumatologia<\/td><td class=\"has-text-align-center\" data-align=\"center\">2<\/td><td class=\"has-text-align-center\" data-align=\"center\">0<\/td><\/tr><tr><td>Pediatria<\/td><td class=\"has-text-align-center\" data-align=\"center\">2<\/td><td class=\"has-text-align-center\" data-align=\"center\">0<\/td><\/tr><tr><td>Urologia<\/td><td class=\"has-text-align-center\" data-align=\"center\">1<\/td><td class=\"has-text-align-center\" data-align=\"center\">0<\/td><\/tr><\/tbody><\/table><\/figure><h2 class=\"wp-block-heading\" id=\"h-inscricoes-uepa-2026\"><span class=\"ez-toc-section\" id=\"Inscricoes-UEPA-2026\"><\/span>Inscri&ccedil;&otilde;es UEPA 2026<span class=\"ez-toc-section-end\"><\/span><\/h2><p>O processo de inscri&ccedil;&atilde;o da UEPA ser&aacute; feito de modo on-line, por meio do <a href=\"https:\/\/prosel.uepa.br\/rm2026\" target=\"_blank\">site da institui&ccedil;&atilde;o<\/a>. O candidato precisa preencher a ficha de inscri&ccedil;&atilde;o e pagar uma <strong>taxa de R$500,00 <\/strong>entre os dias <strong>16 e 30 de novembro de 2025<\/strong> para efetivar sua inscri&ccedil;&atilde;o.<\/p><p>Aqueles que optarem por solicitar a <strong>isen&ccedil;&atilde;o da taxa de inscri&ccedil;&atilde;o<\/strong>, ter&atilde;o de faz&ecirc;-la entre os dias<strong> 16 e 18 de outubro de 2025<\/strong>.<\/p><p>J&aacute; os candidatos que necessitaram de <strong>atendimento especial<\/strong> na hora da prova, precisam enviar o <strong>laudo m&eacute;dico<\/strong> que comprove a sua solicita&ccedil;&atilde;o para o e-mail da UEPA: residenciamedica@uepa.br.<\/p><h2 class=\"wp-block-heading\" id=\"h-sobre-a-prova-objetiva-da-uepa-2026\"><span class=\"ez-toc-section\" id=\"Sobre-a-Prova-Objetiva-da-UEPA-2026\"><\/span>Sobre a Prova Objetiva da UEPA 2026<span class=\"ez-toc-section-end\"><\/span><\/h2><p>Esta ser&aacute; a <strong>primeira e &uacute;nica fase<\/strong> do processo seletivo da UEPA 2026 e ser&aacute; aplicada das <strong>8h &agrave;s 12h do dia 18 de janeiro de 2026<\/strong>.<\/p><p>Confira abaixo os detalhes de cada prova a depender da especialidade e grupo:<\/p><figure class=\"wp-block-table\"><table class=\"has-fixed-layout\"><tbody><tr><td class=\"has-text-align-center\" data-align=\"center\"><strong>Especialidades<\/strong><\/td><td class=\"has-text-align-center\" data-align=\"center\"><strong>Quest&otilde;es<\/strong><\/td><td class=\"has-text-align-center\" data-align=\"center\"><strong>Conte&uacute;do<\/strong><\/td><\/tr><tr><td class=\"has-text-align-center\" data-align=\"center\">Acesso Direto<\/td><td class=\"has-text-align-center\" data-align=\"center\">100 quest&otilde;es objetivas<\/td><td class=\"has-text-align-center\" data-align=\"center\">Cl&iacute;nica M&eacute;dica, Cirurgia Geral, Obstetr&iacute;cia e Ginecologia, Pediatria e Sa&uacute;de Coletiva, Medicina Preventiva e Social<\/td><\/tr><tr><td class=\"has-text-align-center\" data-align=\"center\">Pr&eacute;-Requisito em Cirurgia Geral ou Cirurgia B&aacute;sica<\/td><td class=\"has-text-align-center\" data-align=\"center\">50 quest&otilde;es objetivas<\/td><td class=\"has-text-align-center\" data-align=\"center\">Cir&uacute;rgica B&aacute;sica e Cirurgia Geral<\/td><\/tr><tr><td class=\"has-text-align-center\" data-align=\"center\">Pr&eacute;-Requisito em Cirurgia Geral ou Cirurgia B&aacute;sica<\/td><td class=\"has-text-align-center\" data-align=\"center\">50 quest&otilde;es objetivas<\/td><td class=\"has-text-align-center\" data-align=\"center\">Cir&uacute;rgica B&aacute;sica, Cirurgia Geral e Ginecologia e Obstetr&iacute;cia<\/td><\/tr><tr><td class=\"has-text-align-center\" data-align=\"center\">Pr&eacute;-Requisito em Cirurgia Geral ou Ginecologia e Obstetr&iacute;cia<\/td><td class=\"has-text-align-center\" data-align=\"center\">50 quest&otilde;es objetivas<\/td><td class=\"has-text-align-center\" data-align=\"center\">Cirurgia Geral ou Ginecologia e Obstetr&iacute;cia<\/td><\/tr><tr><td class=\"has-text-align-center\" data-align=\"center\">Pr&eacute;-Requisito em Cl&iacute;nica M&eacute;dica<\/td><td class=\"has-text-align-center\" data-align=\"center\">50 quest&otilde;es objetivas<\/td><td class=\"has-text-align-center\" data-align=\"center\">Cl&iacute;nica M&eacute;dica<\/td><\/tr><tr><td class=\"has-text-align-center\" data-align=\"center\">Pr&eacute;-Requisito em Pediatria<\/td><td class=\"has-text-align-center\" data-align=\"center\">50 quest&otilde;es objetivas<\/td><td class=\"has-text-align-center\" data-align=\"center\">Pediatria<\/td><\/tr><tr><td class=\"has-text-align-center\" data-align=\"center\">Pr&eacute;-Requisito em Neurologia, Neurocirurgia e Radiologia- Diagn&oacute;stico por Imagem<\/td><td class=\"has-text-align-center\" data-align=\"center\">50 quest&otilde;es objetivas<\/td><td class=\"has-text-align-center\" data-align=\"center\">Neurologia, Neurocirurgia ou Radiologia-Diagn&oacute;stico por Imagem<\/td><\/tr><tr><td class=\"has-text-align-center\" data-align=\"center\">Pr&eacute;-Requisito em Cirurgia Geral ou Cirurgia B&aacute;sica<\/td><td class=\"has-text-align-center\" data-align=\"center\">50 quest&otilde;es objetivas<\/td><td class=\"has-text-align-center\" data-align=\"center\">Cir&uacute;rgica B&aacute;sica, Cirurgia Geral e Cl&iacute;nica M&eacute;dica<\/td><\/tr><tr><td class=\"has-text-align-center\" data-align=\"center\">Pr&eacute;-Requisito em Cirurgia Geral ou Cl&iacute;nica M&eacute;dica<\/td><td class=\"has-text-align-center\" data-align=\"center\">50 quest&otilde;es objetivas<\/td><td class=\"has-text-align-center\" data-align=\"center\">Cirurgia Geral e Cl&iacute;nica M&eacute;dica<\/td><\/tr><tr><td class=\"has-text-align-center\" data-align=\"center\">Pr&eacute;-Requisito em Cirurgia Pl&aacute;stica ou Ortopedia e Traumatologia<\/td><td class=\"has-text-align-center\" data-align=\"center\">50 quest&otilde;es objetivas<\/td><td class=\"has-text-align-center\" data-align=\"center\">Cirurgia Pl&aacute;stica e Ortopedia e Traumatologia<\/td><\/tr><tr><td class=\"has-text-align-center\" data-align=\"center\">Pr&eacute;-Requisito em Cl&iacute;nica M&eacute;dica ou Infectologia ou Gastroenterologia<\/td><td class=\"has-text-align-center\" data-align=\"center\">50 quest&otilde;es objetivas<\/td><td class=\"has-text-align-center\" data-align=\"center\">Cl&iacute;nica M&eacute;dica, Infectologia e Gastroenterologia<\/td><\/tr><tr><td class=\"has-text-align-center\" data-align=\"center\">Pr&eacute;-Requisito em Cirurgia Geral ou Cirurgia B&aacute;sica<\/td><td class=\"has-text-align-center\" data-align=\"center\">50 quest&otilde;es objetivas<\/td><td class=\"has-text-align-center\" data-align=\"center\">Cir&uacute;rgica B&aacute;sica, Cirurgia Geral e Otorrinolaringologia<\/td><\/tr><tr><td class=\"has-text-align-center\" data-align=\"center\">Pr&eacute;-Requisito em Cardiologia<\/td><td class=\"has-text-align-center\" data-align=\"center\">50 quest&otilde;es objetivas<\/td><td class=\"has-text-align-center\" data-align=\"center\">Cardiologia<\/td><\/tr><tr><td class=\"has-text-align-center\" data-align=\"center\">Pr&eacute;-Requisito em Radiologia e Diagn&oacute;stico por Imagem<\/td><td class=\"has-text-align-center\" data-align=\"center\">50 quest&otilde;es objetivas <\/td><td class=\"has-text-align-center\" data-align=\"center\">Radiologia e Diagn&oacute;stico por Imagem<\/td><\/tr><tr><td class=\"has-text-align-center\" data-align=\"center\">Pr&eacute;-Requisito em Medicina da Fam&iacute;lia e Comunidade<\/td><td class=\"has-text-align-center\" data-align=\"center\">50 quest&otilde;es objetivas <\/td><td class=\"has-text-align-center\" data-align=\"center\">Medicina da<br>Fam&iacute;lia e Comunidade<\/td><\/tr><\/tbody><\/table><figcaption class=\"wp-element-caption\">O valor m&aacute;ximo da prova objetiva &eacute; de <strong>100 pontos<\/strong>.<\/figcaption><\/figure><div class=\"wp-block-buttons is-content-justification-center is-layout-flex wp-container-core-buttons-is-layout-2 wp-block-buttons-is-layout-flex\">\n<div class=\"wp-block-button\"><a class=\"wp-block-button__link wp-element-button\" href=\"https:\/\/med.estrategia.com\/portal\/wp-content\/uploads\/2026\/01\/Grupo-A_GABPRE_Acesso-Direto_-PSURM_2026.pdf\" target=\"_blank\">gabarito preliminar de acesso direto &ndash; uepa 2026<\/a><\/div>\n\n\n\n<div class=\"wp-block-button\"><a class=\"wp-block-button__link wp-element-button\" href=\"https:\/\/prosel.uepa.br\/rm2026\/\" target=\"_blank\">confira os demais gabaritos<\/a><\/div>\n<\/div><h2 class=\"wp-block-heading\"><span class=\"ez-toc-section\" id=\"Resultado-Final-e-Desempate\"><\/span>Resultado Final e Desempate<span class=\"ez-toc-section-end\"><\/span><\/h2><p>A <strong>nota final<\/strong> do processo seletivo ser&aacute; a <strong>pontua&ccedil;&atilde;o que o candidato obteve na prova objetiva<\/strong>. A lista com o resultado final foi publicada no dia <strong>17 de fevereiro de 2026<\/strong> no site da UEPA.&nbsp;Confira:<\/p><div class=\"wp-block-buttons is-content-justification-center is-layout-flex wp-container-core-buttons-is-layout-3 wp-block-buttons-is-layout-flex\">\n<div class=\"wp-block-button\"><a class=\"wp-block-button__link wp-element-button\" href=\"https:\/\/med.estrategia.com\/portal\/wp-content\/uploads\/2026\/03\/prosel_unificado_residencia_medica_2026_relacao_de_classficados_republicado.pdf\" target=\"_blank\">Resultado final UEPA 2026 (republicado)<\/a><\/div>\n<\/div><p>Nos casos de <strong>empate,<\/strong> ser&aacute; considerado como crit&eacute;rio de desempate o candidato com maior idade, levando em considera&ccedil;&atilde;o o dia, o m&ecirc;s e o ano de nascimento.<\/p><h2 class=\"wp-block-heading\" id=\"h-concorrencia-uepa-2026\"><span class=\"ez-toc-section\" id=\"Concorrencia-UEPA-2026\"><\/span>Concorr&ecirc;ncia UEPA 2026<span class=\"ez-toc-section-end\"><\/span><\/h2><p>A edi&ccedil;&atilde;o com ingresso em 2026 da <strong>UEPA<\/strong> conta com <strong>225 vagas ofertadas<\/strong> e <strong>2.027 candidatos inscritos<\/strong> no processo seletivo de resid&ecirc;ncia m&eacute;dica. Em uma <strong>perspectiva geral<\/strong>, a <strong>rela&ccedil;&atilde;o de candidatos por vaga<\/strong> &eacute; de aproximadamente <strong>9,0<\/strong>. Confira abaixo como ficou a concorr&ecirc;ncia geral para cada especialidade, com base nos inscritos de <strong>Ampla Concorr&ecirc;ncia<\/strong>.<\/p><figure class=\"wp-block-table\"><table><thead><tr><th>Programa<\/th><th class=\"has-text-align-center\" data-align=\"center\"><br>Vagas<\/th><th class=\"has-text-align-center\" data-align=\"center\">Inscritos<\/th><th class=\"has-text-align-center\" data-align=\"center\">Concorr&ecirc;ncia<\/th><\/tr><\/thead><tbody><tr><td>Anestesiologia<\/td><td class=\"has-text-align-center\" data-align=\"center\">14<\/td><td class=\"has-text-align-center\" data-align=\"center\">250<\/td><td class=\"has-text-align-center\" data-align=\"center\">17,85<\/td><\/tr><tr><td>Cardiologia<\/td><td class=\"has-text-align-center\" data-align=\"center\">6<\/td><td class=\"has-text-align-center\" data-align=\"center\">8<\/td><td class=\"has-text-align-center\" data-align=\"center\">1,33<\/td><\/tr><tr><td>Cardiologia Pedi&aacute;trica<\/td><td class=\"has-text-align-center\" data-align=\"center\">2<\/td><td class=\"has-text-align-center\" data-align=\"center\">3<\/td><td class=\"has-text-align-center\" data-align=\"center\">1,5<\/td><\/tr><tr><td>Cirurgia Cardiovascular<\/td><td class=\"has-text-align-center\" data-align=\"center\">3<\/td><td class=\"has-text-align-center\" data-align=\"center\">12<\/td><td class=\"has-text-align-center\" data-align=\"center\">4<\/td><\/tr><tr><td>Cirurgia da M&atilde;o<\/td><td class=\"has-text-align-center\" data-align=\"center\">2<\/td><td class=\"has-text-align-center\" data-align=\"center\">5<\/td><td class=\"has-text-align-center\" data-align=\"center\">2,5<\/td><\/tr><tr><td>Cirurgia de Cabe&ccedil;a e Pesco&ccedil;o<\/td><td class=\"has-text-align-center\" data-align=\"center\">1<\/td><td class=\"has-text-align-center\" data-align=\"center\">1<\/td><td class=\"has-text-align-center\" data-align=\"center\">1<\/td><\/tr><tr><td>Cirurgia Geral 3 anos<\/td><td class=\"has-text-align-center\" data-align=\"center\">18<\/td><td class=\"has-text-align-center\" data-align=\"center\">227<\/td><td class=\"has-text-align-center\" data-align=\"center\">12,61<\/td><\/tr><tr><td>Cirurgia Oncol&oacute;gica<\/td><td class=\"has-text-align-center\" data-align=\"center\">2<\/td><td class=\"has-text-align-center\" data-align=\"center\">2<\/td><td class=\"has-text-align-center\" data-align=\"center\">1<\/td><\/tr><tr><td>Cirurgia Pedi&aacute;trica<\/td><td class=\"has-text-align-center\" data-align=\"center\">2<\/td><td class=\"has-text-align-center\" data-align=\"center\">5<\/td><td class=\"has-text-align-center\" data-align=\"center\">2,5<\/td><\/tr><tr><td>Cirurgia Vascular<\/td><td class=\"has-text-align-center\" data-align=\"center\">1<\/td><td class=\"has-text-align-center\" data-align=\"center\">5<\/td><td class=\"has-text-align-center\" data-align=\"center\">5<\/td><\/tr><tr><td>Cl&iacute;nica M&eacute;dica<\/td><td class=\"has-text-align-center\" data-align=\"center\">29<\/td><td class=\"has-text-align-center\" data-align=\"center\">233<\/td><td class=\"has-text-align-center\" data-align=\"center\">8,03<\/td><\/tr><tr><td>Dermatologia<\/td><td class=\"has-text-align-center\" data-align=\"center\">3<\/td><td class=\"has-text-align-center\" data-align=\"center\">93<\/td><td class=\"has-text-align-center\" data-align=\"center\">31<\/td><\/tr><tr><td>Endocrinologia e Metabologia<\/td><td class=\"has-text-align-center\" data-align=\"center\">2<\/td><td class=\"has-text-align-center\" data-align=\"center\">17<\/td><td class=\"has-text-align-center\" data-align=\"center\">8,5<\/td><\/tr><tr><td>Endoscopia<\/td><td class=\"has-text-align-center\" data-align=\"center\">2<\/td><td class=\"has-text-align-center\" data-align=\"center\">24<\/td><td class=\"has-text-align-center\" data-align=\"center\">12<\/td><\/tr><\/tbody><\/table><\/figure><div class=\"wp-block-buttons is-content-justification-center is-layout-flex wp-container-core-buttons-is-layout-4 wp-block-buttons-is-layout-flex\">\n<div class=\"wp-block-button\"><a class=\"wp-block-button__link wp-element-button\" href=\"https:\/\/med.estrategia.com\/portal\/noticias\/uepa-2026-concorrencia-residencia-medica\/\" target=\"_blank\">Confira a concorr&ecirc;ncia completa da UEPA 2026!<\/a><\/div>\n<\/div><h2 class=\"wp-block-heading\" id=\"h-estudar-por-questoes\"><span class=\"ez-toc-section\" id=\"Estudar-por-questoes\"><\/span>Estudar por quest&otilde;es<span class=\"ez-toc-section-end\"><\/span><\/h2><p>Por acaso, voc&ecirc; <strong>estuda pela resolu&ccedil;&atilde;o de quest&otilde;es<\/strong>? Esse &eacute; um dos m&eacute;todos de estudo mais pr&aacute;tico e eficaz. Com ele, o aluno fica cada vez mais pr&oacute;ximo de sua aprova&ccedil;&atilde;o.<\/p><p>Por isso, se voc&ecirc; j&aacute; est&aacute; acostumado a estudar por quest&otilde;es, ou at&eacute; mesmo, se n&atilde;o sabe nada sobre esse tipo de estudo, conhe&ccedil;a agora o <strong><a href=\"https:\/\/med.estrategiaeducacional.com.br\/\" target=\"_blank\" rel=\"noreferrer noopener sponsored nofollow\">Banco de Quest&otilde;es do Estrat&eacute;gia MED<\/a><\/strong>! Descubra com o <strong>BQMED<\/strong> uma forma mais f&aacute;cil e &uacute;nica de estudar para as <a href=\"https:\/\/med.estrategia.com\/portal\/category\/residencia-medica\/programa-de-residencia-medica\/\" target=\"_blank\">provas de Resid&ecirc;ncia M&eacute;dica<\/a>!<\/p><p><strong><a id=\"cta\" class=\"cta-imagem\" href=\"https:\/\/med.estrategia.com\/cursos\/extensivo-de-residncia-mdica\/\" target=\"blank\">\n                <img decoding=\"async\" width=\"100%\" src=\"https:\/\/med.estrategia.com\/portal\/wp-content\/uploads\/2025\/08\/extensivo_rm.jpg\" alt=\"Extensivo RM\" title=\"extensivo_rm\">\n        <\/a><\/strong><\/p><\/p>\n","protected":false},"excerpt":{"rendered":"Quer saber os detalhes do processo seletivo da UEPA para Resid&ecirc;ncia M&eacute;dica 2026? Ent&atilde;o n&atilde;o saia desta p&aacute;gina&hellip;\n","protected":false},"author":22,"featured_media":51614,"comment_status":"open","ping_status":"open","sticky":false,"template":"","format":"standard","meta":{"wl_entities_gutenberg":"","footnotes":""},"categories":[24],"tags":[],"wl_entity_type":[199],"class_list":{"0":"post-4144","1":"post","2":"type-post","3":"status-publish","4":"format-standard","5":"has-post-thumbnail","7":"category-residencia-medica","8":"wl_entity_type-article"},"acf":[],"yoast_head":"<!-- This site is optimized with the Yoast SEO Premium plugin v26.6 (Yoast SEO v26.6) - https:\/\/yoast.com\/wordpress\/plugins\/seo\/ -->\n<title>UEPA 2026: tudo sobre o edital e a prova! - Estrat\u00e9gia MED<\/title>\n<meta name=\"description\" content=\"Fique por dentro de tudo sobre o processo seletivo para Resid\u00eancia M\u00e9dica da UEPA 2026! Tire suas d\u00favidas com o Estrat\u00e9gia MED!\" \/>\n<meta name=\"robots\" content=\"index, follow, max-snippet:-1, max-image-preview:large, max-video-preview:-1\" \/>\n<link rel=\"canonical\" href=\"https:\/\/med.estrategia.com\/portal\/residencia-medica\/uepa-residencia-medica\/\" \/>\n<meta property=\"og:locale\" content=\"pt_BR\" \/>\n<meta property=\"og:type\" content=\"article\" \/>\n<meta property=\"og:title\" content=\"UEPA 2026: edital para resid\u00eancia m\u00e9dica, vagas, cronograma e mais!\" \/>\n<meta property=\"og:description\" content=\"Fique por dentro de tudo sobre o processo seletivo para Resid\u00eancia M\u00e9dica da UEPA 2026! Tire suas d\u00favidas com o Estrat\u00e9gia MED!\" \/>\n<meta property=\"og:url\" content=\"https:\/\/med.estrategia.com\/portal\/residencia-medica\/uepa-residencia-medica\/\" \/>\n<meta property=\"og:site_name\" content=\"Estrat\u00e9gia MED\" \/>\n<meta property=\"article:publisher\" content=\"https:\/\/www.facebook.com\/estrategiamed1\" \/>\n<meta property=\"article:published_time\" content=\"2021-02-22T20:01:15+00:00\" \/>\n<meta property=\"article:modified_time\" content=\"2026-03-02T11:27:43+00:00\" \/>\n<meta property=\"og:image\" content=\"https:\/\/med.estrategia.com\/portal\/wp-content\/uploads\/2021\/02\/uepa-1.jpg\" \/>\n\t<meta property=\"og:image:width\" content=\"1200\" \/>\n\t<meta property=\"og:image:height\" content=\"800\" \/>\n\t<meta property=\"og:image:type\" content=\"image\/jpeg\" \/>\n<meta name=\"author\" content=\"Erika Coelho\" \/>\n<meta name=\"twitter:card\" content=\"summary_large_image\" \/>\n<meta name=\"twitter:creator\" content=\"@estrategiamed_\" \/>\n<meta name=\"twitter:site\" content=\"@estrategiamed_\" \/>\n<meta name=\"twitter:label1\" content=\"Escrito por\" \/>\n\t<meta name=\"twitter:data1\" content=\"Erika Coelho\" \/>\n\t<meta name=\"twitter:label2\" content=\"Est. tempo de leitura\" \/>\n\t<meta name=\"twitter:data2\" content=\"8 minutos\" \/>\n<script type=\"application\/ld+json\" class=\"yoast-schema-graph\">{\"@context\":\"https:\/\/schema.org\",\"@graph\":[{\"@type\":\"WebPage\",\"@id\":\"https:\/\/med.estrategia.com\/portal\/residencia-medica\/uepa-residencia-medica\/\",\"url\":\"https:\/\/med.estrategia.com\/portal\/residencia-medica\/uepa-residencia-medica\/\",\"name\":\"UEPA 2026: tudo sobre o edital e a prova! - Estrat\u00e9gia MED\",\"isPartOf\":{\"@id\":\"https:\/\/med.estrategia.com\/portal\/#website\"},\"primaryImageOfPage\":{\"@id\":\"https:\/\/med.estrategia.com\/portal\/residencia-medica\/uepa-residencia-medica\/#primaryimage\"},\"image\":{\"@id\":\"https:\/\/med.estrategia.com\/portal\/residencia-medica\/uepa-residencia-medica\/#primaryimage\"},\"thumbnailUrl\":\"https:\/\/med.estrategia.com\/portal\/wp-content\/uploads\/2021\/02\/uepa-1.jpg\",\"datePublished\":\"2021-02-22T20:01:15+00:00\",\"dateModified\":\"2026-03-02T11:27:43+00:00\",\"author\":{\"@id\":\"https:\/\/med.estrategia.com\/portal\/#\/schema\/person\/8e7c9b2f53f2eede3b8880ad86ff20a3\"},\"description\":\"Fique por dentro de tudo sobre o processo seletivo para Resid\u00eancia M\u00e9dica da UEPA 2026! Tire suas d\u00favidas com o Estrat\u00e9gia MED!\",\"breadcrumb\":{\"@id\":\"https:\/\/med.estrategia.com\/portal\/residencia-medica\/uepa-residencia-medica\/#breadcrumb\"},\"inLanguage\":\"pt-BR\",\"potentialAction\":[{\"@type\":\"ReadAction\",\"target\":[\"https:\/\/med.estrategia.com\/portal\/residencia-medica\/uepa-residencia-medica\/\"]}]},{\"@type\":\"ImageObject\",\"inLanguage\":\"pt-BR\",\"@id\":\"https:\/\/med.estrategia.com\/portal\/residencia-medica\/uepa-residencia-medica\/#primaryimage\",\"url\":\"https:\/\/med.estrategia.com\/portal\/wp-content\/uploads\/2021\/02\/uepa-1.jpg\",\"contentUrl\":\"https:\/\/med.estrategia.com\/portal\/wp-content\/uploads\/2021\/02\/uepa-1.jpg\",\"width\":1200,\"height\":800,\"caption\":\"Estrat\u00e9gia MED | Universidade do Estado do Par\u00e1\"},{\"@type\":\"BreadcrumbList\",\"@id\":\"https:\/\/med.estrategia.com\/portal\/residencia-medica\/uepa-residencia-medica\/#breadcrumb\",\"itemListElement\":[{\"@type\":\"ListItem\",\"position\":1,\"name\":\"Home\",\"item\":\"https:\/\/med.estrategia.com\/portal\/\"},{\"@type\":\"ListItem\",\"position\":2,\"name\":\"Resid\u00eancia M\u00e9dica\",\"item\":\"https:\/\/med.estrategia.com\/portal\/residencia-medica\/\"},{\"@type\":\"ListItem\",\"position\":3,\"name\":\"UEPA 2026: edital para resid\u00eancia m\u00e9dica, vagas, cronograma e mais!\"}]},{\"@type\":\"WebSite\",\"@id\":\"https:\/\/med.estrategia.com\/portal\/#website\",\"url\":\"https:\/\/med.estrategia.com\/portal\/\",\"name\":\"Estrat\u00e9gia MED\",\"description\":\"\",\"potentialAction\":[{\"@type\":\"SearchAction\",\"target\":{\"@type\":\"EntryPoint\",\"urlTemplate\":\"https:\/\/med.estrategia.com\/portal\/?s={search_term_string}\"},\"query-input\":{\"@type\":\"PropertyValueSpecification\",\"valueRequired\":true,\"valueName\":\"search_term_string\"}}],\"inLanguage\":\"pt-BR\"},{\"@type\":\"Person\",\"@id\":\"https:\/\/med.estrategia.com\/portal\/#\/schema\/person\/8e7c9b2f53f2eede3b8880ad86ff20a3\",\"name\":\"Erika Coelho\",\"image\":{\"@type\":\"ImageObject\",\"inLanguage\":\"pt-BR\",\"@id\":\"https:\/\/med.estrategia.com\/portal\/#\/schema\/person\/image\/\",\"url\":\"https:\/\/secure.gravatar.com\/avatar\/8ef9ff2e2fa53829c640cca8d1a45178?s=96&d=mm&r=g\",\"contentUrl\":\"https:\/\/secure.gravatar.com\/avatar\/8ef9ff2e2fa53829c640cca8d1a45178?s=96&d=mm&r=g\",\"caption\":\"Erika Coelho\"},\"description\":\"Jornalista pela Universidade Presbiteriana Mackenzie, escrevo sobre educa\u00e7\u00e3o, sa\u00fade e pol\u00edticas p\u00fablicas\",\"url\":\"https:\/\/med.estrategia.com\/portal\/author\/erika\/\"}]}<\/script>\n<!-- \/ Yoast SEO Premium plugin. -->","yoast_head_json":{"title":"UEPA 2026: tudo sobre o edital e a prova! - Estrat\u00e9gia MED","description":"Fique por dentro de tudo sobre o processo seletivo para Resid\u00eancia M\u00e9dica da UEPA 2026! Tire suas d\u00favidas com o Estrat\u00e9gia MED!","robots":{"index":"index","follow":"follow","max-snippet":"max-snippet:-1","max-image-preview":"max-image-preview:large","max-video-preview":"max-video-preview:-1"},"canonical":"https:\/\/med.estrategia.com\/portal\/residencia-medica\/uepa-residencia-medica\/","og_locale":"pt_BR","og_type":"article","og_title":"UEPA 2026: edital para resid\u00eancia m\u00e9dica, vagas, cronograma e mais!","og_description":"Fique por dentro de tudo sobre o processo seletivo para Resid\u00eancia M\u00e9dica da UEPA 2026! Tire suas d\u00favidas com o Estrat\u00e9gia MED!","og_url":"https:\/\/med.estrategia.com\/portal\/residencia-medica\/uepa-residencia-medica\/","og_site_name":"Estrat\u00e9gia MED","article_publisher":"https:\/\/www.facebook.com\/estrategiamed1","article_published_time":"2021-02-22T20:01:15+00:00","article_modified_time":"2026-03-02T11:27:43+00:00","og_image":[{"width":1200,"height":800,"url":"https:\/\/med.estrategia.com\/portal\/wp-content\/uploads\/2021\/02\/uepa-1.jpg","type":"image\/jpeg"}],"author":"Erika Coelho","twitter_card":"summary_large_image","twitter_creator":"@estrategiamed_","twitter_site":"@estrategiamed_","twitter_misc":{"Escrito por":"Erika Coelho","Est. tempo de leitura":"8 minutos"},"schema":{"@context":"https:\/\/schema.org","@graph":[{"@type":"WebPage","@id":"https:\/\/med.estrategia.com\/portal\/residencia-medica\/uepa-residencia-medica\/","url":"https:\/\/med.estrategia.com\/portal\/residencia-medica\/uepa-residencia-medica\/","name":"UEPA 2026: tudo sobre o edital e a prova! - Estrat\u00e9gia MED","isPartOf":{"@id":"https:\/\/med.estrategia.com\/portal\/#website"},"primaryImageOfPage":{"@id":"https:\/\/med.estrategia.com\/portal\/residencia-medica\/uepa-residencia-medica\/#primaryimage"},"image":{"@id":"https:\/\/med.estrategia.com\/portal\/residencia-medica\/uepa-residencia-medica\/#primaryimage"},"thumbnailUrl":"https:\/\/med.estrategia.com\/portal\/wp-content\/uploads\/2021\/02\/uepa-1.jpg","datePublished":"2021-02-22T20:01:15+00:00","dateModified":"2026-03-02T11:27:43+00:00","author":{"@id":"https:\/\/med.estrategia.com\/portal\/#\/schema\/person\/8e7c9b2f53f2eede3b8880ad86ff20a3"},"description":"Fique por dentro de tudo sobre o processo seletivo para Resid\u00eancia M\u00e9dica da UEPA 2026! Tire suas d\u00favidas com o Estrat\u00e9gia MED!","breadcrumb":{"@id":"https:\/\/med.estrategia.com\/portal\/residencia-medica\/uepa-residencia-medica\/#breadcrumb"},"inLanguage":"pt-BR","potentialAction":[{"@type":"ReadAction","target":["https:\/\/med.estrategia.com\/portal\/residencia-medica\/uepa-residencia-medica\/"]}]},{"@type":"ImageObject","inLanguage":"pt-BR","@id":"https:\/\/med.estrategia.com\/portal\/residencia-medica\/uepa-residencia-medica\/#primaryimage","url":"https:\/\/med.estrategia.com\/portal\/wp-content\/uploads\/2021\/02\/uepa-1.jpg","contentUrl":"https:\/\/med.estrategia.com\/portal\/wp-content\/uploads\/2021\/02\/uepa-1.jpg","width":1200,"height":800,"caption":"Estrat\u00e9gia MED | Universidade do Estado do Par\u00e1"},{"@type":"BreadcrumbList","@id":"https:\/\/med.estrategia.com\/portal\/residencia-medica\/uepa-residencia-medica\/#breadcrumb","itemListElement":[{"@type":"ListItem","position":1,"name":"Home","item":"https:\/\/med.estrategia.com\/portal\/"},{"@type":"ListItem","position":2,"name":"Resid\u00eancia M\u00e9dica","item":"https:\/\/med.estrategia.com\/portal\/residencia-medica\/"},{"@type":"ListItem","position":3,"name":"UEPA 2026: edital para resid\u00eancia m\u00e9dica, vagas, cronograma e mais!"}]},{"@type":"WebSite","@id":"https:\/\/med.estrategia.com\/portal\/#website","url":"https:\/\/med.estrategia.com\/portal\/","name":"Estrat\u00e9gia MED","description":"","potentialAction":[{"@type":"SearchAction","target":{"@type":"EntryPoint","urlTemplate":"https:\/\/med.estrategia.com\/portal\/?s={search_term_string}"},"query-input":{"@type":"PropertyValueSpecification","valueRequired":true,"valueName":"search_term_string"}}],"inLanguage":"pt-BR"},{"@type":"Person","@id":"https:\/\/med.estrategia.com\/portal\/#\/schema\/person\/8e7c9b2f53f2eede3b8880ad86ff20a3","name":"Erika Coelho","image":{"@type":"ImageObject","inLanguage":"pt-BR","@id":"https:\/\/med.estrategia.com\/portal\/#\/schema\/person\/image\/","url":"https:\/\/secure.gravatar.com\/avatar\/8ef9ff2e2fa53829c640cca8d1a45178?s=96&d=mm&r=g","contentUrl":"https:\/\/secure.gravatar.com\/avatar\/8ef9ff2e2fa53829c640cca8d1a45178?s=96&d=mm&r=g","caption":"Erika Coelho"},"description":"Jornalista pela Universidade Presbiteriana Mackenzie, escrevo sobre educa\u00e7\u00e3o, sa\u00fade e pol\u00edticas p\u00fablicas","url":"https:\/\/med.estrategia.com\/portal\/author\/erika\/"}]}},"_wl_alt_label":[],"wl:entity_url":"\/post\/uepa-residencia-medica","_links":{"self":[{"href":"https:\/\/med.estrategia.com\/portal\/wp-json\/wp\/v2\/posts\/4144","targetHints":{"allow":["GET"]}}],"collection":[{"href":"https:\/\/med.estrategia.com\/portal\/wp-json\/wp\/v2\/posts"}],"about":[{"href":"https:\/\/med.estrategia.com\/portal\/wp-json\/wp\/v2\/types\/post"}],"author":[{"embeddable":true,"href":"https:\/\/med.estrategia.com\/portal\/wp-json\/wp\/v2\/users\/22"}],"replies":[{"embeddable":true,"href":"https:\/\/med.estrategia.com\/portal\/wp-json\/wp\/v2\/comments?post=4144"}],"version-history":[{"count":32,"href":"https:\/\/med.estrategia.com\/portal\/wp-json\/wp\/v2\/posts\/4144\/revisions"}],"predecessor-version":[{"id":107694,"href":"https:\/\/med.estrategia.com\/portal\/wp-json\/wp\/v2\/posts\/4144\/revisions\/107694"}],"wp:featuredmedia":[{"embeddable":true,"href":"https:\/\/med.estrategia.com\/portal\/wp-json\/wp\/v2\/media\/51614"}],"wp:attachment":[{"href":"https:\/\/med.estrategia.com\/portal\/wp-json\/wp\/v2\/media?parent=4144"}],"wp:term":[{"taxonomy":"category","embeddable":true,"href":"https:\/\/med.estrategia.com\/portal\/wp-json\/wp\/v2\/categories?post=4144"},{"taxonomy":"post_tag","embeddable":true,"href":"https:\/\/med.estrategia.com\/portal\/wp-json\/wp\/v2\/tags?post=4144"},{"taxonomy":"wl_entity_type","embeddable":true,"href":"https:\/\/med.estrategia.com\/portal\/wp-json\/wp\/v2\/wl_entity_type?post=4144"}],"curies":[{"name":"wp","href":"https:\/\/api.w.org\/{rel}","templated":true}]}}