{"id":41448,"date":"2023-06-20T19:12:21","date_gmt":"2023-06-20T22:12:21","guid":{"rendered":"https:\/\/med.estrategia.com\/portal\/?p=41448"},"modified":"2023-08-07T19:05:12","modified_gmt":"2023-08-07T22:05:12","slug":"mais-medicos-aprovado-no-senado","status":"publish","type":"post","link":"https:\/\/med.estrategia.com\/portal\/maismedicos\/mais-medicos-aprovado-no-senado\/","title":{"rendered":"Senado aprova MP do Mais M\u00e9dicos"},"content":{"rendered":"<p class=\"wp-block-paragraph\">Na sess&atilde;o deliberativa do Senado desta ter&ccedil;a-feira (20) foi <strong>aprovado o projeto de lei (PL)<\/strong> de convers&atilde;o da <strong>Medida Provis&oacute;ria 1.165\/2023<\/strong>, que<strong> retoma o <span id=\"urn:enhancement-c71735de-cbd5-42c2-8835-2119981f4869\" class=\"textannotation disambiguated wl-thing\" itemid=\"https:\/\/data.wordlift.io\/wl106637\/entity\/programa-mais-medicos\">programa Mais M&eacute;dicos<\/span><\/strong> com altera&ccedil;&otilde;es. Com 4<strong>7 votos favor&aacute;veis e 29 contr&aacute;rios<\/strong>, o PL segue, agora, para<strong> san&ccedil;&atilde;o presidencial<\/strong>. <a href=\"https:\/\/med.estrategia.com\/portal\/maismedicos\/mp-do-mais-medicos-e-aprovada-na-camara\/\" target=\"_blank\">A C&acirc;mara dos Deputados aprovou o PL <\/a>no dia 14 de junho. <p class=\"wp-block-paragraph\">A sess&atilde;o discutiu, tamb&eacute;m, o requerimento da lideran&ccedil;a do Partido Progressistas de voto em destaque da emenda n&ordm; 131, sobre a exclus&atilde;o dos <span id=\"urn:enhancement-b77e3344-9632-4652-b97a-918492f281a2\" class=\"textannotation disambiguated wl-thing\" itemid=\"https:\/\/data.wordlift.io\/wl106637\/entity\/medicos\">m&eacute;dicos<\/span> formados no exterior sem diploma revalidado do programa. A emenda foi <strong>rejeitada <\/strong>pelos senadores.<\/p><p class=\"wp-block-paragraph\">Na nova <a href=\"https:\/\/med.estrategia.com\/portal\/noticias\/mais-medicos-divulga-condicoes-de-participacao-no-programa\/\" target=\"_blank\">vers&atilde;o do programa<\/a>, criado em 2013, <strong><span id=\"urn:enhancement-f2f71eeb-aa6f-4255-908a-1d5ad15765eb\" class=\"textannotation disambiguated wl-thing\" itemid=\"https:\/\/data.wordlift.io\/wl106637\/entity\/medicos\">m&eacute;dicos<\/span> formados no exterior sem diploma revalidado<\/strong> no Brasil poder&atilde;o participar do <span id=\"urn:enhancement-26434587-a018-4e96-81fb-a68f7ec8da1c\" class=\"textannotation disambiguated wl-thing\" itemid=\"https:\/\/data.wordlift.io\/wl106637\/entity\/programa-mais-medicos\">Mais M&eacute;dicos<\/span> <strong>por at&eacute; 4 anos<\/strong>. Para a renova&ccedil;&atilde;o do contrato por mais 4 anos, o <span id=\"urn:enhancement-1f7de2a2-8e38-4673-9461-14c9d59f5987\" class=\"textannotation disambiguated wl-thing\" itemid=\"https:\/\/data.wordlift.io\/wl106637\/entity\/medicos\">m&eacute;dico<\/span> dever&aacute; apresentar o documento revalidado por uma institui&ccedil;&atilde;o de ensino superior brasileira. <\/p><p class=\"wp-block-paragraph\">O processo de revalida&ccedil;&atilde;o de diplomas de <span id=\"urn:enhancement-f0411898-7445-42e9-a588-19a25a596032\" class=\"textannotation disambiguated wl-creative-work\" itemid=\"https:\/\/data.wordlift.io\/wl106637\/entity\/medicina\">medicina<\/span>, conhecido como <strong><span id=\"urn:enhancement-2033aed1-71f8-43c2-aac5-7d58e113e698\" class=\"textannotation disambiguated wl-thing\" itemid=\"https:\/\/data.wordlift.io\/wl106637\/entity\/revalida-18038\">Revalida<\/span><\/strong>, &eacute; realizado por escolas m&eacute;dicas brasileiras ap&oacute;s a aprova&ccedil;&atilde;o de exame de sufici&ecirc;ncia <span id=\"urn:enhancement-17bcd205-548a-4b02-b0c9-0efd7aaace88\" class=\"textannotation disambiguated wl-thing\" itemid=\"https:\/\/data.wordlift.io\/wl106637\/entity\/medicos\">m&eacute;dica<\/span>. Atualmente, o <span id=\"urn:enhancement-b39fdc63-a7f7-4daf-aa52-500ac0ea3a80\" class=\"textannotation disambiguated wl-organization\" itemid=\"https:\/\/data.wordlift.io\/wl106637\/entity\/instituto-nacional-de-estudos-e-pesquisas-educacionais-anisio-teixeira\">Instituto Nacional de Estudos e Pesquisas Educacionais An&iacute;sio Teixeira<\/span> (<span id=\"urn:enhancement-46308984-d6ef-46ad-86c0-7e57a958ed30\" class=\"textannotation disambiguated wl-thing\" itemid=\"https:\/\/data.wordlift.io\/wl106637\/entity\/inep-18044\">Inep<\/span>) aplica a prova <span id=\"urn:enhancement-68b5cad3-d7c1-4957-9b4c-d4f910184e12\" class=\"textannotation disambiguated wl-thing\" itemid=\"https:\/\/data.wordlift.io\/wl106637\/entity\/revalida-18038\">Revalida<\/span> semestralmente e &eacute; refer&ecirc;ncia neste tipo de exame. <\/p><p class=\"wp-block-paragraph\">A nova medida prev&ecirc;, tamb&eacute;m, mudan&ccedil;as no <a href=\"https:\/\/med.estrategia.com\/portal\/revalida\/prova-revalida-tudo-sobre\/\">calend&aacute;rio do Revalida Inep<\/a>, que passa de <strong>semestral para quadrimestral<\/strong>. A inten&ccedil;&atilde;o &eacute; <strong>ampliar a oportunidade<\/strong> dos <span id=\"urn:enhancement-3f6ade7d-dd1a-451a-b0bb-2c7cd284b22c\" class=\"textannotation disambiguated wl-thing\" itemid=\"https:\/\/data.wordlift.io\/wl106637\/entity\/medicos\">m&eacute;dicos<\/span> estrangeiros e brasileiros formados no exterior de revalidarem os seus diplomas no Brasil. <\/p><div id=\"ez-toc-container\" class=\"ez-toc-v2_0_86 counter-hierarchy ez-toc-counter ez-toc-transparent ez-toc-container-direction\">\n<div class=\"ez-toc-title-container\"><p class=\"ez-toc-title\" style=\"cursor:inherit\">Navegue pelo conte\u00fado<\/p>\n<\/div><nav><ul class='ez-toc-list ez-toc-list-level-1 ' ><li class='ez-toc-page-1 ez-toc-heading-level-2'><a class=\"ez-toc-link ez-toc-heading-1\" href=\"https:\/\/med.estrategia.com\/portal\/maismedicos\/mais-medicos-aprovado-no-senado\/#Mais-Medicos\" >Mais M&eacute;dicos&nbsp;<\/a><\/li><li class='ez-toc-page-1 ez-toc-heading-level-2'><a class=\"ez-toc-link ez-toc-heading-2\" href=\"https:\/\/med.estrategia.com\/portal\/maismedicos\/mais-medicos-aprovado-no-senado\/#Edital-Mais-Medicos\" >Edital Mais M&eacute;dicos<\/a><\/li><\/ul><\/nav><\/div>\n<h2 class=\"wp-block-heading\" id=\"h-mais-medicos\"><span class=\"ez-toc-section\" id=\"Mais-Medicos\"><\/span>Mais M&eacute;dicos&nbsp;<span class=\"ez-toc-section-end\"><\/span><\/h2><p class=\"wp-block-paragraph\">O <span id=\"urn:enhancement-5bdbadf4-2a62-4fff-b392-cdc0298f12c9\" class=\"textannotation disambiguated wl-thing\" itemid=\"https:\/\/data.wordlift.io\/wl106637\/entity\/programa-mais-medicos\">programa Mais M&eacute;dicos<\/span> comp&otilde;e um conjunto de a&ccedil;&otilde;es e iniciativas do governo federal para o fortalecimento da <span id=\"urn:enhancement-b1cee953-93a9-4a85-ae2b-0c5589b3c37a\" class=\"textannotation disambiguated wl-thing\" itemid=\"https:\/\/data.wordlift.io\/wl106637\/entity\/atencao-primaria-a-saude\">Aten&ccedil;&atilde;o Prim&aacute;ria &agrave; Sa&uacute;de<\/span>, que &eacute; a&nbsp;<strong>porta de entrada preferencial ao <span id=\"urn:enhancement-03d77e44-f1be-43de-9b97-7b8e38df163d\" class=\"textannotation disambiguated wl-thing\" itemid=\"https:\/\/data.wordlift.io\/wl106637\/entity\/sistema-unico-de-saude\">SUS<\/span><\/strong>. A APS est&aacute; presente em todos os munic&iacute;pios e pr&oacute;xima de todas as comunidades.&nbsp;<\/p><p class=\"wp-block-paragraph\">O <span id=\"urn:enhancement-702f8fe3-004d-40a9-9b8c-858d35693fde\" class=\"textannotation disambiguated wl-thing\" itemid=\"https:\/\/data.wordlift.io\/wl106637\/entity\/programa-mais-medicos\">Mais M&eacute;dicos<\/span> foi lan&ccedil;ado em 2013, mas passou por uma&nbsp;<strong>reformula&ccedil;&atilde;o e foi relan&ccedil;ado em 2023<\/strong>. Segundo o <span id=\"urn:enhancement-347d2a43-2554-46a5-bd7c-3d7567d0874c\" class=\"textannotation disambiguated wl-organization\" itemid=\"https:\/\/data.wordlift.io\/wl106637\/entity\/ministerio-da-saude\">Minist&eacute;rio da Sa&uacute;de<\/span>, o programa trabalha sob tr&ecirc;s pilares: a estrat&eacute;gia de contrata&ccedil;&atilde;o emergencial de <span id=\"urn:enhancement-d29e1a1d-58e2-4f67-a666-36270bde4647\" class=\"textannotation disambiguated wl-thing\" itemid=\"https:\/\/data.wordlift.io\/wl106637\/entity\/medicos\">m&eacute;dicos<\/span>; a expans&atilde;o do n&uacute;mero de vagas para os cursos de <span id=\"urn:enhancement-738ae42d-2596-45b2-a8c8-ec84efce6805\" class=\"textannotation disambiguated wl-creative-work\" itemid=\"https:\/\/data.wordlift.io\/wl106637\/entity\/medicina\">medicina<\/span> e <span id=\"urn:enhancement-5c9898cb-e6cf-40ef-b094-6a85a2e42a13\" class=\"textannotation disambiguated wl-thing\" itemid=\"https:\/\/data.wordlift.io\/wl106637\/entity\/residencia-medica\">resid&ecirc;ncia m&eacute;dica<\/span> em v&aacute;rias regi&otilde;es do pa&iacute;s; e a implanta&ccedil;&atilde;o de um novo curr&iacute;culo com forma&ccedil;&atilde;o voltada para o&nbsp;<strong>atendimento mais humanizado<\/strong>, com foco na valoriza&ccedil;&atilde;o da Aten&ccedil;&atilde;o B&aacute;sica, al&eacute;m de a&ccedil;&otilde;es voltadas &agrave; infraestrutura das Unidades B&aacute;sicas de Sa&uacute;de.<\/p><p>\n\n\n<div id=\"new-form\">\n\t<form id=\"forms_layout\">\n\t<input type=\"hidden\" id=\"chave_de\" name=\"chave_de\" value=\"01_EMED_LEADS_TOTAIS\" \/>\n\t\t<input type=\"hidden\" id=\"mid\" name=\"mid\" value=\"515009018\" \/>\n\t\t<input type=\"hidden\" id=\"Objetivo\" name=\"Objetivo\" value=\"Medicina\" \/>\n\t\t<input type=\"hidden\" id=\"Estado_de_Origem_do_IP\" name=\"Estado_de_Origem_do_IP\"  value=\"\" \/>\n\t\t<input type=\"hidden\" id=\"Cidade_de_Origem_do_IP\" name=\"Cidade_de_Origem_do_IP\" value=\"\" \/>\n\t\t<input type=\"hidden\" id=\"Modo_de_entrada\" name=\"Modo_de_entrada\" value=\"Portal\" \/>\n\t\t<input type=\"hidden\" id=\"Pagina_Origem\" name=\"Pagina_Origem\" value=\"\" \/>\n\n\t\t<div class=\"texto\">\n\t\t\t<h3 class=\"news\">Inscreva-se em nossa newsletter!<\/h3>\n\t\t\t<p>Receba not\u00edcias sobre resid\u00eancia m\u00e9dica, revalida\u00e7\u00e3o de diplomas e concursos m\u00e9dicos, al\u00e9m de materiais de estudo gratuitos e informa\u00e7\u00f5es relevantes do mundo da Medicina.<\/p>\n\t\t<\/div>\n\t\t<div class=\"campos\">\n\t\t\t<div class=\"first_name labels\">\n\t\t\t\t<input type=\"text\" class=\"input_labels\" id=\"first_name\" name=\"Nome_Completo\" placeholder=\"Nome\" required \/>\n\t\t\t<\/div>\n\t\t\t<div class=\"email labels\">\n\t\t\t\t<input type=\"email\" class=\"input_labels\" id=\"email\" name=\"Email\" placeholder=\"E-mail\" required \/>\n\t\t\t<\/div>\n\t\t\t<button type=\"submit\" class=\"button_layout\">\n\t\t\t\t<div id=\"lblBotao\">Inscreva-se<\/div>\n\t\t\t\t<span id=\"divSpiner\" class=\"loader\" role=\"status\" style=\"display: none;\"><\/span>\t\n\t\t\t<\/button>\n\t\t<\/div><!-- \/campos -->\n\t\t\n\t\t<label class=\"container_checkbox\">Voc\u00ea concorda com a nossa\n\t\t\t<a class=\"politics_privacy_ahref\" target=\"_blank\" href=\"https:\/\/gratis.estrategiaconcursos.com.br\/politica-de-privacidade\/\">Pol\u00edtica de Privacidade<\/a> e aceita receber informa\u00e7\u00f5es adicionais do Estrat\u00e9gia Educacional.\n\t\t\t<input id=\"checkbox_layout\" type=\"checkbox\" checked=\"checked\" required \/>\n\t\t\t<span class=\"checkbox\"><\/span>\n\t\t<\/label>\n\t\t<div id=\"msg\"><\/div>\n\t\t<div id=\"error\" class=\"error\">\n\t\t<\/div>\n\t<\/form>\n<\/div><!-- \/new-form -->\n\n\n\n<\/p><h2 class=\"wp-block-heading\"><span class=\"ez-toc-section\" id=\"Edital-Mais-Medicos\"><\/span>Edital Mais M&eacute;dicos<span class=\"ez-toc-section-end\"><\/span><\/h2><p class=\"wp-block-paragraph\">No &uacute;ltimo edital divulgado com foco nos participantes, <strong>6.147 vagas<\/strong> foram ofertadas e, ao todo, <strong>34.070 candidatos tiveram sua inscri&ccedil;&atilde;o validada<\/strong>. Foram 19.652 partipantes do perfil 1 (<span id=\"urn:enhancement-58c72954-e85e-481b-93d7-7fd637b9aefe\" class=\"textannotation disambiguated wl-thing\" itemid=\"https:\/\/data.wordlift.io\/wl106637\/entity\/medicos\">m&eacute;dicos<\/span> com registro no <span id=\"urn:enhancement-f8a2f7df-c507-42dc-8933-3fca31b7ceb5\" class=\"textannotation disambiguated wl-thing\" itemid=\"https:\/\/data.wordlift.io\/wl106637\/entity\/crm\">CRM<\/span>), 10.523 do perfil 2 (<span id=\"urn:enhancement-2049e6f5-b675-4e92-b916-0c914b239d61\" class=\"textannotation disambiguated wl-thing\" itemid=\"https:\/\/data.wordlift.io\/wl106637\/entity\/medicos\">m&eacute;dicos<\/span> brasileiros habilitados para atuar no exterior) e 3.895 do perfil 3 (<span id=\"urn:enhancement-c8bfddef-253f-4654-8d7d-2a75421eb752\" class=\"textannotation disambiguated wl-thing\" itemid=\"https:\/\/data.wordlift.io\/wl106637\/entity\/medicos\">m&eacute;dicos<\/span> estrangeiros habilitados para atuar no exterior). <\/p><p class=\"wp-block-verse\">Quer saber mais sobre o edital do 28&ordm; ciclo do Mais M&eacute;dicos? Confira: <a href=\"https:\/\/med.estrategia.com\/portal\/noticias\/inscricoes-mais-medicos-2023\/\" target=\"_blank\">Edital do Mais M&eacute;dicos publicado<\/a><\/p><p class=\"wp-block-paragraph\">Acompanhe as not&iacute;cias sobre o universo da <span id=\"urn:enhancement-38483b0d-ea38-420f-959d-efc07ffda042\" class=\"textannotation disambiguated wl-creative-work\" itemid=\"https:\/\/data.wordlift.io\/wl106637\/entity\/medicina\">medicina<\/span> no Portal do <span id=\"urn:enhancement-a0e00d9d-cdc3-4d7a-94a5-44b17c167b0e\" class=\"textannotation disambiguated wl-organization\" itemid=\"https:\/\/data.wordlift.io\/wl106637\/entity\/estrategia_med\">Estrat&eacute;gia MED<\/span>. Conhe&ccedil;a nossos preparat&oacute;rios para provas de <span id=\"urn:enhancement-ec833d28-97f1-4d31-a187-3c368c842da1\" class=\"textannotation disambiguated wl-thing\" itemid=\"https:\/\/data.wordlift.io\/wl106637\/entity\/residencia-medica\">resid&ecirc;ncia m&eacute;dica<\/span>, revalida&ccedil;&atilde;o de diplomas e concursos p&uacute;blicos da &aacute;rea clicando na imagem a seguir: <\/p><p class=\"wp-block-paragraph\"><a id=\"cta\" class=\"cta-imagem\" href=\"https:\/\/med.estrategia.com\/curso\/banco-de-questes-resumos-estrategicos-anual\/\" target=\"blank\">\n                <img decoding=\"async\" width=\"100%\" src=\"https:\/\/med.estrategia.com\/portal\/wp-content\/uploads\/2025\/08\/banco_questoes.png\" alt=\"banco_questoes\" title=\"banco_questoes\">\n        <\/a>\n\n\n\n<\/p><p class=\"wp-block-paragraph\"><\/p><\/p>\n","protected":false},"excerpt":{"rendered":"O projeto de lei de convers\u00e3o da Medida Provis\u00f3ria que institui as novas regras do Mais M\u00e9dicos foi aprovado pelo Senado e agora segue para san\u00e7\u00e3o presidencial\n","protected":false},"author":28,"featured_media":39242,"comment_status":"closed","ping_status":"closed","sticky":false,"template":"","format":"standard","meta":{"footnotes":""},"categories":[473],"tags":[],"class_list":["post-41448","post","type-post","status-publish","format-standard","has-post-thumbnail","category-maismedicos"],"acf":[],"yoast_head":"<!-- This site is optimized with the Yoast SEO Premium plugin v26.6 (Yoast SEO v26.6) - https:\/\/yoast.com\/wordpress\/plugins\/seo\/ -->\n<title>Senado aprova MP do Mais M\u00e9dicos<\/title>\n<meta name=\"description\" content=\"O projeto de lei de convers\u00e3o da Medida Provis\u00f3ria que institui as novas regras do Mais M\u00e9dicos foi aprovado pelo Senado.\" \/>\n<meta name=\"robots\" content=\"index, follow, max-snippet:-1, max-image-preview:large, max-video-preview:-1\" \/>\n<link rel=\"canonical\" href=\"https:\/\/med.estrategia.com\/portal\/maismedicos\/mais-medicos-aprovado-no-senado\/\" \/>\n<meta property=\"og:locale\" content=\"pt_BR\" \/>\n<meta property=\"og:type\" content=\"article\" \/>\n<meta property=\"og:title\" content=\"Senado aprova MP do Mais M\u00e9dicos\" \/>\n<meta property=\"og:description\" content=\"O projeto de lei de convers\u00e3o da Medida Provis\u00f3ria que institui as novas regras do Mais M\u00e9dicos foi aprovado pelo Senado.\" \/>\n<meta property=\"og:url\" content=\"https:\/\/med.estrategia.com\/portal\/maismedicos\/mais-medicos-aprovado-no-senado\/\" \/>\n<meta property=\"og:site_name\" content=\"Estrat\u00e9gia MED\" \/>\n<meta property=\"article:publisher\" content=\"https:\/\/www.facebook.com\/estrategiamed1\" \/>\n<meta property=\"article:published_time\" content=\"2023-06-20T22:12:21+00:00\" \/>\n<meta property=\"article:modified_time\" content=\"2023-08-07T22:05:12+00:00\" \/>\n<meta property=\"og:image\" content=\"https:\/\/cdn.medblog.estrategiaeducacional.com.br\/wp-content\/uploads\/2023\/05\/vac_abr_1911187238.jpg\" \/>\n\t<meta property=\"og:image:width\" content=\"1024\" \/>\n\t<meta property=\"og:image:height\" content=\"768\" \/>\n\t<meta property=\"og:image:type\" content=\"image\/jpeg\" \/>\n<meta name=\"author\" content=\"Mara Rodrigues\" \/>\n<meta name=\"twitter:card\" content=\"summary_large_image\" \/>\n<meta name=\"twitter:creator\" content=\"@estrategiamed_\" \/>\n<meta name=\"twitter:site\" content=\"@estrategiamed_\" \/>\n<meta name=\"twitter:label1\" content=\"Escrito por\" \/>\n\t<meta name=\"twitter:data1\" content=\"Mara Rodrigues\" \/>\n\t<meta name=\"twitter:label2\" content=\"Est. tempo de leitura\" \/>\n\t<meta name=\"twitter:data2\" content=\"3 minutos\" \/>\n<script type=\"application\/ld+json\" class=\"yoast-schema-graph\">{\"@context\":\"https:\/\/schema.org\",\"@graph\":[{\"@type\":\"WebPage\",\"@id\":\"https:\/\/med.estrategia.com\/portal\/maismedicos\/mais-medicos-aprovado-no-senado\/\",\"url\":\"https:\/\/med.estrategia.com\/portal\/maismedicos\/mais-medicos-aprovado-no-senado\/\",\"name\":\"Senado aprova MP do Mais M\u00e9dicos\",\"isPartOf\":{\"@id\":\"https:\/\/med.estrategia.com\/portal\/#website\"},\"primaryImageOfPage\":{\"@id\":\"https:\/\/med.estrategia.com\/portal\/maismedicos\/mais-medicos-aprovado-no-senado\/#primaryimage\"},\"image\":{\"@id\":\"https:\/\/med.estrategia.com\/portal\/maismedicos\/mais-medicos-aprovado-no-senado\/#primaryimage\"},\"thumbnailUrl\":\"https:\/\/med.estrategia.com\/portal\/wp-content\/uploads\/2023\/05\/vac_abr_1911187238.jpg\",\"datePublished\":\"2023-06-20T22:12:21+00:00\",\"dateModified\":\"2023-08-07T22:05:12+00:00\",\"author\":{\"@id\":\"https:\/\/med.estrategia.com\/portal\/#\/schema\/person\/470bd4c35f40db00b82b142e61897777\"},\"description\":\"O projeto de lei de convers\u00e3o da Medida Provis\u00f3ria que institui as novas regras do Mais M\u00e9dicos foi aprovado pelo Senado.\",\"breadcrumb\":{\"@id\":\"https:\/\/med.estrategia.com\/portal\/maismedicos\/mais-medicos-aprovado-no-senado\/#breadcrumb\"},\"inLanguage\":\"pt-BR\",\"potentialAction\":[{\"@type\":\"ReadAction\",\"target\":[\"https:\/\/med.estrategia.com\/portal\/maismedicos\/mais-medicos-aprovado-no-senado\/\"]}]},{\"@type\":\"ImageObject\",\"inLanguage\":\"pt-BR\",\"@id\":\"https:\/\/med.estrategia.com\/portal\/maismedicos\/mais-medicos-aprovado-no-senado\/#primaryimage\",\"url\":\"https:\/\/med.estrategia.com\/portal\/wp-content\/uploads\/2023\/05\/vac_abr_1911187238.jpg\",\"contentUrl\":\"https:\/\/med.estrategia.com\/portal\/wp-content\/uploads\/2023\/05\/vac_abr_1911187238.jpg\",\"width\":1024,\"height\":768,\"caption\":\"Cr\u00e9ditos: Valter Campanato\/Ag\u00eancia Brasil\"},{\"@type\":\"BreadcrumbList\",\"@id\":\"https:\/\/med.estrategia.com\/portal\/maismedicos\/mais-medicos-aprovado-no-senado\/#breadcrumb\",\"itemListElement\":[{\"@type\":\"ListItem\",\"position\":1,\"name\":\"Home\",\"item\":\"https:\/\/med.estrategia.com\/portal\/\"},{\"@type\":\"ListItem\",\"position\":2,\"name\":\"Mais M\u00e9dicos\",\"item\":\"https:\/\/med.estrategia.com\/portal\/maismedicos\/\"},{\"@type\":\"ListItem\",\"position\":3,\"name\":\"Senado aprova MP do Mais M\u00e9dicos\"}]},{\"@type\":\"WebSite\",\"@id\":\"https:\/\/med.estrategia.com\/portal\/#website\",\"url\":\"https:\/\/med.estrategia.com\/portal\/\",\"name\":\"Estrat\u00e9gia MED\",\"description\":\"\",\"potentialAction\":[{\"@type\":\"SearchAction\",\"target\":{\"@type\":\"EntryPoint\",\"urlTemplate\":\"https:\/\/med.estrategia.com\/portal\/?s={search_term_string}\"},\"query-input\":{\"@type\":\"PropertyValueSpecification\",\"valueRequired\":true,\"valueName\":\"search_term_string\"}}],\"inLanguage\":\"pt-BR\"},{\"@type\":\"Person\",\"@id\":\"https:\/\/med.estrategia.com\/portal\/#\/schema\/person\/470bd4c35f40db00b82b142e61897777\",\"name\":\"Mara Rodrigues\",\"image\":{\"@type\":\"ImageObject\",\"inLanguage\":\"pt-BR\",\"@id\":\"https:\/\/med.estrategia.com\/portal\/#\/schema\/person\/image\/\",\"url\":\"https:\/\/secure.gravatar.com\/avatar\/79d4f231a6e60be68607b8ab06bab1e11881e6ff2bf24d5decfa2e455a055ef6?s=96&d=mm&r=g\",\"contentUrl\":\"https:\/\/secure.gravatar.com\/avatar\/79d4f231a6e60be68607b8ab06bab1e11881e6ff2bf24d5decfa2e455a055ef6?s=96&d=mm&r=g\",\"caption\":\"Mara Rodrigues\"},\"description\":\"Cientista Social e Mestre em Filosofia (Estudos Culturais). Pesquisadora dos temas Sa\u00fade e Meio Ambiente, Ci\u00eancias Sociais e Sa\u00fade, Educa\u00e7\u00e3o M\u00e9dica e Pol\u00edticas P\u00fablicas em Sa\u00fade.\",\"sameAs\":[\"https:\/\/www.linkedin.com\/in\/jocimara\/\"],\"url\":\"https:\/\/med.estrategia.com\/portal\/author\/jocimara-souza\/\"}]}<\/script>\n<!-- \/ Yoast SEO Premium plugin. -->","yoast_head_json":{"title":"Senado aprova MP do Mais M\u00e9dicos","description":"O projeto de lei de convers\u00e3o da Medida Provis\u00f3ria que institui as novas regras do Mais M\u00e9dicos foi aprovado pelo Senado.","robots":{"index":"index","follow":"follow","max-snippet":"max-snippet:-1","max-image-preview":"max-image-preview:large","max-video-preview":"max-video-preview:-1"},"canonical":"https:\/\/med.estrategia.com\/portal\/maismedicos\/mais-medicos-aprovado-no-senado\/","og_locale":"pt_BR","og_type":"article","og_title":"Senado aprova MP do Mais M\u00e9dicos","og_description":"O projeto de lei de convers\u00e3o da Medida Provis\u00f3ria que institui as novas regras do Mais M\u00e9dicos foi aprovado pelo Senado.","og_url":"https:\/\/med.estrategia.com\/portal\/maismedicos\/mais-medicos-aprovado-no-senado\/","og_site_name":"Estrat\u00e9gia MED","article_publisher":"https:\/\/www.facebook.com\/estrategiamed1","article_published_time":"2023-06-20T22:12:21+00:00","article_modified_time":"2023-08-07T22:05:12+00:00","og_image":[{"width":1024,"height":768,"url":"https:\/\/cdn.medblog.estrategiaeducacional.com.br\/wp-content\/uploads\/2023\/05\/vac_abr_1911187238.jpg","type":"image\/jpeg"}],"author":"Mara Rodrigues","twitter_card":"summary_large_image","twitter_creator":"@estrategiamed_","twitter_site":"@estrategiamed_","twitter_misc":{"Escrito por":"Mara Rodrigues","Est. tempo de leitura":"3 minutos"},"schema":{"@context":"https:\/\/schema.org","@graph":[{"@type":"WebPage","@id":"https:\/\/med.estrategia.com\/portal\/maismedicos\/mais-medicos-aprovado-no-senado\/","url":"https:\/\/med.estrategia.com\/portal\/maismedicos\/mais-medicos-aprovado-no-senado\/","name":"Senado aprova MP do Mais M\u00e9dicos","isPartOf":{"@id":"https:\/\/med.estrategia.com\/portal\/#website"},"primaryImageOfPage":{"@id":"https:\/\/med.estrategia.com\/portal\/maismedicos\/mais-medicos-aprovado-no-senado\/#primaryimage"},"image":{"@id":"https:\/\/med.estrategia.com\/portal\/maismedicos\/mais-medicos-aprovado-no-senado\/#primaryimage"},"thumbnailUrl":"https:\/\/med.estrategia.com\/portal\/wp-content\/uploads\/2023\/05\/vac_abr_1911187238.jpg","datePublished":"2023-06-20T22:12:21+00:00","dateModified":"2023-08-07T22:05:12+00:00","author":{"@id":"https:\/\/med.estrategia.com\/portal\/#\/schema\/person\/470bd4c35f40db00b82b142e61897777"},"description":"O projeto de lei de convers\u00e3o da Medida Provis\u00f3ria que institui as novas regras do Mais M\u00e9dicos foi aprovado pelo Senado.","breadcrumb":{"@id":"https:\/\/med.estrategia.com\/portal\/maismedicos\/mais-medicos-aprovado-no-senado\/#breadcrumb"},"inLanguage":"pt-BR","potentialAction":[{"@type":"ReadAction","target":["https:\/\/med.estrategia.com\/portal\/maismedicos\/mais-medicos-aprovado-no-senado\/"]}]},{"@type":"ImageObject","inLanguage":"pt-BR","@id":"https:\/\/med.estrategia.com\/portal\/maismedicos\/mais-medicos-aprovado-no-senado\/#primaryimage","url":"https:\/\/med.estrategia.com\/portal\/wp-content\/uploads\/2023\/05\/vac_abr_1911187238.jpg","contentUrl":"https:\/\/med.estrategia.com\/portal\/wp-content\/uploads\/2023\/05\/vac_abr_1911187238.jpg","width":1024,"height":768,"caption":"Cr\u00e9ditos: Valter Campanato\/Ag\u00eancia Brasil"},{"@type":"BreadcrumbList","@id":"https:\/\/med.estrategia.com\/portal\/maismedicos\/mais-medicos-aprovado-no-senado\/#breadcrumb","itemListElement":[{"@type":"ListItem","position":1,"name":"Home","item":"https:\/\/med.estrategia.com\/portal\/"},{"@type":"ListItem","position":2,"name":"Mais M\u00e9dicos","item":"https:\/\/med.estrategia.com\/portal\/maismedicos\/"},{"@type":"ListItem","position":3,"name":"Senado aprova MP do Mais M\u00e9dicos"}]},{"@type":"WebSite","@id":"https:\/\/med.estrategia.com\/portal\/#website","url":"https:\/\/med.estrategia.com\/portal\/","name":"Estrat\u00e9gia MED","description":"","potentialAction":[{"@type":"SearchAction","target":{"@type":"EntryPoint","urlTemplate":"https:\/\/med.estrategia.com\/portal\/?s={search_term_string}"},"query-input":{"@type":"PropertyValueSpecification","valueRequired":true,"valueName":"search_term_string"}}],"inLanguage":"pt-BR"},{"@type":"Person","@id":"https:\/\/med.estrategia.com\/portal\/#\/schema\/person\/470bd4c35f40db00b82b142e61897777","name":"Mara Rodrigues","image":{"@type":"ImageObject","inLanguage":"pt-BR","@id":"https:\/\/med.estrategia.com\/portal\/#\/schema\/person\/image\/","url":"https:\/\/secure.gravatar.com\/avatar\/79d4f231a6e60be68607b8ab06bab1e11881e6ff2bf24d5decfa2e455a055ef6?s=96&d=mm&r=g","contentUrl":"https:\/\/secure.gravatar.com\/avatar\/79d4f231a6e60be68607b8ab06bab1e11881e6ff2bf24d5decfa2e455a055ef6?s=96&d=mm&r=g","caption":"Mara Rodrigues"},"description":"Cientista Social e Mestre em Filosofia (Estudos Culturais). Pesquisadora dos temas Sa\u00fade e Meio Ambiente, Ci\u00eancias Sociais e Sa\u00fade, Educa\u00e7\u00e3o M\u00e9dica e Pol\u00edticas P\u00fablicas em Sa\u00fade.","sameAs":["https:\/\/www.linkedin.com\/in\/jocimara\/"],"url":"https:\/\/med.estrategia.com\/portal\/author\/jocimara-souza\/"}]}},"_links":{"self":[{"href":"https:\/\/med.estrategia.com\/portal\/wp-json\/wp\/v2\/posts\/41448","targetHints":{"allow":["GET"]}}],"collection":[{"href":"https:\/\/med.estrategia.com\/portal\/wp-json\/wp\/v2\/posts"}],"about":[{"href":"https:\/\/med.estrategia.com\/portal\/wp-json\/wp\/v2\/types\/post"}],"author":[{"embeddable":true,"href":"https:\/\/med.estrategia.com\/portal\/wp-json\/wp\/v2\/users\/28"}],"replies":[{"embeddable":true,"href":"https:\/\/med.estrategia.com\/portal\/wp-json\/wp\/v2\/comments?post=41448"}],"version-history":[{"count":9,"href":"https:\/\/med.estrategia.com\/portal\/wp-json\/wp\/v2\/posts\/41448\/revisions"}],"predecessor-version":[{"id":44188,"href":"https:\/\/med.estrategia.com\/portal\/wp-json\/wp\/v2\/posts\/41448\/revisions\/44188"}],"wp:featuredmedia":[{"embeddable":true,"href":"https:\/\/med.estrategia.com\/portal\/wp-json\/wp\/v2\/media\/39242"}],"wp:attachment":[{"href":"https:\/\/med.estrategia.com\/portal\/wp-json\/wp\/v2\/media?parent=41448"}],"wp:term":[{"taxonomy":"category","embeddable":true,"href":"https:\/\/med.estrategia.com\/portal\/wp-json\/wp\/v2\/categories?post=41448"},{"taxonomy":"post_tag","embeddable":true,"href":"https:\/\/med.estrategia.com\/portal\/wp-json\/wp\/v2\/tags?post=41448"}],"curies":[{"name":"wp","href":"https:\/\/api.w.org\/{rel}","templated":true}]}}