{"id":41499,"date":"2023-08-01T08:19:39","date_gmt":"2023-08-01T11:19:39","guid":{"rendered":"https:\/\/med.estrategia.com\/portal\/?p=41499"},"modified":"2023-08-07T19:05:08","modified_gmt":"2023-08-07T22:05:08","slug":"mais-medicos-divulga-resultado-final-de-nova-adesao-de-municipios","status":"publish","type":"post","link":"https:\/\/med.estrategia.com\/portal\/maismedicos\/mais-medicos-divulga-resultado-final-de-nova-adesao-de-municipios\/","title":{"rendered":"Mais M\u00e9dicos divulga resultado final de nova ades\u00e3o de Munic\u00edpios"},"content":{"rendered":"<p>Na noite da &uacute;ltima segunda-feira (31) foi publicado o <strong>resultado final <\/strong>de munic&iacute;pios participantes do Mais M&eacute;dicos. O resultado foi divulgado ap&oacute;s <a href=\"https:\/\/med.estrategia.com\/portal\/maismedicos\/mais-medicos-novo-edital-de-chamamento-publico-de-municipios\/\" target=\"_blank\">chamamento p&uacute;blico para ades&atilde;o de novas vagas<\/a>, na modalidade de coparticipa&ccedil;&atilde;o, ao <strong>Programa Mais M&eacute;dicos para o Brasil (PMMB)<\/strong>. <br><br>A divulga&ccedil;&atilde;o feita pelo Minist&eacute;rio da Sa&uacute;de atrav&eacute;s da p&aacute;gina oficial do programa conta com o <strong>resultado final das solicita&ccedil;&otilde;es de mun&iacute;cipios e seus respectivos n&uacute;meros de vagas.<\/strong> Agora, os entes federativos ter&atilde;o at&eacute; o dia 4 de agosto para confirmarem as vagas. Confira o resultado:<div class=\"wp-block-buttons is-content-justification-center is-layout-flex wp-container-core-buttons-is-layout-1 wp-block-buttons-is-layout-flex\">\n<div class=\"wp-block-button\"><a class=\"wp-block-button__link wp-element-button\" href=\"https:\/\/med.estrategia.com\/portal\/wp-content\/uploads\/2023\/08\/Resultado_final_coparticipacao.pdf\" target=\"_blank\"><strong>Resultado final &ndash; Ades&atilde;o de Vagas PMMB (Modalidade Coparticipa&ccedil;&atilde;o)<\/strong><\/a><\/div>\n\n\n\n<div class=\"wp-block-button\"><a class=\"wp-block-button__link wp-element-button\" href=\"https:\/\/med.estrategia.com\/portal\/wp-content\/uploads\/2023\/07\/Cronograma_coparticipacao_atualizado_em_28.07.2023.pdf\" target=\"_blank\"><strong>Cronograma Retificado &ndash; PMMB (Modalidade Coparticipa&ccedil;&atilde;o)<\/strong><\/a><\/div>\n<\/div><p>Os <strong>munic&iacute;pios que ainda n&atilde;o possuem o Termo de Ades&atilde;o ao Programa Mais M&eacute;dicos<\/strong> dever&atilde;o, <strong>entre os dias 7 e 14 de agosto, realizar o cadastro <\/strong>por meio do Sistema de Gest&atilde;o de Programas (SGP),<\/p><p>\n\n\n<div id=\"new-form\">\n\t<form id=\"forms_layout\">\n\t<input type=\"hidden\" id=\"chave_de\" name=\"chave_de\" value=\"01_EMED_LEADS_TOTAIS\" \/>\n\t\t<input type=\"hidden\" id=\"mid\" name=\"mid\" value=\"515009018\" \/>\n\t\t<input type=\"hidden\" id=\"Objetivo\" name=\"Objetivo\" value=\"Medicina\" \/>\n\t\t<input type=\"hidden\" id=\"Estado_de_Origem_do_IP\" name=\"Estado_de_Origem_do_IP\"  value=\"\" \/>\n\t\t<input type=\"hidden\" id=\"Cidade_de_Origem_do_IP\" name=\"Cidade_de_Origem_do_IP\" value=\"\" \/>\n\t\t<input type=\"hidden\" id=\"Modo_de_entrada\" name=\"Modo_de_entrada\" value=\"Portal\" \/>\n\t\t<input type=\"hidden\" id=\"Pagina_Origem\" name=\"Pagina_Origem\" value=\"\" \/>\n\n\t\t<div class=\"texto\">\n\t\t\t<div id=\"ez-toc-container\" class=\"ez-toc-v2_0_79_2 counter-hierarchy ez-toc-counter ez-toc-transparent ez-toc-container-direction\">\n<div class=\"ez-toc-title-container\"><p class=\"ez-toc-title\" style=\"cursor:inherit\">Navegue pelo conte\u00fado<\/p>\n<\/div><nav><ul class='ez-toc-list ez-toc-list-level-1 ' ><ul class='ez-toc-list-level-3' ><li class='ez-toc-heading-level-3'><a class=\"ez-toc-link ez-toc-heading-1\" href=\"https:\/\/med.estrategia.com\/portal\/maismedicos\/mais-medicos-divulga-resultado-final-de-nova-adesao-de-municipios\/#Inscreva-se-em-nossa-newsletter\" >Inscreva-se em nossa newsletter!<\/a><\/li><\/ul><\/li><li class='ez-toc-page-1 ez-toc-heading-level-2'><a class=\"ez-toc-link ez-toc-heading-2\" href=\"https:\/\/med.estrategia.com\/portal\/maismedicos\/mais-medicos-divulga-resultado-final-de-nova-adesao-de-municipios\/#Mais-Medicos\" >Mais M&eacute;dicos&nbsp;<\/a><\/li><\/ul><\/nav><\/div>\n<h3 class=\"news\"><span class=\"ez-toc-section\" id=\"Inscreva-se-em-nossa-newsletter\"><\/span>Inscreva-se em nossa newsletter!<span class=\"ez-toc-section-end\"><\/span><\/h3>\n\t\t\t<p>Receba not\u00edcias sobre resid\u00eancia m\u00e9dica, revalida\u00e7\u00e3o de diplomas e concursos m\u00e9dicos, al\u00e9m de materiais de estudo gratuitos e informa\u00e7\u00f5es relevantes do mundo da Medicina.<\/p>\n\t\t<\/div>\n\t\t<div class=\"campos\">\n\t\t\t<div class=\"first_name labels\">\n\t\t\t\t<input type=\"text\" class=\"input_labels\" id=\"first_name\" name=\"Nome_Completo\" placeholder=\"Nome\" required \/>\n\t\t\t<\/div>\n\t\t\t<div class=\"email labels\">\n\t\t\t\t<input type=\"email\" class=\"input_labels\" id=\"email\" name=\"Email\" placeholder=\"E-mail\" required \/>\n\t\t\t<\/div>\n\t\t\t<button type=\"submit\" class=\"button_layout\">\n\t\t\t\t<div id=\"lblBotao\">Inscreva-se<\/div>\n\t\t\t\t<span id=\"divSpiner\" class=\"loader\" role=\"status\" style=\"display: none;\"><\/span>\t\n\t\t\t<\/button>\n\t\t<\/div><!-- \/campos -->\n\t\t\n\t\t<label class=\"container_checkbox\">Voc\u00ea concorda com a nossa\n\t\t\t<a class=\"politics_privacy_ahref\" target=\"_blank\" href=\"https:\/\/gratis.estrategiaconcursos.com.br\/politica-de-privacidade\/\">Pol\u00edtica de Privacidade<\/a> e aceita receber informa\u00e7\u00f5es adicionais do Estrat\u00e9gia Educacional.\n\t\t\t<input id=\"checkbox_layout\" type=\"checkbox\" checked=\"checked\" required \/>\n\t\t\t<span class=\"checkbox\"><\/span>\n\t\t<\/label>\n\t\t<div id=\"msg\"><\/div>\n\t\t<div id=\"error\" class=\"error\">\n\t\t<\/div>\n\t<\/form>\n<\/div><!-- \/new-form -->\n\n\n\n<\/p><h2 class=\"wp-block-heading\" id=\"h-mais-medicos\"><span class=\"ez-toc-section\" id=\"Mais-Medicos\"><\/span>Mais M&eacute;dicos&nbsp;<span class=\"ez-toc-section-end\"><\/span><\/h2><p>O programa Mais M&eacute;dicos comp&otilde;e um conjunto de a&ccedil;&otilde;es e iniciativas do governo federal para o fortalecimento da Aten&ccedil;&atilde;o Prim&aacute;ria &agrave; Sa&uacute;de, que &eacute; a&nbsp;<strong>porta de entrada preferencial ao SUS<\/strong>. A APS est&aacute; presente em todos os munic&iacute;pios e pr&oacute;xima de todas as comunidades.&nbsp;<\/p><p>O Mais M&eacute;dicos foi lan&ccedil;ado em 2013, mas passou por uma&nbsp;<strong>reformula&ccedil;&atilde;o e foi relan&ccedil;ado em 2023<\/strong>. Segundo o Minist&eacute;rio da Sa&uacute;de, o programa trabalha sob tr&ecirc;s pilares: a estrat&eacute;gia de contrata&ccedil;&atilde;o emergencial de <a class=\"wl-entity-page-link\" title=\"Cl&iacute;nico\" href=\"https:\/\/med.estrategia.com\/portal\/entidade\/medicos__trashed\/\" data-id=\"\/entity\/medicos__trashed;http:\/\/dbpedia.org\/resource\/Physician;http:\/\/pt.dbpedia.org\/resource\/M&eacute;dico;http:\/\/hr.dbpedia.org\/resource\/Lije&#269;nik;http:\/\/hu.dbpedia.org\/resource\/Orvos;http:\/\/id.dbpedia.org\/resource\/Dokter;http:\/\/is.dbpedia.org\/resource\/L&aelig;knir;http:\/\/it.dbpedia.org\/resource\/Medico;http:\/\/ro.dbpedia.org\/resource\/Medic;http:\/\/ru.dbpedia.org\/resource\/&#1042;&#1088;&#1072;&#1095;;http:\/\/be.dbpedia.org\/resource\/&#1059;&#1088;&#1072;&#1095;;http:\/\/bg.dbpedia.org\/resource\/&#1051;&#1077;&#1082;&#1072;&#1088;;http:\/\/sk.dbpedia.org\/resource\/Lek&aacute;r;http:\/\/sl.dbpedia.org\/resource\/Zdravnik;http:\/\/ca.dbpedia.org\/resource\/Metge;http:\/\/sr.dbpedia.org\/resource\/&#1033;&#1077;&#1082;&#1072;&#1088;;http:\/\/sv.dbpedia.org\/resource\/L&auml;kare;http:\/\/cs.dbpedia.org\/resource\/L&eacute;ka&#345;;http:\/\/da.dbpedia.org\/resource\/L&aelig;ge;http:\/\/tr.dbpedia.org\/resource\/Doktor_(t&#305;p);http:\/\/de.dbpedia.org\/resource\/Arzt;http:\/\/lt.dbpedia.org\/resource\/Gydytojas;http:\/\/lv.dbpedia.org\/resource\/&#256;rsts;http:\/\/uk.dbpedia.org\/resource\/&#1051;&#1110;&#1082;&#1072;&#1088;;http:\/\/en.dbpedia.org\/resource\/Physician;http:\/\/es.dbpedia.org\/resource\/M&eacute;dico;http:\/\/et.dbpedia.org\/resource\/Arst;http:\/\/nl.dbpedia.org\/resource\/Arts;http:\/\/no.dbpedia.org\/resource\/Lege;http:\/\/fi.dbpedia.org\/resource\/L&auml;&auml;k&auml;ri;http:\/\/fr.dbpedia.org\/resource\/M&eacute;decin;http:\/\/pl.dbpedia.org\/resource\/Lekarz;https:\/\/data.wordlift.io\/wl106637\/entity\/medicos\">m&eacute;dicos<\/a>; a expans&atilde;o do n&uacute;mero de vagas para os cursos de medicina e <a class=\"wl-entity-page-link\" title=\"Resid&ecirc;ncia\" href=\"https:\/\/med.estrategia.com\/portal\/entidade\/residencia-medica\/\" data-id=\"\/entity\/residencia-medica;http:\/\/dbpedia.org\/resource\/Residency_(medicine);http:\/\/en.dbpedia.org\/resource\/Residency_(medicine);http:\/\/nl.dbpedia.org\/resource\/Arts-assistent;http:\/\/de.dbpedia.org\/resource\/&Auml;rztliche_Weiterbildung;http:\/\/fr.dbpedia.org\/resource\/R&eacute;sidence_(m&eacute;decine);http:\/\/lt.dbpedia.org\/resource\/Rezident&#363;ra_(studijos);http:\/\/pt.dbpedia.org\/resource\/Resid&ecirc;ncia_m&eacute;dica;http:\/\/ru.dbpedia.org\/resource\/&#1050;&#1083;&#1080;&#1085;&#1080;&#1095;&#1077;&#1089;&#1082;&#1072;&#1103;_&#1086;&#1088;&#1076;&#1080;&#1085;&#1072;&#1090;&#1091;&#1088;&#1072;;http:\/\/uk.dbpedia.org\/resource\/&#1054;&#1088;&#1076;&#1080;&#1085;&#1072;&#1090;&#1091;&#1088;&#1072;_&#1082;&#1083;&#1110;&#1085;&#1110;&#1095;&#1085;&#1072;;https:\/\/data.wordlift.io\/wl106637\/entity\/residencia-medica\">resid&ecirc;ncia m&eacute;dica<\/a> em v&aacute;rias regi&otilde;es do pa&iacute;s; e a implanta&ccedil;&atilde;o de um novo curr&iacute;culo com forma&ccedil;&atilde;o voltada para o&nbsp;<strong>atendimento mais humanizado<\/strong>, com foco na valoriza&ccedil;&atilde;o da Aten&ccedil;&atilde;o B&aacute;sica, al&eacute;m de a&ccedil;&otilde;es voltadas &agrave; infraestrutura das Unidades B&aacute;sicas de Sa&uacute;de.<\/p><p>Continue acompanhando o Portal de Not&iacute;cias do <a class=\"wl-entity-page-link\" href=\"https:\/\/med.estrategia.com\/portal\/entidade\/estrategia-med-2\/\" data-id=\"\/entity\/estrategia-med-2;https:\/\/data.wordlift.io\/wl106637\/entity\/estrategia_med\">Estrat&eacute;gia MED<\/a> para mais informa&ccedil;&otilde;es sobre o programa Mais M&eacute;dicos, processos seletivos de Resid&ecirc;ncia M&eacute;dica, Revalida&ccedil;&atilde;o de diplomas de Medicina, mais atualidades e novidades da &aacute;rea m&eacute;dica.<\/p><p>\n\n\n\n\n\n<a id=\"cta\" class=\"cta-imagem\" href=\"https:\/\/med.estrategia.com\/curso\/banco-de-questes-resumos-estrategicos-anual\/\" target=\"blank\">\n                <img decoding=\"async\" width=\"100%\" src=\"https:\/\/med.estrategia.com\/portal\/wp-content\/uploads\/2025\/08\/banco_questoes.png\" alt=\"banco_questoes\" title=\"banco_questoes\">\n        <\/a>\n\n\n<\/p><\/p>\n","protected":false},"excerpt":{"rendered":"Munic\u00edpios ter\u00e3o at\u00e9 sexta-feira (04) para realizarem a confirma\u00e7\u00e3o das vagas a serem disponibilizadas de forma imediata para chegada dos m\u00e9dicos. \n","protected":false},"author":39,"featured_media":38066,"comment_status":"closed","ping_status":"closed","sticky":false,"template":"","format":"standard","meta":{"wl_entities_gutenberg":"","footnotes":""},"categories":[473],"tags":[],"wl_entity_type":[203],"class_list":{"0":"post-41499","1":"post","2":"type-post","3":"status-publish","4":"format-standard","5":"has-post-thumbnail","7":"category-maismedicos","8":"wl_entity_type-news-article"},"acf":[],"yoast_head":"<!-- This site is optimized with the Yoast SEO Premium plugin v26.6 (Yoast SEO v26.6) - https:\/\/yoast.com\/wordpress\/plugins\/seo\/ -->\n<title>Mais M\u00e9dicos divulga resultado final de nova ades\u00e3o de Munic\u00edpios<\/title>\n<meta name=\"description\" content=\"Publicada a rela\u00e7\u00e3o de munic\u00edpios participantes do Mais M\u00e9dicos na modalidade de coparticipa\u00e7\u00e3o, confira agora mesmo!\" \/>\n<meta name=\"robots\" content=\"index, follow, max-snippet:-1, max-image-preview:large, max-video-preview:-1\" \/>\n<link rel=\"canonical\" href=\"https:\/\/med.estrategia.com\/portal\/maismedicos\/mais-medicos-divulga-resultado-final-de-nova-adesao-de-municipios\/\" \/>\n<meta property=\"og:locale\" content=\"pt_BR\" \/>\n<meta property=\"og:type\" content=\"article\" \/>\n<meta property=\"og:title\" content=\"Mais M\u00e9dicos divulga resultado final de nova ades\u00e3o de Munic\u00edpios\" \/>\n<meta property=\"og:description\" content=\"Publicada a rela\u00e7\u00e3o de munic\u00edpios participantes do Mais M\u00e9dicos na modalidade de coparticipa\u00e7\u00e3o, confira agora mesmo!\" \/>\n<meta property=\"og:url\" content=\"https:\/\/med.estrategia.com\/portal\/maismedicos\/mais-medicos-divulga-resultado-final-de-nova-adesao-de-municipios\/\" \/>\n<meta property=\"og:site_name\" content=\"Estrat\u00e9gia MED\" \/>\n<meta property=\"article:publisher\" content=\"https:\/\/www.facebook.com\/estrategiamed1\" \/>\n<meta property=\"article:published_time\" content=\"2023-08-01T11:19:39+00:00\" \/>\n<meta property=\"article:modified_time\" content=\"2023-08-07T22:05:08+00:00\" \/>\n<meta property=\"og:image\" content=\"https:\/\/cdn.medblog.estrategiaeducacional.com.br\/wp-content\/uploads\/2023\/03\/Mais-Medicos-2023.jpg\" \/>\n\t<meta property=\"og:image:width\" content=\"1280\" \/>\n\t<meta property=\"og:image:height\" content=\"720\" \/>\n\t<meta property=\"og:image:type\" content=\"image\/jpeg\" \/>\n<meta name=\"author\" content=\"Ana Carolina Damasceno\" \/>\n<meta name=\"twitter:card\" content=\"summary_large_image\" \/>\n<meta name=\"twitter:creator\" content=\"@estrategiamed_\" \/>\n<meta name=\"twitter:site\" content=\"@estrategiamed_\" \/>\n<meta name=\"twitter:label1\" content=\"Escrito por\" \/>\n\t<meta name=\"twitter:data1\" content=\"Ana Carolina Damasceno\" \/>\n\t<meta name=\"twitter:label2\" content=\"Est. tempo de leitura\" \/>\n\t<meta name=\"twitter:data2\" content=\"2 minutos\" \/>\n<script type=\"application\/ld+json\" class=\"yoast-schema-graph\">{\"@context\":\"https:\/\/schema.org\",\"@graph\":[{\"@type\":\"WebPage\",\"@id\":\"https:\/\/med.estrategia.com\/portal\/maismedicos\/mais-medicos-divulga-resultado-final-de-nova-adesao-de-municipios\/\",\"url\":\"https:\/\/med.estrategia.com\/portal\/maismedicos\/mais-medicos-divulga-resultado-final-de-nova-adesao-de-municipios\/\",\"name\":\"Mais M\u00e9dicos divulga resultado final de nova ades\u00e3o de Munic\u00edpios\",\"isPartOf\":{\"@id\":\"https:\/\/med.estrategia.com\/portal\/#website\"},\"primaryImageOfPage\":{\"@id\":\"https:\/\/med.estrategia.com\/portal\/maismedicos\/mais-medicos-divulga-resultado-final-de-nova-adesao-de-municipios\/#primaryimage\"},\"image\":{\"@id\":\"https:\/\/med.estrategia.com\/portal\/maismedicos\/mais-medicos-divulga-resultado-final-de-nova-adesao-de-municipios\/#primaryimage\"},\"thumbnailUrl\":\"https:\/\/med.estrategia.com\/portal\/wp-content\/uploads\/2023\/03\/Mais-Medicos-2023.jpg\",\"datePublished\":\"2023-08-01T11:19:39+00:00\",\"dateModified\":\"2023-08-07T22:05:08+00:00\",\"author\":{\"@id\":\"https:\/\/med.estrategia.com\/portal\/#\/schema\/person\/2f553adbb8e25fe39d145c5b2927f58c\"},\"description\":\"Publicada a rela\u00e7\u00e3o de munic\u00edpios participantes do Mais M\u00e9dicos na modalidade de coparticipa\u00e7\u00e3o, confira agora mesmo!\",\"breadcrumb\":{\"@id\":\"https:\/\/med.estrategia.com\/portal\/maismedicos\/mais-medicos-divulga-resultado-final-de-nova-adesao-de-municipios\/#breadcrumb\"},\"inLanguage\":\"pt-BR\",\"potentialAction\":[{\"@type\":\"ReadAction\",\"target\":[\"https:\/\/med.estrategia.com\/portal\/maismedicos\/mais-medicos-divulga-resultado-final-de-nova-adesao-de-municipios\/\"]}]},{\"@type\":\"ImageObject\",\"inLanguage\":\"pt-BR\",\"@id\":\"https:\/\/med.estrategia.com\/portal\/maismedicos\/mais-medicos-divulga-resultado-final-de-nova-adesao-de-municipios\/#primaryimage\",\"url\":\"https:\/\/med.estrategia.com\/portal\/wp-content\/uploads\/2023\/03\/Mais-Medicos-2023.jpg\",\"contentUrl\":\"https:\/\/med.estrategia.com\/portal\/wp-content\/uploads\/2023\/03\/Mais-Medicos-2023.jpg\",\"width\":1280,\"height\":720,\"caption\":\"Cr\u00e9ditos: Foto de divulga\u00e7\u00e3o\"},{\"@type\":\"BreadcrumbList\",\"@id\":\"https:\/\/med.estrategia.com\/portal\/maismedicos\/mais-medicos-divulga-resultado-final-de-nova-adesao-de-municipios\/#breadcrumb\",\"itemListElement\":[{\"@type\":\"ListItem\",\"position\":1,\"name\":\"Home\",\"item\":\"https:\/\/med.estrategia.com\/portal\/\"},{\"@type\":\"ListItem\",\"position\":2,\"name\":\"Mais M\u00e9dicos\",\"item\":\"https:\/\/med.estrategia.com\/portal\/maismedicos\/\"},{\"@type\":\"ListItem\",\"position\":3,\"name\":\"Mais M\u00e9dicos divulga resultado final de nova ades\u00e3o de Munic\u00edpios\"}]},{\"@type\":\"WebSite\",\"@id\":\"https:\/\/med.estrategia.com\/portal\/#website\",\"url\":\"https:\/\/med.estrategia.com\/portal\/\",\"name\":\"Estrat\u00e9gia MED\",\"description\":\"\",\"potentialAction\":[{\"@type\":\"SearchAction\",\"target\":{\"@type\":\"EntryPoint\",\"urlTemplate\":\"https:\/\/med.estrategia.com\/portal\/?s={search_term_string}\"},\"query-input\":{\"@type\":\"PropertyValueSpecification\",\"valueRequired\":true,\"valueName\":\"search_term_string\"}}],\"inLanguage\":\"pt-BR\"},{\"@type\":\"Person\",\"@id\":\"https:\/\/med.estrategia.com\/portal\/#\/schema\/person\/2f553adbb8e25fe39d145c5b2927f58c\",\"name\":\"Ana Carolina Damasceno\",\"image\":{\"@type\":\"ImageObject\",\"inLanguage\":\"pt-BR\",\"@id\":\"https:\/\/med.estrategia.com\/portal\/#\/schema\/person\/image\/\",\"url\":\"https:\/\/med.estrategia.com\/portal\/wp-content\/uploads\/2021\/09\/WhatsApp-Image-2023-08-18-at-16.46.43-150x150.jpeg\",\"contentUrl\":\"https:\/\/med.estrategia.com\/portal\/wp-content\/uploads\/2021\/09\/WhatsApp-Image-2023-08-18-at-16.46.43-150x150.jpeg\",\"caption\":\"Ana Carolina Damasceno\"},\"description\":\"Coordenadora de Jornalismo EMED. Comunicadora por natureza e forma\u00e7\u00e3o, que ama e perde a no\u00e7\u00e3o do tempo com m\u00fasica e s\u00e9rie.\",\"url\":\"https:\/\/med.estrategia.com\/portal\/author\/ana-carolina-damasceno\/\"}]}<\/script>\n<!-- \/ Yoast SEO Premium plugin. -->","yoast_head_json":{"title":"Mais M\u00e9dicos divulga resultado final de nova ades\u00e3o de Munic\u00edpios","description":"Publicada a rela\u00e7\u00e3o de munic\u00edpios participantes do Mais M\u00e9dicos na modalidade de coparticipa\u00e7\u00e3o, confira agora mesmo!","robots":{"index":"index","follow":"follow","max-snippet":"max-snippet:-1","max-image-preview":"max-image-preview:large","max-video-preview":"max-video-preview:-1"},"canonical":"https:\/\/med.estrategia.com\/portal\/maismedicos\/mais-medicos-divulga-resultado-final-de-nova-adesao-de-municipios\/","og_locale":"pt_BR","og_type":"article","og_title":"Mais M\u00e9dicos divulga resultado final de nova ades\u00e3o de Munic\u00edpios","og_description":"Publicada a rela\u00e7\u00e3o de munic\u00edpios participantes do Mais M\u00e9dicos na modalidade de coparticipa\u00e7\u00e3o, confira agora mesmo!","og_url":"https:\/\/med.estrategia.com\/portal\/maismedicos\/mais-medicos-divulga-resultado-final-de-nova-adesao-de-municipios\/","og_site_name":"Estrat\u00e9gia MED","article_publisher":"https:\/\/www.facebook.com\/estrategiamed1","article_published_time":"2023-08-01T11:19:39+00:00","article_modified_time":"2023-08-07T22:05:08+00:00","og_image":[{"width":1280,"height":720,"url":"https:\/\/cdn.medblog.estrategiaeducacional.com.br\/wp-content\/uploads\/2023\/03\/Mais-Medicos-2023.jpg","type":"image\/jpeg"}],"author":"Ana Carolina Damasceno","twitter_card":"summary_large_image","twitter_creator":"@estrategiamed_","twitter_site":"@estrategiamed_","twitter_misc":{"Escrito por":"Ana Carolina Damasceno","Est. tempo de leitura":"2 minutos"},"schema":{"@context":"https:\/\/schema.org","@graph":[{"@type":"WebPage","@id":"https:\/\/med.estrategia.com\/portal\/maismedicos\/mais-medicos-divulga-resultado-final-de-nova-adesao-de-municipios\/","url":"https:\/\/med.estrategia.com\/portal\/maismedicos\/mais-medicos-divulga-resultado-final-de-nova-adesao-de-municipios\/","name":"Mais M\u00e9dicos divulga resultado final de nova ades\u00e3o de Munic\u00edpios","isPartOf":{"@id":"https:\/\/med.estrategia.com\/portal\/#website"},"primaryImageOfPage":{"@id":"https:\/\/med.estrategia.com\/portal\/maismedicos\/mais-medicos-divulga-resultado-final-de-nova-adesao-de-municipios\/#primaryimage"},"image":{"@id":"https:\/\/med.estrategia.com\/portal\/maismedicos\/mais-medicos-divulga-resultado-final-de-nova-adesao-de-municipios\/#primaryimage"},"thumbnailUrl":"https:\/\/med.estrategia.com\/portal\/wp-content\/uploads\/2023\/03\/Mais-Medicos-2023.jpg","datePublished":"2023-08-01T11:19:39+00:00","dateModified":"2023-08-07T22:05:08+00:00","author":{"@id":"https:\/\/med.estrategia.com\/portal\/#\/schema\/person\/2f553adbb8e25fe39d145c5b2927f58c"},"description":"Publicada a rela\u00e7\u00e3o de munic\u00edpios participantes do Mais M\u00e9dicos na modalidade de coparticipa\u00e7\u00e3o, confira agora mesmo!","breadcrumb":{"@id":"https:\/\/med.estrategia.com\/portal\/maismedicos\/mais-medicos-divulga-resultado-final-de-nova-adesao-de-municipios\/#breadcrumb"},"inLanguage":"pt-BR","potentialAction":[{"@type":"ReadAction","target":["https:\/\/med.estrategia.com\/portal\/maismedicos\/mais-medicos-divulga-resultado-final-de-nova-adesao-de-municipios\/"]}]},{"@type":"ImageObject","inLanguage":"pt-BR","@id":"https:\/\/med.estrategia.com\/portal\/maismedicos\/mais-medicos-divulga-resultado-final-de-nova-adesao-de-municipios\/#primaryimage","url":"https:\/\/med.estrategia.com\/portal\/wp-content\/uploads\/2023\/03\/Mais-Medicos-2023.jpg","contentUrl":"https:\/\/med.estrategia.com\/portal\/wp-content\/uploads\/2023\/03\/Mais-Medicos-2023.jpg","width":1280,"height":720,"caption":"Cr\u00e9ditos: Foto de divulga\u00e7\u00e3o"},{"@type":"BreadcrumbList","@id":"https:\/\/med.estrategia.com\/portal\/maismedicos\/mais-medicos-divulga-resultado-final-de-nova-adesao-de-municipios\/#breadcrumb","itemListElement":[{"@type":"ListItem","position":1,"name":"Home","item":"https:\/\/med.estrategia.com\/portal\/"},{"@type":"ListItem","position":2,"name":"Mais M\u00e9dicos","item":"https:\/\/med.estrategia.com\/portal\/maismedicos\/"},{"@type":"ListItem","position":3,"name":"Mais M\u00e9dicos divulga resultado final de nova ades\u00e3o de Munic\u00edpios"}]},{"@type":"WebSite","@id":"https:\/\/med.estrategia.com\/portal\/#website","url":"https:\/\/med.estrategia.com\/portal\/","name":"Estrat\u00e9gia MED","description":"","potentialAction":[{"@type":"SearchAction","target":{"@type":"EntryPoint","urlTemplate":"https:\/\/med.estrategia.com\/portal\/?s={search_term_string}"},"query-input":{"@type":"PropertyValueSpecification","valueRequired":true,"valueName":"search_term_string"}}],"inLanguage":"pt-BR"},{"@type":"Person","@id":"https:\/\/med.estrategia.com\/portal\/#\/schema\/person\/2f553adbb8e25fe39d145c5b2927f58c","name":"Ana Carolina Damasceno","image":{"@type":"ImageObject","inLanguage":"pt-BR","@id":"https:\/\/med.estrategia.com\/portal\/#\/schema\/person\/image\/","url":"https:\/\/med.estrategia.com\/portal\/wp-content\/uploads\/2021\/09\/WhatsApp-Image-2023-08-18-at-16.46.43-150x150.jpeg","contentUrl":"https:\/\/med.estrategia.com\/portal\/wp-content\/uploads\/2021\/09\/WhatsApp-Image-2023-08-18-at-16.46.43-150x150.jpeg","caption":"Ana Carolina Damasceno"},"description":"Coordenadora de Jornalismo EMED. Comunicadora por natureza e forma\u00e7\u00e3o, que ama e perde a no\u00e7\u00e3o do tempo com m\u00fasica e s\u00e9rie.","url":"https:\/\/med.estrategia.com\/portal\/author\/ana-carolina-damasceno\/"}]}},"_wl_alt_label":[],"wl:entity_url":"\/post\/mais-medicos-divulga-resultado-final-de-nova-adesao-de-municipios","_links":{"self":[{"href":"https:\/\/med.estrategia.com\/portal\/wp-json\/wp\/v2\/posts\/41499","targetHints":{"allow":["GET"]}}],"collection":[{"href":"https:\/\/med.estrategia.com\/portal\/wp-json\/wp\/v2\/posts"}],"about":[{"href":"https:\/\/med.estrategia.com\/portal\/wp-json\/wp\/v2\/types\/post"}],"author":[{"embeddable":true,"href":"https:\/\/med.estrategia.com\/portal\/wp-json\/wp\/v2\/users\/39"}],"replies":[{"embeddable":true,"href":"https:\/\/med.estrategia.com\/portal\/wp-json\/wp\/v2\/comments?post=41499"}],"version-history":[{"count":13,"href":"https:\/\/med.estrategia.com\/portal\/wp-json\/wp\/v2\/posts\/41499\/revisions"}],"predecessor-version":[{"id":44187,"href":"https:\/\/med.estrategia.com\/portal\/wp-json\/wp\/v2\/posts\/41499\/revisions\/44187"}],"wp:featuredmedia":[{"embeddable":true,"href":"https:\/\/med.estrategia.com\/portal\/wp-json\/wp\/v2\/media\/38066"}],"wp:attachment":[{"href":"https:\/\/med.estrategia.com\/portal\/wp-json\/wp\/v2\/media?parent=41499"}],"wp:term":[{"taxonomy":"category","embeddable":true,"href":"https:\/\/med.estrategia.com\/portal\/wp-json\/wp\/v2\/categories?post=41499"},{"taxonomy":"post_tag","embeddable":true,"href":"https:\/\/med.estrategia.com\/portal\/wp-json\/wp\/v2\/tags?post=41499"},{"taxonomy":"wl_entity_type","embeddable":true,"href":"https:\/\/med.estrategia.com\/portal\/wp-json\/wp\/v2\/wl_entity_type?post=41499"}],"curies":[{"name":"wp","href":"https:\/\/api.w.org\/{rel}","templated":true}]}}