{"id":41795,"date":"2023-06-27T19:51:56","date_gmt":"2023-06-27T22:51:56","guid":{"rendered":"https:\/\/med.estrategia.com\/portal\/?p=41795"},"modified":"2023-06-30T17:14:40","modified_gmt":"2023-06-30T20:14:40","slug":"concurso-medico-campinas","status":"publish","type":"post","link":"https:\/\/med.estrategia.com\/portal\/concursos\/concurso-medico-campinas\/","title":{"rendered":"Campinas abre inscri\u00e7\u00f5es para concurso com 37 vagas para m\u00e9dicos"},"content":{"rendered":"<p>A <strong>Prefeitura de Campinas, em parceria com a <a href=\"https:\/\/www.vunesp.com.br\/PCAM2307\" target=\"_blank\">Funda&ccedil;&atilde;o VUNESP<\/a><\/strong>, banca organizadora, j&aacute; lan&ccedil;ou o <strong>edital para concurso p&uacute;blico que oferece 37 vagas para m&eacute;dicos<\/strong> atuarem no munic&iacute;pio, cidade do interior de S&atilde;o Paulo. Campinas possui 1.223.237 habitantes, segundo estimativa de 2021, do Instituto Brasileiro de Geografia e Estat&iacute;stica (IBGE).<p><strong>Os sal&aacute;rios variam entre R$ 3.332,45 e R$ 9.997,47<\/strong>, conforme a carga hor&aacute;ria que pode ser de 20, 24, 30 e 36 horas. A vaga tamb&eacute;m oferece aos aprovados <strong>outros benef&iacute;cios como pr&ecirc;mio de produtividade,<\/strong> cujos valores variam de <strong>R$ 808,89 <\/strong>a <strong>R$ 5.735,73<\/strong>, de acordo com o local e a jornada de trabalho.<\/p><div class=\"wp-block-buttons is-content-justification-center is-layout-flex wp-container-core-buttons-is-layout-1 wp-block-buttons-is-layout-flex\">\n<div class=\"wp-block-button\"><a class=\"wp-block-button__link wp-element-button\" href=\"https:\/\/med.estrategia.com\/portal\/wp-content\/uploads\/2023\/06\/concurso-medico-campinas.pdf\" target=\"_blank\">Edital &ndash; Prefeitura de Campinas<\/a><\/div>\n<\/div><div id=\"ez-toc-container\" class=\"ez-toc-v2_0_79_2 counter-hierarchy ez-toc-counter ez-toc-transparent ez-toc-container-direction\">\n<div class=\"ez-toc-title-container\"><p class=\"ez-toc-title\" style=\"cursor:inherit\">Navegue pelo conte\u00fado<\/p>\n<\/div><nav><ul class='ez-toc-list ez-toc-list-level-1 ' ><li class='ez-toc-page-1 ez-toc-heading-level-2'><a class=\"ez-toc-link ez-toc-heading-1\" href=\"https:\/\/med.estrategia.com\/portal\/concursos\/concurso-medico-campinas\/#Resumo-Edital-Prefeitura-de-Campinas-2023\" >Resumo Edital Prefeitura de Campinas 2023<\/a><\/li><li class='ez-toc-page-1 ez-toc-heading-level-2'><a class=\"ez-toc-link ez-toc-heading-2\" href=\"https:\/\/med.estrategia.com\/portal\/concursos\/concurso-medico-campinas\/#Inscricoes\" >Inscri&ccedil;&otilde;es<\/a><\/li><li class='ez-toc-page-1 ez-toc-heading-level-2'><a class=\"ez-toc-link ez-toc-heading-3\" href=\"https:\/\/med.estrategia.com\/portal\/concursos\/concurso-medico-campinas\/#Vagas\" >Vagas<\/a><\/li><li class='ez-toc-page-1 ez-toc-heading-level-2'><a class=\"ez-toc-link ez-toc-heading-4\" href=\"https:\/\/med.estrategia.com\/portal\/concursos\/concurso-medico-campinas\/#Processo-Seletivo\" >Processo Seletivo<\/a><\/li><li class='ez-toc-page-1 ez-toc-heading-level-2'><a class=\"ez-toc-link ez-toc-heading-5\" href=\"https:\/\/med.estrategia.com\/portal\/concursos\/concurso-medico-campinas\/#Resultado\" >Resultado<\/a><\/li><li class='ez-toc-page-1 ez-toc-heading-level-2'><a class=\"ez-toc-link ez-toc-heading-6\" href=\"https:\/\/med.estrategia.com\/portal\/concursos\/concurso-medico-campinas\/#Sobre-a-regiao-de-Campinas\" >Sobre a regi&atilde;o de Campinas<\/a><\/li><li class='ez-toc-page-1 ez-toc-heading-level-2'><a class=\"ez-toc-link ez-toc-heading-7\" href=\"https:\/\/med.estrategia.com\/portal\/concursos\/concurso-medico-campinas\/#Estrategia-MED-no-concurso-para-medico-em-Campinas\" >Estrat&eacute;gia MED no concurso para m&eacute;dico em Campinas<\/a><\/li><\/ul><\/nav><\/div>\n<h2 class=\"wp-block-heading\"><span class=\"ez-toc-section\" id=\"Resumo-Edital-Prefeitura-de-Campinas-2023\"><\/span>Resumo Edital Prefeitura de Campinas 2023<span class=\"ez-toc-section-end\"><\/span><\/h2><figure class=\"wp-block-table aligncenter\"><table><tbody><tr><td><strong>Vagas Ofertadas &nbsp;&nbsp;&nbsp;<\/strong><\/td><td>37<\/td><\/tr><tr><td><strong>Remunera&ccedil;&atilde;o<\/strong>&nbsp;&nbsp;&nbsp;&nbsp;<\/td><td>12h &ndash; R$ 3.332,45<br>20h &ndash; R$ 5.554,13<br>24h &ndash; R$ 6.664,94&nbsp;<br>30h &ndash; R$ 8.331,23&nbsp;<br>36h &ndash; R$ 9.997,47<br><strong>+ Pr&ecirc;mio Produtividade<\/strong>&nbsp;<\/td><\/tr><tr><td><strong>Carga Hor&aacute;ria Semanal&nbsp;&nbsp;&nbsp;&nbsp;<\/strong>&nbsp;<\/td><td>12 horas<br>20 horas<br>24 horas<br>30 horas<br>36 horas<\/td><\/tr><tr><td><strong>Composi&ccedil;&atilde;o do Processo Seletivo<\/strong><\/td><td>Prova Objetiva + Prova de T&iacute;tulo<\/td><\/tr><tr><td><strong>Taxa de Inscri&ccedil;&atilde;o<\/strong><\/td><td>R$98,80<\/td><\/tr><tr><td><strong>Solicita&ccedil;&atilde;o de Isen&ccedil;&atilde;o da Taxa &nbsp;<\/strong>&nbsp;<\/td><td>26 a 30\/06\/23<\/td><\/tr><tr><td><strong>Per&iacute;odo de inscri&ccedil;&atilde;o e envio de T&iacute;tulos<br>(T&iacute;tulos somente para o cargo de M&eacute;dico &ndash; Geral)<\/strong><\/td><td>26\/06 a 31\/07\/23<\/td><\/tr><tr><td><strong>Convoca&ccedil;&atilde;o e divulga&ccedil;&atilde;o do local de prova<\/strong><\/td><td>13\/01\/2023<\/td><\/tr><tr><td><strong>Prova Objetiva<\/strong> &nbsp;<\/td><td><strong>03\/09\/2023<\/strong><\/td><\/tr><tr><td><strong>Divulga&ccedil;&atilde;o do Caderno de Quest&otilde;es e Gabarito Preliminar<\/strong><\/td><td>04\/09\/2023<\/td><\/tr><tr><td><strong>Recursos contra quest&otilde;es e Gabarito Preliminar<\/strong> &nbsp;<\/td><td>04 e 05\/09\/2023<\/td><\/tr><tr><td><strong>Publica&ccedil;&atilde;o dos gabaritos<\/strong><\/td><td>05\/09\/2023<\/td><\/tr><tr><td><strong>RESULTADO da Prova Objetiva&nbsp;<\/strong><\/td><td>27\/09\/2023<\/td><\/tr><tr><td><strong>Recurso contra Resultado Preliminar<\/strong><\/td><td>28 e 29\/09\/23<\/td><\/tr><tr><td><strong>Vista da folha de resposta da Prova Objetiva&nbsp;<\/strong><\/td><td>28 e 29\/09\/2023<\/td><\/tr><tr><td><strong>Resultado da Prova de T&iacute;tulos para o cargo de M&eacute;dico &ndash; Geral<\/strong><\/td><td>18\/10\/2023<\/td><\/tr><tr><td><strong>Prazo de recurso contra o Resultado da Prova de T&iacute;tulos (M&eacute;dico &ndash; Geral)&nbsp;&nbsp;<\/strong><\/td><td>9 e 20\/10\/2023<\/td><\/tr><tr><td><strong>Resultado dos recursos sobre o Resultado da Prova de T&iacute;tulos + Classifica&ccedil;&atilde;o Pr&eacute;via<\/strong><\/td><td>08\/11\/2023<\/td><\/tr><tr><td><strong>Prazo de recurso contra a Classifica&ccedil;&atilde;o Pr&eacute;via<\/strong><\/td><td>09 e 10\/11\/2023<\/td><\/tr><tr><td><strong>Publica&ccedil;&atilde;o da Classifica&ccedil;&atilde;o Final&nbsp;&nbsp;<\/strong>&nbsp;<\/td><td>21\/12\/2023<\/td><\/tr><tr><td><strong>Homologa&ccedil;&atilde;o&nbsp;&nbsp;<\/strong><\/td><td>22\/12\/2023<\/td><\/tr><\/tbody><\/table><\/figure><h2 class=\"is-style-default wp-block-heading\" id=\"h-inscricoes\"><span class=\"ez-toc-section\" id=\"Inscricoes\"><\/span><strong>Inscri&ccedil;&otilde;es<\/strong><span class=\"ez-toc-section-end\"><\/span><\/h2><p>Para realizar <strong>as inscri&ccedil;&otilde;es<\/strong>, os candidatos precisam acessar o site da <a href=\"https:\/\/www.vunesp.com.br\/PCAM2307\" target=\"_blank\">Funda&ccedil;&atilde;o Vunesp<\/a>, entre os <strong>dias<\/strong> <strong>26 de junho at&eacute; o dia 31 de julho de 2023<\/strong>, e pagar <strong>a taxa de inscri&ccedil;&atilde;o que &eacute; de R$ 98,80<\/strong> para cargos na &aacute;rea m&eacute;dica.&nbsp;<\/p><p>Para os candidatos ao cargo de M&eacute;dico &ndash; Geral &eacute; preciso <strong>enviar tamb&eacute;m seus t&iacute;tulos referentes &agrave; Resid&ecirc;ncia M&eacute;dica, Especializa&ccedil;&atilde;o ou T&iacute;tulo de Especialista em Medicina de Fam&iacute;lia e Comunidade durante o mesmo per&iacute;odo,<\/strong> ou seja, de 26 de junho a 31 de julho de 2023.<\/p><p><strong>O envio da documenta&ccedil;&atilde;o deve ser feito de forma online<\/strong>; e servir&aacute; como um dos crit&eacute;rios de classifica&ccedil;&atilde;o. Portanto, a documenta&ccedil;&atilde;o precisa <strong>estar autenticada em cart&oacute;rio<\/strong>, com exce&ccedil;&atilde;o de t&iacute;tulo que comprove a conclus&atilde;o de curso de Especializa&ccedil;&atilde;o ou de Resid&ecirc;ncia M&eacute;dica, ou, ainda, T&iacute;tulo de Especialista, desde que seja em Medicina de Fam&iacute;lia e Comunidade.<\/p><h2 class=\"wp-block-heading\"><span class=\"ez-toc-section\" id=\"Vagas\"><\/span><strong>Vagas<\/strong><span class=\"ez-toc-section-end\"><\/span><\/h2><p><strong>No total, ser&atilde;o selecionados 37 m&eacute;dicos para atuar em<\/strong> local e hor&aacute;rios que ser&atilde;o determinados pela Administra&ccedil;&atilde;o Municipal.<\/p><p>Confira abaixo as especialidades previstas para contrata&ccedil;&atilde;o por esse edital:<\/p><figure class=\"wp-block-table\"><table><tbody><tr><td>Cl&iacute;nico Geral<\/td><td>30<\/td><\/tr><tr><td>Endocrinologia<\/td><td>1<\/td><\/tr><tr><td>Homeopatia<\/td><td>1<\/td><\/tr><tr><td>Medicina do Trabalho<\/td><td>2<\/td><\/tr><tr><td>Oftalmologia<\/td><td>1<\/td><\/tr><tr><td>Patologia Cl&iacute;nica e Medicina Laboratorial<\/td><td>2<\/td><\/tr><tr><td>Reumatologia<\/td><td>1<\/td><\/tr><\/tbody><\/table><\/figure><h2 class=\"wp-block-heading\"><span class=\"ez-toc-section\" id=\"Processo-Seletivo\"><\/span><strong>Processo Seletivo<\/strong><span class=\"ez-toc-section-end\"><\/span><\/h2><p>A prova est&aacute; prevista para acontecer no dia 3 de setembro de 2023 e deve conter <strong>50 quest&otilde;es<\/strong> <strong>de m&uacute;ltipla escolha<\/strong>, sendo:<\/p><ul class=\"wp-block-list\">\n<li>25 quest&otilde;es de conhecimentos gerais;<\/li>\n\n\n\n<li>25 quest&otilde;es de conhecimentos espec&iacute;ficos.<\/li>\n<\/ul><p>A Prova Objetiva ter&aacute; car&aacute;ter eliminat&oacute;rio e classificat&oacute;rio. Cada quest&atilde;o ser&aacute; composta com 5 alternativas, sendo apenas uma das alternativas a correta.<\/p><p>Somente para o cargo de <strong>M&eacute;dico &mdash; Geral<\/strong> haver&aacute;, tamb&eacute;m, <strong>uma prova de t&iacute;tulos<\/strong>, de car&aacute;ter classificat&oacute;rio, conforme os crit&eacute;rios estabelecidos no edital<strong>, valendo 10 pontos<\/strong>.&nbsp;<\/p><figure class=\"wp-block-table aligncenter\"><table><tbody><tr><td class=\"has-text-align-center\" data-align=\"center\"><strong>T&Iacute;TULO<\/strong><\/td><td class=\"has-text-align-center\" data-align=\"center\"><strong>PONTUA&Ccedil;&Atilde;O<\/strong><\/td><\/tr><tr><td class=\"has-text-align-center\" data-align=\"center\">Resid&ecirc;ncia M&eacute;dica em Medicina de Fam&iacute;lia e Comunidade ou Especializa&ccedil;&atilde;o em Medicina de Fam&iacute;lia e Comunidade ou T&iacute;tulo de Especialista em Medicina de Fam&iacute;lia e Comunidade<\/td><td class=\"has-text-align-center\" data-align=\"center\"><strong>10 pontos<\/strong> <br><br>(ser&aacute; considerado apenas um documento)<\/td><\/tr><\/tbody><\/table><\/figure><p>Para ser considerado habilitado na prova objetiva, o candidato dever&aacute; obter, nota igual ou superior a 40 (quarenta) pontos.<\/p><h2 class=\"wp-block-heading\"><span class=\"ez-toc-section\" id=\"Resultado\"><\/span><strong>Resultado<\/strong><span class=\"ez-toc-section-end\"><\/span><\/h2><p><strong>O resultado da prova objetiva<\/strong> para todos os inscritos est&aacute; previsto <strong>para o dia 27 de setembro<\/strong> e o resultado da <strong>prova de t&iacute;tulos para o cargo de M&eacute;dico &mdash; Geral<\/strong> para <strong>o dia 18 de outubro<\/strong>. A <strong>publica&ccedil;&atilde;o da classifica&ccedil;&atilde;o final<\/strong> est&aacute; prevista para <strong>o dia 21 de dezembro de 2023<\/strong>.<\/p><p>Para os candidatos que se inscreverem ao cargo de <strong>M&eacute;dico &mdash; Geral<\/strong>, o resultado contar&aacute; com a <strong>somat&oacute;ria das notas obtidas na Prova Objetiva e na Prova de T&iacute;tulos<\/strong>. J&aacute; para os demais cargos, a banca apenas avaliar&aacute; <strong>o resultado da nota obtida na Prova Objetiva<\/strong>.<\/p><p>Os candidatos poder&atilde;o interpor recurso sobre o resultado da avalia&ccedil;&atilde;o, conforme procedimentos elencados no Cap&iacute;tulo XV do <a href=\"https:\/\/dhg1h5j42swfq.cloudfront.net\/2023\/06\/21134907\/ndaynzq1nw-1.pdf\" target=\"_blank\" rel=\"noopener noreferrer\">edital.<\/a><\/p><h2 class=\"wp-block-heading\"><span class=\"ez-toc-section\" id=\"Sobre-a-regiao-de-Campinas\"><\/span><strong>Sobre a regi&atilde;o de Campinas<\/strong><span class=\"ez-toc-section-end\"><\/span><\/h2><p>Campinas est&aacute; a 90 quil&ocirc;metros de dist&acirc;ncia entre Campinas e S&atilde;o Paulo, o equivalente a cerca de uma hora de viagem. E segundo relat&oacute;rio divulgado em fevereiro de 2021, a cidade conta com <strong>142 unidades p&uacute;blicas<\/strong> sob gest&atilde;o municipal com cadastro ativo no Cadastro Nacional de Estabelecimentos de Sa&uacute;de (CNES)<strong>. Entre elas, 67 Unidades B&aacute;sicas de Sa&uacute;de e 3 hospitais gerais distribu&iacute;das em diversas regi&otilde;es da cidade.<\/strong><\/p><h2 class=\"wp-block-heading\"><span class=\"ez-toc-section\" id=\"Estrategia-MED-no-concurso-para-medico-em-Campinas\"><\/span><strong>Estrat&eacute;gia MED no concurso para m&eacute;dico em Campinas<\/strong><span class=\"ez-toc-section-end\"><\/span><\/h2><p>Aproveite e n&atilde;o deixe de acompanhar o <a href=\"https:\/\/www.youtube.com\/watch?v=cxZGj_kgvyw&amp;ab_channel=Estrat%C3%A9giaMED\" target=\"_blank\" rel=\"noopener noreferrer\"><strong>webin&aacute;rio<\/strong><\/a><strong> <\/strong>comandado pelo<strong> professor do Estrat&eacute;gia MED, Jo&atilde;o Paulo Telles, <\/strong>com informa&ccedil;&otilde;es completas sobre o concurso p&uacute;blico do munic&iacute;pio de <strong>Campinas-SP. <\/strong>A transmiss&atilde;o acontecer&aacute; em nosso <a href=\"https:\/\/www.youtube.com\/@EstrategiaMED\" target=\"_blank\" rel=\"noopener noreferrer\">canal do Youtube<\/a><strong> no dia 30 de junho de 2023, &agrave;s 18h. <\/strong>Clique na imagem a seguir e acompanhe:<\/p><figure class=\"wp-block-embed is-type-video is-provider-youtube wp-block-embed-youtube wp-embed-aspect-16-9 wp-has-aspect-ratio\"><div class=\"wp-block-embed__wrapper\">\n<div class=\"cs-embed cs-embed-responsive\"><iframe title=\"Concurso p&uacute;blico para m&eacute;dico do munic&iacute;pio de Campinas (SP)\" width=\"1200\" height=\"675\" src=\"https:\/\/www.youtube.com\/embed\/cxZGj_kgvyw?feature=oembed\" frameborder=\"0\" allow=\"accelerometer; autoplay; clipboard-write; encrypted-media; gyroscope; picture-in-picture; web-share\" referrerpolicy=\"strict-origin-when-cross-origin\" allowfullscreen><\/iframe><\/div>\n<\/div><\/figure><p>E n&atilde;o esque&ccedil;a de<strong> <\/strong>se<strong><a href=\"https:\/\/www.youtube.com\/@EstrategiaMED\" target=\"_blank\"> inscrever em nosso canal<\/a><\/strong> e ativar o sino de notifica&ccedil;&atilde;o para n&atilde;o perder nenhuma novidade sobre concursos p&uacute;blicos com cargos m&eacute;dicos, atualiza&ccedil;&otilde;es m&eacute;dicas e muito mais!<\/p><p>E com o <a href=\"https:\/\/med.estrategia.com\/curso\/sprint-concursos-medicos\/\" target=\"_blank\" rel=\"noopener noreferrer\">Sprint Concursos M&eacute;dicos do Estrat&eacute;gia MED<\/a> voc&ecirc; ter&aacute; &agrave; disposi&ccedil;&atilde;o <strong>1.500 quest&otilde;es com foco em concursos p&uacute;blicos<\/strong> com cargos m&eacute;dicos incluindo as disciplinas mais cobradas neste tipo de sele&ccedil;&atilde;o: Portugu&ecirc;s, Matem&aacute;tica, Inform&aacute;tica, Direito e claro, Medicina.<\/p><p>Conhe&ccedil;a tamb&eacute;m o nosso <a href=\"https:\/\/med.estrategia.com\/curso\/banco-de-questes-resumos-estrategicos-anual\/\" target=\"_blank\" rel=\"noopener noreferrer\">Banco de Quest&otilde;es<\/a>, que atualmente conta com mais de 189 mil quest&otilde;es cadastradas e n&atilde;o para de crescer. Vem ser coruja!<\/p><p><\/p><p>\n\n\n\n\n\n<a id=\"cta\" class=\"cta-imagem\" href=\"https:\/\/med.estrategia.com\/curso\/banco-de-questes-resumos-estrategicos-anual\/\" target=\"blank\">\n                <img decoding=\"async\" width=\"100%\" src=\"https:\/\/med.estrategia.com\/portal\/wp-content\/uploads\/2025\/08\/banco_questoes.png\" alt=\"banco_questoes\" title=\"banco_questoes\">\n        <\/a>\n<\/p><\/p>\n","protected":false},"excerpt":{"rendered":"Os candidatos interessados t\u00eam at\u00e9 o dia 31 de julho de 2023 para realizar as inscri\u00e7\u00f5es. No total, s\u00e3o 37 vagas para v\u00e1rias especialidades. \n","protected":false},"author":45,"featured_media":41820,"comment_status":"closed","ping_status":"closed","sticky":false,"template":"","format":"standard","meta":{"wl_entities_gutenberg":"","footnotes":""},"categories":[474],"tags":[],"wl_entity_type":[199],"class_list":{"0":"post-41795","1":"post","2":"type-post","3":"status-publish","4":"format-standard","5":"has-post-thumbnail","7":"category-concursos","8":"wl_entity_type-article"},"acf":[],"yoast_head":"<!-- This site is optimized with the Yoast SEO Premium plugin v26.6 (Yoast SEO v26.6) - https:\/\/yoast.com\/wordpress\/plugins\/seo\/ -->\n<title>Concurso para m\u00e9dicos em Campinas abre as inscri\u00e7\u00f5es<\/title>\n<meta name=\"description\" content=\"Campinas abre inscri\u00e7\u00f5es para concurso que vai selecionar 37 profissionais para diversas especialidades m\u00e9dicas\" \/>\n<meta name=\"robots\" content=\"index, follow, max-snippet:-1, max-image-preview:large, max-video-preview:-1\" \/>\n<link rel=\"canonical\" href=\"https:\/\/med.estrategia.com\/portal\/concursos\/concurso-medico-campinas\/\" \/>\n<meta property=\"og:locale\" content=\"pt_BR\" \/>\n<meta property=\"og:type\" content=\"article\" \/>\n<meta property=\"og:title\" content=\"Campinas abre inscri\u00e7\u00f5es para concurso com 37 vagas para m\u00e9dicos\" \/>\n<meta property=\"og:description\" content=\"Campinas abre inscri\u00e7\u00f5es para concurso que vai selecionar 37 profissionais para diversas especialidades m\u00e9dicas\" \/>\n<meta property=\"og:url\" content=\"https:\/\/med.estrategia.com\/portal\/concursos\/concurso-medico-campinas\/\" \/>\n<meta property=\"og:site_name\" content=\"Estrat\u00e9gia MED\" \/>\n<meta property=\"article:publisher\" content=\"https:\/\/www.facebook.com\/estrategiamed1\" \/>\n<meta property=\"article:published_time\" content=\"2023-06-27T22:51:56+00:00\" \/>\n<meta property=\"article:modified_time\" content=\"2023-06-30T20:14:40+00:00\" \/>\n<meta property=\"og:image\" content=\"https:\/\/cdn.medblog.estrategiaeducacional.com.br\/wp-content\/uploads\/2023\/06\/CAPAS-5.jpg\" \/>\n\t<meta property=\"og:image:width\" content=\"1920\" \/>\n\t<meta property=\"og:image:height\" content=\"1080\" \/>\n\t<meta property=\"og:image:type\" content=\"image\/jpeg\" \/>\n<meta name=\"author\" content=\"Priscila Pereira\" \/>\n<meta name=\"twitter:card\" content=\"summary_large_image\" \/>\n<meta name=\"twitter:creator\" content=\"@estrategiamed_\" \/>\n<meta name=\"twitter:site\" content=\"@estrategiamed_\" \/>\n<meta name=\"twitter:label1\" content=\"Escrito por\" \/>\n\t<meta name=\"twitter:data1\" content=\"Priscila Pereira\" \/>\n\t<meta name=\"twitter:label2\" content=\"Est. tempo de leitura\" \/>\n\t<meta name=\"twitter:data2\" content=\"5 minutos\" \/>\n<script type=\"application\/ld+json\" class=\"yoast-schema-graph\">{\"@context\":\"https:\/\/schema.org\",\"@graph\":[{\"@type\":\"WebPage\",\"@id\":\"https:\/\/med.estrategia.com\/portal\/concursos\/concurso-medico-campinas\/\",\"url\":\"https:\/\/med.estrategia.com\/portal\/concursos\/concurso-medico-campinas\/\",\"name\":\"Concurso para m\u00e9dicos em Campinas abre as inscri\u00e7\u00f5es\",\"isPartOf\":{\"@id\":\"https:\/\/med.estrategia.com\/portal\/#website\"},\"primaryImageOfPage\":{\"@id\":\"https:\/\/med.estrategia.com\/portal\/concursos\/concurso-medico-campinas\/#primaryimage\"},\"image\":{\"@id\":\"https:\/\/med.estrategia.com\/portal\/concursos\/concurso-medico-campinas\/#primaryimage\"},\"thumbnailUrl\":\"https:\/\/med.estrategia.com\/portal\/wp-content\/uploads\/2023\/06\/CAPAS-5.jpg\",\"datePublished\":\"2023-06-27T22:51:56+00:00\",\"dateModified\":\"2023-06-30T20:14:40+00:00\",\"author\":{\"@id\":\"https:\/\/med.estrategia.com\/portal\/#\/schema\/person\/d1df06a83a849b79b2d480e7d8952ce3\"},\"description\":\"Campinas abre inscri\u00e7\u00f5es para concurso que vai selecionar 37 profissionais para diversas especialidades m\u00e9dicas\",\"breadcrumb\":{\"@id\":\"https:\/\/med.estrategia.com\/portal\/concursos\/concurso-medico-campinas\/#breadcrumb\"},\"inLanguage\":\"pt-BR\",\"potentialAction\":[{\"@type\":\"ReadAction\",\"target\":[\"https:\/\/med.estrategia.com\/portal\/concursos\/concurso-medico-campinas\/\"]}]},{\"@type\":\"ImageObject\",\"inLanguage\":\"pt-BR\",\"@id\":\"https:\/\/med.estrategia.com\/portal\/concursos\/concurso-medico-campinas\/#primaryimage\",\"url\":\"https:\/\/med.estrategia.com\/portal\/wp-content\/uploads\/2023\/06\/CAPAS-5.jpg\",\"contentUrl\":\"https:\/\/med.estrategia.com\/portal\/wp-content\/uploads\/2023\/06\/CAPAS-5.jpg\",\"width\":1920,\"height\":1080,\"caption\":\"Cr\u00e9ditos: Estrat\u00e9gia MED | Imagem de Divulga\u00e7\u00e3o\"},{\"@type\":\"BreadcrumbList\",\"@id\":\"https:\/\/med.estrategia.com\/portal\/concursos\/concurso-medico-campinas\/#breadcrumb\",\"itemListElement\":[{\"@type\":\"ListItem\",\"position\":1,\"name\":\"Home\",\"item\":\"https:\/\/med.estrategia.com\/portal\/\"},{\"@type\":\"ListItem\",\"position\":2,\"name\":\"Concursos M\u00e9dicos\",\"item\":\"https:\/\/med.estrategia.com\/portal\/concursos\/\"},{\"@type\":\"ListItem\",\"position\":3,\"name\":\"Campinas abre inscri\u00e7\u00f5es para concurso com 37 vagas para m\u00e9dicos\"}]},{\"@type\":\"WebSite\",\"@id\":\"https:\/\/med.estrategia.com\/portal\/#website\",\"url\":\"https:\/\/med.estrategia.com\/portal\/\",\"name\":\"Estrat\u00e9gia MED\",\"description\":\"\",\"potentialAction\":[{\"@type\":\"SearchAction\",\"target\":{\"@type\":\"EntryPoint\",\"urlTemplate\":\"https:\/\/med.estrategia.com\/portal\/?s={search_term_string}\"},\"query-input\":{\"@type\":\"PropertyValueSpecification\",\"valueRequired\":true,\"valueName\":\"search_term_string\"}}],\"inLanguage\":\"pt-BR\"},{\"@type\":\"Person\",\"@id\":\"https:\/\/med.estrategia.com\/portal\/#\/schema\/person\/d1df06a83a849b79b2d480e7d8952ce3\",\"name\":\"Priscila Pereira\",\"image\":{\"@type\":\"ImageObject\",\"inLanguage\":\"pt-BR\",\"@id\":\"https:\/\/med.estrategia.com\/portal\/#\/schema\/person\/image\/\",\"url\":\"https:\/\/secure.gravatar.com\/avatar\/fe94f8430a1d23a69c0bc7aab6202e21?s=96&d=mm&r=g\",\"contentUrl\":\"https:\/\/secure.gravatar.com\/avatar\/fe94f8430a1d23a69c0bc7aab6202e21?s=96&d=mm&r=g\",\"caption\":\"Priscila Pereira\"},\"description\":\"Formada e p\u00f3s-graduada na \u00e1rea de comunica\u00e7\u00e3o, divido minha paix\u00e3o entre o jornalismo e os esportes\",\"url\":\"https:\/\/med.estrategia.com\/portal\/author\/priscila-pereira\/\"}]}<\/script>\n<!-- \/ Yoast SEO Premium plugin. -->","yoast_head_json":{"title":"Concurso para m\u00e9dicos em Campinas abre as inscri\u00e7\u00f5es","description":"Campinas abre inscri\u00e7\u00f5es para concurso que vai selecionar 37 profissionais para diversas especialidades m\u00e9dicas","robots":{"index":"index","follow":"follow","max-snippet":"max-snippet:-1","max-image-preview":"max-image-preview:large","max-video-preview":"max-video-preview:-1"},"canonical":"https:\/\/med.estrategia.com\/portal\/concursos\/concurso-medico-campinas\/","og_locale":"pt_BR","og_type":"article","og_title":"Campinas abre inscri\u00e7\u00f5es para concurso com 37 vagas para m\u00e9dicos","og_description":"Campinas abre inscri\u00e7\u00f5es para concurso que vai selecionar 37 profissionais para diversas especialidades m\u00e9dicas","og_url":"https:\/\/med.estrategia.com\/portal\/concursos\/concurso-medico-campinas\/","og_site_name":"Estrat\u00e9gia MED","article_publisher":"https:\/\/www.facebook.com\/estrategiamed1","article_published_time":"2023-06-27T22:51:56+00:00","article_modified_time":"2023-06-30T20:14:40+00:00","og_image":[{"width":1920,"height":1080,"url":"https:\/\/cdn.medblog.estrategiaeducacional.com.br\/wp-content\/uploads\/2023\/06\/CAPAS-5.jpg","type":"image\/jpeg"}],"author":"Priscila Pereira","twitter_card":"summary_large_image","twitter_creator":"@estrategiamed_","twitter_site":"@estrategiamed_","twitter_misc":{"Escrito por":"Priscila Pereira","Est. tempo de leitura":"5 minutos"},"schema":{"@context":"https:\/\/schema.org","@graph":[{"@type":"WebPage","@id":"https:\/\/med.estrategia.com\/portal\/concursos\/concurso-medico-campinas\/","url":"https:\/\/med.estrategia.com\/portal\/concursos\/concurso-medico-campinas\/","name":"Concurso para m\u00e9dicos em Campinas abre as inscri\u00e7\u00f5es","isPartOf":{"@id":"https:\/\/med.estrategia.com\/portal\/#website"},"primaryImageOfPage":{"@id":"https:\/\/med.estrategia.com\/portal\/concursos\/concurso-medico-campinas\/#primaryimage"},"image":{"@id":"https:\/\/med.estrategia.com\/portal\/concursos\/concurso-medico-campinas\/#primaryimage"},"thumbnailUrl":"https:\/\/med.estrategia.com\/portal\/wp-content\/uploads\/2023\/06\/CAPAS-5.jpg","datePublished":"2023-06-27T22:51:56+00:00","dateModified":"2023-06-30T20:14:40+00:00","author":{"@id":"https:\/\/med.estrategia.com\/portal\/#\/schema\/person\/d1df06a83a849b79b2d480e7d8952ce3"},"description":"Campinas abre inscri\u00e7\u00f5es para concurso que vai selecionar 37 profissionais para diversas especialidades m\u00e9dicas","breadcrumb":{"@id":"https:\/\/med.estrategia.com\/portal\/concursos\/concurso-medico-campinas\/#breadcrumb"},"inLanguage":"pt-BR","potentialAction":[{"@type":"ReadAction","target":["https:\/\/med.estrategia.com\/portal\/concursos\/concurso-medico-campinas\/"]}]},{"@type":"ImageObject","inLanguage":"pt-BR","@id":"https:\/\/med.estrategia.com\/portal\/concursos\/concurso-medico-campinas\/#primaryimage","url":"https:\/\/med.estrategia.com\/portal\/wp-content\/uploads\/2023\/06\/CAPAS-5.jpg","contentUrl":"https:\/\/med.estrategia.com\/portal\/wp-content\/uploads\/2023\/06\/CAPAS-5.jpg","width":1920,"height":1080,"caption":"Cr\u00e9ditos: Estrat\u00e9gia MED | Imagem de Divulga\u00e7\u00e3o"},{"@type":"BreadcrumbList","@id":"https:\/\/med.estrategia.com\/portal\/concursos\/concurso-medico-campinas\/#breadcrumb","itemListElement":[{"@type":"ListItem","position":1,"name":"Home","item":"https:\/\/med.estrategia.com\/portal\/"},{"@type":"ListItem","position":2,"name":"Concursos M\u00e9dicos","item":"https:\/\/med.estrategia.com\/portal\/concursos\/"},{"@type":"ListItem","position":3,"name":"Campinas abre inscri\u00e7\u00f5es para concurso com 37 vagas para m\u00e9dicos"}]},{"@type":"WebSite","@id":"https:\/\/med.estrategia.com\/portal\/#website","url":"https:\/\/med.estrategia.com\/portal\/","name":"Estrat\u00e9gia MED","description":"","potentialAction":[{"@type":"SearchAction","target":{"@type":"EntryPoint","urlTemplate":"https:\/\/med.estrategia.com\/portal\/?s={search_term_string}"},"query-input":{"@type":"PropertyValueSpecification","valueRequired":true,"valueName":"search_term_string"}}],"inLanguage":"pt-BR"},{"@type":"Person","@id":"https:\/\/med.estrategia.com\/portal\/#\/schema\/person\/d1df06a83a849b79b2d480e7d8952ce3","name":"Priscila Pereira","image":{"@type":"ImageObject","inLanguage":"pt-BR","@id":"https:\/\/med.estrategia.com\/portal\/#\/schema\/person\/image\/","url":"https:\/\/secure.gravatar.com\/avatar\/fe94f8430a1d23a69c0bc7aab6202e21?s=96&d=mm&r=g","contentUrl":"https:\/\/secure.gravatar.com\/avatar\/fe94f8430a1d23a69c0bc7aab6202e21?s=96&d=mm&r=g","caption":"Priscila Pereira"},"description":"Formada e p\u00f3s-graduada na \u00e1rea de comunica\u00e7\u00e3o, divido minha paix\u00e3o entre o jornalismo e os esportes","url":"https:\/\/med.estrategia.com\/portal\/author\/priscila-pereira\/"}]}},"_wl_alt_label":[],"wl:entity_url":"\/post\/concurso-medico-campinas","_links":{"self":[{"href":"https:\/\/med.estrategia.com\/portal\/wp-json\/wp\/v2\/posts\/41795","targetHints":{"allow":["GET"]}}],"collection":[{"href":"https:\/\/med.estrategia.com\/portal\/wp-json\/wp\/v2\/posts"}],"about":[{"href":"https:\/\/med.estrategia.com\/portal\/wp-json\/wp\/v2\/types\/post"}],"author":[{"embeddable":true,"href":"https:\/\/med.estrategia.com\/portal\/wp-json\/wp\/v2\/users\/45"}],"replies":[{"embeddable":true,"href":"https:\/\/med.estrategia.com\/portal\/wp-json\/wp\/v2\/comments?post=41795"}],"version-history":[{"count":6,"href":"https:\/\/med.estrategia.com\/portal\/wp-json\/wp\/v2\/posts\/41795\/revisions"}],"predecessor-version":[{"id":72073,"href":"https:\/\/med.estrategia.com\/portal\/wp-json\/wp\/v2\/posts\/41795\/revisions\/72073"}],"wp:featuredmedia":[{"embeddable":true,"href":"https:\/\/med.estrategia.com\/portal\/wp-json\/wp\/v2\/media\/41820"}],"wp:attachment":[{"href":"https:\/\/med.estrategia.com\/portal\/wp-json\/wp\/v2\/media?parent=41795"}],"wp:term":[{"taxonomy":"category","embeddable":true,"href":"https:\/\/med.estrategia.com\/portal\/wp-json\/wp\/v2\/categories?post=41795"},{"taxonomy":"post_tag","embeddable":true,"href":"https:\/\/med.estrategia.com\/portal\/wp-json\/wp\/v2\/tags?post=41795"},{"taxonomy":"wl_entity_type","embeddable":true,"href":"https:\/\/med.estrategia.com\/portal\/wp-json\/wp\/v2\/wl_entity_type?post=41795"}],"curies":[{"name":"wp","href":"https:\/\/api.w.org\/{rel}","templated":true}]}}