{"id":42480,"date":"2023-09-27T07:50:00","date_gmt":"2023-09-27T10:50:00","guid":{"rendered":"https:\/\/med.estrategia.com\/portal\/?p=42480"},"modified":"2024-04-17T11:34:54","modified_gmt":"2024-04-17T14:34:54","slug":"into-abre-seletivo-com-12-vagas-para-residencia-medica-2024","status":"publish","type":"post","link":"https:\/\/med.estrategia.com\/portal\/noticias\/into-abre-seletivo-com-12-vagas-para-residencia-medica-2024\/","title":{"rendered":"INTO abre seletivo com 12 vagas para Resid\u00eancia M\u00e9dica 2024"},"content":{"rendered":"<p>O <strong>Instituto Nacional de Traumatologia e Ortopedia Jamil Haddad&nbsp;(INTO)<\/strong>&nbsp;divulgou atrav&eacute;s do Di&aacute;rio Oficial da Uni&atilde;o na edi&ccedil;&atilde;o desta quarta-feira (27) o<strong> edital de seu processo seletivo<\/strong> para ingresso nos <strong>programas de resid&ecirc;ncia m&eacute;dica <\/strong>ofertados pela institui&ccedil;&atilde;o para o ano de 2024.<br><br>Com <strong>12 vagas dispon&iacute;veis<\/strong>, o processo seletivo<strong> INTO 2024 <\/strong>ser&aacute; composto por duas etapas: prova escrita e prova oral. Para garantir a inscri&ccedil;&atilde;o na sele&ccedil;&atilde;o, os interessados poder&atilde;o<strong> se inscrever entre os dias 20 de outubro e 2 de novembro de 2023<\/strong> e efetuar o pagamento da taxa de inscri&ccedil;&atilde;o no valor de R$500,00.<br><br>Confira mais detalhes sobre o edital INTO 2024 abaixo.<div id=\"ez-toc-container\" class=\"ez-toc-v2_0_79_2 counter-hierarchy ez-toc-counter ez-toc-transparent ez-toc-container-direction\">\n<div class=\"ez-toc-title-container\"><p class=\"ez-toc-title\" style=\"cursor:inherit\">Navegue pelo conte\u00fado<\/p>\n<\/div><nav><ul class='ez-toc-list ez-toc-list-level-1 ' ><li class='ez-toc-page-1 ez-toc-heading-level-2'><a class=\"ez-toc-link ez-toc-heading-1\" href=\"https:\/\/med.estrategia.com\/portal\/noticias\/into-abre-seletivo-com-12-vagas-para-residencia-medica-2024\/#Resumo-Edital-%E2%80%93-INTO-2024\" >Resumo Edital &ndash; INTO 2024<\/a><\/li><li class='ez-toc-page-1 ez-toc-heading-level-2'><a class=\"ez-toc-link ez-toc-heading-2\" href=\"https:\/\/med.estrategia.com\/portal\/noticias\/into-abre-seletivo-com-12-vagas-para-residencia-medica-2024\/#Vagas-INTO-2024\" >Vagas INTO 2024<\/a><\/li><li class='ez-toc-page-1 ez-toc-heading-level-2'><a class=\"ez-toc-link ez-toc-heading-3\" href=\"https:\/\/med.estrategia.com\/portal\/noticias\/into-abre-seletivo-com-12-vagas-para-residencia-medica-2024\/#Edital-INTO-2024\" >Edital INTO 2024<\/a><\/li><li class='ez-toc-page-1 ez-toc-heading-level-2'><a class=\"ez-toc-link ez-toc-heading-4\" href=\"https:\/\/med.estrategia.com\/portal\/noticias\/into-abre-seletivo-com-12-vagas-para-residencia-medica-2024\/#O-Instituto-Nacional-de-Traumatologia-e-Ortopedia\" >O Instituto Nacional de Traumatologia e Ortopedia<\/a><\/li><li class='ez-toc-page-1 ez-toc-heading-level-2'><a class=\"ez-toc-link ez-toc-heading-5\" href=\"https:\/\/med.estrategia.com\/portal\/noticias\/into-abre-seletivo-com-12-vagas-para-residencia-medica-2024\/#Prepare-se-para-o-INTO-2024-com-o-Estrategia-MED\" >Prepare-se para o INTO 2024 com o Estrat&eacute;gia MED<\/a><\/li><\/ul><\/nav><\/div>\n<h2 class=\"wp-block-heading\" id=\"h-resumo-edital-into-2024\"><span class=\"ez-toc-section\" id=\"Resumo-Edital-%E2%80%93-INTO-2024\"><\/span>Resumo Edital &ndash; INTO 2024<span class=\"ez-toc-section-end\"><\/span><\/h2><figure class=\"wp-block-table\"><table class=\"has-fixed-layout\"><tbody><tr><td><strong>Vagas ofertadas<\/strong><\/td><td class=\"has-text-align-center\" data-align=\"center\">10 (AD) + 2 (PR)<\/td><\/tr><tr><td><strong>Inscri&ccedil;&otilde;es<\/strong><\/td><td class=\"has-text-align-center\" data-align=\"center\">20\/10 a 02\/11\/2023<\/td><\/tr><tr><td><strong>Taxa de inscri&ccedil;&atilde;o<\/strong><\/td><td class=\"has-text-align-center\" data-align=\"center\">R$500,00<\/td><\/tr><tr><td><strong>Composi&ccedil;&atilde;o do processo seletivo<\/strong><\/td><td class=\"has-text-align-center\" data-align=\"center\">1&ordf; Fase &ndash; Prova Escrita + 2&ordf; Fase &ndash; Prova Oral<\/td><\/tr><tr><td><strong>Data da 1&ordf; Fase<\/strong><\/td><td class=\"has-text-align-center\" data-align=\"center\">09\/11\/2023<\/td><\/tr><tr><td><strong>Gabarito preliminar<\/strong><\/td><td class=\"has-text-align-center\" data-align=\"center\">09\/11\/2023<\/td><\/tr><tr><td><strong>Recursos contra gabarito<\/strong><\/td><td class=\"has-text-align-center\" data-align=\"center\">10\/11\/2023<\/td><\/tr><tr><td><strong>Divulga&ccedil;&atilde;o do Caderno de Quest&otilde;es<\/strong><\/td><td class=\"has-text-align-center\" data-align=\"center\">13\/11\/2023<\/td><\/tr><tr><td><strong>Divulga&ccedil;&atilde;o do Resultado da 1&ordf; Fase<\/strong><\/td><td class=\"has-text-align-center\" data-align=\"center\">14\/11\/2023<\/td><\/tr><tr><td><strong>Divulga&ccedil;&atilde;o do Gabarito Definitivo e dos candidatos classificados para a 2&ordf; Fase<\/strong><\/td><td class=\"has-text-align-center\" data-align=\"center\">14\/11\/2023<\/td><\/tr><tr><td><strong>Data da 2&ordf; Fase<\/strong>&nbsp;<strong>&ndash; Ortopedia e Traumatologia<\/strong><\/td><td class=\"has-text-align-center\" data-align=\"center\">28\/11\/2023<\/td><\/tr><tr><td><strong>Data da 2&ordf; Fase &ndash; Cirurgia da M&atilde;o<\/strong><\/td><td class=\"has-text-align-center\" data-align=\"center\">30\/11\/2023<\/td><\/tr><tr><td><strong>Resultado Final<\/strong><\/td><td class=\"has-text-align-center\" data-align=\"center\">06\/12\/2023<\/td><\/tr><tr><td><strong>Matr&iacute;culas<\/strong><\/td><td class=\"has-text-align-center\" data-align=\"center\">01 a 07\/02\/2024<\/td><\/tr><\/tbody><\/table><\/figure><p>Quer saber em detalhes tudo sobre o processo seletivo para resid&ecirc;ncia m&eacute;dica do INTO?&nbsp;<a href=\"https:\/\/med.estrategia.com\/portal\/residencia-medica\/instituto-nacional-de-traumatologia-e-ortopedia-residencia-medica\/\" target=\"_blank\">Clique aqui e confira o texto exclusivo<\/a>&nbsp;que preparamos para auxiliar voc&ecirc; a entender como funciona a inscri&ccedil;&atilde;o, prova, vagas ofertadas e mais do INTO 2024 para Resid&ecirc;ncia M&eacute;dica! Assine tamb&eacute;m a nossa Newsletter para receber atualiza&ccedil;&otilde;es sobre este e outros processos seletivos diretamente no seu e-mail:<\/p><p>\n\n\n<div id=\"new-form\">\n\t<form id=\"forms_layout\">\n\t<input type=\"hidden\" id=\"chave_de\" name=\"chave_de\" value=\"01_EMED_LEADS_TOTAIS\" \/>\n\t\t<input type=\"hidden\" id=\"mid\" name=\"mid\" value=\"515009018\" \/>\n\t\t<input type=\"hidden\" id=\"Objetivo\" name=\"Objetivo\" value=\"Medicina\" \/>\n\t\t<input type=\"hidden\" id=\"Estado_de_Origem_do_IP\" name=\"Estado_de_Origem_do_IP\"  value=\"\" \/>\n\t\t<input type=\"hidden\" id=\"Cidade_de_Origem_do_IP\" name=\"Cidade_de_Origem_do_IP\" value=\"\" \/>\n\t\t<input type=\"hidden\" id=\"Modo_de_entrada\" name=\"Modo_de_entrada\" value=\"Portal\" \/>\n\t\t<input type=\"hidden\" id=\"Pagina_Origem\" name=\"Pagina_Origem\" value=\"\" \/>\n\n\t\t<div class=\"texto\">\n\t\t\t<h3 class=\"news\">Inscreva-se em nossa newsletter!<\/h3>\n\t\t\t<p>Receba not\u00edcias sobre resid\u00eancia m\u00e9dica, revalida\u00e7\u00e3o de diplomas e concursos m\u00e9dicos, al\u00e9m de materiais de estudo gratuitos e informa\u00e7\u00f5es relevantes do mundo da Medicina.<\/p>\n\t\t<\/div>\n\t\t<div class=\"campos\">\n\t\t\t<div class=\"first_name labels\">\n\t\t\t\t<input type=\"text\" class=\"input_labels\" id=\"first_name\" name=\"Nome_Completo\" placeholder=\"Nome\" required \/>\n\t\t\t<\/div>\n\t\t\t<div class=\"email labels\">\n\t\t\t\t<input type=\"email\" class=\"input_labels\" id=\"email\" name=\"Email\" placeholder=\"E-mail\" required \/>\n\t\t\t<\/div>\n\t\t\t<button type=\"submit\" class=\"button_layout\">\n\t\t\t\t<div id=\"lblBotao\">Inscreva-se<\/div>\n\t\t\t\t<span id=\"divSpiner\" class=\"loader\" role=\"status\" style=\"display: none;\"><\/span>\t\n\t\t\t<\/button>\n\t\t<\/div><!-- \/campos -->\n\t\t\n\t\t<label class=\"container_checkbox\">Voc\u00ea concorda com a nossa\n\t\t\t<a class=\"politics_privacy_ahref\" target=\"_blank\" href=\"https:\/\/gratis.estrategiaconcursos.com.br\/politica-de-privacidade\/\">Pol\u00edtica de Privacidade<\/a> e aceita receber informa\u00e7\u00f5es adicionais do Estrat\u00e9gia Educacional.\n\t\t\t<input id=\"checkbox_layout\" type=\"checkbox\" checked=\"checked\" required \/>\n\t\t\t<span class=\"checkbox\"><\/span>\n\t\t<\/label>\n\t\t<div id=\"msg\"><\/div>\n\t\t<div id=\"error\" class=\"error\">\n\t\t<\/div>\n\t<\/form>\n<\/div><!-- \/new-form -->\n\n\n\n<\/p><h2 class=\"wp-block-heading\" id=\"h-vagas-into-2024\"><span class=\"ez-toc-section\" id=\"Vagas-INTO-2024\"><\/span>Vagas INTO 2024<span class=\"ez-toc-section-end\"><\/span><\/h2><figure class=\"wp-block-table\"><table><thead><tr><th>Especialidades<\/th><th class=\"has-text-align-center\" data-align=\"center\">Vagas<\/th><\/tr><\/thead><tbody><tr><td>Ortopedia e Traumatologia<\/td><td class=\"has-text-align-center\" data-align=\"center\">10<\/td><\/tr><tr><td>Cirurgia da M&atilde;o<\/td><td class=\"has-text-align-center\" data-align=\"center\">2<\/td><\/tr><\/tbody><\/table><\/figure><h2 class=\"wp-block-heading\" id=\"h-edital-into-2024\"><span class=\"ez-toc-section\" id=\"Edital-INTO-2024\"><\/span>Edital INTO 2024<span class=\"ez-toc-section-end\"><\/span><\/h2><p>Confira clicando no bot&atilde;o abaixo o edital do processo seletivo de resid&ecirc;ncia m&eacute;dica INTO 2024 divulgado no dia 27 de novembro de 2023:<\/p><div class=\"wp-block-buttons is-content-justification-center is-layout-flex wp-container-core-buttons-is-layout-1 wp-block-buttons-is-layout-flex\">\n<div class=\"wp-block-button\"><a class=\"wp-block-button__link wp-element-button\" href=\"https:\/\/med.estrategia.com\/portal\/wp-content\/uploads\/2023\/09\/into_edital2024-1.pdf\" target=\"_blank\"><strong>Edital INTO 2024<\/strong><\/a><\/div>\n<\/div><h2 class=\"wp-block-heading\" id=\"h-o-instituto-nacional-de-traumatologia-e-ortopedia\"><span class=\"ez-toc-section\" id=\"O-Instituto-Nacional-de-Traumatologia-e-Ortopedia\"><\/span>O Instituto Nacional de Traumatologia e Ortopedia<span class=\"ez-toc-section-end\"><\/span><\/h2><p>Fundado em 1973, o&nbsp;<strong><a href=\"https:\/\/med.estrategia.com\/portal\/entidade\/instituto-nacional-de-traumatologia-e-ortopedia-jamil-haddad\/\">Instituto Nacional de Traumatologia e Ortopedia Jamil Haddad<\/a>&nbsp;(INTO)<\/strong>&nbsp;&eacute; um&nbsp;&oacute;rg&atilde;o p&uacute;blico de sa&uacute;de&nbsp;que est&aacute; ligado diretamente ao Minist&eacute;rio da Sa&uacute;de (MS).<\/p><p>O instituto oferece tratamento cir&uacute;rgico ortop&eacute;dico de forma gratuita para todo pa&iacute;s, por meio do&nbsp;Sistema &Uacute;nico de Sa&uacute;de (SUS).&nbsp;O INTO &eacute; um dos 19 hospitais que est&atilde;o na&nbsp;International Society of Orthopaedic Centers (ISOC), institui&ccedil;&atilde;o que abriga os melhores centros de ortopedia do planeta.<\/p><h2 class=\"wp-block-heading\" id=\"h-prepare-se-para-o-into-2024-com-o-estrategia-med\"><span class=\"ez-toc-section\" id=\"Prepare-se-para-o-INTO-2024-com-o-Estrategia-MED\"><\/span>Prepare-se para o INTO 2024 com o Estrat&eacute;gia MED<span class=\"ez-toc-section-end\"><\/span><\/h2><p>O&nbsp;<a href=\"https:\/\/med.estrategia.com\/portal\/entidade\/estrategia-med\/\">Estrat&eacute;gia MED<\/a>&nbsp;preparou uma revis&atilde;o completa, com conte&uacute;dos espec&iacute;ficos e direcionados para a banca. Inscreva-se no nosso canal do&nbsp;<a href=\"https:\/\/med.estrategia.com\/portal\/entidade\/estrategia-med\/\" target=\"_blank\">Youtube<\/a>&nbsp;e acompanhe a transmiss&atilde;o da&nbsp;<strong>Revis&atilde;o de V&eacute;spera INTO Resid&ecirc;ncia M&eacute;dica<\/strong>&nbsp;<strong>2024<\/strong>. Confira a programa&ccedil;&atilde;o:<\/p><figure class=\"wp-block-table\"><table><thead><tr><th class=\"has-text-align-center\" data-align=\"center\"><strong>DATA<\/strong><\/th><th class=\"has-text-align-center\" data-align=\"center\"><strong>HOR&Aacute;RIO<\/strong><\/th><th class=\"has-text-align-center\" data-align=\"center\"><strong>EVENTO<\/strong><\/th><\/tr><\/thead><tbody><tr><td class=\"has-text-align-center\" data-align=\"center\"><strong>05\/11<\/strong><\/td><td class=\"has-text-align-center\" data-align=\"center\">10h &agrave;s 17h20<\/td><td class=\"has-text-align-center\" data-align=\"center\">Revis&atilde;o de V&eacute;spera INTO Resid&ecirc;ncia M&eacute;dica<\/td><\/tr><\/tbody><\/table><\/figure><p>Quer saber ainda mais sobre a sele&ccedil;&atilde;o do INTO para resid&ecirc;ncia m&eacute;dica? Dispomos abaixo alguns artigos que podem ser &uacute;teis na hora de se preparar. N&atilde;o deixe de conferir!<\/p><p class=\"wp-block-preformatted\">Tudo sobre o processo seletivo: <a href=\"https:\/\/med.estrategia.com\/portal\/residencia-medica\/instituto-nacional-de-traumatologia-e-ortopedia-residencia-medica\/\" target=\"_blank\">Instituto Nacional de Traumatologia e Ortopedia: edital resid&ecirc;ncia m&eacute;dica, nota de corte e mais<\/a><\/p><p class=\"wp-block-preformatted\">Concorr&ecirc;ncia da &uacute;ltima edi&ccedil;&atilde;o: <a href=\"https:\/\/med.estrategia.com\/portal\/residencia-medica\/concorrencia-residencia-medica\/#INTO\" target=\"_blank\">Concorr&ecirc;ncia para Resid&ecirc;ncia M&eacute;dica 2023: veja qual foi a rela&ccedil;&atilde;o candidato\/vaga das principais provas<\/a><\/p><p class=\"wp-block-preformatted\">Nota de Corte da &uacute;ltima edi&ccedil;&atilde;o: <a href=\"https:\/\/med.estrategia.com\/portal\/residencia-medica\/notas-de-corte-para-residencia-medica-2023-confira-a-relacao-no-rio-de-janeiro\/#Nota-de-Corte-do-INTO\" target=\"_blank\">Notas de Corte para Resid&ecirc;ncia M&eacute;dica 2023: confira a rela&ccedil;&atilde;o no Rio de Janeiro<\/a><\/p><p class=\"wp-block-preformatted\">Calend&aacute;rio de Provas: <a href=\"https:\/\/med.estrategia.com\/portal\/residencia-medica\/calendario-de-residencia-medica-confira-as-datas-das-proximas-provas\/\" target=\"_blank\">Resid&ecirc;ncia M&eacute;dica 2023\/2024<\/a><\/p><p>Para n&atilde;o perder nenhuma atualiza&ccedil;&atilde;o no universo da medicina e ficar por dentro dos seletivos de Resid&ecirc;ncia M&eacute;dica, de revalida&ccedil;&atilde;o de diplomas e conte&uacute;dos t&eacute;cnicos, continue acessando o&nbsp;<a href=\"https:\/\/med.estrategia.com\/portal\/\" target=\"_blank\">Portal do Estrat&eacute;gia MED<\/a>!&nbsp;<\/p><p>\n\n\n\n<a id=\"cta\" class=\"cta-imagem\" href=\"https:\/\/med.estrategia.com\/curso\/curso-intensivo-para-residencia-medica\/\" target=\"blank\">\n                <img decoding=\"async\" width=\"100%\" src=\"https:\/\/med.estrategia.com\/portal\/wp-content\/uploads\/2025\/08\/intensivo_rm.jpg\" alt=\"intensivo_rm\" title=\"intensivo_rm\">\n        <\/a>\n\n\n<\/p><\/p>\n","protected":false},"excerpt":{"rendered":"O Instituto Nacional de Traumatologia e Ortopedia Jamil Haddad&nbsp;(INTO)&nbsp;divulgou atrav&eacute;s do Di&aacute;rio Oficial da Uni&atilde;o na edi&ccedil;&atilde;o desta&hellip;\n","protected":false},"author":39,"featured_media":42315,"comment_status":"closed","ping_status":"closed","sticky":false,"template":"","format":"standard","meta":{"wl_entities_gutenberg":"","footnotes":""},"categories":[300],"tags":[520,387,521,522,95],"wl_entity_type":[199],"class_list":{"0":"post-42480","1":"post","2":"type-post","3":"status-publish","4":"format-standard","5":"has-post-thumbnail","7":"category-noticias","8":"tag-instituto-nacional-de-traumatologia-e-ortopedia","9":"tag-into","10":"tag-into-2024","11":"tag-ortopedia-e-traumatologia","12":"tag-residencia-medica","13":"wl_entity_type-article"},"acf":[],"yoast_head":"<!-- This site is optimized with the Yoast SEO Premium plugin v26.6 (Yoast SEO v26.6) - https:\/\/yoast.com\/wordpress\/plugins\/seo\/ -->\n<title>INTO abre seletivo com 12 vagas para Resid\u00eancia M\u00e9dica 2024<\/title>\n<meta name=\"description\" content=\"Saiu o edital para resid\u00eancia m\u00e9dica do INTO 2024! Confira detalhes sobre a sele\u00e7\u00e3o com o Estrat\u00e9gia MED.\" \/>\n<meta name=\"robots\" content=\"index, follow, max-snippet:-1, max-image-preview:large, max-video-preview:-1\" \/>\n<link rel=\"canonical\" href=\"https:\/\/med.estrategia.com\/portal\/noticias\/into-abre-seletivo-com-12-vagas-para-residencia-medica-2024\/\" \/>\n<meta property=\"og:locale\" content=\"pt_BR\" \/>\n<meta property=\"og:type\" content=\"article\" \/>\n<meta property=\"og:title\" content=\"INTO abre seletivo com 12 vagas para Resid\u00eancia M\u00e9dica 2024\" \/>\n<meta property=\"og:description\" content=\"Saiu o edital para resid\u00eancia m\u00e9dica do INTO 2024! Confira detalhes sobre a sele\u00e7\u00e3o com o Estrat\u00e9gia MED.\" \/>\n<meta property=\"og:url\" content=\"https:\/\/med.estrategia.com\/portal\/noticias\/into-abre-seletivo-com-12-vagas-para-residencia-medica-2024\/\" \/>\n<meta property=\"og:site_name\" content=\"Estrat\u00e9gia MED\" \/>\n<meta property=\"article:publisher\" content=\"https:\/\/www.facebook.com\/estrategiamed1\" \/>\n<meta property=\"article:published_time\" content=\"2023-09-27T10:50:00+00:00\" \/>\n<meta property=\"article:modified_time\" content=\"2024-04-17T14:34:54+00:00\" \/>\n<meta property=\"og:image\" content=\"https:\/\/med.estrategia.com\/portal\/wp-content\/uploads\/2023\/07\/INTO_edital.jpg\" \/>\n\t<meta property=\"og:image:width\" content=\"1920\" \/>\n\t<meta property=\"og:image:height\" content=\"1080\" \/>\n\t<meta property=\"og:image:type\" content=\"image\/jpeg\" \/>\n<meta name=\"author\" content=\"Ana Carolina Damasceno\" \/>\n<meta name=\"twitter:card\" content=\"summary_large_image\" \/>\n<meta name=\"twitter:creator\" content=\"@estrategiamed_\" \/>\n<meta name=\"twitter:site\" content=\"@estrategiamed_\" \/>\n<meta name=\"twitter:label1\" content=\"Escrito por\" \/>\n\t<meta name=\"twitter:data1\" content=\"Ana Carolina Damasceno\" \/>\n\t<meta name=\"twitter:label2\" content=\"Est. tempo de leitura\" \/>\n\t<meta name=\"twitter:data2\" content=\"3 minutos\" \/>\n<script type=\"application\/ld+json\" class=\"yoast-schema-graph\">{\"@context\":\"https:\/\/schema.org\",\"@graph\":[{\"@type\":\"WebPage\",\"@id\":\"https:\/\/med.estrategia.com\/portal\/noticias\/into-abre-seletivo-com-12-vagas-para-residencia-medica-2024\/\",\"url\":\"https:\/\/med.estrategia.com\/portal\/noticias\/into-abre-seletivo-com-12-vagas-para-residencia-medica-2024\/\",\"name\":\"INTO abre seletivo com 12 vagas para Resid\u00eancia M\u00e9dica 2024\",\"isPartOf\":{\"@id\":\"https:\/\/med.estrategia.com\/portal\/#website\"},\"primaryImageOfPage\":{\"@id\":\"https:\/\/med.estrategia.com\/portal\/noticias\/into-abre-seletivo-com-12-vagas-para-residencia-medica-2024\/#primaryimage\"},\"image\":{\"@id\":\"https:\/\/med.estrategia.com\/portal\/noticias\/into-abre-seletivo-com-12-vagas-para-residencia-medica-2024\/#primaryimage\"},\"thumbnailUrl\":\"https:\/\/med.estrategia.com\/portal\/wp-content\/uploads\/2023\/07\/INTO_edital.jpg\",\"datePublished\":\"2023-09-27T10:50:00+00:00\",\"dateModified\":\"2024-04-17T14:34:54+00:00\",\"author\":{\"@id\":\"https:\/\/med.estrategia.com\/portal\/#\/schema\/person\/2f553adbb8e25fe39d145c5b2927f58c\"},\"description\":\"Saiu o edital para resid\u00eancia m\u00e9dica do INTO 2024! Confira detalhes sobre a sele\u00e7\u00e3o com o Estrat\u00e9gia MED.\",\"breadcrumb\":{\"@id\":\"https:\/\/med.estrategia.com\/portal\/noticias\/into-abre-seletivo-com-12-vagas-para-residencia-medica-2024\/#breadcrumb\"},\"inLanguage\":\"pt-BR\",\"potentialAction\":[{\"@type\":\"ReadAction\",\"target\":[\"https:\/\/med.estrategia.com\/portal\/noticias\/into-abre-seletivo-com-12-vagas-para-residencia-medica-2024\/\"]}]},{\"@type\":\"ImageObject\",\"inLanguage\":\"pt-BR\",\"@id\":\"https:\/\/med.estrategia.com\/portal\/noticias\/into-abre-seletivo-com-12-vagas-para-residencia-medica-2024\/#primaryimage\",\"url\":\"https:\/\/med.estrategia.com\/portal\/wp-content\/uploads\/2023\/07\/INTO_edital.jpg\",\"contentUrl\":\"https:\/\/med.estrategia.com\/portal\/wp-content\/uploads\/2023\/07\/INTO_edital.jpg\",\"width\":1920,\"height\":1080,\"caption\":\"Estrat\u00e9gia MED | Foto de Divulga\u00e7\u00e3o: Instituto Nacional de Traumatologia e Ortopedia Jamil Haddad\"},{\"@type\":\"BreadcrumbList\",\"@id\":\"https:\/\/med.estrategia.com\/portal\/noticias\/into-abre-seletivo-com-12-vagas-para-residencia-medica-2024\/#breadcrumb\",\"itemListElement\":[{\"@type\":\"ListItem\",\"position\":1,\"name\":\"Home\",\"item\":\"https:\/\/med.estrategia.com\/portal\/\"},{\"@type\":\"ListItem\",\"position\":2,\"name\":\"Not\u00edcias\",\"item\":\"https:\/\/med.estrategia.com\/portal\/noticias\/\"},{\"@type\":\"ListItem\",\"position\":3,\"name\":\"INTO abre seletivo com 12 vagas para Resid\u00eancia M\u00e9dica 2024\"}]},{\"@type\":\"WebSite\",\"@id\":\"https:\/\/med.estrategia.com\/portal\/#website\",\"url\":\"https:\/\/med.estrategia.com\/portal\/\",\"name\":\"Estrat\u00e9gia MED\",\"description\":\"\",\"potentialAction\":[{\"@type\":\"SearchAction\",\"target\":{\"@type\":\"EntryPoint\",\"urlTemplate\":\"https:\/\/med.estrategia.com\/portal\/?s={search_term_string}\"},\"query-input\":{\"@type\":\"PropertyValueSpecification\",\"valueRequired\":true,\"valueName\":\"search_term_string\"}}],\"inLanguage\":\"pt-BR\"},{\"@type\":\"Person\",\"@id\":\"https:\/\/med.estrategia.com\/portal\/#\/schema\/person\/2f553adbb8e25fe39d145c5b2927f58c\",\"name\":\"Ana Carolina Damasceno\",\"image\":{\"@type\":\"ImageObject\",\"inLanguage\":\"pt-BR\",\"@id\":\"https:\/\/med.estrategia.com\/portal\/#\/schema\/person\/image\/\",\"url\":\"https:\/\/med.estrategia.com\/portal\/wp-content\/uploads\/2021\/09\/WhatsApp-Image-2023-08-18-at-16.46.43-150x150.jpeg\",\"contentUrl\":\"https:\/\/med.estrategia.com\/portal\/wp-content\/uploads\/2021\/09\/WhatsApp-Image-2023-08-18-at-16.46.43-150x150.jpeg\",\"caption\":\"Ana Carolina Damasceno\"},\"description\":\"Coordenadora de Jornalismo EMED. Comunicadora por natureza e forma\u00e7\u00e3o, que ama e perde a no\u00e7\u00e3o do tempo com m\u00fasica e s\u00e9rie.\",\"url\":\"https:\/\/med.estrategia.com\/portal\/author\/ana-carolina-damasceno\/\"}]}<\/script>\n<!-- \/ Yoast SEO Premium plugin. -->","yoast_head_json":{"title":"INTO abre seletivo com 12 vagas para Resid\u00eancia M\u00e9dica 2024","description":"Saiu o edital para resid\u00eancia m\u00e9dica do INTO 2024! Confira detalhes sobre a sele\u00e7\u00e3o com o Estrat\u00e9gia MED.","robots":{"index":"index","follow":"follow","max-snippet":"max-snippet:-1","max-image-preview":"max-image-preview:large","max-video-preview":"max-video-preview:-1"},"canonical":"https:\/\/med.estrategia.com\/portal\/noticias\/into-abre-seletivo-com-12-vagas-para-residencia-medica-2024\/","og_locale":"pt_BR","og_type":"article","og_title":"INTO abre seletivo com 12 vagas para Resid\u00eancia M\u00e9dica 2024","og_description":"Saiu o edital para resid\u00eancia m\u00e9dica do INTO 2024! Confira detalhes sobre a sele\u00e7\u00e3o com o Estrat\u00e9gia MED.","og_url":"https:\/\/med.estrategia.com\/portal\/noticias\/into-abre-seletivo-com-12-vagas-para-residencia-medica-2024\/","og_site_name":"Estrat\u00e9gia MED","article_publisher":"https:\/\/www.facebook.com\/estrategiamed1","article_published_time":"2023-09-27T10:50:00+00:00","article_modified_time":"2024-04-17T14:34:54+00:00","og_image":[{"width":1920,"height":1080,"url":"https:\/\/med.estrategia.com\/portal\/wp-content\/uploads\/2023\/07\/INTO_edital.jpg","type":"image\/jpeg"}],"author":"Ana Carolina Damasceno","twitter_card":"summary_large_image","twitter_creator":"@estrategiamed_","twitter_site":"@estrategiamed_","twitter_misc":{"Escrito por":"Ana Carolina Damasceno","Est. tempo de leitura":"3 minutos"},"schema":{"@context":"https:\/\/schema.org","@graph":[{"@type":"WebPage","@id":"https:\/\/med.estrategia.com\/portal\/noticias\/into-abre-seletivo-com-12-vagas-para-residencia-medica-2024\/","url":"https:\/\/med.estrategia.com\/portal\/noticias\/into-abre-seletivo-com-12-vagas-para-residencia-medica-2024\/","name":"INTO abre seletivo com 12 vagas para Resid\u00eancia M\u00e9dica 2024","isPartOf":{"@id":"https:\/\/med.estrategia.com\/portal\/#website"},"primaryImageOfPage":{"@id":"https:\/\/med.estrategia.com\/portal\/noticias\/into-abre-seletivo-com-12-vagas-para-residencia-medica-2024\/#primaryimage"},"image":{"@id":"https:\/\/med.estrategia.com\/portal\/noticias\/into-abre-seletivo-com-12-vagas-para-residencia-medica-2024\/#primaryimage"},"thumbnailUrl":"https:\/\/med.estrategia.com\/portal\/wp-content\/uploads\/2023\/07\/INTO_edital.jpg","datePublished":"2023-09-27T10:50:00+00:00","dateModified":"2024-04-17T14:34:54+00:00","author":{"@id":"https:\/\/med.estrategia.com\/portal\/#\/schema\/person\/2f553adbb8e25fe39d145c5b2927f58c"},"description":"Saiu o edital para resid\u00eancia m\u00e9dica do INTO 2024! Confira detalhes sobre a sele\u00e7\u00e3o com o Estrat\u00e9gia MED.","breadcrumb":{"@id":"https:\/\/med.estrategia.com\/portal\/noticias\/into-abre-seletivo-com-12-vagas-para-residencia-medica-2024\/#breadcrumb"},"inLanguage":"pt-BR","potentialAction":[{"@type":"ReadAction","target":["https:\/\/med.estrategia.com\/portal\/noticias\/into-abre-seletivo-com-12-vagas-para-residencia-medica-2024\/"]}]},{"@type":"ImageObject","inLanguage":"pt-BR","@id":"https:\/\/med.estrategia.com\/portal\/noticias\/into-abre-seletivo-com-12-vagas-para-residencia-medica-2024\/#primaryimage","url":"https:\/\/med.estrategia.com\/portal\/wp-content\/uploads\/2023\/07\/INTO_edital.jpg","contentUrl":"https:\/\/med.estrategia.com\/portal\/wp-content\/uploads\/2023\/07\/INTO_edital.jpg","width":1920,"height":1080,"caption":"Estrat\u00e9gia MED | Foto de Divulga\u00e7\u00e3o: Instituto Nacional de Traumatologia e Ortopedia Jamil Haddad"},{"@type":"BreadcrumbList","@id":"https:\/\/med.estrategia.com\/portal\/noticias\/into-abre-seletivo-com-12-vagas-para-residencia-medica-2024\/#breadcrumb","itemListElement":[{"@type":"ListItem","position":1,"name":"Home","item":"https:\/\/med.estrategia.com\/portal\/"},{"@type":"ListItem","position":2,"name":"Not\u00edcias","item":"https:\/\/med.estrategia.com\/portal\/noticias\/"},{"@type":"ListItem","position":3,"name":"INTO abre seletivo com 12 vagas para Resid\u00eancia M\u00e9dica 2024"}]},{"@type":"WebSite","@id":"https:\/\/med.estrategia.com\/portal\/#website","url":"https:\/\/med.estrategia.com\/portal\/","name":"Estrat\u00e9gia MED","description":"","potentialAction":[{"@type":"SearchAction","target":{"@type":"EntryPoint","urlTemplate":"https:\/\/med.estrategia.com\/portal\/?s={search_term_string}"},"query-input":{"@type":"PropertyValueSpecification","valueRequired":true,"valueName":"search_term_string"}}],"inLanguage":"pt-BR"},{"@type":"Person","@id":"https:\/\/med.estrategia.com\/portal\/#\/schema\/person\/2f553adbb8e25fe39d145c5b2927f58c","name":"Ana Carolina Damasceno","image":{"@type":"ImageObject","inLanguage":"pt-BR","@id":"https:\/\/med.estrategia.com\/portal\/#\/schema\/person\/image\/","url":"https:\/\/med.estrategia.com\/portal\/wp-content\/uploads\/2021\/09\/WhatsApp-Image-2023-08-18-at-16.46.43-150x150.jpeg","contentUrl":"https:\/\/med.estrategia.com\/portal\/wp-content\/uploads\/2021\/09\/WhatsApp-Image-2023-08-18-at-16.46.43-150x150.jpeg","caption":"Ana Carolina Damasceno"},"description":"Coordenadora de Jornalismo EMED. Comunicadora por natureza e forma\u00e7\u00e3o, que ama e perde a no\u00e7\u00e3o do tempo com m\u00fasica e s\u00e9rie.","url":"https:\/\/med.estrategia.com\/portal\/author\/ana-carolina-damasceno\/"}]}},"_wl_alt_label":[],"wl:entity_url":"\/post\/into-abre-seletivo-com-12-vagas-para-residencia-medica-2024","_links":{"self":[{"href":"https:\/\/med.estrategia.com\/portal\/wp-json\/wp\/v2\/posts\/42480","targetHints":{"allow":["GET"]}}],"collection":[{"href":"https:\/\/med.estrategia.com\/portal\/wp-json\/wp\/v2\/posts"}],"about":[{"href":"https:\/\/med.estrategia.com\/portal\/wp-json\/wp\/v2\/types\/post"}],"author":[{"embeddable":true,"href":"https:\/\/med.estrategia.com\/portal\/wp-json\/wp\/v2\/users\/39"}],"replies":[{"embeddable":true,"href":"https:\/\/med.estrategia.com\/portal\/wp-json\/wp\/v2\/comments?post=42480"}],"version-history":[{"count":7,"href":"https:\/\/med.estrategia.com\/portal\/wp-json\/wp\/v2\/posts\/42480\/revisions"}],"predecessor-version":[{"id":61810,"href":"https:\/\/med.estrategia.com\/portal\/wp-json\/wp\/v2\/posts\/42480\/revisions\/61810"}],"wp:featuredmedia":[{"embeddable":true,"href":"https:\/\/med.estrategia.com\/portal\/wp-json\/wp\/v2\/media\/42315"}],"wp:attachment":[{"href":"https:\/\/med.estrategia.com\/portal\/wp-json\/wp\/v2\/media?parent=42480"}],"wp:term":[{"taxonomy":"category","embeddable":true,"href":"https:\/\/med.estrategia.com\/portal\/wp-json\/wp\/v2\/categories?post=42480"},{"taxonomy":"post_tag","embeddable":true,"href":"https:\/\/med.estrategia.com\/portal\/wp-json\/wp\/v2\/tags?post=42480"},{"taxonomy":"wl_entity_type","embeddable":true,"href":"https:\/\/med.estrategia.com\/portal\/wp-json\/wp\/v2\/wl_entity_type?post=42480"}],"curies":[{"name":"wp","href":"https:\/\/api.w.org\/{rel}","templated":true}]}}