{"id":42596,"date":"2023-10-24T11:00:00","date_gmt":"2023-10-24T14:00:00","guid":{"rendered":"https:\/\/med.estrategia.com\/portal\/?p=42596"},"modified":"2024-01-22T17:49:43","modified_gmt":"2024-01-22T20:49:43","slug":"edital-residencia-medica-ses-pe-2024","status":"publish","type":"post","link":"https:\/\/med.estrategia.com\/portal\/noticias\/edital-residencia-medica-ses-pe-2024\/","title":{"rendered":"SES-PE publica edital para Resid\u00eancia M\u00e9dica 2024; inscri\u00e7\u00f5es s\u00e3o prorrogadas"},"content":{"rendered":"<p>Foi divulgado na manh&atilde; desta ter&ccedil;a-feira (24) o <strong>edital da edi&ccedil;&atilde;o 2024<\/strong> do processo seletivo para resid&ecirc;ncia m&eacute;dica da <strong>Secretaria de Estado de Sa&uacute;de de Pernambuco (SES-PE).<\/strong><br><br>Sob responsabilidade do Instituto de Apoio &agrave; Universidade de Pernambuco (IAUPE), a sele&ccedil;&atilde;o oferece vagas para atua&ccedil;&atilde;o em especialidades m&eacute;dicas de Acesso Direto e com Pr&eacute;-Requisito exigido e, para garantir a participa&ccedil;&atilde;o no seletivo, <strong>os interessados poder&atilde;o se inscrever entre os dias 25 de outubro e 27 de novembro de 2023<\/strong> ap&oacute;s prorroga&ccedil;&atilde;o do per&iacute;odo de inscri&ccedil;&otilde;es.<br><br>A <strong>taxa de inscri&ccedil;&atilde;o<\/strong> da SES-PE 2024 &eacute; de <strong>R$600,00<\/strong>, por&eacute;m, houve a possibilidade de solicitar isen&ccedil;&atilde;o do valor. Confira detalhes abaixo:<div id=\"ez-toc-container\" class=\"ez-toc-v2_0_79_2 counter-hierarchy ez-toc-counter ez-toc-transparent ez-toc-container-direction\">\n<div class=\"ez-toc-title-container\"><p class=\"ez-toc-title\" style=\"cursor:inherit\">Navegue pelo conte\u00fado<\/p>\n<\/div><nav><ul class='ez-toc-list ez-toc-list-level-1 ' ><li class='ez-toc-page-1 ez-toc-heading-level-2'><a class=\"ez-toc-link ez-toc-heading-1\" href=\"https:\/\/med.estrategia.com\/portal\/noticias\/edital-residencia-medica-ses-pe-2024\/#Resumo-Edital-%E2%80%93-SES-PE-2024\" >Resumo Edital &ndash; SES-PE 2024<\/a><\/li><li class='ez-toc-page-1 ez-toc-heading-level-2'><a class=\"ez-toc-link ez-toc-heading-2\" href=\"https:\/\/med.estrategia.com\/portal\/noticias\/edital-residencia-medica-ses-pe-2024\/#Instituicoes-participantes-SES-PE-2024\" >Institui&ccedil;&otilde;es participantes SES-PE 2024<\/a><\/li><li class='ez-toc-page-1 ez-toc-heading-level-2'><a class=\"ez-toc-link ez-toc-heading-3\" href=\"https:\/\/med.estrategia.com\/portal\/noticias\/edital-residencia-medica-ses-pe-2024\/#Edital-SES-PE-2024\" >Edital SES-PE 2024<\/a><\/li><li class='ez-toc-page-1 ez-toc-heading-level-2'><a class=\"ez-toc-link ez-toc-heading-4\" href=\"https:\/\/med.estrategia.com\/portal\/noticias\/edital-residencia-medica-ses-pe-2024\/#Prepare-se-para-a-SES-PE-2024-com-o-Estrategia-MED\" >Prepare-se para a SES-PE 2024 com o Estrat&eacute;gia MED<\/a><\/li><\/ul><\/nav><\/div>\n<h2 class=\"wp-block-heading\" id=\"h-resumo-edital-ses-pe-2024\"><span class=\"ez-toc-section\" id=\"Resumo-Edital-%E2%80%93-SES-PE-2024\"><\/span>Resumo Edital &ndash; SES-PE 2024<span class=\"ez-toc-section-end\"><\/span><\/h2><figure class=\"wp-block-table\"><table><tbody><tr><td><strong>Vagas ofertadas<\/strong><\/td><td class=\"has-text-align-center\" data-align=\"center\">902 vagas<\/td><\/tr><tr><td><strong>Composi&ccedil;&atilde;o do processo seletivo<\/strong><\/td><td class=\"has-text-align-center\" data-align=\"center\">1&ordf; Fase: Prova Objetiva (Peso 9) + 2&ordf; Fase: An&aacute;lise Curricular (Peso 1)<\/td><\/tr><tr><td><strong>Taxa de Inscri&ccedil;&atilde;o<\/strong><\/td><td class=\"has-text-align-center\" data-align=\"center\">R$600,00<\/td><\/tr><tr><td><strong>Solicita&ccedil;&atilde;o de Isen&ccedil;&atilde;o<\/strong><\/td><td class=\"has-text-align-center\" data-align=\"center\">25 a 29\/10\/2023<\/td><\/tr><tr><td><strong>Per&iacute;odo de Inscri&ccedil;&otilde;es<\/strong><\/td><td class=\"has-text-align-center\" data-align=\"center\">25\/10 a 27\/11\/2023<\/td><\/tr><tr><td><strong>Envio da documenta&ccedil;&atilde;o para 2&ordf; Fase<\/strong><\/td><td class=\"has-text-align-center\" data-align=\"center\">25\/10 a 28\/11\/2023<\/td><\/tr><tr><td><strong>Data da Prova<\/strong>&nbsp;<strong>Objetiva &ndash; 1&ordf; Fase<\/strong><\/td><td class=\"has-text-align-center\" data-align=\"center\">10\/12\/2023<\/td><\/tr><tr><td><strong>Gabarito Preliminar<\/strong><\/td><td class=\"has-text-align-center\" data-align=\"center\">10\/12\/2023<\/td><\/tr><tr><td><strong>Recursos ao Gabarito<\/strong><\/td><td class=\"has-text-align-center\" data-align=\"center\">11 a 13\/12\/2023<\/td><\/tr><tr><td><strong>Resultado preliminar da An&aacute;lise Curricular<\/strong><\/td><td class=\"has-text-align-center\" data-align=\"center\">13\/01\/2024<\/td><\/tr><tr><td><strong>Recursos ao resultado<\/strong><\/td><td class=\"has-text-align-center\" data-align=\"center\">15 a 17\/01\/2024<\/td><\/tr><tr><td><strong>Resultado da An&aacute;lise Curricular<\/strong><\/td><td class=\"has-text-align-center\" data-align=\"center\">24\/01\/2024<\/td><\/tr><tr><td><strong>Gabarito Definitivo<\/strong><\/td><td class=\"has-text-align-center\" data-align=\"center\">24\/01\/2024<\/td><\/tr><tr><td><strong>Resultado Final<\/strong><\/td><td class=\"has-text-align-center\" data-align=\"center\">25\/01\/2024<\/td><\/tr><tr><td><strong>In&iacute;cio dos programas<\/strong><\/td><td class=\"has-text-align-center\" data-align=\"center\">01\/03\/2024<\/td><\/tr><\/tbody><\/table><\/figure><p>Quer saber em detalhes tudo sobre o processo seletivo para resid&ecirc;ncia m&eacute;dica da SES-PE?&nbsp;<a href=\"https:\/\/med.estrategia.com\/portal\/residencia-medica\/ses-pe-residencia-medica\/\" target=\"_blank\">Clique aqui e confira o texto exclusivo<\/a>&nbsp;que preparamos para auxiliar voc&ecirc; a entender como funciona a inscri&ccedil;&atilde;o, prova, vagas ofertadas e mais da SES-PE 2024 para Resid&ecirc;ncia M&eacute;dica! Assine tamb&eacute;m a nossa Newsletter para receber atualiza&ccedil;&otilde;es sobre este e outros processos seletivos diretamente no seu e-mail:<\/p><p>\n\n\n<div id=\"new-form\">\n\t<form id=\"forms_layout\">\n\t<input type=\"hidden\" id=\"chave_de\" name=\"chave_de\" value=\"01_EMED_LEADS_TOTAIS\" \/>\n\t\t<input type=\"hidden\" id=\"mid\" name=\"mid\" value=\"515009018\" \/>\n\t\t<input type=\"hidden\" id=\"Objetivo\" name=\"Objetivo\" value=\"Medicina\" \/>\n\t\t<input type=\"hidden\" id=\"Estado_de_Origem_do_IP\" name=\"Estado_de_Origem_do_IP\"  value=\"\" \/>\n\t\t<input type=\"hidden\" id=\"Cidade_de_Origem_do_IP\" name=\"Cidade_de_Origem_do_IP\" value=\"\" \/>\n\t\t<input type=\"hidden\" id=\"Modo_de_entrada\" name=\"Modo_de_entrada\" value=\"Portal\" \/>\n\t\t<input type=\"hidden\" id=\"Pagina_Origem\" name=\"Pagina_Origem\" value=\"\" \/>\n\n\t\t<div class=\"texto\">\n\t\t\t<h3 class=\"news\">Inscreva-se em nossa newsletter!<\/h3>\n\t\t\t<p>Receba not\u00edcias sobre resid\u00eancia m\u00e9dica, revalida\u00e7\u00e3o de diplomas e concursos m\u00e9dicos, al\u00e9m de materiais de estudo gratuitos e informa\u00e7\u00f5es relevantes do mundo da Medicina.<\/p>\n\t\t<\/div>\n\t\t<div class=\"campos\">\n\t\t\t<div class=\"first_name labels\">\n\t\t\t\t<input type=\"text\" class=\"input_labels\" id=\"first_name\" name=\"Nome_Completo\" placeholder=\"Nome\" required \/>\n\t\t\t<\/div>\n\t\t\t<div class=\"email labels\">\n\t\t\t\t<input type=\"email\" class=\"input_labels\" id=\"email\" name=\"Email\" placeholder=\"E-mail\" required \/>\n\t\t\t<\/div>\n\t\t\t<button type=\"submit\" class=\"button_layout\">\n\t\t\t\t<div id=\"lblBotao\">Inscreva-se<\/div>\n\t\t\t\t<span id=\"divSpiner\" class=\"loader\" role=\"status\" style=\"display: none;\"><\/span>\t\n\t\t\t<\/button>\n\t\t<\/div><!-- \/campos -->\n\t\t\n\t\t<label class=\"container_checkbox\">Voc\u00ea concorda com a nossa\n\t\t\t<a class=\"politics_privacy_ahref\" target=\"_blank\" href=\"https:\/\/gratis.estrategiaconcursos.com.br\/politica-de-privacidade\/\">Pol\u00edtica de Privacidade<\/a> e aceita receber informa\u00e7\u00f5es adicionais do Estrat\u00e9gia Educacional.\n\t\t\t<input id=\"checkbox_layout\" type=\"checkbox\" checked=\"checked\" required \/>\n\t\t\t<span class=\"checkbox\"><\/span>\n\t\t<\/label>\n\t\t<div id=\"msg\"><\/div>\n\t\t<div id=\"error\" class=\"error\">\n\t\t<\/div>\n\t<\/form>\n<\/div><!-- \/new-form -->\n\n\n\n<\/p><h2 class=\"wp-block-heading\" id=\"h-instituicoes-participantes-ses-pe-2024\"><span class=\"ez-toc-section\" id=\"Instituicoes-participantes-SES-PE-2024\"><\/span>Institui&ccedil;&otilde;es participantes SES-PE 2024<span class=\"ez-toc-section-end\"><\/span><\/h2><figure class=\"wp-block-table\"><table><tbody><tr><td>AFYA &ndash; FACULDADE DE CI&Ecirc;NCIAS M&Eacute;DICAS DE JABOAT&Atilde;O DOS GUARARAPES<\/td><\/tr><tr><td>FACULDADE DE MEDICINA DE OLINDA &ndash; FMO<\/td><\/tr><tr><td>FACULDADE DE MEDICINA DO SET&Atilde;O &ndash; ARCOVERDE<\/td><\/tr><tr><td>FITS &ndash; FACULDADE INTEGRADA TIRADENTES &ndash; GOIANA<\/td><\/tr><tr><td>FUNDA&Ccedil;&Atilde;O ALTINO VENTURA<\/td><\/tr><tr><td>FUNDA&Ccedil;&Atilde;O MARTINIANO FERNANDES DOM MALAN &ndash; PETROLINA<\/td><\/tr><tr><td>HEMOPE &ndash; FUNDA&Ccedil;&Atilde;O DE HEMATOLOGIA E HEMOTERAPIA DE PERNAMBUCO<\/td><\/tr><tr><td>HOSPITAL AGAMENON MAGALH&Atilde;ES<\/td><\/tr><tr><td>HOSPITAL ALFA<\/td><\/tr><tr><td>HOSPITAL BAR&Atilde;O DE LUCENA<\/td><\/tr><tr><td>HOSPITAL DA MULHER DO RECIFE &ndash; HMR<\/td><\/tr><tr><td>HOSPITAL DA RESTAURA&Ccedil;&Atilde;O<\/td><\/tr><tr><td>HOSPITAL DE C&Acirc;NCER DE PERNAMBUCO<\/td><\/tr><tr><td>HOSPITAL DOM H&Eacute;LDER C&Acirc;MARA<\/td><\/tr><tr><td>HOSPITAL DOS SERVIDORES DO ESTADO DE PERNAMBUCO<\/td><\/tr><tr><td>HOSPITAL ESPERAN&Ccedil;A<\/td><\/tr><tr><td>HOSPITAL GET&Uacute;LIO VARGAS<\/td><\/tr><tr><td>HOSPITAL INFANTIL MARIA LUCINDA<\/td><\/tr><tr><td>HOSPITAL MEMORIAL JABOAT&Atilde;O DOS GUARARAPES<\/td><\/tr><tr><td>HOSPITAL MESTRE VITALINO &ndash; CARUARU<\/td><\/tr><tr><td>HOSPITAL MIGUEL ARRAES<\/td><\/tr><tr><td>HOSPITAL OT&Aacute;VIO DE FREITAS<\/td><\/tr><tr><td>HOSPITAL PEL&Oacute;PIDAS SILVEIRA<\/td><\/tr><tr><td>HOSPITAL PSIQUI&Aacute;TRICO ULYSSES PERNAMBUCANO<\/td><\/tr><tr><td>HOSPITAL REGIONAL DO AGRESTE<\/td><\/tr><tr><td>HOSPITAL SANTA CASA DE MISERIC&Oacute;RDIA DO RECIFE<\/td><\/tr><tr><td>HOSPITAL SANTA JOANA<\/td><\/tr><tr><td>HOSPITAL SANTA LUZIA<\/td><\/tr><tr><td>HOSPITAL UNIMED RECIFE III<\/td><\/tr><tr><td>INSTITUTO DE MEDICINA INTEGRAL PROF FERNANDO FIGUEIRA &ndash; IMIP<\/td><\/tr><tr><td>NCV-UFPE CARUARU<\/td><\/tr><tr><td>PREFEITURA DO JABOAT&Atilde;O DOS GUARARAPES &ndash; FUNDO MUNICIPAL DE SA&Uacute;DE<\/td><\/tr><tr><td>PREFEITURA DO RECIFE &ndash; FUNDO MUNICIPAL DE SA&Uacute;DE<\/td><\/tr><tr><td>PREFEITURA DO RECIFE &ndash; FUNDO MUNICIPAL DE SA&Uacute;DE &ndash; HOSPITAL EDUARDO CAMPOS DA PESSOA IDOSA<\/td><\/tr><tr><td>REAL HOSPITAL PORTUGU&Ecirc;S DE BENEFIC&Ecirc;NCIA EM PERNAMBUCO<\/td><\/tr><tr><td>SECRETARIA ESTADUAL DE SA&Uacute;DE DE PERNAMBUCO &ndash; SES-PE<\/td><\/tr><tr><td>SEOPE &ndash; SERVI&Ccedil;O OFTALMOL&Oacute;GICO DE PERNAMBUCO<\/td><\/tr><tr><td>SOS M&Atilde;O E ORTOPEDIA<\/td><\/tr><tr><td>UNIVERSIDADE FEDERAL DO VALE DO S&Atilde;O FRANCISCO &ndash; UNIVASF<\/td><\/tr><tr><td>UPE &ndash; UNIVERSIDADE DE PERNAMBUCO<\/td><\/tr><\/tbody><\/table><\/figure><h2 class=\"wp-block-heading\" id=\"h-edital-ses-pe-2024\"><span class=\"ez-toc-section\" id=\"Edital-SES-PE-2024\"><\/span>Edital SES-PE 2024<span class=\"ez-toc-section-end\"><\/span><\/h2><p>O edital da SES-PE para ingresso dos residentes em 2024 foi divulgado e voc&ecirc; pode conferir o documento clicando no bot&atilde;o abaixo:<\/p><div class=\"wp-block-buttons is-content-justification-center is-layout-flex wp-container-core-buttons-is-layout-1 wp-block-buttons-is-layout-flex\">\n<div class=\"wp-block-button\"><a class=\"wp-block-button__link wp-element-button\" href=\"https:\/\/med.estrategia.com\/portal\/wp-content\/uploads\/2023\/10\/edital_ses-pe2024.pdf\" target=\"_blank\"><strong>Edital SES-PE 2024<\/strong><\/a><\/div>\n\n\n\n<div class=\"wp-block-button\"><a class=\"wp-block-button__link wp-element-button\" href=\"https:\/\/cdn.medblog.estrategiaeducacional.com.br\/wp-content\/uploads\/2023\/11\/ERRATA-01-QUADRO-DE-VAGAS.pdf\" target=\"_blank\"><strong>errata &ndash; 01\/11<\/strong><\/a><\/div>\n\n\n\n<div class=\"wp-block-button\"><a class=\"wp-block-button__link wp-element-button\" href=\"https:\/\/med.estrategia.com\/portal\/wp-content\/uploads\/2023\/11\/ERRATA-03-CRONOGRAMA-PRORROGACAO-DE-INSCRICAO.pdf\" target=\"_blank\"><strong>prorroga&ccedil;&atilde;o das inscri&ccedil;&otilde;es &ndash; 19\/11<\/strong><\/a><\/div>\n<\/div><h2 class=\"wp-block-heading\" id=\"h-prepare-se-para-a-ses-pe-2024-com-o-estrategia-med\"><span class=\"ez-toc-section\" id=\"Prepare-se-para-a-SES-PE-2024-com-o-Estrategia-MED\"><\/span>Prepare-se para a SES-PE 2024 com o Estrat&eacute;gia MED<span class=\"ez-toc-section-end\"><\/span><\/h2><p>O&nbsp;<a href=\"https:\/\/med.estrategia.com\/portal\/entidade\/estrategia-med\/\">Estrat&eacute;gia MED<\/a>&nbsp;preparou uma semana de Revis&otilde;es para Reta Final completa, com conte&uacute;dos espec&iacute;ficos e direcionados para a banca. Inscreva-se no nosso canal do&nbsp;<a href=\"https:\/\/www.youtube.com\/@EstrategiaMED\/featured\" target=\"_blank\">Youtube<\/a>&nbsp;e acompanhe as transmiss&otilde;es do&nbsp;<strong>Reta Final SES-PE Resid&ecirc;ncia M&eacute;dica<\/strong>&nbsp;<strong>2024<\/strong>. Confira a programa&ccedil;&atilde;o:<\/p><figure class=\"wp-block-table\"><table><thead><tr><th class=\"has-text-align-center\" data-align=\"center\">DATA<\/th><th class=\"has-text-align-center\" data-align=\"center\">HOR&Aacute;RIO<\/th><th class=\"has-text-align-center\" data-align=\"center\">EVENTO<\/th><\/tr><\/thead><tbody><tr><td class=\"has-text-align-center\" data-align=\"center\">03\/12<\/td><td class=\"has-text-align-center\" data-align=\"center\">10h &agrave;s 17h20<\/td><td class=\"has-text-align-center\" data-align=\"center\">Premoni&ccedil;&atilde;o SES-PE Resid&ecirc;ncia M&eacute;dica<\/td><\/tr><tr><td class=\"has-text-align-center\" data-align=\"center\">04\/12<\/td><td class=\"has-text-align-center\" data-align=\"center\">19h &agrave;s 21h30<\/td><td class=\"has-text-align-center\" data-align=\"center\">&nbsp;Hora da Verdade Ginecologia e Obstetr&iacute;cia&nbsp;SES-PE&nbsp;Resid&ecirc;ncia M&eacute;dica<\/td><\/tr><tr><td class=\"has-text-align-center\" data-align=\"center\">05\/12<\/td><td class=\"has-text-align-center\" data-align=\"center\">19h &agrave;s 21h30<\/td><td class=\"has-text-align-center\" data-align=\"center\">Hora da Verdade Cirurgia&nbsp;SES-PE&nbsp;Resid&ecirc;ncia M&eacute;dica<\/td><\/tr><tr><td class=\"has-text-align-center\" data-align=\"center\">06\/12<\/td><td class=\"has-text-align-center\" data-align=\"center\">19h &agrave;s 21h30<\/td><td class=\"has-text-align-center\" data-align=\"center\">Hora da Verdade Pediatria SES-PE&nbsp;Resid&ecirc;ncia M&eacute;dica<\/td><\/tr><tr><td class=\"has-text-align-center\" data-align=\"center\">07\/12<\/td><td class=\"has-text-align-center\" data-align=\"center\">19h &agrave;s 21h30<\/td><td class=\"has-text-align-center\" data-align=\"center\">Hora da Verdade Medicina Preventiva SES-PE&nbsp;Resid&ecirc;ncia M&eacute;dica<\/td><\/tr><tr><td class=\"has-text-align-center\" data-align=\"center\">08\/12<\/td><td class=\"has-text-align-center\" data-align=\"center\">19h &agrave;s 23h<\/td><td class=\"has-text-align-center\" data-align=\"center\">Hora da Verdade Cl&iacute;nica M&eacute;dica&nbsp;SES-PE&nbsp;Resid&ecirc;ncia M&eacute;dica<\/td><\/tr><tr><td class=\"has-text-align-center\" data-align=\"center\">09\/12<\/td><td class=\"has-text-align-center\" data-align=\"center\">10h &agrave;s 17h20<\/td><td class=\"has-text-align-center\" data-align=\"center\">Revis&atilde;o de V&eacute;spera SES-PE Resid&ecirc;ncia M&eacute;dica<\/td><\/tr><tr><td class=\"has-text-align-center\" data-align=\"center\">10\/12<\/td><td class=\"has-text-align-center\" data-align=\"center\">a definir<\/td><td class=\"has-text-align-center\" data-align=\"center\">Gabarito SES-PE 2024<\/td><\/tr><\/tbody><\/table><\/figure><p>Dispomos abaixo alguns artigos que podem ser &uacute;teis na hora de se preparar para a sele&ccedil;&atilde;o que vem a&iacute;. Confira!<\/p><p class=\"wp-block-preformatted\">Tudo sobre o processo seletivo: <a href=\"https:\/\/med.estrategia.com\/portal\/residencia-medica\/ses-pe-residencia-medica\/\" target=\"_blank\">Resid&ecirc;ncia M&eacute;dica SES-PE: tudo sobre o processo seletivo!<\/a><\/p><p class=\"wp-block-preformatted\">Concorr&ecirc;ncia da &uacute;ltima edi&ccedil;&atilde;o: <a href=\"https:\/\/med.estrategia.com\/portal\/noticias\/ses-pe-divulga-concorrencia-do-seletivo-de-residencia-medica-2023\/\" target=\"_blank\">SES-PE divulga concorr&ecirc;ncia do seletivo de resid&ecirc;ncia m&eacute;dica 2023<\/a><\/p><p class=\"wp-block-preformatted\">Nota de Corte da &uacute;ltima edi&ccedil;&atilde;o: <a href=\"https:\/\/med.estrategia.com\/portal\/residencia-medica\/notas-de-corte-pernambuco\/#Nota-de-Corte-da-SES-PE\" target=\"_blank\">Notas de Corte para Resid&ecirc;ncia M&eacute;dica 2023: veja a rela&ccedil;&atilde;o das notas em Pernambuco<\/a><\/p><p class=\"wp-block-preformatted\">Calend&aacute;rio de Provas: <a href=\"https:\/\/med.estrategia.com\/portal\/residencia-medica\/calendario-de-residencia-medica-confira-as-datas-das-proximas-provas\/\" target=\"_blank\">Resid&ecirc;ncia M&eacute;dica 2023\/2024<\/a><\/p><p><strong><a id=\"cta\" class=\"cta-imagem\" href=\"https:\/\/med.estrategia.com\/cursos\/extensivo-de-residncia-mdica\/\" target=\"blank\">\n                <img decoding=\"async\" width=\"100%\" src=\"https:\/\/med.estrategia.com\/portal\/wp-content\/uploads\/2025\/08\/extensivo_rm.jpg\" alt=\"Extensivo RM\" title=\"extensivo_rm\">\n        <\/a><\/strong><\/p><\/p>\n","protected":false},"excerpt":{"rendered":"Foi divulgado na manh&atilde; desta ter&ccedil;a-feira (24) o edital da edi&ccedil;&atilde;o 2024 do processo seletivo para resid&ecirc;ncia m&eacute;dica&hellip;\n","protected":false},"author":39,"featured_media":42340,"comment_status":"closed","ping_status":"closed","sticky":false,"template":"","format":"standard","meta":{"wl_entities_gutenberg":"","footnotes":""},"categories":[300],"tags":[95,574,431,575],"wl_entity_type":[199],"class_list":{"0":"post-42596","1":"post","2":"type-post","3":"status-publish","4":"format-standard","5":"has-post-thumbnail","7":"category-noticias","8":"tag-residencia-medica","9":"tag-secretaria-de-estado-de-saude-de-pernambuco","10":"tag-ses-pe","11":"tag-ses-pe-2024","12":"wl_entity_type-article"},"acf":[],"yoast_head":"<!-- This site is optimized with the Yoast SEO Premium plugin v26.6 (Yoast SEO v26.6) - https:\/\/yoast.com\/wordpress\/plugins\/seo\/ -->\n<title>SES-PE publica edital para Resid\u00eancia M\u00e9dica 2024; inscri\u00e7\u00f5es s\u00e3o prorrogadas<\/title>\n<meta name=\"description\" content=\"O edital para resid\u00eancia m\u00e9dica da SES-PE 2024 acaba de ser divulgado! Confira as principais informa\u00e7\u00f5es com o Estrat\u00e9gia MED.\" \/>\n<meta name=\"robots\" content=\"index, follow, max-snippet:-1, max-image-preview:large, max-video-preview:-1\" \/>\n<link rel=\"canonical\" href=\"https:\/\/med.estrategia.com\/portal\/noticias\/edital-residencia-medica-ses-pe-2024\/\" \/>\n<meta property=\"og:locale\" content=\"pt_BR\" \/>\n<meta property=\"og:type\" content=\"article\" \/>\n<meta property=\"og:title\" content=\"SES-PE publica edital para Resid\u00eancia M\u00e9dica 2024; inscri\u00e7\u00f5es s\u00e3o prorrogadas\" \/>\n<meta property=\"og:description\" content=\"O edital para resid\u00eancia m\u00e9dica da SES-PE 2024 acaba de ser divulgado! Confira as principais informa\u00e7\u00f5es com o Estrat\u00e9gia MED.\" \/>\n<meta property=\"og:url\" content=\"https:\/\/med.estrategia.com\/portal\/noticias\/edital-residencia-medica-ses-pe-2024\/\" \/>\n<meta property=\"og:site_name\" content=\"Estrat\u00e9gia MED\" \/>\n<meta property=\"article:publisher\" content=\"https:\/\/www.facebook.com\/estrategiamed1\" \/>\n<meta property=\"article:published_time\" content=\"2023-10-24T14:00:00+00:00\" \/>\n<meta property=\"article:modified_time\" content=\"2024-01-22T20:49:43+00:00\" \/>\n<meta property=\"og:image\" content=\"https:\/\/med.estrategia.com\/portal\/wp-content\/uploads\/2023\/07\/SES-PE_edital.jpg\" \/>\n\t<meta property=\"og:image:width\" content=\"1920\" \/>\n\t<meta property=\"og:image:height\" content=\"1080\" \/>\n\t<meta property=\"og:image:type\" content=\"image\/jpeg\" \/>\n<meta name=\"author\" content=\"Ana Carolina Damasceno\" \/>\n<meta name=\"twitter:card\" content=\"summary_large_image\" \/>\n<meta name=\"twitter:creator\" content=\"@estrategiamed_\" \/>\n<meta name=\"twitter:site\" content=\"@estrategiamed_\" \/>\n<meta name=\"twitter:label1\" content=\"Escrito por\" \/>\n\t<meta name=\"twitter:data1\" content=\"Ana Carolina Damasceno\" \/>\n\t<meta name=\"twitter:label2\" content=\"Est. tempo de leitura\" \/>\n\t<meta name=\"twitter:data2\" content=\"4 minutos\" \/>\n<script type=\"application\/ld+json\" class=\"yoast-schema-graph\">{\"@context\":\"https:\/\/schema.org\",\"@graph\":[{\"@type\":\"WebPage\",\"@id\":\"https:\/\/med.estrategia.com\/portal\/noticias\/edital-residencia-medica-ses-pe-2024\/\",\"url\":\"https:\/\/med.estrategia.com\/portal\/noticias\/edital-residencia-medica-ses-pe-2024\/\",\"name\":\"SES-PE publica edital para Resid\u00eancia M\u00e9dica 2024; inscri\u00e7\u00f5es s\u00e3o prorrogadas\",\"isPartOf\":{\"@id\":\"https:\/\/med.estrategia.com\/portal\/#website\"},\"primaryImageOfPage\":{\"@id\":\"https:\/\/med.estrategia.com\/portal\/noticias\/edital-residencia-medica-ses-pe-2024\/#primaryimage\"},\"image\":{\"@id\":\"https:\/\/med.estrategia.com\/portal\/noticias\/edital-residencia-medica-ses-pe-2024\/#primaryimage\"},\"thumbnailUrl\":\"https:\/\/med.estrategia.com\/portal\/wp-content\/uploads\/2023\/07\/SES-PE_edital.jpg\",\"datePublished\":\"2023-10-24T14:00:00+00:00\",\"dateModified\":\"2024-01-22T20:49:43+00:00\",\"author\":{\"@id\":\"https:\/\/med.estrategia.com\/portal\/#\/schema\/person\/2f553adbb8e25fe39d145c5b2927f58c\"},\"description\":\"O edital para resid\u00eancia m\u00e9dica da SES-PE 2024 acaba de ser divulgado! Confira as principais informa\u00e7\u00f5es com o Estrat\u00e9gia MED.\",\"breadcrumb\":{\"@id\":\"https:\/\/med.estrategia.com\/portal\/noticias\/edital-residencia-medica-ses-pe-2024\/#breadcrumb\"},\"inLanguage\":\"pt-BR\",\"potentialAction\":[{\"@type\":\"ReadAction\",\"target\":[\"https:\/\/med.estrategia.com\/portal\/noticias\/edital-residencia-medica-ses-pe-2024\/\"]}]},{\"@type\":\"ImageObject\",\"inLanguage\":\"pt-BR\",\"@id\":\"https:\/\/med.estrategia.com\/portal\/noticias\/edital-residencia-medica-ses-pe-2024\/#primaryimage\",\"url\":\"https:\/\/med.estrategia.com\/portal\/wp-content\/uploads\/2023\/07\/SES-PE_edital.jpg\",\"contentUrl\":\"https:\/\/med.estrategia.com\/portal\/wp-content\/uploads\/2023\/07\/SES-PE_edital.jpg\",\"width\":1920,\"height\":1080,\"caption\":\"Estrat\u00e9gia MED | Foto de Divulga\u00e7\u00e3o: Santa Casa de Miseric\u00f3rdia do Recife\"},{\"@type\":\"BreadcrumbList\",\"@id\":\"https:\/\/med.estrategia.com\/portal\/noticias\/edital-residencia-medica-ses-pe-2024\/#breadcrumb\",\"itemListElement\":[{\"@type\":\"ListItem\",\"position\":1,\"name\":\"Home\",\"item\":\"https:\/\/med.estrategia.com\/portal\/\"},{\"@type\":\"ListItem\",\"position\":2,\"name\":\"Not\u00edcias\",\"item\":\"https:\/\/med.estrategia.com\/portal\/noticias\/\"},{\"@type\":\"ListItem\",\"position\":3,\"name\":\"SES-PE publica edital para Resid\u00eancia M\u00e9dica 2024; inscri\u00e7\u00f5es s\u00e3o prorrogadas\"}]},{\"@type\":\"WebSite\",\"@id\":\"https:\/\/med.estrategia.com\/portal\/#website\",\"url\":\"https:\/\/med.estrategia.com\/portal\/\",\"name\":\"Estrat\u00e9gia MED\",\"description\":\"\",\"potentialAction\":[{\"@type\":\"SearchAction\",\"target\":{\"@type\":\"EntryPoint\",\"urlTemplate\":\"https:\/\/med.estrategia.com\/portal\/?s={search_term_string}\"},\"query-input\":{\"@type\":\"PropertyValueSpecification\",\"valueRequired\":true,\"valueName\":\"search_term_string\"}}],\"inLanguage\":\"pt-BR\"},{\"@type\":\"Person\",\"@id\":\"https:\/\/med.estrategia.com\/portal\/#\/schema\/person\/2f553adbb8e25fe39d145c5b2927f58c\",\"name\":\"Ana Carolina Damasceno\",\"image\":{\"@type\":\"ImageObject\",\"inLanguage\":\"pt-BR\",\"@id\":\"https:\/\/med.estrategia.com\/portal\/#\/schema\/person\/image\/\",\"url\":\"https:\/\/med.estrategia.com\/portal\/wp-content\/uploads\/2021\/09\/WhatsApp-Image-2023-08-18-at-16.46.43-150x150.jpeg\",\"contentUrl\":\"https:\/\/med.estrategia.com\/portal\/wp-content\/uploads\/2021\/09\/WhatsApp-Image-2023-08-18-at-16.46.43-150x150.jpeg\",\"caption\":\"Ana Carolina Damasceno\"},\"description\":\"Coordenadora de Jornalismo EMED. Comunicadora por natureza e forma\u00e7\u00e3o, que ama e perde a no\u00e7\u00e3o do tempo com m\u00fasica e s\u00e9rie.\",\"url\":\"https:\/\/med.estrategia.com\/portal\/author\/ana-carolina-damasceno\/\"}]}<\/script>\n<!-- \/ Yoast SEO Premium plugin. -->","yoast_head_json":{"title":"SES-PE publica edital para Resid\u00eancia M\u00e9dica 2024; inscri\u00e7\u00f5es s\u00e3o prorrogadas","description":"O edital para resid\u00eancia m\u00e9dica da SES-PE 2024 acaba de ser divulgado! Confira as principais informa\u00e7\u00f5es com o Estrat\u00e9gia MED.","robots":{"index":"index","follow":"follow","max-snippet":"max-snippet:-1","max-image-preview":"max-image-preview:large","max-video-preview":"max-video-preview:-1"},"canonical":"https:\/\/med.estrategia.com\/portal\/noticias\/edital-residencia-medica-ses-pe-2024\/","og_locale":"pt_BR","og_type":"article","og_title":"SES-PE publica edital para Resid\u00eancia M\u00e9dica 2024; inscri\u00e7\u00f5es s\u00e3o prorrogadas","og_description":"O edital para resid\u00eancia m\u00e9dica da SES-PE 2024 acaba de ser divulgado! Confira as principais informa\u00e7\u00f5es com o Estrat\u00e9gia MED.","og_url":"https:\/\/med.estrategia.com\/portal\/noticias\/edital-residencia-medica-ses-pe-2024\/","og_site_name":"Estrat\u00e9gia MED","article_publisher":"https:\/\/www.facebook.com\/estrategiamed1","article_published_time":"2023-10-24T14:00:00+00:00","article_modified_time":"2024-01-22T20:49:43+00:00","og_image":[{"width":1920,"height":1080,"url":"https:\/\/med.estrategia.com\/portal\/wp-content\/uploads\/2023\/07\/SES-PE_edital.jpg","type":"image\/jpeg"}],"author":"Ana Carolina Damasceno","twitter_card":"summary_large_image","twitter_creator":"@estrategiamed_","twitter_site":"@estrategiamed_","twitter_misc":{"Escrito por":"Ana Carolina Damasceno","Est. tempo de leitura":"4 minutos"},"schema":{"@context":"https:\/\/schema.org","@graph":[{"@type":"WebPage","@id":"https:\/\/med.estrategia.com\/portal\/noticias\/edital-residencia-medica-ses-pe-2024\/","url":"https:\/\/med.estrategia.com\/portal\/noticias\/edital-residencia-medica-ses-pe-2024\/","name":"SES-PE publica edital para Resid\u00eancia M\u00e9dica 2024; inscri\u00e7\u00f5es s\u00e3o prorrogadas","isPartOf":{"@id":"https:\/\/med.estrategia.com\/portal\/#website"},"primaryImageOfPage":{"@id":"https:\/\/med.estrategia.com\/portal\/noticias\/edital-residencia-medica-ses-pe-2024\/#primaryimage"},"image":{"@id":"https:\/\/med.estrategia.com\/portal\/noticias\/edital-residencia-medica-ses-pe-2024\/#primaryimage"},"thumbnailUrl":"https:\/\/med.estrategia.com\/portal\/wp-content\/uploads\/2023\/07\/SES-PE_edital.jpg","datePublished":"2023-10-24T14:00:00+00:00","dateModified":"2024-01-22T20:49:43+00:00","author":{"@id":"https:\/\/med.estrategia.com\/portal\/#\/schema\/person\/2f553adbb8e25fe39d145c5b2927f58c"},"description":"O edital para resid\u00eancia m\u00e9dica da SES-PE 2024 acaba de ser divulgado! Confira as principais informa\u00e7\u00f5es com o Estrat\u00e9gia MED.","breadcrumb":{"@id":"https:\/\/med.estrategia.com\/portal\/noticias\/edital-residencia-medica-ses-pe-2024\/#breadcrumb"},"inLanguage":"pt-BR","potentialAction":[{"@type":"ReadAction","target":["https:\/\/med.estrategia.com\/portal\/noticias\/edital-residencia-medica-ses-pe-2024\/"]}]},{"@type":"ImageObject","inLanguage":"pt-BR","@id":"https:\/\/med.estrategia.com\/portal\/noticias\/edital-residencia-medica-ses-pe-2024\/#primaryimage","url":"https:\/\/med.estrategia.com\/portal\/wp-content\/uploads\/2023\/07\/SES-PE_edital.jpg","contentUrl":"https:\/\/med.estrategia.com\/portal\/wp-content\/uploads\/2023\/07\/SES-PE_edital.jpg","width":1920,"height":1080,"caption":"Estrat\u00e9gia MED | Foto de Divulga\u00e7\u00e3o: Santa Casa de Miseric\u00f3rdia do Recife"},{"@type":"BreadcrumbList","@id":"https:\/\/med.estrategia.com\/portal\/noticias\/edital-residencia-medica-ses-pe-2024\/#breadcrumb","itemListElement":[{"@type":"ListItem","position":1,"name":"Home","item":"https:\/\/med.estrategia.com\/portal\/"},{"@type":"ListItem","position":2,"name":"Not\u00edcias","item":"https:\/\/med.estrategia.com\/portal\/noticias\/"},{"@type":"ListItem","position":3,"name":"SES-PE publica edital para Resid\u00eancia M\u00e9dica 2024; inscri\u00e7\u00f5es s\u00e3o prorrogadas"}]},{"@type":"WebSite","@id":"https:\/\/med.estrategia.com\/portal\/#website","url":"https:\/\/med.estrategia.com\/portal\/","name":"Estrat\u00e9gia MED","description":"","potentialAction":[{"@type":"SearchAction","target":{"@type":"EntryPoint","urlTemplate":"https:\/\/med.estrategia.com\/portal\/?s={search_term_string}"},"query-input":{"@type":"PropertyValueSpecification","valueRequired":true,"valueName":"search_term_string"}}],"inLanguage":"pt-BR"},{"@type":"Person","@id":"https:\/\/med.estrategia.com\/portal\/#\/schema\/person\/2f553adbb8e25fe39d145c5b2927f58c","name":"Ana Carolina Damasceno","image":{"@type":"ImageObject","inLanguage":"pt-BR","@id":"https:\/\/med.estrategia.com\/portal\/#\/schema\/person\/image\/","url":"https:\/\/med.estrategia.com\/portal\/wp-content\/uploads\/2021\/09\/WhatsApp-Image-2023-08-18-at-16.46.43-150x150.jpeg","contentUrl":"https:\/\/med.estrategia.com\/portal\/wp-content\/uploads\/2021\/09\/WhatsApp-Image-2023-08-18-at-16.46.43-150x150.jpeg","caption":"Ana Carolina Damasceno"},"description":"Coordenadora de Jornalismo EMED. Comunicadora por natureza e forma\u00e7\u00e3o, que ama e perde a no\u00e7\u00e3o do tempo com m\u00fasica e s\u00e9rie.","url":"https:\/\/med.estrategia.com\/portal\/author\/ana-carolina-damasceno\/"}]}},"_wl_alt_label":[],"wl:entity_url":"\/post\/edital-residencia-medica-ses-pe-2024","_links":{"self":[{"href":"https:\/\/med.estrategia.com\/portal\/wp-json\/wp\/v2\/posts\/42596","targetHints":{"allow":["GET"]}}],"collection":[{"href":"https:\/\/med.estrategia.com\/portal\/wp-json\/wp\/v2\/posts"}],"about":[{"href":"https:\/\/med.estrategia.com\/portal\/wp-json\/wp\/v2\/types\/post"}],"author":[{"embeddable":true,"href":"https:\/\/med.estrategia.com\/portal\/wp-json\/wp\/v2\/users\/39"}],"replies":[{"embeddable":true,"href":"https:\/\/med.estrategia.com\/portal\/wp-json\/wp\/v2\/comments?post=42596"}],"version-history":[{"count":17,"href":"https:\/\/med.estrategia.com\/portal\/wp-json\/wp\/v2\/posts\/42596\/revisions"}],"predecessor-version":[{"id":56550,"href":"https:\/\/med.estrategia.com\/portal\/wp-json\/wp\/v2\/posts\/42596\/revisions\/56550"}],"wp:featuredmedia":[{"embeddable":true,"href":"https:\/\/med.estrategia.com\/portal\/wp-json\/wp\/v2\/media\/42340"}],"wp:attachment":[{"href":"https:\/\/med.estrategia.com\/portal\/wp-json\/wp\/v2\/media?parent=42596"}],"wp:term":[{"taxonomy":"category","embeddable":true,"href":"https:\/\/med.estrategia.com\/portal\/wp-json\/wp\/v2\/categories?post=42596"},{"taxonomy":"post_tag","embeddable":true,"href":"https:\/\/med.estrategia.com\/portal\/wp-json\/wp\/v2\/tags?post=42596"},{"taxonomy":"wl_entity_type","embeddable":true,"href":"https:\/\/med.estrategia.com\/portal\/wp-json\/wp\/v2\/wl_entity_type?post=42596"}],"curies":[{"name":"wp","href":"https:\/\/api.w.org\/{rel}","templated":true}]}}