{"id":42602,"date":"2023-09-18T17:05:00","date_gmt":"2023-09-18T20:05:00","guid":{"rendered":"https:\/\/med.estrategia.com\/portal\/?p=42602"},"modified":"2023-11-10T11:33:29","modified_gmt":"2023-11-10T14:33:29","slug":"edital-residencia-medica-psu-go-2024","status":"publish","type":"post","link":"https:\/\/med.estrategia.com\/portal\/noticias\/edital-residencia-medica-psu-go-2024\/","title":{"rendered":"PSU-GO 2024 tem edital publicado; 22 institui\u00e7\u00f5es participam da sele\u00e7\u00e3o"},"content":{"rendered":"<p>A Comiss&atilde;o Estadual de Resid&ecirc;ncia M&eacute;dica de Goi&aacute;s (<strong>CEREM-GO<\/strong>), em parceria com a Assessoria de Apoio &agrave; Resid&ecirc;ncia M&eacute;dica de Minas Gerais (<strong>AREMG<\/strong>), divulgaram hoje (18) o edital para a <strong>segunda edi&ccedil;&atilde;o do Processo Seletivo Unificado de Goi&aacute;s, o&nbsp;PSU-GO<\/strong> <strong>2024<\/strong>.<p>Com vagas ofertadas em programas de resid&ecirc;ncia m&eacute;dica de Acesso Direto e com Pr&eacute;-Requisito exigido,<strong> a sele&ccedil;&atilde;o ser&aacute; composta por duas etapas: prova objetiva e avalia&ccedil;&atilde;o curricular padronizada.<\/strong> Os interessados em uma das vagas ofertadas pelas institui&ccedil;&otilde;es participantes do PSU-GO poder&atilde;o se<strong> inscrever na sele&ccedil;&atilde;o a partir do dia 9 a 30 de outubro de 2023.<\/strong> <\/p><p>Confira mais detalhes sobre o PSU-GO 2024 abaixo.<\/p><div id=\"ez-toc-container\" class=\"ez-toc-v2_0_79_2 counter-hierarchy ez-toc-counter ez-toc-transparent ez-toc-container-direction\">\n<div class=\"ez-toc-title-container\"><p class=\"ez-toc-title\" style=\"cursor:inherit\">Navegue pelo conte\u00fado<\/p>\n<\/div><nav><ul class='ez-toc-list ez-toc-list-level-1 ' ><li class='ez-toc-page-1 ez-toc-heading-level-2'><a class=\"ez-toc-link ez-toc-heading-1\" href=\"https:\/\/med.estrategia.com\/portal\/noticias\/edital-residencia-medica-psu-go-2024\/#Resumo-Edital-%E2%80%93-PSU-GO-2024\" >Resumo Edital &ndash; PSU-GO 2024<\/a><\/li><li class='ez-toc-page-1 ez-toc-heading-level-2'><a class=\"ez-toc-link ez-toc-heading-2\" href=\"https:\/\/med.estrategia.com\/portal\/noticias\/edital-residencia-medica-psu-go-2024\/#Instituicoes-participantes-do-PSU-GO-2024\" >Institui&ccedil;&otilde;es participantes do PSU-GO 2024<\/a><\/li><li class='ez-toc-page-1 ez-toc-heading-level-2'><a class=\"ez-toc-link ez-toc-heading-3\" href=\"https:\/\/med.estrategia.com\/portal\/noticias\/edital-residencia-medica-psu-go-2024\/#Edital-PSU-GO-2024\" >Edital PSU-GO 2024<\/a><\/li><li class='ez-toc-page-1 ez-toc-heading-level-2'><a class=\"ez-toc-link ez-toc-heading-4\" href=\"https:\/\/med.estrategia.com\/portal\/noticias\/edital-residencia-medica-psu-go-2024\/#Prepare-se-para-o-PSU-GO-2024-com-o-Estrategia-MED\" >Prepare-se para o PSU-GO 2024 com o Estrat&eacute;gia MED<\/a><\/li><\/ul><\/nav><\/div>\n<h2 class=\"wp-block-heading\" id=\"h-resumo-edital-psu-go-2024\"><span class=\"ez-toc-section\" id=\"Resumo-Edital-%E2%80%93-PSU-GO-2024\"><\/span>Resumo Edital &ndash; PSU-GO 2024<span class=\"ez-toc-section-end\"><\/span><\/h2><figure class=\"wp-block-table\"><table><tbody><tr><td><strong>Vagas Ofertadas<\/strong><\/td><td class=\"has-text-align-center\" data-align=\"center\">382<\/td><\/tr><tr><td><strong>Institui&ccedil;&otilde;es participantes<\/strong><\/td><td class=\"has-text-align-center\" data-align=\"center\">22 <\/td><\/tr><tr><td><strong>Composi&ccedil;&atilde;o do Processo Seletivo<\/strong><\/td><td class=\"has-text-align-center\" data-align=\"center\">1&ordf; Fase: Prova Objetiva (Peso 9) + 2&ordf; Fase Avalia&ccedil;&atilde;o Curricular (Peso 1)<\/td><\/tr><tr><td><strong>Local de Prova<\/strong><\/td><td class=\"has-text-align-center\" data-align=\"center\">Goi&acirc;nia\/GO<\/td><\/tr><tr><td><strong>Taxa de Inscri&ccedil;&atilde;o<\/strong><\/td><td class=\"has-text-align-center\" data-align=\"center\">R$ 490,00<\/td><\/tr><tr><td><strong>Per&iacute;odo de Inscri&ccedil;&otilde;es<\/strong><\/td><td class=\"has-text-align-center\" data-align=\"center\">09\/10 a 30\/10\/2023<\/td><\/tr><tr><td><strong>Per&iacute;odo de Isen&ccedil;&atilde;o<\/strong><\/td><td class=\"has-text-align-center\" data-align=\"center\">02\/10 a 04\/10\/2023<\/td><\/tr><tr><td><strong>Envio de Documentos do Curr&iacute;culo<\/strong><\/td><td class=\"has-text-align-center\" data-align=\"center\">09\/10 a 30\/10\/2023<\/td><\/tr><tr><td><strong>Comprovante de Inscri&ccedil;&atilde;o<\/strong><\/td><td class=\"has-text-align-center\" data-align=\"center\">01 a 09\/11\/2023<\/td><\/tr><tr><td><strong>Prova Objetiva<\/strong><\/td><td class=\"has-text-align-center\" data-align=\"center\">19\/11\/2023<\/td><\/tr><tr><td><strong>Divulga&ccedil;&atilde;o do gabarito<\/strong><\/td><td class=\"has-text-align-center\" data-align=\"center\">19\/11\/2023<\/td><\/tr><tr><td><strong>Divulga&ccedil;&atilde;o do resultado da prova<\/strong><\/td><td class=\"has-text-align-center\" data-align=\"center\">18\/12\/2023 (previs&atilde;o)<\/td><\/tr><tr><td><strong>Resultado preliminar da avalia&ccedil;&atilde;o curricular<\/strong><\/td><td class=\"has-text-align-center\" data-align=\"center\">22\/01\/2024 (previs&atilde;o)<\/td><\/tr><tr><td><strong>Nota Final com a ordem de prefer&ecirc;ncia<\/strong><\/td><td class=\"has-text-align-center\" data-align=\"center\">29\/01\/2024 (previs&atilde;o)<\/td><\/tr><tr><td><strong>Data e horas finais para altera&ccedil;&atilde;o da ordem de prefer&ecirc;ncia<\/strong><\/td><td class=\"has-text-align-center\" data-align=\"center\">30\/01\/2024 at&eacute; &agrave;s 16h<\/td><\/tr><tr><td><strong>Resultado Final e Convoca&ccedil;&atilde;o<\/strong><\/td><td class=\"has-text-align-center\" data-align=\"center\">31\/01\/2024 (previs&atilde;o)<\/td><\/tr><tr><td><strong>Confirma&ccedil;&atilde;o de Interesse\/Desist&ecirc;ncia aprovados\/Matr&iacute;culas<\/strong><\/td><td class=\"has-text-align-center\" data-align=\"center\">01 e 02\/02\/2024<\/td><\/tr><tr><td><strong>Convoca&ccedil;&atilde;o de excedentes por desist&ecirc;ncia com libera&ccedil;&atilde;o de vagas<\/strong><\/td><td class=\"has-text-align-center\" data-align=\"center\">05\/02 a 15\/03\/2024<\/td><\/tr><tr><td><strong>In&iacute;cio dos Programas<\/strong><\/td><td class=\"has-text-align-center\" data-align=\"center\">01\/03\/2024<\/td><\/tr><\/tbody><\/table><\/figure><p>Quer saber em detalhes tudo sobre o processo seletivo para resid&ecirc;ncia m&eacute;dica do PSU-GO?&nbsp;<a href=\"https:\/\/med.estrategia.com\/portal\/residencia-medica\/psu-go-residencia-medica\/\" target=\"_blank\">Clique aqui e confira o texto exclusivo<\/a>&nbsp;que preparamos para auxiliar voc&ecirc; a entender como funciona a inscri&ccedil;&atilde;o, prova, vagas ofertadas e mais do PSU-GO 2024 para Resid&ecirc;ncia M&eacute;dica! Assine tamb&eacute;m a nossa Newsletter para receber atualiza&ccedil;&otilde;es sobre este e outros processos seletivos diretamente no seu e-mail:<\/p><p>\n\n\n<div id=\"new-form\">\n\t<form id=\"forms_layout\">\n\t<input type=\"hidden\" id=\"chave_de\" name=\"chave_de\" value=\"01_EMED_LEADS_TOTAIS\" \/>\n\t\t<input type=\"hidden\" id=\"mid\" name=\"mid\" value=\"515009018\" \/>\n\t\t<input type=\"hidden\" id=\"Objetivo\" name=\"Objetivo\" value=\"Medicina\" \/>\n\t\t<input type=\"hidden\" id=\"Estado_de_Origem_do_IP\" name=\"Estado_de_Origem_do_IP\"  value=\"\" \/>\n\t\t<input type=\"hidden\" id=\"Cidade_de_Origem_do_IP\" name=\"Cidade_de_Origem_do_IP\" value=\"\" \/>\n\t\t<input type=\"hidden\" id=\"Modo_de_entrada\" name=\"Modo_de_entrada\" value=\"Portal\" \/>\n\t\t<input type=\"hidden\" id=\"Pagina_Origem\" name=\"Pagina_Origem\" value=\"\" \/>\n\n\t\t<div class=\"texto\">\n\t\t\t<h3 class=\"news\">Inscreva-se em nossa newsletter!<\/h3>\n\t\t\t<p>Receba not\u00edcias sobre resid\u00eancia m\u00e9dica, revalida\u00e7\u00e3o de diplomas e concursos m\u00e9dicos, al\u00e9m de materiais de estudo gratuitos e informa\u00e7\u00f5es relevantes do mundo da Medicina.<\/p>\n\t\t<\/div>\n\t\t<div class=\"campos\">\n\t\t\t<div class=\"first_name labels\">\n\t\t\t\t<input type=\"text\" class=\"input_labels\" id=\"first_name\" name=\"Nome_Completo\" placeholder=\"Nome\" required \/>\n\t\t\t<\/div>\n\t\t\t<div class=\"email labels\">\n\t\t\t\t<input type=\"email\" class=\"input_labels\" id=\"email\" name=\"Email\" placeholder=\"E-mail\" required \/>\n\t\t\t<\/div>\n\t\t\t<button type=\"submit\" class=\"button_layout\">\n\t\t\t\t<div id=\"lblBotao\">Inscreva-se<\/div>\n\t\t\t\t<span id=\"divSpiner\" class=\"loader\" role=\"status\" style=\"display: none;\"><\/span>\t\n\t\t\t<\/button>\n\t\t<\/div><!-- \/campos -->\n\t\t\n\t\t<label class=\"container_checkbox\">Voc\u00ea concorda com a nossa\n\t\t\t<a class=\"politics_privacy_ahref\" target=\"_blank\" href=\"https:\/\/gratis.estrategiaconcursos.com.br\/politica-de-privacidade\/\">Pol\u00edtica de Privacidade<\/a> e aceita receber informa\u00e7\u00f5es adicionais do Estrat\u00e9gia Educacional.\n\t\t\t<input id=\"checkbox_layout\" type=\"checkbox\" checked=\"checked\" required \/>\n\t\t\t<span class=\"checkbox\"><\/span>\n\t\t<\/label>\n\t\t<div id=\"msg\"><\/div>\n\t\t<div id=\"error\" class=\"error\">\n\t\t<\/div>\n\t<\/form>\n<\/div><!-- \/new-form -->\n\n\n\n<\/p><h2 class=\"wp-block-heading\" id=\"h-instituicoes-participantes-do-psu-go-2024\"><span class=\"ez-toc-section\" id=\"Instituicoes-participantes-do-PSU-GO-2024\"><\/span>Institui&ccedil;&otilde;es participantes do PSU-GO 2024<span class=\"ez-toc-section-end\"><\/span><\/h2><ul class=\"wp-block-list\">\n<li>CENTRO DE REABILITA&Ccedil;&Atilde;O E READAPTA&Ccedil;&Atilde;O DR HENRIQUE SANTILLO<\/li>\n\n\n\n<li>CENTRO UNIVERSIT&Aacute;RIO DE MINEIROS (UNFIMES)<\/li>\n\n\n\n<li>FUNDA&Ccedil;&Atilde;O UNIVERSIT&Aacute;RIA EVANGELICA &ndash; FUNEV<\/li>\n\n\n\n<li>HOSPITAL ALFREDO ABRAH&Atilde;O<\/li>\n\n\n\n<li>HOSPITAL ANUAR AUAD HOSPITAL DE DOEN&Ccedil;AS TROPICAIS &ndash; HDT<\/li>\n\n\n\n<li>HOSPITAL ARA&Uacute;JO JORGE &ndash; ASSOCIA&Ccedil;&Atilde;O DE COMBATE AO C&Acirc;NCER<\/li>\n\n\n\n<li>HOSPITAL DAS CL&Iacute;NICAS DA UFG<\/li>\n\n\n\n<li>HOSPITAL DE URG&Ecirc;NCIAS DE GOI&Acirc;NIA &ndash; HUGO<\/li>\n\n\n\n<li>HOSPITAL DE URG&Ecirc;NCIAS GOVERNADOR OT&Aacute;VIO LAGE DE SIQUEIRA &ndash; HUGOL<\/li>\n\n\n\n<li>HOSPITAL DO CORA&Ccedil;&Atilde;O ANIS RASSI<\/li>\n\n\n\n<li>HOSPITAL E MATERNIDADE ARISTINA C&Acirc;NDIDA<\/li>\n\n\n\n<li>HOSPITAL E MATERNIDADE DONA IRIS<\/li>\n\n\n\n<li>HOSPITAL ESTADUAL DA CRIAN&Ccedil;A E DO ADOLESCENTE<\/li>\n\n\n\n<li>HOSPITAL ESTADUAL DE APARECIDA DE GOI&Acirc;NIA CAIRO LOUZADA &ndash; HEAPA<\/li>\n\n\n\n<li>HOSPITAL ESTADUAL DO CENTRO OSTE GOIANO &ndash; HCN<\/li>\n\n\n\n<li>HOSPITAL MATERNO INFANTIL DE GOI&Acirc;NIA &ndash; HEMU<\/li>\n\n\n\n<li>HOSPITAL SANTA HELENA<\/li>\n\n\n\n<li>HOSPITAL S&Atilde;O FRANCISCO DE ASSIS &ndash; HSFA<\/li>\n\n\n\n<li>SANTA CASA DE MISERIC&Oacute;RDIA<\/li>\n\n\n\n<li>UNIVERSIDAD EVANG&Eacute;LICA DE GOI&Aacute;S\/UniEVANG&Eacute;LICA<\/li>\n\n\n\n<li>UNIVERSIDADE DE RIO VERDE<\/li>\n\n\n\n<li>UNIVERSIDADE FEDERAL DE JATA&Iacute;<\/li>\n<\/ul><h2 class=\"wp-block-heading\" id=\"h-edital-psu-go-2024\"><span class=\"ez-toc-section\" id=\"Edital-PSU-GO-2024\"><\/span>Edital PSU-GO 2024<span class=\"ez-toc-section-end\"><\/span><\/h2><p>O edital unificado do PSU-GO 2024 foi divulgado hoje, dia 18 de setembro de 2023, junto aos editais de cada institui&ccedil;&atilde;o participante da sele&ccedil;&atilde;o. Confira os documentos:<\/p><div class=\"wp-block-buttons is-content-justification-center is-layout-flex wp-container-core-buttons-is-layout-1 wp-block-buttons-is-layout-flex\">\n<div class=\"wp-block-button\"><a class=\"wp-block-button__link wp-element-button\" href=\"https:\/\/med.estrategia.com\/portal\/wp-content\/uploads\/2023\/09\/edt0000164-0001000.pdf\" target=\"_blank\"><strong>Edital PSU-GO 2024<\/strong><\/a><\/div>\n\n\n\n<div class=\"wp-block-button\"><a class=\"wp-block-button__link wp-element-button\" href=\"http:\/\/www.aremg.org.br\/processos-atuais\" target=\"_blank\">Editais das institui&ccedil;&otilde;es<\/a><\/div>\n<\/div><h2 class=\"wp-block-heading\" id=\"h-prepare-se-para-o-psu-go-2024-com-o-estrategia-med\"><span class=\"ez-toc-section\" id=\"Prepare-se-para-o-PSU-GO-2024-com-o-Estrategia-MED\"><\/span>Prepare-se para o PSU-GO 2024 com o Estrat&eacute;gia MED<span class=\"ez-toc-section-end\"><\/span><\/h2><p>O&nbsp;<a href=\"https:\/\/med.estrategia.com\/portal\/entidade\/estrategia-med\/\">Estrat&eacute;gia MED<\/a>&nbsp;preparou uma semana de Revis&otilde;es para Reta Final completa, com conte&uacute;dos espec&iacute;ficos e direcionados para a banca. Inscreva-se no nosso canal do&nbsp;<a href=\"https:\/\/www.youtube.com\/@EstrategiaMED\/featured\" target=\"_blank\">Youtube<\/a>&nbsp;e acompanhe as transmiss&otilde;es do&nbsp;<strong>Reta Final PSU-GO Resid&ecirc;ncia M&eacute;dica<\/strong>&nbsp;<strong>2024<\/strong>. Confira a programa&ccedil;&atilde;o:<\/p><figure class=\"wp-block-table\"><table><tbody><tr><td class=\"has-text-align-center\" data-align=\"center\"><strong>DATA<\/strong><\/td><td class=\"has-text-align-center\" data-align=\"center\"><strong>HOR&Aacute;RIO<\/strong><\/td><td class=\"has-text-align-center\" data-align=\"center\"><strong>EVENTO<\/strong><\/td><\/tr><tr><td class=\"has-text-align-center\" data-align=\"center\"><strong>12\/11<\/strong><\/td><td class=\"has-text-align-center\" data-align=\"center\">10h &agrave;s 17h20<\/td><td class=\"has-text-align-center\" data-align=\"center\">Premoni&ccedil;&atilde;o PSU-GO Resid&ecirc;ncia M&eacute;dica<\/td><\/tr><tr><td class=\"has-text-align-center\" data-align=\"center\"><strong>13\/11<\/strong><\/td><td class=\"has-text-align-center\" data-align=\"center\">19h &agrave;s 21h30<\/td><td class=\"has-text-align-center\" data-align=\"center\">Hora da Verdade Ginecologia e Obstetr&iacute;cia PSU-GO Resid&ecirc;ncia M&eacute;dica<\/td><\/tr><tr><td class=\"has-text-align-center\" data-align=\"center\"><strong>14\/11<\/strong><\/td><td class=\"has-text-align-center\" data-align=\"center\">19h &agrave;s 21h30<\/td><td class=\"has-text-align-center\" data-align=\"center\">Hora da Verdade Cirurgia PSU-GO Resid&ecirc;ncia M&eacute;dica<\/td><\/tr><tr><td class=\"has-text-align-center\" data-align=\"center\"><strong>15\/11<\/strong><\/td><td class=\"has-text-align-center\" data-align=\"center\">19h &agrave;s 21h30<\/td><td class=\"has-text-align-center\" data-align=\"center\">Hora da Verdade Pediatria PSU-GO Resid&ecirc;ncia M&eacute;dica<\/td><\/tr><tr><td class=\"has-text-align-center\" data-align=\"center\"><strong>16\/11<\/strong><\/td><td class=\"has-text-align-center\" data-align=\"center\">19h &agrave;s 21h30<\/td><td class=\"has-text-align-center\" data-align=\"center\">Hora da Verdade Medicina Preventiva PSU-GO Resid&ecirc;ncia M&eacute;dica<\/td><\/tr><tr><td class=\"has-text-align-center\" data-align=\"center\"><strong>17\/11<\/strong><\/td><td class=\"has-text-align-center\" data-align=\"center\">19h &agrave;s 23h<\/td><td class=\"has-text-align-center\" data-align=\"center\">Hora da Verdade Cl&iacute;nica M&eacute;dica PSU-GO Resid&ecirc;ncia M&eacute;dica<\/td><\/tr><tr><td class=\"has-text-align-center\" data-align=\"center\"><strong>18\/11<\/strong><\/td><td class=\"has-text-align-center\" data-align=\"center\">10h &agrave;s 17h20<\/td><td class=\"has-text-align-center\" data-align=\"center\">Revis&atilde;o de V&eacute;spera PSU-GO Resid&ecirc;ncia M&eacute;dica<\/td><\/tr><tr><td class=\"has-text-align-center\" data-align=\"center\"><strong>19\/11<\/strong><\/td><td class=\"has-text-align-center\" data-align=\"center\">a partir das 18h<\/td><td class=\"has-text-align-center\" data-align=\"center\">Gabarito PSU-GO 2024<\/td><\/tr><\/tbody><\/table><\/figure><p>Confira tamb&eacute;m mais artigos preparados exclusivamente para voc&ecirc; que deseja participar do PSU-GO 2024!<\/p><p class=\"wp-block-preformatted\">Tudo sobre o processo seletivo: <a href=\"https:\/\/med.estrategia.com\/portal\/residencia-medica\/psu-go-residencia-medica\/\" target=\"_blank\">Resid&ecirc;ncia M&eacute;dica PSU-GO: tudo sobre o processo seletivo!<\/a><\/p><p class=\"wp-block-preformatted\">Concorr&ecirc;ncia da &uacute;ltima edi&ccedil;&atilde;o: <a href=\"https:\/\/med.estrategia.com\/portal\/noticias\/psu-go-2023-divulgada-a-concorrencia-do-seletivo-de-residencia-medica\/\" target=\"_blank\">PSU-GO 2023: divulgada a concorr&ecirc;ncia do seletivo de Resid&ecirc;ncia M&eacute;dica<\/a><\/p><p class=\"wp-block-preformatted\">Nota de Corte da &uacute;ltima edi&ccedil;&atilde;o: <a href=\"https:\/\/med.estrategia.com\/portal\/residencia-medica\/nota-de-corte-goias\/\" target=\"_blank\">Notas de Corte para Resid&ecirc;ncia M&eacute;dica 2023: confira a rela&ccedil;&atilde;o de notas em Goi&aacute;s<\/a><\/p><p class=\"wp-block-preformatted\">Calend&aacute;rio de Provas: <a href=\"https:\/\/med.estrategia.com\/portal\/residencia-medica\/calendario-de-residencia-medica-confira-as-datas-das-proximas-provas\/\" target=\"_blank\">Resid&ecirc;ncia M&eacute;dica 2023\/2024<\/a><\/p><p><strong>Siga acompanhando o Portal de Not&iacute;cias do Estrat&eacute;gia MED<\/strong>&nbsp;para mais informa&ccedil;&otilde;es sobre Resid&ecirc;ncia M&eacute;dica e seus respectivos processos seletivos, assim como processos de Revalida&ccedil;&atilde;o de Diplomas em Medicina, atualidades e novidades da &aacute;rea m&eacute;dica e muito mais.<\/p><p>\n\n\n\n<a id=\"cta\" class=\"cta-imagem\" href=\"https:\/\/med.estrategia.com\/curso\/curso-intensivo-para-residencia-medica\/\" target=\"blank\">\n                <img decoding=\"async\" width=\"100%\" src=\"https:\/\/med.estrategia.com\/portal\/wp-content\/uploads\/2025\/08\/intensivo_rm.jpg\" alt=\"intensivo_rm\" title=\"intensivo_rm\">\n        <\/a>\n<\/p><\/p>\n","protected":false},"excerpt":{"rendered":"A Comiss&atilde;o Estadual de Resid&ecirc;ncia M&eacute;dica de Goi&aacute;s (CEREM-GO), em parceria com a Assessoria de Apoio &agrave; Resid&ecirc;ncia&hellip;\n","protected":false},"author":39,"featured_media":42321,"comment_status":"closed","ping_status":"closed","sticky":false,"template":"","format":"standard","meta":{"wl_entities_gutenberg":"","footnotes":""},"categories":[300],"tags":[579,577,576,578,95],"wl_entity_type":[199],"class_list":{"0":"post-42602","1":"post","2":"type-post","3":"status-publish","4":"format-standard","5":"has-post-thumbnail","7":"category-noticias","8":"tag-aremg","9":"tag-cerem-go","10":"tag-comissao-estadual-de-residencia-medica-de-goias","11":"tag-psu-go-2024","12":"tag-residencia-medica","13":"wl_entity_type-article"},"acf":[],"yoast_head":"<!-- This site is optimized with the Yoast SEO Premium plugin v26.6 (Yoast SEO v26.6) - https:\/\/yoast.com\/wordpress\/plugins\/seo\/ -->\n<title>PSU-GO 2024: edital publicado!<\/title>\n<meta name=\"description\" content=\"O edital da segunda edi\u00e7\u00e3o do PSU-GO 2024 saiu! Veja as principais informa\u00e7\u00f5es sobre a sele\u00e7\u00e3o com o Estrat\u00e9gia MED.\" \/>\n<meta name=\"robots\" content=\"index, follow, max-snippet:-1, max-image-preview:large, max-video-preview:-1\" \/>\n<link rel=\"canonical\" href=\"https:\/\/med.estrategia.com\/portal\/noticias\/edital-residencia-medica-psu-go-2024\/\" \/>\n<meta property=\"og:locale\" content=\"pt_BR\" \/>\n<meta property=\"og:type\" content=\"article\" \/>\n<meta property=\"og:title\" content=\"PSU-GO 2024 tem edital publicado; 22 institui\u00e7\u00f5es participam da sele\u00e7\u00e3o\" \/>\n<meta property=\"og:description\" content=\"O edital da segunda edi\u00e7\u00e3o do PSU-GO 2024 saiu! Veja as principais informa\u00e7\u00f5es sobre a sele\u00e7\u00e3o com o Estrat\u00e9gia MED.\" \/>\n<meta property=\"og:url\" content=\"https:\/\/med.estrategia.com\/portal\/noticias\/edital-residencia-medica-psu-go-2024\/\" \/>\n<meta property=\"og:site_name\" content=\"Estrat\u00e9gia MED\" \/>\n<meta property=\"article:publisher\" content=\"https:\/\/www.facebook.com\/estrategiamed1\" \/>\n<meta property=\"article:published_time\" content=\"2023-09-18T20:05:00+00:00\" \/>\n<meta property=\"article:modified_time\" content=\"2023-11-10T14:33:29+00:00\" \/>\n<meta property=\"og:image\" content=\"https:\/\/med.estrategia.com\/portal\/wp-content\/uploads\/2023\/07\/PSU-GO_edital.jpg\" \/>\n\t<meta property=\"og:image:width\" content=\"1920\" \/>\n\t<meta property=\"og:image:height\" content=\"1080\" \/>\n\t<meta property=\"og:image:type\" content=\"image\/jpeg\" \/>\n<meta name=\"author\" content=\"Ana Carolina Damasceno\" \/>\n<meta name=\"twitter:card\" content=\"summary_large_image\" \/>\n<meta name=\"twitter:creator\" content=\"@estrategiamed_\" \/>\n<meta name=\"twitter:site\" content=\"@estrategiamed_\" \/>\n<meta name=\"twitter:label1\" content=\"Escrito por\" \/>\n\t<meta name=\"twitter:data1\" content=\"Ana Carolina Damasceno\" \/>\n\t<meta name=\"twitter:label2\" content=\"Est. tempo de leitura\" \/>\n\t<meta name=\"twitter:data2\" content=\"4 minutos\" \/>\n<script type=\"application\/ld+json\" class=\"yoast-schema-graph\">{\"@context\":\"https:\/\/schema.org\",\"@graph\":[{\"@type\":\"WebPage\",\"@id\":\"https:\/\/med.estrategia.com\/portal\/noticias\/edital-residencia-medica-psu-go-2024\/\",\"url\":\"https:\/\/med.estrategia.com\/portal\/noticias\/edital-residencia-medica-psu-go-2024\/\",\"name\":\"PSU-GO 2024: edital publicado!\",\"isPartOf\":{\"@id\":\"https:\/\/med.estrategia.com\/portal\/#website\"},\"primaryImageOfPage\":{\"@id\":\"https:\/\/med.estrategia.com\/portal\/noticias\/edital-residencia-medica-psu-go-2024\/#primaryimage\"},\"image\":{\"@id\":\"https:\/\/med.estrategia.com\/portal\/noticias\/edital-residencia-medica-psu-go-2024\/#primaryimage\"},\"thumbnailUrl\":\"https:\/\/med.estrategia.com\/portal\/wp-content\/uploads\/2023\/07\/PSU-GO_edital.jpg\",\"datePublished\":\"2023-09-18T20:05:00+00:00\",\"dateModified\":\"2023-11-10T14:33:29+00:00\",\"author\":{\"@id\":\"https:\/\/med.estrategia.com\/portal\/#\/schema\/person\/2f553adbb8e25fe39d145c5b2927f58c\"},\"description\":\"O edital da segunda edi\u00e7\u00e3o do PSU-GO 2024 saiu! Veja as principais informa\u00e7\u00f5es sobre a sele\u00e7\u00e3o com o Estrat\u00e9gia MED.\",\"breadcrumb\":{\"@id\":\"https:\/\/med.estrategia.com\/portal\/noticias\/edital-residencia-medica-psu-go-2024\/#breadcrumb\"},\"inLanguage\":\"pt-BR\",\"potentialAction\":[{\"@type\":\"ReadAction\",\"target\":[\"https:\/\/med.estrategia.com\/portal\/noticias\/edital-residencia-medica-psu-go-2024\/\"]}]},{\"@type\":\"ImageObject\",\"inLanguage\":\"pt-BR\",\"@id\":\"https:\/\/med.estrategia.com\/portal\/noticias\/edital-residencia-medica-psu-go-2024\/#primaryimage\",\"url\":\"https:\/\/med.estrategia.com\/portal\/wp-content\/uploads\/2023\/07\/PSU-GO_edital.jpg\",\"contentUrl\":\"https:\/\/med.estrategia.com\/portal\/wp-content\/uploads\/2023\/07\/PSU-GO_edital.jpg\",\"width\":1920,\"height\":1080,\"caption\":\"Estrat\u00e9gia MED | Foto: Secom\/UFG\"},{\"@type\":\"BreadcrumbList\",\"@id\":\"https:\/\/med.estrategia.com\/portal\/noticias\/edital-residencia-medica-psu-go-2024\/#breadcrumb\",\"itemListElement\":[{\"@type\":\"ListItem\",\"position\":1,\"name\":\"Home\",\"item\":\"https:\/\/med.estrategia.com\/portal\/\"},{\"@type\":\"ListItem\",\"position\":2,\"name\":\"Not\u00edcias\",\"item\":\"https:\/\/med.estrategia.com\/portal\/noticias\/\"},{\"@type\":\"ListItem\",\"position\":3,\"name\":\"PSU-GO 2024 tem edital publicado; 22 institui\u00e7\u00f5es participam da sele\u00e7\u00e3o\"}]},{\"@type\":\"WebSite\",\"@id\":\"https:\/\/med.estrategia.com\/portal\/#website\",\"url\":\"https:\/\/med.estrategia.com\/portal\/\",\"name\":\"Estrat\u00e9gia MED\",\"description\":\"\",\"potentialAction\":[{\"@type\":\"SearchAction\",\"target\":{\"@type\":\"EntryPoint\",\"urlTemplate\":\"https:\/\/med.estrategia.com\/portal\/?s={search_term_string}\"},\"query-input\":{\"@type\":\"PropertyValueSpecification\",\"valueRequired\":true,\"valueName\":\"search_term_string\"}}],\"inLanguage\":\"pt-BR\"},{\"@type\":\"Person\",\"@id\":\"https:\/\/med.estrategia.com\/portal\/#\/schema\/person\/2f553adbb8e25fe39d145c5b2927f58c\",\"name\":\"Ana Carolina Damasceno\",\"image\":{\"@type\":\"ImageObject\",\"inLanguage\":\"pt-BR\",\"@id\":\"https:\/\/med.estrategia.com\/portal\/#\/schema\/person\/image\/\",\"url\":\"https:\/\/med.estrategia.com\/portal\/wp-content\/uploads\/2021\/09\/WhatsApp-Image-2023-08-18-at-16.46.43-150x150.jpeg\",\"contentUrl\":\"https:\/\/med.estrategia.com\/portal\/wp-content\/uploads\/2021\/09\/WhatsApp-Image-2023-08-18-at-16.46.43-150x150.jpeg\",\"caption\":\"Ana Carolina Damasceno\"},\"description\":\"Coordenadora de Jornalismo EMED. Comunicadora por natureza e forma\u00e7\u00e3o, que ama e perde a no\u00e7\u00e3o do tempo com m\u00fasica e s\u00e9rie.\",\"url\":\"https:\/\/med.estrategia.com\/portal\/author\/ana-carolina-damasceno\/\"}]}<\/script>\n<!-- \/ Yoast SEO Premium plugin. -->","yoast_head_json":{"title":"PSU-GO 2024: edital publicado!","description":"O edital da segunda edi\u00e7\u00e3o do PSU-GO 2024 saiu! Veja as principais informa\u00e7\u00f5es sobre a sele\u00e7\u00e3o com o Estrat\u00e9gia MED.","robots":{"index":"index","follow":"follow","max-snippet":"max-snippet:-1","max-image-preview":"max-image-preview:large","max-video-preview":"max-video-preview:-1"},"canonical":"https:\/\/med.estrategia.com\/portal\/noticias\/edital-residencia-medica-psu-go-2024\/","og_locale":"pt_BR","og_type":"article","og_title":"PSU-GO 2024 tem edital publicado; 22 institui\u00e7\u00f5es participam da sele\u00e7\u00e3o","og_description":"O edital da segunda edi\u00e7\u00e3o do PSU-GO 2024 saiu! Veja as principais informa\u00e7\u00f5es sobre a sele\u00e7\u00e3o com o Estrat\u00e9gia MED.","og_url":"https:\/\/med.estrategia.com\/portal\/noticias\/edital-residencia-medica-psu-go-2024\/","og_site_name":"Estrat\u00e9gia MED","article_publisher":"https:\/\/www.facebook.com\/estrategiamed1","article_published_time":"2023-09-18T20:05:00+00:00","article_modified_time":"2023-11-10T14:33:29+00:00","og_image":[{"width":1920,"height":1080,"url":"https:\/\/med.estrategia.com\/portal\/wp-content\/uploads\/2023\/07\/PSU-GO_edital.jpg","type":"image\/jpeg"}],"author":"Ana Carolina Damasceno","twitter_card":"summary_large_image","twitter_creator":"@estrategiamed_","twitter_site":"@estrategiamed_","twitter_misc":{"Escrito por":"Ana Carolina Damasceno","Est. tempo de leitura":"4 minutos"},"schema":{"@context":"https:\/\/schema.org","@graph":[{"@type":"WebPage","@id":"https:\/\/med.estrategia.com\/portal\/noticias\/edital-residencia-medica-psu-go-2024\/","url":"https:\/\/med.estrategia.com\/portal\/noticias\/edital-residencia-medica-psu-go-2024\/","name":"PSU-GO 2024: edital publicado!","isPartOf":{"@id":"https:\/\/med.estrategia.com\/portal\/#website"},"primaryImageOfPage":{"@id":"https:\/\/med.estrategia.com\/portal\/noticias\/edital-residencia-medica-psu-go-2024\/#primaryimage"},"image":{"@id":"https:\/\/med.estrategia.com\/portal\/noticias\/edital-residencia-medica-psu-go-2024\/#primaryimage"},"thumbnailUrl":"https:\/\/med.estrategia.com\/portal\/wp-content\/uploads\/2023\/07\/PSU-GO_edital.jpg","datePublished":"2023-09-18T20:05:00+00:00","dateModified":"2023-11-10T14:33:29+00:00","author":{"@id":"https:\/\/med.estrategia.com\/portal\/#\/schema\/person\/2f553adbb8e25fe39d145c5b2927f58c"},"description":"O edital da segunda edi\u00e7\u00e3o do PSU-GO 2024 saiu! Veja as principais informa\u00e7\u00f5es sobre a sele\u00e7\u00e3o com o Estrat\u00e9gia MED.","breadcrumb":{"@id":"https:\/\/med.estrategia.com\/portal\/noticias\/edital-residencia-medica-psu-go-2024\/#breadcrumb"},"inLanguage":"pt-BR","potentialAction":[{"@type":"ReadAction","target":["https:\/\/med.estrategia.com\/portal\/noticias\/edital-residencia-medica-psu-go-2024\/"]}]},{"@type":"ImageObject","inLanguage":"pt-BR","@id":"https:\/\/med.estrategia.com\/portal\/noticias\/edital-residencia-medica-psu-go-2024\/#primaryimage","url":"https:\/\/med.estrategia.com\/portal\/wp-content\/uploads\/2023\/07\/PSU-GO_edital.jpg","contentUrl":"https:\/\/med.estrategia.com\/portal\/wp-content\/uploads\/2023\/07\/PSU-GO_edital.jpg","width":1920,"height":1080,"caption":"Estrat\u00e9gia MED | Foto: Secom\/UFG"},{"@type":"BreadcrumbList","@id":"https:\/\/med.estrategia.com\/portal\/noticias\/edital-residencia-medica-psu-go-2024\/#breadcrumb","itemListElement":[{"@type":"ListItem","position":1,"name":"Home","item":"https:\/\/med.estrategia.com\/portal\/"},{"@type":"ListItem","position":2,"name":"Not\u00edcias","item":"https:\/\/med.estrategia.com\/portal\/noticias\/"},{"@type":"ListItem","position":3,"name":"PSU-GO 2024 tem edital publicado; 22 institui\u00e7\u00f5es participam da sele\u00e7\u00e3o"}]},{"@type":"WebSite","@id":"https:\/\/med.estrategia.com\/portal\/#website","url":"https:\/\/med.estrategia.com\/portal\/","name":"Estrat\u00e9gia MED","description":"","potentialAction":[{"@type":"SearchAction","target":{"@type":"EntryPoint","urlTemplate":"https:\/\/med.estrategia.com\/portal\/?s={search_term_string}"},"query-input":{"@type":"PropertyValueSpecification","valueRequired":true,"valueName":"search_term_string"}}],"inLanguage":"pt-BR"},{"@type":"Person","@id":"https:\/\/med.estrategia.com\/portal\/#\/schema\/person\/2f553adbb8e25fe39d145c5b2927f58c","name":"Ana Carolina Damasceno","image":{"@type":"ImageObject","inLanguage":"pt-BR","@id":"https:\/\/med.estrategia.com\/portal\/#\/schema\/person\/image\/","url":"https:\/\/med.estrategia.com\/portal\/wp-content\/uploads\/2021\/09\/WhatsApp-Image-2023-08-18-at-16.46.43-150x150.jpeg","contentUrl":"https:\/\/med.estrategia.com\/portal\/wp-content\/uploads\/2021\/09\/WhatsApp-Image-2023-08-18-at-16.46.43-150x150.jpeg","caption":"Ana Carolina Damasceno"},"description":"Coordenadora de Jornalismo EMED. Comunicadora por natureza e forma\u00e7\u00e3o, que ama e perde a no\u00e7\u00e3o do tempo com m\u00fasica e s\u00e9rie.","url":"https:\/\/med.estrategia.com\/portal\/author\/ana-carolina-damasceno\/"}]}},"_wl_alt_label":[],"wl:entity_url":"\/post\/edital-residencia-medica-psu-go-2024","_links":{"self":[{"href":"https:\/\/med.estrategia.com\/portal\/wp-json\/wp\/v2\/posts\/42602","targetHints":{"allow":["GET"]}}],"collection":[{"href":"https:\/\/med.estrategia.com\/portal\/wp-json\/wp\/v2\/posts"}],"about":[{"href":"https:\/\/med.estrategia.com\/portal\/wp-json\/wp\/v2\/types\/post"}],"author":[{"embeddable":true,"href":"https:\/\/med.estrategia.com\/portal\/wp-json\/wp\/v2\/users\/39"}],"replies":[{"embeddable":true,"href":"https:\/\/med.estrategia.com\/portal\/wp-json\/wp\/v2\/comments?post=42602"}],"version-history":[{"count":13,"href":"https:\/\/med.estrategia.com\/portal\/wp-json\/wp\/v2\/posts\/42602\/revisions"}],"predecessor-version":[{"id":51481,"href":"https:\/\/med.estrategia.com\/portal\/wp-json\/wp\/v2\/posts\/42602\/revisions\/51481"}],"wp:featuredmedia":[{"embeddable":true,"href":"https:\/\/med.estrategia.com\/portal\/wp-json\/wp\/v2\/media\/42321"}],"wp:attachment":[{"href":"https:\/\/med.estrategia.com\/portal\/wp-json\/wp\/v2\/media?parent=42602"}],"wp:term":[{"taxonomy":"category","embeddable":true,"href":"https:\/\/med.estrategia.com\/portal\/wp-json\/wp\/v2\/categories?post=42602"},{"taxonomy":"post_tag","embeddable":true,"href":"https:\/\/med.estrategia.com\/portal\/wp-json\/wp\/v2\/tags?post=42602"},{"taxonomy":"wl_entity_type","embeddable":true,"href":"https:\/\/med.estrategia.com\/portal\/wp-json\/wp\/v2\/wl_entity_type?post=42602"}],"curies":[{"name":"wp","href":"https:\/\/api.w.org\/{rel}","templated":true}]}}