{"id":42703,"date":"2023-07-14T12:44:24","date_gmt":"2023-07-14T15:44:24","guid":{"rendered":"https:\/\/med.estrategia.com\/portal\/?p=42703"},"modified":"2023-08-07T19:05:08","modified_gmt":"2023-08-07T22:05:08","slug":"lei-do-mais-medicos-e-sancionada-e-novos-editais-do-programa-sao-publicados","status":"publish","type":"post","link":"https:\/\/med.estrategia.com\/portal\/maismedicos\/lei-do-mais-medicos-e-sancionada-e-novos-editais-do-programa-sao-publicados\/","title":{"rendered":"Lei do Mais M\u00e9dicos \u00e9 sancionada e novos editais do programa s\u00e3o publicados"},"content":{"rendered":"<p class=\"wp-block-paragraph\">O presidente da rep&uacute;blica, Luiz In&aacute;cio Lula da Silva, sancionou hoje (14) a nova <strong>Lei do <a href=\"https:\/\/med.estrategia.com\/portal\/noticias\/novo-mais-medicos-e-lancado-pelo-ministerio-da-saude-confira-as-mudancas\/\" target=\"_blank\">Mais M&eacute;dicos<\/a><\/strong>. Assim, fica institu&iacute;da a <strong><a href=\"https:\/\/med.estrategia.com\/portal\/noticias\/mais-medicos-divulga-criterios-de-concessao-de-beneficios\/\" target=\"_blank\">Estrat&eacute;gia Nacional de Forma&ccedil;&atilde;o de Especialistas para a Sa&uacute;de<\/a><\/strong>, que refor&ccedil;a a forma&ccedil;&atilde;o de <span id=\"urn:enhancement-4b3d6b88-25aa-4cf9-8c76-4fdad7fe6853\" class=\"textannotation disambiguated wl-thing\" itemid=\"https:\/\/data.wordlift.io\/wl106637\/entity\/medicos\">m&eacute;dicos<\/span> especialistas, al&eacute;m dos incentivos financeiros para a fixa&ccedil;&atilde;o dos profissionais em &aacute;reas remotas e\/ou de alta vulnerabilidade social. Na noite anterior &agrave; san&ccedil;&atilde;o presidencial, a Secretaria de Aten&ccedil;&atilde;o &agrave; Sa&uacute;de Prim&aacute;ria publicou <a href=\"https:\/\/med.estrategia.com\/portal\/maismedicos\/mais-medicos-lanca-novos-editais\/\" target=\"_blank\">4 novos editais, abrangendo sa&uacute;de ind&iacute;gena, sa&uacute;de prisional, consult&oacute;rio na rua e 31&ordm; ciclo regular<\/a>. <p class=\"wp-block-paragraph\">O evento contou com a participa&ccedil;&atilde;o da ministra da Sa&uacute;de, <strong><a href=\"https:\/\/med.estrategia.com\/portal\/noticias\/nisia-trindade-nova-ministra-da-saude\/\" target=\"_blank\">N&iacute;sia Trindade<\/a><\/strong>, do Secret&aacute;rio da <span id=\"urn:enhancement-c206d6a8-bc48-45f4-a874-997a6cb40031\" class=\"textannotation disambiguated wl-thing\" itemid=\"https:\/\/data.wordlift.io\/wl106637\/entity\/atencao-primaria-a-saude\">Aten&ccedil;&atilde;o Prim&aacute;ria &agrave; Sa&uacute;de<\/span> (SAPS), N&eacute;sio Fernandes e de outras autoridades da Sa&uacute;de. <\/p><div id=\"ez-toc-container\" class=\"ez-toc-v2_0_86 counter-hierarchy ez-toc-counter ez-toc-transparent ez-toc-container-direction\">\n<div class=\"ez-toc-title-container\"><p class=\"ez-toc-title\" style=\"cursor:inherit\">Navegue pelo conte\u00fado<\/p>\n<\/div><nav><ul class='ez-toc-list ez-toc-list-level-1 ' ><li class='ez-toc-page-1 ez-toc-heading-level-2'><a class=\"ez-toc-link ez-toc-heading-1\" href=\"https:\/\/med.estrategia.com\/portal\/maismedicos\/lei-do-mais-medicos-e-sancionada-e-novos-editais-do-programa-sao-publicados\/#Historico-da-nova-Lei-do-Mais-Medicos\" >Hist&oacute;rico da nova Lei do Mais M&eacute;dicos<\/a><\/li><li class='ez-toc-page-1 ez-toc-heading-level-2'><a class=\"ez-toc-link ez-toc-heading-2\" href=\"https:\/\/med.estrategia.com\/portal\/maismedicos\/lei-do-mais-medicos-e-sancionada-e-novos-editais-do-programa-sao-publicados\/#O-que-institui-a-nova-Lei-do-Mais-Medicos\" >O que institui a nova Lei do Mais M&eacute;dicos<\/a><\/li><li class='ez-toc-page-1 ez-toc-heading-level-2'><a class=\"ez-toc-link ez-toc-heading-3\" href=\"https:\/\/med.estrategia.com\/portal\/maismedicos\/lei-do-mais-medicos-e-sancionada-e-novos-editais-do-programa-sao-publicados\/#O-que-e-o-Mais-Medicos\" >O que &eacute; o Mais M&eacute;dicos<\/a><\/li><\/ul><\/nav><\/div>\n<h2 class=\"wp-block-heading\" id=\"h-historico-da-nova-lei-do-mais-medicos\"><span class=\"ez-toc-section\" id=\"Historico-da-nova-Lei-do-Mais-Medicos\"><\/span>Hist&oacute;rico da nova Lei do Mais M&eacute;dicos <span class=\"ez-toc-section-end\"><\/span><\/h2><p class=\"wp-block-paragraph\">No primeiro edital ap&oacute;s a reformula&ccedil;&atilde;o, o <span id=\"urn:enhancement-4735e40d-7115-4abb-907e-bbec7e4cf7c9\" class=\"textannotation disambiguated wl-thing\" itemid=\"https:\/\/data.wordlift.io\/wl106637\/entity\/programa-mais-medicos\">Mais M&eacute;dicos<\/span> recebeu mais de <strong>34.000 inscri&ccedil;&otilde;es<\/strong>. Dos selecionados, <strong>3.600 <span id=\"urn:enhancement-adb040bb-7a86-4d02-a181-0b322db68a1a\" class=\"textannotation disambiguated wl-thing\" itemid=\"https:\/\/data.wordlift.io\/wl106637\/entity\/medicos\">m&eacute;dicos<\/span> j&aacute; iniciaram as atividades<\/strong> enquanto outros <strong>1.200 realizam o M&oacute;dulo de Acolhimento e Avalia&ccedil;&atilde;o<\/strong>. Recentemente, o governo federal abriu novo edital de ades&atilde;o dos munic&iacute;pios ao programa e mais de<strong> 2.000 munic&iacute;pios aderiram na modalidade com coparticipa&ccedil;&atilde;o<\/strong>. <\/p><p class=\"wp-block-paragraph\">O <span id=\"urn:enhancement-45abefb3-0e35-46b3-805c-e9ff10b8dd5c\" class=\"textannotation disambiguated wl-thing\" itemid=\"https:\/\/data.wordlift.io\/wl106637\/entity\/programa-mais-medicos\">programa Mais M&eacute;dicos<\/span> foi criado em 2013 e perdurou at&eacute; 2019, quando foi lan&ccedil;ado como <span id=\"urn:enhancement-09b46e09-6511-4e8e-b989-a85495820861\" class=\"textannotation disambiguated wl-thing\" itemid=\"https:\/\/data.wordlift.io\/wl106637\/entity\/programa-mais-medicos\">Programa Mais M&eacute;dicos<\/span> pelo Brasil. Em 2023, o programa reformulado teve novos editais de chamamento lan&ccedil;ados, com <a href=\"https:\/\/med.estrategia.com\/portal\/noticias\/mais-medicos-divulga-condicoes-de-participacao-no-programa\/\" target=\"_blank\">novas regras e incentivos &agrave; fixa&ccedil;&atilde;o dos profissionais<\/a> no programa. <\/p><p class=\"wp-block-paragraph\">A nova Lei sofreu <strong>altera&ccedil;&otilde;es <\/strong>do texto original pela <a href=\"https:\/\/med.estrategia.com\/portal\/maismedicos\/mais-medicos-tem-parecer-aprovado-por-comissao\/\" target=\"_blank\">Comiss&atilde;o Mista Parlamentar<\/a> para atender as demandas de entidades m&eacute;dicas sobre a participa&ccedil;&atilde;o de <span id=\"urn:enhancement-d0d830ac-32d5-4c04-b7d1-5553ec43a3b9\" class=\"textannotation disambiguated wl-thing\" itemid=\"https:\/\/data.wordlift.io\/wl106637\/entity\/medicos\">m&eacute;dicos<\/span> formados no exterior, cujos diplomas ainda n&atilde;o foram revalidados no Brasil.<\/p><p class=\"wp-block-paragraph\">Assim, o documento foi <a href=\"https:\/\/med.estrategia.com\/portal\/maismedicos\/mp-do-mais-medicos-e-aprovada-na-camara\/\" target=\"_blank\">aprovado pela C&acirc;mara dos Deputados<\/a> no dia 14 de junho, com o saldo de 353 votos favor&aacute;veis, 58 contr&aacute;rios e uma absten&ccedil;&atilde;o. J&aacute; no <a href=\"https:\/\/med.estrategia.com\/portal\/maismedicos\/mais-medicos-aprovado-no-senado\/\" target=\"_blank\">Senado, a nova Lei foi aprovada<\/a> com 47 votos em favor das novas regras, enquanto 29 senadores se manifestaram contr&aacute;rios &agrave; Lei. A vota&ccedil;&atilde;o ocorreu no dia 29 de junho e seguiu para san&ccedil;&atilde;o presidencial.<\/p><h2 class=\"wp-block-heading\"><span class=\"ez-toc-section\" id=\"O-que-institui-a-nova-Lei-do-Mais-Medicos\"><\/span>O que institui a nova Lei do Mais M&eacute;dicos<span class=\"ez-toc-section-end\"><\/span><\/h2><p class=\"wp-block-paragraph\">A partir da san&ccedil;&atilde;o presidencial, a nova <strong>Lei do <span id=\"urn:enhancement-c06974c0-e794-4642-9bfb-4995c28926aa\" class=\"textannotation disambiguated wl-thing\" itemid=\"https:\/\/data.wordlift.io\/wl106637\/entity\/programa-mais-medicos\">Mais M&eacute;dicos<\/span><\/strong> institui a <strong>Estrat&eacute;gia Nacional de Forma&ccedil;&atilde;o de Especialista para a Sa&uacute;de<\/strong>, que consiste   a cria&ccedil;&atilde;o de <strong>mais vagas na gradua&ccedil;&atilde;o de <span id=\"urn:enhancement-e7efe193-eabb-41ab-8951-7ba31e51201b\" class=\"textannotation disambiguated wl-creative-work\" itemid=\"https:\/\/data.wordlift.io\/wl106637\/entity\/medicina\">Medicina<\/span><\/strong> no &acirc;mbito do programa, <strong>incentivos para a <span id=\"urn:enhancement-3c14d896-56c7-4f24-84ce-629d664d4c61\" class=\"textannotation disambiguated wl-thing\" itemid=\"https:\/\/data.wordlift.io\/wl106637\/entity\/especializacao\">especializa&ccedil;&atilde;o<\/span> <\/strong>em <span id=\"urn:enhancement-c74fe0e5-11c9-40f9-b7e3-8827f1443dd1\" class=\"textannotation disambiguated wl-creative-work\" itemid=\"https:\/\/data.wordlift.io\/wl106637\/entity\/medicina\">Medicina<\/span> da Fam&iacute;lia e Comunidade, <strong>indeniza&ccedil;&atilde;o <\/strong>para os participantes alocados em regi&otilde;es remotas ou de alta vulnerabilidade e a <strong>realiza&ccedil;&atilde;o quadrimestral<\/strong> do <span id=\"urn:enhancement-ad49891b-2f24-422e-8783-1a4cfe82fad7\" class=\"textannotation disambiguated wl-thing\" itemid=\"https:\/\/data.wordlift.io\/wl106637\/entity\/revalida-18038\">exame nacional de revalida&ccedil;&atilde;o de diplomas m&eacute;dicos<\/span> expedidos no exterior do <span id=\"urn:enhancement-91147385-6386-4db7-b1c6-ba87d2c9f16c\" class=\"textannotation disambiguated wl-organization\" itemid=\"https:\/\/data.wordlift.io\/wl106637\/entity\/instituto-nacional-de-estudos-e-pesquisas-educacionais-anisio-teixeira\">Inep<\/span>, o <strong><a href=\"https:\/\/med.estrategia.com\/portal\/revalida\/revalida-inep\/\" target=\"_blank\">Revalida<\/a><\/strong>. <\/p><p class=\"wp-block-paragraph\">Sobre o <strong><a href=\"https:\/\/med.estrategia.com\/portal\/revalida\/revalida-inep\/\" target=\"_blank\">Revalida<\/a><\/strong>, em seu pronunciamento, a ministra N&iacute;sia Trindade exalta a medida de <strong>ampliar o n&uacute;mero anual de edi&ccedil;&otilde;es do exame<\/strong> e, tamb&eacute;m, a participa&ccedil;&atilde;o dos <span id=\"urn:enhancement-ecbf3616-b24d-4d2a-b55a-f5674756338e\" class=\"textannotation disambiguated wl-thing\" itemid=\"https:\/\/data.wordlift.io\/wl106637\/entity\/medicos\">m&eacute;dicos<\/span> formados no exterior no <span id=\"urn:enhancement-570b608d-98a8-4efe-9907-6503e2cd68a4\" class=\"textannotation disambiguated wl-thing\" itemid=\"https:\/\/data.wordlift.io\/wl106637\/entity\/programa-mais-medicos\">Mais M&eacute;dicos<\/span>: &ldquo;junto com os <span id=\"urn:enhancement-9333122f-fccb-4b6a-abdb-db7292a5626c\" class=\"textannotation disambiguated wl-thing\" itemid=\"https:\/\/data.wordlift.io\/wl106637\/entity\/medicos\">m&eacute;dicos<\/span> estrangeiros que se somaram com essa iniciativa a oportunidade de ter a chance de um <span id=\"urn:enhancement-a36a39c5-cb39-42be-a382-1a61c7b18ac3\" class=\"textannotation disambiguated wl-thing\" itemid=\"https:\/\/data.wordlift.io\/wl106637\/entity\/revalida-18038\">Revalida<\/span> justa, de um <span id=\"urn:enhancement-6c96c7d0-3fd6-4cd3-9f10-192933c822e9\" class=\"textannotation disambiguated wl-thing\" itemid=\"https:\/\/data.wordlift.io\/wl106637\/entity\/revalida-18038\">Revalida<\/span> que possa de fato assegurar o reconhecimento da sua forma&ccedil;&atilde;o&rdquo;. <\/p><h2 class=\"wp-block-heading\"><span class=\"ez-toc-section\" id=\"O-que-e-o-Mais-Medicos\"><\/span>O que &eacute; o Mais M&eacute;dicos <span class=\"ez-toc-section-end\"><\/span><\/h2><p class=\"wp-block-paragraph\">O <strong><span id=\"urn:enhancement-983801f8-22a8-480e-867c-870b7b73e82b\" class=\"textannotation disambiguated wl-thing\" itemid=\"https:\/\/data.wordlift.io\/wl106637\/entity\/programa-mais-medicos\">Programa Mais M&eacute;dicos<\/span> (PMM)<\/strong> &eacute; uma pol&iacute;tica p&uacute;blica federal de provimento <span id=\"urn:enhancement-426925a9-70c0-424b-8070-076eb55edaa7\" class=\"textannotation disambiguated wl-thing\" itemid=\"https:\/\/data.wordlift.io\/wl106637\/entity\/medicos\">m&eacute;dico<\/span>, implementado com o <strong>apoio de estados e munic&iacute;pios<\/strong>. O PMM prop&otilde;e a melhoria do atendimento aos usu&aacute;rios do <span id=\"urn:enhancement-38a9ef6d-9ffa-4117-8e7f-10249203eac3\" class=\"textannotation disambiguated wl-thing\" itemid=\"https:\/\/data.wordlift.io\/wl106637\/entity\/sistema-unico-de-saude\">Sistema &Uacute;nico de Sa&uacute;de (SUS<\/span>), levando <span id=\"urn:enhancement-835ce707-8093-4508-a253-93fdd4ab56c2\" class=\"textannotation disambiguated wl-thing\" itemid=\"https:\/\/data.wordlift.io\/wl106637\/entity\/medicos\">m&eacute;dicos<\/span> para regi&otilde;es onde h&aacute; <strong>escassez ou aus&ecirc;ncia desses profissionais<\/strong>. <\/p><p class=\"wp-block-paragraph\">O <span id=\"urn:enhancement-12cb04ed-bf01-4736-8111-6845d227d64b\" class=\"textannotation disambiguated wl-thing\" itemid=\"https:\/\/data.wordlift.io\/wl106637\/entity\/programa-mais-medicos\">Mais M&eacute;dicos<\/span> <strong>faz parte de um conjunto de a&ccedil;&otilde;es e iniciativas do governo para o fortalecimento da <span id=\"urn:enhancement-43033819-5afd-466e-97fd-5b0a6c4d0053\" class=\"textannotation disambiguated wl-thing\" itemid=\"https:\/\/data.wordlift.io\/wl106637\/entity\/atencao-primaria-a-saude\">Aten&ccedil;&atilde;o Prim&aacute;ria &agrave; Sa&uacute;de<\/span> (APS)<\/strong> do pa&iacute;s, porta de entrada preferencial do <span id=\"urn:enhancement-d0adbb4f-447d-4dfc-b5ed-a838248e43c9\" class=\"textannotation disambiguated wl-thing\" itemid=\"https:\/\/data.wordlift.io\/wl106637\/entity\/sistema-unico-de-saude-2\">SUS<\/span>. Segundo o <span id=\"urn:enhancement-587c3293-c830-4b25-97c4-0ea8e408d5cc\" class=\"textannotation disambiguated wl-organization\" itemid=\"https:\/\/data.wordlift.io\/wl106637\/entity\/ministerio-da-saude\">Minist&eacute;rio da Sa&uacute;de<\/span>, &eacute; na Aten&ccedil;&atilde;o Prim&aacute;ria que 80% dos problemas de sa&uacute;de s&atilde;o resolvidos, j&aacute; que essa &eacute; a porta de entrada preferencial do <span id=\"urn:enhancement-dcfa6763-9a55-4bc4-98b2-e38c07cb31e2\" class=\"textannotation disambiguated wl-thing\" itemid=\"https:\/\/data.wordlift.io\/wl106637\/entity\/sistema-unico-de-saude-2\">SUS<\/span>, sistema presente em todos os munic&iacute;pios e pr&oacute;xima de todas as comunidades.<\/p><p class=\"wp-block-paragraph\">Al&eacute;m das a&ccedil;&otilde;es de assist&ecirc;ncia &agrave; sa&uacute;de prim&aacute;ria, o programa prev&ecirc; a <strong>reorganiza&ccedil;&atilde;o da oferta de novas vagas de gradua&ccedil;&atilde;o e <span id=\"urn:enhancement-1fc9f8e8-6df0-473a-b4e0-c245384c256e\" class=\"textannotation disambiguated wl-thing\" itemid=\"https:\/\/data.wordlift.io\/wl106637\/entity\/residencia-medica\">resid&ecirc;ncia m&eacute;dica<\/span><\/strong>, para qualificar a forma&ccedil;&atilde;o desses profissionais e, tamb&eacute;m, oferece <strong>incentivos financeiros<\/strong> para a fixa&ccedil;&atilde;o dos <span id=\"urn:enhancement-99abe661-b33f-42a0-ba62-0be2eddffbe9\" class=\"textannotation disambiguated wl-thing\" itemid=\"https:\/\/data.wordlift.io\/wl106637\/entity\/medicos\">m&eacute;dicos<\/span> em estabelecimentos de sa&uacute;de localizados em regi&otilde;es remotas e\/ou de alta vulnerabilidade social.<\/p><p class=\"wp-block-paragraph\"><\/p><p class=\"wp-block-paragraph\">Se voc&ecirc; quer ficar por dentro de mais conte&uacute;dos relevantes sobre a &aacute;rea m&eacute;dica, continue acompanhando o material preparado pelo <a href=\"https:\/\/med.estrategia.com\/portal\/\" target=\"_blank\">Portal de Not&iacute;cias do Estrat&eacute;gia MED<\/a>. Aqui, voc&ecirc; encontrar&aacute; informa&ccedil;&otilde;es atualizadas sobre resid&ecirc;ncias, carreira m&eacute;dica e muito mais.<\/p><p class=\"wp-block-paragraph\"><strong><a id=\"cta\" class=\"cta-imagem\" href=\"https:\/\/med.estrategia.com\/cursos\/revalida-exclusive\/\" target=\"blank\">\n                <img decoding=\"async\" width=\"100%\" src=\"https:\/\/med.estrategia.com\/portal\/wp-content\/uploads\/2025\/08\/revalida_exclusive.jpg\" alt=\"revalida_exclusive\" title=\"revalida_exclusive\">\n        <\/a><\/strong><\/p><\/p>\n","protected":false},"excerpt":{"rendered":"Lei do Mais M\u00e9dicos \u00e9 sancionada na manh\u00e3 seguinte \u00e0 publica\u00e7\u00e3o de 4 novos editais, que abrangem sa\u00fade ind\u00edgena, sa\u00fade prisional, consult\u00f3rio na rua, al\u00e9m do 31\u00ba ciclo regular \n","protected":false},"author":28,"featured_media":39242,"comment_status":"closed","ping_status":"closed","sticky":false,"template":"","format":"standard","meta":{"footnotes":""},"categories":[473],"tags":[],"class_list":["post-42703","post","type-post","status-publish","format-standard","has-post-thumbnail","category-maismedicos"],"acf":[],"yoast_head":"<!-- This site is optimized with the Yoast SEO Premium plugin v26.6 (Yoast SEO v26.6) - https:\/\/yoast.com\/wordpress\/plugins\/seo\/ -->\n<title>Sancionada a Lei do Mais M\u00e9dicos e 4 novos editais s\u00e3o lan\u00e7ados<\/title>\n<meta name=\"description\" content=\"Na manh\u00e3 seguinte ao lan\u00e7amento de 4 novos editais, o presidente da rep\u00fablica sanciona a nova Lei do Mais M\u00e9dicos.\" \/>\n<meta name=\"robots\" content=\"index, follow, max-snippet:-1, max-image-preview:large, max-video-preview:-1\" \/>\n<link rel=\"canonical\" href=\"https:\/\/med.estrategia.com\/portal\/maismedicos\/lei-do-mais-medicos-e-sancionada-e-novos-editais-do-programa-sao-publicados\/\" \/>\n<meta property=\"og:locale\" content=\"pt_BR\" \/>\n<meta property=\"og:type\" content=\"article\" \/>\n<meta property=\"og:title\" content=\"Lei do Mais M\u00e9dicos \u00e9 sancionada e novos editais do programa s\u00e3o publicados\" \/>\n<meta property=\"og:description\" content=\"Na manh\u00e3 seguinte ao lan\u00e7amento de 4 novos editais, o presidente da rep\u00fablica sanciona a nova Lei do Mais M\u00e9dicos.\" \/>\n<meta property=\"og:url\" content=\"https:\/\/med.estrategia.com\/portal\/maismedicos\/lei-do-mais-medicos-e-sancionada-e-novos-editais-do-programa-sao-publicados\/\" \/>\n<meta property=\"og:site_name\" content=\"Estrat\u00e9gia MED\" \/>\n<meta property=\"article:publisher\" content=\"https:\/\/www.facebook.com\/estrategiamed1\" \/>\n<meta property=\"article:published_time\" content=\"2023-07-14T15:44:24+00:00\" \/>\n<meta property=\"article:modified_time\" content=\"2023-08-07T22:05:08+00:00\" \/>\n<meta property=\"og:image\" content=\"https:\/\/cdn.medblog.estrategiaeducacional.com.br\/wp-content\/uploads\/2023\/05\/vac_abr_1911187238.jpg\" \/>\n\t<meta property=\"og:image:width\" content=\"1024\" \/>\n\t<meta property=\"og:image:height\" content=\"768\" \/>\n\t<meta property=\"og:image:type\" content=\"image\/jpeg\" \/>\n<meta name=\"author\" content=\"Mara Rodrigues\" \/>\n<meta name=\"twitter:card\" content=\"summary_large_image\" \/>\n<meta name=\"twitter:creator\" content=\"@estrategiamed_\" \/>\n<meta name=\"twitter:site\" content=\"@estrategiamed_\" \/>\n<meta name=\"twitter:label1\" content=\"Escrito por\" \/>\n\t<meta name=\"twitter:data1\" content=\"Mara Rodrigues\" \/>\n\t<meta name=\"twitter:label2\" content=\"Est. tempo de leitura\" \/>\n\t<meta name=\"twitter:data2\" content=\"4 minutos\" \/>\n<script type=\"application\/ld+json\" class=\"yoast-schema-graph\">{\"@context\":\"https:\/\/schema.org\",\"@graph\":[{\"@type\":\"WebPage\",\"@id\":\"https:\/\/med.estrategia.com\/portal\/maismedicos\/lei-do-mais-medicos-e-sancionada-e-novos-editais-do-programa-sao-publicados\/\",\"url\":\"https:\/\/med.estrategia.com\/portal\/maismedicos\/lei-do-mais-medicos-e-sancionada-e-novos-editais-do-programa-sao-publicados\/\",\"name\":\"Sancionada a Lei do Mais M\u00e9dicos e 4 novos editais s\u00e3o lan\u00e7ados\",\"isPartOf\":{\"@id\":\"https:\/\/med.estrategia.com\/portal\/#website\"},\"primaryImageOfPage\":{\"@id\":\"https:\/\/med.estrategia.com\/portal\/maismedicos\/lei-do-mais-medicos-e-sancionada-e-novos-editais-do-programa-sao-publicados\/#primaryimage\"},\"image\":{\"@id\":\"https:\/\/med.estrategia.com\/portal\/maismedicos\/lei-do-mais-medicos-e-sancionada-e-novos-editais-do-programa-sao-publicados\/#primaryimage\"},\"thumbnailUrl\":\"https:\/\/med.estrategia.com\/portal\/wp-content\/uploads\/2023\/05\/vac_abr_1911187238.jpg\",\"datePublished\":\"2023-07-14T15:44:24+00:00\",\"dateModified\":\"2023-08-07T22:05:08+00:00\",\"author\":{\"@id\":\"https:\/\/med.estrategia.com\/portal\/#\/schema\/person\/470bd4c35f40db00b82b142e61897777\"},\"description\":\"Na manh\u00e3 seguinte ao lan\u00e7amento de 4 novos editais, o presidente da rep\u00fablica sanciona a nova Lei do Mais M\u00e9dicos.\",\"breadcrumb\":{\"@id\":\"https:\/\/med.estrategia.com\/portal\/maismedicos\/lei-do-mais-medicos-e-sancionada-e-novos-editais-do-programa-sao-publicados\/#breadcrumb\"},\"inLanguage\":\"pt-BR\",\"potentialAction\":[{\"@type\":\"ReadAction\",\"target\":[\"https:\/\/med.estrategia.com\/portal\/maismedicos\/lei-do-mais-medicos-e-sancionada-e-novos-editais-do-programa-sao-publicados\/\"]}]},{\"@type\":\"ImageObject\",\"inLanguage\":\"pt-BR\",\"@id\":\"https:\/\/med.estrategia.com\/portal\/maismedicos\/lei-do-mais-medicos-e-sancionada-e-novos-editais-do-programa-sao-publicados\/#primaryimage\",\"url\":\"https:\/\/med.estrategia.com\/portal\/wp-content\/uploads\/2023\/05\/vac_abr_1911187238.jpg\",\"contentUrl\":\"https:\/\/med.estrategia.com\/portal\/wp-content\/uploads\/2023\/05\/vac_abr_1911187238.jpg\",\"width\":1024,\"height\":768,\"caption\":\"Cr\u00e9ditos: Valter Campanato\/Ag\u00eancia Brasil\"},{\"@type\":\"BreadcrumbList\",\"@id\":\"https:\/\/med.estrategia.com\/portal\/maismedicos\/lei-do-mais-medicos-e-sancionada-e-novos-editais-do-programa-sao-publicados\/#breadcrumb\",\"itemListElement\":[{\"@type\":\"ListItem\",\"position\":1,\"name\":\"Home\",\"item\":\"https:\/\/med.estrategia.com\/portal\/\"},{\"@type\":\"ListItem\",\"position\":2,\"name\":\"Mais M\u00e9dicos\",\"item\":\"https:\/\/med.estrategia.com\/portal\/maismedicos\/\"},{\"@type\":\"ListItem\",\"position\":3,\"name\":\"Lei do Mais M\u00e9dicos \u00e9 sancionada e novos editais do programa s\u00e3o publicados\"}]},{\"@type\":\"WebSite\",\"@id\":\"https:\/\/med.estrategia.com\/portal\/#website\",\"url\":\"https:\/\/med.estrategia.com\/portal\/\",\"name\":\"Estrat\u00e9gia MED\",\"description\":\"\",\"potentialAction\":[{\"@type\":\"SearchAction\",\"target\":{\"@type\":\"EntryPoint\",\"urlTemplate\":\"https:\/\/med.estrategia.com\/portal\/?s={search_term_string}\"},\"query-input\":{\"@type\":\"PropertyValueSpecification\",\"valueRequired\":true,\"valueName\":\"search_term_string\"}}],\"inLanguage\":\"pt-BR\"},{\"@type\":\"Person\",\"@id\":\"https:\/\/med.estrategia.com\/portal\/#\/schema\/person\/470bd4c35f40db00b82b142e61897777\",\"name\":\"Mara Rodrigues\",\"image\":{\"@type\":\"ImageObject\",\"inLanguage\":\"pt-BR\",\"@id\":\"https:\/\/med.estrategia.com\/portal\/#\/schema\/person\/image\/\",\"url\":\"https:\/\/secure.gravatar.com\/avatar\/79d4f231a6e60be68607b8ab06bab1e11881e6ff2bf24d5decfa2e455a055ef6?s=96&d=mm&r=g\",\"contentUrl\":\"https:\/\/secure.gravatar.com\/avatar\/79d4f231a6e60be68607b8ab06bab1e11881e6ff2bf24d5decfa2e455a055ef6?s=96&d=mm&r=g\",\"caption\":\"Mara Rodrigues\"},\"description\":\"Cientista Social e Mestre em Filosofia (Estudos Culturais). Pesquisadora dos temas Sa\u00fade e Meio Ambiente, Ci\u00eancias Sociais e Sa\u00fade, Educa\u00e7\u00e3o M\u00e9dica e Pol\u00edticas P\u00fablicas em Sa\u00fade.\",\"sameAs\":[\"https:\/\/www.linkedin.com\/in\/jocimara\/\"],\"url\":\"https:\/\/med.estrategia.com\/portal\/author\/jocimara-souza\/\"}]}<\/script>\n<!-- \/ Yoast SEO Premium plugin. -->","yoast_head_json":{"title":"Sancionada a Lei do Mais M\u00e9dicos e 4 novos editais s\u00e3o lan\u00e7ados","description":"Na manh\u00e3 seguinte ao lan\u00e7amento de 4 novos editais, o presidente da rep\u00fablica sanciona a nova Lei do Mais M\u00e9dicos.","robots":{"index":"index","follow":"follow","max-snippet":"max-snippet:-1","max-image-preview":"max-image-preview:large","max-video-preview":"max-video-preview:-1"},"canonical":"https:\/\/med.estrategia.com\/portal\/maismedicos\/lei-do-mais-medicos-e-sancionada-e-novos-editais-do-programa-sao-publicados\/","og_locale":"pt_BR","og_type":"article","og_title":"Lei do Mais M\u00e9dicos \u00e9 sancionada e novos editais do programa s\u00e3o publicados","og_description":"Na manh\u00e3 seguinte ao lan\u00e7amento de 4 novos editais, o presidente da rep\u00fablica sanciona a nova Lei do Mais M\u00e9dicos.","og_url":"https:\/\/med.estrategia.com\/portal\/maismedicos\/lei-do-mais-medicos-e-sancionada-e-novos-editais-do-programa-sao-publicados\/","og_site_name":"Estrat\u00e9gia MED","article_publisher":"https:\/\/www.facebook.com\/estrategiamed1","article_published_time":"2023-07-14T15:44:24+00:00","article_modified_time":"2023-08-07T22:05:08+00:00","og_image":[{"width":1024,"height":768,"url":"https:\/\/cdn.medblog.estrategiaeducacional.com.br\/wp-content\/uploads\/2023\/05\/vac_abr_1911187238.jpg","type":"image\/jpeg"}],"author":"Mara Rodrigues","twitter_card":"summary_large_image","twitter_creator":"@estrategiamed_","twitter_site":"@estrategiamed_","twitter_misc":{"Escrito por":"Mara Rodrigues","Est. tempo de leitura":"4 minutos"},"schema":{"@context":"https:\/\/schema.org","@graph":[{"@type":"WebPage","@id":"https:\/\/med.estrategia.com\/portal\/maismedicos\/lei-do-mais-medicos-e-sancionada-e-novos-editais-do-programa-sao-publicados\/","url":"https:\/\/med.estrategia.com\/portal\/maismedicos\/lei-do-mais-medicos-e-sancionada-e-novos-editais-do-programa-sao-publicados\/","name":"Sancionada a Lei do Mais M\u00e9dicos e 4 novos editais s\u00e3o lan\u00e7ados","isPartOf":{"@id":"https:\/\/med.estrategia.com\/portal\/#website"},"primaryImageOfPage":{"@id":"https:\/\/med.estrategia.com\/portal\/maismedicos\/lei-do-mais-medicos-e-sancionada-e-novos-editais-do-programa-sao-publicados\/#primaryimage"},"image":{"@id":"https:\/\/med.estrategia.com\/portal\/maismedicos\/lei-do-mais-medicos-e-sancionada-e-novos-editais-do-programa-sao-publicados\/#primaryimage"},"thumbnailUrl":"https:\/\/med.estrategia.com\/portal\/wp-content\/uploads\/2023\/05\/vac_abr_1911187238.jpg","datePublished":"2023-07-14T15:44:24+00:00","dateModified":"2023-08-07T22:05:08+00:00","author":{"@id":"https:\/\/med.estrategia.com\/portal\/#\/schema\/person\/470bd4c35f40db00b82b142e61897777"},"description":"Na manh\u00e3 seguinte ao lan\u00e7amento de 4 novos editais, o presidente da rep\u00fablica sanciona a nova Lei do Mais M\u00e9dicos.","breadcrumb":{"@id":"https:\/\/med.estrategia.com\/portal\/maismedicos\/lei-do-mais-medicos-e-sancionada-e-novos-editais-do-programa-sao-publicados\/#breadcrumb"},"inLanguage":"pt-BR","potentialAction":[{"@type":"ReadAction","target":["https:\/\/med.estrategia.com\/portal\/maismedicos\/lei-do-mais-medicos-e-sancionada-e-novos-editais-do-programa-sao-publicados\/"]}]},{"@type":"ImageObject","inLanguage":"pt-BR","@id":"https:\/\/med.estrategia.com\/portal\/maismedicos\/lei-do-mais-medicos-e-sancionada-e-novos-editais-do-programa-sao-publicados\/#primaryimage","url":"https:\/\/med.estrategia.com\/portal\/wp-content\/uploads\/2023\/05\/vac_abr_1911187238.jpg","contentUrl":"https:\/\/med.estrategia.com\/portal\/wp-content\/uploads\/2023\/05\/vac_abr_1911187238.jpg","width":1024,"height":768,"caption":"Cr\u00e9ditos: Valter Campanato\/Ag\u00eancia Brasil"},{"@type":"BreadcrumbList","@id":"https:\/\/med.estrategia.com\/portal\/maismedicos\/lei-do-mais-medicos-e-sancionada-e-novos-editais-do-programa-sao-publicados\/#breadcrumb","itemListElement":[{"@type":"ListItem","position":1,"name":"Home","item":"https:\/\/med.estrategia.com\/portal\/"},{"@type":"ListItem","position":2,"name":"Mais M\u00e9dicos","item":"https:\/\/med.estrategia.com\/portal\/maismedicos\/"},{"@type":"ListItem","position":3,"name":"Lei do Mais M\u00e9dicos \u00e9 sancionada e novos editais do programa s\u00e3o publicados"}]},{"@type":"WebSite","@id":"https:\/\/med.estrategia.com\/portal\/#website","url":"https:\/\/med.estrategia.com\/portal\/","name":"Estrat\u00e9gia MED","description":"","potentialAction":[{"@type":"SearchAction","target":{"@type":"EntryPoint","urlTemplate":"https:\/\/med.estrategia.com\/portal\/?s={search_term_string}"},"query-input":{"@type":"PropertyValueSpecification","valueRequired":true,"valueName":"search_term_string"}}],"inLanguage":"pt-BR"},{"@type":"Person","@id":"https:\/\/med.estrategia.com\/portal\/#\/schema\/person\/470bd4c35f40db00b82b142e61897777","name":"Mara Rodrigues","image":{"@type":"ImageObject","inLanguage":"pt-BR","@id":"https:\/\/med.estrategia.com\/portal\/#\/schema\/person\/image\/","url":"https:\/\/secure.gravatar.com\/avatar\/79d4f231a6e60be68607b8ab06bab1e11881e6ff2bf24d5decfa2e455a055ef6?s=96&d=mm&r=g","contentUrl":"https:\/\/secure.gravatar.com\/avatar\/79d4f231a6e60be68607b8ab06bab1e11881e6ff2bf24d5decfa2e455a055ef6?s=96&d=mm&r=g","caption":"Mara Rodrigues"},"description":"Cientista Social e Mestre em Filosofia (Estudos Culturais). Pesquisadora dos temas Sa\u00fade e Meio Ambiente, Ci\u00eancias Sociais e Sa\u00fade, Educa\u00e7\u00e3o M\u00e9dica e Pol\u00edticas P\u00fablicas em Sa\u00fade.","sameAs":["https:\/\/www.linkedin.com\/in\/jocimara\/"],"url":"https:\/\/med.estrategia.com\/portal\/author\/jocimara-souza\/"}]}},"_links":{"self":[{"href":"https:\/\/med.estrategia.com\/portal\/wp-json\/wp\/v2\/posts\/42703","targetHints":{"allow":["GET"]}}],"collection":[{"href":"https:\/\/med.estrategia.com\/portal\/wp-json\/wp\/v2\/posts"}],"about":[{"href":"https:\/\/med.estrategia.com\/portal\/wp-json\/wp\/v2\/types\/post"}],"author":[{"embeddable":true,"href":"https:\/\/med.estrategia.com\/portal\/wp-json\/wp\/v2\/users\/28"}],"replies":[{"embeddable":true,"href":"https:\/\/med.estrategia.com\/portal\/wp-json\/wp\/v2\/comments?post=42703"}],"version-history":[{"count":8,"href":"https:\/\/med.estrategia.com\/portal\/wp-json\/wp\/v2\/posts\/42703\/revisions"}],"predecessor-version":[{"id":43632,"href":"https:\/\/med.estrategia.com\/portal\/wp-json\/wp\/v2\/posts\/42703\/revisions\/43632"}],"wp:featuredmedia":[{"embeddable":true,"href":"https:\/\/med.estrategia.com\/portal\/wp-json\/wp\/v2\/media\/39242"}],"wp:attachment":[{"href":"https:\/\/med.estrategia.com\/portal\/wp-json\/wp\/v2\/media?parent=42703"}],"wp:term":[{"taxonomy":"category","embeddable":true,"href":"https:\/\/med.estrategia.com\/portal\/wp-json\/wp\/v2\/categories?post=42703"},{"taxonomy":"post_tag","embeddable":true,"href":"https:\/\/med.estrategia.com\/portal\/wp-json\/wp\/v2\/tags?post=42703"}],"curies":[{"name":"wp","href":"https:\/\/api.w.org\/{rel}","templated":true}]}}