{"id":42709,"date":"2023-12-11T08:59:00","date_gmt":"2023-12-11T11:59:00","guid":{"rendered":"https:\/\/med.estrategia.com\/portal\/?p=42709"},"modified":"2023-12-18T15:01:05","modified_gmt":"2023-12-18T18:01:05","slug":"edital-residencia-medica-sms-rj-2024","status":"publish","type":"post","link":"https:\/\/med.estrategia.com\/portal\/noticias\/edital-residencia-medica-sms-rj-2024\/","title":{"rendered":"Resid\u00eancia M\u00e9dica SMS-RJ 2024: edital divulgado"},"content":{"rendered":"<p>Nesta segunda-feira (11) foi divulgado o<strong> edital do processo seletivo de resid&ecirc;ncia m&eacute;dica<\/strong> para ingresso nos programas ofertados pelas institui&ccedil;&otilde;es vinculadas &agrave; <strong>Secretaria Municipal de Sa&uacute;de do Rio de Janeiro, SMS-RJ 2024.<\/strong><br><br>Ao todo,<strong> 16 institui&ccedil;&otilde;es participam da sele&ccedil;&atilde;o e disponibilizam 316 vagas no total<\/strong> distribu&iacute;das entre programas de Acesso Direto, Pr&eacute;-Requisito e &Aacute;reas de Atua&ccedil;&atilde;o. Confira mais informa&ccedil;&otilde;es abaixo:<div id=\"ez-toc-container\" class=\"ez-toc-v2_0_79_2 counter-hierarchy ez-toc-counter ez-toc-transparent ez-toc-container-direction\">\n<div class=\"ez-toc-title-container\"><p class=\"ez-toc-title\" style=\"cursor:inherit\">Navegue pelo conte\u00fado<\/p>\n<\/div><nav><ul class='ez-toc-list ez-toc-list-level-1 ' ><li class='ez-toc-page-1 ez-toc-heading-level-2'><a class=\"ez-toc-link ez-toc-heading-1\" href=\"https:\/\/med.estrategia.com\/portal\/noticias\/edital-residencia-medica-sms-rj-2024\/#Resumo-Edital-%E2%80%93-SMS-RJ-2024\" >Resumo Edital &ndash; SMS-RJ 2024<\/a><\/li><li class='ez-toc-page-1 ez-toc-heading-level-2'><a class=\"ez-toc-link ez-toc-heading-2\" href=\"https:\/\/med.estrategia.com\/portal\/noticias\/edital-residencia-medica-sms-rj-2024\/#Instituicoes-participantes-SMS-RJ-2024\" >Institui&ccedil;&otilde;es participantes SMS-RJ 2024<\/a><\/li><li class='ez-toc-page-1 ez-toc-heading-level-2'><a class=\"ez-toc-link ez-toc-heading-3\" href=\"https:\/\/med.estrategia.com\/portal\/noticias\/edital-residencia-medica-sms-rj-2024\/#Edital-Residencia-Medica-SMS-RJ-2024\" >Edital Resid&ecirc;ncia M&eacute;dica SMS-RJ 2024<\/a><\/li><li class='ez-toc-page-1 ez-toc-heading-level-2'><a class=\"ez-toc-link ez-toc-heading-4\" href=\"https:\/\/med.estrategia.com\/portal\/noticias\/edital-residencia-medica-sms-rj-2024\/#Prepare-se-para-a-SMS-RJ-2024-com-o-Estrategia-MED\" >Prepare-se para a SMS-RJ 2024 com o Estrat&eacute;gia MED<\/a><\/li><\/ul><\/nav><\/div>\n<h2 class=\"wp-block-heading\" id=\"h-resumo-edital-sms-rj-2024\"><span class=\"ez-toc-section\" id=\"Resumo-Edital-%E2%80%93-SMS-RJ-2024\"><\/span>Resumo Edital &ndash; SMS-RJ 2024<span class=\"ez-toc-section-end\"><\/span><\/h2><figure class=\"wp-block-table\"><table><tbody><tr><td><strong>Vagas ofertadas<\/strong><\/td><td class=\"has-text-align-center\" data-align=\"center\">316<\/td><\/tr><tr><td><strong>Institui&ccedil;&otilde;es participantes<\/strong><\/td><td class=\"has-text-align-center\" data-align=\"center\">16<\/td><\/tr><tr><td><strong>Taxa de inscri&ccedil;&atilde;o<\/strong><\/td><td class=\"has-text-align-center\" data-align=\"center\">R$ 250,00<\/td><\/tr><tr><td><strong>Solicita&ccedil;&atilde;o de isen&ccedil;&atilde;o<\/strong><\/td><td class=\"has-text-align-center\" data-align=\"center\">12 e 13\/12\/2023<\/td><\/tr><tr><td><strong>Per&iacute;odo de inscri&ccedil;&otilde;es<\/strong><\/td><td class=\"has-text-align-center\" data-align=\"center\">12 a 20\/12\/2023<\/td><\/tr><tr><td><strong>Composi&ccedil;&atilde;o do processo seletivo<\/strong><\/td><td class=\"has-text-align-center\" data-align=\"center\">Fase &uacute;nica: Prova Objetiva<\/td><\/tr><tr><td><strong>Data da prova<\/strong><\/td><td class=\"has-text-align-center\" data-align=\"center\">21\/01\/2024<\/td><\/tr><tr><td><strong>Gabarito preliminar<\/strong><\/td><td class=\"has-text-align-center\" data-align=\"center\">23\/01\/2024<\/td><\/tr><tr><td><strong>Recursos contra Gabarito<\/strong><\/td><td class=\"has-text-align-center\" data-align=\"center\">24 e 25\/01\/2024<\/td><\/tr><tr><td><strong>Gabarito definitivo e Resultado preliminar da Prova<\/strong><\/td><td class=\"has-text-align-center\" data-align=\"center\">07\/02\/2024<\/td><\/tr><tr><td><strong>Recursos ao Resultado da Prova<\/strong><\/td><td class=\"has-text-align-center\" data-align=\"center\">08\/02\/2024<\/td><\/tr><tr><td><strong>Resultado Final<\/strong><\/td><td class=\"has-text-align-center\" data-align=\"center\">26\/02\/2024<\/td><\/tr><tr><td><strong>In&iacute;cio dos programas<\/strong><\/td><td class=\"has-text-align-center\" data-align=\"center\">01\/03\/2024<\/td><\/tr><\/tbody><\/table><\/figure><p>Quer saber em detalhes tudo sobre o processo seletivo para resid&ecirc;ncia m&eacute;dica da SMS-RJ?&nbsp;<a href=\"https:\/\/med.estrategia.com\/portal\/residencia-medica\/sms-rj-residencia-medica\/\" target=\"_blank\">Clique aqui e confira o texto exclusivo<\/a>&nbsp;que preparamos para auxiliar voc&ecirc; a entender como funciona a inscri&ccedil;&atilde;o, prova e mais da SMS-RJ 2024 para Resid&ecirc;ncia M&eacute;dica, bem como as vagas ofertadas!&nbsp;Al&eacute;m disso, n&atilde;o deixe de assinar a nossa Newsletter para receber essas atualiza&ccedil;&otilde;es diretamente no seu e-mail:<\/p><p>\n\n\n<div id=\"new-form\">\n\t<form id=\"forms_layout\">\n\t<input type=\"hidden\" id=\"chave_de\" name=\"chave_de\" value=\"01_EMED_LEADS_TOTAIS\" \/>\n\t\t<input type=\"hidden\" id=\"mid\" name=\"mid\" value=\"515009018\" \/>\n\t\t<input type=\"hidden\" id=\"Objetivo\" name=\"Objetivo\" value=\"Medicina\" \/>\n\t\t<input type=\"hidden\" id=\"Estado_de_Origem_do_IP\" name=\"Estado_de_Origem_do_IP\"  value=\"\" \/>\n\t\t<input type=\"hidden\" id=\"Cidade_de_Origem_do_IP\" name=\"Cidade_de_Origem_do_IP\" value=\"\" \/>\n\t\t<input type=\"hidden\" id=\"Modo_de_entrada\" name=\"Modo_de_entrada\" value=\"Portal\" \/>\n\t\t<input type=\"hidden\" id=\"Pagina_Origem\" name=\"Pagina_Origem\" value=\"\" \/>\n\n\t\t<div class=\"texto\">\n\t\t\t<h3 class=\"news\">Inscreva-se em nossa newsletter!<\/h3>\n\t\t\t<p>Receba not\u00edcias sobre resid\u00eancia m\u00e9dica, revalida\u00e7\u00e3o de diplomas e concursos m\u00e9dicos, al\u00e9m de materiais de estudo gratuitos e informa\u00e7\u00f5es relevantes do mundo da Medicina.<\/p>\n\t\t<\/div>\n\t\t<div class=\"campos\">\n\t\t\t<div class=\"first_name labels\">\n\t\t\t\t<input type=\"text\" class=\"input_labels\" id=\"first_name\" name=\"Nome_Completo\" placeholder=\"Nome\" required \/>\n\t\t\t<\/div>\n\t\t\t<div class=\"email labels\">\n\t\t\t\t<input type=\"email\" class=\"input_labels\" id=\"email\" name=\"Email\" placeholder=\"E-mail\" required \/>\n\t\t\t<\/div>\n\t\t\t<button type=\"submit\" class=\"button_layout\">\n\t\t\t\t<div id=\"lblBotao\">Inscreva-se<\/div>\n\t\t\t\t<span id=\"divSpiner\" class=\"loader\" role=\"status\" style=\"display: none;\"><\/span>\t\n\t\t\t<\/button>\n\t\t<\/div><!-- \/campos -->\n\t\t\n\t\t<label class=\"container_checkbox\">Voc\u00ea concorda com a nossa\n\t\t\t<a class=\"politics_privacy_ahref\" target=\"_blank\" href=\"https:\/\/gratis.estrategiaconcursos.com.br\/politica-de-privacidade\/\">Pol\u00edtica de Privacidade<\/a> e aceita receber informa\u00e7\u00f5es adicionais do Estrat\u00e9gia Educacional.\n\t\t\t<input id=\"checkbox_layout\" type=\"checkbox\" checked=\"checked\" required \/>\n\t\t\t<span class=\"checkbox\"><\/span>\n\t\t<\/label>\n\t\t<div id=\"msg\"><\/div>\n\t\t<div id=\"error\" class=\"error\">\n\t\t<\/div>\n\t<\/form>\n<\/div><!-- \/new-form -->\n\n\n\n<\/p><h2 class=\"wp-block-heading\" id=\"h-instituicoes-participantes-sms-rj-2024\"><span class=\"ez-toc-section\" id=\"Instituicoes-participantes-SMS-RJ-2024\"><\/span>Institui&ccedil;&otilde;es participantes SMS-RJ 2024<span class=\"ez-toc-section-end\"><\/span><\/h2><p>Atualmente, fazem parte do seletivo de Resid&ecirc;ncia M&eacute;dica da SMS-RJ os seguintes hospitais:<\/p><ul class=\"wp-block-list\">\n<li>Centro Carioca do Olho<\/li>\n\n\n\n<li>H.M. Louren&ccedil;o Jorge<\/li>\n\n\n\n<li>H.M. Jesus<\/li>\n\n\n\n<li>H.M. Barata Ribeiro<\/li>\n\n\n\n<li>H.M. Miguel Couto<\/li>\n\n\n\n<li>H.M. Salgado Filho<\/li>\n\n\n\n<li>H.M. Souza Aguiar<\/li>\n\n\n\n<li>H.M. da Piedade<\/li>\n\n\n\n<li>H. M. Francisco da Silva Telles<\/li>\n\n\n\n<li>H. M. Ronaldo Gazolla<\/li>\n\n\n\n<li>H.M Pedro II<\/li>\n\n\n\n<li>I.M. Philippe Pinel<\/li>\n\n\n\n<li>Maternidade Fernando Magalh&atilde;es<\/li>\n\n\n\n<li>Maternidade Alexander Fleming<\/li>\n\n\n\n<li>Maternidade Carmela Dutra<\/li>\n\n\n\n<li>Policl&iacute;nica de Botafogo<\/li>\n<\/ul><h2 class=\"wp-block-heading\" id=\"h-edital-residencia-medica-sms-rj-2024\"><span class=\"ez-toc-section\" id=\"Edital-Residencia-Medica-SMS-RJ-2024\"><\/span>Edital Resid&ecirc;ncia M&eacute;dica SMS-RJ 2024<span class=\"ez-toc-section-end\"><\/span><\/h2><p>Para conferir o edital completo do processo seletivo de resid&ecirc;ncia m&eacute;dica da SMS-RJ 2024, divulgado no Di&aacute;rio Oficial da Prefeitura do Rio de Janeiro, com todas as disposi&ccedil;&otilde;es da nova edi&ccedil;&atilde;o, clique nos bot&otilde;es abaixo:<\/p><div class=\"wp-block-buttons is-content-justification-center is-layout-flex wp-container-core-buttons-is-layout-1 wp-block-buttons-is-layout-flex\">\n<div class=\"wp-block-button\"><a class=\"wp-block-button__link wp-element-button\" href=\"https:\/\/cdn.medblog.estrategiaeducacional.com.br\/wp-content\/uploads\/2023\/12\/EDITAL151RESIDENCIAMEDICAR1EMFC2024.pdf\" target=\"_blank\"><strong>Edital SMS-RJ 2024<\/strong> &ndash; AD E PR<\/a><\/div>\n\n\n\n<div class=\"wp-block-button\"><a class=\"wp-block-button__link wp-element-button\" href=\"https:\/\/med.estrategia.com\/portal\/wp-content\/uploads\/2023\/12\/edital150.pdf\" target=\"_blank\"><strong>Edital SMS-RJ 2024<\/strong> &ndash; &Aacute;reas de atua&ccedil;&atilde;o<\/a><\/div>\n<\/div><h2 class=\"wp-block-heading\" id=\"h-prepare-se-para-a-sms-rj-2024-com-o-estrategia-med\"><span class=\"ez-toc-section\" id=\"Prepare-se-para-a-SMS-RJ-2024-com-o-Estrategia-MED\"><\/span>Prepare-se para a SMS-RJ 2024 com o Estrat&eacute;gia MED<span class=\"ez-toc-section-end\"><\/span><\/h2><p>O&nbsp;<a href=\"https:\/\/med.estrategia.com\/portal\/entidade\/estrategia-med\/\">Estrat&eacute;gia MED<\/a>&nbsp;preparou uma Revis&atilde;o para Reta Final completa, com conte&uacute;dos espec&iacute;ficos e direcionados para a banca. Inscreva-se no nosso canal do&nbsp;<a href=\"https:\/\/www.youtube.com\/@EstrategiaMED\/featured\" target=\"_blank\">Youtube<\/a>&nbsp;e acompanhe as transmiss&otilde;es do&nbsp;<strong>Reta Final SMS-RJ Resid&ecirc;ncia M&eacute;dica<\/strong>&nbsp;<strong>2024<\/strong>. Confira a programa&ccedil;&atilde;o:<\/p><figure class=\"wp-block-table\"><table><thead><tr><th class=\"has-text-align-center\" data-align=\"center\">DATA<\/th><th class=\"has-text-align-center\" data-align=\"center\">HOR&Aacute;RIO<\/th><th class=\"has-text-align-center\" data-align=\"center\">EVENTO<\/th><\/tr><\/thead><tbody><tr><td class=\"has-text-align-center\" data-align=\"center\">14\/01<\/td><td class=\"has-text-align-center\" data-align=\"center\">a partir das 10h<\/td><td class=\"has-text-align-center\" data-align=\"center\">Revis&atilde;o de V&eacute;spera SMS-RJ<\/td><\/tr><tr><td class=\"has-text-align-center\" data-align=\"center\">21\/01<\/td><td class=\"has-text-align-center\" data-align=\"center\">a partir das 11h<\/td><td class=\"has-text-align-center\" data-align=\"center\">Gabarito SMS-RJ 2024<\/td><\/tr><\/tbody><\/table><\/figure><p>Confira tamb&eacute;m alguns artigos preparados especialmente para voc&ecirc; que tem interesse em fazer parte de um dos programas ofertados pela SMS-RJ:<\/p><p class=\"wp-block-preformatted\">Tudo sobre o processo seletivo: <a href=\"https:\/\/med.estrategia.com\/portal\/residencia-medica\/sms-rj-residencia-medica\/\" target=\"_blank\">Resid&ecirc;ncia M&eacute;dica SMS-RJ: edital 2024, nota de corte, concorr&ecirc;ncia e mais<\/a><\/p><p class=\"wp-block-preformatted\">Concorr&ecirc;ncia da &uacute;ltima edi&ccedil;&atilde;o: <a href=\"https:\/\/med.estrategia.com\/portal\/residencia-medica\/concorrencia-residencia-medica\/#SMS-RJ\" target=\"_blank\">Concorr&ecirc;ncia para Resid&ecirc;ncia M&eacute;dica 2023: veja qual foi a rela&ccedil;&atilde;o candidato\/vaga das principais provas<\/a><\/p><p class=\"wp-block-preformatted\">Nota de Corte da &uacute;ltima edi&ccedil;&atilde;o: <a href=\"https:\/\/med.estrategia.com\/portal\/residencia-medica\/notas-de-corte-para-residencia-medica-2023-confira-a-relacao-no-rio-de-janeiro\/#Nota-de-Corte-da-SMS-RJ\" target=\"_blank\">Notas de Corte para Resid&ecirc;ncia M&eacute;dica 2023: confira a rela&ccedil;&atilde;o no Rio de Janeiro<\/a><\/p><p class=\"wp-block-preformatted\">Calend&aacute;rio de Provas: <a href=\"https:\/\/med.estrategia.com\/portal\/residencia-medica\/calendario-de-residencia-medica-confira-as-datas-das-proximas-provas\/\" target=\"_blank\">Resid&ecirc;ncia M&eacute;dica 2023\/2024<\/a><\/p><p>\n\n\n\n<a id=\"cta\" class=\"cta-imagem\" href=\"https:\/\/med.estrategia.com\/curso\/curso-intensivo-para-residencia-medica\/\" target=\"blank\">\n                <img decoding=\"async\" width=\"100%\" src=\"https:\/\/med.estrategia.com\/portal\/wp-content\/uploads\/2025\/08\/intensivo_rm.jpg\" alt=\"intensivo_rm\" title=\"intensivo_rm\">\n        <\/a>\n<\/p><\/p>\n","protected":false},"excerpt":{"rendered":"Seletivo oferta mais de 300 vagas para ingresso em 2024\n","protected":false},"author":39,"featured_media":42343,"comment_status":"closed","ping_status":"closed","sticky":false,"template":"","format":"standard","meta":{"wl_entities_gutenberg":"","footnotes":""},"categories":[300],"tags":[95,596,456],"wl_entity_type":[199],"class_list":{"0":"post-42709","1":"post","2":"type-post","3":"status-publish","4":"format-standard","5":"has-post-thumbnail","7":"category-noticias","8":"tag-residencia-medica","9":"tag-secretaria-municipal-de-saude-do-rio-de-janeiro","10":"tag-sms-rj","11":"wl_entity_type-article"},"acf":[],"yoast_head":"<!-- This site is optimized with the Yoast SEO Premium plugin v26.6 (Yoast SEO v26.6) - https:\/\/yoast.com\/wordpress\/plugins\/seo\/ -->\n<title>Resid\u00eancia M\u00e9dica SMS-RJ 2024: edital divulgado<\/title>\n<meta name=\"description\" content=\"Chegou a hora de conferir o edital que acaba de ser divulgado do processo seletivo de resid\u00eancia m\u00e9dica da SMS-RJ 2024!\" \/>\n<meta name=\"robots\" content=\"index, follow, max-snippet:-1, max-image-preview:large, max-video-preview:-1\" \/>\n<link rel=\"canonical\" href=\"https:\/\/med.estrategia.com\/portal\/noticias\/edital-residencia-medica-sms-rj-2024\/\" \/>\n<meta property=\"og:locale\" content=\"pt_BR\" \/>\n<meta property=\"og:type\" content=\"article\" \/>\n<meta property=\"og:title\" content=\"Resid\u00eancia M\u00e9dica SMS-RJ 2024: edital divulgado\" \/>\n<meta property=\"og:description\" content=\"Chegou a hora de conferir o edital que acaba de ser divulgado do processo seletivo de resid\u00eancia m\u00e9dica da SMS-RJ 2024!\" \/>\n<meta property=\"og:url\" content=\"https:\/\/med.estrategia.com\/portal\/noticias\/edital-residencia-medica-sms-rj-2024\/\" \/>\n<meta property=\"og:site_name\" content=\"Estrat\u00e9gia MED\" \/>\n<meta property=\"article:publisher\" content=\"https:\/\/www.facebook.com\/estrategiamed1\" \/>\n<meta property=\"article:published_time\" content=\"2023-12-11T11:59:00+00:00\" \/>\n<meta property=\"article:modified_time\" content=\"2023-12-18T18:01:05+00:00\" \/>\n<meta property=\"og:image\" content=\"https:\/\/med.estrategia.com\/portal\/wp-content\/uploads\/2023\/07\/SMS-RJ_edital.jpg\" \/>\n\t<meta property=\"og:image:width\" content=\"1920\" \/>\n\t<meta property=\"og:image:height\" content=\"1080\" \/>\n\t<meta property=\"og:image:type\" content=\"image\/jpeg\" \/>\n<meta name=\"author\" content=\"Ana Carolina Damasceno\" \/>\n<meta name=\"twitter:card\" content=\"summary_large_image\" \/>\n<meta name=\"twitter:creator\" content=\"@estrategiamed_\" \/>\n<meta name=\"twitter:site\" content=\"@estrategiamed_\" \/>\n<meta name=\"twitter:label1\" content=\"Escrito por\" \/>\n\t<meta name=\"twitter:data1\" content=\"Ana Carolina Damasceno\" \/>\n\t<meta name=\"twitter:label2\" content=\"Est. tempo de leitura\" \/>\n\t<meta name=\"twitter:data2\" content=\"3 minutos\" \/>\n<script type=\"application\/ld+json\" class=\"yoast-schema-graph\">{\"@context\":\"https:\/\/schema.org\",\"@graph\":[{\"@type\":\"WebPage\",\"@id\":\"https:\/\/med.estrategia.com\/portal\/noticias\/edital-residencia-medica-sms-rj-2024\/\",\"url\":\"https:\/\/med.estrategia.com\/portal\/noticias\/edital-residencia-medica-sms-rj-2024\/\",\"name\":\"Resid\u00eancia M\u00e9dica SMS-RJ 2024: edital divulgado\",\"isPartOf\":{\"@id\":\"https:\/\/med.estrategia.com\/portal\/#website\"},\"primaryImageOfPage\":{\"@id\":\"https:\/\/med.estrategia.com\/portal\/noticias\/edital-residencia-medica-sms-rj-2024\/#primaryimage\"},\"image\":{\"@id\":\"https:\/\/med.estrategia.com\/portal\/noticias\/edital-residencia-medica-sms-rj-2024\/#primaryimage\"},\"thumbnailUrl\":\"https:\/\/med.estrategia.com\/portal\/wp-content\/uploads\/2023\/07\/SMS-RJ_edital.jpg\",\"datePublished\":\"2023-12-11T11:59:00+00:00\",\"dateModified\":\"2023-12-18T18:01:05+00:00\",\"author\":{\"@id\":\"https:\/\/med.estrategia.com\/portal\/#\/schema\/person\/2f553adbb8e25fe39d145c5b2927f58c\"},\"description\":\"Chegou a hora de conferir o edital que acaba de ser divulgado do processo seletivo de resid\u00eancia m\u00e9dica da SMS-RJ 2024!\",\"breadcrumb\":{\"@id\":\"https:\/\/med.estrategia.com\/portal\/noticias\/edital-residencia-medica-sms-rj-2024\/#breadcrumb\"},\"inLanguage\":\"pt-BR\",\"potentialAction\":[{\"@type\":\"ReadAction\",\"target\":[\"https:\/\/med.estrategia.com\/portal\/noticias\/edital-residencia-medica-sms-rj-2024\/\"]}]},{\"@type\":\"ImageObject\",\"inLanguage\":\"pt-BR\",\"@id\":\"https:\/\/med.estrategia.com\/portal\/noticias\/edital-residencia-medica-sms-rj-2024\/#primaryimage\",\"url\":\"https:\/\/med.estrategia.com\/portal\/wp-content\/uploads\/2023\/07\/SMS-RJ_edital.jpg\",\"contentUrl\":\"https:\/\/med.estrategia.com\/portal\/wp-content\/uploads\/2023\/07\/SMS-RJ_edital.jpg\",\"width\":1920,\"height\":1080,\"caption\":\"Estrat\u00e9gia MED | Foto: Arquivo\/Prefeitura do Rio\"},{\"@type\":\"BreadcrumbList\",\"@id\":\"https:\/\/med.estrategia.com\/portal\/noticias\/edital-residencia-medica-sms-rj-2024\/#breadcrumb\",\"itemListElement\":[{\"@type\":\"ListItem\",\"position\":1,\"name\":\"Home\",\"item\":\"https:\/\/med.estrategia.com\/portal\/\"},{\"@type\":\"ListItem\",\"position\":2,\"name\":\"Not\u00edcias\",\"item\":\"https:\/\/med.estrategia.com\/portal\/noticias\/\"},{\"@type\":\"ListItem\",\"position\":3,\"name\":\"Resid\u00eancia M\u00e9dica SMS-RJ 2024: edital divulgado\"}]},{\"@type\":\"WebSite\",\"@id\":\"https:\/\/med.estrategia.com\/portal\/#website\",\"url\":\"https:\/\/med.estrategia.com\/portal\/\",\"name\":\"Estrat\u00e9gia MED\",\"description\":\"\",\"potentialAction\":[{\"@type\":\"SearchAction\",\"target\":{\"@type\":\"EntryPoint\",\"urlTemplate\":\"https:\/\/med.estrategia.com\/portal\/?s={search_term_string}\"},\"query-input\":{\"@type\":\"PropertyValueSpecification\",\"valueRequired\":true,\"valueName\":\"search_term_string\"}}],\"inLanguage\":\"pt-BR\"},{\"@type\":\"Person\",\"@id\":\"https:\/\/med.estrategia.com\/portal\/#\/schema\/person\/2f553adbb8e25fe39d145c5b2927f58c\",\"name\":\"Ana Carolina Damasceno\",\"image\":{\"@type\":\"ImageObject\",\"inLanguage\":\"pt-BR\",\"@id\":\"https:\/\/med.estrategia.com\/portal\/#\/schema\/person\/image\/\",\"url\":\"https:\/\/med.estrategia.com\/portal\/wp-content\/uploads\/2021\/09\/WhatsApp-Image-2023-08-18-at-16.46.43-150x150.jpeg\",\"contentUrl\":\"https:\/\/med.estrategia.com\/portal\/wp-content\/uploads\/2021\/09\/WhatsApp-Image-2023-08-18-at-16.46.43-150x150.jpeg\",\"caption\":\"Ana Carolina Damasceno\"},\"description\":\"Coordenadora de Jornalismo EMED. Comunicadora por natureza e forma\u00e7\u00e3o, que ama e perde a no\u00e7\u00e3o do tempo com m\u00fasica e s\u00e9rie.\",\"url\":\"https:\/\/med.estrategia.com\/portal\/author\/ana-carolina-damasceno\/\"}]}<\/script>\n<!-- \/ Yoast SEO Premium plugin. -->","yoast_head_json":{"title":"Resid\u00eancia M\u00e9dica SMS-RJ 2024: edital divulgado","description":"Chegou a hora de conferir o edital que acaba de ser divulgado do processo seletivo de resid\u00eancia m\u00e9dica da SMS-RJ 2024!","robots":{"index":"index","follow":"follow","max-snippet":"max-snippet:-1","max-image-preview":"max-image-preview:large","max-video-preview":"max-video-preview:-1"},"canonical":"https:\/\/med.estrategia.com\/portal\/noticias\/edital-residencia-medica-sms-rj-2024\/","og_locale":"pt_BR","og_type":"article","og_title":"Resid\u00eancia M\u00e9dica SMS-RJ 2024: edital divulgado","og_description":"Chegou a hora de conferir o edital que acaba de ser divulgado do processo seletivo de resid\u00eancia m\u00e9dica da SMS-RJ 2024!","og_url":"https:\/\/med.estrategia.com\/portal\/noticias\/edital-residencia-medica-sms-rj-2024\/","og_site_name":"Estrat\u00e9gia MED","article_publisher":"https:\/\/www.facebook.com\/estrategiamed1","article_published_time":"2023-12-11T11:59:00+00:00","article_modified_time":"2023-12-18T18:01:05+00:00","og_image":[{"width":1920,"height":1080,"url":"https:\/\/med.estrategia.com\/portal\/wp-content\/uploads\/2023\/07\/SMS-RJ_edital.jpg","type":"image\/jpeg"}],"author":"Ana Carolina Damasceno","twitter_card":"summary_large_image","twitter_creator":"@estrategiamed_","twitter_site":"@estrategiamed_","twitter_misc":{"Escrito por":"Ana Carolina Damasceno","Est. tempo de leitura":"3 minutos"},"schema":{"@context":"https:\/\/schema.org","@graph":[{"@type":"WebPage","@id":"https:\/\/med.estrategia.com\/portal\/noticias\/edital-residencia-medica-sms-rj-2024\/","url":"https:\/\/med.estrategia.com\/portal\/noticias\/edital-residencia-medica-sms-rj-2024\/","name":"Resid\u00eancia M\u00e9dica SMS-RJ 2024: edital divulgado","isPartOf":{"@id":"https:\/\/med.estrategia.com\/portal\/#website"},"primaryImageOfPage":{"@id":"https:\/\/med.estrategia.com\/portal\/noticias\/edital-residencia-medica-sms-rj-2024\/#primaryimage"},"image":{"@id":"https:\/\/med.estrategia.com\/portal\/noticias\/edital-residencia-medica-sms-rj-2024\/#primaryimage"},"thumbnailUrl":"https:\/\/med.estrategia.com\/portal\/wp-content\/uploads\/2023\/07\/SMS-RJ_edital.jpg","datePublished":"2023-12-11T11:59:00+00:00","dateModified":"2023-12-18T18:01:05+00:00","author":{"@id":"https:\/\/med.estrategia.com\/portal\/#\/schema\/person\/2f553adbb8e25fe39d145c5b2927f58c"},"description":"Chegou a hora de conferir o edital que acaba de ser divulgado do processo seletivo de resid\u00eancia m\u00e9dica da SMS-RJ 2024!","breadcrumb":{"@id":"https:\/\/med.estrategia.com\/portal\/noticias\/edital-residencia-medica-sms-rj-2024\/#breadcrumb"},"inLanguage":"pt-BR","potentialAction":[{"@type":"ReadAction","target":["https:\/\/med.estrategia.com\/portal\/noticias\/edital-residencia-medica-sms-rj-2024\/"]}]},{"@type":"ImageObject","inLanguage":"pt-BR","@id":"https:\/\/med.estrategia.com\/portal\/noticias\/edital-residencia-medica-sms-rj-2024\/#primaryimage","url":"https:\/\/med.estrategia.com\/portal\/wp-content\/uploads\/2023\/07\/SMS-RJ_edital.jpg","contentUrl":"https:\/\/med.estrategia.com\/portal\/wp-content\/uploads\/2023\/07\/SMS-RJ_edital.jpg","width":1920,"height":1080,"caption":"Estrat\u00e9gia MED | Foto: Arquivo\/Prefeitura do Rio"},{"@type":"BreadcrumbList","@id":"https:\/\/med.estrategia.com\/portal\/noticias\/edital-residencia-medica-sms-rj-2024\/#breadcrumb","itemListElement":[{"@type":"ListItem","position":1,"name":"Home","item":"https:\/\/med.estrategia.com\/portal\/"},{"@type":"ListItem","position":2,"name":"Not\u00edcias","item":"https:\/\/med.estrategia.com\/portal\/noticias\/"},{"@type":"ListItem","position":3,"name":"Resid\u00eancia M\u00e9dica SMS-RJ 2024: edital divulgado"}]},{"@type":"WebSite","@id":"https:\/\/med.estrategia.com\/portal\/#website","url":"https:\/\/med.estrategia.com\/portal\/","name":"Estrat\u00e9gia MED","description":"","potentialAction":[{"@type":"SearchAction","target":{"@type":"EntryPoint","urlTemplate":"https:\/\/med.estrategia.com\/portal\/?s={search_term_string}"},"query-input":{"@type":"PropertyValueSpecification","valueRequired":true,"valueName":"search_term_string"}}],"inLanguage":"pt-BR"},{"@type":"Person","@id":"https:\/\/med.estrategia.com\/portal\/#\/schema\/person\/2f553adbb8e25fe39d145c5b2927f58c","name":"Ana Carolina Damasceno","image":{"@type":"ImageObject","inLanguage":"pt-BR","@id":"https:\/\/med.estrategia.com\/portal\/#\/schema\/person\/image\/","url":"https:\/\/med.estrategia.com\/portal\/wp-content\/uploads\/2021\/09\/WhatsApp-Image-2023-08-18-at-16.46.43-150x150.jpeg","contentUrl":"https:\/\/med.estrategia.com\/portal\/wp-content\/uploads\/2021\/09\/WhatsApp-Image-2023-08-18-at-16.46.43-150x150.jpeg","caption":"Ana Carolina Damasceno"},"description":"Coordenadora de Jornalismo EMED. Comunicadora por natureza e forma\u00e7\u00e3o, que ama e perde a no\u00e7\u00e3o do tempo com m\u00fasica e s\u00e9rie.","url":"https:\/\/med.estrategia.com\/portal\/author\/ana-carolina-damasceno\/"}]}},"_wl_alt_label":[],"wl:entity_url":"\/post\/edital-residencia-medica-sms-rj-2024","_links":{"self":[{"href":"https:\/\/med.estrategia.com\/portal\/wp-json\/wp\/v2\/posts\/42709","targetHints":{"allow":["GET"]}}],"collection":[{"href":"https:\/\/med.estrategia.com\/portal\/wp-json\/wp\/v2\/posts"}],"about":[{"href":"https:\/\/med.estrategia.com\/portal\/wp-json\/wp\/v2\/types\/post"}],"author":[{"embeddable":true,"href":"https:\/\/med.estrategia.com\/portal\/wp-json\/wp\/v2\/users\/39"}],"replies":[{"embeddable":true,"href":"https:\/\/med.estrategia.com\/portal\/wp-json\/wp\/v2\/comments?post=42709"}],"version-history":[{"count":10,"href":"https:\/\/med.estrategia.com\/portal\/wp-json\/wp\/v2\/posts\/42709\/revisions"}],"predecessor-version":[{"id":54580,"href":"https:\/\/med.estrategia.com\/portal\/wp-json\/wp\/v2\/posts\/42709\/revisions\/54580"}],"wp:featuredmedia":[{"embeddable":true,"href":"https:\/\/med.estrategia.com\/portal\/wp-json\/wp\/v2\/media\/42343"}],"wp:attachment":[{"href":"https:\/\/med.estrategia.com\/portal\/wp-json\/wp\/v2\/media?parent=42709"}],"wp:term":[{"taxonomy":"category","embeddable":true,"href":"https:\/\/med.estrategia.com\/portal\/wp-json\/wp\/v2\/categories?post=42709"},{"taxonomy":"post_tag","embeddable":true,"href":"https:\/\/med.estrategia.com\/portal\/wp-json\/wp\/v2\/tags?post=42709"},{"taxonomy":"wl_entity_type","embeddable":true,"href":"https:\/\/med.estrategia.com\/portal\/wp-json\/wp\/v2\/wl_entity_type?post=42709"}],"curies":[{"name":"wp","href":"https:\/\/api.w.org\/{rel}","templated":true}]}}