{"id":42912,"date":"2023-07-19T11:28:12","date_gmt":"2023-07-19T14:28:12","guid":{"rendered":"https:\/\/med.estrategia.com\/portal\/?p=42912"},"modified":"2023-07-24T16:14:23","modified_gmt":"2023-07-24T19:14:23","slug":"residencia-medica-em-radiologia-na-usp-sp","status":"publish","type":"post","link":"https:\/\/med.estrategia.com\/portal\/residencia-medica\/residencia-medica-em-radiologia-na-usp-sp\/","title":{"rendered":"Como \u00e9 a Resid\u00eancia M\u00e9dica de Radiologia na USP-SP"},"content":{"rendered":"<p class=\"wp-block-paragraph\">A <strong><span id=\"urn:enhancement-03599a4b-efbd-40e8-90d0-b181fed11023\" class=\"textannotation disambiguated wl-thing\" itemid=\"https:\/\/data.wordlift.io\/wl106637\/entity\/residencia-medica\">resid&ecirc;ncia m&eacute;dica<\/span> no Hospital das Cl&iacute;nicas da <span id=\"urn:enhancement-2b9a059e-8308-4c73-89fe-f886eb0ba9a3\" class=\"textannotation disambiguated wl-organization\" itemid=\"https:\/\/data.wordlift.io\/wl106637\/entity\/universidade-de-sao-paulo\">Universidade de S&atilde;o Paulo<\/span> (<span id=\"urn:enhancement-9b696875-5693-45a0-9b6a-c9f81b4d176d\" class=\"textannotation disambiguated wl-organization\" itemid=\"https:\/\/data.wordlift.io\/wl106637\/entity\/universidade-de-sao-paulo\">USP<\/span>-SP)<\/strong> oferece aos <span id=\"urn:enhancement-9b73bb2b-3638-4fdb-817d-3c6a27692ccb\" class=\"textannotation disambiguated wl-thing\" itemid=\"https:\/\/data.wordlift.io\/wl106637\/entity\/residencia-medica\">residentes<\/span> uma experi&ecirc;ncia &uacute;nica e enriquecedora na &aacute;rea de <strong><span id=\"urn:enhancement-b4f40aa1-8e22-4b90-87f3-12ac56ee19ba\" class=\"textannotation disambiguated wl-thing\" itemid=\"https:\/\/data.wordlift.io\/wl106637\/entity\/radiologia-e-diagnostico-por-imagem\">Radiologia e Diagn&oacute;stico por Imagem<\/span>.&nbsp;<\/strong><p class=\"wp-block-paragraph\">Ao longo deste texto, destacamos <strong>os principais aspectos do programa ofertado pela <span id=\"urn:enhancement-73a9cae6-18f5-4555-98c1-c832ec07e3f2\" class=\"textannotation disambiguated wl-organization\" itemid=\"https:\/\/data.wordlift.io\/wl106637\/entity\/universidade-de-sao-paulo\">USP<\/span>-SP<\/strong>, ressaltando os desafios e oportunidades enfrentados pelos <span id=\"urn:enhancement-00cb4e49-3f92-4792-9416-4cc99074b858\" class=\"textannotation disambiguated wl-thing\" itemid=\"https:\/\/data.wordlift.io\/wl106637\/entity\/medicos\">m&eacute;dicos<\/span> <span id=\"urn:enhancement-e51a7845-d205-4a6b-997e-34a1e52c18bb\" class=\"textannotation disambiguated wl-thing\" itemid=\"https:\/\/data.wordlift.io\/wl106637\/entity\/residencia-medica\">residentes<\/span> ao longo dos anos de forma&ccedil;&atilde;o e a <strong>import&acirc;ncia da coopera&ccedil;&atilde;o entre <span id=\"urn:enhancement-8881e890-bb72-44f1-90e5-869d77d3522a\" class=\"textannotation disambiguated wl-thing\" itemid=\"https:\/\/data.wordlift.io\/wl106637\/entity\/residencia-medica\">residentes<\/span>, preceptores e assistentes<\/strong>, bem como a <strong>riqueza de conhecimentos obtidos<\/strong> por meio do arquivo digital com uma vasta biblioteca de casos radiol&oacute;gicos.<\/p><h2 class=\"wp-block-heading\" id=\"h-a-residencia-em-radiologia-e-diagnostico-por-imagem-na-usp-sp\">A resid&ecirc;ncia em Radiologia e Diagn&oacute;stico por Imagem na USP-SP<\/h2><p class=\"wp-block-paragraph\">No Hospital das Cl&iacute;nicas (HC) da <span id=\"urn:enhancement-a701e607-8376-4f57-8b06-6c113f639ab8\" class=\"textannotation disambiguated wl-organization\" itemid=\"https:\/\/data.wordlift.io\/wl106637\/entity\/universidade-de-sao-paulo\">USP<\/span>-SP,<strong> a <span id=\"urn:enhancement-22b1fe5e-44ec-4aaa-8cee-6ed61751fd20\" class=\"textannotation disambiguated wl-thing\" itemid=\"https:\/\/data.wordlift.io\/wl106637\/entity\/residencia-medica\">resid&ecirc;ncia m&eacute;dica<\/span> &eacute; uma jornada desafiadora,<\/strong> por&eacute;m gratificante, que tem se destacado ao longo dos anos. No programa de <span id=\"urn:enhancement-7456d921-5ef0-4fe6-a6ec-3455ca9c05a3\" class=\"textannotation disambiguated wl-thing\" itemid=\"https:\/\/data.wordlift.io\/wl106637\/entity\/radiologia-e-diagnostico-por-imagem\">Radiologia e Diagn&oacute;stico por Imagem<\/span>, <strong>os <span id=\"urn:enhancement-7d554dd8-366c-42ab-871c-8ae7a44c07cf\" class=\"textannotation disambiguated wl-thing\" itemid=\"https:\/\/data.wordlift.io\/wl106637\/entity\/residencia-medica\">residentes<\/span> t&ecirc;m a oportunidade de se aprofundar em sua especialidade<\/strong>, compartilhando conhecimentos e convivendo em um ambiente acolhedor e de colabora&ccedil;&atilde;o m&uacute;tua.<\/p><p class=\"wp-block-paragraph\">Com uma <strong>estrutura inovadora<\/strong>, uma das principais caracter&iacute;sticas da <span id=\"urn:enhancement-1047282b-43ea-42ad-a0a6-b70c7444a3ca\" class=\"textannotation disambiguated wl-thing\" itemid=\"https:\/\/data.wordlift.io\/wl106637\/entity\/residencia-medica\">resid&ecirc;ncia<\/span> no HC &eacute; a intera&ccedil;&atilde;o com a prefeitura, o que garante benef&iacute;cios valiosos para os <span id=\"urn:enhancement-610d9807-7f5e-4b88-89b2-4cdbffdb1d14\" class=\"textannotation disambiguated wl-thing\" itemid=\"https:\/\/data.wordlift.io\/wl106637\/entity\/residencia-medica\">residentes<\/span>. Ao longo do per&iacute;odo de forma&ccedil;&atilde;o, <strong>cinco preceptores atuam como intermedi&aacute;rios entre os <span id=\"urn:enhancement-496146d4-d3e0-42e6-ac7d-415c20cfcbe6\" class=\"textannotation disambiguated wl-thing\" itemid=\"https:\/\/data.wordlift.io\/wl106637\/entity\/residencia-medica\">residentes<\/span> e os chefes <span id=\"urn:enhancement-58a2690a-5c5b-41ef-9648-4fc147970b53\" class=\"textannotation disambiguated wl-thing\" itemid=\"https:\/\/data.wordlift.io\/wl106637\/entity\/medicos\">m&eacute;dicos<\/span><\/strong>, permitindo o compartilhamento de demandas, aulas, hands-on e participa&ccedil;&atilde;o em reuni&otilde;es estrat&eacute;gicas.<\/p><p class=\"wp-block-paragraph\">Esse ambiente de conviv&ecirc;ncia enriquecedora &eacute; fundamental para o desenvolvimento dos <span id=\"urn:enhancement-203a9f95-7b32-4b32-a9d6-e9c0ed7bbeff\" class=\"textannotation disambiguated wl-thing\" itemid=\"https:\/\/data.wordlift.io\/wl106637\/entity\/residencia-medica\">residentes<\/span>, pois incentiva a<strong> troca de experi&ecirc;ncias, aprimoramento t&eacute;cnico e cria&ccedil;&atilde;o de la&ccedil;os de amizade duradouros. <\/strong>Os preceptores, apesar de possu&iacute;rem atribui&ccedil;&otilde;es distintas na <span id=\"urn:enhancement-0c32eab9-3e13-4512-9a86-04f8a9cdce6c\" class=\"textannotation disambiguated wl-thing\" itemid=\"https:\/\/data.wordlift.io\/wl106637\/entity\/residencia-medica\">resid&ecirc;ncia<\/span> e na gradua&ccedil;&atilde;o, desempenham um papel relevante no apoio ao crescimento profissional dos <span id=\"urn:enhancement-a11f09c6-08bf-4972-9a4b-3c11e8be7919\" class=\"textannotation disambiguated wl-thing\" itemid=\"https:\/\/data.wordlift.io\/wl106637\/entity\/residencia-medica\">residentes<\/span>.<\/p><p class=\"wp-block-paragraph\">Um aspecto not&aacute;vel do programa &eacute; a rela&ccedil;&atilde;o harmoniosa entre os <span id=\"urn:enhancement-126e404d-ad9a-40fe-a21d-9eb173c06ab4\" class=\"textannotation disambiguated wl-thing\" itemid=\"https:\/\/data.wordlift.io\/wl106637\/entity\/residencia-medica\">residentes<\/span> de diferentes anos. A conviv&ecirc;ncia entre<strong> R1, R2, R3 e R4 <\/strong>&eacute; respeitosa e proveitosa, e os mais experientes t&ecirc;m a oportunidade de ensinar e orientar os menos experientes. Essa<strong> colabora&ccedil;&atilde;o m&uacute;tua <\/strong>fortalece o ambiente de aprendizado, criando um senso de camaradagem &uacute;nico.<\/p><p class=\"wp-block-paragraph\">Al&eacute;m disso, a autonomia dos <span id=\"urn:enhancement-5f95062e-e6e8-4acd-93a7-971532643550\" class=\"textannotation disambiguated wl-thing\" itemid=\"https:\/\/data.wordlift.io\/wl106637\/entity\/residencia-medica\">residentes<\/span> &eacute; gradualmente incentivada, levando em conta as habilidades individuais de cada um. Os mais novos s&atilde;o apoiados e orientados pelos mais experientes, promovendo um ambiente saud&aacute;vel de ensino-aprendizagem.<\/p><p class=\"wp-block-paragraph\">Outro aspecto positivo &eacute; a <strong>diversidade de especialidades dentro do programa de <span id=\"urn:enhancement-c059f381-2b48-49c3-9a65-7155a5cf8a90\" class=\"textannotation disambiguated wl-thing\" itemid=\"https:\/\/data.wordlift.io\/wl106637\/entity\/residencia-medica\">resid&ecirc;ncia m&eacute;dica<\/span> no HC.<\/strong> Os <span id=\"urn:enhancement-961fcc14-38a2-4daa-8f71-57f1b9b0200a\" class=\"textannotation disambiguated wl-thing\" itemid=\"https:\/\/data.wordlift.io\/wl106637\/entity\/residencia-medica\">residentes<\/span> t&ecirc;m a <strong>oportunidade de escolher sua &aacute;rea de interesse<\/strong> e se dedicar ao estudo aprofundado da mesma. Esse enfoque em especialidades diferentes contribui para uma forma&ccedil;&atilde;o completa e diversificada.<\/p><p class=\"wp-block-paragraph\">Com o passar dos anos, os <span id=\"urn:enhancement-32eb352e-813b-4f3c-8703-91a6a0be808b\" class=\"textannotation disambiguated wl-thing\" itemid=\"https:\/\/data.wordlift.io\/wl106637\/entity\/residencia-medica\">residentes<\/span> s&atilde;o gradualmente responsabilizados por <strong>exames mais complexos<\/strong>, aumentando suas habilidades e conhecimentos.<\/p><p class=\"wp-block-paragraph\">Os<strong> primeiros anos (R1 e R2)<\/strong> s&atilde;o marcados por uma <strong>carga hor&aacute;ria mais tranquila e aulas te&oacute;ricas<\/strong>, o que permite uma base s&oacute;lida de conhecimentos. &Agrave; medida que os <span id=\"urn:enhancement-aa1c5b77-c428-4b5b-aeb9-1501ca5f79b3\" class=\"textannotation disambiguated wl-thing\" itemid=\"https:\/\/data.wordlift.io\/wl106637\/entity\/residencia-medica\">residentes<\/span> avan&ccedil;am para o R3, as demandas aumentam consideravelmente, especialmente nos<strong> plant&otilde;es no pronto-socorro<\/strong>, onde casos desafiadores e exames complexos s&atilde;o frequentes.<\/p><p class=\"wp-block-paragraph\">Um ponto not&aacute;vel &eacute; o <strong>foco na <span id=\"urn:enhancement-edf0025c-b705-443d-b34d-dfeb1d813aea\" class=\"textannotation disambiguated wl-thing\" itemid=\"https:\/\/data.wordlift.io\/wl106637\/entity\/especializacao\">especializa&ccedil;&atilde;o<\/span> em <span id=\"urn:enhancement-94736cf5-4144-4d3d-9e16-9ef374cbe436\" class=\"textannotation disambiguated wl-thing\" itemid=\"https:\/\/data.wordlift.io\/wl106637\/entity\/ultrassonografia\">Ultrassonografia<\/span> Doppler<\/strong>, que come&ccedil;a no R2 e se intensifica no R3. O HC orgulha-se de oferecer um<strong> est&aacute;gio exclusivo nessa &aacute;rea, <\/strong>proporcionando aos <span id=\"urn:enhancement-7af95af2-fc7e-4eea-8b3d-fe8a13dd703b\" class=\"textannotation disambiguated wl-thing\" itemid=\"https:\/\/data.wordlift.io\/wl106637\/entity\/residencia-medica\">residentes<\/span> uma oportunidade &uacute;nica de dominar esse m&eacute;todo.<\/p><p class=\"wp-block-paragraph\">A<strong> vasta biblioteca digital de casos radiol&oacute;gicos &eacute; uma vantagem inestim&aacute;vel <\/strong>do programa de <span id=\"urn:enhancement-ff2ff995-90c5-4dbd-bf71-a9e0a6b2c86f\" class=\"textannotation disambiguated wl-thing\" itemid=\"https:\/\/data.wordlift.io\/wl106637\/entity\/residencia-medica\">resid&ecirc;ncia<\/span> no HC. Os <span id=\"urn:enhancement-30eb447b-8ae1-40f4-a7e4-856eca1928a3\" class=\"textannotation disambiguated wl-thing\" itemid=\"https:\/\/data.wordlift.io\/wl106637\/entity\/residencia-medica\">residentes<\/span> t&ecirc;m acesso a uma <strong>variedade impressionante de exames, incluindo casos incomuns e raros.<\/strong> Essa riqueza de material &eacute; valiosa para o aprimoramento profissional e o desenvolvimento de habilidades.<\/p><p class=\"wp-block-paragraph\">Outro diferencial &eacute; a<strong> <span id=\"urn:enhancement-59df86e5-5804-479c-808a-ce0421647f79\" class=\"textannotation disambiguated wl-thing\" itemid=\"https:\/\/data.wordlift.io\/wl106637\/entity\/especializacao\">especializa&ccedil;&atilde;o<\/span> em ultrassonografias perif&eacute;ricas,<\/strong> permitindo a realiza&ccedil;&atilde;o de exames venosos e arteriais em membros inferiores e superiores. Al&eacute;m disso, o HC oferece a possibilidade de abordar quest&otilde;es espec&iacute;ficas, como a <strong>realiza&ccedil;&atilde;o de exames em pacientes p&oacute;s-<span id=\"urn:enhancement-86f5f6dc-5d7c-4751-a377-93265ddc1eba\" class=\"textannotation disambiguated wl-thing\" itemid=\"https:\/\/data.wordlift.io\/wl106637\/entity\/transplante-hepatico\">transplante hep&aacute;tico<\/span> e renal<\/strong>, entre outros.<\/p><p class=\"wp-block-paragraph\">O <strong>ambiente nos plant&otilde;es &eacute; estimulante e desafiador<\/strong>. A equipe <span id=\"urn:enhancement-7b72099e-8ec3-427e-8926-705be8cc0832\" class=\"textannotation disambiguated wl-thing\" itemid=\"https:\/\/data.wordlift.io\/wl106637\/entity\/medicos\">m&eacute;dica<\/span> do HC conta com preceptores, assistentes e <span id=\"urn:enhancement-5a602bbd-93fc-4f22-9683-72d705c9b0f4\" class=\"textannotation disambiguated wl-thing\" itemid=\"https:\/\/data.wordlift.io\/wl106637\/entity\/residencia-medica\">residentes<\/span>, garantindo um interc&acirc;mbio constante de conhecimentos. A troca de experi&ecirc;ncias &eacute; enriquecedora, e a atmosfera de coopera&ccedil;&atilde;o<strong> torna o aprendizado mais eficaz.<\/strong><\/p><p class=\"wp-block-paragraph\">Embora a<strong> carga de trabalho seja intensa<\/strong>, a satisfa&ccedil;&atilde;o de trabalhar em um ambiente t&atilde;o rico em experi&ecirc;ncias e com um arquivo digital vasto de casos radiol&oacute;gicos &eacute; recompensadora para os <span id=\"urn:enhancement-2cfb818e-9328-4481-9002-955bf0947770\" class=\"textannotation disambiguated wl-thing\" itemid=\"https:\/\/data.wordlift.io\/wl106637\/entity\/residencia-medica\">residentes<\/span>. Essa viv&ecirc;ncia proporciona um <strong>crescimento profissional significativo<\/strong>, preparando-os para se tornarem especialistas em <span id=\"urn:enhancement-b454e442-dff2-428a-8f68-ddb2f012d167\" class=\"textannotation disambiguated wl-thing\" itemid=\"https:\/\/data.wordlift.io\/wl106637\/entity\/radiologia\">radiologia<\/span> altamente capacitados.<\/p><p class=\"wp-block-paragraph\">Descubra mais sobre o programa de <span id=\"urn:enhancement-c5791f57-7740-44ab-ad40-d93dbe53a5ca\" class=\"textannotation disambiguated wl-thing\" itemid=\"https:\/\/data.wordlift.io\/wl106637\/entity\/residencia-medica\">resid&ecirc;ncia m&eacute;dica<\/span> em <span id=\"urn:enhancement-e1aa89a3-2ee1-45de-b35f-a77fd478f3a4\" class=\"textannotation disambiguated wl-thing\" itemid=\"https:\/\/data.wordlift.io\/wl106637\/entity\/radiologia-e-diagnostico-por-imagem\">Radiologia e Diagn&oacute;stico por Imagem<\/span> na <span id=\"urn:enhancement-fa745afb-72d4-48d4-a532-9771b1c8c9fb\" class=\"textannotation disambiguated wl-organization\" itemid=\"https:\/\/data.wordlift.io\/wl106637\/entity\/universidade-de-sao-paulo\">USP<\/span>-SP com o <strong>bate-papo &ldquo;Vida de Residente&rdquo;<\/strong> entre o <strong>Professor Dr. Joshua Viana e o Dr. Victor Rainho<\/strong>, <span id=\"urn:enhancement-a958294c-4089-4ee7-9188-fa9f0cc32b20\" class=\"textannotation disambiguated wl-thing\" itemid=\"https:\/\/data.wordlift.io\/wl106637\/entity\/medicos\">m&eacute;dico<\/span> especialista pela institui&ccedil;&atilde;o, no v&iacute;deo abaixo:<\/p><figure class=\"wp-block-embed is-type-video is-provider-youtube wp-block-embed-youtube wp-embed-aspect-16-9 wp-has-aspect-ratio\"><div class=\"wp-block-embed__wrapper\">\n<div class=\"cs-embed cs-embed-responsive\"><iframe title=\"Como &eacute; a Resid&ecirc;ncia M&eacute;dica de Radiologia na USP-SP | Vida de Residente\" width=\"1200\" height=\"675\" src=\"https:\/\/www.youtube.com\/embed\/hXe8UjrixBo?list=PLZJoO86DqMTTgyeqgcdfO13H0WdLW0I4f\" frameborder=\"0\" allow=\"accelerometer; autoplay; clipboard-write; encrypted-media; gyroscope; picture-in-picture; web-share\" allowfullscreen><\/iframe><\/div>\n<\/div><\/figure><div class=\"wp-block-buttons is-content-justification-center is-layout-flex wp-container-core-buttons-is-layout-fe48e5de wp-block-buttons-is-layout-flex\">\n<div class=\"wp-block-button\"><a class=\"wp-block-button__link wp-element-button\" href=\"https:\/\/med.estrategia.com\/portal\/residencia-medica\/usp-sp-residencia-medica\/\" target=\"_blank\">CONFIRA AQUI COMO &Eacute; O PROCESSO SELETIVO DA USP-SP!<\/a><\/div>\n<\/div><p class=\"wp-block-paragraph\">Se voc&ecirc; quer ficar por dentro de mais conte&uacute;dos relevantes sobre a &aacute;rea <span id=\"urn:enhancement-814a8cef-70b8-41d9-8ab1-010fd74ce17e\" class=\"textannotation disambiguated wl-thing\" itemid=\"https:\/\/data.wordlift.io\/wl106637\/entity\/medicos\">m&eacute;dica<\/span>, continue acompanhando o material preparado pelo <a href=\"https:\/\/med.estrategia.com\/portal\/\" target=\"_blank\">Portal de Not&iacute;cias do Estrat&eacute;gia MED<\/a>. Aqui, voc&ecirc; encontrar&aacute; informa&ccedil;&otilde;es atualizadas sobre resid&ecirc;ncias, carreira <span id=\"urn:enhancement-20f3357e-6469-4c7e-a508-8168fb1303c7\" class=\"textannotation disambiguated wl-thing\" itemid=\"https:\/\/data.wordlift.io\/wl106637\/entity\/medicos\">m&eacute;dica<\/span> e muito mais!<\/p><p class=\"wp-block-paragraph\"><strong><a id=\"cta\" class=\"cta-imagem\" href=\"https:\/\/med.estrategia.com\/cursos\/extensivo-de-residncia-mdica\/\" target=\"blank\">\n                <img decoding=\"async\" width=\"100%\" src=\"https:\/\/med.estrategia.com\/portal\/wp-content\/uploads\/2025\/08\/extensivo_rm.jpg\" alt=\"Extensivo RM\" title=\"extensivo_rm\">\n        <\/a><\/strong><\/p><\/p>\n","protected":false},"excerpt":{"rendered":"A resid&ecirc;ncia m&eacute;dica no Hospital das Cl&iacute;nicas da Universidade de S&atilde;o Paulo (USP-SP) oferece aos residentes uma experi&ecirc;ncia&hellip;\n","protected":false},"author":39,"featured_media":38727,"comment_status":"closed","ping_status":"closed","sticky":false,"template":"","format":"standard","meta":{"footnotes":""},"categories":[24],"tags":[612,70,611,95,552],"class_list":["post-42912","post","type-post","status-publish","format-standard","has-post-thumbnail","category-residencia-medica","tag-hospital-das-clinicas-da-usp-sp","tag-radiologia","tag-radiologia-e-diagnostico-por-imagem","tag-residencia-medica","tag-usp-sp"],"acf":[],"yoast_head":"<!-- This site is optimized with the Yoast SEO Premium plugin v26.6 (Yoast SEO v26.6) - https:\/\/yoast.com\/wordpress\/plugins\/seo\/ -->\n<title>Como \u00e9 a Resid\u00eancia M\u00e9dica de Radiologia na USP-SP<\/title>\n<meta name=\"description\" content=\"Confira o relato de residente em Radiologia e Diagn\u00f3stico por Imagem sobre a rotina e servi\u00e7os do programa ofertado pela USP-SP.\" \/>\n<meta name=\"robots\" content=\"index, follow, max-snippet:-1, max-image-preview:large, max-video-preview:-1\" \/>\n<link rel=\"canonical\" href=\"https:\/\/med.estrategia.com\/portal\/residencia-medica\/residencia-medica-em-radiologia-na-usp-sp\/\" \/>\n<meta property=\"og:locale\" content=\"pt_BR\" \/>\n<meta property=\"og:type\" content=\"article\" \/>\n<meta property=\"og:title\" content=\"Como \u00e9 a Resid\u00eancia M\u00e9dica de Radiologia na USP-SP\" \/>\n<meta property=\"og:description\" content=\"Confira o relato de residente em Radiologia e Diagn\u00f3stico por Imagem sobre a rotina e servi\u00e7os do programa ofertado pela USP-SP.\" \/>\n<meta property=\"og:url\" content=\"https:\/\/med.estrategia.com\/portal\/residencia-medica\/residencia-medica-em-radiologia-na-usp-sp\/\" \/>\n<meta property=\"og:site_name\" content=\"Estrat\u00e9gia MED\" \/>\n<meta property=\"article:publisher\" content=\"https:\/\/www.facebook.com\/estrategiamed1\" \/>\n<meta property=\"article:published_time\" content=\"2023-07-19T14:28:12+00:00\" \/>\n<meta property=\"article:modified_time\" content=\"2023-07-24T19:14:23+00:00\" \/>\n<meta property=\"og:image\" content=\"https:\/\/cdn.medblog.estrategiaeducacional.com.br\/wp-content\/uploads\/2023\/04\/LP2_.jpg\" \/>\n\t<meta property=\"og:image:width\" content=\"1280\" \/>\n\t<meta property=\"og:image:height\" content=\"720\" \/>\n\t<meta property=\"og:image:type\" content=\"image\/jpeg\" \/>\n<meta name=\"author\" content=\"Ana Carolina Damasceno\" \/>\n<meta name=\"twitter:card\" content=\"summary_large_image\" \/>\n<meta name=\"twitter:creator\" content=\"@estrategiamed_\" \/>\n<meta name=\"twitter:site\" content=\"@estrategiamed_\" \/>\n<meta name=\"twitter:label1\" content=\"Escrito por\" \/>\n\t<meta name=\"twitter:data1\" content=\"Ana Carolina Damasceno\" \/>\n\t<meta name=\"twitter:label2\" content=\"Est. tempo de leitura\" \/>\n\t<meta name=\"twitter:data2\" content=\"4 minutos\" \/>\n<script type=\"application\/ld+json\" class=\"yoast-schema-graph\">{\"@context\":\"https:\/\/schema.org\",\"@graph\":[{\"@type\":\"WebPage\",\"@id\":\"https:\/\/med.estrategia.com\/portal\/residencia-medica\/residencia-medica-em-radiologia-na-usp-sp\/\",\"url\":\"https:\/\/med.estrategia.com\/portal\/residencia-medica\/residencia-medica-em-radiologia-na-usp-sp\/\",\"name\":\"Como \u00e9 a Resid\u00eancia M\u00e9dica de Radiologia na USP-SP\",\"isPartOf\":{\"@id\":\"https:\/\/med.estrategia.com\/portal\/#website\"},\"primaryImageOfPage\":{\"@id\":\"https:\/\/med.estrategia.com\/portal\/residencia-medica\/residencia-medica-em-radiologia-na-usp-sp\/#primaryimage\"},\"image\":{\"@id\":\"https:\/\/med.estrategia.com\/portal\/residencia-medica\/residencia-medica-em-radiologia-na-usp-sp\/#primaryimage\"},\"thumbnailUrl\":\"https:\/\/med.estrategia.com\/portal\/wp-content\/uploads\/2023\/04\/LP2_.jpg\",\"datePublished\":\"2023-07-19T14:28:12+00:00\",\"dateModified\":\"2023-07-24T19:14:23+00:00\",\"author\":{\"@id\":\"https:\/\/med.estrategia.com\/portal\/#\/schema\/person\/2f553adbb8e25fe39d145c5b2927f58c\"},\"description\":\"Confira o relato de residente em Radiologia e Diagn\u00f3stico por Imagem sobre a rotina e servi\u00e7os do programa ofertado pela USP-SP.\",\"breadcrumb\":{\"@id\":\"https:\/\/med.estrategia.com\/portal\/residencia-medica\/residencia-medica-em-radiologia-na-usp-sp\/#breadcrumb\"},\"inLanguage\":\"pt-BR\",\"potentialAction\":[{\"@type\":\"ReadAction\",\"target\":[\"https:\/\/med.estrategia.com\/portal\/residencia-medica\/residencia-medica-em-radiologia-na-usp-sp\/\"]}]},{\"@type\":\"ImageObject\",\"inLanguage\":\"pt-BR\",\"@id\":\"https:\/\/med.estrategia.com\/portal\/residencia-medica\/residencia-medica-em-radiologia-na-usp-sp\/#primaryimage\",\"url\":\"https:\/\/med.estrategia.com\/portal\/wp-content\/uploads\/2023\/04\/LP2_.jpg\",\"contentUrl\":\"https:\/\/med.estrategia.com\/portal\/wp-content\/uploads\/2023\/04\/LP2_.jpg\",\"width\":1280,\"height\":720,\"caption\":\"Cr\u00e9ditos: Estrat\u00e9gia MED\"},{\"@type\":\"BreadcrumbList\",\"@id\":\"https:\/\/med.estrategia.com\/portal\/residencia-medica\/residencia-medica-em-radiologia-na-usp-sp\/#breadcrumb\",\"itemListElement\":[{\"@type\":\"ListItem\",\"position\":1,\"name\":\"Home\",\"item\":\"https:\/\/med.estrategia.com\/portal\/\"},{\"@type\":\"ListItem\",\"position\":2,\"name\":\"Resid\u00eancia M\u00e9dica\",\"item\":\"https:\/\/med.estrategia.com\/portal\/residencia-medica\/\"},{\"@type\":\"ListItem\",\"position\":3,\"name\":\"Como \u00e9 a Resid\u00eancia M\u00e9dica de Radiologia na USP-SP\"}]},{\"@type\":\"WebSite\",\"@id\":\"https:\/\/med.estrategia.com\/portal\/#website\",\"url\":\"https:\/\/med.estrategia.com\/portal\/\",\"name\":\"Estrat\u00e9gia MED\",\"description\":\"\",\"potentialAction\":[{\"@type\":\"SearchAction\",\"target\":{\"@type\":\"EntryPoint\",\"urlTemplate\":\"https:\/\/med.estrategia.com\/portal\/?s={search_term_string}\"},\"query-input\":{\"@type\":\"PropertyValueSpecification\",\"valueRequired\":true,\"valueName\":\"search_term_string\"}}],\"inLanguage\":\"pt-BR\"},{\"@type\":\"Person\",\"@id\":\"https:\/\/med.estrategia.com\/portal\/#\/schema\/person\/2f553adbb8e25fe39d145c5b2927f58c\",\"name\":\"Ana Carolina Damasceno\",\"image\":{\"@type\":\"ImageObject\",\"inLanguage\":\"pt-BR\",\"@id\":\"https:\/\/med.estrategia.com\/portal\/#\/schema\/person\/image\/\",\"url\":\"https:\/\/med.estrategia.com\/portal\/wp-content\/uploads\/2026\/07\/Sem-titulo-150x150.png\",\"contentUrl\":\"https:\/\/med.estrategia.com\/portal\/wp-content\/uploads\/2026\/07\/Sem-titulo-150x150.png\",\"caption\":\"Ana Carolina Damasceno\"},\"description\":\"Coordenadora de Jornalismo EMED. Comunicadora por natureza e forma\u00e7\u00e3o, que ama e perde a no\u00e7\u00e3o do tempo com m\u00fasica e s\u00e9rie.\",\"url\":\"https:\/\/med.estrategia.com\/portal\/author\/ana-carolina-damasceno\/\"}]}<\/script>\n<!-- \/ Yoast SEO Premium plugin. -->","yoast_head_json":{"title":"Como \u00e9 a Resid\u00eancia M\u00e9dica de Radiologia na USP-SP","description":"Confira o relato de residente em Radiologia e Diagn\u00f3stico por Imagem sobre a rotina e servi\u00e7os do programa ofertado pela USP-SP.","robots":{"index":"index","follow":"follow","max-snippet":"max-snippet:-1","max-image-preview":"max-image-preview:large","max-video-preview":"max-video-preview:-1"},"canonical":"https:\/\/med.estrategia.com\/portal\/residencia-medica\/residencia-medica-em-radiologia-na-usp-sp\/","og_locale":"pt_BR","og_type":"article","og_title":"Como \u00e9 a Resid\u00eancia M\u00e9dica de Radiologia na USP-SP","og_description":"Confira o relato de residente em Radiologia e Diagn\u00f3stico por Imagem sobre a rotina e servi\u00e7os do programa ofertado pela USP-SP.","og_url":"https:\/\/med.estrategia.com\/portal\/residencia-medica\/residencia-medica-em-radiologia-na-usp-sp\/","og_site_name":"Estrat\u00e9gia MED","article_publisher":"https:\/\/www.facebook.com\/estrategiamed1","article_published_time":"2023-07-19T14:28:12+00:00","article_modified_time":"2023-07-24T19:14:23+00:00","og_image":[{"width":1280,"height":720,"url":"https:\/\/cdn.medblog.estrategiaeducacional.com.br\/wp-content\/uploads\/2023\/04\/LP2_.jpg","type":"image\/jpeg"}],"author":"Ana Carolina Damasceno","twitter_card":"summary_large_image","twitter_creator":"@estrategiamed_","twitter_site":"@estrategiamed_","twitter_misc":{"Escrito por":"Ana Carolina Damasceno","Est. tempo de leitura":"4 minutos"},"schema":{"@context":"https:\/\/schema.org","@graph":[{"@type":"WebPage","@id":"https:\/\/med.estrategia.com\/portal\/residencia-medica\/residencia-medica-em-radiologia-na-usp-sp\/","url":"https:\/\/med.estrategia.com\/portal\/residencia-medica\/residencia-medica-em-radiologia-na-usp-sp\/","name":"Como \u00e9 a Resid\u00eancia M\u00e9dica de Radiologia na USP-SP","isPartOf":{"@id":"https:\/\/med.estrategia.com\/portal\/#website"},"primaryImageOfPage":{"@id":"https:\/\/med.estrategia.com\/portal\/residencia-medica\/residencia-medica-em-radiologia-na-usp-sp\/#primaryimage"},"image":{"@id":"https:\/\/med.estrategia.com\/portal\/residencia-medica\/residencia-medica-em-radiologia-na-usp-sp\/#primaryimage"},"thumbnailUrl":"https:\/\/med.estrategia.com\/portal\/wp-content\/uploads\/2023\/04\/LP2_.jpg","datePublished":"2023-07-19T14:28:12+00:00","dateModified":"2023-07-24T19:14:23+00:00","author":{"@id":"https:\/\/med.estrategia.com\/portal\/#\/schema\/person\/2f553adbb8e25fe39d145c5b2927f58c"},"description":"Confira o relato de residente em Radiologia e Diagn\u00f3stico por Imagem sobre a rotina e servi\u00e7os do programa ofertado pela USP-SP.","breadcrumb":{"@id":"https:\/\/med.estrategia.com\/portal\/residencia-medica\/residencia-medica-em-radiologia-na-usp-sp\/#breadcrumb"},"inLanguage":"pt-BR","potentialAction":[{"@type":"ReadAction","target":["https:\/\/med.estrategia.com\/portal\/residencia-medica\/residencia-medica-em-radiologia-na-usp-sp\/"]}]},{"@type":"ImageObject","inLanguage":"pt-BR","@id":"https:\/\/med.estrategia.com\/portal\/residencia-medica\/residencia-medica-em-radiologia-na-usp-sp\/#primaryimage","url":"https:\/\/med.estrategia.com\/portal\/wp-content\/uploads\/2023\/04\/LP2_.jpg","contentUrl":"https:\/\/med.estrategia.com\/portal\/wp-content\/uploads\/2023\/04\/LP2_.jpg","width":1280,"height":720,"caption":"Cr\u00e9ditos: Estrat\u00e9gia MED"},{"@type":"BreadcrumbList","@id":"https:\/\/med.estrategia.com\/portal\/residencia-medica\/residencia-medica-em-radiologia-na-usp-sp\/#breadcrumb","itemListElement":[{"@type":"ListItem","position":1,"name":"Home","item":"https:\/\/med.estrategia.com\/portal\/"},{"@type":"ListItem","position":2,"name":"Resid\u00eancia M\u00e9dica","item":"https:\/\/med.estrategia.com\/portal\/residencia-medica\/"},{"@type":"ListItem","position":3,"name":"Como \u00e9 a Resid\u00eancia M\u00e9dica de Radiologia na USP-SP"}]},{"@type":"WebSite","@id":"https:\/\/med.estrategia.com\/portal\/#website","url":"https:\/\/med.estrategia.com\/portal\/","name":"Estrat\u00e9gia MED","description":"","potentialAction":[{"@type":"SearchAction","target":{"@type":"EntryPoint","urlTemplate":"https:\/\/med.estrategia.com\/portal\/?s={search_term_string}"},"query-input":{"@type":"PropertyValueSpecification","valueRequired":true,"valueName":"search_term_string"}}],"inLanguage":"pt-BR"},{"@type":"Person","@id":"https:\/\/med.estrategia.com\/portal\/#\/schema\/person\/2f553adbb8e25fe39d145c5b2927f58c","name":"Ana Carolina Damasceno","image":{"@type":"ImageObject","inLanguage":"pt-BR","@id":"https:\/\/med.estrategia.com\/portal\/#\/schema\/person\/image\/","url":"https:\/\/med.estrategia.com\/portal\/wp-content\/uploads\/2026\/07\/Sem-titulo-150x150.png","contentUrl":"https:\/\/med.estrategia.com\/portal\/wp-content\/uploads\/2026\/07\/Sem-titulo-150x150.png","caption":"Ana Carolina Damasceno"},"description":"Coordenadora de Jornalismo EMED. Comunicadora por natureza e forma\u00e7\u00e3o, que ama e perde a no\u00e7\u00e3o do tempo com m\u00fasica e s\u00e9rie.","url":"https:\/\/med.estrategia.com\/portal\/author\/ana-carolina-damasceno\/"}]}},"_links":{"self":[{"href":"https:\/\/med.estrategia.com\/portal\/wp-json\/wp\/v2\/posts\/42912","targetHints":{"allow":["GET"]}}],"collection":[{"href":"https:\/\/med.estrategia.com\/portal\/wp-json\/wp\/v2\/posts"}],"about":[{"href":"https:\/\/med.estrategia.com\/portal\/wp-json\/wp\/v2\/types\/post"}],"author":[{"embeddable":true,"href":"https:\/\/med.estrategia.com\/portal\/wp-json\/wp\/v2\/users\/39"}],"replies":[{"embeddable":true,"href":"https:\/\/med.estrategia.com\/portal\/wp-json\/wp\/v2\/comments?post=42912"}],"version-history":[{"count":6,"href":"https:\/\/med.estrategia.com\/portal\/wp-json\/wp\/v2\/posts\/42912\/revisions"}],"predecessor-version":[{"id":43205,"href":"https:\/\/med.estrategia.com\/portal\/wp-json\/wp\/v2\/posts\/42912\/revisions\/43205"}],"wp:featuredmedia":[{"embeddable":true,"href":"https:\/\/med.estrategia.com\/portal\/wp-json\/wp\/v2\/media\/38727"}],"wp:attachment":[{"href":"https:\/\/med.estrategia.com\/portal\/wp-json\/wp\/v2\/media?parent=42912"}],"wp:term":[{"taxonomy":"category","embeddable":true,"href":"https:\/\/med.estrategia.com\/portal\/wp-json\/wp\/v2\/categories?post=42912"},{"taxonomy":"post_tag","embeddable":true,"href":"https:\/\/med.estrategia.com\/portal\/wp-json\/wp\/v2\/tags?post=42912"}],"curies":[{"name":"wp","href":"https:\/\/api.w.org\/{rel}","templated":true}]}}