{"id":43077,"date":"2023-07-20T16:20:09","date_gmt":"2023-07-20T19:20:09","guid":{"rendered":"https:\/\/med.estrategia.com\/portal\/?p=43077"},"modified":"2023-08-07T18:16:13","modified_gmt":"2023-08-07T21:16:13","slug":"ufpel-curso-de-medicina-para-assentados-do-mst","status":"publish","type":"post","link":"https:\/\/med.estrategia.com\/portal\/noticias\/ufpel-curso-de-medicina-para-assentados-do-mst\/","title":{"rendered":"UFPel estuda criar curso de Medicina para assentados do MST"},"content":{"rendered":"<p class=\"wp-block-paragraph\">No m&ecirc;s de junho, a <strong>Universidade Federal de Pelotas (UFPel) <\/strong>anunciou o estudo para a&nbsp;<strong>cria&ccedil;&atilde;o do curso de <span id=\"urn:enhancement-4d1e663b-88d4-4381-8802-63e985ebd84c\" class=\"textannotation disambiguated wl-creative-work\" itemid=\"https:\/\/data.wordlift.io\/wl106637\/entity\/medicina\">Medicina<\/span> exclusivo para ingresso de assentados da Reforma Agr&aacute;ria <\/strong>devidamente cadastrados no Instituto Nacional de Coloniza&ccedil;&atilde;o e Reforma Agr&aacute;ria (INCRA) ou benefici&aacute;rios de outros projetos relacionados ao Movimento dos Trabalhadores Rurais Sem Terra (MST).<br><br>Caso o projeto siga em frente,<strong> este ser&aacute; o primeiro curso de <span id=\"urn:enhancement-f2a7bb5f-0e55-4930-b388-c806f90bed32\" class=\"textannotation disambiguated wl-creative-work\" itemid=\"https:\/\/data.wordlift.io\/wl106637\/entity\/medicina\">Medicina<\/span> do Brasil na modalidade<\/strong>, por&eacute;m, n&atilde;o o primeiro &mdash; curso de gradua&ccedil;&atilde;o para assentados do MST &mdash; da UFPel e do pa&iacute;s.<p class=\"wp-block-paragraph\">A<strong> proposta &eacute; viabilizada pelo Programa Nacional de Educa&ccedil;&atilde;o na Reforma Agr&aacute;ria (Pronera), <\/strong>criado em 1998 para<strong> atender reivindica&ccedil;&otilde;es dos movimentos sociais referentes &agrave; educa&ccedil;&atilde;o<\/strong> pelo ent&atilde;o Presidente da Rep&uacute;blica Fernando Henrique Cardoso. Atualmente, o Pronera<strong> j&aacute; conta com cursos para forma&ccedil;&atilde;o profissional, <\/strong>como o de <span id=\"urn:enhancement-80ddd46c-b31a-49c1-923c-2f5090ee319c\" class=\"textannotation disambiguated wl-creative-work\" itemid=\"https:\/\/data.wordlift.io\/wl106637\/entity\/medicina\">Medicina<\/span> Veterin&aacute;ria da pr&oacute;pria UFPel, Agronomia na Universidade Federal de Goi&aacute;s (UFG), Pedagogia na Universidade Estadual do Centro-Oeste do Paran&aacute; (Unicentro), entre outros.<br><br>Por&eacute;m, ap&oacute;s a divulga&ccedil;&atilde;o do projeto, <strong>entidades m&eacute;dicas<\/strong>, como o <span id=\"urn:enhancement-9918e1e5-4b47-49d3-84c9-689421b8ab01\" class=\"textannotation disambiguated wl-thing\" itemid=\"https:\/\/data.wordlift.io\/wl106637\/entity\/crm\">Conselho Regional de Medicina<\/span> do Estado do Rio Grande do Sul (Cremers), Sindicato <span id=\"urn:enhancement-c207d867-0ceb-4f92-b9fe-fbe6a8e3e734\" class=\"textannotation disambiguated wl-thing\" itemid=\"https:\/\/data.wordlift.io\/wl106637\/entity\/medicos\">M&eacute;dico<\/span> do Rio Grande do Sul (Simers) e o <span id=\"urn:enhancement-d43b4988-8039-42ef-b193-9c6299edb3c8\" class=\"textannotation disambiguated wl-thing\" itemid=\"https:\/\/data.wordlift.io\/wl106637\/entity\/crm\">Conselho Regional de Medicina<\/span> do Estado de Minas Gerais (<span id=\"urn:enhancement-32304ed8-57d0-4340-a90b-677cd19dbb02\" class=\"textannotation disambiguated wl-thing\" itemid=\"https:\/\/data.wordlift.io\/wl106637\/entity\/crm\">CRM<\/span>-MG),<strong> apresentaram notas contr&aacute;rias &agrave; abertura do curso<\/strong>. Confira a seguir.<\/p><div id=\"ez-toc-container\" class=\"ez-toc-v2_0_86 counter-hierarchy ez-toc-counter ez-toc-transparent ez-toc-container-direction\">\n<div class=\"ez-toc-title-container\"><p class=\"ez-toc-title\" style=\"cursor:inherit\">Navegue pelo conte\u00fado<\/p>\n<\/div><nav><ul class='ez-toc-list ez-toc-list-level-1 ' ><li class='ez-toc-page-1 ez-toc-heading-level-2'><a class=\"ez-toc-link ez-toc-heading-1\" href=\"https:\/\/med.estrategia.com\/portal\/noticias\/ufpel-curso-de-medicina-para-assentados-do-mst\/#Posicionamento-das-entidades-medicas\" >Posicionamento das entidades m&eacute;dicas&nbsp;<\/a><\/li><li class='ez-toc-page-1 ez-toc-heading-level-2'><a class=\"ez-toc-link ez-toc-heading-2\" href=\"https:\/\/med.estrategia.com\/portal\/noticias\/ufpel-curso-de-medicina-para-assentados-do-mst\/#Posicionamento-do-Ministerio-reitores-e-MST\" >Posicionamento do Minist&eacute;rio, reitores e MST&nbsp;<\/a><\/li><\/ul><\/nav><\/div>\n<h2 class=\"wp-block-heading\" id=\"h-posicionamento-das-entidades-medicas\"><span class=\"ez-toc-section\" id=\"Posicionamento-das-entidades-medicas\"><\/span>Posicionamento das entidades m&eacute;dicas&nbsp;<span class=\"ez-toc-section-end\"><\/span><\/h2><p class=\"wp-block-paragraph\">Apesar do <strong>projeto ainda se encontrar em fase inicial<\/strong>, e sem os requisitos e regras do processo seletivo definidos, este <strong>recebeu cr&iacute;ticas<\/strong>, <strong>manifestadas em notas contr&aacute;rias &agrave; implementa&ccedil;&atilde;o do curso exclusivo.<\/strong><br><br>Em sua <a href=\"https:\/\/cremers.org.br\/cremers-solicita-esclarecimentos-a-ufpel-sobre-abertura-de-curso-de-medicina-humana\/\" target=\"_blank\">nota de rep&uacute;dio<\/a>, o <strong>Cremers cita o artigo 196 da Constitui&ccedil;&atilde;o Federal<\/strong>, argumentando que a sa&uacute;de &eacute; direito de todos, sem segregar cidad&atilde;os em grupo de qualquer esp&eacute;cie, al&eacute;m de repudiar <em>&ldquo;toda e qualquer forma de cria&ccedil;&atilde;o de novas vagas sem crit&eacute;rios, que tenha como objetivo atender determinados segmentos da sociedade e desrespeite a legisla&ccedil;&atilde;o vigente quanto ao sistema de processo seletivo para institui&ccedil;&otilde;es de ensino superior&rdquo;.<br><br><\/em><strong>Seguindo o mesmo posicionamento<\/strong>, o <a href=\"https:\/\/www.simers.org.br\/noticia?name=pelotas--simers-questiona-criacao-o-curso-de-medicina-para-populacao-de-assentamentos\" target=\"_blank\">Simers<\/a> e o <a href=\"https:\/\/www.instagram.com\/p\/Cu6oT6Yu2ps\/\" target=\"_blank\">CRM-MG<\/a> tamb&eacute;m <strong>se manifestaram contr&aacute;rios &agrave; flexibiliza&ccedil;&atilde;o de processos seletivos <\/strong>para atender interesses de um grupo espec&iacute;fico da sociedade.<br><br>Em nota publicada em sua conta oficial do <em>Instagram<\/em>, o<strong> <span id=\"urn:enhancement-18b76d61-310d-4ccd-9a5d-1ff055017eff\" class=\"textannotation disambiguated wl-thing\" itemid=\"https:\/\/data.wordlift.io\/wl106637\/entity\/crm\">CRM<\/span>-MG aponta<\/strong> que <em>&ldquo;Este Conselho atua firmemente pelo ensino <span id=\"urn:enhancement-d788b5bd-f977-4e90-a82e-b9fe11a73310\" class=\"textannotation disambiguated wl-thing\" itemid=\"https:\/\/data.wordlift.io\/wl106637\/entity\/medicos\">m&eacute;dico<\/span> de qualidade e contra a abertura indiscriminada das escolas m&eacute;dicas, pilares fundamentais para a forma&ccedil;&atilde;o de profissionais preparados e bem treinados para o mercado de trabalho. O <span id=\"urn:enhancement-2da73c46-eda4-4296-887d-2940fff21a1f\" class=\"textannotation disambiguated wl-thing\" itemid=\"https:\/\/data.wordlift.io\/wl106637\/entity\/crm\">CRM<\/span>-MG ainda repudia a cria&ccedil;&atilde;o de novas vagas em <span id=\"urn:enhancement-aa04105e-077f-4a89-9407-bc982446188a\" class=\"textannotation disambiguated wl-creative-work\" itemid=\"https:\/\/data.wordlift.io\/wl106637\/entity\/medicina\">medicina<\/span> exclusivamente para atender os interesses de um segmento espec&iacute;fico.&rdquo;<\/em><\/p><h2 class=\"wp-block-heading\" id=\"h-posicionamento-do-ministerio-reitores-e-mst\"><span class=\"ez-toc-section\" id=\"Posicionamento-do-Ministerio-reitores-e-MST\"><\/span>Posicionamento do Minist&eacute;rio, reitores e MST&nbsp;<span class=\"ez-toc-section-end\"><\/span><\/h2><p class=\"wp-block-paragraph\">Mesmo com a repercuss&atilde;o negativa do projeto, <strong>houve apoio por parte do Ministro do Desenvolvimento Agr&aacute;rio e Agricultura Familiar<\/strong>, Paulo Teixeira, e de <strong>reitores das institui&ccedil;&otilde;es p&uacute;blicas federais do estado do Rio Grande do Sul.<br><\/strong><br>Estes &uacute;ltimos afirmam que a UFPel &ldquo;<em>ao propor a forma&ccedil;&atilde;o de <span id=\"urn:enhancement-093d9be3-240f-43de-b4ec-86d1dcdef426\" class=\"textannotation disambiguated wl-thing\" itemid=\"https:\/\/data.wordlift.io\/wl106637\/entity\/medicos\">m&eacute;dicos<\/span> e m&eacute;dicas entre os integrantes das fam&iacute;lias assentadas, contribui de forma significativa para a redu&ccedil;&atilde;o das disparidades no acesso &agrave; educa&ccedil;&atilde;o e para a representatividade dos profissionais de sa&uacute;de em regi&otilde;es rurais, onde a car&ecirc;ncia de <span id=\"urn:enhancement-3d884b10-f011-40f5-9f1c-e49d605d705a\" class=\"textannotation disambiguated wl-thing\" itemid=\"https:\/\/data.wordlift.io\/wl106637\/entity\/medicos\">m&eacute;dicos<\/span> &eacute; uma realidade.&rdquo;. <\/em>O grupo de gestores tamb&eacute;m reitera que a autonomia universit&aacute;ria &eacute; garantida pela Constitui&ccedil;&atilde;o Federal, e que s&atilde;o avaliados rigorosamente conforme as diretrizes estabelecidas pelo <span id=\"urn:enhancement-0f681bbc-9992-460c-b993-1be471b3deb1\" class=\"textannotation disambiguated wl-organization\" itemid=\"https:\/\/data.wordlift.io\/wl106637\/entity\/ministerio-da-educacao-2\">Minist&eacute;rio da Educa&ccedil;&atilde;o<\/span>.<br><br>J&aacute; o <strong>MST defende a viabiliza&ccedil;&atilde;o do curso<\/strong> de <span id=\"urn:enhancement-a2cf782f-02f2-4c41-8505-0eff41149263\" class=\"textannotation disambiguated wl-creative-work\" itemid=\"https:\/\/data.wordlift.io\/wl106637\/entity\/medicina\">Medicina<\/span> exclusivo para assentados e alega que a <strong>forma&ccedil;&atilde;o de profissionais<\/strong> de sa&uacute;de oriundos das pr&oacute;prias comunidades rurais &eacute; <strong>fundamental para atua&ccedil;&atilde;o focada &agrave;s necessidades desta parte da popula&ccedil;&atilde;o<\/strong>.<br><br>Al&eacute;m disso, o MST aponta que <strong>muitos assentados enfrentam dificuldades no acesso &agrave; educa&ccedil;&atilde;o <\/strong>e oportunidades na forma&ccedil;&atilde;o profissional, mantendo a desigualdade social no Brasil. Por isso,<strong> <\/strong>o curso de <span id=\"urn:enhancement-ab3fd9bf-8e18-4718-8b8b-525e28d05d97\" class=\"textannotation disambiguated wl-creative-work\" itemid=\"https:\/\/data.wordlift.io\/wl106637\/entity\/medicina\">Medicina<\/span><strong> <\/strong>voltado para essa parcela da popula&ccedil;&atilde;o seria mais uma forma de <strong>garantir acesso &agrave; educa&ccedil;&atilde;o superior <\/strong>e, ao mesmo tempo, <strong>contribuir para a atua&ccedil;&atilde;o de <span id=\"urn:enhancement-249a59dd-53de-4b1b-a020-81a5520e1aaf\" class=\"textannotation disambiguated wl-thing\" itemid=\"https:\/\/data.wordlift.io\/wl106637\/entity\/medicos\">m&eacute;dicos<\/span> nas &aacute;reas que mais carecem de profissionais.<\/strong><\/p><p class=\"wp-block-paragraph\">Se voc&ecirc; quer continuar por dentro de conte&uacute;dos relevantes sobre a &aacute;rea <span id=\"urn:enhancement-2b4b56db-43fe-4e2f-9a3a-b11e5a46897d\" class=\"textannotation disambiguated wl-thing\" itemid=\"https:\/\/data.wordlift.io\/wl106637\/entity\/medicos\">m&eacute;dica<\/span>, siga acompanhando os materiais preparados pelo <a href=\"https:\/\/med.estrategia.com\/portal\/\" target=\"_blank\">Portal de Not&iacute;cias do Estrat&eacute;gia MED<\/a>. Aqui voc&ecirc; encontrar&aacute; informa&ccedil;&otilde;es atualizadas sobre <span id=\"urn:enhancement-9b3bc7a7-7015-4a59-8a67-6433a6e577c5\" class=\"textannotation disambiguated wl-creative-work\" itemid=\"https:\/\/data.wordlift.io\/wl106637\/entity\/medicina\">Medicina<\/span>, processos seletivos, carreira <span id=\"urn:enhancement-ba82d9b7-493d-4d49-9ac3-5b968b643e70\" class=\"textannotation disambiguated wl-thing\" itemid=\"https:\/\/data.wordlift.io\/wl106637\/entity\/medicos\">m&eacute;dica<\/span> e muito mais!<\/p><p class=\"wp-block-paragraph\"><strong><a id=\"cta\" class=\"cta-imagem\" href=\"https:\/\/med.estrategia.com\/cursos\/extensivo-de-residncia-mdica\/\" target=\"blank\">\n                <img decoding=\"async\" width=\"100%\" src=\"https:\/\/med.estrategia.com\/portal\/wp-content\/uploads\/2025\/08\/extensivo_rm.jpg\" alt=\"Extensivo RM\" title=\"extensivo_rm\">\n        <\/a><\/strong><\/p><\/p>\n","protected":false},"excerpt":{"rendered":"Proposta vem sendo alvo de cr\u00edticas manifestadas atrav\u00e9s de notas contr\u00e1rias a implementa\u00e7\u00e3o do curso exclusivo\n","protected":false},"author":39,"featured_media":43076,"comment_status":"closed","ping_status":"closed","sticky":false,"template":"","format":"standard","meta":{"footnotes":""},"categories":[300],"tags":[],"class_list":["post-43077","post","type-post","status-publish","format-standard","has-post-thumbnail","category-noticias"],"acf":[],"yoast_head":"<!-- This site is optimized with the Yoast SEO Premium plugin v26.6 (Yoast SEO v26.6) - https:\/\/yoast.com\/wordpress\/plugins\/seo\/ -->\n<title>UFPel estuda criar curso de Medicina para assentados do MST<\/title>\n<meta name=\"description\" content=\"Cria\u00e7\u00e3o de curso de Medicina da UFPel para assentados do MST vem sendo alvo de cr\u00edticas, confira com o Estrat\u00e9gia MED!\" \/>\n<meta name=\"robots\" content=\"index, follow, max-snippet:-1, max-image-preview:large, max-video-preview:-1\" \/>\n<link rel=\"canonical\" href=\"https:\/\/med.estrategia.com\/portal\/noticias\/ufpel-curso-de-medicina-para-assentados-do-mst\/\" \/>\n<meta property=\"og:locale\" content=\"pt_BR\" \/>\n<meta property=\"og:type\" content=\"article\" \/>\n<meta property=\"og:title\" content=\"UFPel estuda criar curso de Medicina para assentados do MST\" \/>\n<meta property=\"og:description\" content=\"Cria\u00e7\u00e3o de curso de Medicina da UFPel para assentados do MST vem sendo alvo de cr\u00edticas, confira com o Estrat\u00e9gia MED!\" \/>\n<meta property=\"og:url\" content=\"https:\/\/med.estrategia.com\/portal\/noticias\/ufpel-curso-de-medicina-para-assentados-do-mst\/\" \/>\n<meta property=\"og:site_name\" content=\"Estrat\u00e9gia MED\" \/>\n<meta property=\"article:publisher\" content=\"https:\/\/www.facebook.com\/estrategiamed1\" \/>\n<meta property=\"article:published_time\" content=\"2023-07-20T19:20:09+00:00\" \/>\n<meta property=\"article:modified_time\" content=\"2023-08-07T21:16:13+00:00\" \/>\n<meta property=\"og:image\" content=\"https:\/\/cdn.medblog.estrategiaeducacional.com.br\/wp-content\/uploads\/2023\/07\/UFPel.jpg\" \/>\n\t<meta property=\"og:image:width\" content=\"1280\" \/>\n\t<meta property=\"og:image:height\" content=\"720\" \/>\n\t<meta property=\"og:image:type\" content=\"image\/jpeg\" \/>\n<meta name=\"author\" content=\"Ana Carolina Damasceno\" \/>\n<meta name=\"twitter:card\" content=\"summary_large_image\" \/>\n<meta name=\"twitter:creator\" content=\"@estrategiamed_\" \/>\n<meta name=\"twitter:site\" content=\"@estrategiamed_\" \/>\n<meta name=\"twitter:label1\" content=\"Escrito por\" \/>\n\t<meta name=\"twitter:data1\" content=\"Ana Carolina Damasceno\" \/>\n\t<meta name=\"twitter:label2\" content=\"Est. tempo de leitura\" \/>\n\t<meta name=\"twitter:data2\" content=\"4 minutos\" \/>\n<script type=\"application\/ld+json\" class=\"yoast-schema-graph\">{\"@context\":\"https:\/\/schema.org\",\"@graph\":[{\"@type\":\"WebPage\",\"@id\":\"https:\/\/med.estrategia.com\/portal\/noticias\/ufpel-curso-de-medicina-para-assentados-do-mst\/\",\"url\":\"https:\/\/med.estrategia.com\/portal\/noticias\/ufpel-curso-de-medicina-para-assentados-do-mst\/\",\"name\":\"UFPel estuda criar curso de Medicina para assentados do MST\",\"isPartOf\":{\"@id\":\"https:\/\/med.estrategia.com\/portal\/#website\"},\"primaryImageOfPage\":{\"@id\":\"https:\/\/med.estrategia.com\/portal\/noticias\/ufpel-curso-de-medicina-para-assentados-do-mst\/#primaryimage\"},\"image\":{\"@id\":\"https:\/\/med.estrategia.com\/portal\/noticias\/ufpel-curso-de-medicina-para-assentados-do-mst\/#primaryimage\"},\"thumbnailUrl\":\"https:\/\/med.estrategia.com\/portal\/wp-content\/uploads\/2023\/07\/UFPel.jpg\",\"datePublished\":\"2023-07-20T19:20:09+00:00\",\"dateModified\":\"2023-08-07T21:16:13+00:00\",\"author\":{\"@id\":\"https:\/\/med.estrategia.com\/portal\/#\/schema\/person\/2f553adbb8e25fe39d145c5b2927f58c\"},\"description\":\"Cria\u00e7\u00e3o de curso de Medicina da UFPel para assentados do MST vem sendo alvo de cr\u00edticas, confira com o Estrat\u00e9gia MED!\",\"breadcrumb\":{\"@id\":\"https:\/\/med.estrategia.com\/portal\/noticias\/ufpel-curso-de-medicina-para-assentados-do-mst\/#breadcrumb\"},\"inLanguage\":\"pt-BR\",\"potentialAction\":[{\"@type\":\"ReadAction\",\"target\":[\"https:\/\/med.estrategia.com\/portal\/noticias\/ufpel-curso-de-medicina-para-assentados-do-mst\/\"]}]},{\"@type\":\"ImageObject\",\"inLanguage\":\"pt-BR\",\"@id\":\"https:\/\/med.estrategia.com\/portal\/noticias\/ufpel-curso-de-medicina-para-assentados-do-mst\/#primaryimage\",\"url\":\"https:\/\/med.estrategia.com\/portal\/wp-content\/uploads\/2023\/07\/UFPel.jpg\",\"contentUrl\":\"https:\/\/med.estrategia.com\/portal\/wp-content\/uploads\/2023\/07\/UFPel.jpg\",\"width\":1280,\"height\":720,\"caption\":\"Imagem: Reprodu\u00e7\u00e3o\/RBSTV\"},{\"@type\":\"BreadcrumbList\",\"@id\":\"https:\/\/med.estrategia.com\/portal\/noticias\/ufpel-curso-de-medicina-para-assentados-do-mst\/#breadcrumb\",\"itemListElement\":[{\"@type\":\"ListItem\",\"position\":1,\"name\":\"Home\",\"item\":\"https:\/\/med.estrategia.com\/portal\/\"},{\"@type\":\"ListItem\",\"position\":2,\"name\":\"Not\u00edcias\",\"item\":\"https:\/\/med.estrategia.com\/portal\/noticias\/\"},{\"@type\":\"ListItem\",\"position\":3,\"name\":\"UFPel estuda criar curso de Medicina para assentados do MST\"}]},{\"@type\":\"WebSite\",\"@id\":\"https:\/\/med.estrategia.com\/portal\/#website\",\"url\":\"https:\/\/med.estrategia.com\/portal\/\",\"name\":\"Estrat\u00e9gia MED\",\"description\":\"\",\"potentialAction\":[{\"@type\":\"SearchAction\",\"target\":{\"@type\":\"EntryPoint\",\"urlTemplate\":\"https:\/\/med.estrategia.com\/portal\/?s={search_term_string}\"},\"query-input\":{\"@type\":\"PropertyValueSpecification\",\"valueRequired\":true,\"valueName\":\"search_term_string\"}}],\"inLanguage\":\"pt-BR\"},{\"@type\":\"Person\",\"@id\":\"https:\/\/med.estrategia.com\/portal\/#\/schema\/person\/2f553adbb8e25fe39d145c5b2927f58c\",\"name\":\"Ana Carolina Damasceno\",\"image\":{\"@type\":\"ImageObject\",\"inLanguage\":\"pt-BR\",\"@id\":\"https:\/\/med.estrategia.com\/portal\/#\/schema\/person\/image\/\",\"url\":\"https:\/\/med.estrategia.com\/portal\/wp-content\/uploads\/2026\/07\/Sem-titulo-150x150.png\",\"contentUrl\":\"https:\/\/med.estrategia.com\/portal\/wp-content\/uploads\/2026\/07\/Sem-titulo-150x150.png\",\"caption\":\"Ana Carolina Damasceno\"},\"description\":\"Coordenadora de Jornalismo EMED. Comunicadora por natureza e forma\u00e7\u00e3o, que ama e perde a no\u00e7\u00e3o do tempo com m\u00fasica e s\u00e9rie.\",\"url\":\"https:\/\/med.estrategia.com\/portal\/author\/ana-carolina-damasceno\/\"}]}<\/script>\n<!-- \/ Yoast SEO Premium plugin. -->","yoast_head_json":{"title":"UFPel estuda criar curso de Medicina para assentados do MST","description":"Cria\u00e7\u00e3o de curso de Medicina da UFPel para assentados do MST vem sendo alvo de cr\u00edticas, confira com o Estrat\u00e9gia MED!","robots":{"index":"index","follow":"follow","max-snippet":"max-snippet:-1","max-image-preview":"max-image-preview:large","max-video-preview":"max-video-preview:-1"},"canonical":"https:\/\/med.estrategia.com\/portal\/noticias\/ufpel-curso-de-medicina-para-assentados-do-mst\/","og_locale":"pt_BR","og_type":"article","og_title":"UFPel estuda criar curso de Medicina para assentados do MST","og_description":"Cria\u00e7\u00e3o de curso de Medicina da UFPel para assentados do MST vem sendo alvo de cr\u00edticas, confira com o Estrat\u00e9gia MED!","og_url":"https:\/\/med.estrategia.com\/portal\/noticias\/ufpel-curso-de-medicina-para-assentados-do-mst\/","og_site_name":"Estrat\u00e9gia MED","article_publisher":"https:\/\/www.facebook.com\/estrategiamed1","article_published_time":"2023-07-20T19:20:09+00:00","article_modified_time":"2023-08-07T21:16:13+00:00","og_image":[{"width":1280,"height":720,"url":"https:\/\/cdn.medblog.estrategiaeducacional.com.br\/wp-content\/uploads\/2023\/07\/UFPel.jpg","type":"image\/jpeg"}],"author":"Ana Carolina Damasceno","twitter_card":"summary_large_image","twitter_creator":"@estrategiamed_","twitter_site":"@estrategiamed_","twitter_misc":{"Escrito por":"Ana Carolina Damasceno","Est. tempo de leitura":"4 minutos"},"schema":{"@context":"https:\/\/schema.org","@graph":[{"@type":"WebPage","@id":"https:\/\/med.estrategia.com\/portal\/noticias\/ufpel-curso-de-medicina-para-assentados-do-mst\/","url":"https:\/\/med.estrategia.com\/portal\/noticias\/ufpel-curso-de-medicina-para-assentados-do-mst\/","name":"UFPel estuda criar curso de Medicina para assentados do MST","isPartOf":{"@id":"https:\/\/med.estrategia.com\/portal\/#website"},"primaryImageOfPage":{"@id":"https:\/\/med.estrategia.com\/portal\/noticias\/ufpel-curso-de-medicina-para-assentados-do-mst\/#primaryimage"},"image":{"@id":"https:\/\/med.estrategia.com\/portal\/noticias\/ufpel-curso-de-medicina-para-assentados-do-mst\/#primaryimage"},"thumbnailUrl":"https:\/\/med.estrategia.com\/portal\/wp-content\/uploads\/2023\/07\/UFPel.jpg","datePublished":"2023-07-20T19:20:09+00:00","dateModified":"2023-08-07T21:16:13+00:00","author":{"@id":"https:\/\/med.estrategia.com\/portal\/#\/schema\/person\/2f553adbb8e25fe39d145c5b2927f58c"},"description":"Cria\u00e7\u00e3o de curso de Medicina da UFPel para assentados do MST vem sendo alvo de cr\u00edticas, confira com o Estrat\u00e9gia MED!","breadcrumb":{"@id":"https:\/\/med.estrategia.com\/portal\/noticias\/ufpel-curso-de-medicina-para-assentados-do-mst\/#breadcrumb"},"inLanguage":"pt-BR","potentialAction":[{"@type":"ReadAction","target":["https:\/\/med.estrategia.com\/portal\/noticias\/ufpel-curso-de-medicina-para-assentados-do-mst\/"]}]},{"@type":"ImageObject","inLanguage":"pt-BR","@id":"https:\/\/med.estrategia.com\/portal\/noticias\/ufpel-curso-de-medicina-para-assentados-do-mst\/#primaryimage","url":"https:\/\/med.estrategia.com\/portal\/wp-content\/uploads\/2023\/07\/UFPel.jpg","contentUrl":"https:\/\/med.estrategia.com\/portal\/wp-content\/uploads\/2023\/07\/UFPel.jpg","width":1280,"height":720,"caption":"Imagem: Reprodu\u00e7\u00e3o\/RBSTV"},{"@type":"BreadcrumbList","@id":"https:\/\/med.estrategia.com\/portal\/noticias\/ufpel-curso-de-medicina-para-assentados-do-mst\/#breadcrumb","itemListElement":[{"@type":"ListItem","position":1,"name":"Home","item":"https:\/\/med.estrategia.com\/portal\/"},{"@type":"ListItem","position":2,"name":"Not\u00edcias","item":"https:\/\/med.estrategia.com\/portal\/noticias\/"},{"@type":"ListItem","position":3,"name":"UFPel estuda criar curso de Medicina para assentados do MST"}]},{"@type":"WebSite","@id":"https:\/\/med.estrategia.com\/portal\/#website","url":"https:\/\/med.estrategia.com\/portal\/","name":"Estrat\u00e9gia MED","description":"","potentialAction":[{"@type":"SearchAction","target":{"@type":"EntryPoint","urlTemplate":"https:\/\/med.estrategia.com\/portal\/?s={search_term_string}"},"query-input":{"@type":"PropertyValueSpecification","valueRequired":true,"valueName":"search_term_string"}}],"inLanguage":"pt-BR"},{"@type":"Person","@id":"https:\/\/med.estrategia.com\/portal\/#\/schema\/person\/2f553adbb8e25fe39d145c5b2927f58c","name":"Ana Carolina Damasceno","image":{"@type":"ImageObject","inLanguage":"pt-BR","@id":"https:\/\/med.estrategia.com\/portal\/#\/schema\/person\/image\/","url":"https:\/\/med.estrategia.com\/portal\/wp-content\/uploads\/2026\/07\/Sem-titulo-150x150.png","contentUrl":"https:\/\/med.estrategia.com\/portal\/wp-content\/uploads\/2026\/07\/Sem-titulo-150x150.png","caption":"Ana Carolina Damasceno"},"description":"Coordenadora de Jornalismo EMED. Comunicadora por natureza e forma\u00e7\u00e3o, que ama e perde a no\u00e7\u00e3o do tempo com m\u00fasica e s\u00e9rie.","url":"https:\/\/med.estrategia.com\/portal\/author\/ana-carolina-damasceno\/"}]}},"_links":{"self":[{"href":"https:\/\/med.estrategia.com\/portal\/wp-json\/wp\/v2\/posts\/43077","targetHints":{"allow":["GET"]}}],"collection":[{"href":"https:\/\/med.estrategia.com\/portal\/wp-json\/wp\/v2\/posts"}],"about":[{"href":"https:\/\/med.estrategia.com\/portal\/wp-json\/wp\/v2\/types\/post"}],"author":[{"embeddable":true,"href":"https:\/\/med.estrategia.com\/portal\/wp-json\/wp\/v2\/users\/39"}],"replies":[{"embeddable":true,"href":"https:\/\/med.estrategia.com\/portal\/wp-json\/wp\/v2\/comments?post=43077"}],"version-history":[{"count":5,"href":"https:\/\/med.estrategia.com\/portal\/wp-json\/wp\/v2\/posts\/43077\/revisions"}],"predecessor-version":[{"id":43201,"href":"https:\/\/med.estrategia.com\/portal\/wp-json\/wp\/v2\/posts\/43077\/revisions\/43201"}],"wp:featuredmedia":[{"embeddable":true,"href":"https:\/\/med.estrategia.com\/portal\/wp-json\/wp\/v2\/media\/43076"}],"wp:attachment":[{"href":"https:\/\/med.estrategia.com\/portal\/wp-json\/wp\/v2\/media?parent=43077"}],"wp:term":[{"taxonomy":"category","embeddable":true,"href":"https:\/\/med.estrategia.com\/portal\/wp-json\/wp\/v2\/categories?post=43077"},{"taxonomy":"post_tag","embeddable":true,"href":"https:\/\/med.estrategia.com\/portal\/wp-json\/wp\/v2\/tags?post=43077"}],"curies":[{"name":"wp","href":"https:\/\/api.w.org\/{rel}","templated":true}]}}