{"id":43800,"date":"2023-08-02T15:36:15","date_gmt":"2023-08-02T18:36:15","guid":{"rendered":"https:\/\/med.estrategia.com\/portal\/?p=43800"},"modified":"2023-08-07T18:07:45","modified_gmt":"2023-08-07T21:07:45","slug":"edital-residencia-medica-sms-vitoria-2024","status":"publish","type":"post","link":"https:\/\/med.estrategia.com\/portal\/noticias\/edital-residencia-medica-sms-vitoria-2024\/","title":{"rendered":"SMS-Vit\u00f3ria publica edital para Resid\u00eancia M\u00e9dica 2024 de MFC"},"content":{"rendered":"<p>A <strong>Prefeitura Municipal de Vit&oacute;ria\/ES <\/strong>divulgou na &uacute;ltima segunda-feira (31), por meio da <strong>Secretaria Municipal de Sa&uacute;de<\/strong>, o <strong>edital de seu processo seletivo de <a class=\"wl-entity-page-link\" title=\"residentes\" href=\"https:\/\/med.estrategia.com\/portal\/entidade\/residencia-medica\/\" data-id=\"\/entity\/residencia-medica;http:\/\/dbpedia.org\/resource\/Residency_(medicine);http:\/\/en.dbpedia.org\/resource\/Residency_(medicine);http:\/\/nl.dbpedia.org\/resource\/Arts-assistent;http:\/\/de.dbpedia.org\/resource\/&Auml;rztliche_Weiterbildung;http:\/\/fr.dbpedia.org\/resource\/R&eacute;sidence_(m&eacute;decine);http:\/\/lt.dbpedia.org\/resource\/Rezident&#363;ra_(studijos);http:\/\/pt.dbpedia.org\/resource\/Resid&ecirc;ncia_m&eacute;dica;http:\/\/ru.dbpedia.org\/resource\/&#1050;&#1083;&#1080;&#1085;&#1080;&#1095;&#1077;&#1089;&#1082;&#1072;&#1103;_&#1086;&#1088;&#1076;&#1080;&#1085;&#1072;&#1090;&#1091;&#1088;&#1072;;http:\/\/uk.dbpedia.org\/resource\/&#1054;&#1088;&#1076;&#1080;&#1085;&#1072;&#1090;&#1091;&#1088;&#1072;_&#1082;&#1083;&#1110;&#1085;&#1110;&#1095;&#1085;&#1072;;https:\/\/data.wordlift.io\/wl106637\/entity\/residencia-medica\">resid&ecirc;ncia m&eacute;dica<\/a> <\/strong>atrav&eacute;s do Di&aacute;rio Oficial do Munic&iacute;pio.<br><br>Ao todo, <strong>5 vagas para <a class=\"wl-entity-page-link\" title=\"MEDICINA DE FAM&Iacute;LIA E COMUNIDADE\" href=\"https:\/\/med.estrategia.com\/portal\/entidade\/medicina-de-familia-e-comunidade\/\" data-id=\"\/entity\/medicina-de-familia-e-comunidade;http:\/\/www.wikidata.org\/entity\/Q3853766;https:\/\/data.wordlift.io\/wl106637\/entity\/medicina-de-familia-e-comunidade\">Medicina de Fam&iacute;lia e Comunidade<\/a><\/strong> s&atilde;o ofertadas para a sele&ccedil;&atilde;o que prev&ecirc; ingresso dos <a class=\"wl-entity-page-link\" title=\"Doutor\" href=\"https:\/\/med.estrategia.com\/portal\/entidade\/medicos__trashed\/\" data-id=\"\/entity\/medicos__trashed;http:\/\/dbpedia.org\/resource\/Physician;http:\/\/pt.dbpedia.org\/resource\/M&eacute;dico;http:\/\/hr.dbpedia.org\/resource\/Lije&#269;nik;http:\/\/hu.dbpedia.org\/resource\/Orvos;http:\/\/id.dbpedia.org\/resource\/Dokter;http:\/\/is.dbpedia.org\/resource\/L&aelig;knir;http:\/\/it.dbpedia.org\/resource\/Medico;http:\/\/ro.dbpedia.org\/resource\/Medic;http:\/\/ru.dbpedia.org\/resource\/&#1042;&#1088;&#1072;&#1095;;http:\/\/be.dbpedia.org\/resource\/&#1059;&#1088;&#1072;&#1095;;http:\/\/bg.dbpedia.org\/resource\/&#1051;&#1077;&#1082;&#1072;&#1088;;http:\/\/sk.dbpedia.org\/resource\/Lek&aacute;r;http:\/\/sl.dbpedia.org\/resource\/Zdravnik;http:\/\/ca.dbpedia.org\/resource\/Metge;http:\/\/sr.dbpedia.org\/resource\/&#1033;&#1077;&#1082;&#1072;&#1088;;http:\/\/sv.dbpedia.org\/resource\/L&auml;kare;http:\/\/cs.dbpedia.org\/resource\/L&eacute;ka&#345;;http:\/\/da.dbpedia.org\/resource\/L&aelig;ge;http:\/\/tr.dbpedia.org\/resource\/Doktor_(t&#305;p);http:\/\/de.dbpedia.org\/resource\/Arzt;http:\/\/lt.dbpedia.org\/resource\/Gydytojas;http:\/\/lv.dbpedia.org\/resource\/&#256;rsts;http:\/\/uk.dbpedia.org\/resource\/&#1051;&#1110;&#1082;&#1072;&#1088;;http:\/\/en.dbpedia.org\/resource\/Physician;http:\/\/es.dbpedia.org\/resource\/M&eacute;dico;http:\/\/et.dbpedia.org\/resource\/Arst;http:\/\/nl.dbpedia.org\/resource\/Arts;http:\/\/no.dbpedia.org\/resource\/Lege;http:\/\/fi.dbpedia.org\/resource\/L&auml;&auml;k&auml;ri;http:\/\/fr.dbpedia.org\/resource\/M&eacute;decin;http:\/\/pl.dbpedia.org\/resource\/Lekarz;https:\/\/data.wordlift.io\/wl106637\/entity\/medicos\">m&eacute;dicos<\/a> aprovados na resid&ecirc;ncia m&eacute;dica apenas em 2024 e, que conta com duas etapas avaliativas: prova objetiva e an&aacute;lise curricular.<br><br>Os candidatos interessados em participar da sele&ccedil;&atilde;o<strong> ter&atilde;o entre os dias 30 de outubro e 24 de novembro de 2023 para se inscreverem<\/strong> mediante preenchimento do formul&aacute;rio de inscri&ccedil;&atilde;o, <a href=\"https:\/\/www.vitoria.es.gov.br\/prefeitura\/concurso-publico\" target=\"_blank\">dispon&iacute;vel na p&aacute;gina de concursos do munic&iacute;pio<\/a>, e envio deste documento digitalizado para o e-mail coreme@vitoria.es.gov.br.<div id=\"ez-toc-container\" class=\"ez-toc-v2_0_79_2 counter-hierarchy ez-toc-counter ez-toc-transparent ez-toc-container-direction\">\n<div class=\"ez-toc-title-container\"><p class=\"ez-toc-title\" style=\"cursor:inherit\">Navegue pelo conte\u00fado<\/p>\n<\/div><nav><ul class='ez-toc-list ez-toc-list-level-1 ' ><li class='ez-toc-page-1 ez-toc-heading-level-2'><a class=\"ez-toc-link ez-toc-heading-1\" href=\"https:\/\/med.estrategia.com\/portal\/noticias\/edital-residencia-medica-sms-vitoria-2024\/#Cronograma-Edital-SMS-Vitoria-2024\" >Cronograma Edital SMS-Vit&oacute;ria 2024<\/a><\/li><li class='ez-toc-page-1 ez-toc-heading-level-2'><a class=\"ez-toc-link ez-toc-heading-2\" href=\"https:\/\/med.estrategia.com\/portal\/noticias\/edital-residencia-medica-sms-vitoria-2024\/#Processo-Seletivo-SMS-Vitoria-2024\" >Processo Seletivo SMS-Vit&oacute;ria 2024<\/a><\/li><li class='ez-toc-page-1 ez-toc-heading-level-2'><a class=\"ez-toc-link ez-toc-heading-3\" href=\"https:\/\/med.estrategia.com\/portal\/noticias\/edital-residencia-medica-sms-vitoria-2024\/#Edital-SMS-Vitoria-2024\" >Edital SMS-Vit&oacute;ria 2024<\/a><\/li><\/ul><\/nav><\/div>\n<h2 class=\"wp-block-heading\" id=\"h-cronograma-edital-sms-vitoria-2024\"><span class=\"ez-toc-section\" id=\"Cronograma-Edital-SMS-Vitoria-2024\"><\/span>Cronograma Edital SMS-Vit&oacute;ria 2024<span class=\"ez-toc-section-end\"><\/span><\/h2><figure class=\"wp-block-table\"><table><tbody><tr><td><strong>Vagas Ofertadas<\/strong><\/td><td class=\"has-text-align-center\" data-align=\"center\">5 vagas para Medicina de Fam&iacute;lia e Comunidade<\/td><\/tr><tr><td><strong>Composi&ccedil;&atilde;o do Processo Seletivo<\/strong><\/td><td class=\"has-text-align-center\" data-align=\"center\">Prova Objetiva (90%) + An&aacute;lise Curricular (10%)<\/td><\/tr><tr><td><strong>Per&iacute;odo de Inscri&ccedil;&otilde;es<\/strong><\/td><td class=\"has-text-align-center\" data-align=\"center\">30\/10 a 24\/11\/2023<\/td><\/tr><tr><td><strong>Entrega de Curr&iacute;culo e Documenta&ccedil;&atilde;o<\/strong><\/td><td class=\"has-text-align-center\" data-align=\"center\">30\/10 a 24\/11\/2023<\/td><\/tr><tr><td><strong>Prova Objetiva<\/strong><\/td><td class=\"has-text-align-center\" data-align=\"center\">30\/11\/2023<\/td><\/tr><tr><td><strong>Gabarito da Prova Objetiva e Divulga&ccedil;&atilde;o da Pontua&ccedil;&atilde;o da An&aacute;lise Curricular<\/strong><\/td><td class=\"has-text-align-center\" data-align=\"center\">04\/12\/2023<\/td><\/tr><tr><td><strong>Recursos contra gabarito e pontua&ccedil;&atilde;o<\/strong><\/td><td class=\"has-text-align-center\" data-align=\"center\">05 e 06\/12\/2023 (8h &agrave;s 13h)<\/td><\/tr><tr><td><strong>Resultado Final<\/strong><\/td><td class=\"has-text-align-center\" data-align=\"center\">08\/12\/2023<\/td><\/tr><tr><td><strong>Matr&iacute;culas<\/strong><\/td><td class=\"has-text-align-center\" data-align=\"center\">01 a 08\/02\/2024<\/td><\/tr><tr><td><strong>In&iacute;cio do programa<\/strong><\/td><td class=\"has-text-align-center\" data-align=\"center\">01\/03\/2024<\/td><\/tr><\/tbody><\/table><\/figure><p>Aproveite para assinar a nossa Newsletter para receber atualiza&ccedil;&otilde;es sobre este e outros processos seletivos diretamente no seu e-mail:<\/p><p>\n\n\n<div id=\"new-form\">\n\t<form id=\"forms_layout\">\n\t<input type=\"hidden\" id=\"chave_de\" name=\"chave_de\" value=\"01_EMED_LEADS_TOTAIS\" \/>\n\t\t<input type=\"hidden\" id=\"mid\" name=\"mid\" value=\"515009018\" \/>\n\t\t<input type=\"hidden\" id=\"Objetivo\" name=\"Objetivo\" value=\"Medicina\" \/>\n\t\t<input type=\"hidden\" id=\"Estado_de_Origem_do_IP\" name=\"Estado_de_Origem_do_IP\"  value=\"\" \/>\n\t\t<input type=\"hidden\" id=\"Cidade_de_Origem_do_IP\" name=\"Cidade_de_Origem_do_IP\" value=\"\" \/>\n\t\t<input type=\"hidden\" id=\"Modo_de_entrada\" name=\"Modo_de_entrada\" value=\"Portal\" \/>\n\t\t<input type=\"hidden\" id=\"Pagina_Origem\" name=\"Pagina_Origem\" value=\"\" \/>\n\n\t\t<div class=\"texto\">\n\t\t\t<h3 class=\"news\">Inscreva-se em nossa newsletter!<\/h3>\n\t\t\t<p>Receba not\u00edcias sobre resid\u00eancia m\u00e9dica, revalida\u00e7\u00e3o de diplomas e concursos m\u00e9dicos, al\u00e9m de materiais de estudo gratuitos e informa\u00e7\u00f5es relevantes do mundo da Medicina.<\/p>\n\t\t<\/div>\n\t\t<div class=\"campos\">\n\t\t\t<div class=\"first_name labels\">\n\t\t\t\t<input type=\"text\" class=\"input_labels\" id=\"first_name\" name=\"Nome_Completo\" placeholder=\"Nome\" required \/>\n\t\t\t<\/div>\n\t\t\t<div class=\"email labels\">\n\t\t\t\t<input type=\"email\" class=\"input_labels\" id=\"email\" name=\"Email\" placeholder=\"E-mail\" required \/>\n\t\t\t<\/div>\n\t\t\t<button type=\"submit\" class=\"button_layout\">\n\t\t\t\t<div id=\"lblBotao\">Inscreva-se<\/div>\n\t\t\t\t<span id=\"divSpiner\" class=\"loader\" role=\"status\" style=\"display: none;\"><\/span>\t\n\t\t\t<\/button>\n\t\t<\/div><!-- \/campos -->\n\t\t\n\t\t<label class=\"container_checkbox\">Voc\u00ea concorda com a nossa\n\t\t\t<a class=\"politics_privacy_ahref\" target=\"_blank\" href=\"https:\/\/gratis.estrategiaconcursos.com.br\/politica-de-privacidade\/\">Pol\u00edtica de Privacidade<\/a> e aceita receber informa\u00e7\u00f5es adicionais do Estrat\u00e9gia Educacional.\n\t\t\t<input id=\"checkbox_layout\" type=\"checkbox\" checked=\"checked\" required \/>\n\t\t\t<span class=\"checkbox\"><\/span>\n\t\t<\/label>\n\t\t<div id=\"msg\"><\/div>\n\t\t<div id=\"error\" class=\"error\">\n\t\t<\/div>\n\t<\/form>\n<\/div><!-- \/new-form -->\n\n\n\n<\/p><h2 class=\"wp-block-heading\" id=\"h-processo-seletivo-sms-vitoria-2024\"><span class=\"ez-toc-section\" id=\"Processo-Seletivo-SMS-Vitoria-2024\"><\/span>Processo Seletivo SMS-Vit&oacute;ria 2024<span class=\"ez-toc-section-end\"><\/span><\/h2><p>Todos<strong> os candidatos inscritos para a sele&ccedil;&atilde;o <\/strong>de resid&ecirc;ncia m&eacute;dica da SMS-Vit&oacute;ria para 2024 <strong>ser&atilde;o avaliados atrav&eacute;s de duas etapas: prova objetiva e an&aacute;lise curricular<\/strong>.<br><br>Durante o <strong>per&iacute;odo de inscri&ccedil;&otilde;es, os candidatos dever&atilde;o entregar os respectivos documentos de seu curr&iacute;culo<\/strong> &mdash; c&oacute;pias autenticadas ou original e c&oacute;pia simples &mdash; junto ao <a href=\"https:\/\/med.estrategia.com\/portal\/wp-content\/uploads\/2023\/08\/00003837_modelo_de_curriculo_-SMS-VITORIA-2024.pdf\" target=\"_blank\">Modelo de Curr&iacute;culo<\/a> preenchido corretamente, na Secretaria Escolar da SEMUS\/ETSUS-Vit&oacute;ria, localizada &agrave; Rua Maria de Lourdes Garcia, n&ordm; 474, Ilha de Santa Maria, Vit&oacute;ria-ES, CEP 29051-250.<br><br>Aqueles que<strong> participaram de Programas Federais<\/strong>, como PROVAB, A&ccedil;&atilde;o Estrat&eacute;gica &ldquo;O Brasil Conta Comigo&rdquo; e o Programa Mais M&eacute;dicos<strong>, ter&atilde;o direito a pontua&ccedil;&atilde;o adicional <\/strong>na nota e devem informar no ato de inscri&ccedil;&atilde;o.<br><br>J&aacute; a<strong> prova objetiva ser&aacute; aplicada para todos os candidatos no dia 30 de novembro de 2023<\/strong> e ser&aacute; constitu&iacute;da por <strong>40 quest&otilde;es de m&uacute;ltipla escolha,<\/strong> modelo ABCD, distribu&iacute;das igualmente entre o conte&uacute;do referente &agrave; cinco &aacute;reas da medicina: <a class=\"wl-entity-page-link\" title=\"CL&Iacute;NICA M&Eacute;DICA\" href=\"https:\/\/med.estrategia.com\/portal\/entidade\/clinica-medica\/\" data-id=\"\/entity\/clinica-medica;http:\/\/dbpedia.org\/resource\/Internal_medicine;http:\/\/de.dbpedia.org\/resource\/Innere_Medizin;http:\/\/no.dbpedia.org\/resource\/Indremedisin;http:\/\/hr.dbpedia.org\/resource\/Interna_medicina;http:\/\/sl.dbpedia.org\/resource\/Interna_medicina;http:\/\/id.dbpedia.org\/resource\/Penyakit_dalam;http:\/\/ca.dbpedia.org\/resource\/Medicina_interna;http:\/\/sq.dbpedia.org\/resource\/Internisti;http:\/\/en.dbpedia.org\/resource\/Internal_medicine;http:\/\/it.dbpedia.org\/resource\/Medicina_interna;http:\/\/es.dbpedia.org\/resource\/Medicina_interna;http:\/\/pl.dbpedia.org\/resource\/Interna;http:\/\/nl.dbpedia.org\/resource\/Interne_geneeskunde;http:\/\/fi.dbpedia.org\/resource\/Sis&auml;taudit;http:\/\/ru.dbpedia.org\/resource\/&#1042;&#1085;&#1091;&#1090;&#1088;&#1077;&#1085;&#1085;&#1080;&#1077;_&#1073;&#1086;&#1083;&#1077;&#1079;&#1085;&#1080;;http:\/\/be.dbpedia.org\/resource\/&#1059;&#1085;&#1091;&#1090;&#1088;&#1072;&#1085;&#1099;&#1103;_&#1093;&#1074;&#1072;&#1088;&#1086;&#1073;&#1099;;http:\/\/pt.dbpedia.org\/resource\/Cl&iacute;nica_m&eacute;dica;http:\/\/bg.dbpedia.org\/resource\/&#1042;&#1098;&#1090;&#1088;&#1077;&#1096;&#1085;&#1080;_&#1073;&#1086;&#1083;&#1077;&#1089;&#1090;&#1080;;http:\/\/fr.dbpedia.org\/resource\/M&eacute;decine_interne;http:\/\/uk.dbpedia.org\/resource\/&#1042;&#1085;&#1091;&#1090;&#1088;&#1110;&#1096;&#1085;&#1110;_&#1079;&#1072;&#1093;&#1074;&#1086;&#1088;&#1102;&#1074;&#1072;&#1085;&#1085;&#1103;;http:\/\/sr.dbpedia.org\/resource\/&#1048;&#1085;&#1090;&#1077;&#1088;&#1085;&#1072;_&#1084;&#1077;&#1076;&#1080;&#1094;&#1080;&#1085;&#1072;;http:\/\/sv.dbpedia.org\/resource\/Inv&auml;rtesmedicin;http:\/\/cs.dbpedia.org\/resource\/Vnit&#345;n&iacute;_l&eacute;ka&#345;stv&iacute;;http:\/\/ro.dbpedia.org\/resource\/Medicin&#259;_intern&#259;;http:\/\/tr.dbpedia.org\/resource\/&#304;&ccedil;_hastal&#305;klar&#305;;https:\/\/data.wordlift.io\/wl106637\/entity\/clinica_medica\">Cl&iacute;nica M&eacute;dica<\/a>, Cirurgia, <a class=\"wl-entity-page-link\" title=\"GINECOLOGIA E OBSTETR&Iacute;CIA\" href=\"https:\/\/med.estrategia.com\/portal\/entidade\/ginecologia-e-obstetricia\/\" data-id=\"\/entity\/ginecologia-e-obstetricia;http:\/\/www.wikidata.org\/entity\/Q80015;https:\/\/data.wordlift.io\/wl106637\/entity\/ginecologia-e-obstetricia\">Ginecologia e Obstetr&iacute;cia<\/a>, <a class=\"wl-entity-page-link\" title=\"Pedi&aacute;trica\" href=\"https:\/\/med.estrategia.com\/portal\/entidade\/pediatria\/\" data-id=\"\/entity\/pediatria;http:\/\/dbpedia.org\/resource\/Pediatrics;http:\/\/pt.dbpedia.org\/resource\/Pediatria;http:\/\/lt.dbpedia.org\/resource\/Pediatrija;http:\/\/hr.dbpedia.org\/resource\/Pedijatrija;http:\/\/lv.dbpedia.org\/resource\/Pediatrija;http:\/\/id.dbpedia.org\/resource\/Pediatri;http:\/\/en.dbpedia.org\/resource\/Pediatrics;http:\/\/it.dbpedia.org\/resource\/Pediatria;http:\/\/et.dbpedia.org\/resource\/Pediaatria;http:\/\/ro.dbpedia.org\/resource\/Pediatrie;http:\/\/nl.dbpedia.org\/resource\/Pediatrie;http:\/\/no.dbpedia.org\/resource\/Pediatri;http:\/\/fi.dbpedia.org\/resource\/Lastentaudit;http:\/\/sk.dbpedia.org\/resource\/Pediatria;http:\/\/sl.dbpedia.org\/resource\/Pediatrija;http:\/\/sq.dbpedia.org\/resource\/Pediatria;http:\/\/ca.dbpedia.org\/resource\/Pediatria;http:\/\/sv.dbpedia.org\/resource\/Pediatrik;http:\/\/cs.dbpedia.org\/resource\/Pediatrie;http:\/\/pl.dbpedia.org\/resource\/Pediatria;http:\/\/tr.dbpedia.org\/resource\/Pediyatri;http:\/\/de.dbpedia.org\/resource\/P&auml;diatrie;http:\/\/uk.dbpedia.org\/resource\/&#1055;&#1077;&#1076;&#1110;&#1072;&#1090;&#1088;&#1110;&#1103;;http:\/\/es.dbpedia.org\/resource\/Pediatr&iacute;a;http:\/\/ru.dbpedia.org\/resource\/&#1055;&#1077;&#1076;&#1080;&#1072;&#1090;&#1088;&#1080;&#1103;;http:\/\/be.dbpedia.org\/resource\/&#1055;&#1077;&#1076;&#1099;&#1103;&#1090;&#1088;&#1099;&#1103;;http:\/\/bg.dbpedia.org\/resource\/&#1055;&#1077;&#1076;&#1080;&#1072;&#1090;&#1088;&#1080;&#1103;;http:\/\/fr.dbpedia.org\/resource\/P&eacute;diatrie;http:\/\/sr.dbpedia.org\/resource\/&#1055;&#1077;&#1076;&#1080;&#1112;&#1072;&#1090;&#1088;&#1080;&#1112;&#1072;;http:\/\/da.dbpedia.org\/resource\/P&aelig;diatri;https:\/\/data.wordlift.io\/wl106637\/entity\/pediatria\">Pediatria<\/a> e Sa&uacute;de Coletiva.<br><br>O <strong>resultado final <\/strong>da sele&ccedil;&atilde;o &eacute; previsto para o dia <strong>8 de dezembro de 2023.<\/strong><\/p><h2 class=\"wp-block-heading\" id=\"h-edital-sms-vitoria-2024\"><span class=\"ez-toc-section\" id=\"Edital-SMS-Vitoria-2024\"><\/span>Edital SMS-Vit&oacute;ria 2024<span class=\"ez-toc-section-end\"><\/span><\/h2><p>Abaixo voc&ecirc; pode conferir o edital completo com todas as regras e anexos necess&aacute;rios para a sele&ccedil;&atilde;o, basta clicar no bot&atilde;o abaixo:<\/p><div class=\"wp-block-buttons is-content-justification-center is-layout-flex wp-container-core-buttons-is-layout-1 wp-block-buttons-is-layout-flex\">\n<div class=\"wp-block-button\"><a class=\"wp-block-button__link wp-element-button\" href=\"https:\/\/med.estrategia.com\/portal\/wp-content\/uploads\/2023\/08\/sms-vitoria-edital-2024.pdf\" target=\"_blank\">Edital sms-vit&oacute;ria 2024<\/a><\/div>\n<\/div><p>Para mais informa&ccedil;&otilde;es sobre outros processos seletivos de resid&ecirc;ncia m&eacute;dica para 2024, acompanhe a atualiza&ccedil;&atilde;o do nosso Calend&aacute;rio de Provas:<\/p><p id=\"block-5da51acc-f9c5-455d-833f-e6a89ba3a74b\" class=\"wp-block-preformatted\">Calend&aacute;rio de Provas: <a href=\"https:\/\/med.estrategia.com\/portal\/residencia-medica\/calendario-de-residencia-medica-confira-as-datas-das-proximas-provas\/\" target=\"_blank\">Resid&ecirc;ncia M&eacute;dica 2023\/2024<\/a><\/p><p>\n\n\n\n\n\n<a id=\"cta\" class=\"cta-imagem\" href=\"https:\/\/med.estrategia.com\/curso\/banco-de-questes-resumos-estrategicos-anual\/\" target=\"blank\">\n                <img decoding=\"async\" width=\"100%\" src=\"https:\/\/med.estrategia.com\/portal\/wp-content\/uploads\/2025\/08\/banco_questoes.png\" alt=\"banco_questoes\" title=\"banco_questoes\">\n        <\/a>\n\n\n<\/p><\/p>\n","protected":false},"excerpt":{"rendered":"Processo seletivo conta com 5 vagas ofertadas para Medicina de Fam\u00edlia e Comunidade\n","protected":false},"author":39,"featured_media":43801,"comment_status":"closed","ping_status":"closed","sticky":false,"template":"","format":"standard","meta":{"wl_entities_gutenberg":"","footnotes":""},"categories":[300],"tags":[],"wl_entity_type":[203],"class_list":{"0":"post-43800","1":"post","2":"type-post","3":"status-publish","4":"format-standard","5":"has-post-thumbnail","7":"category-noticias","8":"wl_entity_type-news-article"},"acf":[],"yoast_head":"<!-- This site is optimized with the Yoast SEO Premium plugin v26.6 (Yoast SEO v26.6) - https:\/\/yoast.com\/wordpress\/plugins\/seo\/ -->\n<title>SMS-Vit\u00f3ria publica edital para Resid\u00eancia M\u00e9dica 2024 de MFC<\/title>\n<meta name=\"description\" content=\"Venha conferir com o Estrat\u00e9gia MED o edital do processo seletivo de resid\u00eancia m\u00e9dica 2024 da SMS-Vit\u00f3ria com vagas para MFC!\" \/>\n<meta name=\"robots\" content=\"index, follow, max-snippet:-1, max-image-preview:large, max-video-preview:-1\" \/>\n<link rel=\"canonical\" href=\"https:\/\/med.estrategia.com\/portal\/noticias\/edital-residencia-medica-sms-vitoria-2024\/\" \/>\n<meta property=\"og:locale\" content=\"pt_BR\" \/>\n<meta property=\"og:type\" content=\"article\" \/>\n<meta property=\"og:title\" content=\"SMS-Vit\u00f3ria publica edital para Resid\u00eancia M\u00e9dica 2024 de MFC\" \/>\n<meta property=\"og:description\" content=\"Venha conferir com o Estrat\u00e9gia MED o edital do processo seletivo de resid\u00eancia m\u00e9dica 2024 da SMS-Vit\u00f3ria com vagas para MFC!\" \/>\n<meta property=\"og:url\" content=\"https:\/\/med.estrategia.com\/portal\/noticias\/edital-residencia-medica-sms-vitoria-2024\/\" \/>\n<meta property=\"og:site_name\" content=\"Estrat\u00e9gia MED\" \/>\n<meta property=\"article:publisher\" content=\"https:\/\/www.facebook.com\/estrategiamed1\" \/>\n<meta property=\"article:published_time\" content=\"2023-08-02T18:36:15+00:00\" \/>\n<meta property=\"article:modified_time\" content=\"2023-08-07T21:07:45+00:00\" \/>\n<meta property=\"og:image\" content=\"https:\/\/cdn.medblog.estrategiaeducacional.com.br\/wp-content\/uploads\/2023\/08\/SMS-VITORIA-EDITAL.jpg\" \/>\n\t<meta property=\"og:image:width\" content=\"1920\" \/>\n\t<meta property=\"og:image:height\" content=\"1080\" \/>\n\t<meta property=\"og:image:type\" content=\"image\/jpeg\" \/>\n<meta name=\"author\" content=\"Ana Carolina Damasceno\" \/>\n<meta name=\"twitter:card\" content=\"summary_large_image\" \/>\n<meta name=\"twitter:creator\" content=\"@estrategiamed_\" \/>\n<meta name=\"twitter:site\" content=\"@estrategiamed_\" \/>\n<meta name=\"twitter:label1\" content=\"Escrito por\" \/>\n\t<meta name=\"twitter:data1\" content=\"Ana Carolina Damasceno\" \/>\n\t<meta name=\"twitter:label2\" content=\"Est. tempo de leitura\" \/>\n\t<meta name=\"twitter:data2\" content=\"2 minutos\" \/>\n<script type=\"application\/ld+json\" class=\"yoast-schema-graph\">{\"@context\":\"https:\/\/schema.org\",\"@graph\":[{\"@type\":\"WebPage\",\"@id\":\"https:\/\/med.estrategia.com\/portal\/noticias\/edital-residencia-medica-sms-vitoria-2024\/\",\"url\":\"https:\/\/med.estrategia.com\/portal\/noticias\/edital-residencia-medica-sms-vitoria-2024\/\",\"name\":\"SMS-Vit\u00f3ria publica edital para Resid\u00eancia M\u00e9dica 2024 de MFC\",\"isPartOf\":{\"@id\":\"https:\/\/med.estrategia.com\/portal\/#website\"},\"primaryImageOfPage\":{\"@id\":\"https:\/\/med.estrategia.com\/portal\/noticias\/edital-residencia-medica-sms-vitoria-2024\/#primaryimage\"},\"image\":{\"@id\":\"https:\/\/med.estrategia.com\/portal\/noticias\/edital-residencia-medica-sms-vitoria-2024\/#primaryimage\"},\"thumbnailUrl\":\"https:\/\/med.estrategia.com\/portal\/wp-content\/uploads\/2023\/08\/SMS-VITORIA-EDITAL.jpg\",\"datePublished\":\"2023-08-02T18:36:15+00:00\",\"dateModified\":\"2023-08-07T21:07:45+00:00\",\"author\":{\"@id\":\"https:\/\/med.estrategia.com\/portal\/#\/schema\/person\/2f553adbb8e25fe39d145c5b2927f58c\"},\"description\":\"Venha conferir com o Estrat\u00e9gia MED o edital do processo seletivo de resid\u00eancia m\u00e9dica 2024 da SMS-Vit\u00f3ria com vagas para MFC!\",\"breadcrumb\":{\"@id\":\"https:\/\/med.estrategia.com\/portal\/noticias\/edital-residencia-medica-sms-vitoria-2024\/#breadcrumb\"},\"inLanguage\":\"pt-BR\",\"potentialAction\":[{\"@type\":\"ReadAction\",\"target\":[\"https:\/\/med.estrategia.com\/portal\/noticias\/edital-residencia-medica-sms-vitoria-2024\/\"]}]},{\"@type\":\"ImageObject\",\"inLanguage\":\"pt-BR\",\"@id\":\"https:\/\/med.estrategia.com\/portal\/noticias\/edital-residencia-medica-sms-vitoria-2024\/#primaryimage\",\"url\":\"https:\/\/med.estrategia.com\/portal\/wp-content\/uploads\/2023\/08\/SMS-VITORIA-EDITAL.jpg\",\"contentUrl\":\"https:\/\/med.estrategia.com\/portal\/wp-content\/uploads\/2023\/08\/SMS-VITORIA-EDITAL.jpg\",\"width\":1920,\"height\":1080,\"caption\":\"Estrat\u00e9gia MED | Foto: Governo do Estado do Esp\u00edrito Santos\"},{\"@type\":\"BreadcrumbList\",\"@id\":\"https:\/\/med.estrategia.com\/portal\/noticias\/edital-residencia-medica-sms-vitoria-2024\/#breadcrumb\",\"itemListElement\":[{\"@type\":\"ListItem\",\"position\":1,\"name\":\"Home\",\"item\":\"https:\/\/med.estrategia.com\/portal\/\"},{\"@type\":\"ListItem\",\"position\":2,\"name\":\"Not\u00edcias\",\"item\":\"https:\/\/med.estrategia.com\/portal\/noticias\/\"},{\"@type\":\"ListItem\",\"position\":3,\"name\":\"SMS-Vit\u00f3ria publica edital para Resid\u00eancia M\u00e9dica 2024 de MFC\"}]},{\"@type\":\"WebSite\",\"@id\":\"https:\/\/med.estrategia.com\/portal\/#website\",\"url\":\"https:\/\/med.estrategia.com\/portal\/\",\"name\":\"Estrat\u00e9gia MED\",\"description\":\"\",\"potentialAction\":[{\"@type\":\"SearchAction\",\"target\":{\"@type\":\"EntryPoint\",\"urlTemplate\":\"https:\/\/med.estrategia.com\/portal\/?s={search_term_string}\"},\"query-input\":{\"@type\":\"PropertyValueSpecification\",\"valueRequired\":true,\"valueName\":\"search_term_string\"}}],\"inLanguage\":\"pt-BR\"},{\"@type\":\"Person\",\"@id\":\"https:\/\/med.estrategia.com\/portal\/#\/schema\/person\/2f553adbb8e25fe39d145c5b2927f58c\",\"name\":\"Ana Carolina Damasceno\",\"image\":{\"@type\":\"ImageObject\",\"inLanguage\":\"pt-BR\",\"@id\":\"https:\/\/med.estrategia.com\/portal\/#\/schema\/person\/image\/\",\"url\":\"https:\/\/med.estrategia.com\/portal\/wp-content\/uploads\/2021\/09\/WhatsApp-Image-2023-08-18-at-16.46.43-150x150.jpeg\",\"contentUrl\":\"https:\/\/med.estrategia.com\/portal\/wp-content\/uploads\/2021\/09\/WhatsApp-Image-2023-08-18-at-16.46.43-150x150.jpeg\",\"caption\":\"Ana Carolina Damasceno\"},\"description\":\"Coordenadora de Jornalismo EMED. Comunicadora por natureza e forma\u00e7\u00e3o, que ama e perde a no\u00e7\u00e3o do tempo com m\u00fasica e s\u00e9rie.\",\"url\":\"https:\/\/med.estrategia.com\/portal\/author\/ana-carolina-damasceno\/\"}]}<\/script>\n<!-- \/ Yoast SEO Premium plugin. -->","yoast_head_json":{"title":"SMS-Vit\u00f3ria publica edital para Resid\u00eancia M\u00e9dica 2024 de MFC","description":"Venha conferir com o Estrat\u00e9gia MED o edital do processo seletivo de resid\u00eancia m\u00e9dica 2024 da SMS-Vit\u00f3ria com vagas para MFC!","robots":{"index":"index","follow":"follow","max-snippet":"max-snippet:-1","max-image-preview":"max-image-preview:large","max-video-preview":"max-video-preview:-1"},"canonical":"https:\/\/med.estrategia.com\/portal\/noticias\/edital-residencia-medica-sms-vitoria-2024\/","og_locale":"pt_BR","og_type":"article","og_title":"SMS-Vit\u00f3ria publica edital para Resid\u00eancia M\u00e9dica 2024 de MFC","og_description":"Venha conferir com o Estrat\u00e9gia MED o edital do processo seletivo de resid\u00eancia m\u00e9dica 2024 da SMS-Vit\u00f3ria com vagas para MFC!","og_url":"https:\/\/med.estrategia.com\/portal\/noticias\/edital-residencia-medica-sms-vitoria-2024\/","og_site_name":"Estrat\u00e9gia MED","article_publisher":"https:\/\/www.facebook.com\/estrategiamed1","article_published_time":"2023-08-02T18:36:15+00:00","article_modified_time":"2023-08-07T21:07:45+00:00","og_image":[{"width":1920,"height":1080,"url":"https:\/\/cdn.medblog.estrategiaeducacional.com.br\/wp-content\/uploads\/2023\/08\/SMS-VITORIA-EDITAL.jpg","type":"image\/jpeg"}],"author":"Ana Carolina Damasceno","twitter_card":"summary_large_image","twitter_creator":"@estrategiamed_","twitter_site":"@estrategiamed_","twitter_misc":{"Escrito por":"Ana Carolina Damasceno","Est. tempo de leitura":"2 minutos"},"schema":{"@context":"https:\/\/schema.org","@graph":[{"@type":"WebPage","@id":"https:\/\/med.estrategia.com\/portal\/noticias\/edital-residencia-medica-sms-vitoria-2024\/","url":"https:\/\/med.estrategia.com\/portal\/noticias\/edital-residencia-medica-sms-vitoria-2024\/","name":"SMS-Vit\u00f3ria publica edital para Resid\u00eancia M\u00e9dica 2024 de MFC","isPartOf":{"@id":"https:\/\/med.estrategia.com\/portal\/#website"},"primaryImageOfPage":{"@id":"https:\/\/med.estrategia.com\/portal\/noticias\/edital-residencia-medica-sms-vitoria-2024\/#primaryimage"},"image":{"@id":"https:\/\/med.estrategia.com\/portal\/noticias\/edital-residencia-medica-sms-vitoria-2024\/#primaryimage"},"thumbnailUrl":"https:\/\/med.estrategia.com\/portal\/wp-content\/uploads\/2023\/08\/SMS-VITORIA-EDITAL.jpg","datePublished":"2023-08-02T18:36:15+00:00","dateModified":"2023-08-07T21:07:45+00:00","author":{"@id":"https:\/\/med.estrategia.com\/portal\/#\/schema\/person\/2f553adbb8e25fe39d145c5b2927f58c"},"description":"Venha conferir com o Estrat\u00e9gia MED o edital do processo seletivo de resid\u00eancia m\u00e9dica 2024 da SMS-Vit\u00f3ria com vagas para MFC!","breadcrumb":{"@id":"https:\/\/med.estrategia.com\/portal\/noticias\/edital-residencia-medica-sms-vitoria-2024\/#breadcrumb"},"inLanguage":"pt-BR","potentialAction":[{"@type":"ReadAction","target":["https:\/\/med.estrategia.com\/portal\/noticias\/edital-residencia-medica-sms-vitoria-2024\/"]}]},{"@type":"ImageObject","inLanguage":"pt-BR","@id":"https:\/\/med.estrategia.com\/portal\/noticias\/edital-residencia-medica-sms-vitoria-2024\/#primaryimage","url":"https:\/\/med.estrategia.com\/portal\/wp-content\/uploads\/2023\/08\/SMS-VITORIA-EDITAL.jpg","contentUrl":"https:\/\/med.estrategia.com\/portal\/wp-content\/uploads\/2023\/08\/SMS-VITORIA-EDITAL.jpg","width":1920,"height":1080,"caption":"Estrat\u00e9gia MED | Foto: Governo do Estado do Esp\u00edrito Santos"},{"@type":"BreadcrumbList","@id":"https:\/\/med.estrategia.com\/portal\/noticias\/edital-residencia-medica-sms-vitoria-2024\/#breadcrumb","itemListElement":[{"@type":"ListItem","position":1,"name":"Home","item":"https:\/\/med.estrategia.com\/portal\/"},{"@type":"ListItem","position":2,"name":"Not\u00edcias","item":"https:\/\/med.estrategia.com\/portal\/noticias\/"},{"@type":"ListItem","position":3,"name":"SMS-Vit\u00f3ria publica edital para Resid\u00eancia M\u00e9dica 2024 de MFC"}]},{"@type":"WebSite","@id":"https:\/\/med.estrategia.com\/portal\/#website","url":"https:\/\/med.estrategia.com\/portal\/","name":"Estrat\u00e9gia MED","description":"","potentialAction":[{"@type":"SearchAction","target":{"@type":"EntryPoint","urlTemplate":"https:\/\/med.estrategia.com\/portal\/?s={search_term_string}"},"query-input":{"@type":"PropertyValueSpecification","valueRequired":true,"valueName":"search_term_string"}}],"inLanguage":"pt-BR"},{"@type":"Person","@id":"https:\/\/med.estrategia.com\/portal\/#\/schema\/person\/2f553adbb8e25fe39d145c5b2927f58c","name":"Ana Carolina Damasceno","image":{"@type":"ImageObject","inLanguage":"pt-BR","@id":"https:\/\/med.estrategia.com\/portal\/#\/schema\/person\/image\/","url":"https:\/\/med.estrategia.com\/portal\/wp-content\/uploads\/2021\/09\/WhatsApp-Image-2023-08-18-at-16.46.43-150x150.jpeg","contentUrl":"https:\/\/med.estrategia.com\/portal\/wp-content\/uploads\/2021\/09\/WhatsApp-Image-2023-08-18-at-16.46.43-150x150.jpeg","caption":"Ana Carolina Damasceno"},"description":"Coordenadora de Jornalismo EMED. Comunicadora por natureza e forma\u00e7\u00e3o, que ama e perde a no\u00e7\u00e3o do tempo com m\u00fasica e s\u00e9rie.","url":"https:\/\/med.estrategia.com\/portal\/author\/ana-carolina-damasceno\/"}]}},"_wl_alt_label":[],"wl:entity_url":"\/post\/edital-residencia-medica-sms-vitoria-2024","_links":{"self":[{"href":"https:\/\/med.estrategia.com\/portal\/wp-json\/wp\/v2\/posts\/43800","targetHints":{"allow":["GET"]}}],"collection":[{"href":"https:\/\/med.estrategia.com\/portal\/wp-json\/wp\/v2\/posts"}],"about":[{"href":"https:\/\/med.estrategia.com\/portal\/wp-json\/wp\/v2\/types\/post"}],"author":[{"embeddable":true,"href":"https:\/\/med.estrategia.com\/portal\/wp-json\/wp\/v2\/users\/39"}],"replies":[{"embeddable":true,"href":"https:\/\/med.estrategia.com\/portal\/wp-json\/wp\/v2\/comments?post=43800"}],"version-history":[{"count":8,"href":"https:\/\/med.estrategia.com\/portal\/wp-json\/wp\/v2\/posts\/43800\/revisions"}],"predecessor-version":[{"id":44163,"href":"https:\/\/med.estrategia.com\/portal\/wp-json\/wp\/v2\/posts\/43800\/revisions\/44163"}],"wp:featuredmedia":[{"embeddable":true,"href":"https:\/\/med.estrategia.com\/portal\/wp-json\/wp\/v2\/media\/43801"}],"wp:attachment":[{"href":"https:\/\/med.estrategia.com\/portal\/wp-json\/wp\/v2\/media?parent=43800"}],"wp:term":[{"taxonomy":"category","embeddable":true,"href":"https:\/\/med.estrategia.com\/portal\/wp-json\/wp\/v2\/categories?post=43800"},{"taxonomy":"post_tag","embeddable":true,"href":"https:\/\/med.estrategia.com\/portal\/wp-json\/wp\/v2\/tags?post=43800"},{"taxonomy":"wl_entity_type","embeddable":true,"href":"https:\/\/med.estrategia.com\/portal\/wp-json\/wp\/v2\/wl_entity_type?post=43800"}],"curies":[{"name":"wp","href":"https:\/\/api.w.org\/{rel}","templated":true}]}}