{"id":43911,"date":"2023-08-03T18:50:33","date_gmt":"2023-08-03T21:50:33","guid":{"rendered":"https:\/\/med.estrategia.com\/portal\/?p=43911"},"modified":"2023-08-07T19:05:03","modified_gmt":"2023-08-07T22:05:03","slug":"mais-medicos-selecao-de-tutores","status":"publish","type":"post","link":"https:\/\/med.estrategia.com\/portal\/maismedicos\/mais-medicos-selecao-de-tutores\/","title":{"rendered":"Mais M\u00e9dicos divulga crit\u00e9rios para sele\u00e7\u00e3o de tutores acad\u00eamicos e supervisores"},"content":{"rendered":"<p class=\"wp-block-paragraph\">O <span id=\"urn:enhancement-2ea6029e-c461-4776-b63a-051ac524cd85\" class=\"textannotation disambiguated wl-organization\" itemid=\"https:\/\/data.wordlift.io\/wl106637\/entity\/ministerio-da-saude\">Minist&eacute;rio da Sa&uacute;de<\/span> juntamente &agrave; Secretaria de <span id=\"urn:enhancement-35dec353-97d4-4f91-be65-9910fe166a88\" class=\"textannotation disambiguated wl-thing\" itemid=\"https:\/\/data.wordlift.io\/wl106637\/entity\/atencao-primaria-a-saude\">Aten&ccedil;&atilde;o Prim&aacute;ria &agrave; Sa&uacute;de<\/span> divulgaram hoje (03) no Di&aacute;rio Oficial da Uni&atilde;o a resolu&ccedil;&atilde;o que <strong>disp&otilde;e sobre os crit&eacute;rios de sele&ccedil;&atilde;o de tutores acad&ecirc;micos e supervisores do Projeto <span id=\"urn:enhancement-60712f18-ba0f-49f7-aab1-e4084f31aa9d\" class=\"textannotation disambiguated wl-thing\" itemid=\"https:\/\/data.wordlift.io\/wl106637\/entity\/programa-mais-medicos\">Mais M&eacute;dicos<\/span> para o Brasil (PMMB)<\/strong>. Os crit&eacute;rios ser&atilde;o adotados pelas institui&ccedil;&otilde;es de educa&ccedil;&atilde;o superior brasileiras categorizadas como Institui&ccedil;&otilde;es Supervisoras do programa. Confira o documento:<div class=\"wp-block-buttons is-content-justification-center is-layout-flex wp-container-core-buttons-is-layout-fe48e5de wp-block-buttons-is-layout-flex\">\n<div class=\"wp-block-button\"><a class=\"wp-block-button__link wp-element-button\" href=\"https:\/\/med.estrategia.com\/portal\/wp-content\/uploads\/2023\/08\/criterios-tutores-e-supervisores.pdf\" target=\"_blank\">crit&eacute;rios de sele&ccedil;&atilde;o &ndash; tutores e supervisores<\/a><\/div>\n<\/div><div id=\"ez-toc-container\" class=\"ez-toc-v2_0_86 counter-hierarchy ez-toc-counter ez-toc-transparent ez-toc-container-direction\">\n<div class=\"ez-toc-title-container\"><p class=\"ez-toc-title\" style=\"cursor:inherit\">Navegue pelo conte\u00fado<\/p>\n<\/div><nav><ul class='ez-toc-list ez-toc-list-level-1 ' ><li class='ez-toc-page-1 ez-toc-heading-level-2'><a class=\"ez-toc-link ez-toc-heading-1\" href=\"https:\/\/med.estrategia.com\/portal\/maismedicos\/mais-medicos-selecao-de-tutores\/#Criterios-para-selecao-de-tutores-academicos-e-supervisores\" >Crit&eacute;rios para sele&ccedil;&atilde;o de tutores acad&ecirc;micos e supervisores&nbsp;<\/a><\/li><li class='ez-toc-page-1 ez-toc-heading-level-2'><a class=\"ez-toc-link ez-toc-heading-2\" href=\"https:\/\/med.estrategia.com\/portal\/maismedicos\/mais-medicos-selecao-de-tutores\/#Mais-Medicos\" >Mais M&eacute;dicos&nbsp;<\/a><\/li><\/ul><\/nav><\/div>\n<h2 class=\"wp-block-heading\" id=\"h-criterios-para-selecao-de-tutores-academicos-e-supervisores\"><span class=\"ez-toc-section\" id=\"Criterios-para-selecao-de-tutores-academicos-e-supervisores\"><\/span>Crit&eacute;rios para sele&ccedil;&atilde;o de tutores acad&ecirc;micos e supervisores&nbsp;<span class=\"ez-toc-section-end\"><\/span><\/h2><p class=\"wp-block-paragraph\">A fun&ccedil;&atilde;o de selecionar os tutores acad&ecirc;micos e supervisores foi atribu&iacute;da &agrave;s institui&ccedil;&otilde;es p&uacute;blicas de educa&ccedil;&atilde;o superior brasileiras. Al&eacute;m de selecionar os profissionais, as institui&ccedil;&otilde;es s&atilde;o respons&aacute;veis pela supervis&atilde;o acad&ecirc;mica dos <span id=\"urn:enhancement-b93fefd1-7158-4756-b6fb-0cca5cacd8c1\" class=\"textannotation disambiguated wl-thing\" itemid=\"https:\/\/data.wordlift.io\/wl106637\/entity\/medicos\">m&eacute;dicos<\/span> participantes do projeto e pelas atividades assistenciais de integra&ccedil;&atilde;o ensino-servi&ccedil;o.<\/p><p class=\"wp-block-paragraph\">As institui&ccedil;&otilde;es supervisoras realizar&atilde;o a sele&ccedil;&atilde;o dos tutores acad&ecirc;micos <strong>atribuindo pontua&ccedil;&atilde;o priorit&aacute;ria<\/strong>, <strong>em ordem<\/strong>, aos crit&eacute;rios abaixo relacionados. Os <strong>itens em negrito<\/strong> s&atilde;o de <strong>car&aacute;ter obrigat&oacute;rio<\/strong> e ser&atilde;o eliminados da sele&ccedil;&atilde;o os candidatos que deixarem de atend&ecirc;-los:<\/p><ol class=\"wp-block-list\">\n<li><strong>Ter conclu&iacute;do programa de Resid&ecirc;ncia em Medicina de Fam&iacute;lia e Comunidade;<\/strong><\/li>\n\n\n\n<li>Possuir t&iacute;tulo de especialista em Medicina de Fam&iacute;lia e Comunidade;<\/li>\n\n\n\n<li><strong>Ser especialista em Medicina de Fam&iacute;lia e Comunidade e possuir experi&ecirc;ncia m&iacute;nima de 1 ano em supervis&atilde;o, coordena&ccedil;&atilde;o, preceptoria e\/ou doc&ecirc;ncia em Programas de Resid&ecirc;ncia M&eacute;dica em Medicina de Fam&iacute;lia e Comunidade;<\/strong><\/li>\n\n\n\n<li><strong>Ser especialista em Medicina de Fam&iacute;lia e Comunidade e possuir experi&ecirc;ncia m&iacute;nima de 1 ano em doc&ecirc;ncia na &aacute;rea de Medicina de Fam&iacute;lia e Comunidade;<\/strong><\/li>\n\n\n\n<li><strong>Ser especialista em Medicina de Fam&iacute;lia e Comunidade e possuir experi&ecirc;ncia m&iacute;nima de 1 ano em tutoria e\/ou supervis&atilde;o em programas de provimento do Minist&eacute;rio da Sa&uacute;de e do Minist&eacute;rio da Educa&ccedil;&atilde;o;<\/strong><\/li>\n\n\n\n<li>Ter forma&ccedil;&atilde;o em preceptoria;<\/li>\n\n\n\n<li>Ter conclu&iacute;do curso de Doutorado em Sa&uacute;de da Fam&iacute;lia; ou Sa&uacute;de Coletiva; ou Sa&uacute;de P&uacute;blica; ou Sa&uacute;de Comunit&aacute;ria; ou Medicina Preventiva e Social; ou &aacute;reas afins;<\/li>\n\n\n\n<li>Ter conclu&iacute;do curso de Mestrado em Sa&uacute;de da Fam&iacute;lia; ou Sa&uacute;de Coletiva; ou Sa&uacute;de P&uacute;blica; ou Sa&uacute;de Comunit&aacute;ria; ou Medicina Preventiva e Social; ou &aacute;reas afins;<\/li>\n\n\n\n<li>Ter conclu&iacute;do curso de Especializa&ccedil;&atilde;o de 360 horas em Sa&uacute;de da Fam&iacute;lia; ou Sa&uacute;de Coletiva; ou Sa&uacute;de P&uacute;blica; ou Sa&uacute;de Comunit&aacute;ria; ou Medicina Preventiva e Social; ou &aacute;reas afins;<\/li>\n\n\n\n<li><strong>Ser especialista em Medicina de Fam&iacute;lia e Comunidade e possuir experi&ecirc;ncia m&iacute;nima de 1 ano em gest&atilde;o de servi&ccedil;os de Aten&ccedil;&atilde;o Prim&aacute;ria &agrave; Sa&uacute;de;<\/strong><\/li>\n\n\n\n<li><strong>Possuir experi&ecirc;ncia m&iacute;nima de 1 ano em processos formativos na modalidade de Educa&ccedil;&atilde;o &agrave; Dist&acirc;ncia;<\/strong><\/li>\n\n\n\n<li>Possuir experi&ecirc;ncia m&iacute;nima de 1 ano em doc&ecirc;ncia em &aacute;reas afins a aten&ccedil;&atilde;o prim&aacute;ria (Cl&iacute;nica M&eacute;dica ou Pediatria ou Ginecologia e Obstetr&iacute;cia);<\/li>\n\n\n\n<li>Ter participado em cursos de forma&ccedil;&atilde;o de preceptores de Educa&ccedil;&atilde;o em Sa&uacute;de;<\/li>\n\n\n\n<li>Possuir experi&ecirc;ncia m&iacute;nima de 1 ano assistencial em servi&ccedil;os de Aten&ccedil;&atilde;o Prim&aacute;ria &agrave; Sa&uacute;de; e<\/li>\n\n\n\n<li>Possuir experi&ecirc;ncia m&iacute;nima de 1 ano em teleconsultoria e\/ou segunda opini&atilde;o formativa (SOF).<\/li>\n<\/ol><p class=\"wp-block-paragraph\">Os crit&eacute;rios 1 e 2 representam, somados, no m&iacute;nimo 60% da pontua&ccedil;&atilde;o total atribu&iacute;da aos crit&eacute;rios de sele&ccedil;&atilde;o dos tutores acad&ecirc;micos. Os demais pesos para os itens ser&atilde;o definidos pela institui&ccedil;&atilde;o supervisora.<\/p><p>\n\n\n<div id=\"new-form\">\n\t<form id=\"forms_layout\">\n\t<input type=\"hidden\" id=\"chave_de\" name=\"chave_de\" value=\"01_EMED_LEADS_TOTAIS\" \/>\n\t\t<input type=\"hidden\" id=\"mid\" name=\"mid\" value=\"515009018\" \/>\n\t\t<input type=\"hidden\" id=\"Objetivo\" name=\"Objetivo\" value=\"Medicina\" \/>\n\t\t<input type=\"hidden\" id=\"Estado_de_Origem_do_IP\" name=\"Estado_de_Origem_do_IP\"  value=\"\" \/>\n\t\t<input type=\"hidden\" id=\"Cidade_de_Origem_do_IP\" name=\"Cidade_de_Origem_do_IP\" value=\"\" \/>\n\t\t<input type=\"hidden\" id=\"Modo_de_entrada\" name=\"Modo_de_entrada\" value=\"Portal\" \/>\n\t\t<input type=\"hidden\" id=\"Pagina_Origem\" name=\"Pagina_Origem\" value=\"\" \/>\n\n\t\t<div class=\"texto\">\n\t\t\t<h3 class=\"news\">Inscreva-se em nossa newsletter!<\/h3>\n\t\t\t<p>Receba not\u00edcias sobre resid\u00eancia m\u00e9dica, revalida\u00e7\u00e3o de diplomas e concursos m\u00e9dicos, al\u00e9m de materiais de estudo gratuitos e informa\u00e7\u00f5es relevantes do mundo da Medicina.<\/p>\n\t\t<\/div>\n\t\t<div class=\"campos\">\n\t\t\t<div class=\"first_name labels\">\n\t\t\t\t<input type=\"text\" class=\"input_labels\" id=\"first_name\" name=\"Nome_Completo\" placeholder=\"Nome\" required \/>\n\t\t\t<\/div>\n\t\t\t<div class=\"email labels\">\n\t\t\t\t<input type=\"email\" class=\"input_labels\" id=\"email\" name=\"Email\" placeholder=\"E-mail\" required \/>\n\t\t\t<\/div>\n\t\t\t<button type=\"submit\" class=\"button_layout\">\n\t\t\t\t<div id=\"lblBotao\">Inscreva-se<\/div>\n\t\t\t\t<span id=\"divSpiner\" class=\"loader\" role=\"status\" style=\"display: none;\"><\/span>\t\n\t\t\t<\/button>\n\t\t<\/div><!-- \/campos -->\n\t\t\n\t\t<label class=\"container_checkbox\">Voc\u00ea concorda com a nossa\n\t\t\t<a class=\"politics_privacy_ahref\" target=\"_blank\" href=\"https:\/\/gratis.estrategiaconcursos.com.br\/politica-de-privacidade\/\">Pol\u00edtica de Privacidade<\/a> e aceita receber informa\u00e7\u00f5es adicionais do Estrat\u00e9gia Educacional.\n\t\t\t<input id=\"checkbox_layout\" type=\"checkbox\" checked=\"checked\" required \/>\n\t\t\t<span class=\"checkbox\"><\/span>\n\t\t<\/label>\n\t\t<div id=\"msg\"><\/div>\n\t\t<div id=\"error\" class=\"error\">\n\t\t<\/div>\n\t<\/form>\n<\/div><!-- \/new-form -->\n\n\n\n<\/p><h2 class=\"wp-block-heading\" id=\"h-mais-medicos\"><span class=\"ez-toc-section\" id=\"Mais-Medicos\"><\/span>Mais M&eacute;dicos&nbsp;<span class=\"ez-toc-section-end\"><\/span><\/h2><p class=\"wp-block-paragraph\">O <a href=\"https:\/\/med.estrategia.com\/portal\/noticias\/mais-medicos-divulga-condicoes-de-participacao-no-programa\/\" target=\"_blank\">programa Mais M&eacute;dicos<\/a> comp&otilde;e um conjunto de a&ccedil;&otilde;es e iniciativas do governo federal para o fortalecimento da <span id=\"urn:enhancement-2ad06d4c-c552-49ab-959b-dc3d2d0d1879\" class=\"textannotation disambiguated wl-thing\" itemid=\"https:\/\/data.wordlift.io\/wl106637\/entity\/atencao-primaria-a-saude\">Aten&ccedil;&atilde;o Prim&aacute;ria &agrave; Sa&uacute;de<\/span>, que &eacute; a&nbsp;<strong>porta de entrada preferencial ao <span id=\"urn:enhancement-d8ee7cbe-0266-478b-bd79-bc08a11f0cf0\" class=\"textannotation disambiguated wl-thing\" itemid=\"https:\/\/data.wordlift.io\/wl106637\/entity\/sistema-unico-de-saude\">SUS<\/span><\/strong>. A APS est&aacute; presente em todos os munic&iacute;pios e pr&oacute;xima de todas as comunidades.&nbsp;<\/p><p class=\"wp-block-paragraph\">O <span id=\"urn:enhancement-9c8bf4d8-cb27-4cff-b38b-543ba9d36318\" class=\"textannotation disambiguated wl-thing\" itemid=\"https:\/\/data.wordlift.io\/wl106637\/entity\/programa-mais-medicos\">Mais M&eacute;dicos<\/span> foi lan&ccedil;ado em 2013, mas passou por uma&nbsp;<strong>reformula&ccedil;&atilde;o e foi relan&ccedil;ado em 2023<\/strong>. Segundo o <span id=\"urn:enhancement-ecc30e78-7e79-4ccd-984f-48ece48251d5\" class=\"textannotation disambiguated wl-organization\" itemid=\"https:\/\/data.wordlift.io\/wl106637\/entity\/ministerio-da-saude\">Minist&eacute;rio da Sa&uacute;de<\/span>, o programa trabalha sob tr&ecirc;s pilares: a estrat&eacute;gia de contrata&ccedil;&atilde;o emergencial de <span id=\"urn:enhancement-51c160d4-5113-46b1-ad26-f10169990c41\" class=\"textannotation disambiguated wl-thing\" itemid=\"https:\/\/data.wordlift.io\/wl106637\/entity\/medicos\">m&eacute;dicos<\/span>; a expans&atilde;o do n&uacute;mero de vagas para os cursos de <span id=\"urn:enhancement-076657f1-0dd7-4559-ad47-f71fc1b1a7e2\" class=\"textannotation disambiguated wl-creative-work\" itemid=\"https:\/\/data.wordlift.io\/wl106637\/entity\/medicina\">medicina<\/span> e <span id=\"urn:enhancement-e707eaf3-a4ea-470d-9392-452e91728da6\" class=\"textannotation disambiguated wl-thing\" itemid=\"https:\/\/data.wordlift.io\/wl106637\/entity\/residencia-medica\">resid&ecirc;ncia m&eacute;dica<\/span> em v&aacute;rias regi&otilde;es do pa&iacute;s; e a implanta&ccedil;&atilde;o de um novo curr&iacute;culo com forma&ccedil;&atilde;o voltada para o&nbsp;<strong>atendimento mais humanizado<\/strong>, com foco na valoriza&ccedil;&atilde;o da Aten&ccedil;&atilde;o B&aacute;sica, al&eacute;m de a&ccedil;&otilde;es voltadas &agrave; infraestrutura das Unidades B&aacute;sicas de Sa&uacute;de.<\/p><p class=\"wp-block-paragraph\">Acompanhe as not&iacute;cias sobre o universo da <span id=\"urn:enhancement-e414bc24-88ff-487e-8fd9-fc3de41b287e\" class=\"textannotation disambiguated wl-creative-work\" itemid=\"https:\/\/data.wordlift.io\/wl106637\/entity\/medicina\">medicina<\/span> no Portal do <span id=\"urn:enhancement-c743de8f-8ff8-49c8-9368-565a52f98070\" class=\"textannotation disambiguated wl-organization\" itemid=\"https:\/\/data.wordlift.io\/wl106637\/entity\/estrategia_med\">Estrat&eacute;gia MED<\/span>! Conhe&ccedil;a nossos preparat&oacute;rios para provas de <span id=\"urn:enhancement-f1fbcc9f-baec-4802-8303-0dd0325a1385\" class=\"textannotation disambiguated wl-thing\" itemid=\"https:\/\/data.wordlift.io\/wl106637\/entity\/residencia-medica\">resid&ecirc;ncia m&eacute;dica<\/span>, revalida&ccedil;&atilde;o de diplomas e concursos p&uacute;blicos da &aacute;rea clicando na imagem a seguir.<\/p><p class=\"wp-block-paragraph\"><a id=\"cta\" class=\"cta-imagem\" href=\"https:\/\/med.estrategia.com\/curso\/curso-intensivo-para-residencia-medica\/\" target=\"blank\">\n                <img decoding=\"async\" width=\"100%\" src=\"https:\/\/med.estrategia.com\/portal\/wp-content\/uploads\/2025\/08\/intensivo_rm.jpg\" alt=\"intensivo_rm\" title=\"intensivo_rm\">\n        <\/a>\n\n\n\n<\/p><p class=\"wp-block-paragraph\"><\/p><\/p>\n","protected":false},"excerpt":{"rendered":"Institui\u00e7\u00f5es Supervisoras do programa Mais M\u00e9dicos dever\u00e3o adotar aos crit\u00e9rios listados na resolu\u00e7\u00e3o para selecionar os futuros tutores acad\u00eamicos e supervisores\n","protected":false},"author":22,"featured_media":38066,"comment_status":"closed","ping_status":"closed","sticky":false,"template":"","format":"standard","meta":{"footnotes":""},"categories":[473],"tags":[],"class_list":["post-43911","post","type-post","status-publish","format-standard","has-post-thumbnail","category-maismedicos"],"acf":[],"yoast_head":"<!-- This site is optimized with the Yoast SEO Premium plugin v26.6 (Yoast SEO v26.6) - https:\/\/yoast.com\/wordpress\/plugins\/seo\/ -->\n<title>Mais M\u00e9dicos divulga crit\u00e9rios para sele\u00e7\u00e3o de tutores acad\u00eamicos e supervisores<\/title>\n<meta name=\"description\" content=\"Conhe\u00e7a os crit\u00e9rios para selecionar os futuros tutores acad\u00eamicos e supervisores do programa Mais M\u00e9dicos para o Brasil.\" \/>\n<meta name=\"robots\" content=\"index, follow, max-snippet:-1, max-image-preview:large, max-video-preview:-1\" \/>\n<link rel=\"canonical\" href=\"https:\/\/med.estrategia.com\/portal\/maismedicos\/mais-medicos-selecao-de-tutores\/\" \/>\n<meta property=\"og:locale\" content=\"pt_BR\" \/>\n<meta property=\"og:type\" content=\"article\" \/>\n<meta property=\"og:title\" content=\"Mais M\u00e9dicos divulga crit\u00e9rios para sele\u00e7\u00e3o de tutores acad\u00eamicos e supervisores\" \/>\n<meta property=\"og:description\" content=\"Conhe\u00e7a os crit\u00e9rios para selecionar os futuros tutores acad\u00eamicos e supervisores do programa Mais M\u00e9dicos para o Brasil.\" \/>\n<meta property=\"og:url\" content=\"https:\/\/med.estrategia.com\/portal\/maismedicos\/mais-medicos-selecao-de-tutores\/\" \/>\n<meta property=\"og:site_name\" content=\"Estrat\u00e9gia MED\" \/>\n<meta property=\"article:publisher\" content=\"https:\/\/www.facebook.com\/estrategiamed1\" \/>\n<meta property=\"article:published_time\" content=\"2023-08-03T21:50:33+00:00\" \/>\n<meta property=\"article:modified_time\" content=\"2023-08-07T22:05:03+00:00\" \/>\n<meta property=\"og:image\" content=\"https:\/\/cdn.medblog.estrategiaeducacional.com.br\/wp-content\/uploads\/2023\/03\/Mais-Medicos-2023.jpg\" \/>\n\t<meta property=\"og:image:width\" content=\"1280\" \/>\n\t<meta property=\"og:image:height\" content=\"720\" \/>\n\t<meta property=\"og:image:type\" content=\"image\/jpeg\" \/>\n<meta name=\"author\" content=\"Erika Coelho\" \/>\n<meta name=\"twitter:card\" content=\"summary_large_image\" \/>\n<meta name=\"twitter:creator\" content=\"@estrategiamed_\" \/>\n<meta name=\"twitter:site\" content=\"@estrategiamed_\" \/>\n<meta name=\"twitter:label1\" content=\"Escrito por\" \/>\n\t<meta name=\"twitter:data1\" content=\"Erika Coelho\" \/>\n\t<meta name=\"twitter:label2\" content=\"Est. tempo de leitura\" \/>\n\t<meta name=\"twitter:data2\" content=\"4 minutos\" \/>\n<script type=\"application\/ld+json\" class=\"yoast-schema-graph\">{\"@context\":\"https:\/\/schema.org\",\"@graph\":[{\"@type\":\"WebPage\",\"@id\":\"https:\/\/med.estrategia.com\/portal\/maismedicos\/mais-medicos-selecao-de-tutores\/\",\"url\":\"https:\/\/med.estrategia.com\/portal\/maismedicos\/mais-medicos-selecao-de-tutores\/\",\"name\":\"Mais M\u00e9dicos divulga crit\u00e9rios para sele\u00e7\u00e3o de tutores acad\u00eamicos e supervisores\",\"isPartOf\":{\"@id\":\"https:\/\/med.estrategia.com\/portal\/#website\"},\"primaryImageOfPage\":{\"@id\":\"https:\/\/med.estrategia.com\/portal\/maismedicos\/mais-medicos-selecao-de-tutores\/#primaryimage\"},\"image\":{\"@id\":\"https:\/\/med.estrategia.com\/portal\/maismedicos\/mais-medicos-selecao-de-tutores\/#primaryimage\"},\"thumbnailUrl\":\"https:\/\/med.estrategia.com\/portal\/wp-content\/uploads\/2023\/03\/Mais-Medicos-2023.jpg\",\"datePublished\":\"2023-08-03T21:50:33+00:00\",\"dateModified\":\"2023-08-07T22:05:03+00:00\",\"author\":{\"@id\":\"https:\/\/med.estrategia.com\/portal\/#\/schema\/person\/8e7c9b2f53f2eede3b8880ad86ff20a3\"},\"description\":\"Conhe\u00e7a os crit\u00e9rios para selecionar os futuros tutores acad\u00eamicos e supervisores do programa Mais M\u00e9dicos para o Brasil.\",\"breadcrumb\":{\"@id\":\"https:\/\/med.estrategia.com\/portal\/maismedicos\/mais-medicos-selecao-de-tutores\/#breadcrumb\"},\"inLanguage\":\"pt-BR\",\"potentialAction\":[{\"@type\":\"ReadAction\",\"target\":[\"https:\/\/med.estrategia.com\/portal\/maismedicos\/mais-medicos-selecao-de-tutores\/\"]}]},{\"@type\":\"ImageObject\",\"inLanguage\":\"pt-BR\",\"@id\":\"https:\/\/med.estrategia.com\/portal\/maismedicos\/mais-medicos-selecao-de-tutores\/#primaryimage\",\"url\":\"https:\/\/med.estrategia.com\/portal\/wp-content\/uploads\/2023\/03\/Mais-Medicos-2023.jpg\",\"contentUrl\":\"https:\/\/med.estrategia.com\/portal\/wp-content\/uploads\/2023\/03\/Mais-Medicos-2023.jpg\",\"width\":1280,\"height\":720,\"caption\":\"Cr\u00e9ditos: Foto de divulga\u00e7\u00e3o\"},{\"@type\":\"BreadcrumbList\",\"@id\":\"https:\/\/med.estrategia.com\/portal\/maismedicos\/mais-medicos-selecao-de-tutores\/#breadcrumb\",\"itemListElement\":[{\"@type\":\"ListItem\",\"position\":1,\"name\":\"Home\",\"item\":\"https:\/\/med.estrategia.com\/portal\/\"},{\"@type\":\"ListItem\",\"position\":2,\"name\":\"Mais M\u00e9dicos\",\"item\":\"https:\/\/med.estrategia.com\/portal\/maismedicos\/\"},{\"@type\":\"ListItem\",\"position\":3,\"name\":\"Mais M\u00e9dicos divulga crit\u00e9rios para sele\u00e7\u00e3o de tutores acad\u00eamicos e supervisores\"}]},{\"@type\":\"WebSite\",\"@id\":\"https:\/\/med.estrategia.com\/portal\/#website\",\"url\":\"https:\/\/med.estrategia.com\/portal\/\",\"name\":\"Estrat\u00e9gia MED\",\"description\":\"\",\"potentialAction\":[{\"@type\":\"SearchAction\",\"target\":{\"@type\":\"EntryPoint\",\"urlTemplate\":\"https:\/\/med.estrategia.com\/portal\/?s={search_term_string}\"},\"query-input\":{\"@type\":\"PropertyValueSpecification\",\"valueRequired\":true,\"valueName\":\"search_term_string\"}}],\"inLanguage\":\"pt-BR\"},{\"@type\":\"Person\",\"@id\":\"https:\/\/med.estrategia.com\/portal\/#\/schema\/person\/8e7c9b2f53f2eede3b8880ad86ff20a3\",\"name\":\"Erika Coelho\",\"image\":{\"@type\":\"ImageObject\",\"inLanguage\":\"pt-BR\",\"@id\":\"https:\/\/med.estrategia.com\/portal\/#\/schema\/person\/image\/\",\"url\":\"https:\/\/secure.gravatar.com\/avatar\/2ecfdec722ceb59abe411fd3802eb2ba80fed6120b3586a61f3594fa2b0be60e?s=96&d=mm&r=g\",\"contentUrl\":\"https:\/\/secure.gravatar.com\/avatar\/2ecfdec722ceb59abe411fd3802eb2ba80fed6120b3586a61f3594fa2b0be60e?s=96&d=mm&r=g\",\"caption\":\"Erika Coelho\"},\"description\":\"Jornalista pela Universidade Presbiteriana Mackenzie, escrevo sobre educa\u00e7\u00e3o, sa\u00fade e pol\u00edticas p\u00fablicas\",\"url\":\"https:\/\/med.estrategia.com\/portal\/author\/erika\/\"}]}<\/script>\n<!-- \/ Yoast SEO Premium plugin. -->","yoast_head_json":{"title":"Mais M\u00e9dicos divulga crit\u00e9rios para sele\u00e7\u00e3o de tutores acad\u00eamicos e supervisores","description":"Conhe\u00e7a os crit\u00e9rios para selecionar os futuros tutores acad\u00eamicos e supervisores do programa Mais M\u00e9dicos para o Brasil.","robots":{"index":"index","follow":"follow","max-snippet":"max-snippet:-1","max-image-preview":"max-image-preview:large","max-video-preview":"max-video-preview:-1"},"canonical":"https:\/\/med.estrategia.com\/portal\/maismedicos\/mais-medicos-selecao-de-tutores\/","og_locale":"pt_BR","og_type":"article","og_title":"Mais M\u00e9dicos divulga crit\u00e9rios para sele\u00e7\u00e3o de tutores acad\u00eamicos e supervisores","og_description":"Conhe\u00e7a os crit\u00e9rios para selecionar os futuros tutores acad\u00eamicos e supervisores do programa Mais M\u00e9dicos para o Brasil.","og_url":"https:\/\/med.estrategia.com\/portal\/maismedicos\/mais-medicos-selecao-de-tutores\/","og_site_name":"Estrat\u00e9gia MED","article_publisher":"https:\/\/www.facebook.com\/estrategiamed1","article_published_time":"2023-08-03T21:50:33+00:00","article_modified_time":"2023-08-07T22:05:03+00:00","og_image":[{"width":1280,"height":720,"url":"https:\/\/cdn.medblog.estrategiaeducacional.com.br\/wp-content\/uploads\/2023\/03\/Mais-Medicos-2023.jpg","type":"image\/jpeg"}],"author":"Erika Coelho","twitter_card":"summary_large_image","twitter_creator":"@estrategiamed_","twitter_site":"@estrategiamed_","twitter_misc":{"Escrito por":"Erika Coelho","Est. tempo de leitura":"4 minutos"},"schema":{"@context":"https:\/\/schema.org","@graph":[{"@type":"WebPage","@id":"https:\/\/med.estrategia.com\/portal\/maismedicos\/mais-medicos-selecao-de-tutores\/","url":"https:\/\/med.estrategia.com\/portal\/maismedicos\/mais-medicos-selecao-de-tutores\/","name":"Mais M\u00e9dicos divulga crit\u00e9rios para sele\u00e7\u00e3o de tutores acad\u00eamicos e supervisores","isPartOf":{"@id":"https:\/\/med.estrategia.com\/portal\/#website"},"primaryImageOfPage":{"@id":"https:\/\/med.estrategia.com\/portal\/maismedicos\/mais-medicos-selecao-de-tutores\/#primaryimage"},"image":{"@id":"https:\/\/med.estrategia.com\/portal\/maismedicos\/mais-medicos-selecao-de-tutores\/#primaryimage"},"thumbnailUrl":"https:\/\/med.estrategia.com\/portal\/wp-content\/uploads\/2023\/03\/Mais-Medicos-2023.jpg","datePublished":"2023-08-03T21:50:33+00:00","dateModified":"2023-08-07T22:05:03+00:00","author":{"@id":"https:\/\/med.estrategia.com\/portal\/#\/schema\/person\/8e7c9b2f53f2eede3b8880ad86ff20a3"},"description":"Conhe\u00e7a os crit\u00e9rios para selecionar os futuros tutores acad\u00eamicos e supervisores do programa Mais M\u00e9dicos para o Brasil.","breadcrumb":{"@id":"https:\/\/med.estrategia.com\/portal\/maismedicos\/mais-medicos-selecao-de-tutores\/#breadcrumb"},"inLanguage":"pt-BR","potentialAction":[{"@type":"ReadAction","target":["https:\/\/med.estrategia.com\/portal\/maismedicos\/mais-medicos-selecao-de-tutores\/"]}]},{"@type":"ImageObject","inLanguage":"pt-BR","@id":"https:\/\/med.estrategia.com\/portal\/maismedicos\/mais-medicos-selecao-de-tutores\/#primaryimage","url":"https:\/\/med.estrategia.com\/portal\/wp-content\/uploads\/2023\/03\/Mais-Medicos-2023.jpg","contentUrl":"https:\/\/med.estrategia.com\/portal\/wp-content\/uploads\/2023\/03\/Mais-Medicos-2023.jpg","width":1280,"height":720,"caption":"Cr\u00e9ditos: Foto de divulga\u00e7\u00e3o"},{"@type":"BreadcrumbList","@id":"https:\/\/med.estrategia.com\/portal\/maismedicos\/mais-medicos-selecao-de-tutores\/#breadcrumb","itemListElement":[{"@type":"ListItem","position":1,"name":"Home","item":"https:\/\/med.estrategia.com\/portal\/"},{"@type":"ListItem","position":2,"name":"Mais M\u00e9dicos","item":"https:\/\/med.estrategia.com\/portal\/maismedicos\/"},{"@type":"ListItem","position":3,"name":"Mais M\u00e9dicos divulga crit\u00e9rios para sele\u00e7\u00e3o de tutores acad\u00eamicos e supervisores"}]},{"@type":"WebSite","@id":"https:\/\/med.estrategia.com\/portal\/#website","url":"https:\/\/med.estrategia.com\/portal\/","name":"Estrat\u00e9gia MED","description":"","potentialAction":[{"@type":"SearchAction","target":{"@type":"EntryPoint","urlTemplate":"https:\/\/med.estrategia.com\/portal\/?s={search_term_string}"},"query-input":{"@type":"PropertyValueSpecification","valueRequired":true,"valueName":"search_term_string"}}],"inLanguage":"pt-BR"},{"@type":"Person","@id":"https:\/\/med.estrategia.com\/portal\/#\/schema\/person\/8e7c9b2f53f2eede3b8880ad86ff20a3","name":"Erika Coelho","image":{"@type":"ImageObject","inLanguage":"pt-BR","@id":"https:\/\/med.estrategia.com\/portal\/#\/schema\/person\/image\/","url":"https:\/\/secure.gravatar.com\/avatar\/2ecfdec722ceb59abe411fd3802eb2ba80fed6120b3586a61f3594fa2b0be60e?s=96&d=mm&r=g","contentUrl":"https:\/\/secure.gravatar.com\/avatar\/2ecfdec722ceb59abe411fd3802eb2ba80fed6120b3586a61f3594fa2b0be60e?s=96&d=mm&r=g","caption":"Erika Coelho"},"description":"Jornalista pela Universidade Presbiteriana Mackenzie, escrevo sobre educa\u00e7\u00e3o, sa\u00fade e pol\u00edticas p\u00fablicas","url":"https:\/\/med.estrategia.com\/portal\/author\/erika\/"}]}},"_links":{"self":[{"href":"https:\/\/med.estrategia.com\/portal\/wp-json\/wp\/v2\/posts\/43911","targetHints":{"allow":["GET"]}}],"collection":[{"href":"https:\/\/med.estrategia.com\/portal\/wp-json\/wp\/v2\/posts"}],"about":[{"href":"https:\/\/med.estrategia.com\/portal\/wp-json\/wp\/v2\/types\/post"}],"author":[{"embeddable":true,"href":"https:\/\/med.estrategia.com\/portal\/wp-json\/wp\/v2\/users\/22"}],"replies":[{"embeddable":true,"href":"https:\/\/med.estrategia.com\/portal\/wp-json\/wp\/v2\/comments?post=43911"}],"version-history":[{"count":5,"href":"https:\/\/med.estrategia.com\/portal\/wp-json\/wp\/v2\/posts\/43911\/revisions"}],"predecessor-version":[{"id":44186,"href":"https:\/\/med.estrategia.com\/portal\/wp-json\/wp\/v2\/posts\/43911\/revisions\/44186"}],"wp:featuredmedia":[{"embeddable":true,"href":"https:\/\/med.estrategia.com\/portal\/wp-json\/wp\/v2\/media\/38066"}],"wp:attachment":[{"href":"https:\/\/med.estrategia.com\/portal\/wp-json\/wp\/v2\/media?parent=43911"}],"wp:term":[{"taxonomy":"category","embeddable":true,"href":"https:\/\/med.estrategia.com\/portal\/wp-json\/wp\/v2\/categories?post=43911"},{"taxonomy":"post_tag","embeddable":true,"href":"https:\/\/med.estrategia.com\/portal\/wp-json\/wp\/v2\/tags?post=43911"}],"curies":[{"name":"wp","href":"https:\/\/api.w.org\/{rel}","templated":true}]}}